{"id":6116,"date":"2025-01-31T16:00:56","date_gmt":"2025-01-31T16:00:56","guid":{"rendered":"https:\/\/undetectable.ai/blog\/?p=6116"},"modified":"2026-01-19T19:15:57","modified_gmt":"2026-01-19T19:15:57","slug":"jak-napsat-poznamku","status":"publish","type":"post","link":"https:\/\/undetectable.ai/blog\/cs\/jak-napsat-poznamku\/","title":{"rendered":"Jak napsat pozn\u00e1mku: Jak na strukturu, tipy a p\u0159\u00edklady"},"content":{"rendered":"<p>Nikdo se neprobud\u00ed nad\u0161en\u00fd, \u017ee m\u016f\u017ee napsat pozn\u00e1mku. <\/p>\n\n\n\n<p>Ale p\u0159iznejme si, \u017ee n\u011bkdy prost\u011b pot\u0159ebujete rychle a jasn\u011b sd\u011blit d\u016fle\u017eit\u00e9 informace. <\/p>\n\n\n\n<p>A\u0165 u\u017e oznamujete nov\u00e9 z\u00e1sady, aktualizujete sv\u016fj t\u00fdm nebo upozor\u0148ujete na chystanou zm\u011bnu, memo je jednoduch\u00e9: \u017e\u00e1dn\u00e9 e-maily, \u017e\u00e1dn\u00e9 zbyte\u010dn\u00e9 sch\u016fzky, jen komunikace p\u0159\u00edmo k v\u011bci.<\/p>\n\n\n\n<p>Dobr\u00e1 zpr\u00e1va? Psan\u00ed pozn\u00e1mek nemus\u00ed b\u00fdt slo\u017eit\u00e9. <\/p>\n\n\n\n<p>D\u00edky spr\u00e1vn\u00e9 struktu\u0159e a n\u011bkolika chytr\u00fdm \u00faprav\u00e1m m\u016f\u017eete zajistit, \u017ee va\u0161e sd\u011blen\u00ed bude p\u0159e\u010dteno, pochopeno a bude na n\u011bj reagov\u00e1no - ani\u017e by se n\u011bkdo v polovin\u011b odml\u010del.<\/p>\n\n\n\n<p>Rozebereme si to.<\/p>\n\n\n\n<h2 class=\"wp-block-heading\"><strong>Co je to pozn\u00e1mka?<\/strong><\/h2>\n\n\n\n<p>Memo (zkratka pro memorandum) je kr\u00e1tk\u00fd strukturovan\u00fd dokument, kter\u00fd se pou\u017e\u00edv\u00e1 pro <a href=\"https:\/\/www.indeed.com\/career-advice\/career-development\/communication-internal\" target=\"_blank\" rel=\"noreferrer noopener\">intern\u00ed komunikace<\/a> v podniku nebo organizaci. <\/p>\n\n\n\n<p>Na rozd\u00edl od e-mail\u016f, kter\u00e9 mohou b\u00fdt neform\u00e1ln\u00ed nebo konverza\u010dn\u00ed, maj\u00ed b\u00fdt pozn\u00e1mky jasn\u00e9, p\u0159\u00edm\u00e9 a v\u00fdsti\u017en\u00e9 - ide\u00e1ln\u00ed pro sd\u00edlen\u00ed d\u016fle\u017eit\u00fdch novinek, z\u00e1sad nebo pokyn\u016f bez zbyte\u010dn\u00fdch kec\u016f.<\/p>\n\n\n\n<p>Berte to jako profesion\u00e1ln\u00ed verzi \"Hej, v\u0161ichni, tady je to, co se d\u011bje\". <\/p>\n\n\n\n<p>A\u0165 u\u017e jde o sd\u011blen\u00ed vedouc\u00edho t\u00fdmu, person\u00e1ln\u00edho odd\u011blen\u00ed zam\u011bstnanc\u016fm nebo veden\u00ed cel\u00e9 spole\u010dnosti, d\u00edky memorand\u016fm jsou v\u0161ichni na stejn\u00e9 vln\u011b.<\/p>\n\n\n\n<h3 class=\"wp-block-heading\"><strong>Kdy pou\u017e\u00edt pozn\u00e1mku<\/strong><\/h3>\n\n\n<div class=\"wp-block-image\">\n<figure class=\"aligncenter size-full\"><img loading=\"lazy\" decoding=\"async\" width=\"626\" height=\"417\" src=\"https:\/\/undetectable.ai/blog\/wp-content\/uploads\/2025\/01\/when-memo.jpg\" alt=\"\" class=\"wp-image-6126\" title=\"\" srcset=\"https:\/\/undetectable.ai/blog\/wp-content\/uploads\/2025\/01\/when-memo.jpg 626w, https:\/\/undetectable.ai/blog\/wp-content\/uploads\/2025\/01\/when-memo-300x200.jpg 300w, https:\/\/undetectable.ai/blog\/wp-content\/uploads\/2025\/01\/when-memo-18x12.jpg 18w\" sizes=\"auto, (max-width: 626px) 100vw, 626px\" \/><\/figure><\/div>\n\n\n<p>Memoranda se nejl\u00e9pe hod\u00ed, kdy\u017e pot\u0159ebujete strukturovan\u00fdm zp\u016fsobem sd\u011blit d\u016fle\u017eit\u00e9 informace skupin\u011b lid\u00ed. Memo m\u016f\u017eete pou\u017e\u00edt, kdy\u017e:<\/p>\n\n\n\n<ul class=\"wp-block-list\">\n<li><strong>Ozn\u00e1men\u00ed o zm\u011bn\u011b z\u00e1sad spole\u010dnosti<\/strong> (nap\u0159\u00edklad nov\u00e9 pokyny pro pr\u00e1ci z domova)<\/li>\n\n\n\n<li><strong>Poskytov\u00e1n\u00ed aktu\u00e1ln\u00edch informac\u00ed o projektu nebo iniciativ\u011b<\/strong><\/li>\n\n\n\n<li><strong>Vymezen\u00ed postup\u016f nebo pokyn\u016f<\/strong><\/li>\n\n\n\n<li><strong>Intern\u00ed ozn\u00e1men\u00ed spole\u010dnosti<\/strong><\/li>\n\n\n\n<li><strong>\u0158e\u0161en\u00ed probl\u00e9mu, kter\u00fd vy\u017eaduje okam\u017eitou pozornost<\/strong><\/li>\n<\/ul>\n\n\n\n<p>Pokud je va\u0161e zpr\u00e1va form\u00e1ln\u00ed, je t\u0159eba ji zdokumentovat nebo se t\u00fdk\u00e1 v\u00edce p\u0159\u00edjemc\u016f, je vhodn\u00e9 pou\u017e\u00edt memorandum. Pokud se jedn\u00e1 o rychlou, neform\u00e1ln\u00ed kontrolu, m\u016f\u017ee sta\u010dit e-mail nebo zpr\u00e1va na chatu.<\/p>\n\n\n\n<p>Te\u010f, kdy\u017e v\u00edte. <em>kdy\u017e<\/em> pou\u017e\u00edvat memo, poj\u010fme si \u0159\u00edct, jak spr\u00e1vn\u011b strukturovat memo.<\/p>\n\n\n<div class=\"wp-block-image\">\n<figure class=\"aligncenter size-large\"><img loading=\"lazy\" decoding=\"async\" width=\"1024\" height=\"446\" src=\"https:\/\/undetectable.ai/blog\/wp-content\/uploads\/2025\/12\/AI-Sentence-Rewriter-1024x446.jpg\" alt=\"Sn\u00edmek obrazovky n\u00e1stroje AI Sentence Rewriter\" class=\"wp-image-19129\" title=\"\" srcset=\"https:\/\/undetectable.ai/blog\/wp-content\/uploads\/2025\/12\/AI-Sentence-Rewriter-1024x446.jpg 1024w, https:\/\/undetectable.ai/blog\/wp-content\/uploads\/2025\/12\/AI-Sentence-Rewriter-300x131.jpg 300w, https:\/\/undetectable.ai/blog\/wp-content\/uploads\/2025\/12\/AI-Sentence-Rewriter-768x335.jpg 768w, https:\/\/undetectable.ai/blog\/wp-content\/uploads\/2025\/12\/AI-Sentence-Rewriter-18x8.jpg 18w, https:\/\/undetectable.ai/blog\/wp-content\/uploads\/2025\/12\/AI-Sentence-Rewriter.jpg 1202w\" sizes=\"auto, (max-width: 1024px) 100vw, 1024px\" \/><\/figure><\/div>\n\n\n<blockquote class=\"wp-block-quote is-layout-flow wp-block-quote-is-layout-flow\">\n<p>Pokud se v\u00e1m zd\u00e1 v\u00e1\u0161 prvn\u00ed n\u00e1vrh p\u0159\u00edli\u0161 stroh\u00fd nebo heslovit\u00fd, na\u0161e nedetekovateln\u00e1 um\u011bl\u00e1 inteligence <a href=\"https:\/\/undetectable.ai\/sentence-rewriter\" target=\"_blank\" rel=\"noreferrer noopener\">P\u0159episova\u010d v\u011bt<\/a> v\u00e1m pom\u016f\u017ee naj\u00edt dokonalou rovnov\u00e1hu mezi profesion\u00e1ln\u00ed autoritou a lidsk\u00fdm p\u0159\u00edstupem.<\/p>\n\n\n\n<p>Zjednodu\u0161uje proces vyhlazov\u00e1n\u00ed nep\u0159\u00edjemn\u00fdch p\u0159echod\u016f a pom\u00e1h\u00e1 v\u00e1m spl\u00e9st hlavn\u00ed body do ucelen\u00e9ho vypr\u00e1v\u011bn\u00ed, kter\u00e9 vytv\u00e1\u0159\u00ed d\u016fv\u011bryhodnost a eliminuje pot\u0159ebu dopl\u0148uj\u00edc\u00edch ot\u00e1zek.<\/p>\n<\/blockquote>\n\n\n\n<h2 class=\"wp-block-heading\"><strong>Kl\u00ed\u010dov\u00e9 prvky memoranda<\/strong><\/h2>\n\n\n\n<p>Skv\u011bl\u00e1 zpr\u00e1va nen\u00ed jen o tom, co \u0159eknete, ale tak\u00e9 o tom, jak ji strukturujete.&nbsp;<\/p>\n\n\n\n<p>P\u0159ehlednost, uspo\u0159\u00e1danost a snadn\u00e9 p\u0159e\u010dten\u00ed zajist\u00ed, \u017ee va\u0161e zpr\u00e1va bude skute\u010dn\u011b p\u0159e\u010dtena (a nebude ignorov\u00e1na ve schr\u00e1nce pln\u00e9 jin\u00fdch v\u011bc\u00ed).&nbsp;<\/p>\n\n\n\n<p>Tady je, co by m\u011bla obsahovat ka\u017ed\u00e1 zpr\u00e1va:<\/p>\n\n\n\n<h3 class=\"wp-block-heading\">1. Z\u00e1hlav\u00ed (Komu, Od, Datum, P\u0159edm\u011bt)<\/h3>\n\n\n\n<p>Za\u010dn\u011bte od z\u00e1klad\u016f. Ka\u017ed\u00e1 zpr\u00e1va by m\u011bla obsahovat:<\/p>\n\n\n\n<ul class=\"wp-block-list\">\n<li><strong>Pro:<\/strong> Pro koho je tato zpr\u00e1va ur\u010dena? (T\u00fdm, odd\u011blen\u00ed nebo cel\u00e1 spole\u010dnost)<br><strong>Od:<\/strong> Kdo ji pos\u00edl\u00e1? (Va\u0161e jm\u00e9no a pracovn\u00ed pozice)<br><strong>Datum:<\/strong> Kdy\u017e bylo naps\u00e1no<br><strong>P\u0159edm\u011bt: Zpracov\u00e1n\u00ed informac\u00ed o projektu, kter\u00fd se uskute\u010dnil v roce 2012, a o jeho v\u00fdsledc\u00edch:<\/strong> Kr\u00e1tk\u00fd a konkr\u00e9tn\u00ed n\u00e1zev, kter\u00fd \u010dten\u00e1\u0159i okam\u017eit\u011b napov\u00ed, o \u010dem pozn\u00e1mka je.<\/li>\n<\/ul>\n\n\n\n<p><strong>P\u0159\u00edklad:<\/strong><strong><br><\/strong><strong>Pro:<\/strong> V\u0161ichni zam\u011bstnanci<br><strong>Od:<\/strong> Jane Doe, mana\u017eerka lidsk\u00fdch zdroj\u016f<br><strong>Datum:<\/strong> 1. \u00fanora 2025<br><strong>P\u0159edm\u011bt: Zpracov\u00e1n\u00ed informac\u00ed o projektu, kter\u00fd se uskute\u010dnil v roce 2012, a o jeho v\u00fdsledc\u00edch:<\/strong> Nov\u00e9 z\u00e1sady pr\u00e1ce na d\u00e1lku<\/p>\n\n\n\n<h3 class=\"wp-block-heading\">2. \u00davodn\u00ed prohl\u00e1\u0161en\u00ed (\u00fa\u010del memoranda)<\/h3>\n\n\n\n<p>P\u0159ejd\u011bte rovnou k v\u011bci. V prvn\u00ed v\u011bt\u011b, <strong>\u0159\u00edct lidem, pro\u010d to \u010dtou.<\/strong> Toto nen\u00ed m\u00edsto pro dlouh\u00e9 \u00favody - sta\u010d\u00ed, kdy\u017e bude jasn\u00e9. <strong>\"Tady je, o \u010dem to je\"<\/strong> prohl\u00e1\u0161en\u00ed.<\/p>\n\n\n\n<p><strong>P\u0159\u00edklad:<\/strong><strong><br><\/strong><em>\"Tato zpr\u00e1va popisuje aktualizovan\u00e9 z\u00e1sady spole\u010dnosti t\u00fdkaj\u00edc\u00ed se pr\u00e1ce na d\u00e1lku, kter\u00e9 vstoup\u00ed v platnost 1. b\u0159ezna 2025.\"<\/em><\/p>\n\n\n\n<h3 class=\"wp-block-heading\">3. T\u011blo (podrobnosti a podp\u016frn\u00e9 informace)<\/h3>\n\n\n\n<p>Zde je m\u00edsto, kde m\u016f\u017eete <strong>uve\u010fte podrobnosti<\/strong>. V z\u00e1vislosti na t\u00e9matu m\u016f\u017ee tato \u010d\u00e1st obsahovat:<\/p>\n\n\n\n<ul class=\"wp-block-list\">\n<li>Na str\u00e1nk\u00e1ch <strong>kdo, co, kdy, kde a pro\u010d<\/strong> ozn\u00e1men\u00ed<\/li>\n\n\n\n<li><strong>Kl\u00ed\u010dov\u00e1 data, term\u00edny nebo pokyny<\/strong><\/li>\n\n\n\n<li>Ve\u0161ker\u00e9 pot\u0159ebn\u00e9 <strong>z\u00e1kladn\u00ed informace nebo zd\u016fvodn\u011bn\u00ed<\/strong><\/li>\n<\/ul>\n\n\n\n<p><a href=\"https:\/\/undetectable.ai\/blog\/how-to-shorten-a-sentence\/\" target=\"_blank\" rel=\"noreferrer noopener\">Kr\u00e1tk\u00e9 v\u011bty<\/a>, v p\u0159\u00edpad\u011b pot\u0159eby pou\u017e\u00edvejte odr\u00e1\u017eky a uv\u00e1d\u011bjte pouze d\u016fle\u017eit\u00e9 podrobnosti - nikdo se nechce prokous\u00e1vat odstavci textu, aby na\u0161el hlavn\u00ed my\u0161lenku.<\/p>\n\n\n\n<p><strong>P\u0159\u00edklad:<\/strong><strong><br><\/strong><em>\"Od 1. b\u0159ezna budou zam\u011bstnanci povinni pracovat v kancel\u00e1\u0159i alespo\u0148 dva dny v t\u00fddnu. C\u00edlem je zachovat flexibilitu a z\u00e1rove\u0148 podpo\u0159it spolupr\u00e1ci. T\u00fdmy si mohou dny v kancel\u00e1\u0159i koordinovat podle pot\u0159eb odd\u011blen\u00ed.\"<\/em><\/p>\n\n\n\n<h3 class=\"wp-block-heading\">4. V\u00fdzva k akci (dal\u0161\u00ed kroky nebo doporu\u010den\u00ed)<\/h3>\n\n\n\n<p>Co by m\u011bli lid\u00e9 <strong>do<\/strong> po p\u0159e\u010dten\u00ed tohoto \u010dl\u00e1nku? A\u0165 u\u017e se jedn\u00e1 o sledov\u00e1n\u00ed nov\u00e9ho procesu, \u00fa\u010dast na sch\u016fzce nebo dotazy, <a href=\"https:\/\/undetectable.ai\/blog\/how-to-write-a-call-to-action-conclusion\/\" target=\"_blank\" rel=\"noreferrer noopener\">jasn\u011b to vyslovit<\/a>.<\/p>\n\n\n\n<p><strong>P\u0159\u00edklad:<\/strong><strong><br><\/strong><em>\"Mana\u017ee\u0159i by m\u011bli se sv\u00fdmi t\u00fdmy do 15. \u00fanora dokon\u010dit rozvrhy v kancel\u00e1\u0159\u00edch. V p\u0159\u00edpad\u011b dotaz\u016f se obra\u0165te na person\u00e1ln\u00ed odd\u011blen\u00ed.\"<\/em><\/p>\n\n\n\n<h3 class=\"wp-block-heading\">5. Z\u00e1v\u011bre\u010dn\u00e9 pozn\u00e1mky (nepovinn\u00e9)<\/h3>\n\n\n\n<p>Ne ka\u017ed\u00e1 pozn\u00e1mka pot\u0159ebuje uz\u00e1v\u011brku, ale pokud chcete. <strong>ukon\u010dit pozitivn\u011b<\/strong>, m\u016f\u017ee pomoci i prost\u00e9 pod\u011bkov\u00e1n\u00ed nebo pod\u011bkov\u00e1n\u00ed.<\/p>\n\n\n\n<p><strong>P\u0159\u00edklad:<\/strong><strong><br><\/strong><em>\"D\u011bkujeme v\u00e1m za va\u0161i flexibilitu p\u0159i dal\u0161\u00edm zlep\u0161ov\u00e1n\u00ed na\u0161ich pracovn\u00edch z\u00e1sad. Oce\u0148ujeme va\u0161e odhodl\u00e1n\u00ed spolupracovat a b\u00fdt \u00fasp\u011b\u0161n\u00ed.\"<\/em><\/p>\n\n\n\n<h2 class=\"wp-block-heading\">Pr\u016fvodce krok za krokem pro psan\u00ed memoranda<\/h2>\n\n\n\n<p>Zde je n\u00e1vod, jak to ud\u011blat rychle a bez p\u0159em\u00fd\u0161len\u00ed.<\/p>\n\n\n\n<h3 class=\"wp-block-heading\">Krok 1: Definujte \u00fa\u010del<\/h3>\n\n\n\n<p>Pokud nev\u00edte. <em>p\u0159esn\u011b<\/em> pro\u010d p\u00ed\u0161ete tuto zpr\u00e1vu, nebude to v\u011bd\u011bt ani v\u00e1\u0161 \u010dten\u00e1\u0159.&nbsp;<\/p>\n\n\n\n<p>Jak\u00e9 je hlavn\u00ed sd\u011blen\u00ed? Pokud ji nedok\u00e1\u017eete shrnout do jedn\u00e9 v\u011bty, p\u0159ehodno\u0165te sv\u016fj p\u0159\u00edstup.<\/p>\n\n\n\n<h3 class=\"wp-block-heading\">Krok 2: Identifikace publika<\/h3>\n\n\n\n<p>Kdo to \u010dte? Zp\u016fsob formulace se m\u011bn\u00ed podle toho, zda se obrac\u00edte na veden\u00ed, t\u00fdm nebo celou spole\u010dnost.&nbsp;<\/p>\n\n\n\n<p>P\u0159izp\u016fsobte svou zpr\u00e1vu tak, aby byla ur\u010dena p\u0159\u00edmo lidem, kte\u0159\u00ed se j\u00ed mus\u00ed \u0159\u00eddit.<\/p>\n\n\n\n<h3 class=\"wp-block-heading\">Krok 3: Napi\u0161te memorandum&nbsp;<\/h3>\n\n\n\n<p>M\u00edsto toho, abyste za\u010d\u00ednali od nuly, nechte na\u0161e <a href=\"https:\/\/undetectable.ai\/ai-chat\" target=\"_blank\" rel=\"noreferrer noopener\"><strong>AI Chat<\/strong><\/a> d\u011blat t\u011b\u017ekou pr\u00e1ci. Sta\u010d\u00ed zadat jednoduchou v\u00fdzvu, nap\u0159\u00edklad:<\/p>\n\n\n\n<ul class=\"wp-block-list\">\n<li><em>\"Napi\u0161te profesion\u00e1ln\u00ed memorandum, ve kter\u00e9m ozn\u00e1m\u00edte nov\u00e9 z\u00e1sady pr\u00e1ce na d\u00e1lku.\"<\/em><\/li>\n\n\n\n<li><em>\"Vypracujte memorandum pro t\u00fdmovou aktualizaci nadch\u00e1zej\u00edc\u00edho term\u00ednu projektu.\"<\/em><\/li>\n\n\n\n<li><em>\"Vytvo\u0159te pozn\u00e1mku o aktualizac\u00edch zabezpe\u010den\u00ed kancel\u00e1\u0159e pro zam\u011bstnance.\"<\/em><\/li>\n<\/ul>\n\n\n\n<p>AI Chat v\u00e1m b\u011bhem n\u011bkolika sekund vytvo\u0159\u00ed strukturovan\u00fd a dob\u0159e napsan\u00fd n\u00e1vrh, kter\u00fd v\u00e1m u\u0161et\u0159\u00ed \u010das a n\u00e1mahu.<\/p>\n\n\n\n<p>Pod\u00edvejte se na to:<\/p>\n\n\n\n<figure class=\"wp-block-image size-large\"><img loading=\"lazy\" decoding=\"async\" width=\"1024\" height=\"527\" src=\"https:\/\/undetectable.ai/blog\/wp-content\/uploads\/2025\/01\/Screenshot-2025-01-31-at-10.34.36-1024x527.jpg\" alt=\"memo\" class=\"wp-image-6122\" title=\"\" srcset=\"https:\/\/undetectable.ai/blog\/wp-content\/uploads\/2025\/01\/Screenshot-2025-01-31-at-10.34.36-1024x527.jpg 1024w, https:\/\/undetectable.ai/blog\/wp-content\/uploads\/2025\/01\/Screenshot-2025-01-31-at-10.34.36-300x154.jpg 300w, https:\/\/undetectable.ai/blog\/wp-content\/uploads\/2025\/01\/Screenshot-2025-01-31-at-10.34.36-768x395.jpg 768w, https:\/\/undetectable.ai/blog\/wp-content\/uploads\/2025\/01\/Screenshot-2025-01-31-at-10.34.36-1536x791.jpg 1536w, https:\/\/undetectable.ai/blog\/wp-content\/uploads\/2025\/01\/Screenshot-2025-01-31-at-10.34.36-2048x1054.jpg 1990w, https:\/\/undetectable.ai/blog\/wp-content\/uploads\/2025\/01\/Screenshot-2025-01-31-at-10.34.36-18x9.jpg 18w, https:\/\/undetectable.ai/blog\/wp-content\/uploads\/2025\/01\/Screenshot-2025-01-31-at-10.34.36-scaled.jpg 1989w\" sizes=\"auto, (max-width: 1024px) 100vw, 1024px\" \/><\/figure>\n\n\n\n<h3 class=\"wp-block-heading\">Krok 4: Zp\u0159esn\u011bn\u00ed a p\u0159izp\u016fsoben\u00ed<\/h3>\n\n\n\n<p>AI Chat v\u00e1m poskytuje siln\u00fd v\u00fdchoz\u00ed bod, ale <strong>nekop\u00edrujte a nevkl\u00e1dejte<\/strong>.&nbsp;<\/p>\n\n\n\n<p>P\u0159e\u010dt\u011bte si pozn\u00e1mku a upravte ji tak, aby odpov\u00eddala va\u0161emu t\u00f3nu, p\u0159idejte detaily specifick\u00e9 pro va\u0161i spole\u010dnost a zajist\u011bte, aby p\u016fsobila autenticky pro v\u00e1\u0161 t\u00fdm.<\/p>\n\n\n\n<h3 class=\"wp-block-heading\">Krok 5: Zlid\u0161t\u011bn\u00ed kone\u010dn\u00e9 verze<\/h3>\n\n\n\n<p>I s um\u011blou inteligenc\u00ed by m\u011bly pozn\u00e1mky p\u016fsobit lidsky a p\u0159irozen\u011b.<\/p>\n\n\n\n<p>Vlo\u017ete kone\u010dn\u00fd n\u00e1vrh do <strong><a href=\"https:\/\/undetectable.ai\/ai-humanizer\" target=\"_blank\" rel=\"noreferrer noopener\">AI Humanizer<\/a><\/strong> abyste odstranili p\u0159\u00edpadn\u00e9 robotick\u00e9 fr\u00e1ze a ujistili se, \u017ee je to n\u011bco, co byste skute\u010dn\u011b poslali.<\/p>\n\n\n\n<p>Prozkoumejte n\u00e1\u0161 detektor um\u011bl\u00e9 inteligence a n\u00e1stroj Humanizer pomoc\u00ed widgetu n\u00ed\u017ee!<\/p>\n\n\n\n<div id=\"uai-widget\" data-affiliate-link=\"https:\/\/undetectable.ai\/?_by=hi4km\"><script>var js = document.createElement(\"script\");js.async = true;js.src = \"https:\/\/widget.undetectable.ai\/js\/widget-loader.js?t=\"+Date.now();document.getElementsByTagName(\"head\")[0].appendChild(js);<\/script><\/div>\n\n\n\n<h2 class=\"wp-block-heading\">P\u0159\u00edklady \u00fa\u010dinn\u00fdch memorand<\/h2>\n\n\n\n<p>Pot\u0159ebujete pozn\u00e1mku, ale nechcete za\u010d\u00ednat od nuly?&nbsp;<\/p>\n\n\n\n<p>Zde jsou \u010dty\u0159i p\u0159ipraven\u00e9 p\u0159\u00edklady, kter\u00e9 m\u016f\u017eete upravit a odeslat.<\/p>\n\n\n\n<h3 class=\"wp-block-heading\">P\u0159\u00edklad 1: Aktualizace intern\u00edch z\u00e1sad<\/h3>\n\n\n\n<p><strong>Sc\u00e9n\u00e1\u0159:<\/strong> Va\u0161e spole\u010dnost aktualizuje z\u00e1sady pr\u00e1ce na d\u00e1lku a zam\u011bstnanci o tom mus\u00ed b\u00fdt informov\u00e1ni.<\/p>\n\n\n\n<p><strong>Pro:<\/strong> V\u0161ichni zam\u011bstnanci<br><strong>Od:<\/strong> [Va\u0161e jm\u00e9no], person\u00e1ln\u00ed mana\u017eer<br><strong>Datum:<\/strong> [Dne\u0161n\u00ed datum]<br><strong>P\u0159edm\u011bt: Zpracov\u00e1n\u00ed informac\u00ed o projektu, kter\u00fd se uskute\u010dnil v roce 2012, a o jeho v\u00fdsledc\u00edch:<\/strong> Aktualizovan\u00e9 z\u00e1sady pr\u00e1ce na d\u00e1lku - \u00fa\u010dinnost [datum]<\/p>\n\n\n\n<p>Od [datum] aktualizujeme na\u0161e z\u00e1sady pr\u00e1ce na d\u00e1lku, abychom zam\u011bstnanc\u016fm umo\u017enili pracovat z domova a\u017e t\u0159i dny v t\u00fddnu.&nbsp;<\/p>\n\n\n\n<p>Tato zm\u011bna vych\u00e1z\u00ed ze zp\u011btn\u00e9 vazby od zam\u011bstnanc\u016f a na\u0161eho z\u00e1vazku zachovat flexibilitu a z\u00e1rove\u0148 podporovat osobn\u00ed spolupr\u00e1ci.<\/p>\n\n\n\n<p><strong>Kl\u00ed\u010dov\u00e9 \u00fadaje:<\/strong><\/p>\n\n\n\n<ul class=\"wp-block-list\">\n<li>Zam\u011bstnanci mus\u00ed koordinovat sv\u00e9 vzd\u00e1len\u00e9 dny se sv\u00fdmi vedouc\u00edmi.<\/li>\n\n\n\n<li>P\u0159\u00edtomnost v kancel\u00e1\u0159i je nutn\u00e1 pro t\u00fdmov\u00e9 sch\u016fzky a kl\u00ed\u010dov\u00e1 jedn\u00e1n\u00ed o spolupr\u00e1ci.<\/li>\n\n\n\n<li>V\u0161echny dohody o pr\u00e1ci na d\u00e1lku by m\u011bly b\u00fdt dokon\u010deny s person\u00e1ln\u00edm odd\u011blen\u00edm do [term\u00edn].<\/li>\n<\/ul>\n\n\n\n<p>V p\u0159\u00edpad\u011b jak\u00fdchkoli dotaz\u016f se obra\u0165te na person\u00e1ln\u00ed odd\u011blen\u00ed na adrese [Kontaktn\u00ed \u00fadaje]. D\u011bkujeme v\u00e1m za va\u0161i p\u0159izp\u016fsobivost p\u0159i dal\u0161\u00edm zlep\u0161ov\u00e1n\u00ed na\u0161ich z\u00e1sad na pracovi\u0161ti.<\/p>\n\n\n\n<h3 class=\"wp-block-heading\">P\u0159\u00edklad 2: Memo o stavu projektu<\/h3>\n\n\n\n<p><strong>Sc\u00e9n\u00e1\u0159:<\/strong> V\u00e1\u0161 t\u00fdm pot\u0159ebuje rychlou informaci o pr\u016fb\u011bhu velk\u00e9ho projektu.<\/p>\n\n\n\n<p><strong>Pro:<\/strong> Projektov\u00fd t\u00fdm<br><strong>Od:<\/strong> [Va\u0161e jm\u00e9no], projektov\u00fd mana\u017eer<br><strong>Datum:<\/strong> [Dne\u0161n\u00ed datum]<br><strong>P\u0159edm\u011bt: Zpracov\u00e1n\u00ed informac\u00ed o projektu, kter\u00fd se uskute\u010dnil v roce 2012, a o jeho v\u00fdsledc\u00edch:<\/strong> Aktualizace stavu projektu X - dokon\u010den\u00ed 2. f\u00e1ze<\/p>\n\n\n\n<p>R\u00e1di se s v\u00e1mi pod\u011bl\u00edme o to, \u017ee <strong>Druh\u00e1 f\u00e1ze projektu X je nyn\u00ed dokon\u010dena a jsme na dobr\u00e9 cest\u011b p\u0159ej\u00edt do t\u0159et\u00ed f\u00e1ze do [datum].<\/strong><\/p>\n\n\n\n<p><strong>Ned\u00e1vn\u00fd pokrok:<\/strong><\/p>\n\n\n\n<ul class=\"wp-block-list\">\n<li>V\u00fdvojov\u00fd t\u00fdm dokon\u010dil z\u00e1kladn\u00ed funkce.<\/li>\n\n\n\n<li>Marketingov\u00fd t\u00fdm dokon\u010dil \u00favodn\u00ed n\u00e1vrh kampan\u011b.<\/li>\n\n\n\n<li>Testov\u00e1n\u00ed QA prob\u00edh\u00e1 a bude dokon\u010deno do [datum].<\/li>\n<\/ul>\n\n\n\n<p><strong>Dal\u0161\u00ed kroky:<\/strong><\/p>\n\n\n\n<ul class=\"wp-block-list\">\n<li>Z\u00e1v\u011bre\u010dn\u00e9 testov\u00e1n\u00ed a kontrola budou dokon\u010deny do [term\u00edn].<\/li>\n\n\n\n<li>Zahajovac\u00ed sch\u016fzka pro f\u00e1zi 3 je napl\u00e1nov\u00e1na na [datum\/\u010das sch\u016fzky].<\/li>\n<\/ul>\n\n\n\n<p>Pokud m\u00e1te n\u011bjak\u00e9 p\u0159ek\u00e1\u017eky nebo pot\u0159ebujete dal\u0161\u00ed podporu, obra\u0165te se na m\u011b nebo na vedouc\u00edho sv\u00e9ho t\u00fdmu.<\/p>\n\n\n\n<h3 class=\"wp-block-heading\">P\u0159\u00edklad 3: P\u0159ipom\u00ednka sch\u016fzky<\/h3>\n\n\n\n<p><strong>Sc\u00e9n\u00e1\u0159:<\/strong> Bl\u00ed\u017e\u00ed se sch\u016fzka cel\u00e9ho odd\u011blen\u00ed a vy chcete zajistit, aby se j\u00ed v\u0161ichni z\u00fa\u010dastnili.<\/p>\n\n\n\n<p><strong>Pro:<\/strong> Prodejn\u00ed t\u00fdm<br><strong>Od:<\/strong> [Va\u0161e jm\u00e9no], obchodn\u00ed \u0159editel<br><strong>Datum:<\/strong> [Dne\u0161n\u00ed datum]<br><strong>P\u0159edm\u011bt: Zpracov\u00e1n\u00ed informac\u00ed o projektu, kter\u00fd se uskute\u010dnil v roce 2012, a o jeho v\u00fdsledc\u00edch:<\/strong> P\u0159ipom\u00edn\u00e1me: \u010ctvrtletn\u00ed obchodn\u00ed sch\u016fzka - [datum\/\u010das]<\/p>\n\n\n\n<p>To je p\u0159ipom\u00ednka, \u017ee na\u0161e <strong>\u010ctvrtletn\u00ed obchodn\u00ed sch\u016fzka<\/strong> se bude konat dne <strong>[Datum] v [\u010cas] v [M\u00edsto]<\/strong> (nebo prost\u0159ednictv\u00edm slu\u017eby Zoom).<\/p>\n\n\n\n<p><strong>Hlavn\u00ed body programu:<\/strong><\/p>\n\n\n\n<ul class=\"wp-block-list\">\n<li>P\u0159ehled prodejn\u00edch v\u00fdsledk\u016f za 1. \u010dtvrtlet\u00ed<\/li>\n\n\n\n<li>Strategie p\u0159ij\u00edm\u00e1n\u00ed nov\u00fdch klient\u016f<\/li>\n\n\n\n<li>\u00dapravy prodejn\u00edch c\u00edl\u016f pro 2. \u010dtvrtlet\u00ed<\/li>\n<\/ul>\n\n\n\n<p>P\u0159ij\u010fte pros\u00edm p\u0159ipraveni s aktu\u00e1ln\u00edmi informacemi nebo dotazy. Pokud se nem\u016f\u017eete z\u00fa\u010dastnit, dejte mi co nejd\u0159\u00edve v\u011bd\u011bt. T\u011b\u0161\u00edm se na setk\u00e1n\u00ed se v\u0161emi!<\/p>\n\n\n\n<h3 class=\"wp-block-heading\">P\u0159\u00edklad 4: Ozn\u00e1men\u00ed Memo<\/h3>\n\n\n\n<p><strong>Sc\u00e9n\u00e1\u0159:<\/strong> Va\u0161e spole\u010dnost p\u0159ij\u00edm\u00e1 nov\u00e9ho \u010dlena t\u00fdmu a vy ho chcete p\u0159edstavit.<\/p>\n\n\n\n<p><strong>Pro:<\/strong> V\u0161ichni zam\u011bstnanci<br><strong>Od:<\/strong> [Va\u0161e jm\u00e9no], person\u00e1ln\u00ed odd\u011blen\u00ed<br><strong>Datum:<\/strong> [Dne\u0161n\u00ed datum]<br><strong>P\u0159edm\u011bt: Zpracov\u00e1n\u00ed informac\u00ed o projektu, kter\u00fd se uskute\u010dnil v roce 2012, a o jeho v\u00fdsledc\u00edch:<\/strong> V\u00edtejte v t\u00fdmu [jm\u00e9no nov\u00e9ho zam\u011bstnance]!<\/p>\n\n\n\n<p>S pot\u011b\u0161en\u00edm oznamujeme, \u017ee <strong>[Jm\u00e9no nov\u00e9ho zam\u011bstnance]<\/strong> nastupuje do [odd\u011blen\u00ed\/t\u00fdmu] jako n\u00e1\u0161 nov\u00fd [pracovn\u00ed pozice]! Jejich prvn\u00ed den bude ve dnech <strong>[Datum zah\u00e1jen\u00ed]<\/strong>a budou \u00fazce spolupracovat s [vedouc\u00edm t\u00fdmu\/mana\u017eerem].<\/p>\n\n\n\n<p><strong>N\u011bco m\u00e1lo o [jm\u00e9no nov\u00e9ho zam\u011bstnance]:<\/strong><\/p>\n\n\n\n<ul class=\"wp-block-list\">\n<li>Poch\u00e1z\u00ed z [p\u0159edchoz\u00ed spole\u010dnosti\/zku\u0161enosti].<\/li>\n\n\n\n<li>V\u00e1\u0161niv\u00fd z\u00e1jem o [dovednost\/z\u00e1jem v oboru].<\/li>\n\n\n\n<li>Z\u00e1bavn\u00fd fakt: [N\u011bco lehk\u00e9ho a poutav\u00e9ho].<\/li>\n<\/ul>\n\n\n\n<p>A\u017e uvid\u00edte [jm\u00e9no nov\u00e9ho zam\u011bstnance], srde\u010dn\u011b ho p\u0159iv\u00edtejte!<\/p>\n\n\n<div id=\"rank-math-faq\" class=\"rank-math-block\">\n<div class=\"rank-math-list\">\n<div id=\"faq-question-1738331213418\" class=\"rank-math-list-item\">\n<h3 class=\"rank-math-question\">Co d\u011bl\u00e1 dobrou pozn\u00e1mku dobrou pozn\u00e1mkou?\u00a0<\/h3>\n<div class=\"rank-math-answer\">\n\n<p>Dobr\u00e1 zpr\u00e1va je jasn\u00e1, p\u0159\u00edm\u00e1 a snadno se p\u0159e\u010dte. M\u011bla by rychle p\u0159ej\u00edt k v\u011bci, pou\u017e\u00edvat jednoduch\u00fd jazyk a z\u0159ejm\u00e9 dal\u0161\u00ed kroky.<\/p>\n\n<\/div>\n<\/div>\n<div id=\"faq-question-1738331221983\" class=\"rank-math-list-item\">\n<h3 class=\"rank-math-question\">Jak dlouh\u00e1 by m\u011bla b\u00fdt pozn\u00e1mka?\u00a0<\/h3>\n<div class=\"rank-math-answer\">\n\n<p>Ide\u00e1ln\u00ed je jedna str\u00e1nka nebo m\u00e9n\u011b. pokud je p\u0159\u00edli\u0161 dlouh\u00e1, lid\u00e9 ji budou p\u0159eskakovat nebo ignorovat. Udr\u017eujte ji stru\u010dnou a uv\u00e1d\u011bjte jen to, co je nezbytn\u00e9.<\/p>\n\n<\/div>\n<\/div>\n<div id=\"faq-question-1738331237437\" class=\"rank-math-list-item\">\n<h3 class=\"rank-math-question\">Mohu pou\u017e\u00edt pozn\u00e1mku pro extern\u00ed komunikaci?\u00a0<\/h3>\n<div class=\"rank-math-answer\">\n\n<p>Memos jsou ur\u010deny pro intern\u00ed pou\u017eit\u00ed. pokud se obrac\u00edte na klienty nebo extern\u00ed partnery, je vhodn\u011bj\u0161\u00ed e-mail nebo obchodn\u00ed dopis.<\/p>\n\n<\/div>\n<\/div>\n<div id=\"faq-question-1738331248741\" class=\"rank-math-list-item\">\n<h3 class=\"rank-math-question\">Jak spr\u00e1vn\u011b naform\u00e1tovat pozn\u00e1mku?\u00a0<\/h3>\n<div class=\"rank-math-answer\">\n\n<p>Ka\u017ed\u00e1 zpr\u00e1va by m\u011bla m\u00edt nadpis (komu, od, datum, p\u0159edm\u011bt), jasn\u00fd \u00favod, kl\u00ed\u010dov\u00e9 \u00fadaje v textu a p\u0159\u00edmou v\u00fdzvu k akci.<\/p>\n\n<\/div>\n<\/div>\n<\/div>\n<\/div>\n\n\n<h2 class=\"wp-block-heading\">Z\u00e1v\u011bre\u010dn\u00e9 my\u0161lenky k psan\u00ed memoranda<\/h2>\n\n\n\n<p>C\u00edlem memo je rychle a jasn\u011b sd\u011blit d\u016fle\u017eit\u00e9 informace.&nbsp;<\/p>\n\n\n\n<p>Pokud si ji lid\u00e9 mus\u00ed p\u0159e\u010d\u00edst znovu, aby pochopili jej\u00ed smysl, nepln\u00ed sv\u016fj \u00fa\u010del.<\/p>\n\n\n\n<p>Bu\u010fte stru\u010dn\u00ed, z\u0159ejm\u00e9 jsou dal\u0161\u00ed kroky a pi\u0161te jako \u010dlov\u011bk, ne jako firemn\u00ed robot.&nbsp;<\/p>\n\n\n\n<p>A pokud chcete u\u0161et\u0159it \u010das? <\/p>\n\n\n\n<p>Na\u0161e <a href=\"https:\/\/undetectable.ai\/ai-chat\" target=\"_blank\" rel=\"noreferrer noopener\"><strong>AI Chat<\/strong><\/a> dok\u00e1\u017ee b\u011bhem n\u011bkolika vte\u0159in p\u0159ipravit strukturovanou pozn\u00e1mku a <a href=\"https:\/\/undetectable.ai\/ai-humanizer\" target=\"_blank\" rel=\"noreferrer noopener\"><strong>AI Humanizer<\/strong><\/a> zaji\u0161\u0165uje, \u017ee to zn\u00ed jako <em>vy<\/em>.<\/p>\n\n\n\n<p>Nen\u00ed lep\u0161\u00ed, kdy\u017e lid\u00e9 skute\u010dn\u011b \u010dtou - a rozum\u00ed tomu, co jste napsali?<\/p>","protected":false},"excerpt":{"rendered":"","protected":false},"author":15,"featured_media":6118,"comment_status":"closed","ping_status":"closed","sticky":false,"template":"","format":"standard","meta":{"_themeisle_gutenberg_block_has_review":false,"footnotes":""},"categories":[34],"tags":[],"class_list":["post-6116","post","type-post","status-publish","format-standard","has-post-thumbnail","hentry","category-ai-news"],"_links":{"self":[{"href":"https:\/\/undetectable.ai/blog\/cs\/wp-json\/wp\/v2\/posts\/6116","targetHints":{"allow":["GET"]}}],"collection":[{"href":"https:\/\/undetectable.ai/blog\/cs\/wp-json\/wp\/v2\/posts"}],"about":[{"href":"https:\/\/undetectable.ai/blog\/cs\/wp-json\/wp\/v2\/types\/post"}],"author":[{"embeddable":true,"href":"https:\/\/undetectable.ai/blog\/cs\/wp-json\/wp\/v2\/users\/15"}],"replies":[{"embeddable":true,"href":"https:\/\/undetectable.ai/blog\/cs\/wp-json\/wp\/v2\/comments?post=6116"}],"version-history":[{"count":8,"href":"https:\/\/undetectable.ai/blog\/cs\/wp-json\/wp\/v2\/posts\/6116\/revisions"}],"predecessor-version":[{"id":19147,"href":"https:\/\/undetectable.ai/blog\/cs\/wp-json\/wp\/v2\/posts\/6116\/revisions\/19147"}],"wp:featuredmedia":[{"embeddable":true,"href":"https:\/\/undetectable.ai/blog\/cs\/wp-json\/wp\/v2\/media\/6118"}],"wp:attachment":[{"href":"https:\/\/undetectable.ai/blog\/cs\/wp-json\/wp\/v2\/media?parent=6116"}],"wp:term":[{"taxonomy":"category","embeddable":true,"href":"https:\/\/undetectable.ai/blog\/cs\/wp-json\/wp\/v2\/categories?post=6116"},{"taxonomy":"post_tag","embeddable":true,"href":"https:\/\/undetectable.ai/blog\/cs\/wp-json\/wp\/v2\/tags?post=6116"}],"curies":[{"name":"wp","href":"https:\/\/api.w.org\/{rel}","templated":true}]}}