{"id":15135,"date":"2025-10-27T11:16:19","date_gmt":"2025-10-27T11:16:19","guid":{"rendered":"https:\/\/undetectable.ai/blog\/?p=15135"},"modified":"2025-11-11T07:47:34","modified_gmt":"2025-11-11T07:47:34","slug":"objectif-dun-curriculum-vitae","status":"publish","type":"post","link":"https:\/\/undetectable.ai/blog\/fr\/objectif-dun-curriculum-vitae","title":{"rendered":"Qu'est-ce qu'un bon objectif pour un CV ? Guide complet"},"content":{"rendered":"<p>Vous pensez que l'objectif de votre CV n'a pas d'importance ? D\u00e9trompez-vous.<\/p>\n\n\n\n<p>Oui, c'est <em>juste<\/em> une phrase ou deux, mais ces phrases peuvent faire la diff\u00e9rence entre capter l'attention d'un recruteur... ou la perdre en quelques secondes.<\/p>\n\n\n\n<p>L'objectif de votre CV n'est pas une mince affaire.<\/p>\n\n\n\n<p>Vous devez trouver un moyen de (bri\u00e8vement !) <strong>r\u00e9sumez vos comp\u00e9tences et votre exp\u00e9rience<\/strong>, <strong>mettez l'accent sur vos objectifs<\/strong>et <strong>faire preuve d'enthousiasme<\/strong>... sans pour autant sonner trop g\u00e9n\u00e9rique ou robotique.<\/p>\n\n\n\n<p>Si vous entrez sur le march\u00e9 du travail ou si vous changez de carri\u00e8re, nous sommes l\u00e0 pour vous aider \u00e0 tirer le meilleur parti de l'objectif de votre CV en vous montrant ce qui fonctionne, ce qui ne fonctionne pas et comment vous pouvez r\u00e9diger un objectif de CV qui arr\u00eate les gestionnaires d'embauche dans leur \u00e9lan.<\/p>\n\n\n\n<p><strong>TL : DR - <\/strong>Un objectif de CV solide doit \u00eatre court, sp\u00e9cifique et centr\u00e9 sur ce que l'on attend d'un candidat. <em>vous<\/em> et non pas seulement ce que vous attendez de ce poste.<\/p>\n\n\n\n<hr class=\"wp-block-separator has-alpha-channel-opacity\"\/>\n\n\n\n<p class=\"has-text-align-center\"><strong>Principaux enseignements<\/strong><\/p>\n\n\n\n<ul class=\"wp-block-list\">\n<li>L'objectif d'un CV est une br\u00e8ve d\u00e9claration r\u00e9sumant vos objectifs, vos comp\u00e9tences et votre valeur aux yeux des employeurs.<\/li>\n<\/ul>\n\n\n\n<p><\/p>\n\n\n\n<ul class=\"wp-block-list\">\n<li>Utilisez-le si vous \u00eates \u00e9tudiant, jeune dipl\u00f4m\u00e9 ou si vous changez de carri\u00e8re ; utilisez un r\u00e9sum\u00e9 si vous avez de l'exp\u00e9rience.<\/li>\n<\/ul>\n\n\n\n<p><\/p>\n\n\n\n<ul class=\"wp-block-list\">\n<li>Restez concis (1 \u00e0 3 phrases) et adaptez-le au poste en utilisant les mots-cl\u00e9s de la description.<\/li>\n<\/ul>\n\n\n\n<p><\/p>\n\n\n\n<ul class=\"wp-block-list\">\n<li>Concentrez-vous sur ce que vous pouvez apporter \u00e0 l'entreprise - et pas seulement sur ce que vous attendez du poste.<\/li>\n<\/ul>\n\n\n\n<p><\/p>\n\n\n\n<ul class=\"wp-block-list\">\n<li>\u00c9vitez les d\u00e9clarations vagues, g\u00e9n\u00e9riques ou trop longues, remplies de mots \u00e0 la mode.<\/li>\n<\/ul>\n\n\n\n<p><\/p>\n\n\n\n<ul class=\"wp-block-list\">\n<li>Des outils d'IA tels que le g\u00e9n\u00e9rateur de CV et le g\u00e9n\u00e9rateur de lettres de motivation peuvent aider \u00e0 r\u00e9diger des CV cibl\u00e9s et professionnels.<\/li>\n<\/ul>\n\n\n\n<p><\/p>\n\n\n\n<hr class=\"wp-block-separator has-alpha-channel-opacity\"\/>\n\n\n\n<h2 class=\"wp-block-heading\"><strong>Qu'est-ce qu'un objectif de CV ?<\/strong><\/h2>\n\n\n<div class=\"wp-block-image\">\n<figure class=\"aligncenter size-large\"><img loading=\"lazy\" decoding=\"async\" width=\"1024\" height=\"683\" src=\"https:\/\/undetectable.ai/blog\/wp-content\/uploads\/2025\/09\/resume-objective-1024x683.jpg\" alt=\"\" class=\"wp-image-15141\" title=\"\" srcset=\"https:\/\/undetectable.ai/blog\/wp-content\/uploads\/2025\/09\/resume-objective-1024x683.jpg 1024w, https:\/\/undetectable.ai/blog\/wp-content\/uploads\/2025\/09\/resume-objective-300x200.jpg 300w, https:\/\/undetectable.ai/blog\/wp-content\/uploads\/2025\/09\/resume-objective-768x512.jpg 768w, https:\/\/undetectable.ai/blog\/wp-content\/uploads\/2025\/09\/resume-objective-18x12.jpg 18w, https:\/\/undetectable.ai/blog\/wp-content\/uploads\/2025\/09\/resume-objective.jpg 1200w\" sizes=\"auto, (max-width: 1024px) 100vw, 1024px\" \/><\/figure><\/div>\n\n\n<p>Tout d'abord, qu'est-ce qu'un objectif de CV ?<\/p>\n\n\n\n<p>L'objectif du CV ou \"d\u00e9claration d'objectif du CV\" est une courte d\u00e9claration (g\u00e9n\u00e9ralement entre 1 et 3 phrases) qui figure en t\u00eate de votre CV et qui met l'accent sur les points suivants :<\/p>\n\n\n\n<ul class=\"wp-block-list\">\n<li>Vos objectifs de carri\u00e8re<\/li>\n\n\n\n<li>Votre exp\u00e9rience et vos comp\u00e9tences<\/li>\n\n\n\n<li>Pourquoi vous \u00eates le candidat id\u00e9al<\/li>\n<\/ul>\n\n\n\n<p>La fa\u00e7on la plus simple d'envisager l'objectif de votre CV est de le consid\u00e9rer comme votre discours d'ascenseur personnel. Il doit \u00eatre clair, concis et expliquer pourquoi vous \u00eates le candidat id\u00e9al pour le poste.<\/p>\n\n\n\n<p>Les objectifs de CV sont souvent utilis\u00e9s de mani\u00e8re interchangeable avec les r\u00e9sum\u00e9s de CV. Bien qu'ils se ressemblent, ils ont tous deux des objectifs l\u00e9g\u00e8rement diff\u00e9rents.<\/p>\n\n\n\n<ul class=\"wp-block-list\">\n<li><strong>Objectif du CV : <\/strong>Se concentre sur vos objectifs de carri\u00e8re et sur ce que vous souhaitez atteindre. Id\u00e9al pour les \u00e9tudiants, les jeunes dipl\u00f4m\u00e9s et les personnes qui changent de carri\u00e8re.<\/li>\n\n\n\n<li><strong>R\u00e9sum\u00e9 du CV : <\/strong>met en valeur votre exp\u00e9rience et vos r\u00e9alisations afin de montrer pourquoi vous \u00eates qualifi\u00e9 pour un poste <em>d\u00e8s maintenant<\/em>. Id\u00e9al pour les professionnels exp\u00e9riment\u00e9s qui cherchent \u00e0 faire \u00e9voluer leur carri\u00e8re dans le cadre de leur fonction ou de leur secteur d'activit\u00e9 actuel.<\/li>\n<\/ul>\n\n\n\n<p>En r\u00e8gle g\u00e9n\u00e9rale, <strong>utiliser un objectif de CV<\/strong> si vous \u00eates <strong>postuler \u00e0 un poste de d\u00e9butant<\/strong> ou <strong>les carri\u00e8res pivotantes<\/strong>. Et <strong>utiliser un r\u00e9sum\u00e9 de CV<\/strong> si vous \u00eates <strong>d\u00e9j\u00e0 \u00e9tabli dans votre domaine<\/strong>.<\/p>\n\n\n\n<h2 class=\"wp-block-heading\"><strong>Qu'est-ce qu'un bon objectif de CV ?<\/strong><\/h2>\n\n\n\n<p>L'objectif d'un CV est plus efficace lorsqu'il est aussi pr\u00e9cis que possible.<\/p>\n\n\n\n<p>Cela signifie qu'il faut \u00e9viter les d\u00e9clarations vagues telles que \"<em>Je cherche un emploi qui me permette de me d\u00e9velopper et d'utiliser mes comp\u00e9tences organisationnelles.<\/em>.<\/p>\n\n\n\n<p>Cette d\u00e9claration ne dit rien au responsable du recrutement sur vous ou sur ce que vous recherchez.<\/p>\n\n\n\n<p>Essayez plut\u00f4t de cr\u00e9er un objectif de CV qui pr\u00e9sente les quatre qualit\u00e9s suivantes.<\/p>\n\n\n\n<figure class=\"wp-block-table\"><table class=\"has-fixed-layout\"><tbody><tr><td class=\"has-text-align-center\" data-align=\"center\" colspan=\"4\"><strong>Qu'est-ce qu'un bon objectif pour un CV ? 4 qualit\u00e9s cl\u00e9s + exemples<\/strong><\/td><\/tr><tr><td class=\"has-text-align-center\" data-align=\"center\" colspan=\"2\"><strong>Qualit\u00e9<\/strong><\/td><td class=\"has-text-align-center\" data-align=\"center\"><strong>Bon exemple<\/strong><\/td><td class=\"has-text-align-center\" data-align=\"center\"><strong>Mauvais exemple<\/strong><\/td><\/tr><tr><td class=\"has-text-align-center\" data-align=\"center\" colspan=\"2\"><strong>Clart\u00e9 : <\/strong>Pr\u00e9cisez le type de poste que vous recherchez.<\/td><td class=\"has-text-align-center\" data-align=\"center\">\"Jeune dipl\u00f4m\u00e9 en marketing recherche un poste de coordinateur en marketing num\u00e9rique avec un accent sur le contenu et la strat\u00e9gie de r\u00e9f\u00e9rencement.\"<\/td><td class=\"has-text-align-center\" data-align=\"center\">\"Dipl\u00f4m\u00e9 avec de fortes comp\u00e9tences en r\u00e9solution de probl\u00e8mes, \u00e0 la recherche d'un poste stimulant dans le domaine du marketing.<\/td><\/tr><tr><td class=\"has-text-align-center\" data-align=\"center\" colspan=\"2\"><strong>Ax\u00e9 sur la valeur : <\/strong>Mettez en avant ce que vous apportez, et pas seulement ce que vous attendez d'un emploi.<\/td><td class=\"has-text-align-center\" data-align=\"center\">\"Je suis un \u00e9tudiant en comptabilit\u00e9 qui a le souci du d\u00e9tail et qui poss\u00e8de de solides comp\u00e9tences en Excel et en QuickBooks. Je cherche \u00e0 contribuer \u00e0 l'\u00e9tablissement de rapports financiers dans une entreprise de taille moyenne.<\/td><td class=\"has-text-align-center\" data-align=\"center\">\"Je veux travailler dans la finance pour diriger des \u00e9quipes interfonctionnelles et d\u00e9velopper mes comp\u00e9tences en mati\u00e8re de leadership.<\/td><\/tr><tr><td class=\"has-text-align-center\" data-align=\"center\" colspan=\"2\"><strong>Sp\u00e9cifique \u00e0 l'emploi : <\/strong>Utilisez les mots-cl\u00e9s de la description du poste pour que votre CV soit pris en compte par les syst\u00e8mes de suivi des candidats (ATS).<\/td><td class=\"has-text-align-center\" data-align=\"center\">\"Professionnel de l'informatique exp\u00e9riment\u00e9 dans l'infrastructure cloud et AWS, cherchant \u00e0 soutenir l'\u00e9volutivit\u00e9 du syst\u00e8me dans une entreprise SaaS.\"<\/td><td class=\"has-text-align-center\" data-align=\"center\">\"Je recherche un emploi dans le domaine de l'informatique o\u00f9 je pourrai mettre \u00e0 profit mes comp\u00e9tences techniques et mon sens du service \u00e0 la client\u00e8le.<\/td><\/tr><tr><td class=\"has-text-align-center\" data-align=\"center\" colspan=\"2\"><strong>Concis : <\/strong>Limitez-vous \u00e0 1 \u00e0 3 phrases maximum. Les recruteurs passent quelques secondes \u00e0 parcourir les CV, alors faites en sorte que ces secondes comptent.<\/td><td class=\"has-text-align-center\" data-align=\"center\">\"Sp\u00e9cialiste du service \u00e0 la client\u00e8le avec plus de 3 ans d'exp\u00e9rience dans le commerce de d\u00e9tail, cherchant \u00e0 am\u00e9liorer l'exp\u00e9rience des clients au sein d'une \u00e9quipe d'accueil.<\/td><td class=\"has-text-align-center\" data-align=\"center\">\"Mon objectif est de trouver une entreprise qui valorise les employ\u00e9s travailleurs et d\u00e9vou\u00e9s qui souhaitent \u00e9voluer, apporter leur contribution et devenir des leaders au fil du temps\".<\/td><\/tr><\/tbody><\/table><\/figure>\n\n\n\n<p><strong>Conseil de pro : <\/strong>Des outils d'IA comme Undetectable AI's <a href=\"https:\/\/undetectable.ai\/fr\/apps\/ai-resume-builder\/personal-information\" target=\"_blank\" rel=\"noreferrer noopener\">G\u00e9n\u00e9rateur de CV<\/a> peut vous aider \u00e0 cr\u00e9er un objectif de CV cibl\u00e9 et riche en mots-cl\u00e9s.<\/p>\n\n\n\n<p>De plus, utilisez<a href=\"https:\/\/undetectable.ai\/fr\/smart-applier\" target=\"_blank\" rel=\"noreferrer noopener\"> L'applicateur d'emploi AI<\/a> et <a href=\"https:\/\/undetectable.ai\/fr\/cover-letter-generator\" target=\"_blank\" rel=\"noreferrer noopener\">G\u00e9n\u00e9rateur de lettres de motivation<\/a> pour envoyer des dizaines de candidatures personnalis\u00e9es en quelques minutes.<\/p>\n\n\n\n<p><strong>Bonus :<\/strong> Testez votre objectif gr\u00e2ce \u00e0 notre IA ind\u00e9tectable. <a href=\"https:\/\/undetectable.ai\/fr\/\" data-type=\"link\" data-id=\"https:\/\/undetectable.ai\/fr\/\" target=\"_blank\" rel=\"noreferrer noopener\">V\u00e9rificateur d'IA<\/a> pour confirmer qu'il se lit comme authentique <em>vous<\/em> (texte non g\u00e9n\u00e9r\u00e9 par un mod\u00e8le d'IA).<\/p>\n\n\n\n<p>Il signale les formulations robotiques et sugg\u00e8re de l\u00e9g\u00e8res modifications afin que les responsables du recrutement entendent votre v\u00e9ritable voix.<\/p>\n\n\n\n<h2 class=\"wp-block-heading\"><strong>15+ Exemples de bons objectifs de CV pour les demandeurs d'emploi<\/strong><\/h2>\n\n\n<div class=\"wp-block-image\">\n<figure class=\"aligncenter size-large\"><img loading=\"lazy\" decoding=\"async\" width=\"1024\" height=\"683\" src=\"https:\/\/undetectable.ai/blog\/wp-content\/uploads\/2025\/09\/resume-with-recruiter-1-1024x683.jpg\" alt=\"\" class=\"wp-image-15142\" title=\"\" srcset=\"https:\/\/undetectable.ai/blog\/wp-content\/uploads\/2025\/09\/resume-with-recruiter-1-1024x683.jpg 1024w, https:\/\/undetectable.ai/blog\/wp-content\/uploads\/2025\/09\/resume-with-recruiter-1-300x200.jpg 300w, https:\/\/undetectable.ai/blog\/wp-content\/uploads\/2025\/09\/resume-with-recruiter-1-768x512.jpg 768w, https:\/\/undetectable.ai/blog\/wp-content\/uploads\/2025\/09\/resume-with-recruiter-1-18x12.jpg 18w, https:\/\/undetectable.ai/blog\/wp-content\/uploads\/2025\/09\/resume-with-recruiter-1.jpg 1200w\" sizes=\"auto, (max-width: 1024px) 100vw, 1024px\" \/><\/figure><\/div>\n\n\n<p>Besoin d'inspiration pour votre CV ? Voici plus de 15 exemples d'objectifs de CV que vous pouvez utiliser et adapter \u00e0 votre propre situation.<\/p>\n\n\n\n<h3 class=\"wp-block-heading\"><strong>Pour les \u00e9tudiants et les jeunes dipl\u00f4m\u00e9s<\/strong><\/h3>\n\n\n\n<ol class=\"wp-block-list\">\n<li><em>\"Vous \u00eates un jeune dipl\u00f4m\u00e9 en informatique avec une exp\u00e9rience de stage en d\u00e9veloppement full-stack, cherchant \u00e0 apporter des comp\u00e9tences de codage et de r\u00e9solution de probl\u00e8mes \u00e0 une \u00e9quipe d'ing\u00e9nierie logicielle.\"<\/em><\/li>\n\n\n\n<li><em>\"\u00c9tudiant en administration des affaires dot\u00e9 d'excellentes aptitudes \u00e0 la communication et d'une exp\u00e9rience en mati\u00e8re de direction de campus, il souhaite soutenir les op\u00e9rations d'une startup en pleine croissance.<\/em><\/li>\n\n\n\n<li><em>\"\u00c9tudiante en psychologie passionn\u00e9e par l'engagement des employ\u00e9s et la culture du lieu de travail, cherchant \u00e0 mettre \u00e0 profit mes comp\u00e9tences r\u00e9dactionnelles et mes qualit\u00e9s relationnelles dans un poste li\u00e9 aux ressources humaines.\"<\/em><\/li>\n\n\n\n<li><em>\"Je suis dipl\u00f4m\u00e9 en finance et j'ai de solides comp\u00e9tences analytiques. Je suis \u00e0 la recherche d'un poste d'analyste d\u00e9butant pour soutenir la budg\u00e9tisation, les pr\u00e9visions et la prise de d\u00e9cisions fond\u00e9es sur des donn\u00e9es.<\/em><\/li>\n<\/ol>\n\n\n\n<h3 class=\"wp-block-heading\"><strong>Pour les personnes qui changent de carri\u00e8re<\/strong><\/h3>\n\n\n\n<ol start=\"5\" class=\"wp-block-list\">\n<li><em>\"Professionnel de l'h\u00f4tellerie en transition vers les ressources humaines, apportant plus de 10 ans d'exp\u00e9rience dans la r\u00e9solution des conflits, la formation des \u00e9quipes et les relations avec les clients.<\/em><\/li>\n\n\n\n<li><em>\"Je suis une assistante administrative exp\u00e9riment\u00e9e qui cherche \u00e0 \u00e9voluer vers un r\u00f4le d'office manager. Je suis enthousiaste \u00e0 l'id\u00e9e de mettre \u00e0 profit mon exp\u00e9rience de plus de 5 ans en mati\u00e8re de planification, de budg\u00e9tisation et de coordination d'\u00e9quipe pour am\u00e9liorer la productivit\u00e9 de l'\u00e9quipe dans une entreprise en pleine croissance.\"<\/em><\/li>\n\n\n\n<li><em>\"Infirmi\u00e8re auxiliaire dipl\u00f4m\u00e9e souhaitant s'orienter vers l'administration des soins de sant\u00e9, apportant son exp\u00e9rience pratique des soins aux patients, son souci du d\u00e9tail et ses solides comp\u00e9tences en mati\u00e8re de communication pour soutenir les \u00e9quipes cliniques.<\/em><\/li>\n\n\n\n<li><em>\"Je cherche \u00e0 me reconvertir dans la gestion de projets afin de mettre \u00e0 profit mes solides comp\u00e9tences organisationnelles et ma capacit\u00e9 av\u00e9r\u00e9e \u00e0 g\u00e9rer les budgets, les d\u00e9lais et les attentes des clients.\"<\/em><\/li>\n<\/ol>\n\n\n\n<h3 class=\"wp-block-heading\"><strong>Pour les professionnels exp\u00e9riment\u00e9s<\/strong><\/h3>\n\n\n\n<ol start=\"9\" class=\"wp-block-list\">\n<li><em>\"Gestionnaire des ressources humaines avec plus de 10 ans d'exp\u00e9rience dans le recrutement, les relations avec les employ\u00e9s et les programmes de formation, cherchant \u00e0 \u00e9voluer vers un r\u00f4le de directeur des ressources humaines\".<\/em><\/li>\n\n\n\n<li><em>Professionnel exp\u00e9riment\u00e9 du secteur bancaire \u00e0 la recherche d'un poste qui me permette d'appliquer mon expertise en mati\u00e8re de gestion de portefeuille, de conformit\u00e9 et d'optimisation des processus afin d'am\u00e9liorer l'efficacit\u00e9 op\u00e9rationnelle et la rentabilit\u00e9.\"<\/em><\/li>\n\n\n\n<li><em>\"\u00c9ducateur d\u00e9vou\u00e9, dot\u00e9 de solides comp\u00e9tences en gestion de classe et d'une dizaine d'ann\u00e9es d'exp\u00e9rience dans l'enseignement, cherchant \u00e0 cr\u00e9er des environnements d'apprentissage positifs et inclusifs qui favorisent la r\u00e9ussite scolaire et l'engagement des \u00e9l\u00e8ves.\"<\/em><\/li>\n\n\n\n<li><em>\"Leader confirm\u00e9 avec plus de 12 ans d'exp\u00e9rience dans la gestion d'\u00e9quipes interfonctionnelles, la stimulation des performances et la r\u00e9alisation d'objectifs organisationnels, je recherche un poste de direction o\u00f9 je pourrai inspirer la croissance professionnelle, l'innovation et l'excellence.\"<\/em><\/li>\n<\/ol>\n\n\n\n<h3 class=\"wp-block-heading\"><strong>Pour des fonctions sp\u00e9cifiques \u00e0 l'industrie<\/strong><\/h3>\n\n\n\n<ol start=\"14\" class=\"wp-block-list\">\n<li><em>\"Professionnel de l'informatique soucieux du d\u00e9tail, dot\u00e9 de solides comp\u00e9tences en gestion de bases de donn\u00e9es et d'une exp\u00e9rience en SQL et en mod\u00e9lisation de donn\u00e9es, cherchant \u00e0 optimiser le stockage des donn\u00e9es et les syst\u00e8mes de reporting pour une entreprise.<\/em><\/li>\n\n\n\n<li><em>\"Sp\u00e9cialiste des ressources humaines avec plus de 4 ans d'exp\u00e9rience dans le recrutement, l'int\u00e9gration et les relations avec les employ\u00e9s, cherchant \u00e0 soutenir le d\u00e9veloppement des talents et la culture organisationnelle au sein d'une \u00e9quipe de RH dynamique.<\/em><\/li>\n\n\n\n<li><em>\"Je cherche \u00e0 mettre \u00e0 profit mon exp\u00e9rience en mati\u00e8re de n\u00e9gociation, de relations avec les clients et d'analyse du march\u00e9 pour assurer le succ\u00e8s de la vente et de la location de biens immobiliers.<\/em><\/li>\n\n\n\n<li><em>\"Graphiste avec 3 ans d'exp\u00e9rience en branding et m\u00e9dias num\u00e9riques, cherchant \u00e0 cr\u00e9er des campagnes visuelles percutantes pour une agence de marketing.\"<\/em>&nbsp;<\/li>\n<\/ol>\n\n\n\n<h2 class=\"wp-block-heading\"><strong>Erreurs courantes dans les objectifs de CV<\/strong><\/h2>\n\n\n\n<p>M\u00eame les candidats les plus qualifi\u00e9s peuvent \u00eatre \u00e9cart\u00e9s par les recruteurs si l'objectif de leur CV n'est pas \u00e0 la hauteur. Voici quelques erreurs courantes \u00e0 \u00e9viter lors de la r\u00e9daction de l'objectif de votre CV :<\/p>\n\n\n\n<ul class=\"wp-block-list\">\n<li><strong>\u00catre trop vague : <\/strong>\u00c9vitez les d\u00e9clarations g\u00e9n\u00e9riques telles que <em>\"Je recherche un poste o\u00f9 je pourrai mettre \u00e0 profit mes comp\u00e9tences en mati\u00e8re de gestion de projets.<\/em> Cela n'indique pas \u00e0 l'employeur le type de poste que vous souhaitez occuper, ni la mani\u00e8re dont vous apporterez une valeur ajout\u00e9e.<\/li>\n\n\n\n<li><strong>Faire en sorte que tout tourne autour de soi : <\/strong>Un bon objectif de CV met l'accent sur la mani\u00e8re dont vous pouvez aider l'entreprise, et pas seulement sur ce que vous savez faire. <em>vous<\/em> veulent quitter leur emploi.<\/li>\n\n\n\n<li><strong>La surcharge de mots \u00e0 la mode : <\/strong>Des expressions telles que \"fortes comp\u00e9tences interpersonnelles\" ou \"d\u00e9vou\u00e9 \u00e0 la satisfaction du client\" doivent \u00eatre utilis\u00e9es avec parcimonie, et il convient de toujours \u00e9tayer vos comp\u00e9tences par un certain contexte et des preuves de r\u00e9sultats ant\u00e9rieurs.<\/li>\n\n\n\n<li><strong>R\u00e9diger un paragraphe : <\/strong>Un objectif de CV trop long peut rapidement perdre l'attention de votre recruteur. Essayez de le rendre court, agr\u00e9able et pertinent.<\/li>\n<\/ul>\n\n\n\n<p>En g\u00e9n\u00e9ral, un objectif de CV solide \u00e9tablit un juste \u00e9quilibre entre ce que vous savez faire, ce que vous avez accompli et les raisons pour lesquelles cela est important pour un employeur.<\/p>\n\n\n\n<h2 class=\"wp-block-heading\"><strong>Comment r\u00e9diger l'objectif d'un CV, \u00e9tape par \u00e9tape<\/strong><\/h2>\n\n\n\n<p>Pr\u00eat \u00e0 commencer \u00e0 \u00eatre s\u00e9lectionn\u00e9 pour des entretiens ?<\/p>\n\n\n\n<p>Voici un guide \u00e9tape par \u00e9tape sur la fa\u00e7on dont vous pouvez utiliser notre propre syst\u00e8me. <a href=\"https:\/\/undetectable.ai\/fr\/apps\/ai-resume-builder\/get-started\" target=\"_blank\" rel=\"noreferrer noopener\">G\u00e9n\u00e9rateur de CV<\/a> pour optimiser l'objectif de votre CV afin qu'il se d\u00e9marque.<\/p>\n\n\n\n<h3 class=\"wp-block-heading\"><strong>\u00c9tape 1 : Saisissez vos informations personnelles<\/strong><\/h3>\n\n\n<div class=\"wp-block-image\">\n<figure class=\"aligncenter size-large\"><img loading=\"lazy\" decoding=\"async\" width=\"1024\" height=\"555\" src=\"https:\/\/undetectable.ai/blog\/wp-content\/uploads\/2025\/09\/Resume-objective-Personal-information-1024x555.jpg\" alt=\"\" class=\"wp-image-15143\" title=\"\" srcset=\"https:\/\/undetectable.ai/blog\/wp-content\/uploads\/2025\/09\/Resume-objective-Personal-information-1024x555.jpg 1024w, https:\/\/undetectable.ai/blog\/wp-content\/uploads\/2025\/09\/Resume-objective-Personal-information-300x163.jpg 300w, https:\/\/undetectable.ai/blog\/wp-content\/uploads\/2025\/09\/Resume-objective-Personal-information-768x417.jpg 768w, https:\/\/undetectable.ai/blog\/wp-content\/uploads\/2025\/09\/Resume-objective-Personal-information-18x10.jpg 18w, https:\/\/undetectable.ai/blog\/wp-content\/uploads\/2025\/09\/Resume-objective-Personal-information.jpg 1121w\" sizes=\"auto, (max-width: 1024px) 100vw, 1024px\" \/><\/figure><\/div>\n\n\n<p>Tout d'abord, rendez-vous sur notre site <a href=\"https:\/\/undetectable.ai\/fr\/apps\/ai-resume-builder\/get-started\" target=\"_blank\" rel=\"noreferrer noopener\">G\u00e9n\u00e9rateur de CV<\/a>.<\/p>\n\n\n\n<p>Vous pouvez y indiquer votre nom, vos coordonn\u00e9es et l'intitul\u00e9 de votre poste. N'indiquez que les informations que vous souhaitez communiquer aux responsables du recrutement.<\/p>\n\n\n\n<p><strong>Conseil de pro : <\/strong>Si vous \u00eates \u00e9tudiant, indiquez simplement \"\u00e9tudiant\" dans la section \"Titre du poste\".<\/p>\n\n\n\n<p><strong>\u00c9tape 2 : Cr\u00e9er votre r\u00e9sum\u00e9 professionnel<\/strong>y<\/p>\n\n\n<div class=\"wp-block-image\">\n<figure class=\"aligncenter size-large\"><img loading=\"lazy\" decoding=\"async\" width=\"1024\" height=\"565\" src=\"https:\/\/undetectable.ai/blog\/wp-content\/uploads\/2025\/09\/Resume-objective-Professional-summary-1024x565.jpg\" alt=\"\" class=\"wp-image-15144\" title=\"\" srcset=\"https:\/\/undetectable.ai/blog\/wp-content\/uploads\/2025\/09\/Resume-objective-Professional-summary-1024x565.jpg 1024w, https:\/\/undetectable.ai/blog\/wp-content\/uploads\/2025\/09\/Resume-objective-Professional-summary-300x165.jpg 300w, https:\/\/undetectable.ai/blog\/wp-content\/uploads\/2025\/09\/Resume-objective-Professional-summary-768x424.jpg 768w, https:\/\/undetectable.ai/blog\/wp-content\/uploads\/2025\/09\/Resume-objective-Professional-summary-18x10.jpg 18w, https:\/\/undetectable.ai/blog\/wp-content\/uploads\/2025\/09\/Resume-objective-Professional-summary.jpg 1115w\" sizes=\"auto, (max-width: 1024px) 100vw, 1024px\" \/><\/figure><\/div>\n\n\n<p>Sur la page suivante, vous disposerez d'un espace pour cr\u00e9er votre r\u00e9sum\u00e9 professionnel (c'est-\u00e0-dire l'objectif de votre CV). <\/p>\n\n\n\n<p>Pour commencer, ajoutez quelques phrases sur vos comp\u00e9tences et sur ce que vous recherchez.<\/p>\n\n\n\n<p>Cliquez sur le bouton \"R\u00e9\u00e9crire\" pour g\u00e9n\u00e9rer diff\u00e9rentes options jusqu'\u00e0 ce que vous soyez satisfait de l'objectif de votre CV.<\/p>\n\n\n\n<p>Vous pouvez ensuite copier\/coller votre objectif de CV dans votre CV ou continuer \u00e0 utiliser le g\u00e9n\u00e9rateur de CV pour g\u00e9n\u00e9rer un CV complet.<\/p>\n\n\n\n<h3 class=\"wp-block-heading\"><strong>\u00c9tape 3 : Ajoutez votre exp\u00e9rience professionnelle, votre formation et vos comp\u00e9tences<\/strong><\/h3>\n\n\n<div class=\"wp-block-image\">\n<figure class=\"aligncenter size-large\"><img loading=\"lazy\" decoding=\"async\" width=\"1024\" height=\"605\" src=\"https:\/\/undetectable.ai/blog\/wp-content\/uploads\/2025\/09\/Resume-objective-Add-work-experience-1024x605.jpg\" alt=\"\" class=\"wp-image-15145\" title=\"\" srcset=\"https:\/\/undetectable.ai/blog\/wp-content\/uploads\/2025\/09\/Resume-objective-Add-work-experience-1024x605.jpg 1024w, https:\/\/undetectable.ai/blog\/wp-content\/uploads\/2025\/09\/Resume-objective-Add-work-experience-300x177.jpg 300w, https:\/\/undetectable.ai/blog\/wp-content\/uploads\/2025\/09\/Resume-objective-Add-work-experience-768x454.jpg 768w, https:\/\/undetectable.ai/blog\/wp-content\/uploads\/2025\/09\/Resume-objective-Add-work-experience-18x12.jpg 18w, https:\/\/undetectable.ai/blog\/wp-content\/uploads\/2025\/09\/Resume-objective-Add-work-experience.jpg 1118w\" sizes=\"auto, (max-width: 1024px) 100vw, 1024px\" \/><\/figure><\/div>\n\n\n<p>Dans les onglets suivants, vous serez invit\u00e9 \u00e0 dresser la liste de vos fonctions ant\u00e9rieures, de vos responsabilit\u00e9s, de vos dipl\u00f4mes, de vos certifications et de toute formation ou cours pertinents.<\/p>\n\n\n\n<p>Il est \u00e9galement possible d'ajouter jusqu'\u00e0 15 comp\u00e9tences diff\u00e9rentes \u00e0 mettre en avant pour les recruteurs.<\/p>\n\n\n\n<h3 class=\"wp-block-heading\"><strong>\u00c9tape 4 : G\u00e9n\u00e9rer votre CV et le t\u00e9l\u00e9charger au format PDF<\/strong><\/h3>\n\n\n<div class=\"wp-block-image\">\n<figure class=\"aligncenter size-large\"><img loading=\"lazy\" decoding=\"async\" width=\"1024\" height=\"580\" src=\"https:\/\/undetectable.ai/blog\/wp-content\/uploads\/2025\/09\/Resume-objective-Generate-resume-1024x580.jpg\" alt=\"\" class=\"wp-image-15146\" title=\"\" srcset=\"https:\/\/undetectable.ai/blog\/wp-content\/uploads\/2025\/09\/Resume-objective-Generate-resume-1024x580.jpg 1024w, https:\/\/undetectable.ai/blog\/wp-content\/uploads\/2025\/09\/Resume-objective-Generate-resume-300x170.jpg 300w, https:\/\/undetectable.ai/blog\/wp-content\/uploads\/2025\/09\/Resume-objective-Generate-resume-768x435.jpg 768w, https:\/\/undetectable.ai/blog\/wp-content\/uploads\/2025\/09\/Resume-objective-Generate-resume-18x10.jpg 18w, https:\/\/undetectable.ai/blog\/wp-content\/uploads\/2025\/09\/Resume-objective-Generate-resume.jpg 1119w\" sizes=\"auto, (max-width: 1024px) 100vw, 1024px\" \/><\/figure><\/div>\n\n\n<p>Une fois toutes les informations saisies, l'outil g\u00e9n\u00e8re votre CV dans un document.<\/p>\n\n\n\n<p>Si vous rep\u00e9rez des fautes de frappe ou des erreurs, il vous suffit de revenir en arri\u00e8re, de modifier vos informations et de g\u00e9n\u00e9rer votre CV mis \u00e0 jour.<\/p>\n\n\n\n<p>Une fois que vous \u00eates satisfait de tout, vous pouvez t\u00e9l\u00e9charger votre CV au format PDF et commencer \u00e0 postuler \u00e0 des emplois !<\/p>\n\n\n\n<p>V\u00e9rifiez votre texte avec notre d\u00e9tecteur d'IA et notre humanisateur dans le widget ci-dessous !<\/p>\n\n\n\n<div id=\"uai-widget\" data-affiliate-link=\"https:\/\/undetectable.ai\/?_by=hi4km\"><script>var js = document.createElement(\"script\");js.async = true;js.src = \"https:\/\/widget.undetectable.ai\/js\/widget-loader.js?t=\"+Date.now();document.getElementsByTagName(\"head\")[0].appendChild(js);<\/script><\/div>\n\n\n\n<h2 class=\"wp-block-heading\"><strong>Questions fr\u00e9quemment pos\u00e9es sur les objectifs de CV<\/strong><\/h2>\n\n\n<div id=\"rank-math-faq\" class=\"rank-math-block\">\n<div class=\"rank-math-list\">\n<div id=\"faq-question-1760628938175\" class=\"rank-math-list-item\">\n<h3 class=\"rank-math-question\"><strong>Qu'est-ce qu'une bonne d\u00e9claration d'objectif pour un CV ?<\/strong><\/h3>\n<div class=\"rank-math-answer\">\n\n<p>Une bonne d\u00e9claration d'objectif, ou objectif de CV, est claire, sp\u00e9cifique et personnalis\u00e9e avec des comp\u00e9tences pertinentes pour chaque emploi.<\/p>\n<p>Voici un exemple de bonne d\u00e9claration d'objectif : \"<em>\u00c9tudiant motiv\u00e9 en administration des affaires, dot\u00e9 d'un grand sens de l'organisation et du service \u00e0 la client\u00e8le. D\u00e9sireux d'acqu\u00e9rir une exp\u00e9rience pratique de premier niveau dans le domaine des op\u00e9rations, des ressources humaines ou de la gestion de projets.<\/em><\/p>\n\n<\/div>\n<\/div>\n<div id=\"faq-question-1760628950828\" class=\"rank-math-list-item\">\n<h3 class=\"rank-math-question\"><strong>Quel est un bon objectif pour un CV d'infirmi\u00e8re ?<\/strong><\/h3>\n<div class=\"rank-math-answer\">\n\n<p>L'objectif d'un CV infirmier solide doit mettre l'accent sur vos comp\u00e9tences et votre exp\u00e9rience cliniques, tout en soulignant votre d\u00e9vouement aux soins des patients.<\/p>\n<p>Voici un exemple de bonne d\u00e9claration d'objectif pour un CV d'infirmi\u00e8re : <em>\"Vous avez une exp\u00e9rience de plus de trois ans dans le domaine hospitalier et vous cherchez \u00e0 fournir des soins de haute qualit\u00e9 aux patients et \u00e0 soutenir les \u00e9quipes de soins multidisciplinaires dans un \u00e9tablissement m\u00e9dical de premier plan.\"<\/em><\/p>\n\n<\/div>\n<\/div>\n<div id=\"faq-question-1760628964380\" class=\"rank-math-list-item\">\n<h3 class=\"rank-math-question\"><strong>Quel est un bon objectif pour un CV m\u00e9dical ?<\/strong><\/h3>\n<div class=\"rank-math-answer\">\n\n<p>Pour les professionnels de la sant\u00e9, l'objectif de votre CV doit mettre l'accent sur votre expertise clinique, vos qualifications et votre engagement \u00e0 l'\u00e9gard des patients.<\/p>\n<p>Voici un exemple de bonne d\u00e9claration d'objectif pour un CV m\u00e9dical : <em>\"Le candidat doit \u00eatre un assistant m\u00e9dical d\u00e9vou\u00e9 ayant de l'exp\u00e9rience en mati\u00e8re de diagnostic, d'\u00e9valuation des patients et de planification des soins, cherchant \u00e0 fournir des soins m\u00e9dicaux fond\u00e9s sur des donn\u00e9es probantes et \u00e0 soutenir la collaboration multidisciplinaire dans une clinique de soins primaires.\"<\/em><\/p>\n\n<\/div>\n<\/div>\n<\/div>\n<\/div>\n\n\n<h2 class=\"wp-block-heading\"><strong>Derni\u00e8res r\u00e9flexions : Qu'est-ce qu'un bon objectif pour un CV ?<\/strong><\/h2>\n\n\n\n<p>L'objectif de votre CV est un bien immobilier de premier ordre sur votre CV et doit \u00eatre trait\u00e9 comme tel.<\/p>\n\n\n\n<p>Cela signifie que chaque mot doit compter.<\/p>\n\n\n\n<p>Voici un r\u00e9sum\u00e9 rapide de la fa\u00e7on dont vous pouvez le faire :<\/p>\n\n\n\n<ul class=\"wp-block-list\">\n<li>Privil\u00e9giez la clart\u00e9 aux clich\u00e9s et aux mots \u00e0 la mode.<\/li>\n\n\n\n<li>Restez concentr\u00e9 sur la valeur que vous apportez.<\/li>\n\n\n\n<li>Incorporez quelques mots-cl\u00e9s sp\u00e9cifiques de la description du poste.<\/li>\n<\/ul>\n\n\n\n<p>Utilisez le g\u00e9n\u00e9rateur de CV d'Undetectable AI pour r\u00e9diger un objectif puissant et soign\u00e9 qui se d\u00e9marque aupr\u00e8s des recruteurs. R\u00e9alisez tout cela en une ou deux phrases et vous aurez d\u00e9j\u00e0 une longueur d'avance sur vos concurrents.<\/p>\n\n\n\n<p>Am\u00e9liorez d\u00e8s aujourd'hui votre mat\u00e9riel de carri\u00e8re avec <a href=\"https:\/\/undetectable.ai\/fr\/\" target=\"_blank\" data-type=\"link\" data-id=\"https:\/\/undetectable.ai\/fr\/\" rel=\"noreferrer noopener\">IA ind\u00e9tectable<\/a>L'\u00e9quipe d'experts de la Commission europ\u00e9enne est votre partenaire privil\u00e9gi\u00e9 pour la r\u00e9daction d'\u00e9crits professionnels et authentiques.<\/p>\n<!--\nDebug List of Changed Links:\nBefore: https:\/\/undetectable.ai\/apps\/ai-resume-builder\/personal-information\nAfter: https:\/\/undetectable.ai\/fr\/apps\/ai-resume-builder\/personal-information\nBefore: https:\/\/undetectable.ai\/smart-applier\nAfter: https:\/\/undetectable.ai\/fr\/smart-applier\nBefore: https:\/\/undetectable.ai\/cover-letter-generator\nAfter: https:\/\/undetectable.ai\/fr\/cover-letter-generator\nBefore: https:\/\/undetectable.ai\/\nAfter: https:\/\/undetectable.ai\/fr\/\nBefore: https:\/\/undetectable.ai\/apps\/ai-resume-builder\/get-started\nAfter: https:\/\/undetectable.ai\/fr\/apps\/ai-resume-builder\/get-started\nBefore: https:\/\/undetectable.ai\/apps\/ai-resume-builder\/get-started\nAfter: https:\/\/undetectable.ai\/fr\/apps\/ai-resume-builder\/get-started\nBefore: https:\/\/undetectable.ai\/\nAfter: https:\/\/undetectable.ai\/fr\/\n-->","protected":false},"excerpt":{"rendered":"","protected":false},"author":15,"featured_media":15139,"comment_status":"closed","ping_status":"closed","sticky":false,"template":"","format":"standard","meta":{"_themeisle_gutenberg_block_has_review":false,"footnotes":""},"categories":[31],"tags":[],"class_list":["post-15135","post","type-post","status-publish","format-standard","has-post-thumbnail","hentry","category-helpful-ai-content-tips"],"_links":{"self":[{"href":"https:\/\/undetectable.ai/blog\/fr\/wp-json\/wp\/v2\/posts\/15135","targetHints":{"allow":["GET"]}}],"collection":[{"href":"https:\/\/undetectable.ai/blog\/fr\/wp-json\/wp\/v2\/posts"}],"about":[{"href":"https:\/\/undetectable.ai/blog\/fr\/wp-json\/wp\/v2\/types\/post"}],"author":[{"embeddable":true,"href":"https:\/\/undetectable.ai/blog\/fr\/wp-json\/wp\/v2\/users\/15"}],"replies":[{"embeddable":true,"href":"https:\/\/undetectable.ai/blog\/fr\/wp-json\/wp\/v2\/comments?post=15135"}],"version-history":[{"count":5,"href":"https:\/\/undetectable.ai/blog\/fr\/wp-json\/wp\/v2\/posts\/15135\/revisions"}],"predecessor-version":[{"id":16554,"href":"https:\/\/undetectable.ai/blog\/fr\/wp-json\/wp\/v2\/posts\/15135\/revisions\/16554"}],"wp:featuredmedia":[{"embeddable":true,"href":"https:\/\/undetectable.ai/blog\/fr\/wp-json\/wp\/v2\/media\/15139"}],"wp:attachment":[{"href":"https:\/\/undetectable.ai/blog\/fr\/wp-json\/wp\/v2\/media?parent=15135"}],"wp:term":[{"taxonomy":"category","embeddable":true,"href":"https:\/\/undetectable.ai/blog\/fr\/wp-json\/wp\/v2\/categories?post=15135"},{"taxonomy":"post_tag","embeddable":true,"href":"https:\/\/undetectable.ai/blog\/fr\/wp-json\/wp\/v2\/tags?post=15135"}],"curies":[{"name":"wp","href":"https:\/\/api.w.org\/{rel}","templated":true}]}}