{"id":6378,"date":"2025-02-20T18:12:00","date_gmt":"2025-02-20T18:12:00","guid":{"rendered":"https:\/\/undetectable.ai/blog\/?p=6378"},"modified":"2026-04-20T06:55:01","modified_gmt":"2026-04-20T06:55:01","slug":"les-meilleures-competences-a-faire-figurer-sur-un-cv","status":"publish","type":"post","link":"https:\/\/undetectable.ai/blog\/fr\/les-meilleures-competences-a-faire-figurer-sur-un-cv\/","title":{"rendered":"Les meilleures comp\u00e9tences \u00e0 faire figurer sur un CV et comment les mettre en valeur"},"content":{"rendered":"<p>Pourquoi certains CV sont-ils rappel\u00e9s alors que d'autres sont ignor\u00e9s ? <\/p>\n\n\n\n<p>Parce que les meilleurs mettent en \u00e9vidence les bonnes comp\u00e9tences \u00e0 faire figurer sur le CV d'une mani\u00e8re qui attire l'attention du recruteur.<\/p>\n\n\n\n<p>Mais que faut-il inclure exactement ? Et comment pr\u00e9senter vos comp\u00e9tences de mani\u00e8re accrocheuse ?<\/p>\n\n\n\n<p>Dans ce guide, vous d\u00e9couvrirez les meilleures comp\u00e9tences mat\u00e9rielles et immat\u00e9rielles \u00e0 faire figurer sur un CV, o\u00f9 les \u00e9num\u00e9rer et comment les optimiser pour l'ATS et les recruteurs.<\/p>\n\n\n\n<p>Commen\u00e7ons par l'essentiel : pourquoi la section \"Comp\u00e9tences\" du CV est-elle importante ?<\/p>\n\n\n\n<h2 class=\"wp-block-heading\">L'impact des comp\u00e9tences du CV sur les d\u00e9cisions d'embauche<\/h2>\n\n\n\n<p>Lorsque les responsables du recrutement examinent les CV, ils accordent une attention particuli\u00e8re \u00e0 la section des comp\u00e9tences, qu'il s'agisse de comp\u00e9tences mat\u00e9rielles ou immat\u00e9rielles.<\/p>\n\n\n\n<p>Les comp\u00e9tences d\u00e9terminent si vous avez ce qu'il faut pour occuper le poste et, dans de nombreux cas, elles d\u00e9terminent vos chances d'obtenir un entretien.<\/p>\n\n\n\n<p>Filtrer les CV par comp\u00e9tences est le moyen le plus rapide pour les employeurs de trier des centaines de candidatures.<\/p>\n\n\n\n<p>Cela signifie que vos chances de survivre \u00e0 cette phase de filtrage d\u00e9pendent fortement des comp\u00e9tences que vous avez inscrites sur votre CV.<\/p>\n\n\n\n<p>De nombreux employeurs automatisent d\u00e9sormais cette phase \u00e0 l'aide d'un syst\u00e8me de suivi des candidats (ATS).<\/p>\n\n\n\n<h3 class=\"wp-block-heading\">Le r\u00f4le des comp\u00e9tences dans les syst\u00e8mes de suivi des candidatures (ATS)<\/h3>\n\n\n\n<p>Avant que votre CV ne parvienne \u00e0 des yeux humains, il doit souvent passer par un processus d'\u00e9valuation. <a href=\"https:\/\/www.oracle.com\/pk\/human-capital-management\/recruiting\/what-is-applicant-tracking-system\/\" target=\"_blank\" rel=\"noreferrer noopener\">Syst\u00e8me de suivi des candidats<\/a> (ATS). <\/p>\n\n\n\n<p>Ces syst\u00e8mes analysent et classent les CV en fonction de mots-cl\u00e9s, y compris de comp\u00e9tences sp\u00e9cifiques.<\/p>\n\n\n\n<p>Leur objectif est d'\u00e9carter les candidats qui ne r\u00e9pondent pas aux crit\u00e8res de base du poste. <\/p>\n\n\n\n<p>Certains syst\u00e8mes recherchent des correspondances exactes, tandis que d'autres attribuent des notes en fonction du nombre de comp\u00e9tences pertinentes figurant dans votre CV.<\/p>\n\n\n\n<p>Ainsi, si votre CV ne contient pas les bons mots-cl\u00e9s bas\u00e9s sur les comp\u00e9tences, le syst\u00e8me peut automatiquement le rejeter, m\u00eame si vous \u00eates techniquement qualifi\u00e9.<\/p>\n\n\n\n<p>C'est pourquoi vous devez garder \u00e0 l'esprit les termes de la description du poste lorsque vous d\u00e9terminez les comp\u00e9tences \u00e0 faire figurer sur votre CV. <\/p>\n\n\n\n<p>En d'autres termes, votre CV doit parler la m\u00eame langue que l'offre d'emploi.<\/p>\n\n\n\n<h2 class=\"wp-block-heading\">Comp\u00e9tences techniques et comp\u00e9tences douces : Quelle est la diff\u00e9rence ?<\/h2>\n\n\n<div class=\"wp-block-image\">\n<figure class=\"aligncenter size-full\"><img loading=\"lazy\" decoding=\"async\" width=\"600\" height=\"400\" src=\"https:\/\/undetectable.ai/blog\/wp-content\/uploads\/2025\/02\/skills.jpg\" alt=\"\" class=\"wp-image-6379\" title=\"\" srcset=\"https:\/\/undetectable.ai/blog\/wp-content\/uploads\/2025\/02\/skills.jpg 600w, https:\/\/undetectable.ai/blog\/wp-content\/uploads\/2025\/02\/skills-300x200.jpg 300w, https:\/\/undetectable.ai/blog\/wp-content\/uploads\/2025\/02\/skills-18x12.jpg 18w\" sizes=\"auto, (max-width: 600px) 100vw, 600px\" \/><\/figure><\/div>\n\n\n<p>Il existe une distinction entre les comp\u00e9tences requises et les comp\u00e9tences souhait\u00e9es.&nbsp;<\/p>\n\n\n\n<p>Les comp\u00e9tences requises sont non n\u00e9gociables en raison de leur valeur et de leur nature technique et mesurable. Nous les appelons \"hard skills\".&nbsp;<\/p>\n\n\n\n<p>Les comp\u00e9tences privil\u00e9gi\u00e9es, quant \u00e0 elles, sont agr\u00e9ables \u00e0 poss\u00e9der, mais ne constituent pas une condition sine qua non. Il s'agit de comp\u00e9tences non techniques.&nbsp;<\/p>\n\n\n\n<p>D\u00e9finissons chacun d'entre eux.&nbsp;<\/p>\n\n\n\n<ul class=\"wp-block-list\">\n<li><strong>Comp\u00e9tences sp\u00e9cifiques<\/strong> sont les capacit\u00e9s concr\u00e8tes et enseignables que l'on acquiert par l'\u00e9ducation formelle, la formation ou l'exp\u00e9rience. Le codage, la comptabilit\u00e9, les langues \u00e9trang\u00e8res, la conception graphique, etc. sont autant d'\u00e9l\u00e9ments que vous pouvez quantifier et prouver. Ces comp\u00e9tences sont souvent sp\u00e9cifiques \u00e0 un emploi et jouent un r\u00f4le majeur dans la d\u00e9termination de vos qualifications.<\/li>\n<\/ul>\n\n\n\n<p><\/p>\n\n\n\n<ul class=\"wp-block-list\">\n<li><strong>Comp\u00e9tences non techniques<\/strong>Les aptitudes professionnelles, quant \u00e0 elles, sont des traits de comportement et des aptitudes interpersonnelles qui influencent la fa\u00e7on dont vous travaillez. La communication, le leadership, l'adaptabilit\u00e9 et la gestion du temps entrent dans cette cat\u00e9gorie. Contrairement aux comp\u00e9tences physiques, elles sont plus difficiles \u00e0 mesurer, mais tout aussi cruciales, voire plus encore dans les fonctions de contact avec la client\u00e8le ou de direction.<\/li>\n<\/ul>\n\n\n\n<p>La plupart des employeurs recherchent un \u00e9quilibre entre les deux.&nbsp;<\/p>\n\n\n\n<p>Vous pourriez \u00eatre le meilleur ing\u00e9nieur logiciel de la pi\u00e8ce, mais si vous avez du mal \u00e0 travailler en \u00e9quipe ou \u00e0 r\u00e9soudre des probl\u00e8mes, vous n'\u00eates peut-\u00eatre pas le bon candidat.<\/p>\n\n\n\n<h2 class=\"wp-block-heading\">Comment choisir les meilleures comp\u00e9tences pour votre CV<\/h2>\n\n\n\n<p>Ce n'est pas en \u00e9num\u00e9rant sans r\u00e9fl\u00e9chir toutes les comp\u00e9tences que vous poss\u00e9dez que vous parviendrez \u00e0 vous faire remarquer par un responsable du recrutement.<\/p>\n\n\n\n<p>Au lieu de cela, vous n'avez besoin que des quelques meilleures comp\u00e9tences \u00e0 mettre sur votre CV pour l'emploi que vous visez.<\/p>\n\n\n\n<p>Voici comment choisir les comp\u00e9tences \u00e0 faire figurer sur un CV.<\/p>\n\n\n\n<h3 class=\"wp-block-heading\">Analyser les comp\u00e9tences requises dans la description du poste<\/h3>\n\n\n\n<p>La premi\u00e8re \u00e9tape consiste \u00e0 lire attentivement l'offre d'emploi et \u00e0 identifier les comp\u00e9tences mat\u00e9rielles et immat\u00e9rielles qu'elle mentionne.<\/p>\n\n\n\n<p>Par exemple, si le poste requiert une \"exp\u00e9rience du service \u00e0 la client\u00e8le\" et une \"ma\u00eetrise d'un logiciel de gestion de la relation client\", vous devez \u00e9num\u00e9rer les comp\u00e9tences qui prouvent que vous r\u00e9pondez \u00e0 ces exigences.<\/p>\n\n\n\n<p>Vous pouvez \u00e9galement utiliser le m\u00eame libell\u00e9 que celui de la description du poste. <\/p>\n\n\n\n<p>De nombreux secteurs s'appuient sur des mots \u00e0 la mode, et le fait de refl\u00e9ter ces termes rend votre CV plus adapt\u00e9 \u00e0 l'ATS.<\/p>\n\n\n\n<h3 class=\"wp-block-heading\">Personnalisez votre section de comp\u00e9tences pour chaque demande d'emploi<\/h3>\n\n\n\n<p>Les employeurs veulent voir une section de comp\u00e9tences qui corresponde \u00e9troitement \u00e0 leur fonction, et non une liste fourre-tout.<\/p>\n\n\n\n<p>\u00c9vitez donc de postuler \u00e0 des emplois, m\u00eame au sein d'un m\u00eame secteur, sans personnaliser votre CV pour chaque poste.&nbsp;<\/p>\n\n\n\n<p>Si vous postulez \u00e0 un poste de responsable marketing dans une entreprise et \u00e0 un poste de strat\u00e8ge num\u00e9rique dans une autre, les comp\u00e9tences de base peuvent se recouper, mais l'accent peut \u00eatre mis diff\u00e9remment.<\/p>\n\n\n\n<p>L'un d'eux peut donner la priorit\u00e9 \u00e0 l'analyse des m\u00e9dias sociaux, tandis que l'autre se concentre sur la publicit\u00e9 payante.<\/p>\n\n\n<div class=\"wp-block-image\">\n<figure class=\"aligncenter size-large\"><img loading=\"lazy\" decoding=\"async\" width=\"1024\" height=\"431\" src=\"https:\/\/undetectable.ai/blog\/wp-content\/uploads\/2025\/02\/Screenshot-2026-03-05-at-4.23.09-AM-copy-1024x431.jpg\" alt=\"Undetectable Ai&#039;s PDF Summarizer (R\u00e9sum\u00e9 PDF ind\u00e9tectable)\" class=\"wp-image-20813\" title=\"\" srcset=\"https:\/\/undetectable.ai/blog\/wp-content\/uploads\/2025\/02\/Screenshot-2026-03-05-at-4.23.09-AM-copy-1024x431.jpg 1024w, https:\/\/undetectable.ai/blog\/wp-content\/uploads\/2025\/02\/Screenshot-2026-03-05-at-4.23.09-AM-copy-300x126.jpg 300w, https:\/\/undetectable.ai/blog\/wp-content\/uploads\/2025\/02\/Screenshot-2026-03-05-at-4.23.09-AM-copy-768x324.jpg 768w, https:\/\/undetectable.ai/blog\/wp-content\/uploads\/2025\/02\/Screenshot-2026-03-05-at-4.23.09-AM-copy-18x8.jpg 18w, https:\/\/undetectable.ai/blog\/wp-content\/uploads\/2025\/02\/Screenshot-2026-03-05-at-4.23.09-AM-copy.jpg 1403w\" sizes=\"auto, (max-width: 1024px) 100vw, 1024px\" \/><\/figure><\/div>\n\n\n<p>Si vous disposez d'une collection d'exemples de CV de professionnels de haut niveau dans votre domaine, ne vous contentez pas de les parcourir.<\/p>\n\n\n\n<p>Vous pouvez utiliser notre IA ind\u00e9tectable. <a href=\"https:\/\/undetectable.ai\/fr\/pdf-summarizer\" target=\"_blank\" rel=\"noreferrer noopener\">R\u00e9sumeur de PDF<\/a> pour analyser des exemples de CV tr\u00e8s performants au format PDF et identifier les comp\u00e9tences les mieux mises en valeur.<\/p>\n\n\n\n<p>L'outil peut recouper plusieurs CV pour trouver le \u201cconsensus des comp\u00e9tences\u201d, c'est-\u00e0-dire les 5 \u00e0 10 mots-cl\u00e9s sp\u00e9cifiques qui apparaissent dans chaque candidature r\u00e9ussie, ce qui vous donne une feuille de route \u00e9tay\u00e9e par des donn\u00e9es pour votre propre section sur les comp\u00e9tences.<\/p>\n\n\n\n<h3 class=\"wp-block-heading\">\u00c9quilibrer les comp\u00e9tences techniques, les comp\u00e9tences non techniques et les comp\u00e9tences techniques<\/h3>\n\n\n\n<p>Combien de comp\u00e9tences devez-vous \u00e9num\u00e9rer ? Et comment trouver la bonne combinaison ? Cela d\u00e9pend du poste.<\/p>\n\n\n\n<p>Voici une r\u00e8gle de base \u00e0 respecter :<\/p>\n\n\n\n<ul class=\"wp-block-list\">\n<li>Pour les fonctions techniques telles que le d\u00e9veloppement de logiciels ou l'analyse de donn\u00e9es, les comp\u00e9tences physiques et techniques devraient dominer.&nbsp;<\/li>\n\n\n\n<li>Pour les fonctions impliquant le travail en \u00e9quipe, le leadership ou la communication, telles que la vente, la gestion de projet ou le service \u00e0 la client\u00e8le, les comp\u00e9tences non techniques ont plus de poids.<\/li>\n<\/ul>\n\n\n\n<p>En fin de compte, il devrait y avoir un m\u00e9lange sain de ces deux types de comp\u00e9tences.<\/p>\n\n\n<div class=\"wp-block-image\">\n<figure class=\"aligncenter size-large\"><img loading=\"lazy\" decoding=\"async\" width=\"1024\" height=\"559\" src=\"https:\/\/undetectable.ai/blog\/wp-content\/uploads\/2025\/04\/AI-SEO-Content-Writer-1-1024x559.jpg\" alt=\"R\u00e9dacteur de contenu SEO \u00e0 l&#039;IA ind\u00e9tectable\" class=\"wp-image-7565\" title=\"\" srcset=\"https:\/\/undetectable.ai/blog\/wp-content\/uploads\/2025\/04\/AI-SEO-Content-Writer-1-1024x559.jpg 1024w, https:\/\/undetectable.ai/blog\/wp-content\/uploads\/2025\/04\/AI-SEO-Content-Writer-1-300x164.jpg 300w, https:\/\/undetectable.ai/blog\/wp-content\/uploads\/2025\/04\/AI-SEO-Content-Writer-1-768x420.jpg 768w, https:\/\/undetectable.ai/blog\/wp-content\/uploads\/2025\/04\/AI-SEO-Content-Writer-1-18x10.jpg 18w, https:\/\/undetectable.ai/blog\/wp-content\/uploads\/2025\/04\/AI-SEO-Content-Writer-1.jpg 1349w\" sizes=\"auto, (max-width: 1024px) 100vw, 1024px\" \/><\/figure><\/div>\n\n\n<p>Pour construire une pr\u00e9sence num\u00e9rique qui valide votre expertise au-del\u00e0 d'un simple document, vous pouvez utiliser notre <a href=\"https:\/\/undetectable.ai\/fr\/ai-seo-writer\" target=\"_blank\" rel=\"noreferrer noopener\">R\u00e9dacteur AI SEO<\/a> pour vous aider \u00e0 r\u00e9diger des articles de r\u00e9f\u00e9rencement qui mettent en valeur et expliquent efficacement vos comp\u00e9tences professionnelles les plus commercialisables.<\/p>\n\n\n\n<p>La publication de guides d\u00e9taill\u00e9s ou d'\u00e9tudes de cas sur votre propre blog cr\u00e9e une trace consultable de vos connaissances, prouvant aux recruteurs que vous \u00eates un expert en la mati\u00e8re plut\u00f4t qu'un simple candidat.<\/p>\n\n\n\n<h2 class=\"wp-block-heading\">Principales comp\u00e9tences difficiles \u00e0 faire figurer sur un CV<\/h2>\n\n\n\n<p>Les comp\u00e9tences techniques jouent un r\u00f4le plus important dans la d\u00e9monstration de votre expertise. <\/p>\n\n\n\n<p>Votre CV est d'autant plus solide que vous mettez en avant des comp\u00e9tences solides et pertinentes.<\/p>\n\n\n\n<p>Voici quelques exemples de comp\u00e9tences difficiles \u00e0 faire figurer sur un CV, en fonction de diff\u00e9rentes cat\u00e9gories de comp\u00e9tences.&nbsp;<\/p>\n\n\n<div class=\"wp-block-image\">\n<figure class=\"aligncenter size-large is-resized\"><img loading=\"lazy\" decoding=\"async\" width=\"1024\" height=\"682\" src=\"https:\/\/undetectable.ai/blog\/wp-content\/uploads\/2025\/02\/coding-924920_1280-1024x682.jpg\" alt=\"\" class=\"wp-image-6380\" style=\"aspect-ratio:1;width:520px;height:auto\" title=\"\" srcset=\"https:\/\/undetectable.ai/blog\/wp-content\/uploads\/2025\/02\/coding-924920_1280-1024x682.jpg 1024w, https:\/\/undetectable.ai/blog\/wp-content\/uploads\/2025\/02\/coding-924920_1280-300x200.jpg 300w, https:\/\/undetectable.ai/blog\/wp-content\/uploads\/2025\/02\/coding-924920_1280-768x512.jpg 768w, https:\/\/undetectable.ai/blog\/wp-content\/uploads\/2025\/02\/coding-924920_1280-18x12.jpg 18w, https:\/\/undetectable.ai/blog\/wp-content\/uploads\/2025\/02\/coding-924920_1280.jpg 1280w\" sizes=\"auto, (max-width: 1024px) 100vw, 1024px\" \/><\/figure><\/div>\n\n\n<h3 class=\"wp-block-heading\">Comp\u00e9tences informatiques<\/h3>\n\n\n\n<p>La plupart des emplois actuels n\u00e9cessitent une interaction avec les ordinateurs d'une mani\u00e8re ou d'une autre. <\/p>\n\n\n\n<p>Il est donc utile d'avoir une bonne ma\u00eetrise d'une comp\u00e9tence informatique pertinente.&nbsp;<\/p>\n\n\n\n<p>Mais si vous postulez \u00e0 un poste d'informaticien, certaines comp\u00e9tences informatiques deviennent indispensables.&nbsp;<\/p>\n\n\n\n<ul class=\"wp-block-list\">\n<li>Suite Microsoft Office (Excel, Word, PowerPoint)<\/li>\n\n\n\n<li>Espace de travail Google (Docs, Sheets, Slides)<\/li>\n\n\n\n<li>Analyse et visualisation de donn\u00e9es (Excel, SQL, Tableau, Power BI)<\/li>\n\n\n\n<li>Langages de programmation (Python, Java, C++, JavaScript)<\/li>\n\n\n\n<li>D\u00e9pannage informatique et mise en r\u00e9seau<\/li>\n\n\n\n<li>Informatique en nuage (AWS, Google Cloud, Azure)<\/li>\n\n\n\n<li>Principes fondamentaux de la cybers\u00e9curit\u00e9<\/li>\n<\/ul>\n\n\n\n<h3 class=\"wp-block-heading\">Comp\u00e9tences en marketing<\/h3>\n\n\n\n<p>Dans le domaine du marketing, les employeurs recherchent g\u00e9n\u00e9ralement des candidats qui comprennent le comportement des consommateurs, les tendances num\u00e9riques et la mani\u00e8re de concevoir des campagnes convaincantes.<\/p>\n\n\n\n<p>Voici quelques bonnes comp\u00e9tences \u00e0 faire figurer sur un CV pour un emploi dans le domaine du marketing :<\/p>\n\n\n\n<ul class=\"wp-block-list\">\n<li>Optimisation des moteurs de recherche (SEO) et marketing des moteurs de recherche (SEM)<\/li>\n\n\n\n<li>Marketing des m\u00e9dias sociaux (Facebook Ads, Instagram, LinkedIn)<\/li>\n\n\n\n<li>Marketing par courriel et automatisation (Mailchimp, HubSpot)<\/li>\n\n\n\n<li>Marketing de contenu et r\u00e9daction<\/li>\n\n\n\n<li>Google Analytics et interpr\u00e9tation des donn\u00e9es<\/li>\n\n\n\n<li>Strat\u00e9gie et positionnement de la marque<\/li>\n\n\n\n<li>Publicit\u00e9 payante (Google Ads, publicit\u00e9 programmatique)<\/li>\n<\/ul>\n\n\n\n<h3 class=\"wp-block-heading\">Comp\u00e9tences r\u00e9dactionnelles<\/h3>\n\n\n\n<p>Apr\u00e8s les comp\u00e9tences informatiques, les comp\u00e9tences r\u00e9dactionnelles sont pr\u00e9cieuses dans tous les secteurs d'activit\u00e9.&nbsp;<\/p>\n\n\n\n<p>Si l'emploi que vous convoitez implique une communication \u00e9crite, pensez \u00e0 (apprendre et ensuite) lister ces comp\u00e9tences li\u00e9es \u00e0 l'\u00e9criture :<\/p>\n\n\n\n<ul class=\"wp-block-list\">\n<li>R\u00e9daction technique et documentation<\/li>\n\n\n\n<li>R\u00e9daction et cr\u00e9ation de contenu<\/li>\n\n\n\n<li>R\u00e9daction et relecture<\/li>\n\n\n\n<li>R\u00e9daction de subventions et \u00e9laboration de propositions<\/li>\n\n\n\n<li>Communication d'entreprise et professionnelle<\/li>\n\n\n\n<li>R\u00e9daction de blogs et de contenus ax\u00e9s sur le r\u00e9f\u00e9rencement<\/li>\n\n\n\n<li>L'\u00e9criture de sc\u00e9narios et la narration<\/li>\n<\/ul>\n\n\n\n<h3 class=\"wp-block-heading\">Comp\u00e9tences en mati\u00e8re de communication<\/h3>\n\n\n\n<p>Bien que la communication soit souvent consid\u00e9r\u00e9e comme une comp\u00e9tence non technique, certains secteurs d'activit\u00e9 exigent des capacit\u00e9s de communication sp\u00e9cifiques et structur\u00e9es. <\/p>\n\n\n\n<p>Ils sont mesurables et peuvent \u00eatre appris par l'exp\u00e9rience ou la formation.<\/p>\n\n\n\n<p>Les employeurs appr\u00e9cient les comp\u00e9tences suivantes en mati\u00e8re de communication :<\/p>\n\n\n\n<ul class=\"wp-block-list\">\n<li>Prise de parole en public et pr\u00e9sentation d'expos\u00e9s<\/li>\n\n\n\n<li>Techniques de n\u00e9gociation et de persuasion<\/li>\n\n\n\n<li>R\u00e9daction de rapports et correspondance commerciale<\/li>\n\n\n\n<li>Communication avec les clients et gestion des parties prenantes<\/li>\n\n\n\n<li>Comp\u00e9tences multilingues ou traduction<\/li>\n\n\n\n<li>Communication de crise et relations avec les m\u00e9dias<\/li>\n\n\n\n<li>R\u00e9daction de documents juridiques et techniques<\/li>\n<\/ul>\n\n\n\n<h3 class=\"wp-block-heading\">Comp\u00e9tences en mati\u00e8re de gestion de projet<\/h3>\n\n\n\n<p>Chaque secteur d'activit\u00e9 a besoin d'un chef de projet qui planifie, ex\u00e9cute et supervise les projets de mani\u00e8re efficace.<\/p>\n\n\n\n<p>Vous pouvez d\u00e9montrer votre capacit\u00e9 \u00e0 g\u00e9rer des t\u00e2ches et des \u00e9quipes gr\u00e2ce \u00e0 ces comp\u00e9tences :<\/p>\n\n\n\n<ul class=\"wp-block-list\">\n<li>Planification et programmation de projets (diagrammes de Gantt, Agile, Scrum)<\/li>\n\n\n\n<li>Budg\u00e9tisation et estimation des co\u00fbts<\/li>\n\n\n\n<li>Gestion des risques et r\u00e9solution des probl\u00e8mes<\/li>\n\n\n\n<li>Allocation des ressources et coordination de l'\u00e9quipe<\/li>\n\n\n\n<li>Optimisation des processus et automatisation des flux de travail<\/li>\n\n\n\n<li><a href=\"https:\/\/productive.io\/blog\/best-project-management-software\/\" data-type=\"link\" data-id=\"https:\/\/productive.io\/blog\/best-project-management-software\/\" target=\"_blank\" rel=\"noopener\">Logiciel de gestion de projet<\/a> (Trello, Asana, Jira, MS Project)<\/li>\n\n\n\n<li>Suivi des indicateurs cl\u00e9s de performance et analyse des performances<\/li>\n<\/ul>\n\n\n\n<h3 class=\"wp-block-heading\">Design et comp\u00e9tences cr\u00e9atives<\/h3>\n\n\n\n<p>Si vous visez des emplois dans le domaine de la conception graphique, du d\u00e9veloppement de produits ou de la cr\u00e9ation de contenu, les employeurs attendront de vous des comp\u00e9tences techniques en mati\u00e8re de conception et une vision cr\u00e9ative forte.<\/p>\n\n\n\n<p>Vous trouverez ci-dessous les principales comp\u00e9tences \u00e0 faire figurer dans un CV pour ce type d'emploi :<\/p>\n\n\n\n<ul class=\"wp-block-list\">\n<li>Conception graphique (Adobe Photoshop, Illustrator, InDesign)<\/li>\n\n\n\n<li>Conception UX\/UI (Figma, Sketch, Adobe XD)<\/li>\n\n\n\n<li>Montage vid\u00e9o et motion graphics (Premiere Pro, After Effects)<\/li>\n\n\n\n<li>Web design et d\u00e9veloppement front-end (HTML, CSS, WordPress, Javascript, React Native)<\/li>\n\n\n\n<li>Photographie et narration visuelle<\/li>\n\n\n\n<li>Conception de la marque et de l'identit\u00e9<\/li>\n\n\n\n<li>Mod\u00e9lisation et animation 3D (Blender, AutoCAD)<\/li>\n<\/ul>\n\n\n\n<h2 class=\"wp-block-heading\">Principales comp\u00e9tences non techniques \u00e0 faire figurer sur un curriculum vitae<\/h2>\n\n\n\n<p>Alors que les comp\u00e9tences mat\u00e9rielles montrent ce que vous pouvez faire, les comp\u00e9tences immat\u00e9rielles indiquent aux employeurs comment vous travaillez.&nbsp;<\/p>\n\n\n\n<p>Les candidats capables de collaborer, de faire preuve d'esprit critique et de s'adapter \u00e0 des environnements changeants sont privil\u00e9gi\u00e9s par les responsables du recrutement.&nbsp;<\/p>\n\n\n\n<p>Pour \u00eatre un candidat plus complet, il faut donc rechercher dans la liste suivante quelques bonnes comp\u00e9tences non techniques \u00e0 faire figurer sur un CV.<\/p>\n\n\n<div class=\"wp-block-image\">\n<figure class=\"aligncenter size-large is-resized\"><img loading=\"lazy\" decoding=\"async\" width=\"1024\" height=\"684\" src=\"https:\/\/undetectable.ai/blog\/wp-content\/uploads\/2025\/02\/teacher-1024x684.jpg\" alt=\"\" class=\"wp-image-6381\" style=\"width:573px;height:auto\" title=\"\" srcset=\"https:\/\/undetectable.ai/blog\/wp-content\/uploads\/2025\/02\/teacher-1024x684.jpg 1024w, https:\/\/undetectable.ai/blog\/wp-content\/uploads\/2025\/02\/teacher-300x200.jpg 300w, https:\/\/undetectable.ai/blog\/wp-content\/uploads\/2025\/02\/teacher-768x513.jpg 768w, https:\/\/undetectable.ai/blog\/wp-content\/uploads\/2025\/02\/teacher-1536x1025.jpg 1535w, https:\/\/undetectable.ai/blog\/wp-content\/uploads\/2025\/02\/teacher-scaled.jpg 1534w, https:\/\/undetectable.ai/blog\/wp-content\/uploads\/2025\/02\/teacher-18x12.jpg 18w\" sizes=\"auto, (max-width: 1024px) 100vw, 1024px\" \/><\/figure><\/div>\n\n\n<h3 class=\"wp-block-heading\">Communication et comp\u00e9tences interpersonnelles<\/h3>\n\n\n\n<p>Les lieux de travail prosp\u00e8rent gr\u00e2ce \u00e0 une communication saine et efficace. C'est pourquoi de solides comp\u00e9tences interpersonnelles vous permettront toujours de vous d\u00e9marquer.<\/p>\n\n\n\n<p>Pensez \u00e0 inclure ces capacit\u00e9s de communication cl\u00e9s :<\/p>\n\n\n\n<ul class=\"wp-block-list\">\n<li>Communication verbale et \u00e9crite<\/li>\n\n\n\n<li>\u00c9coute active et intelligence \u00e9motionnelle<\/li>\n\n\n\n<li>R\u00e9solution des conflits et m\u00e9diation<\/li>\n\n\n\n<li>N\u00e9gociation et persuasion<\/li>\n\n\n\n<li>Comp\u00e9tences en mati\u00e8re de prise de parole en public et de pr\u00e9sentation<\/li>\n\n\n\n<li>Collaboration interfonctionnelle<\/li>\n\n\n\n<li>Donner et recevoir un retour d'information constructif<\/li>\n<\/ul>\n\n\n\n<h3 class=\"wp-block-heading\">Comp\u00e9tences en mati\u00e8re de leadership et de travail d'\u00e9quipe<\/h3>\n\n\n\n<p>Outre la connaissance de votre travail principal, avez-vous le potentiel pour \u00eatre un leader et inspirer des \u00e9quipes \u00e0 collaborer ?&nbsp;<\/p>\n\n\n\n<p>De solides comp\u00e9tences en mati\u00e8re de leadership et de travail d'\u00e9quipe d\u00e9montrent que vous pouvez travailler en bonne intelligence avec les autres et obtenir des r\u00e9sultats.<\/p>\n\n\n\n<p>Ces comp\u00e9tences peuvent enrichir votre CV :<\/p>\n\n\n\n<ul class=\"wp-block-list\">\n<li>Collaboration au sein de l'\u00e9quipe et coordination interfonctionnelle<\/li>\n\n\n\n<li>D\u00e9l\u00e9gation et gestion des t\u00e2ches<\/li>\n\n\n\n<li>Prise de d\u00e9cision et r\u00e9solution de probl\u00e8mes sous pression<\/li>\n\n\n\n<li>Mentorat et accompagnement des jeunes employ\u00e9s<\/li>\n\n\n\n<li>R\u00e9solution des conflits au sein des \u00e9quipes<\/li>\n\n\n\n<li>Planification strat\u00e9gique et fixation d'objectifs<\/li>\n\n\n\n<li>Capacit\u00e9 d'adaptation dans les r\u00f4les de direction<\/li>\n<\/ul>\n\n\n\n<h3 class=\"wp-block-heading\">R\u00e9solution de probl\u00e8mes et esprit critique<\/h3>\n\n\n\n<p>Chaque emploi comporte des d\u00e9fis, et les employeurs recherchent des candidats capables d'analyser les probl\u00e8mes, de faire preuve d'esprit critique et de trouver des solutions cr\u00e9atives.&nbsp;<\/p>\n\n\n\n<p>La capacit\u00e9 \u00e0 \u00e9valuer une situation et \u00e0 prendre des d\u00e9cisions \u00e9clair\u00e9es est un atout pr\u00e9cieux.<\/p>\n\n\n\n<p>Voici quelques bonnes comp\u00e9tences \u00e0 faire figurer dans un CV \u00e0 cette fin :<\/p>\n\n\n\n<ul class=\"wp-block-list\">\n<li>Pens\u00e9e analytique et raisonnement logique<\/li>\n\n\n\n<li>Prise de d\u00e9cision et \u00e9valuation des risques<\/li>\n\n\n\n<li>D\u00e9pannage et diagnostic des probl\u00e8mes<\/li>\n\n\n\n<li>R\u00e9solution cr\u00e9ative de probl\u00e8mes et innovation<\/li>\n\n\n\n<li><a href=\"https:\/\/www.tableau.com\/analytics\/what-is-root-cause-analysis\" target=\"_blank\" rel=\"noreferrer noopener\">Analyse des causes profondes<\/a> et l'am\u00e9lioration des processus<\/li>\n\n\n\n<li>R\u00e9flexion strat\u00e9gique et anticipation<\/li>\n\n\n\n<li>Gestion de crise et r\u00e9action rapide<\/li>\n<\/ul>\n\n\n\n<h3 class=\"wp-block-heading\">Gestion du temps et comp\u00e9tences organisationnelles<\/h3>\n\n\n\n<p>Avec les \u00e9ch\u00e9ances, le multit\u00e2che et les priorit\u00e9s changeantes, la gestion du temps est essentielle dans presque toutes les professions.&nbsp;<\/p>\n\n\n\n<p>Pensez \u00e0 mentionner ces comp\u00e9tences de gestion du temps dans votre CV, le cas \u00e9ch\u00e9ant :<\/p>\n\n\n\n<ul class=\"wp-block-list\">\n<li>Hi\u00e9rarchisation des t\u00e2ches et gestion des d\u00e9lais<\/li>\n\n\n\n<li>Multit\u00e2che et efficacit\u00e9<\/li>\n\n\n\n<li>Fixation d'objectifs et suivi de la productivit\u00e9<\/li>\n\n\n\n<li>Gestion de l'agenda et planification<\/li>\n\n\n\n<li>Sens de l'organisation et souci du d\u00e9tail<\/li>\n\n\n\n<li>Auto-motivation et travail ind\u00e9pendant<\/li>\n\n\n\n<li>Capacit\u00e9 d'adaptation \u00e0 des environnements en \u00e9volution rapide<\/li>\n<\/ul>\n\n\n\n<h3 class=\"wp-block-heading\">Service \u00e0 la client\u00e8le et comp\u00e9tences relationnelles<\/h3>\n\n\n\n<p>Vous postulez \u00e0 des postes en contact direct avec la client\u00e8le ? Montrez-leur que vous avez des comp\u00e9tences en mati\u00e8re de service \u00e0 la client\u00e8le.<\/p>\n\n\n\n<p>Voyez quelles sont les comp\u00e9tences que vous poss\u00e9dez d\u00e9j\u00e0 :<\/p>\n\n\n\n<ul class=\"wp-block-list\">\n<li>Relations avec les clients et gestion des comptes<\/li>\n\n\n\n<li>\u00c9coute active et empathie<\/li>\n\n\n\n<li>R\u00e9solution des conflits et des probl\u00e8mes<\/li>\n\n\n\n<li>Patience et intelligence \u00e9motionnelle<\/li>\n\n\n\n<li>\u00c9tablissement de rapports et engagement des clients<\/li>\n\n\n\n<li>Traitement des plaintes et strat\u00e9gies de d\u00e9sescalade<\/li>\n\n\n\n<li>Techniques de r\u00e9tention et de fid\u00e9lisation<\/li>\n<\/ul>\n\n\n\n<h2 class=\"wp-block-heading\">Comment \u00e9num\u00e9rer efficacement les comp\u00e9tences dans un CV ?<\/h2>\n\n\n\n<p>Savoir quelles comp\u00e9tences faire figurer sur un CV ne repr\u00e9sente que la moiti\u00e9 du travail. Vous devez \u00e9galement savoir comment les pr\u00e9senter dans le bon contexte.&nbsp;<\/p>\n\n\n\n<p>Voici comment cela fonctionne.<\/p>\n\n\n\n<h3 class=\"wp-block-heading\">O\u00f9 placer les comp\u00e9tences sur votre CV ?<\/h3>\n\n\n\n<p>La fa\u00e7on la plus courante de mettre en valeur les comp\u00e9tences que vous avez inscrites sur votre CV est de le faire \u00e0 l'aide d'une page d\u00e9di\u00e9e. <strong>Comp\u00e9tences<\/strong> section. C'est une \u00e9vidence.<\/p>\n\n\n\n<p>Au-del\u00e0 de cette section, vous devez utiliser votre <strong>Exp\u00e9rience professionnelle<\/strong> pour prouver que vous ma\u00eetrisez ces comp\u00e9tences.&nbsp;<\/p>\n\n\n\n<p>Si vous avez indiqu\u00e9 des comp\u00e9tences en gestion de projet dans la section Comp\u00e9tences, votre section Exp\u00e9rience professionnelle peut inclure quelque chose comme \"A dirig\u00e9 une \u00e9quipe interfonctionnelle pour mener \u00e0 bien un projet de mise en \u0153uvre de logiciel avec deux semaines d'avance sur le calendrier\".&nbsp;<\/p>\n\n\n\n<p>Enfin, le r\u00e9sum\u00e9 figurant en t\u00eate de votre CV doit \u00e9galement mettre en valeur vos points forts afin de donner une premi\u00e8re impression forte.<\/p>\n\n\n\n<h3 class=\"wp-block-heading\">Conseils de formatage<\/h3>\n\n\n\n<p>Dans la section \"Comp\u00e9tences\", il est pr\u00e9f\u00e9rable d'utiliser des puces ou des listes cat\u00e9goris\u00e9es (par exemple, \"Comp\u00e9tences techniques\" et \"Comp\u00e9tences en mati\u00e8re de leadership\") pour pr\u00e9senter les comp\u00e9tences.&nbsp;<\/p>\n\n\n\n<p>Je ne saurais trop insister sur l'importance de regrouper les comp\u00e9tences connexes.&nbsp;<\/p>\n\n\n\n<p>Par exemple, il est pr\u00e9f\u00e9rable de placer les comp\u00e9tences \"Excel, Google Sheets, analyse de donn\u00e9es\" dans une section distincte \"Analyse de donn\u00e9es et rapports\" plut\u00f4t que de les m\u00e9langer avec d'autres types de comp\u00e9tences.<\/p>\n\n\n\n<p>Cela rend votre CV plus lisible car les recruteurs (et les ATS) peuvent d\u00e9sormais rep\u00e9rer rapidement les domaines d'expertise d'un seul coup d'\u0153il.<\/p>\n\n\n\n<h2 class=\"wp-block-heading\">Comment quantifier et mettre en valeur vos comp\u00e9tences avec des r\u00e9alisations<\/h2>\n\n\n\n<p>Les employeurs ne veulent pas seulement voir des comp\u00e9tences isol\u00e9es. Ils veulent des preuves de la mani\u00e8re dont vous les avez appliqu\u00e9es dans un cadre professionnel.<\/p>\n\n\n\n<p>La quantification de vos comp\u00e9tences est l'un des moyens d'apporter cette preuve.<\/p>\n\n\n\n<p>Les chiffres et les donn\u00e9es rendent instantan\u00e9ment vos comp\u00e9tences plus cr\u00e9dibles. Par exemple, laquelle des versions suivantes semble la plus convaincante ?<\/p>\n\n\n\n<ol class=\"wp-block-list\">\n<li><em>Exp\u00e9rience de la gestion d'\u00e9quipe<\/em><\/li>\n\n\n\n<li><em>A dirig\u00e9 une \u00e9quipe de 10 personnes dans un environnement de vente sous haute pression, augmentant le chiffre d'affaires de 25% en l'espace de six mois gr\u00e2ce \u00e0 des am\u00e9liorations strat\u00e9giques des processus.<\/em><\/li>\n<\/ol>\n\n\n\n<p>La seconde version appara\u00eet clairement plus cr\u00e9dible car elle donne du poids \u00e0 votre affirmation. <\/p>\n\n\n\n<p>Et il s'agissait d'exemples hypoth\u00e9tiques. En r\u00e9alit\u00e9, vous pouvez inclure des d\u00e9tails plus sp\u00e9cifiques dans vos affirmations.<\/p>\n\n\n\n<p>La d\u00e9claration dans la deuxi\u00e8me version suit la <a href=\"https:\/\/en.wikipedia.org\/wiki\/Situation,_task,_action,_result\" target=\"_blank\" rel=\"noreferrer noopener\">M\u00e9thode STAR<\/a> (Situation, T\u00e2che, Action, R\u00e9sultat).<\/p>\n\n\n\n<p>C'est un moyen de fournir un contexte, d'expliquer ce que vous avez fait et de mettre en \u00e9vidence les r\u00e9sultats mesurables, le tout dans une d\u00e9claration concise.<\/p>\n\n\n\n<h2 class=\"wp-block-heading\">Meilleures comp\u00e9tences pour un CV par secteur d'activit\u00e9 et type d'emploi<\/h2>\n\n\n\n<p>Le choix des meilleures comp\u00e9tences \u00e0 faire figurer sur le CV d\u00e9pend du secteur d'activit\u00e9 et du type d'emploi.&nbsp;<\/p>\n\n\n\n<p>En incluant la bonne combinaison de comp\u00e9tences mat\u00e9rielles et immat\u00e9rielles, vous pouvez augmenter de mani\u00e8re significative vos chances de s\u00e9lection.<\/p>\n\n\n\n<p>Vous trouverez ci-dessous des comp\u00e9tences sp\u00e9cifiques \u00e0 un secteur d'activit\u00e9, class\u00e9es par cat\u00e9gories, pour aider votre CV \u00e0 se d\u00e9marquer.<\/p>\n\n\n\n<h3 class=\"wp-block-heading\">Comp\u00e9tences en mati\u00e8re de curriculum vitae dans le domaine de l'informatique et de la technologie<\/h3>\n\n\n\n<figure class=\"wp-block-table\"><table class=\"has-fixed-layout\"><tbody><tr><td><strong>Les comp\u00e9tences difficiles \u00e0 acqu\u00e9rir<\/strong><\/td><td><strong>Comp\u00e9tences non techniques<\/strong><\/td><td><strong>Comp\u00e9tences sp\u00e9cifiques \u00e0 l'industrie<\/strong><\/td><\/tr><tr><td>Programmation (Python, Java, SQL)<\/td><td>R\u00e9solution de probl\u00e8mes<\/td><td>Sensibilisation \u00e0 la cybers\u00e9curit\u00e9<\/td><\/tr><tr><td>Informatique en nuage (AWS, Azure)<\/td><td>Adaptabilit\u00e9<\/td><td>M\u00e9thodologies Agile et Scrum<\/td><\/tr><tr><td>Analyse de donn\u00e9es et IA<\/td><td>Collaboration d'\u00e9quipe<\/td><td>Assistance informatique et d\u00e9pannage<\/td><\/tr><tr><td>Conception UI\/UX<\/td><td>Communication<\/td><td>DevOps et automatisation<\/td><\/tr><tr><td>Gestion des bases de donn\u00e9es<\/td><td>Pens\u00e9e critique<\/td><td>D\u00e9veloppement web (HTML, CSS, JavaScript)<\/td><\/tr><\/tbody><\/table><\/figure>\n\n\n\n<h3 class=\"wp-block-heading\">Comp\u00e9tences en finance et comptabilit\u00e9<\/h3>\n\n\n\n<figure class=\"wp-block-table\"><table class=\"has-fixed-layout\"><tbody><tr><td><strong>Les comp\u00e9tences difficiles \u00e0 acqu\u00e9rir<\/strong><\/td><td><strong>Comp\u00e9tences non techniques<\/strong><\/td><td><strong>Comp\u00e9tences sp\u00e9cifiques \u00e0 l'industrie<\/strong><\/td><\/tr><tr><td>Analyse financi\u00e8re<\/td><td>Le souci du d\u00e9tail<\/td><td>Normes GAAP et IFRS<\/td><\/tr><tr><td>Budg\u00e9tisation et pr\u00e9visions<\/td><td>Int\u00e9grit\u00e9<\/td><td>\u00c9valuation des risques<\/td><\/tr><tr><td>Pr\u00e9paration des imp\u00f4ts<\/td><td>Communication<\/td><td>Proc\u00e9dures d'audit<\/td><\/tr><tr><td>Logiciel de comptabilit\u00e9 (QuickBooks, SAP)<\/td><td>R\u00e9solution de probl\u00e8mes<\/td><td>Strat\u00e9gies d'investissement<\/td><\/tr><tr><td>Rapports financiers<\/td><td>Comp\u00e9tences organisationnelles<\/td><td>Conformit\u00e9 r\u00e9glementaire<\/td><\/tr><\/tbody><\/table><\/figure>\n\n\n\n<h3 class=\"wp-block-heading\">Comp\u00e9tences en mati\u00e8re de curriculum vitae dans le domaine du marketing et de la vente<\/h3>\n\n\n\n<figure class=\"wp-block-table\"><table class=\"has-fixed-layout\"><tbody><tr><td><strong>Les comp\u00e9tences difficiles \u00e0 acqu\u00e9rir<\/strong><\/td><td><strong>Comp\u00e9tences non techniques<\/strong><\/td><td><strong>Comp\u00e9tences sp\u00e9cifiques \u00e0 l'industrie<\/strong><\/td><\/tr><tr><td>SEO &amp; SEM<\/td><td>Persuasion<\/td><td>Publicit\u00e9 num\u00e9rique (PPC, Display Ads)<\/td><\/tr><tr><td>Gestion des m\u00e9dias sociaux<\/td><td>Cr\u00e9ativit\u00e9<\/td><td>\u00c9tudes de march\u00e9 et analyses<\/td><\/tr><tr><td>Marketing par courrier \u00e9lectronique<\/td><td>N\u00e9gociation<\/td><td>Positionnement de la marque<\/td><\/tr><tr><td>Logiciel CRM (Salesforce, HubSpot)<\/td><td>Communication<\/td><td>G\u00e9n\u00e9ration de leads<\/td><\/tr><tr><td>Strat\u00e9gie de contenu<\/td><td>Adaptabilit\u00e9<\/td><td>Optimisation du taux de conversion<\/td><\/tr><\/tbody><\/table><\/figure>\n\n\n\n<h3 class=\"wp-block-heading\">Comp\u00e9tences en mati\u00e8re de curriculum vitae d'ing\u00e9nieur<\/h3>\n\n\n\n<figure class=\"wp-block-table\"><table class=\"has-fixed-layout\"><tbody><tr><td><strong>Les comp\u00e9tences difficiles \u00e0 acqu\u00e9rir<\/strong><\/td><td><strong>Comp\u00e9tences non techniques<\/strong><\/td><td><strong>Comp\u00e9tences sp\u00e9cifiques \u00e0 l'industrie<\/strong><\/td><\/tr><tr><td>Logiciel de CAO (AutoCAD, SolidWorks)<\/td><td>R\u00e9solution de probl\u00e8mes<\/td><td>Analyse structurelle<\/td><\/tr><tr><td>Conception et test de circuits<\/td><td>Travail d'\u00e9quipe<\/td><td>Proc\u00e9d\u00e9s de fabrication<\/td><\/tr><tr><td>Robotique et automatisation<\/td><td>Pens\u00e9e critique<\/td><td>Syst\u00e8mes d'\u00e9nergie renouvelable<\/td><\/tr><tr><td>Contr\u00f4le de la qualit\u00e9 et essais<\/td><td>Adaptabilit\u00e9<\/td><td>Gestion du cycle de vie des produits<\/td><\/tr><tr><td>MATLAB et logiciels de simulation<\/td><td>Le souci du d\u00e9tail<\/td><td>Normes de conformit\u00e9 et de s\u00e9curit\u00e9<\/td><\/tr><\/tbody><\/table><\/figure>\n\n\n\n<h3 class=\"wp-block-heading\">Comp\u00e9tences en mati\u00e8re de curriculum vitae dans le domaine de la sant\u00e9<\/h3>\n\n\n\n<figure class=\"wp-block-table\"><table class=\"has-fixed-layout\"><tbody><tr><td><strong>Les comp\u00e9tences difficiles \u00e0 acqu\u00e9rir<\/strong><\/td><td><strong>Comp\u00e9tences non techniques<\/strong><\/td><td><strong>Comp\u00e9tences sp\u00e9cifiques \u00e0 l'industrie<\/strong><\/td><\/tr><tr><td>Soins aux patients<\/td><td>Empathie<\/td><td>Dossiers m\u00e9dicaux \u00e9lectroniques (DME)<\/td><\/tr><tr><td>Codage m\u00e9dical et facturation<\/td><td>Communication<\/td><td>Conformit\u00e9 HIPAA<\/td><\/tr><tr><td>Diagnostics et tests de laboratoire<\/td><td>Le souci du d\u00e9tail<\/td><td>Technologie de la t\u00e9l\u00e9m\u00e9decine<\/td><\/tr><tr><td>Administration des m\u00e9dicaments<\/td><td>R\u00e9solution de probl\u00e8mes<\/td><td>Proc\u00e9dures d'intervention en cas d'urgence<\/td><\/tr><tr><td>Assistance chirurgicale<\/td><td>Collaboration d'\u00e9quipe<\/td><td>Sensibilisation \u00e0 la sant\u00e9 publique<\/td><\/tr><\/tbody><\/table><\/figure>\n\n\n\n<h2 class=\"wp-block-heading\">Les erreurs les plus courantes \u00e0 \u00e9viter en mati\u00e8re de comp\u00e9tences dans les CV<\/h2>\n\n\n\n<p>M\u00eame si vous avez les meilleures comp\u00e9tences \u00e0 faire figurer sur votre CV, des erreurs dans la mani\u00e8re de les pr\u00e9senter peuvent affaiblir votre candidature.<\/p>\n\n\n\n<p>\u00c9vitez ces pi\u00e8ges courants pour que votre CV reste solide et pertinent.<\/p>\n\n\n\n<ul class=\"wp-block-list\">\n<li><strong>L'\u00e9num\u00e9ration d'un trop grand nombre de comp\u00e9tences sans preuve :<\/strong> Une longue liste de comp\u00e9tences sans aucun d\u00e9tail \u00e0 l'appui peut sembler g\u00e9n\u00e9rique ou exag\u00e9r\u00e9e, voire fausse. Par cons\u00e9quent, en plus d'\u00e9num\u00e9rer les comp\u00e9tences, montrez comment vous les avez mises en \u0153uvre en utilisant la m\u00e9thode STAR.<\/li>\n<\/ul>\n\n\n\n<ul class=\"wp-block-list\">\n<li><strong>L'utilisation de mots \u00e0 la mode g\u00e9n\u00e9riques ou surutilis\u00e9s dans les CV :<\/strong> Les recruteurs sont fatigu\u00e9s de lire des mots tels que \"travailleur\", \"esprit d'\u00e9quipe\", \"fonceur\" ou \"soucieux du d\u00e9tail\" parce qu'ils sont surutilis\u00e9s et manquent de sp\u00e9cificit\u00e9. \u00c9vitez donc toujours ces mots et optez plut\u00f4t pour des sp\u00e9cificit\u00e9s ou des mots \u00e0 la mode moins r\u00e9p\u00e9titifs.&nbsp;<\/li>\n<\/ul>\n\n\n\n<ul class=\"wp-block-list\">\n<li><strong>Ne pas adapter les comp\u00e9tences \u00e0 chaque demande d'emploi :<\/strong> Un CV n'est pas un document unique. Vous devrez g\u00e9n\u00e9ralement adapter votre CV m\u00eame si vous postulez \u00e0 un poste l\u00e9g\u00e8rement diff\u00e9rent du pr\u00e9c\u00e9dent. S'il s'agit d'un poste totalement diff\u00e9rent, vous devrez peut-\u00eatre <a href=\"https:\/\/undetectable.ai\/blog\/ai-to-write-your-resume\/\" target=\"_blank\" rel=\"noreferrer noopener\">r\u00e9diger un nouveau curriculum vitae<\/a>.<\/li>\n<\/ul>\n\n\n\n<h2 class=\"wp-block-heading\">Comment optimiser les comp\u00e9tences de votre CV pour les ATS et les recruteurs ?<\/h2>\n\n\n\n<p>Comme je l'ai mentionn\u00e9 pr\u00e9c\u00e9demment, les syst\u00e8mes de suivi des candidats (ATS) filtrent les CV avant m\u00eame qu'ils ne parviennent \u00e0 un recruteur.<\/p>\n\n\n\n<p>Et pour <a href=\"https:\/\/undetectable.ai\/blog\/how-to-beat-ai-resume-screening\/\" target=\"_blank\" rel=\"noreferrer noopener\">battre l'ATS<\/a>Votre CV doit pr\u00e9senter les caract\u00e9ristiques essentielles recherch\u00e9es par le syst\u00e8me.&nbsp;<\/p>\n\n\n\n<p>Veillez donc \u00e0 ce que votre CV utilise les bons mots-cl\u00e9s sans para\u00eetre robotique.<\/p>\n\n\n\n<h3 class=\"wp-block-heading\">Comment identifier et int\u00e9grer les mots-cl\u00e9s du SEA ?<\/h3>\n\n\n\n<p>Les descriptions d'emploi contiennent des mots-cl\u00e9s adapt\u00e9s \u00e0 l'ATS, ce qui devrait \u00eatre votre point de d\u00e9part.&nbsp;<\/p>\n\n\n\n<ul class=\"wp-block-list\">\n<li><strong>Trouver des mots-cl\u00e9s ATS :<\/strong> Commencez par examiner les offres d'emploi \u00e0 la recherche de mots et de phrases fr\u00e9quemment r\u00e9p\u00e9t\u00e9s, en particulier dans les sections \"Responsabilit\u00e9s\" et \"Qualifications\". Recherchez les comp\u00e9tences sp\u00e9cialis\u00e9es, les comp\u00e9tences techniques, les certifications et le jargon du secteur. Si plusieurs offres d'emploi mentionnent certains mots-cl\u00e9s, il s'agit de candidats de choix pour votre section \"comp\u00e9tences\".<\/li>\n<\/ul>\n\n\n\n<ul class=\"wp-block-list\">\n<li><strong>\u00c9viter le bourrage de mots-cl\u00e9s :<\/strong> Le fait de bourrer votre CV de mots-cl\u00e9s excessifs peut le rendre illisible et peut m\u00eame \u00eatre consid\u00e9r\u00e9 par l'ATS comme du spam. Au lieu d'\u00e9num\u00e9rer tous les mots-cl\u00e9s en m\u00eame temps, int\u00e9grez-les dans leur contexte :&nbsp;<\/li>\n<\/ul>\n\n\n\n<ul class=\"wp-block-list\">\n<li><strong>Utilisation d'outils d'analyse gratuits :<\/strong> Des outils en ligne tels que Jobscan, Resume Worded ou m\u00eame un simple g\u00e9n\u00e9rateur de nuages de mots peuvent vous aider \u00e0 analyser les offres d'emploi et \u00e0 identifier les comp\u00e9tences les plus importantes \u00e0 inclure. Ces outils comparent votre CV aux descriptions de postes pour mettre en \u00e9vidence les mots-cl\u00e9s manquants et sugg\u00e9rer des optimisations.<\/li>\n<\/ul>\n\n\n\n<h2 class=\"wp-block-heading\">Comment am\u00e9liorer rapidement votre CV et obtenir plus d'entretiens<\/h2>\n\n\n\n<p>Un bon CV permet aux recruteurs de vous remarquer imm\u00e9diatement.<\/p>\n\n\n\n<p>Si votre CV n'est pas optimis\u00e9 avec les bons mots-cl\u00e9s et le bon formatage, il risque de se perdre dans la pile.&nbsp;<\/p>\n\n\n\n<p>C'est pourquoi nos outils aliment\u00e9s par l'IA facilitent plus que jamais l'\u00e9laboration d'un CV solide et permettent de postuler automatiquement \u00e0 des emplois tout en apprenant les comp\u00e9tences essentielles \u00e0 mettre sur le CV.<\/p>\n\n\n\n<h3 class=\"wp-block-heading\">Cr\u00e9ez en quelques minutes un CV professionnel optimis\u00e9 par l'ATS<\/h3>\n\n\n\n<p>IA ind\u00e9tectables <a href=\"https:\/\/undetectable.ai\/fr\/resume-builder\" target=\"_blank\" rel=\"noreferrer noopener\">Cr\u00e9ateur de curriculum vitae AI<\/a> sugg\u00e8re automatiquement des mots-cl\u00e9s pertinents pour l'industrie et formate votre CV pour qu'il soit compatible avec les ATS.<\/p>\n\n\n\n<p>Voici comment cela fonctionne :<\/p>\n\n\n\n<ul class=\"wp-block-list\">\n<li><strong>Choisissez un mod\u00e8le :<\/strong> Choisissez parmi des mod\u00e8les de CV con\u00e7us par des professionnels pour votre secteur d'activit\u00e9.<\/li>\n<\/ul>\n\n\n\n<ul class=\"wp-block-list\">\n<li><strong>Personnaliser avec les suggestions de l'IA :<\/strong> Notre concepteur intelligent recommande des mots-cl\u00e9s et des expressions de comp\u00e9tences en fonction de votre exp\u00e9rience et de vos pr\u00e9f\u00e9rences professionnelles.<\/li>\n<\/ul>\n\n\n\n<ul class=\"wp-block-list\">\n<li><strong>T\u00e9l\u00e9charger et appliquer :<\/strong> Obtenez votre CV au format PDF ou Word, pr\u00eat \u00e0 impressionner les recruteurs.<\/li>\n<\/ul>\n\n\n\n<h3 class=\"wp-block-heading\">Postulez plus rapidement \u00e0 un emploi gr\u00e2ce \u00e0 Auto Applier<\/h3>\n\n\n\n<p>Les demandes d'emploi prennent du temps, mais pas lorsque vous automatisez le processus.&nbsp;<\/p>\n\n\n\n<p>IA ind\u00e9tectables <a href=\"https:\/\/undetectable.ai\/fr\/smart-applier\" target=\"_blank\" rel=\"noreferrer noopener\">L'applicateur intelligent<\/a> analyse des milliers d'offres d'emploi, adapte votre CV \u00e0 chaque poste et soumet les candidatures \u00e0 votre place.<\/p>\n\n\n<div class=\"wp-block-image\">\n<figure class=\"aligncenter size-large\"><img loading=\"lazy\" decoding=\"async\" width=\"1024\" height=\"455\" src=\"https:\/\/undetectable.ai/blog\/wp-content\/uploads\/2025\/01\/Auto-Job-Applier-1024x455.jpg\" alt=\"Auto Job Applier\" class=\"wp-image-5828\" title=\"\" srcset=\"https:\/\/undetectable.ai/blog\/wp-content\/uploads\/2025\/01\/Auto-Job-Applier-1024x455.jpg 1024w, https:\/\/undetectable.ai/blog\/wp-content\/uploads\/2025\/01\/Auto-Job-Applier-300x133.jpg 300w, https:\/\/undetectable.ai/blog\/wp-content\/uploads\/2025\/01\/Auto-Job-Applier-768x341.jpg 768w, https:\/\/undetectable.ai/blog\/wp-content\/uploads\/2025\/01\/Auto-Job-Applier-18x8.jpg 18w, https:\/\/undetectable.ai/blog\/wp-content\/uploads\/2025\/01\/Auto-Job-Applier.jpg 1390w\" sizes=\"auto, (max-width: 1024px) 100vw, 1024px\" \/><\/figure><\/div>\n\n\n<ul class=\"wp-block-list\">\n<li><strong>Correspondance instantan\u00e9e des CV :<\/strong> T\u00e9l\u00e9chargez votre CV ou synchronisez votre profil LinkedIn, et laissez l'IA mettre en \u00e9vidence les meilleures comp\u00e9tences pour chaque poste.<\/li>\n<\/ul>\n\n\n\n<ul class=\"wp-block-list\">\n<li><strong>D\u00e9finissez vos pr\u00e9f\u00e9rences :<\/strong> D\u00e9finissez les titres de postes, les secteurs d'activit\u00e9 et les lieux, et l'outil trouvera les meilleurs postes \u00e0 pourvoir.<\/li>\n<\/ul>\n\n\n\n<ul class=\"wp-block-list\">\n<li><strong>Application automatique en un seul clic :<\/strong> L'IA personnalise votre CV pour chaque poste et soumet les candidatures pendant que vous vous concentrez sur la pr\u00e9paration des entretiens.<\/li>\n<\/ul>\n\n\n\n<h2 class=\"wp-block-heading\">Comment prouver ses comp\u00e9tences lors d'un entretien ou dans une lettre de motivation ?<\/h2>\n\n\n\n<p>Une fois que vous \u00eates en face d'un responsable du recrutement, il voudra des exemples concrets de la mani\u00e8re dont vous avez appliqu\u00e9 vos comp\u00e9tences sur le lieu de travail.<\/p>\n\n\n\n<p>C'est ici que votre <a href=\"https:\/\/undetectable.ai\/blog\/cover-letter-vs-resume\/\" target=\"_blank\" rel=\"noreferrer noopener\">CV, lettre de motivation<\/a>et les r\u00e9ponses \u00e0 l'entretien doivent se compl\u00e9ter pour mettre en valeur vos comp\u00e9tences.<\/p>\n\n\n\n<h3 class=\"wp-block-heading\">Renforcer les comp\u00e9tences \u00e0 l'aide d'exemples concrets<\/h3>\n\n\n\n<p>Les responsables du recrutement s'int\u00e9ressent \u00e0 l'impact que vous avez eu, et pas seulement aux comp\u00e9tences elles-m\u00eames.&nbsp;<\/p>\n\n\n\n<p>Avoir une comp\u00e9tence et \u00eatre bon dans ce domaine sont deux choses diff\u00e9rentes. Parlez-leur des cas que vous avez trait\u00e9s avec le plus de succ\u00e8s.&nbsp;<\/p>\n\n\n\n<p>Ou, si c'est la premi\u00e8re fois, vous pouvez raconter une histoire personnelle. <a href=\"https:\/\/undetectable.ai\/blog\/how-to-write-an-anecdote\/\" target=\"_blank\" rel=\"noreferrer noopener\">anecdote<\/a> qui est en rapport avec la fonction pour laquelle ils recrutent.<\/p>\n\n\n\n<h3 class=\"wp-block-heading\">Mettre en valeur ses comp\u00e9tences dans sa lettre de motivation<\/h3>\n\n\n\n<p>Votre lettre de motivation doit d\u00e9velopper vos comp\u00e9tences cl\u00e9s plut\u00f4t que de r\u00e9p\u00e9ter votre curriculum vitae. <\/p>\n\n\n\n<p>L'un des moyens consiste \u00e0 d\u00e9crire un d\u00e9fi sp\u00e9cifique, la comp\u00e9tence que vous avez utilis\u00e9e pour le relever et le r\u00e9sultat obtenu.&nbsp;<\/p>\n\n\n\n<p>Si un emploi requiert des \"comp\u00e9tences en mati\u00e8re de r\u00e9solution de probl\u00e8mes\", vous pouvez dire,&nbsp;<\/p>\n\n\n\n<p>\"Dans ma derni\u00e8re entreprise, j'ai identifi\u00e9 des inefficacit\u00e9s dans le processus d'int\u00e9gration et j'ai mis en place un syst\u00e8me automatis\u00e9 qui a permis de r\u00e9duire le temps de formation de 30%.\"<\/p>\n\n\n\n<h3 class=\"wp-block-heading\">R\u00e9pondre aux questions d'entretien comportemental<\/h3>\n\n\n\n<p>Les employeurs demandent souvent : \"Pouvez-vous donner un exemple de moment o\u00f9 vous avez fait preuve de [X comp\u00e9tence] ?\".&nbsp;<\/p>\n\n\n\n<p>Utilisez la m\u00e9thode STAR (Situation, T\u00e2che, Action, R\u00e9sultat) pour structurer vos r\u00e9ponses.&nbsp;<\/p>\n\n\n\n<p>Si vous discutez du travail en \u00e9quipe, ne vous contentez pas de dire \"Je travaille bien en \u00e9quipe\".&nbsp;<\/p>\n\n\n\n<p>Au lieu de cela, partagez une histoire telle que : \"Dans le cadre d'un projet \u00e0 d\u00e9lai serr\u00e9, j'ai coordonn\u00e9 plusieurs services pour rationaliser le flux de travail, ce qui a permis de r\u00e9duire le d\u00e9lai d'ex\u00e9cution de 25%.\"<\/p>\n\n\n\n<h2 class=\"wp-block-heading\">Conclusion<\/h2>\n\n\n\n<p>Les comp\u00e9tences que vous indiquez dans votre CV d\u00e9terminent en grande partie si vous obtiendrez un entretien ou si vous serez ignor\u00e9. Mais vous devez \u00e9galement soigner la pr\u00e9sentation.<\/p>\n\n\n\n<p>Si vous ne savez pas par o\u00f9 commencer, notre <a href=\"https:\/\/undetectable.ai\/fr\/resume-builder\" target=\"_blank\" rel=\"noreferrer noopener\">Cr\u00e9ateur de curriculum vitae AI<\/a> peut vous aider \u00e0 cr\u00e9er un CV optimis\u00e9 et professionnel avec le m\u00e9lange parfait de comp\u00e9tences pour votre secteur d'activit\u00e9. <\/p>\n\n\n\n<p>Et avec notre <a href=\"https:\/\/undetectable.ai\/fr\/smart-applier\" target=\"_blank\" data-type=\"link\" data-id=\"https:\/\/undetectable.ai\/fr\/smart-applier\" rel=\"noreferrer noopener\">Bot de demande d'emploi AI<\/a> vous pouvez postuler instantan\u00e9ment aux meilleures offres d'emploi.<\/p>\n\n\n\n<p>Commencez d\u00e8s aujourd'hui et passez \u00e0 l'\u00e9tape suivante de votre carri\u00e8re !<\/p>\n<!--\nDebug List of Changed Links:\nBefore: https:\/\/undetectable.ai\/pdf-summarizer\nAfter: https:\/\/undetectable.ai\/fr\/pdf-summarizer\nBefore: https:\/\/undetectable.ai\/ai-seo-writer\nAfter: https:\/\/undetectable.ai\/fr\/ai-seo-writer\nBefore: https:\/\/undetectable.ai\/resume-builder\nAfter: https:\/\/undetectable.ai\/fr\/resume-builder\nBefore: https:\/\/undetectable.ai\/smart-applier\nAfter: https:\/\/undetectable.ai\/fr\/smart-applier\nBefore: https:\/\/undetectable.ai\/resume-builder\nAfter: https:\/\/undetectable.ai\/fr\/resume-builder\nBefore: https:\/\/undetectable.ai\/smart-applier\nAfter: https:\/\/undetectable.ai\/fr\/smart-applier\n-->","protected":false},"excerpt":{"rendered":"","protected":false},"author":15,"featured_media":6382,"comment_status":"closed","ping_status":"closed","sticky":false,"template":"","format":"standard","meta":{"_themeisle_gutenberg_block_has_review":false,"footnotes":""},"categories":[31],"tags":[],"class_list":["post-6378","post","type-post","status-publish","format-standard","has-post-thumbnail","hentry","category-helpful-ai-content-tips"],"_links":{"self":[{"href":"https:\/\/undetectable.ai/blog\/fr\/wp-json\/wp\/v2\/posts\/6378","targetHints":{"allow":["GET"]}}],"collection":[{"href":"https:\/\/undetectable.ai/blog\/fr\/wp-json\/wp\/v2\/posts"}],"about":[{"href":"https:\/\/undetectable.ai/blog\/fr\/wp-json\/wp\/v2\/types\/post"}],"author":[{"embeddable":true,"href":"https:\/\/undetectable.ai/blog\/fr\/wp-json\/wp\/v2\/users\/15"}],"replies":[{"embeddable":true,"href":"https:\/\/undetectable.ai/blog\/fr\/wp-json\/wp\/v2\/comments?post=6378"}],"version-history":[{"count":7,"href":"https:\/\/undetectable.ai/blog\/fr\/wp-json\/wp\/v2\/posts\/6378\/revisions"}],"predecessor-version":[{"id":22631,"href":"https:\/\/undetectable.ai/blog\/fr\/wp-json\/wp\/v2\/posts\/6378\/revisions\/22631"}],"wp:featuredmedia":[{"embeddable":true,"href":"https:\/\/undetectable.ai/blog\/fr\/wp-json\/wp\/v2\/media\/6382"}],"wp:attachment":[{"href":"https:\/\/undetectable.ai/blog\/fr\/wp-json\/wp\/v2\/media?parent=6378"}],"wp:term":[{"taxonomy":"category","embeddable":true,"href":"https:\/\/undetectable.ai/blog\/fr\/wp-json\/wp\/v2\/categories?post=6378"},{"taxonomy":"post_tag","embeddable":true,"href":"https:\/\/undetectable.ai/blog\/fr\/wp-json\/wp\/v2\/tags?post=6378"}],"curies":[{"name":"wp","href":"https:\/\/api.w.org\/{rel}","templated":true}]}}