{"id":10183,"date":"2025-06-05T16:20:10","date_gmt":"2025-06-05T16:20:10","guid":{"rendered":"https:\/\/undetectable.ai/blog\/?p=10183"},"modified":"2025-10-01T20:19:28","modified_gmt":"2025-10-01T20:19:28","slug":"mi-az-mla-formatum","status":"publish","type":"post","link":"https:\/\/undetectable.ai/blog\/hu\/mi-az-mla-formatum","title":{"rendered":"Mi az MLA form\u00e1tum? Teljes \u00fatmutat\u00f3\u00a0"},"content":{"rendered":"<p>A b\u00f6lcs\u00e9szettudom\u00e1nyok ter\u00fclet\u00e9n az egyik leggyakrabban haszn\u00e1lt form\u00e1z\u00e1si st\u00edlus az MLA st\u00edlusir\u00e1nyzat, amely n\u00e9pszer\u0171 a di\u00e1kok, a tapasztalt kutat\u00f3k \u00e9s m\u00e1s akad\u00e9mikusok k\u00f6r\u00e9ben. <\/p>\n\n\n\n<p>Ez a cikk az MLA form\u00e1tum alapjait ismerteti.&nbsp;<\/p>\n\n\n\n<p>Gondolkodott m\u00e1r azon, hogy mi is az az MLA form\u00e1tum? <\/p>\n\n\n\n<p>Az al\u00e1bbiakban a sz\u00f6veges id\u00e9zetek, az id\u00e9zett m\u0171vek bejegyz\u00e9sei \u00e9s egy\u00e9b hasznos tippek tal\u00e1lhat\u00f3k. <\/p>\n\n\n\n<p>Olvasson tov\u00e1bb, hogy elkezdhesse.&nbsp;<\/p>\n\n\n\n<hr class=\"wp-block-separator has-alpha-channel-opacity\"\/>\n\n\n\n<p class=\"has-text-align-center\"><strong>A legfontosabb tudnival\u00f3k<\/strong><\/p>\n\n\n\n<ul class=\"wp-block-list\">\n<li>Az MLA form\u00e1tumot sz\u00e9les k\u00f6rben haszn\u00e1lj\u00e1k a hum\u00e1n tudom\u00e1nyokban a k\u00f6vetkezetes szerkezet, id\u00e9zetek \u00e9s st\u00edlus miatt.<\/li>\n<\/ul>\n\n\n\n<p><\/p>\n\n\n\n<ul class=\"wp-block-list\">\n<li>Az MLA legfontosabb oldalbe\u00e1ll\u00edt\u00e1sai k\u00f6z\u00e9 tartozik az 1 h\u00fcvelykes marg\u00f3, a dupla sork\u00f6z \u00e9s a 0,5 h\u00fcvelykes beh\u00faz\u00e1s.<\/li>\n<\/ul>\n\n\n\n<p><\/p>\n\n\n\n<ul class=\"wp-block-list\">\n<li>Az els\u0151 oldalon szerepel a n\u00e9v, az oktat\u00f3, a kurzus \u00e9s a d\u00e1tum, a c\u00edm pedig k\u00f6z\u00e9pre ker\u00fcl.<\/li>\n<\/ul>\n\n\n\n<p><\/p>\n\n\n\n<ul class=\"wp-block-list\">\n<li>A sz\u00f6vegben t\u00f6rt\u00e9n\u0151 id\u00e9z\u00e9s a szerz\u0151-oldal form\u00e1tumot haszn\u00e1lja; a n\u00e9gy sorn\u00e1l hosszabb sz\u00f6vegekn\u00e9l a blokk id\u00e9z\u0151jelek alkalmazand\u00f3k.<\/li>\n<\/ul>\n\n\n\n<p><\/p>\n\n\n\n<ul class=\"wp-block-list\">\n<li>Az id\u00e9zett m\u0171vek oldalain az \u00f6sszes forr\u00e1s \u00e1b\u00e9c\u00e9rendben, f\u00fcgg\u0151 beh\u00faz\u00e1ssal \u00e9s dupla sork\u00f6zzel szerepel.<\/li>\n<\/ul>\n\n\n\n<p><\/p>\n\n\n\n<ul class=\"wp-block-list\">\n<li>Az MLA k\u00fcl\u00f6nb\u00f6zik az APA-t\u00f3l \u00e9s a Chicag\u00f3t\u00f3l, amelyek a tudom\u00e1nyos \u00e9s t\u00f6rt\u00e9nelmi \u00edr\u00e1sokhoz alkalmasak.<\/li>\n<\/ul>\n\n\n\n<hr class=\"wp-block-separator has-alpha-channel-opacity\"\/>\n\n\n\n<h2 class=\"wp-block-heading\">Mi az MLA form\u00e1tum?&nbsp;<\/h2>\n\n\n\n<p>Az MLA a Modern Language Association form\u00e1tumot jelenti. A 18. sz\u00e1zad v\u00e9g\u00e9n a Modern Language Association a b\u00f6lcs\u00e9szettudom\u00e1nyok ter\u00fclet\u00e9n dolgoz\u00f3 tud\u00f3sok sz\u00e1m\u00e1ra k\u00e9sz\u00fclt forr\u00e1sokkal \u00e9s st\u00edlusiratokkal jelent meg. <\/p>\n\n\n\n<p>Ez szabv\u00e1nyos\u00edtott \u00fatmutat\u00f3kat tartalmaz a forr\u00e1sok id\u00e9z\u00e9s\u00e9re, a st\u00edlusra \u00e9s a tudom\u00e1nyos \u00edr\u00e1s egy\u00e9b alapvet\u0151 elemeire vonatkoz\u00f3an.&nbsp;<\/p>\n\n\n\n<h3 class=\"wp-block-heading\">Az MLA form\u00e1tum legfontosabb \u00f6sszetev\u0151i&nbsp;<\/h3>\n\n\n\n<p>Az MLA form\u00e1tum az akad\u00e9miai \u00edr\u00f3k sz\u00e1m\u00e1ra konkr\u00e9t \u00fatmutat\u00f3t ny\u00fajt a megjelen\u00e9sre, szerkezetre \u00e9s form\u00e1tumra vonatkoz\u00f3an. <a href=\"https:\/\/undetectable.ai\/blog\/how-to-address-a-letter\/\" target=\"_blank\" rel=\"noreferrer noopener\">essz\u00e9k \u00e9s tanulm\u00e1nyok<\/a>.<\/p>\n\n\n\n<p>Ebben a r\u00e9szben seg\u00edt\u00fcnk \u00d6nnek meg\u00e9rteni az alapvet\u0151 \u00f6sszetev\u0151ket, hogy munk\u00e1ja megfeleljen a tudom\u00e1nyos el\u0151\u00edr\u00e1soknak.&nbsp;<\/p>\n\n\n\n<ol class=\"wp-block-list\">\n<li>Oldalform\u00e1tum&nbsp;<\/li>\n<\/ol>\n\n\n\n<p>Az MLA form\u00e1tum szerint nem csak arra kell \u00f6sszpontos\u00edtanod, hogy hogyan id\u00e9zd megfelel\u0151en a szerz\u0151ket; arra is \u00fcgyelned kell, hogy a teljes munk\u00e1d hogyan jelenik meg a dokumentumod oldal\u00e1n. <\/p>\n\n\n\n<p>Seg\u00edt az olvas\u00f3knak, bele\u00e9rtve a di\u00e1kokat vagy tan\u00e1rokat is, meg\u00e9rteni a munk\u00e1j\u00e1t, \u00e9s biztos\u00edtja a k\u00f6vetkezetess\u00e9get az \u00f6sszes dolgozat\u00e1ban.&nbsp;<\/p>\n\n\n\n<p>Az al\u00e1bbiakban az MLA \u00fatmutat\u00f3 szerinti legfontosabb form\u00e1z\u00e1si k\u00f6vetelm\u00e9nyeket ismertetj\u00fck:&nbsp;<\/p>\n\n\n\n<ul class=\"wp-block-list\">\n<li><strong>Bet\u0171t\u00edpus: <\/strong>Lehet, hogy megpr\u00f3b\u00e1lod kital\u00e1lni, hogy milyen bet\u0171t\u00edpus az MLA form\u00e1tum? Az MLA nem rendelkezik konkr\u00e9t szab\u00e1lyokkal arra vonatkoz\u00f3an, hogy milyen bet\u0171t\u00edpust kell haszn\u00e1lni. Az \u00fatmutat\u00f3 szerint vil\u00e1gos, egyszer\u0171, f\u00e9lk\u00f6v\u00e9r bet\u0171t\u00edpust kell haszn\u00e1lnod, p\u00e9ld\u00e1ul Arial, Times New Roman vagy Calibri. Ha \u00fagy tetszik, a 12-es m\u00e9ret is haszn\u00e1lhat\u00f3, \u00e9s ha d\u0151lt bet\u0171t haszn\u00e1lsz, \u00fcgyelj arra, hogy az elk\u00fcl\u00f6n\u00fclj\u00f6n a sz\u00f6veg t\u00f6bbi r\u00e9sz\u00e9t\u0151l.<\/li>\n\n\n\n<li><strong>Vonalt\u00e1vols\u00e1g:<\/strong> Dupla sork\u00f6z a teljes dokumentumban<\/li>\n\n\n\n<li><strong>Margin: <\/strong>H\u00fcvelyknyi marg\u00f3<\/li>\n\n\n\n<li><strong>Beh\u00faz\u00e1s: <\/strong>0,5 h\u00fcvelykes beh\u00faz\u00e1s minden bekezd\u00e9s els\u0151 szav\u00e1n\u00e1l.&nbsp;<\/li>\n<\/ul>\n\n\n\n<ol start=\"2\" class=\"wp-block-list\">\n<li>Els\u0151 oldal \u00e9s c\u00edm&nbsp;<\/li>\n<\/ol>\n\n\n\n<p>Az MLA szab\u00e1lyai szerint a fejl\u00e9cet 1 h\u00fcvelykkel a tetej\u00e9t\u0151l kell kezdeni, \u00e9s az oldal bal oldali marg\u00f3j\u00e1hoz kell igaz\u00edtani. <\/p>\n\n\n\n<p>K\u00e9s\u0151bb adja meg a nev\u00e9t, az oktat\u00f3 nev\u00e9t, a kurzus sz\u00e1m\u00e1t \u00e9s a vizsga id\u0151pontj\u00e1t. Ezut\u00e1n a dokumentumban minden sor ut\u00e1n dupla sork\u00f6z\u00f6ket haszn\u00e1l.&nbsp;<\/p>\n\n\n\n<p>Adjon hozz\u00e1 egy extra dupla sz\u00f3k\u00f6zt, \u00e9s helyezze a c\u00edmet k\u00f6z\u00e9pre. <\/p>\n\n\n\n<p>Az MLA form\u00e1tum azt javasolja, hogy a c\u00edmet ne h\u00fazzuk al\u00e1, ne vastag\u00edtsuk \u00e9s ne \u00edrjuk nagybet\u0171vel. Emellett a szerz\u0151k \u00e9s a forr\u00e1sok nev\u00e9t d\u0151lt bet\u0171vel is elhelyezheti a dolgozat c\u00edm\u00e9ben. <\/p>\n\n\n\n<p>A c\u00edm k\u00e9sz\u00edt\u00e9sekor mindig alkalmazza a c\u00edm nagybet\u0171s st\u00edlus\u00e1t, \u00e9s ha sz\u00fcks\u00e9ges, a f\u0151c\u00edm ut\u00e1n a k\u00f6vetkez\u0151 sorban adja hozz\u00e1 a feliratot.&nbsp;<\/p>\n\n\n\n<ol start=\"3\" class=\"wp-block-list\">\n<li>Fejl\u00e9c \u00e9s oldalsz\u00e1m&nbsp;<\/li>\n<\/ol>\n\n\n\n<p>Az MLA st\u00edlusban, ha fut\u00f3fejeket haszn\u00e1l, haszn\u00e1lja a szerz\u0151 vezet\u00e9knev\u00e9t \u00e9s az oldalsz\u00e1mot. A dokumentum minden oldal\u00e1nak jobb fels\u0151 sark\u00e1ban megjelenik egy fut\u00f3fej. <\/p>\n\n\n\n<p>\u00dcgyeljen arra, hogy a hivatkoz\u00e1sban ne \u00edrja azt, hogy \"page\" vagy \"pp\" vagy \"p\". Fontos az is, hogy az oldalsz\u00e1mot az el\u0151\u00edrt m\u00f3don t\u00fcntesse fel. <\/p>\n\n\n\n<p>Csak \u00edrja be a vezet\u00e9knev\u00e9t, tegyen hozz\u00e1 egy sz\u00f3k\u00f6zt, majd az oldalsz\u00e1mot.&nbsp;&nbsp;<\/p>\n\n\n\n<p><strong>P\u00e9lda:<\/strong><\/p>\n\n\n\n<p>Morrisson 44<\/p>\n\n\n\n<p>\u00c1ltal\u00e1ban a m\u00e1sodik oldalon kezd\u0151dik a fut\u00f3fej, de haszn\u00e1lhatod a felettesed \u00e1ltal adott utas\u00edt\u00e1sokat is. <\/p>\n\n\n\n<p>Ha nem, akkor nem sz\u00fcks\u00e9ges az els\u0151 oldalra tenni; csak kezdje a k\u00f6vetkez\u0151 oldalon, \u00e9s tartsa v\u00e9gig a dokumentumban.<\/p>\n\n\n\n<ol start=\"4\" class=\"wp-block-list\">\n<li>Sz\u00f3sz\u00e1m<\/li>\n<\/ol>\n\n\n\n<p>Az MLA st\u00edlusir\u00e1nyzat szerint nincs meghat\u00e1rozott sz\u00f3sz\u00e1m a dolgozatra vonatkoz\u00f3an. <\/p>\n\n\n\n<p>Az \u00fatmutat\u00f3 azonban az egyetemi \u00e9s f\u0151iskolai diplomamunk\u00e1k minim\u00e1lis \u00e9s maxim\u00e1lis terjedelm\u00e9t is meghat\u00e1rozza. <\/p>\n\n\n\n<p>Haszn\u00e1lhatja a nem kimutathat\u00f3 AI-kat. <a href=\"https:\/\/undetectable.ai\/word-counter\" target=\"_blank\" rel=\"noreferrer noopener\">AI sz\u00f3sz\u00e1ml\u00e1l\u00f3<\/a> hogy a munk\u00e1j\u00e1t egy adott sz\u00f3hossz\u00fas\u00e1gra vagy form\u00e1z\u00e1si szabv\u00e1nyra szerkessze.<\/p>\n\n\n<div class=\"wp-block-image\">\n<figure class=\"aligncenter size-large\"><img loading=\"lazy\" decoding=\"async\" width=\"1024\" height=\"381\" src=\"https:\/\/undetectable.ai/blog\/wp-content\/uploads\/2025\/01\/word-counter-tool-at-AI-1024x381.jpg\" alt=\"Sz\u00f3sz\u00e1ml\u00e1l\u00f3\" class=\"wp-image-6147\" title=\"\" srcset=\"https:\/\/undetectable.ai/blog\/wp-content\/uploads\/2025\/01\/word-counter-tool-at-AI-1024x381.jpg 1024w, https:\/\/undetectable.ai/blog\/wp-content\/uploads\/2025\/01\/word-counter-tool-at-AI-300x112.jpg 300w, https:\/\/undetectable.ai/blog\/wp-content\/uploads\/2025\/01\/word-counter-tool-at-AI-768x286.jpg 768w, https:\/\/undetectable.ai/blog\/wp-content\/uploads\/2025\/01\/word-counter-tool-at-AI-18x7.jpg 18w, https:\/\/undetectable.ai/blog\/wp-content\/uploads\/2025\/01\/word-counter-tool-at-AI.jpg 1280w\" sizes=\"auto, (max-width: 1024px) 100vw, 1024px\" \/><\/figure><\/div>\n\n\n<h2 class=\"wp-block-heading\">Sz\u00f6vegb\u00e9li id\u00e9zetek MLA form\u00e1tumban&nbsp;<\/h2>\n\n\n\n<p>Fontos, hogy soha ne mutassunk be saj\u00e1tk\u00e9nt olyasmit, amit valaki m\u00e1s \u00edrt. <\/p>\n\n\n\n<p>A szerz\u0151k tulajdon\u00e1ban vannak a szavak, amelyeket eredetileg haszn\u00e1ltak a m\u0171v\u00fckben, \u00e9s mindig meg kell adni a hitelt, ahol <a href=\"https:\/\/guides.libraries.psu.edu\/mlacitation\/intext\" target=\"_blank\" rel=\"noreferrer noopener\">harmadik f\u00e9lre hivatkozik<\/a> a munk\u00e1j\u00e1ban. <\/p>\n\n\n\n<p>Azonban nem v\u00e1rhat\u00f3 el, hogy az eg\u00e9sz essz\u00e9 vagy \u00edr\u00e1s sor\u00e1n id\u00e9zeteket haszn\u00e1ljon.&nbsp;<\/p>\n\n\n\n<p>Az al\u00e1bbiakban k\u00fcl\u00f6nb\u00f6z\u0151 m\u00f3dokat mutatjuk be a sz\u00f6vegk\u00f6zi id\u00e9z\u00e9s beilleszt\u00e9s\u00e9re az MLA-dolgozatodba.&nbsp;<\/p>\n\n\n\n<h3 class=\"wp-block-heading\">Blokk id\u00e9zet<\/h3>\n\n\n\n<p>Ha az id\u00e9zet t\u00f6bb mint n\u00e9gysoros, akkor az MLA blokk id\u00e9zet st\u00edlusir\u00e1nyzat szerint form\u00e1zhatja. <\/p>\n\n\n\n<p>Az MLA form\u00e1tum szerint az id\u00e9zet el\u00e9 egy mondatot kell tennie, amelyb\u0151l az olvas\u00f3 megtudhatja, hogy ki mondta az id\u00e9zetet \u00e9s mi a szerepe a dolgozat\u00e1ban. <\/p>\n\n\n\n<p>Az id\u00e9zet el\u0151tt a mondat v\u00e9g\u00e9re kett\u0151spontot is kell tennie, hogy m\u00e1s sorban kezd\u0151dj\u00f6n.&nbsp;&nbsp;<\/p>\n\n\n\n<p>Ezut\u00e1n az \u00f6sszes id\u00e9z\u0151jelet helyezze \u00e1t a bal marg\u00f3ra \u00bd h\u00fcvelykkel, vagy haszn\u00e1ljon \u00f6t sz\u00f3k\u00f6zt. <\/p>\n\n\n\n<p>Az utols\u00f3 \u00edr\u00e1sjelek ut\u00e1n nem sz\u00fcks\u00e9ges id\u00e9z\u0151jeleket tenni, de egy r\u00f6vid z\u00e1r\u00f3jeles id\u00e9zetet hozz\u00e1adhat. <\/p>\n\n\n\n<p>Az id\u00e9zet ut\u00e1n a st\u00edlusir\u00e1nyzat el\u0151\u00edrja, hogy az \u00edr\u00f3knak n\u00e9h\u00e1ny r\u00f6vid sorral kell lez\u00e1rniuk a bekezd\u00e9st.&nbsp;&nbsp;<\/p>\n\n\n\n<p><strong>P\u00e9lda:&nbsp;<\/strong><\/p>\n\n\n\n<p>Malcolm Gladwell a siker elm\u00e9let\u00e9t magyar\u00e1zva a k\u00f6vetkez\u0151ket javasolja:&nbsp;<\/p>\n\n\n\n<p>A zsid\u00f3 sikerek hagyom\u00e1nyos magyar\u00e1zata term\u00e9szetesen az, hogy a zsid\u00f3k \u00edr\u00e1stud\u00f3, intellektu\u00e1lis kult\u00far\u00e1b\u00f3l sz\u00e1rmaznak. <\/p>\n\n\n\n<p>H\u00edresen \"a k\u00f6nyv emberei\". Ebben bizony\u00e1ra van valami. De nem csak a rabbik gyermekei j\u00e1rtak jogi egyetemre. <\/p>\n\n\n\n<p>Ruhaipari munk\u00e1sok gyermekei voltak. \u00c9s a szakmai rangl\u00e9tr\u00e1n val\u00f3 felkapaszkod\u00e1sukhoz nem a Talmud tanulm\u00e1nyoz\u00e1s\u00e1b\u00f3l sz\u00e1rmaz\u00f3 intellektu\u00e1lis szigor volt a d\u00f6nt\u0151 el\u0151ny\u00fck. <\/p>\n\n\n\n<p>Ez volt az a gyakorlatias intelligencia \u00e9s hozz\u00e1\u00e9rt\u00e9s, amit az ember abb\u00f3l \u00f6r\u00f6k\u00f6lt, hogy l\u00e1tta, ahogy az apja k\u00f6t\u00e9nyeket \u00e1rul a Hester Streeten.&nbsp;<\/p>\n\n\n\n<p>Ez a megk\u00f6zel\u00edt\u00e9s azt magyar\u00e1zza, hogy a sikeres emberek nagyszer\u0171 megfigyel\u0151k, akik folyamatosan tanulnak \u00e9s fejlesztik a tanultakat.&nbsp;<\/p>\n\n\n\n<h3 class=\"wp-block-heading\">A szerz\u0151 neve<\/h3>\n\n\n\n<p>Egy m\u00e1sik l\u00e9p\u00e9s, hogy a szerz\u0151 nev\u00e9t a mondatban id\u00e9zetk\u00e9nt haszn\u00e1lja a pr\u00f3z\u00e1ban.&nbsp;<\/p>\n\n\n\n<p><strong>P\u00e9lda:&nbsp;<\/strong><\/p>\n\n\n\n<p><em>Chinua Achebe azt \u00e1ll\u00edtja, hogy a gyarmatos\u00edt\u00e1s hat\u00e1sai a kultur\u00e1lis identit\u00e1s sz\u00e9tes\u00e9s\u00e9hez vezettek az igb\u00f3k t\u00e1rsadalm\u00e1n bel\u00fcl. (14)<\/em><\/p>\n\n\n\n<h3 class=\"wp-block-heading\">Z\u00e1r\u00f3jeles id\u00e9zet&nbsp;<\/h3>\n\n\n\n<p>A harmadik m\u00f3d a Szerz\u0151 nev\u00e9nek elt\u00e1vol\u00edt\u00e1sa a mondatb\u00f3l z\u00e1r\u00f3jeles id\u00e9zetk\u00e9nt.&nbsp;<\/p>\n\n\n\n<p><strong>P\u00e9lda:<\/strong><em>&nbsp;&nbsp;<\/em><\/p>\n\n\n\n<p><em>A gyarmatos\u00edt\u00e1s nagyban hozz\u00e1j\u00e1rul az afrikai k\u00f6z\u00f6ss\u00e9gek hiteles kultur\u00e1lis identit\u00e1s\u00e1nak sz\u00e9tes\u00e9s\u00e9hez. (Achebe 14).&nbsp;<\/em><\/p>\n\n\n\n<p>\u00c1ltal\u00e1ban az MLA form\u00e1tum \u00fatmutat\u00f3ja t\u00e1mogatja a l\u00e1bjegyzetek \u00e9s v\u00e9gjegyzetek haszn\u00e1lat\u00e1t a szerz\u0151kre val\u00f3 hivatkoz\u00e1shoz. Ezeket akkor haszn\u00e1lhatja, ha a dolgozat sz\u00f6veg\u00e9ben k\u00fcl\u00f6nb\u00f6z\u0151 forr\u00e1sokra \u00e9s szerz\u0151kre hivatkozik. <\/p>\n\n\n\n<p>Az is aj\u00e1nlott, hogy t\u00f6bb olyan inform\u00e1ci\u00f3t is tartalmazzon, amely relev\u00e1ns, de nem illeszkedik a projekt f\u0151 t\u00e9mak\u00f6r\u00e9be.&nbsp;<\/p>\n\n\n\n<h2 class=\"wp-block-heading\">Id\u00e9zett m\u0171vek oldala MLA form\u00e1tumban&nbsp;<\/h2>\n\n\n<div class=\"wp-block-image\">\n<figure class=\"aligncenter size-large\"><img loading=\"lazy\" decoding=\"async\" width=\"1024\" height=\"683\" src=\"https:\/\/undetectable.ai/blog\/wp-content\/uploads\/2025\/06\/MLA-Format-001-1024x683.jpg\" alt=\"Az online oktat\u00e1s illusztr\u00e1ci\u00f3s k\u00e9pe\" class=\"wp-image-10190\" title=\"\" srcset=\"https:\/\/undetectable.ai/blog\/wp-content\/uploads\/2025\/06\/MLA-Format-001-1024x683.jpg 1024w, https:\/\/undetectable.ai/blog\/wp-content\/uploads\/2025\/06\/MLA-Format-001-300x200.jpg 300w, https:\/\/undetectable.ai/blog\/wp-content\/uploads\/2025\/06\/MLA-Format-001-768x512.jpg 768w, https:\/\/undetectable.ai/blog\/wp-content\/uploads\/2025\/06\/MLA-Format-001-18x12.jpg 18w, https:\/\/undetectable.ai/blog\/wp-content\/uploads\/2025\/06\/MLA-Format-001.jpg 1200w\" sizes=\"auto, (max-width: 1024px) 100vw, 1024px\" \/><\/figure><\/div>\n\n\n<p>Az Id\u00e9zett m\u0171vek oldal mindig a dolgozat v\u00e9g\u00e9re ker\u00fcl. Ebben a szakaszban \u00f6sszegy\u0171jthetsz minden forr\u00e1st, amelyet a dolgozatodban id\u00e9zt\u00e9l. <\/p>\n\n\n\n<p>Az egyes forr\u00e1sok pontos \u00e9s r\u00e9szletes hivatkoz\u00e1s\u00e1val az olvas\u00f3k tov\u00e1bbi forr\u00e1sokat tal\u00e1lhatnak, amelyekkel b\u0151v\u00edthetik ismereteiket.&nbsp;&nbsp;<\/p>\n\n\n\n<p>Hasonl\u00f3k\u00e9ppen, ez azt jelenti, hogy elismeri \u00e9s elismeri az \u00f6sszes szerz\u0151t, gondolkod\u00f3t \u00e9s kutat\u00f3t, akik r\u00e9szt vettek az \u00e9rvel\u00e9s kialak\u00edt\u00e1s\u00e1ban. <\/p>\n\n\n\n<p>Az al\u00e1bbiakban ismertetj\u00fck, hogyan kell form\u00e1zni az id\u00e9zett m\u0171vek oldal\u00e1t:&nbsp;<\/p>\n\n\n\n<ul class=\"wp-block-list\">\n<li><strong>Oldal marg\u00f3k:<\/strong> \u00c1ll\u00edtson be minden marg\u00f3t 1 h\u00fcvelykre az oldal tetej\u00e9t\u0151l, bal oldal\u00e1t\u00f3l, alj\u00e1t\u00f3l \u00e9s jobb oldal\u00e1t\u00f3l.<\/li>\n\n\n\n<li><strong>Bet\u0171t\u00edpus:<\/strong> Haszn\u00e1ljon 12-es bet\u0171m\u00e9retet a t\u00f6rzssz\u00f6veghez \u00e9s Times New Roman vagy b\u00e1rmilyen vil\u00e1gos f\u00e9lk\u00f6v\u00e9r bet\u0171t\u00edpust.&nbsp;<\/li>\n\n\n\n<li><strong>C\u00edm:<\/strong> Az \"Id\u00e9zett m\u0171vek\" c\u00edmet helyezze az oldal k\u00f6zep\u00e9re, \u00e9s ne vastag\u00edtsa, ne h\u00fazza al\u00e1 \u00e9s ne d\u0151lt bet\u0171vel. Ek\u00f6zben, ha hivatkoz\u00e1sokat haszn\u00e1lt\u00e1l an\u00e9lk\u00fcl, hogy t\u00e9nylegesen beillesztetted volna \u0151ket a sz\u00f6vegbe, \u00edrd azt, hogy \"Id\u00e9zett \u00e9s felhaszn\u00e1lt m\u0171vek\".&nbsp;<\/li>\n\n\n\n<li><strong>Fut\u00f3fej:<\/strong> Hagyja a fut\u00f3sz\u00f6veg\u00e9t a jobb fels\u0151 sarokban l\u00e9v\u0151 Id\u00e9zett m\u0171vek oldalon.&nbsp;<\/li>\n\n\n\n<li><strong>Bejegyz\u00e9sek:<\/strong> A bejegyz\u00e9seket dupla sork\u00f6zzel \u00edrja be, \u00e9s a c\u00edm \u00e9s az els\u0151 bejegyz\u00e9s k\u00f6z\u00e9 is iktasson be dupla sz\u00f3k\u00f6zt.&nbsp;<\/li>\n\n\n\n<li><strong>Rendez\u00e9s:<\/strong> Minden bejegyz\u00e9st a szerz\u0151 vezet\u00e9knev\u00e9nek bet\u0171rendj\u00e9ben helyezzen el, \u00e9s minden bejegyz\u00e9st dupla sork\u00f6zzel \u00edrjon le. Minden egyes bejegyz\u00e9st a bal oldali marg\u00f3val kezdjen, \u00e9s ha a szavak a k\u00f6vetkez\u0151 sorba esnek, a tov\u00e1bbi szavakat 0,5 h\u00fcvelykes marg\u00f3val vonja be.<\/li>\n<\/ul>\n\n\n\n<p>Ha nem akar id\u0151t t\u00f6lteni az MLA id\u00e9z\u00e9si szab\u00e1lyok memoriz\u00e1l\u00e1s\u00e1val, vagy nem szeretn\u00e9 kock\u00e1ztatni a form\u00e1z\u00e1si hib\u00e1kat, pr\u00f3b\u00e1lja ki a <a href=\"https:\/\/undetectable.ai\/mla-citation-generator\" target=\"_blank\" rel=\"noreferrer noopener\">MLA id\u00e9zet gener\u00e1tor<\/a>.<\/p>\n\n\n\n<p>Ez egy gyors \u00e9s megb\u00edzhat\u00f3 m\u00f3dszer a helyes MLA id\u00e9zetek alkalmaz\u00e1s\u00e1ra an\u00e9lk\u00fcl, hogy az \u00edr\u00e1sjelek, a beh\u00faz\u00e1s vagy a forr\u00e1sok sorrendj\u00e9nek megk\u00e9rd\u0151jelez\u00e9se n\u00e9lk\u00fcl.<\/p>\n\n\n<div class=\"wp-block-image\">\n<figure class=\"aligncenter size-large\"><img loading=\"lazy\" decoding=\"async\" width=\"1024\" height=\"468\" src=\"https:\/\/undetectable.ai/blog\/wp-content\/uploads\/2025\/07\/MLA-Citation-Generator-1024x468.jpg\" alt=\"\" class=\"wp-image-14823\" title=\"\" srcset=\"https:\/\/undetectable.ai/blog\/wp-content\/uploads\/2025\/07\/MLA-Citation-Generator-1024x468.jpg 1024w, https:\/\/undetectable.ai/blog\/wp-content\/uploads\/2025\/07\/MLA-Citation-Generator-300x137.jpg 300w, https:\/\/undetectable.ai/blog\/wp-content\/uploads\/2025\/07\/MLA-Citation-Generator-768x351.jpg 768w, https:\/\/undetectable.ai/blog\/wp-content\/uploads\/2025\/07\/MLA-Citation-Generator-1536x702.jpg 1536w, https:\/\/undetectable.ai/blog\/wp-content\/uploads\/2025\/07\/MLA-Citation-Generator-18x8.jpg 18w, https:\/\/undetectable.ai/blog\/wp-content\/uploads\/2025\/07\/MLA-Citation-Generator.jpg 1623w\" sizes=\"auto, (max-width: 1024px) 100vw, 1024px\" \/><\/figure><\/div>\n\n\n<p>Csak adja meg a forr\u00e1s adatait, p\u00e9ld\u00e1ul a szerz\u0151 nev\u00e9t, c\u00edm\u00e9t \u00e9s a publik\u00e1ci\u00f3s adatokat, \u00e9s az eszk\u00f6z azonnal l\u00e9trehoz egy tiszta, megfelel\u0151en form\u00e1zott bejegyz\u00e9st, amely k\u00e9szen \u00e1ll az Id\u00e9zett m\u0171vek oldalra.<\/p>\n\n\n\n<p>Alternat\u00edvak\u00e9nt haszn\u00e1lhatja a <a href=\"https:\/\/undetectable.ai\/ai-essay-writer\" target=\"_blank\" rel=\"noreferrer noopener\">AI essz\u00e9\u00edr\u00f3<\/a> a pontos MLA-hivatkoz\u00e1sok automatikus gener\u00e1l\u00e1s\u00e1hoz. <\/p>\n\n\n\n<p>Ez megk\u00f6nny\u00edti a munk\u00e1j\u00e1t, \u00e9s seg\u00edt abban is, hogy ne hagyjon ki olyan szerz\u0151ket vagy \u00edr\u00f3kat, akiket a munk\u00e1j\u00e1ban id\u00e9zett.<\/p>\n\n\n<div class=\"wp-block-image\">\n<figure class=\"aligncenter size-large\"><img loading=\"lazy\" decoding=\"async\" width=\"1024\" height=\"520\" src=\"https:\/\/undetectable.ai/blog\/wp-content\/uploads\/2025\/02\/Undetectable-AIs-essay-writer-can-assist-you-in-completing-all-your-writing-tasks-1024x520.png\" alt=\"A kimutathatatlan AI essz\u00e9\u00edr\u00f3ja seg\u00edthet \u00d6nnek az \u00f6sszes \u00edr\u00e1sbeli feladat elv\u00e9gz\u00e9s\u00e9ben.\" class=\"wp-image-6154\" title=\"\" srcset=\"https:\/\/undetectable.ai/blog\/wp-content\/uploads\/2025\/02\/Undetectable-AIs-essay-writer-can-assist-you-in-completing-all-your-writing-tasks-1024x520.png 1024w, https:\/\/undetectable.ai/blog\/wp-content\/uploads\/2025\/02\/Undetectable-AIs-essay-writer-can-assist-you-in-completing-all-your-writing-tasks-300x152.png 300w, https:\/\/undetectable.ai/blog\/wp-content\/uploads\/2025\/02\/Undetectable-AIs-essay-writer-can-assist-you-in-completing-all-your-writing-tasks-768x390.png 768w, https:\/\/undetectable.ai/blog\/wp-content\/uploads\/2025\/02\/Undetectable-AIs-essay-writer-can-assist-you-in-completing-all-your-writing-tasks-18x9.png 18w, https:\/\/undetectable.ai/blog\/wp-content\/uploads\/2025\/02\/Undetectable-AIs-essay-writer-can-assist-you-in-completing-all-your-writing-tasks.png 1044w\" sizes=\"auto, (max-width: 1024px) 100vw, 1024px\" \/><\/figure><\/div>\n\n\n<p>Ezenk\u00edv\u00fcl a kimutathatatlan <a href=\"https:\/\/undetectable.ai\/ai-humanizer\" target=\"_blank\" rel=\"noreferrer noopener\">AI Humanizer<\/a> egy hasznos eszk\u00f6z a <a href=\"https:\/\/undetectable.ai\/blog\/how-to-write-a-book\/\" target=\"_blank\" rel=\"noreferrer noopener\">bibliogr\u00e1fiai bejegyz\u00e9sek<\/a> \u00e9s a szerz\u0151i jegyzeteket, hogy csiszoltabbnak t\u0171nj\u00f6n.&nbsp;<\/p>\n\n\n<div class=\"wp-block-image\">\n<figure class=\"aligncenter size-large\"><img loading=\"lazy\" decoding=\"async\" width=\"1024\" height=\"475\" src=\"https:\/\/undetectable.ai/blog\/wp-content\/uploads\/2025\/01\/the-Undetectable-AI-Humanizer-can-enhance-your-writing-1024x475.jpg\" alt=\"az \u00e9szrevehetetlen AI Humanizer jav\u00edthatja az \u00edr\u00e1s\u00e1t\" class=\"wp-image-6140\" title=\"\" srcset=\"https:\/\/undetectable.ai/blog\/wp-content\/uploads\/2025\/01\/the-Undetectable-AI-Humanizer-can-enhance-your-writing-1024x475.jpg 1024w, https:\/\/undetectable.ai/blog\/wp-content\/uploads\/2025\/01\/the-Undetectable-AI-Humanizer-can-enhance-your-writing-300x139.jpg 300w, https:\/\/undetectable.ai/blog\/wp-content\/uploads\/2025\/01\/the-Undetectable-AI-Humanizer-can-enhance-your-writing-768x356.jpg 768w, https:\/\/undetectable.ai/blog\/wp-content\/uploads\/2025\/01\/the-Undetectable-AI-Humanizer-can-enhance-your-writing-18x8.jpg 18w, https:\/\/undetectable.ai/blog\/wp-content\/uploads\/2025\/01\/the-Undetectable-AI-Humanizer-can-enhance-your-writing.jpg 1280w\" sizes=\"auto, (max-width: 1024px) 100vw, 1024px\" \/><\/figure><\/div>\n\n\n<h2 class=\"wp-block-heading\">MLA form\u00e1tum p\u00e9ld\u00e1k&nbsp;<\/h2>\n\n\n\n<p>Az al\u00e1bbiakban bemutatjuk, hogyan haszn\u00e1lhatja az MLA form\u00e1tumot a szerz\u0151kre val\u00f3 hivatkoz\u00e1shoz a munk\u00e1j\u00e1ban:&nbsp;<\/p>\n\n\n\n<ol class=\"wp-block-list\">\n<li><strong>K\u00f6nyvek: <\/strong>A k\u00f6nyvre val\u00f3 hivatkoz\u00e1s az MLA st\u00edlusir\u00e1nyzat szerint a k\u00f6vetkez\u0151 form\u00e1tumban t\u00f6rt\u00e9nik:<br><br><em>Vezet\u00e9kn\u00e9v, keresztn\u00e9v, k\u00f6nyv c\u00edme, kiad\u00f3 \u00e9s \u00e9vsz\u00e1m<\/em><br><\/li>\n\n\n\n<li><strong>Foly\u00f3iratcikk:<\/strong> Foly\u00f3iratcikk eset\u00e9n az al\u00e1bbi form\u00e1tumot haszn\u00e1lja<br><br><em>Szerz\u0151(k), cikk c\u00edme, foly\u00f3irat c\u00edme, k\u00f6tet sz\u00e1ma, sz\u00e1ma, \u00e9v, adatb\u00e1zis neve, DOI vagy URL.<\/em><br><\/li>\n\n\n\n<li><strong>Weboldal: <\/strong>Egy weboldalon megjelen\u0151 cikk eset\u00e9ben a megfelel\u0151 hivatkoz\u00e1s a k\u00f6vetkez\u0151:&nbsp;<\/li>\n<\/ol>\n\n\n\n<p><em>Vezet\u00e9kn\u00e9v, Keresztn\u00e9v, Weboldal c\u00edme, Weboldal neve, A k\u00f6zz\u00e9t\u00e9tel d\u00e1tuma, \u00c9v.<\/em><\/p>\n\n\n\n<h2 class=\"wp-block-heading\">Az MLA form\u00e1tumban elker\u00fclend\u0151 gyakori hib\u00e1k&nbsp;<\/h2>\n\n\n\n<p>Ha k\u00edv\u00e1ncsi vagy, mi az az MLA form\u00e1tum, \u00e9s milyen hib\u00e1kat kell elker\u00fclni a form\u00e1tum haszn\u00e1lata sor\u00e1n, akkor az al\u00e1bbi form\u00e1z\u00e1si hib\u00e1kb\u00f3l tanulhatsz az MLA st\u00edlusir\u00e1nyzat szerint:&nbsp;<\/p>\n\n\n\n<ul class=\"wp-block-list\">\n<li>A k\u00fcl\u00f6nb\u00f6z\u0151 bet\u0171t\u00edpusok \u00e9s bet\u0171m\u00e9retek haszn\u00e1lata a munk\u00e1j\u00e1ban zavar\u00f3 lehet, \u00e9s hib\u00e1khoz vezethet.&nbsp;&nbsp;&nbsp;<\/li>\n\n\n\n<li>Helytelen sz\u00f6veges id\u00e9zetek, p\u00e9ld\u00e1ul a szerz\u0151 nev\u00e9nek elfelejt\u00e9se \u00e9s a rossz oldalsz\u00e1m haszn\u00e1lata a munk\u00e1ban.&nbsp;<\/li>\n\n\n\n<li>A forr\u00e1sok kiz\u00e1r\u00e1sa az Id\u00e9zett m\u0171vek oldalr\u00f3l s\u00falyos hib\u00e1nak min\u0151s\u00fcl az MLA st\u00edlusir\u00e1nyzat szerint.&nbsp;&nbsp;<\/li>\n\n\n\n<li>Ha nem megfelel\u0151 beh\u00faz\u00e1sokat haszn\u00e1l a munk\u00e1j\u00e1ban, az hat\u00e1ssal lesz a munka szerkezet\u00e9re.&nbsp;<\/li>\n<\/ul>\n\n\n\n<h2 class=\"wp-block-heading\">MLA form\u00e1tum vs. m\u00e1s id\u00e9z\u00e9si st\u00edlusok&nbsp;<\/h2>\n\n\n\n<p>Vannak <a href=\"https:\/\/undetectable.ai\/blog\/how-to-cite-a-website\/\" target=\"_blank\" rel=\"noreferrer noopener\">k\u00fcl\u00f6nb\u00f6z\u0151 \u00edr\u00e1sm\u00f3dok<\/a> a tudom\u00e1nyos \u00edr\u00e1sbelis\u00e9gben, mindegyiknek megvan a maga saj\u00e1tos form\u00e1tuma \u00e9s id\u00e9z\u00e9si strukt\u00far\u00e1ja. <\/p>\n\n\n\n<p>Ezek k\u00f6z\u00e9 tartoznak:<\/p>\n\n\n\n<ol class=\"wp-block-list\">\n<li>APA st\u00edlus \u00fatmutat\u00f3&nbsp;<\/li>\n<\/ol>\n\n\n\n<p>Az APA form\u00e1tumot els\u0151sorban az Amerikai Pszichol\u00f3giai T\u00e1rsas\u00e1g haszn\u00e1lja az oktat\u00e1s \u00e9s a t\u00e1rsadalomtudom\u00e1nyok ter\u00fclet\u00e9n dolgoz\u00f3 tud\u00f3sok sz\u00e1m\u00e1ra. Legink\u00e1bb olyan dolgozatokban haszn\u00e1lj\u00e1k, amelyek adatok, tanulm\u00e1nyok \u00e9s friss eredm\u00e9nyek felhaszn\u00e1l\u00e1s\u00e1t ig\u00e9nylik.<\/p>\n\n\n\n<p>Az APA st\u00edlusir\u00e1nyzat szerint a sz\u00f6vegk\u00f6zi hivatkoz\u00e1sokat a szerz\u0151 vezet\u00e9kneve mellett a publik\u00e1l\u00e1s \u00e9v\u00e9nek felt\u00fcntet\u00e9s\u00e9vel is elk\u00e9sz\u00edtheti. A hivatkoz\u00e1si lista \u00f6ssze\u00e1ll\u00edt\u00e1sakor is mindig haszn\u00e1ljon c\u00edmmel ell\u00e1tott hivatkoz\u00e1sokat. <\/p>\n\n\n\n<p>Az APA st\u00edlusban a d\u00e1tumokat, k\u00fcl\u00f6n\u00f6sen az \u00e9vsz\u00e1mot is el\u0151nyben kell r\u00e9szes\u00edteni a hivatkoz\u00e1sban.&nbsp;<\/p>\n\n\n\n<p><strong>P\u00e9lda:&nbsp;<\/strong><\/p>\n\n\n\n<p>Achebe, 1974<\/p>\n\n\n\n<ol start=\"2\" class=\"wp-block-list\">\n<li>Chicag\u00f3i st\u00edlus&nbsp;<\/li>\n<\/ol>\n\n\n\n<p>Egy m\u00e1sik form\u00e1tum a Chicago st\u00edlus, amelyet a <a href=\"https:\/\/research.library.gsu.edu\/c.php?g=520703&amp;p=3560938#:~:text=Historians%20generally%20use%20the%20Chicago,Turabian%2C%20after%20its%20author).\" target=\"_blank\" rel=\"noreferrer noopener\">T\u00f6rt\u00e9n\u00e9szek<\/a>, kiad\u00f3k, filoz\u00f3fusok \u00e9s m\u00e1sok a hum\u00e1n tudom\u00e1nyok ter\u00fclet\u00e9n. <\/p>\n\n\n\n<p>Ezt f\u0151leg a hosszabb, r\u00e9szletes, alapos magyar\u00e1zatot \u00e9s h\u00e1tteret ig\u00e9nyl\u0151 dolgozatokn\u00e1l haszn\u00e1lj\u00e1k.<br><br>A forr\u00e1sok id\u00e9z\u00e9sekor haszn\u00e1lhat l\u00e1bjegyzeteket, vagy a dolgozat v\u00e9g\u00e9n elhelyezheti a hivatkoz\u00e1sok \"Bibliogr\u00e1fia\" elnevez\u00e9s\u0171 list\u00e1j\u00e1t. <\/p>\n\n\n\n<p>Az irodalomjegyz\u00e9kek be\u00edr\u00e1s\u00e1hoz vagy l\u00e1bjegyzetk\u00e9nt, vagy az oldal h\u00e1tulj\u00e1ra illesztheti be \u0151ket.&nbsp;<\/p>\n\n\n\n<p><strong>P\u00e9lda:<\/strong><\/p>\n\n\n\n<p>Gladwell a \"10 000 \u00f3r\u00e1s szab\u00e1lyt\" aj\u00e1nlja, mint a szak\u00e9rt\u0151k k\u00f6z\u00f6s alapelv\u00e9t.&nbsp;<\/p>\n\n\n\n<p>Id\u00e9zet: Gladwell, Malcolm Outliers: Brown: The Story of Success (New York: Little, Brown) 2008, 45.&nbsp;&nbsp;&nbsp;<\/p>\n\n\n\n<p>Szeretn\u00e9 megtudni, hogy mi az MLA form\u00e1tum egy essz\u00e9ben? El\u0151sz\u00f6r is meg kell n\u00e9znie, hogy mit \u00edr el\u0151 az oktat\u00f3ja vagy a fel\u00fcgyel\u0151je, \u00e9s ezut\u00e1n v\u00e1laszthat egy form\u00e1tumot, amely ezen a szabv\u00e1nyon alapul. <\/p>\n\n\n\n<p>A v\u00e1lasztott MLA-form\u00e1tum att\u00f3l is f\u00fcgg, hogy milyen t\u00edpus\u00fa cikket \u00edr.&nbsp;&nbsp;<\/p>\n\n\n\n<p>N\u00e9ha kiss\u00e9 neh\u00e9z lehet k\u00fcl\u00f6nbs\u00e9get tenni az MLA st\u00edlusjegyz\u00e9k \u00e9s a k\u00fcl\u00f6nb\u00f6z\u0151 id\u00e9z\u00e9si st\u00edlusok k\u00f6z\u00f6tt. <\/p>\n\n\n\n<p>Az id\u00e9z\u00e9si st\u00edlusok alkalmaz\u00e1sa f\u0151k\u00e9nt att\u00f3l f\u00fcgg, hogy mi az oktat\u00f3ja \u00e9s milyen c\u00e9lb\u00f3l \u00edr. <\/p>\n\n\n\n<p>\u00c1ltal\u00e1nos \u00fatmutat\u00e1sk\u00e9nt azonban az id\u00e9z\u00e9si st\u00edlusokat gyakran a k\u00f6vetkez\u0151 c\u00e9lokra haszn\u00e1lj\u00e1k:&nbsp;<\/p>\n\n\n\n<ul class=\"wp-block-list\">\n<li><strong>MLA:<\/strong> Sz\u00f6vegek, k\u00f6nyvek \u00e9s nyelv elemz\u00e9s\u00e9re.<\/li>\n\n\n\n<li><strong>APA:<\/strong> Tanulm\u00e1nyokkal, adatokkal \u00e9s friss eredm\u00e9nyekkel kapcsolatos tanulm\u00e1nyok.<\/li>\n\n\n\n<li><strong>Chicago:<\/strong> Haszn\u00e1lja t\u00f6rt\u00e9nelmi dolgozatokhoz, szakdolgozatokhoz vagy b\u00e1rmilyen projekthez, amely kontextust \u00e9s sok m\u00e9lys\u00e9get ig\u00e9nyel.&nbsp;<\/li>\n<\/ul>\n\n\n\n<h2 class=\"wp-block-heading\">Gyakorlati tippek az MLA form\u00e1tum haszn\u00e1lat\u00e1hoz&nbsp;<\/h2>\n\n\n\n<p>\u00cdme n\u00e9h\u00e1ny gyakorlati tipp az MLA st\u00edlusjegyz\u00e9k haszn\u00e1lat\u00e1val t\u00f6rt\u00e9n\u0151 form\u00e1z\u00e1shoz:<\/p>\n\n\n\n<ul class=\"wp-block-list\">\n<li>Haszn\u00e1lja ugyanazt a bet\u0171t\u00edpust k\u00f6vetkezetesen az eg\u00e9sz munk\u00e1j\u00e1ban&nbsp;<\/li>\n\n\n\n<li>A forr\u00e1sokat l\u00e1bjegyzetben t\u00fcntesse fel, hogy az olvas\u00f3 k\u00f6nnyen ellen\u0151rizhesse a hivatkoz\u00e1sait.&nbsp;<\/li>\n\n\n\n<li>Haszn\u00e1ljon k\u00f6vetkezetes fejl\u00e9cet a foly\u00f3irat fejl\u00e9c\u00e9hez \u00e9s az oldalsz\u00e1mokhoz, hogy megk\u00f6nny\u00edtse munk\u00e1ja szerkezet\u00e9t.&nbsp;<\/li>\n\n\n\n<li>Mindig ellen\u0151rizze k\u00e9tszer a sz\u00f6veges id\u00e9zeteket, hogy nincs-e helyes\u00edr\u00e1si hiba, hi\u00e1nyz\u00f3 vessz\u0151 vagy form\u00e1z\u00e1si hiba.&nbsp;<\/li>\n\n\n\n<li>Haszn\u00e1lja a  c\u00edmet. <a href=\"https:\/\/www.unr.edu\/writing-speaking-center\/writing-speaking-resources\/mla-quotation-punctuation\" target=\"_blank\" rel=\"noreferrer noopener\">megfelel\u0151 \u00edr\u00e1sjelek<\/a> mindig, \u00e9s minden z\u00e1r\u00f3jelet z\u00e1rjon le \u00edr\u00e1sjellel.&nbsp;<\/li>\n<\/ul>\n\n\n\n<p>Pr\u00f3b\u00e1lja ki az AI Detector \u00e9s Humanizer programot az al\u00e1bbi widgetben!<\/p>\n\n\n\n<div id=\"uai-widget\" data-affiliate-link=\"https:\/\/undetectable.ai\/?_by=hi4km\"><script>var js = document.createElement(\"script\");js.async = true;js.src = \"https:\/\/widget.undetectable.ai\/js\/widget-loader.js?t=\"+Date.now();document.getElementsByTagName(\"head\")[0].appendChild(js);<\/script><\/div>\n\n\n\n<h2 class=\"wp-block-heading\">GYIK az MLA form\u00e1tumr\u00f3l<\/h2>\n\n\n<div id=\"rank-math-faq\" class=\"rank-math-block\">\n<div class=\"rank-math-list\">\n<div id=\"faq-question-1749641098623\" class=\"rank-math-list-item\">\n<h3 class=\"rank-math-question\">Az MLA form\u00e1tum k\u00f6telez\u0151 minden tudom\u00e1nyos dolgozathoz?<\/h3>\n<div class=\"rank-math-answer\">\n\n<p>Nem, nem az. Az MLA form\u00e1tum legink\u00e1bb a b\u00f6lcs\u00e9szettudom\u00e1nyi ter\u00fcletek, p\u00e9ld\u00e1ul az irodalom, a nyelv \u00e9s m\u00e1s kapcsol\u00f3d\u00f3 tanulm\u00e1nyok k\u00f6r\u00e9ben haszn\u00e1latos.\u00a0<\/p>\n\n<\/div>\n<\/div>\n<div id=\"faq-question-1749641180260\" class=\"rank-math-list-item\">\n<h3 class=\"rank-math-question\">Haszn\u00e1lhatok l\u00e1bjegyzeteket az MLA-ban?<\/h3>\n<div class=\"rank-math-answer\">\n\n<p>Igen, az MLA st\u00edlusir\u00e1nyzat t\u00e1mogatja a l\u00e1bjegyzetes hivatkoz\u00e1sokat, de mindig k\u00f6vesse az oktat\u00f3ja vagy a szerkeszt\u0151je \u00e1ltal el\u0151\u00edrtakat.\u00a0<\/p>\n\n<\/div>\n<\/div>\n<div id=\"faq-question-1749641196024\" class=\"rank-math-list-item\">\n<h3 class=\"rank-math-question\">Hogyan kell online forr\u00e1st id\u00e9zni az MLA-ban?<\/h3>\n<div class=\"rank-math-answer\">\n\n<p>Online forr\u00e1s id\u00e9z\u00e9s\u00e9hez haszn\u00e1lja a k\u00f6vetkez\u0151 form\u00e1tumot:\u00a0<\/p>\n<p>A szerz\u0151 kereszt- \u00e9s vezet\u00e9kneve, c\u00edmoldal, weboldal, megjelen\u00e9s d\u00e1tuma, URL c\u00edm<\/p>\n\n<\/div>\n<\/div>\n<\/div>\n<\/div>\n\n\n<h2 class=\"wp-block-heading\">K\u00f6vetkeztet\u00e9s<\/h2>\n\n\n\n<p>Rem\u00e9lj\u00fck, hogy minden k\u00e9rd\u00e9s\u00e9re v\u00e1laszt kaptunk azzal kapcsolatban, hogy mi az MLA form\u00e1tum. <\/p>\n\n\n\n<p>A legjobb azonban mindig az, ha ezeket a tippeket az olvas\u00f3 vagy az oktat\u00f3 k\u00e9r\u00e9seihez igaz\u00edtja. <\/p>\n\n\n\n<p>Haszn\u00e1lhatod az \u00c9szrevehetetlen AI-t is. <a href=\"https:\/\/undetectable.ai\/ai-essay-writer\" target=\"_blank\" data-type=\"link\" data-id=\"https:\/\/undetectable.ai\/ai-essay-writer\" rel=\"noreferrer noopener\">AI essz\u00e9\u00edr\u00f3<\/a> a forr\u00e1sok felkutat\u00e1sa \u00e9s a megfelel\u0151 hivatkoz\u00e1sok megad\u00e1sa, hogy megfeleljen az MLA \u00fatmutat\u00f3 szabv\u00e1ny\u00e1nak.&nbsp;<\/p>","protected":false},"excerpt":{"rendered":"","protected":false},"author":15,"featured_media":10189,"comment_status":"closed","ping_status":"closed","sticky":false,"template":"","format":"standard","meta":{"_themeisle_gutenberg_block_has_review":false,"footnotes":""},"categories":[31],"tags":[],"class_list":["post-10183","post","type-post","status-publish","format-standard","has-post-thumbnail","hentry","category-helpful-ai-content-tips"],"_links":{"self":[{"href":"https:\/\/undetectable.ai/blog\/hu\/wp-json\/wp\/v2\/posts\/10183","targetHints":{"allow":["GET"]}}],"collection":[{"href":"https:\/\/undetectable.ai/blog\/hu\/wp-json\/wp\/v2\/posts"}],"about":[{"href":"https:\/\/undetectable.ai/blog\/hu\/wp-json\/wp\/v2\/types\/post"}],"author":[{"embeddable":true,"href":"https:\/\/undetectable.ai/blog\/hu\/wp-json\/wp\/v2\/users\/15"}],"replies":[{"embeddable":true,"href":"https:\/\/undetectable.ai/blog\/hu\/wp-json\/wp\/v2\/comments?post=10183"}],"version-history":[{"count":7,"href":"https:\/\/undetectable.ai/blog\/hu\/wp-json\/wp\/v2\/posts\/10183\/revisions"}],"predecessor-version":[{"id":14826,"href":"https:\/\/undetectable.ai/blog\/hu\/wp-json\/wp\/v2\/posts\/10183\/revisions\/14826"}],"wp:featuredmedia":[{"embeddable":true,"href":"https:\/\/undetectable.ai/blog\/hu\/wp-json\/wp\/v2\/media\/10189"}],"wp:attachment":[{"href":"https:\/\/undetectable.ai/blog\/hu\/wp-json\/wp\/v2\/media?parent=10183"}],"wp:term":[{"taxonomy":"category","embeddable":true,"href":"https:\/\/undetectable.ai/blog\/hu\/wp-json\/wp\/v2\/categories?post=10183"},{"taxonomy":"post_tag","embeddable":true,"href":"https:\/\/undetectable.ai/blog\/hu\/wp-json\/wp\/v2\/tags?post=10183"}],"curies":[{"name":"wp","href":"https:\/\/api.w.org\/{rel}","templated":true}]}}