{"id":10237,"date":"2025-06-06T14:30:00","date_gmt":"2025-06-06T14:30:00","guid":{"rendered":"https:\/\/undetectable.ai/blog\/?p=10237"},"modified":"2026-01-08T04:47:37","modified_gmt":"2026-01-08T04:47:37","slug":"stilus-utmutato","status":"publish","type":"post","link":"https:\/\/undetectable.ai/blog\/hu\/stilus-utmutato\/","title":{"rendered":"Mi az a st\u00edlusir\u00e1nyzat? Teljes \u00fatmutat\u00f3 \u00e9s p\u00e9ld\u00e1k"},"content":{"rendered":"<p>Nem kellene megbesz\u00e9l\u00e9st tartanod ahhoz, hogy eld\u00f6ntsd, hogy \"e-mail\" vagy \"e-mail\" legyen-e az \u00edr\u00e1sm\u00f3dod.<\/p>\n\n\n\n<p>Vagy egy 20 \u00fczenetet tartalmaz\u00f3 t\u00e9ma arr\u00f3l, hogy a m\u00e1rk\u00e1ja \"Szia\" vagy \"Hell\u00f3\".<\/p>\n\n\n\n<p>Vagy \u00f3r\u00e1kig jav\u00edthatod a hangsz\u00ednt, az \u00edr\u00e1sjeleket \u00e9s a form\u00e1z\u00e1st - megint csak -, mert senki sincs egy hull\u00e1mhosszon.<\/p>\n\n\n\n<p>Ha a tartalmi folyamatot kusz\u00e1nak, lass\u00fanak vagy k\u00f6vetkezetlennek \u00e9rzi, a probl\u00e9ma val\u00f3sz\u00edn\u0171leg nem a csapat\u00e1val van. Hanem a munka m\u00f6g\u00f6tti hi\u00e1nyz\u00f3 rendszer.<\/p>\n\n\n\n<p>Ez a rendszer egy st\u00edlusir\u00e1nyzat.<\/p>\n\n\n\n<p>A legt\u00f6bb csapat kihagyja. \u00dagy gondolj\u00e1k, hogy m\u00e1r mindenki <em>ismeri a<\/em> hogyan kell hangzani a dolgoknak. Am\u00edg valaki nem teszi. Azt\u00e1n hirtelen minden poszt, e-mail, felirat \u00e9s esettanulm\u00e1ny olyan, mintha egy m\u00e1sik c\u00e9g \u00edrta volna.<\/p>\n\n\n\n<p>Ez az \u00fatmutat\u00f3 pontosan megmutatja, mi is az a st\u00edlusir\u00e1nyzat, mit kell bele\u00edrni, \u00e9s hogyan sp\u00f3rolhat meg id\u0151t, zavart \u00e9s azt a finom d\u00fch\u00f6t, amit szerkeszt\u00e9s k\u00f6zben \u00e9rez. <\/p>\n\n\n\n<p>Val\u00f3di p\u00e9ld\u00e1kat \u00e9s tippeket is l\u00e1thatsz, hogy hogyan \u00e9p\u00edthetsz egy t\u00e9nylegesen m\u0171k\u00f6d\u0151 rendszert.<\/p>\n\n\n\n<hr class=\"wp-block-separator has-alpha-channel-opacity\"\/>\n\n\n\n<p class=\"has-text-align-center\"><strong>A legfontosabb tudnival\u00f3k<\/strong><\/p>\n\n\n\n<ul class=\"wp-block-list\">\n<li>Egy st\u00edlusir\u00e1nyzat seg\u00edt a csapat minden tagj\u00e1nak ugyanazt a \"m\u00e1rka nyelvet\" besz\u00e9lni, \u00edgy a tartalom \u00f6sszetartoz\u00f3nak \u00e9s egy\u00e9rtelm\u0171nek t\u0171nik.<\/li>\n<\/ul>\n\n\n\n<p><\/p>\n\n\n\n<ul class=\"wp-block-list\">\n<li>T\u00f6bbf\u00e9le st\u00edlusir\u00e1nyzat l\u00e9tezik. Egyesek az \u00edr\u00e1sra, m\u00e1sok a l\u00e1tv\u00e1nyra, megint m\u00e1sok a technikai r\u00e9szletekre \u00f6sszpontos\u00edtanak.<\/li>\n<\/ul>\n\n\n\n<p><\/p>\n\n\n\n<ul class=\"wp-block-list\">\n<li>A st\u00edlusir\u00e1nyzat elk\u00e9sz\u00edt\u00e9se azt jelenti, hogy kital\u00e1lod, hogyan besz\u00e9l \u00e9s hogyan n\u00e9z ki a m\u00e1rk\u00e1d, majd le\u00edrod ezeket a szab\u00e1lyokat p\u00e9ld\u00e1kkal.<\/li>\n<\/ul>\n\n\n\n<p><\/p>\n\n\n\n<ul class=\"wp-block-list\">\n<li>Az olyan nagy m\u00e1rk\u00e1k, mint a Netflix \u00e9s az IBM st\u00edlusir\u00e1nyzatokat haszn\u00e1lnak, hogy tartalmaik \u00e9lesek \u00e9s k\u00f6vetkezetesek maradjanak.<\/li>\n<\/ul>\n\n\n\n<hr class=\"wp-block-separator has-alpha-channel-opacity\"\/>\n\n\n\n<h2 class=\"wp-block-heading\">Mi az a st\u00edlusir\u00e1nyzat?<\/h2>\n\n\n\n<p>Ha k\u00edv\u00e1ncsi, mi az a st\u00edlusir\u00e1nyzat, akkor ez egy olyan dokumentum, amely bemutatja, hogyan kommunik\u00e1l a m\u00e1rk\u00e1ja.&nbsp;<\/p>\n\n\n\n<p>Egy\u00e9rtelm\u0171en meghat\u00e1rozza az \u00edr\u00e1s \u00e9s a tervez\u00e9s szab\u00e1lyait, \u00edgy minden, amit l\u00e9trehoz, p\u00e9ld\u00e1ul e-mailek, k\u00f6z\u00f6ss\u00e9gi posztok, blogcikkek, s\u0151t, m\u00e9g a diak\u00e9pek is \u00fagy \u00e9rzik, mintha ugyanonnan sz\u00e1rmazn\u00e1nak.<\/p>\n\n\n\n<p>Nem, nem dikt\u00e1lja, hogy mit \u00edrjon. Ehelyett csak azt mondja meg, hogyan \u00edrjon, hogy az \u00fczenete vil\u00e1gos \u00e9s k\u00f6vetkezetes legyen, f\u00fcggetlen\u00fcl att\u00f3l, hogy ki \u00edrja.<\/p>\n\n\n\n<p>St\u00edlus \u00fatmutat\u00f3 n\u00e9lk\u00fcl a csapatok id\u0151t pazarolnak arra, hogy \u00fajra \u00e9s \u00fajra ugyanazokat a d\u00f6nt\u00e9seket hozz\u00e1k meg, vagy ami m\u00e9g rosszabb, egy\u00e1ltal\u00e1n nem hozz\u00e1k meg \u0151ket. Ilyenkor a dolgok kezdenek sz\u00e9tes\u0151nek \u00e9s m\u00e1rk\u00e1tlannak t\u0171nni.<\/p>\n\n\n\n<p>Egy j\u00f3 st\u00edlusir\u00e1nyzat seg\u00edt elker\u00fclni ezt. Egyetlen egy\u00e9rtelm\u0171 hivatkoz\u00e1si pontot ad a csapat\u00e1nak, \u00edgy a m\u00e1sodk\u00e9zb\u0151l val\u00f3 m\u00e9rlegel\u00e9s helyett az alkot\u00e1sra koncentr\u00e1lhatnak.<\/p>\n\n\n\n<h3 class=\"wp-block-heading\">A st\u00edlusir\u00e1nyzat legfontosabb elemei<\/h3>\n\n\n\n<p>Egy j\u00f3 st\u00edlusir\u00e1nyzat nem felt\u00e9tlen\u00fcl mindig hossz\u00fa. <\/p>\n\n\n\n<p>Csak az alapvet\u0151 dolgokra kell kiterjednie, amire p\u00e9ld\u00e1ul a csapat\u00e1nak sz\u00fcks\u00e9ge van ahhoz, hogy k\u00f6vetkezetes maradjon:<\/p>\n\n\n\n<ol class=\"wp-block-list\">\n<li>Hang \u00e9s hangsz\u00edn<\/li>\n<\/ol>\n\n\n\n<p>Ez megmagyar\u00e1zza, hogyan hangzik a m\u00e1rk\u00e1ja.<\/p>\n\n\n\n<p>Alkalmi vagy hivatalos? J\u00e1t\u00e9kos vagy komoly? Humorral vagy egyenesen?<\/p>\n\n\n\n<p>Azt is el kell magyar\u00e1znia, hogy a hangnem a helyzett\u0151l f\u00fcgg\u0151en hogyan v\u00e1ltozik, p\u00e9ld\u00e1ul egy blogbejegyz\u00e9s \u00edr\u00e1sa vagy egy panaszra adott v\u00e1lasz.<\/p>\n\n\n\n<p>Persze, lehetsz eg\u00e9sz nap j\u00e1t\u00e9kos \u00e9s bar\u00e1ts\u00e1gos, de ha egy \u00fcgyf\u00e9l panaszkodik, hogy \"Hopp\u00e1! Ez nagy k\u00e1r\" val\u00f3sz\u00edn\u0171leg nem a legjobb v\u00e1lasz.<\/p>\n\n\n\n<ol start=\"2\" class=\"wp-block-list\">\n<li>\u00cdr\u00e1sbeli szab\u00e1lyok<\/li>\n<\/ol>\n\n\n\n<p>Ezek azok az apr\u00f3 d\u00f6nt\u00e9sek, amelyek nagy k\u00fcl\u00f6nbs\u00e9get jelentenek:<\/p>\n\n\n\n<ul class=\"wp-block-list\">\n<li>Helyes\u00edr\u00e1s (amerikai vagy brit angol?)<\/li>\n\n\n\n<li>Pontoz\u00e1s (Oxfordi vessz\u0151: igen vagy nem?)<\/li>\n\n\n\n<li>Nagybet\u0171s\u00edt\u00e9si szab\u00e1lyok<\/li>\n\n\n\n<li>R\u00f6vid\u00edt\u00e9sek \u00e9s r\u00f6vid\u00edt\u00e9sek<\/li>\n\n\n\n<li><a href=\"https:\/\/undetectable.ai\/blog\/apa-format\/\" target=\"_blank\" rel=\"noreferrer noopener\">Hogyan hivatkozik az inform\u00e1ci\u00f3ra<\/a>, \u00edrjon sz\u00e1mokat, d\u00e1tumokat \u00e9s id\u0151pontokat<\/li>\n<\/ul>\n\n\n<div class=\"wp-block-image\">\n<figure class=\"aligncenter size-large\"><img loading=\"lazy\" decoding=\"async\" width=\"1024\" height=\"365\" src=\"https:\/\/undetectable.ai/blog\/wp-content\/uploads\/2025\/08\/Acronym-Generator-1024x365.jpg\" alt=\"\" class=\"wp-image-18176\" title=\"\" srcset=\"https:\/\/undetectable.ai/blog\/wp-content\/uploads\/2025\/08\/Acronym-Generator-1024x365.jpg 1024w, https:\/\/undetectable.ai/blog\/wp-content\/uploads\/2025\/08\/Acronym-Generator-300x107.jpg 300w, https:\/\/undetectable.ai/blog\/wp-content\/uploads\/2025\/08\/Acronym-Generator-768x274.jpg 768w, https:\/\/undetectable.ai/blog\/wp-content\/uploads\/2025\/08\/Acronym-Generator-18x6.jpg 18w, https:\/\/undetectable.ai/blog\/wp-content\/uploads\/2025\/08\/Acronym-Generator.jpg 1283w\" sizes=\"auto, (max-width: 1024px) 100vw, 1024px\" \/><\/figure><\/div>\n\n\n<p>Ahhoz, hogy projektje a vil\u00e1goss\u00e1g\u00e1val \u00e9s pontoss\u00e1g\u00e1val kiemelkedjen, gondoskodnia kell arr\u00f3l, hogy csapata egys\u00e9ges r\u00f6vid\u00edt\u00e9seket haszn\u00e1ljon a bels\u0151 projektekben \u00e9s a k\u00fcls\u0151 kommunik\u00e1ci\u00f3ban.<\/p>\n\n\n\n<p>Emellett hivatkozhat az Undetectable AI-ra is. <a href=\"https:\/\/undetectable.ai\/acronym-generator\" target=\"_blank\" rel=\"noreferrer noopener\">Bet\u0171sz\u00f3 gener\u00e1tor<\/a> seg\u00edt kidolgozni szabv\u00e1nyos\u00edtott bels\u0151 r\u00f6vid\u00edt\u00e9seket a v\u00e1llalat hivatalos st\u00edlus\u00fa \u00fatmutat\u00f3j\u00e1hoz, biztos\u00edtva, hogy a szervezet egyedi terminol\u00f3gi\u00e1ja k\u00f6nnyen megjegyezhet\u0151 \u00e9s k\u00f6vethet\u0151 legyen.<\/p>\n\n\n\n<ol start=\"3\" class=\"wp-block-list\">\n<li>Szavak list\u00e1ja (tilos \u00e9s nem tilos)<\/li>\n<\/ol>\n\n\n\n<p>Sorolja fel a m\u00e1rk\u00e1ja \u00e1ltal rendszeresen haszn\u00e1lt \u00e9s a ker\u00fclend\u0151 szavakat vagy kifejez\u00e9seket.<\/p>\n\n\n\n<p>P\u00e9ld\u00e1ul: Haszn\u00e1lja az \"\u00fcgyfelek\", nem pedig a \"felhaszn\u00e1l\u00f3k\" kifejez\u00e9st. Mondja \"seg\u00edts\u00e9g\" helyett \"t\u00e1mogat\u00e1s\".<\/p>\n\n\n\n<p>Seg\u00edt elker\u00fclni a vegyes \u00fczeneteket, \u00e9s er\u0151sebb m\u00e1rkahangot teremt.<\/p>\n\n\n\n<ol start=\"4\" class=\"wp-block-list\">\n<li>Form\u00e1z\u00e1si ir\u00e1nyelvek<\/li>\n<\/ol>\n\n\n\n<p>Ez a szerkezetre \u00e9s az elrendez\u00e9sre vonatkozik:<\/p>\n\n\n\n<ul class=\"wp-block-list\">\n<li>Hogyan haszn\u00e1ljuk a c\u00edmsorokat<\/li>\n\n\n\n<li>Bullet point st\u00edlusok<\/li>\n\n\n\n<li><a href=\"https:\/\/undetectable.ai\/blog\/how-many-word-in-a-paragraph\/\" target=\"_blank\" rel=\"noreferrer noopener\">bekezd\u00e9s hossza<\/a><\/li>\n\n\n\n<li>Link form\u00e1z\u00e1s<\/li>\n\n\n\n<li><a href=\"https:\/\/undetectable.ai\/blog\/how-to-write-a-call-to-action-conclusion\/\" target=\"_blank\" rel=\"noreferrer noopener\">Hogyan \u00edrjunk CTA-kat<\/a> (cselekv\u00e9sre val\u00f3 felh\u00edv\u00e1s)<\/li>\n<\/ul>\n\n\n\n<p>Seg\u00edt abban, hogy a tartalmat k\u00f6nny\u0171 legyen \u00e1tolvasni, \u00e9s professzion\u00e1lisnak t\u0171nj\u00f6n.<\/p>\n\n\n\n<ol start=\"5\" class=\"wp-block-list\">\n<li>Vizu\u00e1lis st\u00edlus (nem k\u00f6telez\u0151, de hasznos)<\/li>\n<\/ol>\n\n\n\n<p>N\u00e9h\u00e1ny st\u00edlusir\u00e1nyzat alapvet\u0151 vizu\u00e1lis szab\u00e1lyokat is tartalmaz, p\u00e9ld\u00e1ul:<\/p>\n\n\n\n<ul class=\"wp-block-list\">\n<li>K\u00e9p vagy illusztr\u00e1ci\u00f3 st\u00edlusa<\/li>\n\n\n\n<li>M\u00e1rka sz\u00ednek<\/li>\n\n\n\n<li>Log\u00f3 haszn\u00e1lata<\/li>\n\n\n\n<li>Bet\u0171t\u00edpusok<\/li>\n<\/ul>\n\n\n\n<p>Ha az \u00fatmutat\u00f3 csak az \u00edr\u00e1sra szolg\u00e1l, ezt kihagyhatja. Hasznos azonban, ha a tartalomhoz \u00e9s a tervez\u00e9shez egyablakos referenci\u00e1t szeretne.<\/p>\n\n\n\n<p>Egy j\u00f3 st\u00edlusir\u00e1nyzatnak praktikusnak kell lennie. Ha t\u00fal hossz\u00fa vagy t\u00fal szigor\u00fa, az emberek nem fogj\u00e1k haszn\u00e1lni. Koncentr\u00e1ljon arra, amire a csapat\u00e1nak legink\u00e1bb sz\u00fcks\u00e9ge van, \u00e9s tegye k\u00f6nnyen megtal\u00e1lhat\u00f3v\u00e1 \u00e9s k\u00f6vethet\u0151v\u00e9.<\/p>\n\n\n\n<p>\u00cdgy biztos\u00edthatja, hogy minden <a href=\"https:\/\/undetectable.ai\/blog\/how-many-work-hours-in-a-year\/\" target=\"_blank\" rel=\"noreferrer noopener\">munka\u00f3r\u00e1k egy \u00e9vben<\/a> valami produkt\u00edv dologra haszn\u00e1lj\u00e1k fel.<\/p>\n\n\n\n<h2 class=\"wp-block-heading\">St\u00edlus \u00fatmutat\u00f3k t\u00edpusai<\/h2>\n\n\n\n<p>A fenti r\u00e9szben m\u00e1r \u00e1ttekintett\u00fck, hogy \"mi az a st\u00edlusir\u00e1nyzat\". De ez minden? Term\u00e9szetesen nem.<\/p>\n\n\n\n<p>A st\u00edlusir\u00e1nyzatoknak k\u00fcl\u00f6nb\u00f6z\u0151 fajt\u00e1i l\u00e9teznek. Egyesek a szavakra, m\u00e1sok a vizu\u00e1lis elemekre, megint m\u00e1sok pedig a legapr\u00f3bb r\u00e9szletekre \u00f6sszpontos\u00edtanak. Az al\u00e1bbiakban elmondjuk, mit kell tudnia ahhoz, hogy a megfelel\u0151t v\u00e1lassza.<\/p>\n\n\n\n<h3 class=\"wp-block-heading\">1. Szerkeszt\u0151i st\u00edlus \u00fatmutat\u00f3<\/h3>\n\n\n\n<p>Ez \u00fagy m\u0171k\u00f6dik, mint az \u00edr\u00e1sb\u00edr\u00f3. Meghat\u00e1rozza a helyes\u00edr\u00e1s, a nyelvtan, az \u00edr\u00e1sjelek \u00e9s a m\u00e1rka hangz\u00e1s\u00e1nak szab\u00e1lyait pap\u00edron vagy a k\u00e9perny\u0151n. Feszesen \u00e9s k\u00f6vetkezetesen tartja az \u00edr\u00e1sodat, hogy az olvas\u00f3k ne zavarodjanak \u00f6ssze, \u00e9s ne zavarodjanak meg.<\/p>\n\n\n\n<h3 class=\"wp-block-heading\">2. M\u00e1rka st\u00edlus \u00fatmutat\u00f3<\/h3>\n\n\n\n<p>Nos, mi is az a m\u00e1rkast\u00edlus-\u00fatmutat\u00f3?<\/p>\n\n\n\n<p>Nos, ez a t\u00edpus nem csak az \u00edr\u00e1sra terjed ki, hanem arra is, hogy a m\u00e1rka vizu\u00e1lisan hogyan n\u00e9z ki \u00e9s hogyan \u00e9rzi mag\u00e1t. Amikor \u00d6n <a href=\"https:\/\/www.zilliondesigns.com\/graphic-design-brand-style-guide\" data-type=\"link\" data-id=\"https:\/\/www.zilliondesigns.com\/graphic-design-brand-style-guide\" target=\"_blank\" rel=\"noopener\">m\u00e1rkast\u00edlus-\u00fatmutat\u00f3 megtervez\u00e9se<\/a>, a log\u00f3kra, sz\u00ednekre, bet\u0171t\u00edpusokra, k\u00e9pekre \u00e9s az \u00e1ltal\u00e1nos tervez\u00e9si st\u00edlusra, valamint a hangnemre \u00e9s a hangsz\u00ednre vonatkoz\u00f3 szab\u00e1lyokat tartalmaz.&nbsp;<\/p>\n\n\n\n<h3 class=\"wp-block-heading\">3. Technikai st\u00edlus \u00fatmutat\u00f3<\/h3>\n\n\n\n<p>Ha a munk\u00e1ja k\u00e9zik\u00f6nyveket, utas\u00edt\u00e1sokat vagy m\u0171szaki dokumentumokat tartalmaz, ez az \u00fatmutat\u00f3 a legjobb bar\u00e1tja. <\/p>\n\n\n\n<p>Arra \u00f6sszpontos\u00edt, hogy krist\u00e1lytiszta \u00e9s pontos legyen, hogy m\u00e9g az is fejf\u00e1j\u00e1s n\u00e9lk\u00fcl meg\u00e9rtse, aki m\u00e9g soha nem l\u00e1tta a term\u00e9k\u00e9t.<\/p>\n\n\n\n<h3 class=\"wp-block-heading\">4. K\u00f6z\u00f6ss\u00e9gi m\u00e9dia st\u00edlus \u00fatmutat\u00f3<\/h3>\n\n\n\n<p>A k\u00f6z\u00f6ss\u00e9gi m\u00e9dia egy k\u00fcl\u00f6n vil\u00e1g, ez\u00e9rt egyes m\u00e1rk\u00e1k kifejezetten erre a c\u00e9lra k\u00e9sz\u00edtenek st\u00edlus\u00fatimutat\u00f3t. Ez az \u00fatmutat\u00f3 bemutatja, hogyan kell bejegyz\u00e9seket \u00edrni, kommentekre v\u00e1laszolni, hashtageket haszn\u00e1lni \u00e9s a k\u00fcl\u00f6nb\u00f6z\u0151 k\u00f6z\u00f6ss\u00e9gi platformokat kezelni, mik\u00f6zben <a href=\"https:\/\/www.crowdspring.com\/blog\/branding\/\" data-type=\"link\" data-id=\"https:\/\/www.crowdspring.com\/blog\/branding\/\" target=\"_blank\" rel=\"noopener\">a m\u00e1rka h\u0171s\u00e9g\u00e9nek meg\u0151rz\u00e9se<\/a>.<\/p>\n\n\n\n<h2 class=\"wp-block-heading\">Hogyan k\u00e9sz\u00edts\u00fcnk st\u00edlus \u00fatmutat\u00f3t (l\u00e9p\u00e9sr\u0151l l\u00e9p\u00e9sre)<\/h2>\n\n\n\n<p>Egy st\u00edlusir\u00e1nyzat elk\u00e9sz\u00edt\u00e9se egy\u00e1ltal\u00e1n nem ijeszt\u0151 vagy id\u0151ig\u00e9nyes feladat. Az al\u00e1bbi l\u00e9p\u00e9sek seg\u00edtenek megtanulni, hogyan k\u00e9sz\u00edts\u00fcnk st\u00edlusirendet.<\/p>\n\n\n<div class=\"wp-block-image\">\n<figure class=\"aligncenter size-large\"><img loading=\"lazy\" decoding=\"async\" width=\"1024\" height=\"683\" src=\"https:\/\/undetectable.ai/blog\/wp-content\/uploads\/2025\/06\/style-guide-001-1024x683.jpg\" alt=\"\" class=\"wp-image-10242\" title=\"\" srcset=\"https:\/\/undetectable.ai/blog\/wp-content\/uploads\/2025\/06\/style-guide-001-1024x683.jpg 1024w, https:\/\/undetectable.ai/blog\/wp-content\/uploads\/2025\/06\/style-guide-001-300x200.jpg 300w, https:\/\/undetectable.ai/blog\/wp-content\/uploads\/2025\/06\/style-guide-001-768x512.jpg 768w, https:\/\/undetectable.ai/blog\/wp-content\/uploads\/2025\/06\/style-guide-001-18x12.jpg 18w, https:\/\/undetectable.ai/blog\/wp-content\/uploads\/2025\/06\/style-guide-001.jpg 1536w\" sizes=\"auto, (max-width: 1024px) 100vw, 1024px\" \/><\/figure><\/div>\n\n\n<h3 class=\"wp-block-heading\">1. V\u00e1zolja fel a m\u00e1rka identit\u00e1s\u00e1t<\/h3>\n\n\n\n<p>Kezdje azzal, hogy feljegyzi a m\u00e1rka k\u00fcldet\u00e9s\u00e9t, \u00e9rt\u00e9keit \u00e9s szem\u00e9lyis\u00e9g\u00e9t. Ez fontos a hang \u00e9s a <a href=\"https:\/\/undetectable.ai\/blog\/brand-voice-examples\/\" target=\"_blank\" rel=\"noreferrer noopener\">a m\u00e1rka hangz\u00e1sa<\/a>.<\/p>\n\n\n\n<h3 class=\"wp-block-heading\">2. \u00cdr\u00e1si ir\u00e1nyelvek meg\u00e1llap\u00edt\u00e1sa<\/h3>\n\n\n\n<p>D\u00f6nts\u00f6n a nyelvi preferenci\u00e1kr\u00f3l, p\u00e9ld\u00e1ul:<\/p>\n\n\n\n<ul class=\"wp-block-list\">\n<li>\u00d6sszeh\u00faz\u00f3d\u00e1sok haszn\u00e1lata (pl. \"ne\" vs. \"ne\")<\/li>\n\n\n\n<li>prefer\u00e1lt helyes\u00edr\u00e1si konvenci\u00f3k (pl. amerikai vs. brit angol)<\/li>\n\n\n\n<li>Nyelvtani szab\u00e1lyok (pl. Oxfordi vessz\u0151haszn\u00e1lat)<\/li>\n<\/ul>\n\n\n\n<h3 class=\"wp-block-heading\">3. Vizu\u00e1lis szabv\u00e1nyok kidolgoz\u00e1sa<\/h3>\n\n\n\n<p>El\u0151\u00edr\u00e1sok v\u00e1zlata:<\/p>\n\n\n\n<ul class=\"wp-block-list\">\n<li>Log\u00f3haszn\u00e1lat \u00e9s elhelyez\u00e9s<\/li>\n\n\n\n<li>Sz\u00ednpaletta (bele\u00e9rtve a HEX, RGB \u00e9s CMYK k\u00f3dokat)<\/li>\n\n\n\n<li>Tipogr\u00e1fia (bet\u0171t\u00edpusok, m\u00e9retek \u00e9s st\u00edlusok)<\/li>\n\n\n\n<li>K\u00e9pi st\u00edlus (f\u00e9nyk\u00e9pek, illusztr\u00e1ci\u00f3k, ikonok)<\/li>\n<\/ul>\n\n\n\n<h3 class=\"wp-block-heading\">4. Hang \u00e9s hangparam\u00e9terek be\u00e1ll\u00edt\u00e1sa<\/h3>\n\n\n\n<p>Hat\u00e1rozza meg, hogyan kommunik\u00e1l a m\u00e1rk\u00e1ja:<\/p>\n\n\n\n<ul class=\"wp-block-list\">\n<li>A hangnem hivatalos vagy alkalmi?<\/li>\n\n\n\n<li>A hang legyen tekint\u00e9lyt parancsol\u00f3 vagy bar\u00e1ts\u00e1gos?<\/li>\n\n\n\n<li>Vannak olyan kifejez\u00e9sek vagy szakkifejez\u00e9sek, amelyeket haszn\u00e1lni vagy ker\u00fclni kell?<\/li>\n<\/ul>\n\n\n\n<h3 class=\"wp-block-heading\">5. P\u00e9ld\u00e1k \u00e9s sablonok l\u00e9trehoz\u00e1sa<\/h3>\n\n\n\n<p>Adjon egy\u00e9rtelm\u0171 p\u00e9ld\u00e1kat a k\u00f6vetkez\u0151kre:<\/p>\n\n\n\n<ul class=\"wp-block-list\">\n<li>Az elemek helyes \u00e9s helytelen haszn\u00e1lata<\/li>\n\n\n\n<li>Minta dokumentumok vagy sablonok<\/li>\n\n\n\n<li>Vizu\u00e1lis mockupok a tervez\u00e9si szabv\u00e1nyok bemutat\u00e1s\u00e1ra&nbsp;<\/li>\n<\/ul>\n\n\n\n<h3 class=\"wp-block-heading\">6. K\u00f6rforg\u00e1s \u00e9s v\u00e9grehajt\u00e1s<\/h3>\n\n\n\n<p>Ossza sz\u00e9t a stilisztikai \u00fatmutat\u00f3t a csapat\u00e1nak, gondoskodjon arr\u00f3l, hogy k\u00f6nnyen megtal\u00e1lhat\u00f3 legyen, \u00e9s eml\u00e9keztessen mindenkit, hogy mindig n\u00e9zze meg, amikor tartalmat k\u00e9sz\u00edt.<\/p>\n\n\n\n<p><strong>B\u00f3nusz tipp:<\/strong>Mik\u00f6zben tanulod, hogyan k\u00e9sz\u00edts egy st\u00edlus \u00fatmutat\u00f3t, tal\u00e1n \u00e9rt\u00e9kelni fogod az Undetectable AI seg\u00edts\u00e9g\u00e9t. <a href=\"https:\/\/undetectable.ai\/ai-chat\" target=\"_blank\" rel=\"noreferrer noopener\">AI Chat eszk\u00f6z<\/a>. <\/p>\n\n\n\n<p>Seg\u00edts\u00e9get ny\u00fajthat a mintatartalom l\u00e9trehoz\u00e1s\u00e1ban \u00e9s a szakaszok \u00e1t\u00edr\u00e1s\u00e1ban, hogy igazodjon az \u00d6n st\u00edluspreferenci\u00e1ihoz.<\/p>\n\n\n<div class=\"wp-block-image\">\n<figure class=\"aligncenter size-full\"><img loading=\"lazy\" decoding=\"async\" width=\"652\" height=\"486\" src=\"https:\/\/undetectable.ai/blog\/wp-content\/uploads\/2025\/06\/style-guide-002.jpg\" alt=\"\" class=\"wp-image-10243\" title=\"\" srcset=\"https:\/\/undetectable.ai/blog\/wp-content\/uploads\/2025\/06\/style-guide-002.jpg 652w, https:\/\/undetectable.ai/blog\/wp-content\/uploads\/2025\/06\/style-guide-002-300x224.jpg 300w, https:\/\/undetectable.ai/blog\/wp-content\/uploads\/2025\/06\/style-guide-002-16x12.jpg 16w\" sizes=\"auto, (max-width: 652px) 100vw, 652px\" \/><\/figure><\/div>\n\n\n<h2 class=\"wp-block-heading\">P\u00e9ld\u00e1k n\u00e9pszer\u0171 st\u00edlusiratokra<\/h2>\n\n\n\n<p>Ha \u00faton vagy a <a href=\"https:\/\/undetectable.ai\/blog\/content-creator\/\" target=\"_blank\" rel=\"noreferrer noopener\">tartalomk\u00e9sz\u00edt\u0151v\u00e9 v\u00e1l\u00e1s<\/a>, tudnia kell, hogy val\u00f3j\u00e1ban hogyan n\u00e9z ki egy st\u00edlusir\u00e1nyzat. Szerencs\u00e9re n\u00e9h\u00e1ny nagynev\u0171 m\u00e1rka nyilv\u00e1noss\u00e1gra hozta st\u00edlusir\u00e1nyzat\u00e1t.<\/p>\n\n\n\n<p>\u00cdme az \u00e9n \u00f6t legjobb v\u00e1laszt\u00e1som:<\/p>\n\n\n\n<ol class=\"wp-block-list\">\n<li><strong>Netflix: <\/strong>A Netflix tiszt\u00e1n \u00e9s vil\u00e1gosan tartja a dolgokat. A <a href=\"https:\/\/brand.netflix.com\/en\/assets\/logos\/\" target=\"_blank\" rel=\"noreferrer noopener\">st\u00edlus \u00fatmutat\u00f3<\/a> pontosan megmutatja, hogyan haszn\u00e1ld a log\u00f3jukat, a sz\u00edneket, \u00e9s m\u00e9g azt is, hogy mennyi helyet kell hagyni minden k\u00f6r\u00fcl (igen, a feh\u00e9r t\u00e9r sz\u00e1m\u00edt).<\/li>\n\n\n\n<li><strong>Spotify: <\/strong>A Spotify-nak egyetlen c\u00e9lja van: mer\u00e9sz \u00e9s felismerhet\u0151 lenni. A <a href=\"https:\/\/developer.spotify.com\/documentation\/design\" target=\"_blank\" rel=\"noreferrer noopener\">tervez\u00e9si \u00fatmutat\u00f3<\/a> le\u00edrja, hogyan kell haszn\u00e1lni a z\u00f6ldet, a bet\u0171t\u00edpust \u00e9s a h\u00edres <a href=\"https:\/\/www.brandcrowd.com\/logo-maker\" target=\"_blank\" rel=\"noopener\">log\u00f3tervez\u00e9s<\/a>. Tervez\u0151knek \u00e9s fejleszt\u0151knek k\u00e9sz\u00fclt, de b\u00e1rki sz\u00e1m\u00e1ra hasznos, aki a m\u00e1rk\u00e1j\u00e1val dolgozik.<\/li>\n\n\n\n<li><strong>National Geographic: <\/strong>Ha a m\u00e1rk\u00e1ja leny\u0171g\u00f6z\u0151 vizu\u00e1lis elemekre \u00e9s er\u0151teljes t\u00f6rt\u00e9netmes\u00e9l\u00e9sre \u00e9p\u00fcl, akkor a st\u00edlusir\u00e1nyzat\u00e1nak is \u00e9lesnek kell lennie. <a href=\"https:\/\/stylemanual.ngs.org\/\" target=\"_blank\" rel=\"noreferrer noopener\">Nat Geo \u00fatmutat\u00f3ja<\/a> a fot\u00f3z\u00e1si szab\u00e1lyokt\u00f3l a szerkeszt\u0151i hangig mindent lefed.<\/li>\n\n\n\n<li><strong>NASA: <\/strong>Igen, m\u00e9g az \u0171rbuziknak is vannak st\u00edlusszab\u00e1lyaik. <a href=\"https:\/\/www.nasa.gov\/nasa-brand-center\/brand-guidelines\/\" target=\"_blank\" rel=\"noreferrer noopener\">A NASA \u00fatmutat\u00f3ja<\/a> tartalmazza a log\u00f3k, sz\u00ednek \u00e9s bet\u0171t\u00edpusok pontos specifik\u00e1ci\u00f3it. Leny\u0171g\u00f6z\u0151, hogy m\u00e9g a korm\u00e1nyzati \u00fcgyn\u00f6ks\u00e9gek is mennyire \u00fcgyelnek a design konzisztenci\u00e1j\u00e1ra.<\/li>\n<\/ol>\n\n\n\n<h2 class=\"wp-block-heading\">Tippek a k\u00f6vetkezetes st\u00edlus fenntart\u00e1s\u00e1hoz<\/h2>\n\n\n\n<p>Egy st\u00edlusir\u00e1nyzat elk\u00e9sz\u00edt\u00e9se j\u00f3 kezdet, de a st\u00edlus k\u00f6vetkezetes megtart\u00e1sa az, ami igaz\u00e1n sz\u00e1m\u00edt.<\/p>\n\n\n\n<p>\u00cdme n\u00e9h\u00e1ny tipp, hogy a csapatod val\u00f3ban <em>a  c\u00edmet haszn\u00e1lja.<\/em> az \u00fatmutat\u00f3t (\u00e9s nem felejti el, hogy l\u00e9tezik egy tal\u00e1lkoz\u00f3 ut\u00e1n):<\/p>\n\n\n\n<ol class=\"wp-block-list\">\n<li><strong>K\u00f6nnyen megtal\u00e1lhat\u00f3: <\/strong>T\u00e1rolja a st\u00edlusjegyz\u00e9ket egy j\u00f3l l\u00e1that\u00f3 helyen. T\u0171zd ki a csapatod Slackj\u00e9ben, tedd be az onboarding-dokumentumok k\u00f6z\u00e9, vagy m\u00e9g jobb, ha belinkeled a tartalmi eszk\u00f6zeidbe.<\/li>\n\n\n\n<li><strong>Legyen r\u00f6vid \u00e9s hasznos: <\/strong>Ha olyan, mint egy tank\u00f6nyv, senki sem fogja elolvasni. Koncentr\u00e1ljon azokra a szab\u00e1lyokra, amelyeket az emberek legink\u00e1bb haszn\u00e1lnak, p\u00e9ld\u00e1ul a hangnemre, a nyelvtani furcsas\u00e1gokra vagy a form\u00e1z\u00e1sra, \u00e9s tartsa k\u00f6z\u00e9rthet\u0151en.<\/li>\n\n\n\n<li><strong>P\u00e9ldamutat\u00e1s: <\/strong>Ha \u00d6n kezeli a tartalmat vagy fel\u00fclvizsg\u00e1lja a munk\u00e1t, tartsa mag\u00e1t a st\u00edlusir\u00e1nyelvhez. Ha a csapat azt l\u00e1tja, hogy megszegi a saj\u00e1t szab\u00e1lyait, azt fogj\u00e1k felt\u00e9telezni, hogy az \u00fatmutat\u00f3 nem k\u00f6telez\u0151. Az emberek sokkal gyorsabban veszik \u00e9szre, hogy mit teszel, mint azt, hogy mit mondasz.<\/li>\n\n\n\n<li><strong>Rendszeres ellen\u0151rz\u00e9s: <\/strong>N\u00e9h\u00e1ny havonta n\u00e9zze \u00fajra az \u00fatmutat\u00f3t. Fejl\u0151d\u00f6tt a m\u00e1rka hangja? K\u00f6vetik az emberek? Norm\u00e1lis, hogy a m\u00e1rka n\u00f6veked\u00e9s\u00e9vel p\u00e1rhuzamosan finom\u00edtani kell a dolgokon. Egy \u00faj munkat\u00e1rsat bevonni <a href=\"https:\/\/www.brandvm.com\/branding\" target=\"_blank\" rel=\"noopener\">vizu\u00e1lis m\u00e1rka\u00fcgyn\u00f6ks\u00e9g<\/a> id\u0151nk\u00e9nt friss betekint\u00e9st ny\u00fajthat, \u00e9s biztos\u00edthatja, hogy vizu\u00e1lis megjelen\u00e9se \u00f6sszhangban maradjon az aktu\u00e1lis diz\u00e1jn trendekkel.<\/li>\n\n\n\n<li><strong>Adjon bar\u00e1ts\u00e1gos eml\u00e9keztet\u0151ket: <\/strong>Teljesen norm\u00e1lis, hogy az emberek elfelejtik a st\u00edlus apr\u00f3 r\u00e9szleteit, k\u00fcl\u00f6n\u00f6sen, ha \u00fajak vagy milli\u00f3nyi feladattal zsongl\u0151rk\u00f6dnek. Ha valaki elsz\u00f3lja mag\u00e1t, finoman mutass vissza az \u00fatmutat\u00f3ra.<\/li>\n\n\n\n<li><strong>Az \u00faj csapattagok korai betan\u00edt\u00e1sa: <\/strong>Ne v\u00e1rd meg, am\u00edg valaki leadja az els\u0151 v\u00e1zlat\u00e1t, hogy elmondd neki, hogy rossz hangnemben \u00edrt. Az \u00fajonnan felvett munkat\u00e1rsakat azonnal vezesse v\u00e9gig a st\u00edlusir\u00e1nyzaton. Magyar\u00e1zza el, mi\u00e9rt fontos, mire kell figyelni, \u00e9s hol tal\u00e1lja meg. \u00cdgy k\u00e9s\u0151bb mindkett\u0151j\u00fcknek sok oda-vissza besz\u00e9lget\u00e9st sp\u00f3rolhat meg.<\/li>\n<\/ol>\n\n\n\n<p>A mesters\u00e9ges intelligenci\u00e1val \u00edrt sz\u00f6vegek finom\u00edt\u00e1sa az \u00e9rthet\u0151s\u00e9g \u00e9s a bizalom \u00e9rdek\u00e9ben - haszn\u00e1lja az al\u00e1bbi AI Detector \u00e9s Humanizer funkci\u00f3kat.<\/p>\n\n\n\n<div id=\"uai-widget\" data-affiliate-link=\"https:\/\/undetectable.ai\/?_by=hi4km\"><script>var js = document.createElement(\"script\");js.async = true;js.src = \"https:\/\/widget.undetectable.ai\/js\/widget-loader.js?t=\"+Date.now();document.getElementsByTagName(\"head\")[0].appendChild(js);<\/script><\/div>\n\n\n\n<h2 class=\"wp-block-heading\">GYIK a st\u00edlusiratokr\u00f3l<\/h2>\n\n\n<div id=\"rank-math-faq\" class=\"rank-math-block\">\n<div class=\"rank-math-list\">\n<div id=\"faq-question-1749742626783\" class=\"rank-math-list-item\">\n<h3 class=\"rank-math-question\">Mi a k\u00fcl\u00f6nbs\u00e9g a m\u00e1rkast\u00edlus- \u00e9s a szerkeszt\u0151i st\u00edlusir\u00e1nyzat k\u00f6z\u00f6tt?<\/h3>\n<div class=\"rank-math-answer\">\n\n<p>A m\u00e1rkast\u00edlus-\u00fatmutat\u00f3 elmagyar\u00e1zza, hogyan kell kin\u00e9znie \u00e9s hangzania a m\u00e1rk\u00e1nak. Egy szerkeszt\u0151i st\u00edlusir\u00e1nyzat csak az \u00edr\u00e1s szab\u00e1lyaira, azaz a nyelvtanra, a hangnemre \u00e9s a sz\u00f3haszn\u00e1latra \u00f6sszpontos\u00edt.<\/p>\n\n<\/div>\n<\/div>\n<div id=\"faq-question-1749742665764\" class=\"rank-math-list-item\">\n<h3 class=\"rank-math-question\">Mennyire legyen r\u00e9szletes egy st\u00edlusir\u00e1nyzat?<\/h3>\n<div class=\"rank-math-answer\">\n\n<p>Vil\u00e1gosnak \u00e9s hasznosnak kell lennie. Tartalmazza azokat a szab\u00e1lyokat, amelyekre az embereknek legink\u00e1bb sz\u00fcks\u00e9g\u00fck van, p\u00e9ld\u00e1ul a hangot, a helyes\u00edr\u00e1st \u00e9s a form\u00e1z\u00e1st. Nem kell mindent hozz\u00e1adni, csak azt, ami seg\u00edt az embereknek abban, hogy k\u00f6vetkezetesen \u00edrjanak.<\/p>\n\n<\/div>\n<\/div>\n<div id=\"faq-question-1749742684543\" class=\"rank-math-list-item\">\n<h3 class=\"rank-math-question\">Milyen gyakran kell friss\u00edteni egy st\u00edlusir\u00e1nyzatot?<\/h3>\n<div class=\"rank-math-answer\">\n\n<p>Friss\u00edtse, ha valami megv\u00e1ltozik, p\u00e9ld\u00e1ul a hangnem vagy az \u00edr\u00e1sm\u00f3d. N\u00e9h\u00e1ny havonta egy gyors ellen\u0151rz\u00e9s \u00e1ltal\u00e1ban elegend\u0151 ahhoz, hogy naprak\u00e9szen tartsa.<\/p>\n\n<\/div>\n<\/div>\n<div id=\"faq-question-1749742837917\" class=\"rank-math-list-item\">\n<h3 class=\"rank-math-question\">A mesters\u00e9ges intelligencia eszk\u00f6z\u00f6k k\u00f6vetik a st\u00edlusir\u00e1nyzatokat?<\/h3>\n<div class=\"rank-math-answer\">\n\n<p>Igen, ha vil\u00e1gos utas\u00edt\u00e1sokat adsz nekik. N\u00e9h\u00e1ny eszk\u00f6z, mint p\u00e9ld\u00e1ul <a href=\"https:\/\/undetectable.ai\/\" target=\"_blank\" rel=\"noreferrer noopener\">Kimutathatatlan AI<\/a>, lehet\u0151v\u00e9 teszi, hogy saj\u00e1t \u00edr\u00e1si szab\u00e1lyokat adjon hozz\u00e1, hogy a kimenet megfeleljen a st\u00edlus\u00e1nak.<\/p>\n\n<\/div>\n<\/div>\n<\/div>\n<\/div>\n\n\n<h2 class=\"wp-block-heading\">K\u00f6vetkeztet\u00e9s<\/h2>\n\n\n\n<p>Egy st\u00edlusir\u00e1nyzat apr\u00f3s\u00e1gnak t\u0171nhet. Csak n\u00e9h\u00e1ny szab\u00e1ly az \u00edr\u00e1sra, a hangnemre \u00e9s a form\u00e1z\u00e1sra vonatkoz\u00f3an. <\/p>\n\n\n\n<p>De valami nagyobbat is tesz... megsz\u00fcnteti a t\u00e9tov\u00e1z\u00e1st. Lehet\u0151v\u00e9 teszi, hogy az emberek az \u00f6tletekre koncentr\u00e1ljanak, ne pedig a k\u00e9ts\u00e9gbees\u00e9sre.<\/p>\n\n\n\n<p>Mert az igazs\u00e1g az, hogy a legt\u00f6bb csapat nem a tehets\u00e9ggel k\u00fczd. Hanem a tiszt\u00e1nl\u00e1t\u00e1ssal. <\/p>\n\n\n\n<p>\u00c9s amikor mindenki \u00fagy \u00edr, mintha ugyanannak a besz\u00e9lget\u00e9snek a r\u00e9szese lenne, nemcsak a munka lesz jobb, hanem \u00fagy \u00e9rzi, hogy valami val\u00f3di dologhoz tartozik.<\/p>\n\n\n\n<p>Erre ad lehet\u0151s\u00e9get egy st\u00edlusir\u00e1nyzat. Nem ir\u00e1ny\u00edt\u00e1st. Csak \u00f6sszehangol\u00e1st. \u00c9s ez mindent megv\u00e1ltoztat.&nbsp;<\/p>\n\n\n\n<p>Pr\u00f3b\u00e1lja ki a  c\u00edmet. <a href=\"https:\/\/undetectable.ai\/\" target=\"_blank\" rel=\"noreferrer noopener\">\u00c9szrevehetetlen AI eszk\u00f6z\u00f6k<\/a> ma, hogy l\u00e9trehozza saj\u00e1t m\u00e1rkair\u00e1nyelv\u00e9t, vagy \u00edrjon hozz\u00e1 ill\u0151 tartalmat.<\/p>","protected":false},"excerpt":{"rendered":"","protected":false},"author":15,"featured_media":10241,"comment_status":"closed","ping_status":"closed","sticky":false,"template":"","format":"standard","meta":{"_themeisle_gutenberg_block_has_review":false,"footnotes":""},"categories":[34],"tags":[],"class_list":["post-10237","post","type-post","status-publish","format-standard","has-post-thumbnail","hentry","category-ai-news"],"_links":{"self":[{"href":"https:\/\/undetectable.ai/blog\/hu\/wp-json\/wp\/v2\/posts\/10237","targetHints":{"allow":["GET"]}}],"collection":[{"href":"https:\/\/undetectable.ai/blog\/hu\/wp-json\/wp\/v2\/posts"}],"about":[{"href":"https:\/\/undetectable.ai/blog\/hu\/wp-json\/wp\/v2\/types\/post"}],"author":[{"embeddable":true,"href":"https:\/\/undetectable.ai/blog\/hu\/wp-json\/wp\/v2\/users\/15"}],"replies":[{"embeddable":true,"href":"https:\/\/undetectable.ai/blog\/hu\/wp-json\/wp\/v2\/comments?post=10237"}],"version-history":[{"count":12,"href":"https:\/\/undetectable.ai/blog\/hu\/wp-json\/wp\/v2\/posts\/10237\/revisions"}],"predecessor-version":[{"id":18826,"href":"https:\/\/undetectable.ai/blog\/hu\/wp-json\/wp\/v2\/posts\/10237\/revisions\/18826"}],"wp:featuredmedia":[{"embeddable":true,"href":"https:\/\/undetectable.ai/blog\/hu\/wp-json\/wp\/v2\/media\/10241"}],"wp:attachment":[{"href":"https:\/\/undetectable.ai/blog\/hu\/wp-json\/wp\/v2\/media?parent=10237"}],"wp:term":[{"taxonomy":"category","embeddable":true,"href":"https:\/\/undetectable.ai/blog\/hu\/wp-json\/wp\/v2\/categories?post=10237"},{"taxonomy":"post_tag","embeddable":true,"href":"https:\/\/undetectable.ai/blog\/hu\/wp-json\/wp\/v2\/tags?post=10237"}],"curies":[{"name":"wp","href":"https:\/\/api.w.org\/{rel}","templated":true}]}}