{"id":10264,"date":"2025-06-07T14:28:53","date_gmt":"2025-06-07T14:28:53","guid":{"rendered":"https:\/\/undetectable.ai/blog\/?p=10264"},"modified":"2026-04-09T05:57:41","modified_gmt":"2026-04-09T05:57:41","slug":"a-kolteszet-tipusai","status":"publish","type":"post","link":"https:\/\/undetectable.ai/blog\/hu\/a-kolteszet-tipusai\/","title":{"rendered":"A k\u00f6lt\u00e9szet t\u00edpusai: A Complete Guide"},"content":{"rendered":"<p>Ha a \"k\u00f6lt\u00e9szet\" sz\u00f3 hallat\u00e1n halott, tollas fick\u00f3kra vagy n\u00e1rciszokr\u00f3l sz\u00f3l\u00f3 r\u00edmekre gondol, k\u00e9rem, tartson egy kis sz\u00fcnetet. \u00dajra kell ind\u00edtanunk.<\/p>\n\n\n\n<p>A k\u00f6lt\u00e9szet az egyik legsokoldal\u00fabb, legv\u00e1ltozatosabb m\u0171v\u00e9szeti forma, \u00e9s minden\u00fctt jelen van, rapversekben, gy\u00e1sznapl\u00f3kban, szerelmes levelekben \u00e9s politikai tiltakoz\u00e1sokban.&nbsp;<\/p>\n\n\n\n<p>A k\u00f6lt\u00e9szetet az teszi m\u00e9g leny\u0171g\u00f6z\u0151bb\u00e9, hogy h\u00e1nyf\u00e9le t\u00edpusa l\u00e9tezik. <\/p>\n\n\n\n<p>A vil\u00e1g k\u00fcl\u00f6nb\u00f6z\u0151 kult\u00far\u00e1ib\u00f3l t\u00f6bb mint 150 k\u00fcl\u00f6nb\u00f6z\u0151 t\u00edpus\u00fa verset ismer\u00fcnk.<\/p>\n\n\n\n<p>\u00c9s ebben a cikkben besz\u00e9l\u00fcnk a leggyakoribb versform\u00e1kr\u00f3l \u00e9s a <a href=\"https:\/\/undetectable.ai\/blog\/how-to-write-a-poem\/\" target=\"_blank\" rel=\"noreferrer noopener\">hogyan tudsz val\u00f3j\u00e1ban verset \u00edrni<\/a> ezeken a h\u00edres strukt\u00far\u00e1kon alapulnak.<\/p>\n\n\n\n<hr class=\"wp-block-separator has-alpha-channel-opacity\"\/>\n\n\n\n<p class=\"has-text-align-center\"><strong>A legfontosabb tanuls\u00e1gok<\/strong>s<\/p>\n\n\n\n<ul class=\"wp-block-list\">\n<li>A k\u00f6lt\u00e9szet az \u00e9rzelmek, gondolatok vagy tapasztalatok kifejez\u00e9s\u00e9nek egyik m\u00f3dja a legmegr\u00e1z\u00f3bb, legsz\u00e1nd\u00e9kosabb form\u00e1ban, f\u00fcggetlen\u00fcl att\u00f3l, hogy r\u00edmel-e vagy sem.<\/li>\n<\/ul>\n\n\n\n<p><\/p>\n\n\n\n<ul class=\"wp-block-list\">\n<li>A k\u00f6lt\u00e9szetnek sz\u00e1mos fajt\u00e1ja l\u00e9tezik, mint p\u00e9ld\u00e1ul a szonett, a haiku, a limerick, a szabad st\u00edlus, a szabad vers, az \u00f3da, a ghazal, az el\u00e9gi\u00e1k stb.,.<\/li>\n<\/ul>\n\n\n\n<p><\/p>\n\n\n\n<ul class=\"wp-block-list\">\n<li>A k\u00fcl\u00f6nb\u00f6z\u0151 versform\u00e1k k\u00fcl\u00f6nb\u00f6z\u0151 hangulatokhoz \u00e9s \u00fczenetekhez illenek, \u00e9s nem v\u00e9letlenszer\u0171en v\u00e1lasztunk form\u00e1t. A t\u00edpust ahhoz a hangnemhez \u00e9s \u00e9rz\u00e9shez illeszted, amelyet a verseddel k\u00f6zvet\u00edteni akarsz.<\/li>\n<\/ul>\n\n\n\n<hr class=\"wp-block-separator has-alpha-channel-opacity\"\/>\n\n\n\n<h2 class=\"wp-block-heading\">Mi a k\u00f6lt\u00e9szet?<\/h2>\n\n\n\n<p>A k\u00f6lt\u00e9szet a l\u00e9nyege szerint nem m\u00e1s, mint s\u0171r\u00edtett igazs\u00e1g a sz\u00f3 filoz\u00f3fiai \u00e9rtelm\u00e9ben. <\/p>\n\n\n\n<p>Ez t\u00f6rt\u00e9nik, amikor valaki fog egy \u00e9rz\u00e9st, egy pillanatot vagy egy gondolatot, a l\u00e9nyeg\u00e9re bontja, \u00e9s \u00fagy adja \u00e1t, hogy az gyomorsz\u00e1jon v\u00e1g, finoman vagy m\u00e1s m\u00f3don.<\/p>\n\n\n\n<p>\u00c1tment a fej\u00e9n? Hadd magyar\u00e1zzam el.<\/p>\n\n\n\n<p>Amikor a naplement\u00e9t n\u00e9zed, \u00e9s \u00e9rzed azt a h\u00faz\u00f3d\u00e1st a mellkasodban, ami keser\u00e9des, gy\u00f6ny\u00f6r\u0171, tal\u00e1n egy kicsit szomor\u00fa, le\u00edrhatn\u00e1d \u00fagy is, hogy \"Az \u00e9g sz\u00e9pnek t\u0171nt\". Persze, ez technikailag pontos.<\/p>\n\n\n\n<p>De ha valaki azt mondan\u00e1: \"Az \u00e9g lil\u00e1san z\u00fazott, ahogy a nap elv\u00e9rzett a dombok m\u00f6g\u00f6tt\", azt kem\u00e9nyen \u00e9rezn\u00e9d.<\/p>\n\n\n\n<p>Egyes versek r\u00edmelnek, m\u00e1sok nem. <\/p>\n\n\n\n<p>Valamit a sz\u00e1nd\u00e9koss\u00e1g tesz verss\u00e9, ahol minden sz\u00fcnetnek, minden k\u00e9pnek, minden hangnak c\u00e9lja van.<\/p>\n\n\n\n<p>Nem kell diploma ahhoz, hogy verseket olvass vagy \u00edrj. Nem is kell \"\u00e9rteni\" valamilyen akad\u00e9miai \u00e9rtelemben. Ha megragad, akkor megragad. <\/p>\n\n\n\n<p>De ez persze nem jelenti azt, hogy minden ritmikus mondat k\u00f6lt\u00e9szet, vagy hogy b\u00e1rki k\u00e9pes lenne r\u00e1 term\u00e9szetesen.<\/p>\n\n\n\n<p>Mint minden m\u00e1s m\u0171v\u00e9szeti \u00e1gban, a tisztess\u00e9ges vers\u00edr\u00e1shoz is id\u0151, t\u00fcrelem \u00e9s sok gyakorl\u00e1s sz\u00fcks\u00e9ges.&nbsp;<\/p>\n\n\n\n<h2 class=\"wp-block-heading\">A k\u00f6lt\u00e9szet t\u00edpusai p\u00e9ld\u00e1kkal<\/h2>\n\n\n<div class=\"wp-block-image\">\n<figure class=\"aligncenter size-large\"><img loading=\"lazy\" decoding=\"async\" width=\"1024\" height=\"683\" src=\"https:\/\/undetectable.ai/blog\/wp-content\/uploads\/2025\/06\/types-of-poetry-001-1-1024x683.jpg\" alt=\"\" class=\"wp-image-10269\" title=\"\" srcset=\"https:\/\/undetectable.ai/blog\/wp-content\/uploads\/2025\/06\/types-of-poetry-001-1-1024x683.jpg 1024w, https:\/\/undetectable.ai/blog\/wp-content\/uploads\/2025\/06\/types-of-poetry-001-1-300x200.jpg 300w, https:\/\/undetectable.ai/blog\/wp-content\/uploads\/2025\/06\/types-of-poetry-001-1-768x512.jpg 768w, https:\/\/undetectable.ai/blog\/wp-content\/uploads\/2025\/06\/types-of-poetry-001-1-18x12.jpg 18w, https:\/\/undetectable.ai/blog\/wp-content\/uploads\/2025\/06\/types-of-poetry-001-1.jpg 1536w\" sizes=\"auto, (max-width: 1024px) 100vw, 1024px\" \/><\/figure><\/div>\n\n\n<p>A k\u00f6lt\u00e9szetnek sokf\u00e9le t\u00edpusa l\u00e9tezik. N\u00e9zz\u00fck a leggyakoribbakat:&nbsp;<\/p>\n\n\n\n<ol class=\"wp-block-list\">\n<li>Sonnet<\/li>\n<\/ol>\n\n\n\n<p>Gyakran, amikor az emberek a k\u00f6lt\u00e9szetre gondolnak, az agyuk Shakespeare-re ugrik, aki \"szerelmedr\u0151l\", \"r\u00f3zs\u00e1kr\u00f3l\" \u00e9s hasonl\u00f3kr\u00f3l motyog. \u00c9s igen, ez egy szonett.<\/p>\n\n\n\n<p>A <a href=\"https:\/\/undetectable.ai\/blog\/how-to-write-a-sonnet\/\" target=\"_blank\" rel=\"noreferrer noopener\">a szonett egy 14 soros vers<\/a> hagyom\u00e1nyosan jambikus pentameterben \u00edrj\u00e1k (ami egy divatos kifejez\u00e9s: minden sor 10 sz\u00f3tagb\u00f3l \u00e1ll, hangs\u00falytalan \u00e9s hangs\u00falyos \u00fctemek v\u00e1ltakoznak, mint a sz\u00edvver\u00e9s: da-DUM da-DUM da-DUM da-DUM da-DUM da-DUM da-DUM). Ez a versszak a k\u00f6vetkez\u0151kb\u0151l \u00e1ll:<\/p>\n\n\n\n<ul class=\"wp-block-list\">\n<li>3 n\u00e9gysoros (azaz h\u00e1rom 4 soros str\u00f3fa)<\/li>\n\n\n\n<li>1 couplet (a v\u00e9g\u00e9n egy 2 soros mic-drop)<\/li>\n<\/ul>\n\n\n\n<p>Shakespeare \"<a href=\"https:\/\/www.poetryfoundation.org\/poems\/45087\/sonnet-18-shall-i-compare-thee-to-a-summers-day\" target=\"_blank\" rel=\"noreferrer noopener\"><em>Hasonl\u00edtsalak-e t\u00e9ged egy ny\u00e1ri naphoz...<\/em><\/a>\" a szonett klasszikus p\u00e9ld\u00e1ja.&nbsp;<\/p>\n\n\n\n<ol start=\"2\" class=\"wp-block-list\">\n<li>Haiku<\/li>\n<\/ol>\n\n\n\n<p>A haiku egy nagyon r\u00f6vid vers, mind\u00f6ssze 3 sorb\u00f3l \u00e9s 17 sz\u00f3tagb\u00f3l \u00e1ll, 5\/7\/5-\u00f6s sorrendben. A haikuk az 1600-as \u00e9vekben Jap\u00e1nb\u00f3l sz\u00e1rmaznak, \u00e9s eredetileg a term\u00e9szetr\u0151l \u00e9s az \u00e9vszakok v\u00e1ltoz\u00e1s\u00e1r\u00f3l sz\u00f3ltak. <\/p>\n\n\n\n<p>A modern haikuk azonban a sz\u00edvf\u00e1jdalomt\u00f3l a m\u00e1snaposs\u00e1gig mindent lefednek.<\/p>\n\n\n\n<p>\u00cdme egy p\u00e9lda Matsuo Bash\u014d haikuj\u00e1ra:<\/p>\n\n\n\n<p><em>Egy r\u00e9gi csendes t\u00f3<\/em><\/p>\n\n\n\n<p><em>Egy b\u00e9ka beugrik a t\u00f3ba...<\/em><\/p>\n\n\n\n<p><em>Csobban\u00e1s! Ism\u00e9t csend.<\/em><\/p>\n\n\n\n<p>Ami itt zseni\u00e1lis, az a kontraszt. A hirtelen hang a csendben, a pillanatnyi megszak\u00edt\u00e1s, ami m\u00e9g ink\u00e1bb \u00e9rezteti a k\u00f6lt\u00e9szetben rejl\u0151 csendet.<\/p>\n\n\n\n<ol start=\"3\" class=\"wp-block-list\">\n<li>Szabad vers<\/li>\n<\/ol>\n\n\n\n<p><a href=\"https:\/\/undetectable.ai\/blog\/what-is-a-free-verse-poem\/\/\/\/\/\" target=\"_blank\" rel=\"noreferrer noopener\">Szabad vers<\/a> a hagyom\u00e1nyos form\u00e1kat felr\u00fag\u00f3 k\u00f6lt\u00e9szet. Nem k\u00f6vet r\u00edmk\u00e9pletet vagy szigor\u00fa r\u00edmk\u00e9pletet. <a href=\"https:\/\/undetectable.ai\/blog\/what-is-a-stanza-in-a-poem\/\" target=\"_blank\" rel=\"noreferrer noopener\">str\u00f3f\u00e1k hossza<\/a>. <\/p>\n\n\n\n<p>Ehelyett \u00fagy mozog, ahogyan a val\u00f3di gondolatok \u00e9s \u00e9rz\u00e9sek mozognak: t\u00f6red\u00e9kesen, rohanva, sz\u00fcnetekben, hirtelen fordulatokban.<\/p>\n\n\n\n<p>A szabad vers a k\u00f6lt\u0151nek megadja a rugalmass\u00e1got, hogy a tartalom dikt\u00e1lja a form\u00e1t. Vegy\u00fck p\u00e9ld\u00e1ul Walt Whitmant. Gyakran neki tulajdon\u00edtj\u00e1k a szabad vers n\u00e9pszer\u0171s\u00edt\u00e9s\u00e9t az angol k\u00f6lt\u00e9szetben. A \"Song of Myself\"-ben \u00edgy nyitja:<\/p>\n\n\n\n<p><em>\u00dcnneplem magam, \u00e9s \u00e9neklem magam<\/em><\/p>\n\n\n\n<p><em>\u00c9s amit \u00e9n felt\u00e9telezek, azt te is felt\u00e9telezd<\/em><\/p>\n\n\n\n<p><em>Mert minden atom hozz\u00e1m tartozik, mint ahogy a j\u00f3 hozz\u00e1d tartozik.<\/em><\/p>\n\n\n\n<p>Figyelj\u00fck meg, hogy a versben nincs r\u00edm vagy feszes metrum. Ez nem jelenti azt, hogy a szabad vers csak pr\u00f3za lenne sorv\u00e9gi sz\u00fcnetekkel. Biztosan nem az. A versben minden sz\u00fcnet, minden hirtelen v\u00e1lt\u00e1s, csepp vagy visszhang sz\u00e1nd\u00e9kos.<\/p>\n\n\n\n<ol start=\"4\" class=\"wp-block-list\">\n<li>\u00dcres vers<\/li>\n<\/ol>\n\n\n\n<p>Az \u00fcres vers, a hasonl\u00f3an hangz\u00f3 elnevez\u00e9s ellen\u00e9re, semmiben sem hasonl\u00edt a szabad vershez. R\u00edmtelen jambikus pentameterben \u00edr\u00f3dik, ami azt jelenti, hogy minden sor \u00e1ltal\u00e1ban t\u00edz sz\u00f3tagb\u00f3l \u00e1ll, hangs\u00falytalan \u00e9s hangs\u00falyos \u00fctemek v\u00e1ltakoznak.&nbsp;<\/p>\n\n\n\n<p>A vers nem r\u00edmel a sorok v\u00e9g\u00e9n, de van egy form\u00e1lis ritmusa, amely a felsz\u00edn alatt fut, \u00e9s amely akkor \u00e9rz\u0151dik a legjobban, ha hangosan olvasod.&nbsp;<\/p>\n\n\n\n<p>Hamlet h\u00edres monol\u00f3gja kiv\u00e1l\u00f3 p\u00e9ld\u00e1ja az \u00fcres verses k\u00f6lt\u00e9szetnek:&nbsp;<\/p>\n\n\n\n<p><em>\"Lenni, vagy nem lenni - ez a k\u00e9rd\u00e9s.<\/em><\/p>\n\n\n\n<p><em>Hogy nemesebb-e szenvedni a l\u00e9lekben.<\/em><\/p>\n\n\n\n<p><em>A felh\u00e1bor\u00edt\u00f3 szerencse cs\u00fazlijai \u00e9s nyilai...\"<\/em><\/p>\n\n\n\n<ol start=\"5\" class=\"wp-block-list\">\n<li>Limerick<\/li>\n<\/ol>\n\n\n\n<p>A limerick egy \u00f6tsoros vers, nagyon saj\u00e1tos ritmussal \u00e9s r\u00edmk\u00e9plettel. R\u00f6vid, \u00fct\u0151s \u00e9s gyakran nevets\u00e9ges. R\u00f6vid form\u00e1ja miatt ide\u00e1lis sz\u00f3viccek vagy gyors po\u00e9nok sz\u00e1m\u00e1ra.<\/p>\n\n\n\n<p>A limerick r\u00edmk\u00e9plete AABBA, ritmusa pedig \u00e1ltal\u00e1ban anapesztikus \u00fctem, ami azt jelenti, hogy a legt\u00f6bb sorban h\u00e1rom sz\u00f3tagot \"da-da-DUM\" sorrendben csoportos\u00edtanak.<\/p>\n\n\n\n<p>Az els\u0151, m\u00e1sodik \u00e9s \u00f6t\u00f6dik sor hosszabb, \u00e9s egym\u00e1sra r\u00edmel, m\u00edg a r\u00f6videbb harmadik \u00e9s negyedik sor saj\u00e1t r\u00edmp\u00e1rt alkot.<\/p>\n\n\n\n<p>\u00cdme egy klasszikus p\u00e9lda egy Edward Learnek tulajdon\u00edtott limerickre:&nbsp;<\/p>\n\n\n\n<p><em>Volt ott egy szak\u00e1llas \u00f6regember,<\/em><\/p>\n\n\n\n<p><em>Aki azt mondta: \"Pontosan \u00fagy van, ahogyan f\u00e9ltem!<\/em><\/p>\n\n\n\n<p><em>K\u00e9t bagoly \u00e9s egy ty\u00fak,<\/em><\/p>\n\n\n\n<p><em>N\u00e9gy pacsirta \u00e9s egy sz\u00e1rnyas,<\/em><\/p>\n\n\n\n<p><em>Mindannyian f\u00e9szket \u00e9p\u00edtettek a szak\u00e1llamban.<\/em><\/p>\n\n\n\n<ol start=\"6\" class=\"wp-block-list\">\n<li>\u00d3da<\/li>\n<\/ol>\n\n\n\n<p>M\u00edg a limerick nevet\u00e9sre k\u00e9sztet, az \u00f3da meg\u00e1ll\u00e1sra k\u00e9sztet, \u00e9s azt mondja: \"Huh. Erre m\u00e9g sosem gondoltam \u00edgy.\" Az \u00f3d\u00e1k olyan l\u00edrai versek, amelyek egy szem\u00e9lyt, t\u00e1rgyat, eszm\u00e9t vagy pillanatot \u00fcnnepelnek vagy m\u00e9lyen elgondolkodtatnak.<\/p>\n\n\n\n<p>Az \"\u00f3da\" sz\u00f3 a g\u00f6r\u00f6g \u014dd\u0113 sz\u00f3b\u00f3l sz\u00e1rmazik, jelent\u00e9se \"<a href=\"https:\/\/undetectable.ai\/blog\/how-to-write-a-song\/\" target=\"_blank\" rel=\"noreferrer noopener\">dal<\/a>.\" Az \u00f3d\u00e1k gyakran zenei hangv\u00e9tel\u0171ek. <\/p>\n\n\n\n<p>\u00cdrhatsz \u00f3d\u00e1t valami nagyszer\u0171h\u00f6z, p\u00e9ld\u00e1ul a szabads\u00e1ghoz, mint sok romantikus k\u00f6lt\u0151 tette, vagy valami teljesen h\u00e9tk\u00f6znapi, mint Pablo Neruda \"<a href=\"https:\/\/poets.org\/poem\/ode-my-socks\" target=\"_blank\" rel=\"noreferrer noopener\">\u00d3da a zoknimhoz<\/a>\"<\/p>\n\n\n\n<ol start=\"7\" class=\"wp-block-list\">\n<li>Elegy<\/li>\n<\/ol>\n\n\n\n<p>Az el\u00e9gi\u00e1k a gy\u00e1sz k\u00f6lt\u00e9szete. Elm\u00e9lked\u0151, komoly vers, amely egy szem\u00e9ly elveszt\u00e9s\u00e9re reag\u00e1l, de gy\u00e1szolhatja az elt\u0171nt id\u0151t, a fakul\u00f3 fiatals\u00e1got vagy b\u00e1rmit, ami elt\u0171nt \u00e9s nyomot hagyott maga ut\u00e1n.<\/p>\n\n\n\n<p>Sok el\u00e9gi\u00e1ban a gy\u00e1sz, az eml\u00e9kez\u00e9s \u00e9s gyakran egyfajta megb\u00e9k\u00e9l\u00e9s vagy elfogad\u00e1s szakaszain kereszt\u00fcl haladunk. <\/p>\n\n\n\n<p>A hagyom\u00e1nyos el\u00e9gi\u00e1k form\u00e1lis szerkezetet k\u00f6vettek (mint p\u00e9ld\u00e1ul az \u00f3kori g\u00f6r\u00f6gben a hexameter \u00e9s pentameter sorok v\u00e1ltakoz\u00e1sa), de a modern el\u00e9gi\u00e1k szabad form\u00e1j\u00faak.&nbsp;<\/p>\n\n\n\n<p>Form\u00e1t adnak a f\u00e1jdalomnak, \u00e9s ezzel eml\u00e9keztetnek minket arra, hogy nem vagyunk egyed\u00fcl.<\/p>\n\n\n\n<p>Itt egy r\u00e9szlet a <a href=\"https:\/\/allpoetry.com\/funeral-blues\" target=\"_blank\" rel=\"noreferrer noopener\">W. H. Auden <em>\"Funeral Blues.<\/em><\/a><em>\" <\/em>Figyelj\u00fck meg, hogyan k\u00f6zvet\u00edti a gy\u00e1szt a maga nyers form\u00e1j\u00e1ban:&nbsp;<\/p>\n\n\n\n<p><em>\u00c1ll\u00edtsd le az \u00f6sszes \u00f3r\u00e1t, kapcsold ki a telefont,<\/em><\/p>\n\n\n\n<p><em>Egy szaftos csonttal akad\u00e1lyozd meg, hogy a kutya ugasson,<\/em><\/p>\n\n\n\n<p><em>Elhallgatnak a zongor\u00e1k \u00e9s tompa dobol\u00e1ssal<\/em><\/p>\n\n\n\n<p><em>Hozz\u00e1tok ki a kopors\u00f3t, hadd j\u00f6jjenek a gy\u00e1szol\u00f3k.<\/em><\/p>\n\n\n\n<ol start=\"8\" class=\"wp-block-list\">\n<li>Akrosztichon<\/li>\n<\/ol>\n\n\n\n<p>Az akrosztichon olyan vers, amelyben minden sor els\u0151 bet\u0171je f\u00fcgg\u0151legesen egy sz\u00f3t vagy mondatot \u00edr ki. Nevezhetn\u00e9nk ak\u00e1r egy k\u00f6lt\u0151i keresztrejtv\u00e9nyrejtv\u00e9nynek is, amely a szem\u00fcnk el\u0151tt rejt\u0151zik. <\/p>\n\n\n\n<p>Csendes elegancia van abban, hogy ilyen sz\u0171k keretek k\u00f6z\u00f6tt tudsz valami \u00e9rtelmeset \u00edrni.<\/p>\n\n\n\n<p>\u00cdme egy p\u00e9lda a \"HOPE\" sz\u00f3 akrosztichonj\u00e1ra:<\/p>\n\n\n\n<p><em>Kitart\u00e1s, amikor a napok hossz\u00faak,<\/em><em><br><\/em><em>A k\u00e9ts\u00e9gek legy\u0151z\u00e9se, amelyek leh\u00faznak t\u00e9ged,<\/em><em><br><\/em><em>Suttogott \u00edg\u00e9retek a s\u00f6t\u00e9tben,<\/em><em><br><\/em><em>M\u00e9g a csillagok is a csendben ragyognak a legf\u00e9nyesebben.<\/em><\/p>\n\n\n\n<ol start=\"9\" class=\"wp-block-list\">\n<li>Ghazal<\/li>\n<\/ol>\n\n\n\n<p>A ghazal (ejtsd: guzzle) a perzsa \u00e9s urdu hagyom\u00e1nyokb\u00f3l sz\u00e1rmaz\u00f3 k\u00f6lt\u00e9szet egyik t\u00edpusa. A gazal az egyik legh\u00edresebb k\u00f6lt\u00e9szeti m\u0171faj \u00c1zsi\u00e1ban, k\u00fcl\u00f6n\u00f6sen olyan orsz\u00e1gokban, mint Ir\u00e1n, Pakiszt\u00e1n \u00e9s India.<\/p>\n\n\n\n<p>A ghazal f\u00fcggetlen p\u00e1rversekb\u0151l (k\u00e9tsoros versekb\u0151l) \u00e1ll, amelyeket laz\u00e1n \u00f6sszek\u00f6t a hangulat vagy a t\u00e9ma, nem felt\u00e9tlen\u00fcl a narrat\u00edva.&nbsp;<\/p>\n\n\n\n<p>Ami \u00f6sszek\u00f6ti \u0151ket, az egy ism\u00e9tl\u0151d\u0151 sz\u00f3 vagy kifejez\u00e9s, amely minden p\u00e1ros sor m\u00e1sodik sor\u00e1nak v\u00e9g\u00e9n tal\u00e1lhat\u00f3, \u00e9s egy r\u00edm, amely k\u00f6zvetlen\u00fcl el\u0151tte k\u00f6vetkezik. \u00cdgy egyfajta visszhangot kapunk, \u00fajra \u00e9s \u00fajra.<\/p>\n\n\n\n<p>N\u00e9zze meg ezt a nagyon leegyszer\u0171s\u00edtett p\u00e9ld\u00e1t:<\/p>\n\n\n\n<p><em>A szerelemr\u0151l besz\u00e9lek, b\u00e1r sosem maradt, bar\u00e1tom.<\/em><\/p>\n\n\n\n<p><em>\u00dcld\u00f6z\u00f6m a szellem\u00e9t annak, ami sosem engedelmeskedett, bar\u00e1tom.<\/em><\/p>\n\n\n\n<p><em>A sz\u00e9l olyan t\u00f6rt\u00e9neteket hordozott, amelyeket nem mertem hallani,<\/em><\/p>\n\n\n\n<p><em>Minden suttog\u00e1s peng\u00e9v\u00e9 v\u00e1ltozott, bar\u00e1tom.<\/em><\/p>\n\n\n\n<p>A hagyom\u00e1nyos ghazalokban a k\u00f6lt\u0151 gyakran a saj\u00e1t nev\u00e9t vagy \u00edr\u00f3i nev\u00e9t adja meg az utols\u00f3 versszakban, hogy a verset m\u00e9lyen szem\u00e9lyess\u00e9 tegye.&nbsp;<\/p>\n\n\n\n<p>\u00cdme egy p\u00e9lda egy urdu nyelv\u0171 ghazal-kupl\u00e9ra egy h\u00edres urdu k\u00f6lt\u0151t\u0151l, Mirza Asadullah Khan Ghalibt\u00f3l:<br><br>\u06c1\u0632\u0627\u0631\u0648\u06ba \u062e\u0648\u0627\u06c1\u0634\u06cc\u06ba \u0627\u06cc\u0633\u06cc \u06a9\u06c1 \u06c1\u0631 \u062e\u0648\u0627\u06c1\u0634 \u067e\u06c1 \u062f\u0645 \u0646\u06a9\u0644\u06d2<\/p>\n\n\n\n<p>\u0628\u06c1\u062a \u0646\u06a9\u0644\u06d2 \u0645\u0631\u06d2 \u0627\u0631\u0645\u0627\u0646 \u0644\u06cc\u06a9\u0646 \u067e\u06be\u0631 \u0628\u06be\u06cc \u06a9\u0645 \u0646\u06a9\u0644\u06d2<\/p>\n\n\n\n<p><strong>Ford\u00edt\u00e1s:&nbsp;<\/strong><\/p>\n\n\n\n<p>\"V\u00e1gyak ezrei - mindegyik\u00fck el tudn\u00e1 rabolni a l\u00e9legzetemet,<\/p>\n\n\n\n<p>Annyi v\u00e1gy t\u00e1madt bennem, m\u00e9gis t\u00fal kev\u00e9s, mondhatn\u00e1m.\"<\/p>\n\n\n\n<h2 class=\"wp-block-heading\">Hogyan v\u00e1lasszuk ki a megfelel\u0151 t\u00edpus\u00fa k\u00f6lt\u00e9szetet?<\/h2>\n\n\n<div class=\"wp-block-image\">\n<figure class=\"aligncenter size-large\"><img loading=\"lazy\" decoding=\"async\" width=\"1024\" height=\"683\" src=\"https:\/\/undetectable.ai/blog\/wp-content\/uploads\/2025\/06\/types-of-poetry-003-1024x683.jpg\" alt=\"\" class=\"wp-image-10271\" title=\"\" srcset=\"https:\/\/undetectable.ai/blog\/wp-content\/uploads\/2025\/06\/types-of-poetry-003-1024x683.jpg 1024w, https:\/\/undetectable.ai/blog\/wp-content\/uploads\/2025\/06\/types-of-poetry-003-300x200.jpg 300w, https:\/\/undetectable.ai/blog\/wp-content\/uploads\/2025\/06\/types-of-poetry-003-768x512.jpg 768w, https:\/\/undetectable.ai/blog\/wp-content\/uploads\/2025\/06\/types-of-poetry-003-18x12.jpg 18w, https:\/\/undetectable.ai/blog\/wp-content\/uploads\/2025\/06\/types-of-poetry-003.jpg 1200w\" sizes=\"auto, (max-width: 1024px) 100vw, 1024px\" \/><\/figure><\/div>\n\n\n<p>Most, hogy ismered a h\u00edres versfajt\u00e1kat, tudom, hogy azon gondolkodsz, hogy \"melyiket is \u00edrjam meg?\". \u0150szint\u00e9n sz\u00f3lva, ez a k\u00f6lt\u0151 v\u00e1ltozata annak, hogy b\u00e1mulja a teli ruhat\u00e1rat, \u00e9s azt mondja: \"Nincs mit felvennem\".<\/p>\n\n\n\n<p>Hogy \u0151szinte legyek, nem az\u00e9rt v\u00e1lasztunk k\u00f6lt\u0151i szerkezetet, mert pap\u00edron j\u00f3l mutat. Az\u00e9rt v\u00e1lasztod, mert illik ahhoz a form\u00e1hoz, amit mondani akarsz.<\/p>\n\n\n\n<p>Ha te <a href=\"https:\/\/undetectable.ai\/blog\/best-ai-story-generator\/\" target=\"_blank\" rel=\"noreferrer noopener\">egy t\u00f6rt\u00e9net mellett \u00fclve<\/a>, valami dr\u00e1mai, tal\u00e1n kicsit tragikus, karakterekkel, fordul\u00f3pontokkal, saj\u00e1t sz\u00edvdobban\u00e1ssal, nem lehet egy haikuba belezs\u00fafolni. <\/p>\n\n\n\n<p>Ez egy ballada, egy elbesz\u00e9l\u0151 vers feladata.<\/p>\n\n\n\n<p>Ha a sz\u00edvf\u00e1jdalom, a v\u00e1gyakoz\u00e1s, a vesztes\u00e9g nyers \u00e9rzelmeivel dolgozol, akkor a ghazal vagy az el\u00e9gi\u00e1k fel\u00e9 kell fordulnod.<\/p>\n\n\n\n<p>Szeretn\u00e9l valami okosat vagy egy kicsit szarkasztikusat \u00edrni? Pr\u00f3b\u00e1lj ki egy limericket vagy egy akrosztichon verset.<\/p>\n\n\n\n<p>Ha igaz\u00e1n meg akarsz \u00fcnnepelni valamit (ami egy\u00e9bk\u00e9nt ak\u00e1r a reggeli k\u00e1v\u00e9t is lehet), \u00edrj \u00f3d\u00e1t.<\/p>\n\n\n\n<p>\u00c9s amikor \u00e9ppen abban a furcsa kreat\u00edv t\u00e9rben vagy, amikor j\u00f6nnek az \u00f6tletek, de semmi sem akar r\u00edmelni vagy sz\u00e9pen sorba rendez\u0151dni, mindig t\u00e1maszkodhatsz a szabad versekre.<\/p>\n\n\n\n<p>Hagyja, hogy a hangnem \u00e9s a sz\u00e1nd\u00e9k vez\u00e9relje a v\u00e1laszt\u00e1s\u00e1t. \u00c9s mindig meg\u00edrhatja ugyanazt a darabot t\u00f6bb form\u00e1ban is, hogy megn\u00e9zze, melyik kelti \u00e9letre.<\/p>\n\n\n\n<p>Ha k\u00fcl\u00f6nb\u00f6z\u0151 k\u00f6lt\u00e9szeti form\u00e1kat szeretn\u00e9l felfedezni an\u00e9lk\u00fcl, hogy t\u00falterhelve \u00e9rezn\u00e9d magad, pr\u00f3b\u00e1ld ki az Undetectable AI-t! <a href=\"https:\/\/undetectable.ai\/poem-generator\" target=\"_blank\" rel=\"noreferrer noopener\">Versgener\u00e1tor<\/a>.<\/p>\n\n\n\n<p>Lehet\u0151v\u00e9 teszi, hogy be\u00edrjon egy t\u00e9m\u00e1t, hangulatot vagy \u00f6tletet, \u00e9s azonnal megmutatja, hogyan n\u00e9zne ki ugyanaz a gondolat haiku, limerick, szabad vers vagy ak\u00e1r szonett form\u00e1j\u00e1ban.<\/p>\n\n\n\n<p>Ez egy egyszer\u0171 m\u00f3dszer arra, hogy k\u00eds\u00e9rletezz\u00fcnk a szerkezettel, miel\u0151tt v\u00e9gleges\u00edtj\u00fck a v\u00e9gs\u0151 v\u00e1ltozatot, k\u00fcl\u00f6n\u00f6sen akkor, ha nem vagyunk biztosak abban, hogy melyik forma illik legink\u00e1bb az \u00e1ltalunk kifejezni k\u00edv\u00e1nt \u00e9rzelemhez.<\/p>\n\n\n<div class=\"wp-block-image\">\n<figure class=\"aligncenter size-large\"><img loading=\"lazy\" decoding=\"async\" width=\"1024\" height=\"456\" src=\"https:\/\/undetectable.ai/blog\/wp-content\/uploads\/2025\/05\/Undetectable-AI-Poem-Generator-1024x456.jpg\" alt=\"\" class=\"wp-image-16678\" title=\"\" srcset=\"https:\/\/undetectable.ai/blog\/wp-content\/uploads\/2025\/05\/Undetectable-AI-Poem-Generator-1024x456.jpg 1024w, https:\/\/undetectable.ai/blog\/wp-content\/uploads\/2025\/05\/Undetectable-AI-Poem-Generator-300x134.jpg 300w, https:\/\/undetectable.ai/blog\/wp-content\/uploads\/2025\/05\/Undetectable-AI-Poem-Generator-768x342.jpg 768w, https:\/\/undetectable.ai/blog\/wp-content\/uploads\/2025\/05\/Undetectable-AI-Poem-Generator-18x8.jpg 18w, https:\/\/undetectable.ai/blog\/wp-content\/uploads\/2025\/05\/Undetectable-AI-Poem-Generator.jpg 1428w\" sizes=\"auto, (max-width: 1024px) 100vw, 1024px\" \/><\/figure><\/div>\n\n\n<h2 class=\"wp-block-heading\">Hogyan seg\u00edthetik a k\u00f6lt\u0151ket a felder\u00edthetetlen AI-eszk\u00f6z\u00f6k<\/h2>\n\n\n\n<p>Verset \u00edrni a semmib\u0151l gy\u00f6ny\u00f6r\u0171, de egyben brut\u00e1lis is. <\/p>\n\n\n\n<p>Egy \u00e9rzelem szikr\u00e1j\u00e1val vagy egy sorral kezded, ami pont eltal\u00e1l, majd 45 percig keresel egy olyan sz\u00f3t, ami j\u00f3l r\u00edmel a t\u00e9m\u00e1dra.<\/p>\n\n\n\n<p>A m\u0171v\u00e9szet b\u00e1rmely form\u00e1ja, bele\u00e9rtve a k\u00f6lt\u00e9szetet is, feler\u0151s\u00edthet\u0151 a mesters\u00e9ges intelligencia eszk\u00f6zeivel. <\/p>\n\n\n\n<p>\u00c9s nem, nem arr\u00f3l besz\u00e9l\u00fcnk, hogy a m\u0171v\u00e9szetedet \u00e1tadod egy robotnak, hanem ink\u00e1bb a Suite of <a href=\"https:\/\/undetectable.ai\/\" target=\"_blank\" rel=\"noreferrer noopener\">\u00c9szrevehetetlen AI eszk\u00f6z\u00f6k<\/a> amelyek \u00fagy m\u0171k\u00f6dnek, mint az \u00edr\u00f3asszisztensed, a saj\u00e1t kreativit\u00e1soddal \u00e9s \u00e9rz\u00e9keddel.<\/p>\n\n\n\n<p>Egyszer\u0171en nyissa meg <a href=\"https:\/\/undetectable.ai\/ai-chat\" target=\"_blank\" rel=\"noreferrer noopener\">\u00c9szrevehetetlen AI Chat<\/a>, add meg, hogy milyen t\u00edpus\u00fa verset szeretn\u00e9l (mondjuk \"szonettvers az els\u0151 gimn\u00e1ziumi b\u00e1lr\u00f3l\"), \u00e9s dobj bele n\u00e9mi \u00e9rzelmi t\u00f3nust, azaz a k\u00ednos \u00e9s izgalmas \u00e9rz\u00e9st, ami ezzel egy\u00fctt j\u00e1rt.<\/p>\n\n\n<div class=\"wp-block-image\">\n<figure class=\"aligncenter size-large\"><img loading=\"lazy\" decoding=\"async\" width=\"1024\" height=\"555\" src=\"https:\/\/undetectable.ai/blog\/wp-content\/uploads\/2025\/06\/types-of-poetry-002-1-1024x555.jpg\" alt=\"\" class=\"wp-image-10270\" title=\"\" srcset=\"https:\/\/undetectable.ai/blog\/wp-content\/uploads\/2025\/06\/types-of-poetry-002-1-1024x555.jpg 1024w, https:\/\/undetectable.ai/blog\/wp-content\/uploads\/2025\/06\/types-of-poetry-002-1-300x163.jpg 300w, https:\/\/undetectable.ai/blog\/wp-content\/uploads\/2025\/06\/types-of-poetry-002-1-768x416.jpg 768w, https:\/\/undetectable.ai/blog\/wp-content\/uploads\/2025\/06\/types-of-poetry-002-1-18x10.jpg 18w, https:\/\/undetectable.ai/blog\/wp-content\/uploads\/2025\/06\/types-of-poetry-002-1.jpg 1197w\" sizes=\"auto, (max-width: 1024px) 100vw, 1024px\" \/><\/figure><\/div>\n\n\n<p>Az is el\u00e9g term\u00e9szetes, ha \u00fagy \u00e9rzed, hogy n\u00e9h\u00e1ny sor a verseidben egy kicsit t\u00fals\u00e1gosan k\u00f6zhelyes, vagy esetlen, vagy k\u00ednosan er\u0151ltetett. <\/p>\n\n\n\n<p>A <a href=\"https:\/\/undetectable.ai\/paraphrasing-tool\" target=\"_blank\" rel=\"noreferrer noopener\">Kimutathatatlan AI Paraphraser<\/a> pontosan ezekre a pillanatokra k\u00e9sz\u00fclt. Megetetheted vele a mondatot, \u00e9s k\u00f6lt\u0151ibb, tiszt\u00e1bb v\u00e1ltozatokat kaphatsz an\u00e9lk\u00fcl, hogy lecsupasz\u00edtan\u00e1d a jelent\u00e9sedet.<\/p>\n\n\n\n<p>A <a href=\"https:\/\/undetectable.ai\/word-counter\" target=\"_blank\" rel=\"noreferrer noopener\">\u00c9szrevehetetlen AI sz\u00f3sz\u00e1ml\u00e1l\u00f3<\/a> lehet\u0151v\u00e9 teszi, hogy csatlakoztassa sorait, \u00e9s azonnal megkapja a sz\u00f3tagsz\u00e1ml\u00e1l\u00e1st, ami \u00e9letment\u0151 az olyan struktur\u00e1lt versform\u00e1kn\u00e1l, mint a haikuk \u00e9s szonettek.<\/p>\n\n\n\n<p>V\u00e9gezet\u00fcl, ha mesters\u00e9ges intelligencia eszk\u00f6z\u00f6ket haszn\u00e1lt\u00e1l a versed \u00f6tletel\u00e9s\u00e9hez vagy megfogalmaz\u00e1s\u00e1hoz, de most beadod egy \u00edr\u00f3versenyre vagy kiadv\u00e1nyra, akkor t\u00e9nyleg nem akarod, hogy a versed <a href=\"https:\/\/undetectable.ai\/blog\/how-do-ai-detectors-work\/\" target=\"_blank\" rel=\"noreferrer noopener\">egy AI detektor jelezte<\/a>.<\/p>\n\n\n\n<p>Haszn\u00e1lja a <a href=\"https:\/\/undetectable.ai\/ai-humanizer\" target=\"_blank\" rel=\"noreferrer noopener\">AI Detector \u00e9s Humanizer<\/a> hogy ellen\u0151rizze, hogyan teljes\u00edtene a verse a szok\u00e1sos mesters\u00e9ges intelligencia-\u00e9rz\u00e9kel\u0151 platformokon, majd humaniz\u00e1lja azt. <\/p>\n\n\n\n<p>Gondoskodik az AI-z\u00e1szl\u00f3t kiv\u00e1lt\u00f3 sz\u00f3mint\u00e1kr\u00f3l, mik\u00f6zben a l\u00e9lek \u00e9s az eredetis\u00e9g megmarad.&nbsp;<\/p>\n\n\n\n<p>G\u00f6rgessen lefel\u00e9, \u00e9s n\u00e9zze meg, mit tud az AI Detector \u00e9s a Humanizer!<\/p>\n\n\n\n<div id=\"uai-widget\" data-affiliate-link=\"https:\/\/undetectable.ai\/?_by=hi4km\"><script>var js = document.createElement(\"script\");js.async = true;js.src = \"https:\/\/widget.undetectable.ai\/js\/widget-loader.js?t=\"+Date.now();document.getElementsByTagName(\"head\")[0].appendChild(js);<\/script><\/div>\n\n\n\n<h2 class=\"wp-block-heading\">GYIK a k\u00f6lt\u00e9szet t\u00edpusair\u00f3l<\/h2>\n\n\n<div id=\"rank-math-faq\" class=\"rank-math-block\">\n<div class=\"rank-math-list\">\n<div id=\"faq-question-1749747235500\" class=\"rank-math-list-item\">\n<h3 class=\"rank-math-question\">H\u00e1nyf\u00e9le k\u00f6lt\u00e9szet l\u00e9tezik?<\/h3>\n<div class=\"rank-math-answer\">\n\n<p>Vil\u00e1gszerte t\u00f6bb mint 150 fajta k\u00f6lt\u00e9szet l\u00e9tezik a k\u00fcl\u00f6nb\u00f6z\u0151 kult\u00far\u00e1kb\u00f3l, de ezek k\u00f6z\u00fcl csak k\u00f6r\u00fclbel\u00fcl 20 vil\u00e1gszerte ismert \u00e9s \u00e1ltal\u00e1nosan haszn\u00e1lt.<\/p>\n\n<\/div>\n<\/div>\n<div id=\"faq-question-1749747245658\" class=\"rank-math-list-item\">\n<h3 class=\"rank-math-question\">Milyen t\u00edpus\u00fa verset a legk\u00f6nnyebb \u00edrni?<\/h3>\n<div class=\"rank-math-answer\">\n\n<p><a href=\"https:\/\/undetectable.ai\/blog\/what-is-a-free-verse-poem\/\/\/\/\" target=\"_blank\" rel=\"noreferrer noopener\">Szabad vers<\/a> gyakran a legk\u00f6nnyebben meg\u00edrhat\u00f3 vers, mivel nincsenek szigor\u00fa r\u00edm-, ritmus- vagy szerkezeti szab\u00e1lyok.<\/p>\n\n<\/div>\n<\/div>\n<div id=\"faq-question-1749747256262\" class=\"rank-math-list-item\">\n<h3 class=\"rank-math-question\">Seg\u00edthet a mesters\u00e9ges intelligencia verseket \u00edrni?<\/h3>\n<div class=\"rank-math-answer\">\n\n<p>Igen, <a href=\"https:\/\/undetectable.ai\/blog\/best-ai-poem-generator\/\" target=\"_blank\" rel=\"noreferrer noopener\">A mesters\u00e9ges intelligencia seg\u00edthet verset \u00edrni<\/a>, de a sz\u00e1nd\u00e9kod r\u00f6gz\u00edt\u00e9s\u00e9hez r\u00e9szletes felsz\u00f3l\u00edt\u00e1sokra van sz\u00fcks\u00e9g. \u00c9s emellett humaniz\u00e1lnia kell a kimenetet, hogy \u00e9rzelmi m\u00e9lys\u00e9get adjon hozz\u00e1.<\/p>\n\n<\/div>\n<\/div>\n<div id=\"faq-question-1749747270386\" class=\"rank-math-list-item\">\n<h3 class=\"rank-math-question\">Felismerhet\u0151-e a mesters\u00e9ges intelligencia \u00e1ltal gener\u00e1lt k\u00f6lt\u00e9szet?<\/h3>\n<div class=\"rank-math-answer\">\n\n<p>Igen, <a href=\"https:\/\/undetectable.ai\/blog\/best-ai-poem-generator\/\" target=\"_blank\" rel=\"noreferrer noopener\">Mesters\u00e9ges intelligencia \u00e1ltal gener\u00e1lt k\u00f6lt\u00e9szet<\/a> az AI-\u00e9rz\u00e9kel\u0151kkel \u00e9rz\u00e9kelhet\u0151. Ha azonban humaniz\u00e1ljuk a verset, megker\u00fclhetj\u00fck a detekt\u00e1l\u00e1st, \u00e9s meg\u0151rizhetj\u00fck a term\u00e9szetes, hiteles hangot.<\/p>\n\n<\/div>\n<\/div>\n<div id=\"faq-question-1749747281888\" class=\"rank-math-list-item\">\n<h3 class=\"rank-math-question\">Melyek napjaink legn\u00e9pszer\u0171bb versform\u00e1i?<\/h3>\n<div class=\"rank-math-answer\">\n\n<p>Napjainkban a legn\u00e9pszer\u0171bb versform\u00e1k k\u00f6z\u00e9 tartozik a szabad vers, a spoken word, a haiku \u00e9s a szonett.<\/p>\n\n<\/div>\n<\/div>\n<\/div>\n<\/div>\n\n\n<h2 class=\"wp-block-heading\">K\u00f6vetkeztet\u00e9s<\/h2>\n\n\n\n<p>A k\u00f6lt\u00e9szet sz\u00e9ps\u00e9ge abban rejlik, hogy sz\u00e1zf\u00e9le form\u00e1t \u00f6lthet. \u00c9s amikor val\u00f3ban verset pr\u00f3b\u00e1lsz \u00edrni, nem v\u00e1rhat\u00f3 el, hogy egy az egyben meg\u00edrd.<\/p>\n\n\n\n<p>M\u00e9g a legjobb k\u00f6lt\u0151k is k\u00fczdenek a megfelel\u0151 megfogalmaz\u00e1ssal \u00e9s k\u00e9pekkel, miel\u0151tt valami olyat alkotn\u00e1nak, ami gy\u00f6ny\u00f6r\u0171en eltal\u00e1l.<\/p>\n\n\n\n<p><a href=\"https:\/\/undetectable.ai\/\" target=\"_blank\" rel=\"noreferrer noopener\">Kimutathatatlan AI<\/a> olyan k\u00f6lt\u0151k sz\u00e1m\u00e1ra k\u00e9sz\u00fclt, akik seg\u00edts\u00e9gre v\u00e1gynak an\u00e9lk\u00fcl, hogy feladn\u00e1k a hangjukat. <\/p>\n\n\n\n<p>Eszk\u00f6zk\u00e9szlete seg\u00edt a k\u00fcl\u00f6nb\u00f6z\u0151 t\u00edpus\u00fa versek megkompon\u00e1l\u00e1s\u00e1ban \u00e9s a nem j\u00f3l hangz\u00f3 sorok elsim\u00edt\u00e1s\u00e1ban, a sz\u00f3tagok sz\u00e1mol\u00e1s\u00e1ban a struktur\u00e1lt form\u00e1khoz, valamint a mesters\u00e9ges intelligenci\u00e1val seg\u00edtett v\u00e1zlatok humaniz\u00e1l\u00e1s\u00e1ban.<\/p>\n\n\n\n<p>Pr\u00f3b\u00e1lja ki a  c\u00edmet. <a href=\"https:\/\/undetectable.ai\/\" target=\"_blank\" rel=\"noreferrer noopener\">Kimutathatatlan AI<\/a> ma.<\/p>","protected":false},"excerpt":{"rendered":"","protected":false},"author":15,"featured_media":10268,"comment_status":"closed","ping_status":"closed","sticky":false,"template":"","format":"standard","meta":{"_themeisle_gutenberg_block_has_review":false,"footnotes":""},"categories":[34],"tags":[],"class_list":["post-10264","post","type-post","status-publish","format-standard","has-post-thumbnail","hentry","category-ai-news"],"_links":{"self":[{"href":"https:\/\/undetectable.ai/blog\/hu\/wp-json\/wp\/v2\/posts\/10264","targetHints":{"allow":["GET"]}}],"collection":[{"href":"https:\/\/undetectable.ai/blog\/hu\/wp-json\/wp\/v2\/posts"}],"about":[{"href":"https:\/\/undetectable.ai/blog\/hu\/wp-json\/wp\/v2\/types\/post"}],"author":[{"embeddable":true,"href":"https:\/\/undetectable.ai/blog\/hu\/wp-json\/wp\/v2\/users\/15"}],"replies":[{"embeddable":true,"href":"https:\/\/undetectable.ai/blog\/hu\/wp-json\/wp\/v2\/comments?post=10264"}],"version-history":[{"count":6,"href":"https:\/\/undetectable.ai/blog\/hu\/wp-json\/wp\/v2\/posts\/10264\/revisions"}],"predecessor-version":[{"id":16708,"href":"https:\/\/undetectable.ai/blog\/hu\/wp-json\/wp\/v2\/posts\/10264\/revisions\/16708"}],"wp:featuredmedia":[{"embeddable":true,"href":"https:\/\/undetectable.ai/blog\/hu\/wp-json\/wp\/v2\/media\/10268"}],"wp:attachment":[{"href":"https:\/\/undetectable.ai/blog\/hu\/wp-json\/wp\/v2\/media?parent=10264"}],"wp:term":[{"taxonomy":"category","embeddable":true,"href":"https:\/\/undetectable.ai/blog\/hu\/wp-json\/wp\/v2\/categories?post=10264"},{"taxonomy":"post_tag","embeddable":true,"href":"https:\/\/undetectable.ai/blog\/hu\/wp-json\/wp\/v2\/tags?post=10264"}],"curies":[{"name":"wp","href":"https:\/\/api.w.org\/{rel}","templated":true}]}}