{"id":11113,"date":"2025-06-29T13:06:41","date_gmt":"2025-06-29T13:06:41","guid":{"rendered":"https:\/\/undetectable.ai/blog\/?p=11113"},"modified":"2026-04-10T18:28:52","modified_gmt":"2026-04-10T18:28:52","slug":"dolt-betuvel-irja-a-cikkek-cimet","status":"publish","type":"post","link":"https:\/\/undetectable.ai/blog\/hu\/dolt-betuvel-irja-a-cikkek-cimet","title":{"rendered":"D\u0151lt bet\u0171vel \u00edrja a cikkc\u00edmeket? Ismerje a megfelel\u0151 form\u00e1tumot"},"content":{"rendered":"<p>Val\u00f3sz\u00edn\u0171leg az\u00e9rt vagy itt, mert \u00e9ppen egy cikket akart\u00e1l megeml\u00edteni egy dolgozatban vagy esetleg egy prezent\u00e1ci\u00f3 di\u00e1j\u00e1n, amikor be\u00fct\u00f6tt a form\u00e1z\u00e1si k\u00e9rd\u00e9s: d\u0151lt bet\u0171vel \u00edrjuk a cikkek c\u00edm\u00e9t vagy sem?&nbsp;<\/p>\n\n\n\n<p>\u00c9s persze min\u00e9l t\u00f6bbet kerest\u00e9l, ann\u00e1l t\u00f6bb v\u00e1laszt tal\u00e1lt\u00e1l, n\u00e9melyik\u00fck igent mondott, m\u00e1sok nemet, megint m\u00e1sok arra k\u00e9rtek, hogy vegy\u00e9l egy st\u00edlus k\u00e9zik\u00f6nyvet, csak hogy megtudd.&nbsp;<\/p>\n\n\n\n<p>Ez\u00e9rt \u00edrtam ezt az \u00fatmutat\u00f3t, hogy pontosan bemutassam, hogyan kell a cikkc\u00edmeket k\u00fcl\u00f6nb\u00f6z\u0151 \u00edr\u00e1sm\u00f3dokban form\u00e1zni, an\u00e9lk\u00fcl, hogy a tudom\u00e1nyos szakzsargonba fulladna.<\/p>\n\n\n\n<p>Kezdj\u00fck.<\/p>\n\n\n\n<hr class=\"wp-block-separator has-alpha-channel-opacity\"\/>\n\n\n\n<p class=\"has-text-align-center\"><strong>A legfontosabb tudnival\u00f3k<\/strong><\/p>\n\n\n\n<ul class=\"wp-block-list\">\n<li>A cikkc\u00edmek \u00e1ltal\u00e1ban id\u00e9z\u0151jelbe ker\u00fclnek, nem d\u0151lt bet\u0171vel, hacsak nem k\u00f6vet egy speci\u00e1lis szab\u00e1lyt.<\/li>\n<\/ul>\n\n\n\n<p><\/p>\n\n\n\n<ul class=\"wp-block-list\">\n<li>Az APA, az MLA \u00e9s a Chicago st\u00edlusok mind m\u00e1sk\u00e9pp form\u00e1zz\u00e1k a cikkc\u00edmeket, ez\u00e9rt mindig ellen\u0151rizze, hogy melyiket haszn\u00e1lja.<\/li>\n<\/ul>\n\n\n\n<p><\/p>\n\n\n\n<ul class=\"wp-block-list\">\n<li>A d\u0151lt bet\u0171s \u00edr\u00e1sm\u00f3dot nagyobb m\u0171vek, p\u00e9ld\u00e1ul foly\u00f3iratok, k\u00f6nyvek \u00e9s \u00fajs\u00e1gok sz\u00e1m\u00e1ra tartjuk fenn, nem pedig a benn\u00fck tal\u00e1lhat\u00f3 cikkek sz\u00e1m\u00e1ra.<\/li>\n<\/ul>\n\n\n\n<p><\/p>\n\n\n\n<ul class=\"wp-block-list\">\n<li>A kiz\u00e1r\u00f3lag online platformok, mint p\u00e9ld\u00e1ul a BBC News, megford\u00edtj\u00e1k a szok\u00e1sos szab\u00e1lyt. Az APA d\u0151lt bet\u0171vel \u00edrja a cikk c\u00edm\u00e9t a webhely neve helyett.<\/li>\n<\/ul>\n\n\n\n<p><\/p>\n\n\n\n<hr class=\"wp-block-separator has-alpha-channel-opacity\"\/>\n\n\n\n<h2 class=\"wp-block-heading\">Az \u00e1ltal\u00e1nos szab\u00e1ly: Id\u00e9z\u0151jelek haszn\u00e1lata, nem d\u0151lt bet\u0171s \u00edr\u00e1sm\u00f3d.<\/h2>\n\n\n\n<p>If you&#8217;re writing something and need to cite an article title, the standard approach is to use double quotation marks around the title.\u00a0<\/p>\n\n\n\n<p>Ez a legelterjedtebb m\u00f3dszer sokf\u00e9le \u00edr\u00f3i st\u00edlusban.&nbsp;<\/p>\n\n\n\n<p>S\u0151t, n\u00e9h\u00e1ny st\u00edlusir\u00e1nyzat szerint az is j\u00f3, ha csak a szok\u00e1sos bet\u0171t\u00edpust haszn\u00e1ljuk id\u00e9z\u0151jelek n\u00e9lk\u00fcl.<\/p>\n\n\n\n<p>Miel\u0151tt azt mondan\u00e1d, hogy \"V\u00e1rj, l\u00e1ttam m\u00e1r valahol d\u0151lt bet\u0171t haszn\u00e1lni\", nem t\u00e9vedsz.&nbsp;<\/p>\n\n\n\n<p>A csavar az, hogy a form\u00e1z\u00e1si szab\u00e1lyok a haszn\u00e1lt st\u00edlusk\u00e9zik\u00f6nyvt\u0151l f\u00fcgg\u0151en v\u00e1ltoznak. <\/p>\n\n\n\n<p>\u00c9s k\u00fcl\u00f6nb\u00f6z\u0151 ter\u00fcleteken (akad\u00e9miai, \u00fajs\u00e1g\u00edr\u00f3i, alkalmi blogol\u00e1s, b\u00e1rmi) <a href=\"https:\/\/undetectable.ai\/blog\/how-to-cite-a-website\/\" target=\"_blank\" rel=\"noreferrer noopener\">gyakran k\u00fcl\u00f6nb\u00f6z\u0151 st\u00edlus k\u00e9zik\u00f6nyveket k\u00f6vetnek. APA, MLA, Chicago, AP,<\/a> stb., mindegyiknek megvannak a maga szab\u00e1lyai.&nbsp;<\/p>\n\n\n\n<p>Teh\u00e1t amit az egyik kontextusban helyesnek tartasz, az egy m\u00e1sikban teljesen m\u00e1s lehet.<\/p>\n\n\n\n<p>Mindenesetre, ha \u00fagy \u00e9rzed, hogy a szab\u00e1lyok minden egyes pislog\u00e1sn\u00e1l v\u00e1ltoznak, van egy j\u00f3 h\u00edr\u00fcnk.&nbsp;<\/p>\n\n\n\n<p>Nem kell mindezt bemagolnod. Haszn\u00e1lhatod az Undetectable AI-t. <a href=\"https:\/\/undetectable.ai\/ask-ai\" target=\"_blank\" rel=\"noreferrer noopener\">K\u00e9rdezd meg az AI-t<\/a> hogy azonnal ellen\u0151rizze, mely form\u00e1z\u00e1si szab\u00e1lyok vonatkoznak az \u00d6n konkr\u00e9t helyzet\u00e9re.<\/p>\n\n\n\n<h2 class=\"wp-block-heading\">Mikor kell d\u0151lt bet\u0171vel kiemelni a c\u00edmeket (\u00e9s mikor nem)?<\/h2>\n\n\n<div class=\"wp-block-image\">\n<figure class=\"aligncenter size-large\"><img loading=\"lazy\" decoding=\"async\" width=\"1024\" height=\"683\" src=\"https:\/\/undetectable.ai/blog\/wp-content\/uploads\/2025\/06\/italicize-article-001-1024x683.jpg\" alt=\"Top view szerelmes levelek elrendez\u00e9se\" class=\"wp-image-11124\" title=\"\" srcset=\"https:\/\/undetectable.ai/blog\/wp-content\/uploads\/2025\/06\/italicize-article-001-1024x683.jpg 1024w, https:\/\/undetectable.ai/blog\/wp-content\/uploads\/2025\/06\/italicize-article-001-300x200.jpg 300w, https:\/\/undetectable.ai/blog\/wp-content\/uploads\/2025\/06\/italicize-article-001-768x512.jpg 768w, https:\/\/undetectable.ai/blog\/wp-content\/uploads\/2025\/06\/italicize-article-001-18x12.jpg 18w, https:\/\/undetectable.ai/blog\/wp-content\/uploads\/2025\/06\/italicize-article-001.jpg 1200w\" sizes=\"auto, (max-width: 1024px) 100vw, 1024px\" \/><\/figure><\/div>\n\n\n<p>Rendben, most, hogy tiszt\u00e1ztuk, hogy a cikkc\u00edmeket nem d\u0151lt bet\u0171vel kell \u00edrni, besz\u00e9lj\u00fcnk arr\u00f3l, hogy mikor a d\u0151lt bet\u0171s \u00edr\u00e1s a helyes.<\/p>\n\n\n\n<p>Ha megnevezed a nagyobb forr\u00e1st, amelyhez a cikk tartozik, p\u00e9ld\u00e1ul egy foly\u00f3iratot, magazint vagy \u00fajs\u00e1got, azt \u00e1ltal\u00e1ban d\u0151lt bet\u0171vel \u00edrod.<\/p>\n\n\n\n<p>Teh\u00e1t, \u00edrhatn\u00e1l valami olyasmit, mint a \"Mi\u00e9rt ut\u00e1lj\u00e1k a di\u00e1kok az \u00edr\u00e1st\", amit a <em>The Atlantic<\/em>.&nbsp;<\/p>\n\n\n\n<p>L\u00e1tod a mint\u00e1t? A cikk c\u00edme id\u00e9z\u0151jelben. A kiadv\u00e1ny c\u00edme d\u0151lt bet\u0171vel. Nem pedig ford\u00edtva.<\/p>\n\n\n\n<p>Vegy\u00fck p\u00e9ld\u00e1ul a k\u00f6nyveket. Ha egy k\u00f6nyv c\u00edm\u00e9re utalsz, d\u0151lt bet\u0171vel \u00edrd le. De ha a k\u00f6nyv egy fejezet\u00e9r\u0151l besz\u00e9l\u00fcnk, akkor id\u00e9z\u0151jeleket haszn\u00e1lunk. Ugyanez a helyzet a filmekkel \u00e9s a dalokkal.&nbsp;<\/p>\n\n\n\n<p>A <em>Keresztapa<\/em> kapja a d\u0151lt bet\u0171s r\u00e9szt. A \"Speak Softly, Love\" (a Keresztapa dala) id\u00e9z\u0151jelet kap.<\/p>\n\n\n\n<p>Vegy\u00fcnk egy relev\u00e1ns p\u00e9ld\u00e1t. Ha egy konkr\u00e9t \u00fajs\u00e1gcikkre hivatkozunk, mint pl. <em>The New York Times<\/em>, a cikk c\u00edm\u00e9t id\u00e9z\u0151jelbe tenn\u00e9. Teh\u00e1t: \"<a href=\"https:\/\/www.nytimes.com\/2018\/01\/10\/learning\/can-you-spot-a-liar.html\" target=\"_blank\" rel=\"noreferrer noopener\">Tudod-e kisz\u00farni a hazugot<\/a>\" megjelent a <em>The New York Times<\/em>.&nbsp;<\/p>\n\n\n\n<p>Teh\u00e1t legk\u00f6zelebb, amikor elakadsz a k\u00e9rd\u00e9sen, hogy d\u0151lt bet\u0171vel \u00edrd vagy id\u00e9zd a cikkc\u00edmeket? <\/p>\n\n\n\n<p>Ne feledje, hogy a l\u00e9nyeg az, hogy a teljes m\u0171vet vagy annak egy r\u00e9sz\u00e9t nevezi meg.<\/p>\n\n\n<div class=\"wp-block-image\">\n<figure class=\"aligncenter size-large\"><img loading=\"lazy\" decoding=\"async\" width=\"1024\" height=\"683\" src=\"https:\/\/undetectable.ai/blog\/wp-content\/uploads\/2025\/06\/italicize-article-003-1-1024x683.jpg\" alt=\"\" class=\"wp-image-11127\" title=\"\" srcset=\"https:\/\/undetectable.ai/blog\/wp-content\/uploads\/2025\/06\/italicize-article-003-1-1024x683.jpg 1024w, https:\/\/undetectable.ai/blog\/wp-content\/uploads\/2025\/06\/italicize-article-003-1-300x200.jpg 300w, https:\/\/undetectable.ai/blog\/wp-content\/uploads\/2025\/06\/italicize-article-003-1-768x512.jpg 768w, https:\/\/undetectable.ai/blog\/wp-content\/uploads\/2025\/06\/italicize-article-003-1-18x12.jpg 18w, https:\/\/undetectable.ai/blog\/wp-content\/uploads\/2025\/06\/italicize-article-003-1.jpg 1536w\" sizes=\"auto, (max-width: 1024px) 100vw, 1024px\" \/><\/figure><\/div>\n\n\n<h2 class=\"wp-block-heading\">APA st\u00edlus: Hogyan form\u00e1zzuk a cikkc\u00edmeket<\/h2>\n\n\n\n<p>D\u0151lt bet\u0171vel \u00edrja a cikkc\u00edmeket az APA-ban? Az APA st\u00edlusban nem d\u0151lt bet\u0171vel \u00edrjuk a cikkc\u00edmeket.&nbsp;<\/p>\n\n\n\n<p>Ez az\u00e9rt van, mert a cikkc\u00edmek, f\u00fcggetlen\u00fcl att\u00f3l, hogy foly\u00f3iratokb\u00f3l, magazinokb\u00f3l vagy \u00fajs\u00e1gokb\u00f3l sz\u00e1rmaznak, egy nagyobb, \u00f6n\u00e1ll\u00f3 kiadv\u00e1ny r\u00e9sz\u00e9nek tekintend\u0151k.&nbsp;<\/p>\n\n\n\n<p>Az APA egyszer\u0171 bet\u0171t\u00edpussal, d\u0151lt bet\u0171k \u00e9s id\u00e9z\u0151jelek n\u00e9lk\u00fcl \u00edrja \u0151ket.<\/p>\n\n\n\n<p>Ek\u00f6zben a foly\u00f3irat vagy a kiadv\u00e1ny neve d\u0151lt bet\u0171vel van szedve, mert ez az \u00f6n\u00e1ll\u00f3 munka.<\/p>\n\n\n\n<p>\u00cdme, hogyan n\u00e9z ki ez a gyakorlatban:<\/p>\n\n\n\n<h3 class=\"wp-block-heading\">APA 7 Hivatkoz\u00e1si bejegyz\u00e9s p\u00e9lda<\/h3>\n\n\n\n<ul class=\"wp-block-list\">\n<li>Paul, Miranda (2023). EGY M\u0170ANYAG ZACSK\u00d3T\u00d3L 1100 F\u00c1IG. <em>RSA Journal<\/em>, 169(3), 36-39. <a href=\"https:\/\/www.jstor.org\/stable\/48743450\" target=\"_blank\" rel=\"noreferrer noopener\">https:\/\/www.jstor.org\/stable\/48743450<\/a>&nbsp;<\/li>\n<\/ul>\n\n\n\n<p>Teh\u00e1t ebben az esetben:<\/p>\n\n\n\n<ul class=\"wp-block-list\">\n<li>Cikk c\u00edme \u2192 EGY M\u0170ANYAGT\u00c1RGYT\u00d3L 1100 F\u00c1RA \u2192 Norm\u00e1l bet\u0171t\u00edpus<\/li>\n\n\n\n<li>Foly\u00f3irat c\u00edme \u2192 <em>RSA Journal <\/em>\u2192 D\u0151lt bet\u0171vel szedve<\/li>\n<\/ul>\n\n\n\n<p>Tov\u00e1bbi p\u00e9ld\u00e1k az APA st\u00edlusban nem d\u0151lt bet\u0171vel \u00edrt m\u0171vekre:<\/p>\n\n\n\n<ul class=\"wp-block-list\">\n<li>Foly\u00f3iratcikkek<\/li>\n\n\n\n<li>Magazincikkek<\/li>\n\n\n\n<li>\u00dajs\u00e1gcikkek<\/li>\n<\/ul>\n\n\n\n<p>Ennek ellen\u00e9re minden apr\u00f3 form\u00e1z\u00e1si r\u00e9szlet, p\u00e9ld\u00e1ul az \u00edr\u00e1sjelek, a nagybet\u0171s \u00edr\u00e1sm\u00f3d, a d\u0151lt bet\u0171s \u00edr\u00e1sm\u00f3d \u00e9s a megfelel\u0151 sorrend betart\u00e1sa egy eg\u00e9sz k\u00fcldet\u00e9ss\u00e9 v\u00e1lhat.&nbsp;<\/p>\n\n\n<div class=\"wp-block-image\">\n<figure class=\"aligncenter size-large\"><img loading=\"lazy\" decoding=\"async\" width=\"1024\" height=\"520\" src=\"https:\/\/undetectable.ai/blog\/wp-content\/uploads\/2025\/02\/Undetectable-AIs-essay-writer-can-assist-you-in-completing-all-your-writing-tasks-1024x520.png\" alt=\"A kimutathatatlan AI essz\u00e9\u00edr\u00f3ja seg\u00edthet \u00d6nnek az \u00f6sszes \u00edr\u00e1sbeli feladat elv\u00e9gz\u00e9s\u00e9ben.\" class=\"wp-image-6154\" title=\"\" srcset=\"https:\/\/undetectable.ai/blog\/wp-content\/uploads\/2025\/02\/Undetectable-AIs-essay-writer-can-assist-you-in-completing-all-your-writing-tasks-1024x520.png 1024w, https:\/\/undetectable.ai/blog\/wp-content\/uploads\/2025\/02\/Undetectable-AIs-essay-writer-can-assist-you-in-completing-all-your-writing-tasks-300x152.png 300w, https:\/\/undetectable.ai/blog\/wp-content\/uploads\/2025\/02\/Undetectable-AIs-essay-writer-can-assist-you-in-completing-all-your-writing-tasks-768x390.png 768w, https:\/\/undetectable.ai/blog\/wp-content\/uploads\/2025\/02\/Undetectable-AIs-essay-writer-can-assist-you-in-completing-all-your-writing-tasks-18x9.png 18w, https:\/\/undetectable.ai/blog\/wp-content\/uploads\/2025\/02\/Undetectable-AIs-essay-writer-can-assist-you-in-completing-all-your-writing-tasks.png 1044w\" sizes=\"auto, (max-width: 1024px) 100vw, 1024px\" \/><\/figure><\/div>\n\n\n<p>Ott van, ahol <a href=\"https:\/\/undetectable.ai\/ai-essay-writer\" target=\"_blank\" rel=\"noreferrer noopener\">AI essz\u00e9\u00edr\u00f3<\/a> a felder\u00edthetetlen AI val\u00f3ban megmentheti \u00d6nt a spir\u00e1loz\u00e1st\u00f3l.<\/p>\n\n\n\n<p>Csak adja meg a forr\u00e1st, \u00e9s a program t\u00f6k\u00e9letesen form\u00e1zza a cikk id\u00e9zeteit egy tudom\u00e1nyos bekezd\u00e9sen bel\u00fcl, an\u00e9lk\u00fcl, hogy az APA k\u00e9zik\u00f6nyv minden egyes szab\u00e1ly\u00e1t ellen\u0151riznie kellene.&nbsp;<\/p>\n\n\n\n<h2 class=\"wp-block-heading\">MLA st\u00edlus: Hogyan kezelj\u00fck a cikkc\u00edmeket<\/h2>\n\n\n\n<p>Nos, ha azzal a k\u00e9rd\u00e9ssel j\u00f6tt\u00e9l ide, hogy d\u0151lt bet\u0171vel \u00edrj\u00e1k-e a cikkc\u00edmeket az MLA-ban? A v\u00e1lasz erre is hat\u00e1rozott nem.&nbsp;<\/p>\n\n\n\n<p>Az MLA st\u00edlusban a cikkc\u00edmeket mindig dupla id\u00e9z\u0151jelben kell elhelyezni, nem d\u0151lt bet\u0171vel.&nbsp;<\/p>\n\n\n\n<p>Ez vonatkozik arra is, hogy \u00d6n <a href=\"https:\/\/undetectable.ai\/blog\/how-to-cite-a-website\/\" target=\"_blank\" rel=\"noreferrer noopener\">hivatkoz\u00e1s egy weboldalr\u00f3l sz\u00e1rmaz\u00f3 cikkre<\/a>, egy foly\u00f3irat, egy \u00fajs\u00e1g, vagy b\u00e1rmilyen kiadv\u00e1ny.<\/p>\n\n\n\n<p>Az MLA a d\u0151lt bet\u0171s \u00edr\u00e1sm\u00f3dot a kont\u00e9ner c\u00edm\u00e9re haszn\u00e1lja, vagyis arra a kiadv\u00e1nyra, amelyben a cikk megjelenik.&nbsp;<\/p>\n\n\n\n<p>Ez a strukt\u00fara k\u00f6vetkezetes, ak\u00e1r a sz\u00f6veges id\u00e9zeteket, ak\u00e1r az id\u00e9zett m\u0171vek list\u00e1j\u00e1t form\u00e1zza.<\/p>\n\n\n\n<h3 class=\"wp-block-heading\">MLA 9 hivatkoz\u00e1si p\u00e9lda<\/h3>\n\n\n\n<p>MLA 9 hivatkoz\u00e1si p\u00e9lda egy magazincikkhez:<\/p>\n\n\n\n<ul class=\"wp-block-list\">\n<li>Parker, James. \"Mi\u00e9rt nem tudnak aludni az amerikaiak?\". <em>The Atlantic<\/em>, 2025. j\u00fanius 30, <a href=\"https:\/\/www.theatlantic.com\/magazine\/archive\/2025\/08\/insomnia-health-cognitive-behavioral-therapy\/683257\/\" target=\"_blank\" rel=\"noreferrer noopener\">https:\/\/www.theatlantic.com\/magazine\/archive\/2025\/08\/insomnia-health-cognitive-behavioral-therapy\/683257\/<\/a>.&nbsp;<\/li>\n<\/ul>\n\n\n\n<p>Ebben az id\u00e9zetben:<\/p>\n\n\n\n<ul class=\"wp-block-list\">\n<li>Cikk c\u00edme \u2192 \"Mi\u00e9rt nem tudnak aludni az amerikaiak?\" \u2192 Id\u00e9z\u0151jelek, norm\u00e1l bet\u0171t\u00edpus<\/li>\n\n\n\n<li>Magazin c\u00edme \u2192 <em>The Atlantic<\/em> \u2192 D\u0151lt bet\u0171vel szedve<\/li>\n<\/ul>\n\n\n\n<p>Ez a szab\u00e1ly minden\u00fctt \u00e9rv\u00e9nyes. Az MLA st\u00edlus minden olyan c\u00edmet, amely egy nagyobb m\u0171 r\u00e9sze, ugyan\u00fagy kezel. Teh\u00e1t a magazincikkeken k\u00edv\u00fcl ide tartoznak a k\u00f6vetkez\u0151k is:<\/p>\n\n\n\n<ul class=\"wp-block-list\">\n<li>Foly\u00f3iratcikkek<\/li>\n\n\n\n<li>\u00dajs\u00e1gcikkek<\/li>\n\n\n\n<li>Weboldalak \u00e9s online cikkek<\/li>\n<\/ul>\n\n\n\n<p>Az MLA egyik k\u00f6vetkezetes szab\u00e1lya, hogy az id\u00e9zett m\u0171vek list\u00e1j\u00e1ban haszn\u00e1lt form\u00e1z\u00e1snak meg kell egyeznie a sz\u00f6vegben haszn\u00e1lt form\u00e1z\u00e1ssal. <\/p>\n\n\n\n<p>Teh\u00e1t m\u00e9g akkor is id\u00e9z\u0151jelbe kell tenni a c\u00edmet, ha egy bekezd\u00e9sben v\u00e9letlen\u00fcl hivatkozunk egy cikkre.<\/p>\n\n\n\n<h2 class=\"wp-block-heading\">Chicag\u00f3i st\u00edlus: Bibliogr\u00e1fi\u00e1k \u00e9s jegyzetek cikkc\u00edmek: Cikkc\u00edmek az irodalomjegyz\u00e9kben \u00e9s a jegyzetekben<\/h2>\n\n\n\n<p>A chicag\u00f3i st\u00edlusban a cikkc\u00edmeket sem d\u0151lt bet\u0171vel \u00edrj\u00e1k.&nbsp;<\/p>\n\n\n\n<p>Az adatokat id\u00e9z\u0151jelbe tessz\u00fck, m\u00edg a kiadv\u00e1ny nev\u00e9t d\u0151lt bet\u0171vel \u00edrjuk.<\/p>\n\n\n\n<p>Ami a chicag\u00f3i st\u00edlust megk\u00fcl\u00f6nb\u00f6zteti, az az, hogy k\u00fcl\u00f6nbs\u00e9get tesz a jegyzetek \u00e9s a <a href=\"https:\/\/undetectable.ai\/blog\/how-to-write-a-bibliography\/\" target=\"_blank\" rel=\"noreferrer noopener\">bibliogr\u00e1fiai bejegyz\u00e9sek<\/a>, k\u00fcl\u00f6n\u00f6sen a tudom\u00e1nyos \u00edr\u00e1s eset\u00e9ben. \u00cdme, hogyan form\u00e1z\u00f3dik egy tipikus \u00fajs\u00e1gcikk mindk\u00e9t esetben:<\/p>\n\n\n\n<p>Megjegyz\u00e9s:<\/p>\n\n\n\n<ul class=\"wp-block-list\">\n<li>Ralph Blumenthal, \"Egy s\u00e1rgar\u00e9z kark\u00f6t\u0151 t\u00f6rt\u00e9nelm\u00e9vel \u00e9s jelent\u00e9s\u00e9vel\". <em>The New York Times<\/em>, 2022. j\u00fanius 3, <a href=\"https:\/\/www.nytimes.com\/2025\/05\/10\/insider\/a-brass-bracelet-with-both-history-and-meaning.html\" target=\"_blank\" rel=\"noreferrer noopener\">https:\/\/www.nytimes.com\/2025\/05\/10\/insider\/a-brass-bracelet-with-both-history-and-meaning.html<\/a>.&nbsp;<\/li>\n<\/ul>\n\n\n\n<p>Bibliogr\u00e1fia:<\/p>\n\n\n\n<ul class=\"wp-block-list\">\n<li>Blumenthal, Ralph. \"Egy s\u00e1rgar\u00e9z kark\u00f6t\u0151 t\u00f6rt\u00e9nelm\u00e9vel \u00e9s jelent\u00e9s\u00e9vel.\" <em>The New York Times<\/em>, 2022. j\u00fanius 3. <a href=\"https:\/\/www.nytimes.com\/2025\/05\/10\/insider\/a-brass-bracelet-with-both-history-and-meaning.html\" target=\"_blank\" rel=\"noreferrer noopener\">https:\/\/www.nytimes.com\/2025\/05\/10\/insider\/a-brass-bracelet-with-both-history-and-meaning.html<\/a>.&nbsp;<\/li>\n<\/ul>\n\n\n\n<p>Mint kor\u00e1bban:<\/p>\n\n\n\n<ul class=\"wp-block-list\">\n<li>Cikk c\u00edme \u2192 \"A Brass Bracelet With Both History and Meaning\" \u2192 Id\u00e9z\u0151jelek, norm\u00e1l bet\u0171t\u00edpus<\/li>\n\n\n\n<li>\u00dajs\u00e1g c\u00edme \u2192 <em>The New York Times<\/em> \u2192 D\u0151lt bet\u0171vel szedve<\/li>\n<\/ul>\n\n\n\n<p>Ez a form\u00e1z\u00e1si logika k\u00f6vetkezetes marad:<\/p>\n\n\n\n<ul class=\"wp-block-list\">\n<li>Foly\u00f3iratcikkek<\/li>\n\n\n\n<li>Magazincikkek<\/li>\n\n\n\n<li>\u00dajs\u00e1gcikkek<\/li>\n<\/ul>\n\n\n\n<p>Ha valaha is elgondolkodik azon, hogyan kell egy adott forr\u00e1st id\u00e9zni, k\u00fcl\u00f6n\u00f6sen, ha \u00fajabb t\u00edpus\u00fa webes tartalmakr\u00f3l vagy t\u00f6bb kont\u00e9nerb\u0151l \u00e1ll\u00f3 forr\u00e1sokr\u00f3l van sz\u00f3, <a href=\"https:\/\/undetectable.ai\/ask-ai\" target=\"_blank\" rel=\"noreferrer noopener\">K\u00e9rdezd meg az AI-t<\/a> az Undetectable AI seg\u00edthet leegyszer\u0171s\u00edteni a dolgokat.&nbsp;<\/p>\n\n\n\n<p>Csak tegye fel a form\u00e1z\u00e1si k\u00e9rd\u00e9st (egyszer\u0171 nyelven), \u00e9s a rendszer pontos v\u00e1laszt fog adni.<\/p>\n\n\n\n<h2 class=\"wp-block-heading\">Kiv\u00e9telek \u00e9s sz\u00e9ls\u0151s\u00e9ges esetek<\/h2>\n\n\n\n<p>Eddig a pontig legink\u00e1bb azt vizsg\u00e1ltuk, hogyan kezelik a cikkc\u00edmeket, ha azok hagyom\u00e1nyos forr\u00e1sokb\u00f3l, foly\u00f3iratokb\u00f3l, magazinokb\u00f3l \u00e9s nyomtatott megfelel\u0151j\u0171 \u00fajs\u00e1gokb\u00f3l sz\u00e1rmaznak.&nbsp;<\/p>\n\n\n\n<p>De m\u00e1r nem minden \u00e9l nyomtat\u00e1sban, igaz?&nbsp;<\/p>\n\n\n\n<p>Mi t\u00f6rt\u00e9nik akkor, ha tiszt\u00e1n digit\u00e1lis platformok tartalm\u00e1val vagy <a href=\"https:\/\/undetectable.ai\/blog\/how-to-cite-chatgpt\/\" target=\"_blank\" rel=\"noreferrer noopener\">az LLM-ekt\u0151l, mint a ChatGPT<\/a>?<\/p>\n\n\n\n<p>Az APA st\u00edlusban egy figyelemre m\u00e9lt\u00f3 kiv\u00e9tel a kiz\u00e1r\u00f3lag online h\u00edroldalak, p\u00e9ld\u00e1ul a BBC News vagy a Reuters eset\u00e9ben l\u00e9p \u00e9letbe.&nbsp;<\/p>\n\n\n\n<p>Ezeknek a platformoknak nincs nyomtatott v\u00e1ltozata, \u00edgy a szabv\u00e1nyos form\u00e1z\u00e1s felborul.&nbsp;<\/p>\n\n\n\n<p>Az APA ahelyett, hogy a webhely nev\u00e9t d\u0151lt bet\u0171vel \u00edrn\u00e1 ki, val\u00f3j\u00e1ban a cikk c\u00edm\u00e9t kell d\u0151lt bet\u0171vel \u00edrni. A webhely neve sima bet\u0171t\u00edpussal marad.<\/p>\n\n\n\n<p>\u00cdme egy APA 7 p\u00e9lda egy kiz\u00e1r\u00f3lag online h\u00edrcikkre:<\/p>\n\n\n\n<ul class=\"wp-block-list\">\n<li>Rowlatt, J. (2020, okt\u00f3ber 19.). <em>Van Gogh napraforg\u00f3inak rejt\u00e9lyes szimbolik\u00e1ja - \u00e9s mit jelentenek val\u00f3j\u00e1ban.<\/em> BBC News. <a href=\"https:\/\/www.bbc.com\/culture\/article\/20250625-the-real-meaning-of-van-goghs-sunflowers\" target=\"_blank\" rel=\"noreferrer noopener\">https:\/\/www.bbc.com\/culture\/article\/20250625-the-real-meaning-of-van-goghs-sunflowers<\/a>&nbsp;<\/li>\n<\/ul>\n\n\n\n<p>Tiszt\u00e1zzuk:<\/p>\n\n\n\n<ul class=\"wp-block-list\">\n<li>Cikk c\u00edme \u2192 D\u0151lt bet\u0171vel<\/li>\n\n\n\n<li>Webhely neve (BBC News) \u2192 Regular font<\/li>\n<\/ul>\n\n\n\n<p>Csatlakozzon t\u00f6bb ezer szakemberhez, akik az AI Detector \u00e9s Humanizer szolg\u00e1ltat\u00e1sainkat haszn\u00e1lj\u00e1k - ezek al\u00e1bb el\u00e9rhet\u0151k.<\/p>\n\n\n\n<div id=\"uai-widget\" data-affiliate-link=\"https:\/\/undetectable.ai\/?_by=hi4km\"><script>var js = document.createElement(\"script\");js.async = true;js.src = \"https:\/\/widget.undetectable.ai\/js\/widget-loader.js?t=\"+Date.now();document.getElementsByTagName(\"head\")[0].appendChild(js);<\/script><\/div>\n\n\n\n<h2 class=\"wp-block-heading\">GYIK a cikkc\u00edmek form\u00e1z\u00e1s\u00e1r\u00f3l<\/h2>\n\n\n<div id=\"rank-math-faq\" class=\"rank-math-block\">\n<div class=\"rank-math-list\">\n<div id=\"faq-question-1751980195004\" class=\"rank-math-list-item\">\n<h3 class=\"rank-math-question\">D\u0151lt bet\u0171vel \u00edrjam ki a cikkc\u00edmeket a PowerPoint prezent\u00e1ci\u00f3kban?<\/h3>\n<div class=\"rank-math-answer\">\n\n<p>Nem, a PowerPoint prezent\u00e1ci\u00f3kban a cikkc\u00edmek \u00e1ltal\u00e1ban nem d\u0151lt bet\u0171vel vannak kiemelve. <\/p>\n<p>A legt\u00f6bb form\u00e1tum id\u00e9z\u0151jeleket vagy egyszer\u0171 sz\u00f6veget haszn\u00e1l. A d\u0151lt bet\u0171ket \u00e1ltal\u00e1ban nagyobb m\u0171vek, p\u00e9ld\u00e1ul k\u00f6nyvek vagy foly\u00f3iratok nevei sz\u00e1m\u00e1ra tartj\u00e1k fenn.<\/p>\n\n<\/div>\n<\/div>\n<div id=\"faq-question-1751980210440\" class=\"rank-math-list-item\">\n<h3 class=\"rank-math-question\">Mi a helyzet a blogbejegyz\u00e9sekkel vagy az online h\u00edrekkel?<\/h3>\n<div class=\"rank-math-answer\">\n\n<p>Nem, a blogbejegyz\u00e9sek c\u00edm\u00e9t nem d\u0151lt bet\u0171vel kell \u00edrni. \u00dagy kezelj\u00fck \u0151ket, mint a foly\u00f3iratcikkeket, \u00e9s \u00e1ltal\u00e1ban id\u00e9z\u0151jelben vagy sima sz\u00f6vegben jelennek meg. <\/p>\n<p>A foly\u00f3iratok, p\u00e9ld\u00e1ul online h\u00edroldalak vagy magazinok nevei azonban d\u0151lt bet\u0171vel vannak szedve.<\/p>\n\n<\/div>\n<\/div>\n<div id=\"faq-question-1751980263405\" class=\"rank-math-list-item\">\n<h3 class=\"rank-math-question\">A cikkc\u00edmeket nagybet\u0171vel kell \u00edrni az APA vagy az MLA szabv\u00e1nyban?<\/h3>\n<div class=\"rank-math-answer\">\n\n<p><a href=\"https:\/\/undetectable.ai\/blog\/apa-format\/\" target=\"_blank\" rel=\"noreferrer noopener\">APA st\u00edlusban<\/a>, a cikkek c\u00edmei a mondatv\u00e9gi esetet haszn\u00e1lj\u00e1k, \u00e9s csak az els\u0151 sz\u00f3t \u00e9s a tulajdonneveket \u00edrj\u00e1k nagybet\u0171vel. Az MLA-ban a cikkc\u00edmek a c\u00edmbeni esetet k\u00f6vetik, azaz minden fontosabb sz\u00f3t nagybet\u0171vel \u00edrnak.<\/p>\n\n<\/div>\n<\/div>\n<div id=\"faq-question-1751980277698\" class=\"rank-math-list-item\">\n<h3 class=\"rank-math-question\">M\u00e1sk\u00e9pp kellene form\u00e1znom a hiperhivatkoz\u00e1sokat?<\/h3>\n<div class=\"rank-math-answer\">\n\n<p>Igen, a form\u00e1z\u00e1s att\u00f3l f\u00fcgg, hogy hol jelenik meg a cikk. A nyomtatott forr\u00e1sok online v\u00e1ltozataib\u00f3l sz\u00e1rmaz\u00f3 cikkeket ugyan\u00fagy kell id\u00e9zni, mint a nyomtatottakat, de egy URL-c\u00edmmel kieg\u00e9sz\u00edtve. <\/p>\n<p>Blogbejegyz\u00e9sek eset\u00e9n a blog nev\u00e9t haszn\u00e1lja a kiadv\u00e1ny neve helyett.<\/p>\n<p>APA p\u00e9lda egy online cikkre egy magazinb\u00f3l:<\/p>\n<p>Greenhouse, S. (2020, j\u00falius 30.). Sz\u00fcks\u00e9g\u00fcnk van-e egy \u00fajabb z\u00f6ld forradalomra? <em>The New Yorker.<\/em> <a href=\"https:\/\/www.newyorker.com\/magazine\/2025\/06\/30\/do-we-need-another-green-revolution\" target=\"_blank\" rel=\"noreferrer noopener\">https:\/\/www.newyorker.com\/magazine\/2025\/06\/30\/do-we-need-another-green-revolution<\/a>\u00a0<\/p>\n<p>APA p\u00e9lda egy blogbejegyz\u00e9sre:<\/p>\n<p>Lee, C. (2020, febru\u00e1r 19.). <em>Milyen most a munkaer\u0151piac? (2025-\u00f6s friss\u00edt\u00e9s).<\/em> Kimutathatatlan AI blog. <a href=\"https:\/\/undetectable.ai\/blog\/how-is-the-job-market-right-now\/\" target=\"_blank\" rel=\"noreferrer noopener\">https:\/\/undetectable.ai\/blog\/how-is-the-job-market-right-now\/<\/a>\u00a0<\/p>\n\n<\/div>\n<\/div>\n<\/div>\n<\/div>\n\n\n<h2 class=\"wp-block-heading\">Befejez\u00e9s<\/h2>\n\n\n\n<p>Teh\u00e1t d\u0151lt bet\u0171vel \u00edrja a cikkc\u00edmeket? Most m\u00e1r tudod, mikor kell \u00e9s mikor nem.&nbsp;<\/p>\n\n\n\n<p>A legt\u00f6bb f\u0151 st\u00edlusban a cikkc\u00edmek nem d\u0151lt bet\u0171vel vannak kiemelve, de a megjelen\u00edt\u00e9s\u00fck m\u00f3dja a kontextust\u00f3l, a platformt\u00f3l \u00e9s a form\u00e1z\u00e1si \u00fatmutat\u00f3t\u00f3l f\u00fcgg\u0151en v\u00e1ltozik.&nbsp;<\/p>\n\n\n\n<p>De a helyzet a k\u00f6vetkez\u0151: nem k\u00f6nny\u0171 ezeket a form\u00e1z\u00e1si szab\u00e1lyokat fejben tartani.&nbsp;<\/p>\n\n\n\n<p>Itt l\u00e9p be a k\u00e9pbe az Undetectable AI.&nbsp;<\/p>\n\n\n\n<ul class=\"wp-block-list\">\n<li>Haszn\u00e1lja az AI Essay Writer programunkat a cikkc\u00edmek megfelel\u0151 form\u00e1z\u00e1s\u00e1hoz a bekezd\u00e9seken bel\u00fcl.&nbsp;<\/li>\n\n\n\n<li>Tegye fel a form\u00e1z\u00e1ssal kapcsolatos k\u00e9rd\u00e9seit a K\u00e9rdezz AI eszk\u00f6z\u00fcnkkel, hogy azonnali \u00e9s pontos v\u00e1laszokat kapjon.<\/li>\n\n\n\n<li>\u00c1t kell \u00edrnia valamit, hogy jobban megfeleljen a hangnem\u00e9nek? Az AI Paraphraser gondoskodik r\u00f3la.&nbsp;<\/li>\n\n\n\n<li>Ha pedig azt szeretn\u00e9, hogy munk\u00e1ja term\u00e9szetesnek \u00e9s kiegyens\u00falyozottnak t\u0171nj\u00f6n, az AI Humanizer seg\u00edthet a hangz\u00e1s kialak\u00edt\u00e1s\u00e1ban an\u00e9lk\u00fcl, hogy robotikusan hangzana.<\/li>\n<\/ul>\n\n\n\n<p>R\u00f6viden, b\u00e1rmi is legyen az \u00edr\u00e1s c\u00e9lja - st\u00edlusmegfelel\u0151s\u00e9g, egy\u00e9rtelm\u0171s\u00e9g vagy foly\u00e9kony sz\u00f6vegalkot\u00e1s -, a felder\u00edthetetlen AI seg\u00edthet a c\u00e9l el\u00e9r\u00e9s\u00e9ben.<\/p>\n\n\n\n<p><a href=\"https:\/\/undetectable.ai\/\" target=\"_blank\" rel=\"noreferrer noopener\">Csak regisztr\u00e1ljon \u00e9s kezdje el.<\/a><\/p>","protected":false},"excerpt":{"rendered":"","protected":false},"author":15,"featured_media":11122,"comment_status":"closed","ping_status":"closed","sticky":false,"template":"","format":"standard","meta":{"_themeisle_gutenberg_block_has_review":false,"footnotes":""},"categories":[31],"tags":[],"class_list":["post-11113","post","type-post","status-publish","format-standard","has-post-thumbnail","hentry","category-helpful-ai-content-tips"],"_links":{"self":[{"href":"https:\/\/undetectable.ai/blog\/hu\/wp-json\/wp\/v2\/posts\/11113","targetHints":{"allow":["GET"]}}],"collection":[{"href":"https:\/\/undetectable.ai/blog\/hu\/wp-json\/wp\/v2\/posts"}],"about":[{"href":"https:\/\/undetectable.ai/blog\/hu\/wp-json\/wp\/v2\/types\/post"}],"author":[{"embeddable":true,"href":"https:\/\/undetectable.ai/blog\/hu\/wp-json\/wp\/v2\/users\/15"}],"replies":[{"embeddable":true,"href":"https:\/\/undetectable.ai/blog\/hu\/wp-json\/wp\/v2\/comments?post=11113"}],"version-history":[{"count":7,"href":"https:\/\/undetectable.ai/blog\/hu\/wp-json\/wp\/v2\/posts\/11113\/revisions"}],"predecessor-version":[{"id":22230,"href":"https:\/\/undetectable.ai/blog\/hu\/wp-json\/wp\/v2\/posts\/11113\/revisions\/22230"}],"wp:featuredmedia":[{"embeddable":true,"href":"https:\/\/undetectable.ai/blog\/hu\/wp-json\/wp\/v2\/media\/11122"}],"wp:attachment":[{"href":"https:\/\/undetectable.ai/blog\/hu\/wp-json\/wp\/v2\/media?parent=11113"}],"wp:term":[{"taxonomy":"category","embeddable":true,"href":"https:\/\/undetectable.ai/blog\/hu\/wp-json\/wp\/v2\/categories?post=11113"},{"taxonomy":"post_tag","embeddable":true,"href":"https:\/\/undetectable.ai/blog\/hu\/wp-json\/wp\/v2\/tags?post=11113"}],"curies":[{"name":"wp","href":"https:\/\/api.w.org\/{rel}","templated":true}]}}