{"id":11133,"date":"2025-06-29T15:17:44","date_gmt":"2025-06-29T15:17:44","guid":{"rendered":"https:\/\/undetectable.ai/blog\/?p=11133"},"modified":"2025-12-30T15:01:34","modified_gmt":"2025-12-30T15:01:34","slug":"mi-az-osszefoglalo","status":"publish","type":"post","link":"https:\/\/undetectable.ai/blog\/hu\/mi-az-osszefoglalo","title":{"rendered":"Mi az \u00f6sszefoglal\u00f3 \u00e9s hogyan \u00edrjunk egyet"},"content":{"rendered":"<p>\u00c9pp most fejezte be egy hossz\u00fa kutat\u00e1si dolgozat elolvas\u00e1s\u00e1t az \u00f3r\u00e1ra, vagy \u00e9ppen egy csapatmegbesz\u00e9l\u00e9sre k\u00e9sz\u00fcl, ahol egy s\u0171r\u0171 ipari jelent\u00e9st kell \u00f6t perc alatt elmagyar\u00e1znia. <\/p>\n\n\n\n<p>A kih\u00edv\u00e1s most az, hogy \u00f6sszefoglaljuk az \u00f6sszes \u00f6sszetett inform\u00e1ci\u00f3t an\u00e9lk\u00fcl, hogy felh\u00edg\u00edtan\u00e1nk \u00e9s f\u00e9l\u00faton elvesz\u00edten\u00e9nk az esz\u00fcnket.<\/p>\n\n\n\n<p>\u00c9s mik\u00f6zben megpr\u00f3b\u00e1lod ezeket a r\u00e9szleteket valami r\u00f6vidre s\u0171r\u00edteni, m\u00e9g magadat is megk\u00e9rd\u0151jelezed: Mi az az \u00f6sszefoglal\u00f3?<\/p>\n\n\n\n<p>Az igazs\u00e1g az, hogy a legt\u00f6bb ember nem rossz az \u00f6sszefoglal\u00f3k \u00edr\u00e1s\u00e1ban. Csak nem tan\u00edtott\u00e1k meg \u0151ket arra, hogyan olvassanak \u00fagy, hogy az \u00f6sszegz\u00e9st tarts\u00e1k szem el\u0151tt. <\/p>\n\n\n\n<p>Ez a blog megmutatja, hogyan lehet \u00e9szrevenni, hogy mi a fontos, \u00e9s hogyan lehet figyelmen k\u00edv\u00fcl hagyni, ami nem fontos, \u00e9s hogyan lehet olyan \u00f6sszefoglal\u00f3t \u00edrni, amelynek van \u00e9rtelme an\u00e9lk\u00fcl, hogy \u00fagy hangzana, mint egy copy-paste munka.<\/p>\n\n\n\n<hr class=\"wp-block-separator has-alpha-channel-opacity\"\/>\n\n\n\n<p class=\"has-text-align-center\"><strong>A legfontosabb tudnival\u00f3k<\/strong><\/p>\n\n\n\n<ul class=\"wp-block-list\">\n<li>Az \u00f6sszefoglal\u00f3 a sz\u00f6veg l\u00e9nyege, a saj\u00e1t szavaival meg\u00edrva, \u00e9s minden nem l\u00e9nyeges dologt\u00f3l megfosztva.<\/li>\n<\/ul>\n\n\n\n<p><\/p>\n\n\n\n<ul class=\"wp-block-list\">\n<li>A j\u00f3 \u00f6sszefoglal\u00f3k abb\u00f3l fakadnak, hogy tudjuk, mit kell megtartani, mit kell kiv\u00e1gni, \u00e9s hogyan kell ezt vil\u00e1gosan elmagyar\u00e1zni.<\/li>\n<\/ul>\n\n\n\n<p><\/p>\n\n\n\n<ul class=\"wp-block-list\">\n<li>A k\u00fcl\u00f6nb\u00f6z\u0151 helyzetek k\u00fcl\u00f6nb\u00f6z\u0151 t\u00edpus\u00fa \u00f6sszefoglal\u00f3kat ig\u00e9nyelnek.<\/li>\n<\/ul>\n\n\n\n<p><\/p>\n\n\n\n<ul class=\"wp-block-list\">\n<li>Az olyan eszk\u00f6z\u00f6kkel, mint az Undetectable AI Ask AI \u00e9s a Paraphraser, nem kell egyed\u00fcl kital\u00e1lnod mindent.<\/li>\n<\/ul>\n\n\n\n<p><\/p>\n\n\n\n<ul class=\"wp-block-list\">\n<li>Seg\u00edtenek leegyszer\u0171s\u00edteni, \u00e1tfogalmazni \u00e9s tiszt\u00e1zni b\u00e1rmilyen tartalmat.<\/li>\n<\/ul>\n\n\n\n<p><\/p>\n\n\n\n<hr class=\"wp-block-separator has-alpha-channel-opacity\"\/>\n\n\n\n<h2 class=\"wp-block-heading\">Mi az \u00f6sszefoglal\u00f3?<\/h2>\n\n\n\n<p>Az \u00f6sszefoglal\u00f3 egy hosszabb sz\u00f6veg r\u00f6vid v\u00e1ltozata, amely csak a legfontosabb pontokat tartalmazza. <\/p>\n\n\n\n<p>Ahelyett, hogy mindent sz\u00f3r\u00f3l sz\u00f3ra lem\u00e1solna, az \u00f6sszefoglal\u00f3 sokkal r\u00f6videbb form\u00e1ban, saj\u00e1t szavakkal magyar\u00e1zza el, mir\u0151l sz\u00f3l az eredeti.<\/p>\n\n\n\n<p>Tekintse ezt az eredeti l\u00e9nyeg\u00e9nek. Arra hivatott, hogy a sz\u00f6veg l\u00e9nyegi \u00fczenet\u00e9t az extr\u00e1k n\u00e9lk\u00fcl adja \u00e1t.<\/p>\n\n\n\n<p>Az \u00f6sszefoglal\u00f3k mindenhol hasznosak, \u00e9s ha j\u00f3l csin\u00e1lj\u00e1k, az \u00f6sszefoglal\u00f3 id\u0151t takar\u00edt meg az olvas\u00f3nak, mik\u00f6zben a teljes k\u00e9pet adja meg neki.<\/p>\n\n\n\n<h3 class=\"wp-block-heading\">A j\u00f3 \u00f6sszefoglal\u00f3 f\u0151 jellemz\u0151i<\/h3>\n\n\n\n<p>A j\u00f3l meg\u00edrt \u00f6sszefoglal\u00f3nak van n\u00e9h\u00e1ny tulajdons\u00e1ga:<\/p>\n\n\n\n<ul class=\"wp-block-list\">\n<li><strong>R\u00f6viden:<\/strong> Ez az eredeti sz\u00f6veg r\u00f6videbb v\u00e1ltozata.<\/li>\n\n\n\n<li><strong>C\u00e9lkit\u0171z\u00e9s:<\/strong> Ragaszkodik ahhoz, amit az eredeti mond, \u00e9rtelmez\u00e9s, elfogults\u00e1g vagy elemz\u00e9s n\u00e9lk\u00fcl.<\/li>\n\n\n\n<li><strong>Tiszta:<\/strong> K\u00f6nnyen olvashat\u00f3 \u00e9s \u00e9rthet\u0151, m\u00e9g akkor is, ha az eredeti anyag \u00f6sszetett volt.<\/li>\n\n\n\n<li><strong>Eredeti sz\u00f6veg:<\/strong> Saj\u00e1t szavakat haszn\u00e1l, nem pedig k\u00f6zvetlen m\u00e1solatot a forr\u00e1sb\u00f3l, hogy elker\u00fclje az \u00f6sszes <a href=\"https:\/\/undetectable.ai\/blog\/types-of-plagiarism\/\" target=\"_blank\" rel=\"noreferrer noopener\">a pl\u00e1gium t\u00edpusai<\/a>.<\/li>\n<\/ul>\n\n\n\n<h2 class=\"wp-block-heading\">Az \u00f6sszefoglal\u00f3k t\u00edpusai<\/h2>\n\n\n<div class=\"wp-block-image\">\n<figure class=\"aligncenter size-large\"><img loading=\"lazy\" decoding=\"async\" width=\"1024\" height=\"683\" src=\"https:\/\/undetectable.ai/blog\/wp-content\/uploads\/2025\/06\/What-is-a-summary-003-1-1024x683.jpg\" alt=\"Munkater\u00fclet \u00fczleti m\u00e9dia koncepci\u00f3\" class=\"wp-image-11141\" title=\"\" srcset=\"https:\/\/undetectable.ai/blog\/wp-content\/uploads\/2025\/06\/What-is-a-summary-003-1-1024x683.jpg 1024w, https:\/\/undetectable.ai/blog\/wp-content\/uploads\/2025\/06\/What-is-a-summary-003-1-300x200.jpg 300w, https:\/\/undetectable.ai/blog\/wp-content\/uploads\/2025\/06\/What-is-a-summary-003-1-768x512.jpg 768w, https:\/\/undetectable.ai/blog\/wp-content\/uploads\/2025\/06\/What-is-a-summary-003-1-18x12.jpg 18w, https:\/\/undetectable.ai/blog\/wp-content\/uploads\/2025\/06\/What-is-a-summary-003-1.jpg 1200w\" sizes=\"auto, (max-width: 1024px) 100vw, 1024px\" \/><\/figure><\/div>\n\n\n<p>A fenti \u00f6sszefoglal\u00f3 defin\u00edci\u00f3 nem teljesen ragadja meg az eg\u00e9szet, mivel nem minden \u00f6sszefoglal\u00f3 szolg\u00e1lja ugyanazt a c\u00e9lt.&nbsp;<\/p>\n\n\n\n<p>Att\u00f3l f\u00fcgg\u0151en, hogy hol \u00e9s hogyan haszn\u00e1lj\u00e1k, az \u00f6sszefoglal\u00f3knak k\u00fcl\u00f6nb\u00f6z\u0151 form\u00e1i vannak.<\/p>\n\n\n\n<p>Egyesek csak magyar\u00e1znak, m\u00e1sok elemeznek vagy meggy\u0151znek. Az al\u00e1bbiakban a f\u0151bb t\u00edpusokkal tal\u00e1lkozhat:<\/p>\n\n\n\n<h3 class=\"wp-block-heading\">Le\u00edr\u00f3 vs. \u00e9rt\u00e9kel\u0151 \u00f6sszefoglal\u00f3k<\/h3>\n\n\n\n<p>A le\u00edr\u00f3 \u00f6sszefoglal\u00f3k egyszer\u0171en elmagyar\u00e1zz\u00e1k, hogy mit mond az eredeti sz\u00f6veg. <\/p>\n\n\n\n<p>Azt mondj\u00e1k az olvas\u00f3nak <em>mi<\/em> le van fedve, an\u00e9lk\u00fcl, hogy b\u00e1rmilyen \u00edt\u00e9letet hozn\u00e1nk.<\/p>\n\n\n\n<p>M\u00e1sr\u00e9szt az \u00e9rt\u00e9kel\u0151 \u00f6sszefoglal\u00f3k m\u00e9g mindig elmagyar\u00e1zz\u00e1k a tartalmat, de tartalmaznak egy r\u00f6vid kritik\u00e1t vagy v\u00e9lem\u00e9nyt is, \u00e1ltal\u00e1ban az\u00e9rt, hogy az olvas\u00f3 eld\u00f6nthesse, \u00e9rdemes-e elolvasni a teljes sz\u00f6veget.<\/p>\n\n\n\n<h3 class=\"wp-block-heading\">\u00d6sszefoglal\u00f3k vs. \u00f6sszefoglal\u00f3k<\/h3>\n\n\n\n<p>Az absztraktokat leggyakrabban tudom\u00e1nyos \u00e9s tudom\u00e1nyos \u00edr\u00e1sokban haszn\u00e1lj\u00e1k. <\/p>\n\n\n\n<p>R\u00f6vid \u00e1ttekint\u00e9st adnak a teljes tanulm\u00e1nyr\u00f3l vagy tanulm\u00e1nyr\u00f3l, bele\u00e9rtve a c\u00e9lt, a m\u00f3dszert, az eredm\u00e9nyeket \u00e9s a k\u00f6vetkeztet\u00e9seket. Az absztraktok \u00e1ltal\u00e1ban nagyon struktur\u00e1ltak.<\/p>\n\n\n\n<p>Az \u00f6sszefoglal\u00f3k viszont az \u00e1ltal\u00e1nos \u00fczenetre vagy a f\u0151 \u00e9rvre \u00f6sszpontos\u00edthatnak, an\u00e9lk\u00fcl, hogy m\u00e9lyen belemenn\u00e9nek a szerkezetbe vagy a m\u00f3dszerbe. <\/p>\n\n\n\n<p>Az \u00f6sszefoglal\u00f3 nem korl\u00e1toz\u00f3dhat a tudom\u00e1nyos munk\u00e1ra, hiszen vonatkozhat k\u00f6nyvekre, e-mailekre vagy megbesz\u00e9l\u00e9sekre is.<\/p>\n\n\n\n<h3 class=\"wp-block-heading\">Vezet\u0151i \u00f6sszefoglal\u00f3k az \u00fczleti \u00e9letben<\/h3>\n\n\n\n<p>A vezet\u0151i \u00f6sszefoglal\u00f3 olyan d\u00f6nt\u00e9shoz\u00f3k sz\u00e1m\u00e1ra k\u00e9sz\u00fclt, akiknek nincs idej\u00fck a teljes jelent\u00e9s elolvas\u00e1s\u00e1ra. <\/p>\n\n\n\n<p>Tartalmazza a jelent\u00e9s c\u00e9lj\u00e1t, a legfontosabb meg\u00e1llap\u00edt\u00e1sokat \u00e9s az esetleges aj\u00e1nl\u00e1sokat.&nbsp;<\/p>\n\n\n\n<p>Ez a dokumentum els\u0151 (\u00e9s gyakran egyetlen) r\u00e9sze, amelyet n\u00e9h\u00e1nyan elolvasnak.<\/p>\n\n\n\n<h3 class=\"wp-block-heading\">Tudom\u00e1nyos \u00f6sszefoglal\u00f3k a kutat\u00e1sban \u00e9s essz\u00e9kben<\/h3>\n\n\n\n<p>Az iskol\u00e1kban \u00e9s az egyetemeken az \u00f6sszefoglal\u00f3kkal bizony\u00edtj\u00e1k, hogy meg\u00e9rtett\u00e9l egy forr\u00e1st. <\/p>\n\n\n\n<p>Ezek \u00e1ltal\u00e1ban objekt\u00edvek, semlegesek,<strong> <\/strong>\u00e9s<strong> <\/strong>a saj\u00e1t szavaival \u00edrva, a saj\u00e1t v\u00e9lem\u00e9nye beilleszt\u00e9se n\u00e9lk\u00fcl. <\/p>\n\n\n\n<p>A tudom\u00e1nyos \u00f6sszefoglal\u00f3k gyakoriak a szakirodalmi \u00e1ttekint\u00e9sekben \u00e9s a h\u00e1zi feladatokban.<\/p>\n\n\n\n<h3 class=\"wp-block-heading\">Irodalmi \u00e9s k\u00f6nyv\u00f6sszefoglal\u00f3k<\/h3>\n\n\n\n<p>Az irodalmi \u00f6sszefoglal\u00f3k egy reg\u00e9ny, novella vagy sz\u00edndarab cselekm\u00e9ny\u00e9nek, szerepl\u0151inek \u00e9s t\u00e9m\u00e1inak magyar\u00e1zat\u00e1ra szolg\u00e1lnak. <\/p>\n\n\n\n<p>Hasznosak az irodalmat tanul\u00f3 di\u00e1kok, a k\u00f6nyvkritik\u00e1k, vagy ak\u00e1r az olvas\u00f3k sz\u00e1m\u00e1ra, akik eld\u00f6ntik, hogy k\u00e9zbe vegyenek-e egy k\u00f6nyvet.&nbsp;<\/p>\n\n\n\n<h3 class=\"wp-block-heading\">M\u0171szaki \u00f6sszefoglal\u00f3k \u00e9s jelent\u00e9sek<\/h3>\n\n\n\n<p>M\u0171szaki \u00f6sszefoglal\u00f3kkal olyan ipar\u00e1gakban tal\u00e1lkozhatunk, mint a m\u00e9rn\u00f6ki, szoftver- \u00e9s term\u00e9kfejleszt\u00e9s. <\/p>\n\n\n\n<p>Az \u00f6sszetett inform\u00e1ci\u00f3kat az \u00fcgyfelek, csapatok vagy \u00e9rdekelt felek sz\u00e1m\u00e1ra vil\u00e1gos, em\u00e9szthet\u0151 betekint\u00e9st ny\u00fajtanak.&nbsp;<\/p>\n\n\n\n<h2 class=\"wp-block-heading\">A hat\u00e9kony \u00f6sszefoglal\u00f3 elemei<\/h2>\n\n\n\n<p>Egy gyenge \u00f6sszefoglal\u00f3 lehet, hogy csak az eredeti feldarabolt v\u00e1ltozata. <\/p>\n\n\n\n<p>Hogyan lehet elker\u00fclni egy ilyen \u00f6sszefoglal\u00f3 meg\u00edr\u00e1s\u00e1t?<\/p>\n\n\n\n<p>Miel\u0151tt megtan\u00edtan\u00e1m, hogyan kell \u00f6sszefoglal\u00f3t \u00edrni, besz\u00e9lj\u00fck meg azt az \u00f6t elemet, amely egy \u00f6sszefoglal\u00f3t hat\u00e9konny\u00e1 tesz:<\/p>\n\n\n\n<h3 class=\"wp-block-heading\">1. F\u0151 gondolatok<\/h3>\n\n\n\n<p>A j\u00f3 \u00f6sszefoglal\u00f3 csak a l\u00e9nyegi \u00fczenetet, azaz a f\u0151 \u00e9rvet, c\u00e9lt vagy tanuls\u00e1got tartalmazza. <\/p>\n\n\n\n<p>Minden m\u00e1s erre \u00e9p\u00fcl. <\/p>\n\n\n\n<p>Ha az olvas\u00f3 csak egy dologra eml\u00e9kszik, akkor annak ennek kell lennie.<\/p>\n\n\n\n<h3 class=\"wp-block-heading\">2. T\u00e1mogat\u00f3 r\u00e9szletek<\/h3>\n\n\n\n<p>Ha m\u00e1r megvan a f\u0151 gondolat, csak a legfontosabb al\u00e1t\u00e1maszt\u00f3 pontokat \u00edrja bele. <\/p>\n\n\n\n<p>Nem kell minden p\u00e9lda vagy statisztika, csak n\u00e9h\u00e1ny kulcsfontoss\u00e1g\u00fa r\u00e9szlet, amely seg\u00edt megmagyar\u00e1zni vagy al\u00e1t\u00e1masztani a f\u0151 \u00fczenetet.<\/p>\n\n\n\n<h3 class=\"wp-block-heading\">3. F\u00fcggetlens\u00e9g<\/h3>\n\n\n\n<p>Az \u00f6sszefoglal\u00f3nak \u00f6nmag\u00e1ban is \u00e9rtelmesnek kell lennie, m\u00e9g akkor is, ha az olvas\u00f3 soha nem l\u00e1tta az eredetit. <\/p>\n\n\n\n<p>Ker\u00fclje az olyan hom\u00e1lyos kifejez\u00e9seket, mint \"ezen a ponton\" vagy \"ahogy kor\u00e1bban eml\u00edtett\u00fck\". <\/p>\n\n\n\n<p>\u00cdrja \u00fagy, mintha egy a t\u00e9m\u00e1ban teljesen \u00faj embernek magyar\u00e1zn\u00e1 el.<\/p>\n\n\n\n<h3 class=\"wp-block-heading\">4. T\u00f6m\u00f6rs\u00e9g<\/h3>\n\n\n\n<p>Az \u00f6sszefoglal\u00f3knak r\u00f6vidnek kell lenni\u00fck, de ez nem jelenti azt, hogy siet\u0151sek. <\/p>\n\n\n\n<p>Ez azt jelenti, hogy gondosan kell megv\u00e1lasztani a szavakat, \u00e9s kihagyni mindent, ami nem l\u00e9nyeges. Mondj t\u00f6bbet kevesebbel.<\/p>\n\n\n\n<h3 class=\"wp-block-heading\">5. Szerkezet<\/h3>\n\n\n\n<p>Az \u00f6sszefoglal\u00f3nak szervezettnek \u00e9s logikusnak kell lennie. Nem szabad, hogy \u00fagy n\u00e9zzen ki, mint egy v\u00e9letlenszer\u0171 \u00f6tletlista. <\/p>\n\n\n\n<p>Kezdje a f\u0151 gondolattal, k\u00f6vesse az al\u00e1t\u00e1maszt\u00f3 pontokkal, \u00e9s fejezze be megfelel\u0151en.<\/p>\n\n\n\n<p>M\u00e9g ha az \u00f6sszefoglal\u00f3 csak n\u00e9h\u00e1ny sorb\u00f3l \u00e1ll is, a j\u00f3 szerkezet megk\u00f6nny\u00edti az olvas\u00e1st.<\/p>\n\n\n\n<p>L\u00e1ttam, hogy a di\u00e1kok k\u00fcszk\u00f6dnek a tudom\u00e1nyos sz\u00f6vegek \u00f6sszefoglal\u00e1s\u00e1val. T\u00f6bb\u00e9 m\u00e1r nem. Kihagyhatja a k\u00e9zi munk\u00e1t, \u00e9s kipr\u00f3b\u00e1lhatja az Undetectable AI<a href=\"https:\/\/undetectable.ai\/ask-ai\" target=\"_blank\" rel=\"noreferrer noopener\"> K\u00e9rdezd meg az AI-t<\/a>. <\/p>\n\n\n\n<p>Ez az eszk\u00f6z seg\u00edt a di\u00e1koknak emberhez hasonl\u00f3 v\u00e1laszokat \u00e9s \u00f6sszefoglal\u00f3kat k\u00e9sz\u00edteni az iskolai projektekhez.<\/p>\n\n\n<div class=\"wp-block-image\">\n<figure class=\"aligncenter size-large\"><img loading=\"lazy\" decoding=\"async\" width=\"1024\" height=\"297\" src=\"https:\/\/undetectable.ai/blog\/wp-content\/uploads\/2025\/04\/Ask-AI-1024x297.jpg\" alt=\"Pillanatk\u00e9p az Undetectable AI &#039;Ask AI&#039; funkci\u00f3j\u00e1r\u00f3l, amely egy AI-alap\u00fa eszk\u00f6zt mutat be a felhaszn\u00e1l\u00f3i k\u00e9rd\u00e9sek megv\u00e1laszol\u00e1s\u00e1ra \u00e9s tartalomgener\u00e1l\u00e1sra.\" class=\"wp-image-8150\" title=\"\" srcset=\"https:\/\/undetectable.ai/blog\/wp-content\/uploads\/2025\/04\/Ask-AI-1024x297.jpg 1024w, https:\/\/undetectable.ai/blog\/wp-content\/uploads\/2025\/04\/Ask-AI-300x87.jpg 300w, https:\/\/undetectable.ai/blog\/wp-content\/uploads\/2025\/04\/Ask-AI-768x223.jpg 768w, https:\/\/undetectable.ai/blog\/wp-content\/uploads\/2025\/04\/Ask-AI-1536x445.jpg 1536w, https:\/\/undetectable.ai/blog\/wp-content\/uploads\/2025\/04\/Ask-AI-18x5.jpg 18w, https:\/\/undetectable.ai/blog\/wp-content\/uploads\/2025\/04\/Ask-AI.jpg 1600w\" sizes=\"auto, (max-width: 1024px) 100vw, 1024px\" \/><\/figure><\/div>\n\n\n<p>Emellett, hogy a v\u00e9gleges v\u00e1ltozat professzion\u00e1lis \u00e9s k\u00f6nnyen \u00e9rthet\u0151 legyen, haszn\u00e1lhatja az Undetectable AI szolg\u00e1ltat\u00e1sait. <a href=\"https:\/\/undetectable.ai\/ai-essay-rewriter\" target=\"_blank\" rel=\"noreferrer noopener\">AI Essay Rewriter<\/a> hogy seg\u00edtsen \u00e1t\u00edrni \u00e9s csiszolni az \u00f6sszefoglal\u00f3kat.<\/p>\n\n\n\n<p>Ez az eszk\u00f6z a felesleges r\u00e9szek elt\u00e1vol\u00edt\u00e1s\u00e1ra specializ\u00e1l\u00f3dott, mik\u00f6zben kiemeli a f\u0151 \u00e9rveket, \u00edgy biztos\u00edtva, hogy az eredm\u00e9ny t\u00f6m\u00f6r, pontos \u00e9s eredeti legyen.<\/p>\n\n\n<div class=\"wp-block-image\">\n<figure class=\"aligncenter size-large\"><img loading=\"lazy\" decoding=\"async\" width=\"1024\" height=\"468\" src=\"https:\/\/undetectable.ai/blog\/wp-content\/uploads\/2025\/01\/AI-Essay-Rewriter-homepage-undetectable-ai-e1754661703921-1024x468.jpg\" alt=\"AI Essay Rewriter honlap undetectable ai\" class=\"wp-image-5544\" title=\"\" srcset=\"https:\/\/undetectable.ai/blog\/wp-content\/uploads\/2025\/01\/AI-Essay-Rewriter-homepage-undetectable-ai-e1754661703921-1024x468.jpg 1024w, https:\/\/undetectable.ai/blog\/wp-content\/uploads\/2025\/01\/AI-Essay-Rewriter-homepage-undetectable-ai-e1754661703921-300x137.jpg 300w, https:\/\/undetectable.ai/blog\/wp-content\/uploads\/2025\/01\/AI-Essay-Rewriter-homepage-undetectable-ai-e1754661703921-768x351.jpg 768w, https:\/\/undetectable.ai/blog\/wp-content\/uploads\/2025\/01\/AI-Essay-Rewriter-homepage-undetectable-ai-e1754661703921-18x8.jpg 18w, https:\/\/undetectable.ai/blog\/wp-content\/uploads\/2025\/01\/AI-Essay-Rewriter-homepage-undetectable-ai-e1754661703921.jpg 1076w\" sizes=\"auto, (max-width: 1024px) 100vw, 1024px\" \/><\/figure><\/div>\n\n\n<h2 class=\"wp-block-heading\">Hogyan \u00edrjunk \u00f6sszefoglal\u00f3t<\/h2>\n\n\n\n<p>Miut\u00e1n megtudtuk, mi az \u00f6sszefoglal\u00f3 \u00e9s annak elemei, most megmutatjuk, hogyan kell \u00edrni egyet.<\/p>\n\n\n\n<p>Egy j\u00f3 \u00f6sszefoglal\u00f3 nem \u00fagy j\u00f6n l\u00e9tre, hogy egyszer\u0171en lev\u00e1gunk n\u00e9h\u00e1ny sort a tetej\u00e9r\u0151l. <\/p>\n\n\n\n<p>Egy kis gondolkod\u00e1sra van sz\u00fcks\u00e9g, de ha l\u00e9p\u00e9sekre bontod, sokkal k\u00f6nnyebben megval\u00f3s\u00edthat\u00f3, mint amilyennek t\u0171nik.<\/p>\n\n\n\n<h3 class=\"wp-block-heading\">1. l\u00e9p\u00e9s: Olvassa el \u00e9s val\u00f3ban \u00e9rtse meg, amit \u00f6sszefoglal, amit \u00f6sszefoglal.<\/h3>\n\n\n\n<p>Nyilv\u00e1nval\u00f3nak hangzik, de a legt\u00f6bb ember megpr\u00f3b\u00e1lja \u00f6sszefoglalni, miel\u0151tt teljesen \u00e1tvenn\u00e9 az anyagot. Olvassa el egyszer. <\/p>\n\n\n\n<p>Azt\u00e1n olvassa el \u00fajra, lassabban.<\/p>\n\n\n\n<p>Ha szakzsargonr\u00f3l vagy \u00f6sszetett gondolatokr\u00f3l van sz\u00f3, pr\u00f3b\u00e1ld meg hangosan elmagyar\u00e1zni \u0151ket, vagy m\u00e9g jobb, ha a sz\u00f6veget beledobod a <a href=\"https:\/\/undetectable.ai\/ai-chat\" target=\"_blank\" rel=\"noreferrer noopener\">AI Chat<\/a> eszk\u00f6zt az Undetectable AI-t\u00f3l, \u00e9s k\u00e9rje meg, hogy egyszer\u0171 nyelven magyar\u00e1zza el a dolgokat.<\/p>\n\n\n\n<p>Arra k\u00e9rtem, hogy egyszer\u0171s\u00edtse le a k\u00f6vetkez\u0151ket egy, a marketing vil\u00e1g\u00e1n k\u00edv\u00fcl \u00e1ll\u00f3 szem\u00e9ly sz\u00e1m\u00e1ra:<\/p>\n\n\n\n<p>\"Tartalmi strat\u00e9gi\u00e1nk az omnichannel megk\u00f6zel\u00edt\u00e9st haszn\u00e1lja ki, hogy maximaliz\u00e1lja az \u00e9rintkez\u00e9si pontok konzisztenci\u00e1j\u00e1t \u00e9s a m\u00e1rka rezonanci\u00e1j\u00e1t a szegment\u00e1lt c\u00e9lk\u00f6z\u00f6ns\u00e9g k\u00f6r\u00e9ben.<\/p>\n\n\n\n<p>Ezt kaptam:<\/p>\n\n\n<div class=\"wp-block-image\">\n<figure class=\"aligncenter size-large\"><img loading=\"lazy\" decoding=\"async\" width=\"1024\" height=\"777\" src=\"https:\/\/undetectable.ai/blog\/wp-content\/uploads\/2025\/06\/What-is-a-summary-001-1024x777.jpg\" alt=\"\" class=\"wp-image-11139\" title=\"\" srcset=\"https:\/\/undetectable.ai/blog\/wp-content\/uploads\/2025\/06\/What-is-a-summary-001-1024x777.jpg 1024w, https:\/\/undetectable.ai/blog\/wp-content\/uploads\/2025\/06\/What-is-a-summary-001-300x228.jpg 300w, https:\/\/undetectable.ai/blog\/wp-content\/uploads\/2025\/06\/What-is-a-summary-001-768x583.jpg 768w, https:\/\/undetectable.ai/blog\/wp-content\/uploads\/2025\/06\/What-is-a-summary-001.jpg 1350w, https:\/\/undetectable.ai/blog\/wp-content\/uploads\/2025\/06\/What-is-a-summary-001-16x12.jpg 16w\" sizes=\"auto, (max-width: 1024px) 100vw, 1024px\" \/><\/figure><\/div>\n\n\n<p>Zseni\u00e1lis, igaz?<\/p>\n\n\n\n<h3 class=\"wp-block-heading\">2. l\u00e9p\u00e9s: Keresse meg a f\u0151 pontot<\/h3>\n\n\n\n<p>Mir\u0151l sz\u00f3l ez a dolog val\u00f3j\u00e1ban?<br>Mi a tanuls\u00e1g?&nbsp;<\/p>\n\n\n\n<p>Ha ez megvan, keressen olyan f\u0151 gondolatokat, amelyek ezt al\u00e1t\u00e1masztj\u00e1k. Ne gondolja t\u00fal. Ha folyamatosan felmer\u00fcl, akkor val\u00f3sz\u00edn\u0171leg sz\u00e1m\u00edt.<\/p>\n\n\n\n<h3 class=\"wp-block-heading\">3. l\u00e9p\u00e9s: V\u00e1gja ki az extr\u00e1kat<\/h3>\n\n\n\n<p>Most, hogy megtal\u00e1ltad a magot, szabadulj meg a t\u00f6bbit\u0151l. P\u00e9ld\u00e1k, mell\u00e9kes megjegyz\u00e9sek, ism\u00e9tl\u0151d\u0151 pontok, statisztik\u00e1k, amelyekre nincs sz\u00fcks\u00e9ged. Ezek mind mehetnek. Az \u00f6sszefoglal\u00f3 nem a r\u00e9szletek helye.&nbsp;<\/p>\n\n\n\n<h3 class=\"wp-block-heading\">4. l\u00e9p\u00e9s: Mondd el a saj\u00e1t szavaiddal<\/h3>\n\n\n\n<p>Ez a r\u00e9sz nem t\u00e1rgyalhat\u00f3. Ne m\u00e1solja vagy fogalmazza \u00e1t soronk\u00e9nt. <\/p>\n\n\n\n<p>Csak mondd el, mit \u00e9rtett\u00e9l meg, \u00e9s hogyan magyar\u00e1zn\u00e1d el m\u00e1snak. Legyen term\u00e9szetes \u00e9s l\u00e9nyegre t\u00f6r\u0151.<\/p>\n\n\n\n<p>Tudom, mire gondolsz. Ezek a l\u00e9p\u00e9sek hasznosak, persze, de nem igaz\u00e1n adnak v\u00e1laszt a nagy k\u00e9rd\u00e9sre: <\/p>\n\n\n\n<p>Hogyan kezdj\u00fcnk egy \u00f6sszefoglal\u00f3t<em>?<\/em><\/p>\n\n\n\n<p>Igazad van.<\/p>\n\n\n\n<p>Hogy ebben seg\u00edtsek, olyan \u00f6sszefoglal\u00f3kat kerestem, amelyeket az emberek t\u00e9nylegesen \u00edrtak. \u00cdme n\u00e9h\u00e1ny n\u00e9pszer\u0171, online tal\u00e1ltam, amelyek megmutatj\u00e1k, hogyan kezd\u0151dnek a k\u00fcl\u00f6nb\u00f6z\u0151 \u00f6sszefoglal\u00f3k, att\u00f3l f\u00fcgg\u0151en, hogy mir\u0151l sz\u00f3lnak.&nbsp;<\/p>\n\n\n\n<ul class=\"wp-block-list\">\n<li><a href=\"https:\/\/www.gradesaver.com\/inception\/study-guide\/summary\" target=\"_blank\" rel=\"noreferrer noopener\">Film \u00f6sszefoglal\u00f3 p\u00e9lda<\/a> - Kezdet (2010)<\/li>\n\n\n\n<li><a href=\"https:\/\/www.sparknotes.com\/lit\/pride\/summary\/\" target=\"_blank\" rel=\"noreferrer noopener\">Reg\u00e9ny \u00f6sszefoglal\u00f3 p\u00e9lda<\/a> - B\u00fcszkes\u00e9g \u00e9s bal\u00edt\u00e9let Jane Austent\u0151l<\/li>\n\n\n\n<li><a href=\"https:\/\/english.umd.edu\/research-innovation\/journals\/interpolations\/fall-2018\/summary-danger-single-story\" target=\"_blank\" rel=\"noreferrer noopener\">TED Talk \u00f6sszefoglal\u00f3 p\u00e9lda<\/a> - Egyetlen t\u00f6rt\u00e9net vesz\u00e9lye by Chimamanda Ngozi Adichie<\/li>\n<\/ul>\n\n\n\n<p>Ha elakad, haszn\u00e1lja a <a href=\"https:\/\/undetectable.ai\/paraphrasing-tool\" target=\"_blank\" rel=\"noreferrer noopener\">AI Paraphraser<\/a> hogy seg\u00edtsen \u00e1tfogalmazni a dolgokat an\u00e9lk\u00fcl, hogy \u00fagy hangzana, mint egy bot.<\/p>\n\n\n\n<p>Ezt a parafr\u00e1zist haszn\u00e1ltam a k\u00f6vetkez\u0151 sz\u00f6veg \u00e1t\u00edr\u00e1s\u00e1hoz:<\/p>\n\n\n<div class=\"wp-block-image\">\n<figure class=\"aligncenter size-full\"><img loading=\"lazy\" decoding=\"async\" width=\"1067\" height=\"413\" src=\"https:\/\/undetectable.ai/blog\/wp-content\/uploads\/2025\/06\/what-is-a-summary-002.jpg\" alt=\"\" class=\"wp-image-11140\" title=\"\" srcset=\"https:\/\/undetectable.ai/blog\/wp-content\/uploads\/2025\/06\/what-is-a-summary-002.jpg 1067w, https:\/\/undetectable.ai/blog\/wp-content\/uploads\/2025\/06\/what-is-a-summary-002-300x116.jpg 300w, https:\/\/undetectable.ai/blog\/wp-content\/uploads\/2025\/06\/what-is-a-summary-002-1024x396.jpg 1024w, https:\/\/undetectable.ai/blog\/wp-content\/uploads\/2025\/06\/what-is-a-summary-002-768x297.jpg 768w, https:\/\/undetectable.ai/blog\/wp-content\/uploads\/2025\/06\/what-is-a-summary-002-18x7.jpg 18w\" sizes=\"auto, (max-width: 1067px) 100vw, 1067px\" \/><\/figure><\/div>\n\n\n<p>Ha \u00d6n is elakadt egy tr\u00fckk\u00f6s mondat \u00e1tfogalmaz\u00e1s\u00e1ban, a mi <a href=\"https:\/\/undetectable.ai\/rewording-tool\" target=\"_blank\" rel=\"noreferrer noopener\">AI \u00e1tfogalmaz\u00e1si eszk\u00f6z<\/a> seg\u00edthet \u00e1t\u00edrni az \u00f6sszefoglal\u00f3kat a saj\u00e1t szavaival an\u00e9lk\u00fcl, hogy robotikusan hangzana.<\/p>\n\n\n<div class=\"wp-block-image\">\n<figure class=\"aligncenter size-large\"><img loading=\"lazy\" decoding=\"async\" width=\"1024\" height=\"412\" src=\"https:\/\/undetectable.ai/blog\/wp-content\/uploads\/2025\/09\/AI-Rewording-tool-002-1024x412.jpg\" alt=\"Undetctable AI rewording tool k\u00e9perny\u0151k\u00e9p\" class=\"wp-image-13434\" title=\"\" srcset=\"https:\/\/undetectable.ai/blog\/wp-content\/uploads\/2025\/09\/AI-Rewording-tool-002-1024x412.jpg 1024w, https:\/\/undetectable.ai/blog\/wp-content\/uploads\/2025\/09\/AI-Rewording-tool-002-300x121.jpg 300w, https:\/\/undetectable.ai/blog\/wp-content\/uploads\/2025\/09\/AI-Rewording-tool-002-768x309.jpg 768w, https:\/\/undetectable.ai/blog\/wp-content\/uploads\/2025\/09\/AI-Rewording-tool-002-1536x619.jpg 1536w, https:\/\/undetectable.ai/blog\/wp-content\/uploads\/2025\/09\/AI-Rewording-tool-002-2048x825.jpg 2048w, https:\/\/undetectable.ai/blog\/wp-content\/uploads\/2025\/09\/AI-Rewording-tool-002-18x7.jpg 18w\" sizes=\"auto, (max-width: 1024px) 100vw, 1024px\" \/><\/figure><\/div>\n\n\n<p>Csak illessze be a v\u00e1zlatot, \u00e9s hagyja, hogy a program egy\u00e9rtelm\u0171en \u00e1tform\u00e1lja az elk\u00e9pzel\u00e9seit, mik\u00f6zben az eredeti jelent\u00e9startalom s\u00e9rtetlen\u00fcl megmarad.<\/p>\n\n\n\n<h3 class=\"wp-block-heading\">5. l\u00e9p\u00e9s: Olvassa vissza, \u00e9s jav\u00edtsa ki, amit rosszul \u00e9rez<\/h3>\n\n\n\n<p>Ha k\u00e9sz vagy, olvasd el az \u00f6sszefoglal\u00f3dat. Van \u00e9rtelme? \u00c1tfolyik? V\u00e1gjon ki mindent, ami neh\u00e9zkesnek vagy nem egy\u00e9rtelm\u0171nek t\u0171nik. Szoros\u00edtson addig, am\u00edg g\u00f6rd\u00fcl\u00e9kenyen nem olvashat\u00f3.<\/p>\n\n\n\n<p>Ennyi. Ez egy egyszer\u0171 megk\u00f6zel\u00edt\u00e9s, \u00e9s ak\u00e1r arra is haszn\u00e1lhatja, hogy <a href=\"https:\/\/undetectable.ai\/blog\/how-to-summarize-an-article-2\/\" target=\"_blank\" rel=\"noreferrer noopener\">\u00f6sszefoglalni egy cikket<\/a>.<\/p>\n\n\n\n<h2 class=\"wp-block-heading\">P\u00e9ld\u00e1k az \u00f6sszefoglal\u00f3kra<\/h2>\n\n\n\n<p>N\u00e9ha a legegyszer\u0171bb m\u00f3dja annak, hogy meg\u00e9rts\u00fck, hogyan kell kin\u00e9znie egy \u00f6sszefoglal\u00f3nak, ha l\u00e1tunk egyet. <\/p>\n\n\n\n<p>Az al\u00e1bbiakban n\u00e9h\u00e1ny p\u00e9ld\u00e1t mutatunk arra, hogyan lehet egy hossz\u00fa sz\u00f6veget r\u00f6vidre t\u00f6m\u00f6r\u00edteni an\u00e9lk\u00fcl, hogy a sz\u00f6veg \u00e9rtelm\u00e9t elvesz\u00edten\u00e9.<\/p>\n\n\n\n<h3 class=\"wp-block-heading\">1. Cikk \u00f6sszefoglal\u00e1sa<\/h3>\n\n\n\n<p><strong>Eredeti (r\u00e9szlet egy \u00fajs\u00e1gcikkb\u0151l):<\/strong><\/p>\n\n\n\n<p>A korm\u00e1ny \u00faj tervet vezetett be a m\u0171anyaghullad\u00e9k cs\u00f6kkent\u00e9s\u00e9re. <\/p>\n\n\n\n<p>J\u00f6v\u0151 \u00e9vt\u0151l a nagyv\u00e1rosokban betiltj\u00e1k az egyszer haszn\u00e1latos m\u0171anyagokat. A v\u00e1llalkoz\u00e1soknak is \u00e1t kell \u00e1llniuk a biol\u00f3giailag leboml\u00f3 lehet\u0151s\u00e9gekre. <\/p>\n\n\n\n<p>Ez egy nagyobb terv r\u00e9sze, amely az \u00e9ghajlatv\u00e1ltoz\u00e1s \u00e9s a k\u00f6rnyezetszennyez\u00e9s kezel\u00e9s\u00e9re ir\u00e1nyul.<\/p>\n\n\n\n<p><strong>\u00d6sszefoglal\u00f3:<\/strong><\/p>\n\n\n\n<p>A korm\u00e1ny azt tervezi, hogy j\u00f6v\u0151re betiltja az egyszer haszn\u00e1latos m\u0171anyagokat a nagyv\u00e1rosokban a m\u0171anyaghullad\u00e9k cs\u00f6kkent\u00e9s\u00e9re \u00e9s a k\u00f6rnyezetszennyez\u00e9s elleni k\u00fczdelemre ir\u00e1nyul\u00f3 strat\u00e9gi\u00e1ja r\u00e9szek\u00e9nt.<\/p>\n\n\n\n<h3 class=\"wp-block-heading\">2. A k\u00f6nyv \u00f6sszefoglal\u00e1sa<\/h3>\n\n\n\n<p><strong>Eredeti (reg\u00e9ny):<\/strong><\/p>\n\n\n\n<p><em>To Kill a Mockingbird<\/em> Harper Lee egy fiatal l\u00e1ny, Scout t\u00f6rt\u00e9net\u00e9t k\u00f6veti, aki egy fajilag megosztott d\u00e9li v\u00e1rosban n\u0151 fel. <\/p>\n\n\n\n<p>Apja, Atticus, egy \u00fcgyv\u00e9d r\u00e9v\u00e9n, aki egy t\u00e9vesen megv\u00e1dolt fekete f\u00e9rfit v\u00e9d, Scout kezdi meg\u00e9rteni az igazs\u00e1gszolg\u00e1ltat\u00e1s, az el\u0151\u00edt\u00e9let \u00e9s az erk\u00f6lcsi b\u00e1tors\u00e1g \u00f6sszetetts\u00e9g\u00e9t.<\/p>\n\n\n\n<p><strong>\u00d6sszefoglal\u00f3:<\/strong><\/p>\n\n\n\n<p><em>To Kill a Mockingbird<\/em> egy l\u00e1ny t\u00f6rt\u00e9net\u00e9t mes\u00e9li el, aki az amerikai D\u00e9l igazs\u00e1goss\u00e1g\u00e1r\u00f3l \u00e9s a rasszizmusr\u00f3l tanul az apja harc\u00e1n kereszt\u00fcl, aki egy \u00e1rtatlan ember v\u00e9delm\u00e9ben k\u00fczd.<\/p>\n\n\n\n<h3 class=\"wp-block-heading\">3. Tudom\u00e1nyos dolgozat \u00f6sszefoglal\u00e1sa<\/h3>\n\n\n\n<p><strong>Eredeti (kutat\u00e1si \u00f6sszefoglal\u00f3):<\/strong><\/p>\n\n\n\n<p>A tanulm\u00e1ny azt vizsg\u00e1lta, hogy a COVID-19 vil\u00e1gj\u00e1rv\u00e1ny idej\u00e9n a t\u00e1vmunka hogyan befoly\u00e1solta a termel\u00e9kenys\u00e9get. A kutat\u00f3k t\u00f6bb mint 500 k\u00fcl\u00f6nb\u00f6z\u0151 ter\u00fcleten dolgoz\u00f3 szakembert\u0151l gy\u0171jt\u00f6ttek inform\u00e1ci\u00f3kat.&nbsp;<\/p>\n\n\n\n<p>Meg\u00e1llap\u00edtott\u00e1k, hogy az otthonr\u00f3l dolgoz\u00f3k valamivel termel\u00e9kenyebbek voltak, k\u00fcl\u00f6n\u00f6sen azok, akiknek rugalmas munkaidej\u00fck \u00e9s megfelel\u0151 munkahely\u00fck volt otthon.<\/p>\n\n\n\n<p><strong>\u00d6sszefoglal\u00f3:<\/strong><\/p>\n\n\n\n<p>Egy 500 szakember bevon\u00e1s\u00e1val k\u00e9sz\u00fclt tanulm\u00e1ny arra a k\u00f6vetkeztet\u00e9sre jutott, hogy a t\u00e1vmunka n\u00e9mileg n\u00f6veli a termel\u00e9kenys\u00e9get, k\u00fcl\u00f6n\u00f6sen azok eset\u00e9ben, akik rugalmas munkaid\u0151ben \u00e9s megfelel\u0151 munkaszervez\u00e9ssel dolgoznak.<\/p>\n\n\n\n<h3 class=\"wp-block-heading\">4. Vezet\u0151i \u00f6sszefoglal\u00f3 (\u00fczleti jelent\u00e9s)<\/h3>\n\n\n\n<p><strong>Eredeti:<\/strong><\/p>\n\n\n\n<p>20 oldalas jelent\u00e9s a negyed\u00e9ves \u00e9rt\u00e9kes\u00edt\u00e9si teljes\u00edtm\u00e9nyr\u0151l, a piaci trendekr\u0151l \u00e9s a csapat termel\u00e9kenys\u00e9g\u00e9r\u0151l.<\/p>\n\n\n\n<p><strong>\u00d6sszefoglal\u00f3:<\/strong><\/p>\n\n\n\n<p>Az \u00e9rt\u00e9kes\u00edt\u00e9s ebben a h\u00f3napban 8%-tal n\u0151tt. A piaci trendek n\u00f6vekv\u0151 keresletet mutatnak az eg\u00e9szs\u00e9g\u00fcgyi \u00e1gazatban. <\/p>\n\n\n\n<p>Az \u00e9rt\u00e9kes\u00edt\u00e9si csapat t\u00falteljes\u00edtette a kit\u0171z\u00f6tt c\u00e9lokat, b\u00e1r a t\u00e1mogat\u00f3 szem\u00e9lyzet a munkafolyamatok sz\u0171k keresztmetszet\u00e9r\u0151l sz\u00e1molt be.<\/p>\n\n\n\n<p>Az al\u00e1bbi widget seg\u00edts\u00e9g\u00e9vel hozz\u00e1f\u00e9rhet a megb\u00edzhat\u00f3 AI Detector \u00e9s Humanizer programunkhoz.<\/p>\n\n\n\n<div id=\"uai-widget\" data-affiliate-link=\"https:\/\/undetectable.ai\/?_by=hi4km\"><script>var js = document.createElement(\"script\");js.async = true;js.src = \"https:\/\/widget.undetectable.ai\/js\/widget-loader.js?t=\"+Date.now();document.getElementsByTagName(\"head\")[0].appendChild(js);<\/script><\/div>\n\n\n\n<h2 class=\"wp-block-heading\">V\u00e9gs\u0151 gondolatok<\/h2>\n\n\n\n<p>Ennyi volt minden. Megtanultad, hogy mi az az \u00f6sszefoglal\u00f3 \u00e9s hogyan kell \u00edrni.<\/p>\n\n\n\n<p>Az \u00f6sszefoglal\u00f3k furcs\u00e1n alul\u00e9rt\u00e9keltek. \u00dagy kezelj\u00fck \u0151ket, mint a h\u00e1zi feladatot, pedig val\u00f3j\u00e1ban az egyik leghasznosabb k\u00e9szs\u00e9g, amivel rendelkezhetsz, k\u00fcl\u00f6n\u00f6sen a tartalomt\u00f3l fuldokl\u00f3 vil\u00e1gban.<\/p>\n\n\n\n<p>Ha egy 3000 szavas cikket, egy 400 oldalas k\u00f6nyvet vagy egy k\u00e9t\u00f3r\u00e1s megbesz\u00e9l\u00e9st k\u00e9pes vagy valami vil\u00e1gos \u00e9s hasznos dologra leegyszer\u0171s\u00edteni, akkor olyan k\u00e9szs\u00e9ggel rendelkezel, amelyet nem csak az iskol\u00e1ban vagy a munkahelyen, hanem az \u00e9letben is \u00e9rdemes elsaj\u00e1t\u00edtanod.<\/p>\n\n\n\n<p>Mert \u0151szint\u00e9n sz\u00f3lva, ha nem tudod \u00f6sszefoglalni, akkor val\u00f3sz\u00edn\u0171leg nem \u00e9rtetted meg.&nbsp;<\/p>\n\n\n\n<p>De ne agg\u00f3djon, ha kezdetben gondot okoz egy j\u00f3 \u00f6sszefoglal\u00f3 meg\u00edr\u00e1sa.&nbsp;<\/p>\n\n\n\n<p>Az Undetectable AI mesters\u00e9ges intelligencia-eszk\u00f6zcsomagja seg\u00edt ebben.<\/p>\n\n\n\n<p><a href=\"https:\/\/undetectable.ai\/\" target=\"_blank\" rel=\"noreferrer noopener\">Regisztr\u00e1ljon most<\/a> \u00e9s seg\u00edts\u00e9get kaphatsz egy \u00f6sszefoglal\u00f3 meg\u00edr\u00e1s\u00e1hoz vagy b\u00e1rmihez.<\/p>","protected":false},"excerpt":{"rendered":"","protected":false},"author":15,"featured_media":11138,"comment_status":"closed","ping_status":"closed","sticky":false,"template":"","format":"standard","meta":{"_themeisle_gutenberg_block_has_review":false,"footnotes":""},"categories":[31],"tags":[],"class_list":["post-11133","post","type-post","status-publish","format-standard","has-post-thumbnail","hentry","category-helpful-ai-content-tips"],"_links":{"self":[{"href":"https:\/\/undetectable.ai/blog\/hu\/wp-json\/wp\/v2\/posts\/11133","targetHints":{"allow":["GET"]}}],"collection":[{"href":"https:\/\/undetectable.ai/blog\/hu\/wp-json\/wp\/v2\/posts"}],"about":[{"href":"https:\/\/undetectable.ai/blog\/hu\/wp-json\/wp\/v2\/types\/post"}],"author":[{"embeddable":true,"href":"https:\/\/undetectable.ai/blog\/hu\/wp-json\/wp\/v2\/users\/15"}],"replies":[{"embeddable":true,"href":"https:\/\/undetectable.ai/blog\/hu\/wp-json\/wp\/v2\/comments?post=11133"}],"version-history":[{"count":6,"href":"https:\/\/undetectable.ai/blog\/hu\/wp-json\/wp\/v2\/posts\/11133\/revisions"}],"predecessor-version":[{"id":18579,"href":"https:\/\/undetectable.ai/blog\/hu\/wp-json\/wp\/v2\/posts\/11133\/revisions\/18579"}],"wp:featuredmedia":[{"embeddable":true,"href":"https:\/\/undetectable.ai/blog\/hu\/wp-json\/wp\/v2\/media\/11138"}],"wp:attachment":[{"href":"https:\/\/undetectable.ai/blog\/hu\/wp-json\/wp\/v2\/media?parent=11133"}],"wp:term":[{"taxonomy":"category","embeddable":true,"href":"https:\/\/undetectable.ai/blog\/hu\/wp-json\/wp\/v2\/categories?post=11133"},{"taxonomy":"post_tag","embeddable":true,"href":"https:\/\/undetectable.ai/blog\/hu\/wp-json\/wp\/v2\/tags?post=11133"}],"curies":[{"name":"wp","href":"https:\/\/api.w.org\/{rel}","templated":true}]}}