{"id":11614,"date":"2025-07-07T21:24:22","date_gmt":"2025-07-07T21:24:22","guid":{"rendered":"https:\/\/undetectable.ai/blog\/?p=11614"},"modified":"2025-08-10T17:39:38","modified_gmt":"2025-08-10T17:39:38","slug":"relativ-hatarozoszo","status":"publish","type":"post","link":"https:\/\/undetectable.ai/blog\/hu\/relativ-hatarozoszo\/","title":{"rendered":"Mi az a relat\u00edv hat\u00e1roz\u00f3sz\u00f3? Jelent\u00e9s \u00e9s p\u00e9ld\u00e1k"},"content":{"rendered":"<p>Mikor, hol \u00e9s mi\u00e9rt. H\u00e1rom egyszer\u0171, de alapvet\u0151 fontoss\u00e1g\u00fa sz\u00f3 az angol sz\u00f3kincsben. <\/p>\n\n\n\n<p>Ezek a szavak egy konkr\u00e9t id\u0151t, helyet vagy okot jel\u00f6lnek ki, \u00e9s \u00e9l\u00e9nkebb\u00e9 teszik a kontextust.<\/p>\n\n\n\n<p>Ami m\u00e9g fontosabb, hogy z\u00f6kken\u0151mentesen \u00f6sszekapcsolj\u00e1k az elk\u00e9pzel\u00e9seidet. <\/p>\n\n\n\n<p>Semmi mondatf\u0171z\u00e9s, semmi k\u00ednos fogalmaz\u00e1s, csak tiszta t\u00f6rt\u00e9netmes\u00e9l\u00e9s. L\u00e1ttad m\u00e1r \u0151ket t\u00fal\u00f3r\u00e1ban dolgozni c\u00edmlapokon, reg\u00e9nyekben, s\u0151t m\u00e9g m\u00e9mekben is.<\/p>\n\n\n\n<p>Ez volt az a ny\u00e1r, amikor minden megv\u00e1ltozott.<\/p>\n\n\n\n<p>A k\u00e1v\u00e9z\u00f3, ahol tal\u00e1lkoztunk, m\u00e1r nem l\u00e9tezik.<\/p>\n\n\n\n<p>Senki sem tudta, mi\u00e9rt t\u0171nt el.<\/p>\n\n\n\n<p>Ha az angol nyelvnek Oscar-d\u00edja lenne, val\u00f3sz\u00edn\u0171leg ez a h\u00e1rom film kapn\u00e1 a tr\u00f3fe\u00e1kat. <\/p>\n\n\n\n<p>Mert nem csak \u00f6sszek\u00f6tik a gondolataidat, hanem t\u00e9nylegesen t\u00e1mogatj\u00e1k \u0151ket abban, hogy mindent \u00e9rthet\u0151bb\u00e9 tegyenek.<\/p>\n\n\n\n<p>Most, hogy m\u00e1r tudja, mire val\u00f3k, n\u00e9zz\u00fck meg, hogyan haszn\u00e1lhatja \u0151ket profi m\u00f3don.<\/p>\n\n\n\n<hr class=\"wp-block-separator has-alpha-channel-opacity\"\/>\n\n\n\n<p class=\"has-text-align-center\"><strong>A legfontosabb tudnival\u00f3k<\/strong><\/p>\n\n\n\n<ul class=\"wp-block-list\">\n<li>A relat\u00edv hat\u00e1roz\u00f3sz\u00f3k (\"mikor\", \"hol\" \u00e9s \"mi\u00e9rt\") olyan mell\u00e9kmondatokat vezetnek be, amelyek az id\u0151t, a helyet vagy az okot magyar\u00e1zz\u00e1k.<\/li>\n<\/ul>\n\n\n\n<p><\/p>\n\n\n\n<ul class=\"wp-block-list\">\n<li>Ezek f\u0151neveket m\u00f3dos\u00edtanak, ellent\u00e9tben a relat\u00edv n\u00e9vm\u00e1sokkal, amelyek emberekre vagy dolgokra utalnak.<\/li>\n<\/ul>\n\n\n\n<p><\/p>\n\n\n\n<ul class=\"wp-block-list\">\n<li>Haszn\u00e1latukkal sim\u00e1bb, \u00f6sszef\u00fcgg\u0151bb mondatok sz\u00fcletnek, ism\u00e9tl\u00e9sek \u00e9s k\u00ednos megfogalmaz\u00e1sok n\u00e9lk\u00fcl.<\/li>\n<\/ul>\n\n\n\n<p><\/p>\n\n\n\n<ul class=\"wp-block-list\">\n<li>Vigy\u00e1zzon, hogy ne keverje \u00f6ssze \u0151ket az al\u00e1rendel\u0151 k\u00f6t\u0151szavakkal, amelyek eg\u00e9sz mondatokat m\u00f3dos\u00edtanak.<\/li>\n<\/ul>\n\n\n\n<p><\/p>\n\n\n\n<ul class=\"wp-block-list\">\n<li>Az egy\u00e9rtelm\u0171s\u00e9g sz\u00e1m\u00edt: a relat\u00edv hat\u00e1roz\u00f3sz\u00f3nak egy\u00e9rtelm\u0171en kapcsol\u00f3dnia kell az el\u0151tte \u00e1ll\u00f3 f\u0151n\u00e9vhez.<\/li>\n<\/ul>\n\n\n\n<p><\/p>\n\n\n\n<hr class=\"wp-block-separator has-alpha-channel-opacity\"\/>\n\n\n\n<h2 class=\"wp-block-heading\">Mi a relat\u00edv hat\u00e1roz\u00f3sz\u00f3?<\/h2>\n\n\n\n<p>A relat\u00edv hat\u00e1roz\u00f3sz\u00f3 egy nyelvtani p\u00e1rkeres\u0151. K\u00e9t mondatr\u00e9szt k\u00f6t \u00f6ssze egy mell\u00e9kmondat bevezet\u00e9s\u00e9vel, amely le\u00edrja, hogy mikor, hol vagy mi\u00e9rt t\u00f6rt\u00e9nik valami. <\/p>\n\n\n\n<p>Gondolj erre \u00fagy, mint az a bar\u00e1t, aki egy buliban azzal mutat be valakit, hogy \"\u0150 itt Sarah, aki abban a h\u00e1zban lakott, ahol a h\u00edrhedt karaoke incidens t\u00f6rt\u00e9nt\".<\/p>\n\n\n\n<p>A relat\u00edv hat\u00e1roz\u00f3sz\u00f3 \u00e1thidalja a <a href=\"https:\/\/doodlelearning.com\/english\/subjects\/grammar\/main-clause\" target=\"_blank\" rel=\"noreferrer noopener\">f\u0151mondat<\/a> \u00e9s a megosztani k\u00edv\u00e1nt tov\u00e1bbi inform\u00e1ci\u00f3kat. <\/p>\n\n\n\n<p>Ahelyett, hogy k\u00e9t k\u00fcl\u00f6n\u00e1ll\u00f3 mondatot \u00edrn\u00e1l, \u00f6ssze tudod sz\u0151ni \u0151ket valami eleg\u00e1nsabb\u00e1 \u00e9s \u00f6sszef\u00fcgg\u0151bb\u00e9.<\/p>\n\n\n\n<h3 class=\"wp-block-heading\"><strong>Hogyan vezetik be a mell\u00e9kn\u00e9vi (relat\u00edv) mondatokat<\/strong><\/h3>\n\n\n\n<p>A relat\u00edv hat\u00e1roz\u00f3sz\u00f3k bevezetik <a href=\"https:\/\/undetectable.ai\/blog\/adjectives\/\" target=\"_blank\" rel=\"noreferrer noopener\">mell\u00e9kn\u00e9v<\/a> a f\u0151mondatodban szerepl\u0151 f\u0151neveket m\u00f3dos\u00edt\u00f3 z\u00e1rad\u00e9kok. <\/p>\n\n\n\n<p>Ezek a z\u00e1rad\u00e9kok n\u00e9lk\u00fcl\u00f6zhetetlen kontextust adnak hozz\u00e1 an\u00e9lk\u00fcl, hogy nyelvtani katasztr\u00f3f\u00e1t okozn\u00e1nak. <\/p>\n\n\n\n<p>A helyzet a k\u00f6vetkez\u0151: az \u00e1ltaluk bevezetett z\u00e1rad\u00e9k nem csak v\u00e9letlenszer\u0171en, sz\u00f3rakoz\u00e1sb\u00f3l bedobott inform\u00e1ci\u00f3. <\/p>\n\n\n\n<p>Kifejezetten azt a f\u0151nevet \u00edrja le, amely k\u00f6zvetlen\u00fcl a relat\u00edv hat\u00e1roz\u00f3sz\u00f3 el\u0151tt \u00e1ll.<\/p>\n\n\n\n<p>P\u00e9ld\u00e1ul az \"Eml\u00e9kszem arra a napra, amikor el\u0151sz\u00f6r tal\u00e1lkoztunk\" a \"mikor\" sz\u00f3t haszn\u00e1lja egy olyan mondat bevezet\u00e9s\u00e9re, amely a \"napot\" \u00edrja le. Az \"amikor el\u0151sz\u00f6r tal\u00e1lkoztunk\" mondat valami konkr\u00e9tumot mond el arr\u00f3l a bizonyos napr\u00f3l. <\/p>\n\n\n\n<p>A relat\u00edv hat\u00e1roz\u00f3sz\u00f3 n\u00e9lk\u00fcl olyan neh\u00e9zkes mondatokkal maradn\u00e1l, mint \"Eml\u00e9kszem arra a napra. Aznap tal\u00e1lkoztunk el\u0151sz\u00f6r\", amit senki sem akar elolvasni.<\/p>\n\n\n\n<p>A relat\u00edv hat\u00e1roz\u00f3sz\u00f3k sz\u00e9ps\u00e9ge az, hogy <a href=\"https:\/\/undetectable.ai\/blog\/how-to-write-better\/\" target=\"_blank\" rel=\"noreferrer noopener\">seg\u00edt jobban \u00edrni<\/a> a z\u00f6kken\u0151mentes kapcsolatok megteremt\u00e9s\u00e9vel. <\/p>\n\n\n\n<p>Az olvas\u00f3nak nem kell t\u00fal\u00f3r\u00e1znia, hogy meg\u00e9rtse, hogyan kapcsol\u00f3dnak egym\u00e1shoz az \u00f6tletei. A relat\u00edv hat\u00e1roz\u00f3sz\u00f3 elv\u00e9gzi ezt a neh\u00e9z munk\u00e1t \u00d6n helyett.<\/p>\n\n\n\n<h3 class=\"wp-block-heading\"><strong>A relat\u00edv hat\u00e1roz\u00f3sz\u00f3k \u00e9s a n\u00e9vm\u00e1sok k\u00f6z\u00f6tti k\u00fcl\u00f6nbs\u00e9g<\/strong><\/h3>\n\n\n\n<p>Itt v\u00e1lik \u00e9rdekess\u00e9 a dolog. A vonatkoz\u00f3 hat\u00e1roz\u00f3sz\u00f3k \u00e9s a vonatkoz\u00f3 n\u00e9vm\u00e1sok olyanok, mint az unokatestv\u00e9rek, akik hasonl\u00f3an n\u00e9znek ki, de teljesen k\u00fcl\u00f6nb\u00f6z\u0151 szem\u00e9lyis\u00e9gek. <\/p>\n\n\n\n<p>A viszony\u00edt\u00f3 n\u00e9vm\u00e1sok (ki, ki, kinek, kinek, melyik, hogy) emberekre vagy dolgokra utalnak. A relat\u00edv hat\u00e1roz\u00f3sz\u00f3k k\u00f6r\u00fclm\u00e9nyekre utalnak.<\/p>\n\n\n\n<p>A vonatkoz\u00f3 n\u00e9vm\u00e1sok gyakran helyettes\u00edthet\u0151k az el\u00f6lj\u00e1r\u00f3sz\u00f3val. <\/p>\n\n\n\n<p>P\u00e9ld\u00e1ul \"A n\u0151, aki tegnap telefon\u00e1lt\" helyett \"A n\u0151, aki tegnap telefon\u00e1lt\" lehet, ha \u00e1trendezz\u00fck a dolgokat. De a relat\u00edv hat\u00e1roz\u00f3sz\u00f3k nem k\u00e9pesek ugyanerre a tr\u00fckkre. <\/p>\n\n\n\n<p>Nem lehet csak \u00fagy kih\u00fazni a \"mikor\" sz\u00f3t a \"mikor minden megv\u00e1ltozott\" kifejez\u00e9sb\u0151l an\u00e9lk\u00fcl, hogy teljesen elvesz\u00edten\u00e9 a jelent\u00e9s\u00e9t.<\/p>\n\n\n\n<p>Egy m\u00e1sik fontos k\u00fcl\u00f6nbs\u00e9g, hogy a relat\u00edv n\u00e9vm\u00e1sok gyakran alanyk\u00e9nt vagy t\u00e1rgyk\u00e9nt szolg\u00e1lnak, m\u00edg a relat\u00edv hat\u00e1roz\u00f3sz\u00f3k, nos, hat\u00e1roz\u00f3sz\u00f3k\u00e9nt funkcion\u00e1lnak. <\/p>\n\n\n\n<p>Az ig\u00e9ket, mell\u00e9kneveket vagy m\u00e1s hat\u00e1roz\u00f3sz\u00f3kat m\u00f3dos\u00edtj\u00e1k az \u00e1ltaluk bevezetett mondatban.<\/p>\n\n\n<div class=\"wp-block-image\">\n<figure class=\"aligncenter size-full\"><img loading=\"lazy\" decoding=\"async\" width=\"869\" height=\"459\" src=\"https:\/\/undetectable.ai/blog\/wp-content\/uploads\/2025\/03\/ask-ai.jpg\" alt=\"Kimutathatatlan AI k\u00e9rdezzen AI-t\" class=\"wp-image-6716\" title=\"\" srcset=\"https:\/\/undetectable.ai/blog\/wp-content\/uploads\/2025\/03\/ask-ai.jpg 869w, https:\/\/undetectable.ai/blog\/wp-content\/uploads\/2025\/03\/ask-ai-300x158.jpg 300w, https:\/\/undetectable.ai/blog\/wp-content\/uploads\/2025\/03\/ask-ai-768x406.jpg 768w, https:\/\/undetectable.ai/blog\/wp-content\/uploads\/2025\/03\/ask-ai-18x10.jpg 18w\" sizes=\"auto, (max-width: 869px) 100vw, 869px\" \/><\/figure><\/div>\n\n\n<p>Ha a saj\u00e1t \u00edr\u00e1saidban nehezen tudod megk\u00fcl\u00f6nb\u00f6ztetni \u0151ket, az Undetectable AI <a href=\"https:\/\/undetectable.ai\/ask-ai\" target=\"_blank\" rel=\"noreferrer noopener\">K\u00e9rdezd meg az AI-t<\/a> seg\u00edthet megk\u00fcl\u00f6nb\u00f6ztetni a relat\u00edv hat\u00e1roz\u00f3sz\u00f3kat \u00e9s a relat\u00edv n\u00e9vm\u00e1sokat a sz\u00f6vegk\u00f6rnyezetben. <\/p>\n\n\n\n<p>Olyan, mintha lenne egy nyelvtanhoz \u00e9rt\u0151 bar\u00e1tod, aki nem \u00edt\u00e9lkezik a zavarodotts\u00e1god felett.<\/p>\n\n\n\n<h2 class=\"wp-block-heading\">A h\u00e1rom f\u0151 relat\u00edv hat\u00e1roz\u00f3sz\u00f3<\/h2>\n\n\n\n<p>Bontsuk le a relat\u00edv hat\u00e1roz\u00f3sz\u00f3k szenth\u00e1roms\u00e1g\u00e1t. <\/p>\n\n\n\n<p>Ez a h\u00e1rom sz\u00f3 v\u00e9gzi a legt\u00f6bb munk\u00e1t a relat\u00edv hat\u00e1roz\u00f3sz\u00f3k vil\u00e1g\u00e1ban.<\/p>\n\n\n\n<h3 class=\"wp-block-heading\"><strong>Mikor - Az id\u0151re vonatkozik<\/strong><\/h3>\n\n\n\n<p>A \"mikor\" a legmegfelel\u0151bb relat\u00edv hat\u00e1roz\u00f3sz\u00f3 minden id\u0151vel kapcsolatos dologra. Olyan mondatokat vezet be, amelyek pillanatokat, id\u0151szakokat vagy alkalmakat \u00edrnak le. <\/p>\n\n\n\n<p>Gondolj \"a ny\u00e1rra, amikor megtanultam g\u00f6rdeszk\u00e1zni\" vagy \"a pillanatra, amikor minden \u00f6ssze\u00e1llt\".<\/p>\n\n\n\n<p>A \"mikor\" kifejez\u00e9ssel kapcsolatban az a tr\u00fckk\u00f6s, hogy bizonyos kontextusokban n\u00e9ha felcser\u00e9lhet\u0151nek t\u0171nik a \"hogy\"-val. De itt a k\u00fcl\u00f6nbs\u00e9g: A \"mikor\" kifejezetten hangs\u00falyozza a <a href=\"https:\/\/academiascience.com\/index.php\/repo\/article\/download\/443\/443\/877\" target=\"_blank\" rel=\"noreferrer noopener\">id\u0151beli aspektus<\/a>. <\/p>\n\n\n\n<p>\"A nap, amikor elk\u00f6lt\u00f6zt\u00fcnk\" ink\u00e1bb az id\u0151z\u00edt\u00e9sre koncentr\u00e1l, mint \"a nap, amikor elk\u00f6lt\u00f6zt\u00fcnk\".<\/p>\n\n\n\n<p>A \"mikor\" sz\u00f3t gyakran haszn\u00e1ljuk olyan id\u0151vel kapcsolatos f\u0151nevekkel, mint a nap, \u00e9v, pillanat, id\u0151, id\u0151szak, korszak vagy \u00e9vszak. <\/p>\n\n\n\n<p>Ez term\u00e9szetes hidat k\u00e9pez az id\u0151beli hivatkoz\u00e1s \u00e9s az abban az id\u0151ben t\u00e9nylegesen t\u00f6rt\u00e9ntek k\u00f6z\u00f6tt.<\/p>\n\n\n\n<h3 class=\"wp-block-heading\"><strong>Hol - Helyre utal<\/strong><\/h3>\n\n\n\n<p>A \"Where\" kezeli az \u00f6sszes helyalap\u00fa ig\u00e9nyt. Olyan z\u00e1rad\u00e9kokat vezet be, amelyek helyeket, helysz\u00edneket vagy poz\u00edci\u00f3kat \u00edrnak le. <\/p>\n\n\n\n<p>\"A k\u00e1v\u00e9z\u00f3, ahol az els\u0151 reg\u00e9nyemet \u00edrtam\" vagy \"a sarok, ahol mindig tal\u00e1lkozunk\" klasszikus p\u00e9ld\u00e1k.<\/p>\n\n\n\n<p>A \"hol\" az\u00e9rt k\u00fcl\u00f6n\u00f6sen hasznos, mert k\u00e9pes \u00e9l\u00e9nk ment\u00e1lis k\u00e9peket l\u00e9trehozni. Ahelyett, hogy azt mondan\u00e1nk: \"Elmentem a parkba. <\/p>\n\n\n\n<p>A parkban csod\u00e1latos cseresznyevir\u00e1gz\u00e1s volt\", mondhatod: \"Elmentem a parkba, ahol a cseresznyevir\u00e1gz\u00e1s teljesen leny\u0171g\u00f6z\u0151 volt\". Ugyanaz az inform\u00e1ci\u00f3, de jobb a foly\u00e1s.<\/p>\n\n\n\n<p>A \"Hol\" olyan helyhez kapcsol\u00f3d\u00f3 f\u0151nevekkel m\u0171k\u00f6dik, mint h\u00e1z, v\u00e1ros, utca, orsz\u00e1g, szoba, \u00e9p\u00fclet vagy b\u00e1rmilyen hely, amit csak el tudsz k\u00e9pzelni. <\/p>\n\n\n\n<p>K\u00fcl\u00f6n\u00f6sen hat\u00e1sos a le\u00edr\u00f3 \u00edr\u00e1sokban, mert seg\u00edt az olvas\u00f3knak elk\u00e9pzelni a helysz\u00edneket an\u00e9lk\u00fcl, hogy megszak\u00edtan\u00e1 a t\u00f6rt\u00e9netvezet\u00e9st.<\/p>\n\n\n\n<h3 class=\"wp-block-heading\"><strong>Mi\u00e9rt - Az okokra utal<\/strong><\/h3>\n\n\n\n<p>A \"mi\u00e9rt\" a relat\u00edv hat\u00e1roz\u00f3sz\u00f3csal\u00e1d filoz\u00f3fusa. Olyan mondatokat vezet be, amelyek okokat, okozatokat vagy motiv\u00e1ci\u00f3kat magyar\u00e1znak. <\/p>\n\n\n\n<p>\"Az ok, ami\u00e9rt elkezdtem \u00edrni\" vagy \"ez\u00e9rt nem b\u00edzom azokban az emberekben, akik nem szeretik a kuty\u00e1kat\" a \"mi\u00e9rt\"-et a gyakorlatban mutatja be.<\/p>\n\n\n\n<p>\u00c9rdekes m\u00f3don a \"mi\u00e9rt\" gyakran haszn\u00e1latos a k\u00f6tetlenebb, t\u00e1rsalg\u00e1si jelleg\u0171 \u00edr\u00e1sokban. Kicsit m\u00e1s a hangulata, mint a form\u00e1lisabb \"ami\u00e9rt\" vagy \"amiatt, ami\u00e9rt\". <\/p>\n\n\n\n<p><a href=\"https:\/\/twominenglish.com\/is-it-correct-to-say-the-reason-why\/\" target=\"_blank\" rel=\"noreferrer noopener\">\"Az ok, ami\u00e9rt\" szerkezetek<\/a> mindenhol el\u0151fordulnak a modern \u00edr\u00e1sokban, m\u00e9g akkor is, ha egyes nyelvtani purist\u00e1k szerint a \"mi\u00e9rt\" n\u00e9lk\u00fcl is haszn\u00e1lhatjuk a \"mi\u00e9rt\"-et.<\/p>\n\n\n\n<p>Az a helyzet, hogy a \"mi\u00e9rt\" term\u00e9szetesebb\u00e9 \u00e9s t\u00e1rsalg\u00e1si jelleg\u0171v\u00e9 teszi az \u00edr\u00e1sodat. <\/p>\n\n\n\n<p>Ez a k\u00fcl\u00f6nbs\u00e9g ak\u00f6z\u00f6tt, hogy emberk\u00e9nt hangzik-e, vagy \u00fagy, mint egy jogi dokumentum.<\/p>\n\n\n\n<h2 class=\"wp-block-heading\">Hogyan haszn\u00e1ljuk a relat\u00edv hat\u00e1roz\u00f3sz\u00f3kat a mondatokban?<\/h2>\n\n\n\n<p>A relat\u00edv hat\u00e1roz\u00f3sz\u00f3k hat\u00e9kony haszn\u00e1lata a gondolatok k\u00f6z\u00f6tti z\u00f6kken\u0151mentes kapcsolat megteremt\u00e9s\u00e9r\u0151l sz\u00f3l. <\/p>\n\n\n\n<p>A kulcs az, hogy a relat\u00edv hat\u00e1roz\u00f3sz\u00f3 a megfelel\u0151 f\u0151n\u00e9vre utaljon, \u00e9s hogy a bevezetett tagmondatnak logikai \u00e9rtelme legyen.<\/p>\n\n\n\n<p>Kezdje a m\u00f3dos\u00edtand\u00f3 f\u0151n\u00e9v meghat\u00e1roz\u00e1s\u00e1val. Ezut\u00e1n k\u00e9rdezd meg magadt\u00f3l, hogy mikor, hol vagy mi\u00e9rt t\u00f6rt\u00e9nt valami, ami ehhez a f\u0151n\u00e9vhez kapcsol\u00f3dik. <\/p>\n\n\n\n<p>Ha igen, akkor t\u00f6k\u00e9letes be\u00e1ll\u00edt\u00e1sa van egy relat\u00edv hat\u00e1roz\u00f3sz\u00f3nak.<\/p>\n\n\n\n<p>A leggyakoribb hiba, amit az emberek elk\u00f6vetnek, hogy nem egy\u00e9rtelm\u0171 el\u0151zm\u00e9nyeket hoznak l\u00e9tre. <\/p>\n\n\n\n<p>A relat\u00edv hat\u00e1roz\u00f3sz\u00f3nak egy\u00e9rtelm\u0171en utalnia kell a k\u00f6zvetlen\u00fcl el\u0151tte \u00e1ll\u00f3 f\u0151n\u00e9vre. <\/p>\n\n\n\n<p>A \"Hol j\u00e1rtam az \u00e9tteremben, amikor \u00e9hes voltam\" nem m\u0171k\u00f6dik, mert a \"hol\" egy helyre pr\u00f3b\u00e1l utalni, de a \"mikor\" egy id\u0151elemet dob be, ami mindent \u00f6sszezavar.<\/p>\n\n\n\n<p>Egy m\u00e1sik profi tipp, hogy figyelj\u00fcnk az \u00edr\u00e1sjelekre. Ha a relat\u00edv mondatban szerepl\u0151 inform\u00e1ci\u00f3 l\u00e9nyeges a mondat meg\u00e9rt\u00e9s\u00e9hez, ne haszn\u00e1ljon vessz\u0151ket. <\/p>\n\n\n\n<p>\"A hely, ahol feln\u0151ttem\" nem ig\u00e9nyel vessz\u0151t, mert a \"ahol feln\u0151ttem\" d\u00f6nt\u0151 fontoss\u00e1g\u00fa inform\u00e1ci\u00f3.\u00a0<\/p>\n\n\n\n<p>De a \"A sz\u00fcl\u0151v\u00e1rosomban, ahol vezetni tanultam, sz\u00f6rny\u0171ek az utak\" az\u00e9rt haszn\u00e1l vessz\u0151t, mert a relat\u00edv mondat tov\u00e1bbi, nem l\u00e9nyeges inform\u00e1ci\u00f3kat ad hozz\u00e1.<\/p>\n\n\n<div class=\"wp-block-image\">\n<figure class=\"aligncenter size-large\"><img loading=\"lazy\" decoding=\"async\" width=\"1024\" height=\"341\" src=\"https:\/\/undetectable.ai/blog\/wp-content\/uploads\/2025\/07\/Free-grammar-checker-001-1024x341.png\" alt=\"\" class=\"wp-image-11486\" title=\"\" srcset=\"https:\/\/undetectable.ai/blog\/wp-content\/uploads\/2025\/07\/Free-grammar-checker-001-1024x341.png 1024w, https:\/\/undetectable.ai/blog\/wp-content\/uploads\/2025\/07\/Free-grammar-checker-001-300x100.png 300w, https:\/\/undetectable.ai/blog\/wp-content\/uploads\/2025\/07\/Free-grammar-checker-001-768x256.png 768w, https:\/\/undetectable.ai/blog\/wp-content\/uploads\/2025\/07\/Free-grammar-checker-001-18x6.png 18w, https:\/\/undetectable.ai/blog\/wp-content\/uploads\/2025\/07\/Free-grammar-checker-001.png 1305w\" sizes=\"auto, (max-width: 1024px) 100vw, 1024px\" \/><\/figure><\/div>\n\n\n<p>Ha agg\u00f3dik a rosszul elhelyezett relat\u00edv hat\u00e1roz\u00f3sz\u00f3k vagy z\u00e1rad\u00e9khib\u00e1k miatt, az Undetectable AI <a href=\"https:\/\/undetectable.ai\/grammar-checker\" target=\"_blank\" rel=\"noreferrer noopener\">AI nyelvtani ellen\u0151rz\u0151<\/a> elkaphatja ezeket a probl\u00e9m\u00e1kat, miel\u0151tt az olvas\u00f3knak buktat\u00f3t okozn\u00e1nak. <\/p>\n\n\n\n<p>Ez olyan, mintha lenne egy biztons\u00e1gi h\u00e1l\u00f3 a mondatszerkezetedhez.<\/p>\n\n\n\n<h2 class=\"wp-block-heading\">Relat\u00edv hat\u00e1roz\u00f3sz\u00f3 vs. al\u00e1rendel\u0151 k\u00f6t\u0151sz\u00f3<\/h2>\n\n\n<div class=\"wp-block-image\">\n<figure class=\"aligncenter size-large\"><img loading=\"lazy\" decoding=\"async\" width=\"1024\" height=\"683\" src=\"https:\/\/undetectable.ai/blog\/wp-content\/uploads\/2025\/07\/relative-pronoun-002-1024x683.jpg\" alt=\"\" class=\"wp-image-11620\" title=\"\" srcset=\"https:\/\/undetectable.ai/blog\/wp-content\/uploads\/2025\/07\/relative-pronoun-002-1024x683.jpg 1024w, https:\/\/undetectable.ai/blog\/wp-content\/uploads\/2025\/07\/relative-pronoun-002-300x200.jpg 300w, https:\/\/undetectable.ai/blog\/wp-content\/uploads\/2025\/07\/relative-pronoun-002-768x512.jpg 768w, https:\/\/undetectable.ai/blog\/wp-content\/uploads\/2025\/07\/relative-pronoun-002-18x12.jpg 18w, https:\/\/undetectable.ai/blog\/wp-content\/uploads\/2025\/07\/relative-pronoun-002.jpg 1200w\" sizes=\"auto, (max-width: 1024px) 100vw, 1024px\" \/><\/figure><\/div>\n\n\n<p>Ez az a pont, ahol a dolgok egy kicsit technikai jelleg\u0171v\u00e9 v\u00e1lnak, de maradjon vel\u00fcnk. <\/p>\n\n\n\n<p>A relat\u00edv hat\u00e1roz\u00f3sz\u00f3k \u00e9s az al\u00e1rendel\u0151 k\u00f6t\u0151sz\u00f3k k\u00f6z\u00f6tti zavar sok \u00edr\u00f3t zavar.<\/p>\n\n\n\n<h3 class=\"wp-block-heading\"><strong>Funkci\u00f3beli hasonl\u00f3s\u00e1gok<\/strong><\/h3>\n\n\n\n<p>A  oldalon. <a href=\"https:\/\/undetectable.ai\/blog\/grammar-rules\/\" target=\"_blank\" rel=\"noreferrer noopener\">Angol nyelvtani szab\u00e1lyok<\/a>, a relat\u00edv hat\u00e1roz\u00f3sz\u00f3k \u00e9s az al\u00e1rendel\u0151 k\u00f6t\u0151sz\u00f3k \u00f6sszek\u00f6tik a mondatokat, \u00e9s kapcsolatot teremtenek a gondolatok k\u00f6z\u00f6tt. <\/p>\n\n\n\n<p>Mindkett\u0151 olyan f\u00fcgg\u0151 mondatokat vezet be, amelyek \u00f6nmagukban nem tudnak teljes mondatk\u00e9nt meg\u00e1llni, \u00e9s mindkett\u0151 seg\u00edt \u00f6sszetettebb, kifinomultabb mondatszerkezetek l\u00e9trehoz\u00e1s\u00e1ban.<\/p>\n\n\n\n<p>M\u00e9g maguk a szavak is lehetnek ugyanazok. <\/p>\n\n\n\n<p>A \"mikor\", \"hol\" \u00e9s \"mi\u00e9rt\" a haszn\u00e1latuk m\u00f3dj\u00e1t\u00f3l f\u00fcgg\u0151en relat\u00edv hat\u00e1roz\u00f3sz\u00f3k\u00e9nt vagy al\u00e1rendel\u0151 k\u00f6t\u0151sz\u00f3k\u00e9nt funkcion\u00e1lhatnak. Minden a kontextuson m\u00falik, \u00e9s azon, hogy val\u00f3j\u00e1ban mit csin\u00e1lnak a mondatban.<\/p>\n\n\n\n<h3 class=\"wp-block-heading\"><strong>Legfontosabb k\u00fcl\u00f6nbs\u00e9gek a szerkezetben \u00e9s a haszn\u00e1latban<\/strong><\/h3>\n\n\n\n<p>A nagy k\u00fcl\u00f6nbs\u00e9g az, hogy a relat\u00edv hat\u00e1roz\u00f3sz\u00f3k kifejezetten a f\u0151neveket m\u00f3dos\u00edt\u00f3 mell\u00e9kmondatokat vezetik be. <\/p>\n\n\n\n<p>Az al\u00e1rendel\u0151 k\u00f6t\u0151szavak olyan hat\u00e1roz\u00f3ragokat vezetnek be, amelyek ig\u00e9ket, mell\u00e9kneveket vagy eg\u00e9sz mondatr\u00e9szeket m\u00f3dos\u00edtanak.<\/p>\n\n\n\n<p>A relat\u00edv hat\u00e1roz\u00f3sz\u00f3 k\u00f6zvetlen kapcsolatot teremt egy adott f\u0151n\u00e9vvel. \"A h\u00e1z, ahol feln\u0151ttem\" a \"ahol\" k\u00f6zvetlen\u00fcl m\u00f3dos\u00edtja a \"h\u00e1z\" kifejez\u00e9st. <\/p>\n\n\n\n<p>Az al\u00e1rendel\u0151 k\u00f6t\u0151sz\u00f3 azonban t\u00e1gabb kapcsolatot teremt. \"Nosztalgi\u00e1t \u00e9rzek, amikor megl\u00e1togatom a sz\u00fcl\u0151v\u00e1rosomat\" a \"amikor\" egy olyan mondatot vezet be, amely a nosztalgia \u00e9rz\u00e9s\u00e9nek teljes cselekv\u00e9s\u00e9t m\u00f3dos\u00edtja.<\/p>\n\n\n\n<h3 class=\"wp-block-heading\"><strong>P\u00e9ld\u00e1k a k\u00fcl\u00f6nbs\u00e9gt\u00e9telre<\/strong><\/h3>\n\n\n\n<p>N\u00e9zz\u00fcnk n\u00e9h\u00e1ny p\u00e9ld\u00e1t, hogy ez krist\u00e1lytiszt\u00e1n l\u00e1tsz\u00f3djon:<\/p>\n\n\n\n<ul class=\"wp-block-list\">\n<li><strong>Relat\u00edv hat\u00e1roz\u00f3sz\u00f3<\/strong>: \"Eml\u00e9kszem arra a pillanatra, amikor minden megv\u00e1ltozott.\" Itt a \"mikor\" a \"pillanatot\" le\u00edr\u00f3 mondatot vezeti be.<\/li>\n\n\n\n<li><strong>Al\u00e1rendel\u0151 k\u00f6t\u0151sz\u00f3<\/strong>: \"Amikor minden megv\u00e1ltozott, nem voltam felk\u00e9sz\u00fclve.\" Itt a \"mikor\" egy olyan z\u00e1rad\u00e9kot vezet be, amely a f\u0151mondat id\u0151z\u00edt\u00e9s\u00e9t hat\u00e1rozza meg.<\/li>\n<\/ul>\n\n\n\n<p>L\u00e1tod a k\u00fcl\u00f6nbs\u00e9get?<\/p>\n\n\n\n<p>A relat\u00edv hat\u00e1roz\u00f3sz\u00f3 egy konkr\u00e9t f\u0151n\u00e9vhez k\u00f6t\u0151dik, m\u00edg az al\u00e1rendel\u0151 k\u00f6t\u0151sz\u00f3 t\u00e1gabb kapcsolatot hoz l\u00e9tre a tagmondatok k\u00f6z\u00f6tt.<\/p>\n\n\n\n<h2 class=\"wp-block-heading\">Gyakori hib\u00e1k \u00e9s azok elker\u00fcl\u00e9se<\/h2>\n\n\n\n<p>Besz\u00e9lj\u00fcnk azokr\u00f3l a hib\u00e1kr\u00f3l, amelyek miatt a nyelvtantan\u00e1rok s\u00edrva fakadnak, az olvas\u00f3k pedig \u00f6sszezavarodnak. <\/p>\n\n\n\n<p>Az egyik legnagyobb probl\u00e9ma a relat\u00edv hat\u00e1roz\u00f3sz\u00f3k megfelel\u0151 el\u0151tag n\u00e9lk\u00fcli haszn\u00e1lata.<\/p>\n\n\n\n<p>\"Elmentem a boltba, amikor tejre volt sz\u00fcks\u00e9gem\" j\u00f3l hangzik, de technikailag helytelen.&nbsp;<\/p>\n\n\n\n<p>Az \"\u00e1ruh\u00e1z\" nem id\u0151, \u00edgy a \"mikor\" nem rendelkezik megfelel\u0151 el\u0151taggal. A mondatban a \"mikor\" nem relat\u00edv hat\u00e1roz\u00f3sz\u00f3, mert nem m\u00f3dos\u00edt f\u0151nevet. Ez egy al\u00e1rendel\u0151 k\u00f6t\u0151sz\u00f3, amely \u00f6sszek\u00f6ti a k\u00e9t tagmondatot.<\/p>\n\n\n\n<p>Egy m\u00e1sik gyakori hiba a \"hol\" \u00e9s a \"mikor\" \u00f6sszekever\u00e9se a h\u00e9tk\u00f6znapi besz\u00e9dben.&nbsp;<\/p>\n\n\n\n<p>\"Annak idej\u00e9n, amikor a dolgok egyszer\u0171bbek voltak\" helyett \"annak idej\u00e9n, amikor a dolgok egyszer\u0171bbek voltak\", mert a \"nap\" id\u0151re utal, nem pedig helyre.<\/p>\n\n\n\n<p>A \"mi\u00e9rt\" k\u00f6r\u00fcl is z\u0171rzavar van. <a href=\"https:\/\/forum.wordreference.com\/threads\/the-reason-that-vs-why-is-because.2012926\/\" target=\"_blank\" rel=\"noreferrer noopener\">Az emberek gyakran \u00edrj\u00e1k<\/a> \"az ok, hogy mi\u00e9rt, mert\", ami felesleges. V\u00e1lasszon egyet: \"az ok\" vagy \"a mi\u00e9rt\", de nem mindkett\u0151t.<\/p>\n\n\n\n<p>A c\u00e9l nem az, hogy mindenhol relat\u00edv hat\u00e1roz\u00f3sz\u00f3kat haszn\u00e1ljunk.&nbsp;<\/p>\n\n\n<div class=\"wp-block-image\">\n<figure class=\"aligncenter size-large\"><img decoding=\"async\" src=\"https:\/\/undetectable.ai/blog\/wp-content\/uploads\/2025\/06\/Detector-and-Humanizer-1024x389.jpg\" alt=\"Az Undetectable AI k\u00e9perny\u0151k\u00e9p\u00e9n a fejlett AI Detector \u00e9s a Humanizer eszk\u00f6z\u00f6k fel\u00fclete l\u00e1that\u00f3\" class=\"wp-image-10230\" title=\"\"><\/figure><\/div>\n\n\n<p>Strat\u00e9giailag kell haszn\u00e1lni \u0151ket, hogy term\u00e9szetes kapcsolatokat teremtsenek \u00e9s n\u00f6velj\u00e9k a jelent\u00e9sedet. <\/p>\n\n\n\n<p>Kimutathatatlan mesters\u00e9ges intelligencia <a href=\"https:\/\/undetectable.ai\/ai-humanizer\" target=\"_blank\" rel=\"noreferrer noopener\">AI Humanizer<\/a> seg\u00edthet az \u00e1tmenetek elsim\u00edt\u00e1s\u00e1ban, \u00e9s biztos\u00edthatja a term\u00e9szetes megfogalmaz\u00e1st a relat\u00edv mondatok k\u00f6r\u00fcl, \u00edgy az \u00edr\u00e1sa sokkal t\u00e1rsalg\u00e1siasabbnak \u00e9s kev\u00e9sb\u00e9 robotikusnak hangzik.<\/p>\n\n\n\n<p>Kezdje el a felfedez\u00e9st - az AI Detector \u00e9s Humanizer az al\u00e1bbi widgetben v\u00e1r!<\/p>\n\n\n\n<div id=\"uai-widget\" data-affiliate-link=\"https:\/\/undetectable.ai\/?_by=hi4km\"><script>var js = document.createElement(\"script\");js.async = true;js.src = \"https:\/\/widget.undetectable.ai\/js\/widget-loader.js?t=\"+Date.now();document.getElementsByTagName(\"head\")[0].appendChild(js);<\/script><\/div>\n\n\n\n<h2 class=\"wp-block-heading\">Hol, mikor, mi\u00e9rt... \u00e9s most mi legyen?<\/h2>\n\n\n\n<p>A relat\u00edv hat\u00e1roz\u00f3sz\u00f3k eszk\u00f6z\u00f6k, nem szab\u00e1lyok. <\/p>\n\n\n\n<p>Az\u00e9rt vannak ott, hogy seg\u00edtsenek tiszt\u00e1bb, \u00f6sszef\u00fcgg\u0151bb \u00edr\u00e1st l\u00e9trehozni. Ha elsaj\u00e1t\u00edtod \u0151ket, \u00e9szreveszed, hogy a mondataid sokkal term\u00e9szetesebben \u00e1ramlanak. Az olvas\u00f3id meg fogj\u00e1k k\u00f6sz\u00f6nni, hogy megk\u00f6nny\u00edtetted a munk\u00e1jukat.<\/p>\n\n\n\n<p>A legjobb \u00edr\u00f3k \u00f6szt\u00f6n\u00f6sen haszn\u00e1lj\u00e1k a relat\u00edv hat\u00e1roz\u00f3sz\u00f3kat. Tudj\u00e1k, mikor kell haszn\u00e1lni a \"mikor\"-t, hova kell tenni a \"hol\"-t, \u00e9s mi\u00e9rt kell haszn\u00e1lni a \"mi\u00e9rt\"-t. <\/p>\n\n\n\n<p>De ahhoz, hogy el\u00e9rj\u00fck ezt a szintet, gyakorl\u00e1sra van sz\u00fcks\u00e9g, \u00e9s figyelni kell arra, hogy ezek a kis szavak hogyan m\u0171k\u00f6dnek a mondatokban.<\/p>\n\n\n\n<p>Kezdj el figyelni a relat\u00edv hat\u00e1roz\u00f3sz\u00f3kra az \u00e1ltalad csod\u00e1lt \u00edr\u00e1sokban. Figyelje meg, hogyan teremtenek kapcsolatot, \u00e9s hogyan sim\u00edtj\u00e1k el az esetlegesen kellemetlen \u00e1tmeneteket. <\/p>\n\n\n\n<p>Ezut\u00e1n gyakorolja a haszn\u00e1latukat a munk\u00e1j\u00e1ban.<\/p>\n\n\n\n<p>A nyelvtan nem a szab\u00e1lyok betart\u00e1s\u00e1r\u00f3l sz\u00f3l a szab\u00e1lyok kedv\u00e9\u00e9rt. Hanem a kommunik\u00e1ci\u00f3r\u00f3l. <\/p>\n\n\n\n<p>A relat\u00edv hat\u00e1roz\u00f3sz\u00f3k seg\u00edtenek hat\u00e9konyabb kommunik\u00e1ci\u00f3t folytatni az\u00e1ltal, hogy vil\u00e1gos, logikus kapcsolatot teremtenek a gondolatok k\u00f6z\u00f6tt. \u00c9s egy olyan vil\u00e1gban, amely tele van hom\u00e1lyos, zavaros \u00edr\u00e1sokkal, ez egy olyan szuperk\u00e9pess\u00e9g, amelyet \u00e9rdemes fejleszteni.<\/p>\n\n\n\n<p>Seg\u00edts\u00e9get szeretne abban, hogy a mondatai emberibbnek, term\u00e9szetesebbnek \u00e9s nyelvtaniasabbnak hangozzanak? <\/p>\n\n\n\n<p>Pr\u00f3b\u00e1lja ki a  c\u00edmet. <a href=\"https:\/\/undetectable.ai\/\" target=\"_blank\" rel=\"noreferrer noopener\">Kimutathatatlan mesters\u00e9ges intelligencia<\/a> Nyelvtani ellen\u0151rz\u0151 \u00e9s AI Humanizer, amelyek arra lettek kifejlesztve, hogy elsim\u00edts\u00e1k a k\u00ednos megfogalmaz\u00e1sokat, \u00e9s seg\u00edts\u00e9k az \u00edr\u00e1sodat.<\/p>","protected":false},"excerpt":{"rendered":"","protected":false},"author":15,"featured_media":11619,"comment_status":"closed","ping_status":"closed","sticky":false,"template":"","format":"standard","meta":{"_themeisle_gutenberg_block_has_review":false,"footnotes":""},"categories":[31],"tags":[],"class_list":["post-11614","post","type-post","status-publish","format-standard","has-post-thumbnail","hentry","category-helpful-ai-content-tips"],"_links":{"self":[{"href":"https:\/\/undetectable.ai/blog\/hu\/wp-json\/wp\/v2\/posts\/11614","targetHints":{"allow":["GET"]}}],"collection":[{"href":"https:\/\/undetectable.ai/blog\/hu\/wp-json\/wp\/v2\/posts"}],"about":[{"href":"https:\/\/undetectable.ai/blog\/hu\/wp-json\/wp\/v2\/types\/post"}],"author":[{"embeddable":true,"href":"https:\/\/undetectable.ai/blog\/hu\/wp-json\/wp\/v2\/users\/15"}],"replies":[{"embeddable":true,"href":"https:\/\/undetectable.ai/blog\/hu\/wp-json\/wp\/v2\/comments?post=11614"}],"version-history":[{"count":4,"href":"https:\/\/undetectable.ai/blog\/hu\/wp-json\/wp\/v2\/posts\/11614\/revisions"}],"predecessor-version":[{"id":11622,"href":"https:\/\/undetectable.ai/blog\/hu\/wp-json\/wp\/v2\/posts\/11614\/revisions\/11622"}],"wp:featuredmedia":[{"embeddable":true,"href":"https:\/\/undetectable.ai/blog\/hu\/wp-json\/wp\/v2\/media\/11619"}],"wp:attachment":[{"href":"https:\/\/undetectable.ai/blog\/hu\/wp-json\/wp\/v2\/media?parent=11614"}],"wp:term":[{"taxonomy":"category","embeddable":true,"href":"https:\/\/undetectable.ai/blog\/hu\/wp-json\/wp\/v2\/categories?post=11614"},{"taxonomy":"post_tag","embeddable":true,"href":"https:\/\/undetectable.ai/blog\/hu\/wp-json\/wp\/v2\/tags?post=11614"}],"curies":[{"name":"wp","href":"https:\/\/api.w.org\/{rel}","templated":true}]}}