{"id":11684,"date":"2025-07-09T15:08:35","date_gmt":"2025-07-09T15:08:35","guid":{"rendered":"https:\/\/undetectable.ai/blog\/?p=11684"},"modified":"2026-04-10T18:37:24","modified_gmt":"2026-04-10T18:37:24","slug":"beton-fonev","status":"publish","type":"post","link":"https:\/\/undetectable.ai/blog\/hu\/beton-fonev\/","title":{"rendered":"Konkr\u00e9t f\u0151n\u00e9v: defin\u00edci\u00f3, p\u00e9ld\u00e1k \u00e9s feladatlap"},"content":{"rendered":"<p>Az angol nyelvtan minden elk\u00e9pzelhet\u0151 m\u00f3don kategoriz\u00e1lja a f\u0151neveket: megsz\u00e1ml\u00e1lhat\u00f3 \u00e9s megsz\u00e1ml\u00e1lhatatlan, k\u00f6z\u00f6ns\u00e9ges \u00e9s tulajdonn\u00e9v, egyes \u00e9s t\u00f6bbes sz\u00e1m, konkr\u00e9t \u00e9s elvont.<\/p>\n\n\n\n<p>A konkr\u00e9t f\u0151nevek le\u00edr\u00e1sa a fizikai jelenl\u00e9t alapj\u00e1n t\u00f6rt\u00e9nik. <\/p>\n\n\n\n<p>Ha val\u00f3ban \u00e9rz\u00e9kelheted a dolgot, amir\u0151l besz\u00e9lsz, l\u00e1tva, hallva, szagolva vagy meg\u00e9rintve, akkor konkr\u00e9tnak min\u0151s\u00fcl. <\/p>\n\n\n\n<p>Ha azonban csak \u00fagy lebeg az agyadban, mint egy fogalomfelh\u0151, akkor ez egy absztrakt f\u0151n\u00e9v.&nbsp;<\/p>\n\n\n\n<p>Ebben a cikkben arr\u00f3l fogok besz\u00e9lni, hogy pontosan mi is az a konkr\u00e9t f\u0151n\u00e9v, hogyan lehet \u00e9szrevenni az \u00f6t \u00e9rz\u00e9kszervi teszt seg\u00edts\u00e9g\u00e9vel, \u00e9s milyen k\u00fcl\u00f6nb\u00f6z\u0151 t\u00edpusokkal tal\u00e1lkozhatsz.<\/p>\n\n\n\n<hr class=\"wp-block-separator has-alpha-channel-opacity\"\/>\n\n\n\n<p class=\"has-text-align-center\"><strong>A legfontosabb tudnival\u00f3k<\/strong><\/p>\n\n\n\n<ul class=\"wp-block-list\">\n<li>A konkr\u00e9t f\u0151nevek olyan dolgokat neveznek meg, amelyeket az \u00f6t \u00e9rz\u00e9kszerv\u00fcnkkel megtapasztalhatunk, azaz l\u00e1thatjuk, hallhatjuk, szagolhatjuk, tapinthatjuk vagy \u00edzlelhetj\u00fck \u0151ket.<\/li>\n<\/ul>\n\n\n\n<p><\/p>\n\n\n\n<ul class=\"wp-block-list\">\n<li>Ezek a nyelveket a val\u00f3s vil\u00e1gba \u00e1gyazz\u00e1k, k\u00fcl\u00f6n\u00f6sen a gyermekek \u00e9s a nyelvtanul\u00f3k sz\u00e1m\u00e1ra, akik fizikai interakci\u00f3kon kereszt\u00fcl tanulnak.<\/li>\n<\/ul>\n\n\n\n<p><\/p>\n\n\n\n<ul class=\"wp-block-list\">\n<li>Az \u00edr\u00f3k konkr\u00e9t f\u0151neveket haszn\u00e1lnak az elvont f\u0151nevek mellett, hogy r\u00e9tegzett, \u00e9rzelmileg gazdag jeleneteket hozzanak l\u00e9tre.<\/li>\n<\/ul>\n\n\n\n<p><\/p>\n\n\n\n<ul class=\"wp-block-list\">\n<li>A konkr\u00e9t f\u0151neveknek k\u00fcl\u00f6nb\u00f6z\u0151 t\u00edpusai vannak, pl. megsz\u00e1ml\u00e1lhat\u00f3 \u00e9s megsz\u00e1ml\u00e1lhatatlan, k\u00f6z\u00f6ns\u00e9ges \u00e9s tulajdonn\u00e9v, valamint kollekt\u00edv konkr\u00e9t f\u0151nevek.<\/li>\n<\/ul>\n\n\n\n<p><\/p>\n\n\n\n<hr class=\"wp-block-separator has-alpha-channel-opacity\"\/>\n\n\n\n<h2 class=\"wp-block-heading\">Konkr\u00e9t f\u0151n\u00e9v meghat\u00e1roz\u00e1sa<\/h2>\n\n\n<div class=\"wp-block-image\">\n<figure class=\"aligncenter size-large\"><img loading=\"lazy\" decoding=\"async\" width=\"1024\" height=\"683\" src=\"https:\/\/undetectable.ai/blog\/wp-content\/uploads\/2025\/07\/Concrete-noun-001-1024x683.jpg\" alt=\"\" class=\"wp-image-11694\" title=\"\" srcset=\"https:\/\/undetectable.ai/blog\/wp-content\/uploads\/2025\/07\/Concrete-noun-001-1024x683.jpg 1024w, https:\/\/undetectable.ai/blog\/wp-content\/uploads\/2025\/07\/Concrete-noun-001-300x200.jpg 300w, https:\/\/undetectable.ai/blog\/wp-content\/uploads\/2025\/07\/Concrete-noun-001-768x512.jpg 768w, https:\/\/undetectable.ai/blog\/wp-content\/uploads\/2025\/07\/Concrete-noun-001-18x12.jpg 18w, https:\/\/undetectable.ai/blog\/wp-content\/uploads\/2025\/07\/Concrete-noun-001.jpg 1200w\" sizes=\"auto, (max-width: 1024px) 100vw, 1024px\" \/><\/figure><\/div>\n\n\n<p>A konkr\u00e9t f\u0151n\u00e9v annak a valaminek a neve, amit k\u00f6zvetlen\u00fcl az \u00f6t \u00e9rz\u00e9kszerv\u00fcnk\u00f6n kereszt\u00fcl tapasztalhatunk.<\/p>\n\n\n\n<p>A f\u0151neveknek ez a kateg\u00f3ri\u00e1ja \u00e1ltal\u00e1ban az egyik legels\u0151, amit az emberek nyelvtanul\u00e1skor megragadnak, mert annyira intuit\u00edv. <\/p>\n\n\n\n<p>Amikor egy kuty\u00e1ra mutatsz, \u00e9s azt mondod, hogy \"kutya\", akkor egyszer\u0171 meg\u00e9rteni, a kutya ott van, \u00e9s cs\u00f3v\u00e1lja a fark\u00e1t. Val\u00f3s\u00e1gos \u00e9s megfigyelhet\u0151.<\/p>\n\n\n\n<p>Hasonl\u00edtsa \u00f6ssze egy olyan elvont f\u0151n\u00e9vvel, mint a rem\u00e9ny. Tudod, hogy l\u00e9tezik, de nem tudod egy cs\u00e9sz\u00e9be \u00f6nteni vagy le\u00edrni az illat\u00e1t, nem l\u00e1tod vagy hallod k\u00f6zvetlen\u00fcl sem. <\/p>\n\n\n\n<p>Val\u00f3s\u00e1gos, persze, de nem \u00fagy, hogy a tested \u00e9rz\u00e9keli.<\/p>\n\n\n\n<h3 class=\"wp-block-heading\">Mit\u0151l lesz egy f\u0151n\u00e9v \"konkr\u00e9t\"?<\/h3>\n\n\n\n<p>Egy f\u0151n\u00e9v att\u00f3l v\u00e1lik \"konkr\u00e9t\u00e1\", hogy fizikailag hogyan l\u00e9p\u00fcnk vele kapcsolatba. <\/p>\n\n\n\n<p>A konkr\u00e9t f\u0151n\u00e9v defin\u00edci\u00f3ja szerint, ha az \u00e1ltala megnevezett dolog \u00e9rz\u00e9kelhet\u0151, ak\u00e1r csak egy kicsit is, egy \u00e9rz\u00e9kszerv seg\u00edts\u00e9g\u00e9vel, akkor konkr\u00e9t.<\/p>\n\n\n\n<p>Vegy\u00fck p\u00e9ld\u00e1ul a sz\u00f3t <em>torta<\/em>. L\u00e1thatod a t\u00e1ny\u00e9ron, \u00e9rezheted az illat\u00e1t frissen a s\u00fct\u0151b\u0151l, megk\u00f3stolhatod a cukorm\u00e1zzal, \u00e9s val\u00f3sz\u00edn\u0171leg az ujjaiddal is meg\u00e9rintheted, amikor beleharapsz.<\/p>\n\n\n\n<p>Most gondoljatok arra, hogy <em>tud\u00e1s<\/em>. Ez olyasvalami, ami\u00e9rt dolgozunk, s\u0151t \u00e9veket t\u00f6lt\u00fcnk azzal, hogy megszerezz\u00fck, de nem igaz\u00e1n l\u00e1thatjuk vagy \u00e9rinthetj\u00fck. <\/p>\n\n\n\n<p>L\u00e1thatsz valakit tanulni, de nem n\u00e9zheted, hogy <em>tud\u00e1s <\/em>maga is bes\u00e9t\u00e1l a szob\u00e1ba. Teh\u00e1t ez egy absztrakt f\u0151n\u00e9v, nem pedig konkr\u00e9t.<\/p>\n\n\n\n<p>Tov\u00e1bb\u00e1, ha egy kisgyermek felismer egy f\u0151nevet, akkor az val\u00f3sz\u00edn\u0171leg konkr\u00e9t.&nbsp;<\/p>\n\n\n\n<p>A gyerekek konkr\u00e9t f\u0151nevekkel kezdik a nyelvet, mert a k\u00f6r\u00fcl\u00f6tt\u00fck l\u00e9v\u0151 vil\u00e1ggal val\u00f3 interakci\u00f3 r\u00e9v\u00e9n tanulnak. <\/p>\n\n\n\n<p>Az olyan szavak, mint a labda, a kutya, a tej \u00e9s az \u00e1gy a korai sz\u00f3kincs alapjai, mivel a gyermek fizikailag is megtapasztalhatja ezeket a dolgokat.<\/p>\n\n\n\n<h3 class=\"wp-block-heading\">Az \u00f6t \u00e9rz\u00e9kszerv tesztje<\/h3>\n\n\n\n<p>Most, hogy m\u00e1r tudod, mi a konkr\u00e9t f\u0151n\u00e9v, itt egy gyors m\u00f3dszer, amivel meg\u00e1llap\u00edthatod, hogy konkr\u00e9t-e vagy sem; futtasd le az \u00f6t \u00e9rz\u00e9kszerven.<\/p>\n\n\n\n<p>K\u00e9rdezd meg magadt\u00f3l:<\/p>\n\n\n\n<ul class=\"wp-block-list\">\n<li>Megn\u00e9zhetem?<\/li>\n<\/ul>\n\n\n\n<ul class=\"wp-block-list\">\n<li>Hallhatom?<\/li>\n<\/ul>\n\n\n\n<ul class=\"wp-block-list\">\n<li>Meg\u00e9rinthetem?<\/li>\n<\/ul>\n\n\n\n<ul class=\"wp-block-list\">\n<li>Megk\u00f3stolhatom?<\/li>\n<\/ul>\n\n\n\n<ul class=\"wp-block-list\">\n<li>\u00c9rzem a szag\u00e1t?<\/li>\n<\/ul>\n\n\n\n<p>Ha a v\u00e1lasz ezek k\u00f6z\u00fcl ak\u00e1r csak egyre is \"igen\", akkor konkr\u00e9t f\u0151n\u00e9vvel van dolgunk.<\/p>\n\n\n\n<p>Pr\u00f3b\u00e1ljunk ki most n\u00e9h\u00e1ny p\u00e9ld\u00e1t:<\/p>\n\n\n\n<ul class=\"wp-block-list\">\n<li>Popcorn? Igen, l\u00e1thatja, hallhatja a pukkan\u00e1s\u00e1t, \u00e9rezheti az illat\u00e1t, meg\u00e9rintheti, \u00e9s hat\u00e1rozottan meg is k\u00f3stolhatja. Ez egy konkr\u00e9t f\u0151n\u00e9v.<\/li>\n<\/ul>\n\n\n\n<ul class=\"wp-block-list\">\n<li>F\u00e9lelem? \u00c9rzelmileg \u00e9rezheted, de nincs mit l\u00e1tni vagy meg\u00e9rinteni, teh\u00e1t absztrakt.<\/li>\n<\/ul>\n\n\n\n<ul class=\"wp-block-list\">\n<li>K\u00f6d? L\u00e1tod, \u00e9s tal\u00e1n m\u00e9g \u00e9rzed is a b\u0151r\u00f6d\u00f6n, ami konkr\u00e9tan megtapasztalhat\u00f3.<\/li>\n<\/ul>\n\n\n\n<ul class=\"wp-block-list\">\n<li>Demokr\u00e1cia? Lehet r\u00f3la besz\u00e9lni, lehet r\u00f3la szavazni, lehet r\u00f3la vitatkozni, de nem lehet semmilyen m\u00f3don \u00e9rz\u00e9kelni, teh\u00e1t nem konkr\u00e9t.&nbsp;<\/li>\n<\/ul>\n\n\n\n<p>Ha m\u00e9g mindig elakad, akkor egyszer\u0171en haszn\u00e1lhatja a <a href=\"https:\/\/undetectable.ai\/ask-ai\" target=\"_blank\" rel=\"noreferrer noopener\">K\u00e9rdezd meg az AI-t<\/a> hogy megoldja neked. Csak \u00edrja be a sz\u00f3t, amiben bizonytalan, \u00e9s az Ask AI egy\u00e9rtelm\u0171 v\u00e1laszt ad arra, hogy konkr\u00e9t vagy elvont sz\u00f3r\u00f3l van-e sz\u00f3.&nbsp;<\/p>\n\n\n\n<h2 class=\"wp-block-heading\">P\u00e9ld\u00e1k a konkr\u00e9t f\u0151nevekre<\/h2>\n\n\n\n<p>N\u00e9zz\u00fcnk most k\u00fcl\u00f6nb\u00f6z\u0151 konkr\u00e9t f\u0151n\u00e9vi p\u00e9ld\u00e1kat.&nbsp;<\/p>\n\n\n\n<ul class=\"wp-block-list\">\n<li>Emberek: tan\u00e1r, t\u0171zolt\u00f3, gyerek<\/li>\n<\/ul>\n\n\n\n<p>Az emberek konkr\u00e9tak, mert l\u00e1tjuk \u0151ket, besz\u00e9lget\u00fcnk vel\u00fck, \u00e9s val\u00f3sz\u00edn\u0171leg rendszeresen bosszankodunk miattuk.&nbsp;<\/p>\n\n\n\n<p>Amikor azt mondod, hogy tan\u00e1r, akkor egy t\u00e9nyleges szem\u00e9lyre utalsz, aki az oszt\u00e1lyterem el\u0151tt \u00e1ll egy filctollal, \u00e9s \u00edr a t\u00e1bl\u00e1ra.<\/p>\n\n\n\n<p>Ugyanez vonatkozik a t\u0171zolt\u00f3kra is. L\u00e1that egyet egyenruh\u00e1ban, \u00e9s hallhatja a szir\u00e9n\u00e1t, amikor v\u00e9szhelyzetekre reag\u00e1lnak.<\/p>\n\n\n\n<p>A gyermek egy \u00e9l\u0151, l\u00e9legz\u0151 szem\u00e9ly, akit l\u00e1thatsz j\u00e1tszani, hallhatod nevetni (vagy s\u00edrni), felemelheted vagy meg\u00f6lelheted.&nbsp;<\/p>\n\n\n\n<ul class=\"wp-block-list\">\n<li>\u00c1llatok: kutya, elef\u00e1nt, pillang\u00f3<\/li>\n<\/ul>\n\n\n\n<p>Az \u00e1llatok a konkr\u00e9t f\u0151nevek m\u00e1sik k\u00f6nny\u0171 csoportja.&nbsp;<\/p>\n\n\n\n<p>A kutya olyan valami, amit l\u00e1thatsz futni az udvaron, hallhatod az ajt\u00f3ban ugatni, \u00e9s megsimogathatod a kezeddel.<\/p>\n\n\n\n<p>Egy elef\u00e1nt, b\u00e1r sokkal nagyobb, ugyanolyan testes, megfigyelheted a mozg\u00e1s\u00e1t, hallhatod a trombit\u00e1l\u00e1s\u00e1t, \u00e9s megfigyelheted r\u00e1ncos b\u0151r\u00e9t.<\/p>\n\n\n\n<p>M\u00e9g egy pillang\u00f3, b\u00e1rmilyen k\u00f6nny\u0171 is, m\u00e9gis l\u00e1that\u00f3. Figyelheted, ahogy sz\u00e1rnyai lobognak, \u00e9s ha el\u00e9g gyeng\u00e9d vagy, tal\u00e1n m\u00e9g azt is \u00e9rezheted, hogy a kezedre sz\u00e1ll.&nbsp;<\/p>\n\n\n\n<ul class=\"wp-block-list\">\n<li>Helyek: iskola, park, \u00e9tterem<\/li>\n<\/ul>\n\n\n\n<p>Sok hely az\u00e9rt is sz\u00e1m\u00edt konkr\u00e9tnak, mert a fizikai helysz\u00edneket \u00e9rz\u00e9kszerveinkkel megtapasztalhatjuk.<\/p>\n\n\n\n<p>Egy iskola, egy park vagy egy \u00e9tterem p\u00e9ld\u00e1ul mind olyan helyek, amelyekkel k\u00f6zvetlen\u00fcl kapcsolatba l\u00e9phetsz.&nbsp;<\/p>\n\n\n\n<p>Ezek olyan helyek, amelyek a val\u00f3s t\u00e9rben l\u00e9teznek, amelyek az \u00e9rz\u00e9kszerveket foglalkoztatj\u00e1k, \u00e9s amelyekre fizikailag is r\u00e1 tudsz mutatni a t\u00e9rk\u00e9pen vagy az ujjaddal a val\u00f3 \u00e9letben.<\/p>\n\n\n\n<ul class=\"wp-block-list\">\n<li>Dolgok: k\u00f6nyv, telefon, pizza<\/li>\n<\/ul>\n\n\n\n<p>A t\u00e1rgyak \u00e9s t\u00e1rgyak a konkr\u00e9t f\u0151nevek legnyilv\u00e1nval\u00f3bb p\u00e9ld\u00e1i.<\/p>\n\n\n\n<p>Megn\u00e9zhet egy k\u00f6nyvet, k\u00e9zbe veheti, \u00e1tlapozhatja, al\u00e1h\u00fazhatja, vagy \u00e9rezheti a vintage illat\u00e1t, ha r\u00e9gi k\u00f6nyvr\u0151l van sz\u00f3.<\/p>\n\n\n\n<p>A telefon hangokat ad ki, vil\u00e1g\u00edt, rezeg, \u00e9s lehet\u0151v\u00e9 teszi, hogy meg\u00e9rintse, let\u00f6r\u00f6lje \u00e9s besz\u00e9ljen, \u00e9s ezek mindegyike az \u00e9rz\u00e9kszerveket \u00e9rinti.<\/p>\n\n\n\n<p>A pizza a legmeggy\u0151z\u0151bb p\u00e9lda mind k\u00f6z\u00fcl. L\u00e1tod, ahogy a sajt bugybor\u00e9kol, \u00e9rzed a sz\u00f3sz \u00e9s a f\u0171szerek illat\u00e1t, \u00e9rzed a meleget, hallod a ropog\u00e1st, \u00e9s persze meg is k\u00f3stolod.<\/p>\n\n\n\n<ul class=\"wp-block-list\">\n<li>Konkr\u00e9t f\u0151nevek<\/li>\n<\/ul>\n\n\n\n<p>Csak az\u00e9rt, mert egy <a href=\"https:\/\/undetectable.ai\/blog\/what-is-a-noun\/\" target=\"_blank\" rel=\"noreferrer noopener\">f\u0151n\u00e9v<\/a> megfelel\u0151, m\u00e9g nem jelenti azt, hogy megsz\u0171nik konkr\u00e9tnak lenni. <\/p>\n\n\n\n<p>A <a href=\"https:\/\/undetectable.ai\/blog\/what-is-a-proper-noun\/\" target=\"_blank\" rel=\"noreferrer noopener\">tulajdonn\u00e9v<\/a> csak egy szem\u00e9ly, hely vagy dolog konkr\u00e9t, nagybet\u0171s neve. Ha ez a n\u00e9v valamire utal, amit \u00e9rz\u00e9kszerveinkkel megtapasztalhatunk, akkor m\u00e9g mindig konkr\u00e9t f\u0151n\u00e9v.<\/p>\n\n\n\n<p>Vegy\u00fck p\u00e9ld\u00e1ul Lahore v\u00e1ros\u00e1t. Ez nem csak egy n\u00e9v a t\u00e9rk\u00e9pen. <\/p>\n\n\n\n<p>V\u00e9gigs\u00e9t\u00e1lhatsz az utc\u00e1in, hallhatod a riks\u00e1k k\u00e1osz\u00e1t, \u00e9rezheted az \u00fat menti b\u00f3d\u00e9kban s\u00fclt kebab illat\u00e1t, \u00e9s l\u00e1thatod, ahogy a nap \u00e9pp j\u00f3l esik a Badshahi-mecsetre.<\/p>\n\n\n\n<p>Beyonc\u00e9, egy m\u00e1sik tulajdonn\u00e9v, egy \u00e9l\u0151, l\u00e9legz\u0151 emberi l\u00e9ny. <\/p>\n\n\n\n<p>Hallhatod \u0151t \u00e9nekelni, megn\u00e9zheted, ahogy fell\u00e9p, \u00e9s ha valaha is tal\u00e1lkozol vele (nem val\u00f3sz\u00edn\u0171, de h\u00e9, \u00e1lmodj nagyot), technikailag pacsizhatsz vele.<\/p>\n\n\n\n<p>Dobjuk be a Google k\u00f6zpontj\u00e1t. Ez is egy val\u00f3di hely, \u00e9p\u00fcletekkel, asztalokkal \u00e9s emberekkel.&nbsp;<\/p>\n\n\n\n<h2 class=\"wp-block-heading\">Konkr\u00e9t f\u0151nevek kontra absztrakt f\u0151nevek<\/h2>\n\n\n\n<p>R\u00e9szletesen besz\u00e9lt\u00fcnk arr\u00f3l, hogy a konkr\u00e9t f\u0151nevek olyan dolgok szavai, amelyeket az \u00f6t \u00e9rz\u00e9kszerved legal\u00e1bb egyik\u00e9vel \u00e9rz\u00e9kelhetsz.<\/p>\n\n\n\n<p>On the other hand, an abstract noun refers to something that has no physical form. It represents a concept, feeling, or quality.<\/p>\n\n\n<div class=\"wp-block-image\">\n<figure class=\"aligncenter size-large\"><img loading=\"lazy\" decoding=\"async\" width=\"1024\" height=\"683\" src=\"https:\/\/undetectable.ai/blog\/wp-content\/uploads\/2025\/07\/Concrete-noun-002-1024x683.jpg\" alt=\"\" class=\"wp-image-11695\" title=\"\" srcset=\"https:\/\/undetectable.ai/blog\/wp-content\/uploads\/2025\/07\/Concrete-noun-002-1024x683.jpg 1024w, https:\/\/undetectable.ai/blog\/wp-content\/uploads\/2025\/07\/Concrete-noun-002-300x200.jpg 300w, https:\/\/undetectable.ai/blog\/wp-content\/uploads\/2025\/07\/Concrete-noun-002-768x512.jpg 768w, https:\/\/undetectable.ai/blog\/wp-content\/uploads\/2025\/07\/Concrete-noun-002-18x12.jpg 18w, https:\/\/undetectable.ai/blog\/wp-content\/uploads\/2025\/07\/Concrete-noun-002.jpg 1200w\" sizes=\"auto, (max-width: 1024px) 100vw, 1024px\" \/><\/figure><\/div>\n\n\n<ul class=\"wp-block-list\">\n<li>A legfontosabb k\u00fcl\u00f6nbs\u00e9gek magyar\u00e1zata<\/li>\n<\/ul>\n\n\n\n<p>A konkr\u00e9t \u00e9s absztrakt f\u0151nevek k\u00f6z\u00f6tti f\u0151 k\u00fcl\u00f6nbs\u00e9g abban rejlik, hogy fizikailag kapcsolatba l\u00e9phetsz-e vele vagy sem.<\/p>\n\n\n\n<p>Minden konkr\u00e9t f\u0151n\u00e9v, amir\u0151l eddig besz\u00e9lt\u00fcnk, olyan dolog, amely helyet foglal el a val\u00f3s\u00e1gban, \u00e9s amelyre r\u00e1 lehet mutatni.<\/p>\n\n\n\n<p>Az absztrakt f\u0151nevek azonban f\u0151k\u00e9nt a fej\u00fcnkben l\u00e9teznek. Nem \u00e9rezz\u00fck a szerelem illat\u00e1t, \u00e9s nem tarthatunk a kez\u00fcnkben egy darab \u0151szintes\u00e9get. Ezek olyan \u00e9rzelmek vagy tulajdons\u00e1gok, amelyek az elm\u00e9ben \u00e9lnek, nem pedig a fizikai vil\u00e1gban.<\/p>\n\n\n\n<p>Az absztrakt f\u0151nevek nem k\u00f6t\u0151dnek konkr\u00e9t id\u0151h\u00f6z vagy helyhez. <\/p>\n\n\n\n<p>Besz\u00e9lhetsz a boldogs\u00e1gr\u00f3l an\u00e9lk\u00fcl, hogy meg kellene mondanod, mikor vagy hol t\u00f6rt\u00e9nt. Ez nem olyasmi, amit meg lehet tal\u00e1lni.&nbsp;<\/p>\n\n\n\n<ul class=\"wp-block-list\">\n<li>Amikor mindkett\u0151 egy\u00fctt l\u00e9tezhet<\/li>\n<\/ul>\n\n\n\n<p>Az emberi tapasztalatok t\u00f6bbr\u00e9teg\u0171ek. A vil\u00e1got fizikailag \u00e9rz\u00e9kelj\u00fck, de \u00e9rzelmileg \u00e9s intellektu\u00e1lisan is \u00e9rtelmezz\u00fck. Ez\u00e9rt a mindennapi nyelvben haszn\u00e1lt mondatokban gyakran keverednek a konkr\u00e9t \u00e9s az absztrakt f\u0151nevek.<\/p>\n\n\n\n<p>\u00cdme egy p\u00e9lda: <em>Sajn\u00e1lkozva szor\u00edtotta kez\u00e9ben a levelet.<\/em><\/p>\n\n\n\n<p>Ebben a mondatban a lev\u00e9l konkr\u00e9t f\u0151n\u00e9vnek sz\u00e1m\u00edt, mert egy fizikai t\u00e1rgy, tint\u00e1val a pap\u00edron.<\/p>\n\n\n\n<p>A megb\u00e1n\u00e1s azonban egy absztrakt fogalom, amelynek nincs fizikai jelenl\u00e9te, amelyet l\u00e1tni, hallani, meg\u00e9rinteni lehet. A k\u00e9t f\u0151n\u00e9v egy mondatban val\u00f3 haszn\u00e1lat\u00e1val egy val\u00f3s\u00e1gos t\u00e1rgyat kombin\u00e1lunk egy bels\u0151 \u00e9lm\u00e9nnyel.<\/p>\n\n\n\n<p>Az \u00edr\u00f3k, k\u00fcl\u00f6n\u00f6sen a sz\u00e9pirodalmi vagy meggy\u0151z\u0151 \u00edr\u00e1sokban, sz\u00e1nd\u00e9kosan haszn\u00e1lj\u00e1k mindk\u00e9t f\u0151n\u00e9vt\u00edpust ugyanabban a mondatban. Az olvas\u00f3t egy val\u00f3s\u00e1gos jelenetbe helyezi, mik\u00f6zben az \u00e9rzelmek egy r\u00e9teg\u00e9t is \u00e1tadja.&nbsp;<\/p>\n\n\n\n<ul class=\"wp-block-list\">\n<li>\u00c9rz\u00e9kszervi vs. fogalmi tisztas\u00e1g<\/li>\n<\/ul>\n\n\n\n<p>Az agy a megnevezett gondolatot vagy az \u00e9rz\u00e9kszerveken kereszt\u00fcl, vagy fogalmi gondolkod\u00e1ssal dolgozza fel.<\/p>\n\n\n\n<p>A konkr\u00e9t f\u0151nevek az \u00e9rz\u00e9kszervi tisztas\u00e1ghoz k\u00f6t\u0151dnek. Az agy \u00e9rz\u00e9kszervi \u00e9s motoros ter\u00fcleteit vil\u00e1g\u00edtj\u00e1k meg. <\/p>\n\n\n\n<p>A kalap\u00e1cs sz\u00f3 l\u00e1tt\u00e1n p\u00e9ld\u00e1ul a fog\u00e1s\u00e9rt \u00e9s a k\u00e9zmozg\u00e1s\u00e9rt felel\u0151s r\u00e9gi\u00f3kban idegi aktivit\u00e1st v\u00e1lthat ki, m\u00e9g akkor is, ha fizikailag nem tartunk semmit a kez\u00fcnkben.<\/p>\n\n\n\n<p>Az agy val\u00f3s, fizikai t\u00e1rgyakk\u00e9nt kezeli \u0151ket, amelyek a t\u00e9rben l\u00e9teznek, \u00e9s amelyekkel k\u00f6lcs\u00f6nhat\u00e1sba l\u00e9phet\u00fcnk.<\/p>\n\n\n\n<p>Az absztrakt f\u0151nevek ezzel szemben fogalmi tisztas\u00e1got ig\u00e9nyelnek. Az agy nem tudja feldolgozni \u0151ket \u00e9rz\u00e9kszervi bemenet \u00fatj\u00e1n. <\/p>\n\n\n\n<p>Ehelyett a magasabb szint\u0171 nyelvi ter\u00fcleteket veszi ig\u00e9nybe, \u00e9s a fogalmat a szem\u00e9lyes tapasztalat, az eml\u00e9kezet, az \u00e9rzelmek \u00e9s a kultur\u00e1lis meg\u00e9rt\u00e9s alapj\u00e1n \u00e9rtelmezi.<\/p>\n\n\n\n<h2 class=\"wp-block-heading\">A konkr\u00e9t f\u0151nevek t\u00edpusai<\/h2>\n\n\n<div class=\"wp-block-image\">\n<figure class=\"aligncenter size-large\"><img loading=\"lazy\" decoding=\"async\" width=\"1024\" height=\"683\" src=\"https:\/\/undetectable.ai/blog\/wp-content\/uploads\/2025\/07\/Concrete-noun-003-1024x683.jpg\" alt=\"\" class=\"wp-image-11697\" title=\"\" srcset=\"https:\/\/undetectable.ai/blog\/wp-content\/uploads\/2025\/07\/Concrete-noun-003-1024x683.jpg 1024w, https:\/\/undetectable.ai/blog\/wp-content\/uploads\/2025\/07\/Concrete-noun-003-300x200.jpg 300w, https:\/\/undetectable.ai/blog\/wp-content\/uploads\/2025\/07\/Concrete-noun-003-768x512.jpg 768w, https:\/\/undetectable.ai/blog\/wp-content\/uploads\/2025\/07\/Concrete-noun-003-18x12.jpg 18w, https:\/\/undetectable.ai/blog\/wp-content\/uploads\/2025\/07\/Concrete-noun-003.jpg 1200w\" sizes=\"auto, (max-width: 1024px) 100vw, 1024px\" \/><\/figure><\/div>\n\n\n<p>A konkr\u00e9t f\u0151neveknek sokf\u00e9le t\u00edpusa l\u00e9tezik. Fedezz\u00fck fel \u0151ket.<\/p>\n\n\n\n<h3 class=\"wp-block-heading\">Megsz\u00e1ml\u00e1lhat\u00f3 vs megsz\u00e1ml\u00e1lhatatlan<\/h3>\n\n\n\n<p>A megsz\u00e1ml\u00e1lhat\u00f3 konkr\u00e9t f\u0151nevek olyan fizikai dolgok, amelyek k\u00fcl\u00f6n\u00e1ll\u00f3, \u00f6n\u00e1ll\u00f3 egys\u00e9gk\u00e9nt l\u00e9teznek. T\u00f6bbes sz\u00e1mban \u00e9s sz\u00e1mokkal p\u00e1ros\u00edtva is szerepelhetnek.<\/p>\n\n\n\n<p>P\u00e9ld\u00e1ul:<\/p>\n\n\n\n<ul class=\"wp-block-list\">\n<li>Sz\u00e9k, aut\u00f3, ban\u00e1n<\/li>\n\n\n\n<li>Egy sz\u00e9k, \u00f6t aut\u00f3, egy tucat ban\u00e1n...<\/li>\n<\/ul>\n\n\n\n<p>A megsz\u00e1ml\u00e1lhatatlan konkr\u00e9t f\u0151nevek olyan anyagok, amelyek term\u00e9szetes m\u00f3don nem oszlanak k\u00fcl\u00f6n\u00e1ll\u00f3 r\u00e9szekre. Ilyen f\u0151nevek p\u00e9ld\u00e1ul a tej, a cukor, a homok \u00e9s a fa. <\/p>\n\n\n\n<p>Nem mondhatod azt, hogy \"h\u00e1rom cukor\", hacsak nem utalsz tart\u00e1lyokra, p\u00e9ld\u00e1ul \"h\u00e1rom \u00fcveg cukor\".<\/p>\n\n\n\n<h3 class=\"wp-block-heading\">K\u00f6z\u00f6s vs. megfelel\u0151<\/h3>\n\n\n\n<p>A konkr\u00e9t f\u0151n\u00e9v lehet k\u00f6z\u00f6ns\u00e9ges vagy tulajdonn\u00e9v.<\/p>\n\n\n\n<p>A k\u00f6z\u00f6s konkr\u00e9t f\u0151n\u00e9v egy kateg\u00f3ria b\u00e1rmely tagj\u00e1ra haszn\u00e1latos. <\/p>\n\n\n\n<p>Az olyan szavak, mint a fa, a kutya, az \u00e9tterem vagy a telefon ebbe a csoportba tartoznak, mivel mind fizikai dolgokat \u00edrnak le, de nem neveznek meg egy konkr\u00e9t dolgot. <\/p>\n\n\n\n<p>Az ilyen f\u0151neveket kisbet\u0171vel \u00edrjuk, kiv\u00e9ve, ha egy mondat elej\u00e9n \u00e1llnak.<\/p>\n\n\n\n<p>A megfelel\u0151 konkr\u00e9t f\u0151nevek egy adott szem\u00e9lyt, helyet vagy dolgot neveznek meg. N\u00e9h\u00e1ny p\u00e9lda a k\u00f6vetkez\u0151kre:<\/p>\n\n\n\n<ul class=\"wp-block-list\">\n<li>Charlie (egy adott szem\u00e9ly neve)<\/li>\n\n\n\n<li>Starbucks (\u00e9tterem)<\/li>\n\n\n\n<li>iPhone 16 (egy adott m\u00e1rka \u00e9s modell)<\/li>\n<\/ul>\n\n\n\n<h3 class=\"wp-block-heading\">Konkr\u00e9t gy\u0171jt\u0151nevek<\/h3>\n\n\n\n<p>A gy\u0171jt\u0151sz\u00f3 emberek, \u00e1llatok vagy t\u00e1rgyak egy egys\u00e9gk\u00e9nt kezelt csoportja. <\/p>\n\n\n\n<p>Ha ezek a csoportok fizikai, k\u00e9zzelfoghat\u00f3 dolgokb\u00f3l \u00e1llnak, a f\u0151n\u00e9v konkr\u00e9tnak tekinthet\u0151. <\/p>\n\n\n\n<p>B\u00e1r a csoport nyelvtanilag egy \"dolog\", a val\u00f3 vil\u00e1gban m\u00e9gis r\u00e1mutathatsz r\u00e1.<\/p>\n\n\n\n<p>P\u00e9ld\u00e1ul:<\/p>\n\n\n\n<ul class=\"wp-block-list\">\n<li>Egy mad\u00e1rraj rep\u00fcl az \u00e9gen<\/li>\n\n\n\n<li>Egy halom k\u00f6nyv az asztalon<\/li>\n<\/ul>\n\n\n\n<p>Mivel a <a href=\"https:\/\/www.ncbi.nlm.nih.gov\/books\/NBK20367\/\" target=\"_blank\" rel=\"noreferrer noopener\">az emberi agy nagyon gyorsan feldolgozza az \u00e9rz\u00e9kszervi r\u00e9szleteket<\/a>, a konkr\u00e9t f\u0151nevek adj\u00e1k az \u00edr\u00e1s szerkezet\u00e9t. Mag\u00e1val ragad\u00f3v\u00e1 teszik az elbesz\u00e9l\u00e9st, \u00e9s az olvas\u00f3 k\u00f6nnyen megjegyzi \u0151ket.&nbsp;<\/p>\n\n\n\n<p>Haszn\u00e1lhatod az \u00e9szrevehetetlen AI-kat. <a href=\"https:\/\/undetectable.ai\/ai-humanizer\" target=\"_blank\" rel=\"noreferrer noopener\">AI Humanizer<\/a> hogy az \u00e9lettelen kifejez\u00e9seket \u00e9l\u00e9nk, konkr\u00e9t kifejez\u00e9sekre cser\u00e9lje, amelyek \u00e9rz\u00e9kszervi kapcsolatokat v\u00e1ltanak ki.&nbsp;<\/p>\n\n\n\n<h2 class=\"wp-block-heading\">Gyakori hib\u00e1k a konkr\u00e9t f\u0151nevekkel<\/h2>\n\n\n\n<p>Sok di\u00e1k m\u00e9g mindig megbotlik a konkr\u00e9t f\u0151nevekben. \u00cdme n\u00e9h\u00e1ny gyakori hiba, ami el\u0151fordul:<\/p>\n\n\n\n<ul class=\"wp-block-list\">\n<li>Az elvont szavak \u00f6sszet\u00e9veszt\u00e9se a konkr\u00e9t szavakkal, amikor a tanul\u00f3k az \u00e9rz\u00e9kszervi tapasztalat helyett a jelent\u00e9s szerint haladnak.<\/li>\n\n\n\n<li>Olyan hom\u00e1lyos, helymeghat\u00e1roz\u00f3 f\u0151nevek, mint a \"cucc\" vagy a \"dolog\" haszn\u00e1lata ahelyett, hogy konkr\u00e9t, konkr\u00e9t f\u0151neveket haszn\u00e1ln\u00e1nak, amelyek r\u00e9szleteket adnak a mondathoz.<\/li>\n\n\n\n<li>Az \u00f6sszes tulajdonn\u00e9v absztraktk\u00e9nt val\u00f3 kezel\u00e9se, mik\u00f6zben sok tulajdonn\u00e9v t\u00e9nyleges helyekre vagy t\u00e1rgyakra utal.<\/li>\n\n\n\n<li>A di\u00e1kok gyakran elfelejtik a megsz\u00e1ml\u00e1lhat\u00f3 \u00e9s megsz\u00e1ml\u00e1lhatatlan f\u0151nevek k\u00f6z\u00f6tti k\u00fcl\u00f6nbs\u00e9get is.<\/li>\n\n\n\n<li>Ugyanaz a sz\u00f3 lehet konkr\u00e9t vagy absztrakt, att\u00f3l f\u00fcgg\u0151en, hogy hogyan haszn\u00e1lj\u00e1k egy mondatban. N\u00e9h\u00e1ny konkr\u00e9t f\u0151n\u00e9v metaforikusan is haszn\u00e1lhat\u00f3, ami a di\u00e1kokat meglepheti.<\/li>\n<\/ul>\n\n\n\n<p>Minden sz\u00f3 sz\u00e1m\u00edt - az AI \u00e1ltal \u00edrt sz\u00f6veg gyors finom\u00edt\u00e1sa az al\u00e1bbi widgetben.<\/p>\n\n\n\n<div id=\"uai-widget\" data-affiliate-link=\"https:\/\/undetectable.ai\/?_by=hi4km\"><script>var js = document.createElement(\"script\");js.async = true;js.src = \"https:\/\/widget.undetectable.ai\/js\/widget-loader.js?t=\"+Date.now();document.getElementsByTagName(\"head\")[0].appendChild(js);<\/script><\/div>\n\n\n\n<h2 class=\"wp-block-heading\">V\u00e9gs\u0151 gondolatok<\/h2>\n\n\n\n<p>A konkr\u00e9t f\u0151nevekkel minden\u00fctt tal\u00e1lkozhatsz a j\u00f3 t\u00f6rt\u00e9netmes\u00e9l\u00e9sben, a meggy\u0151z\u0151 \u00edr\u00e1sokban, a tudom\u00e1nyos projektekben \u00e9s a mindennapi kommunik\u00e1ci\u00f3ban. <\/p>\n\n\n\n<p>A konkr\u00e9t f\u0151nevekre t\u00e1maszkod\u00f3 \u00edr\u00f3k \u00e1ltal\u00e1ban vil\u00e1gosabban \u00e9s hat\u00e1sosabban \u00edrnak.&nbsp;<\/p>\n\n\n\n<p>Az Undetectable AI t\u00f6k\u00e9letes eszk\u00f6zk\u00e9szlettel rendelkezik a nyelvtanul\u00e1shoz. <\/p>\n\n\n\n<p>Haszn\u00e1lja a  c\u00edmet. <a href=\"https:\/\/undetectable.ai\/ask-ai\" target=\"_blank\" rel=\"noreferrer noopener\">K\u00e9rdezd meg a<\/a><a href=\"https:\/\/undetectable.ai\/ask-ai\" target=\"_blank\" rel=\"noopener\"> AI<\/a> hogy seg\u00edts\u00e9get kapj b\u00e1rmilyen iskolai projekthez, ahol zavarban vagy a sz\u00f3v\u00e1laszt\u00e1ssal kapcsolatban, \u00e9s hogy egy sz\u00f3 konkr\u00e9t vagy absztrakt.&nbsp;<\/p>\n\n\n\n<p>A <a href=\"https:\/\/undetectable.ai\/ai-humanizer\" target=\"_blank\" rel=\"noreferrer noopener\">AI Humanizer<\/a> \u00e1t\u00edrja a tartalm\u00e1t, hogy term\u00e9szetesebben hangozzon. Elt\u00e1vol\u00edtja a robotikus megfogalmaz\u00e1sokat, \u00e9s olyan szavakat haszn\u00e1l, amelyek val\u00f3di \u00e9rz\u00e9kszervi s\u00falyt hordoznak.<\/p>\n\n\n\n<p>Teh\u00e1t ha a munk\u00e1dra t\u00f6bb \u00e9let kellene, adj <a href=\"https:\/\/undetectable.ai\/\" target=\"_blank\" rel=\"noreferrer noopener\">Kimutathatatlan AI<\/a> egy pr\u00f3b\u00e1t!&nbsp;<\/p>","protected":false},"excerpt":{"rendered":"","protected":false},"author":15,"featured_media":11693,"comment_status":"closed","ping_status":"closed","sticky":false,"template":"","format":"standard","meta":{"_themeisle_gutenberg_block_has_review":false,"footnotes":""},"categories":[31],"tags":[],"class_list":["post-11684","post","type-post","status-publish","format-standard","has-post-thumbnail","hentry","category-helpful-ai-content-tips"],"_links":{"self":[{"href":"https:\/\/undetectable.ai/blog\/hu\/wp-json\/wp\/v2\/posts\/11684","targetHints":{"allow":["GET"]}}],"collection":[{"href":"https:\/\/undetectable.ai/blog\/hu\/wp-json\/wp\/v2\/posts"}],"about":[{"href":"https:\/\/undetectable.ai/blog\/hu\/wp-json\/wp\/v2\/types\/post"}],"author":[{"embeddable":true,"href":"https:\/\/undetectable.ai/blog\/hu\/wp-json\/wp\/v2\/users\/15"}],"replies":[{"embeddable":true,"href":"https:\/\/undetectable.ai/blog\/hu\/wp-json\/wp\/v2\/comments?post=11684"}],"version-history":[{"count":7,"href":"https:\/\/undetectable.ai/blog\/hu\/wp-json\/wp\/v2\/posts\/11684\/revisions"}],"predecessor-version":[{"id":22239,"href":"https:\/\/undetectable.ai/blog\/hu\/wp-json\/wp\/v2\/posts\/11684\/revisions\/22239"}],"wp:featuredmedia":[{"embeddable":true,"href":"https:\/\/undetectable.ai/blog\/hu\/wp-json\/wp\/v2\/media\/11693"}],"wp:attachment":[{"href":"https:\/\/undetectable.ai/blog\/hu\/wp-json\/wp\/v2\/media?parent=11684"}],"wp:term":[{"taxonomy":"category","embeddable":true,"href":"https:\/\/undetectable.ai/blog\/hu\/wp-json\/wp\/v2\/categories?post=11684"},{"taxonomy":"post_tag","embeddable":true,"href":"https:\/\/undetectable.ai/blog\/hu\/wp-json\/wp\/v2\/tags?post=11684"}],"curies":[{"name":"wp","href":"https:\/\/api.w.org\/{rel}","templated":true}]}}