{"id":11699,"date":"2025-07-10T15:57:43","date_gmt":"2025-07-10T15:57:43","guid":{"rendered":"https:\/\/undetectable.ai/blog\/?p=11699"},"modified":"2025-08-10T17:41:32","modified_gmt":"2025-08-10T17:41:32","slug":"mi-az-a-homalyos-nevmas","status":"publish","type":"post","link":"https:\/\/undetectable.ai/blog\/hu\/mi-az-a-homalyos-nevmas","title":{"rendered":"Mi az a hom\u00e1lyos n\u00e9vm\u00e1s? Val\u00f3s p\u00e9ld\u00e1k + jav\u00edt\u00e1sok"},"content":{"rendered":"<p>Eml\u00e9kszel arra az epiz\u00f3dra a <em>Bar\u00e1tok<\/em> ahol Ross elolvassa Rachel 18 oldalas level\u00e9t? El\u00f6lr\u0151l \u00e9s h\u00e1tulr\u00f3l?<\/p>\n\n\n\n<p>K\u00e9s\u0151bb, amikor ezen vitatkoznak, Ross kiab\u00e1l, <em>\"Hiba volt!\" <\/em>\u00c9s Rachel elmegy, <em>\"Mi volt?\"<\/em><\/p>\n\n\n\n<p>Bumm. Ez egy hom\u00e1lyos n\u00e9vm\u00e1s akci\u00f3ban.<\/p>\n\n\n\n<p>Amikor Ross azt mondta. <em>\"ez\"<\/em>, tudta, hogy mire gondol. De Rachel (\u00e9s \u0151szint\u00e9n sz\u00f3lva mi mindannyian, akik n\u00e9zt\u00fck) azt gondoltuk, hogy v\u00e1rj... <em>Egy\u00e1ltal\u00e1n mire utalsz?<\/em><\/p>\n\n\n\n<p>Ez az eg\u00e9sz probl\u00e9ma a hom\u00e1lyos n\u00e9vm\u00e1sokkal. <\/p>\n\n\n\n<p>Olyan szavak, mint <em>ez, ez, az,<\/em> vagy <em>\u0151k<\/em> j\u00f3l hangzik a fejedben, de ha az olvas\u00f3 nem tudja, hogy pontosan mire utalsz, a mondatod sz\u00e9tesik.<\/p>\n\n\n\n<p>Ebben a blogban val\u00f3s \u00e9s k\u00f6nnyen k\u00f6vethet\u0151 p\u00e9ld\u00e1kon kereszt\u00fcl j\u00e1rjuk v\u00e9gig, hogy mi az a hom\u00e1lyos n\u00e9vm\u00e1s, hogyan lehet \u00e9szrevenni az \u00edr\u00e1sodban, \u00e9s hogyan jav\u00edthatod ki.<\/p>\n\n\n\n<hr class=\"wp-block-separator has-alpha-channel-opacity\"\/>\n\n\n\n<p class=\"has-text-align-center\"><strong>A legfontosabb tudnival\u00f3k<\/strong><\/p>\n\n\n\n<ul class=\"wp-block-list\">\n<li>A hom\u00e1lyos n\u00e9vm\u00e1s az, amikor egy olyan sz\u00f3t, mint ez, ez, az vagy \u0151k, an\u00e9lk\u00fcl haszn\u00e1lunk, hogy egy\u00e9rtelm\u0171en megmondan\u00e1nk, hogy mire utal.<\/li>\n<\/ul>\n\n\n\n<p><\/p>\n\n\n\n<ul class=\"wp-block-list\">\n<li>A hom\u00e1lyos n\u00e9vm\u00e1sok megnehez\u00edthetik az olvas\u00f3k sz\u00e1m\u00e1ra, hogy meg\u00e9rts\u00e9k, kir\u0151l vagy mir\u0151l besz\u00e9lsz.<\/li>\n<\/ul>\n\n\n\n<p><\/p>\n\n\n\n<ul class=\"wp-block-list\">\n<li>A vil\u00e1gos \u00edr\u00e1s egy\u00e9rtelm\u0171 n\u00e9vm\u00e1sokat ig\u00e9nyel, k\u00fcl\u00f6n\u00f6sen \u00fczleti vagy tudom\u00e1nyos k\u00f6rnyezetben, ahol a f\u00e9lre\u00e9rt\u00e9sek sokba ker\u00fclhetnek.<\/li>\n<\/ul>\n\n\n\n<p><\/p>\n\n\n\n<ul class=\"wp-block-list\">\n<li>A hom\u00e1lyos n\u00e9vm\u00e1sokat a pontos szem\u00e9ly vagy dolog megnevez\u00e9s\u00e9vel, vagy a sz\u00f6vegk\u00f6rnyezet b\u0151v\u00edt\u00e9s\u00e9vel jav\u00edthatja.<\/li>\n<\/ul>\n\n\n\n<p><\/p>\n\n\n\n<hr class=\"wp-block-separator has-alpha-channel-opacity\"\/>\n\n\n\n<h2 class=\"wp-block-heading\">A hom\u00e1lyos n\u00e9vm\u00e1s meghat\u00e1roz\u00e1sa<\/h2>\n\n\n<div class=\"wp-block-image\">\n<figure class=\"aligncenter size-large\"><img loading=\"lazy\" decoding=\"async\" width=\"1024\" height=\"683\" src=\"https:\/\/undetectable.ai/blog\/wp-content\/uploads\/2025\/07\/what-is-a-vague-pronoun-001-1024x683.jpg\" alt=\"\" class=\"wp-image-11711\" title=\"\" srcset=\"https:\/\/undetectable.ai/blog\/wp-content\/uploads\/2025\/07\/what-is-a-vague-pronoun-001-1024x683.jpg 1024w, https:\/\/undetectable.ai/blog\/wp-content\/uploads\/2025\/07\/what-is-a-vague-pronoun-001-300x200.jpg 300w, https:\/\/undetectable.ai/blog\/wp-content\/uploads\/2025\/07\/what-is-a-vague-pronoun-001-768x512.jpg 768w, https:\/\/undetectable.ai/blog\/wp-content\/uploads\/2025\/07\/what-is-a-vague-pronoun-001-18x12.jpg 18w, https:\/\/undetectable.ai/blog\/wp-content\/uploads\/2025\/07\/what-is-a-vague-pronoun-001.jpg 1200w\" sizes=\"auto, (max-width: 1024px) 100vw, 1024px\" \/><\/figure><\/div>\n\n\n<p>A hom\u00e1lyos n\u00e9vm\u00e1s olyan n\u00e9vm\u00e1s, amely nem utal egy\u00e9rtelm\u0171en egy konkr\u00e9t f\u0151n\u00e9vre. M\u00e1s sz\u00f3val, az olvas\u00f3 nem tudja, hogy kir\u0151l vagy mir\u0151l besz\u00e9l.<em>.<\/em><\/p>\n\n\n\n<p><a href=\"https:\/\/undetectable.ai\/blog\/what-are-pronouns\/\" target=\"_blank\" rel=\"noreferrer noopener\">F\u0151nevek<\/a> mint a <em>ez, ez, az, az, \u0151k, \u0151, n\u0151,<\/em> \u00e9s <em>amely<\/em> f\u0151nevek helyettes\u00edt\u00e9s\u00e9re szolg\u00e1lnak, de ha az eredeti f\u0151n\u00e9v (az \u00fan. <strong>a<\/strong>nteceden<strong>t<\/strong>) nem egy\u00e9rtelm\u0171, a mondatod zavaross\u00e1 v\u00e1lik.<\/p>\n\n\n\n<p>Olvassa el p\u00e9ld\u00e1ul ezt a mondatot:<\/p>\n\n\n\n<p><em>Jess azt mondta Mi\u00e1nak, hogy dolgoznia kell a projektj\u00e9n.<\/em><\/p>\n\n\n\n<p>Kinek kellett dolgoznia a projekten, Jessnek vagy Mi\u00e1nak? A n\u00e9vm\u00e1s <em>\u0151<\/em> itt hom\u00e1lyos, mert b\u00e1rmelyik szem\u00e9lyre vonatkozhat.<\/p>\n\n\n\n<p>A hom\u00e1lyos n\u00e9vm\u00e1sok tal\u00e1n nem t\u0171nnek nagy dolognak, de megv\u00e1ltoztathatj\u00e1k egy mondat teljes jelent\u00e9s\u00e9t. <\/p>\n\n\n\n<p>Vagy ami m\u00e9g rosszabb, a k\u00f6z\u00f6ns\u00e9g teljesen elveszhet. Amikor pedig e-mailt, blogbejegyz\u00e9st, iskolai essz\u00e9t vagy ak\u00e1r egy k\u00e9pal\u00e1\u00edr\u00e1st \u00edrsz, nem k\u00f6thetsz kompromisszumot az egy\u00e9rtelm\u0171s\u00e9g ter\u00e9n.<\/p>\n\n\n\n<p>A k\u00f6vetkez\u0151kben megmutatom, hogyan lehet ezeket kijav\u00edtani. De el\u0151bb n\u00e9zz\u00fcnk meg n\u00e9h\u00e1ny val\u00f3s p\u00e9ld\u00e1t, hogy l\u00e1ssuk, hogyan lopakodnak be a hom\u00e1lyos n\u00e9vm\u00e1sok, \u00e9s hogyan rontj\u00e1k el az \u00fczenetedet.<\/p>\n\n\n\n<h3 class=\"wp-block-heading\">Hom\u00e1lyos vs. egy\u00e9rtelm\u0171 n\u00e9vm\u00e1si hivatkoz\u00e1s<\/h3>\n\n\n\n<p>Most m\u00e1r tudod, hogy a hom\u00e1lyos n\u00e9vm\u00e1sok zavart okozhatnak, de hogy n\u00e9z ki ehhez k\u00e9pest egy egy\u00e9rtelm\u0171 n\u00e9vm\u00e1s?<\/p>\n\n\n\n<p>Vegy\u00fck ezt a mondatot, hogy meg\u00e9rts\u00fck, mi az a hom\u00e1lyos n\u00e9vm\u00e1si utal\u00e1s:<\/p>\n\n\n\n<p><strong>\"A csapat a szerz\u0151d\u00e9s \u00e1tn\u00e9z\u00e9se ut\u00e1n e-mailben \u00e9rtes\u00edtette az \u00fcgyfelet, de m\u00e9g mindig zavarban volt.\"<\/strong><\/p>\n\n\n\n<p>Ki az <em>\u0151k<\/em>? A csapat vagy az \u00fcgyf\u00e9l? Ez nem vil\u00e1gos... ez egy hom\u00e1lyos n\u00e9vm\u00e1s.<\/p>\n\n\n\n<p>Most pedig tiszt\u00e1zzuk:<\/p>\n\n\n\n<p><strong>\"A csapat a szerz\u0151d\u00e9s \u00e1tn\u00e9z\u00e9se ut\u00e1n e-mailben \u00e9rtes\u00edtette az \u00fcgyfelet, de az \u00fcgyf\u00e9l m\u00e9g mindig zavarban volt.\"<\/strong><\/p>\n\n\n\n<p>Sokkal jobb, nem igaz? Most m\u00e1r az olvas\u00f3nak nem kell kital\u00e1lnia, hogy ki volt zavarban.<\/p>\n\n\n\n<p>Ha egy n\u00e9vm\u00e1s egy\u00e9rtelm\u0171en egy adott f\u0151n\u00e9vhez kapcsol\u00f3dik, a mondatod jobban folyik, \u00e9s az olvas\u00f3 veled marad. <\/p>\n\n\n\n<p>Ha csak egy pillanatnyi k\u00e9ts\u00e9g mer\u00fcl fel, \u00e9rdemes \u00e1t\u00edrni a tiszt\u00e1nl\u00e1t\u00e1s \u00e9rdek\u00e9ben.<\/p>\n\n\n\n<h2 class=\"wp-block-heading\">P\u00e9ld\u00e1k a hom\u00e1lyos n\u00e9vm\u00e1sokra<\/h2>\n\n\n\n<p>\u00cdme n\u00e9h\u00e1ny h\u00e9tk\u00f6znapi mondat, ahol a hom\u00e1lyos n\u00e9vm\u00e1sok megzavarj\u00e1k a jelent\u00e9st:<\/p>\n\n\n\n<ol class=\"wp-block-list\">\n<li><strong>\"A bizotts\u00e1g tal\u00e1lkozott az igazgat\u00f3tan\u00e1ccsal, de nem \u00e9rtett egyet\".<\/strong><strong><br><\/strong> - Ki nem \u00e9rtett egyet - a bizotts\u00e1g vagy a test\u00fclet? A <strong><em>it<\/em><\/strong> t\u00fal sokat rejteget.<\/li>\n\n\n\n<li><strong>\"Az eredm\u00e9nyek \u00e1ttekint\u00e9se ut\u00e1n azt mondta, hogy jobb lenne v\u00e1rni.\"<\/strong><strong><br><\/strong> - Ki az <em>\u0151<\/em>? \u00c9s mi a <em>it<\/em>-az eredm\u00e9nyek, az id\u0151z\u00edt\u00e9s, vagy valami eg\u00e9szen m\u00e1s?<\/li>\n\n\n\n<li><strong>\"Meg\u00edg\u00e9rt\u00e9k, hogy megoldj\u00e1k a probl\u00e9m\u00e1t, de azt\u00e1n ez nem t\u00f6rt\u00e9nt meg.\"<\/strong><strong><br><\/strong> - Ki az <em>\u0151k<\/em>, \u00e9s hogy pontosan mit <em>nem t\u00f6rt\u00e9nt meg<\/em>? Valahol elvesztette az olvas\u00f3j\u00e1t.<\/li>\n<\/ol>\n\n\n\n<p>Azt javaslom, hogy a kimutathatatlan AI-t haszn\u00e1ld. <a href=\"https:\/\/undetectable.ai\/ask-ai\" target=\"_blank\" rel=\"noreferrer noopener\">K\u00e9rdezd meg az AI-t<\/a> eszk\u00f6z, ha gondot okoz a hom\u00e1lyos n\u00e9vm\u00e1sok kisz\u0171r\u00e9se. <\/p>\n\n\n\n<p>Isteni j\u00f3t\u00e9tem\u00e9ny lehet, ha a sz\u00f6vegk\u00f6rnyezetben nem egy\u00e9rtelm\u0171 n\u00e9vm\u00e1si utal\u00e1sokat jelzi.<\/p>\n\n\n<div class=\"wp-block-image\">\n<figure class=\"aligncenter size-large\"><img loading=\"lazy\" decoding=\"async\" width=\"1024\" height=\"297\" src=\"https:\/\/undetectable.ai/blog\/wp-content\/uploads\/2025\/04\/Ask-AI-1024x297.jpg\" alt=\"Pillanatk\u00e9p az Undetectable AI &#039;Ask AI&#039; funkci\u00f3j\u00e1r\u00f3l, amely egy AI-alap\u00fa eszk\u00f6zt mutat be a felhaszn\u00e1l\u00f3i k\u00e9rd\u00e9sek megv\u00e1laszol\u00e1s\u00e1ra \u00e9s tartalomgener\u00e1l\u00e1sra.\" class=\"wp-image-8150\" title=\"\" srcset=\"https:\/\/undetectable.ai/blog\/wp-content\/uploads\/2025\/04\/Ask-AI-1024x297.jpg 1024w, https:\/\/undetectable.ai/blog\/wp-content\/uploads\/2025\/04\/Ask-AI-300x87.jpg 300w, https:\/\/undetectable.ai/blog\/wp-content\/uploads\/2025\/04\/Ask-AI-768x223.jpg 768w, https:\/\/undetectable.ai/blog\/wp-content\/uploads\/2025\/04\/Ask-AI-1536x445.jpg 1536w, https:\/\/undetectable.ai/blog\/wp-content\/uploads\/2025\/04\/Ask-AI-18x5.jpg 18w, https:\/\/undetectable.ai/blog\/wp-content\/uploads\/2025\/04\/Ask-AI.jpg 1600w\" sizes=\"auto, (max-width: 1024px) 100vw, 1024px\" \/><\/figure><\/div>\n\n\n<p>B\u00f3nusz tipp? Ha m\u00e1r azonos\u00edtott egy hom\u00e1lyos n\u00e9vm\u00e1st, egyszer\u0171en cser\u00e9lje ki.<em> <\/em>egy egy\u00e9rtelm\u0171 f\u0151n\u00e9vvel vagy f\u0151n\u00e9vi kifejez\u00e9ssel. <\/p>\n\n\n\n<p>P\u00e9ld\u00e1ul:<\/p>\n\n\n\n<ul class=\"wp-block-list\">\n<li><strong>Hom\u00e1lyos:<\/strong> \"Azt mondt\u00e1k, hogy javulni fog.\"<\/li>\n\n\n\n<li><strong>Tiszta:<\/strong> \"A marketingcsapat szerint a friss\u00edt\u00e9s jav\u00edtja az \u00fcgyf\u00e9l\u00e9lm\u00e9nyt.\"<\/li>\n<\/ul>\n\n\n\n<h2 class=\"wp-block-heading\">Mi\u00e9rt jelentenek probl\u00e9m\u00e1t a hom\u00e1lyos n\u00e9vm\u00e1sok?<\/h2>\n\n\n\n<p>A hom\u00e1lyos n\u00e9vm\u00e1sok \u00e1rtalmatlannak t\u0171nhetnek, de jelent\u0151sen megzavarj\u00e1k a <a href=\"https:\/\/www.writingmastery.com\/blog\/how-to-prevent-dnf-tips-to-keep-readers-hooked\" target=\"_blank\" rel=\"noreferrer noopener\">olvas\u00e1si \u00e9lm\u00e9ny<\/a>. <\/p>\n\n\n\n<p>Megtanultad, mi az a hom\u00e1lyos n\u00e9vm\u00e1s. Itt az ideje, hogy meg\u00e9rtsd, mi\u00e9rt \u00e9rdemes \u0151ket jav\u00edtani.<\/p>\n\n\n\n<h3 class=\"wp-block-heading\">1. \u00d6sszezavarj\u00e1k az olvas\u00f3t<\/h3>\n\n\n\n<p>A legnagyobb probl\u00e9ma? A hom\u00e1lyos n\u00e9vm\u00e1sok elgondolkodtatj\u00e1k az olvas\u00f3t. <em>aki<\/em> vagy <em>mi<\/em> amir\u0151l besz\u00e9lsz. <\/p>\n\n\n\n<p>Ez lelass\u00edtja a meg\u00e9rt\u00e9st, \u00e9s arra k\u00e9nyszer\u00edti az embereket, hogy visszal\u00e9pjenek \u00e9s \u00fajraolvass\u00e1k. A mindennapi kommunik\u00e1ci\u00f3ban ez egy gyors m\u00f3dja annak, hogy elvesz\u00edtse az olvas\u00f3 figyelm\u00e9t.<\/p>\n\n\n\n<h3 class=\"wp-block-heading\">2. Gyeng\u00edtik az \u00fczenetet<\/h3>\n\n\n\n<p>A hom\u00e1lyos n\u00e9vm\u00e1sokra t\u00e1maszkod\u00f3 \u00edr\u00e1sok gyakran puh\u00e1nak vagy bizonytalannak t\u0171nnek. Ahelyett, hogy mer\u00e9szen \u00e9s vil\u00e1gosan fogalmazna, a jelent\u00e9se olyan \u00e1ltal\u00e1nos kifejez\u00e9sek al\u00e1 temetkezik, mint pl. <em>ez<\/em>, <em>hogy<\/em>, vagy <em>it<\/em>. <\/p>\n\n\n\n<p>Ez\u00e1ltal az \u00edr\u00e1s kev\u00e9sb\u00e9 lesz meggy\u0151z\u0151 vagy hat\u00e1sos.<\/p>\n\n\n\n<h3 class=\"wp-block-heading\">3. Szakszer\u0171tlen\u00fcl hangzik t\u0151l\u00fck<\/h3>\n\n\n\n<p>\u00dczleti, tudom\u00e1nyos vagy \u00fcgyf\u00e9lkapcsolati \u00edr\u00e1sokban a nem egy\u00e9rtelm\u0171 n\u00e9vm\u00e1sok lusta vagy gondatlan kifejez\u00e9snek t\u0171nhetnek. <\/p>\n\n\n\n<p>Az olvas\u00f3k azt felt\u00e9telezhetik, hogy nem korrekt\u00far\u00e1zott, vagy ami m\u00e9g rosszabb, hogy nem teljesen \u00e9rti, amit mond. Ez probl\u00e9ma, amikor bizalmat vagy hiteless\u00e9get pr\u00f3b\u00e1lsz \u00e9p\u00edteni.<\/p>\n\n\n\n<h3 class=\"wp-block-heading\">4. F\u00e9lre\u00e9rt\u00e9sekhez vezetnek<\/h3>\n\n\n\n<p>A hom\u00e1lyos megfogalmaz\u00e1s lehet\u0151s\u00e9get ad a f\u00e9lre\u00e9rtelmez\u00e9sre. Egyetlen nem egy\u00e9rtelm\u0171 n\u00e9vm\u00e1s is megv\u00e1ltoztathatja egy mondat teljes jelent\u00e9s\u00e9t, k\u00fcl\u00f6n\u00f6sen utas\u00edt\u00e1sokban, szerz\u0151d\u00e9sekben vagy fontos k\u00f6zl\u00e9sekben.<\/p>\n\n\n\n<h3 class=\"wp-block-heading\">5. Megzavarj\u00e1k a hangsz\u00ednt \u00e9s a tisztas\u00e1got<\/h3>\n\n\n\n<p>M\u00e9g a h\u00e9tk\u00f6znapi \u00edr\u00e1sokban is el\u0151fordulhat, hogy egy hom\u00e1lyos n\u00e9vm\u00e1s neh\u00e9zkess\u00e9 vagy k\u00ednoss\u00e1 teszi a mondatot. Az egy\u00e9rtelm\u0171 utal\u00e1sok seg\u00edtenek abban, hogy a hangnem magabiztosabbnak, \u00e1tgondoltabbnak \u00e9s k\u00f6nnyebben k\u00f6vethet\u0151nek t\u0171nj\u00f6n.<\/p>\n\n\n\n<h2 class=\"wp-block-heading\">Hogyan azonos\u00edtsunk egy hom\u00e1lyos n\u00e9vm\u00e1st?<\/h2>\n\n\n<div class=\"wp-block-image\">\n<figure class=\"aligncenter size-large\"><img loading=\"lazy\" decoding=\"async\" width=\"1024\" height=\"683\" src=\"https:\/\/undetectable.ai/blog\/wp-content\/uploads\/2025\/07\/vague-pronoun-001-1024x683.jpg\" alt=\"\u00dczletasszony dolgozik jegyzetekkel egy irod\u00e1ban\" class=\"wp-image-11715\" title=\"\" srcset=\"https:\/\/undetectable.ai/blog\/wp-content\/uploads\/2025\/07\/vague-pronoun-001-1024x683.jpg 1024w, https:\/\/undetectable.ai/blog\/wp-content\/uploads\/2025\/07\/vague-pronoun-001-300x200.jpg 300w, https:\/\/undetectable.ai/blog\/wp-content\/uploads\/2025\/07\/vague-pronoun-001-768x512.jpg 768w, https:\/\/undetectable.ai/blog\/wp-content\/uploads\/2025\/07\/vague-pronoun-001-18x12.jpg 18w, https:\/\/undetectable.ai/blog\/wp-content\/uploads\/2025\/07\/vague-pronoun-001.jpg 1200w\" sizes=\"auto, (max-width: 1024px) 100vw, 1024px\" \/><\/figure><\/div>\n\n\n<p>A hom\u00e1lyos n\u00e9vm\u00e1sok k\u00f6nnyen kics\u00faszhatnak a kez\u00fcnkb\u0151l, ha nem tudjuk, mit keress\u00fcnk.&nbsp;<\/p>\n\n\n\n<p>\u00cdgy tal\u00e1lhatja meg \u0151ket:<\/p>\n\n\n\n<ul class=\"wp-block-list\">\n<li><strong>Keressen olyan n\u00e9vm\u00e1sokat, amelyek el\u0151tt nincs egy\u00e9rtelm\u0171 f\u0151n\u00e9v: <\/strong>Tartsunk sz\u00fcnetet \u00e9s ellen\u0151rizz\u00fck, hogy egy mondat a k\u00f6vetkez\u0151vel kezd\u0151dik-e <em>ez, ez, az, az, \u0151k, \u0151,<\/em> vagy <em>\u0151<\/em>, de nem vagy benne biztos, hogy kire vagy mire utal. A n\u00e9vm\u00e1snak egy\u00e9rtelm\u0171en vissza kell mutatnia egy konkr\u00e9t f\u0151n\u00e9vre. Ha nem \u00edgy van, akkor hom\u00e1lyos.<\/li>\n\n\n\n<li><strong>Figyeljen arra, hogy a n\u00e9vm\u00e1s el\u0151tt t\u00f6bb f\u0151n\u00e9v \u00e1lljon: <\/strong>Ha egyn\u00e9l t\u00f6bb szem\u00e9lyt, t\u00e1rgyat vagy csoportot eml\u00edt\u00fcnk, \u00e9s egy n\u00e9vm\u00e1s k\u00f6vetkezik, gy\u0151z\u0151dj\u00fcnk meg r\u00f3la, hogy nyilv\u00e1nval\u00f3, hogy a n\u00e9vm\u00e1s kire vagy mire utal.<\/li>\n\n\n\n<li><strong>Jel\u00f6lje meg az \u00f6n\u00e1ll\u00f3 n\u00e9vm\u00e1sokat a mondatok elej\u00e9n: <\/strong>A k\u00f6vetkez\u0151vel kezd\u0151d\u0151 mondatok <em>ezt, azt,<\/em> vagy <em>it<\/em> kontextus n\u00e9lk\u00fcl gyakran zavarhoz vezetnek. Ezeknek a n\u00e9vm\u00e1soknak er\u0151s kapcsolatra van sz\u00fcks\u00e9g\u00fck az el\u0151z\u0151 mondattal.<\/li>\n\n\n\n<li><strong>Ellen\u0151rizze az olvas\u00f3i n\u00e9z\u0151pontot: <\/strong>Tal\u00e1n tudod, hogy mit <em>it<\/em> jelenti a fejedben, de vajon valaki, aki el\u0151sz\u00f6r olvassa a mondatodat, r\u00f6gt\u00f6n meg\u00e9rten\u00e9? Ha nem, itt az ideje, hogy tiszt\u00e1zza.<\/li>\n<\/ul>\n\n\n\n<h2 class=\"wp-block-heading\">Hogyan jav\u00edtsunk ki egy hom\u00e1lyos n\u00e9vm\u00e1st<\/h2>\n\n\n\n<p>Teh\u00e1t kisz\u00fart\u00e1l egy hom\u00e1lyos n\u00e9vm\u00e1st a mondatodban. Most mi lesz?<\/p>\n\n\n\n<p>A j\u00f3 h\u00edr az, hogy a hom\u00e1lyos n\u00e9vm\u00e1sok r\u00f6gz\u00edt\u00e9s\u00e9hez nem sz\u00fcks\u00e9ges semmilyen flancos <a href=\"https:\/\/undetectable.ai\/blog\/grammar-rules\/\" target=\"_blank\" rel=\"noreferrer noopener\">nyelvtani szab\u00e1lyok<\/a>. <\/p>\n\n\n\n<p>Legt\u00f6bbsz\u00f6r csak arr\u00f3l van sz\u00f3, hogy megk\u00e9rdezed magadt\u00f3l, vajon m\u00e1s is meg\u00e9rten\u00e9-e, hogy mir\u0151l besz\u00e9lsz itt.<\/p>\n\n\n\n<p>Pr\u00f3b\u00e1lja ki ezeket:<\/p>\n\n\n\n<ol class=\"wp-block-list\">\n<li>Mondd meg pontosan, hogy kire vagy mire gondolsz<\/li>\n<\/ol>\n\n\n\n<p>Ez a legegyszer\u0171bb (\u00e9s gyakran a legjobb) megold\u00e1s. Ha a n\u00e9vm\u00e1s hom\u00e1lyos, egyszer\u0171en cser\u00e9lje ki arra a konkr\u00e9t f\u0151n\u00e9vre, amelyre utalnia kell.<\/p>\n\n\n\n<p><strong>Hom\u00e1lyos:<\/strong> <em>\"Azt mondt\u00e1k, hogy ez rossz \u00f6tlet.\"<\/em><em><br><\/em><strong>Tiszta:<\/strong> <em>\"Az igazgat\u00f3tan\u00e1cs szerint a k\u00f6lts\u00e9gvet\u00e9si javaslat rossz \u00f6tlet volt.\"<\/em><\/p>\n\n\n\n<p>Persze, ez n\u00e9h\u00e1ny sz\u00f3val t\u00f6bbet jelent, de egy\u00e9rtelm\u0171v\u00e9 teszi a jelent\u00e9s\u00e9t 100%.<\/p>\n\n\n\n<ol start=\"2\" class=\"wp-block-list\">\n<li>Adj hozz\u00e1 egy kis kontextust<\/li>\n<\/ol>\n\n\n\n<p>N\u00e9ha a mondatnak csak egy kicsit t\u00f6bb inform\u00e1ci\u00f3ra van sz\u00fcks\u00e9ge, hogy az olvas\u00f3 ne tal\u00e1lgasson.<\/p>\n\n\n\n<p><strong>Hom\u00e1lyos:<\/strong> <em>\"Miut\u00e1n Mia besz\u00e9lt Clar\u00e1val, meggondolta mag\u00e1t.\"<\/em><em><br><\/em><strong>Jobb:<\/strong> <em>\"Miut\u00e1n Mia besz\u00e9lt Clar\u00e1val, Clara meggondolta mag\u00e1t a menetrenddel kapcsolatban.\"<\/em><\/p>\n\n\n\n<p>Most m\u00e1r nem kell tal\u00e1lgatnunk, hogy ki mit tett.<\/p>\n\n\n\n<ol start=\"3\" class=\"wp-block-list\">\n<li>P\u00e1ros\u00edtsa az \"ez\" vagy \"az\" sz\u00f3t egy f\u0151n\u00e9vvel<\/li>\n<\/ol>\n\n\n\n<p>Olyan szavak, mint <em>ez<\/em> vagy <em>hogy<\/em> hom\u00e1lyosan hangozhat, ha csak \u00fagy \u00f6nmag\u00e1ban lebegnek egy mondatban. Ehelyett p\u00e1ros\u00edtsa \u0151ket egy le\u00edr\u00f3 f\u0151n\u00e9vvel.<\/p>\n\n\n\n<p><strong>Hom\u00e1lyos:<\/strong> <em>\"Ez bosszant\u00f3 volt.\"<\/em><em><br><\/em> <strong>Tiszta:<\/strong> <em>\"Ez a k\u00e9sedelem a sz\u00e1ll\u00edt\u00e1si folyamatban bosszant\u00f3 volt.\"<\/em><\/p>\n\n\n\n<p>Ez egy\u00e9rtelm\u0171bb\u00e9 teszi a mondatot, \u00e9s \u00e1tgondoltabbnak, csiszoltabbnak hangzik.<\/p>\n\n\n\n<ol start=\"4\" class=\"wp-block-list\">\n<li>Hossz\u00fa, zavaros mondatok feloszt\u00e1sa<\/li>\n<\/ol>\n\n\n\n<p>Ha egy mondat t\u00falterhelt emberekkel, dolgokkal vagy gondolatokkal, \u00e9s egy n\u00e9vm\u00e1st haszn\u00e1lsz arra, hogy az eg\u00e9szet becsomagold, val\u00f3sz\u00edn\u0171leg jobb, ha k\u00e9t egyszer\u0171bb gondolatra bontod.<\/p>\n\n\n\n<p><strong>Hom\u00e1lyos:<\/strong> <em>\"Taylor a bevezet\u00e9s el\u0151tt tal\u00e1lkozott a p\u00e9nz\u00fcgyi \u00e9s a marketingcsapattal, de nem voltak biztosak benne, hogy k\u00e9szen \u00e1ll.\"<\/em><\/p>\n\n\n\n<p>Sz\u00f3val... ki nem volt biztos benne? Mi nem volt k\u00e9sz?<\/p>\n\n\n\n<p><strong>Tiszta:<\/strong> <em>\"Taylor a bevezet\u00e9s el\u0151tt tal\u00e1lkozott a p\u00e9nz\u00fcgyi \u00e9s marketingcsapatokkal. A marketingcsapat nem volt biztos benne, hogy a weboldal k\u00e9szen \u00e1ll.\"<\/em><\/p>\n\n\n\n<p>R\u00f6videbb, tiszt\u00e1bb, vil\u00e1gosabb.<\/p>\n\n\n\n<h2 class=\"wp-block-heading\">Hom\u00e1lyos n\u00e9vm\u00e1sok az akad\u00e9miai \u00e9s \u00fczleti \u00edr\u00e1sokban<\/h2>\n\n\n\n<p>A mindennapi \u00edr\u00e1sban egy hom\u00e1lyos n\u00e9vm\u00e1s csak egy pillanatnyi zavart okozhat. <\/p>\n\n\n\n<p>De akad\u00e9miai vagy \u00fczleti k\u00f6rnyezetben sokkal nagyobb k\u00e1rt okozhat.<\/p>\n\n\n\n<p>Amikor <a href=\"https:\/\/undetectable.ai\/blog\/how-to-write-a-research-proposal\/\" target=\"_blank\" rel=\"noreferrer noopener\">kutat\u00e1si javaslat \u00edr\u00e1sa<\/a> vagy pap\u00edr, \u00fcgyf\u00e9ljelent\u00e9s vagy bels\u0151 feljegyz\u00e9s, minden sz\u00f3nak vil\u00e1gosnak kell lennie, mert a nem egy\u00e9rtelm\u0171 nyelvezet f\u00e9lre\u00e9rtelmez\u00e9shez, rossz d\u00f6nt\u00e9sekhez vagy a hiteless\u00e9g elveszt\u00e9s\u00e9hez vezethet.<\/p>\n\n\n\n<p>Az olyan mondatok, mint <em>\"\u00dagy d\u00f6nt\u00f6ttek, hogy ez nem j\u00f3 \u00f6tlet\"<\/em> lehet, hogy a fejedben van \u00e9rtelme, de szakmai k\u00f6rnyezetben ez a fajta hom\u00e1lyoss\u00e1g csak tal\u00e1lgatni hagyja az embereket: ki d\u00f6nt\u00f6tt? Mi nem volt j\u00f3 \u00f6tlet?<\/p>\n\n\n\n<p>A tudom\u00e1nyos \u00edr\u00e1sokban a hom\u00e1lyos n\u00e9vm\u00e1sok gyeng\u00edtik az \u00e9rveket. Egy olyan mondat, mint <em>\"Ez bizony\u00edtja az elm\u00e9letet\"<\/em> nem er\u0151s, hacsak nem vil\u00e1gos, hogy mi az. <strong><em>ez<\/em><\/strong> val\u00f3j\u00e1ban utal.<\/p>\n\n\n\n<p>A b\u00edr\u00e1l\u00f3k \u00e9s a professzorok pontoss\u00e1got v\u00e1rnak el. Ha sz\u00fcnetet kell tartaniuk, hogy r\u00e1j\u00f6jjenek, mire gondolt\u00e1l, a mondanival\u00f3d vesz\u00edt erej\u00e9b\u0151l.<\/p>\n\n\n\n<p>Az \u00fczleti \u00edr\u00e1sok eset\u00e9ben a kock\u00e1zatok m\u00e9g nagyobbak. <\/p>\n\n\n\n<p>Ha egy jelent\u00e9s a k\u00f6vetkez\u0151ket tartalmazza <em>\u0151k<\/em> vagy <em>it<\/em> egy\u00e9rtelm\u0171 hivatkoz\u00e1s n\u00e9lk\u00fcl f\u00e9lre\u00e9rt\u00e9sekhez vezethet a csapatok vagy r\u00e9szlegek k\u00f6z\u00f6tt.<\/p>\n\n\n\n<p>Ha seg\u00edts\u00e9get szeretn\u00e9l abban, hogy a n\u00e9vm\u00e1sok egy\u00e9rtelm\u0171ek legyenek, pr\u00f3b\u00e1ld ki az Undetectable AI <a href=\"https:\/\/undetectable.ai\/ai-chat\" target=\"_blank\" rel=\"noreferrer noopener\">AI Chat<\/a>. Ez egy intelligens \u00edr\u00f3asszisztens, amely azonnali, interakt\u00edv visszajelz\u00e9st ad.<\/p>\n\n\n\n<p>Beilleszthetsz egy mondatot, \u00e9s megk\u00e9rdezhetsz olyan dolgokat, mint, <em>\"Vil\u00e1gos?\"<\/em> vagy <em>\"T\u00fal hom\u00e1lyos az \"\u0151k\" sz\u00f3haszn\u00e1latom?\"<\/em> \u00e9s pontosan r\u00e1mutat arra, hogy hol hi\u00e1nyzik a tisztas\u00e1g.<\/p>\n\n\n<div class=\"wp-block-image\">\n<figure class=\"aligncenter size-large\"><img decoding=\"async\" src=\"https:\/\/undetectable.ai/blog\/wp-content\/uploads\/2025\/05\/UA-AI-Chat-1024x481.jpg\" alt=\"Pillanatk\u00e9p az Undetectable AI Chat f\u0151 m\u0171szerfal fel\u00fclet\u00e9r\u0151l\" class=\"wp-image-9606\" title=\"\"><\/figure><\/div>\n\n\n<p>\u00c9rz\u00e9kelje a mesters\u00e9ges intelligencia \u00e1ltal gener\u00e1lt tartalmakat, \u00e9s k\u00f6nnyed\u00e9n emberszab\u00e1s\u00fav\u00e1 teheti azokat - kezdje el az al\u00e1bbiakban.<\/p>\n\n\n\n<div id=\"uai-widget\" data-affiliate-link=\"https:\/\/undetectable.ai\/?_by=hi4km\"><script>var js = document.createElement(\"script\");js.async = true;js.src = \"https:\/\/widget.undetectable.ai\/js\/widget-loader.js?t=\"+Date.now();document.getElementsByTagName(\"head\")[0].appendChild(js);<\/script><\/div>\n\n\n\n<h2 class=\"wp-block-heading\">GYIK a hom\u00e1lyos n\u00e9vm\u00e1sokr\u00f3l<\/h2>\n\n\n<div id=\"rank-math-faq\" class=\"rank-math-block\">\n<div class=\"rank-math-list\">\n<div id=\"faq-question-1753286738448\" class=\"rank-math-list-item\">\n<h3 class=\"rank-math-question\">Minden n\u00e9vm\u00e1s potenci\u00e1lisan hom\u00e1lyos?<\/h3>\n<div class=\"rank-math-answer\">\n\n<p>Igen. B\u00e1rmely n\u00e9vm\u00e1s lehet hom\u00e1lyos, ha a f\u0151n\u00e9v, amelyre utal, nincs egy\u00e9rtelm\u0171en kijel\u00f6lve, vagy nem nyilv\u00e1nval\u00f3 a k\u00f6rnyez\u0151 sz\u00f6vegk\u00f6rnyezetb\u0151l.<\/p>\n\n<\/div>\n<\/div>\n<div id=\"faq-question-1753286749292\" class=\"rank-math-list-item\">\n<h3 class=\"rank-math-question\">Haszn\u00e1lhatja az \"ez\" vagy \"\u0151k\" sz\u00f3t a mondat elej\u00e9n?<\/h3>\n<div class=\"rank-math-answer\">\n\n<p>Igen, de csak akkor, ha a f\u0151n\u00e9v, amelyre utalnak, az el\u0151z\u0151 mondatb\u00f3l egy\u00e9rtelm\u0171, vagy az olvas\u00f3 azonnal meg\u00e9rti. Ellenkez\u0151 esetben a n\u00e9vm\u00e1s hom\u00e1lyos lesz.<\/p>\n\n<\/div>\n<\/div>\n<div id=\"faq-question-1753286759206\" class=\"rank-math-list-item\">\n<h3 class=\"rank-math-question\">Honnan tudod, hogy egy olvas\u00f3 \u00f6sszezavarodhat?<\/h3>\n<div class=\"rank-math-answer\">\n\n<p>Ha egy mondatban t\u00f6bb f\u0151n\u00e9v \u00e1ll a n\u00e9vm\u00e1s el\u0151tt, vagy ha a hivatkoz\u00e1s nem nyilv\u00e1nval\u00f3, az olvas\u00f3 val\u00f3sz\u00edn\u0171leg \u00f6sszezavarodik.<\/p>\n\n<\/div>\n<\/div>\n<div id=\"faq-question-1753286771586\" class=\"rank-math-list-item\">\n<h3 class=\"rank-math-question\">Elfogadhat\u00f3ak-e a hom\u00e1lyos n\u00e9vm\u00e1sok a k\u00f6tetlen \u00edr\u00e1sokban?<\/h3>\n<div class=\"rank-math-answer\">\n\n<p>Alkalmank\u00e9nt igen. Alkalmi \u00edr\u00e1sokban vagy besz\u00e9lget\u00e9sekben a k\u00e9t\u00e9rtelm\u0171s\u00e9g gyakran toler\u00e1lhat\u00f3, de a hat\u00e9kony kommunik\u00e1ci\u00f3 \u00e9rdek\u00e9ben m\u00e9g mindig jobb az egy\u00e9rtelm\u0171s\u00e9g.<\/p>\n\n<\/div>\n<\/div>\n<\/div>\n<\/div>\n\n\n<h2 class=\"wp-block-heading\">V\u00e9gs\u0151 gondolatok<\/h2>\n\n\n\n<p>T\u00e9nyleg vad, hogy egyetlen ilyen sz\u00f3, mint ez vagy \u0151k, mennyire ki tudja dobni az eg\u00e9sz mondanival\u00f3dat, ha nem vil\u00e1gos, hogy kir\u0151l besz\u00e9lsz. <\/p>\n\n\n\n<p>Ez az egy hom\u00e1lyos sz\u00f3 egy\u00e9rtelm\u0171v\u00e9 vagy teljesen felejthetetlenn\u00e9 teheti a mondatodat.<\/p>\n\n\n\n<p>Ha teh\u00e1t legk\u00f6zelebb azon t\u0171n\u0151dsz, hogy mi is az a hom\u00e1lyos n\u00e9vm\u00e1s, ne feledd: ez nem csak nyelvi k\u00e9rd\u00e9s, hanem egy\u00e9rtelm\u0171s\u00e9g k\u00e9rd\u00e9se is. <\/p>\n\n\n\n<p>\u00c9s a tiszt\u00e1nl\u00e1t\u00e1s mindig gy\u0151z. Mert min\u00e9l vil\u00e1gosabb az \u00edr\u00e1sod, ann\u00e1l er\u0151sebb az \u00fczeneted.<\/p>\n\n\n\n<p>Legyen <a href=\"https:\/\/undetectable.ai\/\" target=\"_blank\" data-type=\"link\" data-id=\"https:\/\/undetectable.ai\/\" rel=\"noreferrer noopener\">Kimutathatatlan AI<\/a> seg\u00edt, hogy minden alkalommal tiszt\u00e1n \u00edrjon.<\/p>","protected":false},"excerpt":{"rendered":"","protected":false},"author":15,"featured_media":11713,"comment_status":"closed","ping_status":"closed","sticky":false,"template":"","format":"standard","meta":{"_themeisle_gutenberg_block_has_review":false,"footnotes":""},"categories":[31],"tags":[],"class_list":["post-11699","post","type-post","status-publish","format-standard","has-post-thumbnail","hentry","category-helpful-ai-content-tips"],"_links":{"self":[{"href":"https:\/\/undetectable.ai/blog\/hu\/wp-json\/wp\/v2\/posts\/11699","targetHints":{"allow":["GET"]}}],"collection":[{"href":"https:\/\/undetectable.ai/blog\/hu\/wp-json\/wp\/v2\/posts"}],"about":[{"href":"https:\/\/undetectable.ai/blog\/hu\/wp-json\/wp\/v2\/types\/post"}],"author":[{"embeddable":true,"href":"https:\/\/undetectable.ai/blog\/hu\/wp-json\/wp\/v2\/users\/15"}],"replies":[{"embeddable":true,"href":"https:\/\/undetectable.ai/blog\/hu\/wp-json\/wp\/v2\/comments?post=11699"}],"version-history":[{"count":9,"href":"https:\/\/undetectable.ai/blog\/hu\/wp-json\/wp\/v2\/posts\/11699\/revisions"}],"predecessor-version":[{"id":11716,"href":"https:\/\/undetectable.ai/blog\/hu\/wp-json\/wp\/v2\/posts\/11699\/revisions\/11716"}],"wp:featuredmedia":[{"embeddable":true,"href":"https:\/\/undetectable.ai/blog\/hu\/wp-json\/wp\/v2\/media\/11713"}],"wp:attachment":[{"href":"https:\/\/undetectable.ai/blog\/hu\/wp-json\/wp\/v2\/media?parent=11699"}],"wp:term":[{"taxonomy":"category","embeddable":true,"href":"https:\/\/undetectable.ai/blog\/hu\/wp-json\/wp\/v2\/categories?post=11699"},{"taxonomy":"post_tag","embeddable":true,"href":"https:\/\/undetectable.ai/blog\/hu\/wp-json\/wp\/v2\/tags?post=11699"}],"curies":[{"name":"wp","href":"https:\/\/api.w.org\/{rel}","templated":true}]}}