{"id":11761,"date":"2025-07-11T13:53:21","date_gmt":"2025-07-11T13:53:21","guid":{"rendered":"https:\/\/undetectable.ai/blog\/?p=11761"},"modified":"2025-10-28T17:47:21","modified_gmt":"2025-10-28T17:47:21","slug":"kotoszo-hatarozoszo","status":"publish","type":"post","link":"https:\/\/undetectable.ai/blog\/hu\/kotoszo-hatarozoszo","title":{"rendered":"\u00d6sszef\u00fcgg\u0151 hat\u00e1roz\u00f3sz\u00f3k magyar\u00e1zata vil\u00e1gos p\u00e9ld\u00e1kkal"},"content":{"rendered":"<p>Mi az a k\u00f6t\u0151sz\u00f3i hat\u00e1roz\u00f3sz\u00f3? Hogyan seg\u00edthet jobb\u00e1 tenni az \u00edr\u00e1sodat? <\/p>\n\n\n\n<p>Ne menj sehova; ez a cikk megtan\u00edt arra, hogyan alkalmazhatod helyesen a k\u00f6t\u0151sz\u00f3i hat\u00e1roz\u00f3sz\u00f3kat. <\/p>\n\n\n\n<p>Ez az egyik legl\u00e9nyegesebb sz\u00f3fordulat, amely az \u00edr\u00e1sodnak \u00e1raml\u00e1st ad, \u00e9s \u00e9rthet\u0151bb\u00e9, professzion\u00e1lisabb\u00e1 teszi azt.&nbsp;<\/p>\n\n\n\n<hr class=\"wp-block-separator has-alpha-channel-opacity\"\/>\n\n\n\n<p class=\"has-text-align-center\"><strong>A legfontosabb tudnival\u00f3k<\/strong><\/p>\n\n\n\n<ul class=\"wp-block-list\">\n<li>A k\u00f6t\u0151sz\u00f3i hat\u00e1roz\u00f3sz\u00f3k k\u00e9t k\u00fcl\u00f6n\u00e1ll\u00f3 mondatot vagy mondatr\u00e9szt kapcsolnak \u00f6ssze.<\/li>\n<\/ul>\n\n\n\n<p><\/p>\n\n\n\n<ul class=\"wp-block-list\">\n<li>Olyan kapcsolatokat \u00e1br\u00e1zolnak, mint az ellent\u00e9t, az ok \u00e9s okozat vagy az id\u0151.<\/li>\n<\/ul>\n\n\n\n<p><\/p>\n\n\n\n<ul class=\"wp-block-list\">\n<li>Ezeket megfelel\u0151 \u00edr\u00e1sjelekkel, p\u00e9ld\u00e1ul pontosvessz\u0151vel vagy vessz\u0151vel kell elhelyezni.&nbsp;<\/li>\n<\/ul>\n\n\n\n<p><\/p>\n\n\n\n<ul class=\"wp-block-list\">\n<li>A k\u00f6t\u0151sz\u00f3k a mondat elej\u00e9n, k\u00f6zep\u00e9n vagy v\u00e9g\u00e9n is \u00e1llhatnak.&nbsp;<\/li>\n<\/ul>\n\n\n\n<p><\/p>\n\n\n\n<ul class=\"wp-block-list\">\n<li>Seg\u00edtenek abban, hogy az \u00edr\u00e1s k\u00f6nnyen folyjon, \u00e9s el\u0151seg\u00edtik a meg\u00e9rt\u00e9st.<\/li>\n<\/ul>\n\n\n\n<p><\/p>\n\n\n\n<hr class=\"wp-block-separator has-alpha-channel-opacity\"\/>\n\n\n\n<h2 class=\"wp-block-heading\">Mi az a konjunkt\u00edv hat\u00e1roz\u00f3sz\u00f3?&nbsp;<\/h2>\n\n\n\n<p>A k\u00f6t\u0151sz\u00f3 olyan kifejez\u00e9s vagy kifejez\u00e9s, amely k\u00e9t f\u00fcggetlen mondatot k\u00f6t \u00f6ssze, \u00e9s egyben k\u00e9t mondat k\u00f6z\u00f6tti kapcsolatot is jelez. <\/p>\n\n\n\n<p>P\u00e9ld\u00e1ul mondhatod azt, hogy&nbsp;<\/p>\n\n\n\n<ul class=\"wp-block-list\">\n<li>\u00dagy d\u00f6nt\u00f6tt, hogy s\u00e9t\u00e1lni megy, azonban elkezdett esni az es\u0151.<\/li>\n\n\n\n<li>Arra k\u00e9rt, hogy 13 \u00f3r\u00e1ra folytassam, \u0151 pedig 15 \u00f3rakor jelent meg.&nbsp;<\/li>\n<\/ul>\n\n\n\n<h3 class=\"wp-block-heading\">Miben k\u00fcl\u00f6nb\u00f6znek a koordin\u00e1l\u00f3 k\u00f6t\u0151szavakt\u00f3l&nbsp;<\/h3>\n\n\n\n<p>A k\u00f6t\u0151sz\u00f3i hat\u00e1roz\u00f3sz\u00f3kat \u00e1ltal\u00e1ban olyan koordin\u00e1l\u00f3 k\u00f6t\u0151szavakkal hasonl\u00edtj\u00e1k \u00f6ssze, mint az \"\u00e9s\" vagy a \"de\". Nem ugyanazok, de rokonok. <\/p>\n\n\n\n<p>Az egyeztet\u0151 k\u00f6t\u0151szavak k\u00e9t f\u00fcggetlen mondat \u00f6sszekapcsol\u00e1s\u00e1ra haszn\u00e1lhat\u00f3k, \u00e9s mindkett\u0151re egyforma hangs\u00falyt helyezhetnek. Ezt a k\u00f6vetkez\u0151k\u00e9ppen lehet kifejezni:<\/p>\n\n\n\n<ul class=\"wp-block-list\">\n<li>P\u00e9ter egyed\u00fcl gyakorolta a fuvol\u00e1z\u00e1st, most pedig zongor\u00e1zni tanul.<\/li>\n\n\n\n<li>F\u00e1radt voltam, de elv\u00e9geztem a feladataimat.&nbsp;<\/li>\n<\/ul>\n\n\n\n<p>A k\u00f6t\u0151sz\u00f3i hat\u00e1roz\u00f3sz\u00f3k k\u00e9t f\u00fcggetlen mondatot kapcsolnak \u00f6ssze, \u00e9s jelzik a k\u00f6zt\u00fck l\u00e9v\u0151 kapcsolatot. <\/p>\n\n\n\n<p>A k\u00e9t egyes tagmondat k\u00f6z\u00f6tti kapcsolatot az al\u00e1bbi kijelent\u00e9sekkel is megmutathatja&nbsp;<\/p>\n\n\n\n<ul class=\"wp-block-list\">\n<li>Claudia minden reggel szeret futni, de soha nem teszi meg k\u00e9tszer ugyanazt az \u00fatvonalat.<\/li>\n\n\n\n<li>F\u00e1radt voltam, m\u00e9gis elv\u00e9geztem a feladataimat.<\/li>\n<\/ul>\n\n\n\n<p>Ebben a p\u00e9ld\u00e1ban \"azonban\", a k\u00e9t mondat k\u00f6z\u00f6tti kapcsolat azt is mutatja, hogyan v\u00e9gzi Claudia a reggeli fut\u00e1st. <\/p>\n\n\n\n<p>A koordin\u00e1l\u00f3 k\u00f6t\u0151sz\u00f3k haszn\u00e1latakor az \u00edr\u00e1sjelek st\u00edlusa v\u00e1ltozik. A k\u00f6t\u0151sz\u00f3 a pontosvessz\u0151 ut\u00e1n \u00e9s a vessz\u0151 el\u0151tt k\u00e9t mondat \u00f6sszekapcsol\u00e1s\u00e1ra szolg\u00e1l.&nbsp;&nbsp;<\/p>\n\n\n\n<h2 class=\"wp-block-heading\">Gyakori k\u00f6t\u0151sz\u00f3 hat\u00e1roz\u00f3sz\u00f3k list\u00e1ja&nbsp;<\/h2>\n\n\n<div class=\"wp-block-image\">\n<figure class=\"aligncenter size-large\"><img loading=\"lazy\" decoding=\"async\" width=\"1024\" height=\"683\" src=\"https:\/\/undetectable.ai/blog\/wp-content\/uploads\/2025\/07\/conjunctive-adverb-003-1024x683.jpg\" alt=\"Tini bar\u00e1tok olvas\u00e1s a korl\u00e1t mellett\" class=\"wp-image-11777\" title=\"\" srcset=\"https:\/\/undetectable.ai/blog\/wp-content\/uploads\/2025\/07\/conjunctive-adverb-003-1024x683.jpg 1024w, https:\/\/undetectable.ai/blog\/wp-content\/uploads\/2025\/07\/conjunctive-adverb-003-300x200.jpg 300w, https:\/\/undetectable.ai/blog\/wp-content\/uploads\/2025\/07\/conjunctive-adverb-003-768x512.jpg 768w, https:\/\/undetectable.ai/blog\/wp-content\/uploads\/2025\/07\/conjunctive-adverb-003-18x12.jpg 18w, https:\/\/undetectable.ai/blog\/wp-content\/uploads\/2025\/07\/conjunctive-adverb-003.jpg 1200w\" sizes=\"auto, (max-width: 1024px) 100vw, 1024px\" \/><\/figure><\/div>\n\n\n<p>Az al\u00e1bbiakban felsoroljuk a gyakori k\u00f6t\u0151sz\u00f3i hat\u00e1roz\u00f3sz\u00f3kat. L\u00e1ssunk hozz\u00e1.<\/p>\n\n\n\n<h3 class=\"wp-block-heading\">Hozz\u00e1ad\u00e1s<\/h3>\n\n\n\n<p>Az olyan szavak, mint a \"tov\u00e1bb\u00e1\" vagy a \"tov\u00e1bb\u00e1\" seg\u00edthetnek tov\u00e1bbi inform\u00e1ci\u00f3kat hozz\u00e1adni vagy kib\u0151v\u00edteni az eredeti \u00f6tletet. <\/p>\n\n\n\n<p>Ezek a k\u00f6t\u0151sz\u00f3i hat\u00e1roz\u00f3sz\u00f3k akkor j\u00f6nnek j\u00f3l, amikor egy t\u00e1rgy el\u0151nyeit pr\u00f3b\u00e1lod felsorolni, vagy amikor egy t\u00e1rgy el\u0151nyeit pr\u00f3b\u00e1lod fel\u00e9p\u00edteni.<\/p>\n\n\n\n<p>A moreover haszn\u00e1lata nagyobb hangs\u00falyt helyez arra a pontra, amely al\u00e1t\u00e1masztja az el\u0151bbi \u00e1ll\u00edt\u00e1st. <\/p>\n\n\n\n<p>A \"Tov\u00e1bb\u00e1\" arra szolg\u00e1l, hogy tov\u00e1bbi inform\u00e1ci\u00f3kkal eg\u00e9sz\u00edtse ki a m\u00e1r javasolt \u00f6tletet. M\u00edg az \"Ezen k\u00edv\u00fcl\" kifejez\u00e9s egy kis k\u00fcl\u00f6nbs\u00e9g, hogy seg\u00edti a mondat egy \u00fajabb pont hozz\u00e1ad\u00e1s\u00e1t.&nbsp;<\/p>\n\n\n\n<p><strong>P\u00e9ld\u00e1ul:<\/strong><\/p>\n\n\n\n<ul class=\"wp-block-list\">\n<li>\u0150 egy nagyszer\u0171 tanul\u00f3; <strong>tov\u00e1bb\u00e1<\/strong>\u00f6nk\u00e9ntes a helyi k\u00f6nyvt\u00e1rban.&nbsp;<\/li>\n\n\n\n<li>Ez egy olcs\u00f3 \u00e9tterem; <strong>r\u00e1ad\u00e1sul<\/strong>, a szolg\u00e1ltat\u00e1s nagyszer\u0171.<\/li>\n\n\n\n<li>Az \u00faj politika p\u00e9nzt takar\u00edt meg; <strong>tov\u00e1bb\u00e1<\/strong>, jav\u00edtani fogja a n\u00f6veked\u00e9st.&nbsp;<\/li>\n<\/ul>\n\n\n\n<h3 class=\"wp-block-heading\">Kontraszt&nbsp;<\/h3>\n\n\n\n<p>A k\u00f6t\u0151sz\u00f3i hat\u00e1roz\u00f3sz\u00f3k kontrasztk\u00e9nt haszn\u00e1lhat\u00f3k, amelyek egy m\u00e1sik vagy ellent\u00e9tes gondolatot illusztr\u00e1lnak az els\u0151 ponthoz k\u00e9pest. <\/p>\n\n\n\n<p>Ilyenek p\u00e9ld\u00e1ul a \"Mindazon\u00e1ltal\", \"Mindazon\u00e1ltal\" \u00e9s \"M\u00e1sr\u00e9szr\u0151l\". Ezek seg\u00edtenek egy m\u00e1sik fogalom bemutat\u00e1s\u00e1ban, mint amit m\u00e1r eml\u00edtett\u00fcnk.&nbsp;<\/p>\n\n\n\n<p>Ezek azonban a mondatok megfogalmaz\u00e1s\u00e1nak m\u00f3dj\u00e1t\u00f3l f\u00fcgg\u0151en elt\u00e9r\u0151 eredm\u00e9nyeket hozhatnak.&nbsp;<\/p>\n\n\n\n<p>A \"azonban\" \u00e1ltal\u00e1ban azt mutatja, hogy van egy v\u00e1ratlan fordulat. A \"Mindazon\u00e1ltal\" azonban \u00e1ltal\u00e1ban azt jelzi, hogy az alany m\u00e9g a csukl\u00e1s ellen\u00e9re sem adta fel.<\/p>\n\n\n\n<p>Az \"m\u00e1sr\u00e9szt\" haszn\u00e1lat\u00e1val egy alternat\u00edv n\u00e9z\u0151pontot vagy ellen\u00e9rvet mutathat be.&nbsp;&nbsp;<\/p>\n\n\n\n<p><strong>P\u00e9ld\u00e1k: <\/strong>&nbsp;<\/p>\n\n\n\n<ul class=\"wp-block-list\">\n<li>A nap naps\u00fct\u00e9ses volt; <strong>azonban<\/strong>, eg\u00e9sz este esett az es\u0151.<\/li>\n\n\n\n<li>A futballm\u00e9rk\u0151z\u00e9s alatt esett az es\u0151; <strong>Mindazon\u00e1ltal<\/strong>, a j\u00e1t\u00e9kosok befejezt\u00e9k a m\u00e9rk\u0151z\u00e9st.<\/li>\n\n\n\n<li>A v\u00e1rosi \u00e9let szuper j\u00f3 m\u00f3ka; <strong>m\u00e1sr\u00e9szt<\/strong>, nagyon hangos lehet.<\/li>\n<\/ul>\n\n\n\n<p>A fentiek a legjobb p\u00e9ld\u00e1k arra, hogy mi a k\u00f6t\u0151sz\u00f3i hat\u00e1roz\u00f3sz\u00f3 a kontrasztban vagy az egyens\u00falyban egy \u00e9rvel\u00e9s k\u00e9t oldala k\u00f6z\u00f6tt.<\/p>\n\n\n\n<h3 class=\"wp-block-heading\">Ok \u00e9s okozat<\/h3>\n\n\n\n<p>Tov\u00e1bbi p\u00e9ld\u00e1k a k\u00f6t\u0151sz\u00f3i hat\u00e1roz\u00f3sz\u00f3kra: Therefore, Thus, Consequently. <\/p>\n\n\n\n<p>Ezeket arra haszn\u00e1lhatja, hogy egy cselekv\u00e9st vagy helyzetet egy eredm\u00e9nyhez vagy k\u00f6vetkezm\u00e9nyhez kapcsoljon. Az \"ez\u00e9rt\" azt mutatja, hogy ami ezut\u00e1n k\u00f6vetkezik, az egy logikus k\u00f6vetkeztet\u00e9s. <\/p>\n\n\n\n<p>Ek\u00f6zben az \"\u00edgy\" hasonl\u00f3 a \"ez\u00e9rt\"-hez, de gyakran ink\u00e1bb hivatalos vagy tudom\u00e1nyos publik\u00e1ci\u00f3kban haszn\u00e1lj\u00e1k. A \"k\u00f6vetkez\u00e9sk\u00e9ppen\" azt hangs\u00falyozza, hogy valami k\u00f6zvetlen k\u00f6vetkezm\u00e9nyek\u00e9nt t\u00f6rt\u00e9nt.<\/p>\n\n\n\n<p><strong>P\u00e9ld\u00e1k:&nbsp;<\/strong><\/p>\n\n\n\n<ul class=\"wp-block-list\">\n<li>Az \u00e9tel meg\u00e9gett; <strong>ez\u00e9rt<\/strong>, \u00e9hen haln\u00e1nk.<\/li>\n\n\n\n<li>Nagy volt a forgalom; <strong>\u00edgy<\/strong>, a dolgoz\u00f3k elk\u00e9stek a tal\u00e1lkoz\u00f3r\u00f3l.<\/li>\n\n\n\n<li>Soha nem k\u00e9sz\u00fclt fel; <strong>k\u00f6vetkez\u00e9sk\u00e9ppen<\/strong>, megbukott a vizsg\u00e1n.<\/li>\n<\/ul>\n\n\n\n<p>\u00d6sszess\u00e9g\u00e9ben ezek tiszt\u00e1zz\u00e1k az ok-okozati kijelent\u00e9seket, \u00e9s professzion\u00e1lis megjelen\u00e9st k\u00f6lcs\u00f6n\u00f6znek nekik.<\/p>\n\n\n\n<h3 class=\"wp-block-heading\">Sorrend \u00e9s id\u0151<\/h3>\n\n\n\n<p>Egy m\u00e1sik m\u00f3dja a k\u00f6t\u0151sz\u00f3 hat\u00e1roz\u00f3sz\u00f3k haszn\u00e1lat\u00e1nak egy mondatban a sorrend \u00e9s az id\u0151 magyar\u00e1zat\u00e1ra. <\/p>\n\n\n\n<p>A \"Then\", \"Meanwhile\" \u00e9s \"Next\" olyan hat\u00e1roz\u00f3sz\u00f3k, amelyek azt mutatj\u00e1k, hogy az esem\u00e9nyek mikor k\u00f6vetkeznek egym\u00e1s ut\u00e1n, vagy mi t\u00f6rt\u00e9nik egyidej\u0171leg. <\/p>\n\n\n\n<p>Amikor a \"Then\" kifejez\u00e9st haszn\u00e1lja, azt mutatja, hogy mi fog t\u00f6rt\u00e9nni a k\u00f6vetkez\u0151 l\u00e9p\u00e9sben. Ha a \"k\u00f6zben\" sz\u00f3t haszn\u00e1lod, akkor azt akarod megmutatni, hogy egyszerre t\u00f6bb esem\u00e9ny t\u00f6rt\u00e9nik.&nbsp;<\/p>\n\n\n\n<p><strong>P\u00e9ld\u00e1k:<\/strong><\/p>\n\n\n\n<ul class=\"wp-block-list\">\n<li>Befejezte az iskolai munk\u00e1j\u00e1t, <strong>majd<\/strong> a kever\u0151h\u00f6z ment.<\/li>\n\n\n\n<li>Sarah megs\u00fct\u00f6tte a s\u00fcltet; <strong>K\u00f6zben<\/strong>, M\u00e1rk megter\u00edtett.<\/li>\n<\/ul>\n\n\n\n<p>Ezeket a hat\u00e1roz\u00f3sz\u00f3kat haszn\u00e1lhatjuk utas\u00edt\u00e1sokban, \u00fatmutat\u00f3 jegyzetekben vagy le\u00edr\u00f3 \u00edr\u00e1sokban a l\u00e9p\u00e9sek sorrendj\u00e9nek magyar\u00e1zat\u00e1ra.&nbsp;<\/p>\n\n\n\n<p>Tegy\u00fck fel, hogy m\u00e9g mindig szeretn\u00e9d megtanulni, hogyan lehet megk\u00fcl\u00f6nb\u00f6ztetni a k\u00f6t\u0151sz\u00f3i hat\u00e1roz\u00f3sz\u00f3kat, \u00e9s azon t\u0171n\u0151dsz, hogy vajon a b\u00e1r egy k\u00f6t\u0151sz\u00f3i hat\u00e1roz\u00f3sz\u00f3? <\/p>\n\n\n\n<p>Haszn\u00e1lja az \u00c9szrevehetetlen <a href=\"https:\/\/undetectable.ai\/ask-ai\" target=\"_blank\" rel=\"noreferrer noopener\">K\u00e9rdezd meg az AI-t<\/a> tiszt\u00e1zni \u00e9s megk\u00fcl\u00f6nb\u00f6ztetni a k\u00f6t\u0151sz\u00f3i hat\u00e1roz\u00f3sz\u00f3kat \u00e9s azt, hogy milyen szavak illenek egy mondat c\u00e9lj\u00e1hoz.&nbsp;<\/p>\n\n\n<div class=\"wp-block-image\">\n<figure class=\"aligncenter size-large\"><img loading=\"lazy\" decoding=\"async\" width=\"1024\" height=\"297\" src=\"https:\/\/undetectable.ai/blog\/wp-content\/uploads\/2025\/04\/Ask-AI-1024x297.jpg\" alt=\"Pillanatk\u00e9p az Undetectable AI &#039;Ask AI&#039; funkci\u00f3j\u00e1r\u00f3l, amely egy AI-alap\u00fa eszk\u00f6zt mutat be a felhaszn\u00e1l\u00f3i k\u00e9rd\u00e9sek megv\u00e1laszol\u00e1s\u00e1ra \u00e9s tartalomgener\u00e1l\u00e1sra.\" class=\"wp-image-8150\" title=\"\" srcset=\"https:\/\/undetectable.ai/blog\/wp-content\/uploads\/2025\/04\/Ask-AI-1024x297.jpg 1024w, https:\/\/undetectable.ai/blog\/wp-content\/uploads\/2025\/04\/Ask-AI-300x87.jpg 300w, https:\/\/undetectable.ai/blog\/wp-content\/uploads\/2025\/04\/Ask-AI-768x223.jpg 768w, https:\/\/undetectable.ai/blog\/wp-content\/uploads\/2025\/04\/Ask-AI-1536x445.jpg 1536w, https:\/\/undetectable.ai/blog\/wp-content\/uploads\/2025\/04\/Ask-AI-18x5.jpg 18w, https:\/\/undetectable.ai/blog\/wp-content\/uploads\/2025\/04\/Ask-AI.jpg 1600w\" sizes=\"auto, (max-width: 1024px) 100vw, 1024px\" \/><\/figure><\/div>\n\n\n<h2 class=\"wp-block-heading\">Hogyan haszn\u00e1ljuk helyesen a k\u00f6t\u0151sz\u00f3i hat\u00e1roz\u00f3sz\u00f3kat?&nbsp;<\/h2>\n\n\n\n<p>A k\u00f6t\u0151sz\u00f3i hat\u00e1roz\u00f3szavak kezel\u00e9s\u00e9hez figyelnie kell a sz\u00f3nak a mondatban val\u00f3 elhelyez\u00e9s\u00e9re \u00e9s a <a href=\"https:\/\/undetectable.ai\/blog\/what-is-a-verb\/\" target=\"_blank\" rel=\"noreferrer noopener\">hat\u00e1roz\u00f3sz\u00f3 \u00edr\u00e1sjelek<\/a>. <\/p>\n\n\n\n<p>Az al\u00e1bbiakban p\u00e9ld\u00e1k tal\u00e1lhat\u00f3k az elhelyez\u00e9sre \u00e9s az \u00edr\u00e1sjelekre vonatkoz\u00f3 szab\u00e1lyokra.&nbsp;&nbsp;<\/p>\n\n\n\n<h3 class=\"wp-block-heading\">Elhelyez\u00e9s egy mondatban&nbsp;<\/h3>\n\n\n\n<p>A k\u00f6t\u0151sz\u00f3 hat\u00e1roz\u00f3sz\u00f3kat a mondat elej\u00e9re, vagy a mondat vagy a mondat k\u00f6zep\u00e9re, illetve a z\u00e1rad\u00e9k k\u00f6zep\u00e9re helyezheti. <\/p>\n\n\n\n<p>A d\u00f6nt\u00e9s alapja az, hogy milyen koncepci\u00f3t szeretne kiemelni, vagy hogyan szeretn\u00e9 \u00e1ramoltatni a gondolatait. <\/p>\n\n\n\n<p>A leggyakoribb elhelyez\u00e9s a mondat k\u00f6zepe vagy eleje.&nbsp;&nbsp;<\/p>\n\n\n\n<p>Egy m\u00e1sik dolog, amire figyelni kell, hogy mindig <a href=\"https:\/\/undetectable.ai\/human-auto-typer-for-docs\" target=\"_blank\" rel=\"noreferrer noopener\">az \u00edr\u00e1sjelek megegyeznek<\/a> a k\u00f6t\u0151sz\u00f3 hat\u00e1roz\u00f3sz\u00f3 elhelyez\u00e9s\u00e9hez. <\/p>\n\n\n\n<p>Ez egyszer\u0171en azt jelenti, hogy vessz\u0151t akkor haszn\u00e1lunk, ha az egy mondat elej\u00e9n \u00e1ll, vagy ha pontosvessz\u0151t k\u00f6vet. Akkor is tehetsz vessz\u0151t, ha az megszak\u00edtja a z\u00e1rad\u00e9kot.&nbsp;<\/p>\n\n\n\n<ul class=\"wp-block-list\">\n<li>A csapat f\u00e1radt volt; <strong>azonban<\/strong>, tov\u00e1bb gyakoroltak.<\/li>\n<\/ul>\n\n\n\n<h3 class=\"wp-block-heading\">Sz\u00f3tagol\u00e1si szab\u00e1lyok (vessz\u0151 vagy pontosvessz\u0151?)<\/h3>\n\n\n\n<p>A legt\u00f6bb ember gyakran elgondolkodik azon, hogy mikor kell helyesen haszn\u00e1lni a vessz\u0151t \u00e9s a pontosvessz\u0151t, amikor k\u00f6t\u0151sz\u00f3i hat\u00e1roz\u00f3sz\u00f3kat helyez\u00fcnk el egy mondatban. <\/p>\n\n\n\n<p>A nagy k\u00e9rd\u00e9s az, hogy k\u00fcl\u00f6n\u00e1ll\u00f3 tagmondatokat kapcsolsz-e \u00f6ssze, vagy a mondaton bel\u00fcl v\u00e1ltoztatsz. <\/p>\n\n\n\n<p>A h\u00e1rom form\u00e1tum a k\u00f6vetkez\u0151:&nbsp;<\/p>\n\n\n\n<ol class=\"wp-block-list\">\n<li><strong>A z\u00e1rad\u00e9k megt\u00f6r\u00e9se k\u00f6t\u0151sz\u00f3val:<\/strong> Ebben a st\u00edlust\u00edpusban a <a href=\"https:\/\/writing.wisc.edu\/handbook\/conjadv\/\" target=\"_blank\" rel=\"noreferrer noopener\">vessz\u0151 sz\u00fcks\u00e9ges<\/a> hogy k\u00f6r\u00fclvegye a k\u00f6t\u0151sz\u00f3 hat\u00e1roz\u00f3sz\u00f3t, amikor az a mondat k\u00f6z\u00e9ps\u0151 r\u00e9sz\u00e9ben \u00e1ll. A k\u00f6vetkez\u0151k\u00e9ppen szerkesztheti<\/li>\n<\/ol>\n\n\n\n<ul class=\"wp-block-list\">\n<li>Nem, de t\u00f6bb id\u0151re van sz\u00fcks\u00e9ge.<\/li>\n<\/ul>\n\n\n\n<ol start=\"2\" class=\"wp-block-list\">\n<li><strong>\u00d6n\u00e1ll\u00f3 mondat + k\u00f6t\u0151sz\u00f3 + \u00f6n\u00e1ll\u00f3 mondat: <\/strong>Ha ezt a st\u00edlust haszn\u00e1lja, tegyen pontosvessz\u0151t a k\u00f6t\u0151sz\u00f3 el\u00e9 \u00e9s vessz\u0151t ut\u00e1na.<\/li>\n<\/ol>\n\n\n\n<ul class=\"wp-block-list\">\n<li>Er\u0151sen esett az es\u0151; <strong>azonban<\/strong>, a j\u00e1t\u00e9kosok tov\u00e1bbra is a m\u00e9rk\u0151z\u00e9sre koncentr\u00e1ltak.<\/li>\n<\/ul>\n\n\n\n<ol start=\"3\" class=\"wp-block-list\">\n<li><strong>Koordin\u00e1l\u00f3 k\u00f6t\u0151sz\u00f3 + k\u00f6t\u0151m\u00f3d\u00fa hat\u00e1roz\u00f3sz\u00f3: <\/strong>N\u00e9ha el\u0151fordulhat, hogy a mondatban a k\u00f6t\u0151sz\u00f3 el\u0151tt egy-egy koordin\u00e1l\u00f3 k\u00f6t\u0151sz\u00f3 \u00e1ll, mint p\u00e9ld\u00e1ul az \"\u00e9s\", az \"\u00edgy\" vagy a \"de\". P\u00e9ld\u00e1ul<\/li>\n<\/ol>\n\n\n\n<ul class=\"wp-block-list\">\n<li>Elk\u00e9sett;<strong> ez\u00e9rt<\/strong>, egyed\u00fcl kellett mennie.&nbsp;<\/li>\n<\/ul>\n\n\n\n<h3 class=\"wp-block-heading\">F\u00fcggetlen mondatok \u00f6sszekapcsol\u00e1sa&nbsp;<\/h3>\n\n\n\n<p>K\u00e9t f\u00fcggetlen mondat \u00f6sszekapcsol\u00e1sa a k\u00f6t\u0151sz\u00f3 hat\u00e1roz\u00f3sz\u00f3k egyik f\u0151 felhaszn\u00e1l\u00e1si m\u00f3dja. <\/p>\n\n\n\n<p>Ez seg\u00edti a <a href=\"https:\/\/undetectable.ai\/blog\/change-ai-writing-to-human\/\" target=\"_blank\" rel=\"noreferrer noopener\">kifejez\u0151 asszoci\u00e1ci\u00f3kat mutatva be<\/a> a jelent\u00e9s \u00e9s a gondolatt\u00e1rs\u00edt\u00e1sok ter\u00e9n. Az olyan szavak, mint az \"Addig\" \u00e9s a \"K\u00f6vetkez\u0151\" a sorrend \u00e9s az id\u0151 \u00e1br\u00e1zol\u00e1s\u00e1ra szolg\u00e1lnak. <\/p>\n\n\n\n<p>Alternat\u00edvak\u00e9nt az olyan k\u00f6t\u0151sz\u00f3k, mint a \"k\u00f6vetkez\u00e9sk\u00e9ppen\", \"ez\u00e9rt\" seg\u00edtik az ok \u00e9s okozat \u00e1br\u00e1zol\u00e1s\u00e1t.&nbsp;<\/p>\n\n\n\n<ul class=\"wp-block-list\">\n<li>Hazudott nekem; <strong>k\u00f6zben,<\/strong> Mindv\u00e9gig tudtam.<\/li>\n\n\n\n<li>Elkezdtem a meg\u00e1llapod\u00e1st, <strong>k\u00f6vetkez\u0151,<\/strong> folytattuk a tervet.<\/li>\n<\/ul>\n\n\n\n<p>Ha m\u00e9g mindig gondot okoz, hogy hova tegye a k\u00f6t\u0151sz\u00f3 \u00edr\u00e1sjeleit, akkor m\u00e1solja ki a mondatot, \u00e9s illessze be az \u00c9szrevehetetlen AI-ba <a href=\"https:\/\/undetectable.ai\/grammar-checker\" target=\"_blank\" rel=\"noreferrer noopener\">Nyelvtani ellen\u0151rz\u0151<\/a> hogy l\u00e1ssuk, hol helyezte el \u0151ket rosszul.&nbsp;<\/p>\n\n\n<div class=\"wp-block-image\">\n<figure class=\"aligncenter size-large\"><img loading=\"lazy\" decoding=\"async\" width=\"1024\" height=\"432\" src=\"https:\/\/undetectable.ai/blog\/wp-content\/uploads\/2025\/07\/Free-Grammar-checker-1024x432.jpg\" alt=\"\" class=\"wp-image-11753\" title=\"\" srcset=\"https:\/\/undetectable.ai/blog\/wp-content\/uploads\/2025\/07\/Free-Grammar-checker-1024x432.jpg 1024w, https:\/\/undetectable.ai/blog\/wp-content\/uploads\/2025\/07\/Free-Grammar-checker-300x127.jpg 300w, https:\/\/undetectable.ai/blog\/wp-content\/uploads\/2025\/07\/Free-Grammar-checker-768x324.jpg 768w, https:\/\/undetectable.ai/blog\/wp-content\/uploads\/2025\/07\/Free-Grammar-checker-18x8.jpg 18w, https:\/\/undetectable.ai/blog\/wp-content\/uploads\/2025\/07\/Free-Grammar-checker.jpg 1133w\" sizes=\"auto, (max-width: 1024px) 100vw, 1024px\" \/><\/figure><\/div>\n\n\n<h2 class=\"wp-block-heading\">\u00d6sszef\u00fcgg\u0151 hat\u00e1roz\u00f3sz\u00f3k vs. m\u00e1s k\u00f6t\u0151szavak&nbsp;<\/h2>\n\n\n\n<p>A k\u00f6t\u0151sz\u00f3i hat\u00e1roz\u00f3sz\u00f3k k\u00f6nnyen \u00f6sszet\u00e9veszthet\u0151k m\u00e1s k\u00f6t\u0151sz\u00f3kkal, p\u00e9ld\u00e1ul a koordin\u00e1l\u00f3 vagy ak\u00e1r az al\u00e1rendel\u0151 k\u00f6t\u0151sz\u00f3kkal. <\/p>\n\n\n\n<p>Mindegyik eszk\u00f6znek vannak azonban mark\u00e1ns k\u00fcl\u00f6nbs\u00e9gei.&nbsp;<\/p>\n\n\n\n<ol class=\"wp-block-list\">\n<li><strong>Koordin\u00e1l\u00f3 k\u00f6t\u0151szavak:<\/strong> Ezeket k\u00e9t fogalom \u00f6sszekapcsol\u00e1s\u00e1ra haszn\u00e1lj\u00e1k, \u00e9s b\u00e1rmelyikre azonos hangs\u00falyt helyeznek, k\u00fcl\u00f6n \u00edr\u00e1sjelek haszn\u00e1lata n\u00e9lk\u00fcl.&nbsp;<\/li>\n<\/ol>\n\n\n\n<ul class=\"wp-block-list\">\n<li>Kedve lett volna pihenni, de folytatta az olvas\u00e1st.<\/li>\n<\/ul>\n\n\n\n<p>A fenti \"de\" sz\u00f3 kifejez\u00e9se az els\u0151 \u00e9s a m\u00e1sodik mondatnak tulajdon\u00edt jelent\u0151s\u00e9get. <\/p>\n\n\n\n<p>A koordin\u00e1l\u00f3 k\u00f6t\u0151sz\u00f3k egy\u00e9b form\u00e1i: \u00e9s, vagy, teh\u00e1t.&nbsp;<\/p>\n\n\n\n<ol start=\"2\" class=\"wp-block-list\">\n<li><strong>Al\u00e1rendel\u0151 k\u00f6t\u0151sz\u00f3k: <\/strong>M\u00e9g egy m\u00e1sik, a k\u00f6t\u0151sz\u00f3hoz gyakran kapcsol\u00f3d\u00f3 k\u00f6t\u0151sz\u00f3. Ez a k\u00f6t\u0151sz\u00f3 a f\u0151 pontot valamilyen m\u00e1s gondolathoz t\u00e1rs\u00edtja, amely az el\u0151bbire t\u00e1maszkodik. P\u00e9ld\u00e1k: because, although \u00e9s while.<\/li>\n<\/ol>\n\n\n\n<ul class=\"wp-block-list\">\n<li>Tov\u00e1bb futott, b\u00e1r f\u00e1radt volt.<\/li>\n<\/ul>\n\n\n\n<h3 class=\"wp-block-heading\">Mondatszerkezeti \u00f6sszehasonl\u00edt\u00e1sok<\/h3>\n\n\n\n<p>N\u00e9zze meg, hogy az al\u00e1bbiakban megadott mondatokban milyen k\u00fcl\u00f6nbs\u00e9g van az \u00edr\u00e1sjelekben \u00e9s a k\u00f6t\u0151m\u00f3d\u00fa hat\u00e1roz\u00f3sz\u00f3 haszn\u00e1latakor a formas\u00e1gok hangneme kiss\u00e9 elt\u00e9r egym\u00e1st\u00f3l.&nbsp;<\/p>\n\n\n\n<figure class=\"wp-block-table\"><table class=\"has-fixed-layout\"><tbody><tr><td class=\"has-text-align-center\" data-align=\"center\"><strong>Csatlakoz\u00f3<\/strong><\/td><td class=\"has-text-align-center\" data-align=\"center\"><strong>P\u00e9lda<\/strong><\/td><\/tr><tr><td class=\"has-text-align-center\" data-align=\"center\">Koordin\u00e1l\u00f3 kapcsolat<\/td><td class=\"has-text-align-center\" data-align=\"center\">Elvesz\u00edtette a kulcsait, ez\u00e9rt hazament.<\/td><\/tr><tr><td class=\"has-text-align-center\" data-align=\"center\">Al\u00e1rendel\u0151 k\u00f6t\u0151sz\u00f3<\/td><td class=\"has-text-align-center\" data-align=\"center\">Mert elvesztette a kulcsait, hazament.<\/td><\/tr><tr><td class=\"has-text-align-center\" data-align=\"center\">\u00d6sszef\u00fcgg\u0151 hat\u00e1roz\u00f3sz\u00f3<\/td><td class=\"has-text-align-center\" data-align=\"center\">Elvesztette a kulcsait, ez\u00e9rt hazament.<\/td><\/tr><\/tbody><\/table><\/figure>\n\n\n\n<h2 class=\"wp-block-heading\">P\u00e9ld\u00e1k a konjunkt\u00edv hat\u00e1roz\u00f3sz\u00f3kra akci\u00f3ban&nbsp;<\/h2>\n\n\n\n<p>M\u00e9g mindig azt k\u00e9rdezed, hogy mi az a k\u00f6t\u0151sz\u00f3i hat\u00e1roz\u00f3sz\u00f3? Itt van \u00f6t <a href=\"https:\/\/loveenglish.org\/conjunctive-adverbs-2\/\" target=\"_blank\" rel=\"noreferrer noopener\">tov\u00e1bbi p\u00e9ld\u00e1k<\/a> amelyek seg\u00edts\u00e9g\u00e9vel egyszer\u0171 mondatokban megjelen\u00edtheted \u0151ket:&nbsp;<\/p>\n\n\n\n<ul class=\"wp-block-list\">\n<li>\"Rengeteg es\u0151 esett; <strong>azonban<\/strong>, \u00fagy d\u00f6nt\u00f6ttek, hogy kir\u00e1ndulni mennek.\"  A k\u00e9t mondat k\u00f6z\u00f6tt kontraszt van.<\/li>\n\n\n\n<li>\"Nem tanult; <strong>k\u00f6vetkez\u00e9sk\u00e9ppen<\/strong>, megbukott a teszten.\" Ez a p\u00e9lda azt mutatja, hogy a k\u00f6t\u0151sz\u00f3 hat\u00e1roz\u00f3sz\u00f3 hogyan haszn\u00e1lhat\u00f3 ok \u00e9s okozat magyar\u00e1zat\u00e1ra.<\/li>\n\n\n\n<li>\"P\u00e9nzt akarok sp\u00f3rolni; <strong>ez\u00e9rt<\/strong>, otthon fogok f\u0151zni.\" A k\u00f6t\u0151sz\u00f3 jelz\u0151 az els\u0151 mondatban a f\u0151 gondolatot, a k\u00f6vetkez\u0151 mondatban pedig az eredm\u00e9nyt jelzi.<\/li>\n\n\n\n<li>\u00d6sszepakolta a csomagjait; <strong>majd<\/strong>h\u00edvott egy taxit. Ebben a p\u00e9ld\u00e1ban l\u00e1thatod, hogyan v\u00e1ltozik egyik pontb\u00f3l a m\u00e1sikba.&nbsp;<\/li>\n\n\n\n<li>A m\u0171sort t\u00f6r\u00f6lt\u00e9k; <strong>Mindazon\u00e1ltal<\/strong>, a szurkol\u00f3k maradtak, hogy szurkoljanak. Egy m\u00e1sik p\u00e9lda a kontraszt\u00edv k\u00f6t\u0151sz\u00f3i hat\u00e1roz\u00f3sz\u00f3ra.&nbsp;<\/li>\n<\/ul>\n\n\n\n<p>Ezek mind olyan mondatok, amelyek k\u00e9t teljes gondolatot tartalmaznak, amelyek k\u00f6z\u00f6tt egy k\u00f6t\u0151sz\u00f3val \u00e9s megfelel\u0151 \u00edr\u00e1sjelekkel ell\u00e1tott hat\u00e1roz\u00f3sz\u00f3 van.<\/p>\n\n\n\n<h2 class=\"wp-block-heading\">Gyakori hib\u00e1k \u00e9s azok kijav\u00edt\u00e1sa&nbsp;<\/h2>\n\n\n\n<p>\u00cdme n\u00e9h\u00e1ny hiba, amit az emberek elk\u00f6vetnek a k\u00f6t\u0151sz\u00f3i hat\u00e1roz\u00f3szavakkal, \u00e9s azt is megtudhatod, hogyan jav\u00edthatod ki \u0151ket:<\/p>\n\n\n\n<ol class=\"wp-block-list\">\n<li>Csak vessz\u0151t haszn\u00e1lva. A helyes form\u00e1tum pontosvessz\u0151t \u00e9s vessz\u0151t is haszn\u00e1l.<\/li>\n<\/ol>\n\n\n\n<ul class=\"wp-block-list\">\n<li><strong>Helytelen:<\/strong> \u00c9hes voltam, <strong>ez\u00e9rt<\/strong> Ettem.<\/li>\n\n\n\n<li><strong>Helyes:<\/strong> \u00c9hes voltam<strong>; ez\u00e9rt,<\/strong> Ettem.&nbsp;<\/li>\n<\/ul>\n\n\n\n<ol start=\"2\" class=\"wp-block-list\">\n<li>A hat\u00e1roz\u00f3sz\u00f3 ut\u00e1ni vessz\u0151 elhagy\u00e1sa<\/li>\n<\/ol>\n\n\n\n<ul class=\"wp-block-list\">\n<li><strong>Helytelen:<\/strong> \u00c9hes voltam<strong>; azonban<\/strong> V\u00e1rtam.<\/li>\n\n\n\n<li><strong>Helyes:<\/strong> \u00c9hes voltam<strong>; azonban,<\/strong> V\u00e1rtam.<\/li>\n<\/ul>\n\n\n\n<ol start=\"3\" class=\"wp-block-list\">\n<li>A jelent\u00e9shez nem megfelel\u0151 hat\u00e1roz\u00f3sz\u00f3 haszn\u00e1lata. Gyakran alkalmazz\u00e1k, hogy t\u00f6bb inform\u00e1ci\u00f3t adjon, de nem alkalmazhat\u00f3 az ok \u00e9s okozat magyar\u00e1zatakor.<\/li>\n<\/ol>\n\n\n\n<ul class=\"wp-block-list\">\n<li><strong>Helytelen:<\/strong> K\u00e9s\u0151 volt; <strong>r\u00e1ad\u00e1sul,<\/strong> hazament\u00fcnk.<\/li>\n\n\n\n<li><strong>Helyes:<\/strong> K\u00e9s\u0151 volt; <strong>ez\u00e9rt<\/strong>hazament\u00fcnk.<\/li>\n<\/ul>\n\n\n\n<p>Fontos, hogy ellen\u0151rizz\u00fck, mi az a k\u00f6t\u0151sz\u00f3i hat\u00e1roz\u00f3sz\u00f3? <\/p>\n\n\n\n<p>Gy\u0151z\u0151dj\u00f6n meg r\u00f3la, hogy minden egyes mondat \u00f6n\u00e1ll\u00f3 mondat, \u00e9s \u00f6nmag\u00e1ban is meg\u00e1llja a hely\u00e9t. Arra is figyelnie kell, hogy hol haszn\u00e1l pontosvessz\u0151t, pontot vagy vessz\u0151t.<\/p>\n\n\n\n<p>Ha az \u00edr\u00e1sjelek \u00e9s a mondatszerkeszt\u00e9s elsaj\u00e1t\u00edt\u00e1s\u00e1n dolgozol, <strong>kimutathatatlan mesters\u00e9ges intelligenci\u00e1nk <a href=\"https:\/\/undetectable.ai\/human-auto-typer-for-docs\" data-type=\"link\" data-id=\"https:\/\/undetectable.ai\/human-auto-typer-for-docs\" target=\"_blank\" rel=\"noreferrer noopener\">Emberi automatikus g\u00e9p\u00edr\u00f3<\/a><\/strong> sokkal k\u00f6nnyebb\u00e9 teheti a folyamatot.<\/p>\n\n\n<div class=\"wp-block-image\">\n<figure class=\"aligncenter size-large\"><img loading=\"lazy\" decoding=\"async\" width=\"1024\" height=\"385\" src=\"https:\/\/undetectable.ai/blog\/wp-content\/uploads\/2025\/09\/Undetectable-AI-Human-Auto-Typer-1024x385.jpg\" alt=\"\u00c9szrevehetetlen AI Human Auto Typer eszk\u00f6z, amelyet a Google Docs-ban haszn\u00e1lnak.\" class=\"wp-image-14596\" title=\"\" srcset=\"https:\/\/undetectable.ai/blog\/wp-content\/uploads\/2025\/09\/Undetectable-AI-Human-Auto-Typer-1024x385.jpg 1024w, https:\/\/undetectable.ai/blog\/wp-content\/uploads\/2025\/09\/Undetectable-AI-Human-Auto-Typer-300x113.jpg 300w, https:\/\/undetectable.ai/blog\/wp-content\/uploads\/2025\/09\/Undetectable-AI-Human-Auto-Typer-768x289.jpg 768w, https:\/\/undetectable.ai/blog\/wp-content\/uploads\/2025\/09\/Undetectable-AI-Human-Auto-Typer-18x7.jpg 18w, https:\/\/undetectable.ai/blog\/wp-content\/uploads\/2025\/09\/Undetectable-AI-Human-Auto-Typer.jpg 1371w\" sizes=\"auto, (max-width: 1024px) 100vw, 1024px\" \/><\/figure><\/div>\n\n\n<p>A program val\u00f3s id\u0151ben, term\u00e9szetes m\u00f3don g\u00e9peli le a sz\u00f6veget, \u00e9s seg\u00edt l\u00e1tni, hogy a mondatok hogyan folynak, \u00e9s hol kell elhelyezni az \u00edr\u00e1sjeleket.<\/p>\n\n\n\n<p>A p\u00e9ld\u00e1k m\u00e1sol\u00e1sa \u00e9s beilleszt\u00e9se, illetve k\u00e9zzel t\u00f6rt\u00e9n\u0151 sorr\u00f3l sorra t\u00f6rt\u00e9n\u0151 beg\u00e9pel\u00e9se helyett a Human Auto Typer az emberi \u00edr\u00e1s ritmus\u00e1t teremti meg \u00d6n helyett.<\/p>\n\n\n\n<p>K\u00fcl\u00f6n\u00f6sen hasznos az olyan mondatmint\u00e1k gyakorl\u00e1s\u00e1ra, mint a k\u00f6t\u0151sz\u00f3i hat\u00e1roz\u00f3sz\u00f3k, \u00e9s az \u00edr\u00e1s hiteless\u00e9g\u00e9nek meg\u0151rz\u00e9s\u00e9re, mik\u00f6zben elker\u00fclheti a form\u00e1z\u00e1si vagy felismer\u00e9si probl\u00e9m\u00e1kat.<\/p>\n\n\n\n<p>Ismerje fel a mesters\u00e9ges intelligencia mint\u00e1kat, \u00e9s tegye emberibb\u00e9 az \u00edr\u00e1s\u00e1t m\u00e1sodpercek alatt - haszn\u00e1lja az al\u00e1bbi widgetet.<\/p>\n\n\n\n<div id=\"uai-widget\" data-affiliate-link=\"https:\/\/undetectable.ai\/?_by=hi4km\"><script>var js = document.createElement(\"script\");js.async = true;js.src = \"https:\/\/widget.undetectable.ai\/js\/widget-loader.js?t=\"+Date.now();document.getElementsByTagName(\"head\")[0].appendChild(js);<\/script><\/div>\n\n\n\n<h2 class=\"wp-block-heading\">GYIK a k\u00f6t\u0151sz\u00f3 hat\u00e1roz\u00f3szavakr\u00f3l<\/h2>\n\n\n<div id=\"rank-math-faq\" class=\"rank-math-block\">\n<div class=\"rank-math-list\">\n<div id=\"faq-question-1753451824623\" class=\"rank-math-list-item\">\n<h3 class=\"rank-math-question\">Kezdhetsz egy mondatot k\u00f6t\u0151sz\u00f3val?<\/h3>\n<div class=\"rank-math-answer\">\n\n<p>Igen, egy mondatot lehet k\u00f6t\u0151sz\u00f3val kezdeni. Ez egy j\u00f3 m\u00f3dja annak, hogy egy \u00faj mondatot az el\u0151z\u0151h\u00f6z kapcsoljon, vagy k\u00e9t k\u00fcl\u00f6nb\u00f6z\u0151 gondolatot \u00f6sszekapcsoljon.<\/p>\n\n<\/div>\n<\/div>\n<div id=\"faq-question-1753451838764\" class=\"rank-math-list-item\">\n<h3 class=\"rank-math-question\">Mindig pontosvessz\u0151t kell haszn\u00e1lni egy el\u0151tt?<\/h3>\n<div class=\"rank-math-answer\">\n\n<p>Nem, tegyen pontosvessz\u0151t oda, ahol k\u00e9t f\u00fcggetlen mondatot k\u00f6t \u00f6ssze. Ez egy m\u00f3dja annak, hogy megmutasd, hogy mindkett\u0151 f\u00fcggetlen gondolat, de \u00f6sszekapcsol\u00f3dhatnak. A k\u00f6t\u0151sz\u00f3 jelz\u0151 seg\u00edt tiszt\u00e1zni a k\u00f6zt\u00fck l\u00e9v\u0151 kapcsolat t\u00edpus\u00e1t.\u00a0<\/p>\n\n<\/div>\n<\/div>\n<div id=\"faq-question-1753451850141\" class=\"rank-math-list-item\">\n<h3 class=\"rank-math-question\">A k\u00f6t\u0151sz\u00f3i hat\u00e1roz\u00f3sz\u00f3k opcion\u00e1lisak?<\/h3>\n<div class=\"rank-math-answer\">\n\n<p>Abszol\u00fat. \u00d6n eld\u00f6ntheti, hogy mikor haszn\u00e1ljon k\u00f6t\u0151sz\u00f3 hat\u00e1roz\u00f3sz\u00f3kat az \u00edr\u00e1s\u00e1ban, hogy az \u00edr\u00e1sa vil\u00e1gosabb\u00e1 \u00e9s szakszer\u0171bb\u00e9 v\u00e1ljon.\u00a0<\/p>\n\n<\/div>\n<\/div>\n<div id=\"faq-question-1753451857806\" class=\"rank-math-list-item\">\n<h3 class=\"rank-math-question\">Befoly\u00e1solj\u00e1k-e az alany-igei egyez\u00e9st?<\/h3>\n<div class=\"rank-math-answer\">\n\n<p>Nem, a k\u00f6t\u0151sz\u00f3i hat\u00e1roz\u00f3sz\u00f3k nem befoly\u00e1solj\u00e1k a nyelvtant. Csak azt mutatj\u00e1k, hogyan kapcsol\u00f3dhat egy f\u00fcggetlen mondat egy m\u00e1sik f\u00fcggetlen gondolathoz.<\/p>\n\n<\/div>\n<\/div>\n<\/div>\n<\/div>\n\n\n<h2 class=\"wp-block-heading\">V\u00e9gs\u0151 gondolatok&nbsp;<\/h2>\n\n\n\n<p>A \"Mi az a k\u00f6t\u0151sz\u00f3i hat\u00e1roz\u00f3sz\u00f3?\" k\u00e9rd\u00e9s meg\u00e9rt\u00e9se egyszer\u0171, de hat\u00e9kony m\u00f3dja annak, hogy feldobja az \u00edr\u00e1s\u00e1t. <\/p>\n\n\n\n<p>Felv\u00e1zoltuk <a href=\"https:\/\/undetectable.ai\/blog\/ai-help-with-writing\/\" target=\"_blank\" rel=\"noreferrer noopener\">egyszer\u0171 szab\u00e1lyok<\/a> hogy seg\u00edtsen az \u00edr\u00e1sodnak vil\u00e1gosabb\u00e1, struktur\u00e1ltabb\u00e1 \u00e9s professzion\u00e1lisabb\u00e1 v\u00e1lnia.&nbsp;<\/p>\n\n\n\n<p>A k\u00f6t\u0151sz\u00f3k haszn\u00e1latakor a legfontosabb, hogy a megfelel\u0151 \u00edr\u00e1sjeleket haszn\u00e1ljuk, \u00e9s a hat\u00e1roz\u00f3sz\u00f3 haszn\u00e1lata ut\u00e1n megfelel\u0151en tegy\u00fcnk vessz\u0151ket. <\/p>\n\n\n\n<p>Azt is meg kell gy\u0151z\u0151dnie arr\u00f3l, hogy a hat\u00e1roz\u00f3sz\u00f3 illeszkedik a mondatszerkezethez a tov\u00e1bbi egy\u00e9rtelm\u0171s\u00e9g \u00e9rdek\u00e9ben. <\/p>\n\n\n\n<p>Az \u00edr\u00e1sod egyszer\u0171 \u00e9rt\u00e9kel\u00e9s\u00e9hez javasoljuk, hogy a hib\u00e1k kisz\u0171r\u00e9s\u00e9re haszn\u00e1ld a Undetectable AI Grammar Checker \u00e9s a Ask AI eszk\u00f6zt.&nbsp;<\/p>\n\n\n\n<p>Tegye \u00e9lesebb\u00e9 az \u00edr\u00e1s\u00e1t - pr\u00f3b\u00e1lja ki <a href=\"https:\/\/undetectable.ai\/\" target=\"_blank\" data-type=\"link\" data-id=\"https:\/\/undetectable.ai\/\" rel=\"noreferrer noopener\">Kimutathatatlan AI<\/a> ma.<\/p>","protected":false},"excerpt":{"rendered":"","protected":false},"author":15,"featured_media":11776,"comment_status":"closed","ping_status":"closed","sticky":false,"template":"","format":"standard","meta":{"_themeisle_gutenberg_block_has_review":false,"footnotes":""},"categories":[31],"tags":[],"class_list":["post-11761","post","type-post","status-publish","format-standard","has-post-thumbnail","hentry","category-helpful-ai-content-tips"],"_links":{"self":[{"href":"https:\/\/undetectable.ai/blog\/hu\/wp-json\/wp\/v2\/posts\/11761","targetHints":{"allow":["GET"]}}],"collection":[{"href":"https:\/\/undetectable.ai/blog\/hu\/wp-json\/wp\/v2\/posts"}],"about":[{"href":"https:\/\/undetectable.ai/blog\/hu\/wp-json\/wp\/v2\/types\/post"}],"author":[{"embeddable":true,"href":"https:\/\/undetectable.ai/blog\/hu\/wp-json\/wp\/v2\/users\/15"}],"replies":[{"embeddable":true,"href":"https:\/\/undetectable.ai/blog\/hu\/wp-json\/wp\/v2\/comments?post=11761"}],"version-history":[{"count":13,"href":"https:\/\/undetectable.ai/blog\/hu\/wp-json\/wp\/v2\/posts\/11761\/revisions"}],"predecessor-version":[{"id":15699,"href":"https:\/\/undetectable.ai/blog\/hu\/wp-json\/wp\/v2\/posts\/11761\/revisions\/15699"}],"wp:featuredmedia":[{"embeddable":true,"href":"https:\/\/undetectable.ai/blog\/hu\/wp-json\/wp\/v2\/media\/11776"}],"wp:attachment":[{"href":"https:\/\/undetectable.ai/blog\/hu\/wp-json\/wp\/v2\/media?parent=11761"}],"wp:term":[{"taxonomy":"category","embeddable":true,"href":"https:\/\/undetectable.ai/blog\/hu\/wp-json\/wp\/v2\/categories?post=11761"},{"taxonomy":"post_tag","embeddable":true,"href":"https:\/\/undetectable.ai/blog\/hu\/wp-json\/wp\/v2\/tags?post=11761"}],"curies":[{"name":"wp","href":"https:\/\/api.w.org\/{rel}","templated":true}]}}