{"id":12027,"date":"2025-07-19T10:18:57","date_gmt":"2025-07-19T10:18:57","guid":{"rendered":"https:\/\/undetectable.ai/blog\/?p=12027"},"modified":"2025-10-29T16:30:15","modified_gmt":"2025-10-29T16:30:15","slug":"szukseges-e-kiserolevel","status":"publish","type":"post","link":"https:\/\/undetectable.ai/blog\/hu\/szukseges-e-kiserolevel","title":{"rendered":"Sz\u00fcks\u00e9g van-e k\u00eds\u00e9r\u0151lev\u00e9lre 2025-ben?"},"content":{"rendered":"<p>A digit\u00e1lis p\u00e1ly\u00e1zatok \u00e9s az ATS-rendszerek drasztikusan megv\u00e1ltoztatt\u00e1k az \u00e1ll\u00e1spiacot, \u00e9s sok \u00e1ll\u00e1skeres\u0151 szembes\u00fcl azzal a k\u00e9rd\u00e9ssel, hogy vajon a k\u00eds\u00e9r\u0151lev\u00e9l m\u00e9g mindig relev\u00e1ns-e?<\/p>\n\n\n\n<p>Ez nem ennyire fekete-feh\u00e9r; b\u00e1r nem kell minden esetben alkalmazni \u0151ket, a megfelel\u0151 k\u00f6rnyezetben, strat\u00e9giai szinten alkalmazva \u00f3ri\u00e1si el\u0151ny\u00f6kkel j\u00e1rhatnak.<\/p>\n\n\n\n<p>Ebben a r\u00e9szben arr\u00f3l lesz sz\u00f3, hogy mikor kell k\u00eds\u00e9r\u0151levelet haszn\u00e1lnod az \u00e1ll\u00e1skeres\u00e9s sor\u00e1n, mikor ker\u00fclheted el nyugodtan a haszn\u00e1lat\u00e1t, mi a val\u00f3s\u00e1g a toborz\u00f3k meg\u00edt\u00e9l\u00e9se m\u00f6g\u00f6tt, \u00e9s hogyan v\u00e1laszthatod ki a legjobbat az ig\u00e9nyeid \u00e9s hossz\u00fa t\u00e1v\u00fa c\u00e9ljaid szempontj\u00e1b\u00f3l.<\/p>\n\n\n\n<hr class=\"wp-block-separator has-alpha-channel-opacity\"\/>\n\n\n\n<p class=\"has-text-align-center\"><strong>A legfontosabb tudnival\u00f3k<\/strong><\/p>\n\n\n\n<ul class=\"wp-block-list\">\n<li>A k\u00eds\u00e9r\u0151lev\u00e9lre nem mindig van sz\u00fcks\u00e9g, de sok esetben el\u0151nyt jelenthet.<\/li>\n<\/ul>\n\n\n\n<p><\/p>\n\n\n\n<ul class=\"wp-block-list\">\n<li>A k\u00eds\u00e9r\u0151lev\u00e9l akkor a leghasznosabb, ha karrier\u00e1tmenetr\u0151l, versenyk\u00e9pes \u00e1ll\u00e1sokr\u00f3l van sz\u00f3, \u00e9s ha meggy\u0151z\u0151 t\u00f6rt\u00e9netekkel tudsz szolg\u00e1lni.<\/li>\n<\/ul>\n\n\n\n<p><\/p>\n\n\n\n<ul class=\"wp-block-list\">\n<li>Egy j\u00f3l meg\u00edrt, c\u00e9lzott k\u00eds\u00e9r\u0151lev\u00e9l b\u00e1rmikor gy\u0151z egy \u00e1ltal\u00e1nos k\u00eds\u00e9r\u0151lev\u00e9llel szemben.<\/li>\n<\/ul>\n\n\n\n<p><\/p>\n\n\n\n<ul class=\"wp-block-list\">\n<li>Vannak bizonyos szakm\u00e1k \u00e9s \u00e1gazatok, amelyekhez k\u00eds\u00e9r\u0151lev\u00e9lre van sz\u00fcks\u00e9g.<\/li>\n<\/ul>\n\n\n\n<p><\/p>\n\n\n\n<ul class=\"wp-block-list\">\n<li>A modern eszk\u00f6z\u00f6k seg\u00edts\u00e9g\u00e9vel hat\u00e9konyan k\u00e9sz\u00edthet szem\u00e9lyre szabott, professzion\u00e1lis leveleket.<\/li>\n<\/ul>\n\n\n\n<p><\/p>\n\n\n\n<hr class=\"wp-block-separator has-alpha-channel-opacity\"\/>\n\n\n\n<h2 class=\"wp-block-heading\">M\u00e9g mindig sz\u00e1m\u00edtanak a motiv\u00e1ci\u00f3s levelek?<\/h2>\n\n\n<div class=\"wp-block-image\">\n<figure class=\"aligncenter size-large\"><img loading=\"lazy\" decoding=\"async\" width=\"1024\" height=\"683\" src=\"https:\/\/undetectable.ai/blog\/wp-content\/uploads\/2025\/07\/cover-letter-necessary-003-1024x683.jpg\" alt=\"F\u00e9rfi \u00e9s n\u0151 az asztal k\u00f6zel\u00e9ben\" class=\"wp-image-12040\" title=\"\" srcset=\"https:\/\/undetectable.ai/blog\/wp-content\/uploads\/2025\/07\/cover-letter-necessary-003-1024x683.jpg 1024w, https:\/\/undetectable.ai/blog\/wp-content\/uploads\/2025\/07\/cover-letter-necessary-003-300x200.jpg 300w, https:\/\/undetectable.ai/blog\/wp-content\/uploads\/2025\/07\/cover-letter-necessary-003-768x512.jpg 768w, https:\/\/undetectable.ai/blog\/wp-content\/uploads\/2025\/07\/cover-letter-necessary-003-18x12.jpg 18w, https:\/\/undetectable.ai/blog\/wp-content\/uploads\/2025\/07\/cover-letter-necessary-003.jpg 1200w\" sizes=\"auto, (max-width: 1024px) 100vw, 1024px\" \/><\/figure><\/div>\n\n\n<p>A k\u00eds\u00e9r\u0151levelek hal\u00e1l\u00e1t j\u00f3sl\u00f3 el\u0151rejelz\u00e9sek ellen\u00e9re m\u00e9g mindig d\u00f6nt\u0151 jelent\u0151s\u00e9g\u0171ek. <\/p>\n\n\n\n<p><a href=\"https:\/\/resumegenius.com\/blog\/cover-letter-help\/cover-letter-statistics\" target=\"_blank\" rel=\"noreferrer noopener\">A rece szerint<\/a><a href=\"https:\/\/resumegenius.com\/blog\/cover-letter-help\/cover-letter-statistics\" target=\"_blank\" rel=\"noopener\">nt felm\u00e9r\u00e9sek<\/a>, a felv\u00e9teli menedzserek 83%-je olvassa el a k\u00eds\u00e9r\u0151leveleket, amikor azok jelen vannak, \u00e9s 94%-\u00fck haszn\u00e1lja a k\u00eds\u00e9r\u0151leveleket az \u00edt\u00e9letalkot\u00e1s sor\u00e1n, vagy seg\u00edt az \u00edt\u00e9let kialak\u00edt\u00e1s\u00e1ban. <\/p>\n\n\n\n<p>Mindazon\u00e1ltal a k\u00eds\u00e9r\u0151levelek hat\u00e1sa az ipar\u00e1gt\u00f3l, a munkak\u00f6r szintj\u00e9t\u0151l \u00e9s a v\u00e1llalat kultur\u00e1lis alkalmazkod\u00e1s\u00e1t\u00f3l f\u00fcgg\u0151en elt\u00e9r\u0151.<\/p>\n\n\n\n<p>A m\u0171szaki p\u00e1ly\u00e1kon a k\u00e9szs\u00e9galap\u00fa felv\u00e9tel \u00e9s a portf\u00f3li\u00f3vizsg\u00e1lat ir\u00e1ny\u00e1ba mutat\u00f3 tendencia miatt a k\u00eds\u00e9r\u0151levelek jelent\u0151s\u00e9ge cs\u00f6kkent. <\/p>\n\n\n\n<p>A mintak\u00f3dok, a GitHub t\u00e1rol\u00f3k \u00e9s a technikai tesztek gyakran nagyobb priorit\u00e1st \u00e9lveznek ezekben az \u00e1gazatokban, mint az \u00edr\u00e1sbeli \u00e9rdekl\u0151d\u00e9si \u00e9s k\u00e9szs\u00e9gnyilatkozatok.<\/p>\n\n\n\n<p>\u00c9ppen ellenkez\u0151leg, az olyan ter\u00fcleteken, ahol piaci, PR, tudom\u00e1nyos vagy tan\u00e1csad\u00f3i ismeretekre van sz\u00fcks\u00e9g; <a href=\"https:\/\/undetectable.ai\/blog\/what-should-a-cover-letter-include\/\" target=\"_blank\" rel=\"noopener\">fedezd a  c\u00edmet.<\/a><a href=\"https:\/\/undetectable.ai\/blog\/what-should-a-cover-letter-include\/\" target=\"_blank\" rel=\"noreferrer noopener\"> l<\/a><a href=\"https:\/\/undetectable.ai\/blog\/what-should-a-cover-letter-include\/\" target=\"_blank\" rel=\"noopener\">etters<\/a> mindig nagy a kereslet. <\/p>\n\n\n\n<p>Ezek az ipar\u00e1gak mag\u00e1t a k\u00eds\u00e9r\u0151levelet is \u00edr\u00e1smint\u00e1nak tekintik, amely a kommunik\u00e1ci\u00f3s k\u00e9szs\u00e9geket mutatja be. <\/p>\n\n\n\n<p>Az, hogy mennyire sz\u00fcks\u00e9ges a k\u00eds\u00e9r\u0151lev\u00e9l, legink\u00e1bb az adott ipar\u00e1gt\u00f3l f\u00fcgg.&nbsp;<\/p>\n\n\n\n<h2 class=\"wp-block-heading\">Mit tesz egy k\u00eds\u00e9r\u0151lev\u00e9l<\/h2>\n\n\n\n<p>A k\u00eds\u00e9r\u0151lev\u00e9l sz\u00e1mos olyan c\u00e9lt szolg\u00e1lhat, amelyet egy \u00f6n\u00e9letrajz \u00f6nmag\u00e1ban soha nem tudna kiel\u00e9g\u00edteni. <\/p>\n\n\n\n<p>Ez \u00f6sszef\u00fcgg\u00e9st biztos\u00edt a munkahelyv\u00e1lt\u00e1shoz, megmagyar\u00e1zza a foglalkoztat\u00e1si hi\u00e1nyoss\u00e1gokat, \u00e9s lehet\u0151v\u00e9 teszi, hogy bizony\u00edtsa, hogy elolvasta a v\u00e1llalat k\u00f6vetelm\u00e9nyeit \u00e9s kult\u00far\u00e1j\u00e1t. <\/p>\n\n\n\n<p>Mindenekel\u0151tt lehet\u0151v\u00e9 teszi, hogy olyan elbesz\u00e9l\u00e9st ny\u00fajtson be, amely a tapasztalatait egy adott munkak\u00f6rh\u00f6z kapcsolja.<\/p>\n\n\n\n<p>A motiv\u00e1ci\u00f3s levelek olyan m\u00e9rt\u00e9kben mutatj\u00e1k meg az \u00d6n szem\u00e9lyis\u00e9g\u00e9t \u00e9s kommunik\u00e1ci\u00f3s st\u00edlus\u00e1t, amelyet a felsorol\u00e1s \u00e9s az \u00e1ll\u00e1sle\u00edr\u00e1sok soha nem tudnak kifejezni. <\/p>\n\n\n\n<p>Nemcsak azt mutatj\u00e1k meg a munk\u00e1ltat\u00f3knak, hogy \u00d6n k\u00e9pes ismereteket \u00f6sszegy\u0171jteni \u00e9s logikus \u00e9rveket felsorakoztatni, hanem azt is lehet\u0151v\u00e9 teszik, hogy egy adott csoport sz\u00e1m\u00e1ra aktu\u00e1lis \u00fczenetet k\u00f6zvet\u00edtsen.&nbsp;<\/p>\n\n\n\n<p>Az egyes \u00e1ll\u00e1sp\u00e1ly\u00e1zatokra szabott k\u00eds\u00e9r\u0151levelek meg\u00edr\u00e1sa nagyon hektikus \u00e9s id\u0151ig\u00e9nyes lehet. De a mi <a href=\"https:\/\/undetectable.ai\/cover-letter-generator\" target=\"_blank\" rel=\"noreferrer noopener\">Bor\u00edt\u00f3lap gener\u00e1tor<\/a> seg\u00edts\u00e9g\u00e9vel nagyon gyorsan \u00e9s hat\u00e9konyan \u00edrhat szem\u00e9lyes, szakmai leveleket. <\/p>\n\n\n\n<p>A poz\u00edci\u00f3ra \u00e9s az \u00d6n tapasztalat\u00e1ra vonatkoz\u00f3 inform\u00e1ci\u00f3k birtok\u00e1ban olyan szem\u00e9lyre szabott k\u00eds\u00e9r\u0151leveleket k\u00e9sz\u00edthet, amelyek a munkak\u00f6rrel kapcsolatos relev\u00e1ns ig\u00e9nyeket k\u00f6zvet\u00edtik, \u00e9s m\u00e9gis <a href=\"https:\/\/undetectable.ai\/blog\/change-ai-writing-to-human\/\" target=\"_blank\" rel=\"noreferrer noopener\">\u00fagy hangzik, mintha<\/a>, kik\u00fcsz\u00f6b\u00f6lve ezzel a jelentkez\u00e9si folyamattal j\u00e1r\u00f3 sok stresszt.<\/p>\n\n\n<div class=\"wp-block-image\">\n<figure class=\"aligncenter size-full\"><img loading=\"lazy\" decoding=\"async\" width=\"681\" height=\"245\" src=\"https:\/\/undetectable.ai/blog\/wp-content\/uploads\/2025\/04\/AI-Cover-Letter-Generator.jpg\" alt=\"Pillanatk\u00e9p az Undetectable AI&#039;s Cover Letter Generator-r\u00f3l\" class=\"wp-image-8192\" title=\"\" srcset=\"https:\/\/undetectable.ai/blog\/wp-content\/uploads\/2025\/04\/AI-Cover-Letter-Generator.jpg 681w, https:\/\/undetectable.ai/blog\/wp-content\/uploads\/2025\/04\/AI-Cover-Letter-Generator-300x108.jpg 300w, https:\/\/undetectable.ai/blog\/wp-content\/uploads\/2025\/04\/AI-Cover-Letter-Generator-18x6.jpg 18w\" sizes=\"auto, (max-width: 681px) 100vw, 681px\" \/><\/figure><\/div>\n\n\n<h3 class=\"wp-block-heading\">C\u00edmezd el a p\u00e1ly\u00e1zataidat, mint egy profi<\/h3>\n\n\n\n<p>A nagyszer\u0171 \u00edr\u00e1s csak a csata fele - hogyan <strong>jelen<\/strong> az \u00d6n jelentkez\u00e9se is sz\u00e1m\u00edt. Haszn\u00e1lja \u00e9szrevehetetlen AI-inket <strong><a href=\"https:\/\/undetectable.ai\/title-generator\" target=\"_blank\" rel=\"noreferrer noopener\">AI c\u00edmgener\u00e1tor<\/a><\/strong> hogy tiszta, professzion\u00e1lis c\u00edmeket k\u00e9sz\u00edtsen a motiv\u00e1ci\u00f3s levelekhez, \u00f6n\u00e9letrajzokhoz, s\u0151t, m\u00e9g az e-mailek t\u00e1rgysoraihoz is.<\/p>\n\n\n<div class=\"wp-block-image\">\n<figure class=\"aligncenter size-large\"><img loading=\"lazy\" decoding=\"async\" width=\"1024\" height=\"436\" src=\"https:\/\/undetectable.ai/blog\/wp-content\/uploads\/2024\/10\/AI-Title-Generator-1024x436.jpeg\" alt=\"\" class=\"wp-image-15440\" title=\"\" srcset=\"https:\/\/undetectable.ai/blog\/wp-content\/uploads\/2024\/10\/AI-Title-Generator-1024x436.jpeg 1024w, https:\/\/undetectable.ai/blog\/wp-content\/uploads\/2024\/10\/AI-Title-Generator-300x128.jpeg 300w, https:\/\/undetectable.ai/blog\/wp-content\/uploads\/2024\/10\/AI-Title-Generator-768x327.jpeg 768w, https:\/\/undetectable.ai/blog\/wp-content\/uploads\/2024\/10\/AI-Title-Generator-1536x654.jpeg 1536w, https:\/\/undetectable.ai/blog\/wp-content\/uploads\/2024\/10\/AI-Title-Generator-18x8.jpeg 18w, https:\/\/undetectable.ai/blog\/wp-content\/uploads\/2024\/10\/AI-Title-Generator.jpeg 1726w\" sizes=\"auto, (max-width: 1024px) 100vw, 1024px\" \/><\/figure><\/div>\n\n\n<p>Adja meg a szerepk\u00f6rt, a csapatot \u00e9s az id\u0151tartamot (pl. \"Product Marketing Intern, Summer 2025\"), \u00e9s olyan csiszolt lehet\u0151s\u00e9geket kap, amelyek j\u00f3l olvashat\u00f3k a postal\u00e1d\u00e1ban vagy az ATS-ben. Gondolkodj!<\/p>\n\n\n\n<ul class=\"wp-block-list\">\n<li><code>Szoftverfejleszt\u0151 gyakornok - Motiv\u00e1ci\u00f3s lev\u00e9l - [Az \u00d6n neve]<\/code><\/li>\n\n\n\n<li><code>UX Research Intern - Portf\u00f3li\u00f3 - Esettanulm\u00e1nyok<\/code><\/li>\n\n\n\n<li>E-mail t\u00e1rgya: <code>Alkalmaz\u00e1s: [Az \u00d6n neve]<\/code><br>Apr\u00f3 r\u00e9szlet, a professzionalizmus nagy jele.<\/li>\n<\/ul>\n\n\n\n<h2 class=\"wp-block-heading\">Mikor van sz\u00fcks\u00e9g k\u00eds\u00e9r\u0151lev\u00e9lre<\/h2>\n\n\n\n<p>\u00cdme n\u00e9h\u00e1ny ok, ami\u00e9rt sz\u00fcks\u00e9g lehet k\u00eds\u00e9r\u0151lev\u00e9lre:<\/p>\n\n\n\n<ul class=\"wp-block-list\">\n<li><strong>Karrierv\u00e1lt\u00e1s:<\/strong> Sz\u00fcks\u00e9ge van egy k\u00eds\u00e9r\u0151lev\u00e9lre, amely bemutatja, hogy az \u00d6n \u00e1tvihet\u0151 szaktud\u00e1sa hogyan alkalmazhat\u00f3 az \u00faj munkahelyen vagy ipar\u00e1gban. Ilyen kontextus n\u00e9lk\u00fcl a felv\u00e9telt v\u00e9gz\u0151 vezet\u0151k nem biztos, hogy \u00e9rt\u00e9kelni fogj\u00e1k, hogy az \u00d6n h\u00e1ttere mennyire j\u00f3l illeszkedik az \u0151 <a href=\"https:\/\/undetectable.ai\/blog\/how-to-use-ai-to-get-a-job\/\" target=\"_blank\" rel=\"noreferrer noopener\">munkak\u00f6ri k\u00f6vetelm\u00e9nyek<\/a>. K\u00f6z\u00f6lheti, hogy mi\u00e9rt \u00e9rkezik a fed\u00e9lzetre, \u00e9s hogy kor\u00e1bbi tapasztalatai mi\u00e9rt jelentenek k\u00fcl\u00f6nleges \u00e9rt\u00e9ket a csapatuk sz\u00e1m\u00e1ra.<br><\/li>\n\n\n\n<li><strong>K\u00f6telez\u0151 dokumentumk\u00e9nt:<\/strong> Ennek a l\u00e9p\u00e9snek a kihagy\u00e1sa a r\u00e9szletekre val\u00f3 odafigyel\u00e9s hi\u00e1ny\u00e1t jelzi, ami a legt\u00f6bb munk\u00e1ltat\u00f3 sz\u00e1m\u00e1ra azonnali elutas\u00edt\u00e1st jelent. Azok a szervezetek, amelyek k\u00eds\u00e9r\u0151levelet k\u00e9rnek, \u00e1ltal\u00e1ban felhaszn\u00e1lj\u00e1k azt a jelentkez\u00e9si folyamat sor\u00e1n, \u00edgy ha nem csatolsz egyet, akkor a jelentkez\u00e9sed hi\u00e1nyos lesz, \u00e9s m\u00e1r azel\u0151tt ronthatod az es\u00e9lyeidet, hogy a szervezet megvitatn\u00e1 a k\u00e9pzetts\u00e9gedet.<br><\/li>\n\n\n\n<li><strong>Hagyom\u00e1nyos ipar\u00e1gak:<\/strong> A jog, a p\u00e9nz\u00fcgy, a korm\u00e1nyzat \u00e9s a tan\u00e1csad\u00e1s tipikusan elv\u00e1rja, hogy a k\u00eds\u00e9r\u0151levelek a szok\u00e1sos gyakorlat \u00e9s a szakmai protokoll r\u00e9sz\u00e9t k\u00e9pezz\u00e9k. Ezek az ipar\u00e1gak gyakran hivatalos felv\u00e9teli elj\u00e1r\u00e1sokat tartanak fenn, amelyek sor\u00e1n a k\u00eds\u00e9r\u0151levelek bizony\u00edtj\u00e1k, hogy \u00d6n ismeri az \u00fczleti kommunik\u00e1ci\u00f3s norm\u00e1kat. Ha ezekben az \u00e1gazatokban nem mell\u00e9kel levelet, \u00fagy t\u0171nhet, hogy nem ismeri az ipar\u00e1gi norm\u00e1kat \u00e9s elv\u00e1r\u00e1sokat.<br><\/li>\n\n\n\n<li><strong>Versenyk\u00e9pes poz\u00edci\u00f3k:<\/strong> Sz\u00fcks\u00e9g van-e k\u00eds\u00e9r\u0151lev\u00e9lre az \u00f6n\u00e9letrajzhoz a versenypiacon? Felt\u00e9tlen\u00fcl. Amikor t\u00f6bb tucat vagy ak\u00e1r t\u00f6bb sz\u00e1z k\u00e9pzett szem\u00e9ly jelentkezik ugyanarra az \u00e1ll\u00e1sra, a k\u00eds\u00e9r\u0151lev\u00e9l lehet a kulcs az interj\u00fa elnyer\u00e9s\u00e9hez. K\u00fcl\u00f6n\u00f6sen hasznos az olyan \u00e1ll\u00e1sokban, amelyek sok kreativit\u00e1st, strat\u00e9giai megk\u00f6zel\u00edt\u00e9st vagy az \u00fcgyf\u00e9llel val\u00f3 munk\u00e1t ig\u00e9nyelnek, ahol a kommunik\u00e1ci\u00f3s k\u00e9szs\u00e9geknek kell els\u0151 helyen \u00e1llniuk.<br><\/li>\n\n\n\n<li><strong>Foglalkoztat\u00e1si hi\u00e1nyoss\u00e1gok vagy agg\u00e1lyok:<\/strong> Ez lehet\u0151s\u00e9get ad arra, hogy a p\u00e1ly\u00e1zati anyag\u00e1ban szerepl\u0151 esetleges probl\u00e9m\u00e1kat m\u00e9g azel\u0151tt kezelje, hogy az \u00fczletet meghi\u00fas\u00edt\u00f3 t\u00e9nyez\u0151v\u00e9 v\u00e1lna. Az indokok ellen\u00e9re (kapott szabads\u00e1g, <a href=\"https:\/\/www.gov.uk\/career-breaks\" target=\"_blank\" rel=\"noreferrer noopener\">karrier sz\u00fcnetek<\/a>, tov\u00e1bbk\u00e9pz\u00e9s vagy elbocs\u00e1t\u00e1s), a k\u00eds\u00e9r\u0151lev\u00e9l lehet\u0151s\u00e9get ad arra, hogy ezeket a k\u00f6r\u00fclm\u00e9nyeket pozit\u00edvan \u00e1tfogalmazza, \u00e9s a figyelmet az \u00d6n kompetenci\u00e1ira \u00e9s a munkafolyamatba val\u00f3 visszat\u00e9r\u00e9s ir\u00e1nti lelkesed\u00e9s\u00e9re ir\u00e1ny\u00edtsa.<\/li>\n<\/ul>\n\n\n\n<h2 class=\"wp-block-heading\">Amikor kihagyhatja a k\u00eds\u00e9r\u0151levelet<\/h2>\n\n\n<div class=\"wp-block-image\">\n<figure class=\"aligncenter size-large\"><img loading=\"lazy\" decoding=\"async\" width=\"1024\" height=\"683\" src=\"https:\/\/undetectable.ai/blog\/wp-content\/uploads\/2025\/07\/cover-letter-necessary-001-1024x683.jpg\" alt=\"Apple Magic Mouse-t tart\u00f3 szem\u00e9ly\" class=\"wp-image-12038\" title=\"\" srcset=\"https:\/\/undetectable.ai/blog\/wp-content\/uploads\/2025\/07\/cover-letter-necessary-001-1024x683.jpg 1024w, https:\/\/undetectable.ai/blog\/wp-content\/uploads\/2025\/07\/cover-letter-necessary-001-300x200.jpg 300w, https:\/\/undetectable.ai/blog\/wp-content\/uploads\/2025\/07\/cover-letter-necessary-001-768x512.jpg 768w, https:\/\/undetectable.ai/blog\/wp-content\/uploads\/2025\/07\/cover-letter-necessary-001-18x12.jpg 18w, https:\/\/undetectable.ai/blog\/wp-content\/uploads\/2025\/07\/cover-letter-necessary-001.jpg 1200w\" sizes=\"auto, (max-width: 1024px) 100vw, 1024px\" \/><\/figure><\/div>\n\n\n<p>\u00cdme n\u00e9h\u00e1ny ok, ami\u00e9rt nincs sz\u00fcks\u00e9ged k\u00eds\u00e9r\u0151lev\u00e9lre:<\/p>\n\n\n\n<ul class=\"wp-block-list\">\n<li><strong>Technol\u00f3giai c\u00e9gek \u00e9s startupok Alkalmaz\u00e1sok:<\/strong> Sz\u00e1mos ilyen c\u00e9get ink\u00e1bb a portf\u00f3li\u00f3k, munkamint\u00e1k \u00e9s m\u0171szaki kompetenci\u00e1k \u00e9rdekelnek, mint az \u00edr\u00e1sos dokument\u00e1ci\u00f3. Ezek a c\u00e9gek egyszer\u0171s\u00edtett jelentkez\u00e9si elj\u00e1r\u00e1sokkal rendelkeznek, amelyek az \u00edr\u00e1sk\u00e9szs\u00e9g helyett a gyakorlati munk\u00e1ra \u00f6sszpontos\u00edtanak.<br><br>A GitHubon tal\u00e1lhat\u00f3 projektt\u00e1rad vagy portf\u00f3li\u00f3d \u00e1ltal\u00e1ban nagyobb jelent\u0151s\u00e9ggel b\u00edr, mint a k\u00eds\u00e9r\u0151lev\u00e9l, ha m\u00e9rn\u00f6ki, fejleszt\u00e9si vagy adattudom\u00e1nyos \u00e1ll\u00e1sokra p\u00e1ly\u00e1zol.<\/li>\n<\/ul>\n\n\n\n<ul class=\"wp-block-list\">\n<li><strong>Gyorsan alkalmazhat\u00f3 \u00e1ll\u00e1splatformok: <\/strong>A LinkedIn \u00e9s az Indeed egykattint\u00e1sos alkalmaz\u00e1sokkal rendelkezik, amelyek nem a k\u00f6vetkez\u0151kre \u00f6sszpontos\u00edtanak <a href=\"https:\/\/www.careers.ox.ac.uk\/cover-letters\" target=\"_blank\" rel=\"noreferrer noopener\">terjedelmes anyag<\/a>. Ezek az oldalak gyorsak \u00e9s nagy mennyis\u00e9get k\u00edn\u00e1lnak, \u00edgy a toborz\u00f3k gyorsan kereshetnek a jelentkez\u0151k mennyis\u00e9ge k\u00f6z\u00f6tt. A k\u00eds\u00e9r\u0151levelek nem megfelel\u0151ek vagy nem hat\u00e9konyak a rendszerben, mert az egy\u00e9ni t\u00f6rt\u00e9netek helyett az \u00f6n\u00e9letrajzok egyez\u00e9s\u00e9n \u00e9s a puszta k\u00f6vetelm\u00e9nyeken alapul.<br><\/li>\n\n\n\n<li><strong>Nincs felt\u00f6lt\u00e9si lehet\u0151s\u00e9g:<\/strong> Ha a jelentkez\u00e9si port\u00e1lon vagy a mez\u0151ben nincs k\u00eds\u00e9r\u0151lev\u00e9l opci\u00f3, az azt jelenti, hogy a v\u00e1llalat sz\u00e1nd\u00e9kosan \u00fagy tervezte meg a folyamatot, hogy kiz\u00e1rja azt. Ha a k\u00eds\u00e9r\u0151levelet m\u00e1s mez\u0151kbe val\u00f3 beilleszt\u00e9ssel pr\u00f3b\u00e1lj\u00e1k meg belek\u00e9nyszer\u00edteni ezekbe a rendszerekbe, az tolakod\u00f3nak t\u0171nhet, vagy az utas\u00edt\u00e1sok k\u00f6vet\u00e9s\u00e9re val\u00f3 k\u00e9ptelens\u00e9gr\u0151l \u00e1rulkodhat.<br><\/li>\n\n\n\n<li><strong>Bels\u0151 alkalmaz\u00e1sok:<\/strong> A k\u00eds\u00e9r\u0151lev\u00e9l sz\u00fcks\u00e9gtelen lehet, ha olyan helyre jelentkezik, ahol a felv\u00e9teli menedzserek m\u00e1r ismerik az \u00d6n munk\u00e1j\u00e1t \u00e9s k\u00e9szs\u00e9geit. A munkat\u00f6rt\u00e9nete, a munkateljes\u00edtm\u00e9nyr\u0151l sz\u00f3l\u00f3 jelent\u00e9sek \u00e9s a munkat\u00e1rsakkal val\u00f3 jelenlegi interakci\u00f3k tov\u00e1bbi kontextust adnak, amelyet a v\u00e1llalaton k\u00edv\u00fcli jel\u00f6lteknek k\u00eds\u00e9r\u0151lev\u00e9lben kell fel\u00e9p\u00edteni\u00fck. Az \u00d6n h\u00edrneve \u00e9s ismert munkamin\u0151s\u00e9ge hangosabban besz\u00e9l, mint egy lev\u00e9l.<br><\/li>\n\n\n\n<li><strong>Aj\u00e1nl\u00e1sok:<\/strong> A koll\u00e9g\u00e1k vagy \u00fcgyfelek szem\u00e9lyes j\u00f3v\u00e1hagy\u00e1sa t\u00f6bbet \u00e9rhet, mint egy k\u00eds\u00e9r\u0151lev\u00e9l, k\u00fcl\u00f6n\u00f6sen, ha hiteles koll\u00e9g\u00e1k vagy \u00fcgyfelek adj\u00e1k azt. A k\u00eds\u00e9r\u0151lev\u00e9l kev\u00e9sb\u00e9 fontos lehet, ha a d\u00f6nt\u00e9shoz\u00f3 m\u00e1r megbesz\u00e9lte a felv\u00e9teli vezet\u0151vel az \u00d6n referenci\u00e1it, \u00e9s a t\u00e1mogat\u00e1s\u00e1val meg\u00e1llap\u00edtotta, hogy \u00d6n alkalmas \u00e9s \u00e9rdekl\u0151d\u0151.<\/li>\n<\/ul>\n\n\n\n<h2 class=\"wp-block-heading\">Mit mondanak a felv\u00e9teli menedzserek<\/h2>\n\n\n\n<p>A felv\u00e9teli menedzserekkel folytatott besz\u00e9lget\u00e9sek vegyes n\u00e9z\u0151pontokat mutatnak a k\u00eds\u00e9r\u0151lev\u00e9l \u00e9rt\u00e9k\u00e9vel kapcsolatban. <\/p>\n\n\n\n<p>Sokan jelzik, hogy ha van k\u00eds\u00e9r\u0151lev\u00e9l, akkor azt elolvass\u00e1k, de nem z\u00e1rj\u00e1k ki automatikusan azokat a jel\u00f6lteket, akik nem adnak be k\u00eds\u00e9r\u0151levelet. A k\u00eds\u00e9r\u0151lev\u00e9l min\u0151s\u00e9ge t\u00f6bbet sz\u00e1m\u00edt, mint a puszta megl\u00e9te.<\/p>\n\n\n\n<p>Egy marketing\u00fcgyn\u00f6ks\u00e9g tehets\u00e9gkutat\u00f3 menedzsere sz\u00edvesen fogad olyan motiv\u00e1ci\u00f3s leveleket, amelyek a c\u00e9ggel kapcsolatos kutat\u00e1sr\u00f3l \u00e9s a szerepk\u00f6r konkr\u00e9t meg\u00e9rt\u00e9s\u00e9r\u0151l tan\u00faskodnak. <\/p>\n\n\n\n<p>Az ilyen \u00fcgyn\u00f6ks\u00e9geknek k\u00fcld\u00f6tt \u00e1ltal\u00e1nos levelek \u00e1rtanak a jel\u00f6lteknek, mert ez az er\u0151fesz\u00edt\u00e9s hi\u00e1ny\u00e1t mutatja.<\/p>\n\n\n\n<p>M\u00e1sr\u00e9szt a m\u0171szaki felv\u00e9teli menedzserek gyakran m\u00e1s priorit\u00e1sokat fogalmaznak meg. \u0150k tal\u00e1n 30 m\u00e1sodpercet t\u00f6ltenek a k\u00eds\u00e9r\u0151lev\u00e9llel, miel\u0151tt r\u00e1t\u00e9rn\u00e9nek az \u00f6n\u00e9letrajzra \u00e9s a portf\u00f3li\u00f3ra. <\/p>\n\n\n\n<p>A technikai szerepek eset\u00e9ben sokkal ink\u00e1bb a GitHub-aktivit\u00e1suk \u00e9s a probl\u00e9mamegold\u00f3 megk\u00f6zel\u00edt\u00e9s\u00fck \u00e9rdekli \u0151ket.<\/p>\n\n\n\n<p>Mindazon\u00e1ltal a toborz\u00f3k mindezen ter\u00fcleteken meger\u0151s\u00edtik, hogy egy l\u00e1tv\u00e1nyos k\u00eds\u00e9r\u0151lev\u00e9l jelentheti a k\u00fcl\u00f6nbs\u00e9get. <\/p>\n\n\n\n<p>\u00c9lvezik, hogy ez seg\u00edthet az esetleges fenntart\u00e1saik (p\u00e9ld\u00e1ul a munkan\u00e9lk\u00fclis\u00e9gi id\u0151szakok) kezel\u00e9s\u00e9ben, a komoly lelkesed\u00e9s meggy\u0151z\u0151d\u00e9s\u00e9nek bizony\u00edt\u00e1s\u00e1ban, valamint egy\u00e9rtelm\u0171 p\u00e9ld\u00e1kat k\u00edn\u00e1l a megfelel\u0151 ter\u00fcleteken el\u00e9rt sikerekre.<\/p>\n\n\n\n<h2 class=\"wp-block-heading\">A k\u00eds\u00e9r\u0151lev\u00e9l k\u00fcld\u00e9s\u00e9nek el\u0151nyei \u00e9s h\u00e1tr\u00e1nyai<\/h2>\n\n\n\n<p>Az al\u00e1bbiakban t\u00f6bb okot is felsorolunk, ami\u00e9rt a k\u00eds\u00e9r\u0151lev\u00e9l elk\u00fcld\u00e9se er\u0151s\u00edtheti vagy gyeng\u00edtheti a jelentkez\u00e9s\u00e9t:<\/p>\n\n\n\n<h4 class=\"wp-block-heading\">El\u0151ny\u00f6k<\/h4>\n\n\n\n<p>\u00cdme a k\u00eds\u00e9r\u0151lev\u00e9l k\u00fcld\u00e9s\u00e9nek el\u0151nyei:<\/p>\n\n\n\n<ul class=\"wp-block-list\">\n<li><strong>T\u0171nj\u00f6n ki a versenyz\u0151 medenc\u00e9kb\u0151l: <\/strong>A motiv\u00e1ci\u00f3s levelek kiemelik \u00d6nt a t\u00f6bbi p\u00e1ly\u00e1z\u00f3 k\u00f6z\u00fcl, mert t\u00f6bb olyan h\u00e1tteret \u00e9s szem\u00e9lyis\u00e9get adnak meg, amelyet az \u00f6n\u00e9letrajzok seg\u00edts\u00e9g\u00e9vel nem tud kifejezni. A j\u00f3l meg\u00edrt k\u00eds\u00e9r\u0151lev\u00e9l k\u00e9sz\u00edt\u00e9se nagyban befoly\u00e1solja a helyzetet.<br><\/li>\n\n\n\n<li><strong>Seg\u00edt az alkalmaz\u00e1s gyenges\u00e9geinek kezel\u00e9s\u00e9ben:<\/strong> Miel\u0151tt aggodalomra adna okot, a k\u00eds\u00e9r\u0151lev\u00e9l kedvez\u0151en megvil\u00e1g\u00edthatja a foglalkoztat\u00e1si hi\u00e1nyoss\u00e1gokat, a karrier v\u00e1ltoz\u00e1st vagy ak\u00e1r a kiss\u00e9 gyenge k\u00e9pzetts\u00e9get. Ez az agressz\u00edv v\u00e9dekez\u00e9si strat\u00e9gia lehet\u0151v\u00e9 teszi, hogy visszaszerezze a lehets\u00e9ges piros z\u00e1szl\u00f3kr\u00f3l sz\u00f3l\u00f3 narrat\u00edv\u00e1t, \u00e9s a hangs\u00falyt az \u00d6n er\u0151ss\u00e9geire, szenved\u00e9ly\u00e9re \u00e9s azokra az \u00e9rt\u00e9ket k\u00e9pvisel\u0151, \u00e1tvihet\u0151 k\u00e9szs\u00e9gekre helyezze \u00e1t, amelyek az \u00f6n\u00e9letrajz\u00e1b\u00f3l esetleg nem nyilv\u00e1nval\u00f3ak.<br><\/li>\n\n\n\n<li><strong>Szem\u00e9lyis\u00e9g \u00e9s kultur\u00e1lis illeszked\u00e9s bemutat\u00e1sa:<\/strong> A kommunik\u00e1ci\u00f3s st\u00edlust, az \u00e9rt\u00e9keket \u00e9s a lelkesed\u00e9st mutatja be a felsorol\u00e1son \u00e9s a munkak\u00f6r\u00f6k\u00f6n t\u00fal. A kult\u00far\u00e1ba val\u00f3 illeszked\u00e9s \u00e9s a felvett alkalmazottakkal val\u00f3 j\u00f3 egy\u00fcttm\u0171k\u00f6d\u00e9sre val\u00f3 k\u00e9pess\u00e9g tov\u00e1bbra is nagyon fontos param\u00e9terek maradnak, amikor egy\u00fcttm\u0171k\u00f6d\u00e9si szerepk\u00f6r\u00f6kre t\u00f6rt\u00e9n\u0151 felv\u00e9telt fontolgatunk.<br><\/li>\n\n\n\n<li><strong>Kontextus \u00e9s t\u00f6rt\u00e9netmes\u00e9l\u00e9s:<\/strong> A k\u00eds\u00e9r\u0151levelek az \u00d6n tapasztalatait az adott munkak\u00f6rben elv\u00e1rtakkal \u00f6sszef\u00fcgg\u00e9sben helyezik el, \u00e9s nemcsak azt mutatj\u00e1k meg, hogy mit tud, hanem azt is, hogy hogyan tudja ezeket elv\u00e9gezni. Az anekdot\u00e1kat k\u00f6nnyebb felid\u00e9zni, mint az eredm\u00e9nyek felsorol\u00e1s\u00e1t, \u00e9s lehet\u0151v\u00e9 teszik a felv\u00e9teli menedzser sz\u00e1m\u00e1ra, hogy meg\u00e9rtse, hogyan hoz d\u00f6nt\u00e9seket, mi\u00e9rt oldja meg a probl\u00e9m\u00e1kat \u00fagy, ahogyan teszi, \u00e9s mire k\u00e9pes a v\u00e1llalatn\u00e1l.<br><\/li>\n\n\n\n<li><strong>Er\u0151fesz\u00edt\u00e9st \u00e9s r\u00e9szletekre val\u00f3 odafigyel\u00e9st tan\u00fas\u00edt:<\/strong> A k\u00eds\u00e9r\u0151lev\u00e9l azt mutatja, hogy nem rohant\u00e1l el, \u00e9s nem egy \u00e1ltal\u00e1nos sablonokb\u00f3l \u00e1ll\u00f3 t\u00f6meges jelentkez\u00e9st k\u00fcldt\u00e9l el. Ehelyett t\u00e1j\u00e9koz\u00f3dott az \u00e1ll\u00e1sr\u00f3l, ut\u00e1nan\u00e9zett a v\u00e1llalatnak, le\u00fclt, \u00e9s egy \u00e1tgondolt p\u00e1ly\u00e1zatot k\u00e9sz\u00edtett. Az ilyen extra m\u00e9rf\u00f6ld az \u00e9rdekl\u0151d\u00e9st \u00e9s azt a fajta alaposs\u00e1got t\u00fckr\u00f6zi, amit a legt\u00f6bb munk\u00e1ltat\u00f3 elv\u00e1r a munkav\u00e1llal\u00f3it\u00f3l.<\/li>\n<\/ul>\n\n\n\n<h4 class=\"wp-block-heading\">H\u00e1tr\u00e1nyok<\/h4>\n\n\n\n<p>\u00cdme a k\u00eds\u00e9r\u0151lev\u00e9l k\u00fcld\u00e9s\u00e9nek h\u00e1tr\u00e1nyai:<\/p>\n\n\n\n<ul class=\"wp-block-list\">\n<li><strong>A gyenge v\u00e9grehajt\u00e1s magas kock\u00e1zata:<\/strong> A hib\u00e1s, \u00e1ltal\u00e1nos inform\u00e1ci\u00f3kat tartalmaz\u00f3 vagy hat\u00e1stalan hangv\u00e9tel\u0171 levelek m\u00e9g jobban \u00e1rthatnak a jelentkez\u00e9snek, mintha nem ny\u00fajtan\u00e1nak be k\u00eds\u00e9r\u0151levelet. A rossz nyelvtani, helyes\u00edr\u00e1si hib\u00e1k vagy a helytelen c\u00e9gnevek haszn\u00e1lata automatikusan kiz\u00e1rja \u00d6nt. A t\u00fals\u00e1gosan inform\u00e1lis vagy form\u00e1lis, a v\u00e1llalati kult\u00far\u00e1hoz nem kapcsol\u00f3d\u00f3 nyelvezet azt jelzi, hogy nincs j\u00f3 \u00edt\u00e9l\u0151k\u00e9pess\u00e9ge, \u00e9s nem v\u00e9gezte el a kutat\u00e1s\u00e1t.<br><\/li>\n\n\n\n<li><strong>Id\u0151ig\u00e9nyes folyamat:<\/strong> Ahhoz, hogy min\u0151s\u00e9gi leveleket \u00edrhasson, fel kell kutatnia a v\u00e1llalatot, meg kell ismernie a poz\u00edci\u00f3t, \u00e9s minden egyes levelet a v\u00e1llalatra kell szabnia, ami jelent\u0151sen lelass\u00edtja az \u00e1ll\u00e1skeres\u00e9st. Ez az id\u0151k\u00f6lts\u00e9g azt jelenti, hogy v\u00e9g\u00fcl kevesebb poz\u00edci\u00f3ra fog jelentkezni.<br><\/li>\n\n\n\n<li><strong>\u00c1ltal\u00e1nos levelek:<\/strong> Az unalmas nyit\u00f3sz\u00f6veggel \u00e9s sablonos sz\u00f6veggel ell\u00e1tott levelek lusta \u00e9s nem elk\u00f6telezettnek t\u0171nnek, \u00e9s bizonyos esetekben t\u00f6bb lehet\u0151s\u00e9gbe ker\u00fclnek, mintha egy\u00e1ltal\u00e1n nem k\u00fcld\u00f6tt volna semmit. A felv\u00e9teli menedzserek k\u00f6nnyen felismerik a formanyomtatv\u00e1nyleveleket, \u00e9s azt felt\u00e9telezik, hogy nem vetted a f\u00e1rads\u00e1got, hogy ut\u00e1nan\u00e9zz az egyedi \u00e9rdekl\u0151d\u00e9si k\u00f6r\u00fcknek vagy a v\u00e1llalati kult\u00far\u00e1nak, ami rossz els\u0151 benyom\u00e1st kelt.<\/li>\n<\/ul>\n\n\n\n<p>A legt\u00f6bb \u00e1ll\u00e1skeres\u0151 k\u00f6z\u00f6s probl\u00e9m\u00e1ja, hogy hogyan \u00edrjon olyan k\u00eds\u00e9r\u0151levelet, amely nem robotikus vagy t\u00fal hivatalos. <\/p>\n\n\n\n<p>A <a href=\"https:\/\/undetectable.ai\/ai-humanizer\" target=\"_blank\" rel=\"noreferrer noopener\">AI Humanizer<\/a> seg\u00edthet \u00d6nnek abban, hogy a robotikusan hangz\u00f3 \u00e1ltal\u00e1nos levelekb\u0151l olyan szem\u00e9lyes kapcsolatot alak\u00edtson ki, amely az \u00d6n hangsz\u00edn\u00e9re \u00e9s szem\u00e9lyis\u00e9g\u00e9re jellemz\u0151, \u00e9s amely a felv\u00e9teli menedzserek sz\u00e1m\u00e1ra a val\u00f3di \u00d6nt mutatja be.<\/p>\n\n\n<div class=\"wp-block-image\">\n<figure class=\"aligncenter size-large\"><img decoding=\"async\" src=\"https:\/\/undetectable.ai/blog\/wp-content\/uploads\/2025\/06\/Detector-and-Humanizer-1024x389.jpg\" alt=\"Az Undetectable AI k\u00e9perny\u0151k\u00e9p\u00e9n a fejlett AI Detector \u00e9s a Humanizer eszk\u00f6z\u00f6k fel\u00fclete l\u00e1that\u00f3\" class=\"wp-image-10230\" title=\"\"><\/figure><\/div>\n\n\n<h2 class=\"wp-block-heading\">Mit tegyen, ha nem biztos benne?<\/h2>\n\n\n\n<p>\u00cdme n\u00e9h\u00e1ny tipp, amit akkor is felhaszn\u00e1lhat, ha nem biztos benne, hogy \u00e9rdemes-e k\u00eds\u00e9r\u0151levelet k\u00fcldeni:<\/p>\n\n\n\n<ul class=\"wp-block-list\">\n<li><strong>V\u00e1llalati kult\u00fara \u00e9s ipar\u00e1gi norm\u00e1k kutat\u00e1sa:<\/strong> Olvasson a v\u00e1llalatr\u00f3l, kutassa fel a v\u00e1llalati honlapjukat, az el\u00e9rhet\u0151 \u00e1ll\u00e1slehet\u0151s\u00e9geket, a LinkedIn-profiljukat \u00e9s a v\u00e1llalati r\u00e9szeket, hogy tiszt\u00e1ban legyen azzal, hogyan kommunik\u00e1lnak \u00e9s mit haszn\u00e1lnak legsz\u00edvesebben.<br><br>Azok a c\u00e9gek, amelyek olyan mondatokat tettek k\u00f6zz\u00e9, mint p\u00e9ld\u00e1ul \"mes\u00e9ljen mag\u00e1r\u00f3l\" vagy \"magyar\u00e1zza el, mi\u00e9rt rajong \u00e9rt\u00fcnk\", val\u00f3sz\u00edn\u0171leg olyan c\u00e9gek, amelyek nagyobb jelent\u0151s\u00e9get tulajdon\u00edtanak a k\u00eds\u00e9r\u0151lev\u00e9lnek, mint azok, amelyek csak a technikai r\u00e9szletekre \u00e9s a k\u00e9pzetts\u00e9gre k\u00e9rdeznek r\u00e1.<br><\/li>\n\n\n\n<li><strong>Gondosan fontolja meg a szerepk\u00f6r k\u00f6vetelm\u00e9nyeit:<\/strong> A k\u00eds\u00e9r\u0151levelek k\u00fcl\u00f6n\u00f6sen hasznosak azon p\u00e1ly\u00e1z\u00f3k sz\u00e1m\u00e1ra, akiknek a poz\u00edci\u00f3ja ink\u00e1bb \u00edr\u00e1ssal, \u00fcgyfelekkel val\u00f3 kommunik\u00e1ci\u00f3val, marketinggel, \u00e9rt\u00e9kes\u00edt\u00e9ssel vagy strat\u00e9giai gondolkod\u00e1ssal, mint tiszt\u00e1n m\u0171szaki, operat\u00edv vagy gyakorlati munk\u00e1val j\u00e1r.<br><br>Ha egy \u00e1ll\u00e1shirdet\u00e9s a csapatmunk\u00e1ra, a vezet\u00e9sre vagy a felhaszn\u00e1l\u00f3kra \u00f6sszpontos\u00edt, a k\u00eds\u00e9r\u0151lev\u00e9lben megmutathatja ezeket a puha k\u00e9szs\u00e9geket. Hasonl\u00f3k\u00e9ppen, a magas rang\u00fa \u00e1ll\u00e1sok gyakran megk\u00f6vetelik a vezet\u0151i kommunik\u00e1ci\u00f3s k\u00e9szs\u00e9gek bizony\u00edt\u00e1s\u00e1nak r\u00e9szek\u00e9nt a terjedelmes p\u00e1ly\u00e1zati dokumentumokat.<br><\/li>\n\n\n\n<li><strong>Strat\u00e9giai felk\u00e9sz\u00fcl\u00e9s:<\/strong> K\u00e9sz\u00edtsen egy er\u0151s, rugalmas k\u00eds\u00e9r\u0151lev\u00e9lsablont, amelyet gyorsan testre tud szabni a k\u00fcl\u00f6nb\u00f6z\u0151 lehet\u0151s\u00e9gekhez, \u00edgy akkor tudja beilleszteni, amikor az hasznos, an\u00e9lk\u00fcl, hogy id\u0151hi\u00e1nyban kapkodn\u00e1 a fej\u00e9t.<br><br>Ez a megk\u00f6zel\u00edt\u00e9s lehet\u0151v\u00e9 teszi, hogy alkalomszer\u0171en d\u00f6ntse el, mikor haszn\u00e1lja a k\u00eds\u00e9r\u0151leveleket, mik\u00f6zben biztos\u00edtja, hogy mindig k\u00e9szen \u00e1lljon a professzion\u00e1lis tartalom. Koncentr\u00e1ljon arra, hogy 2-3 meggy\u0151z\u0151 t\u00f6rt\u00e9netet tudjon mes\u00e9lni az eredm\u00e9nyeir\u0151l, amelyek k\u00fcl\u00f6nb\u00f6z\u0151 szerepk\u00f6r\u00f6kh\u00f6z \u00e9s ipar\u00e1gakhoz igaz\u00edthat\u00f3k.<br><\/li>\n\n\n\n<li><strong>Err<\/strong> <strong>a befogad\u00e1s oldal\u00e1n:<\/strong> Ha bizonytalan, hogy csatoljon-e k\u00eds\u00e9r\u0151levelet, \u00e1ltal\u00e1ban biztons\u00e1gosabb, ha beny\u00fajtja, mint ha kihagyja, mivel a legrosszabb eredm\u00e9ny jellemz\u0151en az, hogy a lev\u00e9l ink\u00e1bb olvasatlanul marad, minthogy \u00e1rtana a jelentkez\u00e9snek.&nbsp;<\/li>\n<\/ul>\n\n\n\n<p>Ha egyszerre t\u00f6bb \u00e1ll\u00e1sp\u00e1ly\u00e1zattal dolgozik, k\u00f6nnyen elvesz\u00edtheti a fonalat, hogy mely dokumentumok hangzanak emberinek, \u00e9s melyek t\u0171nhetnek t\u00falzottan mesters\u00e9ges intelligencia \u00e1ltal gener\u00e1ltnak.<\/p>\n\n\n\n<p>Ez az, ahol a mi kimutathatatlan mesters\u00e9ges intelligenci\u00e1nk <strong><a href=\"https:\/\/undetectable.ai\/bulk-scan\" data-type=\"link\" data-id=\"https:\/\/undetectable.ai\/bulk-scan\" target=\"_blank\" rel=\"noreferrer noopener\">T\u00f6meges AI tartalom beolvas\u00e1sa<\/a><\/strong> j\u00f3l j\u00f6n.<\/p>\n\n\n<div class=\"wp-block-image\">\n<figure class=\"aligncenter size-large\"><img decoding=\"async\" src=\"https:\/\/undetectable.ai/blog\/wp-content\/uploads\/2025\/09\/Bulk-Scan-Tool-Log-Account-1024x690.jpeg\" alt=\"Bulk Scan AI Content Detector fel\u00fclet k\u00e9perny\u0151k\u00e9p a bejelentkez\u00e9s a fi\u00f3kj\u00e1ba opci\u00f3val.\" class=\"wp-image-14442\" title=\"\"><\/figure><\/div>\n\n\n<p>Lehet\u0151v\u00e9 teszi, hogy egyszerre eg\u00e9sz k\u00f6tegnyi k\u00eds\u00e9r\u0151levelet, \u00f6n\u00e9letrajzot vagy szem\u00e9lyes nyilatkozatot vizsg\u00e1ljon \u00e1t, \u00e9s azonnal kisz\u0171rje a t\u00fal mechanikusnak t\u0171n\u0151 sz\u00f6vegeket.<\/p>\n\n\n\n<p>Egy\u00e9rtelm\u0171, sz\u00ednk\u00f3dolt visszajelz\u00e9seket l\u00e1that, amelyek seg\u00edtenek minden egyes anyagot csiszolni a bek\u00fcld\u00e9s el\u0151tt, hogy minden p\u00e1ly\u00e1zat hitelesnek, professzion\u00e1lisnak \u00e9s \u00f6sszet\u00e9veszthetetlen\u00fcl emberinek t\u0171nj\u00f6n.<\/p>\n\n\n\n<p>N\u00e9zze meg az AI Detector \u00e9s a Humanizer-t m\u0171k\u00f6d\u00e9s k\u00f6zben - csak haszn\u00e1lja az al\u00e1bbi widgetet!<\/p>\n\n\n\n<div id=\"uai-widget\" data-affiliate-link=\"https:\/\/undetectable.ai\/?_by=hi4km\"><script>var js = document.createElement(\"script\");js.async = true;js.src = \"https:\/\/widget.undetectable.ai\/js\/widget-loader.js?t=\"+Date.now();document.getElementsByTagName(\"head\")[0].appendChild(js);<\/script><\/div>\n\n\n\n<h2 class=\"wp-block-heading\">GYIK a k\u00eds\u00e9r\u0151levelekr\u0151l<\/h2>\n\n\n<div id=\"rank-math-faq\" class=\"rank-math-block\">\n<div class=\"rank-math-list\">\n<div id=\"faq-question-1753871303255\" class=\"rank-math-list-item\">\n<h3 class=\"rank-math-question\">Az ATS elolvassa a motiv\u00e1ci\u00f3s leveleket?<\/h3>\n<div class=\"rank-math-answer\">\n\n<p>A p\u00e1ly\u00e1z\u00f3k nyomon k\u00f6vet\u00e9s\u00e9re szolg\u00e1l\u00f3 rendszerek nagy r\u00e9sze k\u00e9pes beolvasni \u00e9s t\u00e1rolni a k\u00eds\u00e9r\u0151levelek tartalm\u00e1t, de kezdetben nem tudnak \u00fagy sz\u0171rni, mint az \u00f6n\u00e9letrajzok eset\u00e9ben. <\/p>\n<p>Az ATS-rendszerek els\u0151sorban az \u00f6n\u00e9letrajzok kulcsszavainak \u00e9s a munkak\u00f6ri k\u00f6vetelm\u00e9nyeknek val\u00f3 megfeleltet\u00e9s\u00e9vel foglalkoznak. Sok esetben azonban az emberek is megn\u00e9zik a k\u00eds\u00e9r\u0151levelet, ha azt megadj\u00e1k.<\/p>\n\n<\/div>\n<\/div>\n<div id=\"faq-question-1753871345735\" class=\"rank-math-list-item\">\n<h3 class=\"rank-math-question\">Megism\u00e9telhetem az \u00f6n\u00e9letrajzomat a lev\u00e9lben?<\/h3>\n<div class=\"rank-math-answer\">\n\n<p>Nem, nem kellene. Az \u00f6n\u00e9letrajz tartalm\u00e1nak megism\u00e9tl\u00e9se a k\u00eds\u00e9r\u0151lev\u00e9lben \u00e9rt\u00e9kes helyet pazarol, \u00e9s elszalasztja a form\u00e1tum egyedi el\u0151nyeit. <\/p>\n<p>Ehelyett haszn\u00e1lja a k\u00eds\u00e9r\u0151levelet arra, hogy kontextust adjon, t\u00f6rt\u00e9neteket mes\u00e9ljen el, \u00e9s magyar\u00e1zatot adjon olyan \u00f6sszef\u00fcgg\u00e9sekre, amelyeket az \u00f6n\u00e9letrajz nem tud csak felsorol\u00e1sszer\u0171en k\u00f6zvet\u00edteni.\u00a0<\/p>\n<p>Konkr\u00e9t p\u00e9ld\u00e1kra \u00f6sszpontos\u00edtson, amelyek bemutatj\u00e1k, hogy az \u00d6n tapasztalatai hogyan illeszkednek a c\u00e9lszerep k\u00f6vetelm\u00e9nyeihez.<\/p>\n\n<\/div>\n<\/div>\n<div id=\"faq-question-1753871377601\" class=\"rank-math-list-item\">\n<h3 class=\"rank-math-question\">Sz\u00fcks\u00e9g van-e k\u00eds\u00e9r\u0151lev\u00e9lre gyakornoki vagy szabad\u00fasz\u00f3 szerepek eset\u00e9n?<\/h3>\n<div class=\"rank-math-answer\">\n\n<p>Igen, sz\u00fcks\u00e9g van r\u00e1. Ennek oka, hogy a gyakornoki p\u00e1ly\u00e1zatoknak gyakran jelent\u0151s haszn\u00e1t veszik a k\u00eds\u00e9r\u0151lev\u00e9lnek, mivel a jel\u00f6ltek korl\u00e1tozott szakmai tapasztalattal rendelkeznek, amelyet az \u00f6n\u00e9letrajzban bemutathatnak. <\/p>\n<p>A k\u00eds\u00e9r\u0151lev\u00e9l lehet\u0151v\u00e9 teszi, hogy lelkesed\u00e9s\u00e9t bizony\u00edtsa, ismertesse a relev\u00e1ns tanfolyami munk\u00e1kat vagy projekteket, \u00e9s megmutassa, hogy \u00e9rti a v\u00e1llalatot \u00e9s a poz\u00edci\u00f3t.<\/p>\n\n<\/div>\n<\/div>\n<div id=\"faq-question-1753871416849\" class=\"rank-math-list-item\">\n<h3 class=\"rank-math-question\">Mi van, ha nem tudom, hogy kinek c\u00edmezzem?<\/h3>\n<div class=\"rank-math-answer\">\n\n<p>Ha nem tudja azonos\u00edtani az adott felv\u00e9teli menedzsert, ker\u00fclje az olyan elavult \u00fcdv\u00f6zl\u00e9seket, mint p\u00e9ld\u00e1ul az \"Akinek sz\u00f3lhat\". Ehelyett haszn\u00e1ljon modern alternat\u00edv\u00e1kat, mint p\u00e9ld\u00e1ul \"Kedves felv\u00e9teli menedzser\", \"Kedves [oszt\u00e1ly] csapat\" vagy \"Kedves [v\u00e1llalat neve] csapat\". <\/p>\n<p>Sz\u00e1njon id\u0151t a v\u00e1llalat weboldal\u00e1nak, LinkedIn-profiljainak vagy az \u00e1ll\u00e1shirdet\u00e9s adatainak kutat\u00e1s\u00e1ra, h\u00e1tha tal\u00e1l nyomokat a felv\u00e9teli menedzser szem\u00e9lyazonoss\u00e1g\u00e1ra vonatkoz\u00f3an.<\/p>\n\n<\/div>\n<\/div>\n<\/div>\n<\/div>\n\n\n<h2 class=\"wp-block-heading\">V\u00e9gs\u0151 gondolatok<\/h2>\n\n\n\n<p>A 2025-\u00f6s k\u00eds\u00e9r\u0151levelek nem minden esetben sz\u00fcks\u00e9gesek, de strat\u00e9giai alkalmaz\u00e1s eset\u00e9n \u00e9rt\u00e9kes eszk\u00f6z\u00f6k maradnak. <\/p>\n\n\n\n<p>Ha azonban olyan k\u00eds\u00e9r\u0151leveleket szeretne k\u00e9sz\u00edteni, amelyek val\u00f3ban kiemelkednek a t\u00f6bbi k\u00f6z\u00fcl, az Undetectable AI <a href=\"https:\/\/undetectable.ai\/cover-letter-generator\" target=\"_blank\" data-type=\"link\" data-id=\"https:\/\/undetectable.ai\/cover-letter-generator\" rel=\"noreferrer noopener\">Bor\u00edt\u00f3lap gener\u00e1tor<\/a> \u00e9s <a href=\"https:\/\/undetectable.ai\/ai-humanizer\" target=\"_blank\" data-type=\"link\" data-id=\"https:\/\/undetectable.ai\/ai-humanizer\" rel=\"noreferrer noopener\">AI Humanizer<\/a> seg\u00edthet szem\u00e9lyre szabott, term\u00e9szetes hangz\u00e1s\u00fa jelentkez\u00e9seket k\u00e9sz\u00edteni, amelyek hitelesnek t\u0171nnek a felv\u00e9teli menedzserek sz\u00e1m\u00e1ra.<\/p>\n\n\n\n<p>Pr\u00f3b\u00e1lja ki a  c\u00edmet. <a href=\"https:\/\/undetectable.ai\/\" target=\"_blank\" data-type=\"link\" data-id=\"https:\/\/undetectable.ai\/\" rel=\"noreferrer noopener\">Kimutathatatlan AI<\/a> most, hogy professzion\u00e1lis, csiszolt k\u00eds\u00e9r\u0151leveleket \u00edrjunk, amelyek \u00fagy hangzanak. <em>te<\/em>-nem egy bot.<\/p>","protected":false},"excerpt":{"rendered":"","protected":false},"author":15,"featured_media":12037,"comment_status":"closed","ping_status":"closed","sticky":false,"template":"","format":"standard","meta":{"_themeisle_gutenberg_block_has_review":false,"footnotes":""},"categories":[31],"tags":[],"class_list":["post-12027","post","type-post","status-publish","format-standard","has-post-thumbnail","hentry","category-helpful-ai-content-tips"],"_links":{"self":[{"href":"https:\/\/undetectable.ai/blog\/hu\/wp-json\/wp\/v2\/posts\/12027","targetHints":{"allow":["GET"]}}],"collection":[{"href":"https:\/\/undetectable.ai/blog\/hu\/wp-json\/wp\/v2\/posts"}],"about":[{"href":"https:\/\/undetectable.ai/blog\/hu\/wp-json\/wp\/v2\/types\/post"}],"author":[{"embeddable":true,"href":"https:\/\/undetectable.ai/blog\/hu\/wp-json\/wp\/v2\/users\/15"}],"replies":[{"embeddable":true,"href":"https:\/\/undetectable.ai/blog\/hu\/wp-json\/wp\/v2\/comments?post=12027"}],"version-history":[{"count":9,"href":"https:\/\/undetectable.ai/blog\/hu\/wp-json\/wp\/v2\/posts\/12027\/revisions"}],"predecessor-version":[{"id":15837,"href":"https:\/\/undetectable.ai/blog\/hu\/wp-json\/wp\/v2\/posts\/12027\/revisions\/15837"}],"wp:featuredmedia":[{"embeddable":true,"href":"https:\/\/undetectable.ai/blog\/hu\/wp-json\/wp\/v2\/media\/12037"}],"wp:attachment":[{"href":"https:\/\/undetectable.ai/blog\/hu\/wp-json\/wp\/v2\/media?parent=12027"}],"wp:term":[{"taxonomy":"category","embeddable":true,"href":"https:\/\/undetectable.ai/blog\/hu\/wp-json\/wp\/v2\/categories?post=12027"},{"taxonomy":"post_tag","embeddable":true,"href":"https:\/\/undetectable.ai/blog\/hu\/wp-json\/wp\/v2\/tags?post=12027"}],"curies":[{"name":"wp","href":"https:\/\/api.w.org\/{rel}","templated":true}]}}