{"id":13592,"date":"2025-08-25T14:00:14","date_gmt":"2025-08-25T14:00:14","guid":{"rendered":"https:\/\/undetectable.ai/blog\/?p=13592"},"modified":"2026-04-06T23:03:34","modified_gmt":"2026-04-06T23:03:34","slug":"prediktiv-seo","status":"publish","type":"post","link":"https:\/\/undetectable.ai/blog\/hu\/prediktiv-seo\/","title":{"rendered":"Mi az a Predictive SEO \u00e9s hogyan m\u0171k\u00f6dik?"},"content":{"rendered":"<p>Ha megk\u00e9rdezz\u00fck b\u00e1rmelyik tapasztalt tartalommarketingest, hogy mivel t\u00f6lti ideje nagy r\u00e9sz\u00e9t, a legt\u00f6bben azt fogj\u00e1k mondani, hogy a tartalomk\u00e9sz\u00edt\u00e9ssel, nem pedig a tervez\u00e9ssel vagy a k\u00f6vetkez\u0151 esem\u00e9nyek megj\u00f3sl\u00e1s\u00e1val.<\/p>\n\n\n\n<p>\u00cdme, mi\u00e9rt nem hat\u00e9kony ez a megk\u00f6zel\u00edt\u00e9s.<\/p>\n\n\n\n<p>A Google indexel\u00e9se k\u00f6r\u00fclbel\u00fcl <a href=\"https:\/\/zyppy.com\/seo\/google-index-size\/\" target=\"_blank\" rel=\"noreferrer noopener\">400 milli\u00e1rd weboldal<\/a> 2020-t\u00f3l. <\/p>\n\n\n\n<p>Teh\u00e1t felt\u00e9telezhetj\u00fck, hogy mindig rengeteg oldal \u00e1ll k\u00e9szen arra, hogy egy keres\u00e9si lek\u00e9rdez\u00e9sre rangsoroljon.<\/p>\n\n\n\n<p>Egy ilyen versenyhelyzetben nem t\u00e1maszkodhat egyszer\u0171en az \u00edr\u00e1sai min\u0151s\u00e9g\u00e9re, hogy magasabbra ker\u00fclj\u00f6n a rangsorban.&nbsp;<\/p>\n\n\n\n<p>Ahhoz, hogy \u00e9szrevegy\u00e9k, olyasmit kell tennie, amit csak nagyon kev\u00e9s versenyt\u00e1rsa tesz, ez pedig a predikt\u00edv SEO.<\/p>\n\n\n\n<p>A predikt\u00edv SEO a t\u00e9ma alapj\u00e1t c\u00e9lozza meg az\u00e1ltal, hogy megismerteti \u00d6nt a j\u00f6v\u0151 tel\u00edtetlen \u00e9s \u00faj t\u00e9m\u00e1ival, \u00edgy \u00d6n gyorsan reag\u00e1lhat \u00e9s \u00fatt\u00f6r\u0151v\u00e9 v\u00e1lhat ezekben a t\u00e9m\u00e1kban.<\/p>\n\n\n\n<p>Szeretne t\u00f6bbet megtudni a predikt\u00edv SEO-r\u00f3l \u00e9s annak m\u0171k\u00f6d\u00e9s\u00e9r\u0151l? Olvasson tov\u00e1bb, \u00e9s megtudhatja, mi ez, hogyan kell elv\u00e9gezni, \u00e9s milyen eszk\u00f6z\u00f6kkel.&nbsp;<\/p>\n\n\n\n<hr class=\"wp-block-separator has-alpha-channel-opacity\"\/>\n\n\n\n<p class=\"has-text-align-center\"><strong>A legfontosabb tudnival\u00f3k<\/strong><\/p>\n\n\n\n<ul class=\"wp-block-list\">\n<li>A predikt\u00edv SEO seg\u00edts\u00e9g\u00e9vel m\u00e1r j\u00f3val azel\u0151tt megtervezheti \u00e9s elk\u00e9sz\u00edtheti a tartalmat, hogy a keres\u00e9si \u00e9rdekl\u0151d\u00e9s megn\u00f6vekedne. Ez l\u00e9nyeg\u00e9ben el\u0151nyh\u00f6z juttatja a versenyt\u00e1rsakkal szemben.<\/li>\n<\/ul>\n\n\n\n<p><\/p>\n\n\n\n<ul class=\"wp-block-list\">\n<li>A predikt\u00edv SEO olyan mutat\u00f3kra t\u00e1maszkodik, mint a m\u00faltbeli adatok, az analitika \u00e9s a kultur\u00e1lis jelek, hogy megj\u00f3solja, mire fognak keresni az emberek a j\u00f6v\u0151ben.<\/li>\n<\/ul>\n\n\n\n<p><\/p>\n\n\n\n<ul class=\"wp-block-list\">\n<li>Ha kor\u00e1n (m\u00e9g a keres\u00e9si \u00e9rdekl\u0151d\u00e9s n\u00f6veked\u00e9se el\u0151tt) hoz l\u00e9tre tartalmat, akkor a weboldalak tekint\u00e9lyt \u00e9s term\u00e9szetes rangsort \u00e9p\u00edthetnek.<\/li>\n<\/ul>\n\n\n\n<p><\/p>\n\n\n\n<ul class=\"wp-block-list\">\n<li>A predikt\u00edv SEO egy proakt\u00edv megk\u00f6zel\u00edt\u00e9s, amely id\u0151t takar\u00edt meg, n\u00f6veli a ROI-t, \u00e9s hossz\u00fa t\u00e1v\u00fa l\u00e1that\u00f3s\u00e1got biztos\u00edt a keres\u00e9si eredm\u00e9nyekben.<\/li>\n<\/ul>\n\n\n\n<p><\/p>\n\n\n\n<hr class=\"wp-block-separator has-alpha-channel-opacity\"\/>\n\n\n\n<h2 class=\"wp-block-heading\">Mi az a Predictive SEO?<\/h2>\n\n\n<div class=\"wp-block-image\">\n<figure class=\"aligncenter size-large\"><img loading=\"lazy\" decoding=\"async\" width=\"1024\" height=\"683\" src=\"https:\/\/undetectable.ai/blog\/wp-content\/uploads\/2025\/08\/what-is-predictive-SEO-001-1024x683.jpg\" alt=\"\" class=\"wp-image-13600\" title=\"\" srcset=\"https:\/\/undetectable.ai/blog\/wp-content\/uploads\/2025\/08\/what-is-predictive-SEO-001-1024x683.jpg 1024w, https:\/\/undetectable.ai/blog\/wp-content\/uploads\/2025\/08\/what-is-predictive-SEO-001-300x200.jpg 300w, https:\/\/undetectable.ai/blog\/wp-content\/uploads\/2025\/08\/what-is-predictive-SEO-001-768x512.jpg 768w, https:\/\/undetectable.ai/blog\/wp-content\/uploads\/2025\/08\/what-is-predictive-SEO-001-18x12.jpg 18w, https:\/\/undetectable.ai/blog\/wp-content\/uploads\/2025\/08\/what-is-predictive-SEO-001.jpg 1536w\" sizes=\"auto, (max-width: 1024px) 100vw, 1024px\" \/><\/figure><\/div>\n\n\n<p>Az egyik h\u00e9ten a keres\u0151motorok azt mondj\u00e1k, hogy k\u00f6vess\u00fcnk egy strat\u00e9gi\u00e1t, a k\u00f6vetkez\u0151 h\u00e9ten pedig azt a strat\u00e9gi\u00e1t elavultnak vagy ak\u00e1r k\u00e1rosnak min\u0151s\u00edtik.&nbsp;<\/p>\n\n\n\n<p>Ez \u00e1lland\u00f3an el\u0151fordul, \u00e9s nagy bossz\u00fas\u00e1got okoz a tartalomszolg\u00e1ltat\u00f3knak.<\/p>\n\n\n\n<p>Az egyik strat\u00e9gia azonban, amely soha nem megy ki a divatb\u00f3l, a nagyszer\u0171 tartalom el\u0151zetes megtervez\u00e9se a predikt\u00edv SEO seg\u00edts\u00e9g\u00e9vel.&nbsp;<\/p>\n\n\n\n<p>A kulcssz\u00f3 itt a \"predikt\u00edv SEO\".<\/p>\n\n\n\n<p>A predikt\u00edv SEO sor\u00e1n kital\u00e1lod, hogy milyen keres\u0151kifejez\u00e9sek \u00e9s t\u00e9m\u00e1k lesznek fontosak holnap, \u00e9s m\u00e1r ma elkezdesz \u00edrni r\u00f3luk.<\/p>\n\n\n\n<p>Ez hasonl\u00f3 ahhoz, mintha tudn\u00e1d, hogy mely r\u00e9szv\u00e9nyek fognak az egekbe sz\u00f6kni, csakhogy ahelyett, hogy milliomoss\u00e1 v\u00e1ln\u00e1l (b\u00e1r ez sem teljesen kiz\u00e1rt), a legjobb keres\u00e9si helyez\u00e9seket fogod elnyerni.&nbsp;<\/p>\n\n\n\n<p>A predikt\u00edv SEO az analitik\u00e1t, a m\u00faltbeli adatokat \u00e9s a kultur\u00e1lis jeleket haszn\u00e1lja fel annak el\u0151rejelz\u00e9s\u00e9re, hogy az emberek mire fognak keresni a j\u00f6v\u0151ben.<\/p>\n\n\n\n<p>Ha a j\u00f6v\u0151re gondolva \u00e1ll\u00edtod be a tartalmaidat, akkor a tal\u00e1lati oldal tetej\u00e9n fogsz v\u00e1rni, amikor az \u00e9rdekl\u0151d\u00e9s v\u00e9gre megugrik, m\u00e9g akkor is, ha kezdetben n\u00e9mi azonnali forgalmat kell fel\u00e1ldoznod.<\/p>\n\n\n\n<p>A hagyom\u00e1nyos keres\u00e9si eredm\u00e9nyek mellett az \u00d6n es\u00e9lye, hogy az AI-alap\u00fa \u00e1ttekint\u00e9sekben helyet kapjon, \u00e9s hogy a <a href=\"https:\/\/undetectable.ai\/blog\/ai-productivity-tools\/\" target=\"_blank\" rel=\"noreferrer noopener\">generat\u00edv AI eszk\u00f6z\u00f6k<\/a> hogy a felhaszn\u00e1l\u00f3i k\u00e9r\u00e9sekre v\u00e1laszul hivatkozzanak \u00d6nre, szint\u00e9n nagym\u00e9rt\u00e9kben megn\u0151.<\/p>\n\n\n\n<h3 class=\"wp-block-heading\">A reakt\u00edv keres\u00e9si strat\u00e9gi\u00e1kr\u00f3l a predikt\u00edv keres\u00e9si strat\u00e9gi\u00e1kra val\u00f3 \u00e1tt\u00e9r\u00e9s<\/h3>\n\n\n\n<p>Tal\u00e1n elgondolkodik azon, hogy mi okozza ezt a v\u00e1lt\u00e1st a reakt\u00edvr\u00f3l a proakt\u00edv SEO-megk\u00f6zel\u00edt\u00e9sre.<\/p>\n\n\n\n<p>Nos, a mesters\u00e9ges intelligencia fellend\u00fcl\u00e9s\u00e9nek k\u00f6sz\u00f6nhet\u0151en a j\u00f6v\u0151 trendjeinek el\u0151rejelz\u00e9se sokkal k\u00f6nnyebb\u00e9 v\u00e1lt. <\/p>\n\n\n\n<p>Ez\u00e9rt sz\u00e1mos SEO-eszk\u00f6z integr\u00e1lt mesters\u00e9ges intelligenci\u00e1t, hogy a felhaszn\u00e1l\u00f3k megl\u00e1t\u00e1sokat gy\u0171jthessenek a j\u00f6v\u0151r\u0151l, \u00e9s ennek alapj\u00e1n hozhassanak l\u00e9tre tartalmat.<\/p>\n\n\n\n<p>M\u00e9g a keres\u0151motorok is elkezdt\u00e9k haszn\u00e1lni a mesters\u00e9ges intelligenci\u00e1t annak eld\u00f6nt\u00e9s\u00e9re, hogy melyik tartalmat rangsorolj\u00e1k a keres\u0151oldalakon.<\/p>\n\n\n\n<p>R\u00e1ad\u00e1sul mostanra m\u00e9g az olyan generat\u00edv AI-eszk\u00f6z\u00f6k, mint a ChatGPT is hozz\u00e1adt\u00e1k a \"webes keres\u00e9s\" funkci\u00f3j\u00e1t, \u00edgy ez egy \u00fajabb csatateret teremtett a tartalompiaci marketingesek sz\u00e1m\u00e1ra a versenyben.<\/p>\n\n\n\n<p>Ha teh\u00e1t az \u00d6n m\u00e1rk\u00e1ja m\u00e1r azel\u0151tt megfelel\u0151 v\u00e1laszokat ad, miel\u0151tt a k\u00e9rd\u00e9sek egy\u00e1ltal\u00e1n elterjedn\u00e9nek, akkor ezek az eszk\u00f6z\u00f6k els\u0151k\u00e9nt fogj\u00e1k \u00d6nt kiemelni, amikor a v\u00e1rhat\u00f3 trendek \u00e9rdekl\u0151d\u00e9sre tartanak sz\u00e1mot.<\/p>\n\n\n\n<h3 class=\"wp-block-heading\">Alapkoncepci\u00f3 \u00e9s miben k\u00fcl\u00f6nb\u00f6zik a hagyom\u00e1nyos SEO-t\u00f3l<\/h3>\n\n\n\n<p>A hagyom\u00e1nyos SEO arra \u00e9p\u00fcl, ami m\u00e1r megt\u00f6rt\u00e9nt.&nbsp;<\/p>\n\n\n\n<p>R\u00e9gebben a m\u00faltbeli \u00e9s jelenlegi keres\u00e9si volumeneket, a kulcsszavak teljes\u00edtm\u00e9ny\u00e9t, a versenyt\u00e1rsak adatait stb. n\u00e9zted meg, hogy eld\u00f6ntsd, mit \u00edrj most.&nbsp;<\/p>\n\n\n\n<p>A predikt\u00edv SEO ezt a fej\u00e9re \u00e1ll\u00edtja.&nbsp;<\/p>\n\n\n\n<p>V\u00e1laszt ad arra, hogy \"Mit fognak keresni az emberek a k\u00f6vetkez\u0151 h\u00f3napban vagy \u00e9vben?\", \u00edgy az els\u0151k k\u00f6z\u00f6tt lehetsz, ha nem az els\u0151k k\u00f6z\u00f6tt, akik az eml\u00edtett trendeket c\u00e9lz\u00f3 tartalmat \u00edrnak.<\/p>\n\n\n\n<p>C\u00e9lja pedig nem az, hogy a t\u00falzs\u00fafolt t\u00e9rben a figyelem foszl\u00e1nyai\u00e9rt k\u00fczdj\u00f6n.&nbsp;<\/p>\n\n\n\n<p>Ehelyett az a c\u00e9lja, hogy seg\u00edtsen neked a magaslatokba ker\u00fclni, miel\u0151tt b\u00e1rki m\u00e1s megjelenne.&nbsp;<\/p>\n\n\n\n<h2 class=\"wp-block-heading\">Hogyan m\u0171k\u00f6dik a Predictive SEO<\/h2>\n\n\n<div class=\"wp-block-image\">\n<figure class=\"aligncenter size-large\"><img loading=\"lazy\" decoding=\"async\" width=\"1024\" height=\"683\" src=\"https:\/\/undetectable.ai/blog\/wp-content\/uploads\/2025\/08\/what-is-predictive-SEO-002-1024x683.jpg\" alt=\"\" class=\"wp-image-13601\" title=\"\" srcset=\"https:\/\/undetectable.ai/blog\/wp-content\/uploads\/2025\/08\/what-is-predictive-SEO-002-1024x683.jpg 1024w, https:\/\/undetectable.ai/blog\/wp-content\/uploads\/2025\/08\/what-is-predictive-SEO-002-300x200.jpg 300w, https:\/\/undetectable.ai/blog\/wp-content\/uploads\/2025\/08\/what-is-predictive-SEO-002-768x512.jpg 768w, https:\/\/undetectable.ai/blog\/wp-content\/uploads\/2025\/08\/what-is-predictive-SEO-002-18x12.jpg 18w, https:\/\/undetectable.ai/blog\/wp-content\/uploads\/2025\/08\/what-is-predictive-SEO-002.jpg 1536w\" sizes=\"auto, (max-width: 1024px) 100vw, 1024px\" \/><\/figure><\/div>\n\n\n<p>A predikt\u00edv SEO-strat\u00e9gi\u00e1k \u00e9sszer\u0171 k\u00e9pet adnak arr\u00f3l, hogy merre tart az \u00e9rdekl\u0151d\u00e9s, \u00edgy m\u00e9g azel\u0151tt megtervezheti a tartalmi napt\u00e1r\u00e1t, hogy a konkurencia r\u00e1j\u00f6nne, hogy van valami, amir\u0151l \u00e9rdemes \u00edrni.<\/p>\n\n\n\n<p>Fontos azonban, hogy az elv\u00e1r\u00e1sok re\u00e1lisak legyenek.&nbsp;<\/p>\n\n\n\n<p>Nem fogsz megnyomni egy gombot, \u00e9s nem kapsz egy t\u00f6k\u00e9letes list\u00e1t a j\u00f6v\u0151beli kulcsszavakr\u00f3l. <\/p>\n\n\n\n<p>A predikt\u00edv SEO nem ezt \u00edg\u00e9ri.<\/p>\n\n\n\n<p>Ehelyett olyan jeleket kapunk, amelyek azt mondj\u00e1k: \"Ez vagy az a t\u00e9ma felforr\u00f3sodott\".&nbsp;<\/p>\n\n\n\n<p>Az olyan eszk\u00f6z\u00f6k, mint a Glimpse nagyszer\u0171 p\u00e9ld\u00e1k a predikt\u00edv SEO eszk\u00f6z\u00f6kre. Olyanok, mint a Google Trends, de egy extra r\u00e9teg el\u0151rejelz\u00e9ssel kieg\u00e9sz\u00edtve.<\/p>\n\n\n\n<p>Lefuttathatod a niche-edre, \u00e9s megmutatja neked, hogy mely t\u00e9m\u00e1k n\u00f6vekednek most, \u00e9s melyek fognak kiugrani.<\/p>\n\n\n\n<p>Term\u00e9szetesen n\u00e9h\u00e1ny j\u00f3slat szinte nevets\u00e9gesen nyilv\u00e1nval\u00f3. <\/p>\n\n\n\n<p>Nincs sz\u00fcks\u00e9g g\u00e9pi tanul\u00e1sra ahhoz, hogy megmondja, hogy a kar\u00e1csonyi s\u00fctem\u00e9nyreceptekre ir\u00e1nyul\u00f3 keres\u00e9sek novemberben emelkedni fognak.&nbsp;<\/p>\n\n\n\n<p>Az igazi \u00e9rt\u00e9k az, amikor olyasmit hoz a felsz\u00ednre, amire nem is gondolt\u00e1l volna, mint p\u00e9ld\u00e1ul a n\u00f6v\u00e9nyi alap\u00fa toj\u00e1sp\u00f3tl\u00f3k ir\u00e1nti hirtelen megn\u00f6vekedett \u00e9rdekl\u0151d\u00e9s k\u00f6zvetlen\u00fcl az \u00fcnnepi s\u00fct\u00e9si szezon el\u0151tt.<\/p>\n\n\n\n<h2 class=\"wp-block-heading\">A predikt\u00edv SEO el\u0151nyei<\/h2>\n\n\n\n<p>Ha m\u00e1r a hagyom\u00e1nyos SEO m\u00f3dszerrel kezeli a dolgokat, akkor egy \u00fajabb r\u00e9teg hozz\u00e1ad\u00e1sa a predikt\u00edv SEO form\u00e1j\u00e1ban t\u00falz\u00e1snak t\u0171nhet.<\/p>\n\n\n\n<p>Milyen \u00f6szt\u00f6nz\u0151ket kapnak ez\u00e9rt a rezsik\u00f6lts\u00e9g\u00e9rt? Vizsg\u00e1ljuk meg \u0151ket.<\/p>\n\n\n\n<h3 class=\"wp-block-heading\">Ker\u00fclj\u00f6n poz\u00edci\u00f3ba a versenyt\u00e1rsak el\u0151tt<\/h3>\n\n\n\n<p>Egy trend felbukkan\u00e1sa ut\u00e1n k\u00f6nny\u0171 \u00e9szrevenni.&nbsp;<\/p>\n\n\n\n<p>Mire egy t\u00e9ma felkapaszkodik a Google Trendsben, m\u00e1r t\u00f6bb tucat versenyt\u00e1rssal \u00e1ll versenyben.&nbsp;<\/p>\n\n\n\n<p>A predikt\u00edv SEO ezt megv\u00e1ltoztatja.&nbsp;<\/p>\n\n\n\n<p>Ha m\u00e9g az \u00e9rdekl\u0151d\u00e9s megugr\u00e1sa el\u0151tt k\u00e9sz\u00edt tartalmat, az oldalai t\u00f6bb id\u0151t kapnak arra, hogy tekint\u00e9lyt szerezzenek \u00e9s term\u00e9szetes m\u00f3don rangsoroljanak, mik\u00f6zben m\u00e1sok m\u00e9g mindig pr\u00f3b\u00e1lnak felz\u00e1rk\u00f3zni.<\/p>\n\n\n\n<p>Term\u00e9szetesen nem minden el\u0151rejelz\u0151 SEO-trend biztos, hogy teret nyer, \u00e9s az id\u0151z\u00edt\u00e9s a legfontosabb.&nbsp;<\/p>\n\n\n\n<p>\u00d3vakodjon att\u00f3l, hogy \u00e9vekkel kor\u00e1bban \u00edrjon egy trendr\u0151l, mert mire a trend v\u00edrusszer\u0171en terjedni kezd, az \u00d6n \u00edr\u00e1sa m\u00e9lyen eltemetve lesz a frissebb inform\u00e1ci\u00f3kat tartalmaz\u00f3 tartalom alatt.<\/p>\n\n\n\n<h3 class=\"wp-block-heading\">\u00c1lland\u00f3an relev\u00e1ns tartalmi terv k\u00e9sz\u00edt\u00e9se<\/h3>\n\n\n\n<p>A predikt\u00edv megl\u00e1t\u00e1sok seg\u00edts\u00e9g\u00e9vel olyan szerkeszt\u00e9si \u00fctemtervet k\u00e9sz\u00edthet, amely \u00f6sszhangban van azzal, ami val\u00f3sz\u00edn\u0171leg fontos lesz az elk\u00f6vetkez\u0151 h\u00f3napokban.&nbsp;<\/p>\n\n\n\n<p>T\u00f6bb\u00e9 nem kell kapkodnia, hogy reag\u00e1ljon arra, ami \u00e9ppen trendinek sz\u00e1m\u00edt ebben a h\u00f3napban, \u00e9s nem kell sietve egy borzalmas tartalomnapt\u00e1rt k\u00e9sz\u00edtenie.<\/p>\n\n\n\n<p>Az igazi el\u0151ny itt az ellen\u0151rz\u00e9s.<\/p>\n\n\n\n<h3 class=\"wp-block-heading\">Biztos\u00edtsa a hossz\u00fa t\u00e1v\u00fa l\u00e1that\u00f3s\u00e1got \u00e9s a jobb helyez\u00e9seket<\/h3>\n\n\n\n<p>Ha el\u0151re l\u00e1tja a j\u00f6v\u0151beli keres\u00e9si viselked\u00e9st, akkor technikai SEO m\u00f3dos\u00edt\u00e1sokat v\u00e9gezhet az oldalain, hogy n\u00f6velje a rangsorol\u00e1s es\u00e9lyeit.&nbsp;<\/p>\n\n\n\n<p>Az oldalak id\u0151ben t\u00f6rt\u00e9n\u0151 optimaliz\u00e1l\u00e1s\u00e1val fenntarthat\u00f3 l\u00e1that\u00f3s\u00e1got \u00e9rhet el a r\u00f6vid ideig tart\u00f3 forgalomn\u00f6veked\u00e9s helyett.&nbsp;<\/p>\n\n\n\n<p>Arra is van lehet\u0151s\u00e9ged, hogy az algoritmus hirtelen v\u00e1ltoz\u00e1sait\u00f3l f\u00fcgg\u0151en v\u00e1ltoztat\u00e1sokat hajts v\u00e9gre, \u00e9s elker\u00fcld, hogy hirtelen helyez\u00e9scs\u00f6kken\u00e9s \u00e9rjen t\u00e9ged v\u00e1ratlanul.<\/p>\n\n\n\n<h3 class=\"wp-block-heading\">F\u00f3kusz\u00e1ljon a k\u00f6lts\u00e9gvet\u00e9sre \u00e9s az id\u0151re, ahol sz\u00e1m\u00edt<\/h3>\n\n\n\n<p>Az er\u0151forr\u00e1sok nem v\u00e9gtelenek, \u00e9s az alacsony hat\u00e1s\u00fa tartalmakra val\u00f3 id\u0151pazarl\u00e1s \u00e1rt a ROI-nak.&nbsp;<\/p>\n\n\n\n<p>A predikt\u00edv SEO lehet\u0151v\u00e9 teszi, hogy a k\u00f6lts\u00e9gvet\u00e9st \u00e9s az id\u0151t a nagy potenci\u00e1llal rendelkez\u0151 t\u00e9m\u00e1kra ford\u00edtsa, \u00e9s \u00edgy sokkal nagyobb megt\u00e9r\u00fcl\u00e9st \u00e9rjen el.<\/p>\n\n\n\n<p>Ez a ROI nagyobb, mint a hagyom\u00e1nyos SEO eset\u00e9ben, mivel most t\u00f6bb oldalad szerepel a keres\u0151motorok els\u0151 helyein.<\/p>\n\n\n\n<h2 class=\"wp-block-heading\">Predikt\u00edv SEO a gyakorlatban<\/h2>\n\n\n\n<p>A tartalomk\u00e9sz\u00edt\u00e9si folyamat r\u00e9szben adatelemz\u00e9s, r\u00e9szben intu\u00edci\u00f3, \u00e9s teljes eg\u00e9sz\u00e9ben az alapoz\u00e1sr\u00f3l sz\u00f3l, hogy a tartalom k\u00e9szen \u00e1lljon, amikor az \u00e9rdekl\u0151d\u00e9s tet\u0151zik.&nbsp;<\/p>\n\n\n\n<p>B\u00e1r minden ipar\u00e1g egy kicsit m\u00e1sk\u00e9pp k\u00f6zel\u00edti meg ezt a folyamatot, n\u00e9h\u00e1ny technika szinte mindenhol alkalmazhat\u00f3.&nbsp;<\/p>\n\n\n\n<p>L\u00e1ssuk, mik azok.<\/p>\n\n\n<div class=\"wp-block-image\">\n<figure class=\"aligncenter size-large\"><img loading=\"lazy\" decoding=\"async\" width=\"1024\" height=\"683\" src=\"https:\/\/undetectable.ai/blog\/wp-content\/uploads\/2025\/08\/what-is-predictive-SEO-003-1024x683.jpg\" alt=\"\" class=\"wp-image-13602\" title=\"\" srcset=\"https:\/\/undetectable.ai/blog\/wp-content\/uploads\/2025\/08\/what-is-predictive-SEO-003-1024x683.jpg 1024w, https:\/\/undetectable.ai/blog\/wp-content\/uploads\/2025\/08\/what-is-predictive-SEO-003-300x200.jpg 300w, https:\/\/undetectable.ai/blog\/wp-content\/uploads\/2025\/08\/what-is-predictive-SEO-003-768x512.jpg 768w, https:\/\/undetectable.ai/blog\/wp-content\/uploads\/2025\/08\/what-is-predictive-SEO-003-18x12.jpg 18w, https:\/\/undetectable.ai/blog\/wp-content\/uploads\/2025\/08\/what-is-predictive-SEO-003.jpg 1536w\" sizes=\"auto, (max-width: 1024px) 100vw, 1024px\" \/><\/figure><\/div>\n\n\n<h3 class=\"wp-block-heading\">Megl\u00e1t\u00e1sok a m\u00faltbeli adatokb\u00f3l<\/h3>\n\n\n\n<p>Azt mondj\u00e1k, hogy miel\u0151tt el\u0151re n\u00e9zhetn\u00e9l, vissza kell n\u00e9zned.&nbsp;<\/p>\n\n\n\n<p>A m\u00faltbeli teljes\u00edtm\u00e9nyadatok olyan t\u00e9m\u00e1kr\u00f3l \u00e9s form\u00e1tumokr\u00f3l tartalmaznak mint\u00e1kat, amelyek k\u00f6vetkezetesen felkeltett\u00e9k a figyelmet, \u00e9s amelyek lek\u00f6t\u00f6tt\u00e9k a k\u00f6z\u00f6ns\u00e9g\u00e9t.&nbsp;<\/p>\n\n\n\n<p>Ahhoz, hogy r\u00e1l\u00e1t\u00e1st nyerjen ezekre a mint\u00e1kra, haszn\u00e1lhat olyan elemz\u0151eszk\u00f6z\u00f6ket, amelyek megvizsg\u00e1lj\u00e1k, hogyan teljes\u00edtettek bizonyos tartalomt\u00edpusok az id\u0151 m\u00fal\u00e1s\u00e1val.<\/p>\n\n\n\n<p>\u00c9rdemes az ipar\u00e1g k\u00f6zelm\u00faltj\u00e1t is \u00e1tn\u00e9zni, h\u00e1tha tal\u00e1lunk nyomokat. Ut\u00e1nan\u00e9zhet:&nbsp;<\/p>\n\n\n\n<ul class=\"wp-block-list\">\n<li>F\u0151bb konferenci\u00e1k<\/li>\n\n\n\n<li>El\u0151ad\u00f3i fel\u00e1ll\u00e1sok<\/li>\n\n\n\n<li>D\u00edjnyertesek<\/li>\n\n\n\n<li>Trending hashtagek&nbsp;<\/li>\n<\/ul>\n\n\n\n<p>Ha megvan az \u00f6sszes inform\u00e1ci\u00f3, k\u00e9sz\u00edtsen bel\u0151le egy referenciadokumentumot.&nbsp;<\/p>\n\n\n\n<p>Ezut\u00e1n \u00e1tn\u00e9zheti a dokumentumot, hogy \u00e9szrevegye a visszat\u00e9r\u0151 t\u00e9m\u00e1kat \u00e9s a kis elmozdul\u00e1sokat, amelyek gyakran a holnap nagy t\u00e9m\u00e1iv\u00e1 fejl\u0151dnek.&nbsp;<\/p>\n\n\n\n<h3 class=\"wp-block-heading\">Tervezzen napt\u00e1rat a j\u00f6v\u0151re n\u00e9zve<\/h3>\n\n\n\n<p>A m\u00faltbeli adatok birtok\u00e1ban elkezdheti felsorolni a bej\u00f6v\u0151, figyelemre m\u00e9lt\u00f3 esem\u00e9nyeket, term\u00e9kbemutat\u00f3kat, \u00fcnnepeket vagy a k\u00f6z\u00f6ns\u00e9g sz\u00e1m\u00e1ra relev\u00e1ns szezon\u00e1lis pillanatokat.&nbsp;<\/p>\n\n\n\n<p>Ezut\u00e1n a tartalom teljes\u00edtm\u00e9ny\u00e9re vonatkoz\u00f3 m\u00e9r\u0151sz\u00e1mokb\u00f3l, mint p\u00e9ld\u00e1ul az elid\u0151z\u00e9si id\u0151 \u00e9s az \u00e1tkattint\u00e1si ar\u00e1nyok, nyerjen betekint\u00e9st.<\/p>\n\n\n\n<p>Ha \u00fagy tal\u00e1lja, hogy bizonyos t\u00e9m\u00e1k vagy form\u00e1tumok jobban teljes\u00edtenek m\u00e1sokn\u00e1l, tervezzen bel\u0151l\u00fck t\u00f6bbet el\u0151re.&nbsp;<\/p>\n\n\n\n<p>R\u00f6viden, r\u00e9szletes tartalmi napt\u00e1rat kell k\u00e9sz\u00edtenie ezen el\u0151rejelz\u0151 SEO-strat\u00e9gi\u00e1k alapj\u00e1n.&nbsp;<\/p>\n\n\n\n<p>Tartalmazni fogja, hogy milyen k\u00e9rd\u00e9sekre kell v\u00e1laszolni, \u00e9s hogyan kell pontosan tartalmat k\u00e9sz\u00edteni sz\u00e1mukra.<\/p>\n\n\n\n<h3 class=\"wp-block-heading\">Tartsa szemmel a v\u00e1rhat\u00f3 trendeket<\/h3>\n\n\n\n<p>Az el\u0151re tervez\u00e9s nem jelenti azt, hogy mindent k\u0151be v\u00e9sett. Teh\u00e1t m\u00e9g azut\u00e1n is, hogy megtervezted a tartalmat, figyelned kell az elmozdul\u00e1sokat \u00e9s a kialakul\u00f3ban l\u00e9v\u0151 vit\u00e1kat.&nbsp;<\/p>\n\n\n\n<p>A legfontosabb t\u00e9m\u00e1khoz riaszt\u00e1sokat \u00e1ll\u00edthat be, hogy ne maradjon le semmir\u0151l.&nbsp;<\/p>\n\n\n\n<p>Ha egy \u00e1ltalad nyomon k\u00f6vetett t\u00e9ma hirtelen felkapott\u00e1 v\u00e1lik, friss\u00edtheted megl\u00e9v\u0151 tartalmaidat relev\u00e1ns kifejez\u00e9sekkel, agressz\u00edvebben oszthatod meg, vagy ak\u00e1r egy kieg\u00e9sz\u00edt\u0151 anyagot is k\u00e9sz\u00edthetsz, hogy maximaliz\u00e1ld a hat\u00e1s\u00e1t.<\/p>\n\n\n\n<p>M\u00e1s dolgokat kell tenni, amikor egy t\u00e9ma v\u00e9gre forr\u00f3v\u00e1 v\u00e1lik, mint amikor szunnyad\u00f3ban volt. <\/p>\n\n\n\n<p>Ez a folyamatos nyomon k\u00f6vet\u00e9s lehet\u0151v\u00e9 teszi, hogy val\u00f3s id\u0151ben reag\u00e1lhasson a siker \u00edg\u00e9ret\u00e9re.<\/p>\n\n\n<div class=\"wp-block-image\">\n<figure class=\"aligncenter size-large\"><img loading=\"lazy\" decoding=\"async\" width=\"1024\" height=\"559\" src=\"https:\/\/undetectable.ai/blog\/wp-content\/uploads\/2025\/04\/AI-SEO-Content-Writer-1-1024x559.jpg\" alt=\"\u00c9szrevehetetlen AI SEO tartalom\u00edr\u00f3\" class=\"wp-image-7565\" title=\"\" srcset=\"https:\/\/undetectable.ai/blog\/wp-content\/uploads\/2025\/04\/AI-SEO-Content-Writer-1-1024x559.jpg 1024w, https:\/\/undetectable.ai/blog\/wp-content\/uploads\/2025\/04\/AI-SEO-Content-Writer-1-300x164.jpg 300w, https:\/\/undetectable.ai/blog\/wp-content\/uploads\/2025\/04\/AI-SEO-Content-Writer-1-768x420.jpg 768w, https:\/\/undetectable.ai/blog\/wp-content\/uploads\/2025\/04\/AI-SEO-Content-Writer-1-18x10.jpg 18w, https:\/\/undetectable.ai/blog\/wp-content\/uploads\/2025\/04\/AI-SEO-Content-Writer-1.jpg 1349w\" sizes=\"auto, (max-width: 1024px) 100vw, 1024px\" \/><\/figure><\/div>\n\n\n<p>Ha \u00fagy \u00e9rzi, hogy v\u00e1llalkoz\u00e1sa k\u00e9szen \u00e1ll, akkor haszn\u00e1lhatja az Undetectable AI <a href=\"https:\/\/undetectable.ai\/ai-seo-writer\" target=\"_blank\" rel=\"noreferrer noopener\">AI SEO \u00edr\u00f3<\/a> hogy optimaliz\u00e1lt tartalmat hozzon l\u00e9tre, amely alkalmazkodik a v\u00e1ltoz\u00f3 kulcsszavakhoz \u00e9s keres\u00e9si sz\u00e1nd\u00e9khoz, \u00edgy a ma tett er\u0151fesz\u00edt\u00e9sei a j\u00f6v\u0151ben is relev\u00e1nsak maradnak.<\/p>\n\n\n\n<h2 class=\"wp-block-heading\">Predikt\u00edv SEO vs. hagyom\u00e1nyos SEO<\/h2>\n\n\n\n<figure class=\"wp-block-table\"><table class=\"has-fixed-layout\"><tbody><tr><td class=\"has-text-align-center\" data-align=\"center\"><strong>Aspect<\/strong><\/td><td class=\"has-text-align-center\" data-align=\"center\"><strong>Predikt\u00edv SEO<\/strong><\/td><td class=\"has-text-align-center\" data-align=\"center\"><strong>Hagyom\u00e1nyos SEO<\/strong><\/td><\/tr><tr><td class=\"has-text-align-center\" data-align=\"center\">F\u0151 f\u00f3kusz<\/td><td class=\"has-text-align-center\" data-align=\"center\">El\u0151re jelzi a j\u00f6v\u0151beli keres\u00e9si trendeket \u00e9s felhaszn\u00e1l\u00f3i \u00e9rdekl\u0151d\u00e9seket<\/td><td class=\"has-text-align-center\" data-align=\"center\">A megl\u00e9v\u0151 kulcsszavakra, rangsorokra \u00e9s az aktu\u00e1lis keres\u00e9si keresletre optimaliz\u00e1l.<\/td><\/tr><tr><td class=\"has-text-align-center\" data-align=\"center\">C\u00e9l<\/td><td class=\"has-text-align-center\" data-align=\"center\">Hozzon l\u00e9tre tartalmat a t\u00e9m\u00e1k cs\u00facspontja el\u0151tt a korai forgalom megragad\u00e1s\u00e1hoz<\/td><td class=\"has-text-align-center\" data-align=\"center\">Jav\u00edtsa a m\u00e1r ismert, \u00e1lland\u00f3 forgalmat bonyol\u00edt\u00f3 kifejez\u00e9sek l\u00e1that\u00f3s\u00e1g\u00e1t.<\/td><\/tr><tr><td class=\"has-text-align-center\" data-align=\"center\">Id\u0151z\u00edt\u00e9s<\/td><td class=\"has-text-align-center\" data-align=\"center\">Proakt\u00edv<\/td><td class=\"has-text-align-center\" data-align=\"center\">Reakt\u00edv<\/td><\/tr><tr><td class=\"has-text-align-center\" data-align=\"center\">Kulcssz\u00f3 strat\u00e9gia<\/td><td class=\"has-text-align-center\" data-align=\"center\">A n\u00f6vekv\u0151 vagy kialakul\u00f3ban l\u00e9v\u0151 \u00e9rdekl\u0151d\u00e9s\u0171 felt\u00e9teleket c\u00e9lozza meg, m\u00e9g alacsony jelenlegi volumen eset\u00e9n is.<\/td><td class=\"has-text-align-center\" data-align=\"center\">A bizony\u00edtottan nagy forgalm\u00fa \u00e9s keres\u00e9si volumen\u0171 kifejez\u00e9seket c\u00e9lozza meg<\/td><\/tr><tr><td class=\"has-text-align-center\" data-align=\"center\">Kock\u00e1zati szint<\/td><td class=\"has-text-align-center\" data-align=\"center\">Magasabb, mert az el\u0151rejelz\u00e9sek elv\u00e9tve vagy a trendek gyorsan elhalv\u00e1nyulhatnak.<\/td><td class=\"has-text-align-center\" data-align=\"center\">Alacsonyabb, mert az adatok stabilak \u00e9s t\u00f6rt\u00e9nelmileg igazoltak.<\/td><\/tr><tr><td class=\"has-text-align-center\" data-align=\"center\">Versenyel\u0151ny<\/td><td class=\"has-text-align-center\" data-align=\"center\">Korai indul\u00f3 el\u0151ny. A tartalom el\u0151bb ker\u00fcl a rangl\u00e9tr\u00e1nkra, mint a versenyt\u00e1rsak<\/td><td class=\"has-text-align-center\" data-align=\"center\">A megl\u00e9v\u0151 tartalom t\u00falsz\u00e1rnyal\u00e1s\u00e1ra t\u00e1maszkodik egy tel\u00edtett t\u00e9rben.<\/td><\/tr><tr><td class=\"has-text-align-center\" data-align=\"center\">Eredm\u00e9nyek Sebess\u00e9g<\/td><td class=\"has-text-align-center\" data-align=\"center\">Ha az el\u0151rejelz\u00e9sek pontosak, gyors t\u00fcsk\u00e9kkel j\u00e1rhatnak.<\/td><td class=\"has-text-align-center\" data-align=\"center\">Hossz\u00fa t\u00e1von egyenletes, hossz\u00fa t\u00e1v\u00fa forgalomn\u00f6veked\u00e9s<\/td><\/tr><\/tbody><\/table><\/figure>\n\n\n\n<h2 class=\"wp-block-heading\">Eszk\u00f6z\u00f6k a predikt\u00edv SEO-hoz<\/h2>\n\n\n\n<p>Rengeteg platform dob\u00e1l\u00f3zik a \"predikt\u00edv SEO\" kifejez\u00e9ssel, de nem mindegyik felel meg ennek a c\u00edmk\u00e9nek.&nbsp;<\/p>\n\n\n\n<p>N\u00e9melyik val\u00f3ban hasznos, m\u00edg m\u00e1sok csak \u00e1ltal\u00e1nos adatokat csomagolnak \u00e1t divatos n\u00e9vvel.&nbsp;<\/p>\n\n\n\n<p>Hogy id\u0151t (\u00e9s frusztr\u00e1ci\u00f3t) takar\u00edtson meg, \u00edme n\u00e9h\u00e1ny eszk\u00f6z, amely val\u00f3ban seg\u00edt.<\/p>\n\n\n\n<h3 class=\"wp-block-heading\">Google Trends \u00e9s Search Console Insights<\/h3>\n\n\n<div class=\"wp-block-image\">\n<figure class=\"aligncenter size-full\"><img loading=\"lazy\" decoding=\"async\" width=\"963\" height=\"508\" src=\"https:\/\/undetectable.ai/blog\/wp-content\/uploads\/2025\/08\/Google-Trends-and-Search-Console.jpg\" alt=\"\" class=\"wp-image-13603\" title=\"\" srcset=\"https:\/\/undetectable.ai/blog\/wp-content\/uploads\/2025\/08\/Google-Trends-and-Search-Console.jpg 963w, https:\/\/undetectable.ai/blog\/wp-content\/uploads\/2025\/08\/Google-Trends-and-Search-Console-300x158.jpg 300w, https:\/\/undetectable.ai/blog\/wp-content\/uploads\/2025\/08\/Google-Trends-and-Search-Console-768x405.jpg 768w, https:\/\/undetectable.ai/blog\/wp-content\/uploads\/2025\/08\/Google-Trends-and-Search-Console-18x9.jpg 18w\" sizes=\"auto, (max-width: 963px) 100vw, 963px\" \/><\/figure><\/div>\n\n\n<p>A Google Search Console j\u00f3 kiindul\u00f3pont, mivel m\u00e1r egy ideje k\u00edn\u00e1l el\u0151rejelz\u0151 elemz\u00e9sekkel al\u00e1t\u00e1masztott aj\u00e1nl\u00e1sokat.&nbsp;<\/p>\n\n\n\n<p>Mivel azonban mindenki hozz\u00e1f\u00e9rhet hozz\u00e1, nem szerezhetsz igazi versenyel\u0151nyt.<\/p>\n\n\n\n<p>A k\u00f6vetkez\u0151 lehet\u0151s\u00e9g a Google Trends.<\/p>\n\n\n\n<p>Ha lefuttatsz egy t\u00e9m\u00e1t rajta, a program megmondja, hogy p\u00e9ld\u00e1ul hogyan v\u00e1ltozik az \u00e9rdekl\u0151d\u00e9s egy t\u00e9ma ir\u00e1nt az id\u0151 m\u00fal\u00e1s\u00e1val, honnan \u00e9rkeznek a keres\u00e9sek, \u00e9s mikor van az \u00e9rdekl\u0151d\u00e9s cs\u00facspontja.&nbsp;<\/p>\n\n\n\n<h3 class=\"wp-block-heading\">AI-alap\u00fa SEO platformok<\/h3>\n\n\n<div class=\"wp-block-image\">\n<figure class=\"aligncenter size-large\"><img loading=\"lazy\" decoding=\"async\" width=\"1024\" height=\"383\" src=\"https:\/\/undetectable.ai/blog\/wp-content\/uploads\/2025\/08\/AI-Powered-SEO-Platforms-1024x383.jpg\" alt=\"\" class=\"wp-image-13604\" title=\"\" srcset=\"https:\/\/undetectable.ai/blog\/wp-content\/uploads\/2025\/08\/AI-Powered-SEO-Platforms-1024x383.jpg 1024w, https:\/\/undetectable.ai/blog\/wp-content\/uploads\/2025\/08\/AI-Powered-SEO-Platforms-300x112.jpg 300w, https:\/\/undetectable.ai/blog\/wp-content\/uploads\/2025\/08\/AI-Powered-SEO-Platforms-768x287.jpg 768w, https:\/\/undetectable.ai/blog\/wp-content\/uploads\/2025\/08\/AI-Powered-SEO-Platforms-18x7.jpg 18w, https:\/\/undetectable.ai/blog\/wp-content\/uploads\/2025\/08\/AI-Powered-SEO-Platforms.jpg 1044w\" sizes=\"auto, (max-width: 1024px) 100vw, 1024px\" \/><\/figure><\/div>\n\n\n<p>A fejlettebb oldalon vannak olyan SEO-platformok, amelyek val\u00f3ban predikt\u00edv analitik\u00e1t haszn\u00e1lnak, hogy m\u00e9lyebb betekint\u00e9st ny\u00fajtsanak abba, hogy merre tart az ipar\u00e1g.&nbsp;<\/p>\n\n\n\n<p>Speci\u00e1lis trendelemz\u0151 eszk\u00f6z\u00f6kr\u0151l vagy olyan v\u00e1llalati platformokr\u00f3l besz\u00e9lek, mint az Ahrefs \u00e9s a Semrush, amelyek nagy \u00f6sszegeket fektetnek be saj\u00e1t el\u0151rejelz\u0151 modelljeik kialak\u00edt\u00e1s\u00e1ba.<\/p>\n\n\n\n<p>Ezek az eszk\u00f6z\u00f6k azonban tanul\u00e1si neh\u00e9zs\u00e9gekkel j\u00e1rnak.<\/p>\n\n\n\n<p>Rengeteg funkci\u00f3val \u00e9s m\u00e9r\u0151sz\u00e1mmal rendelkeznek, ez\u00e9rt tudnia kell, hogy mely funkci\u00f3kat kell haszn\u00e1lni, \u00e9s hogyan kell helyesen \u00e9rtelmezni az adatokat.&nbsp;<\/p>\n\n\n\n<h3 class=\"wp-block-heading\">AI tartalomoptimaliz\u00e1l\u00e1si eszk\u00f6z\u00f6k<\/h3>\n\n\n\n<p>M\u00e9g ha a j\u00f3slatai helyesek is, semmi sem garant\u00e1lja, hogy az els\u0151 helyre ker\u00fcl, hacsak a tartalma nem el\u00e9g j\u00f3 ahhoz, hogy meg\u00e9rdemelje azt.&nbsp;<\/p>\n\n\n\n<p>Ez az\u00e9rt van, mert ahogyan \u00d6n, \u00fagy a versenyt\u00e1rsai is ugyanezekre a t\u00e9m\u00e1kra terveznek, \u00edgy a gyenge vagy rosszul meg\u00edrt tartalmak nem fognak meg\u00e1llni a hely\u00fck\u00f6n.<\/p>\n\n\n<div class=\"wp-block-image\">\n<figure class=\"aligncenter size-large\"><img loading=\"lazy\" decoding=\"async\" width=\"1024\" height=\"440\" src=\"https:\/\/undetectable.ai/blog\/wp-content\/uploads\/2025\/08\/free-grammar-checker-undetectable-ai-1024x440.jpg\" alt=\"\u00c9szrevehetetlen AI ingyenes nyelvtani ellen\u0151rz\u0151 eszk\u00f6z interf\u00e9sze\" class=\"wp-image-13103\" title=\"\" srcset=\"https:\/\/undetectable.ai/blog\/wp-content\/uploads\/2025\/08\/free-grammar-checker-undetectable-ai-1024x440.jpg 1024w, https:\/\/undetectable.ai/blog\/wp-content\/uploads\/2025\/08\/free-grammar-checker-undetectable-ai-300x129.jpg 300w, https:\/\/undetectable.ai/blog\/wp-content\/uploads\/2025\/08\/free-grammar-checker-undetectable-ai-768x330.jpg 768w, https:\/\/undetectable.ai/blog\/wp-content\/uploads\/2025\/08\/free-grammar-checker-undetectable-ai-18x8.jpg 18w, https:\/\/undetectable.ai/blog\/wp-content\/uploads\/2025\/08\/free-grammar-checker-undetectable-ai.jpg 1357w\" sizes=\"auto, (max-width: 1024px) 100vw, 1024px\" \/><\/figure><\/div>\n\n\n<p>Annak \u00e9rdek\u00e9ben, hogy tartalma cs\u00facsmin\u0151s\u00e9g\u0171 \u00e9s teljes\u00edt\u0151k\u00e9pes legyen, az Undetectable AI <a href=\"https:\/\/undetectable.ai\/grammar-checker\" target=\"_blank\" rel=\"noreferrer noopener\">Nyelvtani ellen\u0151rz\u0151<\/a> \u00e9s <a href=\"https:\/\/undetectable.ai\/detector-humanizer\" target=\"_blank\" rel=\"noreferrer noopener\">AI Detector<\/a> az \u00d6n rendelkez\u00e9s\u00e9re \u00e1ll.&nbsp;<\/p>\n\n\n<div class=\"wp-block-image\">\n<figure class=\"aligncenter size-full\"><img loading=\"lazy\" decoding=\"async\" width=\"990\" height=\"371\" src=\"https:\/\/undetectable.ai/blog\/wp-content\/uploads\/2025\/06\/Advanced-AI-Detector-and-AI-Checker.jpg\" alt=\"Pillanatk\u00e9p egy fejlett AI detektor \u00e9s AI checker interf\u00e9szr\u0151l\" class=\"wp-image-10122\" title=\"\" srcset=\"https:\/\/undetectable.ai/blog\/wp-content\/uploads\/2025\/06\/Advanced-AI-Detector-and-AI-Checker.jpg 990w, https:\/\/undetectable.ai/blog\/wp-content\/uploads\/2025\/06\/Advanced-AI-Detector-and-AI-Checker-300x112.jpg 300w, https:\/\/undetectable.ai/blog\/wp-content\/uploads\/2025\/06\/Advanced-AI-Detector-and-AI-Checker-768x288.jpg 768w, https:\/\/undetectable.ai/blog\/wp-content\/uploads\/2025\/06\/Advanced-AI-Detector-and-AI-Checker-18x7.jpg 18w\" sizes=\"auto, (max-width: 990px) 100vw, 990px\" \/><\/figure><\/div>\n\n\n<p>Using them you can polish predictive SEO content to ensure it reads professionally and also confirm your articles aren\u2019t flagged as AI-generated because search engines and even users have grown smart enough to identify AI-writing.<\/p>\n\n\n\n<p>\u00cdr\u00f3k, di\u00e1kok \u00e9s v\u00e1llalkoz\u00e1sok sz\u00e1m\u00e1ra k\u00e9sz\u00fclt - fedezze fel megb\u00edzhat\u00f3 felismer\u0151 \u00e9s humaniz\u00e1l\u00f3 eszk\u00f6zeinket.<\/p>\n\n\n\n<div id=\"uai-widget\" data-affiliate-link=\"https:\/\/undetectable.ai\/?_by=hi4km\"><script>var js = document.createElement(\"script\");js.async = true;js.src = \"https:\/\/widget.undetectable.ai\/js\/widget-loader.js?t=\"+Date.now();document.getElementsByTagName(\"head\")[0].appendChild(js);<\/script><\/div>\n\n\n\n<h2 class=\"wp-block-heading\">V\u00e9gs\u0151 gondolatok<\/h2>\n\n\n\n<p>Mint az \u00e1cs, aki k\u00e9tszer m\u00e9r, hogy elker\u00fclje a felesleges v\u00e1g\u00e1sokat, a marketingesek, akik el\u0151re terveznek a predikt\u00edv SEO-val, megk\u00edm\u00e9lik magukat a k\u00f6lts\u00e9ges elszalasztott lehet\u0151s\u00e9gekt\u0151l.&nbsp;<\/p>\n\n\n\n<p>Miel\u0151tt azonban elindulna erre az \u00fatra, gy\u0151z\u0151dj\u00f6n meg r\u00f3la, hogy rendelkezik a megfelel\u0151 eszk\u00f6z\u00f6kkel.<\/p>\n\n\n\n<p>Az Undetectable AI olyan mesters\u00e9ges intelligencia eszk\u00f6z, amely seg\u00edt, hogy az \u00edr\u00e1sa \u00e9les \u00e9s \u00e9szrevehetetlen\u00fcl emberi maradjon, az Undetectable AI fedezi \u00d6nt.&nbsp;<\/p>\n\n\n\n<p><a href=\"https:\/\/undetectable.ai\/\" target=\"_blank\" rel=\"noreferrer noopener\">Regisztr\u00e1ljon, hogy elkezdhesse.<\/a><\/p>","protected":false},"excerpt":{"rendered":"","protected":false},"author":15,"featured_media":13599,"comment_status":"closed","ping_status":"closed","sticky":false,"template":"","format":"standard","meta":{"_themeisle_gutenberg_block_has_review":false,"footnotes":""},"categories":[5],"tags":[],"class_list":["post-13592","post","type-post","status-publish","format-standard","has-post-thumbnail","hentry","category-reviews"],"_links":{"self":[{"href":"https:\/\/undetectable.ai/blog\/hu\/wp-json\/wp\/v2\/posts\/13592","targetHints":{"allow":["GET"]}}],"collection":[{"href":"https:\/\/undetectable.ai/blog\/hu\/wp-json\/wp\/v2\/posts"}],"about":[{"href":"https:\/\/undetectable.ai/blog\/hu\/wp-json\/wp\/v2\/types\/post"}],"author":[{"embeddable":true,"href":"https:\/\/undetectable.ai/blog\/hu\/wp-json\/wp\/v2\/users\/15"}],"replies":[{"embeddable":true,"href":"https:\/\/undetectable.ai/blog\/hu\/wp-json\/wp\/v2\/comments?post=13592"}],"version-history":[{"count":6,"href":"https:\/\/undetectable.ai/blog\/hu\/wp-json\/wp\/v2\/posts\/13592\/revisions"}],"predecessor-version":[{"id":22068,"href":"https:\/\/undetectable.ai/blog\/hu\/wp-json\/wp\/v2\/posts\/13592\/revisions\/22068"}],"wp:featuredmedia":[{"embeddable":true,"href":"https:\/\/undetectable.ai/blog\/hu\/wp-json\/wp\/v2\/media\/13599"}],"wp:attachment":[{"href":"https:\/\/undetectable.ai/blog\/hu\/wp-json\/wp\/v2\/media?parent=13592"}],"wp:term":[{"taxonomy":"category","embeddable":true,"href":"https:\/\/undetectable.ai/blog\/hu\/wp-json\/wp\/v2\/categories?post=13592"},{"taxonomy":"post_tag","embeddable":true,"href":"https:\/\/undetectable.ai/blog\/hu\/wp-json\/wp\/v2\/tags?post=13592"}],"curies":[{"name":"wp","href":"https:\/\/api.w.org\/{rel}","templated":true}]}}