{"id":15135,"date":"2025-10-27T11:16:19","date_gmt":"2025-10-27T11:16:19","guid":{"rendered":"https:\/\/undetectable.ai/blog\/?p=15135"},"modified":"2025-11-11T07:47:34","modified_gmt":"2025-11-11T07:47:34","slug":"cel-egy-oneletrajzhoz","status":"publish","type":"post","link":"https:\/\/undetectable.ai/blog\/hu\/cel-egy-oneletrajzhoz","title":{"rendered":"Mi a j\u00f3 c\u00e9l egy \u00f6n\u00e9letrajzban? Teljes \u00fatmutat\u00f3"},"content":{"rendered":"<p>\u00dagy gondolod, hogy az \u00f6n\u00e9letrajzod c\u00e9lja nem sz\u00e1m\u00edt? Gondolja \u00fajra.<\/p>\n\n\n\n<p>Igen, ez <em>csak<\/em> egy-k\u00e9t mondat, de ezek a mondatok jelenthetik a k\u00fcl\u00f6nbs\u00e9get ak\u00f6z\u00f6tt, hogy megragadjuk a toborz\u00f3 figyelm\u00e9t... vagy m\u00e1sodpercek alatt elvesz\u00edtj\u00fck azt.<\/p>\n\n\n\n<p>Az \u00f6n\u00e9letrajz c\u00e9lj\u00e1nak el\u00e9r\u00e9se azonban nem egyszer\u0171 feladat.<\/p>\n\n\n\n<p>Meg kell tal\u00e1lnod a m\u00f3dj\u00e1t, hogy (r\u00f6viden!) <strong>foglalja \u00f6ssze k\u00e9szs\u00e9geit \u00e9s tapasztalatait<\/strong>, <strong>hangs\u00falyozd a c\u00e9ljaidat<\/strong>, \u00e9s <strong>lelkesedjen<\/strong>... mindezt an\u00e9lk\u00fcl, hogy t\u00fal \u00e1ltal\u00e1nosnak vagy robotikusnak t\u0171nne.<\/p>\n\n\n\n<p>Ha teh\u00e1t most l\u00e9p be a munkaer\u0151piacra vagy p\u00e1lyam\u00f3dos\u00edt\u00e1s el\u0151tt \u00e1ll, seg\u00edt\u00fcnk, hogy a legt\u00f6bbet hozza ki \u00f6n\u00e9letrajz\u00e1nak c\u00e9lj\u00e1b\u00f3l, megmutatjuk, mi m\u0171k\u00f6dik, mi nem, \u00e9s hogyan \u00edrhat olyan \u00f6n\u00e9letrajzot, amely meg\u00e1ll\u00edtja a felv\u00e9teli menedzsereket.<\/p>\n\n\n\n<p><strong>TL: DR - <\/strong>Egy er\u0151s \u00f6n\u00e9letrajz c\u00e9lj\u00e1nak r\u00f6vidnek, konkr\u00e9tnak \u00e9s arra kell \u00f6sszpontos\u00edtania, hogy mit <em>te<\/em> mit tudsz hozni az asztalra - nem csak azt, hogy mit szeretn\u00e9l a szerept\u0151l.<\/p>\n\n\n\n<hr class=\"wp-block-separator has-alpha-channel-opacity\"\/>\n\n\n\n<p class=\"has-text-align-center\"><strong>A legfontosabb tudnival\u00f3k<\/strong><\/p>\n\n\n\n<ul class=\"wp-block-list\">\n<li>Az \u00f6n\u00e9letrajz c\u00e9lkit\u0171z\u00e9se egy r\u00f6vid nyilatkozat, amely \u00f6sszefoglalja az \u00d6n c\u00e9ljait, k\u00e9szs\u00e9geit \u00e9s \u00e9rt\u00e9k\u00e9t a munk\u00e1ltat\u00f3k sz\u00e1m\u00e1ra.<\/li>\n<\/ul>\n\n\n\n<p><\/p>\n\n\n\n<ul class=\"wp-block-list\">\n<li>Haszn\u00e1lja, ha di\u00e1k, friss diplom\u00e1s vagy p\u00e1lyakezd\u0151; haszn\u00e1lja az \u00f6sszefoglal\u00f3t, ha tapasztalt.<\/li>\n<\/ul>\n\n\n\n<p><\/p>\n\n\n\n<ul class=\"wp-block-list\">\n<li>Legyen t\u00f6m\u00f6r (1-3 mondat), \u00e9s a munkak\u00f6rre szabottan, a le\u00edr\u00e1sban szerepl\u0151 kulcsszavak felhaszn\u00e1l\u00e1s\u00e1val \u00edrja meg.<\/li>\n<\/ul>\n\n\n\n<p><\/p>\n\n\n\n<ul class=\"wp-block-list\">\n<li>Koncentr\u00e1ljon arra, hogy mit tud adni a v\u00e1llalatnak - ne csak arra, hogy mit szeretne a szerept\u0151l.<\/li>\n<\/ul>\n\n\n\n<p><\/p>\n\n\n\n<ul class=\"wp-block-list\">\n<li>Ker\u00fclje a hom\u00e1lyos, \u00e1ltal\u00e1nos vagy t\u00fal hossz\u00fa, divatszavakkal teli kijelent\u00e9seket.<\/li>\n<\/ul>\n\n\n\n<p><\/p>\n\n\n\n<ul class=\"wp-block-list\">\n<li>Az olyan mesters\u00e9ges intelligencia-eszk\u00f6z\u00f6k, mint a Resume Generator \u00e9s a Cover Letter Generator seg\u00edthetnek a c\u00e9lzott, professzion\u00e1lis \u00f6n\u00e9letrajzok elk\u00e9sz\u00edt\u00e9s\u00e9ben.<\/li>\n<\/ul>\n\n\n\n<p><\/p>\n\n\n\n<hr class=\"wp-block-separator has-alpha-channel-opacity\"\/>\n\n\n\n<h2 class=\"wp-block-heading\"><strong>Mi az \u00f6n\u00e9letrajz c\u00e9lja?<\/strong><\/h2>\n\n\n<div class=\"wp-block-image\">\n<figure class=\"aligncenter size-large\"><img loading=\"lazy\" decoding=\"async\" width=\"1024\" height=\"683\" src=\"https:\/\/undetectable.ai/blog\/wp-content\/uploads\/2025\/09\/resume-objective-1024x683.jpg\" alt=\"\" class=\"wp-image-15141\" title=\"\" srcset=\"https:\/\/undetectable.ai/blog\/wp-content\/uploads\/2025\/09\/resume-objective-1024x683.jpg 1024w, https:\/\/undetectable.ai/blog\/wp-content\/uploads\/2025\/09\/resume-objective-300x200.jpg 300w, https:\/\/undetectable.ai/blog\/wp-content\/uploads\/2025\/09\/resume-objective-768x512.jpg 768w, https:\/\/undetectable.ai/blog\/wp-content\/uploads\/2025\/09\/resume-objective-18x12.jpg 18w, https:\/\/undetectable.ai/blog\/wp-content\/uploads\/2025\/09\/resume-objective.jpg 1200w\" sizes=\"auto, (max-width: 1024px) 100vw, 1024px\" \/><\/figure><\/div>\n\n\n<p>El\u0151sz\u00f6r is: mi is pontosan az \u00f6n\u00e9letrajz c\u00e9lkit\u0171z\u00e9se?<\/p>\n\n\n\n<p>Az \u00f6n\u00e9letrajz c\u00e9lkit\u0171z\u00e9se vagy \"\u00f6n\u00e9letrajz c\u00e9lnyilatkozata\" egy r\u00f6vid (\u00e1ltal\u00e1ban 1-3 mondat k\u00f6z\u00f6tti) nyilatkozat az \u00f6n\u00e9letrajz tetej\u00e9n, amely kiemeli:<\/p>\n\n\n\n<ul class=\"wp-block-list\">\n<li>Az \u00d6n karrierc\u00e9ljai<\/li>\n\n\n\n<li>Az \u00d6n tapasztalata \u00e9s k\u00e9pess\u00e9gei<\/li>\n\n\n\n<li>Mi\u00e9rt \u00d6n a t\u00f6k\u00e9letes jel\u00f6lt<\/li>\n<\/ul>\n\n\n\n<p>A legegyszer\u0171bb, ha \u00fagy gondolsz az \u00f6n\u00e9letrajzod c\u00e9lj\u00e1ra, mint a szem\u00e9lyes liftdobog\u00f3dra. Vil\u00e1gosnak, t\u00f6m\u00f6rnek kell lennie, \u00e9s arra kell \u00f6sszpontos\u00edtania, hogy mi\u00e9rt \u00d6n a megfelel\u0151 az adott munkak\u00f6rre.<\/p>\n\n\n\n<p>Az \u00f6n\u00e9letrajzc\u00e9lokat gyakran felv\u00e1ltva haszn\u00e1lj\u00e1k az \u00f6n\u00e9letrajz-\u00f6sszefoglal\u00f3kkal. \u00c9s b\u00e1r hasonl\u00f3an n\u00e9znek ki, mindkett\u0151 kiss\u00e9 elt\u00e9r\u0151 c\u00e9lokat szolg\u00e1l.<\/p>\n\n\n\n<ul class=\"wp-block-list\">\n<li><strong>\u00d6n\u00e9letrajz c\u00e9lja: <\/strong>F\u00f3kusz\u00e1ljon a karrierc\u00e9ljaira \u00e9s arra, hogy mit szeretne el\u00e9rni. A legjobb di\u00e1koknak, friss diplom\u00e1soknak \u00e9s p\u00e1lyam\u00f3dos\u00edt\u00f3knak.<\/li>\n\n\n\n<li><strong>\u00d6sszefoglal\u00f3: <\/strong>Kiemeli a tapasztalat\u00e1t \u00e9s eredm\u00e9nyeit, hogy megmutassa, mi\u00e9rt alkalmas egy adott munkak\u00f6r bet\u00f6lt\u00e9s\u00e9re. <em>most r\u00f6gt\u00f6n<\/em>. A legjobb a tapasztalt szakemberek sz\u00e1m\u00e1ra, akik a megl\u00e9v\u0151 munkak\u00f6r\u00fck\u00f6n vagy ipar\u00e1gon bel\u00fcl k\u00edv\u00e1nj\u00e1k tov\u00e1bbfejleszteni karrierj\u00fcket.<\/li>\n<\/ul>\n\n\n\n<p>\u00c1ltal\u00e1nos szab\u00e1lyk\u00e9nt, <strong>\u00f6n\u00e9letrajz c\u00e9lj\u00e1t haszn\u00e1lni<\/strong> ha <strong>p\u00e1lyakezd\u0151 poz\u00edci\u00f3ra jelentkezik<\/strong> vagy <strong>pivot\u00e1l\u00f3 karrierek<\/strong>. \u00c9s <strong>\u00f6n\u00e9letrajz \u00f6sszefoglal\u00f3 haszn\u00e1lata<\/strong> ha <strong>m\u00e1r befutott a szakter\u00fclet\u00e9n<\/strong>.<\/p>\n\n\n\n<h2 class=\"wp-block-heading\"><strong>Mit\u0151l lesz j\u00f3 az \u00f6n\u00e9letrajz c\u00e9lkit\u0171z\u00e9se?<\/strong><\/h2>\n\n\n\n<p>Az \u00f6n\u00e9letrajz c\u00e9lkit\u0171z\u00e9se akkor m\u0171k\u00f6dik a legjobban, ha a lehet\u0151 legkonkr\u00e9tabb.<\/p>\n\n\n\n<p>Ez azt jelenti, hogy ker\u00fclni kell az olyan hom\u00e1lyos kijelent\u00e9seket, mint: \"<em>Olyan munk\u00e1t keresek, ahol fejl\u0151dhetek \u00e9s haszn\u00e1lhatom a szervez\u00e9si k\u00e9pess\u00e9geimet\"<\/em>.<\/p>\n\n\n\n<p>Ez a nyilatkozat semmit sem \u00e1rul el a felv\u00e9teli menedzsereknek \u00d6nr\u0151l vagy arr\u00f3l, hogy mit keres.<\/p>\n\n\n\n<p>Ehelyett pr\u00f3b\u00e1ljon meg olyan \u00f6n\u00e9letrajzc\u00e9lt k\u00e9sz\u00edteni, amely a k\u00f6vetkez\u0151 n\u00e9gy tulajdons\u00e1ggal rendelkezik.<\/p>\n\n\n\n<figure class=\"wp-block-table\"><table class=\"has-fixed-layout\"><tbody><tr><td class=\"has-text-align-center\" data-align=\"center\" colspan=\"4\"><strong>Mi a j\u00f3 c\u00e9l egy \u00f6n\u00e9letrajzban? 4 kulcsfontoss\u00e1g\u00fa tulajdons\u00e1g + p\u00e9ld\u00e1k<\/strong><\/td><\/tr><tr><td class=\"has-text-align-center\" data-align=\"center\" colspan=\"2\"><strong>Min\u0151s\u00e9g<\/strong><\/td><td class=\"has-text-align-center\" data-align=\"center\"><strong>J\u00f3 p\u00e9lda<\/strong><\/td><td class=\"has-text-align-center\" data-align=\"center\"><strong>Rossz p\u00e9lda<\/strong><\/td><\/tr><tr><td class=\"has-text-align-center\" data-align=\"center\" colspan=\"2\"><strong>Tisztas\u00e1g: <\/strong>Adja meg, hogy pontosan milyen t\u00edpus\u00fa szerepet keres.<\/td><td class=\"has-text-align-center\" data-align=\"center\">\"Frissen v\u00e9gzett marketingszakember, aki digit\u00e1lis marketing koordin\u00e1tori poz\u00edci\u00f3t keres, a tartalomra \u00e9s a SEO strat\u00e9gi\u00e1ra \u00f6sszpontos\u00edtva.\"<\/td><td class=\"has-text-align-center\" data-align=\"center\">\"Er\u0151s probl\u00e9mamegold\u00f3 k\u00e9szs\u00e9ggel rendelkez\u0151 diplom\u00e1s, aki kih\u00edv\u00e1st jelent\u0151 \u00e1ll\u00e1st keres a marketing ter\u00fclet\u00e9n.\"<\/td><\/tr><tr><td class=\"has-text-align-center\" data-align=\"center\" colspan=\"2\"><strong>\u00c9rt\u00e9korient\u00e1lt: <\/strong>Emelje ki, hogy mit hoz az asztalra, ne csak azt, hogy mit szeretne egy \u00e1ll\u00e1st\u00f3l.<\/td><td class=\"has-text-align-center\" data-align=\"center\">\"R\u00e9szletorient\u00e1lt k\u00f6nyvel\u0151hallgat\u00f3, aki er\u0151s Excel- \u00e9s QuickBooks-ismeretekkel rendelkezik, \u00e9s egy k\u00f6zepes m\u00e9ret\u0171 c\u00e9gn\u00e9l szeretne hozz\u00e1j\u00e1rulni a p\u00e9nz\u00fcgyi besz\u00e1mol\u00e1shoz.\"<\/td><td class=\"has-text-align-center\" data-align=\"center\">\"A p\u00e9nz\u00fcgyek ter\u00fclet\u00e9n szeretn\u00e9k dolgozni, hogy keresztfunkcion\u00e1lis csapatokat vezessek, \u00e9s fejlesszem a vezet\u0151i k\u00e9pess\u00e9geimet.\"<\/td><\/tr><tr><td class=\"has-text-align-center\" data-align=\"center\" colspan=\"2\"><strong>A munkak\u00f6rre jellemz\u0151: <\/strong>Haszn\u00e1ljon kulcsszavakat a munkak\u00f6ri le\u00edr\u00e1sb\u00f3l, hogy \u00f6n\u00e9letrajza \u00e1tmenjen a p\u00e1ly\u00e1z\u00f3k nyomon k\u00f6vet\u00e9s\u00e9re szolg\u00e1l\u00f3 rendszereken (ATS).<\/td><td class=\"has-text-align-center\" data-align=\"center\">\"Felh\u0151infrastrukt\u00far\u00e1ban \u00e9s AWS-ben j\u00e1rtas IT-szakember, aki egy SaaS-v\u00e1llalatn\u00e1l a rendszer sk\u00e1l\u00e1zhat\u00f3s\u00e1g\u00e1t szeretn\u00e9 t\u00e1mogatni.\"<\/td><td class=\"has-text-align-center\" data-align=\"center\">\"Olyan informatikai \u00e1ll\u00e1st keresek, ahol kamatoztathatom m\u0171szaki ismereteimet \u00e9s \u00fcgyf\u00e9lszolg\u00e1lati k\u00e9pess\u00e9geimet.\"<\/td><\/tr><tr><td class=\"has-text-align-center\" data-align=\"center\" colspan=\"2\"><strong>T\u00f6m\u00f6r: <\/strong>Maximum 1-3 mondatban \u00edrja le. A toborz\u00f3k m\u00e1sodperceket t\u00f6ltenek az \u00f6n\u00e9letrajzok \u00e1tolvas\u00e1s\u00e1val, ez\u00e9rt tegyen \u00fagy, hogy ezek a m\u00e1sodpercek sz\u00e1m\u00edtsanak.<\/td><td class=\"has-text-align-center\" data-align=\"center\">\"T\u00f6bb mint 3 \u00e9ves kiskereskedelmi tapasztalattal rendelkez\u0151 \u00fcgyf\u00e9lszolg\u00e1lati szakember, aki egy vend\u00e9gl\u00e1t\u00f3ipari csapat tagjak\u00e9nt szeretn\u00e9 jav\u00edtani az \u00fcgyf\u00e9l\u00e9lm\u00e9nyt.\"<\/td><td class=\"has-text-align-center\" data-align=\"center\">\"A c\u00e9lom az, hogy olyan v\u00e1llalatot tal\u00e1ljak, amely \u00e9rt\u00e9keli a kem\u00e9nyen dolgoz\u00f3, elk\u00f6telezett munkat\u00e1rsakat, akik fejl\u0151dni, hozz\u00e1j\u00e1rulni \u00e9s id\u0151vel vezet\u0151v\u00e9 v\u00e1lni akarnak.\"<\/td><\/tr><\/tbody><\/table><\/figure>\n\n\n\n<p><strong>Profi tipp: <\/strong>AI-eszk\u00f6z\u00f6k, mint p\u00e9ld\u00e1ul az Undetectable AI eszk\u00f6zei <a href=\"https:\/\/undetectable.ai\/apps\/ai-resume-builder\/personal-information\" target=\"_blank\" rel=\"noreferrer noopener\">\u00d6n\u00e9letrajz gener\u00e1tor<\/a> seg\u00edthet egy c\u00e9lzott, kulcsszavakban gazdag \u00f6n\u00e9letrajz c\u00e9lj\u00e1nak megalkot\u00e1s\u00e1ban.<\/p>\n\n\n\n<p>Plusz, haszn\u00e1lja<a href=\"https:\/\/undetectable.ai\/smart-applier\" target=\"_blank\" rel=\"noreferrer noopener\"> AI Job Applier<\/a> \u00e9s <a href=\"https:\/\/undetectable.ai\/cover-letter-generator\" target=\"_blank\" rel=\"noreferrer noopener\">Bor\u00edt\u00f3lap gener\u00e1tor<\/a> hogy percek alatt t\u00f6bb tucat szem\u00e9lyre szabott \u00e1ll\u00e1sp\u00e1ly\u00e1zatot k\u00fcldj\u00f6n el.<\/p>\n\n\n\n<p><strong>B\u00f3nusz:<\/strong> Futtassa le c\u00e9lj\u00e1t a felder\u00edthetetlen mesters\u00e9ges intelligenci\u00e1nkon kereszt\u00fcl <a href=\"https:\/\/undetectable.ai\/\" data-type=\"link\" data-id=\"https:\/\/undetectable.ai\/\" target=\"_blank\" rel=\"noreferrer noopener\">AI Checker<\/a> hogy meger\u0151s\u00edtse, hogy hitelesnek t\u0171nik <em>te<\/em> (nem sablonos AI sz\u00f6veg).<\/p>\n\n\n\n<p>Jelzi a robotikus kifejez\u00e9seket, \u00e9s apr\u00f3 m\u00f3dos\u00edt\u00e1sokat javasol, hogy a toborz\u00e1si vezet\u0151k a val\u00f3di hangodat hallj\u00e1k.<\/p>\n\n\n\n<h2 class=\"wp-block-heading\"><strong>15+ J\u00f3 \u00f6n\u00e9letrajz c\u00e9l p\u00e9ld\u00e1k \u00e1ll\u00e1skeres\u0151k sz\u00e1m\u00e1ra<\/strong><\/h2>\n\n\n<div class=\"wp-block-image\">\n<figure class=\"aligncenter size-large\"><img loading=\"lazy\" decoding=\"async\" width=\"1024\" height=\"683\" src=\"https:\/\/undetectable.ai/blog\/wp-content\/uploads\/2025\/09\/resume-with-recruiter-1-1024x683.jpg\" alt=\"\" class=\"wp-image-15142\" title=\"\" srcset=\"https:\/\/undetectable.ai/blog\/wp-content\/uploads\/2025\/09\/resume-with-recruiter-1-1024x683.jpg 1024w, https:\/\/undetectable.ai/blog\/wp-content\/uploads\/2025\/09\/resume-with-recruiter-1-300x200.jpg 300w, https:\/\/undetectable.ai/blog\/wp-content\/uploads\/2025\/09\/resume-with-recruiter-1-768x512.jpg 768w, https:\/\/undetectable.ai/blog\/wp-content\/uploads\/2025\/09\/resume-with-recruiter-1-18x12.jpg 18w, https:\/\/undetectable.ai/blog\/wp-content\/uploads\/2025\/09\/resume-with-recruiter-1.jpg 1200w\" sizes=\"auto, (max-width: 1024px) 100vw, 1024px\" \/><\/figure><\/div>\n\n\n<p>Tov\u00e1bbi inspir\u00e1ci\u00f3ra van sz\u00fcks\u00e9ge az \u00f6n\u00e9letrajz\u00e1hoz? \u00cdme 15+ \u00f6n\u00e9letrajz-c\u00e9lkit\u0171z\u00e9s p\u00e9lda, amelyet felhaszn\u00e1lhatsz \u00e9s a saj\u00e1t helyzetedhez igaz\u00edthatsz.<\/p>\n\n\n\n<h3 class=\"wp-block-heading\"><strong>Di\u00e1kok \u00e9s frissdiplom\u00e1sok sz\u00e1m\u00e1ra<\/strong><\/h3>\n\n\n\n<ol class=\"wp-block-list\">\n<li><em>\"Nemr\u00e9giben v\u00e9gzett informatikus, aki teljes k\u00f6r\u0171 fejleszt\u00e9sben szerzett gyakornoki tapasztalattal rendelkezik, \u00e9s szeretne k\u00f3dol\u00e1si \u00e9s probl\u00e9mamegold\u00f3 k\u00e9szs\u00e9gekkel hozz\u00e1j\u00e1rulni egy szoftverfejleszt\u0151 csapathoz.\"<\/em><\/li>\n\n\n\n<li><em>\"\u00dczleti adminisztr\u00e1ci\u00f3 szakos hallgat\u00f3, kiv\u00e1l\u00f3 kommunik\u00e1ci\u00f3s k\u00e9szs\u00e9gekkel \u00e9s egyetemi vezet\u0151i h\u00e1tt\u00e9rrel, aki egy n\u00f6vekv\u0151 startup c\u00e9g m\u0171k\u00f6d\u00e9s\u00e9nek t\u00e1mogat\u00e1s\u00e1ra t\u00f6rekszik.\"<\/em><\/li>\n\n\n\n<li><em>\"Pszichol\u00f3gus hallgat\u00f3, akinek szenved\u00e9lye a munkav\u00e1llal\u00f3i elk\u00f6telezetts\u00e9g \u00e9s a munkahelyi kult\u00fara, aki szeretn\u00e9 alkalmazni \u00edr\u00f3i \u00e9s interperszon\u00e1lis k\u00e9szs\u00e9geimet egy hum\u00e1ner\u0151forr\u00e1s poz\u00edci\u00f3ban.\"<\/em><\/li>\n\n\n\n<li><em>\"Er\u0151s analitikai k\u00e9szs\u00e9gekkel rendelkez\u0151 p\u00e9nz\u00fcgyi v\u00e9gzetts\u00e9g\u0171 munkat\u00e1rs, aki bel\u00e9p\u0151 szint\u0171 elemz\u0151i poz\u00edci\u00f3t keres a k\u00f6lts\u00e9gvet\u00e9s-tervez\u00e9s, az el\u0151rejelz\u00e9s \u00e9s az adatvez\u00e9relt d\u00f6nt\u00e9shozatal t\u00e1mogat\u00e1s\u00e1ra.\"<\/em><\/li>\n<\/ol>\n\n\n\n<h3 class=\"wp-block-heading\"><strong>Karrierv\u00e1lt\u00f3knak<\/strong><\/h3>\n\n\n\n<ol start=\"5\" class=\"wp-block-list\">\n<li><em>\"Vend\u00e9gl\u00e1t\u00f3ipari szakember, aki a hum\u00e1n er\u0151forr\u00e1s ter\u00fclet\u00e9re l\u00e9p \u00e1t, t\u00f6bb mint 10 \u00e9ves tapasztalattal rendelkezik a konfliktuskezel\u00e9s, a csapat\u00e9p\u00edt\u00e9s \u00e9s az \u00fcgyf\u00e9lkapcsolatok ter\u00e9n.\"<\/em><\/li>\n\n\n\n<li><em>\"Tapasztalt adminisztrat\u00edv asszisztens, aki irodavezet\u0151i poz\u00edci\u00f3ba szeretne \u00e1tl\u00e9pni. Izgatottan v\u00e1rom, hogy kihaszn\u00e1ljam t\u00f6bb mint 5 \u00e9ves \u00fctemez\u00e9si, k\u00f6lts\u00e9gvet\u00e9s-tervez\u00e9si \u00e9s csapatkoordin\u00e1ci\u00f3s tapasztalatomat, hogy n\u00f6veljem a csapat termel\u00e9kenys\u00e9g\u00e9t egy n\u00f6vekv\u0151 v\u00e1llalatn\u00e1l.\"<\/em><\/li>\n\n\n\n<li><em>\"Okleveles \u00e1pol\u00e1si asszisztens, aki az eg\u00e9szs\u00e9g\u00fcgyi adminisztr\u00e1ci\u00f3ba val\u00f3 \u00e1tmenetet k\u00f6veti, \u00e9s a klinikai csapatok t\u00e1mogat\u00e1s\u00e1hoz gyakorlati betegell\u00e1t\u00e1si tapasztalatot, a r\u00e9szletekre val\u00f3 figyelmet \u00e9s er\u0151s kommunik\u00e1ci\u00f3s k\u00e9szs\u00e9geket hoz.\"<\/em><\/li>\n\n\n\n<li><em>\"Irodavezet\u0151 8+ \u00e9ves tapasztalattal az adminisztrat\u00edv csapatok \u00e9s az irodai m\u0171veletek fel\u00fcgyelet\u00e9ben, aki \u00e1t akar l\u00e9pni a projektmenedzsmentbe, hogy alkalmazza er\u0151s szervez\u00e9si k\u00e9szs\u00e9geimet \u00e9s bizony\u00edtott k\u00e9pess\u00e9gemet a k\u00f6lts\u00e9gvet\u00e9sek, hat\u00e1rid\u0151k \u00e9s az \u00fcgyfelek elv\u00e1r\u00e1sainak kezel\u00e9s\u00e9re.\"<\/em><\/li>\n<\/ol>\n\n\n\n<h3 class=\"wp-block-heading\"><strong>Tapasztalt szakemberek sz\u00e1m\u00e1ra<\/strong><\/h3>\n\n\n\n<ol start=\"9\" class=\"wp-block-list\">\n<li><em>\"T\u00f6bb mint 10 \u00e9ves tapasztalattal rendelkez\u0151 hum\u00e1ner\u0151forr\u00e1s-menedzser toborz\u00e1s, munkav\u00e1llal\u00f3i kapcsolatok \u00e9s k\u00e9pz\u00e9si programok vezet\u00e9s\u00e9ben, aki HR igazgat\u00f3i poz\u00edci\u00f3ba k\u00edv\u00e1n l\u00e9pni.\"<\/em><\/li>\n\n\n\n<li><em>Tapasztalt banki szakember, aki olyan poz\u00edci\u00f3t keres, amely lehet\u0151v\u00e9 teszi sz\u00e1momra, hogy a portf\u00f3li\u00f3kezel\u00e9s, a megfelel\u00e9s \u00e9s a folyamatok optimaliz\u00e1l\u00e1sa ter\u00e9n szerzett szak\u00e9rtelmemet a m\u0171k\u00f6d\u00e9si hat\u00e9konys\u00e1g \u00e9s a j\u00f6vedelmez\u0151s\u00e9g jav\u00edt\u00e1sa \u00e9rdek\u00e9ben alkalmazzam.\"<\/em><\/li>\n\n\n\n<li><em>\"Elk\u00f6telezett pedag\u00f3gus, aki er\u0151s oszt\u00e1lyterem-ir\u00e1ny\u00edt\u00e1si k\u00e9szs\u00e9gekkel \u00e9s egy \u00e9vtizedes tan\u00edt\u00e1si tapasztalattal rendelkezik, \u00e9s arra t\u00f6rekszik, hogy pozit\u00edv, befogad\u00f3 tanul\u00e1si k\u00f6rnyezetet hozzon l\u00e9tre, amely el\u0151seg\u00edti a tanulm\u00e1nyi sikert \u00e9s a di\u00e1kok elk\u00f6telezetts\u00e9g\u00e9t.\"<\/em><\/li>\n\n\n\n<li><em>\"T\u00f6bb mint 12 \u00e9ves tapasztalattal rendelkez\u0151, bizony\u00edtott vezet\u0151, aki t\u00f6bb mint 12 \u00e9ves tapasztalattal rendelkezik a funkcion\u00e1lis csapatok ir\u00e1ny\u00edt\u00e1s\u00e1ban, a teljes\u00edtm\u00e9ny \u00f6szt\u00f6nz\u00e9s\u00e9ben \u00e9s a szervezeti c\u00e9lok el\u00e9r\u00e9s\u00e9ben, \u00e9s olyan vezet\u0151i szerepet keres, ahol szakmai n\u00f6veked\u00e9st, innov\u00e1ci\u00f3t \u00e9s kiv\u00e1l\u00f3s\u00e1got inspir\u00e1lhatok.\"<\/em><\/li>\n<\/ol>\n\n\n\n<h3 class=\"wp-block-heading\"><strong>Ipar\u00e1g-specifikus szerepek eset\u00e9n<\/strong><\/h3>\n\n\n\n<ol start=\"14\" class=\"wp-block-list\">\n<li><em>\"R\u00e9szletorient\u00e1lt informatikai szakember, aki er\u0151s adatb\u00e1zis-kezel\u00e9si k\u00e9szs\u00e9gekkel, SQL \u00e9s adatmodellez\u00e9sben szerzett tapasztalattal rendelkezik, \u00e9s egy v\u00e1llalati szervezet adatt\u00e1rol\u00e1si \u00e9s jelent\u00e9si rendszereinek optimaliz\u00e1l\u00e1s\u00e1ra t\u00f6rekszik.\"<\/em><\/li>\n\n\n\n<li><em>\"T\u00f6bb mint 4 \u00e9ves tapasztalattal rendelkez\u0151 hum\u00e1ner\u0151forr\u00e1s-szak\u00e9rt\u0151 a toborz\u00e1s, a munk\u00e1ba \u00e1ll\u00e1s \u00e9s a munkav\u00e1llal\u00f3i kapcsolatok ter\u00fclet\u00e9n, aki a tehets\u00e9gfejleszt\u00e9st \u00e9s a szervezeti kult\u00far\u00e1t szeretn\u00e9 t\u00e1mogatni egy dinamikus HR-csapatban.\"<\/em><\/li>\n\n\n\n<li><em>\"Enged\u00e9llyel rendelkez\u0151 ingatlanszakember, aki kereskedelmi \u00e9s lak\u00f3ingatlanok kezel\u00e9s\u00e9ben szerzett tapasztalattal rendelkezik, \u00e9s szeretn\u00e9 kihaszn\u00e1lni a t\u00e1rgyal\u00e1si, \u00fcgyf\u00e9lkapcsolati \u00e9s piacelemz\u00e9si tapasztalataimat az ingatlan\u00e9rt\u00e9kes\u00edt\u00e9s \u00e9s a l\u00edzing siker\u00e9nek el\u0151mozd\u00edt\u00e1sa \u00e9rdek\u00e9ben.\"<\/em><\/li>\n\n\n\n<li><em>\"3 \u00e9ves m\u00e1rka\u00e9p\u00edt\u00e9si \u00e9s digit\u00e1lis m\u00e9di\u00e1ban szerzett tapasztalattal rendelkez\u0151 grafikus, aki hat\u00e1sos vizu\u00e1lis kamp\u00e1nyokat szeretne l\u00e9trehozni egy marketing\u00fcgyn\u00f6ks\u00e9g sz\u00e1m\u00e1ra.\"<\/em>&nbsp;<\/li>\n<\/ol>\n\n\n\n<h2 class=\"wp-block-heading\"><strong>Gyakori hib\u00e1k az \u00f6n\u00e9letrajz c\u00e9lkit\u0171z\u00e9seiben<\/strong><\/h2>\n\n\n\n<p>M\u00e9g a legk\u00e9pzettebb jel\u00f6lteket is elutas\u00edthatj\u00e1k a toborz\u00f3k, ha az \u00f6n\u00e9letrajzuk c\u00e9lja nem megfelel\u0151. \u00cdme n\u00e9h\u00e1ny gyakori hiba, amelyet \u00e9rdemes elker\u00fclni az \u00f6n\u00e9letrajz c\u00e9lj\u00e1nak meg\u00edr\u00e1sakor:<\/p>\n\n\n\n<ul class=\"wp-block-list\">\n<li><strong>T\u00fal hom\u00e1lyosnak lenni: <\/strong>Ker\u00fclje az olyan \u00e1ltal\u00e1nos kijelent\u00e9seket, mint <em>\"Olyan \u00e1ll\u00e1st keresek, ahol kamatoztathatom a projektmenedzseri k\u00e9pess\u00e9geimet.\"<\/em> Ez nem mondja meg a munk\u00e1ltat\u00f3nak, hogy milyen szerepet szeretne, vagy hogy milyen hozz\u00e1adott \u00e9rt\u00e9ket fog teremteni.<\/li>\n\n\n\n<li><strong>Hogy minden r\u00f3lad sz\u00f3ljon: <\/strong>Egy j\u00f3 \u00f6n\u00e9letrajz c\u00e9lja arra \u00f6sszpontos\u00edt, hogy hogyan tudsz seg\u00edteni a v\u00e1llalatnak, nem csak arra, hogy miben tudsz seg\u00edteni. <em>te<\/em> ki akarnak sz\u00e1llni a munk\u00e1b\u00f3l.<\/li>\n\n\n\n<li><strong>T\u00falterhel\u00e9s a divatszavakkal: <\/strong>Az olyan kifejez\u00e9seket, mint \"er\u0151s szem\u00e9lyk\u00f6zi k\u00e9szs\u00e9gek\" vagy \"az \u00fcgyfelek el\u00e9gedetts\u00e9ge ir\u00e1nti elk\u00f6telezetts\u00e9g\", csak ritk\u00e1n haszn\u00e1lja, \u00e9s mindig t\u00e1massza al\u00e1 k\u00e9szs\u00e9geit valamilyen kontextussal \u00e9s kor\u00e1bbi eredm\u00e9nyekkel.<\/li>\n\n\n\n<li><strong>Egy bekezd\u00e9s meg\u00edr\u00e1sa: <\/strong>Egy hossz\u00fara ny\u00falt \u00f6n\u00e9letrajzc\u00e9l gyorsan elvesz\u00edtheti a toborz\u00f3 figyelm\u00e9t. Pr\u00f3b\u00e1ljon meg r\u00f6vid, kedves \u00e9s l\u00e9nyegre t\u00f6r\u0151 lenni.<\/li>\n<\/ul>\n\n\n\n<p>\u00c1ltal\u00e1noss\u00e1gban elmondhat\u00f3, hogy egy er\u0151s \u00f6n\u00e9letrajzc\u00e9l megfelel\u0151 egyens\u00falyt teremt ak\u00f6z\u00f6tt, hogy miben vagy j\u00f3, mit \u00e9rt\u00e9l el, \u00e9s mi\u00e9rt fontos ez a munk\u00e1ltat\u00f3 sz\u00e1m\u00e1ra.<\/p>\n\n\n\n<h2 class=\"wp-block-heading\"><strong>Hogyan \u00edrjunk egy \u00f6n\u00e9letrajz c\u00e9lj\u00e1t l\u00e9p\u00e9sr\u0151l l\u00e9p\u00e9sre<\/strong><\/h2>\n\n\n\n<p>K\u00e9szen \u00e1llsz arra, hogy elkezdj felv\u00e9telt nyerni az interj\u00fakra?<\/p>\n\n\n\n<p>\u00cdme egy l\u00e9p\u00e9sr\u0151l-l\u00e9p\u00e9sre \u00fatmutat\u00f3 arr\u00f3l, hogyan haszn\u00e1lhatja a mi saj\u00e1t <a href=\"https:\/\/undetectable.ai\/apps\/ai-resume-builder\/get-started\" target=\"_blank\" rel=\"noreferrer noopener\">\u00d6n\u00e9letrajz gener\u00e1tor<\/a> optimaliz\u00e1lja \u00f6n\u00e9letrajz\u00e1nak c\u00e9lj\u00e1t, hogy az kiemelkedjen.<\/p>\n\n\n\n<h3 class=\"wp-block-heading\"><strong>1. l\u00e9p\u00e9s: Adja meg szem\u00e9lyes adatait<\/strong><\/h3>\n\n\n<div class=\"wp-block-image\">\n<figure class=\"aligncenter size-large\"><img loading=\"lazy\" decoding=\"async\" width=\"1024\" height=\"555\" src=\"https:\/\/undetectable.ai/blog\/wp-content\/uploads\/2025\/09\/Resume-objective-Personal-information-1024x555.jpg\" alt=\"\" class=\"wp-image-15143\" title=\"\" srcset=\"https:\/\/undetectable.ai/blog\/wp-content\/uploads\/2025\/09\/Resume-objective-Personal-information-1024x555.jpg 1024w, https:\/\/undetectable.ai/blog\/wp-content\/uploads\/2025\/09\/Resume-objective-Personal-information-300x163.jpg 300w, https:\/\/undetectable.ai/blog\/wp-content\/uploads\/2025\/09\/Resume-objective-Personal-information-768x417.jpg 768w, https:\/\/undetectable.ai/blog\/wp-content\/uploads\/2025\/09\/Resume-objective-Personal-information-18x10.jpg 18w, https:\/\/undetectable.ai/blog\/wp-content\/uploads\/2025\/09\/Resume-objective-Personal-information.jpg 1121w\" sizes=\"auto, (max-width: 1024px) 100vw, 1024px\" \/><\/figure><\/div>\n\n\n<p>El\u0151sz\u00f6r is, l\u00e1togasson el a <a href=\"https:\/\/undetectable.ai\/apps\/ai-resume-builder\/get-started\" target=\"_blank\" rel=\"noreferrer noopener\">\u00d6n\u00e9letrajz gener\u00e1tor<\/a>.<\/p>\n\n\n\n<p>Itt kit\u00f6ltheti nev\u00e9t, el\u00e9rhet\u0151s\u00e9g\u00e9t \u00e9s munkak\u00f6r\u00e9t. Csak azokat az inform\u00e1ci\u00f3kat \u00edrja be, amelyeket meg szeretne osztani a felv\u00e9teli menedzserekkel.<\/p>\n\n\n\n<p><strong>Profi tipp: <\/strong>Ha di\u00e1k vagy, a \"Job Title\" (munkak\u00f6r) r\u00e9szn\u00e9l \u00edrd be a \"student\" (di\u00e1k) sz\u00f3t.<\/p>\n\n\n\n<p><strong>2. l\u00e9p\u00e9s: K\u00e9sz\u00edtse el szakmai \u00f6sszefoglal\u00f3j\u00e1t<\/strong>y<\/p>\n\n\n<div class=\"wp-block-image\">\n<figure class=\"aligncenter size-large\"><img loading=\"lazy\" decoding=\"async\" width=\"1024\" height=\"565\" src=\"https:\/\/undetectable.ai/blog\/wp-content\/uploads\/2025\/09\/Resume-objective-Professional-summary-1024x565.jpg\" alt=\"\" class=\"wp-image-15144\" title=\"\" srcset=\"https:\/\/undetectable.ai/blog\/wp-content\/uploads\/2025\/09\/Resume-objective-Professional-summary-1024x565.jpg 1024w, https:\/\/undetectable.ai/blog\/wp-content\/uploads\/2025\/09\/Resume-objective-Professional-summary-300x165.jpg 300w, https:\/\/undetectable.ai/blog\/wp-content\/uploads\/2025\/09\/Resume-objective-Professional-summary-768x424.jpg 768w, https:\/\/undetectable.ai/blog\/wp-content\/uploads\/2025\/09\/Resume-objective-Professional-summary-18x10.jpg 18w, https:\/\/undetectable.ai/blog\/wp-content\/uploads\/2025\/09\/Resume-objective-Professional-summary.jpg 1115w\" sizes=\"auto, (max-width: 1024px) 100vw, 1024px\" \/><\/figure><\/div>\n\n\n<p>A k\u00f6vetkez\u0151 oldalon van egy hely, ahol elk\u00e9sz\u00edtheti a szakmai \u00f6sszefoglal\u00f3j\u00e1t (azaz az \u00f6n\u00e9letrajz c\u00e9lj\u00e1t). <\/p>\n\n\n\n<p>A kezd\u00e9shez \u00edrj n\u00e9h\u00e1ny mondatot a k\u00e9pess\u00e9geidr\u0151l \u00e9s arr\u00f3l, hogy mit keresel.<\/p>\n\n\n\n<p>Kattintson az \"\u00dajra\u00edr\u00e1s\" gombra, hogy k\u00fcl\u00f6nb\u00f6z\u0151 lehet\u0151s\u00e9geket gener\u00e1ljon, am\u00edg 100% el\u00e9gedett nem lesz az \u00f6n\u00e9letrajz c\u00e9lj\u00e1val.<\/p>\n\n\n\n<p>Ezut\u00e1n bem\u00e1solhatja\/beillesztheti az \u00f6n\u00e9letrajz c\u00e9lj\u00e1t az \u00f6n\u00e9letrajz\u00e1ba, vagy folytathatja a Resume Generator seg\u00edts\u00e9g\u00e9vel a teljes \u00f6n\u00e9letrajz l\u00e9trehoz\u00e1s\u00e1hoz.<\/p>\n\n\n\n<h3 class=\"wp-block-heading\"><strong>3. l\u00e9p\u00e9s: Add hozz\u00e1 a munkatapasztalatodat, az oktat\u00e1sodat \u00e9s a k\u00e9pess\u00e9geidet.<\/strong><\/h3>\n\n\n<div class=\"wp-block-image\">\n<figure class=\"aligncenter size-large\"><img loading=\"lazy\" decoding=\"async\" width=\"1024\" height=\"605\" src=\"https:\/\/undetectable.ai/blog\/wp-content\/uploads\/2025\/09\/Resume-objective-Add-work-experience-1024x605.jpg\" alt=\"\" class=\"wp-image-15145\" title=\"\" srcset=\"https:\/\/undetectable.ai/blog\/wp-content\/uploads\/2025\/09\/Resume-objective-Add-work-experience-1024x605.jpg 1024w, https:\/\/undetectable.ai/blog\/wp-content\/uploads\/2025\/09\/Resume-objective-Add-work-experience-300x177.jpg 300w, https:\/\/undetectable.ai/blog\/wp-content\/uploads\/2025\/09\/Resume-objective-Add-work-experience-768x454.jpg 768w, https:\/\/undetectable.ai/blog\/wp-content\/uploads\/2025\/09\/Resume-objective-Add-work-experience-18x12.jpg 18w, https:\/\/undetectable.ai/blog\/wp-content\/uploads\/2025\/09\/Resume-objective-Add-work-experience.jpg 1118w\" sizes=\"auto, (max-width: 1024px) 100vw, 1024px\" \/><\/figure><\/div>\n\n\n<p>A k\u00f6vetkez\u0151 n\u00e9h\u00e1ny lapon fel kell sorolnia kor\u00e1bbi munkak\u00f6r\u00e9t, feladatk\u00f6r\u00e9t, diplom\u00e1it, k\u00e9pes\u00edt\u00e9seit \u00e9s minden relev\u00e1ns tanfolyamot vagy \u00f3r\u00e1t.<\/p>\n\n\n\n<p>Van egy olyan hely is, ahol ak\u00e1r 15 k\u00fcl\u00f6nb\u00f6z\u0151 k\u00e9szs\u00e9get is hozz\u00e1adhatsz, hogy kiemeld a toborz\u00f3k sz\u00e1m\u00e1ra.<\/p>\n\n\n\n<h3 class=\"wp-block-heading\"><strong>4. l\u00e9p\u00e9s: Gener\u00e1lja \u00f6n\u00e9letrajz\u00e1t \u00e9s t\u00f6ltse le PDF form\u00e1tumban<\/strong><\/h3>\n\n\n<div class=\"wp-block-image\">\n<figure class=\"aligncenter size-large\"><img loading=\"lazy\" decoding=\"async\" width=\"1024\" height=\"580\" src=\"https:\/\/undetectable.ai/blog\/wp-content\/uploads\/2025\/09\/Resume-objective-Generate-resume-1024x580.jpg\" alt=\"\" class=\"wp-image-15146\" title=\"\" srcset=\"https:\/\/undetectable.ai/blog\/wp-content\/uploads\/2025\/09\/Resume-objective-Generate-resume-1024x580.jpg 1024w, https:\/\/undetectable.ai/blog\/wp-content\/uploads\/2025\/09\/Resume-objective-Generate-resume-300x170.jpg 300w, https:\/\/undetectable.ai/blog\/wp-content\/uploads\/2025\/09\/Resume-objective-Generate-resume-768x435.jpg 768w, https:\/\/undetectable.ai/blog\/wp-content\/uploads\/2025\/09\/Resume-objective-Generate-resume-18x10.jpg 18w, https:\/\/undetectable.ai/blog\/wp-content\/uploads\/2025\/09\/Resume-objective-Generate-resume.jpg 1119w\" sizes=\"auto, (max-width: 1024px) 100vw, 1024px\" \/><\/figure><\/div>\n\n\n<p>Miut\u00e1n minden adatot megadott, az eszk\u00f6z l\u00e9trehozza \u00f6n\u00e9letrajz\u00e1t egy dokumentumban.<\/p>\n\n\n\n<p>Ha b\u00e1rmilyen el\u00edr\u00e1st vagy hib\u00e1t \u00e9szlel, csak annyit kell tennie, hogy visszamegy, szerkeszti az adatokat, \u00e9s elk\u00e9sz\u00edti a friss\u00edtett \u00f6n\u00e9letrajzot.<\/p>\n\n\n\n<p>Ha mindennel el\u00e9gedett, let\u00f6ltheti az \u00f6n\u00e9letrajz\u00e1t PDF form\u00e1tumban, \u00e9s m\u00e1ris jelentkezhet az \u00e1ll\u00e1sokra!<\/p>\n\n\n\n<p>Ellen\u0151rizze sz\u00f6veg\u00e9t az AI Detector \u00e9s Humanizer seg\u00edts\u00e9g\u00e9vel az al\u00e1bbi widgetben!<\/p>\n\n\n\n<div id=\"uai-widget\" data-affiliate-link=\"https:\/\/undetectable.ai\/?_by=hi4km\"><script>var js = document.createElement(\"script\");js.async = true;js.src = \"https:\/\/widget.undetectable.ai\/js\/widget-loader.js?t=\"+Date.now();document.getElementsByTagName(\"head\")[0].appendChild(js);<\/script><\/div>\n\n\n\n<h2 class=\"wp-block-heading\"><strong>Gyakran ism\u00e9telt k\u00e9rd\u00e9sek az \u00f6n\u00e9letrajz c\u00e9lkit\u0171z\u00e9seir\u0151l<\/strong><\/h2>\n\n\n<div id=\"rank-math-faq\" class=\"rank-math-block\">\n<div class=\"rank-math-list\">\n<div id=\"faq-question-1760628938175\" class=\"rank-math-list-item\">\n<h3 class=\"rank-math-question\"><strong>Milyen a j\u00f3 c\u00e9lmegjel\u00f6l\u00e9s egy \u00f6n\u00e9letrajzban?<\/strong><\/h3>\n<div class=\"rank-math-answer\">\n\n<p>A j\u00f3 c\u00e9lnyilatkozat vagy \u00f6n\u00e9letrajzc\u00e9l vil\u00e1gos, konkr\u00e9t, \u00e9s az egyes munkak\u00f6r\u00f6kh\u00f6z kapcsol\u00f3d\u00f3 k\u00e9szs\u00e9gekkel testre szabott.<\/p>\n<p>Egy p\u00e9lda egy j\u00f3 c\u00e9lkit\u0171z\u00e9sre a k\u00f6vetkez\u0151 lehet: \"<em>Motiv\u00e1lt \u00fczleti adminisztr\u00e1ci\u00f3 szakos hallgat\u00f3, aki er\u0151s szervez\u0151k\u00e9szs\u00e9ggel \u00e9s \u00fcgyf\u00e9lszolg\u00e1lati k\u00e9szs\u00e9gekkel rendelkezik. Szeretne gyakorlati, bel\u00e9p\u0151 szint\u0171 tapasztalatot szerezni az \u00fczemeltet\u00e9s, a hum\u00e1n er\u0151forr\u00e1s vagy a projektmenedzsment ter\u00fclet\u00e9n.<\/em><\/p>\n\n<\/div>\n<\/div>\n<div id=\"faq-question-1760628950828\" class=\"rank-math-list-item\">\n<h3 class=\"rank-math-question\"><strong>Mi a j\u00f3 c\u00e9l az \u00e1pol\u00f3i \u00f6n\u00e9letrajzban?<\/strong><\/h3>\n<div class=\"rank-math-answer\">\n\n<p>Egy er\u0151s \u00e1pol\u00f3i \u00f6n\u00e9letrajznak hangs\u00falyoznia kell a klinikai k\u00e9szs\u00e9geket \u00e9s tapasztalatokat, ugyanakkor ki kell emelnie a betegell\u00e1t\u00e1s ir\u00e1nti elk\u00f6telezetts\u00e9g\u00e9t.<\/p>\n<p>Egy p\u00e9lda egy j\u00f3 c\u00e9lkit\u0171z\u00e9sre egy \u00e1pol\u00f3i \u00f6n\u00e9letrajzhoz a k\u00f6vetkez\u0151 lehet: <em>\"Egy\u00fctt\u00e9rz\u0151 regisztr\u00e1lt \u00e1pol\u00f3, 3+ \u00e9ves k\u00f3rh\u00e1zi tapasztalattal, aki magas sz\u00ednvonal\u00fa betegell\u00e1t\u00e1st szeretne ny\u00fajtani \u00e9s multidiszciplin\u00e1ris eg\u00e9szs\u00e9g\u00fcgyi csapatokat t\u00e1mogatni egy vezet\u0151 eg\u00e9szs\u00e9g\u00fcgyi int\u00e9zm\u00e9nyben.\"<\/em><\/p>\n\n<\/div>\n<\/div>\n<div id=\"faq-question-1760628964380\" class=\"rank-math-list-item\">\n<h3 class=\"rank-math-question\"><strong>Mi a j\u00f3 c\u00e9l egy orvosi \u00f6n\u00e9letrajzban?<\/strong><\/h3>\n<div class=\"rank-math-answer\">\n\n<p>Orvosi szakemberek eset\u00e9ben az \u00f6n\u00e9letrajz c\u00e9lj\u00e1nak a klinikai szak\u00e9rtelm\u00e9re, k\u00e9pes\u00edt\u00e9s\u00e9re \u00e9s a betegek eredm\u00e9nyei ir\u00e1nti elk\u00f6telezetts\u00e9g\u00e9re kell \u00f6sszpontos\u00edtania.<\/p>\n<p>Egy p\u00e9lda egy j\u00f3 c\u00e9lkit\u0171z\u00e9sre egy orvosi \u00f6n\u00e9letrajzhoz a k\u00f6vetkez\u0151 lehet: <em>\"Elk\u00f6telezett orvosasszisztens (PA), aki tapasztalattal rendelkezik a diagnosztik\u00e1ban, a beteg\u00e9rt\u00e9kel\u00e9sben \u00e9s az ell\u00e1t\u00e1s tervez\u00e9s\u00e9ben, \u00e9s aki bizony\u00edt\u00e9kokon alapul\u00f3 orvosi ell\u00e1t\u00e1st k\u00edv\u00e1n ny\u00fajtani \u00e9s t\u00e1mogatni k\u00edv\u00e1nja a multidiszciplin\u00e1ris egy\u00fcttm\u0171k\u00f6d\u00e9st egy alapell\u00e1t\u00e1si klinik\u00e1n.\"<\/em><\/p>\n\n<\/div>\n<\/div>\n<\/div>\n<\/div>\n\n\n<h2 class=\"wp-block-heading\"><strong>V\u00e9gs\u0151 gondolatok: Mi a j\u00f3 c\u00e9l egy \u00f6n\u00e9letrajzban?<\/strong><\/h2>\n\n\n\n<p>Az \u00f6n\u00e9letrajz c\u00e9lja az \u00f6n\u00e9letrajz els\u0151 sz\u00e1m\u00fa ingatlana, \u00e9s \u00fagy is kell kezelni.<\/p>\n\n\n\n<p>Ez azt jelenti, hogy minden sz\u00f3nak sz\u00e1m\u00edtania kell.<\/p>\n\n\n\n<p>\u00cdme egy gyors \u00f6sszefoglal\u00f3 arr\u00f3l, hogyan teheti ezt meg:<\/p>\n\n\n\n<ul class=\"wp-block-list\">\n<li>A k\u00f6zhelyekkel \u00e9s divatszavakkal szemben az egy\u00e9rtelm\u0171s\u00e9get helyezze el\u0151t\u00e9rbe.<\/li>\n\n\n\n<li>Koncentr\u00e1ljon az \u00d6n \u00e1ltal ny\u00fajtott \u00e9rt\u00e9kre.<\/li>\n\n\n\n<li>Haszn\u00e1ljon n\u00e9h\u00e1ny konkr\u00e9t kulcssz\u00f3t a munkak\u00f6ri le\u00edr\u00e1sb\u00f3l.<\/li>\n<\/ul>\n\n\n\n<p>Haszn\u00e1lja az Undetectable AI \u00f6n\u00e9letrajz-gener\u00e1tor\u00e1t, hogy olyan er\u0151teljes, csiszolt c\u00e9lkit\u0171z\u00e9st k\u00e9sz\u00edtsen, amely kiemelkedik a toborz\u00f3k sz\u00e1m\u00e1ra. Mindezt mind\u00f6ssze egy-k\u00e9t mondatban, \u00e9s m\u00e1ris m\u00e9rf\u00f6ldekkel a konkurencia el\u0151tt j\u00e1r.<\/p>\n\n\n\n<p>N\u00f6velje karrieranyag\u00e1t m\u00e9g ma a k\u00f6vetkez\u0151kkel <a href=\"https:\/\/undetectable.ai\/\" target=\"_blank\" data-type=\"link\" data-id=\"https:\/\/undetectable.ai\/\" rel=\"noreferrer noopener\">Kimutathatatlan AI<\/a>, az \u00d6n partnere a professzion\u00e1lis, hiteles \u00edr\u00e1s\u00e9rt.<\/p>","protected":false},"excerpt":{"rendered":"","protected":false},"author":15,"featured_media":15139,"comment_status":"closed","ping_status":"closed","sticky":false,"template":"","format":"standard","meta":{"_themeisle_gutenberg_block_has_review":false,"footnotes":""},"categories":[31],"tags":[],"class_list":["post-15135","post","type-post","status-publish","format-standard","has-post-thumbnail","hentry","category-helpful-ai-content-tips"],"_links":{"self":[{"href":"https:\/\/undetectable.ai/blog\/hu\/wp-json\/wp\/v2\/posts\/15135","targetHints":{"allow":["GET"]}}],"collection":[{"href":"https:\/\/undetectable.ai/blog\/hu\/wp-json\/wp\/v2\/posts"}],"about":[{"href":"https:\/\/undetectable.ai/blog\/hu\/wp-json\/wp\/v2\/types\/post"}],"author":[{"embeddable":true,"href":"https:\/\/undetectable.ai/blog\/hu\/wp-json\/wp\/v2\/users\/15"}],"replies":[{"embeddable":true,"href":"https:\/\/undetectable.ai/blog\/hu\/wp-json\/wp\/v2\/comments?post=15135"}],"version-history":[{"count":5,"href":"https:\/\/undetectable.ai/blog\/hu\/wp-json\/wp\/v2\/posts\/15135\/revisions"}],"predecessor-version":[{"id":16554,"href":"https:\/\/undetectable.ai/blog\/hu\/wp-json\/wp\/v2\/posts\/15135\/revisions\/16554"}],"wp:featuredmedia":[{"embeddable":true,"href":"https:\/\/undetectable.ai/blog\/hu\/wp-json\/wp\/v2\/media\/15139"}],"wp:attachment":[{"href":"https:\/\/undetectable.ai/blog\/hu\/wp-json\/wp\/v2\/media?parent=15135"}],"wp:term":[{"taxonomy":"category","embeddable":true,"href":"https:\/\/undetectable.ai/blog\/hu\/wp-json\/wp\/v2\/categories?post=15135"},{"taxonomy":"post_tag","embeddable":true,"href":"https:\/\/undetectable.ai/blog\/hu\/wp-json\/wp\/v2\/tags?post=15135"}],"curies":[{"name":"wp","href":"https:\/\/api.w.org\/{rel}","templated":true}]}}