{"id":15871,"date":"2025-10-22T20:03:42","date_gmt":"2025-10-22T20:03:42","guid":{"rendered":"https:\/\/undetectable.ai/blog\/?p=15871"},"modified":"2025-10-30T18:35:45","modified_gmt":"2025-10-30T18:35:45","slug":"a-helyesiras-a-nyelvtan-resze","status":"publish","type":"post","link":"https:\/\/undetectable.ai/blog\/hu\/a-helyesiras-a-nyelvtan-resze","title":{"rendered":"A helyes\u00edr\u00e1s a nyelvtan r\u00e9sze? Egyszer\u0171 v\u00e1lasz p\u00e9ld\u00e1kkal"},"content":{"rendered":"<p>Az angol nyelv m\u00e9g a hivat\u00e1sos \u00edr\u00f3k \u00e9s nyelvi szak\u00e9rt\u0151k sz\u00e1m\u00e1ra is zavaros lehet.<\/p>\n\n\n\n<p>Vannak <a href=\"https:\/\/undetectable.ai\/blog\/grammar-rules\/\" target=\"_blank\" rel=\"noreferrer noopener\">annyi szab\u00e1ly, amit meg kell tanulni<\/a> \u00e9s nyelvtani furcsas\u00e1gok, amelyek meg\u00e9rt\u00e9se id\u0151be telik. Az egyik gyakori k\u00e9rd\u00e9s pedig az, hogy a helyes\u00edr\u00e1st az egyenlet r\u00e9sz\u00e9nek tekintik-e.&nbsp;<\/p>\n\n\n\n<p>B\u00e1r rokonok, m\u00e9gis a nyelv k\u00fcl\u00f6nb\u00f6z\u0151 aspektusait alkotj\u00e1k.<\/p>\n\n\n\n<p>Ma a helyes\u00edr\u00e1s \u00e9s a nyelvtan k\u00f6z\u00f6tti k\u00fcl\u00f6nbs\u00e9get boncolgatjuk.<\/p>\n\n\n\n<p>Elmagyar\u00e1zzuk, hogy mi\u00e9rt olyanok, mint elv\u00e1laszthatatlan ikrek, \u00e9s megmutatjuk, hogyan fejl\u0151dhetsz mindkett\u0151ben.<\/p>\n\n\n\n<p>Ak\u00e1r essz\u00e9t \u00edrsz, ak\u00e1r e-mailt fogalmazol, vagy csak pr\u00f3b\u00e1lsz profibbnak t\u0171nni online, ennek a k\u00fcl\u00f6nbs\u00e9gnek a meg\u00e9rt\u00e9se seg\u00edt.<\/p>\n\n\n\n<h2 class=\"wp-block-heading\">TL;DR<\/h2>\n\n\n\n<p>A helyes\u00edr\u00e1s <a href=\"https:\/\/english.stackexchange.com\/questions\/388543\/are-spelling-punctuation-and-capitalization-part-of-grammar\" target=\"_blank\" rel=\"noreferrer noopener\">technikailag nem r\u00e9sze a nyelvtannak<\/a>. A nyelvtan azzal foglalkozik, hogy a szavak hogyan m\u0171k\u00f6dnek egy\u00fctt a mondatokban (szerkezet, szab\u00e1lyok, kapcsolatok). A helyes\u00edr\u00e1s az egyes szavak \u00edr\u00e1sm\u00f3dj\u00e1ra \u00f6sszpontos\u00edt.<\/p>\n\n\n\n<p>A gyakorlatban azonban annyira \u00e1tfedik egym\u00e1st, hogy a legt\u00f6bben egyetlen nagy kateg\u00f3riak\u00e9nt kezelik \u0151ket.<\/p>\n\n\n\n<p>Mindkett\u0151 fontos a vil\u00e1gos \u00edr\u00e1s \u00e9rdek\u00e9ben, \u00e9s az olyan eszk\u00f6z\u00f6k, mint a mesters\u00e9ges nyelvtani ellen\u0151rz\u0151 programok, seg\u00edthetnek a hib\u00e1k kisz\u0171r\u00e9s\u00e9ben mindk\u00e9t ter\u00fcleten.<\/p>\n\n\n\n<hr class=\"wp-block-separator has-alpha-channel-opacity\"\/>\n\n\n\n<p class=\"has-text-align-center\"><strong>A legfontosabb tudnival\u00f3k<\/strong><\/p>\n\n\n\n<ul class=\"wp-block-list\">\n<li>A helyes\u00edr\u00e1s \u00e9s a nyelvtan k\u00fcl\u00f6n\u00e1ll\u00f3 rendszerek - a nyelvtan a szerkezetet szab\u00e1lyozza, m\u00edg a helyes\u00edr\u00e1s a sz\u00f3alkot\u00e1sra \u00f6sszpontos\u00edt.<\/li>\n<\/ul>\n\n\n\n<p><\/p>\n\n\n\n<ul class=\"wp-block-list\">\n<li>Mindkett\u0151 elengedhetetlen az egy\u00e9rtelm\u0171s\u00e9ghez, a szakszer\u0171s\u00e9ghez \u00e9s a hat\u00e9kony \u00edr\u00e1sbeli kommunik\u00e1ci\u00f3hoz.<\/li>\n<\/ul>\n\n\n\n<p><\/p>\n\n\n\n<ul class=\"wp-block-list\">\n<li><strong>A kimutathatatlan AI nyelvtani ellen\u0151rz\u0151je<\/strong> a nyelvtani, helyes\u00edr\u00e1si \u00e9s st\u00edlusbeli probl\u00e9m\u00e1kat egy menetben megoldja.<\/li>\n<\/ul>\n\n\n\n<p><\/p>\n\n\n\n<ul class=\"wp-block-list\">\n<li>P\u00e1ros\u00edtsa <strong>AI bekezd\u00e9s gener\u00e1tor<\/strong> csiszolt, j\u00f3l struktur\u00e1lt \u00edr\u00e1sbeli p\u00e9ld\u00e1k tanulm\u00e1nyoz\u00e1sa.<\/li>\n<\/ul>\n\n\n\n<p><\/p>\n\n\n\n<hr class=\"wp-block-separator has-alpha-channel-opacity\"\/>\n\n\n\n<h2 class=\"wp-block-heading\">Mi a nyelvtan? (Egyszer\u0171 defin\u00edci\u00f3)<\/h2>\n\n\n\n<p>A nyelvtan az a szab\u00e1lyrendszer, amely szab\u00e1lyozza, hogy a szavak hogyan kombin\u00e1l\u00f3dnak a jelent\u00e9s l\u00e9trehoz\u00e1s\u00e1hoz.<\/p>\n\n\n\n<p>A mondatszerkezetr\u0151l van sz\u00f3, nem az egyes szavak helyes\u00edr\u00e1s\u00e1r\u00f3l.<\/p>\n\n\n\n<p>Gondoljon a nyelvtanra \u00fagy, mint a nyelv architekt\u00far\u00e1j\u00e1ra. Megmondja neked:<\/p>\n\n\n\n<ul class=\"wp-block-list\">\n<li>Hov\u00e1 tartoznak a szavak egy mondatban<\/li>\n\n\n\n<li>Hogyan v\u00e1ltozik a szavak alakja az id\u0151, a sz\u00e1m vagy a birtokl\u00e1s kifejez\u00e9s\u00e9re?<\/li>\n\n\n\n<li>Mely szavak milyen m\u00e1s szavakhoz kapcsol\u00f3dnak<\/li>\n\n\n\n<li>Hogyan struktur\u00e1ljuk a k\u00e9rd\u00e9seket, parancsokat \u00e9s kijelent\u00e9seket?<\/li>\n<\/ul>\n\n\n\n<p>P\u00e9ld\u00e1ul a \"Tegnap iskol\u00e1ba ment\" nyelvtani hiba. A \"go\" sz\u00f3 helyesen van \u00edrva, de rossz form\u00e1ban van. \"Ment\" kellene lennie, mert a m\u00faltr\u00f3l besz\u00e9l\u00fcnk.<\/p>\n\n\n\n<p>A nyelvtan olyan dolgokra terjed ki, mint:<\/p>\n\n\n\n<ul class=\"wp-block-list\">\n<li>Igeid\u0151k (fut, futott, fut)<\/li>\n\n\n\n<li>Alany-ige meg\u00e1llapod\u00e1s (\u0151 s\u00e9t\u00e1l, \u0151k s\u00e9t\u00e1lnak)<\/li>\n\n\n\n<li>F\u0151n\u00e9vhaszn\u00e1lat (\u00e9n vs. \u00e9n, ki vs. ki)<\/li>\n\n\n\n<li>Mondatszerkezet (t\u00f6red\u00e9kek, tagmondatok)<\/li>\n\n\n\n<li>Az \u00edr\u00e1sjelek elhelyez\u00e9se<\/li>\n<\/ul>\n\n\n\n<p>A legfontosabb dolog, amit a nyelvtanr\u00f3l nem szabad elfelejteni? A szavak k\u00f6z\u00f6tti kapcsolatokr\u00f3l sz\u00f3l. Nem magukr\u00f3l a szavakr\u00f3l.<\/p>\n\n\n\n<h2 class=\"wp-block-heading\">Mi a helyes\u00edr\u00e1s? (Egyszer\u0171 defin\u00edci\u00f3)<\/h2>\n\n\n\n<p>A helyes\u00edr\u00e1s a bet\u0171k helyes elrendez\u00e9se egy sz\u00f3n bel\u00fcl. Ennyi. Mag\u00e1nak a sz\u00f3nak a helyes \u00edr\u00e1sm\u00f3dj\u00e1r\u00f3l van sz\u00f3, \u00e9s nem arr\u00f3l, hogy hogyan illeszkedik a mondatba.<\/p>\n\n\n\n<p>Az angol helyes\u00edr\u00e1s k\u00f6zismerten neh\u00e9z, mert <a href=\"https:\/\/www.languageonthemove.com\/is-english-spelling-an-insult-to-human-intelligence\/\" target=\"_blank\" rel=\"noreferrer noopener\">sok m\u00e1s nyelvb\u0151l k\u00f6lcs\u00f6n\u00f6zt\u00fcnk szavakat<\/a>, bele\u00e9rtve a francia, latin, g\u00f6r\u00f6g \u00e9s n\u00e9met nyelvet.<\/p>\n\n\n\n<p>Minden nyelvnek megvan a maga helyes\u00edr\u00e1si mint\u00e1ja, \u00e9s mi mindet megtartottuk, ez\u00e9rt van az, hogy a \"k\u00e9s\" n\u00e9ma K-val kezd\u0151dik, a \"t\u00fcd\u0151gyullad\u00e1s\" pedig P-vel, amit senki sem ejt ki.<\/p>\n\n\n\n<p>A helyes\u00edr\u00e1s mag\u00e1ban foglalja:<\/p>\n\n\n\n<ul class=\"wp-block-list\">\n<li>Tudni, hogy melyik bet\u0171 hova tartozik egy sz\u00f3ban<\/li>\n\n\n\n<li>A k\u00f6z\u00f6s mint\u00e1k meg\u00e9rt\u00e9se (i az e el\u0151tt, kiv\u00e9ve a c ut\u00e1n - a legt\u00f6bbsz\u00f6r)<\/li>\n\n\n\n<li>Kiv\u00e9telek memoriz\u00e1l\u00e1sa (mert az angolban milli\u00f3nyi van bel\u0151l\u00fck)<\/li>\n\n\n\n<li>Homofonok (azonos hangz\u00e1s\u00fa, de m\u00e1sk\u00e9pp \u00edrt szavak) felismer\u00e9se<\/li>\n<\/ul>\n\n\n\n<p>A helyes\u00edr\u00e1si hiba \u00edgy n\u00e9z ki: \"Megkaptam az e-mailt.\" A sz\u00f3nak \"megkapta\" kellene lennie. A mondatszerkezet rendben van.<\/p>\n\n\n\n<p>A nyelvtan rendben van. De ez az egy sz\u00f3 rosszul van \u00edrva.<\/p>\n\n\n\n<p>A helyes\u00edr\u00e1st a k\u00f6vetkez\u0151 teszi bonyolultt\u00e1: el\u0151fordulhat, hogy egy sz\u00f3t helyesen \u00edrsz, \u00e9s m\u00e9gis rossz sz\u00f3t haszn\u00e1lsz. <\/p>\n\n\n\n<p>Az \"\u0151\" helyesen van \u00edrva. A \"There\" helyesen van \u00edrva. Az \"\u0150k\" helyesen van \u00edrva. De ha azt \u00edrja, hogy \"a boltba mennek\", akkor sz\u00f3v\u00e1laszt\u00e1si hib\u00e1t k\u00f6vetett el, nem pedig helyes\u00edr\u00e1si hib\u00e1t.<\/p>\n\n\n\n<p>Maga a helyes\u00edr\u00e1s t\u00f6k\u00e9letes.<\/p>\n\n\n\n<p>Ez az a pont, ahol a dolgok hom\u00e1lyoss\u00e1 v\u00e1lnak.<\/p>\n\n\n\n<h2 class=\"wp-block-heading\">A helyes\u00edr\u00e1s a nyelvtan r\u00e9sze? A k\u00f6zvetlen v\u00e1lasz<\/h2>\n\n\n<div class=\"wp-block-image\">\n<figure class=\"aligncenter size-large\"><img loading=\"lazy\" decoding=\"async\" width=\"1024\" height=\"683\" src=\"https:\/\/undetectable.ai/blog\/wp-content\/uploads\/2025\/10\/High-angle-hand-correcting-grammar-mistakes-1024x683.jpg\" alt=\"Magas sz\u00f6gben k\u00e9zzel jav\u00edtja a nyelvtani hib\u00e1kat\" class=\"wp-image-15878\" title=\"\" srcset=\"https:\/\/undetectable.ai/blog\/wp-content\/uploads\/2025\/10\/High-angle-hand-correcting-grammar-mistakes-1024x683.jpg 1024w, https:\/\/undetectable.ai/blog\/wp-content\/uploads\/2025\/10\/High-angle-hand-correcting-grammar-mistakes-300x200.jpg 300w, https:\/\/undetectable.ai/blog\/wp-content\/uploads\/2025\/10\/High-angle-hand-correcting-grammar-mistakes-768x512.jpg 768w, https:\/\/undetectable.ai/blog\/wp-content\/uploads\/2025\/10\/High-angle-hand-correcting-grammar-mistakes-18x12.jpg 18w, https:\/\/undetectable.ai/blog\/wp-content\/uploads\/2025\/10\/High-angle-hand-correcting-grammar-mistakes.jpg 1200w\" sizes=\"auto, (max-width: 1024px) 100vw, 1024px\" \/><\/figure><\/div>\n\n\n<p>Nem, a helyes\u00edr\u00e1s nem r\u00e9sze a nyelvtannak.<\/p>\n\n\n\n<p>A nyelvtan egy struktur\u00e1lis rendszer. A helyes\u00edr\u00e1s egy \u00edr\u00e1skonvenci\u00f3. Ezek a nyelvmechanika k\u00fcl\u00f6nb\u00f6z\u0151 \u00e1gai.<\/p>\n\n\n\n<p>De itt van, ami\u00e9rt mindenki \u00f6sszezavarodik: mindkett\u0151 a \"korrekts\u00e9g\" fogalma al\u00e1 tartozik az \u00edr\u00e1sban.<\/p>\n\n\n\n<p>Amikor az \u00edr\u00e1sodban hib\u00e1k vannak, a legt\u00f6bb ember nem \u00e1ll meg, hogy kategoriz\u00e1lja \u0151ket.&nbsp;<\/p>\n\n\n\n<p>Csak tudj\u00e1k, hogy valami nem stimmel.<\/p>\n\n\n\n<p>R\u00e1ad\u00e1sul egyes hib\u00e1k egyszerre tartalmaznak nyelvtani \u00e9s helyes\u00edr\u00e1si hib\u00e1kat is. Ha azt \u00edrod, hogy \"tegnap l\u00e1ttam \u0151t\", az nyelvtani vagy helyes\u00edr\u00e1si hiba? Ez nyelvtani hiba.<\/p>\n\n\n\n<p>Az ige rossz alakj\u00e1t haszn\u00e1ltad. De ha azt \u00edrod, hogy \"tegnap futottam\", az m\u00e9g mindig nyelvtani hiba (rossz m\u00falt idej\u0171 alak), m\u00e9g akkor is, ha a \"futottam\" nem is igazi sz\u00f3.<\/p>\n\n\n\n<p>Az akad\u00e9miai nyelv\u00e9szek a <a href=\"https:\/\/subjectguides.york.ac.uk\/academic-language\/grammar\" target=\"_blank\" rel=\"noreferrer noopener\">a helyes\u00edr\u00e1s \u00e9s a nyelvtan mint k\u00fcl\u00f6n\u00e1ll\u00f3 rendszerek<\/a>.<\/p>\n\n\n\n<p>De a mindennapi \u00e9letben? A legt\u00f6bb \u00edr\u00f3eszk\u00f6z, tan\u00e1r \u00e9s st\u00edluskalauz ezeket az \"\u00edr\u00e1smechanika\" vagy a \"nyelvhelyess\u00e9g\" fogalm\u00e1ba sorolja.<\/p>\n\n\n\n<p>Teh\u00e1t b\u00e1r technikailag k\u00fcl\u00f6nb\u00f6z\u0151ek, de k\u00fcl\u00f6n\u00e1ll\u00f3 k\u00e9rd\u00e9sk\u00e9nt kezelni \u0151ket nem mindig seg\u00edt, amikor az \u00edr\u00e1sodat pr\u00f3b\u00e1lod jav\u00edtani.<\/p>\n\n\n\n<h3 class=\"wp-block-heading\"><strong>Hogyan f\u00fcgg \u00f6ssze a nyelvtan \u00e9s a helyes\u00edr\u00e1s<\/strong><\/h3>\n\n\n\n<p>B\u00e1r k\u00fcl\u00f6n\u00e1ll\u00f3ak, a nyelvtan \u00e9s a helyes\u00edr\u00e1s folyamatosan k\u00f6lcs\u00f6nhat\u00e1sban van egym\u00e1ssal.<\/p>\n\n\n\n<p>Vegy\u00fck figyelembe a kontrakci\u00f3kat. Az \"ez\" kontra \"az\" technikailag nyelvtani k\u00e9rd\u00e9s (az egyik a \"ez\" r\u00f6vid\u00fcl\u00e9se, a m\u00e1sik birtokos ragoz\u00e1s).<\/p>\n\n\n\n<p>De \u00fagy t\u0171nik, hogy helyes\u00edr\u00e1si probl\u00e9ma, mert a szavak nagyon hasonl\u00f3ak. Ugyanez a helyzet a \"te\" \u00e9s a \"te\" vagy az \"\u0151k\", \"az \u0151\" \u00e9s az \"ott\" eset\u00e9ben.<\/p>\n\n\n\n<p><a href=\"https:\/\/undetectable.ai\/blog\/homophones\/\" target=\"_blank\" rel=\"noreferrer noopener\">Homofonok<\/a> \u00fajabb \u00e1tfed\u00e9st hoz l\u00e9tre. Az \"Affect\" \u00e9s a \"effect\" mindkett\u0151 \u00f6n\u00e1ll\u00f3 sz\u00f3k\u00e9nt helyesen van \u00edrva.<\/p>\n\n\n\n<p>De ha egy mondatban nem a megfelel\u0151t haszn\u00e1ljuk, az nyelvtani hiba (rossz besz\u00e9dr\u00e9szlet), amely \u00fagy n\u00e9z ki, mint egy helyes\u00edr\u00e1si hiba.<\/p>\n\n\n\n<p><a href=\"https:\/\/undetectable.ai\/blog\/what-is-a-verb\/\" target=\"_blank\" rel=\"noreferrer noopener\">Ige<\/a> form\u00e1k is \u00e1tfed\u00e9seket hoznak l\u00e9tre. A \"Lead\" (jelen id\u0151) \u00e9s a \"led\" (m\u00falt id\u0151) k\u00fcl\u00f6nb\u00f6z\u0151 \u00edr\u00e1sm\u00f3dok. <em>\u00e9s<\/em> k\u00fcl\u00f6nb\u00f6z\u0151 nyelvtani form\u00e1k.<\/p>\n\n\n\n<p>Ha azt \u00edrja, hogy \"tavaly \u0151 vezette a csapatot\", akkor helyes\u00edr\u00e1si hib\u00e1t (\"vezette\" kellene \u00edrni) \u00e9s nyelvtani hib\u00e1t is elk\u00f6vetett (rossz id\u0151z\u00edt\u00e9s).<\/p>\n\n\n\n<p>Pontosan ez\u00e9rt olyan hasznosak azok az eszk\u00f6z\u00f6k, amelyek egyszerre ellen\u0151rzik mindkett\u0151t.<\/p>\n\n\n\n<p>Amikor \u00edrsz, nem \u00e1llsz meg, hogy minden hib\u00e1t kategoriz\u00e1lj. Csak tudni akarod, mi a baj, \u00e9s hogyan kell kijav\u00edtani.<\/p>\n\n\n<div class=\"wp-block-image\">\n<figure class=\"aligncenter size-large\"><img loading=\"lazy\" decoding=\"async\" width=\"1024\" height=\"298\" src=\"https:\/\/undetectable.ai/blog\/wp-content\/uploads\/2025\/06\/newspaper-article-007-1024x298.jpg\" alt=\"Az Undetectable AI fel\u00fclet\u00e9nek k\u00e9perny\u0151k\u00e9p\u00e9n a mesters\u00e9ges intelligencia \u00e1ltal gener\u00e1lt sz\u00f6veg humaniz\u00e1l\u00e1s\u00e1nak folyamata l\u00e1that\u00f3.\" class=\"wp-image-10980\" title=\"\" srcset=\"https:\/\/undetectable.ai/blog\/wp-content\/uploads\/2025\/06\/newspaper-article-007-1024x298.jpg 1024w, https:\/\/undetectable.ai/blog\/wp-content\/uploads\/2025\/06\/newspaper-article-007-300x87.jpg 300w, https:\/\/undetectable.ai/blog\/wp-content\/uploads\/2025\/06\/newspaper-article-007-768x223.jpg 768w, https:\/\/undetectable.ai/blog\/wp-content\/uploads\/2025\/06\/newspaper-article-007-1536x446.jpg 1536w, https:\/\/undetectable.ai/blog\/wp-content\/uploads\/2025\/06\/newspaper-article-007-18x5.jpg 18w, https:\/\/undetectable.ai/blog\/wp-content\/uploads\/2025\/06\/newspaper-article-007.jpg 1600w\" sizes=\"auto, (max-width: 1024px) 100vw, 1024px\" \/><\/figure><\/div>\n\n\n<p>Ha mesters\u00e9ges intelligenci\u00e1t haszn\u00e1lsz az \u00edr\u00e1sodhoz, gy\u0151z\u0151dj meg r\u00f3la, hogy a kimenet term\u00e9szetes \u00e9s emberi hangz\u00e1s\u00fa.<\/p>\n\n\n\n<p>A nyelvtani \u00e9s helyes\u00edr\u00e1si jav\u00edt\u00e1sok lefuttat\u00e1sa ut\u00e1n haszn\u00e1lja a Undetectable AI <a href=\"https:\/\/undetectable.ai\/ai-humanizer\" target=\"_blank\" rel=\"noreferrer noopener\">AI Humanizer<\/a> hogy a sz\u00f6vege ne hangozzon robotikusan vagy t\u00fals\u00e1gosan csiszoltan.<\/p>\n\n\n\n<p>N\u00e9ha a mesters\u00e9ges intelligencia eszk\u00f6zei technikailag korrekt, de furcs\u00e1n form\u00e1lis \u00edr\u00e1st tesznek lehet\u0151v\u00e9. A kimenet humaniz\u00e1l\u00e1sa meg\u0151rzi az \u00d6n hangj\u00e1t.<\/p>\n\n\n\n<h2 class=\"wp-block-heading\">Helyes\u00edr\u00e1s vs. nyelvtan vs. mechanika: Mi a k\u00fcl\u00f6nbs\u00e9g?<\/h2>\n\n\n\n<p>Ha a helyes\u00edr\u00e1s nem nyelvtan, \u00e9s a nyelvtan nem helyes\u00edr\u00e1s, akkor minden m\u00e1s hov\u00e1 tartozik?<\/p>\n\n\n\n<p>L\u00e9pjen be a mechanik\u00e1ba. Ez a gy\u0171jt\u0151fogalom az \u00edr\u00e1s minden technikai aspektus\u00e1t mag\u00e1ban foglalja:<\/p>\n\n\n\n<ol class=\"wp-block-list\">\n<li><strong>Nyelvtan:<\/strong> Hogyan m\u0171k\u00f6dnek egy\u00fctt a szavak (szintaktika, igealakok, mondatszerkezet)<\/li>\n\n\n\n<li><strong>Helyes\u00edr\u00e1s:<\/strong> Az egyes szavak \u00edr\u00e1sm\u00f3dja (bet\u0171k elrendez\u00e9se, helyes sz\u00f3alakok)<\/li>\n\n\n\n<li><strong>Pontoz\u00e1s:<\/strong> A vessz\u0151k, pontok \u00e9s egy\u00e9b \u00edr\u00e1sjelek helye<\/li>\n\n\n\n<li><strong>Nagybet\u0171s \u00edr\u00e1sm\u00f3d:<\/strong> Mikor kell a bet\u0171ket nagybet\u0171vel \u00edrni<\/li>\n\n\n\n<li><strong>Haszn\u00e1lat:<\/strong> A megfelel\u0151 sz\u00f3 kiv\u00e1laszt\u00e1sa a kontextusnak megfelel\u0151en (hivatalos vs. inform\u00e1lis, hat\u00e1s vs. hat\u00e1s)<\/li>\n<\/ol>\n\n\n\n<p>A mechanika az eg\u00e9sz eszk\u00f6zt\u00e1r. A nyelvtan \u00e9s a helyes\u00edr\u00e1s csak k\u00e9t eszk\u00f6z benne.<\/p>\n\n\n\n<p>A legt\u00f6bb \u00edr\u00e1sm\u0171v\u00e9szeti k\u00e9zik\u00f6nyv \u00e9s tan\u00e1r a \"nyelvtan\" kifejez\u00e9st r\u00f6vid\u00edt\u00e9sk\u00e9nt haszn\u00e1lja az \u00f6sszes mechanikai elemre.<\/p>\n\n\n\n<p>K\u00f6nnyebb azt mondani, hogy \"ellen\u0151rizze a nyelvtant\", mint azt, hogy \"ellen\u0151rizze a nyelvtant, a helyes\u00edr\u00e1st, az \u00edr\u00e1sjeleket, a nagybet\u0171ket \u00e9s a nyelvhaszn\u00e1latot\".&nbsp;<\/p>\n\n\n\n<p>De technikailag mindegyik m\u00e1s.<\/p>\n\n\n\n<p>Amikor az \u00edr\u00e1sodon dolgozol, seg\u00edt, ha tudod, hogy melyik ter\u00fcleten k\u00fczdesz a legt\u00f6bbet. Van, akinek t\u00f6k\u00e9letes a nyelvtana, de a helyes\u00edr\u00e1s\u00e1n m\u00e9g dolgozhatna.<\/p>\n\n\n\n<p>M\u00e1sok mindent helyesen \u00edrnak, de \u00e1lland\u00f3an \u00f6sszekeverik az igeid\u0151ket. Ha m\u00e1r tudod, hol vannak a gyenge pontjaid, akkor a jav\u00edt\u00e1sra \u00f6sszpontos\u00edthatsz.<\/p>\n\n\n\n<h2 class=\"wp-block-heading\">Gyakran helyes\u00edr\u00e1si hib\u00e1knak t\u00e9vesztett nyelvtani hib\u00e1k<\/h2>\n\n\n\n<p>N\u00e9h\u00e1ny hiba \u00edgy n\u00e9z ki <a href=\"https:\/\/linguischtick.wordpress.com\/2012\/09\/25\/spelling-is-not-grammar\/\" target=\"_blank\" rel=\"noreferrer noopener\">helyes\u00edr\u00e1si hib\u00e1k<\/a> hanem val\u00f3j\u00e1ban nyelvtani probl\u00e9m\u00e1k.<\/p>\n\n\n\n<p>\u00cdme a leggyakoribbak:<\/p>\n\n\n\n<ul class=\"wp-block-list\">\n<li><strong>Its vs. It's:<\/strong> Az \"Its\" birtokos ragoz\u00e1s\u00fa. Az \"ez\" az \"ez\" r\u00f6vid\u00edt\u00e9se.<\/li>\n<\/ul>\n\n\n\n<p>Helytelen: \"A kutya cs\u00f3v\u00e1lta a fark\u00e1t.\"&nbsp;<\/p>\n\n\n\n<p>Helyes: \"A kutya cs\u00f3v\u00e1lta a fark\u00e1t.\"<\/p>\n\n\n\n<ul class=\"wp-block-list\">\n<li><strong>Your vs. You're:<\/strong> A \"te\" birtokos sz\u00f3. A \"te\" a \"te vagy\" r\u00f6vid\u00edt\u00e9se.&nbsp;<\/li>\n<\/ul>\n\n\n\n<p>Helytelen: \"Ezt im\u00e1dni fogod.\"&nbsp;<\/p>\n\n\n\n<p>Helyes: \"Ezt im\u00e1dni fogod.\"<\/p>\n\n\n\n<ul class=\"wp-block-list\">\n<li><strong>Their vs. There vs. They're:<\/strong> Az \"\u00f6v\u00e9k\" birtokos ragoz\u00e1s\u00fa. Az \"ott\" a helyet jelzi. Az \"\u0151k\" az \"\u0151k\" r\u00f6vid\u00edt\u00e9se.&nbsp;<\/li>\n<\/ul>\n\n\n\n<p>Helytelen: \"\u00c1tmennek oda a bar\u00e1taikkal.\"&nbsp;<\/p>\n\n\n\n<p>Helyes: \"Oda mennek a bar\u00e1taikkal.\"<\/p>\n\n\n\n<ul class=\"wp-block-list\">\n<li><strong>Akkor vs. Akkor:<\/strong> Az \"akkor\" az id\u0151re vonatkozik. A \"Than\" az \u00f6sszehasonl\u00edt\u00e1sokra vonatkozik.&nbsp;<\/li>\n<\/ul>\n\n\n\n<p>Helytelen: \"Ink\u00e1bb otthon maradok, minthogy kimozduljak.\"&nbsp;<\/p>\n\n\n\n<p>Helyes: \"Ink\u00e1bb otthon maradok, minthogy kimozduljak.\"<\/p>\n\n\n\n<ul class=\"wp-block-list\">\n<li><strong>Vesztes\u00e9g vs. lazas\u00e1g:<\/strong> \"Vesz\u00edteni\" azt jelenti, hogy f\u00e9lre\u00e1llni vagy nem nyerni. \"Laza\" azt jelenti, hogy nem szoros.<\/li>\n<\/ul>\n\n\n\n<p>Helytelen: \"Ne vesz\u00edtsd el a kulcsaidat.\"&nbsp;<\/p>\n\n\n\n<p>Helyes: \"Ne vesz\u00edtsd el a kulcsaidat.\"<\/p>\n\n\n\n<ul class=\"wp-block-list\">\n<li><strong>Affektus vs. hat\u00e1s:<\/strong> Az \"Affect\" \u00e1ltal\u00e1ban ige. A \"hat\u00e1s\" \u00e1ltal\u00e1ban f\u0151n\u00e9v.&nbsp;<\/li>\n<\/ul>\n\n\n\n<p>Helytelen: \"Ez hat\u00e1ssal lesz az eredm\u00e9nyre.\"&nbsp;<\/p>\n\n\n\n<p>Helyes: \"Ez befoly\u00e1solja az eredm\u00e9nyt.\"<\/p>\n\n\n\n<p>Ezek helyes\u00edr\u00e1si hib\u00e1knak t\u0171nnek, mert a sz\u00f3 mindk\u00e9t v\u00e1ltozata helyesen van \u00edrva. De a rosszat v\u00e1lasztani nyelvtani hiba.<\/p>\n\n\n\n<p>Rossz sz\u00f3r\u00e9szt vagy a sz\u00f6vegk\u00f6rnyezetnek nem megfelel\u0151 sz\u00f3alakot haszn\u00e1lsz.<\/p>\n\n\n\n<p>A helyes\u00edr\u00e1s-ellen\u0151rz\u00e9s nem \u00e9szleli ezeket a hib\u00e1kat. Amennyire a helyes\u00edr\u00e1s-ellen\u0151rz\u00e9s tudja, a \"te\" t\u00f6k\u00e9letesen van \u00edrva.<\/p>\n\n\n\n<p>Fogalma sincs r\u00f3la, hogy azt akartad \u00edrni, hogy \"te\".<\/p>\n\n\n\n<h3 class=\"wp-block-heading\"><strong>Mi\u00e9rt tan\u00edtj\u00e1k mindkett\u0151t egy\u00fctt az iskol\u00e1kban<\/strong><\/h3>\n\n\n\n<p>Gondolkodt\u00e1l m\u00e1r azon, hogy az angol \u00f3r\u00e1n mi\u00e9rt van sz\u00f3 nyelvtanr\u00f3l \u00e9s helyes\u00edr\u00e1sr\u00f3l is? Nem az\u00e9rt, mert ezek ugyanazok a dolgok.<\/p>\n\n\n\n<p>Az\u00e9rt, mert mindkett\u0151re sz\u00fcks\u00e9ged van ahhoz, hogy tiszt\u00e1n \u00edrj.<\/p>\n\n\n\n<p>Az iskol\u00e1k gyakorlati okokb\u00f3l egy\u00fctt tan\u00edtj\u00e1k \u0151ket:<\/p>\n\n\n\n<ol class=\"wp-block-list\">\n<li><strong>Mindkett\u0151 befoly\u00e1solja az olvashat\u00f3s\u00e1got.<\/strong> A rossz helyes\u00edr\u00e1s miatt az \u00edr\u00e1s nehezen \u00e9rthet\u0151. A rossz nyelvtan miatt az \u00edr\u00e1s nehezen k\u00f6vethet\u0151. Mindkett\u0151 zavart okoz.<\/li>\n\n\n\n<li><strong>Mindkett\u0151 a konvenci\u00f3kr\u00f3l sz\u00f3l.<\/strong> A nyelvnek vannak elfogadott helyes\u00edr\u00e1si \u00e9s szerkezeti szab\u00e1lyai. A hat\u00e9kony kommunik\u00e1ci\u00f3hoz mindk\u00e9t szab\u00e1lyrendszert ismernie kell.<\/li>\n\n\n\n<li><strong>Egyszerre korrig\u00e1lj\u00e1k \u0151ket.<\/strong> Amikor a tan\u00e1r oszt\u00e1lyozza a dolgozatodat, nem k\u00e9t k\u00fcl\u00f6n \u00e1tmenettel (egy a helyes\u00edr\u00e1sra \u00e9s egy a nyelvtanra). Mindent egy olvas\u00e1ssal vesznek \u00e9szre.<\/li>\n\n\n\n<li><strong>Egy\u00fctt fejl\u0151dnek.<\/strong> A t\u00f6bb olvas\u00e1s seg\u00edt a helyes\u00edr\u00e1sodban. A nyelvtant is seg\u00edti. Az \u00edr\u00e1s gyakorl\u00e1sa mindkett\u0151t jav\u00edtja, \u00e9s ezek a k\u00e9szs\u00e9gek egym\u00e1st er\u0151s\u00edtik.<\/li>\n\n\n\n<li><strong>Mindkett\u0151t tesztelt\u00e9k.<\/strong> A szabv\u00e1nyos\u00edtott tesztek, a f\u0151iskolai felv\u00e9teli vizsg\u00e1k \u00e9s a szakmai \u00edr\u00e1sbeli felm\u00e9r\u00e9sek mindkett\u0151t ellen\u0151rzik. Nem hagyhatja figyelmen k\u00edv\u00fcl az egyiket, \u00e9s nem \u00f6sszpontos\u00edthat a m\u00e1sikra.<\/li>\n<\/ol>\n\n\n\n<p>A legt\u00f6bb esetben senkit sem \u00e9rdekel, hogy a hiba a helyes\u00edr\u00e1ssal vagy a nyelvtannal kapcsolatos. Csak azt tudj\u00e1k, hogy az \u00edr\u00e1sod hib\u00e1s. A hib\u00e1k pedig \u00e1rtanak a hiteless\u00e9gednek.<\/p>\n\n\n\n<p>Ez\u00e9rt fontos mindkett\u0151 jav\u00edt\u00e1sa. Egy t\u00f6k\u00e9letesen bet\u0171z\u00f6tt, sz\u00f6rny\u0171 nyelvtannal \u00edrt e-mail m\u00e9g mindig szakszer\u0171tlen\u00fcl n\u00e9z ki.<\/p>\n\n\n\n<p>Egy nyelvtanilag t\u00f6k\u00e9letes, helyes\u00edr\u00e1si hib\u00e1kkal teli essz\u00e9 is vesz\u00edt pontokat.<\/p>\n\n\n\n<h2 class=\"wp-block-heading\">Hogyan jav\u00edtsuk a nyelvtant \u00e9s a helyes\u00edr\u00e1st?<\/h2>\n\n\n\n<p>A nyelvtan \u00e9s a helyes\u00edr\u00e1s jav\u00edt\u00e1sa nem jelenti a szab\u00e1lyk\u00f6nyvek bemagol\u00e1s\u00e1t.<\/p>\n\n\n\n<p>Ez azt jelenti, hogy olyan szok\u00e1sokat kell kialak\u00edtani, amelyek a helyes \u00edr\u00e1st automatikuss\u00e1 teszik.<\/p>\n\n\n\n<ul class=\"wp-block-list\">\n<li><strong>Olvassa folyamatosan.<\/strong> Ez az els\u0151 sz\u00e1m\u00fa m\u00f3dja mindkett\u0151 jav\u00edt\u00e1s\u00e1nak. Amikor olvasol, t\u00f6bbsz\u00f6r is kiteszed magad a helyes\u00edr\u00e1si \u00e9s nyelvtani mint\u00e1knak. Az agyad elkezdi felismerni, hogy mi \"n\u00e9z ki j\u00f3l\", an\u00e9lk\u00fcl, hogy tudatosan gondoln\u00e1l a szab\u00e1lyokra.<\/li>\n\n\n\n<li><strong>\u00cdrjon rendszeresen.<\/strong> Gyakorl\u00e1s n\u00e9lk\u00fcl nem lehet fejl\u0151dni. \u00cdrj b\u00e1rmit. E-maileket, napl\u00f3bejegyz\u00e9seket, k\u00f6z\u00f6ss\u00e9gi m\u00e9dia posztokat, blogv\u00e1zlatokat. Min\u00e9l t\u00f6bbet \u00edrsz, ann\u00e1l ink\u00e1bb \u00e9szre fogod venni a saj\u00e1t hibamint\u00e1idat.<\/li>\n\n\n\n<li><strong>Haszn\u00e1lja strat\u00e9giailag a nyelvtani ellen\u0151rz\u0151 programokat.<\/strong> Az eszk\u00f6z\u00f6k \u00e9szreveszik a hib\u00e1kat, amelyeket nem veszel \u00e9szre. De ne kattintson csak \u00fagy az \"elfogadom az \u00f6sszeset\" gombra. Olvassa el az egyes javaslatokat, \u00e9s \u00e9rtse meg <em>mi\u00e9rt<\/em> ez rossz. \u00cdgy tanulsz.<\/li>\n\n\n\n<li><strong>Vezessen szem\u00e9lyes hibalist\u00e1t.<\/strong> Vegye \u00e9szre, hogy mely hib\u00e1kat k\u00f6veti el ism\u00e9telten. \u00cdrd le \u0151ket. Gyakorold a helyes v\u00e1ltozatokat. V\u00e9g\u00fcl a helyes \u00fat automatikuss\u00e1 v\u00e1lik.<\/li>\n\n\n\n<li><strong>Tanulja meg a homofonokat.<\/strong> K\u00e9sz\u00edtsen tanul\u00f3k\u00e1rty\u00e1kat a feladatp\u00e1rokhoz. Az \u0151\/az\/azok. Your\/you're. Its\/it's. Gyakorolj addig, am\u00edg nem kell gondolkodnod rajta.<\/li>\n\n\n\n<li><strong>Mondjon ki mondatokat hangosan.<\/strong> A nyelvtani hib\u00e1k gyakran m\u00e9g akkor is rosszul hangzanak, ha az oldalon rendben vannak. A hangos olvas\u00e1s seg\u00edt \u00e9szrevenni \u0151ket.<\/li>\n\n\n\n<li><strong>Bontja le az \u00f6sszetett mondatokat.<\/strong> Ha egy mondatot rosszul \u00e9rzel, de nem tudod kital\u00e1lni, mi\u00e9rt, bontsd r\u00f6videbb mondatokra. Azt\u00e1n \u00e9p\u00edtsd \u00fajra helyesen.<\/li>\n\n\n\n<li><strong>Tanulm\u00e1nyozza a mint\u00e1kat, ne a szab\u00e1lyokat.<\/strong> Ahelyett, hogy megjegyezn\u00e9d az \"i az e el\u0151tt, kiv\u00e9ve a c ut\u00e1n\" sz\u00f6veget, olvass annyi sz\u00f3t \"ie\"-vel \u00e9s \"ei\"-vel, hogy term\u00e9szetesen felismerd a mint\u00e1t. Vegye figyelembe, hogy vannak <em>sok<\/em> kiv\u00e9telek, bele\u00e9rtve a tudom\u00e1nyt, az \u00f3kort \u00e9s a fajokat.<\/li>\n<\/ul>\n\n\n<div class=\"wp-block-image\">\n<figure class=\"aligncenter size-large\"><img loading=\"lazy\" decoding=\"async\" width=\"1024\" height=\"440\" src=\"https:\/\/undetectable.ai/blog\/wp-content\/uploads\/2025\/08\/free-grammar-checker-undetectable-ai-1024x440.jpg\" alt=\"\u00c9szrevehetetlen AI ingyenes nyelvtani ellen\u0151rz\u0151 eszk\u00f6z interf\u00e9sze\" class=\"wp-image-13103\" title=\"\" srcset=\"https:\/\/undetectable.ai/blog\/wp-content\/uploads\/2025\/08\/free-grammar-checker-undetectable-ai-1024x440.jpg 1024w, https:\/\/undetectable.ai/blog\/wp-content\/uploads\/2025\/08\/free-grammar-checker-undetectable-ai-300x129.jpg 300w, https:\/\/undetectable.ai/blog\/wp-content\/uploads\/2025\/08\/free-grammar-checker-undetectable-ai-768x330.jpg 768w, https:\/\/undetectable.ai/blog\/wp-content\/uploads\/2025\/08\/free-grammar-checker-undetectable-ai-18x8.jpg 18w, https:\/\/undetectable.ai/blog\/wp-content\/uploads\/2025\/08\/free-grammar-checker-undetectable-ai.jpg 1357w\" sizes=\"auto, (max-width: 1024px) 100vw, 1024px\" \/><\/figure><\/div>\n\n\n<p>Komoly \u00edr\u00e1sbeli projektekhez fontolja meg a Undetectable AI <a href=\"https:\/\/undetectable.ai\/grammar-checker\" target=\"_blank\" rel=\"noreferrer noopener\">AI nyelvtani ellen\u0151rz\u00e9s<\/a>r, hogy \u00e9szrevegye a hib\u00e1kat, amelyeket esetleg nem veszel \u00e9szre.<\/p>\n\n\n\n<p>Az eszk\u00f6z egy menetben kisz\u0171ri a nyelvtani, helyes\u00edr\u00e1si, \u00edr\u00e1sjel- \u00e9s st\u00edlusprobl\u00e9m\u00e1kat. Olyan, mintha egy szerkeszt\u0151 n\u00e9zn\u00e9 \u00e1t a munk\u00e1dat, miel\u0151tt befejezn\u00e9d.<\/p>\n\n\n<div class=\"wp-block-image\">\n<figure class=\"aligncenter size-large\"><img loading=\"lazy\" decoding=\"async\" width=\"1024\" height=\"482\" src=\"https:\/\/undetectable.ai/blog\/wp-content\/uploads\/2025\/09\/AI-Paragraph-Generator-1024x482.jpg\" alt=\"Pillanatk\u00e9p a felder\u00edthetetlen AI Paragraph Generator \u00e9s Writer eszk\u00f6z fel\u00fclet\u00e9r\u0151l\" class=\"wp-image-13897\" title=\"\" srcset=\"https:\/\/undetectable.ai/blog\/wp-content\/uploads\/2025\/09\/AI-Paragraph-Generator-1024x482.jpg 1024w, https:\/\/undetectable.ai/blog\/wp-content\/uploads\/2025\/09\/AI-Paragraph-Generator-300x141.jpg 300w, https:\/\/undetectable.ai/blog\/wp-content\/uploads\/2025\/09\/AI-Paragraph-Generator-768x362.jpg 768w, https:\/\/undetectable.ai/blog\/wp-content\/uploads\/2025\/09\/AI-Paragraph-Generator-1536x723.jpg 1536w, https:\/\/undetectable.ai/blog\/wp-content\/uploads\/2025\/09\/AI-Paragraph-Generator-2048x964.jpg 2048w, https:\/\/undetectable.ai/blog\/wp-content\/uploads\/2025\/09\/AI-Paragraph-Generator-18x8.jpg 18w\" sizes=\"auto, (max-width: 1024px) 100vw, 1024px\" \/><\/figure><\/div>\n\n\n<p>P\u00e1ros\u00edtsa a <a href=\"https:\/\/undetectable.ai\/ai-paragraph-generator\" target=\"_blank\" rel=\"noreferrer noopener\">AI bekezd\u00e9s gener\u00e1tor<\/a> ha helyesen meg\u00edrt p\u00e9ld\u00e1kat szeretne l\u00e1tni. N\u00e9ha a legjobb m\u00f3dja a tanul\u00e1snak a j\u00f3l meg\u00edrt mondatok \u00e9s bekezd\u00e9sek tanulm\u00e1nyoz\u00e1sa.<\/p>\n\n\n\n<p>Hozzon l\u00e9tre mint\u00e1kat, elemezze \u0151ket, \u00e9s gyakorolja a strukt\u00far\u00e1t a saj\u00e1t \u00edr\u00e1s\u00e1ban.<\/p>\n\n\n\n<p>A kulcs a k\u00f6vetkezetess\u00e9g. A munka id\u0151nk\u00e9nti ellen\u0151rz\u00e9se nem sokat seg\u00edt. De ha a szerkeszt\u00e9st minden egyes alkalommal az \u00edr\u00e1si folyamat r\u00e9sz\u00e9v\u00e9 teszed, gyorsan fejl\u0151dni fogsz.<\/p>\n\n\n\n<p>Haszn\u00e1lja a <a href=\"https:\/\/undetectable.ai\/\" data-type=\"link\" data-id=\"https:\/\/undetectable.ai\/\" target=\"_blank\" rel=\"noreferrer noopener\">AI Checker<\/a> hogy elemezze az \u00edr\u00e1s\u00e1t nyelvtani \u00e9s helyes\u00edr\u00e1si hib\u00e1k szempontj\u00e1b\u00f3l, k\u00fcl\u00f6n\u00f6sen, ha mesters\u00e9ges intelligenci\u00e1t haszn\u00e1lt a sz\u00f6vegszerkeszt\u00e9shez.<\/p>\n\n\n\n<p>Olyan finom, mesters\u00e9ges intelligencia \u00e1ltal gener\u00e1lt megfogalmaz\u00e1sokat, k\u00ednos szerkezeteket \u00e9s rosszul elhelyezett sz\u00f3alakokat keres, amelyeket a hagyom\u00e1nyos helyes\u00edr\u00e1s-ellen\u0151rz\u0151k nem vesznek \u00e9szre - \u00edgy a sz\u00f6veg vil\u00e1gos, term\u00e9szetes \u00e9s emberi hangz\u00e1s\u00fa marad.<\/p>\n\n\n\n<p>Pr\u00f3b\u00e1lja ki az AI Detector \u00e9s Humanizer programot az al\u00e1bbi widgetben!<\/p>\n\n\n\n<div id=\"uai-widget\" data-affiliate-link=\"https:\/\/undetectable.ai\/?_by=hi4km\"><script>var js = document.createElement(\"script\");js.async = true;js.src = \"https:\/\/widget.undetectable.ai\/js\/widget-loader.js?t=\"+Date.now();document.getElementsByTagName(\"head\")[0].appendChild(js);<\/script><\/div>\n\n\n\n<h2 class=\"wp-block-heading\">Nyelvtan \u00e9s helyes\u00edr\u00e1s S\u00e9ta egy b\u00e1rba...<\/h2>\n\n\n\n<p>Teh\u00e1t a helyes\u00edr\u00e1s a nyelvtan r\u00e9sze? Technikailag nem. A nyelvtan a mondatszerkezetet \u00e9s a szavak kapcsolat\u00e1t, m\u00edg a helyes\u00edr\u00e1s az egyes szavak k\u00e9pz\u00e9s\u00e9t foglalja mag\u00e1ban.<\/p>\n\n\n\n<p>Ezek k\u00fcl\u00f6n rendszerek, k\u00fcl\u00f6n szab\u00e1lyokkal.<\/p>\n\n\n\n<p>De a gyakorlatban? Olyan szorosan egy\u00fcttm\u0171k\u00f6dnek, hogy sz\u00e9tv\u00e1laszt\u00e1suk a legt\u00f6bb \u00edr\u00f3nak nem seg\u00edt.<\/p>\n\n\n\n<p>Mindkett\u0151 befoly\u00e1solja a tisztas\u00e1got. Mindkett\u0151 befoly\u00e1solja a szakmais\u00e1got. Mindkett\u0151re oda kell figyelni, ha azt szeretn\u00e9, hogy komolyan vegy\u00e9k az \u00edr\u00e1s\u00e1t.<\/p>\n\n\n\n<p>A j\u00f3 h\u00edr az, hogy nem kell t\u00f6k\u00e9letesnek lenned.<\/p>\n\n\n\n<p>Csak tiszt\u00e1ban kell lenned a gyenge pontjaiddal, \u00e9s rendelkezned kell olyan eszk\u00f6z\u00f6kkel, amelyekkel m\u00e9g azel\u0151tt kisz\u0171rheted a hib\u00e1kat, miel\u0151tt az \u00edr\u00e1sod nyilv\u00e1noss\u00e1gra ker\u00fcl.<\/p>\n\n\n\n<p>Haszn\u00e1ljon olyan eszk\u00f6z\u00f6ket, mint a <a href=\"https:\/\/undetectable.ai\/\" target=\"_blank\" rel=\"noreferrer noopener\">Kimutathatatlan AI<\/a>.<\/p>\n\n\n\n<p>Olvassa fel hangosan a munk\u00e1j\u00e1t. Gyakorolja a leggyakrabban elk\u00f6vetett hib\u00e1kat. \u00c9s ne feledje, hogy m\u00e9g a profi \u00edr\u00f3k is k\u00f6vetnek el hib\u00e1kat az els\u0151 v\u00e1zlatokn\u00e1l.<\/p>\n\n\n\n<p>A k\u00fcl\u00f6nbs\u00e9g az, hogy \u0151k elkapj\u00e1k \u0151ket, miel\u0151tt b\u00e1rki m\u00e1s \u00e9szrevenn\u00e9 \u0151ket.<\/p>\n\n\n\n<p>Koncentr\u00e1ljon a fejl\u0151d\u00e9sre, ne a t\u00f6k\u00e9letess\u00e9gre. Minden egyes \u00edr\u00e1s, amelyet gondosan szerkesztesz, gyakorlatot jelent. A gyakorlat pedig \u00e1lland\u00f3s\u00edtja a munk\u00e1t.<\/p>","protected":false},"excerpt":{"rendered":"","protected":false},"author":15,"featured_media":15879,"comment_status":"closed","ping_status":"closed","sticky":false,"template":"","format":"standard","meta":{"_themeisle_gutenberg_block_has_review":false,"footnotes":""},"categories":[31],"tags":[],"class_list":["post-15871","post","type-post","status-publish","format-standard","has-post-thumbnail","hentry","category-helpful-ai-content-tips"],"_links":{"self":[{"href":"https:\/\/undetectable.ai/blog\/hu\/wp-json\/wp\/v2\/posts\/15871","targetHints":{"allow":["GET"]}}],"collection":[{"href":"https:\/\/undetectable.ai/blog\/hu\/wp-json\/wp\/v2\/posts"}],"about":[{"href":"https:\/\/undetectable.ai/blog\/hu\/wp-json\/wp\/v2\/types\/post"}],"author":[{"embeddable":true,"href":"https:\/\/undetectable.ai/blog\/hu\/wp-json\/wp\/v2\/users\/15"}],"replies":[{"embeddable":true,"href":"https:\/\/undetectable.ai/blog\/hu\/wp-json\/wp\/v2\/comments?post=15871"}],"version-history":[{"count":5,"href":"https:\/\/undetectable.ai/blog\/hu\/wp-json\/wp\/v2\/posts\/15871\/revisions"}],"predecessor-version":[{"id":15931,"href":"https:\/\/undetectable.ai/blog\/hu\/wp-json\/wp\/v2\/posts\/15871\/revisions\/15931"}],"wp:featuredmedia":[{"embeddable":true,"href":"https:\/\/undetectable.ai/blog\/hu\/wp-json\/wp\/v2\/media\/15879"}],"wp:attachment":[{"href":"https:\/\/undetectable.ai/blog\/hu\/wp-json\/wp\/v2\/media?parent=15871"}],"wp:term":[{"taxonomy":"category","embeddable":true,"href":"https:\/\/undetectable.ai/blog\/hu\/wp-json\/wp\/v2\/categories?post=15871"},{"taxonomy":"post_tag","embeddable":true,"href":"https:\/\/undetectable.ai/blog\/hu\/wp-json\/wp\/v2\/tags?post=15871"}],"curies":[{"name":"wp","href":"https:\/\/api.w.org\/{rel}","templated":true}]}}