{"id":17478,"date":"2025-11-24T17:26:49","date_gmt":"2025-11-24T17:26:49","guid":{"rendered":"https:\/\/undetectable.ai/blog\/?p=17478"},"modified":"2025-12-16T19:20:36","modified_gmt":"2025-12-16T19:20:36","slug":"eufemizmus","status":"publish","type":"post","link":"https:\/\/undetectable.ai/blog\/hu\/eufemizmus","title":{"rendered":"Mi az eufemizmus? Meghat\u00e1roz\u00e1s \u00e9s p\u00e9ld\u00e1k"},"content":{"rendered":"<p>Az emberek folyamatosan szel\u00eddebb szavakat v\u00e1lasztanak, hogy elker\u00fclj\u00e9k a k\u00e9nyelmetlen igazs\u00e1gokat.<\/p>\n\n\n\n<p>Egy klasszikus p\u00e9ldak\u00e9nt vegy\u00fck azt az esetet, amikor a nagyn\u00e9n\u00e9d bele\u00fcti az orr\u00e1t az unokatestv\u00e9red \u00e1ll\u00e1skeres\u00e9s\u00e9be.<\/p>\n\n\n\n<p>Munkan\u00e9lk\u00fcli \u00e9s instant ramenb\u0151l \u00e9l, de ahelyett, hogy ezt elmondan\u00e1, furcsa optimista mosollyal azt mondja, hogy \u201clehet\u0151s\u00e9gek k\u00f6z\u00f6tt van\u201d.<\/p>\n\n\n\n<p>Ezt folyamatosan csin\u00e1ljuk. Valaki \u201celhunyt\u201d ahelyett, hogy meghalt volna. Azt mondjuk a f\u0151n\u00f6k\u00fcnknek, hogy sz\u00fcks\u00e9g\u00fcnk van egy \u201cment\u00e1lis eg\u00e9szs\u00e9g napra\u201d, ahelyett, hogy beismern\u00e9nk, hogy ma egyszer\u0171en nem tudunk megbirk\u00f3zni Karen-nel a k\u00f6nyvel\u00e9sr\u0151l.<\/p>\n\n\n\n<p>Ennek a nyelvi torn\u00e1nak van egy neve: eufemizmusok. \u00c9s mindenhol megtal\u00e1lhat\u00f3k.<\/p>\n\n\n\n<p>Gondolj bele. Mikor hallott\u00e1l utolj\u00e1ra arr\u00f3l, hogy egy v\u00e1llalat elbocs\u00e1t\u00e1sokat tervez?<\/p>\n\n\n\n<p>\u201c\u00c1tszervez\u00e9s\u201d vagy \u201cl\u00e9tsz\u00e1mle\u00e9p\u00edt\u00e9s\u201d folyik, vagy \u2013 ami a mi kedvenc\u00fcnk \u2013 \u201cm\u00e1s strat\u00e9giai ir\u00e1nyok k\u00f6vet\u00e9se\u201d. Ford\u00edt\u00e1s: kir\u00fagnak, de \u00fagy fogjuk be\u00e1ll\u00edtani, mintha k\u00f6z\u00f6s megegyez\u00e9ssel v\u00e1ln\u00e1nk sz\u00e9t.<\/p>\n\n\n\n<p>Az eufemizmusok olyan verb\u00e1lis ragaszt\u00f3szalagok, amelyeket arra haszn\u00e1lunk, hogy eltakarjuk az \u00e9let kellemetlen, nem kellemes \u00e9s egyenesen k\u00ednos r\u00e9szeit.<\/p>\n\n\n\n<p>N\u00e9ha hasznosak. N\u00e9ha manipulat\u00edvak. \u00c9s n\u00e9ha egyszer\u0171en nevets\u00e9gesek.<\/p>\n\n\n\n<hr class=\"wp-block-separator has-alpha-channel-opacity\"\/>\n\n\n\n<p class=\"has-text-align-center\"><strong>A legfontosabb tudnival\u00f3k<\/strong><\/p>\n\n\n\n<ul class=\"wp-block-list\">\n<li>Az eufemizmusok k\u00f6zvetett kifejez\u00e9sek, amelyeket a k\u00f6zvetlen, durva vagy kellemetlen szavak helyettes\u00edt\u00e9s\u00e9re haszn\u00e1lnak.<\/li>\n<\/ul>\n\n\n\n<p><\/p>\n\n\n\n<ul class=\"wp-block-list\">\n<li>T\u00e1rsadalmi funkci\u00f3kat t\u00f6ltenek be, mint p\u00e9ld\u00e1ul az udvariass\u00e1g, a tapintat, \u00e9s n\u00e9ha a manipul\u00e1ci\u00f3.<\/li>\n<\/ul>\n\n\n\n<p><\/p>\n\n\n\n<ul class=\"wp-block-list\">\n<li>A leggyakoribb t\u00edpusok k\u00f6z\u00e9 tartoznak az absztrakci\u00f3k, az alulbecsl\u00e9sek \u00e9s a k\u00e9pi nyelv.<\/li>\n<\/ul>\n\n\n\n<p><\/p>\n\n\n\n<ul class=\"wp-block-list\">\n<li>A hat\u00e9kony eufemizmus haszn\u00e1lata megk\u00f6veteli a vil\u00e1goss\u00e1g \u00e9s az \u00e9rz\u00e9kenys\u00e9g k\u00f6z\u00f6tti egyens\u00faly megteremt\u00e9s\u00e9t.<\/li>\n<\/ul>\n\n\n\n<p><\/p>\n\n\n\n<ul class=\"wp-block-list\">\n<li>Az eufemizmusok t\u00falzott vagy helytelen haszn\u00e1lata miatt az \u00edr\u00e1s tisztess\u00e9gtelennek vagy hom\u00e1lyosnak t\u0171nhet.<\/li>\n<\/ul>\n\n\n\n<p><\/p>\n\n\n\n<hr class=\"wp-block-separator has-alpha-channel-opacity\"\/>\n\n\n\n<h2 class=\"wp-block-heading\">Mi az eufemizmus?<\/h2>\n\n\n\n<p>Az eufemizmus egy enyhe vagy k\u00f6zvetett sz\u00f3 vagy kifejez\u00e9s, amely helyettes\u00edti a nyers, s\u00e9rt\u0151 vagy k\u00e9nyelmetlen kifejez\u00e9seket.<\/p>\n\n\n\n<p>Ez egy nyelvi bubor\u00e9kf\u00f3lia. Eufemizmusokat haszn\u00e1lunk, hogy \u00e9rz\u00e9keny t\u00e9m\u00e1kr\u00f3l besz\u00e9lj\u00fcnk an\u00e9lk\u00fcl, hogy az emberek k\u00e9nyelmetlen\u00fcl \u00e9rezn\u00e9k magukat.<\/p>\n\n\n\n<p>A <a href=\"https:\/\/www.etymonline.com\/word\/euphemism\" target=\"_blank\" rel=\"noreferrer noopener\">maga a sz\u00f3 g\u00f6r\u00f6g eredet\u0171<\/a>. \u201cEu\u201d jelent\u00e9se j\u00f3, \u201cpheme\u201d jelent\u00e9se besz\u00e9d. J\u00f3 besz\u00e9d. Kedves szavak a durva szavak helyett.<\/p>\n\n\n\n<p>De az eufemizmusok nem csak a kedvess\u00e9gr\u0151l sz\u00f3lnak. Hanem a hatalomr\u00f3l, a t\u00e1rsadalmi norm\u00e1kr\u00f3l \u00e9s n\u00e9ha egyenesen a megt\u00e9veszt\u00e9sr\u0151l is.<\/p>\n\n\n\n<h3 class=\"wp-block-heading\"><strong>Eufemizmus meghat\u00e1roz\u00e1sa<\/strong><\/h3>\n\n\n\n<p>Az eufemizmus egy kellemes vagy kev\u00e9sb\u00e9 s\u00e9rt\u0151 kifejez\u00e9s, amely helyettes\u00edti azt a kifejez\u00e9st, amely s\u00e9rt\u0151 lehet vagy kellemetlen dolgokra utalhat.<\/p>\n\n\n\n<p>Ez a <a href=\"https:\/\/psycnet.apa.org\/record\/2025-18534-001\" target=\"_blank\" rel=\"noreferrer noopener\">nyelv\u00e9szeti \u00e9s pszichol\u00f3giai<\/a> olyan, mintha egy szemeteszs\u00e1kra masnit k\u00f6tne.<\/p>\n\n\n\n<p>Hivatalosabban fogalmazva, az eufemizmusok olyan szavak vagy kifejez\u00e9sek, amelyek tabu, s\u00e9rt\u0151 vagy kellemetlen kifejez\u00e9sek helyettes\u00edt\u0151jek\u00e9nt szolg\u00e1lnak.<\/p>\n\n\n\n<p>Lehet\u0151v\u00e9 teszik a besz\u00e9l\u0151k sz\u00e1m\u00e1ra, hogy neh\u00e9z t\u00e9m\u00e1kat vitassanak meg, mik\u00f6zben meg\u0151rzik a t\u00e1rsadalmi k\u00e9nyelmet \u00e9s tiszteletet.<\/p>\n\n\n\n<h4 class=\"wp-block-heading\"><strong>Eufemizmus p\u00e9ld\u00e1k<\/strong><\/h4>\n\n\n\n<p>N\u00e9zz\u00fcnk meg n\u00e9h\u00e1ny p\u00e9ld\u00e1t, amelyet val\u00f3sz\u00edn\u0171leg m\u00e1r haszn\u00e1lt\u00e1l vagy hallott\u00e1l kor\u00e1bban:<\/p>\n\n\n\n<p><strong>Hal\u00e1l \u00e9s haldokl\u00e1s:<\/strong><\/p>\n\n\n\n<ul class=\"wp-block-list\">\n<li>\u201cElhunyt\u201d ahelyett, hogy meghalt<\/li>\n\n\n\n<li>\u201cM\u00e1r nincs vel\u00fcnk\u201d ahelyett, hogy \u201emeghalt\u201d<\/li>\n\n\n\n<li>\u201cElaltat\u00e1s\u201d eutan\u00e1zia helyett<\/li>\n\n\n\n<li>\u201cKicked the bucket\u201d (b\u00e1r ez ink\u00e1bb k\u00f6znyelvi kifejez\u00e9s)<\/li>\n<\/ul>\n\n\n\n<p><strong>Test \u00e9s f\u00fcrd\u0151szoba:<\/strong><\/p>\n\n\n\n<ul class=\"wp-block-list\">\n<li>\u201cMegp\u00faderozom az orromat\u201d ahelyett, hogy a mosd\u00f3ba menn\u00e9k<\/li>\n\n\n\n<li>\u201cMosd\u00f3\u201d a WC helyett<\/li>\n\n\n\n<li>\u201cEr\u0151s csontozat\u00fa\u201d a t\u00fals\u00faly helyett<\/li>\n\n\n\n<li>\u201cRosszul vagyok\u201d ahelyett, hogy beteg vagyok<\/li>\n<\/ul>\n\n\n\n<p><strong>Munka \u00e9s p\u00e9nz:<\/strong><\/p>\n\n\n\n<ul class=\"wp-block-list\">\n<li>\u201cElengedni\u201d ahelyett, hogy kir\u00fagni<\/li>\n\n\n\n<li>\u201c\u00c1ll\u00e1skeres\u0151\u201d a munkan\u00e9lk\u00fcli helyett<\/li>\n\n\n\n<li>\u201cK\u00f6lts\u00e9gk\u00edm\u00e9l\u0151\u201d helyett olcs\u00f3<\/li>\n\n\n\n<li>\u201cHaszn\u00e1lt\u201d helyett \u201eel\u0151z\u0151 tulajdonos\u00fa\u201d<\/li>\n<\/ul>\n\n\n\n<p><strong>Kapcsolatok \u00e9s szex:<\/strong><\/p>\n\n\n\n<ul class=\"wp-block-list\">\n<li>\u201cEgy\u00fctt aludni\u201d a szex helyett<\/li>\n\n\n\n<li>\u201cValakivel tal\u00e1lkozni\u201d a randiz\u00e1s helyett<\/li>\n\n\n\n<li>\u201cNetflix \u00e9s pihen\u00e9s\u201d (tudod, hogy ez mit jelent)<\/li>\n\n\n\n<li>\u201cSz\u00fcnetet tartani\u201d a szak\u00edt\u00e1s helyett<\/li>\n<\/ul>\n\n\n\n<p><strong>\u00d6reged\u00e9s:<\/strong><\/p>\n\n\n\n<ul class=\"wp-block-list\">\n<li>\u201cId\u0151s polg\u00e1r\u201d az \u00f6reg ember helyett<\/li>\n\n\n\n<li>\u201cAranykor\u201d az \u00f6regs\u00e9g helyett<\/li>\n\n\n\n<li>\u201c\u00c9rett\u201d az id\u0151sek helyett<\/li>\n\n\n\n<li>\u201cTapasztalt\u201d ahelyett, hogy \u00f6reg<\/li>\n<\/ul>\n\n\n\n<p>L\u00e1tod a mint\u00e1t? Folyamatosan ker\u00fclgetj\u00fck a k\u00f6zvetlen nyelvet.<\/p>\n\n\n\n<h2 class=\"wp-block-heading\">Hogyan m\u0171k\u00f6dnek az eufemizmusok a nyelvben?<\/h2>\n\n\n\n<p>Eufemizmusok <a href=\"https:\/\/blog.homeforfiction.com\/2019\/04\/26\/how-euphemisms-work-thoughts-on-thought-control\/\" target=\"_blank\" rel=\"noreferrer noopener\">pszichol\u00f3giai szinten m\u0171k\u00f6dik<\/a>.<\/p>\n\n\n\n<p>T\u00e1vols\u00e1got teremtenek a besz\u00e9l\u0151 \u00e9s a kellemetlen val\u00f3s\u00e1g k\u00f6z\u00f6tt, amelyet le\u00edrnak. Ez a t\u00e1vols\u00e1g teszi kezelhet\u0151v\u00e9 a neh\u00e9z besz\u00e9lget\u00e9seket.<\/p>\n\n\n\n<p>A  oldalon. <a href=\"https:\/\/www.medscape.com\/viewarticle\/euphemism-treadmill-how-medicine-softens-hard-truths-2025a10003nm\" target=\"_blank\" rel=\"noreferrer noopener\">eg\u00e9szs\u00e9g\u00fcgyi ell\u00e1t\u00e1s<\/a>, Az orvosok nem mondj\u00e1k, hogy \u201chamarosan meg fogsz halni\u201d. Ink\u00e1bb olyanokat mondanak, hogy \u201crossz a progn\u00f3zisod\u201d vagy \u201cmeg kellene besz\u00e9ln\u00fcnk a v\u00e9gs\u0151 st\u00e1dium\u00fa ell\u00e1t\u00e1st\u201d.\u201d<\/p>\n\n\n\n<p>Ugyanaz a jelent\u00e9s, teljesen elt\u00e9r\u0151 \u00e9rzelmi hat\u00e1ssal.<\/p>\n\n\n\n<p>A mechanizmus egyszer\u0171: a konkr\u00e9t, konkr\u00e9t nyelvet helyettes\u00edtsd absztrakt, k\u00f6zvetett nyelvvel. Min\u00e9l absztraktabb leszel, ann\u00e1l enyh\u00e9bb lesz a csap\u00e1s.<\/p>\n\n\n\n<p>De az eufemizmusok a t\u00e1rsadalmi agg\u00e1lyainkat is t\u00fckr\u00f6zik. Azok a t\u00e9m\u00e1k, amelyeket leggyakrabban eufemiz\u00e1lunk, azok, amelyek a legk\u00e9nyelmetlenebbnek \u00e9rezz\u00fck.<\/p>\n\n\n\n<p>Hal\u00e1l, szex, testi funkci\u00f3k, p\u00e9nz, ment\u00e1lis eg\u00e9szs\u00e9g. Ezek azok a besz\u00e9lget\u00e9si aknamez\u0151k, amelyek k\u00f6r\u00fcl \u00f3vatosan tipeg\u00fcnk.<\/p>\n\n\n\n<p>A szakmai \u00edr\u00e1sban az eufemizmusok egy m\u00e1sik funkci\u00f3t is bet\u00f6ltenek: fenntartj\u00e1k a formalit\u00e1st \u00e9s a professzionalizmust. Egy v\u00e1llalati memo nem fogja azt \u00edrni, hogy \u201cSteve elsz\u00farta\u201d. Ink\u00e1bb azt fogja \u00edrni, hogy \u201chib\u00e1k t\u00f6rt\u00e9ntek\u201d vagy \u201ca helyzet jav\u00edt\u00e1sra szorul\u201d.\u201d<\/p>\n\n\n\n<p>Ez int\u00e9zm\u00e9nyi t\u00e1vols\u00e1got teremt \u00e9s minden \u00e9rintett felet megv\u00e9d. Ez olyan, mint <a href=\"https:\/\/singlewhitefemalewriter.wordpress.com\/2018\/08\/29\/euphemisms-the-politics-of-words\/\" target=\"_blank\" rel=\"noreferrer noopener\">politika, de sz\u00f3kincssel<\/a>.<\/p>\n\n\n<div class=\"wp-block-image\">\n<figure class=\"aligncenter size-large\"><img loading=\"lazy\" decoding=\"async\" width=\"1024\" height=\"476\" src=\"https:\/\/undetectable.ai/blog\/wp-content\/uploads\/2025\/08\/writing-style-replicator-undetectable-ai-1024x476.jpg\" alt=\"Undetectable AI&#039;s Writing Style Replicator eszk\u00f6z k\u00e9perny\u0151k\u00e9p\" class=\"wp-image-13269\" title=\"\" srcset=\"https:\/\/undetectable.ai/blog\/wp-content\/uploads\/2025\/08\/writing-style-replicator-undetectable-ai-1024x476.jpg 1024w, https:\/\/undetectable.ai/blog\/wp-content\/uploads\/2025\/08\/writing-style-replicator-undetectable-ai-300x139.jpg 300w, https:\/\/undetectable.ai/blog\/wp-content\/uploads\/2025\/08\/writing-style-replicator-undetectable-ai-768x357.jpg 768w, https:\/\/undetectable.ai/blog\/wp-content\/uploads\/2025\/08\/writing-style-replicator-undetectable-ai-18x8.jpg 18w, https:\/\/undetectable.ai/blog\/wp-content\/uploads\/2025\/08\/writing-style-replicator-undetectable-ai.jpg 1046w\" sizes=\"auto, (max-width: 1024px) 100vw, 1024px\" \/><\/figure><\/div>\n\n\n<p>A kimutathatatlan mesters\u00e9ges intelligencia <a href=\"https:\/\/undetectable.ai\/writing-style-replicator\" target=\"_blank\" rel=\"noreferrer noopener\">\u00cdr\u00e1sst\u00edlus replik\u00e1tor<\/a> seg\u00edthet finom\u00edtani eufemizmusainak hangnem\u00e9t \u00e9s \u00e9rzelmi egyens\u00faly\u00e1t, biztos\u00edtva, hogy azok pontosan illeszkedjenek az adott helyzethez.<\/p>\n\n\n\n<p>Ak\u00e1r \u00fczleti formalit\u00e1sra, ak\u00e1r bar\u00e1ts\u00e1gos, k\u00f6tetlen hangnemre van sz\u00fcks\u00e9g, fontos, hogy megtal\u00e1lja a megfelel\u0151 hangnemet.<\/p>\n\n\n\n<p>Az eufemizmusok is v\u00e1ltoznak az id\u0151 m\u00fal\u00e1s\u00e1val. Ami egykor udvariasnak sz\u00e1m\u00edtott, m\u00e1ra elavultt\u00e1 vagy ak\u00e1r s\u00e9rt\u0151v\u00e9 v\u00e1lt. Az \u201csz\u00edn\u0171 emberek\u201d kifejez\u00e9s az 1950-es \u00e9vekben eufemizmus volt.<\/p>\n\n\n\n<p>Most m\u00e1r ez teljesen helytelen. A nyelv fejl\u0151dik, \u00e9s a eufemizmusaink is.<\/p>\n\n\n\n<h2 class=\"wp-block-heading\">Az eufemizmusok f\u0151 t\u00edpusai<\/h2>\n\n\n\n<p>Nem minden eufemizmus m\u0171k\u00f6dik ugyan\u00fagy.<\/p>\n\n\n\n<p>Itt vannak a f\u0151bb kateg\u00f3ri\u00e1k:<\/p>\n\n\n\n<ul class=\"wp-block-list\">\n<li><strong>Absztrakci\u00f3:<\/strong> Cser\u00e9lje ki a konkr\u00e9t szavakat hom\u00e1lyos, elvont kifejez\u00e9sekre. \u201c\u00c1ldozatok\u201d a halott katon\u00e1k helyett. \u201cKollater\u00e1lis k\u00e1r\u201d a civil \u00e1ldozatok helyett. \u201cK\u00e1b\u00edt\u00f3szer-fogyaszt\u00e1s\u201d a k\u00e1b\u00edt\u00f3szer-f\u00fcgg\u0151s\u00e9g helyett. Min\u00e9l hom\u00e1lyosabb, ann\u00e1l kev\u00e9sb\u00e9 provokat\u00edv.<\/li>\n\n\n\n<li><strong>Alulbecsl\u00e9s:<\/strong> Minimaliz\u00e1lja valamely dolog s\u00falyoss\u00e1g\u00e1t. \u201cEgy kis probl\u00e9ma\u201d egy teljes katasztr\u00f3fa eset\u00e9n. \u201cNem \u00e9rzem j\u00f3l magam\u201d, amikor s\u00falyosan beteg. \u201cP\u00e9nz\u00fcgyi neh\u00e9zs\u00e9gek\u201d, amikor cs\u0151dbe ment. A britek mesterei ennek.<\/li>\n\n\n\n<li><strong>K\u00f6zvetetts\u00e9g:<\/strong> Besz\u00e9lj a t\u00e9m\u00e1r\u00f3l an\u00e9lk\u00fcl, hogy k\u00f6zvetlen\u00fcl megnevezn\u00e9d. \u201cVan egy kis dolgom\u201d \u2013 ha el akarod ker\u00fclni a szem\u00e9lyes besz\u00e9lget\u00e9s r\u00e9szleteit, vagy \u201cK\u00e9s\u0151bb visszat\u00e9r\u00fcnk r\u00e1\u201d \u2013 ha el akarod halasztani egy k\u00e9nyelmetlen t\u00e9ma megbesz\u00e9l\u00e9s\u00e9t.<\/li>\n\n\n\n<li><strong>K\u00e9pi nyelv:<\/strong> Haszn\u00e1ljon metafor\u00e1kat vagy idi\u00f3m\u00e1kat a val\u00f3s\u00e1g enyh\u00edt\u00e9s\u00e9re. \u201cBit the dust\u201d (porr\u00e1 v\u00e1lt) a hal\u00e1lra. \u201cIn a better place\u201d (jobb helyen van) a halottra. \u201cPushing up daisies\u201d (vir\u00e1gokat \u00fcltet) a temet\u00e9sre. Ezeknek gyakran kultur\u00e1lis vagy t\u00f6rt\u00e9nelmi gy\u00f6kerei vannak.<\/li>\n\n\n\n<li><strong>K\u00fclf\u00f6ldi hitelfelv\u00e9tel:<\/strong> Haszn\u00e1ljon latin vagy francia szavakat, hogy klinikai vagy kifinomult hangz\u00e1st \u00e9rjen el. \u201cPerspire\u201d a \u201cizzad\u00e1s\u201d helyett. \u201cFlatulence\u201d a \u201efing\u00e1s\u201d helyett. \u201eIntoxicated\u201d a \u201er\u00e9szeg\u201d helyett. Valahogy a k\u00fclf\u00f6ldi szavak tiszt\u00e1bbnak t\u0171nnek.<\/li>\n\n\n\n<li><strong>Szakmai zsargon:<\/strong> K\u00e9sz\u00edtsen olyan szakszavakat, amelyek elhom\u00e1lyos\u00edtj\u00e1k a jelent\u00e9st. \u201cNegat\u00edv betegkimenetel\u201d a hal\u00e1leset helyett az orvosi k\u00f6rnyezetben. \u201cK\u00e9nyszer\u0171 t\u00e1voz\u00e1s\u201d a kir\u00fag\u00e1s helyett. \u201cStrat\u00e9giai visszavonul\u00e1s\u201d a katonai visszavonul\u00e1s helyett. Ez a t\u00edpus gyakran a manipul\u00e1ci\u00f3 hat\u00e1r\u00e1t s\u00farolja.<\/li>\n<\/ul>\n\n\n\n<p>Mindegyik t\u00edpus m\u00e1s-m\u00e1s c\u00e9lt szolg\u00e1l. Az absztrakci\u00f3 \u00e9rzelmi t\u00e1vols\u00e1got biztos\u00edt. Az alulbecsl\u00e9s brit szint\u0171 higgadts\u00e1got tart fenn.<\/p>\n\n\n\n<p>A k\u00f6zvetett kifejez\u00e9s v\u00e9di a mag\u00e1n\u00e9letet. A k\u00e9pi nyelv sz\u00ednt ad. Az idegen szavak haszn\u00e1lata m\u0171velts\u00e9get sugall. A szakzsargon bels\u0151 nyelvet teremt.<\/p>\n\n\n\n<p>A v\u00e1lasztott t\u00edpus a k\u00f6z\u00f6ns\u00e9gt\u0151l \u00e9s a c\u00e9lt\u00f3l f\u00fcgg. Gyerekekkel besz\u00e9l\u00fcnk a hal\u00e1lr\u00f3l?<\/p>\n\n\n\n<p>A k\u00e9pi nyelv m\u0171k\u00f6dik. V\u00e1llalati e-mailt \u00edrsz a l\u00e9tsz\u00e1mle\u00e9p\u00edt\u00e9sr\u0151l? Akkor haszn\u00e1lj szakmai zsargont.<\/p>\n\n\n\n<h2 class=\"wp-block-heading\">Hogyan lehet felismerni egy eufemizmust egy mondatban?<\/h2>\n\n\n\n<p>Az eufemizmusok felismer\u00e9se k\u00f6nnyebb, mint gondoln\u00e1d.<\/p>\n\n\n\n<p>Itt van az \u00e9szlel\u00e9si eszk\u00f6zk\u00e9szleted:<\/p>\n\n\n\n<ul class=\"wp-block-list\">\n<li><strong>Keresse meg a hom\u00e1lyos megfogalmaz\u00e1sokat.<\/strong> Ha valaki furcs\u00e1n k\u00f6zvetett m\u00f3don besz\u00e9l valami \u00e1ltal\u00e1ban egy\u00e9rtelm\u0171 dologr\u00f3l, az val\u00f3sz\u00edn\u0171leg eufemizmus. A \u201cMeg kell besz\u00e9ln\u00fcnk a teljes\u00edtm\u00e9nyedet\u201d gyakran azt jelenti, hogy kritiz\u00e1lni fognak. A \u201cEz a kapcsolat nem m\u0171k\u00f6dik\u201d azt jelenti, hogy valaki szak\u00edtani akar veled.<\/li>\n\n\n\n<li><strong>Figyelj az absztrakt f\u0151nevekre.<\/strong> A \u201c-tion\u201d, \u201c-ness\u201d \u00e9s \u201c-ment\u201d v\u00e9g\u0171 szavak gyakran eufemizmusokat jelentenek. \u201cFelmond\u00e1s\u201d ahelyett, hogy elbocs\u00e1t\u00e1s. \u201cB\u00fcntet\u00e9s-v\u00e9grehajt\u00e1si int\u00e9zet\u201d ahelyett, hogy b\u00f6rt\u00f6n. \u201cFejl\u0151d\u00e9si kih\u00edv\u00e1sok\u201d ahelyett, hogy tanul\u00e1si neh\u00e9zs\u00e9gek.<\/li>\n\n\n\n<li><strong>Figyeljen a pozit\u00edv hangz\u00e1s\u00fa helyettes\u00edt\u0151kre.<\/strong> Ha egy <a href=\"https:\/\/undetectable.ai\/blog\/adjectives\/\" target=\"_blank\" rel=\"noreferrer noopener\">mell\u00e9kn\u00e9v<\/a> Ha egy kellemetlen val\u00f3s\u00e1got le\u00edrva gyan\u00fasan kellemesnek hangzik, akkor eufemizmusra bukkant\u00e1l. A \u201cle\u00e9p\u00edt\u00e9s\u201d pozit\u00edv \u00e9letm\u00f3dv\u00e1laszt\u00e1snak hangzik, nem pedig t\u00f6meges elbocs\u00e1t\u00e1snak. A \u201ctakar\u00e9kos a val\u00f3s\u00e1ggal\u201d jobban hangzik, mint a hazugs\u00e1g.<\/li>\n\n\n\n<li><strong>Ellen\u0151rizze a kultur\u00e1lis kontextust.<\/strong> Egyes kifejez\u00e9sek csak bizonyos k\u00f6z\u00f6ss\u00e9gekben vagy id\u0151szakokban haszn\u00e1latos eufemizmusok. A \u201cBless your heart\u201d (Isten \u00e1ldjon meg) d\u00e9li kifejez\u00e9s, amely azt jelenti, hogy \u201cte egy idi\u00f3ta vagy\u201d. Az \u201cThat\u2019s interesting\u201d (Ez \u00e9rdekes) kifejez\u00e9s akad\u00e9miai k\u00f6rnyezetben azt jelenti, hogy \u201cteljesen nem \u00e9rtek egyet\u201d.\u201d<\/li>\n\n\n\n<li><strong>Hasonl\u00edtsa \u00f6ssze a k\u00f6zvetlen alternat\u00edv\u00e1kkal.<\/strong> K\u00e9rdezze meg mag\u00e1t\u00f3l: mi ennek a kifejez\u00e9snek a nyers v\u00e1ltozata? Ha jelent\u0151s k\u00fcl\u00f6nbs\u00e9g van a eufemizmus \u00e9s a k\u00f6zvetlen kifejez\u00e9s k\u00f6z\u00f6tt, akkor megtal\u00e1lta a v\u00e1laszt. \u201cIntim kapcsolatok\u201d kontra szex. \u201cB\u00f6rt\u00f6n\u0151r\u201d kontra b\u00f6rt\u00f6n\u0151r. \u201cHigi\u00e9niai m\u00e9rn\u00f6k\u201d kontra szem\u00e9tsz\u00e1ll\u00edt\u00f3.<\/li>\n<\/ul>\n\n\n\n<p>\u00cdme egy val\u00f3s p\u00e9lda: \u201cM\u00e1s lehet\u0151s\u00e9geket kell keresn\u00fcnk a te poz\u00edci\u00f3dra itt.\u201d<\/p>\n\n\n\n<p>Ford\u00edt\u00e1s lebont\u00e1sa:<\/p>\n\n\n\n<ul class=\"wp-block-list\">\n<li>\u201cM\u00e1s lehet\u0151s\u00e9geket keresni\u201d = kir\u00fagnak<\/li>\n\n\n\n<li>\u201cA szereped\u00e9rt\u201d = ez nem k\u00f6lcs\u00f6n\u00f6s<\/li>\n\n\n\n<li>A passz\u00edv szerkezet = elker\u00fclj\u00fck a k\u00f6zvetlen felel\u0151ss\u00e9get<\/li>\n<\/ul>\n\n\n\n<p>Ez egy eufemizmus szendvics.<\/p>\n\n\n\n<h2 class=\"wp-block-heading\">Hogyan haszn\u00e1ljuk az eufemizmusokat a saj\u00e1t \u00edr\u00e1sainkban?<\/h2>\n\n\n<div class=\"wp-block-image\">\n<figure class=\"aligncenter size-large\"><img loading=\"lazy\" decoding=\"async\" width=\"1024\" height=\"683\" src=\"https:\/\/undetectable.ai/blog\/wp-content\/uploads\/2025\/11\/Crop-woman-tapping-shoulder-of-frustrated-female-friend-1024x683.jpg\" alt=\"N\u00f6v\u00e9nytermeszt\u0151 n\u0151 meg\u00e9rinti frusztr\u00e1lt bar\u00e1tn\u0151je v\u00e1ll\u00e1t\" class=\"wp-image-17503\" title=\"\" srcset=\"https:\/\/undetectable.ai/blog\/wp-content\/uploads\/2025\/11\/Crop-woman-tapping-shoulder-of-frustrated-female-friend-1024x683.jpg 1024w, https:\/\/undetectable.ai/blog\/wp-content\/uploads\/2025\/11\/Crop-woman-tapping-shoulder-of-frustrated-female-friend-300x200.jpg 300w, https:\/\/undetectable.ai/blog\/wp-content\/uploads\/2025\/11\/Crop-woman-tapping-shoulder-of-frustrated-female-friend-768x512.jpg 768w, https:\/\/undetectable.ai/blog\/wp-content\/uploads\/2025\/11\/Crop-woman-tapping-shoulder-of-frustrated-female-friend-18x12.jpg 18w, https:\/\/undetectable.ai/blog\/wp-content\/uploads\/2025\/11\/Crop-woman-tapping-shoulder-of-frustrated-female-friend.jpg 1200w\" sizes=\"auto, (max-width: 1024px) 100vw, 1024px\" \/><\/figure><\/div>\n\n\n<p>Az eufemizmusok hat\u00e9kony haszn\u00e1lata megfontol\u00e1st ig\u00e9nyel. Ha t\u00fal sokat haszn\u00e1lsz, akkor kit\u00e9r\u0151nek t\u0171nsz. Ha t\u00fal keveset haszn\u00e1lsz, akkor durv\u00e1nak t\u0171nsz.<\/p>\n\n\n\n<p>\u00cdgy lehet helyesen csin\u00e1lni.<\/p>\n\n\n\n<h3 class=\"wp-block-heading\"><strong>1. l\u00e9p\u00e9s: D\u00f6ntsd el, mit szeretn\u00e9l l\u00e1gy\u00edtani vagy \u00e1tfogalmazni<\/strong><\/h3>\n\n\n\n<p>El\u0151sz\u00f6r is, hat\u00e1rozza meg, mi\u00e9rt van sz\u00fcks\u00e9ge eufemizmusra. \u00d6n:<\/p>\n\n\n\n<ul class=\"wp-block-list\">\n<li>Figyelembe venni m\u00e1sok \u00e9rz\u00e9seit?<\/li>\n\n\n\n<li>Professzion\u00e1lis hangnem fenntart\u00e1sa?<\/li>\n\n\n\n<li>A s\u00e9rt\u0151 nyelv elker\u00fcl\u00e9se?<\/li>\n\n\n\n<li>\u00c9rz\u00e9keny t\u00e9m\u00e1r\u00f3l besz\u00e9lget\u00fcnk?<\/li>\n\n\n\n<li>A t\u00e1rsadalmi konvenci\u00f3k betart\u00e1sa?<\/li>\n<\/ul>\n\n\n\n<p>Ha r\u00e9szv\u00e9tk\u00e1rty\u00e1t \u00edrsz, akkor a eufemizmusok haszn\u00e1lata hely\u00e9nval\u00f3. A \u201cR\u00e9szv\u00e9tem a vesztes\u00e9g\u00e9rt\u201d jobban hangzik, mint a \u201cSajn\u00e1lom, hogy ap\u00e1d meghalt\u201d.\u201d<\/p>\n\n\n\n<p>Legyen \u0151szinte a motiv\u00e1ci\u00f3j\u00e1val kapcsolatban. Tapintatos vagy kit\u00e9r\u0151?<\/p>\n\n\n\n<p>K\u00fcl\u00f6nbs\u00e9g van a \u201cjelenleg \u00e1ll\u00e1skeres\u0151\u201d (tapintatos) \u00e9s a \u201cideiglenes likvidit\u00e1si probl\u00e9m\u00e1kkal k\u00fczd\u00fcnk\u201d (kij\u00e1tsz\u00f3) kifejez\u00e9sek k\u00f6z\u00f6tt, amikor a v\u00e1llalat cs\u0151dbe ment.<\/p>\n\n\n\n<p>J\u00f3 okok az eufemizmusok haszn\u00e1lat\u00e1ra:<\/p>\n\n\n\n<ul class=\"wp-block-list\">\n<li>Neh\u00e9z helyzetek ir\u00e1nti tisztelet<\/li>\n\n\n\n<li>A szakmai hat\u00e1rok fenntart\u00e1sa<\/li>\n\n\n\n<li>A hivatalos \u00edr\u00e1sban kialakult konvenci\u00f3k betart\u00e1sa<\/li>\n\n\n\n<li>A k\u00e9nyelmetlen, de sz\u00fcks\u00e9ges inform\u00e1ci\u00f3k hozz\u00e1f\u00e9rhet\u0151bb\u00e9 t\u00e9tele<\/li>\n<\/ul>\n\n\n\n<p>Rossz okok:<\/p>\n\n\n\n<ul class=\"wp-block-list\">\n<li>A k\u00e9nyelmetlen igazs\u00e1gok elrejt\u00e9se<\/li>\n\n\n\n<li>Az emberek negat\u00edv inform\u00e1ci\u00f3khoz val\u00f3 viszony\u00e1nak manipul\u00e1l\u00e1sa<\/li>\n\n\n\n<li>A felel\u0151ss\u00e9gre von\u00e1s elker\u00fcl\u00e9se<\/li>\n\n\n\n<li>Hogyan t\u0171nj\u00f6n okosabbnak, mint amilyen val\u00f3j\u00e1ban<\/li>\n<\/ul>\n\n\n\n<h3 class=\"wp-block-heading\"><strong>2. l\u00e9p\u00e9s: V\u00e1lassza ki a legmegfelel\u0151bb k\u00f6zvetett kifejez\u00e9st<\/strong><\/h3>\n\n\n\n<p>Miut\u00e1n eld\u00f6nt\u00f6tte, hogy egy eufemizmus megfelel\u0151, v\u00e1lassza ki a legmegfelel\u0151bbet. Vegye figyelembe a k\u00f6z\u00f6ns\u00e9g\u00e9t \u00e9s a c\u00e9lj\u00e1t.<\/p>\n\n\n\n<p>\u00c1ltal\u00e1nos k\u00f6z\u00f6ns\u00e9gnek \u00edrsz? Maradj a k\u00f6zismert, felismerhet\u0151 eufemizmusokn\u00e1l. Mindenki meg\u00e9rti a \u201celhunyt\u201d vagy \u201celment\u201d kifejez\u00e9seket. Ne legy\u00e9l kreat\u00edv ebben a k\u00e9rd\u00e9sben.<\/p>\n\n\n\n<p>Egy adott ipar\u00e1g sz\u00e1m\u00e1ra \u00edr? Haszn\u00e1ljon elfogadott szakmai terminol\u00f3gi\u00e1t. Az orvosi \u00edr\u00e1sban m\u00e1s szab\u00e1lyok \u00e9rv\u00e9nyesek, mint a v\u00e1llalati kommunik\u00e1ci\u00f3ban.<\/p>\n\n\n\n<p>Illessze a formalit\u00e1s szintj\u00e9hez. A \u201crestroom\u201d (mosd\u00f3) professzion\u00e1lis k\u00f6rnyezetben haszn\u00e1latos. A \u201cbathroom\u201d (f\u00fcrd\u0151szoba) alkalmi besz\u00e9lget\u00e9sekben haszn\u00e1latos. A \u201cloo\u201d (WC) akkor haszn\u00e1latos, ha brit vagy, vagy kedves akarsz lenni.<\/p>\n\n\n\n<p>Ker\u00fclje az olyan eufemizmusokat, amelyek:<\/p>\n\n\n\n<ul class=\"wp-block-list\">\n<li>T\u00fal bonyolult vagy zavaros<\/li>\n\n\n\n<li>Kultur\u00e1lisan \u00e9rz\u00e9ketlen<\/li>\n\n\n\n<li>Olyan k\u00f6zvetett, hogy elhom\u00e1lyos\u00edtj\u00e1k a jelent\u00e9st<\/li>\n\n\n\n<li>Elavult vagy s\u00e9rt\u0151<\/li>\n<\/ul>\n\n\n\n<p>Tesztelje eufemizmus\u00e1t az al\u00e1bbi elk\u00e9pzel\u00e9ssel: <a href=\"https:\/\/undetectable.ai\/blog\/how-to-write-better\/\" target=\"_blank\" rel=\"noreferrer noopener\">hogyan fogja fogadni a c\u00e9lk\u00f6z\u00f6ns\u00e9g<\/a>.<\/p>\n\n\n\n<p>A nagymam\u00e1d meg\u00e9rten\u00e9? Zavarba ejten\u00e9 egy nem angol anyanyelv\u0171 embert? Leereszked\u0151nek t\u0171nne?<\/p>\n\n\n\n<h3 class=\"wp-block-heading\"><strong>3. l\u00e9p\u00e9s: Ellen\u0151rizze a tisztas\u00e1got \u00e9s a hangsz\u00ednt<\/strong><\/h3>\n\n\n\n<p>V\u00e9g\u00fcl gy\u0151z\u0151dj\u00f6n meg arr\u00f3l, hogy eufemizmusa val\u00f3ban \u00e1tadja az \u00fczenetet. A finom nyelvhaszn\u00e1lat nem v\u00e1lhat \u00e9rthetetlen nyelvhaszn\u00e1latt\u00e1.<\/p>\n\n\n\n<p>Olvassa fel hangosan a mondat\u00e1t. Term\u00e9szetesen hangzik? Vagy \u00fagy hangzik, mintha egy v\u00e1llalati robot lenne, aki peres \u00fcgyeket pr\u00f3b\u00e1l elker\u00fclni?<\/p>\n\n\n\n<p>\u201c\u00c1tszervezz\u00fck a r\u00e9szleget\u201d \u2013 ez el\u00e9g egy\u00e9rtelm\u0171. \u201cOptimaliz\u00e1ljuk a hum\u00e1n t\u0151ke eloszt\u00e1s\u00e1t a strat\u00e9giai \u00fczleti egys\u00e9gek k\u00f6z\u00f6tt\u201d \u2013 ez nevets\u00e9ges.<\/p>\n\n\n\n<p>K\u00e9rdezd meg magadt\u00f3l:<\/p>\n\n\n\n<ul class=\"wp-block-list\">\n<li>A olvas\u00f3k meg fogj\u00e1k \u00e9rteni, hogy mit is akarok val\u00f3j\u00e1ban mondani?<\/li>\n\n\n\n<li>Tiszteletteljes vagyok an\u00e9lk\u00fcl, hogy \u0151szint\u00e9tlen lenn\u00e9k?<\/li>\n\n\n\n<li>Ez illeszkedik a t\u00f6bbi \u00edr\u00e1som hangv\u00e9tel\u00e9hez?<\/li>\n\n\n\n<li>Ezt hangosan kimondan\u00e1m valakinek az arc\u00e1ba?<\/li>\n<\/ul>\n\n\n\n<p>Ha a eufemizmusodhoz dek\u00f3dol\u00f3 gy\u0171r\u0171re van sz\u00fcks\u00e9g, akkor nem m\u0171k\u00f6dik. A c\u00e9l az, hogy enyh\u00edtsd a hat\u00e1st, ne pedig zavart kelts.<\/p>\n\n\n\n<p>Az egyens\u00faly a legfontosabb. El\u00e9g k\u00f6zvetettnek kell lenned, hogy tapintatos legy\u00e9l, de el\u00e9g egy\u00e9rtelm\u0171nek is, hogy \u0151szinte legy\u00e9l.&nbsp;<\/p>\n\n\n\n<p>Ez az ide\u00e1lis pont.<\/p>\n\n\n\n<h2 class=\"wp-block-heading\">Gyakori hib\u00e1k az eufemizmusok haszn\u00e1latakor<\/h2>\n\n\n\n<p>M\u00e9g a tapasztalt \u00edr\u00f3k is hib\u00e1zhatnak.<\/p>\n\n\n\n<p>\u00cdme n\u00e9h\u00e1ny figyelemre m\u00e9lt\u00f3 hiba:<\/p>\n\n\n\n<ul class=\"wp-block-list\">\n<li><strong>1. hiba: T\u00fal sok eufemizmus haszn\u00e1lata.<\/strong> T\u00f6bb eufemizmus haszn\u00e1lata egy mondatban hom\u00e1lyos, bizonytalan \u00e9rtelmet k\u00f6lcs\u00f6n\u00f6z a mondatnak. \u201cStrat\u00e9giai \u00e1tszervez\u00e9s miatt alternat\u00edv foglalkoztat\u00e1si lehet\u0151s\u00e9geket keres\u00fcnk\u201d azt jelenti, hogy kir\u00fagnak. Egyszer\u0171bb megold\u00e1s lenne egyszer\u0171en azt mondani: \u201cV\u00e1ltoztat\u00e1sokat hajtunk v\u00e9gre a csapat strukt\u00far\u00e1j\u00e1ban.\u201d Egy eufemizmus, nem \u00f6t.<\/li>\n\n\n\n<li><strong>2. hiba: Az eredetin\u00e9l m\u00e9g s\u00e9rt\u0151bb eufemizmusok haszn\u00e1lata.<\/strong> Egyes eufemizmusok nem \u00e1llt\u00e1k ki az id\u0151 pr\u00f3b\u00e1j\u00e1t. Az olyan kifejez\u00e9sek, mint \u201cfogyat\u00e9kos\u201d vagy \u201cspeci\u00e1lis sz\u00fcks\u00e9glet\u0171\u201d, egykor udvariasnak sz\u00e1m\u00edtottak. Ma azonban sokan leereszked\u0151nek tartj\u00e1k \u0151ket. Gyakran ink\u00e1bb a k\u00f6zvetlen kifejez\u00e9seket, p\u00e9ld\u00e1ul a \u201cfogyat\u00e9kkal \u00e9l\u0151\u201d kifejez\u00e9st r\u00e9szes\u00edtik el\u0151nyben. A nyelv v\u00e1ltozik, ez\u00e9rt \u00e9rdemes l\u00e9p\u00e9st tartani vele.<\/li>\n\n\n\n<li><strong>3. hiba: Eufemizmusok haszn\u00e1lata, amikor k\u00f6zvetlens\u00e9gre lenne sz\u00fcks\u00e9g.<\/strong> Bizonyos helyzetekben egy\u00e9rtelm\u0171s\u00e9gre van sz\u00fcks\u00e9g. Orvosi utas\u00edt\u00e1sok. Jogi dokumentumok. Biztons\u00e1gi figyelmeztet\u00e9sek. S\u00fcrg\u0151ss\u00e9gi kommunik\u00e1ci\u00f3. Ne finom\u00edtsa a \u201cez a gy\u00f3gyszer hal\u00e1lt okozhat\u201d kifejez\u00e9st \u201cnemk\u00edv\u00e1natos mell\u00e9khat\u00e1sok lehets\u00e9gesek\u201d form\u00e1ra. Legyen egy\u00e9rtelm\u0171.<\/li>\n\n\n\n<li><strong>4. hiba: Az eufemizmusok k\u00f6vetkezetlen haszn\u00e1lata.<\/strong> Ha egyszer azt mondod, hogy \u201celhunyt\u201d, majd k\u00e9s\u0151bb ugyanabban a sz\u00f6vegben azt, hogy \u201cmeghalt\u201d, az zavar\u00f3 hat\u00e1st kelt. V\u00e1laszd ki a k\u00f6zvetlens\u00e9g m\u00e9rt\u00e9k\u00e9t, \u00e9s tartsd be azt.<\/li>\n\n\n\n<li><strong>5. hiba: \u00daj eufemizmusok l\u00e9trehoz\u00e1sa, amelyeket senki sem \u00e9rt.<\/strong> Igen, a \u201chaszn\u00e1lt j\u00e1rm\u0171\u201d kifejez\u00e9s butas\u00e1g, de az emberek tudj\u00e1k, hogy haszn\u00e1lt aut\u00f3t jelent. A \u201ckor\u00e1bban \u00e9lvezett k\u00f6zleked\u00e9si eszk\u00f6z\u201d kifejez\u00e9s csak zavar\u00f3. Ne akarjuk feltal\u00e1lni a kereket!.<\/li>\n<\/ul>\n\n\n<div class=\"wp-block-image\">\n<figure class=\"aligncenter size-large\"><img loading=\"lazy\" decoding=\"async\" width=\"1024\" height=\"440\" src=\"https:\/\/undetectable.ai/blog\/wp-content\/uploads\/2025\/08\/free-grammar-checker-undetectable-ai-1024x440.jpg\" alt=\"\u00c9szrevehetetlen AI ingyenes nyelvtani ellen\u0151rz\u0151 eszk\u00f6z interf\u00e9sze\" class=\"wp-image-13103\" title=\"\" srcset=\"https:\/\/undetectable.ai/blog\/wp-content\/uploads\/2025\/08\/free-grammar-checker-undetectable-ai-1024x440.jpg 1024w, https:\/\/undetectable.ai/blog\/wp-content\/uploads\/2025\/08\/free-grammar-checker-undetectable-ai-300x129.jpg 300w, https:\/\/undetectable.ai/blog\/wp-content\/uploads\/2025\/08\/free-grammar-checker-undetectable-ai-768x330.jpg 768w, https:\/\/undetectable.ai/blog\/wp-content\/uploads\/2025\/08\/free-grammar-checker-undetectable-ai-18x8.jpg 18w, https:\/\/undetectable.ai/blog\/wp-content\/uploads\/2025\/08\/free-grammar-checker-undetectable-ai.jpg 1357w\" sizes=\"auto, (max-width: 1024px) 100vw, 1024px\" \/><\/figure><\/div>\n\n\n<p>A kimutathatatlan mesters\u00e9ges intelligencia <a href=\"https:\/\/undetectable.ai\/grammar-checker\" target=\"_blank\" rel=\"noreferrer noopener\">Nyelvtani ellen\u0151rz\u0151<\/a> seg\u00edthet felismerni a nem egy\u00e9rtelm\u0171, k\u00e9t\u00e9rtelm\u0171 vagy t\u00fals\u00e1gosan k\u00f6zvetett megfogalmaz\u00e1sokat, miel\u0151tt azok megzavarj\u00e1k az olvas\u00f3kat.<\/p>\n\n\n\n<p>N\u00e9ha \u00faj szemre van sz\u00fcks\u00e9g, hogy \u00e9szrevegy\u00fck, mikor ment\u00fcnk t\u00fal messzire a finom\u00edt\u00e1sokkal.<\/p>\n\n\n\n<ol class=\"wp-block-list\">\n<li><strong>6. hiba: Eufemizmusok haszn\u00e1lata a megt\u00e9veszt\u00e9s c\u00e9lj\u00e1b\u00f3l.<\/strong> Van egy hat\u00e1rvonal a tapintatoss\u00e1g \u00e9s a tisztess\u00e9gtelens\u00e9g k\u00f6z\u00f6tt. \u201cFokozott kihallgat\u00e1si technik\u00e1k\u201d a k\u00ednz\u00e1s helyett. \u201cEtnikai tisztogat\u00e1s\u201d a n\u00e9pirt\u00e1s helyett. \u201cAlternat\u00edv t\u00e9nyek\u201d a hazugs\u00e1gok helyett. Ezek nem l\u00e1gy\u00edtj\u00e1k a nyelvet, hanem elhom\u00e1lyos\u00edtj\u00e1k az igazs\u00e1got.<\/li>\n<\/ol>\n\n\n<div class=\"wp-block-image\">\n<figure class=\"aligncenter size-large\"><img loading=\"lazy\" decoding=\"async\" width=\"1024\" height=\"456\" src=\"https:\/\/undetectable.ai/blog\/wp-content\/uploads\/2025\/09\/AI-Humanizer-1024x456.jpg\" alt=\"Pillanatk\u00e9p az Undetectable AI AI Humanizer eszk\u00f6z fel\u00fclet\u00e9r\u0151l.\" class=\"wp-image-14326\" title=\"\" srcset=\"https:\/\/undetectable.ai/blog\/wp-content\/uploads\/2025\/09\/AI-Humanizer-1024x456.jpg 1024w, https:\/\/undetectable.ai/blog\/wp-content\/uploads\/2025\/09\/AI-Humanizer-300x133.jpg 300w, https:\/\/undetectable.ai/blog\/wp-content\/uploads\/2025\/09\/AI-Humanizer-768x342.jpg 768w, https:\/\/undetectable.ai/blog\/wp-content\/uploads\/2025\/09\/AI-Humanizer-18x8.jpg 18w, https:\/\/undetectable.ai/blog\/wp-content\/uploads\/2025\/09\/AI-Humanizer.jpg 1254w\" sizes=\"auto, (max-width: 1024px) 100vw, 1024px\" \/><\/figure><\/div>\n\n\n<p>A <a href=\"https:\/\/undetectable.ai\/\" target=\"_blank\" rel=\"noreferrer noopener\">\u00c9szrevehetetlen AI Humanizer<\/a> seg\u00edthet kijav\u00edtani a k\u00e9nyszer\u0171nek vagy term\u00e9szetellenesnek t\u0171n\u0151 eufemizmusokat, \u00edgy \u00edr\u00e1sa hitelesebbnek t\u0171nik, mik\u00f6zben meg\u0151rzi a megfelel\u0151 \u00e9rz\u00e9kenys\u00e9get.<\/p>\n\n\n\n<p>Teszteld az AI Detector \u00e9s Humanizer programunkat az al\u00e1bbi widget seg\u00edts\u00e9g\u00e9vel!<\/p>\n\n\n\n<div id=\"uai-widget\" data-affiliate-link=\"https:\/\/undetectable.ai\/?_by=hi4km\"><script>var js = document.createElement(\"script\");js.async = true;js.src = \"https:\/\/widget.undetectable.ai\/js\/widget-loader.js?t=\"+Date.now();document.getElementsByTagName(\"head\")[0].appendChild(js);<\/script><\/div>\n\n\n\n<h2 class=\"wp-block-heading\">Nevezz\u00fck nev\u00e9n a dolgokat!<\/h2>\n\n\n\n<p>Az eufemizmusok minden\u00fctt jelen vannak.&nbsp;<\/p>\n\n\n\n<p>Folyamatosan haszn\u00e1ljuk \u0151ket, gyakran gondolkod\u00e1s n\u00e9lk\u00fcl. Seg\u00edtenek nek\u00fcnk k\u00e9nyelmetlen t\u00e9m\u00e1kban eligazodni, fenntartani a t\u00e1rsadalmi harm\u00f3ni\u00e1t, \u00e9s n\u00e9ha elker\u00fclni olyan dolgok kimond\u00e1s\u00e1t, amiket ki kellene mondani.<\/p>\n\n\n\n<p>A kulcs az, hogy sz\u00e1nd\u00e9kosan haszn\u00e1ljuk \u0151ket. Tudjuk meg, mi\u00e9rt v\u00e1lasztjuk a k\u00f6zvetett nyelvet.<\/p>\n\n\n\n<p>Gy\u0151z\u0151dj\u00f6n meg r\u00f3la, hogy az olvas\u00f3 \u00e9rdekeit szolg\u00e1lja, ne csak a saj\u00e1t k\u00e9nyelm\u00e9t. \u00c9s mindig helyezze el\u0151t\u00e9rbe a vil\u00e1goss\u00e1got a ravaszs\u00e1g helyett.<\/p>\n\n\n\n<p>Legk\u00f6zelebb, amikor azt szeretn\u00e9 mondani, hogy valakit \u201celbocs\u00e1tottak\u201d, k\u00e9rdezze meg mag\u00e1t\u00f3l: tapintatos vagyok, vagy kit\u00e9r\u0151 v\u00e1laszokat adok? A v\u00e1laszb\u00f3l kider\u00fcl, hogy eufemizmusa hat\u00e9kony-e.<\/p>\n\n\n\n<p>Szeretn\u00e9d biztos\u00edtani, hogy \u00edr\u00e1sodban a megfelel\u0151 egyens\u00falyt teremtsd a udvariass\u00e1g \u00e9s az egy\u00e9rtelm\u0171s\u00e9g k\u00f6z\u00f6tt?<\/p>\n\n\n\n<p><a href=\"https:\/\/undetectable.ai\/\" target=\"_blank\" rel=\"noreferrer noopener\">Kimutathatatlan AI<\/a> seg\u00edt finom\u00edtani a hangnemet, kisz\u0171rni a k\u00ednos kifejez\u00e9seket, \u00e9s biztos\u00edtani, hogy a finom\u00edt\u00e1sok a k\u00edv\u00e1nt hat\u00e1st \u00e9rj\u00e9k el.<\/p>\n\n\n\n<p>Ak\u00e1r szakmai e-maileket, kreat\u00edv tartalmakat vagy b\u00e1rmi m\u00e1st \u00edrsz, \u00edr\u00e1stok vil\u00e1goss\u00e1ga \u00e9s term\u00e9szetess\u00e9ge meg\u00e9rdemli a legjobb min\u0151s\u00e9get.<\/p>\n\n\n\n<p>Pr\u00f3b\u00e1ld ki m\u00e9g ma, \u00e9s \u00e9rezd a k\u00fcl\u00f6nbs\u00e9get!.<\/p>","protected":false},"excerpt":{"rendered":"","protected":false},"author":15,"featured_media":17501,"comment_status":"closed","ping_status":"closed","sticky":false,"template":"","format":"standard","meta":{"_themeisle_gutenberg_block_has_review":false,"footnotes":""},"categories":[31],"tags":[],"class_list":["post-17478","post","type-post","status-publish","format-standard","has-post-thumbnail","hentry","category-helpful-ai-content-tips"],"_links":{"self":[{"href":"https:\/\/undetectable.ai/blog\/hu\/wp-json\/wp\/v2\/posts\/17478","targetHints":{"allow":["GET"]}}],"collection":[{"href":"https:\/\/undetectable.ai/blog\/hu\/wp-json\/wp\/v2\/posts"}],"about":[{"href":"https:\/\/undetectable.ai/blog\/hu\/wp-json\/wp\/v2\/types\/post"}],"author":[{"embeddable":true,"href":"https:\/\/undetectable.ai/blog\/hu\/wp-json\/wp\/v2\/users\/15"}],"replies":[{"embeddable":true,"href":"https:\/\/undetectable.ai/blog\/hu\/wp-json\/wp\/v2\/comments?post=17478"}],"version-history":[{"count":6,"href":"https:\/\/undetectable.ai/blog\/hu\/wp-json\/wp\/v2\/posts\/17478\/revisions"}],"predecessor-version":[{"id":17504,"href":"https:\/\/undetectable.ai/blog\/hu\/wp-json\/wp\/v2\/posts\/17478\/revisions\/17504"}],"wp:featuredmedia":[{"embeddable":true,"href":"https:\/\/undetectable.ai/blog\/hu\/wp-json\/wp\/v2\/media\/17501"}],"wp:attachment":[{"href":"https:\/\/undetectable.ai/blog\/hu\/wp-json\/wp\/v2\/media?parent=17478"}],"wp:term":[{"taxonomy":"category","embeddable":true,"href":"https:\/\/undetectable.ai/blog\/hu\/wp-json\/wp\/v2\/categories?post=17478"},{"taxonomy":"post_tag","embeddable":true,"href":"https:\/\/undetectable.ai/blog\/hu\/wp-json\/wp\/v2\/tags?post=17478"}],"curies":[{"name":"wp","href":"https:\/\/api.w.org\/{rel}","templated":true}]}}