{"id":17679,"date":"2025-11-25T16:16:17","date_gmt":"2025-11-25T16:16:17","guid":{"rendered":"https:\/\/undetectable.ai/blog\/?p=17679"},"modified":"2025-12-11T15:28:28","modified_gmt":"2025-12-11T15:28:28","slug":"kiejtes","status":"publish","type":"post","link":"https:\/\/undetectable.ai/blog\/hu\/kiejtes","title":{"rendered":"Mi az a dikci\u00f3? Meghat\u00e1roz\u00e1s, t\u00edpusok \u00e9s egy\u00e9rtelm\u0171 p\u00e9ld\u00e1k"},"content":{"rendered":"<p>A legt\u00f6bb \u00edr\u00f3 \u00fagy gondolja, hogy rosszul \u00edr.<\/p>\n\n\n\n<p>Nem azok. Csak nem t\u00fal j\u00f3k a megfelel\u0151 szavak kiv\u00e1laszt\u00e1s\u00e1ban.<\/p>\n\n\n\n<p>Gyakran el\u0151fordul, hogy nyelvtanilag t\u00f6k\u00e9letes sz\u00f6veget \u00edrsz, le\u00edr\u00f3 szavakat \u00e9s d\u00edszes sz\u00f3kincset haszn\u00e1lsz, m\u00e9gis valahogy \u00e9lettelennek, laposnak vagy unalmasnak t\u0171nik... mintha egy mesters\u00e9ges intelligencia \u00edrta volna.<\/p>\n\n\n\n<p>Az igazs\u00e1g az, hogy nem az \u00f6tleteid a probl\u00e9ma. Nem is a nyelvtani ismereteid vagy a sz\u00f3kincsed. A probl\u00e9ma a kifejez\u00e9sm\u00f3dod.<\/p>\n\n\n\n<p>Mi az a dikci\u00f3?<\/p>\n\n\n\n<p>A st\u00edlus azok a szavak \u00e9s kifejez\u00e9sek, amelyeket az \u00edr\u00e1sod hangv\u00e9tel\u00e9nek, energi\u00e1j\u00e1nak \u00e9s \u00e9let\u00e9nek megad\u00e1s\u00e1hoz v\u00e1lasztasz.<\/p>\n\n\n<div class=\"wp-block-image\">\n<figure class=\"aligncenter size-full\"><img loading=\"lazy\" decoding=\"async\" width=\"236\" height=\"232\" src=\"https:\/\/undetectable.ai/blog\/wp-content\/uploads\/2025\/11\/word-choice-matters-sample.jpg\" alt=\"\" class=\"wp-image-17686\" title=\"\" srcset=\"https:\/\/undetectable.ai/blog\/wp-content\/uploads\/2025\/11\/word-choice-matters-sample.jpg 236w, https:\/\/undetectable.ai/blog\/wp-content\/uploads\/2025\/11\/word-choice-matters-sample-12x12.jpg 12w\" sizes=\"auto, (max-width: 236px) 100vw, 236px\" \/><\/figure><\/div>\n\n\n<p>Ebben a blogban pontosan ezt fogjuk t\u00e1rgyalni. Megtudhatod, mi is az a dikci\u00f3, l\u00e1thatod a dikci\u00f3 p\u00e9ld\u00e1it, a dikci\u00f3 t\u00edpusait, \u00e9s megtanulhatod, hogyan lehet \u0151ket azonos\u00edtani egy mondatban.<\/p>\n\n\n\n<p>Emellett kit\u00e9r\u00fcnk a gyakori hib\u00e1kra \u00e9s a saj\u00e1t \u00edr\u00e1sodban a kifejez\u00e9sm\u00f3d jav\u00edt\u00e1s\u00e1nak bev\u00e1lt m\u00f3dszereire is, \u00e9s m\u00e9g sok minden m\u00e1sra.<\/p>\n\n\n\n<p>Mer\u00fclj\u00fcnk el benne.<\/p>\n\n\n\n<hr class=\"wp-block-separator has-alpha-channel-opacity\"\/>\n\n\n\n<p class=\"has-text-align-center\"><strong>A legfontosabb tudnival\u00f3k<\/strong><\/p>\n\n\n\n<ul class=\"wp-block-list\">\n<li>A dikci\u00f3 a hangnemet, az \u00e9rzelmeket \u00e9s a jelent\u00e9st meghat\u00e1roz\u00f3, tudatos sz\u00f3v\u00e1laszt\u00e1s.<\/li>\n<\/ul>\n\n\n\n<p><\/p>\n\n\n\n<ul start=\"2\" class=\"wp-block-list\">\n<li>A 7f\u00e9le st\u00edlus (form\u00e1lis, inform\u00e1lis, szleng, ped\u00e1ns, konkr\u00e9t, absztrakt, k\u00f6lt\u0151i) k\u00fcl\u00f6nb\u00f6z\u0151 c\u00e9lokat szolg\u00e1l.<\/li>\n<\/ul>\n\n\n\n<p><\/p>\n\n\n\n<ul start=\"3\" class=\"wp-block-list\">\n<li>A besz\u00e9dm\u00f3d a f\u00f6ldrajzi helyzet, az oszt\u00e1ly, az oktat\u00e1s \u00e9s a korszak r\u00e9v\u00e9n t\u00e1rja fel a karaktert.<\/li>\n<\/ul>\n\n\n\n<p><\/p>\n\n\n\n<ul start=\"4\" class=\"wp-block-list\">\n<li>Haszn\u00e1lja a gy\u00e9m\u00e1ntelemz\u00e9si k\u00e9pletet a sz\u00f3haszn\u00e1lat szisztematikus elemz\u00e9s\u00e9hez: (1) Azonos\u00edtsa a konkr\u00e9t sz\u00f3t, (2) Bontsa ki jelent\u00e9s\u00e9t, (3) Jegyezze fel \u00e9rzelmi hat\u00e1s\u00e1t, (4) Kapcsolja \u00f6ssze a nagyobb t\u00e9m\u00e1val.&nbsp;<\/li>\n<\/ul>\n\n\n\n<p><\/p>\n\n\n\n<ul start=\"5\" class=\"wp-block-list\">\n<li>A konkr\u00e9t sz\u00f3haszn\u00e1lat (az \u00e9rz\u00e9kekre hat) 2-3-szor jobban megmarad az eml\u00e9kezetben, mint az absztrakt sz\u00f3haszn\u00e1lat.<\/li>\n<\/ul>\n\n\n\n<p><\/p>\n\n\n\n<ul class=\"wp-block-list\">\n<li>A hangmint\u00e1k (fonesztetika) tudat alatt ir\u00e1ny\u00edtj\u00e1k az olvas\u00f3 \u00e9rzelmeit.<\/li>\n<\/ul>\n\n\n\n<p><\/p>\n\n\n\n<hr class=\"wp-block-separator has-alpha-channel-opacity\"\/>\n\n\n\n<h2 class=\"wp-block-heading\">Mi az a dikci\u00f3?<\/h2>\n\n\n\n<ul class=\"wp-block-list\">\n<li>Sz\u00f3kincs meghat\u00e1roz\u00e1s<\/li>\n<\/ul>\n\n\n\n<p>Mi az a dikci\u00f3?<\/p>\n\n\n\n<p>A st\u00edlus az \u00edr\u00f3 \u00e1ltal gondolatai kifejez\u00e9s\u00e9re v\u00e1lasztott szavak \u00e9s kifejez\u00e9sek \u00f6sszess\u00e9ge.<\/p>\n\n\n\n<p>Ezek a v\u00e1laszt\u00e1sok alkotj\u00e1k az \u00f6sszk\u00e9pet. <strong>\u201c\u00e9rz\u00e9s\u201d<\/strong> az \u00edr\u00e1s hangv\u00e9tel\u00e9t, \u00e9rzelmi t\u00f6ltet\u00e9t \u00e9s st\u00edlus\u00e1t.<\/p>\n\n\n\n<p>A sz\u00f3 <strong><em>&#8220;<\/em><\/strong><strong>kiejt\u00e9s<\/strong><strong><em>&#8221; <\/em><\/strong>k\u00e9t forr\u00e1sb\u00f3l sz\u00e1rmazik:<\/p>\n\n\n\n<ul class=\"wp-block-list\">\n<li>Latin dictio, jelent\u00e9se<em> \u201cbesz\u00e9d\u201d<\/em><\/li>\n\n\n\n<li>A proto-indoeur\u00f3pai gy\u00f6k deik-, jelent\u00e9se: <em>\u201cmegmutatni\u201d<\/em><\/li>\n<\/ul>\n\n\n\n<p><strong>P\u00e9ld\u00e1k:<\/strong><\/p>\n\n\n\n<ol class=\"wp-block-list\">\n<li><em>\u201cAz \u00f6regember bicegve haladt az utc\u00e1n\u201d <\/em>vs. <em>\u201cAz \u00f6regember v\u00e9gigs\u00e9t\u00e1lt az utc\u00e1n.\u201d<\/em>\n<ul class=\"wp-block-list\">\n<li>\u201cA \u201dShuffled\u201d c\u00edm\u0171 m\u0171ben gyenge, f\u00e1radt mozg\u00e1s\u00e1t l\u00e1thatjuk, elk\u00e9pzelhetj\u00fck, ahogy vonszolja a l\u00e1bait.<\/li>\n\n\n\n<li>\u201cA \u201ds\u00e9t\u00e1lt\u201d csak azt jelenti, hogy mozgott, vizu\u00e1lis r\u00e9szletek n\u00e9lk\u00fcl.<\/li>\n<\/ul>\n<\/li>\n<\/ol>\n\n\n\n<ol start=\"2\" class=\"wp-block-list\">\n<li><em>\u201cA szoba tele volt avas szaggal\u201d <\/em>vs. <em>\u201cA szoba b\u00fcd\u00f6s volt\u201d<\/em>\n<ul class=\"wp-block-list\">\n<li>\u201cA \u201dromlott szag\u201d szinte \u00e9rezhet\u0151v\u00e9 teszi a romlott, undor\u00edt\u00f3 illatot.<\/li>\n\n\n\n<li>\u201cA \u201drossz szag\u00fa\u201d kifejez\u00e9s hom\u00e1lyos \u00e9s nem kelt \u00e9rz\u00e9kszervi \u00e9lm\u00e9nyt.<\/li>\n<\/ul>\n<\/li>\n<\/ol>\n\n\n\n<ol start=\"3\" class=\"wp-block-list\">\n<li><em>\u201cV\u00e9rfoltok bor\u00edtott\u00e1k a padl\u00f3t\u201d <\/em>vs. <em>\u201cV\u00e9r volt a padl\u00f3n\u201d<\/em>\n<ul class=\"wp-block-list\">\n<li>\u201cA \u201db\u00edbor\u201d gazdags\u00e1got, vesz\u00e9lyt \u00e9s intenzit\u00e1st id\u00e9z fel.<\/li>\n\n\n\n<li>\u201cA \u201dpiros\u201d sz\u00edn lapos, \u00e9s nem v\u00e1lt ki ugyanolyan \u00e9rzelmi reakci\u00f3t.<\/li>\n<\/ul>\n<\/li>\n<\/ol>\n\n\n\n<p>Figyelje meg, hogy az olyan szavak v\u00e1laszt\u00e1sa, mint \u201csz\u00e9tsz\u00f3rt\u201d a \u201cs\u00e9t\u00e1lt\u201d helyett, vagy \u201cb\u00edbor\u201d a \u201cv\u00f6r\u00f6s\u201d helyett, hogyan ir\u00e1ny\u00edtja a olvas\u00f3 figyelm\u00e9t \u00e9s \u00e9rzelmeit bizonyos m\u00f3don.<\/p>\n\n\n\n<p>Ez a dikci\u00f3 l\u00e9nyege.<strong>.<\/strong><\/p>\n\n\n\n<p>Az \u00f3kori R\u00f3m\u00e1ban az emberek besz\u00e9dm\u00f3dj\u00e1t (dikt\u00e1ci\u00f3j\u00e1t) haszn\u00e1lt\u00e1k arra, hogy meg\u00edt\u00e9lj\u00e9k jellem\u00fcket \u00e9s meggy\u0151zz\u00e9k a k\u00f6z\u00f6ns\u00e9get.<\/p>\n\n\n\n<p>Alapvet\u0151en a sz\u00f3v\u00e1laszt\u00e1s n\u00e9gy fontos dolgot \u00e1rul el egy karakterr\u0151l vagy narr\u00e1torr\u00f3l:<\/p>\n\n\n\n<ol class=\"wp-block-list\">\n<li><strong>F\u00f6ldrajz: <\/strong>A region\u00e1lis sz\u00f3kincs el\u00e1rulja, honnan sz\u00e1rmazik valaki\n<ul class=\"wp-block-list\">\n<li><strong>P\u00e9lda:<\/strong> \u201cpop\u201d (az Egyes\u00fclt \u00c1llamok k\u00f6z\u00e9ps\u0151 r\u00e9sze) vs. \u201csoda\u201d (az Egyes\u00fclt \u00c1llamok \u00e9szakkeleti r\u00e9sze) vs. \u201ccoke\u201d (az Egyes\u00fclt \u00c1llamok d\u00e9li r\u00e9sze)<\/li>\n<\/ul>\n<\/li>\n<\/ol>\n\n\n\n<ol start=\"2\" class=\"wp-block-list\">\n<li><strong>T\u00e1rsadalmi-gazdas\u00e1gi st\u00e1tusz: <\/strong>A sz\u00f3haszn\u00e1lat mint\u00e1zata felt\u00e1rja az oszt\u00e1lyh\u00e1tt\u00e9r\n<ul class=\"wp-block-list\">\n<li>A munk\u00e1soszt\u00e1ly besz\u00e9de kontra az arisztokrata sz\u00f3kincs<\/li>\n<\/ul>\n<\/li>\n<\/ol>\n\n\n\n<ol start=\"3\" class=\"wp-block-list\">\n<li><strong>Oktat\u00e1si szint:<\/strong> A technikai vagy szakmai terminol\u00f3gia szak\u00e9rtelmet mutat\n<ul class=\"wp-block-list\">\n<li>Az orvos azt mondja: \u201cmiokardi\u00e1lis infarktus\u201d vagy \u201csz\u00edvroham\u201d?\u201d<\/li>\n<\/ul>\n<\/li>\n<\/ol>\n\n\n\n<ol start=\"4\" class=\"wp-block-list\">\n<li><strong>Id\u0151szak:<\/strong> A szleng a karaktereket meghat\u00e1rozott korszakokba helyezi\n<ul class=\"wp-block-list\">\n<li>\u201cgroovy\u201d (1960-as\u201370-es \u00e9vek) vs. \u201clit\u201d (2010-es\u201320-as \u00e9vek)<\/li>\n<\/ul>\n<\/li>\n<\/ol>\n\n\n\n<ul class=\"wp-block-list\">\n<li>Sz\u00f3kincs p\u00e9ld\u00e1k<\/li>\n<\/ul>\n\n\n\n<p>N\u00e9zz\u00fcnk meg most h\u00e1rom p\u00e9ld\u00e1t a k\u00fcl\u00f6nb\u00f6z\u0151 kontextusokban haszn\u00e1lt sz\u00f3haszn\u00e1latra:<\/p>\n\n\n\n<ol class=\"wp-block-list\">\n<li><strong>Irodalmi st\u00edlus \u2013 A nagy Gatsby<\/strong><\/li>\n<\/ol>\n\n\n\n<p>A  oldalon. <a href=\"https:\/\/www.sparknotes.com\/lit\/gatsby\/\" target=\"_blank\" rel=\"noreferrer noopener\">F. Scott Fitzgerald reg\u00e9nye<\/a>, a sz\u00f3haszn\u00e1lat mindent el\u00e1rul arr\u00f3l, hogy a szerepl\u0151k val\u00f3j\u00e1ban milyenek.<\/p>\n\n\n\n<p>Nick Carraway (a narr\u00e1tor) absztrakt, k\u00f6lt\u0151i nyelvet haszn\u00e1l:<\/p>\n\n\n\n<ul class=\"wp-block-list\">\n<li>Olyan szavak, mint \u201cmegtestes\u00fcl\u00e9s\u201d \u00e9s \u201ckibontakozott\u201d<\/li>\n\n\n\n<li>Ez azt mutatja, hogy m\u0171velt \u00e9s filoz\u00f3fikus.<\/li>\n\n\n\n<li>Minden, amit megfigyel, romantikusnak t\u0171nik sz\u00e1m\u00e1ra.<\/li>\n<\/ul>\n\n\n\n<p>Jay Gatsby eg\u00e9szen m\u00e1sk\u00e9pp besz\u00e9l:<\/p>\n\n\n\n<ul class=\"wp-block-list\">\n<li>Egyszer\u0171, mindennapi szavakat haszn\u00e1l: \u201cmeglep\u0151d\u00f6tt\u201d, \u201cnem \u00e9rdekelte\u201d.\u201d<\/li>\n\n\n\n<li>De folyamatosan hozz\u00e1adja a \u201cr\u00e9gi bar\u00e1tom\u201d kifejez\u00e9st a besz\u00e9d\u00e9hez.<\/li>\n\n\n\n<li>Ut\u00e1nozza, ahogy szerinte a gazdag emberek besz\u00e9lnek.<\/li>\n<\/ul>\n\n\n\n<p><strong>A hat\u00e1s: <\/strong>Nick egy igazi \u00e9rtelmis\u00e9gi megfigyel\u0151, aki egy j\u00f3m\u00f3d\u00fa csal\u00e1db\u00f3l sz\u00e1rmazik. Gatsby egy \u00f6nmag\u00e1t fel\u00e9p\u00edt\u0151 ember, aki k\u00e9ts\u00e9gbeesetten pr\u00f3b\u00e1l beilleszkedni a fels\u0151 t\u00edzezerbe.<\/p>\n\n\n\n<p>Egyszer\u0171 sz\u00f3kincse \u00e9s a fels\u0151bb oszt\u00e1lyokhoz tartoz\u00f3 kifejez\u00e9sekkel keveredve el\u00e1rulja, hogy \u0151 egy k\u00edv\u00fcl\u00e1ll\u00f3, aki \u00fagy tesz, mintha ide tartozna.&nbsp;<\/p>\n\n\n\n<ol start=\"2\" class=\"wp-block-list\">\n<li><strong>Popkult\u00fara \u00e9s szleng \u2013 a tartoz\u00e1s nyelve<\/strong><\/li>\n<\/ol>\n\n\n\n<p>A szleng a legdinamikusabb besz\u00e9dst\u00edlusok egyike, \u00e9s t\u00e1rsadalmi jelz\u0151k\u00e9nt funkcion\u00e1l:<\/p>\n\n\n\n<p><strong>P\u00e9ld\u00e1k az \u00e9vtizedek sor\u00e1n:<\/strong><\/p>\n\n\n\n<ul class=\"wp-block-list\">\n<li><strong>1990-es \u00e9vek:<\/strong> \u201crad\u201d, \u201cminden, ami csak lehet\u201d, \u201cmintha!\u201d<\/li>\n\n\n\n<li><strong>2010-es \u00e9vek:<\/strong> \u201clit\u201d, \u201cfam\u201d, \u201con fleek\u201d, \u201csavage\u201d<\/li>\n\n\n\n<li><strong>2020-as \u00e9vek:<\/strong> \u201caz [X]-et adja\u201d, \u201cmeg\u00f6l\u201d, \u201cmeg\u0151r\u00fclt\u201d, \u201cnem viccel\u201d<\/li>\n<\/ul>\n\n\n\n<p><strong>A hat\u00e1s: <\/strong>A szleng jelzi, ki vagy, h\u00e1ny \u00e9ves vagy, melyik szubkult\u00far\u00e1hoz tartozol, \u201cbenne vagy-e\u201d vagy \u201ck\u00edv\u00fcl\u201d.\u201d<\/p>\n\n\n\n<p>Term\u00e9szetes haszn\u00e1lat eset\u00e9n hiteles\u00e9get \u00e9s kapcsolatot teremt. K\u00e9nyelmetlen haszn\u00e1lat eset\u00e9n viszont kellemetlen \u00e9rz\u00e9st \u00e9s t\u00e1vols\u00e1got kelt.&nbsp;<\/p>\n\n\n\n<ol start=\"3\" class=\"wp-block-list\">\n<li><strong>Marketing sz\u00f3kincs \u2013 Vitaminok kontra f\u00e1jdalomcsillap\u00edt\u00f3k<\/strong><\/li>\n<\/ol>\n\n\n\n<p>A marketingben a dikci\u00f3 meg\u00e9rt\u00e9se d\u00f6nt\u0151 jelent\u0151s\u00e9g\u0171 lehet az \u00e9rt\u00e9kes\u00edt\u00e9s szempontj\u00e1b\u00f3l.<\/p>\n\n\n\n<p>Az absztrakt \u00e9s a konkr\u00e9t sz\u00f3haszn\u00e1lat k\u00f6z\u00f6tti k\u00fcl\u00f6nbs\u00e9g hat\u00e1rozza meg a sikert:<\/p>\n\n\n\n<p>Absztrakt (gyenge) kifejez\u00e9sm\u00f3d:<\/p>\n\n\n\n<ul class=\"wp-block-list\">\n<li>\u201cKiv\u00e1l\u00f3 min\u0151s\u00e9g\u0171 integr\u00e1lt megold\u00e1sokat k\u00edn\u00e1lunk az \u00fczleti optimaliz\u00e1l\u00e1shoz\u201d<\/li>\n\n\n\n<li>Hom\u00e1lyos, felejthet\u0151, \u00fagy hangzik, mint minden m\u00e1s c\u00e9g<\/li>\n\n\n\n<li>Nem teremt s\u00fcrg\u0151ss\u00e9get \u00e9s nem mutat konkr\u00e9t \u00e9rt\u00e9ket<\/li>\n<\/ul>\n\n\n\n<p>Konkr\u00e9t (er\u0151s) kifejez\u00e9s:<\/p>\n\n\n\n<ul class=\"wp-block-list\">\n<li>\u201cCs\u00f6kkentse heti munkaidej\u00e9t 20 \u00f3r\u00e1val az egy kattint\u00e1ssal m\u0171k\u00f6d\u0151 sz\u00e1ml\u00e1z\u00e1si eszk\u00f6z\u00fcnkkel\u201d<\/li>\n\n\n\n<li>Konkr\u00e9t sz\u00e1mok, egy\u00e9rtelm\u0171 el\u0151ny\u00f6k, k\u00e9zzelfoghat\u00f3 eredm\u00e9nyek<\/li>\n\n\n\n<li>Pontosan megmutatja, hogy milyen probl\u00e9m\u00e1t old meg \u00e9s hogyan<\/li>\n<\/ul>\n\n\n\n<p><strong>A hat\u00e1s: <\/strong>A konkr\u00e9t megfogalmaz\u00e1s sokkal meggy\u0151z\u0151bb, mert vil\u00e1gos k\u00e9pet fest. A \u201c20 \u00f3r\u00e1val r\u00f6vid\u00edtse le a heti munkaidej\u00e9t\u201d mondat arra k\u00e9szteti az embert, hogy elk\u00e9pzelje, mit csin\u00e1lna azzal a plusz id\u0151vel.<\/p>\n\n\n\n<p>\u201cAz \u201dintegr\u00e1lt megold\u00e1sok\u201c kifejez\u00e9s nem id\u00e9z fel semmilyen k\u00e9pet. A marketingesek gyakran azt mondj\u00e1k, hogy a term\u00e9kek vagy \u201dvitaminok\u201c (j\u00f3, ha van), vagy \u201df\u00e1jdalomcsillap\u00edt\u00f3k\u201d (musz\u00e1j, hogy legyen).&nbsp;<\/p>\n\n\n\n<h2 class=\"wp-block-heading\">Mi\u00e9rt fontos a sz\u00f3kincs az \u00edr\u00e1sban?<\/h2>\n\n\n\n<p>A dikci\u00f3 meghat\u00e1roz\u00e1sa azt jelenti, hogy a megfelel\u0151 szavakat v\u00e1lasztjuk. Ha er\u0151s, pontos szavakat v\u00e1lasztunk, azok nagy hat\u00e1ssal vannak az \u00edr\u00e1sunkra.<\/p>\n\n\n\n<p>\u00cdme a 4 legfontosabb ok, ami\u00e9rt a dikci\u00f3 fontos:<\/p>\n\n\n\n<ol class=\"wp-block-list\">\n<li><strong>Mutass\u00e1k, ne mondj\u00e1k el!<\/strong><\/li>\n<\/ol>\n\n\n\n<p>A j\u00f3 sz\u00f3haszn\u00e1lat lehet\u0151v\u00e9 teszi az olvas\u00f3knak, hogy saj\u00e1t k\u00f6vetkeztet\u00e9seket vonjanak le, ahelyett, hogy megmondan\u00e1k nekik, mit gondoljanak. Ez az egyik leghat\u00e1sosabb p\u00e9lda arra, hogy a sz\u00f3v\u00e1laszt\u00e1s hogyan teremt jelent\u00e9st.<\/p>\n\n\n\n<p><strong>P\u00e9lda:<\/strong><\/p>\n\n\n\n<ul class=\"wp-block-list\">\n<li>Mondja: \u201cA professzor arrog\u00e1ns \u00e9s leereszked\u0151 volt.\u201d<\/li>\n\n\n\n<li>Megjelen\u00edt\u00e9s: A professzor megigaz\u00edtotta szem\u00fcveg\u00e9t \u00e9s s\u00f3hajtott. \u201cTal\u00e1n ha elolvastad volna azokat a alapvet\u0151 m\u0171vek, amelyekre monogr\u00e1fi\u00e1mban hivatkozom, ez nem zavarna meg ennyire.\u201d<\/li>\n<\/ul>\n\n\n\n<p>A m\u00e1sodik v\u00e1ltozatban a sz\u00f3v\u00e1laszt\u00e1s\u00e1n kereszt\u00fcl t\u00fckr\u00f6z\u0151dik a fels\u0151bbrend\u0171s\u00e9gi komplexusa. Az olvas\u00f3k nem csak hallanak r\u00f3la, hanem k\u00f6zvetlen\u00fcl tapasztalj\u00e1k az arroganci\u00e1j\u00e1t.<\/p>\n\n\n\n<ol start=\"2\" class=\"wp-block-list\">\n<li><strong>Hangulat \u00e9s l\u00e9gk\u00f6r megteremt\u00e9se<\/strong><\/li>\n<\/ol>\n\n\n\n<p>A szavak a hangulat \u00e9p\u00edt\u0151k\u00f6vei. A sz\u00f3haszn\u00e1lat jelent\u00e9s\u00e9nek meg\u00e9rt\u00e9se seg\u00edt kiv\u00e1lasztani azokat a szavakat, amelyek meghat\u00e1rozott hangulatot teremtenek.<\/p>\n\n\n\n<p>Horror m\u0171faj:<\/p>\n\n\n\n<ul class=\"wp-block-list\">\n<li>Olyan szavakat haszn\u00e1l, mint: \u00e1rny\u00e9kok, boml\u00e1s, vonagl\u00e1s, fullad\u00e1s, hideg, \u00fcreges, k\u00fasz\u00e1s<\/li>\n\n\n\n<li>Ezek nyugtalans\u00e1got \u00e9s f\u00e9lelmet keltenek.<\/li>\n<\/ul>\n\n\n\n<p>Romantikus m\u0171faj:<\/p>\n\n\n\n<ul class=\"wp-block-list\">\n<li>Olyan szavakat haszn\u00e1l, mint: gyeng\u00e9d, melegs\u00e9g, rebeg\u00e9s, szel\u00edd, pirul\u00e1s, suttog\u00e1s, \u00f6lel\u00e9s<\/li>\n\n\n\n<li>Ezek meghitts\u00e9get \u00e9s puhas\u00e1got teremtenek.<\/li>\n<\/ul>\n\n\n\n<p><strong>A helytelen kiejt\u00e9s vesz\u00e9lye:<\/strong> K\u00e9pzelj\u00fcnk el egy horror jelenetet, amelyben ez \u00e1ll: \u201cMegjelent a szellem, \u00e9s ez kiss\u00e9 kellemetlen volt.\u201d Ezek a szavak teljesen elrontj\u00e1k a f\u00e9lelmetes hangulatot.&nbsp;<\/p>\n\n\n\n<ol start=\"3\" class=\"wp-block-list\">\n<li><strong>N\u00f6velje a mem\u00f3ri\u00e1t \u00e9s a hat\u00e1st<\/strong><\/li>\n<\/ol>\n\n\n\n<p>A konkr\u00e9t, \u00e9rz\u00e9kszervi szavak tart\u00f3s ment\u00e1lis k\u00e9peket hoznak l\u00e9tre, m\u00edg az absztrakt szavak szinte azonnal elt\u0171nnek a mem\u00f3ri\u00e1b\u00f3l.&nbsp;<\/p>\n\n\n\n<p>Konkr\u00e9t szavak (eml\u00e9kezetesek):<\/p>\n\n\n\n<ul class=\"wp-block-list\">\n<li>Alma, sikoly, mennyd\u00f6rg\u00e9s, v\u00e9r, t\u0171z, selyem<\/li>\n\n\n\n<li>Ezek ment\u00e1lis k\u00e9peket v\u00e1ltanak ki. L\u00e1thatod, hallhatod vagy \u00e9rezheted \u0151ket.<\/li>\n\n\n\n<li>Az agyban mind a vizu\u00e1lis, mind a nyelvi feldolgoz\u00e1si ter\u00fcleteket aktiv\u00e1lj\u00e1k.<\/li>\n<\/ul>\n\n\n\n<p>Absztrakt szavak (elfelejthet\u0151):<\/p>\n\n\n\n<ul class=\"wp-block-list\">\n<li>Koncepci\u00f3, igazs\u00e1goss\u00e1g, fejl\u0151d\u00e9s, min\u0151s\u00e9g, innov\u00e1ci\u00f3, optimaliz\u00e1l\u00e1s<\/li>\n\n\n\n<li>Ezeknek nincs fizikai form\u00e1juk, semmi, amit elk\u00e9pzelni lehetne.<\/li>\n\n\n\n<li>Csak a nyelvfeldolgoz\u00e1st v\u00e9gzik, ami gyeng\u00e9bb\u00e9 teszi \u0151ket.<\/li>\n<\/ul>\n\n\n\n<p>Val\u00f3s alkalmaz\u00e1s:<\/p>\n\n\n\n<ul class=\"wp-block-list\">\n<li><strong>Gyenge: <\/strong>\u201cJav\u00edtanunk kell szervezeti hat\u00e9konys\u00e1gi mutat\u00f3inkat.\u201d<\/li>\n\n\n\n<li><strong>Er\u0151s: <\/strong>\u201cA pap\u00edrmunk\u00e1ban fuldoklunk, mik\u00f6zben az \u00fcgyfelek 45 percig v\u00e1rakoznak a telefonon.\u201d<\/li>\n<\/ul>\n\n\n\n<ol start=\"4\" class=\"wp-block-list\">\n<li><strong>Kapcsolat a k\u00f6z\u00f6ns\u00e9ggel<\/strong><\/li>\n<\/ol>\n\n\n\n<p>A besz\u00e9dm\u00f3d jelzi, ki vagy \u00e9s kivel besz\u00e9lsz. A megfelel\u0151 szavak bizalmat \u00e9s j\u00f3 kapcsolatot teremtenek, a helytelen szavak pedig azonnali elidegened\u00e9st okoznak.<\/p>\n\n\n\n<p><strong>Nem megfelel\u0151 sz\u00f3haszn\u00e1lat p\u00e9ld\u00e1k:<\/strong><\/p>\n\n\n\n<p>Slang egy orvosi tank\u00f6nyvben:<\/p>\n\n\n\n<ul class=\"wp-block-list\">\n<li>\u201cA beteg sz\u00edve egy\u00e1ltal\u00e1n nem vert, ez\u00e9rt azonnal m\u0171t\u00e9tre kellett vinni, nem vicc.\u201d<\/li>\n\n\n\n<li>Teljesen al\u00e1\u00e1ssa a szakmai hiteless\u00e9get<\/li>\n\n\n\n<li>Nem \u00e9rti megfelel\u0151en a form\u00e1lis helyzetekben haszn\u00e1latos megfelel\u0151 sz\u00f3haszn\u00e1latot.<\/li>\n<\/ul>\n\n\n\n<p>T\u00falzottan form\u00e1lis nyelvhaszn\u00e1lat egy tini blogban:<\/p>\n\n\n\n<ul class=\"wp-block-list\">\n<li>\u201cMa reggel \u00e9bred\u00e9s ut\u00e1n megf\u00fcr\u00f6dtem, majd elfogyasztottam egy szer\u00e9ny reggelit.\u201d<\/li>\n\n\n\n<li>Robotikusnak hangzik, \u00e9s elidegen\u00edti a fiatal k\u00f6z\u00f6ns\u00e9get, amely laza, hiteles hangot v\u00e1r.<\/li>\n<\/ul>\n\n\n\n<p>A megfelel\u0151 sz\u00f3haszn\u00e1lat kapcsolatot teremt:<\/p>\n\n\n\n<p>Tizen\u00e9veseknek:<em> \u201cK\u00e9s\u0151n keltem, gyorsan lezuhanyoztam, \u00e9s kifel\u00e9 menet megettem egy m\u00fczliszeletet.\u201d<\/em><\/p>\n\n\n\n<p>Orvosi szakemberek sz\u00e1m\u00e1ra: <em>\u201cA beteg akut sz\u00edvprobl\u00e9m\u00e1kkal jelentkezett, ami azonnali seb\u00e9szeti beavatkoz\u00e1st tett sz\u00fcks\u00e9gess\u00e9.\u201d<\/em><\/p>\n\n\n\n<p><strong>Az elv<\/strong><strong>: <\/strong>A szavak megv\u00e1laszt\u00e1sa jelzi az olvas\u00f3knak, hogy meg\u00e9rted-e \u0151ket, tiszteled-e \u0151ket, \u00e9s tartozol-e a vil\u00e1gukhoz.&nbsp;<\/p>\n\n\n\n<h2 class=\"wp-block-heading\">A dikci\u00f3 f\u0151 t\u00edpusai<\/h2>\n\n\n<div class=\"wp-block-image\">\n<figure class=\"aligncenter size-large\"><img loading=\"lazy\" decoding=\"async\" width=\"1024\" height=\"683\" src=\"https:\/\/undetectable.ai/blog\/wp-content\/uploads\/2025\/11\/Happy-woman-talking-while-recording-podcast-in-studio-1024x683.jpg\" alt=\"Boldog n\u0151 besz\u00e9lget, mik\u00f6zben podcastot r\u00f6gz\u00edt a st\u00fadi\u00f3ban\" class=\"wp-image-17690\" title=\"\" srcset=\"https:\/\/undetectable.ai/blog\/wp-content\/uploads\/2025\/11\/Happy-woman-talking-while-recording-podcast-in-studio-1024x683.jpg 1024w, https:\/\/undetectable.ai/blog\/wp-content\/uploads\/2025\/11\/Happy-woman-talking-while-recording-podcast-in-studio-300x200.jpg 300w, https:\/\/undetectable.ai/blog\/wp-content\/uploads\/2025\/11\/Happy-woman-talking-while-recording-podcast-in-studio-768x512.jpg 768w, https:\/\/undetectable.ai/blog\/wp-content\/uploads\/2025\/11\/Happy-woman-talking-while-recording-podcast-in-studio-18x12.jpg 18w, https:\/\/undetectable.ai/blog\/wp-content\/uploads\/2025\/11\/Happy-woman-talking-while-recording-podcast-in-studio.jpg 1200w\" sizes=\"auto, (max-width: 1024px) 100vw, 1024px\" \/><\/figure><\/div>\n\n\n<p>A k\u00fcl\u00f6nb\u00f6z\u0151 st\u00edlusok meg\u00e9rt\u00e9se seg\u00edt az \u00edr\u00f3knak abban, hogy a k\u00f6z\u00f6ns\u00e9g\u00fcknek \u00e9s c\u00e9ljuknak megfelel\u0151 st\u00edlust v\u00e1lassz\u00e1k.<\/p>\n\n\n\n<p>\u00cdme a 7 f\u0151 dikci\u00f3t\u00edpus:<\/p>\n\n\n\n<figure class=\"wp-block-table\"><table class=\"has-fixed-layout\"><tbody><tr><td class=\"has-text-align-center\" data-align=\"center\"><strong>T\u00edpus<\/strong><\/td><td class=\"has-text-align-center\" data-align=\"center\"><strong>Jellemz\u0151k<\/strong><\/td><td class=\"has-text-align-center\" data-align=\"center\"><strong>Haszn\u00e1lat<\/strong><\/td><td class=\"has-text-align-center\" data-align=\"center\"><strong>P\u00e9lda<\/strong><\/td><\/tr><tr><td class=\"has-text-align-center\" data-align=\"center\">Hivatalos (magas)<\/td><td class=\"has-text-align-center\" data-align=\"center\">\u00d6sszetett mondatok, kiterjedt sz\u00f3kincs, nincs r\u00f6vid\u00edt\u00e9s, szigor\u00fa nyelvtan, nincs szleng<\/td><td class=\"has-text-align-center\" data-align=\"center\">Tudom\u00e1nyos cikkek, jogi dokumentumok, komoly irodalom, gy\u00e1szbesz\u00e9dek<\/td><td class=\"has-text-align-center\" data-align=\"center\"><em>Tisztelettel ellentmondok az ebben a k\u00e9rd\u00e9sben uralkod\u00f3 v\u00e9lem\u00e9nynek.<\/em><\/td><\/tr><tr><td class=\"has-text-align-center\" data-align=\"center\">Inform\u00e1lis (alacsony)<\/td><td class=\"has-text-align-center\" data-align=\"center\">Besz\u00e9lget\u0151 hangnem, r\u00f6vid\u00edt\u00e9sek, egyszer\u0171 sz\u00f3kincs, r\u00f6videbb mondatok, idi\u00f3m\u00e1k<\/td><td class=\"has-text-align-center\" data-align=\"center\">Blogok, e-mailek, szem\u00e9lyes essz\u00e9k, val\u00f3s\u00e1gh\u0171 p\u00e1rbesz\u00e9dek<\/td><td class=\"has-text-align-center\" data-align=\"center\"><em>Teljesen nem \u00e9rtek egyet azzal, amit mindenki err\u0151l mond.<\/em><\/td><\/tr><tr><td class=\"has-text-align-center\" data-align=\"center\">Slang<\/td><td class=\"has-text-align-center\" data-align=\"center\">Nagyon inform\u00e1lis, ideiglenes, szubkult\u00far\u00e1k \u00e1ltal haszn\u00e1lt<\/td><td class=\"has-text-align-center\" data-align=\"center\">P\u00e1rbesz\u00e9d, fiataloknak sz\u00f3l\u00f3 tartalom, karakter\u00e9p\u00edt\u00e9s<\/td><td class=\"has-text-align-center\" data-align=\"center\"><em>Ez a fit drip.<\/em><\/td><\/tr><tr><td class=\"has-text-align-center\" data-align=\"center\">Ped\u00e1ns<\/td><td class=\"has-text-align-center\" data-align=\"center\">T\u00falzottan tudom\u00e1nyos\/technikai, intellektust fitogtat, t\u00falzottan pontos<\/td><td class=\"has-text-align-center\" data-align=\"center\">A megsz\u00e1llott, arrog\u00e1ns vagy str\u00e9ber karakterek jellemz\u00e9se<\/td><td class=\"has-text-align-center\" data-align=\"center\"><em>Ennek az \u00e9tkez\u00e9snek a gasztron\u00f3miai \u00e1rnyalatai nem el\u00e9g fejlettek.<\/em><\/td><\/tr><tr><td class=\"has-text-align-center\" data-align=\"center\">Beton<\/td><td class=\"has-text-align-center\" data-align=\"center\">Az \u00e9rz\u00e9kekhez sz\u00f3l; konkr\u00e9t f\u0151nevek \u00e9s akt\u00edv ig\u00e9k<\/td><td class=\"has-text-align-center\" data-align=\"center\">K\u00f6lt\u00e9szet, le\u00edr\u00f3 pr\u00f3za, marketing sz\u00f6vegek<\/td><td class=\"has-text-align-center\" data-align=\"center\"><em>A citroml\u00e9 cs\u00edpte az ujj\u00e1n l\u00e9v\u0151 pap\u00edrv\u00e1g\u00e1st.<\/em><\/td><\/tr><tr><td class=\"has-text-align-center\" data-align=\"center\">Absztrakt<\/td><td class=\"has-text-align-center\" data-align=\"center\">Fogalmakra, \u00f6tletekre vagy \u00e9rzelmekre utal<\/td><td class=\"has-text-align-center\" data-align=\"center\">Filoz\u00f3fia, elm\u00e9let, politikai besz\u00e9dek<\/td><td class=\"has-text-align-center\" data-align=\"center\"><em>A szabads\u00e1g a demokr\u00e1cia v\u00e9gs\u0151 c\u00e9lja.<\/em><\/td><\/tr><tr><td class=\"has-text-align-center\" data-align=\"center\">K\u00f6lt\u0151i<\/td><td class=\"has-text-align-center\" data-align=\"center\">L\u00edrai, ritmikus, figurat\u00edv; hangk\u00f6zpont\u00fa<\/td><td class=\"has-text-align-center\" data-align=\"center\">K\u00f6lt\u00e9szet, dalsz\u00f6vegek, emelkedett pr\u00f3za<\/td><td class=\"has-text-align-center\" data-align=\"center\"><em>A hajnal arany szand\u00e1lban l\u00e9pett be l\u00e1gyan.<\/em><\/td><\/tr><\/tbody><\/table><\/figure>\n\n\n\n<p>Ezek a st\u00edlusok mindegyike egy adott c\u00e9lt szolg\u00e1l, \u00e9s egyedi hat\u00e1st gyakorol az olvas\u00f3kra. A hat\u00e9kony \u00edr\u00e1shoz elengedhetetlen, hogy tudjuk, mikor melyiket kell haszn\u00e1lni.<\/p>\n\n\n\n<h3 class=\"wp-block-heading\">Hogyan alak\u00edtja a dikci\u00f3 a hangsz\u00ednt \u00e9s a hangot?<\/h3>\n\n\n\n<p>Ahhoz, hogy meg\u00e9rts\u00fck, mi is az a dikci\u00f3 \u00e9s milyen hat\u00e1sa van, meg kell vizsg\u00e1lnunk, hogyan alak\u00edtja a hangsz\u00ednt \u00e9s a hangot:<\/p>\n\n\n\n<p><strong>Hang <\/strong>az \u00edr\u00f3 szem\u00e9lyis\u00e9ge. Az, hogy ki vagy \u00edr\u00f3k\u00e9nt. <strong>Tone<\/strong> az \u00edr\u00f3 hozz\u00e1\u00e1ll\u00e1sa egy adott t\u00e9m\u00e1hoz. Az, hogy mit \u00e9rzel azzal kapcsolatban, amir\u0151l \u00e9ppen besz\u00e9lsz.<\/p>\n\n\n\n<p>Most n\u00e9zz\u00fck meg, hogyan alak\u00edtja a dikci\u00f3 mindkett\u0151t.&nbsp;<\/p>\n\n\n\n<p><strong>P\u00e9lda: Egy iskola le\u00edr\u00e1sa<\/strong><\/p>\n\n\n\n<p>A t\u00e9ma azonos, de n\u00e9zz\u00fck meg, mi t\u00f6rt\u00e9nik, ha csak a sz\u00f3v\u00e1laszt\u00e1st v\u00e1ltoztatjuk meg:<\/p>\n\n\n\n<p><strong>Sz\u00f3kincs A:<\/strong> Akad\u00e9mia, int\u00e9zm\u00e9ny, tanulm\u00e1nyi helyis\u00e9gek, tud\u00f3sok, tanterv, oktat\u00f3k<\/p>\n\n\n\n<figure class=\"wp-block-table\"><table class=\"has-fixed-layout\"><tbody><tr><td class=\"has-text-align-center\" data-align=\"center\">Tone<\/td><td class=\"has-text-align-center\" data-align=\"center\">Tiszteletteljes, hivatalos, komoly<\/td><\/tr><tr><td class=\"has-text-align-center\" data-align=\"center\">Hang<\/td><td class=\"has-text-align-center\" data-align=\"center\">M\u0171velt, hagyom\u00e1nytisztel\u0151, a fenn\u00e1ll\u00f3 rendet t\u00e1mogat\u00f3<\/td><\/tr><tr><td class=\"has-text-align-center\" data-align=\"center\">\u00c9rzelmi hat\u00e1s<\/td><td class=\"has-text-align-center\" data-align=\"center\">Az iskola tekint\u00e9lyesnek \u00e9s fontosnak t\u0171nik.<\/td><\/tr><\/tbody><\/table><\/figure>\n\n\n\n<p><strong>Sz\u00f3kincs B:<\/strong> B\u00f6rt\u00f6n, fogvatart\u00e1si k\u00f6zpont, foglyok, \u0151r\u00f6k (tan\u00e1rok helyett), b\u00fcntet\u00e9s (tan\u00edt\u00e1si \u00f3ra helyett)<\/p>\n\n\n\n<figure class=\"wp-block-table\"><table class=\"has-fixed-layout\"><tbody><tr><td class=\"has-text-align-center\" data-align=\"center\">Tone<\/td><td class=\"has-text-align-center\" data-align=\"center\">Cynical, rebellious, bitter<\/td><\/tr><tr><td class=\"has-text-align-center\" data-align=\"center\">Hang<\/td><td class=\"has-text-align-center\" data-align=\"center\">Szorong\u00e1sos, fiatalos, antiautorit\u00e1rius<\/td><\/tr><tr><td class=\"has-text-align-center\" data-align=\"center\">\u00c9rzelmi hat\u00e1s<\/td><td class=\"has-text-align-center\" data-align=\"center\">Az iskola elnyom\u00f3 \u00e9s embertelennek t\u0171nik.<\/td><\/tr><\/tbody><\/table><\/figure>\n\n\n\n<p><strong>Mi v\u00e1ltozott?<\/strong> A t\u00e9ma (iskola) ugyanaz. Az alapvet\u0151 t\u00e9nyek nem v\u00e1ltoztak. M\u00e9g a mondat szerkezete is azonos lehet. De a sz\u00f3haszn\u00e1lat teljesen \u00e1talak\u00edtotta a sz\u00f6veg \u00e9rzelmi val\u00f3s\u00e1g\u00e1t.<\/p>\n\n\n\n<p>A sz\u00f3haszn\u00e1lat nem csak a defin\u00edci\u00f3k r\u00e9v\u00e9n alak\u00edtja a jelent\u00e9st, hanem a hangnemet is a <em>fizikai hang<\/em> szavak. Ezt fonesztetik\u00e1nak nevezik.<\/p>\n\n\n\n<figure class=\"wp-block-table\"><table class=\"has-fixed-layout\"><tbody><tr><td class=\"has-text-align-center\" data-align=\"center\"><strong>Hang t\u00edpus<\/strong><\/td><td class=\"has-text-align-center\" data-align=\"center\"><strong>Levelek \/ P\u00e9ld\u00e1k<\/strong><\/td><td class=\"has-text-align-center\" data-align=\"center\"><strong>Hat\u00e1sa a hangsz\u00ednre<\/strong><\/td><td class=\"has-text-align-center\" data-align=\"center\"><strong>Milyen \u00e9rz\u00e9s kimondani<\/strong><\/td><td class=\"has-text-align-center\" data-align=\"center\"><strong>Legjobb<\/strong><\/td><td class=\"has-text-align-center\" data-align=\"center\"><strong>P\u00e9lda mondat<\/strong><\/td><\/tr><tr><td class=\"has-text-align-center\" data-align=\"center\">Kem\u00e9ny hangok<\/td><td class=\"has-text-align-center\" data-align=\"center\">Plos\u00edvok: b, p, t, d, k, g<\/td><td class=\"has-text-align-center\" data-align=\"center\">Robban\u00e9kony, \u00fct\u0151s, agressz\u00edv<\/td><td class=\"has-text-align-center\" data-align=\"center\">A sz\u00e1j \u201cmegt\u00e1madja\u201d ezeket a hangokat; er\u0151re van sz\u00fcks\u00e9g<\/td><td class=\"has-text-align-center\" data-align=\"center\">Cselekv\u00e9s, d\u00fch, er\u0151szak, intenzit\u00e1s, zavar<\/td><td class=\"has-text-align-center\" data-align=\"center\"><em>R\u00fagd be az ajt\u00f3t! T\u00f6rj \u00e1t! \u00c1llj meg!<\/em><\/td><\/tr><tr><td class=\"has-text-align-center\" data-align=\"center\">Sima hangok<\/td><td class=\"has-text-align-center\" data-align=\"center\">Sziszeg\u0151 hangok: s, sh, z; Foly\u00e9kony hangok: l, r<\/td><td class=\"has-text-align-center\" data-align=\"center\">Foly\u00e9kony, puha, folyamatos<\/td><td class=\"has-text-align-center\" data-align=\"center\">A sz\u00e1j k\u00f6nnyed\u00e9n siklik \u00e1t ezeken a hangokon; k\u00f6nnyeds\u00e9gre van sz\u00fcks\u00e9g<\/td><td class=\"has-text-align-center\" data-align=\"center\">Romantika, term\u00e9szet, meggy\u0151z\u00e9s, nyugalom, k\u00e9nyelem<\/td><td class=\"has-text-align-center\" data-align=\"center\"><em>A csend foly\u00e9kony ez\u00fcstk\u00e9nt \u00e1ramlott, l\u00e1gy f\u00e9ny suttog\u00e1sa.<\/em><\/td><\/tr><\/tbody><\/table><\/figure>\n\n\n\n<h2 class=\"wp-block-heading\">Hogyan lehet azonos\u00edtani a st\u00edlust egy sz\u00f6vegr\u00e9szletben?<\/h2>\n\n\n\n<p>A Diamond Analysis Formula seg\u00edts\u00e9g\u00e9vel b\u00e1rmelyik sz\u00f6vegr\u00e9szben azonos\u00edthatja a st\u00edlust.<\/p>\n\n\n\n<p>Ez a m\u00f3dszer n\u00e9gy egyszer\u0171 l\u00e9p\u00e9sben seg\u00edt \u00f6sszekapcsolni a mikroelemet (egy sz\u00f3t) a makrojelent\u00e9ssel (az \u00e1ltal\u00e1nos \u00fczenettel):<\/p>\n\n\n\n<p><strong>1. l\u00e9p\u00e9s: Technika (A sz\u00f3 azonos\u00edt\u00e1sa)<\/strong><\/p>\n\n\n\n<p>Melyik konkr\u00e9t sz\u00f3v\u00e1laszt\u00e1st vizsg\u00e1lja?<\/p>\n\n\n\n<p><strong>P\u00e9lda:<\/strong> T<em>A szerz\u0151 a \u2018fert\u0151z\u00f6tt\u2019 sz\u00f3t haszn\u00e1lja a v\u00e1ros le\u00edr\u00e1s\u00e1ra.<\/em><\/p>\n\n\n\n<p><strong>2. l\u00e9p\u00e9s: Asszoci\u00e1ci\u00f3 (a konnot\u00e1ci\u00f3 kibont\u00e1sa)<\/strong><\/p>\n\n\n\n<p>Mit jelent ez a sz\u00f3? Milyen k\u00e9peket, \u00e9rzelmeket vagy kultur\u00e1lis asszoci\u00e1ci\u00f3kat hordoz?<\/p>\n\n\n\n<p><strong>P\u00e9lda:<\/strong> <em>A \u2019fert\u0151z\u00f6tt\u201d kifejez\u00e9s betegs\u00e9get, rovarokat, k\u00e1rtev\u0151ket, szennyez\u0151d\u00e9st, inv\u00e1zi\u00f3t \u00e9s kontroll hi\u00e1ny\u00e1t jelenti. Valami fert\u0151z\u00f6ttre utal, amit ki kell irtani.<\/em><\/p>\n\n\n\n<p><strong>3. l\u00e9p\u00e9s: Hat\u00e1s (hogyan \u00e9rinti az olvas\u00f3kat)<\/strong><\/p>\n\n\n\n<p>Milyen \u00e9rzelmi vagy pszichol\u00f3giai reakci\u00f3t v\u00e1lt ki ez a k\u00f6z\u00f6ns\u00e9gb\u0151l?<\/p>\n\n\n\n<p><strong>P\u00e9lda:<\/strong> <em>Ez m\u00e9ly undort \u00e9s visszatasz\u00edt\u00e1st kelt. Embertelenn\u00e9 teszi a v\u00e1ros lak\u00f3it, mivel k\u00e1rtev\u0151kkel egyenrang\u00faaknak tekinti \u0151ket \u2013 olyan dolgoknak, amelyeket meg kell semmis\u00edteni, nem pedig embereknek, akiknek seg\u00edteni kell.<\/em><\/p>\n\n\n\n<p>Ez a l\u00e9p\u00e9s megmutatja, hogy az \u201cfert\u0151z\u00f6tt\u201d \u00e9s hasonl\u00f3 sz\u00f3haszn\u00e1lati p\u00e9ld\u00e1k hogyan manipul\u00e1lj\u00e1k az olvas\u00f3 \u00e9rzelmeit konnotat\u00edv asszoci\u00e1ci\u00f3k r\u00e9v\u00e9n.<\/p>\n\n\n\n<p><strong>4. l\u00e9p\u00e9s: Jelent\u00e9s (kapcsolat a t\u00e9m\u00e1val)<\/strong><\/p>\n\n\n\n<p>Hogyan t\u00e1mogatja ez a sz\u00f3v\u00e1laszt\u00e1s a m\u0171 \u00e1ltal\u00e1nos \u00fczenet\u00e9t vagy t\u00e9m\u00e1j\u00e1t?<\/p>\n\n\n\n<p><strong>P\u00e9lda:<\/strong> <em>Ez meger\u0151s\u00edti azt a t\u00e9m\u00e1t, hogy az uralkod\u00f3 oszt\u00e1ly a szeg\u00e9nyeket nem m\u00e9lt\u00f3s\u00e1got \u00e9rdeml\u0151 polg\u00e1rt\u00e1rsaknak, hanem embertelen k\u00e1rtev\u0151knek tekinti. A sz\u00f3haszn\u00e1lat felfedi azt a dehumaniz\u00e1l\u00f3 ideol\u00f3gi\u00e1t, amely igazolja elnyom\u00e1sukat.<\/em><\/p>\n\n\n\n<p>A mesters\u00e9ges intelligencia kor\u00e1ban a sz\u00f3haszn\u00e1lat elemz\u00e9se kiss\u00e9 nehezebb\u00e9 v\u00e1lt. A mesters\u00e9ges intelligencia eszk\u00f6z\u00f6k gyakran nagyon \u201c\u00e1tlagos\u201d szavakat haszn\u00e1lnak. Ezek helyesek, de unalmasak, form\u00e1lisak \u00e9s nem t\u00fal emberiek. Ez miatt az \u00edr\u00e1s merevnek vagy robotosnak t\u0171nhet.<\/p>\n\n\n\n<p><a href=\"https:\/\/undetectable.ai\/\" target=\"_blank\" rel=\"noreferrer noopener\">AI Detector<\/a> seg\u00edt megtal\u00e1lni ezeket a term\u00e9szetellenes szakaszokat. Ha egy r\u00e9szt jel\u00f6l, az \u00e1ltal\u00e1ban azt jelenti, hogy a st\u00edlusod t\u00fal egyszer\u0171, t\u00fal ism\u00e9tl\u0151d\u0151, vagy hi\u00e1nyzik bel\u0151le az emberi kifejez\u00e9s egyedi hangz\u00e1sa.<\/p>\n\n\n\n<p>Haszn\u00e1lja ezt <a href=\"https:\/\/undetectable.ai\/\" target=\"_blank\" rel=\"noreferrer noopener\">AI Detector<\/a> hogy felismerd, hol t\u0171nik mesters\u00e9gesnek az \u00edr\u00e1sod, \u00e9s finom\u00edthasd a hangnemet.<\/p>\n\n\n\n<p>Ha \u00edr\u00e1sod merevnek vagy t\u00fal tudom\u00e1nyosnak t\u0171nik, akkor ez <a href=\"https:\/\/undetectable.ai\/\" target=\"_blank\" rel=\"noreferrer noopener\">AI Humanizer<\/a> sim\u00edthatja. \u00c1t\u00edrja a mondatokat, hogy term\u00e9szetesebbnek hangozzanak, m\u00f3dos\u00edtja a kifejez\u00e9seket, v\u00e1ltoztatja a mondatok hossz\u00e1t, \u00e9s melegebb, emberibb hangnemet ad hozz\u00e1.<\/p>\n\n\n\n<h2 class=\"wp-block-heading\">A tanul\u00f3k \u00e1ltal elk\u00f6vetett gyakori hib\u00e1k<\/h2>\n\n\n\n<p>A dikci\u00f3 jelent\u00e9s\u00e9nek meg\u00e9rt\u00e9se mag\u00e1ban foglalja azt is, hogy tudjuk, mit NE tegy\u00fcnk.<\/p>\n\n\n\n<p>Ezek azok a hib\u00e1k, amelyeket a legt\u00f6bb ember folyamatosan ism\u00e9tel:<\/p>\n\n\n\n<ol class=\"wp-block-list\">\n<li><strong>Thesaurus-szindr\u00f3ma<\/strong><\/li>\n<\/ol>\n\n\n\n<p>Kifinomult vagy ritka szavak haszn\u00e1lata csak az\u00e9rt, hogy okosabbnak t\u0171nj\u00f6n. <strong>P\u00e9lda:&nbsp;<\/strong><\/p>\n\n\n\n<ul class=\"wp-block-list\">\n<li>V\u00e1ltoz\u00e1s <em>\u201cA h\u00e1z nagy volt\u201d <\/em>a  c\u00edmre.<em> \u201cA lak\u00f3hely hatalmas volt.\u201d<\/em><\/li>\n<\/ul>\n\n\n\n<p>K\u00e9nyszer\u00edtettnek vagy helytelennek t\u0171nik. A \u201cvoluminous\u201d (t\u00e9rfogat\u00fa) sz\u00f3 hajra vagy ruh\u00e1kra vonatkozik, nem h\u00e1zakra. Az olvas\u00f3 figyelm\u00e9t eltereli, \u00e9s megszak\u00edtja a sz\u00f6veg folytonoss\u00e1g\u00e1t.<\/p>\n\n\n<div class=\"wp-block-image\">\n<figure class=\"aligncenter size-full\"><img loading=\"lazy\" decoding=\"async\" width=\"366\" height=\"417\" src=\"https:\/\/undetectable.ai/blog\/wp-content\/uploads\/2025\/11\/word-choice-meme.jpg\" alt=\"\" class=\"wp-image-17687\" title=\"\" srcset=\"https:\/\/undetectable.ai/blog\/wp-content\/uploads\/2025\/11\/word-choice-meme.jpg 366w, https:\/\/undetectable.ai/blog\/wp-content\/uploads\/2025\/11\/word-choice-meme-263x300.jpg 263w, https:\/\/undetectable.ai/blog\/wp-content\/uploads\/2025\/11\/word-choice-meme-11x12.jpg 11w\" sizes=\"auto, (max-width: 366px) 100vw, 366px\" \/><\/figure><\/div>\n\n\n<ol class=\"wp-block-list\">\n<li><strong>Inkonzisztencia<\/strong><\/li>\n<\/ol>\n\n\n\n<p>Ugyanazon kontextusban indokolatlanul keverni a form\u00e1lis \u00e9s az inform\u00e1lis st\u00edlust. <strong>P\u00e9lda:<\/strong><\/p>\n\n\n\n<ul class=\"wp-block-list\">\n<li><em>A vez\u00e9rigazgat\u00f3 el\u0151ad\u00e1sa vil\u00e1gos volt, de \u00fagy \u00e9reztem, hogy a hangulata nem volt megfelel\u0151.<\/em><\/li>\n<\/ul>\n\n\n\n<p>Nem vil\u00e1gos, hogy ez szakmai kritika vagy csak pletyka, \u00e9s ez gyeng\u00edti a hiteless\u00e9gedet.<\/p>\n\n\n\n<ol start=\"2\" class=\"wp-block-list\">\n<li><strong>Absztrakci\u00f3 t\u00falterhel\u00e9s<\/strong><\/li>\n<\/ol>\n\n\n\n<p>T\u00fal sok absztrakt f\u0151n\u00e9v (a -tion, -ness, -ment v\u00e9g\u0171 szavak) haszn\u00e1lata a k\u00f6zvetlen cselekv\u00e9s helyett. <strong>P\u00e9lda:&nbsp;<\/strong><\/p>\n\n\n\n<ul class=\"wp-block-list\">\n<li><em>A c\u00e9l el\u00e9r\u00e9s\u00e9hez az er\u0151forr\u00e1sok felhaszn\u00e1l\u00e1sa sz\u00fcks\u00e9ges.<\/em><\/li>\n<\/ul>\n\n\n\n<p>&nbsp;Ez unalmas, hom\u00e1lyos, v\u00e1llalati nyelv. Haszn\u00e1ljon konkr\u00e9t, akt\u00edv sz\u00f3haszn\u00e1latot: \u201cA c\u00e9l el\u00e9r\u00e9s\u00e9hez ezt az eszk\u00f6zt kell haszn\u00e1lnunk.\u201d<\/p>\n\n\n\n<ol start=\"3\" class=\"wp-block-list\">\n<li><strong>Nem sz\u00e1nd\u00e9kos ism\u00e9tl\u00e9s<\/strong><\/li>\n<\/ol>\n\n\n\n<p>Ugyanazt az er\u0151s sz\u00f3t t\u00fal sokszor haszn\u00e1lni egym\u00e1s ut\u00e1n. <strong>P\u00e9lda:&nbsp;<\/strong><\/p>\n\n\n\n<ul class=\"wp-block-list\">\n<li><em>A ragyog\u00f3 t\u0171z f\u00e9nye megvil\u00e1g\u00edtotta a ragyog\u00f3 szob\u00e1t.<\/em><\/li>\n<\/ul>\n\n\n\n<p>Ez az \u00edr\u00e1sodat lust\u00e1nak \u00e9s unalmasnak t\u00fcnteti fel. Ez nem ugyanaz, mint a sz\u00e1nd\u00e9kos ism\u00e9tl\u00e9s (p\u00e9ld\u00e1ul \u201cVan egy \u00e1lmom\u2026\u201d). A nem tervezett ism\u00e9tl\u00e9s egyszer\u0171en csak irrit\u00e1lja az olvas\u00f3t.<\/p>\n\n\n\n<h2 class=\"wp-block-heading\">Hogyan jav\u00edthatod a saj\u00e1t \u00edr\u00e1sod st\u00edlus\u00e1t?<\/h2>\n\n\n\n<p>Ez az \u00f6t m\u00f3dszer seg\u00edt \u00d6nnek a sz\u00f3v\u00e1laszt\u00e1s finom\u00edt\u00e1s\u00e1ban \u00e9s a dikci\u00f3 gyakorlati elsaj\u00e1t\u00edt\u00e1s\u00e1ban:<\/p>\n\n\n\n<ol class=\"wp-block-list\">\n<li><strong>Stephen King \u201c10% szab\u00e1lya\u201d<\/strong><\/li>\n<\/ol>\n\n\n\n<p>\u00cdrja meg szabadon az els\u0151 v\u00e1zlatot, an\u00e9lk\u00fcl, hogy a sz\u00f3haszn\u00e1latra figyelne. Majd a jav\u00edt\u00e1s sor\u00e1n k\u00e9nyszer\u00edtse mag\u00e1t arra, hogy 10%-vel cs\u00f6kkentse a sz\u00f3sz\u00e1mot an\u00e9lk\u00fcl, hogy a jelent\u00e9s romlana.<\/p>\n\n\n\n<p>\u00cdgy term\u00e9szetesen a \u201cnagyon gyorsan futott\u201d (3 sz\u00f3) kifejez\u00e9st \u201crohanott\u201d (1 sz\u00f3) kifejez\u00e9ssel helyettes\u00edted.<\/p>\n\n\n\n<ol start=\"2\" class=\"wp-block-list\">\n<li><strong>Blackout k\u00f6lt\u00e9szet<\/strong><\/li>\n<\/ol>\n\n\n\n<p>Vegy\u00e9l egy oldalt egy \u00fajs\u00e1gb\u00f3l vagy egy r\u00e9gi k\u00f6nyvb\u0151l. Fekete filccel h\u00fazd \u00e1t szinte az \u00f6sszes sz\u00f3t, csak n\u00e9h\u00e1nyat hagyj l\u00e1that\u00f3v\u00e1, amelyekb\u0151l egy \u00faj vers vagy mondat \u00e1ll \u00f6ssze.<\/p>\n\n\n\n<ol start=\"3\" class=\"wp-block-list\">\n<li><strong>\u00cdr\u00e1s E-Prime-ban<\/strong><\/li>\n<\/ol>\n\n\n\n<p>\u00cdrj egy bekezd\u00e9st an\u00e9lk\u00fcl, hogy b\u00e1rmilyen form\u00e1j\u00e1t haszn\u00e1ln\u00e1d a \u201clenni\u201d ig\u00e9nek (van, vannak, volt, voltak, vagyok, vagy, volt\u00e1l). A \u201clenni\u201d ig\u00e9k passz\u00edv \u00f6sszek\u00f6t\u0151k.<\/p>\n\n\n\n<p>Ezek elt\u00e1vol\u00edt\u00e1sa arra k\u00e9nyszer\u00edt, hogy akt\u00edv, \u00fct\u0151s ig\u00e9ket tal\u00e1lj a cselekv\u00e9s \u00e9s a l\u00e9tez\u00e9s le\u00edr\u00e1s\u00e1ra.<\/p>\n\n\n\n<ul class=\"wp-block-list\">\n<li><strong>El\u0151tte: <\/strong>\u201cA f\u00e9rfi d\u00fch\u00f6s volt.\u201d<\/li>\n\n\n\n<li><strong>Ut\u00e1na: <\/strong>\u201cA f\u00e9rfi morcosan n\u00e9zett, \u00e9s a l\u00e1b\u00e1val dobbantott.\u201d<\/li>\n<\/ul>\n\n\n\n<ol start=\"4\" class=\"wp-block-list\">\n<li><strong>A \u201cspecifikus vs. \u00e1ltal\u00e1nos\u201d spektrum gyakorlat<\/strong><\/li>\n<\/ol>\n\n\n\n<p>Vegy\u00fcnk egy semleges mondatot, \u00e9s \u00edrjuk \u00e1t h\u00e1romszor, minden alkalommal n\u00f6velve a kifejez\u00e9s pontoss\u00e1g\u00e1t.<\/p>\n\n\n\n<ul class=\"wp-block-list\">\n<li>1. szint: Az \u00e1llat hangot adott ki.<\/li>\n\n\n\n<li>2. szint: A kutya hangosan ugatott.<\/li>\n\n\n\n<li>3. szint: A golden retriever ugatott a mennyd\u00f6rg\u00e9s hallat\u00e1n.<\/li>\n<\/ul>\n\n\n\n<p>Ez arra tan\u00edtja az agyadat, hogy a \u201cf\u00e1jdalomcsillap\u00edt\u00f3\u201d szavakat (3. szint) v\u00e1laszd a \u201cvitamin\u201d szavak (1. szint) helyett.<\/p>\n\n\n\n<ol start=\"5\" class=\"wp-block-list\">\n<li><strong>Ford\u00edt\u00e1s \u00e9s ut\u00e1nz\u00e1s<\/strong><\/li>\n<\/ol>\n\n\n\n<p>Olvass el egy h\u00edres \u00edr\u00f3 (pl. Hemingway) m\u0171v\u00e9b\u0151l egy r\u00e9szletet. \u00cdrd \u00e1t a r\u00e9szletet \u00fagy, hogy meg\u0151rizd a jelent\u00e9s\u00e9t, de a hangnem\u00e9t ellent\u00e9tesre v\u00e1ltoztasd (pl. \u00edrd \u00e1t Hemingway m\u0171v\u00e9nek st\u00edlus\u00e1t Jane Austen st\u00edlus\u00e1ra).&nbsp;<\/p>\n\n\n\n<p>Ez pontosan r\u00e1vil\u00e1g\u00edt arra, hogy mely szavak alkotj\u00e1k a \u201changot\u201d. R\u00e1j\u00f6ssz, hogy a \u201cn\u0151\u201d sz\u00f3 \u201ch\u00f6lgyre\u201d vagy az \u201cital\u201d sz\u00f3 \u201c\u00e1ldozati italra\u201d cser\u00e9l\u00e9se drasztikusan megv\u00e1ltoztatja a sz\u00f6veg DNS-\u00e9t.<\/p>\n\n\n\n<p>Ez a gyakorlat elm\u00e9ly\u00edti a sz\u00f3haszn\u00e1lat t\u00edpusainak meg\u00e9rt\u00e9s\u00e9t.<\/p>\n\n\n\n<ul class=\"wp-block-list\">\n<li>Ha nehezen veszi \u00e9szre a saj\u00e1t \u00edr\u00e1s\u00e1ban a k\u00ednos vagy gyenge sz\u00f3v\u00e1laszt\u00e1sokat, akkor a <a href=\"https:\/\/undetectable.ai\/paragraph-rewriter\" target=\"_blank\" rel=\"noreferrer noopener\">Paragraph Rewriter<\/a> nagyon sokat seg\u00edthet. Csak illessze be a bekezd\u00e9st az eszk\u00f6zbe, \u00e9s pr\u00f3b\u00e1ljon ki k\u00fcl\u00f6nb\u00f6z\u0151 be\u00e1ll\u00edt\u00e1sokat. Amikor megl\u00e1tja, hogyan \u00edrja \u00e1t az \u00f6tleteit, \u00faj \u00e9s er\u0151teljesebb sz\u00f3v\u00e1laszt\u00e1sokat fedezhet fel, amelyekre tal\u00e1n nem is gondolt volna. \u00dagy m\u0171k\u00f6dik, mint egy gyors szerkeszt\u0151.\u00a0<\/li>\n<\/ul>\n\n\n\n<ul class=\"wp-block-list\">\n<li>R\u00e1ad\u00e1sul a <a href=\"https:\/\/undetectable.ai\/writing-style-replicator\" target=\"_blank\" rel=\"noreferrer noopener\">\u00cdr\u00e1sst\u00edlus replik\u00e1tor<\/a> lehet\u0151v\u00e9 teszi, hogy k\u00fcl\u00f6nb\u00f6z\u0151 hangsz\u00ednekkel \u00e9s hangv\u00e1ltozatokkal k\u00eds\u00e9rletezzen, seg\u00edtve \u00d6nt abban, hogy megtal\u00e1lja az \u00fczenet\u00e9hez legink\u00e1bb ill\u0151 st\u00edlust. L\u00e1thatja, hogy a k\u00fcl\u00f6nb\u00f6z\u0151 dikci\u00f3k hogyan alak\u00edtj\u00e1k \u00e1t ugyanazt a tartalmat.<\/li>\n<\/ul>\n\n\n<div class=\"wp-block-image\">\n<figure class=\"aligncenter size-large\"><img loading=\"lazy\" decoding=\"async\" width=\"1024\" height=\"476\" src=\"https:\/\/undetectable.ai/blog\/wp-content\/uploads\/2025\/08\/writing-style-replicator-undetectable-ai-1024x476.jpg\" alt=\"Undetectable AI&#039;s Writing Style Replicator eszk\u00f6z k\u00e9perny\u0151k\u00e9p\" class=\"wp-image-13269\" title=\"\" srcset=\"https:\/\/undetectable.ai/blog\/wp-content\/uploads\/2025\/08\/writing-style-replicator-undetectable-ai-1024x476.jpg 1024w, https:\/\/undetectable.ai/blog\/wp-content\/uploads\/2025\/08\/writing-style-replicator-undetectable-ai-300x139.jpg 300w, https:\/\/undetectable.ai/blog\/wp-content\/uploads\/2025\/08\/writing-style-replicator-undetectable-ai-768x357.jpg 768w, https:\/\/undetectable.ai/blog\/wp-content\/uploads\/2025\/08\/writing-style-replicator-undetectable-ai-18x8.jpg 18w, https:\/\/undetectable.ai/blog\/wp-content\/uploads\/2025\/08\/writing-style-replicator-undetectable-ai.jpg 1046w\" sizes=\"auto, (max-width: 1024px) 100vw, 1024px\" \/><\/figure><\/div>\n\n\n<p>Kezdje el haszn\u00e1lni az AI Detector \u00e9s Humanizer programunkat az al\u00e1bbi widgetben!<\/p>\n\n\n\n<div id=\"uai-widget\" data-affiliate-link=\"https:\/\/undetectable.ai\/?_by=hi4km\"><script>var js = document.createElement(\"script\");js.async = true;js.src = \"https:\/\/widget.undetectable.ai\/js\/widget-loader.js?t=\"+Date.now();document.getElementsByTagName(\"head\")[0].appendChild(js);<\/script><\/div>\n\n\n\n<h2 class=\"wp-block-heading\">K\u00f6vetkeztet\u00e9s<\/h2>\n\n\n\n<p>Ne \u00edrj vakon. Minden sz\u00f3, amit v\u00e1lasztasz, vagy meger\u0151s\u00edti a sz\u00e1nd\u00e9kolt jelent\u00e9st, vagy elrontja azt, nincs semleges v\u00e1laszt\u00e1s.<\/p>\n\n\n\n<p>Kezdj\u00fck ezzel\u2026<\/p>\n\n\n\n<p>Nyisd meg valamit, amit nemr\u00e9g \u00edrt\u00e1l.&nbsp;<\/p>\n\n\n\n<ul class=\"wp-block-list\">\n<li>Keresse meg a gyenge ig\u00e9ket (\u201cvolt\u201d, \u201cment\u201d, \u201cmondta\u201d), \u00e9s cser\u00e9lje ki \u0151ket konkr\u00e9tabbakra (\u201cm\u00e9rgesen n\u00e9zett\u201d, \u201crohanva\u201d, \u201csziszegett\u201d).&nbsp;<\/li>\n\n\n\n<li>Ezut\u00e1n keresse meg az absztrakt f\u0151neveket (\u201chat\u00e9konys\u00e1g\u201d, \u201coptimaliz\u00e1l\u00e1s\u201d, \u201cmin\u0151s\u00e9g\u201d).<\/li>\n\n\n\n<li>Cser\u00e9lje ki \u0151ket konkr\u00e9t k\u00e9pekkel (\u201c20 \u00f3ra megtakar\u00edt\u00e1s\u201d, \u201cegy kattint\u00e1sos megold\u00e1s\u201d, \u201cselymesen sima fel\u00fclet\u201d).<\/li>\n<\/ul>\n\n\n\n<p>Ennyi. \u00cdgy haszn\u00e1ltad a sz\u00f3t\u00e1rat.<\/p>\n\n\n\n<p>Pr\u00f3b\u00e1lja ki a <a href=\"https:\/\/undetectable.ai\/\" target=\"_blank\" rel=\"noreferrer noopener\">AI Detector<\/a> munk\u00e1dban, hogy felismerd a robotikus mint\u00e1kat. Haszn\u00e1ld az AI Humanizert, ha \u00edr\u00e1sod merevnek t\u0171nik. <\/p>\n\n\n\n<p>K\u00eds\u00e9rletezzen az \u00cdr\u00e1sst\u00edlus-replik\u00e1torral, hogy megn\u00e9zze, hogyan hoznak l\u00e9tre k\u00fcl\u00f6nb\u00f6z\u0151 hangnemek k\u00fcl\u00f6nb\u00f6z\u0151 hangokat.<\/p>\n\n\n\n<p>A dikci\u00f3 egy k\u00e9szs\u00e9g. \u00c9s most megtanultad, hogyan fejleszd.<\/p>\n\n\n\n<p>\u00cdr\u00e1saidat emberk\u00f6zeliv\u00e9 \u00e9s hitelesekk\u00e9 tedd a <a href=\"https:\/\/undetectable.ai\/\" target=\"_blank\" data-type=\"link\" data-id=\"https:\/\/undetectable.ai\/\" rel=\"noreferrer noopener\">Kimutathatatlan AI<\/a>.<\/p>","protected":false},"excerpt":{"rendered":"","protected":false},"author":15,"featured_media":17689,"comment_status":"closed","ping_status":"closed","sticky":false,"template":"","format":"standard","meta":{"_themeisle_gutenberg_block_has_review":false,"footnotes":""},"categories":[31],"tags":[],"class_list":["post-17679","post","type-post","status-publish","format-standard","has-post-thumbnail","hentry","category-helpful-ai-content-tips"],"_links":{"self":[{"href":"https:\/\/undetectable.ai/blog\/hu\/wp-json\/wp\/v2\/posts\/17679","targetHints":{"allow":["GET"]}}],"collection":[{"href":"https:\/\/undetectable.ai/blog\/hu\/wp-json\/wp\/v2\/posts"}],"about":[{"href":"https:\/\/undetectable.ai/blog\/hu\/wp-json\/wp\/v2\/types\/post"}],"author":[{"embeddable":true,"href":"https:\/\/undetectable.ai/blog\/hu\/wp-json\/wp\/v2\/users\/15"}],"replies":[{"embeddable":true,"href":"https:\/\/undetectable.ai/blog\/hu\/wp-json\/wp\/v2\/comments?post=17679"}],"version-history":[{"count":6,"href":"https:\/\/undetectable.ai/blog\/hu\/wp-json\/wp\/v2\/posts\/17679\/revisions"}],"predecessor-version":[{"id":17756,"href":"https:\/\/undetectable.ai/blog\/hu\/wp-json\/wp\/v2\/posts\/17679\/revisions\/17756"}],"wp:featuredmedia":[{"embeddable":true,"href":"https:\/\/undetectable.ai/blog\/hu\/wp-json\/wp\/v2\/media\/17689"}],"wp:attachment":[{"href":"https:\/\/undetectable.ai/blog\/hu\/wp-json\/wp\/v2\/media?parent=17679"}],"wp:term":[{"taxonomy":"category","embeddable":true,"href":"https:\/\/undetectable.ai/blog\/hu\/wp-json\/wp\/v2\/categories?post=17679"},{"taxonomy":"post_tag","embeddable":true,"href":"https:\/\/undetectable.ai/blog\/hu\/wp-json\/wp\/v2\/tags?post=17679"}],"curies":[{"name":"wp","href":"https:\/\/api.w.org\/{rel}","templated":true}]}}