{"id":17706,"date":"2025-11-28T19:08:58","date_gmt":"2025-11-28T19:08:58","guid":{"rendered":"https:\/\/undetectable.ai/blog\/?p=17706"},"modified":"2026-03-26T21:06:23","modified_gmt":"2026-03-26T21:06:23","slug":"konnotacio","status":"publish","type":"post","link":"https:\/\/undetectable.ai/blog\/hu\/konnotacio\/","title":{"rendered":"Mi az a konnot\u00e1ci\u00f3? Meghat\u00e1roz\u00e1s, jelent\u00e9s \u00e9s p\u00e9ld\u00e1k"},"content":{"rendered":"<p>A konnot\u00e1ci\u00f3 a mindennapi besz\u00e9lget\u00e9seink \u00e9rdekes aspektusa.<\/p>\n\n\n\n<p>Besz\u00e9lgethetsz valakivel, \u00e9s kiemelhetsz egy olyan rejtett jelent\u00e9st, amelyet \u0151 tal\u00e1n nem vesz \u00e9szre.<\/p>\n\n\n\n<p>A konnot\u00e1ci\u00f3 r\u00e9v\u00e9n az emberek a szavak alapvet\u0151 sz\u00f3t\u00e1ri jelent\u00e9s\u00e9n t\u00falmutat\u00f3 \u00e9rtelmet is adhatnak nekik.<\/p>\n\n\n\n<p>\u00cdgy egy sz\u00f3 felsz\u00ednesen semlegesnek t\u0171nhet, de a megfelel\u0151 kontextusban a teljes \u00fczenet \u00e9rtelme megv\u00e1ltozhat.<\/p>\n\n\n\n<p>Ez\u00e9rt fontos meg\u00e9rteni, hogy mi is az a konnot\u00e1ci\u00f3 az \u00edr\u00e1sban \u00e9s a mindennapi besz\u00e9lget\u00e9sekben.<\/p>\n\n\n\n<p>A k\u00e9zik\u00f6nyv tov\u00e1bbi r\u00e9sz\u00e9ben \u00e9s tov\u00e1bbi konnot\u00e1ci\u00f3s p\u00e9ld\u00e1kkal megmutatjuk, hogy a negat\u00edv vagy pozit\u00edv konnot\u00e1ci\u00f3 hogyan befoly\u00e1solhatja a jelent\u00e9st \u00e9s a reakci\u00f3kat, m\u00e9g miel\u0151tt a mondat elhangzana.<\/p>\n\n\n\n<hr class=\"wp-block-separator has-alpha-channel-opacity\"\/>\n\n\n\n<p class=\"has-text-align-center\"><strong>A legfontosabb tudnival\u00f3k<\/strong><\/p>\n\n\n\n<ul class=\"wp-block-list\">\n<li>A konnot\u00e1ci\u00f3 a szavak m\u00f6g\u00f6tt rejl\u0151 tov\u00e1bbi jelent\u00e9sr\u00e9teg \u00e9s \u00e9rzelmi t\u00f6ltet, amelyet olyan t\u00e1rsadalmi-kultur\u00e1lis t\u00e9nyez\u0151k befoly\u00e1solnak, amelyek teljesen elt\u00e9r\u0151 benyom\u00e1sokat keltenek.<\/li>\n<\/ul>\n\n\n\n<p><\/p>\n\n\n\n<ul class=\"wp-block-list\">\n<li>A konnot\u00e1ci\u00f3k lehetnek pozit\u00edvak, negat\u00edvak vagy semlegesek, ez\u00e9rt az \u00edr\u00f3knak a k\u00f6z\u00f6ns\u00e9g\u00fcknek megfelel\u0151 t\u00edpust kell v\u00e1lasztaniuk, hogy az \u00fczenet\u00fck fel\u00e9 hajts\u00e1k vagy elt\u00e1vol\u00edts\u00e1k \u0151ket.<\/li>\n<\/ul>\n\n\n\n<p><\/p>\n\n\n\n<ul class=\"wp-block-list\">\n<li>A kontextus \u00e9s a kult\u00fara megv\u00e1ltoztatja a konnotat\u00edv jelent\u00e9st, ellent\u00e9tben a denotat\u00edv jelent\u00e9ssel, amely \u00e1ltal\u00e1ban stabil.<\/li>\n<\/ul>\n\n\n\n<p><\/p>\n\n\n\n<ul class=\"wp-block-list\">\n<li>A denot\u00e1ci\u00f3 a szavak sz\u00f3 szerinti sz\u00f3t\u00e1ri jelent\u00e9s\u00e9re utal, m\u00edg a konnot\u00e1ci\u00f3k ezeket a szavakat a sz\u00f3 szerinti jelent\u00e9s\u00fck\u00f6n t\u00falmutat\u00f3 jelent\u00e9ssel ruh\u00e1zz\u00e1k fel.<\/li>\n<\/ul>\n\n\n\n<p><\/p>\n\n\n\n<hr class=\"wp-block-separator has-alpha-channel-opacity\"\/>\n\n\n\n<h2 class=\"wp-block-heading\">Mi az a konnot\u00e1ci\u00f3?<\/h2>\n\n\n\n<p>A konnot\u00e1ci\u00f3 egy adott sz\u00f3hoz t\u00e1rs\u00edtott \u00e9rzelmet vagy gondolatot jelenti.<\/p>\n\n\n\n<p>Ez a sz\u00f3 jelent\u00e9s\u00e9t a sz\u00f3t\u00e1rban szerepl\u0151 sz\u00f3 szerinti jelent\u00e9s\u00e9n\u00e9l magasabb szintre emeli.<\/p>\n\n\n\n<p>Minden sz\u00f3nak van sz\u00f3t\u00e1ri jelent\u00e9se, de a konnot\u00e1ci\u00f3 biztos\u00edtja, hogy ezek a szavak \u00e9rzelmi \u00e1rnyalatokkal \u00e9s \u00e9rzelmi k\u00f6t\u0151d\u00e9ssel rendelkezzenek.<\/p>\n\n\n\n<p>Enn\u00e9l is fontosabb, hogy a konnot\u00e1ci\u00f3s defin\u00edci\u00f3 azt mutatja, hogy egy sz\u00f3hoz kapcsol\u00f3d\u00f3 tov\u00e1bbi \u00e9rzelmi \u00f6sszef\u00fcgg\u00e9s lehet pozit\u00edv, negat\u00edv vagy ak\u00e1r semleges is.<\/p>\n\n\n\n<p>P\u00e9ld\u00e1ul lehet n\u00e9h\u00e1ny sz\u00f3, amely ugyanarra a dologra utal, de a szavak jelent\u00e9s\u00e9b\u0151l ad\u00f3d\u00f3an teljesen elt\u00e9r\u0151 benyom\u00e1st kelt az olvas\u00f3kban.<\/p>\n\n\n\n<p>Az egyik f\u00e9l politikust h\u00edvhatna <strong>biztos<\/strong> \u00e9s a m\u00e1sik oldal \u0151ket h\u00edvn\u00e1 <strong>arrog\u00e1ns<\/strong>.<\/p>\n\n\n\n<p>B\u00e1r mindk\u00e9t sz\u00f3 hasonl\u00f3 viselked\u00e9st \u00edr le, a szavak k\u00fcl\u00f6nb\u00f6z\u0151 benyom\u00e1st keltenek az emberekben.<\/p>\n\n\n\n<p>A konnot\u00e1ci\u00f3 teh\u00e1t csendben m\u0171k\u00f6dik a h\u00e1tt\u00e9rben, mivel befoly\u00e1solja az emberek reakci\u00f3it, amikor tudatosan \u00e9rtelmezik az olvasott vagy hallottakat.<\/p>\n\n\n\n<h3 class=\"wp-block-heading\">Konnot\u00e1ci\u00f3s p\u00e9ld\u00e1k<\/h3>\n\n\n\n<p>\u00d6sszegy\u0171jt\u00f6tt\u00fcnk n\u00e9h\u00e1ny remek p\u00e9ld\u00e1t, amelyek bemutatj\u00e1k, hogy a konnot\u00e1ci\u00f3k milyen m\u00e9lys\u00e9get adnak a szavak jelent\u00e9s\u00e9nek.<\/p>\n\n\n\n<p>Ezekb\u0151l az illusztr\u00e1ci\u00f3kb\u00f3l megismerheted, hogy a konnotat\u00edv szavak hogyan befoly\u00e1solt\u00e1k lassan bizonyos szavak \u00e9rtelmez\u00e9s\u00e9t k\u00fcl\u00f6nb\u00f6z\u0151 nyelvekben. <a href=\"https:\/\/www.uis.edu\/learning-hub\/writing-resources\/handouts\/learning-hub\/context\" target=\"_blank\" rel=\"noreferrer noopener\">kontextusok<\/a>.<\/p>\n\n\n\n<figure class=\"wp-block-table\"><table class=\"has-fixed-layout\"><tbody><tr><td class=\"has-text-align-center\" data-align=\"center\"><strong>Sz\u00f3<\/strong><\/td><td class=\"has-text-align-center\" data-align=\"center\"><strong>Konnot\u00e1ci\u00f3<\/strong><\/td><td class=\"has-text-align-center\" data-align=\"center\"><strong>Hasonl\u00f3 sz\u00f3<\/strong><\/td><td class=\"has-text-align-center\" data-align=\"center\"><strong>Konnot\u00e1ci\u00f3<\/strong><\/td><\/tr><tr><td class=\"has-text-align-center\" data-align=\"center\">Takar\u00e9kos<\/td><td class=\"has-text-align-center\" data-align=\"center\">Pozit\u00edv (p\u00e9nz\u00fcgyekben b\u00f6lcs)<\/td><td class=\"has-text-align-center\" data-align=\"center\">Olcs\u00f3<\/td><td class=\"has-text-align-center\" data-align=\"center\">Negat\u00edv (nem hajland\u00f3 k\u00f6lteni)<\/td><\/tr><tr><td class=\"has-text-align-center\" data-align=\"center\">Karcs\u00fa<\/td><td class=\"has-text-align-center\" data-align=\"center\">Pozit\u00edv (vonz\u00f3an v\u00e9kony)<\/td><td class=\"has-text-align-center\" data-align=\"center\">Sov\u00e1ny<\/td><td class=\"has-text-align-center\" data-align=\"center\">Negat\u00edv (t\u00fal v\u00e9kony)<\/td><\/tr><tr><td class=\"has-text-align-center\" data-align=\"center\">Vintage<\/td><td class=\"has-text-align-center\" data-align=\"center\">Pozit\u00edv (klasszikus \u00e9s \u00e9rt\u00e9kes)<\/td><td class=\"has-text-align-center\" data-align=\"center\">R\u00e9gi<\/td><td class=\"has-text-align-center\" data-align=\"center\">Semleges\/Negat\u00edv (elhaszn\u00e1l\u00f3dott)<\/td><\/tr><tr><td class=\"has-text-align-center\" data-align=\"center\">Fiatalos<\/td><td class=\"has-text-align-center\" data-align=\"center\">Pozit\u00edv (energikus \u00e9s friss)<\/td><td class=\"has-text-align-center\" data-align=\"center\">Gyermeki<\/td><td class=\"has-text-align-center\" data-align=\"center\">Negat\u00edv (\u00e9retlen)<\/td><\/tr><tr><td class=\"has-text-align-center\" data-align=\"center\">Szelekt\u00edv<\/td><td class=\"has-text-align-center\" data-align=\"center\">Pozit\u00edv (megk\u00fcl\u00f6nb\u00f6ztet\u0151)<\/td><td class=\"has-text-align-center\" data-align=\"center\">V\u00e1logat\u00f3s<\/td><td class=\"has-text-align-center\" data-align=\"center\">Negat\u00edv (neh\u00e9z kiel\u00e9g\u00edteni)<\/td><\/tr><tr><td class=\"has-text-align-center\" data-align=\"center\">Megfizethet\u0151<\/td><td class=\"has-text-align-center\" data-align=\"center\">Pozit\u00edv (\u00e9sszer\u0171 \u00e1r)<\/td><td class=\"has-text-align-center\" data-align=\"center\">Olcs\u00f3<\/td><td class=\"has-text-align-center\" data-align=\"center\">Olcs\u00f3 negat\u00edv (alacsony min\u0151s\u00e9g)<\/td><\/tr><\/tbody><\/table><\/figure>\n\n\n\n<p>A megadott p\u00e9ld\u00e1b\u00f3l l\u00e1that\u00f3, hogy a konnot\u00e1ci\u00f3k hogyan gazdag\u00edtj\u00e1k a nyelvet. Ez\u00e1ltal kommunik\u00e1ci\u00f3ja kifejez\u0151bb\u00e9 v\u00e1lik, an\u00e9lk\u00fcl, hogy a szavak sz\u00f3 szerinti jelent\u00e9se megv\u00e1ltozna.<\/p>\n\n\n\n<h2 class=\"wp-block-heading\">Hogyan k\u00fcl\u00f6nb\u00f6zik a konnot\u00e1ci\u00f3 a denot\u00e1ci\u00f3t\u00f3l?<\/h2>\n\n\n<div class=\"wp-block-image\">\n<figure class=\"aligncenter size-large\"><img loading=\"lazy\" decoding=\"async\" width=\"1024\" height=\"683\" src=\"https:\/\/undetectable.ai/blog\/wp-content\/uploads\/2025\/11\/Happy-positive-beautiful-woman-making-like-gesture-1024x683.jpg\" alt=\"Boldog, pozit\u00edv, gy\u00f6ny\u00f6r\u0171 n\u0151, aki kedves gesztust tesz\" class=\"wp-image-17712\" title=\"\" srcset=\"https:\/\/undetectable.ai/blog\/wp-content\/uploads\/2025\/11\/Happy-positive-beautiful-woman-making-like-gesture-1024x683.jpg 1024w, https:\/\/undetectable.ai/blog\/wp-content\/uploads\/2025\/11\/Happy-positive-beautiful-woman-making-like-gesture-300x200.jpg 300w, https:\/\/undetectable.ai/blog\/wp-content\/uploads\/2025\/11\/Happy-positive-beautiful-woman-making-like-gesture-768x512.jpg 768w, https:\/\/undetectable.ai/blog\/wp-content\/uploads\/2025\/11\/Happy-positive-beautiful-woman-making-like-gesture-18x12.jpg 18w, https:\/\/undetectable.ai/blog\/wp-content\/uploads\/2025\/11\/Happy-positive-beautiful-woman-making-like-gesture.jpg 1200w\" sizes=\"auto, (max-width: 1024px) 100vw, 1024px\" \/><\/figure><\/div>\n\n\n<p>A nyelv gyakran k\u00e9t r\u00e9tegben m\u0171k\u00f6dik, hogy \u00e1tadja \u00fczenet\u00e9t.<\/p>\n\n\n\n<p>Az egyik r\u00e9teg a sz\u00f3 szerinti jelent\u00e9st magyar\u00e1zza, m\u00edg a m\u00e1sik a felsz\u00edn alatt rejt\u0151zik, \u00e9s befoly\u00e1solja a jelent\u00e9s \u00e9rtelmez\u00e9s\u00e9t.<\/p>\n\n\n\n<p>Ebben az esetben a l\u00e1that\u00f3 r\u00e9teg a k\u00f6vetkez\u0151: <a href=\"https:\/\/www.novlr.org\/glossary\/denotation\" target=\"_blank\" rel=\"noreferrer noopener\">jel\u00f6l\u00e9s<\/a>.<\/p>\n\n\n\n<p>Ez egy sz\u00f3t\u00e1rban tal\u00e1lhat\u00f3 sz\u00f3 hivatalos meghat\u00e1roz\u00e1sa.<\/p>\n\n\n\n<p>K\u00f6vetkez\u00e9sk\u00e9ppen ez az a sz\u00f3 szerinti \u00e9s objekt\u00edv jelent\u00e9s, amelyben a k\u00fcl\u00f6nb\u00f6z\u0151 demogr\u00e1fiai \u00e9s kultur\u00e1lis h\u00e1tt\u00e9rrel rendelkez\u0151 emberek egyet\u00e9rtenek.<\/p>\n\n\n\n<p>Teh\u00e1t a denot\u00e1ci\u00f3 a kifejez\u00e9sre utal. <strong>k\u00edgy\u00f3<\/strong> mint egy l\u00e1bak n\u00e9lk\u00fcli h\u00fcll\u0151, \u00e9s ennyi. A konnot\u00e1ci\u00f3 ezzel szemben minden m\u00e1s jelent\u00e9startalmat jelent, amelyet a sz\u00f3 mag\u00e1ban hordoz.<\/p>\n\n\n\n<p>Ezek lehetnek kultur\u00e1lis hovatartoz\u00e1sok, \u00e9rzelmi k\u00f6t\u0151d\u00e9sek, s\u0151t \u00e9lettapasztalatok is.<\/p>\n\n\n\n<p>K\u00f6vetkez\u00e9sk\u00e9ppen, <strong>k\u00edgy\u00f3k<\/strong> a t\u00f6rt\u00e9netek \u00e9s idi\u00f3m\u00e1k \u00e1ltal megtanult jelent\u00e9s\u00fck miatt csal\u00e1ssal vagy gonoszs\u00e1ggal t\u00e1rsulhatnak.<\/p>\n\n\n\n<figure class=\"wp-block-table\"><table class=\"has-fixed-layout\"><tbody><tr><td class=\"has-text-align-center\" data-align=\"center\"><strong>Denot\u00e1ci\u00f3<\/strong><\/td><td class=\"has-text-align-center\" data-align=\"center\"><strong>Konnot\u00e1ci\u00f3<\/strong><\/td><\/tr><tr><td class=\"has-text-align-center\" data-align=\"center\">Ez a sz\u00f3 sz\u00f3 szerinti jelent\u00e9se a sz\u00f3t\u00e1rban.<\/td><td class=\"has-text-align-center\" data-align=\"center\">Ez egy sz\u00f3 \u00e9rzelmi vagy kultur\u00e1lis asszoci\u00e1ci\u00f3ja.<\/td><\/tr><tr><td class=\"has-text-align-center\" data-align=\"center\">A jelent\u00e9sek t\u00e9nyszer\u0171ek \u00e9s objekt\u00edvek.<\/td><td class=\"has-text-align-center\" data-align=\"center\">Ez szubjekt\u00edv \u00e9s szem\u00e9lyes k\u00e9rd\u00e9s.<\/td><\/tr><tr><td class=\"has-text-align-center\" data-align=\"center\">A sz\u00f3 jelent\u00e9se mindenki sz\u00e1m\u00e1ra ugyanaz.<\/td><td class=\"has-text-align-center\" data-align=\"center\">A sz\u00f3 jelent\u00e9se kult\u00far\u00e1nk\u00e9nt \u00e9s kontextusonk\u00e9nt elt\u00e9r\u0151.<\/td><\/tr><tr><td class=\"has-text-align-center\" data-align=\"center\">A denot\u00e1ci\u00f3 meghat\u00e1rozza, hogy mir\u0151l sz\u00f3l valami.<\/td><td class=\"has-text-align-center\" data-align=\"center\">Ez megmutatja, hogyan \u00e9rezz\u00fck magunkat ezzel kapcsolatban.<\/td><\/tr><tr><td class=\"has-text-align-center\" data-align=\"center\">A k\u00f6vetkez\u0151 ter\u00fcleteken haszn\u00e1lj\u00e1k: <a href=\"https:\/\/undetectable.ai\/blog\/what-is-technical-writing-a-complete-guide\/\" target=\"_blank\" rel=\"noreferrer noopener\">m\u0171szaki \u00edr\u00e1s<\/a> \u00e9s a meghat\u00e1roz\u00e1sok\u00e9rt.<\/td><td class=\"has-text-align-center\" data-align=\"center\">Az emberek a meggy\u0151z\u0151 \u00edr\u00e1sokban \u00e9s a kreat\u00edv kifejez\u00e9sekben haszn\u00e1lj\u00e1k a konnot\u00e1ci\u00f3kat.<\/td><\/tr><tr><td class=\"has-text-align-center\" data-align=\"center\">A szavak jelent\u00e9se stabil \u00e9s ritk\u00e1n v\u00e1ltozik.<\/td><td class=\"has-text-align-center\" data-align=\"center\">A szavak konnotat\u00edv jelent\u00e9se a kultur\u00e1lis trendekkel egy\u00fctt v\u00e1ltozhat.<\/td><\/tr><\/tbody><\/table><\/figure>\n\n\n\n<h2 class=\"wp-block-heading\">A konnot\u00e1ci\u00f3 h\u00e1rom f\u0151 t\u00edpusa<\/h2>\n\n\n\n<p>A szavak nem csak semlegesen \u00e1llnak a pap\u00edron, v\u00e1rva, hogy elolvass\u00e1k \u0151ket. Bizonyos ir\u00e1nyba hajlanak, \u00e9s a figyelmet a j\u00f3v\u00e1hagy\u00e1s vagy az undor fel\u00e9 terelik.<\/p>\n\n\n\n<p>Ennek k\u00f6vetkezt\u00e9ben a konnot\u00e1ci\u00f3k az \u00e1ltaluk elfoglalt \u00e9rzelmi ter\u00fclet alapj\u00e1n h\u00e1rom csoportba sorolhat\u00f3k.<\/p>\n\n\n\n<p>Ezek a k\u00f6vetkez\u0151k:<\/p>\n\n\n\n<h3 class=\"wp-block-heading\">Pozit\u00edv konnot\u00e1ci\u00f3<\/h3>\n\n\n\n<p>Ez akkor t\u00f6rt\u00e9nik, amikor egy sz\u00f3 kellemes asszoci\u00e1ci\u00f3kat vagy kedvez\u0151 \u00e9rz\u00e9seket v\u00e1lt ki a besz\u00e9lget\u0151partnerben.<\/p>\n\n\n\n<p>Ezek olyan szavak, amelyek arra k\u00e9sztetik az embert, hogy el\u0151rehajoljon, hogy meghallgassa \u00d6nt, \u00e9s ne vonuljon vissza.\u00a0<\/p>\n\n\n\n<p>K\u00fcl\u00f6n\u00f6sen fontos, hogy a pozit\u00edv konnot\u00e1ci\u00f3k k\u00e9pezik a rekl\u00e1mkamp\u00e1ny alapj\u00e1t, mivel a hirdet\u0151k tudat\u00e1ban vannak annak, hogy a megfelel\u0151 sz\u00f3 egyetlen t\u00e9ny megeml\u00edt\u00e9se n\u00e9lk\u00fcl is ellen\u00e1llhatatlann\u00e1 teheti a term\u00e9ket a potenci\u00e1lis v\u00e1s\u00e1rl\u00f3 sz\u00e1m\u00e1ra.<\/p>\n\n\n\n<p>P\u00e9ld\u00e1ul, <strong>home<\/strong> felhaszn\u00e1lhat\u00f3 a hirdet\u00e9sben, hogy az \u00faj lak\u00e1sv\u00e1s\u00e1rl\u00f3knak a tartoz\u00e1s \u00e9rz\u00e9s\u00e9t kelts\u00e9k, m\u00edg <strong>karcs\u00fa<\/strong> felhaszn\u00e1lhat\u00f3 egy olyan hirdet\u00e9sben, amely fitnesz influencereket c\u00e9loz meg.<\/p>\n\n\n\n<h3 class=\"wp-block-heading\">Negat\u00edv konnot\u00e1ci\u00f3<\/h3>\n\n\n\n<p>A negat\u00edv konnot\u00e1ci\u00f3 olyan konnot\u00e1ci\u00f3k\u00e9nt \u00edrhat\u00f3 le, amely egy adott szem\u00e9lyben kellemetlen \u00e9rz\u00e9st vagy kritik\u00e1t v\u00e1lt ki.<\/p>\n\n\n\n<p>Maga a sz\u00f3 jelent\u00e9se semleges lehet, de azok sz\u00e1m\u00e1ra, akik hallj\u00e1k, valami kellemetlen dolgot jelenthet.\u00a0<\/p>\n\n\n\n<p>P\u00e9lda erre a sz\u00f3 <strong>politikus<\/strong> amelynek sok negat\u00edv konnot\u00e1ci\u00f3ja van, olyannyira, hogy a megv\u00e1lasztott vezet\u0151k nem szeretik, ha politikusoknak nevezik \u0151ket.<\/p>\n\n\n\n<p>P\u00e9ld\u00e1ul egy olyan sz\u00f3, mint <strong>makacs<\/strong> s\u00e9rt\u00e9sk\u00e9nt \u00e9rtelmezhet\u0151. A sz\u00f3hoz kapcsol\u00f3d\u00f3 negat\u00edv konnot\u00e1ci\u00f3 teljesen eltorz\u00edthatja az \u00fczenetedet, f\u00fcggetlen\u00fcl att\u00f3l, hogy az \u00e9rved mennyire helyt\u00e1ll\u00f3 volt.<\/p>\n\n\n\n<h3 class=\"wp-block-heading\">Semleges jelent\u00e9s<\/h3>\n\n\n\n<p>Ez a jelent\u00e9s akkor l\u00e9tezik, amikor egy sz\u00f3 \u00e1ltal\u00e1ban nem hordoz \u00e9rzelmi t\u00f6ltetet. Ez\u00e1ltal k\u00f6zel marad a sz\u00f3t\u00e1ri jelent\u00e9shez, an\u00e9lk\u00fcl, hogy dics\u00e9retet vagy megvet\u00e9st v\u00e1ltana ki.<\/p>\n\n\n\n<p>Ezek a szavak inform\u00e1ci\u00f3t k\u00f6z\u00f6lnek an\u00e9lk\u00fcl, hogy \u00e9rtelmez\u00e9st adn\u00e1nak hozz\u00e1. Az olyan szavak, mint s\u00e9ta, h\u00e1z \u00e9s aut\u00f3 semlegesek.<\/p>\n\n\n\n<p>Elmondj\u00e1k, mi is az a dolog, an\u00e9lk\u00fcl, hogy utaln\u00e1nak arra, hogy az j\u00f3 vagy rossz.<\/p>\n\n\n\n<h2 class=\"wp-block-heading\">Hogyan lehet azonos\u00edtani egy sz\u00f3 vagy kifejez\u00e9s konnot\u00e1ci\u00f3j\u00e1t?<\/h2>\n\n\n\n<p>A konnot\u00e1ci\u00f3k hat\u00e9kony felismer\u00e9s\u00e9hez gyakorl\u00e1s \u00e9s id\u0151 sz\u00fcks\u00e9ges.<\/p>\n\n\n\n<p>M\u00e9gis, megtanulhatod magad arra, hogy \u00e9szrevedd azokat az \u00e9rzelmi jeleket, amelyeket a szavak v\u00e1ltanak ki az emberekb\u0151l.<\/p>\n\n\n\n<p>A konnot\u00e1ci\u00f3k legt\u00f6bbsz\u00f6r tudat alatt alak\u00edtj\u00e1k v\u00e9lem\u00e9ny\u00fcnket.<\/p>\n\n\n\n<p>Ez azt\u00e1n befoly\u00e1solja az \u00e9szlel\u00e9sedet an\u00e9lk\u00fcl, hogy tudn\u00e1d, mikor \u00e9s hogyan t\u00f6rt\u00e9nt ez. Az al\u00e1bbi l\u00e9p\u00e9sek az \u00f6szt\u00f6nt tudatos k\u00e9szs\u00e9gg\u00e9 alak\u00edtj\u00e1k.<\/p>\n\n\n\n<ul class=\"wp-block-list\">\n<li>A szavak sz\u00f3 szerinti jelent\u00e9s\u00e9t kell megn\u00e9zni, hogy el tudjuk k\u00fcl\u00f6n\u00edteni a t\u00e9nyeket az \u00e9rz\u00e9sekt\u0151l.<\/li>\n\n\n\n<li>Meg kell fontolnod, hogy a sz\u00f3 hogyan illeszkedik a mondatba vagy a besz\u00e9lget\u00e9sbe, mivel m\u00e1s szavak feler\u0151s\u00edthetik az \u00e9rzelmi hangv\u00e9tel\u00e9t.<\/li>\n\n\n\n<li>Megpr\u00f3b\u00e1lhatja a sz\u00f3t hasonl\u00f3 jelent\u00e9s\u0171 alternat\u00edv\u00e1kkal helyettes\u00edteni. A szinonim\u00e1k k\u00f6z\u00f6tti k\u00fcl\u00f6nbs\u00e9g gyorsabban felt\u00e1rja a konnot\u00e1ci\u00f3kat.<\/li>\n\n\n\n<li>Figyelembe kell venni azt is, hogy a sz\u00f3 milyen kontextusban szerepel az \u00edr\u00e1sban. A sz\u00f3 <strong>agressz\u00edv<\/strong> negat\u00edvnak t\u0171nhet egy teljes\u00edtm\u00e9ny\u00e9rt\u00e9kel\u00e9sben, de pozit\u00edvnak a sportkomment\u00e1rban.<\/li>\n\n\n\n<li>Figyelembe kell venni azokat a kultur\u00e1lis asszoci\u00e1ci\u00f3kat \u00e9s m\u00e9diakapcsolatokat, amelyek meghat\u00e1rozz\u00e1k a sz\u00f3 \u00e9rtelmez\u00e9s\u00e9t.<\/li>\n\n\n\n<li>Keresse meg a t\u00f6lt\u00f6tt nyelvet a <a href=\"https:\/\/undetectable.ai\/blog\/how-to-write-a-persuasive-essay\/\" target=\"_blank\" rel=\"noreferrer noopener\">meggy\u0151z\u0151 \u00edr\u00e1sok<\/a>. Sok \u00edr\u00f3 \u00e9s sz\u00f3nok sz\u00e1nd\u00e9kosan v\u00e1lasztja meg a szavakat, hogy befoly\u00e1solja a v\u00e9lem\u00e9nyeket. Ez j\u00f3l l\u00e1that\u00f3 a politikai besz\u00e9dekben, amelyek gyakran haszn\u00e1lnak olyan kifejez\u00e9seket, mint <strong>szabads\u00e1g<\/strong> \u00e9s <strong>igazs\u00e1goss\u00e1g<\/strong> pozit\u00edv konnot\u00e1ci\u00f3ik miatt. Ugyanakkor ellenfeleikre negat\u00edv konnot\u00e1ci\u00f3j\u00fa szavakat haszn\u00e1lnak.<\/li>\n\n\n\n<li>V\u00e9g\u00fcl n\u00e9zd meg a k\u00f6vetkezm\u00e9nyeket egy adott sz\u00f6vegben. Ha valakit felh\u00edvt\u00e1l <strong>takar\u00e9kos, <\/strong>az okosnak t\u0171nne, de \u0151ket <strong>zsugori<\/strong> rosszindulat\u00fa lehet.<\/li>\n<\/ul>\n\n\n\n<h2 class=\"wp-block-heading\">A tanul\u00f3k \u00e1ltal elk\u00f6vetett gyakori hib\u00e1k<\/h2>\n\n\n\n<p>Te vagy az egyik a sok ezer k\u00f6z\u00fcl, akik gyakori hib\u00e1t k\u00f6vettek el a konnot\u00e1ci\u00f3k haszn\u00e1latakor. Ez a hiba gyakrabban fordul el\u0151, mint gondoln\u00e1d.<\/p>\n\n\n\n<p>Azonban nem kell elk\u00f6vetnie kezd\u0151 hib\u00e1kat a konnot\u00e1ci\u00f3kkal kapcsolatban, ha betartja az al\u00e1bbiakat:<\/p>\n\n\n\n<ul class=\"wp-block-list\">\n<li>A hasonl\u00f3 jelent\u00e9s\u0171 szavak nem felt\u00e9tlen\u00fcl <a href=\"https:\/\/undetectable.ai\/blog\/important-synonym\/\" target=\"_blank\" rel=\"noreferrer noopener\">szinonim\u00e1k<\/a>. <strong>Gyermeki <\/strong>\u00e9s <strong>gyermeki<\/strong> Mindkett\u0151 gyermekekre vonatkozik, de az el\u0151bbi aranyos, m\u00edg az ut\u00f3bbi s\u00e9rt\u0151.<\/li>\n\n\n\n<li>A kultur\u00e1lis k\u00fcl\u00f6nbs\u00e9geket nem szabad figyelmen k\u00edv\u00fcl hagyni, mert a konnot\u00e1ci\u00f3k nem azonosak a denot\u00e1ci\u00f3kkal. Ami az egyik kult\u00far\u00e1ban pozit\u00edv sz\u00f3k\u00e9nt t\u0171nik, a m\u00e1sikban negat\u00edv konnot\u00e1ci\u00f3val b\u00edrhat.<\/li>\n\n\n\n<li>Ami \u00d6nnek semlegesnek t\u0171nik, m\u00e1snak nem felt\u00e9tlen\u00fcl az. A \u201cpolitikus\u201d sz\u00f3 \u00d6nnek le\u00edr\u00f3 jelleg\u0171nek t\u0171nhet, de valaki, aki nem b\u00edzik a korm\u00e1nyban, negat\u00edv jelent\u00e9st tulajdon\u00edthat neki. Mindig vegye figyelembe, hogy ki olvassa az \u00edrottakat, \u00e9s milyen asszoci\u00e1ci\u00f3kat keltenek benne.<\/li>\n\n\n\n<li>Ha probl\u00e9m\u00e1i vannak \u00f6tleteinek konnot\u00e1ci\u00f3kon kereszt\u00fcl t\u00f6rt\u00e9n\u0151 k\u00f6zl\u00e9s\u00e9vel, azt a mi seg\u00edts\u00e9g\u00fcnkkel megoldhatja. <a href=\"https:\/\/undetectable.ai\/grammar-checker\" target=\"_blank\" rel=\"noreferrer noopener\">Nyelvtani ellen\u0151rz\u0151<\/a>. Az olyan kifejez\u00e9seket azonos\u00edtja, amelyek semlegesnek t\u0171nnek, de nem sz\u00e1nd\u00e9kolt jelent\u00e9startalommal b\u00edrnak. Ezen fel\u00fcl szak\u00e9rt\u0151i javaslatokat is ad, hogy \u00edr\u00e1sod pontosan azt fejezze ki, amit mondani akarsz.<\/li>\n<\/ul>\n\n\n<div class=\"wp-block-image\">\n<figure class=\"aligncenter size-large\"><img loading=\"lazy\" decoding=\"async\" width=\"1024\" height=\"440\" src=\"https:\/\/undetectable.ai/blog\/wp-content\/uploads\/2025\/08\/free-grammar-checker-undetectable-ai-1024x440.jpg\" alt=\"\u00c9szrevehetetlen AI ingyenes nyelvtani ellen\u0151rz\u0151 eszk\u00f6z interf\u00e9sze\" class=\"wp-image-13103\" title=\"\" srcset=\"https:\/\/undetectable.ai/blog\/wp-content\/uploads\/2025\/08\/free-grammar-checker-undetectable-ai-1024x440.jpg 1024w, https:\/\/undetectable.ai/blog\/wp-content\/uploads\/2025\/08\/free-grammar-checker-undetectable-ai-300x129.jpg 300w, https:\/\/undetectable.ai/blog\/wp-content\/uploads\/2025\/08\/free-grammar-checker-undetectable-ai-768x330.jpg 768w, https:\/\/undetectable.ai/blog\/wp-content\/uploads\/2025\/08\/free-grammar-checker-undetectable-ai-18x8.jpg 18w, https:\/\/undetectable.ai/blog\/wp-content\/uploads\/2025\/08\/free-grammar-checker-undetectable-ai.jpg 1357w\" sizes=\"auto, (max-width: 1024px) 100vw, 1024px\" \/><\/figure><\/div>\n\n\n<ul class=\"wp-block-list\">\n<li>Nem szabad t\u00falzottan t\u00e1maszkodni <a href=\"https:\/\/dictionary.cambridge.org\/\" target=\"_blank\" rel=\"noreferrer noopener\">tezaurusz<\/a> javaslatok, mivel a szinonimasz\u00f3t\u00e1r a szinonim\u00e1kat magyar\u00e1zat n\u00e9lk\u00fcl sorolja fel. A \u201cszag\u201d sz\u00f3 \u201cb\u0171z\u201d sz\u00f3ra cser\u00e9l\u00e9se dr\u00e1maian megv\u00e1ltoztatja a jelent\u00e9st.\u00a0<\/li>\n\n\n\n<li>Ha \u00d6n az a t\u00edpus, aki t\u00fals\u00e1gosan t\u00e1maszkodik a szinonimasz\u00f3t\u00e1r javaslataira, akkor \u00e9rdemes kipr\u00f3b\u00e1lnia a mi <a href=\"https:\/\/undetectable.ai\/\" target=\"_blank\" rel=\"noreferrer noopener\">AI Humanizer<\/a>. Tov\u00e1bb megy, \u00e9s kijav\u00edtja a merev vagy f\u00e9lrevezet\u0151 hangnemet, amely miatt \u00edr\u00e1sod robotikusnak vagy elszigeteltnek t\u0171nik. A k\u00ednos kifejez\u00e9seket term\u00e9szetes alternat\u00edv\u00e1kkal helyettes\u00edti, amelyek a megfelel\u0151 konnot\u00e1ci\u00f3kat hordozz\u00e1k a k\u00f6z\u00f6ns\u00e9ged sz\u00e1m\u00e1ra.<\/li>\n<\/ul>\n\n\n<div class=\"wp-block-image\">\n<figure class=\"aligncenter size-large\"><img loading=\"lazy\" decoding=\"async\" width=\"1024\" height=\"414\" src=\"https:\/\/undetectable.ai/blog\/wp-content\/uploads\/2025\/08\/advanced-AI-humanizer-1024x414.jpg\" alt=\"Pillanatk\u00e9p az Undetectable AI Advanced AI Humanizer eszk\u00f6z fel\u00fclet\u00e9r\u0151l\" class=\"wp-image-12991\" title=\"\" srcset=\"https:\/\/undetectable.ai/blog\/wp-content\/uploads\/2025\/08\/advanced-AI-humanizer-1024x414.jpg 1024w, https:\/\/undetectable.ai/blog\/wp-content\/uploads\/2025\/08\/advanced-AI-humanizer-300x121.jpg 300w, https:\/\/undetectable.ai/blog\/wp-content\/uploads\/2025\/08\/advanced-AI-humanizer-768x310.jpg 768w, https:\/\/undetectable.ai/blog\/wp-content\/uploads\/2025\/08\/advanced-AI-humanizer-18x7.jpg 18w, https:\/\/undetectable.ai/blog\/wp-content\/uploads\/2025\/08\/advanced-AI-humanizer.jpg 1347w\" sizes=\"auto, (max-width: 1024px) 100vw, 1024px\" \/><\/figure><\/div>\n\n\n<h2 class=\"wp-block-heading\">Hogyan v\u00e1lasszuk ki a megfelel\u0151 jelent\u00e9s\u0171 szavakat?<\/h2>\n\n\n\n<p>A helyes konnot\u00e1ci\u00f3val hat\u00e9konyan tudod \u00e1tadni az \u00fczenetedet. Ha azonban t\u00e9vedsz, az nem v\u00e1rt k\u00f6vetkezm\u00e9nyekkel j\u00e1rhat.<\/p>\n\n\n\n<p>A megfelel\u0151 jelent\u00e9startalom kiv\u00e1laszt\u00e1s\u00e1hoz haszn\u00e1lja az al\u00e1bbi strat\u00e9gi\u00e1kat:<\/p>\n\n\n\n<ul class=\"wp-block-list\">\n<li>Miut\u00e1n tudod, hogy milyen c\u00e9lt szeretn\u00e9l el\u00e9rni az \u00edr\u00e1soddal, gondosan kiv\u00e1laszthatod a szavakat. Egy \u00e9rt\u00e9kes\u00edt\u00e9si sz\u00f6vegnek pozit\u00edv asszoci\u00e1ci\u00f3kat kell keltenie, m\u00edg egy kritikai elemz\u00e9shez ink\u00e1bb semleges kifejez\u00e9sekre van sz\u00fcks\u00e9g a hiteless\u00e9g meg\u0151rz\u00e9se \u00e9rdek\u00e9ben.<\/li>\n\n\n\n<li>Figyelembe kell venni a k\u00f6z\u00f6ns\u00e9g fogadtat\u00e1s\u00e1t is, mivel a k\u00fcl\u00f6nb\u00f6z\u0151 csoportok elt\u00e9r\u0151en reag\u00e1lnak a k\u00fcl\u00f6nb\u00f6z\u0151 konnot\u00e1ci\u00f3kra. V\u00e1llalati vezet\u0151kkel k\u00e9sz\u00edtett interj\u00fa sor\u00e1n helyes lenne a k\u00f6vetkez\u0151 kifejez\u00e9st haszn\u00e1lni: <strong>k\u00f6lts\u00e9ghat\u00e9kony<\/strong> de az \u00e1tlagos fogyaszt\u00f3 elv\u00e1rja, hogy hallja ezt a sz\u00f3t <strong>megfizethet\u0151<\/strong>.<\/li>\n\n\n\n<li>Pr\u00f3b\u00e1ld ki hangosan kimondani a mondataidat. Vicces, hogy mennyire m\u00e1sk\u00e9pp hangzanak, ha hallod \u0151ket. Gyakran fogsz olyan apr\u00f3 utal\u00e1sokat felfedezni, amelyeket nem akart\u00e1l beletenni. Vegy\u00fck p\u00e9ld\u00e1ul ezt a k\u00e9t mondatot: <strong>Nagyon odafigyel a r\u00e9szletekre.<\/strong> versus <strong>R\u00e9szletek ir\u00e1nti sz\u0151rsz\u00e1lhasogat\u00f3<\/strong>. Mindkett\u0151 ugyanarra a szok\u00e1sra utal, de az els\u0151 tiszteletteljesnek hangzik, m\u00edg a m\u00e1sodik kiss\u00e9 \u00e9lesnek t\u0171nik.<\/li>\n\n\n\n<li>A konnot\u00e1ci\u00f3k haszn\u00e1latakor mindig t\u00f6rekedjen az \u00edr\u00e1s\u00e1ban a k\u00f6vetkezetess\u00e9gre. A pozit\u00edv \u00e9s negat\u00edv konnot\u00e1ci\u00f3k v\u00e9letlenszer\u0171 haszn\u00e1lata \u00e9s kever\u00e9se megzavarja az olvas\u00f3kat abban, hogy hogyan is kellene \u00e9rezni\u00fck.<\/li>\n\n\n\n<li>Figyeljen arra, hogy az \u00d6n ipar\u00e1g\u00e1ban a tapasztalt \u00edr\u00f3k hogyan haszn\u00e1lj\u00e1k a konnot\u00e1ci\u00f3t. P\u00e9ld\u00e1ul, ha marketinggel foglalkozik, marketing sz\u00f6vegei nagym\u00e9rt\u00e9kben t\u00e1maszkodjanak a pozit\u00edv asszoci\u00e1ci\u00f3kra, hogy \u00faj \u00fcgyfeleket vonzzanak.<\/li>\n\n\n\n<li>Haszn\u00e1lhatja a <a href=\"https:\/\/undetectable.ai\/ai-essay-writer\" target=\"_blank\" rel=\"noreferrer noopener\">AI essz\u00e9\u00edr\u00f3<\/a> konnot\u00e1ci\u00f3kkal rendelkez\u0151 sz\u00f6vegek l\u00e9trehoz\u00e1sa. Meg fogja l\u00e1tni, hogyan v\u00e1ltoztatja meg a szavak v\u00e1laszt\u00e1sa a jelent\u00e9st \u00e9s az \u00e9rzelmi hat\u00e1st. Megtanulja, hogyan lehet ugyanazt az \u00f6tletet k\u00fcl\u00f6nb\u00f6z\u0151 konnot\u00e1ci\u00f3kkal kifejezni, \u00e9s jobban kapcsol\u00f3dni az olvas\u00f3khoz.<\/li>\n<\/ul>\n\n\n<div class=\"wp-block-image\">\n<figure class=\"aligncenter size-large\"><img loading=\"lazy\" decoding=\"async\" width=\"1024\" height=\"520\" src=\"https:\/\/undetectable.ai/blog\/wp-content\/uploads\/2025\/02\/Undetectable-AIs-essay-writer-can-assist-you-in-completing-all-your-writing-tasks-1024x520.png\" alt=\"A kimutathatatlan AI essz\u00e9\u00edr\u00f3ja seg\u00edthet \u00d6nnek az \u00f6sszes \u00edr\u00e1sbeli feladat elv\u00e9gz\u00e9s\u00e9ben.\" class=\"wp-image-6154\" title=\"\" srcset=\"https:\/\/undetectable.ai/blog\/wp-content\/uploads\/2025\/02\/Undetectable-AIs-essay-writer-can-assist-you-in-completing-all-your-writing-tasks-1024x520.png 1024w, https:\/\/undetectable.ai/blog\/wp-content\/uploads\/2025\/02\/Undetectable-AIs-essay-writer-can-assist-you-in-completing-all-your-writing-tasks-300x152.png 300w, https:\/\/undetectable.ai/blog\/wp-content\/uploads\/2025\/02\/Undetectable-AIs-essay-writer-can-assist-you-in-completing-all-your-writing-tasks-768x390.png 768w, https:\/\/undetectable.ai/blog\/wp-content\/uploads\/2025\/02\/Undetectable-AIs-essay-writer-can-assist-you-in-completing-all-your-writing-tasks-18x9.png 18w, https:\/\/undetectable.ai/blog\/wp-content\/uploads\/2025\/02\/Undetectable-AIs-essay-writer-can-assist-you-in-completing-all-your-writing-tasks.png 1044w\" sizes=\"auto, (max-width: 1024px) 100vw, 1024px\" \/><\/figure><\/div>\n\n\n<ul class=\"wp-block-list\">\n<li>Miut\u00e1n befejezted a munk\u00e1dat, ellen\u0151rizd, hogy nincs-e benne nem sz\u00e1nd\u00e9kolt jelent\u00e9startalom. Ezut\u00e1n cser\u00e9ld ki a klis\u00e9ket pontosabb alternat\u00edv\u00e1kra.<\/li>\n<\/ul>\n\n\n\n<p>Pr\u00f3b\u00e1lja ki az AI Detector \u00e9s Humanizer eszk\u00f6z\u00f6ket az al\u00e1bbi widgetben!<\/p>\n\n\n\n<div id=\"uai-widget\" data-affiliate-link=\"https:\/\/undetectable.ai\/?_by=hi4km\"><script>var js = document.createElement(\"script\");js.async = true;js.src = \"https:\/\/widget.undetectable.ai\/js\/widget-loader.js?t=\"+Date.now();document.getElementsByTagName(\"head\")[0].appendChild(js);<\/script><\/div>\n\n\n\n<h2 class=\"wp-block-heading\">K\u00f6vetkeztet\u00e9s<\/h2>\n\n\n\n<p>A konnot\u00e1ci\u00f3k haszn\u00e1lata relev\u00e1ns a vit\u00e1inkban.<\/p>\n\n\n\n<p>A konnot\u00e1ci\u00f3 jelent\u00e9s\u00e9nek meg\u00e9rt\u00e9se seg\u00edt elker\u00fclni, hogy elszalasszuk a szavak \u00e9s jelent\u00e9sek bels\u0151 szintj\u00e9t, amelyet az emberek megpr\u00f3b\u00e1lnak \u00e1tadni nek\u00fcnk \u00e9s m\u00e1soknak.<\/p>\n\n\n\n<p>Ezzel kapcsolatban folyamatosan gyakorolhat a k\u00f6vetkez\u0151 eszk\u00f6z\u00f6kkel: <a href=\"https:\/\/undetectable.ai\/\" target=\"_blank\" rel=\"noreferrer noopener\">Kimutathatatlan AI<\/a>.<\/p>\n\n\n\n<p>Ez lehet\u0151v\u00e9 teszi, hogy konnot\u00e1ci\u00f3kat alkalmazzon a <a href=\"https:\/\/undetectable.ai\/blog\/how-to-write-a-speech\/\" target=\"_blank\" rel=\"noreferrer noopener\">besz\u00e9d<\/a> \u00e9s sikeresen \u00edrni.<\/p>","protected":false},"excerpt":{"rendered":"","protected":false},"author":15,"featured_media":17711,"comment_status":"closed","ping_status":"closed","sticky":false,"template":"","format":"standard","meta":{"_themeisle_gutenberg_block_has_review":false,"footnotes":""},"categories":[31],"tags":[],"class_list":["post-17706","post","type-post","status-publish","format-standard","has-post-thumbnail","hentry","category-helpful-ai-content-tips"],"_links":{"self":[{"href":"https:\/\/undetectable.ai/blog\/hu\/wp-json\/wp\/v2\/posts\/17706","targetHints":{"allow":["GET"]}}],"collection":[{"href":"https:\/\/undetectable.ai/blog\/hu\/wp-json\/wp\/v2\/posts"}],"about":[{"href":"https:\/\/undetectable.ai/blog\/hu\/wp-json\/wp\/v2\/types\/post"}],"author":[{"embeddable":true,"href":"https:\/\/undetectable.ai/blog\/hu\/wp-json\/wp\/v2\/users\/15"}],"replies":[{"embeddable":true,"href":"https:\/\/undetectable.ai/blog\/hu\/wp-json\/wp\/v2\/comments?post=17706"}],"version-history":[{"count":3,"href":"https:\/\/undetectable.ai/blog\/hu\/wp-json\/wp\/v2\/posts\/17706\/revisions"}],"predecessor-version":[{"id":17713,"href":"https:\/\/undetectable.ai/blog\/hu\/wp-json\/wp\/v2\/posts\/17706\/revisions\/17713"}],"wp:featuredmedia":[{"embeddable":true,"href":"https:\/\/undetectable.ai/blog\/hu\/wp-json\/wp\/v2\/media\/17711"}],"wp:attachment":[{"href":"https:\/\/undetectable.ai/blog\/hu\/wp-json\/wp\/v2\/media?parent=17706"}],"wp:term":[{"taxonomy":"category","embeddable":true,"href":"https:\/\/undetectable.ai/blog\/hu\/wp-json\/wp\/v2\/categories?post=17706"},{"taxonomy":"post_tag","embeddable":true,"href":"https:\/\/undetectable.ai/blog\/hu\/wp-json\/wp\/v2\/tags?post=17706"}],"curies":[{"name":"wp","href":"https:\/\/api.w.org\/{rel}","templated":true}]}}