{"id":19299,"date":"2026-01-07T00:34:00","date_gmt":"2026-01-07T00:34:00","guid":{"rendered":"https:\/\/undetectable.ai/blog\/?p=19299"},"modified":"2026-01-30T21:49:32","modified_gmt":"2026-01-30T21:49:32","slug":"labtorest-szenvedni","status":"publish","type":"post","link":"https:\/\/undetectable.ai/blog\/hu\/labtorest-szenvedni\/","title":{"rendered":"Mi az a l\u00e1bt\u00f6r\u00e9s? Meghat\u00e1roz\u00e1s, felhaszn\u00e1l\u00e1s \u00e9s p\u00e9ld\u00e1k"},"content":{"rendered":"<p>Ha valaki azt mondja, hogy \u201ct\u00f6rd meg a l\u00e1bad\u201d, azt biztosan nem kell sz\u00f3 szerint venni.&nbsp;<\/p>\n\n\n\n<p>Ennek a kifejez\u00e9snek semmi k\u00f6ze ahhoz, hogy let\u00e9pj\u00fck valakinek a v\u00e9gtagj\u00e1t vagy elt\u00f6rj\u00fck a saj\u00e1tunkat. Val\u00f3j\u00e1ban ez az egyik <a href=\"https:\/\/undetectable.ai\/blog\/figurative-language\/\" target=\"_blank\" rel=\"noreferrer noopener\">a legismertebb \u00e1tvitt \u00e9rtelemben vett kifejez\u00e9sek<\/a> angol nyelven.<\/p>\n\n\n\n<p>Ha most hallja el\u0151sz\u00f6r, akkor ha most tanulja meg, megk\u00edm\u00e9li a k\u00e9s\u0151bbi k\u00ednos \u201chuh?\u201d pillanatokt\u00f3l.<\/p>\n\n\n\n<p>\u201cA \u201dl\u00e1bt\u00f6r\u00e9s\" sz\u00ednh\u00e1zi szleng, amely beker\u00fclt a mindennapi t\u00e1rsalg\u00e1sba. El\u0151ad\u00e1sok, prezent\u00e1ci\u00f3k, besz\u00e9dek \u00e9s \u00e1ll\u00e1sinterj\u00fak el\u0151tt is hallani fogod.<\/p>\n\n\n\n<p>Alapvet\u0151en minden olyan pillanat, amelyt\u0151l a sz\u00edved vagy az izgalomt\u00f3l, vagy a f\u00e9lelemt\u0151l dobogni kezd. Ez egy \u00f6nbizalom-n\u00f6vel\u0151.<\/p>\n\n\n\n<p>De honnan is sz\u00e1rmazik ez a furcsa mond\u00e1s? Hogyan haszn\u00e1lhatod an\u00e9lk\u00fcl, hogy tot\u00e1l \u0151r\u00fcltnek t\u0171nj? \u00c9s ami a legfontosabb: mi\u00e9rt sz\u00e1m\u00edt szerencs\u00e9t hoz\u00f3nak, ha azt k\u00edv\u00e1njuk valakinek, hogy t\u00f6rj\u00f6n el egy v\u00e9gtagja?<\/p>\n\n\n\n<p>Mer\u00fclj\u00fcnk el benne.<\/p>\n\n\n\n<hr class=\"wp-block-separator has-alpha-channel-opacity\"\/>\n\n\n\n<p class=\"has-text-align-center\"><strong>A legfontosabb tudnival\u00f3k<\/strong><\/p>\n\n\n\n<ul class=\"wp-block-list\">\n<li>\u201cA \u201dBreak a leg\u201c jelent\u00e9se \u201dsok szerencs\u00e9t\", de hagyom\u00e1nyosan sz\u00ednh\u00e1zi \u00e9s el\u0151ad\u00f3i kontextusban haszn\u00e1latos.<\/li>\n<\/ul>\n\n\n\n<p><\/p>\n\n\n\n<ul class=\"wp-block-list\">\n<li>A kifejez\u00e9s val\u00f3sz\u00edn\u0171leg a babon\u00e1kb\u00f3l sz\u00e1rmazik, amelyek szerint az el\u0151ad\u00f3knak k\u00f6zvetlen\u00fcl k\u00edv\u00e1nnak szerencs\u00e9t.<\/li>\n<\/ul>\n\n\n\n<p><\/p>\n\n\n\n<ul class=\"wp-block-list\">\n<li>Ma m\u00e1r a sz\u00ednpadon k\u00edv\u00fcl a mindennapi helyzetekben is haszn\u00e1lj\u00e1k, az \u00e1ll\u00e1sinterj\u00fakt\u00f3l a sportversenyekig.<\/li>\n<\/ul>\n\n\n\n<p><\/p>\n\n\n\n<ul class=\"wp-block-list\">\n<li>A kifejez\u00e9st egy esem\u00e9ny el\u0151tt kell haszn\u00e1lni, nem pedig ut\u00e1na (soha ne mondd valakinek, hogy \u201celt\u00f6rted a l\u00e1bad\u201d, mint egyfajta gratul\u00e1ci\u00f3).<\/li>\n<\/ul>\n\n\n\n<p><\/p>\n\n\n\n<ul class=\"wp-block-list\">\n<li>Ha egy orvosi rendel\u0151ben vagy s\u00edk\u00f6zpontban azt mondjuk, hogy \u201cl\u00e1bt\u00f6r\u00e9s\u201d, az a sz\u00e1nd\u00e9kt\u00f3l elt\u00e9r\u0151 m\u00f3don hangozhat el.<\/li>\n<\/ul>\n\n\n\n<p><\/p>\n\n\n\n<hr class=\"wp-block-separator has-alpha-channel-opacity\"\/>\n\n\n\n<h2 class=\"wp-block-heading\">Mit jelent a l\u00e1bt\u00f6r\u00e9s<\/h2>\n\n\n\n<p>\u201cA \u201dK\u00e9z \u00e9s l\u00e1bt\u00f6r\u00e9st\u201c egy idi\u00f3ma, amely azt jelenti, hogy \u201dsok szerencs\u00e9t\u201c vagy \u201dtedd a legjobbat\". Ezt mondjuk valakinek, miel\u0151tt fell\u00e9p, versenyez, vagy kih\u00edv\u00e1st jelent\u0151 helyzettel n\u00e9z szembe.<\/p>\n\n\n\n<p>A kifejez\u00e9s b\u00e1tor\u00edt\u00e1st \u00e9s t\u00e1mogat\u00e1st fejez ki, m\u00e9g akkor is, ha a sz\u00f3 szerinti szavak \u00e1toknak hangzanak.<\/p>\n\n\n\n<p>Ez a kifejez\u00e9s l\u00e9nyeg\u00e9ben a sz\u00ednh\u00e1zi vil\u00e1g \u201cknock \u2019em dead\u201d vagy \u201ckill it out there\u201d v\u00e1ltozata. Ezek a kifejez\u00e9sek mind er\u0151szakosnak vagy negat\u00edvnak hangzanak a felsz\u00ednen, de pozit\u00edv sz\u00e1nd\u00e9kot hordoznak.<\/p>\n\n\n\n<p>Ez egyike azoknak a nyelvi furcsas\u00e1goknak, amelyeknek nincs logikus \u00e9rtelme, am\u00edg nem \u00e9rtj\u00fck a kultur\u00e1lis kontextust.<\/p>\n\n\n\n<p>A \u201cbreak a leg\u201d sz\u00e9ps\u00e9ge a sokoldal\u00fas\u00e1g\u00e1ban rejlik. Mondhatod egy sz\u00edn\u00e9sznek egy el\u0151ad\u00e1s el\u0151tt, egy bar\u00e1tnak egy nagy prezent\u00e1ci\u00f3 el\u0151tt, vagy egy zen\u00e9sznek egy koncert el\u0151tt.<\/p>\n\n\n\n<p>Minden olyan helyzetben m\u0171k\u00f6dik, amikor valakinek b\u00e1tor\u00edt\u00e1sra van sz\u00fcks\u00e9ge, miel\u0151tt a reflektorf\u00e9nybe l\u00e9pne.<\/p>\n\n\n\n<h3 class=\"wp-block-heading\"><strong>Jelent\u00e9s magyar\u00e1zata<\/strong><\/h3>\n\n\n\n<p>A kifejez\u00e9s szerencsek\u00edv\u00e1ns\u00e1gk\u00e9nt szolg\u00e1l, de egy kis csavarral. A sz\u00ednh\u00e1zi hagyom\u00e1ny szerint a \u201csok szerencs\u00e9t\u201d k\u00f6zvetlen kimond\u00e1sa balszerencs\u00e9t hoz. Ez a babona <a href=\"https:\/\/www.ludwig-van.com\/main\/2022\/11\/09\/surprising-origins-behind-expression-break-leg\/\" target=\"_blank\" rel=\"noreferrer noopener\">\u00e9vsz\u00e1zadokra ny\u00falik vissza<\/a> \u00e9s m\u00e9g ma is er\u0151s a teljes\u00edtm\u00e9nyk\u00f6z\u00f6ss\u00e9gekben.<\/p>\n\n\n\n<p>A sz\u00edn\u00e9szek, t\u00e1ncosok \u00e9s m\u00e1s el\u0151ad\u00f3k val\u00f3ban \u00fagy gondolj\u00e1k, hogy ha valakinek \u201csok szerencs\u00e9t\u201d k\u00edv\u00e1nnak, az el\u00e1tkozza a m\u0171sort.<\/p>\n\n\n\n<p>Ehelyett teh\u00e1t az ellenkez\u0151j\u00e9t mondj\u00e1k. Azt k\u00edv\u00e1nj\u00e1k, hogy valami rossz t\u00f6rt\u00e9njen, ami \u00e1ll\u00edt\u00f3lag becsapja a sz\u00ednh\u00e1z isteneit, hogy valami j\u00f3 t\u00f6rt\u00e9njen helyette. Ez a term\u00e9szetfeletti ford\u00edtott pszichol\u00f3gia.<\/p>\n\n\n\n<p>A \u201cl\u00e1bt\u00f6r\u00e9s\u201d pontos eredete vitatott. Egyesek szerint onnan ered, hogy a sz\u00edn\u00e9szek egy sikeres el\u0151ad\u00e1s ut\u00e1n annyiszor hajoltak meg, hogy meger\u0151ltett\u00e9k a l\u00e1bukat. M\u00e1sok azt \u00e1ll\u00edtj\u00e1k, hogy a \u201cl\u00e1bvonal\u201d, azaz a sz\u00ednpadi f\u00fcgg\u00f6ny sz\u00e9leinek elt\u00f6r\u00e9s\u00e9re utal.<\/p>\n\n\n\n<p>Amikor \u201cmegt\u00f6r\u00f6d\u201d ezt a vonalat, akkor m\u00e1r a sz\u00ednpadon vagy, hogy fell\u00e9pj. Egy m\u00e1sik elm\u00e9let szerint a n\u00e9met \u201cHals und Beinbruch\u201d kifejez\u00e9sb\u0151l sz\u00e1rmazik, ami \u201cnyak- \u00e9s l\u00e1bt\u00f6r\u00e9st\u201d jelent, \u00e9s hasonl\u00f3an haszn\u00e1lj\u00e1k.<\/p>\n\n\n\n<p>F\u00fcggetlen\u00fcl att\u00f3l, hogy honnan sz\u00e1rmazik, a kifejez\u00e9s megmaradt. Ez egyike azon kev\u00e9s sz\u00ednh\u00e1zi babon\u00e1knak, amelyek \u00e1tker\u00fcltek a mainstream haszn\u00e1latba.<\/p>\n\n\n\n<p>Nem kell sz\u00edn\u00e9sznek lenned ahhoz, hogy haszn\u00e1ld, \u00e9s nem kell hinned a sz\u00ednh\u00e1zi \u00e1tkokban ahhoz, hogy meg\u00e9rtsd.<\/p>\n\n\n\n<h2 class=\"wp-block-heading\">Val\u00f3s \u00e9letbeli l\u00e1bt\u00f6r\u00e9s p\u00e9ld\u00e1k<\/h2>\n\n\n\n<p>N\u00e9zz\u00fck meg, hogyan jelenik meg a \u201cl\u00e1bt\u00f6r\u00e9s\u201d a val\u00f3s besz\u00e9lget\u00e9sekben. Ezek a p\u00e9ld\u00e1k kontextusban mutatj\u00e1k be a kifejez\u00e9st, a hagyom\u00e1nyos sz\u00ednh\u00e1zi k\u00f6rnyezetekt\u0151l a modern mindennapi haszn\u00e1latig.<\/p>\n\n\n\n<p><strong>Sz\u00ednh\u00e1z \u00e9s el\u0151ad\u00e1s:<\/strong><\/p>\n\n\n\n<ul class=\"wp-block-list\">\n<li>\u201cMa este van a megnyit\u00f3! L\u00e1bt\u00f6r\u00e9st odakint!\u201d<\/li>\n\n\n\n<li>\u201cTudom, hogy h\u00f3napok \u00f3ta pr\u00f3b\u00e1lsz. L\u00e1bt\u00f6r\u00e9st!\u201d<\/li>\n\n\n\n<li>\u201cA tehets\u00e9gkutat\u00f3 egy \u00f3ra m\u00falva lesz. L\u00e1bt\u00f6r\u00e9st, csod\u00e1latos leszel.\u201d<\/li>\n<\/ul>\n\n\n\n<p><strong>Szakmai be\u00e1ll\u00edt\u00e1sok:<\/strong><\/p>\n\n\n\n<ul class=\"wp-block-list\">\n<li>\u201cNagy prezent\u00e1ci\u00f3 ma? L\u00e1bt\u00f6r\u00e9st!\u201d<\/li>\n\n\n\n<li>\u201cMegkaptad ezt az \u00e1ll\u00e1sinterj\u00fat. L\u00e1bt\u00f6r\u00e9st!\u201d<\/li>\n\n\n\n<li>\u201cT\u00f6rd ki a l\u00e1bad a konferenci\u00e1n. A besz\u00e9ded gyilkos lesz.\u201d<\/li>\n<\/ul>\n\n\n\n<p><strong>Akad\u00e9miai kontextusok:<\/strong><\/p>\n\n\n\n<ul class=\"wp-block-list\">\n<li>\u201cA d\u00f6nt\u0151 holnap kezd\u0151dik. L\u00e1bt\u00f6r\u00e9st!\u201d<\/li>\n\n\n\n<li>\u201cSzakdolgozat v\u00e9d\u00e9s d\u00e9lut\u00e1n 2-kor. L\u00e1bt\u00f6r\u00e9st, leend\u0151 doktor \u00far!\u201d<\/li>\n\n\n\n<li>\u201cT\u00f6rd ki a l\u00e1bad a felv\u00e9telin. Kem\u00e9nyen tanult\u00e1l.\u201d<\/li>\n<\/ul>\n\n\n\n<p><strong>Sport \u00e9s versenyek:<\/strong><\/p>\n\n\n\n<ul class=\"wp-block-list\">\n<li>\u201c\u00c1llami bajnoks\u00e1gok ma. L\u00e1bt\u00f6r\u00e9st!\u201d (B\u00e1r a \u201csok szerencs\u00e9t\u201d itt tal\u00e1n jobban m\u0171k\u00f6dik.)<\/li>\n\n\n\n<li>\u201cT\u00f6rd el a l\u00e1bad a vitaversenyen.\u201d<\/li>\n\n\n\n<li>\u201cA t\u00e1ncverseny 10 perc m\u00falva kezd\u0151dik. L\u00e1bt\u00f6r\u00e9st!\u201d<\/li>\n<\/ul>\n\n\n\n<p><strong>H\u00e9tk\u00f6znapi helyzetek:<\/strong><\/p>\n\n\n\n<ul class=\"wp-block-list\">\n<li>\u201cEls\u0151 randi ma este? L\u00e1bt\u00f6r\u00e9st!\u201d<\/li>\n\n\n\n<li>\u201cT\u00f6rd el a l\u00e1bad a csal\u00e1di \u00f6sszej\u00f6vetelen. T\u00fal fogod \u00e9lni.\u201d<\/li>\n\n\n\n<li>\u201cH\u00e9tf\u0151n kezded az \u00faj munk\u00e1dat. L\u00e1bt\u00f6r\u00e9st!\u201d<\/li>\n<\/ul>\n\n\n<div class=\"wp-block-image\">\n<figure class=\"aligncenter size-large\"><img loading=\"lazy\" decoding=\"async\" width=\"1024\" height=\"492\" src=\"https:\/\/undetectable.ai/blog\/wp-content\/uploads\/2025\/01\/ai-chat-1024x492.jpg\" alt=\"AI Chat\" class=\"wp-image-6097\" title=\"\" srcset=\"https:\/\/undetectable.ai/blog\/wp-content\/uploads\/2025\/01\/ai-chat-1024x492.jpg 1024w, https:\/\/undetectable.ai/blog\/wp-content\/uploads\/2025\/01\/ai-chat-300x144.jpg 300w, https:\/\/undetectable.ai/blog\/wp-content\/uploads\/2025\/01\/ai-chat-768x369.jpg 768w, https:\/\/undetectable.ai/blog\/wp-content\/uploads\/2025\/01\/ai-chat-1536x738.jpg 1536w, https:\/\/undetectable.ai/blog\/wp-content\/uploads\/2025\/01\/ai-chat-2048x984.jpg 2048w, https:\/\/undetectable.ai/blog\/wp-content\/uploads\/2025\/01\/ai-chat-18x9.jpg 18w\" sizes=\"auto, (max-width: 1024px) 100vw, 1024px\" \/><\/figure><\/div>\n\n\n<p>Szeretn\u00e9 gyakorolni a \u201cl\u00e1bt\u00f6r\u00e9s\u201d haszn\u00e1lat\u00e1t k\u00fcl\u00f6nb\u00f6z\u0151 forgat\u00f3k\u00f6nyvekben? Pr\u00f3b\u00e1ld ki az \u00e9szrevehetetlen mesters\u00e9ges intelligenci\u00e1t <a href=\"https:\/\/undetectable.ai\/ai-chat\" target=\"_blank\" rel=\"noreferrer noopener\">AI Chat<\/a> eszk\u00f6zt a besz\u00e9lget\u00e9sfelh\u00edv\u00e1sok gener\u00e1l\u00e1s\u00e1hoz. L\u00e9trehozhatsz olyan helyzeteket, amikor j\u00f3t k\u00edv\u00e1nsz valakinek, \u00e9s gyakorolhatod, hogy megtal\u00e1ld a megfelel\u0151 pillanatot a mondat elejt\u00e9s\u00e9re.<\/p>\n\n\n\n<p>Olyan, mint egy nyelvi tornaterem az idiomatikus kifejez\u00e9sek sz\u00e1m\u00e1ra.<\/p>\n\n\n\n<p>A kulcs a szoba olvas\u00e1sa. A \u201cL\u00e1bt\u00f6r\u00e9s\u201d akkor m\u0171k\u00f6dik a legjobban, ha van egy performansz elem, vagy ha valaki valami kih\u00edv\u00e1st k\u00e9sz\u00fcl v\u00e9grehajtani.<\/p>\n\n\n\n<p>T\u00f6bbet \u00e9r, mint egy egyszer\u0171 \u201csok szerencs\u00e9t\u201d, mert azt mutatja, hogy meg\u00e9rtetted a t\u00e9tet.<\/p>\n\n\n\n<h2 class=\"wp-block-heading\">A l\u00e1bt\u00f6r\u00e9s jelent\u0151s\u00e9ge<\/h2>\n\n\n\n<p>Mi\u00e9rt fontos ez a mondat? Mert a <a href=\"https:\/\/www.thesilab.com\/resource\/the-power-of-language-how-words-shape-people-behaviour-and-culture\" target=\"_blank\" rel=\"noreferrer noopener\">a nyelv alak\u00edtja, hogyan kapcsol\u00f3dunk az emberekhez<\/a>. A \u201cK\u00e9z \u00e9s l\u00e1bt\u00f6r\u00e9st\u201d nem csak arr\u00f3l sz\u00f3l, hogy j\u00f3t k\u00edv\u00e1nunk valakinek. Hanem a kultur\u00e1lis tudatoss\u00e1g \u00e9s az \u00e9rzelmi t\u00e1mogat\u00e1s konkr\u00e9t m\u00f3don t\u00f6rt\u00e9n\u0151 kimutat\u00e1s\u00e1r\u00f3l.<\/p>\n\n\n\n<p>Ez a mondat azt jelzi, hogy meg\u00e9rti a teljes\u00edtm\u00e9nyszorong\u00e1st. Amikor azt mondod valakinek, hogy \u201cl\u00e1bt\u00f6r\u00e9st\u201d, akkor elismered, hogy valami neh\u00e9z feladat el\u0151tt \u00e1ll.<\/p>\n\n\n\n<p>Elismered a felk\u00e9sz\u00fclts\u00e9g\u00fcket, az idegess\u00e9g\u00fcket \u00e9s a b\u00e1tors\u00e1gukat. Ez sokkal szem\u00e9lyesebb, mint a \u201csok szerencs\u00e9t\u201d, mert sz\u00ednh\u00e1zi t\u00f6rt\u00e9nelmet \u00e9s k\u00f6z\u00f6s meg\u00e9rt\u00e9st hordoz.<\/p>\n\n\n\n<p>A kreat\u00edv k\u00f6z\u00f6ss\u00e9gekben a megfelel\u0151 kifejez\u00e9s haszn\u00e1lata tiszteletet mutat. Ha azt mondod egy sz\u00edn\u00e9sznek, hogy \u201csok szerencs\u00e9t\u201d, az val\u00f3j\u00e1ban m\u00e9g jobban stresszelheti \u0151t, mert megs\u00e9rtetted a babon\u00e1t.<\/p>\n\n\n\n<p>De a \u201cl\u00e1bt\u00f6r\u00e9s\u201d azt mutatja, hogy ismeri a kult\u00far\u00e1t. Besz\u00e9led a nyelv\u00fcket.<\/p>\n\n\n\n<p>A sz\u00ednh\u00e1zon t\u00fal a kifejez\u00e9s m\u00e1ra m\u00e1r n\u00e9mileg m\u00e1st jelent. A \u201chiszek benned\u201d vagy a \u201cmegvan ez neked\u201d r\u00f6vid\u00edt\u00e9se lett. J\u00e1t\u00e9kos \u00e9s b\u00e1tor\u00edt\u00f3, an\u00e9lk\u00fcl, hogy giccses lenne.<\/p>\n\n\n\n<p>Amikor a bar\u00e1tod ideges valami miatt, a \u201ct\u00f6rd meg a l\u00e1bad\u201d sokkal t\u00e1mogat\u00f3bbnak t\u0171nik, mint a \u201cj\u00f3l fogod csin\u00e1lni\u201d, mert energi\u00e1t \u00e9s sz\u00e1nd\u00e9kot hordoz.<\/p>\n\n\n<div class=\"wp-block-image\">\n<figure class=\"aligncenter size-large\"><img loading=\"lazy\" decoding=\"async\" width=\"1024\" height=\"436\" src=\"https:\/\/undetectable.ai/blog\/wp-content\/uploads\/2025\/11\/Advanced-AI-Humanizer-1024x436.jpg\" alt=\"Az Undetectable AI fejlett AI Humanizer programj\u00e1nak k\u00e9perny\u0151k\u00e9pe\" class=\"wp-image-18108\" title=\"\" srcset=\"https:\/\/undetectable.ai/blog\/wp-content\/uploads\/2025\/11\/Advanced-AI-Humanizer-1024x436.jpg 1024w, https:\/\/undetectable.ai/blog\/wp-content\/uploads\/2025\/11\/Advanced-AI-Humanizer-300x128.jpg 300w, https:\/\/undetectable.ai/blog\/wp-content\/uploads\/2025\/11\/Advanced-AI-Humanizer-768x327.jpg 768w, https:\/\/undetectable.ai/blog\/wp-content\/uploads\/2025\/11\/Advanced-AI-Humanizer-18x8.jpg 18w, https:\/\/undetectable.ai/blog\/wp-content\/uploads\/2025\/11\/Advanced-AI-Humanizer.jpg 1265w\" sizes=\"auto, (max-width: 1024px) 100vw, 1024px\" \/><\/figure><\/div>\n\n\n<p>Egy kimutathatatlan AI haszn\u00e1lata <a href=\"https:\/\/undetectable.ai\/\" target=\"_blank\" rel=\"noreferrer noopener\">AI Humanizer<\/a> eszk\u00f6z seg\u00edthet meg\u00e9rteni, hogy az olyan kifejez\u00e9sek, mint a \u201cl\u00e1bt\u00f6r\u00e9s\u201d hogyan illeszkednek a term\u00e9szetes t\u00e1rsalg\u00e1sba.<\/p>\n\n\n\n<p>Ez egy olyan eszk\u00f6z, amely megmutatja, hogyan m\u0171k\u00f6dnek az idi\u00f3m\u00e1k a sz\u00f6vegk\u00f6rnyezetben, \u00edgy az \u00edr\u00e1s \u00e9s a besz\u00e9d hitelesebb\u00e9 v\u00e1lik. A c\u00e9l az, hogy az olyan kifejez\u00e9seket, mint a \u201cl\u00e1bt\u00f6r\u00e9st\u201d term\u00e9szetesen haszn\u00e1ld.<\/p>\n\n\n\n<p>A kifejez\u00e9s bajt\u00e1rsiass\u00e1got is teremt. Amikor az el\u0151ad\u00e1svil\u00e1g szlengj\u00e9t haszn\u00e1lod a h\u00e9tk\u00f6znapi helyzetekben, akkor a sz\u00ednh\u00e1zi k\u00f6z\u00f6ss\u00e9gi \u00e9rz\u00e9st veszed k\u00f6lcs\u00f6n.<\/p>\n\n\n\n<p>\u00dagy kezeled valakinek az \u00e1ll\u00e1sinterj\u00faj\u00e1t vagy a vizsg\u00e1j\u00e1t, mint a Broadway premierj\u00e9t. Ez feldobja a pillanatot, \u00e9s azt mutatja, hogy komolyan veszed a kih\u00edv\u00e1st.<\/p>\n\n\n\n<h2 class=\"wp-block-heading\">Gyakori hib\u00e1k a l\u00e1bt\u00f6r\u00e9ssel<\/h2>\n\n\n\n<p>M\u00e9g a k\u00f6zismert kifejez\u00e9seket is vissza\u00e9lnek. \u00cdme a tipikus hib\u00e1k, amelyeket az emberek elk\u00f6vetnek a \u201cl\u00e1bt\u00f6r\u00e9s\u201d kifejez\u00e9ssel kapcsolatban, \u00e9s hogyan ker\u00fclhetj\u00fck el \u0151ket.<\/p>\n\n\n\n<p><strong>1. hiba - Az esem\u00e9ny ut\u00e1ni haszn\u00e1lat:<\/strong> Ne mondd azt, hogy \u201celt\u00f6rted a l\u00e1bad\u201d, mint egyfajta gratul\u00e1ci\u00f3. Ez a kifejez\u00e9s csak a teljes\u00edtm\u00e9ny vagy az esem\u00e9ny el\u0151tt m\u0171k\u00f6dik. Ut\u00e1na mondd azt, hogy \u201cnagyszer\u0171 munka\u201d vagy \u201clenyomtad\u201d, vagy egyszer\u0171en csak \u201cgratul\u00e1lok\u201d. Az id\u0151z\u00edt\u00e9s sz\u00e1m\u00edt.<\/p>\n\n\n\n<p><strong>2. hiba - Sz\u00f3 szerinti vesz\u00e9lyhelyzetekben val\u00f3 haszn\u00e1lata:<\/strong> Ker\u00fclje a \u201cl\u00e1bt\u00f6r\u00e9st\u201d mond\u00e1st olyasvalakinek, aki valami fizikailag kock\u00e1zatos dologra k\u00e9sz\u00fcl, ahol val\u00f3ban megs\u00e9r\u00fclhet. Ne mondd egy g\u00f6rdeszk\u00e1snak, hogy t\u00f6rje el a l\u00e1b\u00e1t egy vesz\u00e9lyes tr\u00fckk el\u0151tt. Ne mondd ezt annak, aki m\u0171t\u00e9t el\u0151tt \u00e1ll. Olvasd el a sz\u00f3 szerinti sz\u00f6vegk\u00f6rnyezetet.<\/p>\n\n\n\n<p><strong>Hiba 3 - T\u00falz\u00e1sba vinni a haszn\u00e1lat\u00e1t:<\/strong> Ha ugyanannak a szem\u00e9lynek minden egyes cselekedete el\u0151tt azt mondod, hogy \u201cl\u00e1bt\u00f6r\u00e9st\u201d, akkor az \u00e9rtelm\u00e9t veszti. Tartogasd a t\u00e9nyleges kih\u00edv\u00e1sokhoz vagy el\u0151ad\u00e1sokhoz. A bar\u00e1todnak nincs sz\u00fcks\u00e9ge arra, hogy azt mondd neki, hogy \u201cl\u00e1bt\u00f6r\u00e9st\u201d, miel\u0151tt elmegy bev\u00e1s\u00e1rolni.<\/p>\n\n\n\n<p><strong>4. hiba - Rossz hangnem:<\/strong> \u201cA \u201dK\u00e9z \u00e9s l\u00e1bt\u00f6r\u00e9st\" b\u00e1tor\u00edt\u00f3nak kell hangzania, nem pedig szarkasztikusnak. Ha rosszul mondod, \u00fagy hangzik, mintha azt akarn\u00e1d, hogy elbukjanak. Gy\u0151z\u0151dj\u00f6n meg r\u00f3la, hogy a hangnem megfelel a sz\u00e1nd\u00e9k\u00e1nak.<\/p>\n\n\n\n<p><strong>5. hiba - Haszn\u00e1lja olyan emberekkel, akik nem ismerik a kifejez\u00e9st:<\/strong> Ha valakinek nem az angol az anyanyelve, a \u201cbreak a leg\u201d val\u00f3ban \u00f6sszezavarhatja. Ilyenkor maradjon a \u201csok szerencs\u00e9t\u201d kifejez\u00e9sn\u00e9l, vagy ha van ideje, magyar\u00e1zza el a kifejez\u00e9st. Ne okozzon felesleges zavart.<\/p>\n\n\n\n<p><strong>6. hiba - A kontextus elfelejt\u00e9se:<\/strong> Ez a kifejez\u00e9s legink\u00e1bb teljes\u00edtm\u00e9nykontextusban m\u0171k\u00f6dik. T\u00f6k\u00e9letes a sz\u00ednh\u00e1zban, zen\u00e9ben, t\u00e1ncban, nyilv\u00e1nos besz\u00e9dben, vagy b\u00e1rmilyen helyzetben, amikor valaki valamilyen m\u00f3don \u201csz\u00ednpadon\u201d van. Kev\u00e9sb\u00e9 term\u00e9szetes az olyan dolgokhoz, mint a \u201cj\u00f3 utat\u201d vagy a \u201cj\u00f3 pihen\u00e9st\u201d. P\u00e1ros\u00edtsd a mondatot a helyzethez.<\/p>\n\n\n<div class=\"wp-block-image\">\n<figure class=\"aligncenter size-large\"><img loading=\"lazy\" decoding=\"async\" width=\"1024\" height=\"561\" src=\"https:\/\/undetectable.ai/blog\/wp-content\/uploads\/2025\/12\/AI-Paragraph-Rewriter-1024x561.jpg\" alt=\"\u00c9szrevehetetlen AI AI bekezd\u00e9s-\u00e1t\u00edr\u00f3\" class=\"wp-image-17868\" title=\"\" srcset=\"https:\/\/undetectable.ai/blog\/wp-content\/uploads\/2025\/12\/AI-Paragraph-Rewriter-1024x561.jpg 1024w, https:\/\/undetectable.ai/blog\/wp-content\/uploads\/2025\/12\/AI-Paragraph-Rewriter-300x164.jpg 300w, https:\/\/undetectable.ai/blog\/wp-content\/uploads\/2025\/12\/AI-Paragraph-Rewriter-768x421.jpg 768w, https:\/\/undetectable.ai/blog\/wp-content\/uploads\/2025\/12\/AI-Paragraph-Rewriter-18x10.jpg 18w, https:\/\/undetectable.ai/blog\/wp-content\/uploads\/2025\/12\/AI-Paragraph-Rewriter.jpg 1115w\" sizes=\"auto, (max-width: 1024px) 100vw, 1024px\" \/><\/figure><\/div>\n\n\n<p>Seg\u00edts\u00e9gre van sz\u00fcks\u00e9ge a haszn\u00e1lati tippek egyszer\u0171s\u00edt\u00e9s\u00e9hez? Kimutathatatlan AI <a href=\"https:\/\/undetectable.ai\/paragraph-rewriter\" target=\"_blank\" rel=\"noreferrer noopener\">Paragraph Rewriter<\/a> eszk\u00f6z seg\u00edthet az \u00f6sszetett magyar\u00e1zatok vil\u00e1gos, megval\u00f3s\u00edthat\u00f3 \u00fatmutat\u00e1sokra bont\u00e1s\u00e1ban. A c\u00e9l annak meg\u00e9rt\u00e9se, hogy mikor \u00e9s hogyan haszn\u00e1lja a kifejez\u00e9seket term\u00e9szetesen, an\u00e9lk\u00fcl, hogy minden besz\u00e9lget\u00e9st t\u00falgondolna.<\/p>\n\n\n\n<h2 class=\"wp-block-heading\">Hogyan kell haszn\u00e1lni a l\u00e1bt\u00f6r\u00e9st<\/h2>\n\n\n<div class=\"wp-block-image\">\n<figure class=\"aligncenter size-large\"><img loading=\"lazy\" decoding=\"async\" width=\"1024\" height=\"683\" src=\"https:\/\/undetectable.ai/blog\/wp-content\/uploads\/2026\/01\/asian-woman-celebrates-achievements-1024x683.jpg\" alt=\"\u00e1zsiai n\u0151 \u00fcnnepli az eredm\u00e9nyeket\" class=\"wp-image-19307\" title=\"\" srcset=\"https:\/\/undetectable.ai/blog\/wp-content\/uploads\/2026\/01\/asian-woman-celebrates-achievements-1024x683.jpg 1024w, https:\/\/undetectable.ai/blog\/wp-content\/uploads\/2026\/01\/asian-woman-celebrates-achievements-300x200.jpg 300w, https:\/\/undetectable.ai/blog\/wp-content\/uploads\/2026\/01\/asian-woman-celebrates-achievements-768x512.jpg 768w, https:\/\/undetectable.ai/blog\/wp-content\/uploads\/2026\/01\/asian-woman-celebrates-achievements-18x12.jpg 18w, https:\/\/undetectable.ai/blog\/wp-content\/uploads\/2026\/01\/asian-woman-celebrates-achievements.jpg 1200w\" sizes=\"auto, (max-width: 1024px) 100vw, 1024px\" \/><\/figure><\/div>\n\n\n<p>A \u201cl\u00e1bt\u00f6r\u00e9s\u201d helyes haszn\u00e1lata egyszer\u0171, ha meg\u00e9rtetted az alapokat.<\/p>\n\n\n\n<p>\u00cdme a gyakorlati \u00fatmutat\u00f3:<\/p>\n\n\n\n<ul class=\"wp-block-list\">\n<li><strong>1. l\u00e9p\u00e9s - Hat\u00e1rozza meg a megfelel\u0151 pillanatot:<\/strong> Valaki el\u0151ad\u00e1sra, el\u0151ad\u00e1sra, versenyre k\u00e9sz\u00fcl, vagy kih\u00edv\u00e1st jelent\u0151 helyzettel n\u00e9z szembe? Ez a jelsz\u00f3. A mondat az esem\u00e9ny el\u0151tt m\u0171k\u00f6dik, soha nem az esem\u00e9ny alatt vagy ut\u00e1n.<\/li>\n\n\n\n<li><strong>2. l\u00e9p\u00e9s - Fontolja meg a kapcsolat\u00e1t:<\/strong> \u201cA \u201dl\u00e1bt\u00f6r\u00e9s\" bar\u00e1tok, koll\u00e9g\u00e1k \u00e9s ismer\u0151s\u00f6k k\u00f6z\u00f6tt m\u0171k\u00f6dik. El\u00e9g laza a bar\u00e1toknak, de el\u00e9g profi a munkahelyi helyzetekhez. Val\u00f3sz\u00edn\u0171leg nem mondan\u00e1d ezt a vez\u00e9rigazgat\u00f3nak a r\u00e9szv\u00e9nyesi \u00e9rtekezlet el\u0151tt, de egy munkat\u00e1rsadnak mondhatod a nagy prezent\u00e1ci\u00f3 el\u0151tt.<\/li>\n\n\n\n<li><strong>3. l\u00e9p\u00e9s - Mondd ki magabiztosan:<\/strong> Ne motyogd azt, hogy \u201cl\u00e1bt\u00f6r\u00e9st\u201d, mintha bizonytalan lenn\u00e9l. Mondd ki tiszt\u00e1n \u00e9s melegen. A hangsz\u00ednednek b\u00e1tor\u00edt\u00e1st kell sugallnia, mint egy sz\u00f3beli pacsit.<\/li>\n\n\n\n<li><strong>4. l\u00e9p\u00e9s - Adjon hozz\u00e1 kontextust, ha sz\u00fcks\u00e9ges:<\/strong> N\u00e9ha a mondatot tov\u00e1bbi b\u00e1tor\u00edt\u00e1ssal fokozhatja. \u201cNagyon j\u00f3l felk\u00e9sz\u00fclt\u00e9l. L\u00e1bt\u00f6r\u00e9st!\u201d vagy \u201cL\u00e1bt\u00f6r\u00e9st odakint. Csod\u00e1latos leszel.\u201d A mondat \u00f6nmag\u00e1ban vagy egy hosszabb \u00fczenet r\u00e9szek\u00e9nt is m\u0171k\u00f6dik.<\/li>\n\n\n\n<li><strong>5. l\u00e9p\u00e9s - Figyelje a reakci\u00f3kat:<\/strong> Ha valaki zavartan n\u00e9z, amikor azt mondod, hogy \u201cl\u00e1bt\u00f6r\u00e9s\u201d, lehet, hogy nem ismeri a kifejez\u00e9st. Gyorsan, mosolyogva hozz\u00e1teheted, hogy \u201cez azt jelenti, hogy sok szerencs\u00e9t\u201d. Ne \u00e9reztesd vel\u00fck, hogy k\u00ednosan \u00e9rzik magukat, ami\u00e9rt nem tudj\u00e1k.<\/li>\n<\/ul>\n\n\n\n<p><strong>\u00cdr\u00e1sban:<\/strong> \u201cA \u201dL\u00e1bt\u00f6r\u00e9st\u201c sz\u00f6vegekben, e-mailekben \u00e9s k\u00e1rty\u00e1kon is m\u0171k\u00f6dik. T\u00f6k\u00e9letes egy gyors, b\u00e1tor\u00edt\u00f3 sz\u00f6vegben valaki nagy pillanata el\u0151tt. \u201dGondolok r\u00e1d. L\u00e1bt\u00f6r\u00e9st ma!\" szem\u00e9lyesnek \u00e9s t\u00e1mogat\u00f3nak t\u0171nik.<\/p>\n\n\n\n<p><strong>Szem\u00e9lyesen:<\/strong> Szemt\u0151l-szembe a \u201cl\u00e1bt\u00f6r\u00e9st\u201d vid\u00e1man \u00e9s \u0151szint\u00e9n kell hangzania. P\u00e1ros\u00edtsa \u00f6lel\u00e9ssel, k\u00e9zfog\u00e1ssal vagy t\u00e1mogat\u00f3 gesztussal. Vegye fel a szemkontaktust. Mutassa meg, hogy komolyan gondolja.<\/p>\n\n\n\n<p><strong>Alternat\u00edv\u00e1k, ha bizonytalan vagy:<\/strong> Ha nem b\u00edzik a \u201cl\u00e1bt\u00f6r\u00e9st\u201d kifejez\u00e9s haszn\u00e1lat\u00e1ban, ezek a mondatok is hasonl\u00f3an m\u0171k\u00f6dnek:<\/p>\n\n\n\n<ul class=\"wp-block-list\">\n<li>\u201c\u00dcsd ki \u0151ket.\u2019<\/li>\n\n\n\n<li>\u201c\u00d6ld meg odakint.\u201d<\/li>\n\n\n\n<li>\u201cMegkapod.\u201d<\/li>\n\n\n\n<li>\u201cKapd el \u0151ket.\u2019<\/li>\n\n\n\n<li>\u201cMutasd meg nekik, mit tudsz.\u201d<\/li>\n<\/ul>\n\n\n\n<p>A legjobb megk\u00f6zel\u00edt\u00e9s, ha olyan kifejez\u00e9seket haszn\u00e1lsz, amelyeket term\u00e9szetesnek \u00e9rzel. Ha a \u201cl\u00e1bt\u00f6r\u00e9s\u201d nem g\u00f6rd\u00fcl le k\u00f6nnyen a nyelvedr\u0151l, az sem baj. A hiteles b\u00e1tor\u00edt\u00e1s t\u00f6bbet sz\u00e1m\u00edt, mint a divatos kifejez\u00e9sek haszn\u00e1lata.<\/p>\n\n\n\n<p>Haszn\u00e1lja az al\u00e1bbi widgetet, hogy tesztelje az AI Detector \u00e9s Humanizer programot!<\/p>\n\n\n\n<div id=\"uai-widget\" data-affiliate-link=\"https:\/\/undetectable.ai\/?_by=hi4km\"><script>var js = document.createElement(\"script\");js.async = true;js.src = \"https:\/\/widget.undetectable.ai\/js\/widget-loader.js?t=\"+Date.now();document.getElementsByTagName(\"head\")[0].appendChild(js);<\/script><\/div>\n\n\n\n<h2 class=\"wp-block-heading\">Nem s\u00e9r\u00fcltek meg a csontok<\/h2>\n\n\n\n<p>\u201cA \u201dL\u00e1bt\u00f6r\u00e9s\" t\u00f6bb mint egy furcsa mond\u00e1s. A kult\u00fart\u00f6rt\u00e9net egy darabja, amely sz\u00ednh\u00e1zi babon\u00e1b\u00f3l mindennapi b\u00e1tor\u00edt\u00e1ss\u00e1 v\u00e1lt.&nbsp;<\/p>\n\n\n\n<p>A nyelv a kapcsolatr\u00f3l sz\u00f3l. Az olyan idi\u00f3m\u00e1k, mint a \u201cl\u00e1bt\u00f6r\u00e9st\u201d, kreat\u00edv m\u00f3don fejezik ki a t\u00e1mogat\u00e1st \u00e9s a b\u00e1tor\u00edt\u00e1st. Sz\u00ednesebb\u00e9 teszik a besz\u00e9lget\u00e9seket, \u00e9s seg\u00edtenek a k\u00f6z\u00f6s meg\u00e9rt\u00e9sen alapul\u00f3 k\u00f6t\u0151d\u00e9sben. <\/p>\n\n\n\n<p>Ak\u00e1r egy sz\u00ednh\u00e1zban \u00fclsz, ak\u00e1r csak egy bar\u00e1todnak k\u00fcldesz sms-t a nagy nap el\u0151tt, a \u201cl\u00e1bt\u00f6r\u00e9s\u201d s\u00falyt \u00e9s jelent\u00e9st hordoz.<\/p>\n\n\n\n<p>Teh\u00e1t legk\u00f6zelebb, amikor valaki, aki fontos neked, kih\u00edv\u00e1ssal n\u00e9z szembe, mondd neki, hogy t\u00f6rj\u00f6n ki egy l\u00e1bat. Csak gy\u0151z\u0151dj meg r\u00f3la, hogy meg\u00e9rtik, hogy sikert k\u00edv\u00e1nsz nekik, nem pedig t\u00e9nyleges t\u00f6r\u00e9st. \u00c9s ha te vagy az, aki ezt hallja?<\/p>\n\n\n\n<p>Vegye ezt b\u00f3knak. Valaki hisz benned annyira, hogy a sz\u00ednh\u00e1zi vil\u00e1g legh\u00edresebb kabal\u00e1j\u00e1t haszn\u00e1lja.<\/p>\n\n\n\n<p>Pol\u00edrozza az \u00edr\u00e1s\u00e1t, \u00e9s tartsa term\u00e9szetesen emberi hangz\u00e1s\u00fanak a <a href=\"https:\/\/undetectable.ai\/\" target=\"_blank\" data-type=\"link\" data-id=\"https:\/\/undetectable.ai\/\" rel=\"noreferrer noopener\">Kimutathatatlan AI<\/a>.<\/p>","protected":false},"excerpt":{"rendered":"","protected":false},"author":15,"featured_media":19306,"comment_status":"closed","ping_status":"closed","sticky":false,"template":"","format":"standard","meta":{"_themeisle_gutenberg_block_has_review":false,"footnotes":""},"categories":[31],"tags":[],"class_list":["post-19299","post","type-post","status-publish","format-standard","has-post-thumbnail","hentry","category-helpful-ai-content-tips"],"_links":{"self":[{"href":"https:\/\/undetectable.ai/blog\/hu\/wp-json\/wp\/v2\/posts\/19299","targetHints":{"allow":["GET"]}}],"collection":[{"href":"https:\/\/undetectable.ai/blog\/hu\/wp-json\/wp\/v2\/posts"}],"about":[{"href":"https:\/\/undetectable.ai/blog\/hu\/wp-json\/wp\/v2\/types\/post"}],"author":[{"embeddable":true,"href":"https:\/\/undetectable.ai/blog\/hu\/wp-json\/wp\/v2\/users\/15"}],"replies":[{"embeddable":true,"href":"https:\/\/undetectable.ai/blog\/hu\/wp-json\/wp\/v2\/comments?post=19299"}],"version-history":[{"count":5,"href":"https:\/\/undetectable.ai/blog\/hu\/wp-json\/wp\/v2\/posts\/19299\/revisions"}],"predecessor-version":[{"id":19308,"href":"https:\/\/undetectable.ai/blog\/hu\/wp-json\/wp\/v2\/posts\/19299\/revisions\/19308"}],"wp:featuredmedia":[{"embeddable":true,"href":"https:\/\/undetectable.ai/blog\/hu\/wp-json\/wp\/v2\/media\/19306"}],"wp:attachment":[{"href":"https:\/\/undetectable.ai/blog\/hu\/wp-json\/wp\/v2\/media?parent=19299"}],"wp:term":[{"taxonomy":"category","embeddable":true,"href":"https:\/\/undetectable.ai/blog\/hu\/wp-json\/wp\/v2\/categories?post=19299"},{"taxonomy":"post_tag","embeddable":true,"href":"https:\/\/undetectable.ai/blog\/hu\/wp-json\/wp\/v2\/tags?post=19299"}],"curies":[{"name":"wp","href":"https:\/\/api.w.org\/{rel}","templated":true}]}}