{"id":19312,"date":"2026-01-08T02:56:00","date_gmt":"2026-01-08T02:56:00","guid":{"rendered":"https:\/\/undetectable.ai/blog\/?p=19312"},"modified":"2026-01-30T21:49:57","modified_gmt":"2026-01-30T21:49:57","slug":"sargarez-gombostuk","status":"publish","type":"post","link":"https:\/\/undetectable.ai/blog\/hu\/sargarez-gombostuk\/","title":{"rendered":"R\u00e9zfogak: Mit jelent ez? P\u00e9ld\u00e1k \u00e9s tippek"},"content":{"rendered":"<p>K\u00e9pzeld el, hogy van egy dr\u00e1ga viktori\u00e1nus sz\u00e9k...<\/p>\n\n\n\n<p>Puha v\u00f6r\u00f6s b\u00e1rsony bor\u00edtja, \u00e9s \u00fagy n\u00e9z ki, mintha egy kir\u00e1lyi palot\u00e1ban lenne a helye.<\/p>\n\n\n\n<p>Most k\u00e9pzelje el, hogy fog egy \u00e9les k\u00e9st, \u00e9s let\u00e9pi azt a gy\u00f6ny\u00f6r\u0171 sz\u00f6vetet.<\/p>\n\n\n\n<p>Elpuszt\u00edt\u00f3an hangzik, nem igaz?<\/p>\n\n\n<div class=\"wp-block-image\">\n<figure class=\"aligncenter size-large\"><img loading=\"lazy\" decoding=\"async\" width=\"1024\" height=\"576\" src=\"https:\/\/undetectable.ai/blog\/wp-content\/uploads\/2026\/01\/brass-tacks-upholstery-1024x576.jpeg\" alt=\"\" class=\"wp-image-19318\" title=\"\" srcset=\"https:\/\/undetectable.ai/blog\/wp-content\/uploads\/2026\/01\/brass-tacks-upholstery-1024x576.jpeg 1024w, https:\/\/undetectable.ai/blog\/wp-content\/uploads\/2026\/01\/brass-tacks-upholstery-300x169.jpeg 300w, https:\/\/undetectable.ai/blog\/wp-content\/uploads\/2026\/01\/brass-tacks-upholstery-768x432.jpeg 768w, https:\/\/undetectable.ai/blog\/wp-content\/uploads\/2026\/01\/brass-tacks-upholstery-18x10.jpeg 18w, https:\/\/undetectable.ai/blog\/wp-content\/uploads\/2026\/01\/brass-tacks-upholstery.jpeg 1344w\" sizes=\"auto, (max-width: 1024px) 100vw, 1024px\" \/><\/figure><\/div>\n\n\n<p>De n\u00e9h\u00e1ny \u00e9vsz\u00e1zaddal ezel\u0151tt ez volt az egyetlen m\u00f3dja annak, hogy ellen\u0151rizz\u00e9k, hogy egy sz\u00e9k er\u0151s-e.<\/p>\n\n\n\n<p>Visszah\u00fazt\u00e1k a d\u00edszes, s\u00e1rgar\u00e9z gombost\u0171s k\u00e1rpitot, \u00e9s megn\u00e9zt\u00e9k, hogy az alatta l\u00e9v\u0151 fa t\u00f6m\u00f6r vagy korhadt.<\/p>\n\n\n\n<p>Ez a r\u00e9gi szok\u00e1s adta nek\u00fcnk az angol nyelv egyik legn\u00e9pszer\u0171bb mond\u00e1s\u00e1t.<\/p>\n\n\n\n<p>De tudj\u00e1tok, hogy mi a mai \u00e9rtelemben vett r\u00e9zfasz\u00fas\u00e1g?<\/p>\n\n\n\n<p>Ez m\u00e1r nem a b\u00fatorokr\u00f3l sz\u00f3l.&nbsp;<\/p>\n\n\n\n<p>Ez azt jelenti, hogy ki kell hagyni a \u201cbolyhos dolgokat\u201d, p\u00e9ld\u00e1ul az udvarias cseveg\u00e9st, hogy eljussunk az alatta megb\u00faj\u00f3 val\u00f3di igazs\u00e1ghoz.<\/p>\n\n\n\n<p>Ebben a blogban pontosan ezt fogjuk tenni.&nbsp;<\/p>\n\n\n\n<p>Megn\u00e9zz\u00fck a r\u00e9zkarcok jelent\u00e9s\u00e9t, megn\u00e9z\u00fcnk n\u00e9h\u00e1ny p\u00e9ld\u00e1t, kijav\u00edtjuk a gyakori hib\u00e1kat, \u00e9s megtanuljuk a legjobb tippeket a haszn\u00e1latukra.<\/p>\n\n\n\n<p>Mer\u00fclj\u00fcnk el benne.<\/p>\n\n\n\n<hr class=\"wp-block-separator has-alpha-channel-opacity\"\/>\n\n\n\n<p class=\"has-text-align-center\"><strong>A legfontosabb tudnival\u00f3k<\/strong><\/p>\n\n\n\n<ul class=\"wp-block-list\">\n<li>A l\u00e9nyegre t\u00e9rni azt jelenti, hogy a l\u00e9nyeges, gyakorlatias r\u00e9szletekre kell \u00f6sszpontos\u00edtani, \u00e9s ki kell hagyni a felesleges besz\u00e9det.<\/li>\n<\/ul>\n\n\n\n<p><\/p>\n\n\n\n<ul class=\"wp-block-list\">\n<li>A brass tacks jelent\u00e9se a 19. sz\u00e1zadi amerikai haszn\u00e1latb\u00f3l sz\u00e1rmazik, bele\u00e9rtve a kereskedelmi pultokat \u00e9s a r\u00e9zszegek k\u00e1rpitoz\u00e1s\u00e1t.<\/li>\n<\/ul>\n\n\n\n<p><\/p>\n\n\n\n<ul class=\"wp-block-list\">\n<li>A \"r\u00e1t\u00e9rni a l\u00e9nyegre\" jelent\u00e9s az \u00f6tletekr\u0151l a cselekv\u00e9sre val\u00f3 \u00e1tt\u00e9r\u00e9st jelenti, k\u00fcl\u00f6n\u00f6sen \u00fczleti k\u00f6rnyezetben.<\/li>\n<\/ul>\n\n\n\n<p><\/p>\n\n\n\n<ul class=\"wp-block-list\">\n<li>Gyakori hiba a \u201crezes ad\u00f3\u201d \u00edr\u00e1sm\u00f3d, ami helytelen \u00e9s megv\u00e1ltoztatja a jelent\u00e9st.<\/li>\n<\/ul>\n\n\n\n<p><\/p>\n\n\n\n<ul class=\"wp-block-list\">\n<li>Az ilyen idi\u00f3m\u00e1k helyes haszn\u00e1lata emberi besz\u00e9dk\u00e9szs\u00e9gr\u0151l tan\u00faskodik, ami k\u00fcl\u00f6n\u00f6sen fontos a mesters\u00e9ges intelligencia \u00e1ltal gener\u00e1lt tartalmak eset\u00e9ben.<\/li>\n<\/ul>\n\n\n\n<p><\/p>\n\n\n\n<hr class=\"wp-block-separator has-alpha-channel-opacity\"\/>\n\n\n\n<h2 class=\"wp-block-heading\">A Brass Tacks meg\u00e9rt\u00e9se<\/h2>\n\n\n\n<p>Az angol nyelv szereti <a href=\"https:\/\/undetectable.ai\/blog\/metaphor-examples\/\" target=\"_blank\" rel=\"noreferrer noopener\">egy j\u00f3 metafora<\/a>.\u00a0<\/p>\n\n\n\n<p>A metafora az, amikor fizikai t\u00e1rgyakb\u00f3l (p\u00e9ld\u00e1ul szersz\u00e1mokb\u00f3l vagy sz\u00f6vetekb\u0151l) k\u00f6lcs\u00f6nz\u00fcnk kifejez\u00e9seket absztrakt helyzetek le\u00edr\u00e1s\u00e1ra.&nbsp;<\/p>\n\n\n\n<p><strong>\u201cBrass tacks\u201d<\/strong> az egyik ilyen metafora.&nbsp;<\/p>\n\n\n\n<p>De mi\u00e9rt s\u00e1rgar\u00e9z? \u00c9s mi\u00e9rt pont s\u00e1rgar\u00e9z?<\/p>\n\n\n\n<p>Ahhoz, hogy meg\u00e9rts\u00fck, mit is jelent ez, vissza kell utaznunk a 19. sz\u00e1zadba.<\/p>\n\n\n\n<p>A kiv\u00e1l\u00f3 min\u0151s\u00e9g\u0171 b\u00fatorok gyakran bonyolultak \u00e9s nehezek voltak.&nbsp;<\/p>\n\n\n\n<p>Egy sz\u00e9ket vastag p\u00e1rn\u00e1zattal, dr\u00e1ga b\u00e1rsonnyal \u00e9s d\u00edsz\u00edt\u0151 d\u00edsz\u00edt\u00e9ssel bor\u00edtan\u00e1nak, hogy leny\u0171g\u00f6z\u0151en n\u00e9zzen ki.&nbsp;<\/p>\n\n\n\n<p>De ha egy mesterembernek meg kellett jav\u00edtania egy ingatag l\u00e1bat, vagy ellen\u0151rizni kellett, hogy a keret rothad\u00e1smentes-e, akkor vissza kellett h\u00fazniuk az eg\u00e9szet. <a href=\"https:\/\/www.grammar-monster.com\/sayings_proverbs\/get_down_to_brass_tacks.htm\" target=\"_blank\" rel=\"noreferrer noopener\">s\u00e1rgar\u00e9z gombost\u0171k k\u00e1rpitoz\u00e1s<\/a> am\u00edg el nem jutottak a \u201cr\u00e9zs\u00fatos dolgokhoz\u201d.\u201d<\/p>\n\n\n\n<p>Ez a szerkezetet \u00f6sszetart\u00f3 t\u00e9nyleges k\u00f6t\u0151elemek.<\/p>\n\n\n\n<p>Teh\u00e1t a l\u00e9nyegre t\u00e9rni azt jelenti. <strong>a felsz\u00edni r\u00e9tegek elt\u00e1vol\u00edt\u00e1sa a magval\u00f3s\u00e1g el\u00e9r\u00e9s\u00e9hez.<\/strong>.<\/p>\n\n\n\n<p>Ezt szem el\u0151tt tartva t\u00e9rj\u00fcnk r\u00e1 a l\u00e9nyegre, \u00e9s fedj\u00fck fel a jelent\u00e9s\u00e9t:&nbsp;<\/p>\n\n\n\n<h3 class=\"wp-block-heading\">A jelent\u00e9s magyar\u00e1zata<\/h3>\n\n\n\n<p>Alapj\u00e1ban v\u00e9ve, a l\u00e9nyeg, hogy a tart\u00f3ss\u00e1g \u00e9s a sz\u00fcks\u00e9gszer\u0171s\u00e9g k\u00f6r\u00fcl forog.<\/p>\n\n\n\n<ul class=\"wp-block-list\">\n<li><strong>S\u00e1rgar\u00e9z: <\/strong>\u00a0Er\u0151s f\u00e9m, amely tart\u00f3s \u00e9s nem rozsd\u00e1sodik k\u00f6nnyen. Ismert arr\u00f3l, hogy id\u0151vel kitart.<\/li>\n<\/ul>\n\n\n\n<ul class=\"wp-block-list\">\n<li><strong>Tacks: <\/strong>Kicsi sz\u00f6gek, amelyeket sz\u00f6vetek f\u00e1hoz val\u00f3 r\u00f6gz\u00edt\u00e9s\u00e9re haszn\u00e1lnak. Lehet, hogy jelent\u00e9ktelennek t\u0171nnek, de n\u00e9lk\u00fcl\u00fck minden sz\u00e9tesik.<\/li>\n<\/ul>\n\n\n<div class=\"wp-block-image\">\n<figure class=\"aligncenter size-full\"><img loading=\"lazy\" decoding=\"async\" width=\"484\" height=\"388\" src=\"https:\/\/undetectable.ai/blog\/wp-content\/uploads\/2026\/01\/small-nails.jpeg\" alt=\"\" class=\"wp-image-19319\" title=\"\" srcset=\"https:\/\/undetectable.ai/blog\/wp-content\/uploads\/2026\/01\/small-nails.jpeg 484w, https:\/\/undetectable.ai/blog\/wp-content\/uploads\/2026\/01\/small-nails-300x240.jpeg 300w, https:\/\/undetectable.ai/blog\/wp-content\/uploads\/2026\/01\/small-nails-15x12.jpeg 15w\" sizes=\"auto, (max-width: 484px) 100vw, 484px\" \/><\/figure><\/div>\n\n\n<p>Teh\u00e1t amikor valaki azt mondja. <strong>\"<\/strong>t\u00e9rj\u00fcnk a t\u00e1rgyra<strong>,\"<\/strong> arr\u00f3l besz\u00e9lnek, hogy t\u00e1vol\u00edts\u00e1k el a plusz r\u00e9tegeket, \u00e9s ellen\u0151rizz\u00e9k, mi tartja \u00f6ssze a dolgokat. Ez egy olyan t\u00f6rekv\u00e9s, hogy ne kelljen mindent megmagyar\u00e1zni.&nbsp;<\/p>\n\n\n\n<p>\u00c9s mivel a s\u00e1rgar\u00e9z nem kopik el k\u00f6nnyen, k\u00e9rve a <em>s\u00e1rgar\u00e9z gombost\u0171k<\/em> azt jelenti, hogy olyan t\u00e9nyeket k\u00e9rdez\u00fcnk, amelyek nem v\u00e1ltoznak.&nbsp;<\/p>\n\n\n\n<p>L\u00e1ssunk n\u00e9h\u00e1ny p\u00e9ld\u00e1t erre a metafor\u00e1ra.<\/p>\n\n\n\n<h2 class=\"wp-block-heading\">R\u00e9zfogak: Mindennapi p\u00e9ld\u00e1k<\/h2>\n\n\n\n<p>Ezt a kifejez\u00e9st a kem\u00e9ny dr\u00e1m\u00e1kban, politikai thrillerekben \u00e9s rekl\u00e1mokban haszn\u00e1lj\u00e1k, amelyek a kem\u00e9nys\u00e9g, a komolys\u00e1g \u00e9s a megb\u00edzhat\u00f3s\u00e1g \u00e9rzet\u00e9t akarj\u00e1k sugallni.<\/p>\n\n\n\n<p><strong>P\u00e9ld\u00e1k:<\/strong><\/p>\n\n\n\n<ol class=\"wp-block-list\">\n<li><strong>B\u00edr\u00f3s\u00e1gi terem:<\/strong> <em>\u201cA besz\u00e9deket tartogasd az esk\u00fcdtsz\u00e9knek, Mike. Hagyjuk... <\/em><em>t\u00e9rj\u00fcnk a t\u00e1rgyra<\/em><em>. Tudja, hogy az \u00fcgyfele b\u0171n\u00f6s, \u00e9s tudom, hogy v\u00e1dalkut akar. Mennyi id\u0151t hajland\u00f3 le\u00fclni?\u201d<\/em><\/li>\n<\/ol>\n\n\n\n<ol start=\"2\" class=\"wp-block-list\">\n<li><strong>Hirdet\u00e9s:<\/strong> <em>\u201cNincs sz\u00fcks\u00e9g f\u0171t\u00f6tt \u00fcl\u00e9sekre. Nincs sz\u00fcks\u00e9ged napf\u00e9nytet\u0151re. Egy teheraut\u00f3ra van sz\u00fcks\u00e9ged, ami h\u00faz. Legyen... <\/em><em>t\u00e9rj\u00fcnk a t\u00e1rgyra<\/em><em>. Az \u00faj Heavy-Duty sorozat: Minden nyomat\u00e9k, nulla j\u00e1t\u00e9k.\u201d<\/em><\/li>\n<\/ol>\n\n\n\n<ol start=\"3\" class=\"wp-block-list\">\n<li><strong>Politika:<\/strong><strong><em> <\/em><\/strong><em>\u201cT\u00fal kell tekinten\u00fcnk a szalagc\u00edmeken, \u00e9s <\/em><em>t\u00e9rj\u00fcnk a t\u00e1rgyra<\/em><em>: Hogyan teremt\u00fcnk most munkahelyeket a k\u00f6z\u00e9poszt\u00e1ly sz\u00e1m\u00e1ra?\u201d<\/em><\/li>\n<\/ol>\n\n\n\n<h2 class=\"wp-block-heading\">Mikor haszn\u00e1ljunk r\u00e9zfog\u00f3kat<\/h2>\n\n\n\n<p>Az id\u0151z\u00edt\u00e9s a legfontosabb. Nem lehet csak \u00fagy bes\u00e9t\u00e1lni egy megbesz\u00e9l\u00e9sre, \u00e9s azonnal azt mondani, <strong><em>\u201cGyer\u00fcnk <\/em><\/strong><strong><em>t\u00e9rj\u00fcnk a t\u00e1rgyra<\/em><\/strong><strong><em>.&#8221;<\/em><\/strong><\/p>\n\n\n\n<p>V\u00e1rjon, am\u00edg k\u00f6r\u00fclbel\u00fcl <strong>20% a besz\u00e9lget\u00e9sbe<\/strong>. \u00c9p\u00edtsen kapcsolatot, majd t\u00e9rjen \u00e1t az \u00fczletre.<\/p>\n\n\n\n<p>Sz\u00f3val, mikor dobja el a vonalat?&nbsp;<\/p>\n\n\n\n<p>Akkor haszn\u00e1lja, ha a besz\u00e9lget\u00e9s megakad egy hurokban, k\u00fcl\u00f6n\u00f6sen az ilyen helyzetekben:<\/p>\n\n\n\n<ul class=\"wp-block-list\">\n<li>40 percig vitatkoztak azon, hogy milyen \u00e1rnyalat\u00fa legyen a k\u00e9k a log\u00f3hoz. A megbesz\u00e9l\u00e9s nem vezet sehov\u00e1.<\/li>\n<\/ul>\n\n\n\n<ul class=\"wp-block-list\">\n<li>Az \u00fcgyf\u00e9l folyamatosan a funkci\u00f3kr\u00f3l k\u00e9rdez, de nem hajland\u00f3 besz\u00e9lni a k\u00f6lts\u00e9gvet\u00e9sr\u0151l. Ki kell k\u00e9nyszer\u00edtenie a d\u00f6nt\u00e9st.<\/li>\n<\/ul>\n\n\n\n<ul class=\"wp-block-list\">\n<li>M\u00e9g 10 perc van h\u00e1tra a megbesz\u00e9l\u00e9sb\u0151l, \u00e9s m\u00e9g nem osztott ki feladatokat.<\/li>\n<\/ul>\n\n\n\n<p>De ne feledje, hogy nem mindenki szereti a rohan\u00f3 v\u00e9geredm\u00e9nyt.<\/p>\n\n\n\n<figure class=\"wp-block-table\"><table class=\"has-fixed-layout\"><tbody><tr><td class=\"has-text-align-center\" data-align=\"center\"><strong>Kontextus<\/strong><\/td><td class=\"has-text-align-center\" data-align=\"center\"><strong>Kult\u00far\u00e1k<\/strong><\/td><td class=\"has-text-align-center\" data-align=\"center\"><strong>\u00cdt\u00e9let<\/strong><\/td><td class=\"has-text-align-center\" data-align=\"center\"><strong>Mi\u00e9rt?<\/strong><\/td><\/tr><tr><td class=\"has-text-align-center\" data-align=\"center\">Alacsony kontextus<\/td><td class=\"has-text-align-center\" data-align=\"center\">USA, N\u00e9metorsz\u00e1g, Skandin\u00e1via<\/td><td class=\"has-text-align-center\" data-align=\"center\">Z\u00f6ld f\u00e9ny<\/td><td class=\"has-text-align-center\" data-align=\"center\">\u00c9rt\u00e9kelik a gyorsas\u00e1got. A k\u00f6zvetlens\u00e9get professzion\u00e1lisnak tekintik.<\/td><\/tr><tr><td class=\"has-text-align-center\" data-align=\"center\">Magas kontextus<\/td><td class=\"has-text-align-center\" data-align=\"center\">Jap\u00e1n, arab vil\u00e1g, Latin-Amerika<\/td><td class=\"has-text-align-center\" data-align=\"center\">V\u00f6r\u00f6s f\u00e9ny<\/td><td class=\"has-text-align-center\" data-align=\"center\">A kapcsolatok az els\u0151k. A t\u00e9nyekkel val\u00f3 siets\u00e9g durva \u00e9s tranzakci\u00f3s jelleg\u0171.<\/td><\/tr><\/tbody><\/table><\/figure>\n\n\n\n<p>A tartalomk\u00e9sz\u00edt\u00e9s \u00e9s -\u00edr\u00e1s hihetetlen\u00fcl egyszer\u0171v\u00e9 v\u00e1lt, de egyben robotikuss\u00e1 is.<\/p>\n\n\n\n<p>Ha megk\u00e9rsz egy egyszer\u0171 mesters\u00e9ges intelligenci\u00e1t, hogy \u00edrjon egy \u00fczleti e-mailt, val\u00f3sz\u00edn\u0171leg valami steril dolgot fog adni. Hi\u00e1nyzik bel\u0151le az a term\u00e9szetes emberi hajlam, hogy a r\u00f6vid, \u00fct\u0151s mondatokat hosszabb, le\u00edr\u00f3 mondatokkal vegy\u00edtse.<\/p>\n\n\n\n<p>Ez az a hely, ahol a kimutathatatlan mesters\u00e9ges intelligencia <a href=\"https:\/\/undetectable.ai\/ai-humanizer\" target=\"_blank\" rel=\"noreferrer noopener\">AI Humanizer<\/a> j\u00f6n a k\u00e9pbe. Ez az eszk\u00f6z seg\u00edt:\u00a0<\/p>\n\n\n<div class=\"wp-block-image\">\n<figure class=\"aligncenter size-large\"><img loading=\"lazy\" decoding=\"async\" width=\"1024\" height=\"436\" src=\"https:\/\/undetectable.ai/blog\/wp-content\/uploads\/2025\/11\/Advanced-AI-Humanizer-1024x436.jpg\" alt=\"Az Undetectable AI fejlett AI Humanizer programj\u00e1nak k\u00e9perny\u0151k\u00e9pe\" class=\"wp-image-18108\" title=\"\" srcset=\"https:\/\/undetectable.ai/blog\/wp-content\/uploads\/2025\/11\/Advanced-AI-Humanizer-1024x436.jpg 1024w, https:\/\/undetectable.ai/blog\/wp-content\/uploads\/2025\/11\/Advanced-AI-Humanizer-300x128.jpg 300w, https:\/\/undetectable.ai/blog\/wp-content\/uploads\/2025\/11\/Advanced-AI-Humanizer-768x327.jpg 768w, https:\/\/undetectable.ai/blog\/wp-content\/uploads\/2025\/11\/Advanced-AI-Humanizer-18x8.jpg 18w, https:\/\/undetectable.ai/blog\/wp-content\/uploads\/2025\/11\/Advanced-AI-Humanizer.jpg 1265w\" sizes=\"auto, (max-width: 1024px) 100vw, 1024px\" \/><\/figure><\/div>\n\n\n<ul class=\"wp-block-list\">\n<li>Term\u00e9szetes, besz\u00e9lget\u0151s tartalom l\u00e9trehoz\u00e1sa, amely emberi \u00e9rz\u00e9st kelt.<\/li>\n\n\n\n<li>Er\u0151s foly\u00e1s \u00e9s temp\u00f3 fenntart\u00e1sa, tudva, hogy mikor kell magyar\u00e1zni \u00e9s mikor kell k\u00f6zvetlen lenni.<\/li>\n\n\n\n<li>Seg\u00edt\u00fcnk az \u00edr\u00e1sodnak kiemelkedni az \u00e1ltal\u00e1nos mesters\u00e9ges intelligencia tartalmak k\u00f6z\u00fcl az\u00e1ltal, hogy elt\u00e1vol\u00edtjuk a bolyhos dolgokat \u00e9s egy\u00e9rtelm\u0171bb\u00e9 tessz\u00fck.<\/li>\n<\/ul>\n\n\n\n<h2 class=\"wp-block-heading\">Gyakori hib\u00e1k a Brass Tacks<\/h2>\n\n\n\n<p>\u00cdme a n\u00e9gy leggyakoribb m\u00f3d, ahogyan az emberek elrontj\u00e1k ezt az idi\u00f3m\u00e1t:<\/p>\n\n\n\n<ol class=\"wp-block-list\">\n<li><strong>A \u201cr\u00e9z ad\u00f3\u201d \u00edr\u00e1sa\u201d<\/strong><\/li>\n<\/ol>\n\n\n\n<p>Ez a leggyakoribb hiba. Az emberek gyakran \u00edrj\u00e1k, <strong><em>\u201cT\u00e9rj\u00fcnk r\u00e1 a r\u00e9z ad\u00f3ra.\u201d <\/em><\/strong>Ez csak a f\u00fcl elcs\u00fasz\u00e1sa.&nbsp;<\/p>\n\n\n\n<ul class=\"wp-block-list\">\n<li>A sz\u00f3 <strong>\u201cad\u00f3\u201d<\/strong> a p\u00e9nzzel, a korm\u00e1nyzattal \u00e9s a komoly \u00fczletekkel kapcsolatos (mint p\u00e9ld\u00e1ul a <em>\u201chal\u00e1l \u00e9s ad\u00f3k\u201d<\/em>).\u00a0<\/li>\n<\/ul>\n\n\n\n<p>Teh\u00e1t, a hallgat\u00f3 fej\u00e9ben,<em> \u201ca r\u00e9zad\u00f3ra val\u00f3 r\u00e1t\u00e9r\u00e9s\u201d<\/em> \u00fagy hangzik, mintha a p\u00e9nz\u00fcgyi b\u00fcntet\u00e9s vagy a kem\u00e9ny k\u00f6lts\u00e9gek miatt kellene fizetni.<\/p>\n\n\n\n<ol start=\"2\" class=\"wp-block-list\">\n<li><strong>\u00d6sszekeverni a \u201cr\u00e9zfegyveres taktik\u00e1val\u201d<\/strong><\/li>\n<\/ol>\n\n\n\n<p>N\u00e9h\u00e1nyan t\u00e9vesen azt \u00edrj\u00e1k<strong><em> \u201cBrass Tacts.\u201d<\/em><\/strong><\/p>\n\n\n\n<ul class=\"wp-block-list\">\n<li>\u00d6sszekeverik a sz\u00f3val <strong>\u201ctapintat\u201d<\/strong> (ami diplom\u00e1ci\u00e1t vagy \u00e9rz\u00e9kenys\u00e9get jelent).<\/li>\n<\/ul>\n\n\n\n<p>Ez az\u00e9rt ironikus, mert a \"r\u00f6gt\u00f6n a t\u00e1rgyra t\u00e9rni\" jelent\u00e9se \u00e1ltal\u00e1ban a tapintat elhagy\u00e1s\u00e1val j\u00e1r, hogy nyersen fogalmazzunk.<\/p>\n\n\n\n<p>A s\u00e1rgar\u00e9z kem\u00e9ny, m\u00edg a tapint\u00e1s puha. Ker\u00fclje ezt a helyes\u00edr\u00e1st.<\/p>\n\n\n\n<ol start=\"3\" class=\"wp-block-list\">\n<li><strong>A \u201cDown\u201d sz\u00f3 elhagy\u00e1sa\u201d<\/strong><\/li>\n<\/ol>\n\n\n\n<p>Ez az idi\u00f3ma saj\u00e1tos mozg\u00e1sra t\u00e1maszkodik. Nem lehet csak \u00fagy <strong>eljutni<\/strong> a sz\u00f6gek.<\/p>\n\n\n\n<ul class=\"wp-block-list\">\n<li><strong>Helytelen:<\/strong><strong><em> <\/em><\/strong><em>T\u00e9rj\u00fcnk a l\u00e9nyegre.<\/em><\/li>\n\n\n\n<li><strong>Helyes:<\/strong> <em>T\u00e9rj\u00fcnk a l\u00e9nyegre.<\/em><\/li>\n<\/ul>\n\n\n\n<p>Eml\u00e9kszel a r\u00e9zszeges k\u00e1rpitos metafor\u00e1ra? Le kell \u00e1sni a k\u00e1rpit al\u00e1, hogy megtal\u00e1ljuk a sz\u00f6geket. A sz\u00f3<em> \u201cle\u201d<\/em> azt jelenti, hogy a m\u00e9lys\u00e9g \u00e9s a felt\u00e1r\u00e1s.&nbsp;<\/p>\n\n\n\n<ol start=\"4\" class=\"wp-block-list\">\n<li><strong>T\u00fal gyakori haszn\u00e1lata<\/strong><\/li>\n<\/ol>\n\n\n\n<p>Mint minden er\u0151s f\u0171szer, ez az idi\u00f3ma is t\u00f6nkreteszi az \u00e9telt, ha t\u00fal sokat haszn\u00e1lunk bel\u0151le.<\/p>\n\n\n\n<ul class=\"wp-block-list\">\n<li><strong>A hiba: <\/strong>Haszn\u00e1lja minden egyes megbesz\u00e9l\u00e9sen vagy e-mailben. \u201cOk\u00e9, csapat, itt az id\u0151!\u201d<\/li>\n<\/ul>\n\n\n\n<p>Ideges\u00edt\u0151 v\u00e1llalati zsargonn\u00e1 v\u00e1lik. Ha t\u00fal gyakran mondod, az alkalmazottak elhallgatnak. Tartogassa azokra a pillanatokra, amikor valami komolyabbra kell \u00e1tt\u00e9rnie.<\/p>\n\n\n\n<h2 class=\"wp-block-heading\">Tippek a Brass Tacks hat\u00e9kony haszn\u00e1lat\u00e1hoz<\/h2>\n\n\n\n<p>\u00cdme n\u00e9gy m\u00f3dja annak, hogy hat\u00e9konyan haszn\u00e1ld ezt az idi\u00f3m\u00e1t:<\/p>\n\n\n\n<p><strong>Tipp 1: Haszn\u00e1lja a besz\u00e9lget\u00e9s ir\u00e1ny\u00edt\u00e1s\u00e1ra<\/strong><\/p>\n\n\n\n<p>Haszn\u00e1lja ezt a kifejez\u00e9st, amikor az \u00e1ltal\u00e1nos besz\u00e9db\u0151l \u00e1t akar t\u00e9rni a konkr\u00e9tumokhoz.<\/p>\n\n\n\n<p><strong>Hogyan kell csin\u00e1lni:<br><\/strong> R\u00f6viden z\u00e1rja le a besz\u00e9lget\u00e9st, majd mondja:<\/p>\n\n\n\n<p><em>\u201cMost pedig t\u00e9rj\u00fcnk a t\u00e1rgyra.\u201d<\/em><\/p>\n\n\n\n<p>Sz\u00fcnet. Ezut\u00e1n mondja ki a legfontosabb t\u00e9nyt, sz\u00e1mot vagy d\u00f6nt\u00e9st. Ez jelzi a ment\u00e1lis \u00fajraind\u00edt\u00e1st. Az emberek abbahagyj\u00e1k az alkalmi hallgat\u00f3z\u00e1st, \u00e9s elkezdenek figyelni.<\/p>\n\n\n\n<p><strong>Tipp 2: Haszn\u00e1lja a fontos r\u00e9szletek bemutat\u00e1s\u00e1ra<\/strong><\/p>\n\n\n\n<p>Az e-mailekben vagy jelent\u00e9sekben a \u201cbrass tacks\u201d j\u00f3l m\u0171k\u00f6dik a t\u00e9nyek felvezet\u00e9sek\u00e9nt.<\/p>\n\n\n\n<p><strong>P\u00e9lda:<\/strong><br><em>\u201cMegbesz\u00e9lt\u00fck az \u00f6tleteket. A l\u00e9nyegre t\u00e9rve, a k\u00f6vetkez\u0151kre van sz\u00fcks\u00e9g\u00fcnk:\u201d<\/em><\/p>\n\n\n\n<p>- K\u00f6lts\u00e9gvet\u00e9s<br>- Id\u0151vonal<br>- Forr\u00e1sok<\/p>\n\n\n\n<p>Azt \u00fczeni az olvas\u00f3nak: ez a r\u00e9sz fontosabb, mint minden, ami f\u00f6l\u00f6tte van.<\/p>\n\n\n\n<p><strong>Tipp 3: Haszn\u00e1lja a kem\u00e9ny igazs\u00e1gok k\u00f6zl\u00e9s\u00e9re<\/strong><\/p>\n\n\n\n<p>Ha valami kellemetlen dolgot kell mondanod, gondolj vissza a r\u00e9zkarcok k\u00e1rpitos metafor\u00e1ra. Vegye le a puha p\u00e1rn\u00e1zatot.<\/p>\n\n\n\n<p>Ahelyett, hogy szem\u00e9lyesnek vagy kritikusnak hangzana, a val\u00f3s\u00e1gra (k\u00f6lts\u00e9gek, korl\u00e1tok vagy korl\u00e1toz\u00e1sok) helyezi a hangs\u00falyt.<\/p>\n\n\n\n<p>Ez elt\u00e1vol\u00edtja az \u00e9rzelmeket az \u00fczenetb\u0151l, \u00e9s a vit\u00e1t a t\u00e9nyekre \u00f6sszpontos\u00edtja.<\/p>\n\n\n\n<p><strong>Tipp 4: Ne keverje \u00f6ssze a \u201cDi\u00f3 \u00e9s csavarokkal\u201d<\/strong><\/p>\n\n\n\n<p>Minden kifejez\u00e9snek m\u00e1s-m\u00e1s feladata van. Ha meg\u00e9rtj\u00fck az adott kifejez\u00e9s konkr\u00e9t jelent\u00e9s\u00e9t, megel\u0151zhetj\u00fck a zavart.<\/p>\n\n\n\n<ul class=\"wp-block-list\">\n<li><strong>Haszn\u00e1lja a \u201cr\u00e9zsz\u00f6geket\u201d a realit\u00e1sokhoz: <\/strong>p\u00e9nz, hat\u00e1rid\u0151k, eredm\u00e9nyek<\/li>\n\n\n\n<li><strong>Haszn\u00e1lja a \u201ccsavarokat \u00e9s any\u00e1kat\u201d a mechanik\u00e1hoz: <\/strong>folyamat, l\u00e9p\u00e9sek, v\u00e9grehajt\u00e1s<\/li>\n<\/ul>\n\n\n\n<p>Egy\u00fctt haszn\u00e1lva tisztas\u00e1got teremtenek a z\u0171rzavar helyett.<\/p>\n\n\n\n<p>N\u00e9zz\u00fck meg, hogyan haszn\u00e1lhatjuk a mesters\u00e9ges intelligenci\u00e1t ennek az idi\u00f3m\u00e1nak a finom\u00edt\u00e1s\u00e1ra.<\/p>\n\n\n\n<p>A k\u00f6vetkez\u0151 promptot t\u00e1pl\u00e1ltuk be az Undetectable AI-ba <a href=\"https:\/\/undetectable.ai\/apps\/ai-chat\" target=\"_blank\" rel=\"noreferrer noopener\">AI Chat<\/a>:<\/p>\n\n\n<div class=\"wp-block-image\">\n<figure class=\"aligncenter size-full\"><img loading=\"lazy\" decoding=\"async\" width=\"749\" height=\"492\" src=\"https:\/\/undetectable.ai/blog\/wp-content\/uploads\/2026\/01\/AI-Chat-as-American-English-Editor.jpeg\" alt=\"\" class=\"wp-image-19320\" title=\"\" srcset=\"https:\/\/undetectable.ai/blog\/wp-content\/uploads\/2026\/01\/AI-Chat-as-American-English-Editor.jpeg 749w, https:\/\/undetectable.ai/blog\/wp-content\/uploads\/2026\/01\/AI-Chat-as-American-English-Editor-300x197.jpeg 300w, https:\/\/undetectable.ai/blog\/wp-content\/uploads\/2026\/01\/AI-Chat-as-American-English-Editor-18x12.jpeg 18w\" sizes=\"auto, (max-width: 749px) 100vw, 749px\" \/><\/figure><\/div>\n\n\n<p>Itt van a kimenet, amit gener\u00e1lt...<\/p>\n\n\n<div class=\"wp-block-image\">\n<figure class=\"aligncenter size-full\"><img loading=\"lazy\" decoding=\"async\" width=\"721\" height=\"494\" src=\"https:\/\/undetectable.ai/blog\/wp-content\/uploads\/2026\/01\/AI-Chat-Outout-about-Email-Draft.jpeg\" alt=\"\" class=\"wp-image-19321\" title=\"\" srcset=\"https:\/\/undetectable.ai/blog\/wp-content\/uploads\/2026\/01\/AI-Chat-Outout-about-Email-Draft.jpeg 721w, https:\/\/undetectable.ai/blog\/wp-content\/uploads\/2026\/01\/AI-Chat-Outout-about-Email-Draft-300x206.jpeg 300w, https:\/\/undetectable.ai/blog\/wp-content\/uploads\/2026\/01\/AI-Chat-Outout-about-Email-Draft-18x12.jpeg 18w\" sizes=\"auto, (max-width: 721px) 100vw, 721px\" \/><\/figure><\/div>\n\n\n<p>A <a href=\"https:\/\/undetectable.ai\/apps\/ai-chat\" target=\"_blank\" rel=\"noreferrer noopener\">AI Chatbot<\/a> verzi\u00f3 jobban m\u0171k\u00f6dik, mert:<\/p>\n\n\n\n<ul class=\"wp-block-list\">\n<li>\u00c1t\u00e1ll a <em>&#8220;<\/em><em>t\u00e9rj\u00fcnk a t\u00e1rgyra<\/em><em>&#8221; <\/em>term\u00e9szetesen a hat\u00e1rid\u0151 eml\u00edt\u00e9se ut\u00e1n azonnal folyik.\u00a0<\/li>\n<\/ul>\n\n\n\n<ul class=\"wp-block-list\">\n<li>Az eredeti tartalomban a kifejez\u00e9s <em>\u201cHogy biztos\u00edtsuk, hogy a helyes \u00faton j\u00e1runk\u201d <\/em>l\u00e1gy\u00edtja a k\u00e9r\u00e9st, hogy a friss\u00edt\u00e9sek ir\u00e1nti ig\u00e9ny ne t\u0171nj\u00f6n hirtelennek vagy f\u0151n\u00f6k\u00f6sk\u00f6d\u0151nek.<\/li>\n<\/ul>\n\n\n\n<p>Haszn\u00e1ld az AI Detector \u00e9s Humanizer programunkat k\u00f6zvetlen\u00fcl az al\u00e1bbi widgetben!<\/p>\n\n\n\n<div id=\"uai-widget\" data-affiliate-link=\"https:\/\/undetectable.ai\/?_by=hi4km\"><script>var js = document.createElement(\"script\");js.async = true;js.src = \"https:\/\/widget.undetectable.ai\/js\/widget-loader.js?t=\"+Date.now();document.getElementsByTagName(\"head\")[0].appendChild(js);<\/script><\/div>\n\n\n\n<h2 class=\"wp-block-heading\">V\u00e9gs\u0151 gondolatok<\/h2>\n\n\n\n<p>V\u00e9gre leh\u00e1moztuk teh\u00e1t ennek a kifejez\u00e9snek a r\u00e9tegeit.&nbsp;<\/p>\n\n\n\n<p>A blog sor\u00e1n megtudtuk, hogy a r\u00e9zkarcok jelent\u00e9se nem csak a r\u00e9gi b\u00fatorokra vonatkozik.&nbsp;<\/p>\n\n\n\n<p>Arr\u00f3l van sz\u00f3, hogy hagyjuk abba a pletyk\u00e1kat, \u00e9s besz\u00e9lj\u00fcnk a val\u00f3s t\u00e9nyekr\u0151l.<\/p>\n\n\n\n<p>Ak\u00e1r egy rendetlen csoportos projektet pr\u00f3b\u00e1lsz rendbe hozni, ak\u00e1r csak okosabban szeretn\u00e9l hangzani az \u00edr\u00e1sodban, ez az idi\u00f3ma seg\u00edthet neked.<\/p>\n\n\n\n<p>De l\u00e9gy \u00f3vatos! Ha t\u00fal kor\u00e1n mondod ki, bunk\u00f3nak t\u0171nhetsz. Az id\u0151z\u00edt\u00e9s szuper fontos.<\/p>\n\n\n\n<p>\u00c9s k\u00e9rem, soha ne \u00edrja le \u201cad\u00f3\u201d-nak. Ez a <em>csak <\/em>k\u00ednos.&nbsp;<\/p>\n\n\n\n<p>Most pedig menj ki, hagyd ki az unalmas dolgokat, \u00e9s t\u00e9rj a l\u00e9nyegre.<\/p>\n\n\n\n<p>Minden mondat legyen vil\u00e1gos, term\u00e9szetes \u00e9s emberi hangz\u00e1s\u00fa a <a href=\"https:\/\/undetectable.ai\/\" target=\"_blank\" data-type=\"link\" data-id=\"https:\/\/undetectable.ai\/\" rel=\"noreferrer noopener\">Kimutathatatlan AI<\/a>.<\/p>","protected":false},"excerpt":{"rendered":"","protected":false},"author":15,"featured_media":19317,"comment_status":"closed","ping_status":"closed","sticky":false,"template":"","format":"standard","meta":{"_themeisle_gutenberg_block_has_review":false,"footnotes":""},"categories":[31],"tags":[],"class_list":["post-19312","post","type-post","status-publish","format-standard","has-post-thumbnail","hentry","category-helpful-ai-content-tips"],"_links":{"self":[{"href":"https:\/\/undetectable.ai/blog\/hu\/wp-json\/wp\/v2\/posts\/19312","targetHints":{"allow":["GET"]}}],"collection":[{"href":"https:\/\/undetectable.ai/blog\/hu\/wp-json\/wp\/v2\/posts"}],"about":[{"href":"https:\/\/undetectable.ai/blog\/hu\/wp-json\/wp\/v2\/types\/post"}],"author":[{"embeddable":true,"href":"https:\/\/undetectable.ai/blog\/hu\/wp-json\/wp\/v2\/users\/15"}],"replies":[{"embeddable":true,"href":"https:\/\/undetectable.ai/blog\/hu\/wp-json\/wp\/v2\/comments?post=19312"}],"version-history":[{"count":3,"href":"https:\/\/undetectable.ai/blog\/hu\/wp-json\/wp\/v2\/posts\/19312\/revisions"}],"predecessor-version":[{"id":19322,"href":"https:\/\/undetectable.ai/blog\/hu\/wp-json\/wp\/v2\/posts\/19312\/revisions\/19322"}],"wp:featuredmedia":[{"embeddable":true,"href":"https:\/\/undetectable.ai/blog\/hu\/wp-json\/wp\/v2\/media\/19317"}],"wp:attachment":[{"href":"https:\/\/undetectable.ai/blog\/hu\/wp-json\/wp\/v2\/media?parent=19312"}],"wp:term":[{"taxonomy":"category","embeddable":true,"href":"https:\/\/undetectable.ai/blog\/hu\/wp-json\/wp\/v2\/categories?post=19312"},{"taxonomy":"post_tag","embeddable":true,"href":"https:\/\/undetectable.ai/blog\/hu\/wp-json\/wp\/v2\/tags?post=19312"}],"curies":[{"name":"wp","href":"https:\/\/api.w.org\/{rel}","templated":true}]}}