{"id":19345,"date":"2026-01-28T12:44:14","date_gmt":"2026-01-28T12:44:14","guid":{"rendered":"https:\/\/undetectable.ai/blog\/?p=19345"},"modified":"2026-01-26T13:57:54","modified_gmt":"2026-01-26T13:57:54","slug":"jobb-keson-mint-soha","status":"publish","type":"post","link":"https:\/\/undetectable.ai/blog\/hu\/jobb-keson-mint-soha\/","title":{"rendered":"Jobb k\u00e9s\u0151n, mint soha: Jelent\u00e9se, p\u00e9ld\u00e1k \u00e9s hogyan kell haszn\u00e1lni"},"content":{"rendered":"<p>Mark Twain, a legend\u00e1s amerikai \u00edr\u00f3 egyszer azt mondta: \u201cAz el\u0151rejut\u00e1s titka az, hogy elkezdj\u00fck\u201d.\u201d<\/p>\n\n\n\n<p>De mi t\u00f6rt\u00e9nik, ha nem indulsz el id\u0151ben? Mi van, ha m\u00e1r elk\u00e9st\u00e9l?<\/p>\n\n\n\n<p>Itt j\u00f6n a k\u00e9pbe a \u201cjobb k\u00e9s\u0151n, mint soha\u201d, \u00e9s \u0151szint\u00e9n sz\u00f3lva, tal\u00e1n ez a legmegbocs\u00e1t\u00f3bb kifejez\u00e9s az angol nyelvben.<\/p>\n\n\n\n<p>M\u00e9g ez a kifejez\u00e9s\/idi\u00f3ma is m\u00e1sodik es\u00e9lyt k\u00edn\u00e1l az embereknek a 14. sz\u00e1zad \u00f3ta.&nbsp;<\/p>\n\n\n\n<p>Ennek v\u00e9ge. <strong>600<\/strong> az emberis\u00e9g \u00e9vekig tart\u00f3 kollekt\u00edv egyet\u00e9rt\u00e9se abban, hogy a k\u00e9s\u0151i megjelen\u00e9s jobb, mint a meg sem jelen\u00e9s.<\/p>\n\n\n<div class=\"wp-block-image\">\n<figure class=\"aligncenter size-full\"><img loading=\"lazy\" decoding=\"async\" width=\"1024\" height=\"1024\" src=\"https:\/\/undetectable.ai/blog\/wp-content\/uploads\/2026\/01\/better-late-than-never-sample-images.jpg\" alt=\"\" class=\"wp-image-19358\" title=\"\" srcset=\"https:\/\/undetectable.ai/blog\/wp-content\/uploads\/2026\/01\/better-late-than-never-sample-images.jpg 1024w, https:\/\/undetectable.ai/blog\/wp-content\/uploads\/2026\/01\/better-late-than-never-sample-images-300x300.jpg 300w, https:\/\/undetectable.ai/blog\/wp-content\/uploads\/2026\/01\/better-late-than-never-sample-images-150x150.jpg 150w, https:\/\/undetectable.ai/blog\/wp-content\/uploads\/2026\/01\/better-late-than-never-sample-images-768x768.jpg 768w, https:\/\/undetectable.ai/blog\/wp-content\/uploads\/2026\/01\/better-late-than-never-sample-images-12x12.jpg 12w\" sizes=\"auto, (max-width: 1024px) 100vw, 1024px\" \/><\/figure><\/div>\n\n\n<p>\u00c9s tudod mi az \u0151r\u00fcltebb?<\/p>\n\n\n\n<p>A tanulm\u00e1nyok szerint csak <a href=\"https:\/\/knowledge.wharton.upenn.edu\/article\/its-january-7-are-you-sticking-to-your-new-years-resolution\/\" target=\"_blank\" rel=\"noreferrer noopener\">8% az emberek t\u00e9nylegesen teljes\u00edtik \u00faj\u00e9vi fogadalmaikat<\/a>.\u00a0<\/p>\n\n\n\n<p>Mert a legt\u00f6bb ember febru\u00e1rra feladja a c\u00e9ljait, \u00e9s azt gondolja, hogy \u201cm\u00e1r elbuktam, mi\u00e9rt is vesz\u0151dn\u00e9k vele?\u201d.\u201d&nbsp;<\/p>\n\n\n\n<p>Elfelejtik, hogy a m\u00e1rciusi, j\u00faniusi vagy ak\u00e1r novemberi kezd\u00e9s m\u00e9g mindig jobb, mintha egy\u00e1ltal\u00e1n nem kezden\u00e9k el.<\/p>\n\n\n\n<p>Ez azonban k\u00e9rd\u00e9seket vet fel.&nbsp;<\/p>\n\n\n\n<p>A \u201cjobb k\u00e9s\u0151n, mint soha\u201d felment\u00e9s a kr\u00f3nikus k\u00e9s\u00e9s al\u00f3l?&nbsp;<\/p>\n\n\n\n<p>Van-e olyan pont, amikor a \u201ct\u00fal k\u00e9s\u0151\u201d val\u00f3j\u00e1ban \u201csoha\u201d lesz?&nbsp;<\/p>\n\n\n\n<p>\u00c9s hogyan haszn\u00e1lhatod ezt a kifejez\u00e9st an\u00e9lk\u00fcl, hogy \u00fagy hangzana, mintha kifog\u00e1sokat keresn\u00e9l a rossz tervez\u00e9sre?<\/p>\n\n\n\n<p>Ebben az \u00fatmutat\u00f3ban felt\u00e1rjuk, hogy mit jelent val\u00f3j\u00e1ban a \u201cjobb k\u00e9s\u0151n, mint soha\u201d, honnan ered, mikor \u00e9rdemes haszn\u00e1lni, \u00e9s gyakorlati p\u00e9ld\u00e1k mutatj\u00e1k, hogy ez az \u0151si b\u00f6lcsess\u00e9g mi\u00e9rt van m\u00e9g ma is \u00e9rv\u00e9nyben.<\/p>\n\n\n\n<hr class=\"wp-block-separator has-alpha-channel-opacity\"\/>\n\n\n\n<p class=\"has-text-align-center\"><strong>A legfontosabb tudnival\u00f3k<\/strong><\/p>\n\n\n\n<p>Miel\u0151tt belekezden\u00e9nk, a k\u00f6vetkez\u0151ket kell tudnod a \u201cjobb k\u00e9s\u0151n, mint soha\u201d kifejez\u00e9sr\u0151l:<\/p>\n\n\n\n<ul class=\"wp-block-list\">\n<li>Jobb, ha valamit k\u00e9s\u0151n tesz\u00fcnk meg, mintha egy\u00e1ltal\u00e1n nem tenn\u00e9nk meg.<\/li>\n<\/ul>\n\n\n\n<p><\/p>\n\n\n\n<ul class=\"wp-block-list\">\n<li>Megtanulhatod, hogyan lehet k\u00e9sleltetett cselekv\u00e9sre \u00f6szt\u00f6n\u00f6zni, hogyan lehet cs\u00f6kkenteni a perfekcionizmus b\u00e9nults\u00e1g\u00e1t, hogyan lehet a befejez\u00e9st az id\u0151z\u00edt\u00e9ssel szemben \u00fcnnepelni.<\/li>\n<\/ul>\n\n\n\n<p><\/p>\n\n\n\n<ul class=\"wp-block-list\">\n<li>A megszokott k\u00e9s\u00e9sek menteget\u00e9se, a k\u00e9s\u00e9sek k\u00f6vetkezm\u00e9nyeinek minimaliz\u00e1l\u00e1sa, a felel\u0151ss\u00e9gre von\u00e1s elker\u00fcl\u00e9se.<\/li>\n<\/ul>\n\n\n\n<p><\/p>\n\n\n\n<ul class=\"wp-block-list\">\n<li>Az azonnali kiel\u00e9g\u00fcl\u00e9s kult\u00far\u00e1j\u00e1ban ez a mondat arra eml\u00e9keztet benn\u00fcnket, hogy a fejl\u0151d\u00e9snek nincs lej\u00e1rati ideje, \u00e9s n\u00e9ha a legjobb id\u0151 most elkezdeni, m\u00e9g akkor is, ha az \u201cid\u0151ben\u201d m\u00e1r eltelt.<\/li>\n<\/ul>\n\n\n\n<p><\/p>\n\n\n\n<hr class=\"wp-block-separator has-alpha-channel-opacity\"\/>\n\n\n\n<h2 class=\"wp-block-heading\">Mit jelent val\u00f3j\u00e1ban a \u201cJobb k\u00e9s\u0151n, mint soha\u201d?<\/h2>\n\n\n\n<p>Bontsuk ki ezt a megt\u00e9veszt\u0151en egyszer\u0171 kifejez\u00e9st, \u00e9s \u00e9rts\u00fck meg, mi\u00e9rt \u00e9lte t\u00fal az \u00e9vsz\u00e1zados nyelvi fejl\u0151d\u00e9st.<\/p>\n\n\n\n<h3 class=\"wp-block-heading\">Eredet \u00e9s kontextus<\/h3>\n\n\n\n<p>\u201cJobb k\u00e9s\u0151n, mint soha\u201d - ez a k\u00f6zmond\u00e1sos kifejez\u00e9s egy alapvet\u0151 igazs\u00e1got fejez ki: a cselekv\u00e9s, m\u00e9g a k\u00e9sleltetett cselekv\u00e9s is jobb, mint a teljes t\u00e9tlens\u00e9g.<\/p>\n\n\n\n<p>\u00c9rts\u00fck meg egy val\u00f3s p\u00e9ld\u00e1n kereszt\u00fcl.<\/p>\n\n\n\n<p>Ha meg\u00edg\u00e9red, hogy meg\u00f6nt\u00f6z\u00f6d a bar\u00e1tod n\u00f6v\u00e9nyeit, am\u00edg \u0151 nyaral, \u00e9s h\u00e1rom napig elfelejted, akkor is jobb, ha a negyedik napon meg\u00f6nt\u00f6z\u00f6d \u0151ket, mintha hagyn\u00e1d, hogy teljesen elpusztuljanak, nem igaz?&nbsp;<\/p>\n\n\n\n<p>Lehet, hogy a n\u00f6v\u00e9nyek elhervadtak, de megmenthet\u0151k. Ez ennek az idi\u00f3m\u00e1nak a l\u00e9nyege.<\/p>\n\n\n\n<p>Ez a kifejez\u00e9s elismeri a val\u00f3s\u00e1got an\u00e9lk\u00fcl, hogy sz\u00e9p\u00edten\u00e9 azt. Nem azt mondja, hogy \u201ca k\u00e9s\u00e9s ugyanolyan j\u00f3, mint a pontos\u201d vagy \u201caz id\u0151z\u00edt\u00e9s nem sz\u00e1m\u00edt\u201d.\u201d&nbsp;<\/p>\n\n\n\n<p>Ehelyett hierarchi\u00e1t hoz l\u00e9tre: A k\u00e9s\u00e9s a m\u00e1sodik legjobb, a soha nem elfogadhat\u00f3.<\/p>\n\n\n\n<p>Itt kezd \u00e9rdekes lenni a dolog.<\/p>\n\n\n\n<p>Az idi\u00f3ma implicit enged\u00e9lyez\u00e9si strukt\u00far\u00e1t hordoz.&nbsp;<\/p>\n\n\n\n<p>Pszichol\u00f3giai enged\u00e9lyt ad az embereknek, hogy tov\u00e1bbl\u00e9pjenek annak ellen\u00e9re, hogy elmulasztottak egy hat\u00e1rid\u0151t, lehet\u0151s\u00e9get vagy ide\u00e1lis id\u0151z\u00edt\u00e9st.<\/p>\n\n\n\n<p>Egy olyan kult\u00far\u00e1ban, amely egyre ink\u00e1bb az optimaliz\u00e1l\u00e1s \u00e9s a t\u00f6k\u00e9letes id\u0151z\u00edt\u00e9s megsz\u00e1llottja, ez a mondat radik\u00e1lisan egy\u00fctt\u00e9rz\u0151.<\/p>\n\n\n\n<p>A Harvard Business Review kutat\u00e1sa pedig azt mutatja, hogy az anal\u00edzis b\u00e9nults\u00e1ga - a t\u00e9tlens\u00e9gig val\u00f3 t\u00falgondolkod\u00e1s \u00e1llapota - minden szinten befoly\u00e1solja a d\u00f6nt\u00e9shozatalt.<\/p>\n\n\n\n<p>Az emberek az\u00e9rt halogatj\u00e1k a v\u00e1llalkoz\u00e1sok beind\u00edt\u00e1s\u00e1t, az eg\u00e9szs\u00e9g\u00fcgyi rutinok beind\u00edt\u00e1s\u00e1t vagy a tov\u00e1bbtanul\u00e1st, mert kihagyt\u00e1k a \u201cmegfelel\u0151\u201d id\u0151ablakot.<\/p>\n\n\n\n<p>\u201cA \u201dJobb k\u00e9s\u0151n, mint soha\" megk\u00e9rd\u0151jelezi ezt a gondolkod\u00e1st. L\u00e9nyeg\u00e9ben azt mondja:&nbsp;<\/p>\n\n\n\n<p>A megfelel\u0151 id\u0151pont tegnap volt. A m\u00e1sodik legjobb id\u0151pont a mai nap. A legrosszabb id\u0151pont a soha.<\/p>\n\n\n\n<p>Egyesek szerint \u201cjobb k\u00e9s\u0151n tanulni, mint soha\u201d, k\u00fcl\u00f6n\u00f6sen, ha az oktat\u00e1sr\u00f3l vagy a k\u00e9szs\u00e9gfejleszt\u00e9sr\u0151l van sz\u00f3.<\/p>\n\n\n\n<p>\u00c9s \u0151szint\u00e9n? Ez a friss\u00edt\u00e9s \u00f6nmag\u00e1ban is megv\u00e1ltoztathatja az \u00e9letet.<\/p>\n\n\n\n<h2 class=\"wp-block-heading\">Honnan sz\u00e1rmazik ez az idi\u00f3ma<\/h2>\n\n\n\n<p>Minden idi\u00f3m\u00e1nak van egy t\u00f6rt\u00e9nete, \u00e9s a \u201cjobb k\u00e9s\u0151n, mint soha\u201d gy\u00f6kerei messzebbre ny\u00falnak vissza, mint gondoln\u00e1nk.<\/p>\n\n\n\n<p>A legkor\u00e1bbi ismert \u00edr\u00e1sos feljegyz\u00e9s a <a href=\"https:\/\/www.theidioms.com\/better-late-than-never\/\" target=\"_blank\" data-type=\"link\" data-id=\"https:\/\/www.theidioms.com\/better-late-than-never\/\" rel=\"noreferrer noopener\">Geoffrey Chaucer <em>Canterbury mes\u00e9k<\/em> (1386 k\u00f6r\u00fcl)<\/a>, b\u00e1r a pontos megfogalmaz\u00e1s elt\u00e9r a mai haszn\u00e1latt\u00f3l.\u00a0<\/p>\n\n\n\n<p>A k\u00e9sleltetett cselekv\u00e9s a t\u00e9tlens\u00e9get fel\u00fclm\u00fal\u00f3 \u00e9rz\u00e9s t\u00f6bb kult\u00far\u00e1ban \u00e9s nyelven is megjelenik.<\/p>\n\n\n\n<p>A kifejez\u00e9s sz\u00e9les k\u00f6rben elterjedt az angol nyelvben a <em>16. \u00e9s 17. <\/em>\u00e9vsz\u00e1zadokon \u00e1t, k\u00f6zmond\u00e1sgy\u0171jtem\u00e9nyekben \u00e9s irodalmi m\u0171vekben is megjelent.&nbsp;<\/p>\n\n\n\n<p>A <em>1800s<\/em>, a brit \u00e9s az amerikai angol nyelvben is standard kifejez\u00e9ss\u00e9 v\u00e1lt.<\/p>\n\n\n\n<p>Az a leny\u0171g\u00f6z\u0151, hogy az idi\u00f3ma alapvet\u0151 \u00fczenete a kultur\u00e1lis v\u00e1ltoz\u00e1sok ellen\u00e9re v\u00e1ltozatlan marad.&nbsp;<\/p>\n\n\n\n<p>Ak\u00e1r a 14. sz\u00e1zadi Angli\u00e1r\u00f3l, ak\u00e1r a mai v\u00e1llalati kult\u00far\u00e1r\u00f3l besz\u00e9l\u00fcnk, az elv \u00e9rv\u00e9nyes\u00fcl: <strong><em>a befejez\u00e9s t\u00f6bbet sz\u00e1m\u00edt, mint a t\u00f6k\u00e9letes id\u0151z\u00edt\u00e9s.<\/em><\/strong><\/p>\n\n\n\n<p>A mai sz\u00f3haszn\u00e1latban a \u201cjobb k\u00e9s\u0151n, mint soha\u201d v\u00e1ltozat\u00e1t hallani a szok\u00e1sos sz\u00f6vegk\u00f6rnyezetben, m\u00edg egyesek a \u201cjobb k\u00e9s\u0151n, mint soha\u201d kifejez\u00e9st r\u00e9szes\u00edtik el\u0151nyben, mert az ink\u00e1bb t\u00e1rsalg\u00e1si hangv\u00e9tel\u0171.&nbsp;<\/p>\n\n\n\n<p>A kifejez\u00e9s m\u00e9g a popul\u00e1ris kult\u00far\u00e1ra is hat\u00e1ssal volt.&nbsp;<\/p>\n\n\n\n<p>Van egy \u201cJobb k\u00e9s\u0151n, mint soha\u201d c\u00edm\u0171 streaming show, amelyet az NBC 2016-2018 k\u00f6z\u00f6tt sug\u00e1rzott, \u00e9s amelyben egy\u00fctt utaz\u00f3 h\u00edress\u00e9gek szerepelnek.&nbsp;&nbsp;<\/p>\n\n\n\n<p>A c\u00edm t\u00f6k\u00e9letesen megragadta a sorozat t\u00e9m\u00e1j\u00e1t, miszerint az id\u0151sebb f\u00e9rfiak \u00e9vtizedek \u00f3ta halogatott kalandokba keverednek.&nbsp;<\/p>\n\n\n\n<p>Az el\u0151ad\u00e1s sikere megmutatta, hogy ez az \u00e9vsz\u00e1zados idi\u00f3ma m\u00e9g mindig visszhangra tal\u00e1l a modern k\u00f6z\u00f6ns\u00e9g k\u00f6r\u00e9ben, akiknek saj\u00e1t elmaradt \u00e1lmaikkal kell szemben\u00e9zni\u00fck.<\/p>\n\n\n\n<p>\u201cA \u201djobb k\u00e9s\u0151n, mint soha\" az\u00e9rt maradt fenn, mert az elszalasztott id\u0151z\u00edt\u00e9s miatti sajn\u00e1lkoz\u00e1s id\u0151tlen, az emberek 1400-ban ugyan\u00fagy agg\u00f3dtak a k\u00e9s\u00e9s miatt, mint mi ma.<\/p>\n\n\n\n<p>A k\u00fcl\u00f6nbs\u00e9g? Nekik nem voltak termel\u00e9kenys\u00e9gi alkalmaz\u00e1sok, amelyek azt mondt\u00e1k volna nekik, hogy kudarcot vallottak.<\/p>\n\n\n\n<h2 class=\"wp-block-heading\">Mindennapi p\u00e9ld\u00e1k a \u201cJobb k\u00e9s\u0151n, mint soha\u201d elvre\u201d<\/h2>\n\n\n\n<p>Ennek az idi\u00f3m\u00e1nak az a sz\u00e9ps\u00e9ge, hogy az \u00e9let gyakorlatilag minden ter\u00fclet\u00e9n megjelenik, a kisebb napi helyzetekt\u0151l a nagyobb \u00e9letd\u00f6nt\u00e9sekig.<\/p>\n\n\n\n<p><strong>1. Akad\u00e9miai forgat\u00f3k\u00f6nyvek<\/strong><\/p>\n\n\n\n<p>\u00dagy gondoltad, hogy az \u00e9jf\u00e9li hat\u00e1rid\u0151ig beadod a feladatodat, de elaludt\u00e1l. Hajnali kett\u0151kor fel\u00e9bredsz, \u00e9s k\u00e9sve adod le a dolgozatot, ami\u00e9rt b\u00fcntet\u00e9st kapsz.&nbsp;<\/p>\n\n\n\n<p><strong>A szobat\u00e1rsad azt mondja,<\/strong> \u201cNos, jobb k\u00e9s\u0151n, mint soha, legal\u00e1bb r\u00e9szleges kreditet kapsz a nulla helyett.\u201d<\/p>\n\n\n\n<p><strong>2. Szem\u00e9lyes eg\u00e9szs\u00e9g \u00e9s fitness<\/strong><\/p>\n\n\n\n<p>M\u00e1r \u00f6t \u00e9ve el akart\u00e1l kezdeni edzeni.&nbsp;<\/p>\n\n\n\n<p>45 \u00e9vesen v\u00e9gre csatlakozol egy edz\u0151teremhez, \u00e9s <strong>az orvosa azt mondja.<\/strong>, \u201cJobb k\u00e9s\u0151n, mint soha! A mostani kezd\u00e9s m\u00e9g mindig \u00e9veket ad az \u00e9let\u00e9hez, \u00e9s jelent\u0151sen jav\u00edtja az eg\u00e9szs\u00e9gi \u00e1llapot\u00e1t.\u201d<\/p>\n\n\n\n<p>Az American Heart Association meger\u0151s\u00edti, hogy azok a feln\u0151ttek, akik k\u00f6z\u00e9pkorban kezdik el a rendszeres testmozg\u00e1st, m\u00e9g mindig 30-40%-tal cs\u00f6kkentik a sz\u00edvbetegs\u00e9g kock\u00e1zat\u00e1t,&nbsp;<\/p>\n\n\n\n<p>A \"jobb k\u00e9s\u0151n, mint soha\" nem csak egy idi\u00f3ma, hanem az orvostudom\u00e1ny is al\u00e1t\u00e1masztja.<\/p>\n\n\n\n<p><strong>3. Szakmai bocs\u00e1natk\u00e9r\u00e9sek \u00e9s kapcsolatok<\/strong><\/p>\n\n\n\n<p>Elfelejtette a koll\u00e9g\u00e1ja sz\u00fclet\u00e9snapj\u00e1t a m\u00falt h\u00f3napban.&nbsp;<\/p>\n\n\n\n<p>Ma k\u00e1v\u00e9t hozol nekik \u00e9s bocs\u00e1natot k\u00e9rsz.&nbsp;<\/p>\n\n\n\n<p>Nevetnek \u00e9s azt mondj\u00e1k: \u201cJobb k\u00e9s\u0151n, mint soha, k\u00f6sz\u00f6n\u00f6m, hogy eml\u00e9kszel!\u201d<\/p>\n\n\n\n<p><strong>4. Fontos \u00e9letre sz\u00f3l\u00f3 d\u00f6nt\u00e9sek<\/strong><\/p>\n\n\n\n<p>Vegy\u00fck p\u00e9ld\u00e1ul Vera Wangot, a legend\u00e1s divattervez\u0151t.&nbsp;<\/p>\n\n\n\n<p>Az els\u0151 ruh\u00e1j\u00e1t csak 40 \u00e9ves kor\u00e1ban tervezte, a m\u0171korcsoly\u00e1z\u00f3 \u00e9s az \u00fajs\u00e1g\u00edr\u00f3 karrierje ut\u00e1n.&nbsp;<\/p>\n\n\n\n<p>Amikor megk\u00e9rdezt\u00e9k, hogy k\u00e9s\u0151n kezdte-e a divatszakm\u00e1t, azt mondta, hogy \u201cjobb k\u00e9s\u0151n, mint soha\u201d, \u00e9s egy milli\u00e1rd doll\u00e1ros birodalmat \u00e9p\u00edtett, ami bebizony\u00edtotta, hogy az id\u0151z\u00edt\u00e9s nem minden.<\/p>\n\n\n\n<p><strong>5. Technol\u00f3gia elfogad\u00e1sa<\/strong><\/p>\n\n\n\n<p>A 70 \u00e9ves sz\u00fcl\u0151je \u00e9vekig tart\u00f3 ellen\u00e1ll\u00e1s ut\u00e1n v\u00e9gre hajland\u00f3 megtanulni az okostelefon haszn\u00e1lat\u00e1t.&nbsp;<\/p>\n\n\n\n<p>Azt gondolod magadban: \u201cJobb k\u00e9s\u0151n, mint soha\u201d, mik\u00f6zben t\u00fcrelmesen elmagyar\u00e1zod, hogyan kell sms-t k\u00fcldeni.<\/p>\n\n\n\n<p><em>Szeretn\u00e9 felfedezni, hogy ez az idi\u00f3ma hol alkalmazhat\u00f3 a saj\u00e1t \u00e9let\u00e9ben?<\/em><\/p>\n\n\n\n<p>Pr\u00f3b\u00e1lja ki ezt a k\u00f6vetkez\u0151vel <a href=\"https:\/\/undetectable.ai\/\" target=\"_blank\" rel=\"noreferrer noopener\">AI Humanizer<\/a>:\u00a0<\/p>\n\n\n<div class=\"wp-block-image\">\n<figure class=\"aligncenter size-large\"><img loading=\"lazy\" decoding=\"async\" width=\"1024\" height=\"436\" src=\"https:\/\/undetectable.ai/blog\/wp-content\/uploads\/2025\/11\/Advanced-AI-Humanizer-1024x436.jpg\" alt=\"Az Undetectable AI fejlett AI Humanizer programj\u00e1nak k\u00e9perny\u0151k\u00e9pe\" class=\"wp-image-18108\" title=\"\" srcset=\"https:\/\/undetectable.ai/blog\/wp-content\/uploads\/2025\/11\/Advanced-AI-Humanizer-1024x436.jpg 1024w, https:\/\/undetectable.ai/blog\/wp-content\/uploads\/2025\/11\/Advanced-AI-Humanizer-300x128.jpg 300w, https:\/\/undetectable.ai/blog\/wp-content\/uploads\/2025\/11\/Advanced-AI-Humanizer-768x327.jpg 768w, https:\/\/undetectable.ai/blog\/wp-content\/uploads\/2025\/11\/Advanced-AI-Humanizer-18x8.jpg 18w, https:\/\/undetectable.ai/blog\/wp-content\/uploads\/2025\/11\/Advanced-AI-Humanizer.jpg 1265w\" sizes=\"auto, (max-width: 1024px) 100vw, 1024px\" \/><\/figure><\/div>\n\n\n<p>Vegyen b\u00e1rmilyen c\u00e9lt, amit eddig elhalasztott, \u00e9s \u00edrja \u00e1t a bels\u0151 narrat\u00edv\u00e1j\u00e1t.<\/p>\n\n\n\n<p>\u201cT\u00fal k\u00e9s\u0151 elkezdenem spanyolul tanulni\u201d vagy \u201cm\u00e1r elszalasztottam a legjobb id\u0151t a befektet\u00e9shez\u201d helyett haszn\u00e1ld az AI Humanizer-t, hogy b\u00e1tor\u00edt\u00f3, term\u00e9szetes hangz\u00e1s\u00fa meger\u0151s\u00edt\u00e9seket alkoss.<\/p>\n\n\n\n<p>Ez seg\u00edt \u00e1talak\u00edtani a lehangol\u00f3 \u00f6nbesz\u00e9det re\u00e1lis, motiv\u00e1l\u00f3, hitelesen emberi hangz\u00e1s\u00fa nyelvezetre.<\/p>\n\n\n\n<h2 class=\"wp-block-heading\">Hasonl\u00f3 idi\u00f3m\u00e1k kapcsol\u00f3d\u00f3 jelent\u00e9sekkel<\/h2>\n\n\n\n<p>\u201cA \u201dJobb k\u00e9s\u0151n, mint soha\" az id\u0151z\u00edt\u00e9ssel, a cselekv\u00e9ssel \u00e9s a priorit\u00e1ssal kapcsolatos kifejez\u00e9sek csal\u00e1dj\u00e1ba tartozik.&nbsp;<\/p>\n\n\n\n<p>A kapcsol\u00f3d\u00f3 idi\u00f3m\u00e1k meg\u00e9rt\u00e9se seg\u00edt kiv\u00e1lasztani a megfelel\u0151 kifejez\u00e9st az egyes helyzetekben.<\/p>\n\n\n\n<p><strong>1. \u201cAz id\u0151 senkire sem v\u00e1r\u201d:<\/strong> Ez a kifejez\u00e9s ink\u00e1bb s\u00fcrg\u0151ss\u00e9get, mint megbocs\u00e1t\u00e1st mutat.&nbsp;<\/p>\n\n\n\n<p>M\u00edg a \u201cjobb k\u00e9s\u0151n, mint soha\u201d kegyelmet ad a k\u00e9sleked\u00e9sre, az \u201cid\u0151 senkire sem v\u00e1r\u201d figyelmeztet a halogat\u00e1sra.&nbsp;<\/p>\n\n\n\n<p>Ezek egym\u00e1st kieg\u00e9sz\u00edt\u0151 ellent\u00e9tek, az egyik a k\u00e9sedelem ellen\u00e9re cselekv\u00e9sre \u00f6szt\u00f6n\u00f6z, a m\u00e1sik a k\u00e9sedelem bek\u00f6vetkez\u00e9se el\u0151tti cselekv\u00e9sre.<\/p>\n\n\n\n<p><strong>2. \u201cEgy mad\u00e1r a k\u00e9zben t\u00f6bbet \u00e9r, mint kett\u0151 a bokorban\u201d:<\/strong> Ez az idi\u00f3ma a k\u00e9zzelfoghat\u00f3 eredm\u00e9nyeket helyezi el\u0151t\u00e9rbe a hipotetikus jobb lehet\u0151s\u00e9gekkel szemben.&nbsp;<\/p>\n\n\n\n<p>Osztja a \u201cjobb k\u00e9s\u0151n, mint soha\u201d gyakorlati b\u00f6lcsess\u00e9g\u00e9t: valami val\u00f3s (m\u00e9g ha k\u00e9sve vagy t\u00f6k\u00e9letlen\u00fcl is) jobb, mint valami ide\u00e1lis, ami soha nem val\u00f3sul meg.<\/p>\n\n\n\n<p><strong>3. \u201cJobb f\u00e9lni, mint megijedni\u201d:<\/strong> Mindk\u00e9t kifejez\u00e9s a \u201cjobb X, mint Y\u201d strukt\u00far\u00e1t haszn\u00e1lja az eredm\u00e9nyek hierarchi\u00e1j\u00e1nak fel\u00e1ll\u00edt\u00e1s\u00e1ra.&nbsp;<\/p>\n\n\n\n<p>Ez azonban az \u00f3vatoss\u00e1got helyezi el\u0151t\u00e9rbe, m\u00edg a \u201cjobb k\u00e9s\u0151n, mint soha\u201d a befejez\u00e9st.<\/p>\n\n\n\n<p><strong>4. \u201cR\u00f3ma sem egy nap alatt \u00e9p\u00fclt\u201d:<\/strong> Ez osztja a \u201cjobb k\u00e9s\u0151n, mint soha\u201d t\u00fcrelmes, hossz\u00fa t\u00e1v\u00fa perspekt\u00edv\u00e1j\u00e1t.\u201d&nbsp;<\/p>\n\n\n\n<p>Mindketten elismerik, hogy az \u00e9rt\u00e9kes dolgok id\u0151be telnek, \u00e9s hogy az azonnali eredm\u00e9nyek nem mindig re\u00e1lisak vagy sz\u00fcks\u00e9gesek.<\/p>\n\n\n\n<p><strong>5. \u201cNincs jobb alkalom, mint a jelen\u201d: <\/strong>Ez azonnali cselekv\u00e9sre \u00f6szt\u00f6n\u00f6z, \u00edgy t\u00f6k\u00e9letes t\u00e1rsa a \u201cjobb k\u00e9s\u0151n, mint soha\u201d elvnek.\u201d&nbsp;<\/p>\n\n\n\n<p>Egy\u00fctt azt mondj\u00e1k: a legjobb id\u0151 a most, de ha a \u201cmost\u201d m\u00e1r elm\u00falt, a m\u00e1sodik legjobb id\u0151 a jelen pillanat, nem pedig egy j\u00f6v\u0151beli \u201ct\u00f6k\u00e9letes\u201d pillanat.<\/p>\n\n\n\n<p>Ugyanabb\u00f3l a fogalomcsal\u00e1db\u00f3l k\u00fcl\u00f6nb\u00f6z\u0151 kifejez\u00e9seket haszn\u00e1lunk att\u00f3l f\u00fcgg\u0151en, hogy magunkat motiv\u00e1ljuk (jobb k\u00e9s\u0151n, mint soha), m\u00e1sokat figyelmeztet\u00fcnk (az id\u0151 senkire sem v\u00e1r), vagy gyakorlati b\u00f6lcsess\u00e9get osztunk meg (Egy mad\u00e1r a k\u00e9zben t\u00f6bbet \u00e9r, mint kett\u0151 a bokorban).<\/p>\n\n\n\n<h2 class=\"wp-block-heading\">Mi\u00e9rt sz\u00e1m\u00edt m\u00e9g mindig a \u201cJobb k\u00e9s\u0151n, mint soha\u201d kifejez\u00e9s<\/h2>\n\n\n\n<p>Az azonnali kiel\u00e9g\u00fcl\u00e9s \u00e9s optimaliz\u00e1l\u00e1s kult\u00far\u00e1j\u00e1ban ez az \u0151si kifejez\u00e9s aktu\u00e1lisabb, mint valaha.&nbsp;<\/p>\n\n\n\n<p>\u00cdme, mi\u00e9rt van m\u00e9g mindig s\u00falya.<\/p>\n\n\n\n<h3 class=\"wp-block-heading\">Akci\u00f3ra \u00f6szt\u00f6n\u00f6z<\/h3>\n\n\n\n<p>L\u00e1ttuk, hogy az \u00e9let\u00fckre visszatekint\u0151 emberek k\u00f6vetkezetesen arr\u00f3l sz\u00e1molnak be, hogy jobban sajn\u00e1lj\u00e1k, amit nem tettek meg, mint amit megtettek, m\u00e9g akkor is, ha a cselekedeteik negat\u00edv kimenetel\u0171ek voltak.<\/p>\n\n\n\n<p>\u201cA \u201dJobb k\u00e9s\u0151n, mint soha\" egyenesen e t\u00e9tlens\u00e9g ellen l\u00e9p fel.&nbsp;<\/p>\n\n\n\n<p>Ez megsz\u00fcnteti a \u201cm\u00e1r elszalasztottam az es\u00e9lyemet\u201d kifog\u00e1st.\u201d&nbsp;<\/p>\n\n\n\n<p>Ha egy elhideg\u00fclt csal\u00e1dtagt\u00f3l kell bocs\u00e1natot k\u00e9rni, ha egy elhalasztott \u00e1lmot kell megval\u00f3s\u00edtani, vagy ha v\u00e9gre meg kell jav\u00edtani a cs\u00f6p\u00f6g\u0151 csapot, ez a mondat enged\u00e9lyt ad az embereknek, hogy elkezdj\u00e9k.<\/p>\n\n\n\n<p>Gondoljon erre \u00edgy:&nbsp;<\/p>\n\n\n\n<p>Minden janu\u00e1rban emberek milli\u00f3i t\u0171znek ki fitneszc\u00e9lokat.&nbsp;<\/p>\n\n\n\n<p>Febru\u00e1rra a 80% elhagyta \u0151ket.&nbsp;<\/p>\n\n\n\n<p>De valaki, aki j\u00faliusban kezdi \u00fajra a fitnesz \u00fatj\u00e1t, a \u201cjobb k\u00e9s\u0151n, mint soha\u201d motiv\u00e1ci\u00f3val?&nbsp;<\/p>\n\n\n\n<p>M\u00e9g mindig \u00f6t h\u00f3nappal el\u0151r\u00e9bb j\u00e1rnak, mint azok, akik j\u00f6v\u0151 janu\u00e1rig v\u00e1rnak.<\/p>\n\n\n\n<h3 class=\"wp-block-heading\">Cs\u00f6kkenti a b\u0171ntudatot<\/h3>\n\n\n\n<p>A sz\u00e9gyen az egyik leger\u0151sebb g\u00e1tl\u00f3 t\u00e9nyez\u0151je a viselked\u00e9sv\u00e1ltoz\u00e1snak.&nbsp;<\/p>\n\n\n\n<p>Amikor az emberek lek\u00e9sik a hat\u00e1rid\u0151ket, elfelejtik a v\u00e1llal\u00e1saikat, vagy elhalasztj\u00e1k a fontos feladatokat, a b\u0171ntudat gyakran s\u00falyosb\u00edtja a probl\u00e9m\u00e1t, annyira rosszul \u00e9rzik magukat a k\u00e9s\u00e9s miatt, hogy teljesen elker\u00fclik a feladatot.<\/p>\n\n\n\n<p>\u201cA \u201dJobb k\u00e9s\u0151n, mint soha\" pszichol\u00f3giai megv\u00e1lt\u00e1st k\u00edn\u00e1l.&nbsp;<\/p>\n\n\n\n<p>Elismeri a k\u00e9sedelmet an\u00e9lk\u00fcl, hogy r\u00e1g\u00f3dna rajta, lehet\u0151v\u00e9 t\u00e9ve az emberek sz\u00e1m\u00e1ra, hogy az \u00f6nkritik\u00e1t\u00f3l a konstrukt\u00edv cselekv\u00e9s fel\u00e9 haladjanak.<\/p>\n\n\n\n<p>Dr. Kristin Neff, a Texasi Egyetem munkat\u00e1rsa szerint, <a href=\"https:\/\/www.youtube.com\/watch?v=KolU3UTjCk8&amp;t=2s\" target=\"_blank\" rel=\"noreferrer noopener\">\u00f6nsajn\u00e1lat<\/a> (amit ez az idi\u00f3ma implicit m\u00f3don t\u00e1mogat) er\u0151sen \u00f6sszef\u00fcgg a motiv\u00e1ci\u00f3val \u00e9s a teljes\u00edtm\u00e9nnyel.\u00a0<\/p>\n\n\n\n<p>Azok az emberek, akik megbocs\u00e1tanak maguknak a k\u00e9sedelmek\u00e9rt, nagyobb val\u00f3sz\u00edn\u0171s\u00e9ggel fejezik be a feladatokat, mint azok, akik a kudarcaikon r\u00e1g\u00f3dnak.<\/p>\n\n\n\n<h3 class=\"wp-block-heading\">El\u0151seg\u00edti a befejez\u00e9st<\/h3>\n\n\n\n<p>Az idi\u00f3ma alapvet\u0151en a befejez\u00e9st \u00e9rt\u00e9keli a t\u00f6k\u00e9letes id\u0151z\u00edt\u00e9ssel szemben.&nbsp;<\/p>\n\n\n\n<p>A projektmenedzsmentben ez az elv aranyat \u00e9r.&nbsp;<\/p>\n\n\n\n<p>A Pareto-elv (vagy 80\/20 szab\u00e1ly) azt mutatja, hogy 20% er\u0151fesz\u00edt\u00e9sb\u0151l 80% eredm\u00e9ny sz\u00fcletik, ami azt jelenti, hogy az elv\u00e9gzett munka gyakran jobb, mint a t\u00f6k\u00e9letes.<\/p>\n\n\n\n<p>A befejez\u00e9st helyezi el\u0151t\u00e9rbe, ami a legt\u00f6bb esetben nagyobb \u00e9rt\u00e9ket k\u00e9pvisel, mint az id\u0151z\u00edt\u00e9s elmulaszt\u00e1sa miatti lemond\u00e1s.<\/p>\n\n\n\n<p>Haszn\u00e1lhatod az Undetectable AI-t is. <a href=\"https:\/\/undetectable.ai\/ai-chat\" target=\"_blank\" rel=\"noreferrer noopener\">AI Chat<\/a> mint elsz\u00e1moltathat\u00f3 partner.\u00a0<\/p>\n\n\n<div class=\"wp-block-image\">\n<figure class=\"aligncenter size-large\"><img loading=\"lazy\" decoding=\"async\" width=\"1024\" height=\"492\" src=\"https:\/\/undetectable.ai/blog\/wp-content\/uploads\/2025\/01\/ai-chat-1024x492.jpg\" alt=\"AI Chat\" class=\"wp-image-6097\" title=\"\" srcset=\"https:\/\/undetectable.ai/blog\/wp-content\/uploads\/2025\/01\/ai-chat-1024x492.jpg 1024w, https:\/\/undetectable.ai/blog\/wp-content\/uploads\/2025\/01\/ai-chat-300x144.jpg 300w, https:\/\/undetectable.ai/blog\/wp-content\/uploads\/2025\/01\/ai-chat-768x369.jpg 768w, https:\/\/undetectable.ai/blog\/wp-content\/uploads\/2025\/01\/ai-chat-1536x738.jpg 1536w, https:\/\/undetectable.ai/blog\/wp-content\/uploads\/2025\/01\/ai-chat-2048x984.jpg 2048w, https:\/\/undetectable.ai/blog\/wp-content\/uploads\/2025\/01\/ai-chat-18x9.jpg 18w\" sizes=\"auto, (max-width: 1024px) 100vw, 1024px\" \/><\/figure><\/div>\n\n\n<p>K\u00e9rje meg, hogy seg\u00edtsen meghat\u00e1rozni h\u00e1rom olyan dolgot, amit eddig elhalasztott, majd k\u00e9rje meg, hogy mutassa meg, mi\u00e9rt igaz a \u201cjobb k\u00e9s\u0151n, mint soha\u201d elv mindegyikre.&nbsp;<\/p>\n\n\n\n<p>Ne feledje, jobb, ha a j\u00f6v\u0151 h\u00e9ten teszi k\u00f6zz\u00e9, mintha egy\u00e1ltal\u00e1n nem tenn\u00e9 k\u00f6zz\u00e9.<\/p>\n\n\n\n<p>N\u00e9ha k\u00fcls\u0151 enged\u00e9lyre van sz\u00fcks\u00e9ged ahhoz, hogy megbocs\u00e1ss magadnak, \u00e9s egyszer\u0171en csak belev\u00e1gj.<\/p>\n\n\n\n<p>N\u00e9zze meg, hogyan m\u0171k\u00f6dik az AI Detector \u00e9s Humanizer az al\u00e1bbi widgetben!<\/p>\n\n\n\n<div id=\"uai-widget\" data-affiliate-link=\"https:\/\/undetectable.ai\/?_by=hi4km\"><script>var js = document.createElement(\"script\");js.async = true;js.src = \"https:\/\/widget.undetectable.ai\/js\/widget-loader.js?t=\"+Date.now();document.getElementsByTagName(\"head\")[0].appendChild(js);<\/script><\/div>\n\n\n\n<h2 class=\"wp-block-heading\">V\u00e9gs\u0151 gondolatok<\/h2>\n\n\n\n<p>A \u201cjobb k\u00e9s\u0151n, mint soha\u201d val\u00f3j\u00e1ban a k\u00f6vetkez\u0151t tan\u00edtja nek\u00fcnk: a t\u00f6k\u00e9letess\u00e9g a fejl\u0151d\u00e9s ellens\u00e9ge.<\/p>\n\n\n\n<p>Egy olyan vil\u00e1gban, amely az optimaliz\u00e1l\u00e1s, a cs\u00facsteljes\u00edtm\u00e9ny \u00e9s az \u201c\u00f6sszez\u00faz\u00e1s\u201d megsz\u00e1llottja, ez a szer\u00e9ny idi\u00f3ma radik\u00e1lis enged\u00e9lyt k\u00edn\u00e1l:&nbsp;<\/p>\n\n\n\n<p>H\u00e1tul is kezdheted. Elkezdheted, miut\u00e1n mindenki m\u00e1s befejezte.<\/p>\n\n\n\n<p>\u00c9s tudod mit? Neked is kellene.<\/p>\n\n\n\n<p>Mert az alternat\u00edva, ha hagyod, hogy a sz\u00e9gyen, a b\u0171ntudat vagy az elszalasztott id\u0151z\u00edt\u00e9s megakad\u00e1lyozza, hogy valaha is elkezdd, garant\u00e1lja a kudarcot.<\/p>\n\n\n\n<p>A k\u00e9rd\u00e9s nem az, hogy elszalasztottad-e a \u201ct\u00f6k\u00e9letes\u201d pillanatot. De igen. Mindannyian elszalasztottuk, t\u00f6bbsz\u00f6r, sz\u00e1mtalan m\u00f3don.<\/p>\n\n\n\n<p>A k\u00e9rd\u00e9s az, hogy hagyod-e, hogy ez az elszalasztott pillanat meghat\u00e1rozzon t\u00e9ged?&nbsp;<\/p>\n\n\n\n<p>Vagy elfogadod azt a felszabad\u00edt\u00f3 igazs\u00e1got, hogy a ma mindig egy \u00e9letk\u00e9pes kiindul\u00f3pont?<\/p>\n\n\n\n<p>Gondoljunk csak Vera Wangra, aki 40 \u00e9vesen tervezte els\u0151 ruh\u00e1j\u00e1t.&nbsp;<\/p>\n\n\n\n<p>Sanders ezredes 62 \u00e9vesen franchise-ba adja a KFC-t.&nbsp;<\/p>\n\n\n\n<p>Julia Child 50 \u00e9vesen adta ki els\u0151 szak\u00e1csk\u00f6nyv\u00e9t.&nbsp;<\/p>\n\n\n\n<p><em>Az igazi \u00fczenet nem a k\u00e9s\u00e9sr\u0151l sz\u00f3l. Hanem arr\u00f3l, hogy nem fogadjuk el a \u201csoha\u201d sz\u00f3t.\u201d<\/em><\/p>\n\n\n\n<p>Kezdje el m\u00e9g ma. Kezdj\u00e9tek t\u00f6k\u00e9letlen\u00fcl. Kezdj\u00e9tek k\u00e9s\u0151n.<\/p>\n\n\n\n<p>Mert a \"jobb k\u00e9s\u0151n, mint soha\" nem csak egy idi\u00f3ma.<\/p>\n\n\n\n<p>Ez egy filoz\u00f3fia mindazok sz\u00e1m\u00e1ra, akik el\u00e9g b\u00e1trak ahhoz, hogy a \u201ck\u00e9s\u0151n\u201d helyett a \u201csoha\u201d mellett d\u00f6ntsenek, \u00e9s e v\u00e1laszt\u00e1s sor\u00e1n r\u00e1j\u00f6jjenek, hogy a \u201ck\u00e9s\u0151n\u201d val\u00f3j\u00e1ban m\u00e9giscsak id\u0151ben \u00e9rkezett.<\/p>\n\n\n\n<p>Csiszolja a szavakat, \u00e9s tartsa \u0151ket term\u00e9szetesen emberi hangz\u00e1s\u00fanak a <a href=\"https:\/\/undetectable.ai\/\" target=\"_blank\" data-type=\"link\" data-id=\"https:\/\/undetectable.ai\/\" rel=\"noreferrer noopener\">Kimutathatatlan AI<\/a>.<\/p>","protected":false},"excerpt":{"rendered":"","protected":false},"author":15,"featured_media":19361,"comment_status":"closed","ping_status":"closed","sticky":false,"template":"","format":"standard","meta":{"_themeisle_gutenberg_block_has_review":false,"footnotes":""},"categories":[31],"tags":[],"class_list":["post-19345","post","type-post","status-publish","format-standard","has-post-thumbnail","hentry","category-helpful-ai-content-tips"],"_links":{"self":[{"href":"https:\/\/undetectable.ai/blog\/hu\/wp-json\/wp\/v2\/posts\/19345","targetHints":{"allow":["GET"]}}],"collection":[{"href":"https:\/\/undetectable.ai/blog\/hu\/wp-json\/wp\/v2\/posts"}],"about":[{"href":"https:\/\/undetectable.ai/blog\/hu\/wp-json\/wp\/v2\/types\/post"}],"author":[{"embeddable":true,"href":"https:\/\/undetectable.ai/blog\/hu\/wp-json\/wp\/v2\/users\/15"}],"replies":[{"embeddable":true,"href":"https:\/\/undetectable.ai/blog\/hu\/wp-json\/wp\/v2\/comments?post=19345"}],"version-history":[{"count":9,"href":"https:\/\/undetectable.ai/blog\/hu\/wp-json\/wp\/v2\/posts\/19345\/revisions"}],"predecessor-version":[{"id":19390,"href":"https:\/\/undetectable.ai/blog\/hu\/wp-json\/wp\/v2\/posts\/19345\/revisions\/19390"}],"wp:featuredmedia":[{"embeddable":true,"href":"https:\/\/undetectable.ai/blog\/hu\/wp-json\/wp\/v2\/media\/19361"}],"wp:attachment":[{"href":"https:\/\/undetectable.ai/blog\/hu\/wp-json\/wp\/v2\/media?parent=19345"}],"wp:term":[{"taxonomy":"category","embeddable":true,"href":"https:\/\/undetectable.ai/blog\/hu\/wp-json\/wp\/v2\/categories?post=19345"},{"taxonomy":"post_tag","embeddable":true,"href":"https:\/\/undetectable.ai/blog\/hu\/wp-json\/wp\/v2\/tags?post=19345"}],"curies":[{"name":"wp","href":"https:\/\/api.w.org\/{rel}","templated":true}]}}