{"id":19548,"date":"2026-01-13T15:53:21","date_gmt":"2026-01-13T15:53:21","guid":{"rendered":"https:\/\/undetectable.ai/blog\/?p=19548"},"modified":"2026-04-24T19:20:44","modified_gmt":"2026-04-24T19:20:44","slug":"viselkedes-vagy-viselkedes","status":"publish","type":"post","link":"https:\/\/undetectable.ai/blog\/hu\/viselkedes-vagy-viselkedes","title":{"rendered":"Hogyan haszn\u00e1ljuk helyesen a Behaviour vs. Behavior sz\u00f3t"},"content":{"rendered":"<p>M\u00e1r abb\u00f3l is meg tudom mondani, hogy hova j\u00e1rt\u00e1l iskol\u00e1ba, ahogyan egy sz\u00f3t be\u00edrsz.<\/p>\n\n\n\n<p><strong>Hozz\u00e1adsz egy \u2018u\u2019-t a <\/strong><strong>viselked\u00e9s<\/strong><strong>?&nbsp;<\/strong><\/p>\n\n\n\n<p>Val\u00f3sz\u00edn\u0171leg \u00e9rt\u00e9keli a hagyom\u00e1nyokat, a Commonwealthben n\u0151tt fel, vagy \u00e9lvezi a j\u00f3 cs\u00e9sze te\u00e1t.&nbsp;<\/p>\n\n\n\n<p><strong>Kihagyod az \u2018u\u2019-t \u00e9s be\u00edrod, hogy <\/strong><strong>viselked\u00e9s<\/strong><strong>?&nbsp;<\/strong><\/p>\n\n\n\n<p>\u00d6n ink\u00e1bb a hat\u00e9konys\u00e1got kedveli, az Egyes\u00fclt \u00c1llamokban n\u0151tt fel, vagy hallgat\u00f3lagosan megb\u00edzik a helyes\u00edr\u00e1s-ellen\u0151rz\u00e9sben.<\/p>\n\n\n\n<p>Egyik\u0151t\u00f6k sem t\u00e9ved.&nbsp;<\/p>\n\n\n\n<p>De ha helyet cser\u00e9ltek, lehet, hogy mindketten t\u00e9vedtek. Itt van pontosan, hogy mikor melyiket kell haszn\u00e1lni, \u00e9s hogy mi\u00e9rt a behavior vagy behavior in Canada a legtr\u00fckk\u00f6sebb haszn\u00e1lat az \u00f6sszes k\u00f6z\u00fcl.<\/p>\n\n\n\n<p>Ebben a blogban megvizsg\u00e1ljuk a kett\u00e9v\u00e1l\u00e1s eredet\u00e9t, a szigor\u00fa szab\u00e1lyokat a technol\u00f3gi\u00e1ra \u00e9s a k\u00f3dol\u00e1sra vonatkoz\u00f3an, valamint azokat a konkr\u00e9t kontextusokat, ahol az egyik \u00edr\u00e1sm\u00f3dot a m\u00e1sikkal szemben kell haszn\u00e1lni.&nbsp;<\/p>\n\n\n\n<p>Kit\u00e9r\u00fcnk az 5 leggyakoribb hib\u00e1ra is, amit az \u00edr\u00f3k elk\u00f6vetnek, \u00edgy biztos\u00edthatod, hogy a helyes\u00edr\u00e1sod mindig t\u00f6k\u00e9letes legyen.<\/p>\n\n\n\n<p>Mer\u00fclj\u00fcnk el benne.<\/p>\n\n\n\n<hr class=\"wp-block-separator has-alpha-channel-opacity\"\/>\n\n\n\n<p class=\"has-text-align-center\"><strong>A legfontosabb tudnival\u00f3k<\/strong><\/p>\n\n\n\n<ul class=\"wp-block-list\">\n<li>Az egyetlen k\u00fcl\u00f6nbs\u00e9g a f\u00f6ldrajz. <strong>Viselked\u00e9s<\/strong> amerikai; <strong>Viselked\u00e9s<\/strong> brit\/nemzetk\u00f6z\u00f6ss\u00e9gi.<\/li>\n<\/ul>\n\n\n\n<p><\/p>\n\n\n\n<ul class=\"wp-block-list\">\n<li>Mindk\u00e9t sz\u00f3 pontosan ugyanazt a dolgot jelenti, azt, ahogyan egy szem\u00e9ly, \u00e1llat vagy rendszer viselkedik.<\/li>\n<\/ul>\n\n\n\n<p><\/p>\n\n\n\n<ul class=\"wp-block-list\">\n<li>Ha a kanadai viselked\u00e9sr\u0151l vagy viselked\u00e9sr\u0151l k\u00e9rdeznek, a standard a \u201cbehavior\u201d (u-val), b\u00e1r az amerikai hat\u00e1s er\u0151s.<\/li>\n<\/ul>\n\n\n\n<p><\/p>\n\n\n\n<ul class=\"wp-block-list\">\n<li>A programoz\u00e1sban (CSS\/HTML) mindig a \u201cviselked\u00e9st\u201d haszn\u00e1lja. A brit helyes\u00edr\u00e1s haszn\u00e1lata t\u00f6nkreteszi a k\u00f3dot.<\/li>\n<\/ul>\n\n\n\n<p><\/p>\n\n\n\n<ul class=\"wp-block-list\">\n<li>Soha ne keverje a k\u00e9t \u00edr\u00e1sm\u00f3dot egy dokumentumban. V\u00e1lasszon egy oldalt, \u00e9s ragaszkodjon hozz\u00e1 minden kapcsol\u00f3d\u00f3 sz\u00f3 eset\u00e9ben (pl, <em>viselked\u00e9s<\/em> vs. <em>viselked\u00e9si<\/em>).<\/li>\n<\/ul>\n\n\n\n<p><\/p>\n\n\n\n<hr class=\"wp-block-separator has-alpha-channel-opacity\"\/>\n\n\n\n<h2 class=\"wp-block-heading\">Mi a k\u00fcl\u00f6nbs\u00e9g a viselked\u00e9s \u00e9s a viselked\u00e9s k\u00f6z\u00f6tt?<\/h2>\n\n\n\n<p>A viselked\u00e9s vagy a viselked\u00e9s ugyanannak a f\u0151n\u00e9vnek k\u00e9t k\u00fcl\u00f6nb\u00f6z\u0151 \u00edr\u00e1sm\u00f3dja.<\/p>\n\n\n\n<p>Arra utalnak, ahogyan egy ember, \u00e1llat, szervezet vagy ak\u00e1r egy g\u00e9p cselekszik, viselkedik vagy reag\u00e1l k\u00fcl\u00f6nb\u00f6z\u0151 helyzetekre.&nbsp;<\/p>\n\n\n\n<p>A k\u00fcl\u00f6nbs\u00e9g nem a jelent\u00e9sben, a kiejt\u00e9sben vagy a nyelvtanban van. Ez puszt\u00e1n a region\u00e1lis helyes\u00edr\u00e1si szok\u00e1sokr\u00f3l sz\u00f3l.<\/p>\n\n\n\n<p>Ha teh\u00e1t a viselked\u00e9s vagy a viselked\u00e9s jelent\u00e9s\u00e9t keresi, a v\u00e1lasz mindkett\u0151re azonos.<\/p>\n\n\n\n<p><strong>P\u00e9ld\u00e1k<\/strong><\/p>\n\n\n\n<ul class=\"wp-block-list\">\n<li><strong>Amerikai angol:<\/strong><strong> <\/strong>A gyermek viselked\u00e9se a beavatkoz\u00e1s ut\u00e1n javult. (A szok\u00e1sos amerikai helyes\u00edr\u00e1s elhagyja az \u2018u\u2019-t).<\/li>\n\n\n\n<li><strong>Brit angol:<\/strong> A gyermek viselked\u00e9se a beavatkoz\u00e1s ut\u00e1n javult. (Az Egyes\u00fclt Kir\u00e1lys\u00e1gban szok\u00e1sos \u00edr\u00e1sm\u00f3dban az \u2018u\u2019 megmarad).<\/li>\n<\/ul>\n\n\n\n<p>\u00cdme a sz\u00f3 gyors technikai profilja:<\/p>\n\n\n\n<figure class=\"wp-block-table\"><table class=\"has-fixed-layout\"><tbody><tr><td class=\"has-text-align-center\" data-align=\"center\">A besz\u00e9d r\u00e9sze<\/td><td class=\"has-text-align-center\" data-align=\"center\">F\u0151n\u00e9v (kontextust\u00f3l f\u00fcgg\u0151en megsz\u00e1ml\u00e1lhat\u00f3 vagy megsz\u00e1ml\u00e1lhatatlan).<\/td><\/tr><tr><td class=\"has-text-align-center\" data-align=\"center\">Kiejt\u00e9s<\/td><td class=\"has-text-align-center\" data-align=\"center\">Mindkett\u0151t ugyan\u00fagy ejtik: \/b\u026a\u02c8he\u026avj\u0259r\/.<\/td><\/tr><tr><td class=\"has-text-align-center\" data-align=\"center\">Jelent\u00e9se<\/td><td class=\"has-text-align-center\" data-align=\"center\">Megfigyelhet\u0151 cselekedetek, viselked\u00e9s, modor, vagy az, ahogyan valaki vagy valami viselkedik.<\/td><\/tr><tr><td class=\"has-text-align-center\" data-align=\"center\">Haszn\u00e1lat<\/td><td class=\"has-text-align-center\" data-align=\"center\">Minden kontextusban azonos; csak a helyes\u00edr\u00e1s v\u00e1ltozik az \u00d6n \u00e1ltal haszn\u00e1lt angol v\u00e1ltozatt\u00f3l f\u00fcgg\u0151en.<\/td><\/tr><\/tbody><\/table><\/figure>\n\n\n\n<ul class=\"wp-block-list\">\n<li>Eredet \u00e9s meg\u00e9rt\u00e9s<\/li>\n<\/ul>\n\n\n\n<p>Mi\u00e9rt hagyta el az Egyes\u00fclt \u00c1llamok az \u2018u\u2019-t? Az\u00e9rt, mert <strong>Noah Webster.<\/strong><\/p>\n\n\n\n<p>Ha valaha is elgondolkodott azon, hogy a viselked\u00e9s vagy a viselked\u00e9s az els\u0151, a brit helyes\u00edr\u00e1s tartja a t\u00f6rt\u00e9nelmet, de az amerikai v\u00e1ltozatnak van egy saj\u00e1tos \u00e9p\u00edt\u00e9sz.<\/p>\n\n\n\n<p>Noah Webster, akit gyakran neveznek a \u201c<a href=\"https:\/\/en.wikipedia.org\/wiki\/Noah_Webster\" target=\"_blank\" rel=\"noreferrer noopener\">Az amerikai tudom\u00e1nyoss\u00e1g \u00e9s oktat\u00e1s atyja<\/a>,\u201d az \u00faj nemzetnek egy saj\u00e1tos identit\u00e1st akart teremteni.&nbsp;<\/p>\n\n\n\n<p>\u00dagy v\u00e9lte, hogy az amerikai angolnak egyszer\u0171bbnek \u00e9s k\u00f6nnyebben tanulhat\u00f3nak kell lennie, mint brit megfelel\u0151j\u00e9nek.<\/p>\n\n\n\n<ul class=\"wp-block-list\">\n<li>1806-ban adta ki els\u0151 sz\u00f3t\u00e1r\u00e1t, amelyet f\u0151m\u0171ve k\u00f6vetett, <a href=\"https:\/\/www.historyofinformation.com\/detail.php?entryid=3679\" target=\"_blank\" rel=\"noreferrer noopener\">Az angol nyelv amerikai sz\u00f3t\u00e1ra<\/a>, 1828-ban.<\/li>\n<\/ul>\n\n\n\n<ul class=\"wp-block-list\">\n<li>Szisztematikusan elt\u00e1vol\u00edtotta az \u2018u\u2019-t az olyan szavakb\u00f3l, mint a colour, honour \u00e9s favour.<\/li>\n<\/ul>\n\n\n\n<ul class=\"wp-block-list\">\n<li>A \u201cK\u00e9kh\u00e1t\u00fa helyes\u00edr\u00f3\u201d c\u00edm\u0171 tank\u00f6nyvei 1890-ig t\u00f6bb mint 60 milli\u00f3 p\u00e9ld\u00e1nyban keltek el. Mivel szinte minden amerikai gyermek Webster k\u00f6nyvei seg\u00edts\u00e9g\u00e9vel tanult meg olvasni, a \u201cviselked\u00e9ses\u201d helyes\u00edr\u00e1s tart\u00f3san be\u00e1gyaz\u00f3dott az amerikai kult\u00far\u00e1ba.<\/li>\n<\/ul>\n\n\n\n<p>M\u00edg az amerikaiak egyszer\u0171s\u00edtettek, a britek ragaszkodtak a hagyom\u00e1nyokhoz.<\/p>\n\n\n\n<p>A \u201cbehavior\u201d \u00edr\u00e1sm\u00f3dban az\u00e9rt maradt meg az \u2018u\u2019, mert ez a sz\u00f3 francia eredet\u00e9t \u0151rzi.&nbsp;<\/p>\n\n\n\n<p>Jelent\u0151s brit lexikogr\u00e1fusok, mint p\u00e9ld\u00e1ul Samuel Johnson (h\u00edres 1755-\u00f6s sz\u00f3t\u00e1r\u00e1ban), ezeket a francia hat\u00e1s\u00fa helyes\u00edr\u00e1sokat tartott\u00e1k fenn a kifinomults\u00e1g \u00e9s a t\u00f6rt\u00e9nelem m\u00e9rc\u00e9jek\u00e9nt.<\/p>\n\n\n\n<p>Ez megmagyar\u00e1zza, hogy a viselked\u00e9s vagy viselked\u00e9s jelent\u00e9se a helyes\u00edr\u00e1si kett\u00e9v\u00e1l\u00e1s ellen\u00e9re ma is pontosan ugyanaz.<\/p>\n\n\n<div class=\"wp-block-image\">\n<figure class=\"aligncenter size-full\"><img loading=\"lazy\" decoding=\"async\" width=\"541\" height=\"539\" src=\"https:\/\/undetectable.ai/blog\/wp-content\/uploads\/2026\/01\/America-and-England-meme.jpg\" alt=\"\" class=\"wp-image-19558\" title=\"\" srcset=\"https:\/\/undetectable.ai/blog\/wp-content\/uploads\/2026\/01\/America-and-England-meme.jpg 541w, https:\/\/undetectable.ai/blog\/wp-content\/uploads\/2026\/01\/America-and-England-meme-300x300.jpg 300w, https:\/\/undetectable.ai/blog\/wp-content\/uploads\/2026\/01\/America-and-England-meme-150x150.jpg 150w, https:\/\/undetectable.ai/blog\/wp-content\/uploads\/2026\/01\/America-and-England-meme-12x12.jpg 12w\" sizes=\"auto, (max-width: 541px) 100vw, 541px\" \/><\/figure><\/div>\n\n\n<p class=\"has-text-align-center\"><strong>Forr\u00e1s<\/strong> = <a href=\"https:\/\/www.pinterest.com\/heliasarraf\/meme\/\" data-type=\"link\" data-id=\"https:\/\/www.pinterest.com\/heliasarraf\/meme\/\" rel=\"nofollow noopener\" target=\"_blank\">Pinterest<\/a><\/p>\n\n\n\n<h2 class=\"wp-block-heading\">Mikor kell haszn\u00e1lni a viselked\u00e9st<\/h2>\n\n\n\n<p>Ha azt k\u00e9rdezi, hogy viselked\u00e9s vagy viselked\u00e9s egy nemzetk\u00f6zi k\u00f6z\u00f6ns\u00e9g sz\u00e1m\u00e1ra, akkor itt van az az 5 hely, ahol a \u201cviselked\u00e9s\u201d sz\u00f3t kell haszn\u00e1lnia:<\/p>\n\n\n\n<ol class=\"wp-block-list\">\n<li><strong>Amikor a brit \u00e9s nemzetk\u00f6z\u00f6ss\u00e9gi k\u00f6z\u00f6ns\u00e9gnek \u00edrunk (f\u00f6ldrajzi kontextus)<\/strong><\/li>\n<\/ol>\n\n\n\n<p>Haszn\u00e1lja a \u201cviselked\u00e9s\u201d kifejez\u00e9st, ha az Egyes\u00fclt Kir\u00e1lys\u00e1g, Kanada, Ausztr\u00e1lia, \u00daj-Z\u00e9land, India, D\u00e9l-Afrika \u00e9s a legt\u00f6bb Nemzetk\u00f6z\u00f6ss\u00e9gi orsz\u00e1g olvas\u00f3inak \u00edr.<\/p>\n\n\n\n<p>Ha a kanadai viselked\u00e9sre vagy viselked\u00e9sm\u00f3dra k\u00edv\u00e1ncsi, a szok\u00e1sos akad\u00e9miai \u00e9s korm\u00e1nyzati helyes\u00edr\u00e1s a k\u00f6vetkez\u0151 <strong>viselked\u00e9s<\/strong>. Az USA k\u00f6zels\u00e9ge miatt azonban bizonyos \u00fczleti kontextusokban \u201cviselked\u00e9st\u201d fog l\u00e1tni.<\/p>\n\n\n\n<p><strong>P\u00e9ld\u00e1k:<\/strong><\/p>\n\n\n\n<ul class=\"wp-block-list\">\n<li><em>Ez a tanulm\u00e1ny az online piactereken tan\u00fas\u00edtott fogyaszt\u00f3i magatart\u00e1st vizsg\u00e1lja.<\/em><\/li>\n\n\n\n<li><em>A t\u00e1vmunka sor\u00e1n a munkav\u00e1llal\u00f3k viselked\u00e9se megn\u00f6vekedett termel\u00e9kenys\u00e9get mutatott.<\/em><\/li>\n\n\n\n<li><em>Az \u00faj politika a k\u00f6zter\u00fcleteken tapasztalhat\u00f3 antiszoci\u00e1lis viselked\u00e9ssel foglalkozik.<\/em><\/li>\n<\/ul>\n\n\n\n<ol start=\"2\" class=\"wp-block-list\">\n<li><strong>Brit st\u00edlus\u00fa tudom\u00e1nyos \u00e9s akad\u00e9miai foly\u00f3iratokban val\u00f3 publik\u00e1l\u00e1skor<\/strong><\/li>\n<\/ol>\n\n\n\n<p>Sz\u00e1mos brit sz\u00e9khely\u0171 vagy brit st\u00edlusir\u00e1nyzatot k\u00f6vet\u0151 nemzetk\u00f6zi foly\u00f3irat a \u201cbehaviour\u201d helyes\u00edr\u00e1st \u00edrja el\u0151.\u201d<\/p>\n\n\n\n<p>&nbsp;Ezt a szab\u00e1lyt gyakran szigor\u00faan betartj\u00e1k, \u00edgy nem kell tal\u00e1lgatni, hogy ez itt viselked\u00e9s vagy magatart\u00e1s.<\/p>\n\n\n\n<p><strong>P\u00e9ld\u00e1k:<\/strong><\/p>\n\n\n\n<ul class=\"wp-block-list\">\n<li><em>A terapeuta szokatlan viselked\u00e9smint\u00e1kat figyelt meg a p\u00e1ciensn\u00e9l.<\/em><\/li>\n\n\n\n<li><em>Az \u00e1llatok viselked\u00e9s\u00e9t vizsg\u00e1l\u00f3 tanulm\u00e1nyok \u00f6sszetett t\u00e1rsadalmi hierarchi\u00e1kat t\u00e1rnak fel.<\/em><\/li>\n\n\n\n<li><em>Az oszt\u00e1lytermi viselked\u00e9skezel\u00e9si technik\u00e1k kult\u00far\u00e1nk\u00e9nt elt\u00e9r\u0151ek.<\/em><\/li>\n<\/ul>\n\n\n\n<ol start=\"3\" class=\"wp-block-list\">\n<li><strong>Amikor brit sz\u00e9khely\u0171 v\u00e1llalatoknak \u00e9s szakmai kommunik\u00e1ci\u00f3nak \u00edrunk<\/strong><\/li>\n<\/ol>\n\n\n\n<p>Haszn\u00e1lja a \u201cviselked\u00e9s\u201d kifejez\u00e9st, ha brit szervezetekkel vagy nemzetk\u00f6zi c\u00e9gekkel kommunik\u00e1l, amelyek az angol nyelv\u0171 brit szabv\u00e1nyokat k\u00f6vetik.<\/p>\n\n\n\n<p><strong>P\u00e9ld\u00e1k:<\/strong><\/p>\n\n\n\n<ul class=\"wp-block-list\">\n<li><em>V\u00e1llalatunk nagyra \u00e9rt\u00e9keli a professzion\u00e1lis viselked\u00e9st minden \u00fcgyf\u00e9lkapcsolat sor\u00e1n.<\/em><\/li>\n\n\n\n<li><em>A nem megfelel\u0151 munkahelyi viselked\u00e9s fegyelmi elj\u00e1r\u00e1st von maga ut\u00e1n.<\/em><\/li>\n\n\n\n<li><em>A fogyaszt\u00f3i magatart\u00e1s meg\u00e9rt\u00e9se kulcsfontoss\u00e1g\u00fa a m\u00e1rkastrat\u00e9gi\u00e1nk szempontj\u00e1b\u00f3l.<\/em><\/li>\n<\/ul>\n\n\n\n<ol start=\"4\" class=\"wp-block-list\">\n<li><strong>Amikor a brit m\u00e9di\u00e1ban \u00e9s kiad\u00f3kn\u00e1l publik\u00e1l<\/strong><\/li>\n<\/ol>\n\n\n\n<p>A brit \u00fajs\u00e1gok, m\u0171sorszolg\u00e1ltat\u00f3k \u00e9s kiad\u00f3k k\u00f6vetkezetesen a \u201cviselked\u00e9st\u201d haszn\u00e1lj\u00e1k.\u201d<\/p>\n\n\n\n<p><strong>P\u00e9ld\u00e1k:<\/strong><\/p>\n\n\n\n<ul class=\"wp-block-list\">\n<li><em>A politikus viselked\u00e9se vit\u00e1t v\u00e1ltott ki a Parlamentben.<\/em><\/li>\n\n\n\n<li><em>A k\u00f6z\u00f6ss\u00e9gi m\u00e9dia alapvet\u0151en megv\u00e1ltoztatta az emberi viselked\u00e9st.<\/em><\/li>\n\n\n\n<li><em>Ez a fejezet a serd\u00fcl\u0151kori devi\u00e1ns viselked\u00e9st vizsg\u00e1lja.<\/em><\/li>\n<\/ul>\n\n\n\n<ol start=\"5\" class=\"wp-block-list\">\n<li><strong>A brit helyes\u00edr\u00e1s k\u00f6vetkezetess\u00e9g\u00e9nek fenntart\u00e1sa eset\u00e9n<\/strong><\/li>\n<\/ol>\n\n\n\n<p>Ha tartalma m\u00e1s brit helyes\u00edr\u00e1sokat haszn\u00e1l, mint p\u00e9ld\u00e1ul colour, honour, favour vagy programme, akkor a k\u00f6vetkezetess\u00e9g \u00e9s a hiteless\u00e9g meg\u0151rz\u00e9se \u00e9rdek\u00e9ben a \u201cbehaviour\u201d sz\u00f3t is haszn\u00e1lnia kell.<\/p>\n\n\n\n<p><strong>P\u00e9ld\u00e1k:<\/strong><\/p>\n\n\n\n<ul class=\"wp-block-list\">\n<li><em>A program a gyerekek viselked\u00e9s\u00e9t vizsg\u00e1lta, \u00e9s azt figyelte, hogy a sz\u00ednek \u00e9s a f\u00e9ny hogyan befoly\u00e1solj\u00e1k a hangulatukat.<\/em><em><br><\/em><\/li>\n\n\n\n<li><em>A p\u00e1rt viselked\u00e9se a vita sor\u00e1n t\u00fckr\u00f6zte a p\u00e1rt elk\u00f6telezetts\u00e9g\u00e9t a kamp\u00e1ny\u00edg\u00e9retek betart\u00e1sa mellett.<\/em><\/li>\n<\/ul>\n\n\n\n<p>Ha zavarban van a viselked\u00e9s vagy a viselked\u00e9s Kanad\u00e1ban, a korm\u00e1nyzati, tudom\u00e1nyos \u00e9s hivatalos \u00edr\u00e1sokban a \u201cbehaviour\u201d (brit st\u00edlus) a szabv\u00e1ny, b\u00e1r az amerikai v\u00e1ltozatot az amerikai \u00fczleti \u00e9let k\u00f6zel\u00e9ben l\u00e1thatja.<\/p>\n\n\n<div class=\"wp-block-image\">\n<figure class=\"aligncenter size-large\"><img loading=\"lazy\" decoding=\"async\" width=\"1024\" height=\"430\" src=\"https:\/\/undetectable.ai/blog\/wp-content\/uploads\/2026\/01\/Behavior-or-Behaviour-US-and-UK-1024x430.jpg\" alt=\"\" class=\"wp-image-19557\" title=\"\" srcset=\"https:\/\/undetectable.ai/blog\/wp-content\/uploads\/2026\/01\/Behavior-or-Behaviour-US-and-UK-1024x430.jpg 1024w, https:\/\/undetectable.ai/blog\/wp-content\/uploads\/2026\/01\/Behavior-or-Behaviour-US-and-UK-300x126.jpg 300w, https:\/\/undetectable.ai/blog\/wp-content\/uploads\/2026\/01\/Behavior-or-Behaviour-US-and-UK-768x323.jpg 768w, https:\/\/undetectable.ai/blog\/wp-content\/uploads\/2026\/01\/Behavior-or-Behaviour-US-and-UK-18x8.jpg 18w, https:\/\/undetectable.ai/blog\/wp-content\/uploads\/2026\/01\/Behavior-or-Behaviour-US-and-UK.jpg 1536w\" sizes=\"auto, (max-width: 1024px) 100vw, 1024px\" \/><\/figure><\/div>\n\n\n<p class=\"has-text-align-center\"><strong>Forr\u00e1s<\/strong> = <a href=\"https:\/\/www.businesswritingblog.com\/business_writing\/2021\/12\/behavior-vs-behaviour-which-should-you-use.html\" data-type=\"link\" data-id=\"https:\/\/www.businesswritingblog.com\/business_writing\/2021\/12\/behavior-vs-behaviour-which-should-you-use.html\" rel=\"nofollow noopener\" target=\"_blank\">Business Writing Blog<\/a><\/p>\n\n\n\n<h2 class=\"wp-block-heading\">Mikor kell haszn\u00e1lni a viselked\u00e9st<\/h2>\n\n\n\n<p>\u00cdme az 5 hely, ahol a \u201cviselked\u00e9s\u201d sz\u00f3t \u00e9rdemes haszn\u00e1lni:<\/p>\n\n\n\n<ol class=\"wp-block-list\">\n<li><strong>Amikor amerikai k\u00f6z\u00f6ns\u00e9gnek \u00edrsz<\/strong><\/li>\n<\/ol>\n\n\n\n<p>Haszn\u00e1lja a \u201cviselked\u00e9st\u201d az Egyes\u00fclt \u00c1llamokban, a F\u00fcl\u00f6p-szigeteken \u00e9s gyakran nemzetk\u00f6zi \u00fczleti k\u00f6rnyezetben, ahol az amerikai angol az alap\u00e9rtelmezett lingua franca.<\/p>\n\n\n\n<p>Ezekben az esetekben a viselked\u00e9s vagy viselked\u00e9s k\u00e9rd\u00e9se el van d\u00f6ntve: ejtsd el az \u2018u\u2019-t.<\/p>\n\n\n\n<ol start=\"2\" class=\"wp-block-list\">\n<li><strong>Technol\u00f3gi\u00e1val \u00e9s k\u00f3dol\u00e1ssal val\u00f3 munka sor\u00e1n<\/strong><\/li>\n<\/ol>\n\n\n\n<p>A legt\u00f6bb programoz\u00e1si nyelv (HTML, CSS, JavaScript) az amerikai helyes\u00edr\u00e1son alapul. A k\u00f3dban a \u201cviselked\u00e9s\u201d \u00edr\u00e1sm\u00f3d hib\u00e1kat okoz.<\/p>\n\n\n\n<p><strong>Helyes:<\/strong> CSS k\u00f3d: html { scroll-behavior: smooth; }<\/p>\n\n\n\n<p><strong>Helytelen:<\/strong> CSS k\u00f3d: html { scroll-behaviour: smooth; }<\/p>\n\n\n\n<ol start=\"3\" class=\"wp-block-list\">\n<li><strong>Az amerikai tudom\u00e1nyos st\u00edlusok (APA \u00e9s MLA) k\u00f6vet\u00e9se eset\u00e9n<\/strong><\/li>\n<\/ol>\n\n\n\n<p>Ha a dokumentum az APA vagy MLA form\u00e1tumot k\u00f6veti, mindig haszn\u00e1lja a \u201cviselked\u00e9s\u201d kifejez\u00e9st. Ezeket a szabv\u00e1nyokat a legt\u00f6bb amerikai egyetem \u00e9s foly\u00f3irat megk\u00f6veteli.<\/p>\n\n\n\n<p><strong>P\u00e9ld\u00e1k:<\/strong><\/p>\n\n\n\n<ul class=\"wp-block-list\">\n<li><em>A kognit\u00edv viselked\u00e9ster\u00e1pia (CBT) hat\u00e9kony a szorong\u00e1s kezel\u00e9s\u00e9re.<\/em><\/li>\n\n\n\n<li><em>A tanulm\u00e1ny a sejtek nyom\u00e1s alatti viselked\u00e9s\u00e9t k\u00f6veti nyomon.<\/em><\/li>\n\n\n\n<li><em>Journal of Applied Behavior Analysis.<\/em><\/li>\n<\/ul>\n\n\n\n<ol start=\"4\" class=\"wp-block-list\">\n<li><strong>Amikor a pszichol\u00f3gi\u00e1ra \u00e9s a behaviorizmusra hivatkozunk<\/strong><\/li>\n<\/ol>\n\n\n\n<p>A behaviorizmus n\u00e9ven ismert pszichol\u00f3giai iskola glob\u00e1lisan az amerikai helyes\u00edr\u00e1st haszn\u00e1lja.&nbsp;<\/p>\n\n\n\n<p>M\u00e9g ha \u00e1ltal\u00e1ban a brit angolt haszn\u00e1lod is, akkor is megk\u00e9rdezheted, hogy ez a viselked\u00e9s vagy viselked\u00e9s erre a konkr\u00e9t kifejez\u00e9sre vonatkozik? A v\u00e1lasz \u00e1ltal\u00e1ban az amerikai v\u00e1ltozat az adott pszichol\u00f3giai mozgalomra.<\/p>\n\n\n\n<p><strong>P\u00e9ld\u00e1k:<\/strong><\/p>\n\n\n\n<ul class=\"wp-block-list\">\n<li><em>Skinner a radik\u00e1lis behaviorizmus egyik vezet\u0151 alakja volt.<\/em><\/li>\n\n\n\n<li><em>A viselked\u00e9spszichol\u00f3gia a megfigyelhet\u0151 cselekv\u00e9sekre \u00f6sszpontos\u00edt.<\/em><\/li>\n<\/ul>\n\n\n\n<ol start=\"5\" class=\"wp-block-list\">\n<li><strong>Az amerikai helyes\u00edr\u00e1s k\u00f6vetkezetess\u00e9g\u00e9nek fenntart\u00e1sa eset\u00e9n<\/strong><\/li>\n<\/ol>\n\n\n\n<p>Ha a tartalma m\u00e1r amerikai helyes\u00edr\u00e1st haszn\u00e1l, p\u00e9ld\u00e1ul color, center, analyze vagy program, akkor a k\u00f6vetkezetess\u00e9g \u00e9rdek\u00e9ben a \u201cbehavior\u201d sz\u00f3t kell haszn\u00e1lnia.<\/p>\n\n\n\n<p><strong>P\u00e9ld\u00e1k:<\/strong><\/p>\n\n\n\n<ul class=\"wp-block-list\">\n<li><em>A k\u00f6zpont a t\u0151zsde viselked\u00e9s\u00e9t elemzi.<\/em><\/li>\n\n\n\n<li><em>A program sz\u00ednk\u00f3dolt grafikonok seg\u00edts\u00e9g\u00e9vel k\u00f6veti nyomon a felhaszn\u00e1l\u00f3k viselked\u00e9s\u00e9t.<\/em><\/li>\n<\/ul>\n\n\n\n<h2 class=\"wp-block-heading\">Gyakori t\u00e9ved\u00e9sek a Behaviour vs Behavior eset\u00e9ben<\/h2>\n\n\n\n<p>L\u00e1ssunk n\u00e9h\u00e1ny gyakori hib\u00e1t, amit az \u00edr\u00f3k elk\u00f6vetnek, amikor a viselked\u00e9s vagy a viselked\u00e9s megosztotts\u00e1ga k\u00f6z\u00f6tt navig\u00e1lnak:<\/p>\n\n\n\n<figure class=\"wp-block-table\"><table class=\"has-fixed-layout\"><tbody><tr><td class=\"has-text-align-center\" data-align=\"center\"><strong>Hiba<\/strong><\/td><td class=\"has-text-align-center\" data-align=\"center\"><strong>Helytelen p\u00e9lda<\/strong><\/td><td class=\"has-text-align-center\" data-align=\"center\"><strong>Helyes p\u00e9lda<\/strong><\/td><\/tr><tr><td class=\"has-text-align-center\" data-align=\"center\" rowspan=\"2\"><strong>Helyes\u00edr\u00e1s kevered\u00e9se egyazon dokumentumon bel\u00fcl<\/strong><\/td><td class=\"has-text-align-center\" data-align=\"center\" rowspan=\"2\">A tanul\u00f3 viselked\u00e9se javult, b\u00e1r n\u00e9h\u00e1ny viselked\u00e9si probl\u00e9ma tov\u00e1bbra is fenn\u00e1llt.<\/td><td class=\"has-text-align-center\" data-align=\"center\"><strong>USA:<\/strong> A tanul\u00f3 viselked\u00e9se javult, b\u00e1r n\u00e9h\u00e1ny viselked\u00e9si probl\u00e9ma tov\u00e1bbra is fenn\u00e1llt.<\/td><\/tr><tr><td class=\"has-text-align-center\" data-align=\"center\"><strong>EGYES\u00dcLT KIR\u00c1LYS\u00c1G:<\/strong> A tanul\u00f3 viselked\u00e9se javult, b\u00e1r n\u00e9h\u00e1ny viselked\u00e9si probl\u00e9ma tov\u00e1bbra is fenn\u00e1llt.<\/td><\/tr><tr><td class=\"has-text-align-center\" data-align=\"center\"><strong>Amerikai helyes\u00edr\u00e1s haszn\u00e1lata brit k\u00f6z\u00f6ns\u00e9g sz\u00e1m\u00e1ra<\/strong><\/td><td class=\"has-text-align-center\" data-align=\"center\">A v\u00e1llalat magatart\u00e1sa a v\u00e1ls\u00e1g alatt dics\u00e9retes volt. (brit k\u00f6z\u00f6ns\u00e9g)<\/td><td class=\"has-text-align-center\" data-align=\"center\">A v\u00e1llalat magatart\u00e1sa a v\u00e1ls\u00e1g alatt dics\u00e9retes volt.<\/td><\/tr><tr><td class=\"has-text-align-center\" data-align=\"center\"><strong>Elfelejtette a kapcsol\u00f3d\u00f3 sz\u00f3alakok be\u00e1ll\u00edt\u00e1s\u00e1t<\/strong><\/td><td class=\"has-text-align-center\" data-align=\"center\">A viselked\u00e9spszichol\u00f3gus a viselked\u00e9si mint\u00e1kat tanulm\u00e1nyozta.<\/td><td class=\"has-text-align-center\" data-align=\"center\">A viselked\u00e9spszichol\u00f3gus viselked\u00e9si mint\u00e1kat tanulm\u00e1nyozott.<\/td><\/tr><tr><td class=\"has-text-align-center\" data-align=\"center\"><strong>Brit helyes\u00edr\u00e1s haszn\u00e1lata amerikai tudom\u00e1nyos beadv\u00e1nyokban<\/strong><\/td><td class=\"has-text-align-center\" data-align=\"center\">Ez a disszert\u00e1ci\u00f3 a multinacion\u00e1lis v\u00e1llalatok szervezeti viselked\u00e9s\u00e9t vizsg\u00e1lja.<\/td><td class=\"has-text-align-center\" data-align=\"center\">Ez a disszert\u00e1ci\u00f3 a multinacion\u00e1lis v\u00e1llalatok szervezeti viselked\u00e9s\u00e9t vizsg\u00e1lja.<\/td><\/tr><tr><td class=\"has-text-align-center\" data-align=\"center\"><strong>Felt\u00e9telezve, hogy az egyik helyes\u00edr\u00e1s helyesebb<\/strong><\/td><td class=\"has-text-align-center\" data-align=\"center\">A viselked\u00e9s a helyes \u00edr\u00e1sm\u00f3d; a behavior csak egy egyszer\u0171s\u00edtett v\u00e1ltozat.<\/td><td class=\"has-text-align-center\" data-align=\"center\">Mindk\u00e9t \u00edr\u00e1sm\u00f3d helyes; a v\u00e1laszt\u00e1s a k\u00f6z\u00f6ns\u00e9gt\u0151l f\u00fcgg.<\/td><\/tr><\/tbody><\/table><\/figure>\n\n\n\n<p>K\u00f6nnyen el\u0151fordulhat, hogy az ember annyira a viselked\u00e9s vagy viselked\u00e9s szigor\u00fa szab\u00e1lyainak k\u00f6vet\u00e9s\u00e9re \u00f6sszpontos\u00edt, hogy az \u00edr\u00e1sa merevnek vagy robotszer\u0171nek t\u0171nik.<\/p>\n\n\n<div class=\"wp-block-image\">\n<figure class=\"aligncenter size-large\"><img loading=\"lazy\" decoding=\"async\" width=\"1024\" height=\"331\" src=\"https:\/\/undetectable.ai/blog\/wp-content\/uploads\/2025\/06\/Detector-and-Humanizer-e1755013940516-1024x331.jpg\" alt=\"Az Undetectable AI k\u00e9perny\u0151k\u00e9p\u00e9n a fejlett AI Detector \u00e9s a Humanizer eszk\u00f6z\u00f6k fel\u00fclete l\u00e1that\u00f3\" class=\"wp-image-10230\" title=\"\" srcset=\"https:\/\/undetectable.ai/blog\/wp-content\/uploads\/2025\/06\/Detector-and-Humanizer-e1755013940516-1024x331.jpg 1024w, https:\/\/undetectable.ai/blog\/wp-content\/uploads\/2025\/06\/Detector-and-Humanizer-e1755013940516-300x97.jpg 300w, https:\/\/undetectable.ai/blog\/wp-content\/uploads\/2025\/06\/Detector-and-Humanizer-e1755013940516-768x249.jpg 768w, https:\/\/undetectable.ai/blog\/wp-content\/uploads\/2025\/06\/Detector-and-Humanizer-e1755013940516-18x6.jpg 18w, https:\/\/undetectable.ai/blog\/wp-content\/uploads\/2025\/06\/Detector-and-Humanizer-e1755013940516.jpg 1335w\" sizes=\"auto, (max-width: 1024px) 100vw, 1024px\" \/><\/figure><\/div>\n\n\n<p>Hogy a p\u00e9ld\u00e1k \u00e9s tippek \u00fagy hangozzanak, mintha ember \u00edrta volna \u0151ket, nem pedig egy szab\u00e1lyk\u00f6nyv:<\/p>\n\n\n\n<ol class=\"wp-block-list\">\n<li><strong>Ellen\u0151rizze a Robot Vibes-t<\/strong>: Futtasd a tervezetedet az \u00c9szrevehetetlen mesters\u00e9ges intelligenci\u00e1n kereszt\u00fcl. <a href=\"https:\/\/undetectable.ai\/\" target=\"_blank\" rel=\"noreferrer noopener\">AI Detector<\/a>. Kiemeli azokat a r\u00e9szeket, amelyek mesters\u00e9gesen vagy t\u00fals\u00e1gosan gener\u00e1ltan hangzanak.<\/li>\n<\/ol>\n\n\n\n<ol start=\"2\" class=\"wp-block-list\">\n<li><strong>Emberi \u00e9rint\u00e9s:<\/strong> Ha a sz\u00f6veged t\u00fal merevnek t\u0171nik, haszn\u00e1ld az Undetectable AI <a href=\"https:\/\/undetectable.ai\/\" target=\"_blank\" rel=\"noreferrer noopener\">AI Humanizer<\/a>. \u00c1tfogalmazza a tartalm\u00e1t, hogy az term\u00e9szetes m\u00f3don olvassa, \u00edgy a tan\u00e1csait a mindennapi olvas\u00f3k sz\u00e1m\u00e1ra is \u00e1t\u00e9lhet\u0151nek \u00e9s praktikusnak \u00e9rzi.<\/li>\n<\/ol>\n\n\n\n<p class=\"has-text-align-center\">[<a href=\"https:\/\/undetectable.ai\/\" target=\"_blank\" rel=\"noreferrer noopener\">Humaniz\u00e1ld az \u00edr\u00e1sodat a jobb elk\u00f6telezetts\u00e9g \u00e9rdek\u00e9ben<\/a>]<\/p>\n\n\n\n<h2 class=\"wp-block-heading\">P\u00e9ld\u00e1k: Viselked\u00e9s vs. viselked\u00e9s<\/h2>\n\n\n\n<p><strong>Viselked\u00e9si p\u00e9ld\u00e1k (brit\/nemzetk\u00f6z\u00f6ss\u00e9gi angol)<\/strong><\/p>\n\n\n\n<ol class=\"wp-block-list\">\n<li>A tan\u00e1rn\u0151 az iskolai gy\u0171l\u00e9sen megdics\u00e9rte a di\u00e1kokat p\u00e9ldamutat\u00f3 magatart\u00e1suk\u00e9rt.<\/li>\n\n\n\n<li>A tud\u00f3sok az \u00e1llatok viselked\u00e9s\u00e9t tanulm\u00e1nyozz\u00e1k, hogy meg\u00e9rts\u00e9k a v\u00e1ndorl\u00e1si szok\u00e1sokat \u00e9s a t\u00fal\u00e9l\u00e9si \u00f6szt\u00f6n\u00f6ket.<\/li>\n\n\n\n<li>Az \u00fcl\u00e9sen tan\u00fas\u00edtott bizarr viselked\u00e9se aggodalmat keltett koll\u00e9g\u00e1i k\u00f6r\u00e9ben.<\/li>\n\n\n\n<li>A terapeuta a k\u00e9nyszeres viselked\u00e9si zavarok kezel\u00e9s\u00e9re szakosodott.<\/li>\n\n\n\n<li>A fogyaszt\u00f3i magatart\u00e1skutat\u00e1sok azt mutatj\u00e1k, hogy a v\u00e1s\u00e1rl\u00f3k a fenntarthat\u00f3 term\u00e9keket r\u00e9szes\u00edtik el\u0151nyben.<\/li>\n\n\n\n<li>Az iskola szigor\u00fa zaklat\u00e1sellenes politik\u00e1t vezetett be a nem megfelel\u0151 viselked\u00e9s kezel\u00e9s\u00e9re.<\/li>\n\n\n\n<li>A szervezeti magatart\u00e1s tanulm\u00e1nyok a munkahelyi dinamik\u00e1ra \u00e9s a munkav\u00e1llal\u00f3i motiv\u00e1ci\u00f3ra \u00f6sszpontos\u00edtanak.<\/li>\n\n\n\n<li>A gyermek zavar\u00f3 viselked\u00e9se jelent\u0151sen javult a tan\u00e1csad\u00e1s ut\u00e1n.<\/li>\n\n\n\n<li>A politikus ellentmond\u00e1sos viselked\u00e9se sz\u00e9les k\u00f6r\u0171 nyilv\u00e1nos kritik\u00e1t v\u00e1ltott ki.<\/li>\n\n\n\n<li>A viselked\u00e9si k\u00f6zgazdas\u00e1gtan azt vizsg\u00e1lja, hogy a pszichol\u00f3giai t\u00e9nyez\u0151k hogyan befoly\u00e1solj\u00e1k a p\u00e9nz\u00fcgyi d\u00f6nt\u00e9seket.<\/li>\n<\/ol>\n\n\n\n<p><strong>Viselked\u00e9si p\u00e9ld\u00e1k (amerikai angol)<\/strong><\/p>\n\n\n\n<ol class=\"wp-block-list\">\n<li>Az igazgat\u00f3 t\u00f6bb di\u00e1k elfogadhatatlan viselked\u00e9s\u00e9vel foglalkozott.<\/li>\n\n\n\n<li>A kutat\u00f3k elemezt\u00e9k a f\u0151eml\u0151s\u00f6k viselked\u00e9s\u00e9t, hogy betekint\u00e9st nyerjenek az emberi evol\u00faci\u00f3ba.<\/li>\n\n\n\n<li>Szesz\u00e9lyes viselked\u00e9se arra utalt, hogy s\u00falyos stresszhat\u00e1s \u00e9rte.<\/li>\n\n\n\n<li>A pszichi\u00e1ter a szorong\u00e1sos zavarok kognit\u00edv viselked\u00e9ster\u00e1pi\u00e1j\u00e1ra \u00f6sszpontos\u00edt.<\/li>\n\n\n\n<li>A marketingcsapatok a viselked\u00e9selemz\u00e9st haszn\u00e1lj\u00e1k a v\u00e1s\u00e1rl\u00e1si trendek el\u0151rejelz\u00e9s\u00e9re.<\/li>\n\n\n\n<li>A v\u00e1llalat magatart\u00e1si k\u00f3dexe meghat\u00e1rozza az elv\u00e1rt szakmai viselked\u00e9si norm\u00e1kat.<\/li>\n\n\n\n<li>A szervezeti viselked\u00e9s szak\u00e9rt\u0151i \u00e1tl\u00e1that\u00f3 kommunik\u00e1ci\u00f3t javasolnak a vezet\u00e9sben.<\/li>\n\n\n\n<li>A kisgyermek kih\u00edv\u00e1st jelent\u0151 viselked\u00e9se a k\u00f6vetkezetes pozit\u00edv meger\u0151s\u00edt\u00e9s hat\u00e1s\u00e1ra javult.<\/li>\n\n\n\n<li>A szen\u00e1tor etik\u00e1tlan viselked\u00e9se mindk\u00e9t p\u00e1rtb\u00f3l lemond\u00e1sra sz\u00f3l\u00edtott fel.<\/li>\n\n\n\n<li>A viselked\u00e9si k\u00f6zgazd\u00e1szok azt tanulm\u00e1nyozz\u00e1k, hogy az \u00e9rzelmek hogyan befoly\u00e1solj\u00e1k a befektet\u0151i d\u00f6nt\u00e9shozatali folyamatokat.<\/li>\n<\/ol>\n\n\n\n<p><strong>Egyedi az \u00d6n tartalma 100%? <\/strong>A gyakori nyelvtani szab\u00e1lyok magyar\u00e1zatakor vagy p\u00e9ld\u00e1k bemutat\u00e1sakor k\u00f6nnyen el\u0151fordulhat, hogy a megl\u00e9v\u0151 tartalmakat v\u00e9letlen\u00fcl t\u00fals\u00e1gosan pontosan t\u00fckr\u00f6zz\u00fck.<\/p>\n\n\n<div class=\"wp-block-image\">\n<figure class=\"aligncenter size-full\"><img loading=\"lazy\" decoding=\"async\" width=\"609\" height=\"318\" src=\"https:\/\/undetectable.ai/blog\/wp-content\/uploads\/2025\/05\/Plagiarism-Checker.jpg\" alt=\"\" class=\"wp-image-8782\" title=\"\" srcset=\"https:\/\/undetectable.ai/blog\/wp-content\/uploads\/2025\/05\/Plagiarism-Checker.jpg 609w, https:\/\/undetectable.ai/blog\/wp-content\/uploads\/2025\/05\/Plagiarism-Checker-300x157.jpg 300w, https:\/\/undetectable.ai/blog\/wp-content\/uploads\/2025\/05\/Plagiarism-Checker-18x9.jpg 18w\" sizes=\"auto, (max-width: 609px) 100vw, 609px\" \/><\/figure><\/div>\n\n\n<p>Biztos\u00edtsa, hogy magyar\u00e1zatai, p\u00e9ld\u00e1i \u00e9s haszn\u00e1lati \u00fatmutat\u00f3i teljesen eredetiek legyenek az\u00e1ltal, hogy a munk\u00e1j\u00e1t lefuttatja az Undetectable AI <a href=\"https:\/\/undetectable.ai\/ai-plagiarism-checker\" target=\"_blank\" rel=\"noreferrer noopener\">Pl\u00e1giumellen\u0151rz\u0151<\/a>.&nbsp;<\/p>\n\n\n\n<p>\u00c1tvizsg\u00e1lja a sz\u00f6veget, hogy meger\u0151s\u00edtse, hogy az \u00edr\u00e1sod egyedi, eredeti \u00e9s biztons\u00e1gosan k\u00f6zz\u00e9tehet\u0151.<\/p>\n\n\n\n<p class=\"has-text-align-center\">[<a href=\"https:\/\/undetectable.ai\/ai-plagiarism-checker\" target=\"_blank\" rel=\"noreferrer noopener\">Ellen\u0151rizze a tartalom eredetis\u00e9g\u00e9t<\/a>]<\/p>\n\n\n\n<p>Haszn\u00e1ld az AI Detector \u00e9s Humanizer programunkat k\u00f6zvetlen\u00fcl az al\u00e1bbi widgetben!<\/p>\n\n\n\n<div id=\"uai-widget\" data-affiliate-link=\"https:\/\/undetectable.ai\/?_by=hi4km\"><script>var js = document.createElement(\"script\");js.async = true;js.src = \"https:\/\/widget.undetectable.ai\/js\/widget-loader.js?t=\"+Date.now();document.getElementsByTagName(\"head\")[0].appendChild(js);<\/script><\/div>\n\n\n\n<h2 class=\"wp-block-heading\">V\u00e9gs\u0151 gondolatok<\/h2>\n\n\n\n<p>Sz\u00f3val, itt van. A viselked\u00e9s vagy magatart\u00e1s nagy csat\u00e1ja nem arr\u00f3l sz\u00f3l, hogy helyes vagy helytelen; hanem arr\u00f3l, hogy hol \u00e1llsz.<\/p>\n\n\n\n<p>Ha Londonban \u00e9lsz, vagy egy toront\u00f3i startupnak \u00edrsz k\u00f3dot (a kanadai viselked\u00e9s vagy viselked\u00e9s az \u2018u\u2019 fel\u00e9 hajlik!), akkor lehet, hogy jobban szereted a plusz mag\u00e1nhangz\u00f3t. Ha New Yorkban vagy CSS-t \u00edrsz, hagyd el.<\/p>\n\n\n\n<p>A nyelv ritk\u00e1n fekete-feh\u00e9r, ink\u00e1bb \u201csz\u00ednes\u201d \u00e9s \u201csz\u00ednes\u201d.\u201d&nbsp;<\/p>\n\n\n\n<p>A legfontosabb dolog nem egy 1828-as szab\u00e1lyk\u00f6nyv memoriz\u00e1l\u00e1sa, hanem a k\u00f6z\u00f6ns\u00e9g ismerete.&nbsp;<\/p>\n\n\n\n<p>Ne feledje: ak\u00e1rhogy is \u00edrja, senki sem szereti a rossz viselked\u00e9st (vagy viselked\u00e9st). Sz\u00f3val menj el\u0151re, \u00edrj magabiztosan, \u00e9s pr\u00f3b\u00e1ld meg nem felgy\u00fajtani a helyes\u00edr\u00e1s-ellen\u0151rz\u00e9st.<\/p>\n\n\n\n<p>Ha m\u00e9g nyugodtabb szeretne lenni, csiszolja a v\u00e9gs\u0151 tervezetet a k\u00f6vetkez\u0151vel <a href=\"https:\/\/undetectable.ai\/\" target=\"_blank\" data-type=\"link\" data-id=\"https:\/\/undetectable.ai\/\" rel=\"noreferrer noopener\">Kimutathatatlan AI<\/a> \u00edgy term\u00e9szetesen olvashat\u00f3 \u00e9s magabiztosan emberi marad.<\/p>","protected":false},"excerpt":{"rendered":"","protected":false},"author":15,"featured_media":22901,"comment_status":"closed","ping_status":"closed","sticky":false,"template":"","format":"standard","meta":{"_themeisle_gutenberg_block_has_review":false,"footnotes":""},"categories":[31],"tags":[],"class_list":["post-19548","post","type-post","status-publish","format-standard","has-post-thumbnail","hentry","category-helpful-ai-content-tips"],"_links":{"self":[{"href":"https:\/\/undetectable.ai/blog\/hu\/wp-json\/wp\/v2\/posts\/19548","targetHints":{"allow":["GET"]}}],"collection":[{"href":"https:\/\/undetectable.ai/blog\/hu\/wp-json\/wp\/v2\/posts"}],"about":[{"href":"https:\/\/undetectable.ai/blog\/hu\/wp-json\/wp\/v2\/types\/post"}],"author":[{"embeddable":true,"href":"https:\/\/undetectable.ai/blog\/hu\/wp-json\/wp\/v2\/users\/15"}],"replies":[{"embeddable":true,"href":"https:\/\/undetectable.ai/blog\/hu\/wp-json\/wp\/v2\/comments?post=19548"}],"version-history":[{"count":7,"href":"https:\/\/undetectable.ai/blog\/hu\/wp-json\/wp\/v2\/posts\/19548\/revisions"}],"predecessor-version":[{"id":22904,"href":"https:\/\/undetectable.ai/blog\/hu\/wp-json\/wp\/v2\/posts\/19548\/revisions\/22904"}],"wp:featuredmedia":[{"embeddable":true,"href":"https:\/\/undetectable.ai/blog\/hu\/wp-json\/wp\/v2\/media\/22901"}],"wp:attachment":[{"href":"https:\/\/undetectable.ai/blog\/hu\/wp-json\/wp\/v2\/media?parent=19548"}],"wp:term":[{"taxonomy":"category","embeddable":true,"href":"https:\/\/undetectable.ai/blog\/hu\/wp-json\/wp\/v2\/categories?post=19548"},{"taxonomy":"post_tag","embeddable":true,"href":"https:\/\/undetectable.ai/blog\/hu\/wp-json\/wp\/v2\/tags?post=19548"}],"curies":[{"name":"wp","href":"https:\/\/api.w.org\/{rel}","templated":true}]}}