{"id":19560,"date":"2026-01-14T16:35:19","date_gmt":"2026-01-14T16:35:19","guid":{"rendered":"https:\/\/undetectable.ai/blog\/?p=19560"},"modified":"2026-04-25T11:55:42","modified_gmt":"2026-04-25T11:55:42","slug":"megegett-vagy-megegett","status":"publish","type":"post","link":"https:\/\/undetectable.ai/blog\/hu\/megegett-vagy-megegett","title":{"rendered":"Meg\u00e9gett vagy meg\u00e9gett? A k\u00fcl\u00f6nbs\u00e9g magyar\u00e1zata"},"content":{"rendered":"<p>Gyorsan. T\u00f6ltsd ki az \u00fcres helyet:<\/p>\n\n\n\n<p><em>\u2018A csirke ________.\u2019<\/em><\/p>\n\n\n\n<p>Meg\u00e1llt\u00e1l, hogy megn\u00e9zd, le kell-e gy\u00fajtani vagy fel kell-e gy\u00fajtani? Azt gondoltad, hogy le\u00e9gett? Vagy azt \u00edrtad, hogy Le\u00e9gett?<\/p>\n\n\n<div class=\"wp-block-image\">\n<figure class=\"aligncenter size-full\"><img loading=\"lazy\" decoding=\"async\" width=\"724\" height=\"543\" src=\"https:\/\/undetectable.ai/blog\/wp-content\/uploads\/2026\/01\/chicken-burnt-down-or-burned-down.jpg\" alt=\"Csirke le\u00e9gett vagy le\u00e9gett?\" class=\"wp-image-19572\" title=\"\" srcset=\"https:\/\/undetectable.ai/blog\/wp-content\/uploads\/2026\/01\/chicken-burnt-down-or-burned-down.jpg 724w, https:\/\/undetectable.ai/blog\/wp-content\/uploads\/2026\/01\/chicken-burnt-down-or-burned-down-300x225.jpg 300w, https:\/\/undetectable.ai/blog\/wp-content\/uploads\/2026\/01\/chicken-burnt-down-or-burned-down-16x12.jpg 16w\" sizes=\"auto, (max-width: 724px) 100vw, 724px\" \/><\/figure><\/div>\n\n\n<p>Ha az els\u0151t v\u00e1lasztotta, akkor lehet, hogy amerikai. Ha a m\u00e1sodikat v\u00e1lasztotta, akkor lehet, hogy brit.<\/p>\n\n\n\n<p>Vagy... lehet, hogy csak tal\u00e1lgatsz.<\/p>\n\n\n\n<p>Az angol nyelv h\u00edrhedt arr\u00f3l, hogy k\u00e9t olyan sz\u00f3t ad nek\u00fcnk, amelyek pontosan ugyan\u00fagy hangzanak, de m\u00e1shogy n\u00e9znek ki, \u00edgy sok \u00edr\u00f3nak megmarad a k\u00e9rd\u00e9s: burned vagy burnt?<\/p>\n\n\n\n<p>Mi a k\u00fcl\u00f6nbs\u00e9g az \u00e9gett \u00e9s az \u00e9gett k\u00f6z\u00f6tt?<\/p>\n\n\n\n<p>N\u00e9zz\u00fck meg ebben a blogban. Megn\u00e9zz\u00fck a region\u00e1lis k\u00fcl\u00f6nbs\u00e9geket (USA vs. UK), felt\u00e1rjuk a nyelvtani szab\u00e1lyokat, \u00e9s m\u00e9g azt is tiszt\u00e1zzuk, hogy ki\u00e9gettnek vagy ki\u00e9gettnek kell-e mondanod magad.<\/p>\n\n\n\n<p>Megtanuljuk az 5 leggyakoribb hib\u00e1t is, amit az \u00edr\u00f3k elk\u00f6vetnek, hogy \u00f6r\u00f6kre elker\u00fclhesd \u0151ket.<\/p>\n\n\n\n<p>Mer\u00fclj\u00fcnk el benne.<\/p>\n\n\n\n<hr class=\"wp-block-separator has-alpha-channel-opacity\"\/>\n\n\n\n<p class=\"has-text-align-center\"><strong>A legfontosabb tudnival\u00f3k<\/strong><\/p>\n\n\n\n<ul class=\"wp-block-list\">\n<li>A burnt \u00e9s a burned mindkett\u0151 az \u201cburn\u201d ige helyes m\u00falt idej\u0171 alakja.\u201d<\/li>\n<\/ul>\n\n\n\n<p><\/p>\n\n\n\n<ul class=\"wp-block-list\">\n<li>Amerikai angolul: Az amerikai amerikai nyelvben az ig\u00e9k eset\u00e9ben az \u201c\u00e9gett\u201d kifejez\u00e9s az el\u0151ny\u00f6sebb. A \u201cburned\u201d \u00e9s a \u201cburnt\u201d egyar\u00e1nt m\u0171k\u00f6dik mell\u00e9kn\u00e9vk\u00e9nt.<\/li>\n<\/ul>\n\n\n\n<p><\/p>\n\n\n\n<ul class=\"wp-block-list\">\n<li>A brit angolban: mindk\u00e9t forma felcser\u00e9lhet\u0151 az ig\u00e9k \u00e9s mell\u00e9knevek eset\u00e9ben.<\/li>\n<\/ul>\n\n\n\n<p><\/p>\n\n\n\n<ul class=\"wp-block-list\">\n<li>A v\u00e1laszt\u00e1s az \u00d6n region\u00e1lis v\u00e1ltozat\u00e1t\u00f3l \u00e9s st\u00edlusbeli preferenci\u00e1it\u00f3l f\u00fcgg.<\/li>\n<\/ul>\n\n\n\n<p><\/p>\n\n\n\n<ul class=\"wp-block-list\">\n<li>A k\u00f6vetkezetess\u00e9g fontos, ez\u00e9rt maradjon egy form\u00e1n\u00e1l az eg\u00e9sz \u00edr\u00e1s sor\u00e1n.<\/li>\n<\/ul>\n\n\n\n<p><\/p>\n\n\n\n<ul class=\"wp-block-list\">\n<li>Egyes r\u00f6gz\u00edtett kifejez\u00e9sek csak egy \u00edr\u00e1sm\u00f3dot haszn\u00e1lnak (pl. \u201c\u00e9getett szi\u00e9na\u201d, \u201c\u00e9g\u0151\u00e1ldozat\u201d).<\/li>\n<\/ul>\n\n\n\n<p><\/p>\n\n\n\n<hr class=\"wp-block-separator has-alpha-channel-opacity\"\/>\n\n\n\n<h2 class=\"wp-block-heading\">Mi a k\u00fcl\u00f6nbs\u00e9g a meg\u00e9gett \u00e9s a meg\u00e9gett k\u00f6z\u00f6tt?<\/h2>\n\n\n\n<p>Meg\u00e9gett vagy meg\u00e9gett?<\/p>\n\n\n\n<p>A r\u00f6vid v\u00e1lasz... Nincs k\u00fcl\u00f6nbs\u00e9g a jelent\u00e9sben.<\/p>\n\n\n\n<p>Mindk\u00e9t sz\u00f3 az \u201c\u00e9get\u201d ige m\u00falt idej\u0171 \u00e9s m\u00falt idej\u0171 alakja (ami azt jelenti, hogy valamit t\u0171zzel vagy h\u0151vel k\u00e1ros\u00edt, elpuszt\u00edt vagy \u00e1talak\u00edt).<\/p>\n\n\n\n<p>Ez a k\u00f6vetkez\u0151 <strong>region\u00e1lis preferencia<\/strong> (amerikai vs. brit) \u00e9s <strong>nyelvtani funkci\u00f3.<\/strong><\/p>\n\n\n\n<p><strong>Region\u00e1lis preferencia<\/strong><\/p>\n\n\n\n<ul class=\"wp-block-list\">\n<li><strong>Amerikai angol: <\/strong>Er\u0151sen prefer\u00e1lja a \u201cBurned\u201d (-ed-vel) ig\u00e9k eset\u00e9ben.<\/li>\n\n\n\n<li><strong>Brit angol: <\/strong>A \u201cBurned\u201d \u00e9s a \u201cBurnt\u201d kifejez\u00e9st is felv\u00e1ltva haszn\u00e1lja, b\u00e1r a \u201cBurnt\u201d nagyon gyakori.<\/li>\n<\/ul>\n\n\n\n<p>\u00cdme egy gyors bont\u00e1s arr\u00f3l, hogyan kezeli a k\u00e9t r\u00e9gi\u00f3 a sz\u00f3t:<\/p>\n\n\n\n<figure class=\"wp-block-table\"><table class=\"has-fixed-layout\"><tbody><tr><td class=\"has-text-align-center\" data-align=\"center\"><strong>Haszn\u00e1lat t\u00edpusa<\/strong><\/td><td class=\"has-text-align-center\" data-align=\"center\"><strong>Amerikai angol<\/strong><\/td><td class=\"has-text-align-center\" data-align=\"center\"><strong>Brit angol<\/strong><\/td><\/tr><tr><td class=\"has-text-align-center\" data-align=\"center\">M\u00falt idej\u0171 ige<\/td><td class=\"has-text-align-center\" data-align=\"center\">\u201cBurned\u201d (Standard)<\/td><td class=\"has-text-align-center\" data-align=\"center\">\u00c9gett vagy \u00e9gett (Mindkett\u0151 gyakori)<\/td><\/tr><tr><td class=\"has-text-align-center\" data-align=\"center\">M\u00falt idej\u0171 r\u00e9szeshat\u00e1roz\u00f3<\/td><td class=\"has-text-align-center\" data-align=\"center\">\u201cBurned\u201d (Standard)<\/td><td class=\"has-text-align-center\" data-align=\"center\">\u00c9gett vagy \u00e9gett (Mindkett\u0151 gyakori)<\/td><\/tr><tr><td class=\"has-text-align-center\" data-align=\"center\">Adjective<\/td><td class=\"has-text-align-center\" data-align=\"center\">\u201c\u00c9gett\u201d vagy \u201c\u00c9gett\u201d<\/td><td class=\"has-text-align-center\" data-align=\"center\">Burnt (el\u0151nyben r\u00e9szes\u00edtett)<\/td><\/tr><\/tbody><\/table><\/figure>\n\n\n\n<p>M\u00edg az amerikaiak szinte mindig a \u201cburned\u201d sz\u00f3t haszn\u00e1lj\u00e1k a cselekv\u00e9sre (ige), addig az eredm\u00e9ny (mell\u00e9kn\u00e9v) le\u00edr\u00e1sakor gyakran haszn\u00e1lj\u00e1k a \u201cburnt\u201d sz\u00f3t.<\/p>\n\n\n\n<ul class=\"wp-block-list\">\n<li><strong>Int\u00e9zked\u00e9s:<\/strong><strong><em> <\/em><\/strong><em>Meg\u00e9gettem a pir\u00edt\u00f3st.<\/em><\/li>\n\n\n\n<li><strong>Le\u00edr\u00e1s:<\/strong> <em>Ut\u00e1lom az oda\u00e9gett pir\u00edt\u00f3st.<\/em><\/li>\n<\/ul>\n\n\n\n<p><strong>Nyelvtani funkci\u00f3:<\/strong><\/p>\n\n\n\n<p>Annak eld\u00f6nt\u00e9s\u00e9hez, hogy a burnt vagy burned sz\u00f3t haszn\u00e1ljuk-e, n\u00e9zz\u00fck meg, milyen szerepet j\u00e1tszik a sz\u00f3 a mondatban.<\/p>\n\n\n\n<ul class=\"wp-block-list\">\n<li><strong>Mint ige (A cselekv\u00e9s)<\/strong><\/li>\n<\/ul>\n\n\n\n<p>Ha az \u00e9get\u00e9s aktus\u00e1r\u00f3l besz\u00e9l\u00fcnk, akkor a \u201cburned\u201d a legbiztons\u00e1gosabb glob\u00e1lisan, de az \u201cburnt\u201d az Egyes\u00fclt Kir\u00e1lys\u00e1gban m\u0171k\u00f6dik.<\/p>\n\n\n\n<ul class=\"wp-block-list\">\n<li><strong>M\u00falt id\u0151:<\/strong> <em>A gyertya \u00f3r\u00e1kig \u00e9gett\/\u00e9gett.<\/em><\/li>\n\n\n\n<li><strong>Past Participle:<\/strong> <em>A h\u00e1z le\u00e9gett\/le\u00e9gett.<\/em><\/li>\n<\/ul>\n\n\n\n<p>A gyakori \u201cle\u00e9gett vagy le\u00e9gett\u201d kifejez\u00e9sre:<\/p>\n\n\n\n<ul class=\"wp-block-list\">\n<li><strong>Amerikai: <\/strong>A rakt\u00e1r tegnap este le\u00e9gett. (standard)<\/li>\n\n\n\n<li><strong>Brit: <\/strong>A rakt\u00e1r tegnap este le\u00e9gett. (ugyanilyen gyakori)<\/li>\n<\/ul>\n\n\n\n<ul class=\"wp-block-list\">\n<li><strong>Mint mell\u00e9kn\u00e9v (A le\u00edr\u00e1s)<\/strong><\/li>\n<\/ul>\n\n\n\n<p>Ha a sz\u00f3t egy f\u0151n\u00e9v (p\u00e9ld\u00e1ul pir\u00edt\u00f3s, fa vagy szag) le\u00edr\u00e1s\u00e1ra haszn\u00e1ljuk, mindk\u00e9t forma m\u0171k\u00f6dik, de az \u201c\u00e9gett\u201d mindk\u00e9t r\u00e9gi\u00f3ban nagyon n\u00e9pszer\u0171, mert ez a sz\u00f3 frapp\u00e1nsabban hangzik.<\/p>\n\n\n\n<ul class=\"wp-block-list\">\n<li><strong>P\u00e9lda:<\/strong> <em>A pap\u00edr meg\u00e9gett sz\u00e9lei. <\/em>(Ismerteti a pap\u00edrt).<\/li>\n\n\n\n<li><strong>P\u00e9lda:<\/strong> <em>\u00c9gett szag t\u00f6lt\u00f6tte be a szob\u00e1t. <\/em>(Le\u00edrja a szagot).<\/li>\n<\/ul>\n\n\n\n<p>A \u201cki\u00e9gett vagy ki\u00e9gett\u201d (azaz kimer\u00fclt) kifejez\u00e9s ugyanezt a mint\u00e1t k\u00f6veti:<\/p>\n\n\n\n<ul class=\"wp-block-list\">\n<li><strong>Amerikai:<\/strong> Teljesen ki\u00e9gtem a munk\u00e1b\u00f3l. (standard)<\/li>\n\n\n\n<li><strong>Brit: <\/strong>Teljesen ki\u00e9gtem a munk\u00e1b\u00f3l. (k\u00f6z\u00f6s)<\/li>\n<\/ul>\n\n\n\n<ul class=\"wp-block-list\">\n<li>Eredet \u00e9s meg\u00e9rt\u00e9s<\/li>\n<\/ul>\n\n\n\n<p>Hossz\u00fa ideig (az 1500-as \u00e9vek el\u0151tt) a m\u00falt id\u0151 volt a szok\u00e1sos. Az emberek a sz\u00f3 v\u00e9g\u00e9hez hozz\u00e1adt\u00e1k az -ed sz\u00f3t, ahogyan ma is tessz\u00fck a legt\u00f6bb ig\u00e9vel. <strong>\u201c\u00c9gett\u201d<\/strong> volt az uralkod\u00f3 kir\u00e1ly.<\/p>\n\n\n\n<p>De a 16. \u00e9s 17. sz\u00e1zadban az angolul besz\u00e9l\u0151k elkezdtek ellustulni a nyelv\u00fckkel... vagy hat\u00e9konyabb\u00e1 v\u00e1lni, att\u00f3l f\u00fcgg\u0151en, hogyan n\u00e9zz\u00fck.<\/p>\n\n\n\n<p>Elkezdt\u00e9k cser\u00e9lni a <strong>-ed <\/strong>hang \u00e9les<strong> -t <\/strong>bizonyos ig\u00e9kn\u00e9l, mert gyorsabb volt a kiejt\u00e9se. Ez nem csak az \u00e9get\u00e9ssel t\u00f6rt\u00e9nt, hanem egy eg\u00e9sz sz\u00f3csal\u00e1ddal:<\/p>\n\n\n\n<ul class=\"wp-block-list\">\n<li><em>Tanuljon <\/em>\u2192 Tanult<\/li>\n\n\n\n<li><em>\u00c1lom <\/em>\u2192 Dreamt<\/li>\n\n\n\n<li><em>Var\u00e1zslat <\/em>\u2192 T\u00f6nk\u00f6lyb\u00faza<\/li>\n\n\n\n<li><em>\u00c9g\u00e9s <\/em>\u2192 \u00c9gett<\/li>\n<\/ul>\n\n\n<div class=\"wp-block-image\">\n<figure class=\"aligncenter size-full\"><img loading=\"lazy\" decoding=\"async\" width=\"442\" height=\"239\" src=\"https:\/\/undetectable.ai/blog\/wp-content\/uploads\/2026\/01\/Burned-is-more-common-than-the-word-burnt.jpg\" alt=\"\" class=\"wp-image-19573\" title=\"\" srcset=\"https:\/\/undetectable.ai/blog\/wp-content\/uploads\/2026\/01\/Burned-is-more-common-than-the-word-burnt.jpg 442w, https:\/\/undetectable.ai/blog\/wp-content\/uploads\/2026\/01\/Burned-is-more-common-than-the-word-burnt-300x162.jpg 300w, https:\/\/undetectable.ai/blog\/wp-content\/uploads\/2026\/01\/Burned-is-more-common-than-the-word-burnt-18x10.jpg 18w\" sizes=\"auto, (max-width: 442px) 100vw, 442px\" \/><\/figure><\/div>\n\n\n<p>Ez rivaliz\u00e1l\u00e1shoz vezetett. Hirtelen \u201c\u00e9gett \u00e9s \u00e9gett\u201d harcolt a dominanci\u00e1\u00e9rt.<\/p>\n\n\n\n<figure class=\"wp-block-table\"><table class=\"has-fixed-layout\"><tbody><tr><td class=\"has-text-align-center\" data-align=\"center\"><strong>Brit<\/strong><\/td><td class=\"has-text-align-center\" data-align=\"center\"><strong>Amerika<\/strong><\/td><\/tr><tr><td class=\"has-text-align-center\" data-align=\"center\">Az \u00faj -t v\u00e9gz\u0151d\u00e9s megragadt. M\u00e9lyen be\u00e9p\u00fclt a kult\u00far\u00e1ba. A 18. sz\u00e1zadra a \u201cburnt\u201d megszil\u00e1rdult, \u00e9s a mindennapi besz\u00e9dben gyakran el\u0151szeretettel haszn\u00e1lt\u00e1k.<\/td><td class=\"has-text-align-center\" data-align=\"center\">A -t v\u00e9gz\u0151d\u00e9s a telepesekkel egy\u00fctt \u00e9rkezett, de nem \u00e9lte t\u00fal a hossz\u00fa utat. A 19. sz\u00e1zad v\u00e9g\u00e9re az amerikai angol nyelv elkezdte szab\u00e1lyozni a nyelvet. Azt akart\u00e1k, hogy az ig\u00e9k a szabv\u00e1nyos szab\u00e1lyokat k\u00f6vess\u00e9k, ez\u00e9rt visszat\u00e9rtek az \u201c\u00e9gett\u201d-re.\u201d<\/td><\/tr><\/tbody><\/table><\/figure>\n\n\n\n<h2 class=\"wp-block-heading\">A Burnt helyes haszn\u00e1lata<\/h2>\n\n\n\n<p>\u00cdme az \u201c\u00e9gett\u201d sz\u00f3 helyes haszn\u00e1lat\u00e1nak 5 m\u00f3dja.<\/p>\n\n\n\n<p><strong>A brit uralom (Ismerd meg a k\u00f6z\u00f6ns\u00e9ged)<\/strong><\/p>\n\n\n\n<p>Ha az Egyes\u00fclt Kir\u00e1lys\u00e1g, Ausztr\u00e1lia, \u00cdrorsz\u00e1g vagy m\u00e1s nemzetk\u00f6z\u00f6ss\u00e9gi orsz\u00e1gok k\u00f6z\u00f6ns\u00e9ge sz\u00e1m\u00e1ra \u00edr. Ezekben a r\u00e9gi\u00f3kban a \u201cburnt\u201d a szabv\u00e1ny.&nbsp;<\/p>\n\n\n\n<p>T\u00f6k\u00e9letesen elfogadhat\u00f3 (\u00e9s gyakran el\u0151nyben r\u00e9szes\u00fcl) igek\u00e9nt (a cselekv\u00e9s) \u00e9s mell\u00e9kn\u00e9vk\u00e9nt (a le\u00edr\u00e1s) is. A \u201cburned\u201d haszn\u00e1lata itt kiss\u00e9 amerikaniz\u00e1ltnak t\u0171nhet egy helyi olvas\u00f3 sz\u00e1m\u00e1ra.<\/p>\n\n\n\n<ul class=\"wp-block-list\">\n<li><strong>P\u00e9ld\u00e1k<\/strong>\n<ul class=\"wp-block-list\">\n<li><em>A r\u00e9gi gy\u00e1r <\/em><em>le\u00e9gett<\/em><em> a m\u00falt h\u00e9ten.<\/em><\/li>\n\n\n\n<li><em>Meg\u00e9gette a kez\u00e9t a t\u0171zhelyen.<\/em><\/li>\n<\/ul>\n<\/li>\n<\/ul>\n\n\n\n<p><strong>A mell\u00e9kn\u00e9vi szab\u00e1ly (univerz\u00e1lis haszn\u00e1lat)<\/strong><\/p>\n\n\n\n<p>B\u00e1rmikor, amikor egy f\u0151nevet \u00edrsz le, m\u00e9g akkor is, ha Amerik\u00e1ban vagy. F\u00fcggetlen\u00fcl att\u00f3l, hogy milyen r\u00e9gi\u00f3ban \u00e9lsz, a \u201cburnt\u201d kiv\u00e9telesen j\u00f3l m\u0171k\u00f6dik mell\u00e9kn\u00e9vk\u00e9nt. A \u201cburned\u201d f\u0151n\u00e9v el\u00e9 helyezve sokkal frapp\u00e1nsabbnak \u00e9s le\u00edr\u00f3bbnak t\u0171nik, mint a \"burned\".<\/p>\n\n\n\n<ul class=\"wp-block-list\">\n<li><strong>P\u00e9ld\u00e1k<\/strong>\n<ul class=\"wp-block-list\">\n<li><em>Az \u00e9gett pir\u00edt\u00f3s elrontotta a reggelit.<\/em><\/li>\n\n\n\n<li><em>A folyos\u00f3n er\u0151s \u00e9gett szag terjengett.<\/em><\/li>\n<\/ul>\n<\/li>\n<\/ul>\n\n\n\n<p>Amikor a kimer\u00fclts\u00e9gr\u0151l besz\u00e9l\u00fcnk, ne feledj\u00fck, hogy a \u201cki\u00e9gett vagy ki\u00e9gett\u201d egyar\u00e1nt haszn\u00e1lhat\u00f3 jelz\u0151k\u00e9nt:<\/p>\n\n\n\n<ul class=\"wp-block-list\">\n<li>A ki\u00e9gett alkalmazottaknak szabads\u00e1gra volt sz\u00fcks\u00e9g\u00fck. (Brit preferencia)<\/li>\n\n\n\n<li>A ki\u00e9gett alkalmazottaknak szabads\u00e1gra volt sz\u00fcks\u00e9g\u00fck. (Amerikai szabv\u00e1ny)<\/li>\n<\/ul>\n\n\n\n<p><strong>A r\u00f6gz\u00edtett mondat szab\u00e1lya (kultur\u00e1lis idi\u00f3m\u00e1k)<\/strong><\/p>\n\n\n\n<p>Vannak bizonyos kifejez\u00e9sek az angolban, amelyek megk\u00f6vesedtek. Ezekben a speci\u00e1lis sz\u00f6vegk\u00f6rnyezetekben a \u201cmeg\u00e9gett vagy meg\u00e9gett\u201d k\u00e9rd\u00e9sre csak egy v\u00e1lasz van, a helyes\u00edr\u00e1s \u201cmeg\u00e9gett\u201d-re val\u00f3 megv\u00e1ltoztat\u00e1sa az anyanyelvi besz\u00e9l\u0151k sz\u00e1m\u00e1ra hib\u00e1nak t\u0171nne.<\/p>\n\n\n\n<ul class=\"wp-block-list\">\n<li><strong>P\u00e9ld\u00e1k<\/strong>\n<ul class=\"wp-block-list\">\n<li><strong>Sz\u00ednek: <\/strong>A m\u0171v\u00e9sz \u00e9getett szi\u00e9n\u00e1t \u00e9s \u00e9getett borosty\u00e1nt haszn\u00e1lt.<\/li>\n\n\n\n<li><strong>Vall\u00e1s: <\/strong>\u00c9g\u0151\u00e1ldozatot mutattak be.<\/li>\n\n\n\n<li><strong>Idi\u00f3m\u00e1k: <\/strong>A napon ropog\u00f3sra \u00e9gett.<\/li>\n\n\n\n<li><strong>\u00c9tel: <\/strong>Az \u00e9getett kr\u00e9m (cr\u00e8me brul\u00e9e) nagyon finom volt.<\/li>\n<\/ul>\n<\/li>\n<\/ul>\n\n\n\n<h2 class=\"wp-block-heading\">A Burned helyes haszn\u00e1lata<\/h2>\n\n\n\n<p>\u00cdme az 5 m\u00f3dja annak, hogy helyesen haszn\u00e1ld az \u201c\u00e9gett\u201d sz\u00f3t.<\/p>\n\n\n\n<p><strong>Az amerikai szabv\u00e1nyos szab\u00e1ly (alap\u00e9rtelmezett be\u00e1ll\u00edt\u00e1s)<\/strong><\/p>\n\n\n\n<p>B\u00e1rmely amerikai angol nyelv\u0171 \u00edr\u00e1sk\u00f6rnyezetben. Ha amerikai k\u00f6z\u00f6ns\u00e9gnek \u00edrsz, l\u00e9nyeg\u00e9ben elfelejtheted, hogy a \u201cburnt\u201d ige l\u00e9tezik.&nbsp;<\/p>\n\n\n\n<p>Az amerikaiak ink\u00e1bb szab\u00e1lyozz\u00e1k a nyelv\u00fcket, vagyis szinte mindig -ed-vel toldal\u00e9kolj\u00e1k a m\u00falt idej\u0171 ig\u00e9ket.&nbsp;<\/p>\n\n\n\n<ul class=\"wp-block-list\">\n<li><strong>P\u00e9ld\u00e1k<\/strong>\n<ul class=\"wp-block-list\">\n<li><em>A h\u00e1z <\/em><em>le\u00e9gett<\/em><em> egyik napr\u00f3l a m\u00e1sikra. <\/em>(Egyszer\u0171 m\u00falt)<\/li>\n\n\n\n<li><em>El\u00e9gette a leveleket.<\/em> (Action)<\/li>\n\n\n\n<li><em>A nap eg\u00e9sz d\u00e9lut\u00e1n ragyog\u00f3an s\u00fct\u00f6tt. <\/em>(K\u00e9pletesen)<\/li>\n<\/ul>\n<\/li>\n<\/ul>\n\n\n\n<p><strong>A hivatalos \u00e9s akad\u00e9miai szab\u00e1ly (szakmais\u00e1g)<\/strong><\/p>\n\n\n\n<p>Kutat\u00f3munk\u00e1kban, \u00fczleti jelent\u00e9sekben vagy tudom\u00e1nyos napl\u00f3kban. Az -ed v\u00e9gz\u0151d\u00e9s m\u00e9g az Egyes\u00fclt \u00c1llamokon k\u00edv\u00fcl is gyakran hivatalosabbnak \u00e9s szabv\u00e1nyosabbnak sz\u00e1m\u00edt.&nbsp;<\/p>\n\n\n\n<p>\u201cAz \u201d\u00e9gett\u201c n\u00e9ha besz\u00e9lget\u0151snek vagy rusztikusnak t\u0171nhet. Ha laborat\u00f3riumi jelent\u00e9st vagy p\u00e9nz\u00fcgyi kimutat\u00e1st \u00edr, a \u201dburned\" a professzion\u00e1lis v\u00e1laszt\u00e1s.<\/p>\n\n\n\n<ul class=\"wp-block-list\">\n<li><strong>P\u00e9ld\u00e1k<\/strong>\n<ul class=\"wp-block-list\">\n<li>Tudom\u00e1nyos: <em>A k\u00e9miai reakci\u00f3 1200 \u00b0C-on \u00e9gett le.<\/em><\/li>\n\n\n\n<li>\u00dczlet: <em>Az indul\u00f3 v\u00e1llalkoz\u00e1s hat h\u00f3nap alatt fel\u00e9lte a t\u0151k\u00e9j\u00e9t.<\/em><\/li>\n\n\n\n<li>Akad\u00e9mikus: <em>A tanulm\u00e1ny nyomon k\u00f6veti az intenz\u00edv testmozg\u00e1s sor\u00e1n el\u00e9getett kal\u00f3ri\u00e1kat.<\/em><\/li>\n<\/ul>\n<\/li>\n<\/ul>\n\n\n\n<p><strong>A passz\u00edv hang szab\u00e1lya<\/strong><\/p>\n\n\n\n<p>Amikor a t\u00e1rgy \u00e1ll a k\u00f6z\u00e9ppontban, nem a t\u00e9ma. A passz\u00edv mondatszerkezetekben (ahol a cselekv\u00e9s valamivel t\u00f6rt\u00e9nik) az \u201c\u00e9gett\u201d nagyon term\u00e9szetesen folyik. Semleges, t\u00e1rgyilagos hangnemet tart fenn, amely t\u00f6k\u00e9letes h\u00edrad\u00f3s\u00edt\u00e1shoz vagy hivatalos dokument\u00e1ci\u00f3hoz.<\/p>\n\n\n\n<ul class=\"wp-block-list\">\n<li><strong>P\u00e9ld\u00e1k<\/strong>\n<ul class=\"wp-block-list\">\n<li><em>Az erd\u0151t rendszeresen \u00e9getik az erd\u0151t\u00fczek megel\u0151z\u00e9se \u00e9rdek\u00e9ben.<\/em><\/li>\n\n\n\n<li><em>A bizony\u00edt\u00e9kokat el\u00e9gett\u00e9k, miel\u0151tt a rend\u0151rs\u00e9g meg\u00e9rkezett.<\/em><\/li>\n<\/ul>\n<\/li>\n<\/ul>\n\n\n\n<p><strong>Nyelvtanilag t\u00f6k\u00e9letesek a mondataid?&nbsp;<\/strong><\/p>\n\n\n\n<p>M\u00e9g ha a megfelel\u0151 sz\u00f3t v\u00e1lasztja is, az \u00f6sszetett mondatokban el\u0151fordulhatnak hib\u00e1k, k\u00fcl\u00f6n\u00f6sen, ha passz\u00edv hangr\u00f3l vagy akad\u00e9mikus hangnemr\u0151l van sz\u00f3.<\/p>\n\n\n<div class=\"wp-block-image\">\n<figure class=\"aligncenter size-large\"><img loading=\"lazy\" decoding=\"async\" width=\"1024\" height=\"432\" src=\"https:\/\/undetectable.ai/blog\/wp-content\/uploads\/2025\/07\/Free-Grammar-checker-1024x432.jpg\" alt=\"Undetectable AI free grammar checker screenshot\" class=\"wp-image-11753\" title=\"\" srcset=\"https:\/\/undetectable.ai/blog\/wp-content\/uploads\/2025\/07\/Free-Grammar-checker-1024x432.jpg 1024w, https:\/\/undetectable.ai/blog\/wp-content\/uploads\/2025\/07\/Free-Grammar-checker-300x127.jpg 300w, https:\/\/undetectable.ai/blog\/wp-content\/uploads\/2025\/07\/Free-Grammar-checker-768x324.jpg 768w, https:\/\/undetectable.ai/blog\/wp-content\/uploads\/2025\/07\/Free-Grammar-checker-18x8.jpg 18w, https:\/\/undetectable.ai/blog\/wp-content\/uploads\/2025\/07\/Free-Grammar-checker.jpg 1133w\" sizes=\"auto, (max-width: 1024px) 100vw, 1024px\" \/><\/figure><\/div>\n\n\n<p>Hogy teljesen biztos legyen abban, hogy a p\u00e9ld\u00e1i pontosak \u00e9s olvashat\u00f3ak, futtassa le a v\u00e1zlatot a Undetectable AI <a href=\"https:\/\/undetectable.ai\/grammar-checker\" target=\"_blank\" rel=\"noreferrer noopener\">Nyelvtani ellen\u0151rz\u0151<\/a>.\u00a0<\/p>\n\n\n\n<p>Biztos\u00edtja, hogy az \u201c\u00e9gett vs. \u00e9gett\u201d haszn\u00e1lata t\u00f6k\u00e9letesen illeszkedjen a sz\u00f6vegk\u00f6rnyezetbe, \u00e9s a mondatszerkezetet a maxim\u00e1lis egy\u00e9rtelm\u0171s\u00e9g \u00e9rdek\u00e9ben csiszolja.<\/p>\n\n\n\n<p class=\"has-text-align-center\"><a href=\"https:\/\/undetectable.ai\/grammar-checker\" target=\"_blank\" rel=\"noreferrer noopener\">[Ellen\u0151rizze a nyelvtani pontoss\u00e1got \u00e9s olvashat\u00f3s\u00e1got]<\/a><\/p>\n\n\n\n<h2 class=\"wp-block-heading\">Gyakori hib\u00e1k elker\u00fcl\u00e9se<\/h2>\n\n\n\n<p>M\u00edg az \u00e9getett vagy \u00e9getett k\u00fcl\u00f6nbs\u00e9g gyakran a preferenci\u00e1k f\u00fcggv\u00e9nye, a helytelen haszn\u00e1latuk miatt az \u00edr\u00e1s hanyagnak t\u0171nhet, vagy \u00f6sszezavarhatja az olvas\u00f3t. \u00cdme az 5 leggyakoribb hiba, \u00e9s hogyan jav\u00edtsa ki \u0151ket.<\/p>\n\n\n\n<p><strong>Hiba 1: K\u00f6vetkezetlens\u00e9g<\/strong><\/p>\n\n\n\n<p>Az \u00edr\u00f3k gyakran v\u00e1ltogatj\u00e1k az \u201c\u00e9gett vagy \u00e9gett\u201d kifejez\u00e9st egy bekezd\u00e9sen vagy dokumentumon bel\u00fcl, rendszer n\u00e9lk\u00fcl. Ez megr\u00e1z\u00f3 olvas\u00e1si \u00e9lm\u00e9nyt okoz.<\/p>\n\n\n\n<p><strong>A jav\u00edt\u00e1s: <\/strong>V\u00e1lasszon egy s\u00e1vot. Ha amerikai k\u00f6z\u00f6ns\u00e9gnek \u00edrsz, maradj az \u201c\u00e9gett\u201d s\u00e1vn\u00e1l. Ha brit k\u00f6z\u00f6ns\u00e9gnek \u00edrsz, v\u00e1lassz egy st\u00edlust, \u00e9s azt tartsd meg az eg\u00e9sz sz\u00f6vegben.<\/p>\n\n\n\n<ul class=\"wp-block-list\">\n<li><strong>\u274c Helytelen: <\/strong><em>Tegnap meg\u00e9gettem a pir\u00edt\u00f3st, de k\u00e9s\u0151bb a vacsor\u00e1t is meg\u00e9gettem. <\/em>(Nem k\u00f6vetkezetes)<\/li>\n\n\n\n<li><strong>\u2705 Helyes: <\/strong><em>Tegnap meg\u00e9gettem a pir\u00edt\u00f3st, de k\u00e9s\u0151bb a vacsor\u00e1t is meg\u00e9gettem.<\/em> (Konzisztens amerikai)<\/li>\n\n\n\n<li><strong>\u2705 Helyes:<\/strong> <em>Tegnap meg\u00e9gettem a pir\u00edt\u00f3st, de k\u00e9s\u0151bb a vacsor\u00e1t is meg\u00e9gettem.<\/em> (K\u00f6vetkezetes brit)<\/li>\n<\/ul>\n\n\n\n<p><strong>Hiba 2: Fix kifejez\u00e9sek m\u00f3dos\u00edt\u00e1sa<\/strong><\/p>\n\n\n\n<p>Egyes kifejez\u00e9sek nyelvi k\u00f6v\u00fcletek. \u00c9vsz\u00e1zadokkal ezel\u0151tt alakultak ki, \u00e9s nem k\u00f6vetik a modern szab\u00e1lyokat. Az ilyen kifejez\u00e9sek helyes\u00edr\u00e1s\u00e1nak megv\u00e1ltoztat\u00e1sa azt jelzi az olvas\u00f3nak, hogy nem ismeri a nyelvet.<\/p>\n\n\n\n<ul class=\"wp-block-list\">\n<li><strong>\u274c Helytelen: <\/strong>A m\u0171v\u00e9sz \u00e9getett szi\u00e9n\u00e1t haszn\u00e1lt.<\/li>\n\n\n\n<li><strong>\u2705 Helyes:<\/strong> A m\u0171v\u00e9sz \u00e9getett szi\u00e9n\u00e1t haszn\u00e1lt.<\/li>\n\n\n\n<li><strong>\u274c Helytelen: <\/strong>\u00c9getett \u00e1ldozatot mutattak be.<\/li>\n\n\n\n<li><strong>\u2705 Helyes:<\/strong> \u00c9get\u0151\u00e1ldozatot mutattak be.<\/li>\n<\/ul>\n\n\n\n<p><strong>Hiba 3: A mell\u00e9kn\u00e9v-m\u00edtosz<\/strong><\/p>\n\n\n\n<p>A probl\u00e9ma: Sok \u00edr\u00f3 t\u00e9vesen azt hiszi, hogy az \u201c\u00e9gett\u201d nem lehet mell\u00e9kn\u00e9v, vagy hogy a t\u0171zk\u00e1rosult sz\u00f3t kell haszn\u00e1lniuk, hogy elker\u00fclj\u00e9k a sz\u00f3t. Ez sz\u00fcks\u00e9gtelen\u00fcl korl\u00e1tozza a sz\u00f3kincset.<\/p>\n\n\n\n<p><strong>A jav\u00edt\u00e1s: <\/strong>Mindk\u00e9t forma t\u00f6k\u00e9letesen m\u0171k\u00f6dik mell\u00e9kn\u00e9vk\u00e9nt. \u00d6n szabadon v\u00e1laszthat.<\/p>\n\n\n\n<ul class=\"wp-block-list\">\n<li><strong>\u2705 Helyes:<\/strong> A le\u00e9gett erd\u0151 regener\u00e1l\u00f3dott.<\/li>\n\n\n\n<li><strong>\u2705 Helyes:<\/strong> A le\u00e9gett erd\u0151 regener\u00e1l\u00f3dott.<\/li>\n\n\n\n<li><strong>\u2705 Helyes:<\/strong> Lekaparta a serpeny\u0151r\u0151l az oda\u00e9gett darabokat.<\/li>\n<\/ul>\n\n\n\n<p><strong>Egyedi az \u00d6n tartalma 100%?&nbsp;<\/strong><\/p>\n\n\n\n<p>A gyakori nyelvtani szab\u00e1lyok magyar\u00e1zatakor vagy a szabv\u00e1nyos p\u00e9ld\u00e1k haszn\u00e1latakor k\u00f6nnyen el\u0151fordulhat, hogy a megl\u00e9v\u0151 tartalmakat v\u00e9letlen\u00fcl t\u00fals\u00e1gosan pontosan t\u00fckr\u00f6zz\u00fck.<\/p>\n\n\n\n<p>Biztos\u00edtsa, hogy magyar\u00e1zatai, p\u00e9ld\u00e1i \u00e9s tippjei teljesen eredetiek legyenek, futtassa \u00e1t munk\u00e1j\u00e1t az Undetectable AI <a href=\"https:\/\/undetectable.ai\/ai-plagiarism-checker\" target=\"_blank\" rel=\"noreferrer noopener\">Pl\u00e1giumellen\u0151rz\u0151<\/a>.<\/p>\n\n\n\n<p>\u00c1tvizsg\u00e1lja a sz\u00f6veget, hogy meger\u0151s\u00edtse, hogy az \u00edr\u00e1sod egyedi \u00e9s biztons\u00e1gosan k\u00f6zz\u00e9tehet\u0151.<\/p>\n\n\n\n<p class=\"has-text-align-center\"><a href=\"https:\/\/undetectable.ai\/ai-plagiarism-checker\" target=\"_blank\" rel=\"noreferrer noopener\">[Ellen\u0151rizze a tartalom eredetis\u00e9g\u00e9t]<\/a><\/p>\n\n\n\n<h2 class=\"wp-block-heading\">Tippek az \u00e9getett \u00e9s az \u00e9getett k\u00f6z\u00f6tti v\u00e1laszt\u00e1shoz<\/h2>\n\n\n\n<p>Az \u00e9getett vagy \u00e9getett k\u00f6z\u00f6tti helyes v\u00e1laszt\u00e1snak nem kell tal\u00e1lgat\u00e1snak lennie.&nbsp;<\/p>\n\n\n\n<p>Ha k\u00f6veti ezt az 5 ir\u00e1nymutat\u00e1st, biztos\u00edthatja, hogy az \u00edr\u00e1sa csiszolt, professzion\u00e1lis \u00e9s nyelvtanilag kifog\u00e1stalan legyen.<\/p>\n\n\n\n<figure class=\"wp-block-table\"><table class=\"has-fixed-layout\"><tbody><tr><td class=\"has-text-align-center\" data-align=\"center\"><strong>Szab\u00e1ly<\/strong><\/td><td class=\"has-text-align-center\" data-align=\"center\"><strong>Mit kell tenni<\/strong><\/td><td class=\"has-text-align-center\" data-align=\"center\"><strong>P\u00e9lda<\/strong><\/td><\/tr><tr><td class=\"has-text-align-center\" data-align=\"center\" rowspan=\"2\">1. Ellen\u0151rizze a hely\u00e9t<\/td><td class=\"has-text-align-center\" data-align=\"center\">Az Egyes\u00fclt \u00c1llamokban az ig\u00e9kre a \u201cBurned\u201d (\u00e9gett) sz\u00f3t haszn\u00e1lja.<\/td><td class=\"has-text-align-center\" data-align=\"center\">A h\u00e1z le\u00e9gett.<\/td><\/tr><tr><td class=\"has-text-align-center\" data-align=\"center\">Az Egyes\u00fclt Kir\u00e1lys\u00e1gban a \u201cBurnt\u201d vagy a \u201cBurned\u201d kifejez\u00e9st haszn\u00e1lhatja.<\/td><td class=\"has-text-align-center\" data-align=\"center\">A h\u00e1z le\u00e9gett.<\/td><\/tr><tr><td class=\"has-text-align-center\" data-align=\"center\" rowspan=\"2\">2. Maradjon k\u00f6vetkezetes<\/td><td class=\"has-text-align-center\" data-align=\"center\" rowspan=\"2\">Ne keverje a k\u00e9t \u00edr\u00e1sm\u00f3dot ugyanabban a sz\u00f6vegben. V\u00e1lasszon egy st\u00edlust, \u00e9s ragaszkodjon hozz\u00e1.<\/td><td class=\"has-text-align-center\" data-align=\"center\">Rossz: Meg\u00e9gette a kez\u00e9t \u00e9s meg\u00e9gette az \u00e9telt.<\/td><\/tr><tr><td class=\"has-text-align-center\" data-align=\"center\">J\u00f3: Meg\u00e9gette a kez\u00e9t \u00e9s meg\u00e9gette az \u00e9telt.<\/td><\/tr><tr><td class=\"has-text-align-center\" data-align=\"center\" rowspan=\"2\">3. Cselekv\u00e9s vs. le\u00edr\u00e1s<\/td><td class=\"has-text-align-center\" data-align=\"center\">Ha cselekv\u00e9sr\u0151l (ige) van sz\u00f3, haszn\u00e1ld a \u201cBurned\u201d (\u00e9gett) sz\u00f3t.<\/td><td class=\"has-text-align-center\" data-align=\"center\">Int\u00e9zked\u00e9s: Meg\u00e9gette a pir\u00edt\u00f3st.<\/td><\/tr><tr><td class=\"has-text-align-center\" data-align=\"center\">Ha egy f\u0151n\u00e9v (mell\u00e9kn\u00e9v) le\u00edr\u00e1s\u00e1ra szolg\u00e1l, a \u201cBurnt\u201d jobb.<\/td><td class=\"has-text-align-center\" data-align=\"center\">Le\u00edr\u00e1s: Ut\u00e1lom az \u00e9gett pir\u00edt\u00f3st.<\/td><\/tr><tr><td class=\"has-text-align-center\" data-align=\"center\">4. R\u00f6gz\u00edtett mondatok<\/td><td class=\"has-text-align-center\" data-align=\"center\">N\u00e9h\u00e1ny h\u00edres kifejez\u00e9s mindig a \u201cBurnt\u201d sz\u00f3t haszn\u00e1lja. Soha ne v\u00e1ltoztassuk meg ezeket.<\/td><td class=\"has-text-align-center\" data-align=\"center\">Burnt Sienna (sz\u00edn)<br>Burnt Ends (\u00c9lelmiszer)<br>Burnt to a crisp (Idi\u00f3ma)<\/td><\/tr><tr><td class=\"has-text-align-center\" data-align=\"center\" rowspan=\"2\">5. Ellen\u0151rizze a hangsz\u00ednt<\/td><td class=\"has-text-align-center\" data-align=\"center\">Haszn\u00e1lja a \u201cBurnt\u201d-t az \u00e9les, dr\u00e1mai hangz\u00e1s \u00e9rdek\u00e9ben.<\/td><td class=\"has-text-align-center\" data-align=\"center\">Dr\u00e1mai: Az \u00e9gett szag bet\u00f6lt\u00f6tte a leveg\u0151t.<\/td><\/tr><tr><td class=\"has-text-align-center\" data-align=\"center\">Haszn\u00e1lja a \u201cBurned\u201d-t a sima, t\u00e9nyszer\u0171 hangz\u00e1s \u00e9rdek\u00e9ben.<\/td><td class=\"has-text-align-center\" data-align=\"center\">T\u00e9ny: A t\u0171z eg\u00e9sz \u00e9jjel \u00e9gett.<\/td><\/tr><\/tbody><\/table><\/figure>\n\n\n\n<p>M\u00e9g ha minden nyelvtani szab\u00e1lyt t\u00f6k\u00e9letesen betartasz is, az \u00edr\u00e1sod n\u00e9ha merevnek vagy robotszer\u0171nek t\u0171nhet, k\u00fcl\u00f6n\u00f6sen, ha t\u00fals\u00e1gosan is igyekszel helyesnek lenni.<\/p>\n\n\n<div class=\"wp-block-image\">\n<figure class=\"aligncenter size-large\"><img loading=\"lazy\" decoding=\"async\" width=\"1024\" height=\"331\" src=\"https:\/\/undetectable.ai/blog\/wp-content\/uploads\/2025\/06\/Detector-and-Humanizer-e1755013940516-1024x331.jpg\" alt=\"Az Undetectable AI k\u00e9perny\u0151k\u00e9p\u00e9n a fejlett AI Detector \u00e9s a Humanizer eszk\u00f6z\u00f6k fel\u00fclete l\u00e1that\u00f3\" class=\"wp-image-10230\" title=\"\" srcset=\"https:\/\/undetectable.ai/blog\/wp-content\/uploads\/2025\/06\/Detector-and-Humanizer-e1755013940516-1024x331.jpg 1024w, https:\/\/undetectable.ai/blog\/wp-content\/uploads\/2025\/06\/Detector-and-Humanizer-e1755013940516-300x97.jpg 300w, https:\/\/undetectable.ai/blog\/wp-content\/uploads\/2025\/06\/Detector-and-Humanizer-e1755013940516-768x249.jpg 768w, https:\/\/undetectable.ai/blog\/wp-content\/uploads\/2025\/06\/Detector-and-Humanizer-e1755013940516-18x6.jpg 18w, https:\/\/undetectable.ai/blog\/wp-content\/uploads\/2025\/06\/Detector-and-Humanizer-e1755013940516.jpg 1335w\" sizes=\"auto, (max-width: 1024px) 100vw, 1024px\" \/><\/figure><\/div>\n\n\n<p>Biztos\u00edtsa, hogy \u00fatmutat\u00e1sai gyakorlatiasnak t\u0171njenek, \u00e9s hogy hangv\u00e9tele a mindennapi olvas\u00f3khoz kapcsol\u00f3djon:<\/p>\n\n\n\n<ol class=\"wp-block-list\">\n<li><strong>Ellen\u0151rizze a Robot Vibes-t: <\/strong>Futtasd a tervezetedet az \u00e9szrevehetetlen mesters\u00e9ges intelligenci\u00e1n kereszt\u00fcl. <a href=\"https:\/\/undetectable.ai\/\" target=\"_blank\" data-type=\"link\" data-id=\"https:\/\/undetectable.ai\/\" rel=\"noreferrer noopener\">AI Detector<\/a>. Kiemeli azokat a r\u00e9szeket, amelyek mesters\u00e9gesen vagy t\u00fals\u00e1gosan gener\u00e1ltan hangzanak.<\/li>\n<\/ol>\n\n\n\n<ol start=\"2\" class=\"wp-block-list\">\n<li><strong>Emberi \u00e9rint\u00e9s: <\/strong>Ha a sz\u00f6veged t\u00fal merevnek t\u0171nik (vagy ha olyan sokszor haszn\u00e1ltad az \u201c\u00e9gett\u201d alap\u00e9rtelmez\u00e9st, hogy az ism\u00e9tl\u0151d\u0151en hangzik), haszn\u00e1ld az \u00c9szrevehetetlen AI <a href=\"https:\/\/undetectable.ai\/\" target=\"_blank\" rel=\"noreferrer noopener\">AI Humanizer<\/a>. \u00c1tfogalmazza a tartalm\u00e1t, hogy az term\u00e9szetes m\u00f3don olvassa, \u00edgy a tan\u00e1csok olyan \u00e9rz\u00e9st keltenek, mintha egy seg\u00edt\u0151k\u00e9sz bar\u00e1tj\u00e1t\u00f3l, nem pedig egy tank\u00f6nyvb\u0151l sz\u00e1rmazn\u00e1nak.<\/li>\n<\/ol>\n\n\n\n<p class=\"has-text-align-center\"><a href=\"https:\/\/undetectable.ai\/\" target=\"_blank\" rel=\"noreferrer noopener\">[Humanize Your Writing for Better Engagement]<\/a><\/p>\n\n\n\n<p>Fedezze fel az AI Detector \u00e9s Humanizer term\u00e9k\u00fcnket az al\u00e1bbi widgetben!<\/p>\n\n\n\n<div id=\"uai-widget\" data-affiliate-link=\"https:\/\/undetectable.ai\/?_by=hi4km\"><script>var js = document.createElement(\"script\");js.async = true;js.src = \"https:\/\/widget.undetectable.ai\/js\/widget-loader.js?t=\"+Date.now();document.getElementsByTagName(\"head\")[0].appendChild(js);<\/script><\/div>\n\n\n\n<h2 class=\"wp-block-heading\">V\u00e9gs\u0151 gondolatok<\/h2>\n\n\n\n<p>Sz\u00f3val, itt van. Ak\u00e1r az \u201c\u00e9getett\u201d \u00e9les csattan\u00e1s\u00e1t, ak\u00e1r az \u201c\u00e9getett\u201d sima szab\u00e1lyoss\u00e1g\u00e1t kedveli, most m\u00e1r megvannak az eszk\u00f6zei a helyes v\u00e1laszt\u00e1shoz.<\/p>\n\n\n\n<p>A nyelv ritk\u00e1n fekete-feh\u00e9r. Ink\u00e1bb \u00e9getett szi\u00e9na \u00e9s sz\u00e9nsz\u00fcrke.&nbsp;<\/p>\n\n\n\n<p>A legfontosabb dolog nem egy 1650-es szab\u00e1lyk\u00f6nyv memoriz\u00e1l\u00e1sa, hanem a k\u00f6z\u00f6ns\u00e9g ismerete.<\/p>\n\n\n\n<p>Ha Londonban j\u00e1r, nyugodtan hagyja, hogy a t\u0171z \u00e9gjen. Ha New Yorkban vagy, maradj az \u00e9gettn\u00e9l.<\/p>\n\n\n\n<p>Csak ne feledd...<\/p>\n\n\n\n<p>Ak\u00e1rhogy is \u00edrjuk, senki sem szereti az elszenesedett pir\u00edt\u00f3s szag\u00e1t. Sz\u00f3val menj el\u0151re, \u00edrj magabiztosan, \u00e9s pr\u00f3b\u00e1ld meg nem felgy\u00fajtani a helyes\u00edr\u00e1s-ellen\u0151rz\u00e9st.<\/p>\n\n\n\n<p>Miel\u0151tt megnyomn\u00e1 a publik\u00e1l\u00e1st, futtassa le a sz\u00f6veget a <a href=\"https:\/\/undetectable.ai\/\" target=\"_blank\" data-type=\"link\" data-id=\"https:\/\/undetectable.ai\/\" rel=\"noreferrer noopener\">Kimutathatatlan AI<\/a> hogy az \u00edr\u00e1sod term\u00e9szetes, csiszolt \u00e9s magabiztosan emberi maradjon.<\/p>","protected":false},"excerpt":{"rendered":"","protected":false},"author":15,"featured_media":19570,"comment_status":"closed","ping_status":"closed","sticky":false,"template":"","format":"standard","meta":{"_themeisle_gutenberg_block_has_review":false,"footnotes":""},"categories":[31],"tags":[],"class_list":["post-19560","post","type-post","status-publish","format-standard","has-post-thumbnail","hentry","category-helpful-ai-content-tips"],"_links":{"self":[{"href":"https:\/\/undetectable.ai/blog\/hu\/wp-json\/wp\/v2\/posts\/19560","targetHints":{"allow":["GET"]}}],"collection":[{"href":"https:\/\/undetectable.ai/blog\/hu\/wp-json\/wp\/v2\/posts"}],"about":[{"href":"https:\/\/undetectable.ai/blog\/hu\/wp-json\/wp\/v2\/types\/post"}],"author":[{"embeddable":true,"href":"https:\/\/undetectable.ai/blog\/hu\/wp-json\/wp\/v2\/users\/15"}],"replies":[{"embeddable":true,"href":"https:\/\/undetectable.ai/blog\/hu\/wp-json\/wp\/v2\/comments?post=19560"}],"version-history":[{"count":7,"href":"https:\/\/undetectable.ai/blog\/hu\/wp-json\/wp\/v2\/posts\/19560\/revisions"}],"predecessor-version":[{"id":19575,"href":"https:\/\/undetectable.ai/blog\/hu\/wp-json\/wp\/v2\/posts\/19560\/revisions\/19575"}],"wp:featuredmedia":[{"embeddable":true,"href":"https:\/\/undetectable.ai/blog\/hu\/wp-json\/wp\/v2\/media\/19570"}],"wp:attachment":[{"href":"https:\/\/undetectable.ai/blog\/hu\/wp-json\/wp\/v2\/media?parent=19560"}],"wp:term":[{"taxonomy":"category","embeddable":true,"href":"https:\/\/undetectable.ai/blog\/hu\/wp-json\/wp\/v2\/categories?post=19560"},{"taxonomy":"post_tag","embeddable":true,"href":"https:\/\/undetectable.ai/blog\/hu\/wp-json\/wp\/v2\/tags?post=19560"}],"curies":[{"name":"wp","href":"https:\/\/api.w.org\/{rel}","templated":true}]}}