{"id":19599,"date":"2026-01-15T17:54:04","date_gmt":"2026-01-15T17:54:04","guid":{"rendered":"https:\/\/undetectable.ai/blog\/?p=19599"},"modified":"2026-01-30T21:58:13","modified_gmt":"2026-01-30T21:58:13","slug":"huvelykujjszabaly","status":"publish","type":"post","link":"https:\/\/undetectable.ai/blog\/hu\/huvelykujjszabaly","title":{"rendered":"Hogyan alkalmazzunk egy h\u00fcvelykujjszab\u00e1lyt: Tippek"},"content":{"rendered":"<p>Az \u2018\u00f6k\u00f6lszab\u00e1ly\u2019 kifejez\u00e9s olyan esetekben haszn\u00e1latos, amikor valamit az\u00e9rt tesz\u00fcnk, mert az m\u00e1r m\u00e1soknak is bev\u00e1lt. Ez lehet, hogy 100% pontos, de lehet, hogy nem.&nbsp;<\/p>\n\n\n\n<p>A kifejez\u00e9s eredete a t\u00f6rt\u00e9nelem azon id\u0151szak\u00e1b\u00f3l sz\u00e1rmazik. <a href=\"https:\/\/thekeep.eiu.edu\/cgi\/viewcontent.cgi?article=1266&amp;context=plan_b\" target=\"_blank\" rel=\"noreferrer noopener\">amikor a h\u00fcvelykujjat haszn\u00e1lt\u00e1k a m\u00e9r\u00e9s k\u00f6zel\u00edt\u00e9sek\u00e9nt<\/a> sok keresked\u0151 \u00e1ltal.<\/p>\n\n\n\n<p>K\u00f6r\u00fclbel\u00fcl egy h\u00fcvelykujjnyi sz\u00e9less\u00e9g\u0171re k\u00f6zel\u00edten\u00e9k meg. Nagyon hasznos volt p\u00e9ld\u00e1ul az \u00e1csok, k\u0151m\u0171vesek, szab\u00f3k \u00e9s s\u00f6rf\u0151z\u0151k sz\u00e1m\u00e1ra.<\/p>\n\n\n\n<p>Sz\u00e1mos \u00f6k\u00f6lszab\u00e1ly sz\u00e9les k\u00f6rben haszn\u00e1latos az \u00fczleti \u00e9letben \u00e9s a mindennapi \u00e9letben, p\u00e9ld\u00e1ul az \u00e9letm\u00f3d, a szem\u00e9lyes k\u00f6lts\u00e9gvet\u00e9s, az eg\u00e9szs\u00e9ges t\u00e1pl\u00e1lkoz\u00e1s \u00e9s a termel\u00e9kenys\u00e9g ter\u00fclet\u00e9n.<\/p>\n\n\n\n<p>Ebben a cikkben megismerheti az \u2018\u00f6k\u00f6lszab\u00e1ly\u2019 jelent\u00e9s\u00e9t \u00e9s eredet\u00e9t, valamint gyakorlati p\u00e9ld\u00e1kat is tal\u00e1l a kifejez\u00e9sre.<\/p>\n\n\n\n<p>Ugorjunk be.<\/p>\n\n\n\n<hr class=\"wp-block-separator has-alpha-channel-opacity\"\/>\n\n\n\n<p class=\"has-text-align-center\"><strong>A legfontosabb tudnival\u00f3k<\/strong><\/p>\n\n\n\n<ul class=\"wp-block-list\">\n<li>Az \u2018\u00f6k\u00f6lszab\u00e1ly\u2019 egy gyakorlatias, k\u00f6zel\u00edt\u0151 m\u00f3dszert jelent valaminek a tapasztalaton alapul\u00f3 elv\u00e9gz\u00e9s\u00e9re.<\/li>\n<\/ul>\n\n\n\n<p><\/p>\n\n\n\n<ul class=\"wp-block-list\">\n<li>Ez egy f\u0151n\u00e9vi igen\u00e9v, amely el\u0151tt egy \u2018a\u2019 vagy \u2018the\u2019 cikk \u00e1ll, \u00e9s amelyet egy egyes sz\u00e1m\u00fa ige k\u00f6vet.\u00a0<\/li>\n<\/ul>\n\n\n\n<p><\/p>\n\n\n\n<ul class=\"wp-block-list\">\n<li>\u2018A \u2019h\u00fcvelykujjszab\u00e1ly\u2018 \u00e9s a \u2019h\u00fcvelykujjszab\u00e1ly\" ugyanazt jelenti, azonban az ut\u00f3bbi nem a sz\u00f3fordulat standard v\u00e1ltozata.\u00a0<\/li>\n<\/ul>\n\n\n\n<p><\/p>\n\n\n\n<ul class=\"wp-block-list\">\n<li>Ez az egyik legr\u00e9gebbi idi\u00f3ma, amelyet az 1600-as \u00e9vekt\u0151l haszn\u00e1lnak az angol nyelvben. A t\u00f6rt\u00e9nelemben el\u0151sz\u00f6r 1685-ben jegyezt\u00e9k fel James Durham sk\u00f3t pr\u00e9dik\u00e1tor pr\u00e9dik\u00e1ci\u00f3iban.<\/li>\n<\/ul>\n\n\n\n<p><\/p>\n\n\n\n<hr class=\"wp-block-separator has-alpha-channel-opacity\"\/>\n\n\n\n<h2 class=\"wp-block-heading\">Mi a h\u00fcvelykujjszab\u00e1ly?<\/h2>\n\n\n\n<p>A h\u00fcvelykujjszab\u00e1ly egy idi\u00f3ma, amely azt jelenti, hogy a pontos, kisz\u00e1m\u00edtott d\u00f6nt\u00e9sek helyett a tapasztalatok alapj\u00e1n hajtunk v\u00e9gre egy cselekv\u00e9st.&nbsp;<\/p>\n\n\n\n<p>Azt mondhatjuk, hogy ez egy praktikus ir\u00e1nymutat\u00e1s, hogy gyorsan elv\u00e9gezzen valamit, ha nincs sz\u00fcks\u00e9g az 100% pontoss\u00e1g\u00e1ra. Az \u00f6k\u00f6lszab\u00e1lyszer\u0171 akci\u00f3k el\u00e9g j\u00f3l m\u0171k\u00f6dnek ahhoz, hogy a legt\u00f6bb val\u00f3s \u00e9lethelyzetet \u00e1tv\u00e9szelj\u00fck.<\/p>\n\n\n\n<p>Az\u00e9rt hozunk \u2018h\u00fcvelykujjszab\u00e1lyos\u2019 d\u00f6nt\u00e9seket, mert ezek kipr\u00f3b\u00e1lt \u00e9s bev\u00e1lt m\u00f3dszerek, amelyek m\u00e1sok sz\u00e1m\u00e1ra a mindennapi gyakorlatban bev\u00e1ltak. Egyszer\u0171en j\u00f3zan \u00e9sz, hogy ugyanazokat a m\u00f3dszereket k\u00f6vetj\u00fck.<\/p>\n\n\n\n<h3 class=\"wp-block-heading\">\u00d6k\u00f6lszab\u00e1ly Eredet&nbsp;<\/h3>\n\n\n\n<p>A \u2018h\u00fcvelykujjszab\u00e1ly\u2019 kifejez\u00e9s eredete a t\u00f6rt\u00e9nelem azon id\u0151szak\u00e1ba vezet vissza, amikor bizonyos szakm\u00e1k az emberi test k\u00fcl\u00f6nb\u00f6z\u0151 r\u00e9szeit haszn\u00e1lt\u00e1k m\u00e9r\u0151eszk\u00f6zk\u00e9nt.<\/p>\n\n\n\n<p>Sok szakma, p\u00e9ld\u00e1ul az \u00e1csok, k\u0151m\u0171vesek, szab\u00f3k \u00e9s s\u00f6rf\u0151z\u0151k a h\u00fcvelykujj sz\u00e9less\u00e9g\u00e9t haszn\u00e1lt\u00e1k a m\u00e9r\u00e9sekhez. A h\u00fcvelykujj k\u00edv\u00e1ns\u00e1ga a sz\u00f6vetkereskedelemben egy h\u00fcvelyknek felelt meg.\u00a0<\/p>\n\n\n\n<p>A kifejez\u00e9s legkor\u00e1bban 1685-ben jelent meg nyomtat\u00e1sban. \u00c1ll\u00edt\u00f3lag James Durham sk\u00f3t pr\u00e9dik\u00e1tor \u00edrta egyik pr\u00e9dik\u00e1ci\u00f3j\u00e1ban,&nbsp;<\/p>\n\n\n\n<p>&#8220;<em>Sok profeszti kereszt\u00e9ny olyan, mint az ostoba \u00e9p\u00edt\u0151k, akik tal\u00e1lgat\u00e1ssal \u00e9s h\u00fcvelykujj-szab\u00e1ly alapj\u00e1n \u00e9p\u00edtenek (ahogy mi szoktuk mondani), \u00e9s nem a n\u00e9gyzet \u00e9s a szab\u00e1ly szerint.<\/em>&#8220;<\/p>\n\n\n\n<p>A tizenhetedik sz\u00e1zad v\u00e9g\u00e9re \u00e9s a tizennyolcadik sz\u00e1zad elej\u00e9re v\u00e1lt gyakoribb\u00e1 az \u00edr\u00e1sban.&nbsp;<\/p>\n\n\n\n<p>A kifejez\u00e9s els\u0151 modern k\u00f6rnyezetben t\u00f6rt\u00e9n\u0151 haszn\u00e1lat\u00e1t James Kelly 1721-ben \u00edrt sk\u00f3t k\u00f6zmond\u00e1sgy\u0171jtem\u00e9ny\u00e9ben tal\u00e1ljuk, amely \u00edgy hangzik,<\/p>\n\n\n\n<p>&#8220;<em>Nincs olyan j\u00f3 szab\u00e1ly, mint a h\u00fcvelykujjszab\u00e1ly, ha eltal\u00e1lta<\/em>&#8220;<\/p>\n\n\n\n<p>Egy modern n\u00e9pi t\u00f6rt\u00e9net azt is \u00e1ll\u00edtja, hogy a \u2018h\u00fcvelykujjszab\u00e1ly\u2019 egy r\u00e9gi angol t\u00f6rv\u00e9nyb\u0151l sz\u00e1rmazik, amely szerint a f\u00e9rfi a h\u00fcvelykujj\u00e1n\u00e1l nem vastagabb bottal verheti meg a feles\u00e9g\u00e9t.<\/p>\n\n\n\n<p>Ez azonban egy m\u00edtosz, amelyet m\u00e1r megc\u00e1foltak, mivel nincsenek olyan forr\u00e1sok, amelyek azt mondan\u00e1k, hogy l\u00e9tezett-e ilyen t\u00f6rv\u00e9ny.<\/p>\n\n\n\n<p>Az 1900-as \u00e9vekben azonban egy ideig a csal\u00e1don bel\u00fcli er\u0151szakkal hozt\u00e1k \u00f6sszef\u00fcgg\u00e9sbe. Az Egyes\u00fclt \u00c1llamok Polg\u00e1rjogi Bizotts\u00e1ga 1982-ben k\u00e9sz\u00edtett egy jelent\u00e9st, \u201cA csal\u00e1don bel\u00fcli b\u00e1ntalmaz\u00e1s szab\u00e1lyai szerint\u201d c\u00edmmel.<\/p>\n\n\n<div class=\"wp-block-image\">\n<figure class=\"aligncenter size-large\"><img loading=\"lazy\" decoding=\"async\" width=\"1024\" height=\"683\" src=\"https:\/\/undetectable.ai/blog\/wp-content\/uploads\/2026\/01\/Rule-of-Thumb-illustration-1024x683.jpg\" alt=\"\" class=\"wp-image-19608\" title=\"\" srcset=\"https:\/\/undetectable.ai/blog\/wp-content\/uploads\/2026\/01\/Rule-of-Thumb-illustration-1024x683.jpg 1024w, https:\/\/undetectable.ai/blog\/wp-content\/uploads\/2026\/01\/Rule-of-Thumb-illustration-300x200.jpg 300w, https:\/\/undetectable.ai/blog\/wp-content\/uploads\/2026\/01\/Rule-of-Thumb-illustration-768x512.jpg 768w, https:\/\/undetectable.ai/blog\/wp-content\/uploads\/2026\/01\/Rule-of-Thumb-illustration-18x12.jpg 18w, https:\/\/undetectable.ai/blog\/wp-content\/uploads\/2026\/01\/Rule-of-Thumb-illustration.jpg 1536w\" sizes=\"auto, (max-width: 1024px) 100vw, 1024px\" \/><\/figure><\/div>\n\n\n<h2 class=\"wp-block-heading\">\u00d6k\u00f6lszab\u00e1ly a mindennapi \u00e9letben<\/h2>\n\n\n\n<p>Az \u2018\u00f6k\u00f6lszab\u00e1lyt\u2019 olyan k\u00f6r\u00fclm\u00e9nyek le\u00edr\u00e1s\u00e1ra haszn\u00e1ljuk, amikor egy durva ir\u00e1nymutat\u00e1s vagy \u00e1ltal\u00e1nos \u00fatmutat\u00e1s elegend\u0151 a tov\u00e1bbl\u00e9p\u00e9shez. Ez egy inform\u00e1lis alternat\u00edv\u00e1ja a szigor\u00faan k\u00f6vetend\u0151 szab\u00e1lyoknak.<\/p>\n\n\n\n<p>Ezek a szab\u00e1lyok egyszer\u0171en csak seg\u00edtenek nek\u00fcnk abban, hogy mindennapi \u00e9let\u00fcnk d\u00f6nt\u00e9seink t\u00falzott elemz\u00e9se n\u00e9lk\u00fcl \u00e9lj\u00fck az \u00e9let\u00fcnket.&nbsp;<\/p>\n\n\n\n<p>\u00cdme n\u00e9h\u00e1ny p\u00e9lda az \u2018\u00f6k\u00f6lszab\u00e1lyokra\u2019 a mindennapi \u00e9letben:<\/p>\n\n\n\n<ul class=\"wp-block-list\">\n<li>Munkahely<\/li>\n<\/ul>\n\n\n\n<p>Az \u00fczleti d\u00f6nt\u00e9sek tele vannak bizonytalans\u00e1ggal, ez\u00e9rt gyakori \u00e9s el\u00e9g j\u00f3 gyakorlat, hogy csak k\u00f6vetj\u00fck azokat a szab\u00e1lyokat, amelyek kor\u00e1bban sok szak\u00e9rt\u0151nek bev\u00e1ltak az ipar\u00e1gban.&nbsp;<\/p>\n\n\n\n<p><a href=\"https:\/\/www.forbes.com\/sites\/timworstall\/2011\/12\/26\/why-rules-of-thumb-intuition-gut-feelings-work-in-business-decisions\/\" target=\"_blank\" rel=\"noreferrer noopener\">A Forbes m\u00e9g egy cikket is k\u00f6z\u00f6lt<\/a> arr\u00f3l, hogy mi\u00e9rt m\u0171k\u00f6dnek j\u00f3l az \u00fczleti d\u00f6nt\u00e9sekben a szakter\u00fcleted szak\u00e9rt\u0151it\u0151l sz\u00e1rmaz\u00f3 \u00f6k\u00f6lszab\u00e1lyok.<\/p>\n\n\n\n<p>Nem akarod t\u00falterhelni a szellemi kapacit\u00e1sodat azzal, hogy minden egyes mindennapi cselekv\u00e9sednek adatokon kell alapulnia. Egy munkahelyen naponta t\u00f6bb sz\u00e1z mciro-d\u00f6nt\u00e9st kell meghoznunk, \u00e9s ez csak a d\u00f6nt\u00e9si f\u00e1radts\u00e1g fel\u00e9 vezet.<\/p>\n\n\n\n<p>Egy nagyon j\u00f3l ismert \u00f6k\u00f6lszab\u00e1ly, amelyet sok v\u00e1llalkoz\u00e1s figyelembe vesz, hogy a <a href=\"https:\/\/en.wikipedia.org\/wiki\/Pareto_principle\" target=\"_blank\" rel=\"noreferrer noopener\">Pareto-elv<\/a>, ismertebb nev\u00e9n a 80\/20 szab\u00e1ly.<\/p>\n\n\n\n<p>Ez azt sugallja, hogy az \u00d6n bev\u00e9teleinek mintegy 80%-a az \u00d6n 20% \u00fcgyfel\u00e9t\u0151l sz\u00e1rmazik. Term\u00e9szetesen ez csak becsl\u00e9s, az \u00d6n konkr\u00e9t v\u00e1llalkoz\u00e1s\u00e1nak 80% bev\u00e9tele sz\u00e1rmazhat 23% \u00fcgyf\u00e9lt\u0151l, vagy valaki m\u00e1s\u00e9 lehet 18%.<\/p>\n\n\n\n<p>Az 5% sz\u00e1zal\u00e9kos szab\u00e1ly a p\u00e9nz\u00fcgyi fel\u00fclvizsg\u00e1latokban, amely szerint a bev\u00e9tel ingadoz\u00e1sa 5%-ig ink\u00e1bb h\u00e1tt\u00e9rzaj, mintsem jelent\u0151s es\u00e9lyek a bev\u00e9telben, egy m\u00e1sik p\u00e9lda az \u00e1ltal\u00e1nos \u00f6k\u00f6lszab\u00e1lyra a v\u00e1llalkoz\u00e1sokban.<\/p>\n\n\n\n<ul class=\"wp-block-list\">\n<li>Napi helyzetek<\/li>\n<\/ul>\n\n\n\n<p>A mindennapi \u00e9letben is sz\u00e1mos, az \u00e9letm\u00f3dra, a szem\u00e9lyes k\u00f6lts\u00e9gvet\u00e9sre, az eg\u00e9szs\u00e9ges t\u00e1pl\u00e1lkoz\u00e1sra, a termel\u00e9kenys\u00e9gre stb. vonatkoz\u00f3 elk\u00e9pzel\u00e9s olyannyira n\u00e9pszer\u0171, hogy azokat \u00f6k\u00f6lszab\u00e1lyoknak tekintik.<\/p>\n\n\n\n<p>A szem\u00e9lyes p\u00e9nz\u00fcgyekben gyakran alkalmazz\u00e1k az 50\/30\/20 szab\u00e1lyt, amely szerint a j\u00f6vedelm\u00e9b\u0151l 50%-ot a sz\u00fcks\u00e9gletekre, 30%-ot a sz\u00fcks\u00e9gletekre, 20%-ot pedig a megtakar\u00edt\u00e1sokra ford\u00edt.<\/p>\n\n\n\n<p>Sok-sok m\u00e1s dolog van, amit csak megszok\u00e1sb\u00f3l megtan\u00edtottak nek\u00fcnk, \u00e9s ami m\u00e1r szab\u00e1lyszer\u0171v\u00e9 v\u00e1lt.<\/p>\n\n\n\n<p>P\u00e9ld\u00e1ul:<\/p>\n\n\n\n<ul class=\"wp-block-list\">\n<li>Az \u00fattesten val\u00f3 \u00e1tkel\u00e9s el\u0151tt mindk\u00e9t ir\u00e1nyba n\u00e9zni<\/li>\n<\/ul>\n\n\n\n<ul class=\"wp-block-list\">\n<li>Rendszeres alv\u00e1si \u00fctemterv betart\u00e1sa<\/li>\n<\/ul>\n\n\n\n<ul class=\"wp-block-list\">\n<li>A nagy feladatok kisebb r\u00e9szekre bont\u00e1sa a termel\u00e9kenys\u00e9g jav\u00edt\u00e1sa \u00e9rdek\u00e9ben<\/li>\n<\/ul>\n\n\n\n<ul class=\"wp-block-list\">\n<li>Minden \u00e9tkez\u00e9shez egy gy\u00fcm\u00f6lcs \u00e9s egy z\u00f6lds\u00e9g, hogy eg\u00e9szs\u00e9ges maradjon<\/li>\n<\/ul>\n\n\n\n<p>\u00c9s mindannyian \u00fagy d\u00f6nt\u00fcnk, hogy azokat a szab\u00e1lyokat k\u00f6vetj\u00fck, amelyek a legjobban illeszkednek a c\u00e9ljainkhoz. Sok tov\u00e1bbi p\u00e9ld\u00e1t tal\u00e1lhat a Undetectable AI-n kereszt\u00fcl <a href=\"https:\/\/undetectable.ai\/ai-chat\" target=\"_blank\" rel=\"noreferrer noopener\">AI Chat<\/a>.<\/p>\n\n\n<div class=\"wp-block-image\">\n<figure class=\"aligncenter size-full\"><img loading=\"lazy\" decoding=\"async\" width=\"766\" height=\"437\" src=\"https:\/\/undetectable.ai/blog\/wp-content\/uploads\/2026\/01\/AI-Chat-about-Rule-of-Thumb.jpg\" alt=\"\" class=\"wp-image-19609\" title=\"\" srcset=\"https:\/\/undetectable.ai/blog\/wp-content\/uploads\/2026\/01\/AI-Chat-about-Rule-of-Thumb.jpg 766w, https:\/\/undetectable.ai/blog\/wp-content\/uploads\/2026\/01\/AI-Chat-about-Rule-of-Thumb-300x171.jpg 300w, https:\/\/undetectable.ai/blog\/wp-content\/uploads\/2026\/01\/AI-Chat-about-Rule-of-Thumb-18x10.jpg 18w\" sizes=\"auto, (max-width: 766px) 100vw, 766px\" \/><\/figure><\/div>\n\n\n<h2 class=\"wp-block-heading\">Hogyan kell haszn\u00e1lni a h\u00fcvelykujjszab\u00e1lyt egy mondatban?<\/h2>\n\n\n\n<p>\u201cA \u201dszab\u00e1ly\u2018 egy f\u0151n\u00e9vi igen\u00e9v, amelyben a \u2019szab\u00e1ly\u2018 \u00e9s a \u2019h\u00fcvelykujj\u2018 f\u0151nevek, az \u2019of\u201c pedig m\u00f3dos\u00edt\u00f3sz\u00f3. Leggyakrabban egy cikkel p\u00e1rosul, \u00e9s a legt\u00f6bb esetben az \u201da\" sz\u00f3val egy\u00fctt haszn\u00e1ljuk.\u201d<\/p>\n\n\n\n<p>N\u00e9ha a \u201cthe\u201d sz\u00f3cikk is haszn\u00e1lhat\u00f3, ha egy konkr\u00e9t ir\u00e1nyelvr\u0151l van sz\u00f3.<\/p>\n\n\n\n<p>P\u00e9ld\u00e1ul:<\/p>\n\n\n\n<ul class=\"wp-block-list\">\n<li>\u201cEgy \u00f6k\u00f6lszab\u00e1ly szerint nagyobb csoportok eset\u00e9ben a receptet meg kell dupl\u00e1zni.\u201d<\/li>\n<\/ul>\n\n\n\n<ul class=\"wp-block-list\">\n<li>\u201cA munkahely\u00fcnk\u00f6n a kommunik\u00e1ci\u00f3ra vonatkoz\u00f3 \u00f6k\u00f6lszab\u00e1ly az, hogy minden k\u00e9rd\u00e9sre 24 \u00f3r\u00e1n bel\u00fcl v\u00e1laszolunk.\u201d<\/li>\n<\/ul>\n\n\n\n<p>F\u0151n\u00e9vi igen\u00e9vk\u00e9nt egyes sz\u00e1m\u00fa ig\u00e9vel rendelkez\u0151 mondat alanyak\u00e9nt haszn\u00e1latos, pl. \u201cAz \u00f6k\u00f6lszab\u00e1ly megk\u00f6nny\u00edti a d\u00f6nt\u00e9seinket\u201d. Figyelj\u00fck meg, hogy az ige egyes sz\u00e1mban -s (makes) alakj\u00e1t haszn\u00e1ljuk.<\/p>\n\n\n\n<p>A kifejez\u00e9s szabv\u00e1nyos helyes\u00edr\u00e1sa nem k\u00f6t\u0151jeles, \u00edgy az \u00f6k\u00f6lszab\u00e1ly nyelvtanilag nem lesz t\u00fal pontos.<\/p>\n\n\n\n<p>A kifejez\u00e9s leggyakoribb haszn\u00e1lata a t\u00e1rsalg\u00e1si angol nyelvben, valamint a h\u00edrekben \u00e9s a m\u00e9diasz\u00f6vegekben fordul el\u0151. Sokkal ritk\u00e1bban fordul el\u0151 hivatalos \u00fczleti dokumentumokban vagy tudom\u00e1nyos \u00edr\u00e1sokban.<\/p>\n\n\n<div class=\"wp-block-image\">\n<figure class=\"aligncenter size-large\"><img loading=\"lazy\" decoding=\"async\" width=\"1024\" height=\"432\" src=\"https:\/\/undetectable.ai/blog\/wp-content\/uploads\/2025\/07\/Free-Grammar-checker-1024x432.jpg\" alt=\"Undetectable AI free grammar checker screenshot\" class=\"wp-image-11753\" title=\"\" srcset=\"https:\/\/undetectable.ai/blog\/wp-content\/uploads\/2025\/07\/Free-Grammar-checker-1024x432.jpg 1024w, https:\/\/undetectable.ai/blog\/wp-content\/uploads\/2025\/07\/Free-Grammar-checker-300x127.jpg 300w, https:\/\/undetectable.ai/blog\/wp-content\/uploads\/2025\/07\/Free-Grammar-checker-768x324.jpg 768w, https:\/\/undetectable.ai/blog\/wp-content\/uploads\/2025\/07\/Free-Grammar-checker-18x8.jpg 18w, https:\/\/undetectable.ai/blog\/wp-content\/uploads\/2025\/07\/Free-Grammar-checker.jpg 1133w\" sizes=\"auto, (max-width: 1024px) 100vw, 1024px\" \/><\/figure><\/div>\n\n\n<p>Amikor megtanulod, hogyan haszn\u00e1ld a mondataidban az \u2018\u00f6k\u00f6lszab\u00e1lyt\u2019, mindig gy\u0151z\u0151dj meg r\u00f3la, hogy a sz\u00f6veged \u00e1tfutott az Undetectable AI <a href=\"https:\/\/undetectable.ai\/grammar-checker\" target=\"_blank\" rel=\"noreferrer noopener\">Nyelvtani ellen\u0151rz\u0151<\/a> hogy megbizonyosodjon arr\u00f3l, hogy betartotta ezeket a szab\u00e1lyokat.<\/p>\n\n\n\n<p>Ha valamit kihagyott, az eszk\u00f6z kijav\u00edtja \u00d6nnek, \u00e9s val\u00f3s id\u0151ben tanulhat a hib\u00e1ib\u00f3l.<\/p>\n\n\n\n<h2 class=\"wp-block-heading\">Tippek \u00e9s gyakori hib\u00e1k<\/h2>\n\n\n\n<p>Nagyon gyakori, hogy az angolul tanul\u00f3k nehezen \u00e9rtik meg az idi\u00f3m\u00e1k helyes haszn\u00e1lat\u00e1t, \u00e9s ez a \u2018szab\u00e1ly\u2019 sem k\u00fcl\u00f6nb\u00f6zik ett\u0151l.<\/p>\n\n\n\n<p>N\u00e9h\u00e1nyan v\u00e9g\u00fcl vissza\u00e9lnek vele olyan helyzetekben, amikor egyidej\u0171leg egy pontos m\u00e9r\u00e9st is eml\u00edtenek.<\/p>\n\n\n\n<p>P\u00e9ld\u00e1ul: \u201cAz \u00f6k\u00f6lszab\u00e1ly szerint a steaket pontosan \u00f6t percig kell s\u00fctni\u201d nyelvtanilag helytelen, mert az \u2018\u00f6k\u00f6lszab\u00e1ly\u2019 \u00e9s a \u2018pontosan\u2019 sz\u00f3 nem szerepelhet ugyanabban a mondatban.<\/p>\n\n\n\n<p>Ezt a mondatot jobban \u00fagy lehetne megfogalmazni, hogy \u201cAz \u00f6k\u00f6lszab\u00e1ly az, hogy a steaket k\u00f6r\u00fclbel\u00fcl \u00f6t percig kell s\u00fctni\u201d.\u201d<\/p>\n\n\n\n<p>N\u00e9ha helytelen\u00fcl hallani, hogy a \u201ch\u00fcvelykujjszab\u00e1lyt\u201d ugyanebben az \u00e9rtelemben haszn\u00e1lj\u00e1k. Ez az idi\u00f3ma nem szabv\u00e1nyos v\u00e1ltozata, \u00e9s a legjobb, ha ragaszkodik a nyelvtanilag \u00e9s nyelv\u00e9szetileg elfogadott \u2018h\u00fcvelykujjszab\u00e1ly\u2019 form\u00e1hoz.\u2019<\/p>\n\n\n\n<p>Mindig hivatkozhat az ingyenes Undetectable AI's (\u00c9szlelhetetlen AI) <a href=\"https:\/\/undetectable.ai\/paragraph-rewriter\" target=\"_blank\" rel=\"noreferrer noopener\">Paragraph Rewriter<\/a> minden alkalommal, amikor b\u00e1rmit \u00edrsz, amiben ezt a kifejez\u00e9st haszn\u00e1lod. A program automatikusan egy m\u00e1sik verzi\u00f3t ad \u00d6nnek, amelyben az ilyen r\u00e9szletek r\u00f6gz\u00edtve vannak a sz\u00f6vegben.<\/p>\n\n\n\n<h2 class=\"wp-block-heading\">Az \u00f6k\u00f6lszab\u00e1ly gyakorlati alkalmaz\u00e1sa<\/h2>\n\n\n\n<p>Most pedig gyakoroljuk az \u2018\u00f6k\u00f6lszab\u00e1ly\u2019 kifejez\u00e9s gyakorlati alkalmaz\u00e1s\u00e1t p\u00e9ldamondatokon kereszt\u00fcl:<\/p>\n\n\n\n<ol class=\"wp-block-list\">\n<li>A szoban\u00f6v\u00e9nyek eset\u00e9ben az az \u00f6k\u00f6lszab\u00e1ly, hogy \u00f6nt\u00f6z\u00e9s el\u0151tt az ujj\u00e1t nagyj\u00e1b\u00f3l k\u00e9t h\u00fcvelyk m\u00e9lyen dugja a talajba.<\/li>\n<\/ol>\n\n\n\n<ol start=\"2\" class=\"wp-block-list\">\n<li>A nagymam\u00e1m arra a szab\u00e1lyra esk\u00fcd\u00f6tt, hogy soha ne adj k\u00f6lcs\u00f6n olyan p\u00e9nzt, amit nem engedhetsz meg magadnak, hogy teljesen elvesz\u00edtsd.<\/li>\n<\/ol>\n\n\n\n<ol start=\"3\" class=\"wp-block-list\">\n<li>Az \u00fajs\u00e1g\u00edr\u00e1sban az az \u00f6k\u00f6lszab\u00e1ly, hogy legal\u00e1bb h\u00e1rom f\u00fcggetlen forr\u00e1sb\u00f3l kell ellen\u0151rizni az inform\u00e1ci\u00f3kat, miel\u0151tt b\u00e1rmi t\u00e1volr\u00f3l is ellentmond\u00e1sosat publik\u00e1ln\u00e1nk.<\/li>\n<\/ol>\n\n\n\n<ol start=\"4\" class=\"wp-block-list\">\n<li>A mi p\u00e9ks\u00e9g\u00fcnkben az a szab\u00e1ly, hogy mindent, ami nyolc \u00f3r\u00e1n\u00e1l tov\u00e1bb \u00e1ll a vitrinben, ki kell dobni.<\/li>\n<\/ol>\n\n\n\n<ol start=\"5\" class=\"wp-block-list\">\n<li>Minden \u00e9tel\u00e9t fokozatosan f\u0171szerezi a f\u0151z\u00e9si folyamat sor\u00e1n, \u00e9s ez egy olyan szab\u00e1ly, amelyet a szak\u00e1csiskolai oktat\u00f3ja minden tan\u00edtv\u00e1ny\u00e1ba belef\u0171z\u00f6tt.\u00a0<\/li>\n<\/ol>\n\n\n\n<ol start=\"6\" class=\"wp-block-list\">\n<li>\u00d6k\u00f6lszab\u00e1lyk\u00e9nt elmondhat\u00f3, hogy h\u00e1romhavonta cser\u00e9lje le a fogkef\u00e9t.<\/li>\n<\/ol>\n\n\n\n<ol start=\"7\" class=\"wp-block-list\">\n<li>\u00d6k\u00f6lszab\u00e1lyk\u00e9nt a k\u00f6nyvel\u0151m azt tan\u00e1csolja, hogy a szabad\u00fasz\u00f3 j\u00f6vedelem harminc sz\u00e1zal\u00e9k\u00e1t tegy\u00fck f\u00e9lre ad\u00f3kra.<\/li>\n<\/ol>\n\n\n\n<ol start=\"8\" class=\"wp-block-list\">\n<li>A t\u00e1j\u00e9p\u00edt\u00e9sz a f\u00e1kat legal\u00e1bb tizen\u00f6t m\u00e9terre helyezi el az alapoz\u00e1st\u00f3l, \u00e9s erre esk\u00fcszik, mint h\u00fcvelykujjszab\u00e1lyra a j\u00f6v\u0151beni gy\u00f6k\u00e9rs\u00e9r\u00fcl\u00e9sek megel\u0151z\u00e9se \u00e9rdek\u00e9ben.<\/li>\n<\/ol>\n\n\n\n<ol start=\"9\" class=\"wp-block-list\">\n<li>\u00d6k\u00f6lszab\u00e1ly, hogy soha ne k\u00fcldj d\u00fch\u00f6s e-mailt an\u00e9lk\u00fcl, hogy el\u0151tte nem aludt\u00e1l volna r\u00e1 egyet.<\/li>\n<\/ol>\n\n\n\n<ol start=\"10\" class=\"wp-block-list\">\n<li>A csal\u00e1dunk h\u00e1rom gener\u00e1ci\u00f3n kereszt\u00fcl \u00f6r\u00f6kl\u0151d\u0151 szab\u00e1lya szerint a vacsoraasztaln\u00e1l soha nem szabad politik\u00e1r\u00f3l besz\u00e9lni.<\/li>\n<\/ol>\n\n\n\n<p>Haszn\u00e1lja az al\u00e1bbi widgetet, hogy tesztelje az AI Detector \u00e9s Humanizer programot!<\/p>\n\n\n\n<div id=\"uai-widget\" data-affiliate-link=\"https:\/\/undetectable.ai\/?_by=hi4km\"><script>var js = document.createElement(\"script\");js.async = true;js.src = \"https:\/\/widget.undetectable.ai\/js\/widget-loader.js?t=\"+Date.now();document.getElementsByTagName(\"head\")[0].appendChild(js);<\/script><\/div>\n\n\n\n<h2 class=\"wp-block-heading\">V\u00e9gs\u0151 gondolatok<\/h2>\n\n\n\n<p>Az \u2018\u00f6k\u00f6lszab\u00e1ly\u2019 gyakorlati alkalmaz\u00e1sa nem t\u00fal bonyolult. Csak n\u00e9mi gyakorlatra van sz\u00fcks\u00e9ged ahhoz, hogy alkalmi besz\u00e9lget\u00e9seid sor\u00e1n haszn\u00e1lni tudd.<\/p>\n\n\n\n<p>Hivatalos helyzetekben pr\u00f3b\u00e1lja meg elker\u00fclni, mert, nos, \u00e1ltal\u00e1nos szab\u00e1lyk\u00e9nt, a tudom\u00e1nyos\/szakmai \u00edr\u00e1sokban nem haszn\u00e1lunk idi\u00f3m\u00e1kat \u00e9s metafor\u00e1kat, hogy a kommunik\u00e1ci\u00f3 a lehet\u0151 legegy\u00e9rtelm\u0171bb legyen (l\u00e1tja, mit csin\u00e1ltam!).<\/p>\n\n\n\n<p>\u00c9s haszn\u00e1ljon kimutathatatlan mesters\u00e9ges intelligenci\u00e1t. <a href=\"https:\/\/undetectable.ai\/sentence-rewriter\" target=\"_blank\" rel=\"noreferrer noopener\">Mondat \u00e1t\u00edr\u00f3<\/a> ahogy megtanulja az idi\u00f3m\u00e1k haszn\u00e1lat\u00e1t. Az idi\u00f3m\u00e1k nyelvtani szab\u00e1lyai nem igaz\u00e1n rendelkeznek meghat\u00e1rozott s\u00e9m\u00e1val, \u00e9s lehet, hogy nehezen fogod megtanulni mindet.<\/p>\n\n\n\n<p>Ez\u00e9rt egy eszk\u00f6z nagyon hasznos lesz, am\u00edg nem leszel el\u00e9g magabiztos ahhoz, hogy felismerd az \u00f6sszes nyelvtani mint\u00e1t.<\/p>\n\n\n\n<p>N\u00e9zd meg <a href=\"https:\/\/undetectable.ai\/\" target=\"_blank\" rel=\"noreferrer noopener\">Kimutathatatlan AI<\/a> ma!<\/p>","protected":false},"excerpt":{"rendered":"","protected":false},"author":15,"featured_media":19607,"comment_status":"closed","ping_status":"closed","sticky":false,"template":"","format":"standard","meta":{"_themeisle_gutenberg_block_has_review":false,"footnotes":""},"categories":[31],"tags":[],"class_list":["post-19599","post","type-post","status-publish","format-standard","has-post-thumbnail","hentry","category-helpful-ai-content-tips"],"_links":{"self":[{"href":"https:\/\/undetectable.ai/blog\/hu\/wp-json\/wp\/v2\/posts\/19599","targetHints":{"allow":["GET"]}}],"collection":[{"href":"https:\/\/undetectable.ai/blog\/hu\/wp-json\/wp\/v2\/posts"}],"about":[{"href":"https:\/\/undetectable.ai/blog\/hu\/wp-json\/wp\/v2\/types\/post"}],"author":[{"embeddable":true,"href":"https:\/\/undetectable.ai/blog\/hu\/wp-json\/wp\/v2\/users\/15"}],"replies":[{"embeddable":true,"href":"https:\/\/undetectable.ai/blog\/hu\/wp-json\/wp\/v2\/comments?post=19599"}],"version-history":[{"count":5,"href":"https:\/\/undetectable.ai/blog\/hu\/wp-json\/wp\/v2\/posts\/19599\/revisions"}],"predecessor-version":[{"id":19611,"href":"https:\/\/undetectable.ai/blog\/hu\/wp-json\/wp\/v2\/posts\/19599\/revisions\/19611"}],"wp:featuredmedia":[{"embeddable":true,"href":"https:\/\/undetectable.ai/blog\/hu\/wp-json\/wp\/v2\/media\/19607"}],"wp:attachment":[{"href":"https:\/\/undetectable.ai/blog\/hu\/wp-json\/wp\/v2\/media?parent=19599"}],"wp:term":[{"taxonomy":"category","embeddable":true,"href":"https:\/\/undetectable.ai/blog\/hu\/wp-json\/wp\/v2\/categories?post=19599"},{"taxonomy":"post_tag","embeddable":true,"href":"https:\/\/undetectable.ai/blog\/hu\/wp-json\/wp\/v2\/tags?post=19599"}],"curies":[{"name":"wp","href":"https:\/\/api.w.org\/{rel}","templated":true}]}}