{"id":19624,"date":"2026-01-16T18:56:34","date_gmt":"2026-01-16T18:56:34","guid":{"rendered":"https:\/\/undetectable.ai/blog\/?p=19624"},"modified":"2026-01-30T21:59:08","modified_gmt":"2026-01-30T21:59:08","slug":"hallas-utan-jatszunk","status":"publish","type":"post","link":"https:\/\/undetectable.ai/blog\/hu\/hallas-utan-jatszunk","title":{"rendered":"Hogyan kell j\u00e1tszani a f\u00fcl szerint: Jelent\u00e9se \u00e9s p\u00e9ld\u00e1k"},"content":{"rendered":"<p>A Play it by ear egy gyakran haszn\u00e1lt angol kifejez\u00e9s, amelynek t\u00f6rt\u00e9nete \u00e9vsz\u00e1zadokra ny\u00falik vissza.<\/p>\n\n\n\n<p>J\u00f3val a nyomtatott kott\u00e1k elterjed\u00e9se el\u0151tt a zen\u00e9szek a dallamokat \u00fagy tanult\u00e1k meg, hogy hallgatt\u00e1k a hangot, \u00e9s ut\u00e1na ism\u00e9teltek, azaz f\u00fcl \u00e9s mem\u00f3ria alapj\u00e1n zen\u00e9ltek, nem pedig \u00edrott jegyzetek alapj\u00e1n.<\/p>\n\n\n\n<p>\u00c9vekkel azut\u00e1n, hogy a \"play-it-by-ear\" eredetileg a zen\u00e9b\u0151l sz\u00e1rmazott, a kifejez\u00e9s a mindennapi \u00e9letben is helyet kapott.<\/p>\n\n\n\n<p>Idi\u00f3mak\u00e9nt azt jelenti, hogy hajland\u00f3 vagy a d\u00f6nt\u00e9seidet a k\u00f6r\u00fclm\u00e9nyekhez igaz\u00edtani, ahelyett, hogy szigor\u00fa tervhez ragaszkodn\u00e1l. Azt mutatja, hogy hajland\u00f3 rugalmasan kezelni a helyzeteket, \u00e9s k\u00e9pes reag\u00e1lni a v\u00e1ratlan pillanatokra.<\/p>\n\n\n\n<p>Ebben a cikkben arr\u00f3l lesz sz\u00f3, hogyan haszn\u00e1ljuk a \u2018play it by ear\u2019 kifejez\u00e9st alkalmi \u00e9s szakmai k\u00f6rnyezetben, sok p\u00e9ld\u00e1val!<\/p>\n\n\n\n<p>Ugorjunk be.<\/p>\n\n\n\n<hr class=\"wp-block-separator has-alpha-channel-opacity\"\/>\n\n\n\n<p class=\"has-text-align-center\"><strong>A legfontosabb tudnival\u00f3k<\/strong><\/p>\n\n\n\n<ul class=\"wp-block-list\">\n<li>To \u2018<em>hall\u00e1s ut\u00e1n j\u00e1tszunk\u2019<\/em> azt jelenti, hogy a pillanatban, a k\u00f6r\u00fclm\u00e9nyeknek megfelel\u0151en d\u00f6ntesz a cselekedeteidr\u0151l, nem pedig el\u0151re megtervezed azokat.\u00a0<\/li>\n<\/ul>\n\n\n\n<p><\/p>\n\n\n\n<ul class=\"wp-block-list\">\n<li>Az ige alakja <em>j\u00e1tszani<\/em> a mondat alany\u00e1nak \u00e9s idej\u00e9nek megfelel\u0151en kell m\u00f3dos\u00edtani.\u00a0<\/li>\n<\/ul>\n\n\n\n<p><\/p>\n\n\n\n<ul class=\"wp-block-list\">\n<li>Nagyon gyakran haszn\u00e1lj\u00e1k bizonytalan helyzetekben, amikor nem tudjuk, hogy mi a helyzet.\u00a0<\/li>\n<\/ul>\n\n\n\n<p><\/p>\n\n\n\n<ul class=\"wp-block-list\">\n<li>Mint minden idi\u00f3m\u00e1t, ezt is legink\u00e1bb besz\u00e9lget\u00e9sekben \u00e9s alkalmi \u00edr\u00e1sokban \u00e9rdemes haszn\u00e1lni. Szakmai k\u00f6rnyezetben aj\u00e1nlott ker\u00fclni a haszn\u00e1lat\u00e1t.<\/li>\n<\/ul>\n\n\n\n<p><\/p>\n\n\n\n<hr class=\"wp-block-separator has-alpha-channel-opacity\"\/>\n\n\n\n<h2 class=\"wp-block-heading\">Mit jelent a Play It by Ear?<\/h2>\n\n\n\n<p>A to play it by ear egy idi\u00f3ma (olyan kifejez\u00e9s, amelynek sz\u00f3 szerinti jelent\u00e9se m\u00e1s, de m\u00e1s kontextusban haszn\u00e1lj\u00e1k) az angol nyelvben.<\/p>\n\n\n\n<p>Azt jelenti, hogy \u00fagy kell d\u00f6nteni, hogyan cselekedj\u00fcnk, hogy nem kell mindent el\u0151re kital\u00e1lni. \u00c9s mivel nincs el\u0151re kidolgozott terved, cselekedeteid pillanatr\u00f3l pillanatra v\u00e1ltozhatnak az \u00f6szt\u00f6neid \u00e9s a k\u00f6r\u00fclm\u00e9nyek alapj\u00e1n.<\/p>\n\n\n\n<p>Amikor valaki azt mondja, hogy \u201ca f\u00fcl\u00e9re j\u00e1tszik\u201d, \u00fagy \u00e9rti, hogy a viselked\u00e9se a k\u00f6r\u00fclm\u00e9nyekt\u0151l f\u00fcgg. Ez l\u00e9nyeg\u00e9ben arra szolg\u00e1l, hogy megmutassa, rugalmasan hozza meg d\u00f6nt\u00e9seit.<\/p>\n\n\n<div class=\"wp-block-image\">\n<figure class=\"aligncenter size-large\"><img loading=\"lazy\" decoding=\"async\" width=\"1024\" height=\"683\" src=\"https:\/\/undetectable.ai/blog\/wp-content\/uploads\/2026\/01\/play-it-by-ear-illustration-1024x683.jpg\" alt=\"A Play it by Ear illusztr\u00e1ci\u00f3ja\" class=\"wp-image-19629\" title=\"\" srcset=\"https:\/\/undetectable.ai/blog\/wp-content\/uploads\/2026\/01\/play-it-by-ear-illustration-1024x683.jpg 1024w, https:\/\/undetectable.ai/blog\/wp-content\/uploads\/2026\/01\/play-it-by-ear-illustration-300x200.jpg 300w, https:\/\/undetectable.ai/blog\/wp-content\/uploads\/2026\/01\/play-it-by-ear-illustration-768x512.jpg 768w, https:\/\/undetectable.ai/blog\/wp-content\/uploads\/2026\/01\/play-it-by-ear-illustration-18x12.jpg 18w, https:\/\/undetectable.ai/blog\/wp-content\/uploads\/2026\/01\/play-it-by-ear-illustration.jpg 1536w\" sizes=\"auto, (max-width: 1024px) 100vw, 1024px\" \/><\/figure><\/div>\n\n\n<h3 class=\"wp-block-heading\">Meghat\u00e1roz\u00e1s \u00e9s eredet<\/h3>\n\n\n\n<p>John Playford 1658-ban megjelent, A Brief Introduction to the Skill of Musick c\u00edm\u0171 k\u00f6nyv\u00e9ben arr\u00f3l \u00edrt, hogy \u201ck\u00f6nyv n\u00e9lk\u00fcl, bet\u00e9ve vagy hall\u00e1s alapj\u00e1n kell j\u00e1tszani\u201d. Ez volt az els\u0151 feljegyzett haszn\u00e1lata a t\u00f6rt\u00e9nelemben a \u201chall\u00e1s ut\u00e1n j\u00e1tszani\u201d kifejez\u00e9snek.&nbsp;&nbsp;<\/p>\n\n\n\n<p>K\u00f6nyv\u00e9ben Playford olyan zen\u00e9szekr\u0151l \u00edrt, akik a zen\u00e9t hall\u00e1s \u00fatj\u00e1n tanult\u00e1k meg, ahelyett, hogy \u00edrott kott\u00e1b\u00f3l olvast\u00e1k volna.<\/p>\n\n\n\n<p>A hall\u00e1s ut\u00e1ni zenelej\u00e1tsz\u00e1s nagy figyelmet ig\u00e9nyel, \u00edgy \u00edr\u00e1sos utas\u00edt\u00e1sok n\u00e9lk\u00fcl is ut\u00e1nozhatod a hangz\u00e1st. Puszt\u00e1n a hallgat\u00e1ssal szinte \u00f6szt\u00f6n\u00f6sen felveszed a temp\u00f3t, a hangmagass\u00e1got, az id\u0151z\u00edt\u00e9st, a hangsz\u00ednt stb.<\/p>\n\n\n\n<p>A kifejez\u00e9s arra is utal, hogy j\u00f3 f\u00fcl\u00fcnk van valamihez, vagyis olyan \u00e9les f\u00fcl, amely a hangok apr\u00f3 elt\u00e9r\u00e9seit is \u00e9rz\u00e9keli. Ez a mindennapi nyelvre \u00e9s a zen\u00e9re egyar\u00e1nt igaz; p\u00e9ld\u00e1ul akinek j\u00f3 f\u00fcle van az akcentusokhoz, az felismeri a nyelvi elt\u00e9r\u00e9seket.&nbsp;<\/p>\n\n\n\n<p>A kifejez\u00e9s jelent\u00e9se szinte mindenre alkalmazhat\u00f3v\u00e1 v\u00e1lt, ahogy beker\u00fclt a mai, mindennapi nyelvbe.<\/p>\n\n\n\n<p>Ahogyan egy zen\u00e9sz reag\u00e1l a dallamra, amit hallgat, \u00fagy reag\u00e1l az ember a k\u00f6r\u00fclm\u00e9nyekre, amelyekkel tal\u00e1lkozik, amikor \u2018hall\u00e1s ut\u00e1n j\u00e1tszik\u2019.\u2019<\/p>\n\n\n\n<h2 class=\"wp-block-heading\">Amikor az emberek f\u00fcl szerint j\u00e1tszanak<\/h2>\n\n\n\n<p>Az idi\u00f3m\u00e1t nagyon gyakran haszn\u00e1lj\u00e1k. \u00cdme n\u00e9h\u00e1ny alkalmi \u00e9s munkahelyi forgat\u00f3k\u00f6nyv, amikor hallani lehet.&nbsp;<\/p>\n\n\n\n<ul class=\"wp-block-list\">\n<li>Napi helyzetek<\/li>\n<\/ul>\n\n\n\n<p>Az emberek sz\u00e1m\u00e1ra a mindennapi besz\u00e9lget\u00e9sek sor\u00e1n szinte m\u00e1sodik term\u00e9szet\u00fckk\u00e9 v\u00e1lik a hall\u00e1s ut\u00e1ni j\u00e1t\u00e9k. Bizonyos helyzetek t\u00fal bizonytalanok ahhoz, hogy hat\u00e1rozott d\u00f6nt\u00e9seket hozzunk.<\/p>\n\n\n\n<p>P\u00e9ld\u00e1ul egy bar\u00e1ti t\u00e1rsas\u00e1g \u00fagy d\u00f6nthet, hogy egy k\u00e9s\u0151bbi id\u0151pontban \u00f6sszej\u00f6n, de a konkr\u00e9t terv \u00fatvonala egyel\u0151re eld\u00f6ntetlen maradhat.<\/p>\n\n\n\n<p>Az ilyen inform\u00e1lis megh\u00edv\u00e1sok mentes\u00fclnek a nyom\u00e1st\u00f3l, \u00e9s pontosan ez az, amit az igazi, k\u00f6zeli bar\u00e1tok elv\u00e1rnak.<\/p>\n\n\n\n<p>Az emberek a hangulatukt\u00f3l f\u00fcgg\u0151en p\u00e9ld\u00e1ul egy gyors k\u00e1v\u00e9z\u00e1sb\u00f3l eb\u00e9d lesz, egy eb\u00e9dtervb\u0151l d\u00e9lut\u00e1ni s\u00e9ta, spont\u00e1n kir\u00e1ndul\u00e1sok stb.&nbsp;<\/p>\n\n\n\n<ul class=\"wp-block-list\">\n<li>Munkahelyi forgat\u00f3k\u00f6nyvek<\/li>\n<\/ul>\n\n\n\n<p>A \u201cplay it by ear\u201d kifejez\u00e9s term\u00e9szet\u00e9n\u00e9l fogva nem hivatalos, ahogyan azt m\u00e1r tal\u00e1n \u00d6n is tudja.<\/p>\n\n\n\n<p>Hivatalos \u00edr\u00e1sokban, p\u00e9ld\u00e1ul jelent\u00e9sekben, tudom\u00e1nyos dolgozatokban vagy hivatalos e-mailekben \u00e1ltal\u00e1ban nem szabad meggondolatlanul haszn\u00e1lni az idi\u00f3m\u00e1kat. Mivel azonban az anyanyelvi emberek \u00edgy kommunik\u00e1lnak, a szakmai besz\u00e9lget\u00e9sekben tov\u00e1bbra is haszn\u00e1lhatja \u0151ket.<\/p>\n\n\n\n<p>P\u00e9ld\u00e1ul hallhat v\u00e1llalkoz\u00f3kat arr\u00f3l besz\u00e9lni, hogy a kereslet \u00e9s a k\u00edn\u00e1lat hirtelen v\u00e1ltoz\u00e1sa eset\u00e9n hogyan fognak \u201ca f\u00fcl\u00fckre j\u00e1tszani\u201d.<\/p>\n\n\n\n<p>A kifejez\u00e9s a munkahelyi \u00f6tletel\u00e9s sor\u00e1n is felbukkanhat, amikor a besz\u00e9lget\u00e9s szerkezete sz\u00e1nd\u00e9kosan laza.&nbsp;<\/p>\n\n\n\n<p>Az \u00fcgyf\u00e9ltal\u00e1lkoz\u00f3kon az \u00fczleti v\u00e1llalkoz\u00f3k sz\u00e1m\u00e1ra a hall\u00e1s alapj\u00e1n val\u00f3 j\u00e1t\u00e9k szoci\u00e1lis k\u00e9szs\u00e9g, mivel fogalmuk sincs, mit fog mondani az \u00fcgyf\u00e9l. Alkalmazkodniuk kell a megbesz\u00e9l\u00e9s ir\u00e1ny\u00e1hoz.&nbsp;<\/p>\n\n\n\n<h2 class=\"wp-block-heading\">Mi\u00e9rt hasznos a Play It by Ear<\/h2>\n\n\n\n<p>A \"play it by ear\" kifejez\u00e9s sokf\u00e9le k\u00f6r\u00fclm\u00e9nyek k\u00f6z\u00f6tt hasznos, mert egy olyan gondolkod\u00e1sm\u00f3dot fogalmaz meg, amely jobban illik a val\u00f3 \u00e9lethez, mint a merev tervez\u00e9s.&nbsp;<\/p>\n\n\n\n<p>Ez lehet\u0151v\u00e9 teszi, hogy az alkalmi tervek utols\u00f3 pillanatban t\u00f6rt\u00e9n\u0151 megv\u00e1ltoztat\u00e1s\u00e1nak is teret engedjen, an\u00e9lk\u00fcl, hogy p\u00e1nikba esne vagy bocs\u00e1natk\u00e9r\u00e9st v\u00e1rna b\u00e1rkit\u0151l is.&nbsp;<\/p>\n\n\n\n<p>Arra is haszn\u00e1lhat\u00f3, hogy megmutassa, hogy bizonytalan helyzetekben is meg\u0151rizze a nyugalm\u00e1t. A bizonytalan id\u0151kben a szoros k\u00f6telezetts\u00e9gv\u00e1llal\u00e1sok felesleges stresszhez vezetnek.&nbsp;<\/p>\n\n\n\n<p>Amikor a felettesed azt mondja, hogy \u201ca bevezet\u00e9s sor\u00e1n hall\u00e1s ut\u00e1n j\u00e1tszunk\u201d, ez azt jelenti, hogy nem kell agg\u00f3dnod a j\u00f6v\u0151 miatt, mert a csapat majd elv\u00e9gzi a sz\u00fcks\u00e9ges m\u00f3dos\u00edt\u00e1sokat a tervben.<\/p>\n\n\n\n<p>Mivel a hall\u00e1s alapj\u00e1n t\u00f6rt\u00e9n\u0151 j\u00e1t\u00e9k megk\u00f6veteli, hogy az adott helyzet alapj\u00e1n hozzunk d\u00f6nt\u00e9seket, nem pedig \u00fagy, hogy mindent el\u0151re kital\u00e1lunk, ez el\u0151seg\u00edti a pillanatnyi d\u00f6nt\u00e9shozatal javul\u00e1s\u00e1t is.<\/p>\n\n\n\n<h2 class=\"wp-block-heading\">Play It by Ear mondatokban<\/h2>\n\n\n\n<p>\u00cdme n\u00e9h\u00e1ny p\u00e9ldamondat, amelyekben a \u2018play it by ear\u2019 kifejez\u00e9st haszn\u00e1ljuk:<\/p>\n\n\n\n<ol class=\"wp-block-list\">\n<li>Nem hat\u00e1roztunk meg visszat\u00e9r\u00e9si id\u0151t a t\u00far\u00e1ra, \u00e9s \u00fagy d\u00f6nt\u00f6tt\u00fcnk, hogy ink\u00e1bb a f\u00fcl\u00fcnkre j\u00e1tszunk.\u00a0<\/li>\n<\/ol>\n\n\n\n<ol start=\"2\" class=\"wp-block-list\">\n<li>A menedzser azt javasolta, hogy a prezent\u00e1ci\u00f3 sor\u00e1n hall\u00e1s ut\u00e1n j\u00e1tsszunk, mivel az \u00fcgyf\u00e9l reakci\u00f3i val\u00f3sz\u00edn\u0171leg el\u00e1rulj\u00e1k majd, hogy mennyire ment\u00fcnk bele a r\u00e9szletekbe.<\/li>\n<\/ol>\n\n\n\n<ol start=\"3\" class=\"wp-block-list\">\n<li>Mondtam neki, hogy ma este j\u00e1tszhatn\u00e1nk a f\u00fcl\u00fcnkre, vacsor\u00e1zhatn\u00e1nk egy\u00fctt, ha t\u00e1rsas\u00e1gi \u00e9letet szeretn\u00e9nk, vagy csak s\u00e9t\u00e1lgathatn\u00e1nk.\u00a0<\/li>\n<\/ol>\n\n\n\n<ol start=\"4\" class=\"wp-block-list\">\n<li>\u00dagy ment be a tal\u00e1lkoz\u00f3ra, hogy felk\u00e9sz\u00fclt arra, hogy att\u00f3l f\u00fcgg\u0151en, hogy mennyire lesz ny\u00edlt a vita.<\/li>\n<\/ol>\n\n\n\n<ol start=\"5\" class=\"wp-block-list\">\n<li>Holnap a f\u00fclemre fogok hallgatni, mivel fogalmam sincs, mennyire leszek kimer\u00fclt munka ut\u00e1n.\u00a0<\/li>\n<\/ol>\n\n\n\n<ol start=\"6\" class=\"wp-block-list\">\n<li>Az edz\u0151 azt mondta, hogy a meccs sor\u00e1n az ellenf\u00e9l l\u00e9p\u00e9sei alapj\u00e1n j\u00e1tszanak majd.<\/li>\n<\/ol>\n\n\n\n<ol start=\"7\" class=\"wp-block-list\">\n<li>Ahelyett, hogy t\u00fal kor\u00e1n elk\u00f6telezte volna mag\u00e1t, \u00fagy d\u00f6nt\u00f6tt, hogy ink\u00e1bb a f\u00fcl\u00e9re j\u00e1tszik, \u00e9s megv\u00e1rja a tov\u00e1bbi jeleket, miel\u0151tt l\u00e9p\u00e9st tesz.<\/li>\n<\/ol>\n\n\n\n<ol start=\"8\" class=\"wp-block-list\">\n<li>A vacsoratervek att\u00f3l f\u00fcggnek, hogy mikor \u00e9rkezik meg mindenki, \u00fagyhogy ma este a f\u00fcl\u00fcnkre j\u00e1tszunk.<\/li>\n<\/ol>\n\n\n\n<ol start=\"9\" class=\"wp-block-list\">\n<li>Az indul\u00e1ssal a f\u00fcl\u00fcnkre j\u00e1tszunk, mivel a visszajelz\u00e9sek mindent megv\u00e1ltoztathatnak.<\/li>\n<\/ol>\n\n\n\n<ol start=\"10\" class=\"wp-block-list\">\n<li>A professzor a v\u00e1zlat helyett a hallgat\u00f3k temp\u00f3j\u00e1t akarja k\u00f6vetni.<\/li>\n<\/ol>\n\n\n\n<h2 class=\"wp-block-heading\">Tippek \u00e9s gyakori hib\u00e1k<\/h2>\n\n\n\n<p>A \u2018j\u00e1tszd el\u2019 kifejez\u00e9st \u00fagy haszn\u00e1ljuk, mint egy szab\u00e1lyos igekifejez\u00e9st, \u00edgy a \u2018j\u00e1tszd el\u2019 ige alakjai a mondat alany\u00e1t\u00f3l \u00e9s id\u0151m\u00e9rt\u00e9k\u00e9t\u0151l f\u00fcgg\u0151en v\u00e1ltoznak.&nbsp;<\/p>\n\n\n\n<ul class=\"wp-block-list\">\n<li>Hall\u00e1s ut\u00e1n j\u00e1tszom: egyes sz\u00e1m els\u0151 szem\u00e9ly, folyamatos jelen id\u0151.<\/li>\n<\/ul>\n\n\n\n<ul class=\"wp-block-list\">\n<li>She played it ear: harmadik szem\u00e9ly, egyszer\u0171 m\u00falt id\u0151\u00a0<\/li>\n<\/ul>\n\n\n\n<p>\u00c9s ha a j\u00f6v\u0151re utalsz, akkor hozz\u00e1 kell tenned, hogy <em>will<\/em> vagy <em>megy a<\/em> az idi\u00f3ma el\u0151tt, mint a \u201cHolnap hall\u00e1s ut\u00e1n fogunk j\u00e1tszani\u201d.\u201d&nbsp;<\/p>\n\n\n\n<p>Tov\u00e1bb\u00e1, a sz\u00f3 <em>it<\/em> a \u2018play it by ear\u201d egy helytart\u00f3, amely helyettes\u00edthet\u0151 b\u00e1rmilyen helyzetre, amelyet m\u00e9g nem z\u00e1rtak le.&nbsp;<\/p>\n\n\n\n<p>Haszn\u00e1lhatod a kifejez\u00e9st \u00fagy, ahogy van, azaz \u201cJ\u00e1tsszuk hall\u00e1s ut\u00e1n\u201d, vagy felcser\u00e9lheted egy konkr\u00e9t tev\u00e9kenys\u00e9gre\/esem\u00e9nyre, azaz \u201cJ\u00e1tsszuk hall\u00e1s ut\u00e1n az aut\u00f3s kir\u00e1ndul\u00e1st\u201d.\u201d<\/p>\n\n\n\n<p>Nagyon \u00fcgyeljetek a helyes\u00edr\u00e1sra, mert <em>j\u00e1tszd el a leveg\u0151ben<\/em> vagy <em>j\u00e1tszd \u00e9venk\u00e9nt <\/em>k\u00e9t hasonl\u00f3 hangz\u00e1s\u00fa, jelent\u00e9s n\u00e9lk\u00fcli v\u00e1ltozata az idi\u00f3m\u00e1nak.&nbsp;<\/p>\n\n\n\n<p>Ha b\u00e1rmilyen \u00edrott sz\u00f6vegben haszn\u00e1lod a kifejez\u00e9st, gy\u0151z\u0151dj meg r\u00f3la, hogy mindig futtasd \u00e1t az Undetectable AI <a href=\"https:\/\/undetectable.ai\/sentence-rewriter\" target=\"_blank\" rel=\"noreferrer noopener\">Mondat \u00e1t\u00edr\u00f3<\/a> vagy <a href=\"https:\/\/undetectable.ai\/paragraph-rewriter\" target=\"_blank\" data-type=\"link\" data-id=\"https:\/\/undetectable.ai\/paragraph-rewriter\" rel=\"noreferrer noopener\">Paragraph Rewriter<\/a>, a sz\u00f6veg hossz\u00e1t\u00f3l f\u00fcgg\u0151en. Ez biztos\u00edtja, hogy v\u00e9g\u00fcl ne haszn\u00e1lja helytelen\u00fcl.<\/p>\n\n\n<div class=\"wp-block-image\">\n<figure class=\"aligncenter size-large\"><img loading=\"lazy\" decoding=\"async\" width=\"1024\" height=\"446\" src=\"https:\/\/undetectable.ai/blog\/wp-content\/uploads\/2025\/12\/AI-Sentence-Rewriter-1024x446.jpg\" alt=\"AI Sentence Rewriter k\u00e9perny\u0151k\u00e9p\" class=\"wp-image-19129\" title=\"\" srcset=\"https:\/\/undetectable.ai/blog\/wp-content\/uploads\/2025\/12\/AI-Sentence-Rewriter-1024x446.jpg 1024w, https:\/\/undetectable.ai/blog\/wp-content\/uploads\/2025\/12\/AI-Sentence-Rewriter-300x131.jpg 300w, https:\/\/undetectable.ai/blog\/wp-content\/uploads\/2025\/12\/AI-Sentence-Rewriter-768x335.jpg 768w, https:\/\/undetectable.ai/blog\/wp-content\/uploads\/2025\/12\/AI-Sentence-Rewriter-18x8.jpg 18w, https:\/\/undetectable.ai/blog\/wp-content\/uploads\/2025\/12\/AI-Sentence-Rewriter.jpg 1202w\" sizes=\"auto, (max-width: 1024px) 100vw, 1024px\" \/><\/figure><\/div>\n\n\n<h2 class=\"wp-block-heading\">A Play It By Ear szinonim\u00e1i<\/h2>\n\n\n\n<p>Nagyon term\u00e9szetes, hogy egy kifejez\u00e9snek vagy idi\u00f3m\u00e1nak t\u00f6bb v\u00e1ltozata is kialakulhat ugyanabban a jelent\u00e9sben, ahogy a nyelv az \u00e9vek sor\u00e1n tov\u00e1bb fejl\u0151dik. A k\u00fcl\u00f6nb\u00f6z\u0151 kifejez\u00e9seket k\u00fcl\u00f6nb\u00f6z\u0151 csoportok k\u00fcl\u00f6nb\u00f6z\u0151 k\u00f6rnyezetben haszn\u00e1lj\u00e1k.<\/p>\n\n\n\n<p>\u00cdme n\u00e9h\u00e1ny p\u00e9lda a \u2018play it by ear\u2019 jelent\u00e9s\u0171 szinonim\u00e1kra \u00e9s idi\u00f3m\u00e1kra.\u2019<\/p>\n\n\n\n<figure class=\"wp-block-table\"><table class=\"has-fixed-layout\"><tbody><tr><td class=\"has-text-align-center\" data-align=\"center\"><strong>Szinonima \/ idi\u00f3ma<\/strong><\/td><td class=\"has-text-align-center\" data-align=\"center\"><strong>P\u00e9lda mondat<\/strong><\/td><\/tr><tr><td class=\"has-text-align-center\" data-align=\"center\">Vegy\u00fck \u00fagy, ahogy j\u00f6n<\/td><td class=\"has-text-align-center\" data-align=\"center\">Egyel\u0151re m\u00e9g semmilyen d\u00f6nt\u00e9st nem hoztam a projekttel kapcsolatban. \u00dagy veszem, ahogy j\u00f6n.<\/td><\/tr><tr><td class=\"has-text-align-center\" data-align=\"center\">Sodr\u00f3dj az \u00e1rral<\/td><td class=\"has-text-align-center\" data-align=\"center\">A nap h\u00e1tral\u00e9v\u0151 r\u00e9sz\u00e9ben m\u00e1r nem vitatkoztunk a r\u00e9szleteken, \u00e9s csak sodr\u00f3dtunk az \u00e1rral.<\/td><\/tr><tr><td class=\"has-text-align-center\" data-align=\"center\">Wing it<\/td><td class=\"has-text-align-center\" data-align=\"center\">A di\u00e1i nem t\u00f6lt\u0151dtek be a prezent\u00e1ci\u00f3 alatt, ez\u00e9rt eml\u00e9kezetb\u0151l besz\u00e9lt, \u00e9s helyette k\u00e9rd\u00e9sekre v\u00e1laszolt.<\/td><\/tr><tr><td class=\"has-text-align-center\" data-align=\"center\">Improviz\u00e1lj<\/td><td class=\"has-text-align-center\" data-align=\"center\">Amikor az esem\u00e9ny fel\u00e9n\u00e9l elment az \u00e1ram, a szervez\u0151k improviz\u00e1ltak: mindenkit kivittek a szabadba, \u00e9s nappal folytatt\u00e1k a versenyt.<\/td><\/tr><tr><td class=\"has-text-align-center\" data-align=\"center\">Maradjon rugalmas<\/td><td class=\"has-text-align-center\" data-align=\"center\">Az \u00e9p\u00edt\u00e9si \u00fctemterv az enged\u00e9lyek j\u00f3v\u00e1hagy\u00e1s\u00e1t\u00f3l f\u00fcgg\u00f6tt, ez\u00e9rt a csapat rugalmas maradt.<\/td><\/tr><tr><td class=\"has-text-align-center\" data-align=\"center\">\u00c9rezd meg<\/td><td class=\"has-text-align-center\" data-align=\"center\">Ki akarta pr\u00f3b\u00e1lni, miel\u0151tt elk\u00f6telezi mag\u00e1t egy hossz\u00fa t\u00e1v\u00fa terv mellett.<\/td><\/tr><tr><td class=\"has-text-align-center\" data-align=\"center\">K\u00e9sz\u00edtsd el, ahogy m\u00e9sz<\/td><td class=\"has-text-align-center\" data-align=\"center\">Az \u00fat sor\u00e1n tal\u00e1ltuk ki, \u00e9s az alapj\u00e1n v\u00e1lasztottuk ki a meg\u00e1ll\u00f3kat, hogy mi t\u0171nt \u00e9rdekesnek az \u00fatr\u00f3l.<\/td><\/tr><tr><td class=\"has-text-align-center\" data-align=\"center\">Menj biztosra, \u00e9s n\u00e9zd meg<\/td><td class=\"has-text-align-center\" data-align=\"center\">Mivel a szab\u00e1lyzat m\u00e9g mindig fel\u00fclvizsg\u00e1lat alatt \u00e1llt, \u00fagy d\u00f6nt\u00f6ttek, hogy a v\u00e1ltoztat\u00e1sok el\u0151tt ink\u00e1bb biztosra mennek, \u00e9s megn\u00e9zik, hogyan reag\u00e1l a vezet\u0151s\u00e9g.<\/td><\/tr><\/tbody><\/table><\/figure>\n\n\n\n<p>N\u00f6veld az \u00edr\u00e1s min\u0151s\u00e9g\u00e9t az al\u00e1bbi AI Detector \u00e9s Humanizer seg\u00edts\u00e9g\u00e9vel!<\/p>\n\n\n\n<div id=\"uai-widget\" data-affiliate-link=\"https:\/\/undetectable.ai\/?_by=hi4km\"><script>var js = document.createElement(\"script\");js.async = true;js.src = \"https:\/\/widget.undetectable.ai\/js\/widget-loader.js?t=\"+Date.now();document.getElementsByTagName(\"head\")[0].appendChild(js);<\/script><\/div>\n\n\n\n<h2 class=\"wp-block-heading\">V\u00e9gs\u0151 gondolatok<\/h2>\n\n\n\n<p>A besz\u00e9lt angol \u00e1ltal\u00e1ban term\u00e9szetesebbnek hat, ha idi\u00f3m\u00e1k \u00e9s m\u00e1s irodalmi eszk\u00f6z\u00f6k ker\u00fclnek bele a besz\u00e9lget\u00e9sbe. Az anyanyelvi besz\u00e9l\u0151k val\u00f3j\u00e1ban \u00edgy besz\u00e9lnek.<\/p>\n\n\n\n<p>Az idi\u00f3m\u00e1k azonban \u00e9rz\u00e9kenyek a szerkezet\u00fckre \u00e9s a helyes\u00edr\u00e1sukra. Ha helytelen\u00fcl haszn\u00e1lod \u0151ket, a jelent\u00e9s\u00fck nem marad meg, \u00e9s a hallgat\u00f3 zavarba j\u00f6n, amikor megpr\u00f3b\u00e1lja meg\u00e9rteni, hogy mire gondolt\u00e1l.<\/p>\n\n\n\n<p>Ha biztos akarsz lenni benne, hogy helyesen haszn\u00e1lod a play it by ear-t, akkor n\u00e9zd meg az Undetectable AI's <a href=\"https:\/\/undetectable.ai\/ai-chat\" target=\"_blank\" rel=\"noopener\">AI Chat<\/a> hogy meger\u0151s\u00edtse, hogy a fej\u00e9ben l\u00e9v\u0151 megfogalmaz\u00e1s nyelvtanilag helyes.<\/p>\n\n\n\n<p>Alternat\u00edvak\u00e9nt haszn\u00e1lhatod az \u00c9szrevehetetlen mesters\u00e9ges intelligencia <a href=\"https:\/\/undetectable.ai\/\" target=\"_blank\" rel=\"noreferrer noopener\">AI Humanizer<\/a> a sz\u00f6veg \u00e1raml\u00e1s\u00e1nak r\u00f6gz\u00edt\u00e9s\u00e9hez.<\/p>\n\n\n\n<p>Pr\u00f3b\u00e1lja ki <a href=\"https:\/\/undetectable.ai\/\" target=\"_blank\" rel=\"noreferrer noopener\">Kimutathatatlan AI<\/a> ma.<\/p>","protected":false},"excerpt":{"rendered":"","protected":false},"author":15,"featured_media":19631,"comment_status":"closed","ping_status":"closed","sticky":false,"template":"","format":"standard","meta":{"_themeisle_gutenberg_block_has_review":false,"footnotes":""},"categories":[31],"tags":[],"class_list":["post-19624","post","type-post","status-publish","format-standard","has-post-thumbnail","hentry","category-helpful-ai-content-tips"],"_links":{"self":[{"href":"https:\/\/undetectable.ai/blog\/hu\/wp-json\/wp\/v2\/posts\/19624","targetHints":{"allow":["GET"]}}],"collection":[{"href":"https:\/\/undetectable.ai/blog\/hu\/wp-json\/wp\/v2\/posts"}],"about":[{"href":"https:\/\/undetectable.ai/blog\/hu\/wp-json\/wp\/v2\/types\/post"}],"author":[{"embeddable":true,"href":"https:\/\/undetectable.ai/blog\/hu\/wp-json\/wp\/v2\/users\/15"}],"replies":[{"embeddable":true,"href":"https:\/\/undetectable.ai/blog\/hu\/wp-json\/wp\/v2\/comments?post=19624"}],"version-history":[{"count":4,"href":"https:\/\/undetectable.ai/blog\/hu\/wp-json\/wp\/v2\/posts\/19624\/revisions"}],"predecessor-version":[{"id":19634,"href":"https:\/\/undetectable.ai/blog\/hu\/wp-json\/wp\/v2\/posts\/19624\/revisions\/19634"}],"wp:featuredmedia":[{"embeddable":true,"href":"https:\/\/undetectable.ai/blog\/hu\/wp-json\/wp\/v2\/media\/19631"}],"wp:attachment":[{"href":"https:\/\/undetectable.ai/blog\/hu\/wp-json\/wp\/v2\/media?parent=19624"}],"wp:term":[{"taxonomy":"category","embeddable":true,"href":"https:\/\/undetectable.ai/blog\/hu\/wp-json\/wp\/v2\/categories?post=19624"},{"taxonomy":"post_tag","embeddable":true,"href":"https:\/\/undetectable.ai/blog\/hu\/wp-json\/wp\/v2\/tags?post=19624"}],"curies":[{"name":"wp","href":"https:\/\/api.w.org\/{rel}","templated":true}]}}