{"id":19635,"date":"2026-01-16T19:14:13","date_gmt":"2026-01-16T19:14:13","guid":{"rendered":"https:\/\/undetectable.ai/blog\/?p=19635"},"modified":"2026-01-30T21:59:37","modified_gmt":"2026-01-30T21:59:37","slug":"egy-font-hus","status":"publish","type":"post","link":"https:\/\/undetectable.ai/blog\/hu\/egy-font-hus","title":{"rendered":"Pound of Flesh magyar\u00e1zata: Jelent\u00e9se \u00e9s gyakorlati felhaszn\u00e1l\u00e1sa"},"content":{"rendered":"<p>Az idi\u00f3m\u00e1k olyan irodalmi eszk\u00f6z\u00f6k az angol nyelvben, amelyeket nem sz\u00f3 szerinti jelent\u00e9s\u00fckben haszn\u00e1lnak. Mindegyiknek megvan a t\u00f6rt\u00e9nete, ahol sz\u00f3 szerinti \u00e9rtelemben is haszn\u00e1lhatt\u00e1k. A mai haszn\u00e1latuk azonban teljes m\u00e9rt\u00e9kben metaforikus.<\/p>\n\n\n\n<p>\u201cA \u201dPound of flesh\" egy olyan kifejez\u00e9s, amelyet el\u0151sz\u00f6r Shakespeare darabj\u00e1ban Shylock haszn\u00e1lt, hogy az eml\u00edtett mennyis\u00e9g\u0171 emberi h\u00fast k\u00e9rje, <a href=\"https:\/\/www.folger.edu\/explore\/shakespeares-works\/the-merchant-of-venice\/read\/\" target=\"_blank\" rel=\"noreferrer noopener\">A velencei kalm\u00e1r<\/a>.\u00a0<\/p>\n\n\n\n<p>Ha ma sz\u00f3 szerinti jelent\u00e9s\u00e9ben haszn\u00e1ln\u00e1nk, val\u00f3sz\u00edn\u0171leg b\u00f6rt\u00f6nbe ker\u00fcln\u00e9nk!&nbsp;<\/p>\n\n\n\n<p>Ebben a cikkben r\u00e9szletesen megvitattuk a \u201cfont h\u00fas\u201d jelent\u00e9s\u00e9t \u00e9s eredet\u00e9t. Rengeteg p\u00e9ldamondat seg\u00edt meg\u00e9rteni a haszn\u00e1lat\u00e1nak nyelvtani vonatkoz\u00e1sait.&nbsp;<\/p>\n\n\n\n<p>Kezdj\u00fck el.&nbsp;<\/p>\n\n\n\n<hr class=\"wp-block-separator has-alpha-channel-opacity\"\/>\n\n\n\n<p class=\"has-text-align-center\"><strong>A legfontosabb meg\u00e1llap\u00edt\u00e1sok<\/strong><\/p>\n\n\n\n<ul class=\"wp-block-list\">\n<li>A Pound of flesh egy metafora, amelyet eredetileg sz\u00f3 szerinti jelent\u00e9s\u00e9ben haszn\u00e1ltak, azaz egy darab emberi h\u00fast k\u00f6veteltek, hogy visszakapj\u00e1k a k\u00f6lcs\u00f6nadott p\u00e9nzt, egy Shakespeare-darabban.\u00a0<\/li>\n<\/ul>\n\n\n\n<p><\/p>\n\n\n\n<ul class=\"wp-block-list\">\n<li>Olyan \u00e9sszer\u0171tlen k\u00f6vetel\u00e9st jelent, amely valakit neh\u00e9z helyzetbe hoz, hogy teljes\u00edteni tudja. A k\u00f6vetel\u00e9s nem jogellenes, de tisztess\u00e9gtelen ahhoz k\u00e9pest, amivel a m\u00e1sik szem\u00e9ly tartozik \u00d6nnek.<\/li>\n<\/ul>\n\n\n\n<p><\/p>\n\n\n\n<ul class=\"wp-block-list\">\n<li>A mondatban val\u00f3 haszn\u00e1latakor egy ige (venni, k\u00f6vetelni, kivenni) \u00e9s az \u2018a\u2019 hat\u00e1rozatlan n\u00e9vel\u0151 \u00e1ll el\u0151tte.<\/li>\n<\/ul>\n\n\n\n<p><\/p>\n\n\n\n<hr class=\"wp-block-separator has-alpha-channel-opacity\"\/>\n\n\n\n<h2 class=\"wp-block-heading\">Mit jelent a Pound of Flesh?<\/h2>\n\n\n\n<p>A \u201cfont h\u00fas\u201d kifejez\u00e9st el\u0151sz\u00f6r a szakirodalomban haszn\u00e1lt\u00e1k, amikor egy t\u00e9nyleges font emberi testh\u00fast k\u00f6veteltek. \u0150r\u00fclet, igaz?<\/p>\n\n\n\n<p>A sz\u00f3 szoros \u00e9rtelm\u00e9ben az a koncepci\u00f3, hogy valaki egy font h\u00fast k\u00f6vetel, szinte pszichotikus, egyenesen egy r\u00e9m\u00e1lomb\u00f3l val\u00f3.\u00a0<\/p>\n\n\n\n<p>Ma azonban m\u00e1sk\u00e9pp haszn\u00e1lj\u00e1k.&nbsp;<\/p>\n\n\n\n<p>A \u201ch\u00fasz font h\u00fas\u201d az egyik szem\u00e9ly \u00e1ltal a m\u00e1siknak c\u00edmzett \u00e9sszer\u0171tlen k\u00f6vetel\u00e9st jelent, kiv\u00e9ve, ha ez nem jogellenes felsz\u00f3l\u00edt\u00e1s.&nbsp;<\/p>\n\n\n\n<p>A k\u00f6vetel\u00e9s teljes\u00edt\u00e9st v\u00e1r el, f\u00fcggetlen\u00fcl a szem\u00e9lyes k\u00f6lts\u00e9gekt\u0151l. L\u00e9lekben annyira kegyetlen, hogy a teljes\u00edt\u00e9sre felk\u00e9rt szem\u00e9lyt\u0151l elv\u00e1rj\u00e1k, hogy v\u00e9rezzen a kiv\u00e1lts\u00e1g\u00e9rt.<\/p>\n\n\n\n<p>\u00cdme n\u00e9h\u00e1ny p\u00e9lda az ilyen ig\u00e9nyekre:<\/p>\n\n\n\n<ul class=\"wp-block-list\">\n<li>Egy olyan korm\u00e1nyzati politika, amely miatt a szeg\u00e9ny embereket magas \u00f6sszegekkel ad\u00f3ztatj\u00e1k meg a mindennapi k\u00f6z\u00fczemi szolg\u00e1ltat\u00e1sok ut\u00e1n.<\/li>\n<\/ul>\n\n\n\n<ul class=\"wp-block-list\">\n<li>Rendk\u00edv\u00fcl magas b\u00edrs\u00e1gok egy kisebb szab\u00e1ly megszeg\u00e9s\u00e9\u00e9rt\u00a0<\/li>\n<\/ul>\n\n\n\n<ul class=\"wp-block-list\">\n<li>Szigor\u00fa jelenl\u00e9ti szab\u00e1lyok egy oktat\u00e1si int\u00e9zm\u00e9ny di\u00e1kjai sz\u00e1m\u00e1ra, amelyek m\u00e9g a s\u00fcrg\u0151ss\u00e9gi szabads\u00e1gokat sem teszik lehet\u0151v\u00e9<\/li>\n<\/ul>\n\n\n\n<ul class=\"wp-block-list\">\n<li>M\u00e9rgez\u0151 munkahelyek nagyon hossz\u00fa munkaid\u0151vel \u00e9s minim\u00e1lis fizet\u00e9ssel\u00a0<\/li>\n<\/ul>\n\n\n\n<ul class=\"wp-block-list\">\n<li>Ragadoz\u00f3 hitelek, amelyek kamatos kamatai folyamatosan n\u0151nek, f\u00fcggetlen\u00fcl att\u00f3l, hogy mennyit fizetsz vissza.<\/li>\n<\/ul>\n\n\n<div class=\"wp-block-image\">\n<figure class=\"aligncenter size-large\"><img loading=\"lazy\" decoding=\"async\" width=\"1024\" height=\"683\" src=\"https:\/\/undetectable.ai/blog\/wp-content\/uploads\/2026\/01\/Pound-of-Flesh-Illustration-1024x683.jpg\" alt=\"A Pound of Flesh illusztr\u00e1ci\u00f3ja\" class=\"wp-image-19642\" title=\"\" srcset=\"https:\/\/undetectable.ai/blog\/wp-content\/uploads\/2026\/01\/Pound-of-Flesh-Illustration-1024x683.jpg 1024w, https:\/\/undetectable.ai/blog\/wp-content\/uploads\/2026\/01\/Pound-of-Flesh-Illustration-300x200.jpg 300w, https:\/\/undetectable.ai/blog\/wp-content\/uploads\/2026\/01\/Pound-of-Flesh-Illustration-768x512.jpg 768w, https:\/\/undetectable.ai/blog\/wp-content\/uploads\/2026\/01\/Pound-of-Flesh-Illustration-18x12.jpg 18w, https:\/\/undetectable.ai/blog\/wp-content\/uploads\/2026\/01\/Pound-of-Flesh-Illustration.jpg 1536w\" sizes=\"auto, (max-width: 1024px) 100vw, 1024px\" \/><\/figure><\/div>\n\n\n<h3 class=\"wp-block-heading\">Origins<\/h3>\n\n\n\n<p>A \u201cfont h\u00fas\u201d kifejez\u00e9s William Shakespeare \u201cA velencei kalm\u00e1r\u201d c\u00edm\u0171 darabj\u00e1b\u00f3l sz\u00e1rmazik.\u201d<\/p>\n\n\n\n<p>Hogy n\u00e9mi kontextust adjak, ezt Shylock mondta, aki egy zsid\u00f3 p\u00e9nzk\u00f6lcs\u00f6nz\u0151, aki a velencei t\u00e1rsadalom perem\u00e9n \u00e9l.<\/p>\n\n\n\n<p>Shylock k\u00f6lcs\u00f6nad n\u00e9mi p\u00e9nzt Antoni\u00f3nak, egy keresked\u0151nek, akinek a vagyona jelenleg a kik\u00f6t\u0151be k\u00e9sve visszat\u00e9r\u0151 haj\u00f3kban van lek\u00f6tve.<\/p>\n\n\n\n<p>A helyzetet bonyol\u00edtja, hogy Antonio, a keresked\u0151 nem mag\u00e1nak, hanem bar\u00e1tj\u00e1nak, Bassani\u00f3nak k\u00e9r k\u00f6lcs\u00f6n, aki p\u00e9nzt szeretne, hogy udvarolhasson Porti\u00e1nak, egy nagyon gazdag n\u0151nek.<\/p>\n\n\n\n<p>Antonio m\u00e1r s\u00e9rt\u00e9sekkel a nyelv\u00e9n k\u00f6zeledik Shylockhoz, mert b\u00edzik abban, hogy a haj\u00f3i id\u0151ben meg\u00e9rkeznek. Shylock beleegyezik a k\u00f6lcs\u00f6nbe.<\/p>\n\n\n\n<p>A dermeszt\u0151 mondatot azonban \u00fagy eml\u00edti, hogy ha ad\u00f3ss\u00e1g\u00e1t nem fizetik ki, akkor Antonio test\u00e9nek b\u00e1rmelyik testr\u00e9sz\u00e9b\u0151l, amelyik neki tetszik, egy font h\u00fast szed.<\/p>\n\n\n\n<p>A sz\u00f6veg a k\u00f6vetkez\u0151:&nbsp;<\/p>\n\n\n\n<p><em>\u201cHa nem fizeted vissza nekem egy ilyen napon, egy ilyen helyen, azt az \u00f6sszeget vagy \u00f6sszegeket, amelyek a felt\u00e9telben szerepelnek, akkor a b\u00fcntet\u00e9sed egy ugyanolyan fontnyi sz\u00e9p h\u00fasodra legyen kijel\u00f6lve, amelyet lev\u00e1gok \u00e9s elveszek a tested azon r\u00e9sz\u00e9n, amelyik testr\u00e9szedben nekem tetszik.\u201d.\u201d<\/em><\/p>\n\n\n\n<p>Id\u0151vel a kifejez\u00e9s sz\u00f3 szerinti borzalma al\u00e1bbhagyott, mivel nyilv\u00e1nval\u00f3an nem norm\u00e1lis dolog p\u00e9nz\u00e9rt cser\u00e9be emberi h\u00fast k\u00e9rni. A kifejez\u00e9st kezdt\u00e9k haszn\u00e1lni a mindennapi besz\u00e9lget\u00e9sekben, hogy olyan durva k\u00f6vetel\u00e9st jel\u00f6ljenek, amelyr\u0151l sz\u00e1nd\u00e9kosan nem lehet azt mondani, hogy t\u00f6rv\u00e9nytelen.<\/p>\n\n\n\n<h2 class=\"wp-block-heading\">Pound of Flesh a val\u00f3 \u00e9letben<\/h2>\n\n\n\n<p>Az \u201cegy font h\u00fas\u201d kifejez\u00e9st sokf\u00e9lek\u00e9ppen haszn\u00e1lj\u00e1k a szakmai \u00e9s a mindennapi \u00e9letben.<\/p>\n\n\n\n<p>Minden olyan helyzetr\u0151l, amely technikailag megengedett, de messze t\u00falmutat azon, amit hum\u00e1nusnak \u00e9rz\u00fcnk, azt mondj\u00e1k, hogy valakinek a h\u00fas\u00e1t veszik el.\u00a0<\/p>\n\n\n\n<ul class=\"wp-block-list\">\n<li>\u00dczlet \u00e9s szerz\u0151d\u00e9sek<\/li>\n<\/ul>\n\n\n\n<p>Az \u00fczleti k\u00f6rnyezetben t\u00f6rt\u00e9n\u0151 ragadoz\u00f3 hitelez\u00e9s klasszikus p\u00e9ld\u00e1ja annak, hogy valaki a h\u00fas\u00e1\u00e9rt k\u00f6ny\u00f6r\u00f6g.&nbsp;<\/p>\n\n\n\n<p>Kezdetben a p\u00e9nzt a k\u00f6nny\u0171 j\u00f3v\u00e1hagy\u00e1s \u00e9s az azonnali seg\u00edts\u00e9g \u00edg\u00e9ret\u00e9vel adj\u00e1k k\u00f6lcs\u00f6n, \u00edgy a hitelfelvev\u0151 a stressz pillanat\u00e1ban kapja meg.<\/p>\n\n\n\n<p>A visszafizet\u00e9si felt\u00e9teleket azonban sz\u00e1nd\u00e9kosan \u00fagy hat\u00e1rozz\u00e1k meg, hogy csapd\u00e1ba ejts\u00e9k \u0151ket, \u00edgy a k\u00f6lcs\u00f6nadott \u00f6sszeg kamatai folyamatosan n\u0151nek. A hitelfelvev\u0151 \u00e9veket t\u00f6lthet a visszafizet\u00e9ssel an\u00e9lk\u00fcl, hogy valaha is k\u00f6zel ker\u00fclne a teljes visszafizet\u00e9shez.<\/p>\n\n\n\n<p>Hasonl\u00f3k\u00e9ppen, a v\u00e1llalkoz\u00e1sok a p\u00e9nz\u00fcgyi instabilit\u00e1s idej\u00e9n jelent\u0151sen megemelhetik term\u00e9keik \u00e1r\u00e1t. Ha nincs re\u00e1lis alternat\u00edv\u00e1ja a term\u00e9knek, a v\u00e1s\u00e1rl\u00f3knak nincs m\u00e1s v\u00e1laszt\u00e1suk, mint megvenni azt, f\u00fcggetlen\u00fcl az \u00e1rakt\u00f3l.<\/p>\n\n\n\n<p>Az ad\u00f3ss\u00e1gbehajt\u00e1si gyakorlatban a k\u00e9nyszerint\u00e9zked\u00e9s is el\u00e9g kem\u00e9ny lehet ahhoz, hogy \u2018egy font h\u00fast\u2019 vigyen el.\u2019<\/p>\n\n\n\n<p>Lehet, hogy \u00d6n \u00e9vek \u00f3ta stabilan fizet, de ha b\u00e1rmilyen v\u00e9szhelyzet, p\u00e9ld\u00e1ul betegs\u00e9g vagy elbocs\u00e1t\u00e1s miatt nem fizet, a v\u00e1llalat k\u00f6ny\u00f6rtelen, n\u00e9ha fenyeget\u0151 kommunik\u00e1ci\u00f3val fog nyom\u00e1st gyakorolni \u00d6nre. A legrosszabb esetben a vagyon\u00e1t is lefoglalhatj\u00e1k!\u00a0<\/p>\n\n\n\n<p>Egyes v\u00e1llalatok olyan z\u00e1rad\u00e9kokat foglalnak bele a szerz\u0151d\u00e9s\u00fckbe, amelyek korl\u00e1tozz\u00e1k, hogy a volt alkalmazottaik hosszabb ideig ne dolgozhassanak a ter\u00fclet\u00fck\u00f6n.<\/p>\n\n\n\n<p>El\u0151fordulhat, hogy egy munkav\u00e1llal\u00f3 alapos okkal hagyja ott a munkahely\u00e9t, majd k\u00e9s\u0151bb kider\u00fcl, hogy egy ideig jogilag nem kereshet m\u00e1shonnan meg\u00e9lhet\u00e9st.&nbsp;<\/p>\n\n\n\n<ul class=\"wp-block-list\">\n<li>H\u00e9tk\u00f6znapi helyzetek<\/li>\n<\/ul>\n\n\n\n<p>Az eg\u00e9szs\u00e9gtelen testi kapcsolatok az egyik leggyakoribb k\u00f6rnyezet, amely egy font h\u00fast k\u00f6vetel a kapcsolatban szenved\u0151 szem\u00e9lyt\u0151l.<\/p>\n\n\n\n<p>Folyamatos ment\u00e1lis nyom\u00e1s alatt \u00e1llhatnak, hogy mindk\u00e9t ember \u00e9rzelmi s\u00faly\u00e1t cipelj\u00e9k.<\/p>\n\n\n\n<p>Egyes munkahelyek t\u00fals\u00e1gosan m\u00e9rgez\u0151ek az alkalmazottak sz\u00e1m\u00e1ra. Azt k\u00f6vetelik meg az emberekt\u0151l, hogy minden tov\u00e1bbi elismer\u00e9s n\u00e9lk\u00fcl t\u00fall\u00e9pj\u00e9k a munkak\u00f6ri le\u00edr\u00e1sukat.<\/p>\n\n\n\n<p>A k\u00e1b\u00edt\u00f3szerrel val\u00f3 vissza\u00e9l\u00e9s vagy a k\u00e9nyszeres viselked\u00e9smint\u00e1k folyamatosan k\u00e1ros\u00edtj\u00e1k az ember eg\u00e9szs\u00e9g\u00e9t, \u00e9s \u00fagy is jellemezhetj\u00fck \u0151ket, mintha egy font h\u00fast venn\u00e9nk ki a test\u00fcnkb\u0151l.&nbsp;<\/p>\n\n\n\n<p>Az \u00fajs\u00e1g\u00edr\u00f3k gyakran haszn\u00e1lj\u00e1k, amikor olyan korm\u00e1nyzati politik\u00e1kat komment\u00e1lnak\/kritiz\u00e1lnak, amelyek igazs\u00e1gtalanul h\u00e1tr\u00e1nyos helyzetbe hozz\u00e1k a h\u00e1tr\u00e1nyos helyzet\u0171eket.<\/p>\n\n\n\n<p>\u00d3vatosnak kell lenned, amikor ezt a kifejez\u00e9st haszn\u00e1lod a besz\u00e9lget\u00e9sekben. Semmik\u00e9ppen sem szeretn\u00e9, ha a f\u0151n\u00f6ke azt hallan\u00e1, hogy a munkakult\u00fara egy fontot k\u00f6vetel a h\u00fas\u00e1b\u00f3l.<\/p>\n\n\n<div class=\"wp-block-image\">\n<figure class=\"aligncenter size-large\"><img loading=\"lazy\" decoding=\"async\" width=\"1024\" height=\"432\" src=\"https:\/\/undetectable.ai/blog\/wp-content\/uploads\/2025\/07\/Free-Grammar-checker-1024x432.jpg\" alt=\"Undetectable AI free grammar checker screenshot\" class=\"wp-image-11753\" title=\"\" srcset=\"https:\/\/undetectable.ai/blog\/wp-content\/uploads\/2025\/07\/Free-Grammar-checker-1024x432.jpg 1024w, https:\/\/undetectable.ai/blog\/wp-content\/uploads\/2025\/07\/Free-Grammar-checker-300x127.jpg 300w, https:\/\/undetectable.ai/blog\/wp-content\/uploads\/2025\/07\/Free-Grammar-checker-768x324.jpg 768w, https:\/\/undetectable.ai/blog\/wp-content\/uploads\/2025\/07\/Free-Grammar-checker-18x8.jpg 18w, https:\/\/undetectable.ai/blog\/wp-content\/uploads\/2025\/07\/Free-Grammar-checker.jpg 1133w\" sizes=\"auto, (max-width: 1024px) 100vw, 1024px\" \/><\/figure><\/div>\n\n\n<p>Sz\u00f3val, b\u00e1rmikor, amikor \u00fagy \u00e9rzed, hogy illik a helyzethez, mindig fordulj az \u00c9szrevehetetlen AI-hoz. <a href=\"https:\/\/undetectable.ai\/grammar-checker\" target=\"_blank\" rel=\"noreferrer noopener\">Nyelvtani ellen\u0151rz\u0151<\/a> hogy meger\u0151s\u00edtse, hogy nyelvtanilag helyes.<\/p>\n\n\n\n<h2 class=\"wp-block-heading\">Tippek \u00e9s gyakori hib\u00e1k<\/h2>\n\n\n\n<p>Az \u201ca\u201d hat\u00e1rozatlan n\u00e9vel\u0151 az \u201cegy font h\u00fas\u201d kifejez\u00e9s el\u0151tt szerepel, mint a \"egy font h\u00fast k\u00f6vetelni\" kifejez\u00e9sben.&nbsp;<\/p>\n\n\n\n<p>Olyan birtokos mell\u00e9knevet is felvehet, mint az \u201c\u0151\u201d vagy az \u201c\u0151\u201d, p\u00e9ld\u00e1ul az \u0151 font h\u00fasa vagy az \u0151 font h\u00fasa. A birtokos mell\u00e9kn\u00e9v a kontextust\u00f3l f\u00fcgg\u0151en konkr\u00e9tabban egy bizonyos szem\u00e9lyre\/csoportra ir\u00e1nyul.<\/p>\n\n\n\n<p>Nevek \u00e9s konkr\u00e9t f\u0151nevek helyettes\u00edthetik a birtokos mell\u00e9kneveket, amikor harmadik szem\u00e9lyben besz\u00e9lsz valakir\u0151l, p\u00e9ld\u00e1ul: A bank elvette John font h\u00fas\u00e1t.<\/p>\n\n\n\n<p>Az idi\u00f3m\u00e1t f\u0151n\u00e9vk\u00e9nt haszn\u00e1lj\u00e1k, \u00e9s a legt\u00f6bb mondatban egy ig\u00e9re van sz\u00fcks\u00e9g el\u0151tte. Az ige lehet \u201celveszi, k\u00f6veteli, kiveszi, kivonja \u00e9s hasonl\u00f3k\u201d.\u201d&nbsp;<\/p>\n\n\n\n<h2 class=\"wp-block-heading\">Hasonl\u00f3 idi\u00f3m\u00e1k \u00e9s kifejez\u00e9sek<\/h2>\n\n\n\n<p>Az angol nyelvben szinte minden kifejez\u00e9shez sz\u00e1mos m\u00e1s, azonos jelent\u00e9s\u0171 sz\u00f3 \u00e9s kifejez\u00e9s tartozik. Ezek a hasonl\u00f3 v\u00e1ltozatok seg\u00edtenek abban, hogy kreat\u00edvabbak legy\u00fcnk a kifejez\u00e9sben. Lehet\u0151s\u00e9g van arra, hogy elker\u00fclj\u00fck az ism\u00e9tl\u00e9seket, amikor hasonl\u00f3 k\u00f6r\u00fclm\u00e9nyekr\u0151l besz\u00e9l\u00fcnk.<\/p>\n\n\n\n<p>\u00cdme n\u00e9h\u00e1ny hasonl\u00f3 idi\u00f3ma \u00e9s kifejez\u00e9s, amelyek jelent\u00e9se megegyezik a \u201cfont h\u00fas\u201d jelent\u00e9s\u00e9vel.\u201d<\/p>\n\n\n\n<figure class=\"wp-block-table\"><table class=\"has-fixed-layout\"><tbody><tr><td class=\"has-text-align-center\" data-align=\"center\"><strong>Hasonl\u00f3 kifejez\u00e9s<\/strong><\/td><td class=\"has-text-align-center\" data-align=\"center\"><strong>P\u00e9lda mondat<\/strong><\/td><\/tr><tr><td class=\"has-text-align-center\" data-align=\"center\">Fizesse meg az \u00e1rat<\/td><td class=\"has-text-align-center\" data-align=\"center\">Azt hitt\u00fck, hogy a r\u00f6videbb \u00fat id\u0151t takar\u00edt meg nek\u00fcnk, de v\u00e9g\u00fcl megfizett\u00fck az \u00e1r\u00e1t, amikor elt\u00e9vedt\u00fcnk az \u00faton.<\/td><\/tr><tr><td class=\"has-text-align-center\" data-align=\"center\">V\u00e1mot szedni<\/td><td class=\"has-text-align-center\" data-align=\"center\">Az \u00faj munkahelyen a hossz\u00fa munkaid\u0151 \u00e9s az \u00e1lland\u00f3 nyom\u00e1s olyan \u00e1ldozatokat k\u00f6vetelt t\u0151lem, amelyeket egyetlen fizet\u00e9s sem tudott visszaford\u00edtani.<\/td><\/tr><tr><td class=\"has-text-align-center\" data-align=\"center\">V\u00e9rzik sz\u00e1razra<\/td><td class=\"has-text-align-center\" data-align=\"center\">A d\u00edjak addig j\u00f6ttek, am\u00edg a sz\u00e1mla ki nem \u00fcr\u00fclt.&nbsp;<\/td><\/tr><tr><td class=\"has-text-align-center\" data-align=\"center\">Squeeze for all it's worth<\/td><td class=\"has-text-align-center\" data-align=\"center\">A f\u0151b\u00e9rbead\u00f3 minden\u00e9t kipr\u00e9selte az ingatlant, a jav\u00edt\u00e1sokat figyelmen k\u00edv\u00fcl hagyta, a b\u00e9rleti d\u00edjak pedig emelkedtek.<\/td><\/tr><tr><td class=\"has-text-align-center\" data-align=\"center\">Valakit a f\u00f6ldbe d\u00f6ng\u00f6lni<\/td><td class=\"has-text-align-center\" data-align=\"center\">Ez a menetrend a f\u00f6ldbe d\u00f6ng\u00f6lte \u0151t, m\u00e9g akkor is, ha dics\u00e9rt\u00e9k az odaad\u00e1st.<\/td><\/tr><tr><td class=\"has-text-align-center\" data-align=\"center\">Nincs kegyelem<\/td><td class=\"has-text-align-center\" data-align=\"center\">A szab\u00e1lyokat k\u00f6ny\u00f6rtelen\u00fcl betartatt\u00e1k, \u00e9s m\u00e9g a fellebbez\u00e9sek sem v\u00e1ltoztattak semmin.<\/td><\/tr><tr><td class=\"has-text-align-center\" data-align=\"center\">K\u00f6vetelj\u00fcnk mindent<\/td><td class=\"has-text-align-center\" data-align=\"center\">A projekt olyan intenz\u00edv volt, hogy minden erej\u00e9t ig\u00e9nybe vette.<\/td><\/tr><tr><td class=\"has-text-align-center\" data-align=\"center\">Ne hagyj h\u00e1tra semmit<\/td><td class=\"has-text-align-center\" data-align=\"center\">A vita v\u00e9g\u00e9re a megegyez\u00e9s csak neheztel\u00e9st hagyott maga ut\u00e1n.<\/td><\/tr><\/tbody><\/table><\/figure>\n\n\n\n<h2 class=\"wp-block-heading\">Hogyan kell haszn\u00e1lni a Pound of Flesh-t egy mondatban?<\/h2>\n\n\n\n<p>A pound of flesh kifejez\u00e9s f\u0151n\u00e9vk\u00e9nt szerepel egy mondatban, \u00e9s szinte mindig ige ut\u00e1n k\u00f6vetkezik. Mint kor\u00e1bban eml\u00edtett\u00fck, az \u2018a\u2019 hat\u00e1rozatlan n\u00e9vel\u0151re is sz\u00fcks\u00e9g van.\u2019<\/p>\n\n\n\n<p>\u00cdme n\u00e9h\u00e1ny p\u00e9ldamondat, amely ezt haszn\u00e1lja:<\/p>\n\n\n\n<ul class=\"wp-block-list\">\n<li>A jogi megegyez\u00e9ssel a v\u00e1llalat megkapta a mag\u00e1\u00e9t, m\u00e9g akkor is, ha a munkav\u00e1llal\u00f3 neheztelt, mert nem maradt semmije.<\/li>\n<\/ul>\n\n\n\n<ul class=\"wp-block-list\">\n<li>Meg\u00e9rtette, hogy a bocs\u00e1natk\u00e9r\u00e9s nem el\u00e9g\u00edti ki a l\u00e1nyt, mert m\u00e9g mindig egy font h\u00fast akart.<\/li>\n<\/ul>\n\n\n\n<ul class=\"wp-block-list\">\n<li>A b\u00fcntet\u0151 igazs\u00e1gszolg\u00e1ltat\u00e1si rendszer a minim\u00e1lis v\u00e1dakra kiszabott magas p\u00e9nzb\u00edrs\u00e1gok r\u00e9v\u00e9n k\u00f6vetelte a maga r\u00e9sz\u00e9t.<\/li>\n<\/ul>\n\n\n\n<ul class=\"wp-block-list\">\n<li>Mire a versenytilalmi z\u00e1rad\u00e9k lej\u00e1rt, a v\u00e1llalat m\u00e1r k\u00e9t teljes \u00e9vre elvette a p\u00e9nz\u00e9t azzal, hogy megakad\u00e1lyozta a szakter\u00fclet\u00e9n val\u00f3 foglalkoztat\u00e1st.<\/li>\n<\/ul>\n\n\n\n<ul class=\"wp-block-list\">\n<li>A jelz\u00e1logbank egy fontot szedett a h\u00fas\u00e1b\u00f3l, amikor egy elmaradt fizet\u00e9s ut\u00e1n v\u00e9grehajt\u00e1st rendelt el.<\/li>\n<\/ul>\n\n\n\n<ul class=\"wp-block-list\">\n<li>A lak\u00e1st\u00e1mogat\u00e1si programok megnyirb\u00e1l\u00e1sa az alacsony j\u00f6vedelm\u0171 csal\u00e1dokt\u00f3l, akik k\u00e9nytelenek voltak v\u00e1lasztani a lakb\u00e9r \u00e9s a k\u00f6z\u00fczemi szolg\u00e1ltat\u00e1sok k\u00f6z\u00f6tt.<\/li>\n<\/ul>\n\n\n\n<p>Az angolul tanul\u00f3knak kiss\u00e9 neh\u00e9z az idi\u00f3m\u00e1kat \u00e9s metafor\u00e1kat pontosan mondatba foglalni, mert nyelvtani szab\u00e1lyaik nem t\u00fal kisz\u00e1m\u00edthat\u00f3ak.&nbsp;<\/p>\n\n\n<div class=\"wp-block-image\">\n<figure class=\"aligncenter size-large\"><img loading=\"lazy\" decoding=\"async\" width=\"1024\" height=\"446\" src=\"https:\/\/undetectable.ai/blog\/wp-content\/uploads\/2025\/12\/AI-Sentence-Rewriter-1024x446.jpg\" alt=\"AI Sentence Rewriter k\u00e9perny\u0151k\u00e9p\" class=\"wp-image-19129\" title=\"\" srcset=\"https:\/\/undetectable.ai/blog\/wp-content\/uploads\/2025\/12\/AI-Sentence-Rewriter-1024x446.jpg 1024w, https:\/\/undetectable.ai/blog\/wp-content\/uploads\/2025\/12\/AI-Sentence-Rewriter-300x131.jpg 300w, https:\/\/undetectable.ai/blog\/wp-content\/uploads\/2025\/12\/AI-Sentence-Rewriter-768x335.jpg 768w, https:\/\/undetectable.ai/blog\/wp-content\/uploads\/2025\/12\/AI-Sentence-Rewriter-18x8.jpg 18w, https:\/\/undetectable.ai/blog\/wp-content\/uploads\/2025\/12\/AI-Sentence-Rewriter.jpg 1202w\" sizes=\"auto, (max-width: 1024px) 100vw, 1024px\" \/><\/figure><\/div>\n\n\n<p>Javasoljuk a kimutathatatlan AI haszn\u00e1lat\u00e1t. <a href=\"https:\/\/undetectable.ai\/sentence-rewriter\" target=\"_blank\" rel=\"noreferrer noopener\">Mondat \u00e1t\u00edr\u00f3<\/a> az els\u0151 n\u00e9h\u00e1ny alkalommal, amikor haszn\u00e1lni szeretn\u00e9, am\u00edg nem lesz el\u00e9g magabiztos ahhoz, hogy \u00f6n\u00e1ll\u00f3an haszn\u00e1lja.\u00a0<\/p>\n\n\n\n<p>N\u00e9zd meg azonnal az eredm\u00e9nyeidet az AI Detector \u00e9s Humanizer seg\u00edts\u00e9g\u00e9vel!<\/p>\n\n\n\n<div id=\"uai-widget\" data-affiliate-link=\"https:\/\/undetectable.ai\/?_by=hi4km\"><script>var js = document.createElement(\"script\");js.async = true;js.src = \"https:\/\/widget.undetectable.ai\/js\/widget-loader.js?t=\"+Date.now();document.getElementsByTagName(\"head\")[0].appendChild(js);<\/script><\/div>\n\n\n\n<h2 class=\"wp-block-heading\">V\u00e9gs\u0151 gondolatok<\/h2>\n\n\n\n<p>Az olyan kifejez\u00e9sek, mint a \u201cfont h\u00fas\u201d, amelyek \u00e9rz\u00e9ki reakci\u00f3kat v\u00e1ltanak ki az olvas\u00f3ban, azaz a kellemetlen \u00e9rz\u00e9st, ha egy darab h\u00fasra gondolunk, nagyon fontosak az irodalomban. Ezek n\u00e9lk\u00fcl kifejez\u00e9seink nem lesznek olyan hat\u00e1sosak.&nbsp;<\/p>\n\n\n\n<p>Pr\u00f3b\u00e1ljon ki n\u00e9h\u00e1ny p\u00e9ldamondatot alkotni egy <em>egy font h\u00fas<\/em> a fejedben, \u00e9s haszn\u00e1ld az Undetectable AI-t. <a href=\"https:\/\/undetectable.ai\/ai-chat\" target=\"_blank\" rel=\"noreferrer noopener\">AI Chat<\/a> hogy ellen\u0151rizze, j\u00f3l csin\u00e1lja-e.<\/p>\n\n\n\n<p>M\u00e1r n\u00e9h\u00e1ny pr\u00f3b\u00e1lkoz\u00e1s ut\u00e1n olyan j\u00f3 leszel benne, mint az anyanyelvi besz\u00e9l\u0151k.<\/p>\n\n\n\n<p>N\u00e9zd meg <a href=\"https:\/\/undetectable.ai\/\" target=\"_blank\" rel=\"noreferrer noopener\">Kimutathatatlan AI<\/a> ma!<\/p>","protected":false},"excerpt":{"rendered":"","protected":false},"author":15,"featured_media":19644,"comment_status":"closed","ping_status":"closed","sticky":false,"template":"","format":"standard","meta":{"_themeisle_gutenberg_block_has_review":false,"footnotes":""},"categories":[31],"tags":[],"class_list":["post-19635","post","type-post","status-publish","format-standard","has-post-thumbnail","hentry","category-helpful-ai-content-tips"],"_links":{"self":[{"href":"https:\/\/undetectable.ai/blog\/hu\/wp-json\/wp\/v2\/posts\/19635","targetHints":{"allow":["GET"]}}],"collection":[{"href":"https:\/\/undetectable.ai/blog\/hu\/wp-json\/wp\/v2\/posts"}],"about":[{"href":"https:\/\/undetectable.ai/blog\/hu\/wp-json\/wp\/v2\/types\/post"}],"author":[{"embeddable":true,"href":"https:\/\/undetectable.ai/blog\/hu\/wp-json\/wp\/v2\/users\/15"}],"replies":[{"embeddable":true,"href":"https:\/\/undetectable.ai/blog\/hu\/wp-json\/wp\/v2\/comments?post=19635"}],"version-history":[{"count":5,"href":"https:\/\/undetectable.ai/blog\/hu\/wp-json\/wp\/v2\/posts\/19635\/revisions"}],"predecessor-version":[{"id":19643,"href":"https:\/\/undetectable.ai/blog\/hu\/wp-json\/wp\/v2\/posts\/19635\/revisions\/19643"}],"wp:featuredmedia":[{"embeddable":true,"href":"https:\/\/undetectable.ai/blog\/hu\/wp-json\/wp\/v2\/media\/19644"}],"wp:attachment":[{"href":"https:\/\/undetectable.ai/blog\/hu\/wp-json\/wp\/v2\/media?parent=19635"}],"wp:term":[{"taxonomy":"category","embeddable":true,"href":"https:\/\/undetectable.ai/blog\/hu\/wp-json\/wp\/v2\/categories?post=19635"},{"taxonomy":"post_tag","embeddable":true,"href":"https:\/\/undetectable.ai/blog\/hu\/wp-json\/wp\/v2\/tags?post=19635"}],"curies":[{"name":"wp","href":"https:\/\/api.w.org\/{rel}","templated":true}]}}