{"id":19645,"date":"2026-01-17T19:33:42","date_gmt":"2026-01-17T19:33:42","guid":{"rendered":"https:\/\/undetectable.ai/blog\/?p=19645"},"modified":"2026-01-30T22:00:12","modified_gmt":"2026-01-30T22:00:12","slug":"egy-szelet-torta","status":"publish","type":"post","link":"https:\/\/undetectable.ai/blog\/hu\/egy-szelet-torta","title":{"rendered":"Mit jelent a Piece of Cake? Meghat\u00e1roz\u00e1s \u00e9s tippek"},"content":{"rendered":"<p>Azt mondj\u00e1k, hogy a II. vil\u00e1gh\u00e1bor\u00fa alatt a Kir\u00e1lyi Er\u0151k Misszi\u00f3ja minden sikeres h\u00e1bor\u00fas k\u00fcldet\u00e9sr\u0151l \u00fagy sz\u00e1molt be, hogy az \u2018egy szelet torta\u2019 volt.\u2019&nbsp;<\/p>\n\n\n\n<p>Vannak olyan besz\u00e1mol\u00f3k is, amelyek a \u2018piece of cake\u2019 kifejez\u00e9st a r\u00e9gm\u00faltban el\u0151fordult s\u00fctem\u00e9nys\u00e9t\u00e1khoz k\u00f6tik, ahol a t\u00e1ncversenyz\u0151k egy tort\u00e1t nyertek a d\u00edjk\u00e9nt.&nbsp;<\/p>\n\n\n\n<p>Nem sz\u00e1m\u00edt, honnan sz\u00e1rmazik, a \u2018piece of cake\u2019 kifejez\u00e9s annyira elterjedt a mindennapi besz\u00e9lget\u00e9sekben, hogy lefogadom, hogy valahol biztosan hallotta m\u00e1r, m\u00e9g akkor is, ha nem anyanyelvi besz\u00e9l\u0151.&nbsp;<\/p>\n\n\n\n<p>Olyan egyszer\u0171 feladatr\u00f3l besz\u00e9l\u00fcnk vele, amely k\u00f6nnyen elv\u00e9gezhet\u0151.<\/p>\n\n\n\n<p>Ebben a cikkben pedig elmagyar\u00e1zzuk a \u2018piece of cake\u2019 jelent\u00e9s\u00e9t sz\u00e1mos k\u00fcl\u00f6nb\u00f6z\u0151 p\u00e9ld\u00e1val egy\u00fctt, amelyek le\u00edrj\u00e1k a pontos haszn\u00e1lat\u00e1t k\u00fcl\u00f6nb\u00f6z\u0151 kontextusokban.<\/p>\n\n\n\n<p>Ugorjunk be.<\/p>\n\n\n\n<hr class=\"wp-block-separator has-alpha-channel-opacity\"\/>\n\n\n\n<p class=\"has-text-align-center\"><strong>A legfontosabb tudnival\u00f3k<\/strong><\/p>\n\n\n\n<ul class=\"wp-block-list\">\n<li>A Piece of cake egy idi\u00f3ma, amely azt jelenti, hogy valami nagyon k\u00f6nny\u0171 volt sz\u00e1modra, \u00e9s m\u00e9g \u00e9lvezted is.<\/li>\n<\/ul>\n\n\n\n<p><\/p>\n\n\n\n<ul class=\"wp-block-list\">\n<li>A kifejez\u00e9s eredet\u00e9re t\u00f6bb elm\u00e9let is l\u00e9tezik. Egyesek a 20. sz\u00e1zad eleji s\u00fctem\u00e9nyes s\u00e9t\u00e1khoz k\u00f6tik, m\u00e1sok a m\u00e1sodik vil\u00e1gh\u00e1bor\u00fas bevet\u00e9sekhez, \u00e9s vannak, akik Ogden Nash vers\u00e9nek tulajdon\u00edtj\u00e1k az els\u0151 haszn\u00e1lat\u00e1t.<\/li>\n<\/ul>\n\n\n\n<p><\/p>\n\n\n\n<ul class=\"wp-block-list\">\n<li>A mindennapi \u00e9letben \u00e9s a munkahelyi besz\u00e9lget\u00e9sekben el\u00e9g gyakran haszn\u00e1lj\u00e1k. Nem szabad azonban t\u00falz\u00e1sba vinni. Ker\u00fclje a haszn\u00e1lat\u00e1t a hivatalosan dokument\u00e1lt sz\u00f6vegekben is.<\/li>\n<\/ul>\n\n\n\n<p><\/p>\n\n\n\n<hr class=\"wp-block-separator has-alpha-channel-opacity\"\/>\n\n\n\n<h2 class=\"wp-block-heading\">A  meg\u00e9rt\u00e9se <em>Piece of Cake<\/em><\/h2>\n\n\n\n<p>\u201cA \u201dPiece of cake\" egy kifejez\u00e9s az angol nyelvben, amelyet leggyakrabban idi\u00f3mak\u00e9nt haszn\u00e1lnak (azaz az anyanyelvi besz\u00e9l\u0151k \u00e1ltal haszn\u00e1lt kifejez\u00e9sek, amelyek jelent\u00e9se nagyon elt\u00e9r att\u00f3l, amit a sz\u00f3 szerinti \u00e9rtelemben vett szavak jelentenek).&nbsp;<\/p>\n\n\n\n<p>Azt mondj\u00e1k, hogy valami nagyon k\u00f6nnyen elv\u00e9gezhet\u0151, szinte k\u00f6nnyed\u00e9n elv\u00e9gezhet\u0151 feladatra utal, olyan feladatra, amelyet l\u00e9p\u00e9sk\u00e9nyszer n\u00e9lk\u00fcl befejezel.&nbsp;<\/p>\n\n\n\n<p>A s\u00fctem\u00e9nyt r\u00e9g\u00f3ta a jutalmaz\u00e1ssal \u00e9s az \u00e9lvezetekkel hozz\u00e1k \u00f6sszef\u00fcgg\u00e9sbe. Sz\u00fclet\u00e9snapokon, esk\u00fcv\u0151k\u00f6n \u00e9s \u00fcnneps\u00e9geken elengedhetetlen, ez\u00e9rt van \u00e9rtelme k\u00f6nnyed\u00e9n megk\u00f6tni.<\/p>\n\n\n\n<p>A kifejez\u00e9s azt sugallja, hogy egy feladat olyan k\u00f6nny\u0171, hogy j\u00f3l \u00e9rzi mag\u00e1t, am\u00edg tart.<\/p>\n\n\n<div class=\"wp-block-image\">\n<figure class=\"aligncenter size-large\"><img loading=\"lazy\" decoding=\"async\" width=\"1024\" height=\"683\" src=\"https:\/\/undetectable.ai/blog\/wp-content\/uploads\/2026\/01\/Piece-of-Cake-Illustration-1024x683.jpg\" alt=\"A Piece of Cake illusztr\u00e1ci\u00f3ja\" class=\"wp-image-19651\" title=\"\" srcset=\"https:\/\/undetectable.ai/blog\/wp-content\/uploads\/2026\/01\/Piece-of-Cake-Illustration-1024x683.jpg 1024w, https:\/\/undetectable.ai/blog\/wp-content\/uploads\/2026\/01\/Piece-of-Cake-Illustration-300x200.jpg 300w, https:\/\/undetectable.ai/blog\/wp-content\/uploads\/2026\/01\/Piece-of-Cake-Illustration-768x512.jpg 768w, https:\/\/undetectable.ai/blog\/wp-content\/uploads\/2026\/01\/Piece-of-Cake-Illustration-18x12.jpg 18w, https:\/\/undetectable.ai/blog\/wp-content\/uploads\/2026\/01\/Piece-of-Cake-Illustration.jpg 1536w\" sizes=\"auto, (max-width: 1024px) 100vw, 1024px\" \/><\/figure><\/div>\n\n\n<h3 class=\"wp-block-heading\">A \u2018Piece of Cake\u2019 eredete\u2019<\/h3>\n\n\n\n<p>Sok nyelvt\u00f6rt\u00e9n\u00e9sz a \u2018piece of cake\u2019 kifejez\u00e9s eredet\u00e9t a 20. sz\u00e1zad elej\u00e9re vezeti vissza az Egyes\u00fclt \u00c1llamokban, amikor is \u201ccakewalk\u201d versenyek zajlottak.&nbsp;<\/p>\n\n\n\n<p>A tortas\u00e9t\u00e1ltat\u00e1s sor\u00e1n az emberek v\u00e9gigs\u00e9t\u00e1ltak az utc\u00e1n vagy t\u00e1ncoltak a k\u00f6z\u00f6ns\u00e9g el\u0151tt a d\u00edj\u00e9rt, amely, ha j\u00f3l sejtik, gyakran egy torta volt.&nbsp;<\/p>\n\n\n\n<p>Egy m\u00e1sik gyakran eml\u00edtett hat\u00e1s a <a href=\"https:\/\/www.washingtonpost.com\/archive\/lifestyle\/tv\/1990\/07\/08\/anything-but-a-piece-of-cake\/8ecf70be-5938-4e9a-86fa-9d5d16c3823f\/\" target=\"_blank\" rel=\"noreferrer noopener\">Kir\u00e1lyi L\u00e9gier\u0151 a II. vil\u00e1gh\u00e1bor\u00fa alatt<\/a>. A besz\u00e1mol\u00f3k szerint a pil\u00f3t\u00e1k ezt a kifejez\u00e9st olyan h\u00e1bor\u00fas k\u00fcldet\u00e9sek le\u00edr\u00e1s\u00e1ra haszn\u00e1lt\u00e1k, amelyekr\u0151l azt v\u00e1rt\u00e1k, hogy k\u00f6nny\u0171ek lesznek. Ebben az \u00e9rtelemben a II. vil\u00e1gh\u00e1bor\u00fa ink\u00e1bb elterjesztette, mintsem megalkotta volna ezt a mond\u00e1st.<\/p>\n\n\n\n<p>Vannak olyan forr\u00e1sok, amelyek szerint egy amerikai k\u00f6lt\u0151 <a href=\"https:\/\/books.google.co.uk\/books?id=UW2Gu7l2Nn0C&amp;pg=PT242&amp;lpg=PT242&amp;dq=%22Ogden%20Nash%22%20%22piece%20of%20cake%22&amp;source=bl&amp;ots=vGeVtmdrOJ&amp;sig=Z1q05YIASJ0y4dhPDZsj6QhUGIw&amp;hl=en&amp;sa=X&amp;ved=0ahUKEwje9ISN0tfZAhVLORQKHTqfAGIQ6AEIdzAL#v=onepage&amp;q=%22Ogden%20Nash%22%20%22piece%20of%20cake%22&amp;f=false\" target=\"_blank\" rel=\"noreferrer noopener\">Ogden Nash<\/a> hogy ezt a kifejez\u00e9st el\u0151sz\u00f6r a vers\u00e9ben haszn\u00e1lta. <em>\u201cPrimrose Path\u201d <\/em>\u00a01935-ben. Azt \u00edrta: \u201cA k\u00e9pe most m\u00e1r benne van az \u00fajs\u00e1gokban, \u00e9s az \u00e9let egy szelet torta\u201d.\u201d<\/p>\n\n\n\n<h2 class=\"wp-block-heading\">Helyzetek, ahol a kifejez\u00e9s illik a sz\u00f6vegbe<\/h2>\n\n\n\n<p>A \u201cpiece of cake\u201d kifejez\u00e9s az egyik leggyakrabban haszn\u00e1lt idi\u00f3ma, olyannyira, hogy sok nem anyanyelvi \u00e9s m\u00e1sodik nyelvi besz\u00e9l\u0151 sz\u00e1m\u00e1ra is a t\u00e1rsalg\u00e1s r\u00e9sze.&nbsp;<\/p>\n\n\n\n<ul class=\"wp-block-list\">\n<li>H\u00e9tk\u00f6znapi besz\u00e9d<\/li>\n<\/ul>\n\n\n\n<p>A mindennapi besz\u00e9lget\u00e9sekben gyakran hallja a \u2018piece of cake\u2019 kifejez\u00e9st, amikor b\u00e1rmilyen megnyugtat\u00f3 vagy nem mindennapi tev\u00e9kenys\u00e9gr\u0151l van sz\u00f3.<\/p>\n\n\n\n<p>Ha valaki naponta egy \u00f3r\u00e1t fut, akkor egy kis 10 perces kocog\u00e1s gyerekj\u00e1t\u00e9k lesz sz\u00e1m\u00e1ra. Ugyanez a kocog\u00e1s egy m\u00e1sik, mozg\u00e1sszeg\u00e9ny \u00e9letm\u00f3dot folytat\u00f3 szem\u00e9lyt l\u00e9legzetv\u00e9telhez juttathat, \u00edgy a k\u00f6nnyeds\u00e9g \u00e9s a k\u00e9nyelem k\u00fcsz\u00f6be szubjekt\u00edv.<\/p>\n\n\n\n<p>Hasonl\u00f3k\u00e9ppen, egy csal\u00e1di \u00f6r\u00f6ks\u00e9gk\u00e9nt \u00e1tadott recept k\u00f6vet\u00e9se is gyerekj\u00e1t\u00e9k lehet, ha m\u00e1r n\u00e9h\u00e1nyszor begyakoroltuk, m\u00e9g akkor is, ha t\u00f6bbl\u00e9pcs\u0151s folyamatr\u00f3l van sz\u00f3.<\/p>\n\n\n\n<p>Az olyan rutinfeladatok, mint a bev\u00e1s\u00e1rl\u00e1s egy j\u00f3l ismert boltban, egy el\u0151fizet\u00e9s meg\u00faj\u00edt\u00e1sa, egy r\u00f6vid \u0171rlap kit\u00f6lt\u00e9se, vagy valaminek az \u00f6sszeszerel\u00e9se egy\u00e9rtelm\u0171 utas\u00edt\u00e1sokkal, mind olyan egyszer\u0171 feladatoknak nevezhet\u0151ek, amelyek gyerekj\u00e1t\u00e9knak sz\u00e1m\u00edtanak!<\/p>\n\n\n\n<p>N\u00e9h\u00e1ny ember sz\u00e1m\u00e1ra az \u00faj emberekkel val\u00f3 cseveg\u00e9s is gyerekj\u00e1t\u00e9k lehet (ha te is ilyen vagy, lehet, hogy irigykedni fogok!)<\/p>\n\n\n\n<ul class=\"wp-block-list\">\n<li>Munka \u00e9s iskola<\/li>\n<\/ul>\n\n\n\n<p>Szakmai k\u00f6rnyezetben ink\u00e1bb nem haszn\u00e1lunk idi\u00f3m\u00e1kat hivatalos \u00edr\u00e1sokban. A hivatalos besz\u00e9lget\u00e9sekben azonban m\u00e9g mindig szerepelhetnek, ha annyira n\u00e9pszer\u0171ek, hogy a munkahelyen mindenki ismeri a jelent\u00e9s\u00fcket.<\/p>\n\n\n\n<p>Az iskol\u00e1ban p\u00e9ld\u00e1ul egy vizsga gyerekj\u00e1t\u00e9k lehet a di\u00e1kok sz\u00e1m\u00e1ra, ha a vizsgaanyag megfelel a felk\u00e9sz\u00fcl\u00e9s\u00fcknek.&nbsp;<\/p>\n\n\n\n<p>Az olyan csoportos projektek, ahol mindenki egyform\u00e1n kiveszi a r\u00e9sz\u00e9t a munk\u00e1b\u00f3l, szint\u00e9n nagyon k\u00f6nny\u0171ek lehetnek, b\u00e1r ez csak ritk\u00e1n fordul el\u0151.<\/p>\n\n\n\n<p>N\u00e9ha hallhatod, hogy a munkat\u00e1rsaid azt mondj\u00e1k, hogy a munkabemutat\u00f3juk gyerekj\u00e1t\u00e9k volt, ha nem kaptak v\u00e1ratlan \u00fcgyf\u00e9lk\u00e9rd\u00e9seket. Ugyan\u00edgy jellemezhet\u0151 egy olyan munkaprojekt is, amely minden hat\u00e1rid\u0151t betart minden v\u00e1ratlan fennakad\u00e1s n\u00e9lk\u00fcl.<\/p>\n\n\n\n<p>Olyankor is hallod, amikor megnyugtat\u00e1sra van sz\u00fcks\u00e9ged. P\u00e9ld\u00e1ul egy koll\u00e9ga azt mondhatja, hogy egy feladat gyerekj\u00e1t\u00e9k lesz az \u00d6n sz\u00e1m\u00e1ra, hogy cs\u00f6kkentse a vele kapcsolatos szorong\u00e1s\u00e1t.<\/p>\n\n\n\n<h2 class=\"wp-block-heading\">A val\u00f3s \u00e9letben t\u00f6rt\u00e9n\u0151 felhaszn\u00e1l\u00e1s <em>Piece of Cake<\/em><\/h2>\n\n\n\n<p>A kifejez\u00e9snek sz\u00e1mos konkr\u00e9t felhaszn\u00e1l\u00e1si esete van.<\/p>\n\n\n\n<ol class=\"wp-block-list\">\n<li>Alkalmi besz\u00e9lget\u00e9sekben arra haszn\u00e1lj\u00e1k, hogy egy feladatot kezelhet\u0151nek, a v\u00e1rtn\u00e1l sokkal kev\u00e9sb\u00e9 megterhel\u0151nek \u00edrjanak le, pl. \u201cA szoftver be\u00e1ll\u00edt\u00e1sa gyerekj\u00e1t\u00e9k volt\u201d (vagyis kev\u00e9s energi\u00e1t vett ig\u00e9nybe).<\/li>\n<\/ol>\n\n\n\n<ol start=\"2\" class=\"wp-block-list\">\n<li>Arra haszn\u00e1lj\u00e1k, hogy megnyugtassanak valakit egy olyan feladattal kapcsolatban, ami miatt ideges. P\u00e9ld\u00e1ul azt mondhatj\u00e1k neked, hogy \u201cNe agg\u00f3dj, gyerekj\u00e1t\u00e9k lesz\u201d, a vezet\u00e9si vizsga el\u0151tt.<\/li>\n<\/ol>\n\n\n\n<ol start=\"3\" class=\"wp-block-list\">\n<li>Az emberek arra is haszn\u00e1lj\u00e1k a tortaszeletet, hogy kontrasztot \u00e1ll\u00edtsanak k\u00e9t helyzet k\u00f6z\u00f6tt, amelyek k\u00f6z\u00fcl az egyik kev\u00e9sb\u00e9 volt megterhel\u0151, mint a m\u00e1sik, p\u00e9ld\u00e1ul: \u201cA m\u00falt h\u00e9t ut\u00e1n a mai nap egy szelet torta volt\u201d. A mondatb\u00f3l el\u00e9g arra k\u00f6vetkeztetni, hogy az elm\u00falt h\u00e9t megviselte azt, aki ezt mondta.<\/li>\n<\/ol>\n\n\n\n<ol start=\"4\" class=\"wp-block-list\">\n<li>Arra is j\u00f3, hogy egy csoportos feladat k\u00f6z\u00f6s \u00fcnnepl\u00e9s\u00e9n\u00e9l, p\u00e9ld\u00e1ul egy feladat vagy egy \u00fatiterv elk\u00e9sz\u00edt\u00e9s\u00e9n\u00e9l, \u00f6sszekov\u00e1csol\u00f3djunk.<\/li>\n<\/ol>\n\n\n\n<ol start=\"5\" class=\"wp-block-list\">\n<li>N\u00e9ha az emberek sz\u00e1nd\u00e9kosan haszn\u00e1lj\u00e1k, hogy sz\u00e1nd\u00e9kosan lekicsinyelj\u00e9k valaki m\u00e1s eredm\u00e9nyeit. Ahogyan azt m\u00e1r megbesz\u00e9lt\u00fck, a k\u00f6nnyeds\u00e9g k\u00fcsz\u00f6be nem mindenkin\u00e9l ugyanaz. Ami neked gyerekj\u00e1t\u00e9knak t\u0171nhet, az m\u00e1snak sok-sok \u00f3r\u00e1nyi gyakorl\u00e1sba ker\u00fclhetett.\u00a0<\/li>\n<\/ol>\n\n\n\n<p>Kimutathatatlan mesters\u00e9ges intelligencia <a href=\"https:\/\/undetectable.ai\/ai-chat\" target=\"_blank\" rel=\"noreferrer noopener\">AI Chat<\/a> egy nagyszer\u0171 eszk\u00f6z, amellyel megismerheti az \u2018egy szelet torta\u2019 kifejez\u00e9s \u00f6sszes felhaszn\u00e1l\u00e1si eset\u00e9t.\u2019<\/p>\n\n\n\n<p>K\u00e9rje az eszk\u00f6zt, hogy adjon t\u00f6bb val\u00f3s p\u00e9ld\u00e1t a fenti felhaszn\u00e1l\u00e1si esetek mindegyik\u00e9re, \u00e9s hamarosan azon kapja mag\u00e1t, hogy tudatos er\u0151fesz\u00edt\u00e9s n\u00e9lk\u00fcl haszn\u00e1lja a besz\u00e9lget\u00e9sekben!\u00a0<\/p>\n\n\n<div class=\"wp-block-image\">\n<figure class=\"aligncenter size-large\"><img loading=\"lazy\" decoding=\"async\" width=\"1024\" height=\"492\" src=\"https:\/\/undetectable.ai/blog\/wp-content\/uploads\/2025\/01\/ai-chat-1024x492.jpg\" alt=\"AI Chat\" class=\"wp-image-6097\" title=\"\" srcset=\"https:\/\/undetectable.ai/blog\/wp-content\/uploads\/2025\/01\/ai-chat-1024x492.jpg 1024w, https:\/\/undetectable.ai/blog\/wp-content\/uploads\/2025\/01\/ai-chat-300x144.jpg 300w, https:\/\/undetectable.ai/blog\/wp-content\/uploads\/2025\/01\/ai-chat-768x369.jpg 768w, https:\/\/undetectable.ai/blog\/wp-content\/uploads\/2025\/01\/ai-chat-1536x738.jpg 1536w, https:\/\/undetectable.ai/blog\/wp-content\/uploads\/2025\/01\/ai-chat-2048x984.jpg 2048w, https:\/\/undetectable.ai/blog\/wp-content\/uploads\/2025\/01\/ai-chat-18x9.jpg 18w\" sizes=\"auto, (max-width: 1024px) 100vw, 1024px\" \/><\/figure><\/div>\n\n\n<h2 class=\"wp-block-heading\">Okos tippek \u00e9s gyakori hib\u00e1k<\/h2>\n\n\n\n<p>A \u2018piece of cake\u2019 k\u00e9tf\u00e9le mondatszerkezetben haszn\u00e1lhat\u00f3:&nbsp;<\/p>\n\n\n\n<ol class=\"wp-block-list\">\n<li>Valami + van\/volt + gyerekj\u00e1t\u00e9k.<\/li>\n<\/ol>\n\n\n\n<ol start=\"2\" class=\"wp-block-list\">\n<li>Ez + van\/volt + egy gyerekj\u00e1t\u00e9k + valakinek + valamit csin\u00e1lni<\/li>\n<\/ol>\n\n\n\n<p>Az idi\u00f3ma el\u0151tt szinte mindig az \u201ca\u201d hat\u00e1rozatlan n\u00e9vel\u0151 \u00e1ll. Nyelvtanilag helytelen lesz, ha a cikk n\u00e9lk\u00fcl haszn\u00e1ljuk.<\/p>\n\n\n\n<p>P\u00e9ld\u00e1ul:<\/p>\n\n\n\n<ul class=\"wp-block-list\">\n<li>Csapatunk sz\u00e1m\u00e1ra gyerekj\u00e1t\u00e9k volt, hogy a hetek \u00f3ta tart\u00f3 k\u00f6vetkezetes gyakorl\u00e1s ut\u00e1n megnyerj\u00fck az utols\u00f3 fordul\u00f3t.<\/li>\n<\/ul>\n\n\n\n<ul class=\"wp-block-list\">\n<li>A be\u00e1ll\u00edt\u00e1s gyerekj\u00e1t\u00e9knak t\u0171nt.<\/li>\n<\/ul>\n\n\n\n<p>A kifejez\u00e9s legink\u00e1bb \u00e1tvitt \u00e9rtelemben haszn\u00e1latos, \u00e9s k\u00f6nnyeds\u00e9get, k\u00e9nyelmet jelent.&nbsp;<\/p>\n\n\n\n<p>Ha a t\u00e9nyleges tort\u00e1ra utal, akkor a f\u00e9lre\u00e9rt\u00e9sek elker\u00fcl\u00e9se \u00e9rdek\u00e9ben ink\u00e1bb azt kell mondania, hogy \u201cegy szelet torta\u201d, mint azt, hogy \"egy szelet torta\".<\/p>\n\n\n\n<p>Az idi\u00f3m\u00e1t a tudom\u00e1nyos \u00e9s szakmai \u00edr\u00e1sokb\u00f3l is b\u00f6lcs dolog t\u00e1vol tartani. Besz\u00e9lget\u00e9seidben, mind a k\u00f6tetlen, mind a hivatalos besz\u00e9lget\u00e9sekben haszn\u00e1ld, de ne illeszd be egy jelent\u00e9sbe vagy dolgozatba, mert a hivatalos \u00edr\u00e1s k\u00f6zvetlen nyelvezetet ig\u00e9nyel.<\/p>\n\n\n\n<h2 class=\"wp-block-heading\">A Piece of Cake szinonim\u00e1i<\/h2>\n\n\n\n<p>Rengeteg m\u00e1s idi\u00f3ma \u00e9s mindennapi kifejez\u00e9s l\u00e9tezik, amelyek ugyanazt jelentik, mint a \u2018piece of cake\u2019. \u00cdme n\u00e9h\u00e1ny k\u00f6z\u00fcl\u00fck.<\/p>\n\n\n\n<ul class=\"wp-block-list\">\n<li>Egyszer\u0171, mint a pite, pl. A k\u00e9sz\u00fcl\u00e9k be\u00e1ll\u00edt\u00e1sa egyszer\u0171 volt, mint a pite, alig n\u00e9ztem meg az \u00fatmutat\u00f3t.<\/li>\n<\/ul>\n\n\n\n<ul class=\"wp-block-list\">\n<li>No sweat, pl. Ne stresszelj a hat\u00e1rid\u0151 miatt, nekem nem okoz gondot.<\/li>\n<\/ul>\n\n\n\n<ul class=\"wp-block-list\">\n<li>Gyerekj\u00e1t\u00e9k, pl. Egy tapasztalt ember sz\u00e1m\u00e1ra ez a k\u00f3dol\u00e1si feladat gyerekj\u00e1t\u00e9k.\u00a0<\/li>\n<\/ul>\n\n\n\n<ul class=\"wp-block-list\">\n<li>A breeze, pl.: The walk to the station was a breeze once the rain stopped.<\/li>\n<\/ul>\n\n\n\n<ul class=\"wp-block-list\">\n<li>S\u00e9ta a parkban, pl.: A m\u00falt h\u00e9t olyan mozgalmas volt, hogy ez a mostani olyan, mint egy s\u00e9ta a parkban.<\/li>\n<\/ul>\n\n\n\n<ul class=\"wp-block-list\">\n<li>K\u00f6nnyed\u00e9n, pl. az el\u0151z\u0151 rendszerr\u0151l az \u00faj rendszerre val\u00f3 \u00e1t\u00e1ll\u00e1s k\u00f6nnyed\u00e9n ment.\u00a0<\/li>\n<\/ul>\n\n\n\n<h2 class=\"wp-block-heading\">Az \u00edr\u00e1s tiszt\u00e1bb\u00e1 t\u00e9tele a Piece of Cake seg\u00edts\u00e9g\u00e9vel<\/h2>\n\n\n\n<p>Az idi\u00f3m\u00e1kat ink\u00e1bb a besz\u00e9lget\u00e9sekben, mintsem az \u00edrott angolban, k\u00fcl\u00f6n\u00f6sen a hivatalos \u00edr\u00e1sokban \u00e9rdemes haszn\u00e1lni. Egyes \u00edr\u00e1sform\u00e1k megengedik a haszn\u00e1latukat, mint p\u00e9ld\u00e1ul az alkalmi e-mailek vagy a blogbejegyz\u00e9sek.<\/p>\n\n\n\n<p>De minden hivatalos dolgot mindig egyszer\u0171, k\u00f6zvetlen hangnemben kell meg\u00edrni, ahol minden sz\u00f3t sz\u00f3 szerint kell \u00e9rteni.<\/p>\n\n\n\n<p>Ha \u00edr\u00e1sban haszn\u00e1lja a \u2018piece of cake\u2019 kifejez\u00e9st, nagyon \u00fcgyeljen a helyes nyelvtani \u00e9s helyes\u00edr\u00e1si szab\u00e1lyokra. Sokan a darab sz\u00f3t \u2018peice\u2019-nek \u00edrj\u00e1k rosszul, ami nagyon visszatetsz\u0151.<\/p>\n\n\n\n<p>A kifejez\u00e9st is m\u00e9rt\u00e9kkel kell haszn\u00e1lni. Ha valaki rajtakap, hogy azt mondod, minden gyerekj\u00e1t\u00e9k volt sz\u00e1modra, val\u00f3sz\u00edn\u0171leg azt fogja hinni, hogy a figyelemfelkelt\u00e9s miatt k\u00e9rkedsz.<\/p>\n\n\n\n<p>\u00c9s ha valaki az angolt m\u00e1sodik nyelvk\u00e9nt tanulja, mindig az a legjobb, ha egy mesters\u00e9ges intelligencia eszk\u00f6z seg\u00edt a pontos idi\u00f3m\u00e1k haszn\u00e1lat\u00e1ban.<\/p>\n\n\n<div class=\"wp-block-image\">\n<figure class=\"aligncenter size-large\"><img loading=\"lazy\" decoding=\"async\" width=\"1024\" height=\"436\" src=\"https:\/\/undetectable.ai/blog\/wp-content\/uploads\/2025\/11\/Advanced-AI-Humanizer-1024x436.jpg\" alt=\"Az Undetectable AI fejlett AI Humanizer programj\u00e1nak k\u00e9perny\u0151k\u00e9pe\" class=\"wp-image-18108\" title=\"\" srcset=\"https:\/\/undetectable.ai/blog\/wp-content\/uploads\/2025\/11\/Advanced-AI-Humanizer-1024x436.jpg 1024w, https:\/\/undetectable.ai/blog\/wp-content\/uploads\/2025\/11\/Advanced-AI-Humanizer-300x128.jpg 300w, https:\/\/undetectable.ai/blog\/wp-content\/uploads\/2025\/11\/Advanced-AI-Humanizer-768x327.jpg 768w, https:\/\/undetectable.ai/blog\/wp-content\/uploads\/2025\/11\/Advanced-AI-Humanizer-18x8.jpg 18w, https:\/\/undetectable.ai/blog\/wp-content\/uploads\/2025\/11\/Advanced-AI-Humanizer.jpg 1265w\" sizes=\"auto, (max-width: 1024px) 100vw, 1024px\" \/><\/figure><\/div>\n\n\n<p>A kimutathatatlan mesters\u00e9ges intelligencia <a href=\"https:\/\/undetectable.ai\/\" target=\"_blank\" rel=\"noreferrer noopener\">AI Humanizer<\/a> nagyszer\u0171 a t\u00fals\u00e1gosan hivatalos sz\u00f6vegek jav\u00edt\u00e1s\u00e1ra. Javasolhatja, hogy eg\u00e9sz\u00edtsd ki a mondatot, ha sz\u00fcks\u00e9g van r\u00e1.<\/p>\n\n\n<div class=\"wp-block-image\">\n<figure class=\"aligncenter size-large\"><img loading=\"lazy\" decoding=\"async\" width=\"1024\" height=\"561\" src=\"https:\/\/undetectable.ai/blog\/wp-content\/uploads\/2025\/12\/AI-Paragraph-Rewriter-1024x561.jpg\" alt=\"\u00c9szrevehetetlen AI AI bekezd\u00e9s-\u00e1t\u00edr\u00f3\" class=\"wp-image-17868\" title=\"\" srcset=\"https:\/\/undetectable.ai/blog\/wp-content\/uploads\/2025\/12\/AI-Paragraph-Rewriter-1024x561.jpg 1024w, https:\/\/undetectable.ai/blog\/wp-content\/uploads\/2025\/12\/AI-Paragraph-Rewriter-300x164.jpg 300w, https:\/\/undetectable.ai/blog\/wp-content\/uploads\/2025\/12\/AI-Paragraph-Rewriter-768x421.jpg 768w, https:\/\/undetectable.ai/blog\/wp-content\/uploads\/2025\/12\/AI-Paragraph-Rewriter-18x10.jpg 18w, https:\/\/undetectable.ai/blog\/wp-content\/uploads\/2025\/12\/AI-Paragraph-Rewriter.jpg 1115w\" sizes=\"auto, (max-width: 1024px) 100vw, 1024px\" \/><\/figure><\/div>\n\n\n<p>Emellett haszn\u00e1lhatod az \u00c9szrevehetetlen AI-t is. <a href=\"https:\/\/undetectable.ai\/paragraph-rewriter\" target=\"_blank\" rel=\"noreferrer noopener\">Paragraph Rewriter<\/a> abban az esetben, ha nem jut eszedbe m\u00e1s alternat\u00edva, \u00e9s t\u00f6bbsz\u00f6r is megism\u00e9telted, akkor szinonim\u00e1k haszn\u00e1lat\u00e1val, jobb mondatszerkezetben parafraz\u00e1lja a sz\u00f6vegedet.<\/p>\n\n\n\n<p>Kezdje el az AI Detector \u00e9s Humanizer haszn\u00e1lat\u00e1t az al\u00e1bbi widgetben!<\/p>\n\n\n\n<div id=\"uai-widget\" data-affiliate-link=\"https:\/\/undetectable.ai\/?_by=hi4km\"><script>var js = document.createElement(\"script\");js.async = true;js.src = \"https:\/\/widget.undetectable.ai\/js\/widget-loader.js?t=\"+Date.now();document.getElementsByTagName(\"head\")[0].appendChild(js);<\/script><\/div>\n\n\n\n<h2 class=\"wp-block-heading\">V\u00e9gs\u0151 gondolatok<\/h2>\n\n\n\n<p>Rem\u00e9lem, hogy most m\u00e1r gyerekj\u00e1t\u00e9k lesz az idi\u00f3ma haszn\u00e1lata (sz\u00f3viccnek sz\u00e1ntam!). Pr\u00f3b\u00e1ld ki a bar\u00e1taiddal val\u00f3 alkalmi besz\u00e9lget\u00e9seid sor\u00e1n \u00e9s a munkahelyeden\/iskol\u00e1dban, amikor egy k\u00f6nnyed\u00e9n megoldhat\u00f3 feladattal tal\u00e1lkozol.&nbsp;<\/p>\n\n\n\n<p>\u00c9s ha b\u00e1rmikor neh\u00e9zs\u00e9gekbe \u00fctk\u00f6zik, csak forduljon a felder\u00edthetetlen AI Chathez a k\u00e9rd\u00e9s\u00e9vel. Az eszk\u00f6z kifejezetten a h\u00e1zi feladatokhoz k\u00e9sz\u00fclt, \u00e9s biztosan seg\u00edt megtanulni az angol idi\u00f3m\u00e1kat minden furcsas\u00e1gukkal egy\u00fctt.<\/p>\n\n\n\n<p>Pr\u00f3b\u00e1lja ki <a href=\"https:\/\/undetectable.ai\/\" target=\"_blank\" rel=\"noreferrer noopener\">Kimutathatatlan AI<\/a> ma!<\/p>","protected":false},"excerpt":{"rendered":"","protected":false},"author":15,"featured_media":19654,"comment_status":"closed","ping_status":"closed","sticky":false,"template":"","format":"standard","meta":{"_themeisle_gutenberg_block_has_review":false,"footnotes":""},"categories":[31],"tags":[],"class_list":["post-19645","post","type-post","status-publish","format-standard","has-post-thumbnail","hentry","category-helpful-ai-content-tips"],"_links":{"self":[{"href":"https:\/\/undetectable.ai/blog\/hu\/wp-json\/wp\/v2\/posts\/19645","targetHints":{"allow":["GET"]}}],"collection":[{"href":"https:\/\/undetectable.ai/blog\/hu\/wp-json\/wp\/v2\/posts"}],"about":[{"href":"https:\/\/undetectable.ai/blog\/hu\/wp-json\/wp\/v2\/types\/post"}],"author":[{"embeddable":true,"href":"https:\/\/undetectable.ai/blog\/hu\/wp-json\/wp\/v2\/users\/15"}],"replies":[{"embeddable":true,"href":"https:\/\/undetectable.ai/blog\/hu\/wp-json\/wp\/v2\/comments?post=19645"}],"version-history":[{"count":4,"href":"https:\/\/undetectable.ai/blog\/hu\/wp-json\/wp\/v2\/posts\/19645\/revisions"}],"predecessor-version":[{"id":19652,"href":"https:\/\/undetectable.ai/blog\/hu\/wp-json\/wp\/v2\/posts\/19645\/revisions\/19652"}],"wp:featuredmedia":[{"embeddable":true,"href":"https:\/\/undetectable.ai/blog\/hu\/wp-json\/wp\/v2\/media\/19654"}],"wp:attachment":[{"href":"https:\/\/undetectable.ai/blog\/hu\/wp-json\/wp\/v2\/media?parent=19645"}],"wp:term":[{"taxonomy":"category","embeddable":true,"href":"https:\/\/undetectable.ai/blog\/hu\/wp-json\/wp\/v2\/categories?post=19645"},{"taxonomy":"post_tag","embeddable":true,"href":"https:\/\/undetectable.ai/blog\/hu\/wp-json\/wp\/v2\/tags?post=19645"}],"curies":[{"name":"wp","href":"https:\/\/api.w.org\/{rel}","templated":true}]}}