{"id":19655,"date":"2026-01-17T19:50:43","date_gmt":"2026-01-17T19:50:43","guid":{"rendered":"https:\/\/undetectable.ai/blog\/?p=19655"},"modified":"2026-01-30T22:00:40","modified_gmt":"2026-01-30T22:00:40","slug":"egyszer-a-kek-holdban","status":"publish","type":"post","link":"https:\/\/undetectable.ai/blog\/hu\/egyszer-a-kek-holdban","title":{"rendered":"A Once in a Blue Moon haszn\u00e1lata \u00edr\u00e1sban: Tippek"},"content":{"rendered":"<p>Mindig ezt hallod:<\/p>\n\n\n\n<p>\u201cCsak egyszer-egyszer megyek ki a k\u00e9k holdon.\u201d<\/p>\n\n\n\n<p>\u201cIlyen szerencse csak egyszer fordul el\u0151 a k\u00e9k holdban.\u201d<\/p>\n\n\n\n<p>\u201cCsak n\u00e9ha-n\u00e9ha hallok fel\u0151le.\u201d<\/p>\n\n\n\n<p>Val\u00f3sz\u00edn\u0171leg \u00d6n is sokszor kimondja az \u201cegyszer a k\u00e9k holdban\u201d kifejez\u00e9st, an\u00e9lk\u00fcl, hogy gondolkodna rajta.<\/p>\n\n\n\n<p>Olyan k\u00f6nnyen g\u00f6rd\u00fcl le a nyelv\u00fcnkr\u0151l... de elgondolkodt\u00e1l m\u00e1r azon, hogy mit is jelent val\u00f3j\u00e1ban ez a kifejez\u00e9s, vagy honnan sz\u00e1rmazik?<\/p>\n\n\n\n<p>Ha igen, akkor j\u00f3 helyen j\u00e1rsz! Ebben a bejegyz\u00e9sben lebontjuk a Once in a blue moon val\u00f3di jelent\u00e9s\u00e9t, kiemelj\u00fck a kifejez\u00e9s t\u00f6rt\u00e9net\u00e9t, azt, hogy hogyan kapcsol\u00f3dik a val\u00f3di holdhoz, \u00e9s v\u00e9g\u00fcl azt, hogy hogyan haszn\u00e1ld term\u00e9szetesen a kifejez\u00e9st mind az \u00edrott, mind a besz\u00e9lt nyelvben.<\/p>\n\n\n\n<p><strong>TL: DR<\/strong> - A \u201cOnce in a blue moon\u201d egy r\u00e9g\u00f3ta haszn\u00e1lt idiomatikus kifejez\u00e9s, amely olyasvalamire utal, ami nagyon ritk\u00e1n t\u00f6rt\u00e9nik meg. B\u00e1r a kifejez\u00e9s elvontnak t\u0171nik, val\u00f3j\u00e1ban a val\u00f3s holdf\u00e1zisokban \u00e9s a korai napt\u00e1rrendszerekben gy\u00f6kerezik.<\/p>\n\n\n\n<p>Ugorjunk be.<\/p>\n\n\n\n<hr class=\"wp-block-separator has-alpha-channel-opacity\"\/>\n\n\n\n<p class=\"has-text-align-center\"><strong>A legfontosabb tudnival\u00f3k<\/strong><\/p>\n\n\n\n<ul class=\"wp-block-list\">\n<li>\u201cA \u201dOnce in a blue moon\" egy gyakori idiomatikus kifejez\u00e9s, amelyet olyan esem\u00e9ny le\u00edr\u00e1s\u00e1ra haszn\u00e1lnak, amely nagyon ritk\u00e1n vagy szinte soha nem fordul el\u0151.<\/li>\n<\/ul>\n\n\n\n<p><\/p>\n\n\n\n<ul class=\"wp-block-list\">\n<li>A kifejez\u00e9s a csillag\u00e1szatban gy\u00f6kerezik, \u00e9s vagy egy napt\u00e1ri h\u00f3nap m\u00e1sodik teliholdj\u00e1ra, vagy egy \u00e9vszak negyedik teliholdj\u00e1ra utal.<\/li>\n<\/ul>\n\n\n\n<p><\/p>\n\n\n\n<ul class=\"wp-block-list\">\n<li>B\u00e1r az idi\u00f3ma \u00e1tvitt \u00e9rtelm\u0171, a Hold fizikailag k\u00e9knek t\u0171nhet ritka l\u00e9gk\u00f6ri k\u00f6r\u00fclm\u00e9nyek k\u00f6z\u00f6tt, er\u0151s por vagy f\u00fcst eset\u00e9n, b\u00e1r ez nem f\u00fcgg \u00f6ssze a mond\u00e1s eredet\u00e9vel.<\/li>\n<\/ul>\n\n\n\n<p><\/p>\n\n\n\n<ul class=\"wp-block-list\">\n<li>Ez a kifejez\u00e9s a leghat\u00e9konyabb a k\u00f6tetlen vagy t\u00e1rsalg\u00e1si jelleg\u0171 \u00edr\u00e1sokban, p\u00e9ld\u00e1ul blogbejegyz\u00e9sekben \u00e9s sz\u00e9pirodalmi m\u0171vekben, de ker\u00fclend\u0151 a technikai vagy tudom\u00e1nyos dokumentumokban, ahol pontoss\u00e1gra van sz\u00fcks\u00e9g.<\/li>\n<\/ul>\n\n\n\n<p><\/p>\n\n\n\n<ul class=\"wp-block-list\">\n<li>Annak \u00e9rdek\u00e9ben, hogy az ilyen idi\u00f3m\u00e1k term\u00e9szetesen \u00e1ramoljanak, \u00e9s ne \u00e9rezz\u00fck er\u0151ltetettnek a pr\u00f3z\u00e1ban, haszn\u00e1lhatjuk az Undetectable AI-t, hogy humaniz\u00e1ljuk a sz\u00f6veget, \u00e9s biztos\u00edtsuk, hogy megfeleljen az anyanyelvi besz\u00e9l\u0151k hangnem\u00e9nek.<\/li>\n<\/ul>\n\n\n\n<p><\/p>\n\n\n\n<hr class=\"wp-block-separator has-alpha-channel-opacity\"\/>\n\n\n\n<h2 class=\"wp-block-heading\"><strong><em>Egyszer a k\u00e9k holdban<\/em><\/strong><strong> Jelent\u00e9se<\/strong><\/h2>\n\n\n\n<p>Egy gyors Google-keres\u00e9ssel k\u00f6nnyen kider\u00edtheti, hogy <em>egyszer a k\u00e9k holdban<\/em> egy olyan kifejez\u00e9s, amelyet ritka esem\u00e9ny vagy esem\u00e9ny le\u00edr\u00e1s\u00e1ra haszn\u00e1lnak, azaz olyan dolog, amely nem t\u00f6rt\u00e9nik meg minden h\u00e9ten, minden h\u00f3napban vagy ak\u00e1r minden \u00e9vben.<\/p>\n\n\n\n<p>P\u00e9ld\u00e1ul:<\/p>\n\n\n\n<ul class=\"wp-block-list\">\n<li>\u201cCsak n\u00e9ha eszem gyors\u00e9ttermet.\u201d<\/li>\n\n\n\n<li>\u201cEgyszer-egyszer ell\u00e1togat a sz\u00fcl\u0151v\u00e1ros\u00e1ba.\u201d<\/li>\n\n\n\n<li>\u201cItt csak egyszer l\u00e1tunk havat a k\u00e9k holdban.\u201d<\/li>\n\n\n\n<li>\u201cIlyen lehet\u0151s\u00e9gek csak egyszer ad\u00f3dnak a k\u00e9k holdban.\u201d<\/li>\n<\/ul>\n\n\n\n<p>B\u00e1r a kifejez\u00e9s a Holdat eml\u00edti, az emberek, akik ezt a kifejez\u00e9st haszn\u00e1lj\u00e1k, val\u00f3j\u00e1ban egy\u00e1ltal\u00e1n nem a Holdra utalnak. Ehelyett olyan szavak \u00e1tvitt \u00e9rtelemben vett r\u00f6vid\u00edt\u00e9sek\u00e9nt haszn\u00e1lj\u00e1k. <em>ritk\u00e1n<\/em>, <em>ritk\u00e1n<\/em>, vagy <em>szinte soha.<\/em><\/p>\n\n\n\n<h3 class=\"wp-block-heading\"><strong>Ennek az idiomatikus kifejez\u00e9snek a meg\u00e9rt\u00e9se<\/strong><\/h3>\n\n\n\n<p><em>Egyszer a k\u00e9k holdban<\/em> klasszikus p\u00e9ld\u00e1ja az idi\u00f3m\u00e1nak (olyan kifejez\u00e9s, amelyet nem sz\u00f3 szerint kell \u00e9rteni). A legt\u00f6bb ember \u00f6szt\u00f6n\u00f6sen meg\u00e9rti, mert a mindennapi nyelvben gener\u00e1ci\u00f3k \u00f3ta haszn\u00e1lj\u00e1k. <\/p>\n\n\n\n<p>Amikor meghallod, azonnal kattan a fejedben. M\u00e9g csak gondolkodni sem kell azon, hogy mit jelent.<\/p>\n\n\n\n<p>Mint m\u00e1s idi\u00f3m\u00e1k, <em>egyszer a k\u00e9k holdban<\/em> egy kis szem\u00e9lyis\u00e9get ad a besz\u00e9lget\u00e9sekhez \u00e9s az \u00edr\u00e1shoz. Ha p\u00e9ld\u00e1ul azt mondod, hogy \u201cN\u00e9ha-n\u00e9ha megn\u00e9zem a szem\u00e9lyes e-mailjeimet\u201d, k\u00f6nnyedebbnek \u00e9s emberibbnek \u00e9rzed, mintha azt mondan\u00e1d, hogy \u201csoha nem n\u00e9zem meg az e-mailjeimet\u201d.\u201d<\/p>\n\n\n\n<p>Ez\u00e9rt olyan hat\u00e9konyak az idi\u00f3m\u00e1k. Gyorsan k\u00f6zvet\u00edtik a jelent\u00e9st, mik\u00f6zben term\u00e9szetesebb\u00e9, kifejez\u0151bb\u00e9 \u00e9s \u00e1t\u00e9lhet\u0151bb\u00e9 teszik a nyelvet.<\/p>\n\n\n\n<h2 class=\"wp-block-heading\"><strong><em>Egyszer a k\u00e9k holdban: <\/em><\/strong><strong>Eredet \u00e9s t\u00f6rt\u00e9nelem<\/strong><\/h2>\n\n\n<div class=\"wp-block-image\">\n<figure class=\"aligncenter size-large\"><img loading=\"lazy\" decoding=\"async\" width=\"1024\" height=\"683\" src=\"https:\/\/undetectable.ai/blog\/wp-content\/uploads\/2026\/01\/phases-of-the-moon-1024x683.jpg\" alt=\"a holdf\u00e1zisok\" class=\"wp-image-19665\" title=\"\" srcset=\"https:\/\/undetectable.ai/blog\/wp-content\/uploads\/2026\/01\/phases-of-the-moon-1024x683.jpg 1024w, https:\/\/undetectable.ai/blog\/wp-content\/uploads\/2026\/01\/phases-of-the-moon-300x200.jpg 300w, https:\/\/undetectable.ai/blog\/wp-content\/uploads\/2026\/01\/phases-of-the-moon-768x512.jpg 768w, https:\/\/undetectable.ai/blog\/wp-content\/uploads\/2026\/01\/phases-of-the-moon-18x12.jpg 18w, https:\/\/undetectable.ai/blog\/wp-content\/uploads\/2026\/01\/phases-of-the-moon.jpg 1200w\" sizes=\"auto, (max-width: 1024px) 100vw, 1024px\" \/><\/figure><\/div>\n\n\n<p>J\u00f3val azel\u0151tt, hogy <em>egyszer a k\u00e9k holdban<\/em> alkalmi kifejez\u00e9ss\u00e9 v\u00e1lt, ahhoz k\u00f6t\u0151d\u00f6tt, ahogyan az emberek az id\u0151t nyomon k\u00f6vett\u00e9k; konkr\u00e9tan a Holdhoz, a napt\u00e1rhoz, \u00e9s ahhoz, ahogyan a teliholdak a h\u00f3napok \u00e9s \u00e9vszakok k\u00f6z\u00f6tt sorakoznak.<\/p>\n\n\n\n<h3 class=\"wp-block-heading\"><strong>Honnan sz\u00e1rmazik a kifejez\u00e9s<\/strong><\/h3>\n\n\n\n<p>T\u00f6rt\u00e9nelmileg a telihold k\u00f6r\u00fclbel\u00fcl 29,5 naponk\u00e9nt jelenik meg. Ez az id\u0151z\u00edt\u00e9s nem illeszkedik pontosan a modern napt\u00e1ri h\u00f3naphoz, ez\u00e9rt lehets\u00e9ges, hogy egy h\u00f3napban k\u00e9t telihold is van.<\/p>\n\n\n\n<p>Amikor ez megt\u00f6rt\u00e9nik, a m\u00e1sodikat gyakran k\u00e9k holdnak nevezik.<\/p>\n\n\n\n<p>Mivel ez a plusz hold nem gyakran jelenik meg, ritka alkalmakkal t\u00e1rsult. Id\u0151vel az emberek elkezdt\u00e9k haszn\u00e1lni a kifejez\u00e9st <em>egyszer a k\u00e9k holdban<\/em> olyan dolgok le\u00edr\u00e1s\u00e1ra, amelyek a mindennapi \u00e9letben szinte soha nem fordulnak el\u0151.<\/p>\n\n\n\n<h3 class=\"wp-block-heading\"><strong>Az almanachok \u00e9s napt\u00e1rak szerepe<\/strong><\/h3>\n\n\n\n<p>Az \u00e1ltalunk ma ismert jelent\u00e9st nagyr\u00e9szt a r\u00e9gi almanachok \u00e9s az \u00e9vszakos holdsz\u00e1ml\u00e1l\u00e1si rendszerek alak\u00edtott\u00e1k ki.<\/p>\n\n\n\n<p>Egyes rendszerekben a k\u00e9k hold nem is a m\u00e1sodik telihold volt egy h\u00f3napban, hanem a m\u00e1sodik telihold. <em>negyedik<\/em> telihold egy olyan \u00e9vszakban, amelyben \u00e1ltal\u00e1ban csak h\u00e1rom van. Ez a meghat\u00e1roz\u00e1s seg\u00edtett abban, hogy a vall\u00e1si napt\u00e1rak \u00f6sszhangban maradjanak a term\u00e9szettel.<\/p>\n\n\n\n<p>K\u00e9s\u0151bb egy t\u00e9ves \u00e9rtelmez\u00e9s <a href=\"https:\/\/www.loc.gov\/everyday-mysteries\/astronomy\/item\/what-is-a-blue-moon-is-it-ever-really-blue\/\" target=\"_blank\" rel=\"noreferrer noopener\">az 1940-es \u00e9vekben jelent meg<\/a> n\u00e9pszer\u0171s\u00edtette a k\u00e9k hold gondolat\u00e1t, mint a <em>m\u00e1sodik<\/em> telihold ugyanabban a h\u00f3napban.<\/p>\n\n\n\n<p>Ez a v\u00e1ltozat gyorsan elterjedt \u00e9s megragadt, annak ellen\u00e9re, hogy a r\u00e9gebbi szab\u00e1lyok szerint technikailag helytelen volt.<\/p>\n\n\n\n<p>Ak\u00e1rhogy is, mindk\u00e9t meghat\u00e1roz\u00e1s ugyanarra a gondolatra utal: a k\u00e9k hold olyan dolog, ami nem t\u00f6rt\u00e9nik meg gyakran.<\/p>\n\n\n\n<h3 class=\"wp-block-heading\"><strong>T\u00e9nyleg k\u00e9kre v\u00e1ltozik a telihold?<\/strong><\/h3>\n\n\n\n<p>Itt kezd zavaross\u00e1 v\u00e1lni a dolog.<\/p>\n\n\n\n<p>Egy k\u00e9knek t\u0171n\u0151 hold <em>lehet<\/em> megt\u00f6rt\u00e9nhet, de ennek semmi k\u00f6ze az idi\u00f3m\u00e1hoz. Ritka l\u00e9gk\u00f6ri k\u00f6r\u00fclm\u00e9nyek k\u00f6z\u00f6tt az olyan r\u00e9szecsk\u00e9k, mint a por, a f\u00fcst vagy a hamu sz\u00f3rhatj\u00e1k a k\u00e9k f\u00e9nyt, ami miatt a Hold az emberi szem sz\u00e1m\u00e1ra halv\u00e1nyan k\u00e9knek t\u0171nik.<\/p>\n\n\n\n<p>Ezek az esem\u00e9nyek rendk\u00edv\u00fcl ritk\u00e1k, \u00e9s \u00e1ltal\u00e1ban term\u00e9szeti katasztr\u00f3f\u00e1khoz vagy nagy kiterjed\u00e9s\u0171 t\u00fczekhez kapcsol\u00f3dnak. Leny\u0171g\u00f6z\u0151ek, de nem ezek miatt mondjuk azt, hogy <em>egyszer a k\u00e9k holdban<\/em>.<\/p>\n\n\n\n<h2 class=\"wp-block-heading\"><strong>Helyzetek, ahol a kifejez\u00e9s illik a sz\u00f6vegbe<\/strong><\/h2>\n\n\n\n<p>\u00c1ltal\u00e1noss\u00e1gban, <em>egyszer a k\u00e9k holdban<\/em> akkor m\u0171k\u00f6dik a legjobban, ha valami olyasmit akarsz le\u00edrni, ami nagyon ritk\u00e1n t\u00f6rt\u00e9nik, term\u00e9szetes, h\u00e9tk\u00f6znapi m\u00f3don. A k\u00f6vetkez\u0151 p\u00e9ld\u00e1k azt mutatj\u00e1k, hogy hol illik r\u00e1 a legjobban (\u00e9s hol nem).<\/p>\n\n\n\n<h3 class=\"wp-block-heading\"><strong>\u00cdr\u00e1sos haszn\u00e1lat<\/strong><\/h3>\n\n\n\n<p>\u00cdr\u00e1sban, <em>egyszer a k\u00e9k holdban<\/em> akkor m\u0171k\u00f6dik a legjobban, ha szem\u00e9lyis\u00e9get vagy t\u00e1rsalg\u00e1si hangnemet szeretne hozz\u00e1adni an\u00e9lk\u00fcl, hogy inform\u00e1lisnak vagy hanyagnak t\u0171nne.<\/p>\n\n\n\n<p>K\u00fcl\u00f6n\u00f6sen hat\u00e1sos a k\u00f6vetkez\u0151kben:<\/p>\n\n\n\n<ul class=\"wp-block-list\">\n<li>Blogbejegyz\u00e9sek \u00e9s v\u00e9lem\u00e9nycikkek<\/li>\n\n\n\n<li>Szem\u00e9lyes essz\u00e9k vagy t\u00f6rt\u00e9netmes\u00e9l\u00e9s<\/li>\n\n\n\n<li>Nem hivatalos cikkek \u00e9s \u00e9letm\u00f3ddal kapcsolatos \u00edr\u00e1sok<\/li>\n\n\n\n<li>Megjegyz\u00e9sek vagy elbesz\u00e9l\u0151 jelleg\u0171 magyar\u00e1zatok<\/li>\n\n\n\n<li>Fikci\u00f3, k\u00fcl\u00f6n\u00f6sen p\u00e1rbesz\u00e9dek \u00e9s bels\u0151 gondolatok<\/li>\n<\/ul>\n\n\n\n<p>R\u00f6viden, b\u00e1rmilyen olyan \u00edr\u00e1shoz illik, ahol a hangnemet emberinek \u00e9s \u00e1t\u00e9lhet\u0151nek kell \u00e9rezni.<\/p>\n\n\n\n<p>Ez azt jelenti, hogy ez \u00e1ltal\u00e1ban rosszul illeszkedik:<\/p>\n\n\n\n<ul class=\"wp-block-list\">\n<li>Tudom\u00e1nyos vagy adats\u00falyos posztok<\/li>\n\n\n\n<li>Jogi vagy m\u0171szaki dokument\u00e1ci\u00f3<\/li>\n\n\n\n<li>Olyan helyzetek, ahol a pontos frekvencia sz\u00e1m\u00edt<\/li>\n<\/ul>\n\n\n\n<p>Ha nem vagy biztos benne, hogy haszn\u00e1ld-e vagy sem, gondolj az olvas\u00f3dra. Sz\u00e1mokat, id\u0151vonalakat vagy vil\u00e1gosan meghat\u00e1rozott rendszereket v\u00e1rnak-e el, <em>egyszer a k\u00e9k holdban<\/em> t\u00fal hom\u00e1lyos lehet.<\/p>\n\n\n\n<h3 class=\"wp-block-heading\"><strong>Besz\u00e9lt haszn\u00e1lat<\/strong><\/h3>\n\n\n\n<p>A mindennapi besz\u00e9lget\u00e9sben, <em>egyszer a k\u00e9k holdban<\/em> term\u00e9szetesen akkor mer\u00fcl fel, amikor az emberek olyan dolgokr\u00f3l besz\u00e9lnek, amelyek szinte soha nem t\u00f6rt\u00e9nnek meg.<\/p>\n\n\n\n<p>Gyakran hallja ezt a sz\u00f3t bar\u00e1tok, munkat\u00e1rsak vagy csal\u00e1dtagok k\u00f6z\u00f6tt, mert egyszer\u0171, \u00e9s a legt\u00f6bb ember m\u00e1r tudja, mit jelent.<\/p>\n\n\n\n<p>Hacsak nem besz\u00e9lsz valakivel, aki m\u00e9g mindig tanul angolul, senki sem veszi sz\u00f3 szerint ezt a kifejez\u00e9st. Ez egyszer\u0171en csak egy laza kifejez\u00e9s arra, hogy valami alig t\u00f6rt\u00e9nik meg (nem az \u00e9gboltra, a napra vagy a telihold t\u00e9nyleges id\u0151pontj\u00e1ra utal).<\/p>\n\n\n\n<h2 class=\"wp-block-heading\"><strong>Mit\u0151l lesz <\/strong><strong><em>Egyszer a k\u00e9k holdban<\/em><\/strong><strong> Hat\u00e9kony<\/strong><\/h2>\n\n\n<div class=\"wp-block-image\">\n<figure class=\"aligncenter size-large\"><img loading=\"lazy\" decoding=\"async\" width=\"1024\" height=\"683\" src=\"https:\/\/undetectable.ai/blog\/wp-content\/uploads\/2025\/08\/Undetectable-AI-Featured-image-1024x683.jpg\" alt=\"Kimutathatatlan AI kiemelt k\u00e9p\" class=\"wp-image-13574\" title=\"\" srcset=\"https:\/\/undetectable.ai/blog\/wp-content\/uploads\/2025\/08\/Undetectable-AI-Featured-image-1024x683.jpg 1024w, https:\/\/undetectable.ai/blog\/wp-content\/uploads\/2025\/08\/Undetectable-AI-Featured-image-300x200.jpg 300w, https:\/\/undetectable.ai/blog\/wp-content\/uploads\/2025\/08\/Undetectable-AI-Featured-image-768x512.jpg 768w, https:\/\/undetectable.ai/blog\/wp-content\/uploads\/2025\/08\/Undetectable-AI-Featured-image-18x12.jpg 18w, https:\/\/undetectable.ai/blog\/wp-content\/uploads\/2025\/08\/Undetectable-AI-Featured-image.jpg 1200w\" sizes=\"auto, (max-width: 1024px) 100vw, 1024px\" \/><\/figure><\/div>\n\n\n<p>Ha azt mondjuk, hogy valami \u201critka\u201d vagy \u201critk\u00e1n fordul el\u0151\u201d, akkor a l\u00e9nyegre t\u00e9r\u00fcnk. De a kontextust\u00f3l f\u00fcgg\u0151en ezek a szavak kiss\u00e9 laposnak (\u00e9s legy\u00fcnk \u0151szint\u00e9k, unalmasnak) is t\u0171nhetnek.<\/p>\n\n\n\n<p><em>Egyszer a k\u00e9k holdban<\/em>, m\u00e1sr\u00e9szt sokkal ink\u00e1bb besz\u00e9lget\u0151snek t\u0171nik. \u00cdgy besz\u00e9lnek az igazi emberek az \u00e9let\u00fckr\u0151l. \u00c9s a besz\u00e9lget\u00e9sekben \u00e9s az \u00edr\u00e1sokban melegs\u00e9get, ritmust \u00e9s szem\u00e9lyess\u00e9get k\u00f6lcs\u00f6n\u00f6z an\u00e9lk\u00fcl, hogy t\u00fals\u00e1gosan er\u0151ltetn\u00e9 mag\u00e1t.<\/p>\n\n\n\n<p><strong>Profi tipp nem angol anyanyelv\u0171eknek: <\/strong>Az idi\u00f3m\u00e1k haszn\u00e1lata kock\u00e1zatos lehet, ha az angol nem az els\u0151 nyelv. <\/p>\n\n\n\n<p>Ha olyan kifejez\u00e9sekkel k\u00fcszk\u00f6dsz, mint a <em>egyszer a k\u00e9k holdban<\/em> term\u00e9szetesnek hangzik az \u00edr\u00e1s vagy besz\u00e9d, az olyan eszk\u00f6z\u00f6k, mint az Undetectable AI's <a href=\"https:\/\/undetectable.ai\/\" target=\"_blank\" rel=\"noreferrer noopener\">AI Humanizer<\/a> \u00e9s <a href=\"https:\/\/undetectable.ai\/ai-stealth-writer\" target=\"_blank\" rel=\"noreferrer noopener\">AI Stealth Writer<\/a> hatalmas seg\u00edts\u00e9g lehet!<\/p>\n\n\n\n<p>Mind\u00f6ssze annyit kell tennie, hogy a sz\u00f6veget v\u00e9gigfuttatja az eszk\u00f6z\u00f6n, \u00e9s a program elsim\u00edtja a hangsz\u00ednt, be\u00e1ll\u00edtja a megfogalmaz\u00e1st, \u00e9s a kifejez\u00e9st \u00fagy alak\u00edtja \u00e1t, ahogyan azt egy anyanyelvi besz\u00e9l\u0151 haszn\u00e1ln\u00e1.<\/p>\n\n\n\n<h2 class=\"wp-block-heading\"><strong>A val\u00f3s vil\u00e1gbeli felhaszn\u00e1l\u00e1sok <\/strong><strong><em>Egyszer a k\u00e9k holdban<\/em><\/strong><\/h2>\n\n\n\n<p>A jelent\u00e9s meg\u00e9rt\u00e9se <em>egyszer a k\u00e9k holdban<\/em> az egy dolog. De tudni <em>hogyan<\/em> a kifejez\u00e9s term\u00e9szetes haszn\u00e1lata az, ami igaz\u00e1n feldobhatja az \u00edr\u00e1sodat.<\/p>\n\n\n\n<p>\u00cdme n\u00e9h\u00e1ny gyakorlati p\u00e9lda arra, hogyan m\u0171k\u00f6dik a kifejez\u00e9s a mindennapi besz\u00e9lget\u00e9sekben.<\/p>\n\n\n\n<h3 class=\"wp-block-heading\"><strong>Egyszer\u0171, mindennapi p\u00e9ld\u00e1k<\/strong><\/h3>\n\n\n\n<p>\u00cdme n\u00e9h\u00e1ny tiszta p\u00e9lda, amelyek t\u00fckr\u00f6zik, hogyan besz\u00e9l \u00e9s \u00edr a legt\u00f6bb ember val\u00f3j\u00e1ban:<\/p>\n\n\n\n<ul class=\"wp-block-list\">\n<li>\u201cCsak egyszer a k\u00e9k holdban eszem desszertet.\u201d<\/li>\n\n\n\n<li>\u201cEgyszer-egyszer posztol a k\u00f6z\u00f6ss\u00e9gi m\u00e9di\u00e1ban.\u201d<\/li>\n\n\n\n<li>\u201cN\u00e9ha-n\u00e9ha n\u00e9zek \u00e9l\u0151 t\u00e9v\u00e9t.\u201d<\/li>\n\n\n\n<li>\u201cIlyen szabadnapot csak egyszer a k\u00e9k holdban kapunk.\u201d<\/li>\n\n\n\n<li>\u201cRem\u00e9lem, lesz h\u00f3, de ez csak egyszer a k\u00e9k holdban t\u00f6rt\u00e9nik meg.\u201d<\/li>\n\n\n\n<li>\u201cEzt a funkci\u00f3t csak egyszer a k\u00e9k holdban kapjuk meg.\u201d<\/li>\n\n\n\n<li>\u201cCsak n\u00e9ha-n\u00e9ha l\u00e9pek be arra a fi\u00f3kra.\u201d<\/li>\n\n\n\n<li>\u201cJ\u00faliusban egyszer-egyszer esik ilyen es\u0151.\u201d<\/li>\n\n\n\n<li>\u201cEgyszer a k\u00e9k holdban nagy bulikra j\u00e1rok.\u201d<\/li>\n\n\n\n<li>\u201cMostan\u00e1ban csak n\u00e9ha nyomtatok dokumentumokat.\u201d<\/li>\n\n\n\n<li>\u201cSajnos, a sr\u00e1cok m\u00e1r csak a sz\u00fcrke h\u00e9tk\u00f6znapokban j\u00f6nnek \u00f6ssze.\u201d<\/li>\n\n\n\n<li>\u201cEzt a j\u00e1t\u00e9kot egyszer-egyszer j\u00e1tsszuk.\u201d<\/li>\n\n\n\n<li>\u201c\u00c9n csak egyszer-egyszer veszek r\u00e9szt ilyen tal\u00e1lkoz\u00f3kon.\u201d<\/li>\n<\/ul>\n\n\n\n<h2 class=\"wp-block-heading\"><strong>Intelligens felhaszn\u00e1l\u00e1si tippek \u00e9s buktat\u00f3k<\/strong><\/h2>\n\n\n\n<p>M\u00e9g egy nagyszer\u0171 kifejez\u00e9s is elvesz\u00edtheti a hat\u00e1s\u00e1t, ha rosszul haszn\u00e1lj\u00e1k. \u00cdme n\u00e9h\u00e1ny praktikus tennival\u00f3 \u00e9s tilalom, amely seg\u00edthet a k\u00f6vetkez\u0151k haszn\u00e1lat\u00e1ban <em>egyszer a k\u00e9k holdban<\/em> a megfelel\u0151 m\u00f3don, k\u00fcl\u00f6n\u00f6sen \u00edr\u00e1sban.<\/p>\n\n\n\n<figure class=\"wp-block-table\"><table class=\"has-fixed-layout\"><tbody><tr><td class=\"has-text-align-center\" data-align=\"center\" colspan=\"2\"><strong>A Do's \u00e9s Don'ts a haszn\u00e1lat sor\u00e1n <\/strong><strong><em>Egyszer egy k\u00e9k holdban<\/em><\/strong><\/td><\/tr><tr><td class=\"has-text-align-center\" data-align=\"center\"><strong>Do...<\/strong><\/td><td class=\"has-text-align-center\" data-align=\"center\"><strong>Ne...<\/strong><\/td><\/tr><tr><td class=\"has-text-align-center\" data-align=\"center\">Csak val\u00f3ban ritka esem\u00e9nyek eset\u00e9n haszn\u00e1lja.<\/td><td class=\"has-text-align-center\" data-align=\"center\">T\u00falz\u00e1sba vinni. Ha minden \u201cegyszer a k\u00e9k holdban\u201d t\u00f6rt\u00e9nik, semmi sem t\u0171nik ritk\u00e1nak.<\/td><\/tr><tr><td class=\"has-text-align-center\" data-align=\"center\">A sz\u00f6vegk\u00f6rnyezetre t\u00e1maszkodva \u00e9s a k\u00f6rnyez\u0151 mondatok seg\u00edts\u00e9g\u00e9vel tegye nyilv\u00e1nval\u00f3v\u00e1 a jelent\u00e9st.<\/td><td class=\"has-text-align-center\" data-align=\"center\">T\u00falmagyar\u00e1zza, mit jelent a kifejez\u00e9s.<\/td><\/tr><tr><td class=\"has-text-align-center\" data-align=\"center\">Olvassa fel hangosan a mondatot, hogy ellen\u0151rizze a folyamatoss\u00e1got.<\/td><td class=\"has-text-align-center\" data-align=\"center\">K\u00e9nyszer\u00edtsd bele egy mondatba. Ha kimondva term\u00e9szetellenesnek hangzik, az olvas\u00f3k is term\u00e9szetellenesnek fogj\u00e1k \u00e9rezni.<\/td><\/tr><tr><td class=\"has-text-align-center\" data-align=\"center\">V\u00e1ltozatos megfogalmaz\u00e1s a hosszabb darabokban.<\/td><td class=\"has-text-align-center\" data-align=\"center\">Ism\u00e9telje meg folyamatosan a sz\u00f6vegben. A kevesebb t\u00f6bb.<\/td><\/tr><\/tbody><\/table><\/figure>\n\n\n\n<p><strong>Profi tipp:<\/strong> Ha a mesters\u00e9ges intelligenci\u00e1t az \u00edr\u00e1s seg\u00edt\u00e9s\u00e9re haszn\u00e1lja, az olyan eszk\u00f6z\u00f6k, mint az Undetectable's <a href=\"https:\/\/undetectable.ai\/\" target=\"_blank\" data-type=\"link\" data-id=\"https:\/\/undetectable.ai\/\" rel=\"noreferrer noopener\">AI Humanizer<\/a> seg\u00edthet a hangsz\u00edn kiegyenl\u00edt\u00e9s\u00e9ben, a mondatfolyam jav\u00edt\u00e1s\u00e1ban, \u00e9s megakad\u00e1lyozhatja az olyan mondatok, mint a <em>egyszer a k\u00e9k holdban<\/em> hogy ne hangozz\u00e9k robotikusan vagy ism\u00e9tl\u0151d\u0151en.<\/p>\n\n\n\n<p>Tapasztald meg az AI Detector \u00e9s Humanizer programunkat az al\u00e1bbi widgetben!<\/p>\n\n\n\n<div id=\"uai-widget\" data-affiliate-link=\"https:\/\/undetectable.ai\/?_by=hi4km\"><script>var js = document.createElement(\"script\");js.async = true;js.src = \"https:\/\/widget.undetectable.ai\/js\/widget-loader.js?t=\"+Date.now();document.getElementsByTagName(\"head\")[0].appendChild(js);<\/script><\/div>\n\n\n\n<h2 class=\"wp-block-heading\"><strong>Gyakran ism\u00e9telt k\u00e9rd\u00e9sek a k\u00e9k holdakr\u00f3l<\/strong><\/h2>\n\n\n<div id=\"rank-math-faq\" class=\"rank-math-block\">\n<div class=\"rank-math-list\">\n<div id=\"faq-question-1769803089204\" class=\"rank-math-list-item\">\n<h3 class=\"rank-math-question\"><strong>Mit jelent az egyszer a k\u00e9k holdban kifejez\u00e9s?<\/strong><\/h3>\n<div class=\"rank-math-answer\">\n\n<p>Az idi\u00f3ma <em>egyszer a k\u00e9k holdban<\/em> egyszer\u0171en csak egy alkalmi kifejez\u00e9s arra, hogy valami nagyon ritk\u00e1n t\u00f6rt\u00e9nik. Az angol nyelvben az emberek olyan dolgok le\u00edr\u00e1s\u00e1ra haszn\u00e1lj\u00e1k, amelyek szinte soha nem fordulnak el\u0151, mint p\u00e9ld\u00e1ul a h\u00f3 \u00e1prilisban vagy a j\u00f3 parkol\u00f3hely azonnali megtal\u00e1l\u00e1sa.<\/p>\n\n<\/div>\n<\/div>\n<div id=\"faq-question-1769803098183\" class=\"rank-math-list-item\">\n<h3 class=\"rank-math-question\"><strong>Mi az a m\u00e1sodik telihold?<\/strong><\/h3>\n<div class=\"rank-math-answer\">\n\n<p>M\u00e1sodik telihold akkor fordul el\u0151, ha ugyanabban a napt\u00e1ri h\u00f3napban k\u00e9t telihold is megjelenik. Mivel egy holdciklus k\u00f6r\u00fclbel\u00fcl 29,5 nap hossz\u00fa, ez csak alkalmank\u00e9nt fordul el\u0151. Amikor egy m\u00e1sodik telihold el\u0151fordul, akkor a kifejez\u00e9s modern meghat\u00e1roz\u00e1sa szerint \u201ck\u00e9k holdnak\u201d nevezik.<\/p>\n\n<\/div>\n<\/div>\n<div id=\"faq-question-1769803106860\" class=\"rank-math-list-item\">\n<h3 class=\"rank-math-question\"><strong>Lehet, hogy febru\u00e1rban k\u00e9k hold lesz?<\/strong><\/h3>\n<div class=\"rank-math-answer\">\n\n<p>Nem, a k\u00e9k holdak jellemz\u0151en nem febru\u00e1rban fordulnak el\u0151. Mivel a febru\u00e1r a legr\u00f6videbb h\u00f3nap, \u00e1ltal\u00e1ban nincs el\u00e9g id\u0151 ahhoz, hogy k\u00e9t telihold is legyen benne.<\/p>\n\n<\/div>\n<\/div>\n<div id=\"faq-question-1769803118909\" class=\"rank-math-list-item\">\n<h3 class=\"rank-math-question\"><strong>Megt\u00f6rt\u00e9nhet a k\u00e9k hold novemberben?<\/strong><\/h3>\n<div class=\"rank-math-answer\">\n\n<p>Igen, el\u0151fordulhat k\u00e9k hold novemberben, b\u00e1r ez teljes m\u00e9rt\u00e9kben att\u00f3l f\u00fcgg, hogy a teliholdak hogyan esnek a napt\u00e1ri \u00e9vben. B\u00e1rmelyik h\u00f3nap, amelyikben el\u00e9g nap van, technikailag k\u00e9t telihold is lehet, ez\u00e9rt a k\u00e9k holdak nem k\u00f6t\u0151dnek egy adott \u00e9vszakhoz.<\/p>\n\n<\/div>\n<\/div>\n<div id=\"faq-question-1769803132102\" class=\"rank-math-list-item\">\n<h3 class=\"rank-math-question\"><strong>Az Egyes\u00fclt Kir\u00e1lys\u00e1gban haszn\u00e1lj\u00e1k a \u201conce in a blue moon\u201d kifejez\u00e9st?<\/strong><\/h3>\n<div class=\"rank-math-answer\">\n\n<p>Igen. A kifejez\u00e9s <em>egyszer a k\u00e9k holdban <\/em>sz\u00e9les k\u00f6rben haszn\u00e1lj\u00e1k az Egyes\u00fclt Kir\u00e1lys\u00e1gban \u00e9s az eg\u00e9sz angol nyelv\u0171 vil\u00e1gban. B\u00e1r a haszn\u00e1lat r\u00e9gi\u00f3nk\u00e9nt n\u00e9mileg elt\u00e9rhet, a kifejez\u00e9s alapvet\u0151 jelent\u00e9se ugyanaz marad.<\/p>\n\n<\/div>\n<\/div>\n<\/div>\n<\/div>\n\n\n<h2 class=\"wp-block-heading\"><strong>V\u00e9gs\u0151 gondolatok a haszn\u00e1latr\u00f3l <\/strong><strong><em>Egyszer egy k\u00e9k holdban<\/em><\/strong><strong> besz\u00e9lget\u00e9s \u00e9s \u00edr\u00e1s<\/strong><\/h2>\n\n\n\n<p>Nem v\u00e9letlen\u00fcl <em>egyszer a k\u00e9k holdban <\/em>ki\u00e1llta az id\u0151 pr\u00f3b\u00e1j\u00e1t. Egyszer\u0171, eml\u00e9kezetes \u00e9s azonnal \u00e9rthet\u0151 (legal\u00e1bbis a legt\u00f6bb angolul besz\u00e9l\u0151 sz\u00e1m\u00e1ra), m\u00e9g akkor is, ha a legt\u00f6bben soha nem gondolkodtak el azon, hogy honnan sz\u00e1rmazik.<\/p>\n\n\n\n<p>M\u00e1s idiomatikus kifejez\u00e9sekhez \u00e9s mond\u00e1sokhoz hasonl\u00f3an azonban a kevesebb mindig t\u00f6bb.<\/p>\n\n\n\n<p>\u00cdr\u00e1sban \u00e9s besz\u00e9lget\u00e9sben ez azt jelenti:<\/p>\n\n\n\n<ul class=\"wp-block-list\">\n<li>A legnagyobb hat\u00e1s \u00e9rdek\u00e9ben haszn\u00e1lja takar\u00e9kosan.<\/li>\n\n\n\n<li>Hagyja, hogy term\u00e9szetesen \u00e1ramoljon, \u00edgy nem \u00e9rzi er\u0151ltetettnek vagy helytelennek.<\/li>\n<\/ul>\n\n\n\n<p>\u00c9s v\u00e9g\u00fcl, de nem utols\u00f3sorban, illeszkedjen a hangnemhez \u00e9s a kontextushoz, \u00fcgyeljen arra, hogy alkalmi, t\u00e1rsalg\u00e1si k\u00f6rnyezetben maradjon, ahol a legterm\u00e9szetesebben hangzik.<\/p>\n\n\n\n<p>Gy\u0151z\u0151dj\u00f6n meg r\u00f3la, hogy \u00edr\u00e1sa term\u00e9szetes \u00e9s emberk\u00f6zeli marad. <a href=\"https:\/\/undetectable.ai\/\" target=\"_blank\" data-type=\"link\" data-id=\"https:\/\/undetectable.ai\/\" rel=\"noreferrer noopener\">Kimutathatatlan AI<\/a> hogy k\u00f6nnyed\u00e9n finom\u00edtsa \u00e9s emberszab\u00e1s\u00fav\u00e1 tegye sz\u00f6veg\u00e9t.<\/p>","protected":false},"excerpt":{"rendered":"","protected":false},"author":15,"featured_media":19664,"comment_status":"closed","ping_status":"closed","sticky":false,"template":"","format":"standard","meta":{"_themeisle_gutenberg_block_has_review":false,"footnotes":""},"categories":[31],"tags":[],"class_list":["post-19655","post","type-post","status-publish","format-standard","has-post-thumbnail","hentry","category-helpful-ai-content-tips"],"_links":{"self":[{"href":"https:\/\/undetectable.ai/blog\/hu\/wp-json\/wp\/v2\/posts\/19655","targetHints":{"allow":["GET"]}}],"collection":[{"href":"https:\/\/undetectable.ai/blog\/hu\/wp-json\/wp\/v2\/posts"}],"about":[{"href":"https:\/\/undetectable.ai/blog\/hu\/wp-json\/wp\/v2\/types\/post"}],"author":[{"embeddable":true,"href":"https:\/\/undetectable.ai/blog\/hu\/wp-json\/wp\/v2\/users\/15"}],"replies":[{"embeddable":true,"href":"https:\/\/undetectable.ai/blog\/hu\/wp-json\/wp\/v2\/comments?post=19655"}],"version-history":[{"count":5,"href":"https:\/\/undetectable.ai/blog\/hu\/wp-json\/wp\/v2\/posts\/19655\/revisions"}],"predecessor-version":[{"id":19666,"href":"https:\/\/undetectable.ai/blog\/hu\/wp-json\/wp\/v2\/posts\/19655\/revisions\/19666"}],"wp:featuredmedia":[{"embeddable":true,"href":"https:\/\/undetectable.ai/blog\/hu\/wp-json\/wp\/v2\/media\/19664"}],"wp:attachment":[{"href":"https:\/\/undetectable.ai/blog\/hu\/wp-json\/wp\/v2\/media?parent=19655"}],"wp:term":[{"taxonomy":"category","embeddable":true,"href":"https:\/\/undetectable.ai/blog\/hu\/wp-json\/wp\/v2\/categories?post=19655"},{"taxonomy":"post_tag","embeddable":true,"href":"https:\/\/undetectable.ai/blog\/hu\/wp-json\/wp\/v2\/tags?post=19655"}],"curies":[{"name":"wp","href":"https:\/\/api.w.org\/{rel}","templated":true}]}}