{"id":19667,"date":"2026-01-18T20:15:23","date_gmt":"2026-01-18T20:15:23","guid":{"rendered":"https:\/\/undetectable.ai/blog\/?p=19667"},"modified":"2026-01-30T22:01:08","modified_gmt":"2026-01-30T22:01:08","slug":"csiszolatlan-gyemant","status":"publish","type":"post","link":"https:\/\/undetectable.ai/blog\/hu\/csiszolatlan-gyemant","title":{"rendered":"Diamond in the Rough Guide: Gy\u00e9m\u00e1nt: Jelent\u00e9s, felhaszn\u00e1l\u00e1s \u00e9s tippek"},"content":{"rendered":"<p>S\u00e9t\u00e1lt\u00e1l m\u00e1r el egy h\u00e1z mellett egy lepukkant k\u00f6rny\u00e9ken, ami els\u0151 pillant\u00e1sra nem t\u0171nt t\u00fal nagy dolognak... am\u00edg r\u00e1 nem j\u00f6tt\u00e9l, hogy rengeteg karaktert \u00e9s komoly potenci\u00e1lt rejt mag\u00e1ban?<\/p>\n\n\n\n<p>Ha igen, akkor egy csiszolatlan gy\u00e9m\u00e1ntot tal\u00e1lt\u00e1l.<\/p>\n\n\n\n<p>Ez egyike azoknak a kifejez\u00e9seknek, amelyeket az emberek \u00f6szt\u00f6n\u00f6sen haszn\u00e1lnak, gyakran a legjobb sz\u00e1nd\u00e9kkal. Ha azonban nem vigy\u00e1zol, a kifejez\u00e9s a kontextust\u00f3l, a hangnemt\u0151l \u00e9s a megfogalmaz\u00e1s m\u00f3dj\u00e1t\u00f3l f\u00fcgg\u0151en nagyon k\u00fcl\u00f6nb\u00f6z\u0151k\u00e9ppen hangozhat el.<\/p>\n\n\n\n<p>Honnan tudod, hogy mikor m\u0171k\u00f6dik a kifejez\u00e9s, \u00e9s mikor nem? Olvasson tov\u00e1bb, hogy megtudja, mit jelent a kifejez\u00e9s, milyen k\u00fcl\u00f6nb\u00f6z\u0151 konnot\u00e1ci\u00f3i lehetnek, \u00e9s hogyan haszn\u00e1lhatja hat\u00e9konyan (\u00e9s \u00f3vatosan) az \u00e9letben \u00e9s az \u00edr\u00e1sban.<\/p>\n\n\n\n<p>Emellett megosztjuk a v\u00e1laszokat n\u00e9h\u00e1ny gyakran feltett k\u00e9rd\u00e9sre a kifejez\u00e9ssel kapcsolatban.<\/p>\n\n\n\n<p><strong>TL: DR<\/strong> &#8211; <em>Csiszolatlan gy\u00e9m\u00e1nt<\/em> egy olyan kifejez\u00e9s, amely valaminek (vagy valakinek) a le\u00edr\u00e1s\u00e1ra haszn\u00e1lhat\u00f3, \u00e9s egy\u00e9rtelm\u0171 potenci\u00e1llal rendelkezik. A megfelel\u0151 kontextusban a kifejez\u00e9s pozit\u00edv \u00e9s b\u00e1tor\u00edt\u00f3. Rossz kontextusban azonban elutas\u00edt\u00f3nak, leereszked\u0151nek \u00e9s lekezel\u0151nek is \u00e9rtelmezhet\u0151.<\/p>\n\n\n\n<hr class=\"wp-block-separator has-alpha-channel-opacity\"\/>\n\n\n\n<p class=\"has-text-align-center\"><strong>A legfontosabb tudnival\u00f3k<\/strong><\/p>\n\n\n\n<ul class=\"wp-block-list\">\n<li>A csiszolatlan gy\u00e9m\u00e1nt olyan szem\u00e9lyre vagy dologra utal, aki vagy ami hatalmas potenci\u00e1llal rendelkezik, de jelenleg m\u00e9g nincs csiszolva, finom\u00edtva vagy szakmai fejl\u0151d\u00e9se.<\/li>\n<\/ul>\n\n\n\n<p><\/p>\n\n\n\n<ul class=\"wp-block-list\">\n<li>A kifejez\u00e9s a term\u00e9szetes, csiszolatlan gy\u00e9m\u00e1nt metafor\u00e1ja, amely tomp\u00e1nak \u00e9s jellegtelennek t\u0171nik, am\u00edg gondosan meg nem csiszolj\u00e1k \u00e9s meg nem csiszolj\u00e1k, hogy megmutassa ragyog\u00e1s\u00e1t.<\/li>\n<\/ul>\n\n\n\n<p><\/p>\n\n\n\n<ul class=\"wp-block-list\">\n<li>Ennek a kifejez\u00e9snek a hat\u00e9kony haszn\u00e1lata megk\u00f6veteli a jelenlegi \u201cnyers\u201d tulajdons\u00e1gok azonos\u00edt\u00e1s\u00e1nak egyens\u00faly\u00e1t, mik\u00f6zben azokat val\u00f3di b\u00e1tor\u00edt\u00e1ssal \u00e9s a j\u00f6v\u0151beli fejl\u0151d\u00e9sbe vetett hittel p\u00e1ros\u00edtja.<\/li>\n<\/ul>\n\n\n\n<p><\/p>\n\n\n\n<ul class=\"wp-block-list\">\n<li>Ha \u00f3vatlanul haszn\u00e1ljuk, a kifejez\u00e9s \u00fagy hangozhat, mint egy h\u00e1tbat\u00e1madott b\u00f3k vagy egy lekezel\u0151 kritika valakinek a modor\u00e1r\u00f3l vagy a tapasztalati szintj\u00e9r\u0151l.<\/li>\n<\/ul>\n\n\n\n<p><\/p>\n\n\n\n<ul class=\"wp-block-list\">\n<li>Annak \u00e9rdek\u00e9ben, hogy ne hangozz\u00e9k elutas\u00edt\u00f3an, amikor valaki kiakn\u00e1zatlan tehets\u00e9g\u00e9t jellemzi, az Undetectable AI seg\u00edthet finom\u00edtani a hangnemet, hogy \u00fczenete t\u00e1mogat\u00f3an \u00e9s emberien hangozzon.<\/li>\n<\/ul>\n\n\n\n<p><\/p>\n\n\n\n<hr class=\"wp-block-separator has-alpha-channel-opacity\"\/>\n\n\n\n<h2 class=\"wp-block-heading\"><strong>Mi a meghat\u00e1roz\u00e1sa a <em>Gy\u00e9m\u00e1nt a csiszolatlanban<\/em>?<\/strong><\/h2>\n\n\n<div class=\"wp-block-image\">\n<figure class=\"aligncenter size-large\"><img loading=\"lazy\" decoding=\"async\" width=\"1024\" height=\"683\" src=\"https:\/\/undetectable.ai/blog\/wp-content\/uploads\/2026\/01\/Diamond-Illustration-1024x683.jpg\" alt=\"A gy\u00e9m\u00e1nt illusztr\u00e1ci\u00f3ja\" class=\"wp-image-19672\" title=\"\" srcset=\"https:\/\/undetectable.ai/blog\/wp-content\/uploads\/2026\/01\/Diamond-Illustration-1024x683.jpg 1024w, https:\/\/undetectable.ai/blog\/wp-content\/uploads\/2026\/01\/Diamond-Illustration-300x200.jpg 300w, https:\/\/undetectable.ai/blog\/wp-content\/uploads\/2026\/01\/Diamond-Illustration-768x512.jpg 768w, https:\/\/undetectable.ai/blog\/wp-content\/uploads\/2026\/01\/Diamond-Illustration-18x12.jpg 18w, https:\/\/undetectable.ai/blog\/wp-content\/uploads\/2026\/01\/Diamond-Illustration.jpg 1200w\" sizes=\"auto, (max-width: 1024px) 100vw, 1024px\" \/><\/figure><\/div>\n\n\n<p>A <em>csiszolatlan gy\u00e9m\u00e1nt<\/em> a legjobban a k\u00f6vetkez\u0151k\u00e9ppen \u00edrhat\u00f3 le:<\/p>\n\n\n\n<ul class=\"wp-block-list\">\n<li>Olyan szem\u00e9ly vagy dolog, aki vagy ami er\u0151s potenci\u00e1llal rendelkezik, de hi\u00e1nyzik bel\u0151le a csiszolts\u00e1g, a kifinomults\u00e1g vagy a fejl\u0151d\u00e9s; legal\u00e1bbis egyel\u0151re.<\/li>\n<\/ul>\n\n\n\n<p>A kifejez\u00e9s a nyers gy\u00e9m\u00e1nt sz\u00f3 szerinti fogalm\u00e1ban gy\u00f6kerezik, amely egy olyan term\u00e9szetes gy\u00e9m\u00e1nt, amelyet m\u00e9g nem csiszoltak vagy csiszoltak. Nyers \u00e1llapot\u00e1ban tomp\u00e1nak, egyenetlennek vagy leny\u0171g\u00f6z\u0151nek t\u0171nhet. De egy kis TLC-vel (tender loving care) valami igaz\u00e1n gy\u00f6ny\u00f6r\u0171v\u00e9 v\u00e1lhat.<\/p>\n\n\n\n<p>\u00c1tvitt \u00e9rtelemben a kifejez\u00e9s ugyan\u00edgy m\u0171k\u00f6dik.<\/p>\n\n\n\n<p>Amikor egy szem\u00e9ly le\u00edr\u00e1s\u00e1ra haszn\u00e1lj\u00e1k, azt sugallja:<\/p>\n\n\n\n<ul class=\"wp-block-list\">\n<li>Rejtett tehets\u00e9g vagy kiv\u00e9teles tulajdons\u00e1gok<\/li>\n\n\n\n<li>Er\u0151s karakter vagy k\u00e9pess\u00e9g, amely m\u00e9g nem teljesen kifejl\u0151d\u00f6tt.<\/li>\n\n\n\n<li>Valaki, akinek \u00fatmutat\u00e1sra vagy tapasztalatra van sz\u00fcks\u00e9ge ahhoz, hogy teljes m\u00e9rt\u00e9kben kiakn\u00e1zza a benne rejl\u0151 lehet\u0151s\u00e9geket.<\/li>\n<\/ul>\n\n\n\n<p>Amikor t\u00e1rgyak vagy helyek le\u00edr\u00e1s\u00e1ra haszn\u00e1lj\u00e1k, azt sugallja:<\/p>\n\n\n\n<ul class=\"wp-block-list\">\n<li>Kiakn\u00e1zatlan \u00e9rt\u00e9k<\/li>\n\n\n\n<li>Szil\u00e1rd potenci\u00e1l a megfelel\u0151 befektet\u00e9ssel<\/li>\n<\/ul>\n\n\n\n<p>R\u00f6viden, <em>csiszolatlan gy\u00e9m\u00e1nt<\/em> az eg\u00e9sz arr\u00f3l sz\u00f3l, hogy megl\u00e1tjuk az \u00edg\u00e9retet \u00e9s a potenci\u00e1lt ott, ahol m\u00e1sok tal\u00e1n nem, \u00e9s tudatosan t\u00f6reksz\u00fcnk arra, hogy felismerj\u00fck ezt az \u00e9rt\u00e9ket.<\/p>\n\n\n\n<h3 class=\"wp-block-heading\"><strong><em>Gy\u00e9m\u00e1nt a csiszolatlanban<\/em><\/strong><strong> Jelent\u00e9se, eredete \u00e9s kontextusa<\/strong><\/h3>\n\n\n\n<p><em>Csiszolatlan gy\u00e9m\u00e1nt<\/em> k\u00f6zvetlen\u00fcl abb\u00f3l ered, ahogyan a gy\u00e9m\u00e1ntok a term\u00e9szetben megtal\u00e1lhat\u00f3k. A csiszol\u00e1s el\u0151tt a gy\u00e9m\u00e1nt nem csillog, \u00e9s nem t\u0171nik kifinomultnak. Val\u00f3j\u00e1ban a legt\u00f6bb ember egy\u00e1ltal\u00e1n nem ismern\u00e9 fel \u00e9rt\u00e9kesnek.<\/p>\n\n\n\n<p>De amint gondosan megmunk\u00e1lt\u00e1k \u00e9s csiszolt\u00e1k, megmutatkozik igazi ragyog\u00e1sa.<\/p>\n\n\n\n<p>Id\u0151vel ez a gondolat a mindennapi angol nyelvben metafor\u00e1v\u00e1 v\u00e1lt.<\/p>\n\n\n\n<p>A sz\u00f3 <em>durva<\/em> a fizikai le\u00edr\u00e1son is t\u00falmutat, \u00e9s a kifinomults\u00e1g, a tapasztalat vagy a csiszolts\u00e1g hi\u00e1ny\u00e1t kezdte jelenteni, k\u00fcl\u00f6n\u00f6sen, ha emberekr\u0151l van sz\u00f3.<\/p>\n\n\n\n<h2 class=\"wp-block-heading\"><strong>Potenci\u00e1l, de hi\u00e1nyzik a kifinomults\u00e1g: Mi <\/strong><strong><em>Gy\u00e9m\u00e1nt a csiszolatlanban<\/em><\/strong><strong> \u00dagy n\u00e9z ki, mint a val\u00f3 \u00e9letben<\/strong><\/h2>\n\n\n\n<p>A mindennapi \u00e9letben ez a kifejez\u00e9s gyakran el\u0151fordul, amikor az emberek kor\u00e1n felismerik valamiben (vagy valakiben) a potenci\u00e1lt.<\/p>\n\n\n\n<p>P\u00e9ld\u00e1ul hallhatja, hogy le\u00edrja:<\/p>\n\n\n\n<ul class=\"wp-block-list\">\n<li>Er\u0151s \u00f6szt\u00f6n\u00f6kkel, de korl\u00e1tozott tapasztalattal vagy szokatlan h\u00e1tt\u00e9rrel rendelkez\u0151 alkalmazott.<\/li>\n\n\n\n<li>Nyers tehets\u00e9g\u0171, de k\u00f6vetkezetlen el\u0151ad\u00e1sm\u00f3d\u00fa el\u0151ad\u00f3.<\/li>\n\n\n\n<li>Egy \u00edr\u00e1s vagy weboldal nagyszer\u0171 \u00f6tletekkel, de durva bemutat\u00e1ssal.<\/li>\n\n\n\n<li>J\u00f3 sz\u00e1nd\u00e9k\u00fa, de modortalan \u00e9s\/vagy \u00f6nbizalomhi\u00e1nyos szem\u00e9ly.<\/li>\n\n\n\n<li>Egy j\u00f3 csontokkal rendelkez\u0151 ingatlan, amely fel\u00faj\u00edt\u00e1sra szorul, hogy teljes \u00e9rt\u00e9k\u00e9t el\u00e9rje.<\/li>\n\n\n\n<li>T\u00f6rt\u00e9nelemmel \u00e9s karakterrel rendelkez\u0151 vintage k\u00e9zit\u00e1ska, amely a megfelel\u0151 restaur\u00e1l\u00e1ssal igaz\u00e1n ragyoghat.<\/li>\n<\/ul>\n\n\n\n<p>A k\u00f6z\u00f6s sz\u00e1l itt az, hogy <em>lehet\u0151s\u00e9g<\/em> \u00e9s l\u00e1tni, hogy valami <em>lehetne<\/em> lesz, ahelyett, hogy \u00fagy \u00edt\u00e9ln\u00e9nk meg, ahogyan ma van.<\/p>\n\n\n\n<h2 class=\"wp-block-heading\"><strong>Mindennapi p\u00e9ld\u00e1k a <\/strong><strong><em>Gy\u00e9m\u00e1nt a csiszolatlanban<\/em><\/strong><\/h2>\n\n\n\n<p>Amikor meg\u00e9rtj\u00fck a <em>csiszolatlan gy\u00e9m\u00e1nt<\/em>, az is hasznos lehet, ha egy mondatban l\u00e1tjuk. <\/p>\n\n\n\n<p>\u00cdme n\u00e9h\u00e1ny h\u00e9tk\u00f6znapi p\u00e9lda, amely megmutatja, hogyan m\u0171k\u00f6dik a kifejez\u00e9s a val\u00f3di besz\u00e9lget\u00e9sben:<\/p>\n\n\n\n<ul class=\"wp-block-list\">\n<li><em>\u201c\u0150 egy csiszolatlan gy\u00e9m\u00e1nt; egy\u00e9rtelm\u0171en tehets\u00e9ges, de m\u00e9g nagyon a karrierje elej\u00e9n j\u00e1r.\u201d<\/em><\/li>\n\n\n\n<li><em>\u201cEnnek az embernek nagyszer\u0171 \u00f6tletei \u00e9s er\u0151s jelleme van, m\u00e9g ha a prezent\u00e1ci\u00f3s k\u00e9szs\u00e9g\u00e9n m\u00e9g dolgoznia is kell egy kicsit.\u201d<\/em><\/li>\n\n\n\n<li><em>\u201cAz \u00faj alkalmazott egy csiszolatlan gy\u00e9m\u00e1nt. Megfelel\u0151 mentor\u00e1l\u00e1ssal egy \u00e9ven bel\u00fcl kiv\u00e9teles lesz.\u201d<\/em><\/li>\n\n\n\n<li><em>\u201cA teljes\u00edtm\u00e9nye kiss\u00e9 k\u00f6vetkezetlen volt, de igazi potenci\u00e1l van benne, egy teljes csiszolatlan gy\u00e9m\u00e1nt.\u201d<\/em><\/li>\n<\/ul>\n\n\n\n<p>Figyeld meg, hogy minden egyes p\u00e9ld\u00e1ban a mondat egy kis b\u00e1tor\u00edt\u00e1ssal p\u00e1rosul. Ez az egyens\u00faly az\u00e9rt fontos, mert en\u00e9lk\u00fcl a mondat k\u00f6nnyen kritik\u00e1nak hangozhat.<\/p>\n\n\n\n<p><strong>Profi tipp: <\/strong>Amikor a k\u00f6vetkez\u0151 kifejez\u00e9st haszn\u00e1lja <em>csiszolatlan gy\u00e9m\u00e1nt<\/em> a saj\u00e1t \u00edr\u00e1saidban, az olyan eszk\u00f6z\u00f6k, mint az Undetectable AI <a href=\"https:\/\/undetectable.ai\/\" target=\"_blank\" rel=\"noreferrer noopener\">AI Humanizer<\/a> seg\u00edthet a megfelel\u0151 hangnem megtal\u00e1l\u00e1s\u00e1ban, hogy a mondat mindig b\u00e1tor\u00edt\u00f3an, term\u00e9szetesen \u00e9s hitelesen hangozzon.<\/p>\n\n\n\n<h2 class=\"wp-block-heading\"><strong>Mi\u00e9rt a kifejez\u00e9s <\/strong><strong><em>Gy\u00e9m\u00e1nt a csiszolatlanban <\/em><\/strong><strong>\u00dcgyek<\/strong><\/h2>\n\n\n\n<p>Senki sem t\u00f6k\u00e9letes, \u00e9s m\u00e9g a legtehets\u00e9gesebb emberek is csak id\u0151vel \u00e9s \u00fatmutat\u00e1ssal tudnak fejl\u0151dni.<\/p>\n\n\n\n<p>Idi\u00f3mak\u00e9nt a kifejez\u00e9s <em>csiszolatlan gy\u00e9m\u00e1nt<\/em> egyszer\u0171 m\u00f3dot ad az embereknek arra, hogy kifejezz\u00e9k ezt a gondolatot, amelyet egy\u00e9bk\u00e9nt elvontnak vagy nehezen szavakba \u00f6nthet\u0151nek \u00e9rezhetnek.<\/p>\n\n\n\n<p>\u00cdme h\u00e1rom tov\u00e1bbi ok, ami\u00e9rt a kifejez\u00e9s <em>csiszolatlan gy\u00e9m\u00e1nt<\/em> tov\u00e1bbra is gener\u00e1ci\u00f3kon \u00e1t\u00edvel\u0151 visszhangot v\u00e1lt ki az emberekb\u0151l.<\/p>\n\n\n\n<h3 class=\"wp-block-heading\"><strong>T\u00fcrelemre \u00f6szt\u00f6n\u00f6z<\/strong><\/h3>\n\n\n\n<p><em>Csiszolatlan gy\u00e9m\u00e1nt<\/em> szel\u00edden eml\u00e9keztet arra, hogy a fejl\u0151d\u00e9s nem megy egyik napr\u00f3l a m\u00e1sikra. Arra \u00f6szt\u00f6nzi az embereket (vezet\u0151ket, tan\u00e1rokat, mentorokat \u00e9s koll\u00e9g\u00e1kat), hogy tekintsenek t\u00fal az els\u0151 benyom\u00e1son, \u00e9s adj\u00e1k meg m\u00e1soknak a fejl\u0151d\u00e9shez sz\u00fcks\u00e9ges id\u0151t.<\/p>\n\n\n\n<h3 class=\"wp-block-heading\"><strong>El\u0151seg\u00edti a n\u00f6veked\u00e9si gondolkod\u00e1sm\u00f3dot<\/strong><\/h3>\n\n\n\n<p>A kifejez\u00e9s term\u00e9szetesen t\u00e1mogatja a n\u00f6veked\u00e9si gondolkod\u00e1sm\u00f3dot is, azt sugallva, hogy a k\u00e9pess\u00e9gek nem r\u00f6gz\u00edtettek, \u00e9s a fejl\u0151d\u00e9s er\u0151fesz\u00edt\u00e9ssel, tanul\u00e1ssal \u00e9s t\u00e1mogat\u00e1ssal lehets\u00e9ges.<\/p>\n\n\n\n<p>Teh\u00e1t ahelyett, hogy le\u00edrn\u00e1nk valakit, mert egy kicsit durva a sz\u00e9le, <em>csiszolatlan gy\u00e9m\u00e1nt<\/em> a helyzetet \u00fagy alak\u00edtja \u00e1t, hogy mi lehet bel\u0151l\u00fck, nem pedig \u00fagy, hogy hol vannak most.<\/p>\n\n\n\n<h3 class=\"wp-block-heading\"><strong>Elismeri a potenci\u00e1lt, nem a t\u00f6k\u00e9letess\u00e9get<\/strong><\/h3>\n\n\n\n<p>Tal\u00e1n a legfontosabb, hogy a kifejez\u00e9s elismeri a <em>potenci\u00e1lis <\/em>ami m\u00e9g nem teljesen bukkant fel, \u00e9s ez az elismer\u00e9s \u00f6nmag\u00e1ban is rendk\u00edv\u00fcl motiv\u00e1l\u00f3 lehet azok sz\u00e1m\u00e1ra, akik m\u00e9g mindig nem tal\u00e1lt\u00e1k meg a hely\u00fcket.<\/p>\n\n\n\n<p><strong>Profi tipp: <\/strong>Ha \u00d6n mentor vagy menedzser, az olyan eszk\u00f6z\u00f6k, mint az Undetectable AI Humanizer, seg\u00edthetnek abban, hogy a motiv\u00e1ci\u00f3s megfogalmaz\u00e1s hitelesnek, t\u00e1mogat\u00f3nak \u00e9s \u0151szint\u00e9nek t\u0171nj\u00f6n, \u00edgy az olyan mondatok, mint p\u00e9ld\u00e1ul <em>csiszolatlan gy\u00e9m\u00e1nt <\/em>mindig pozit\u00edv m\u00f3don landolnak.<\/p>\n\n\n\n<h2 class=\"wp-block-heading\"><strong>Tippek \u00e9s gyakori hib\u00e1k<\/strong><\/h2>\n\n\n<div class=\"wp-block-image\">\n<figure class=\"aligncenter size-large\"><img loading=\"lazy\" decoding=\"async\" width=\"1024\" height=\"683\" src=\"https:\/\/undetectable.ai/blog\/wp-content\/uploads\/2025\/08\/Undetectable-AI-Featured-image-1024x683.jpg\" alt=\"Kimutathatatlan AI kiemelt k\u00e9p\" class=\"wp-image-13574\" title=\"\" srcset=\"https:\/\/undetectable.ai/blog\/wp-content\/uploads\/2025\/08\/Undetectable-AI-Featured-image-1024x683.jpg 1024w, https:\/\/undetectable.ai/blog\/wp-content\/uploads\/2025\/08\/Undetectable-AI-Featured-image-300x200.jpg 300w, https:\/\/undetectable.ai/blog\/wp-content\/uploads\/2025\/08\/Undetectable-AI-Featured-image-768x512.jpg 768w, https:\/\/undetectable.ai/blog\/wp-content\/uploads\/2025\/08\/Undetectable-AI-Featured-image-18x12.jpg 18w, https:\/\/undetectable.ai/blog\/wp-content\/uploads\/2025\/08\/Undetectable-AI-Featured-image.jpg 1200w\" sizes=\"auto, (max-width: 1024px) 100vw, 1024px\" \/><\/figure><\/div>\n\n\n<p>A kifejez\u00e9s <em>csiszolatlan gy\u00e9m\u00e1nt<\/em> er\u0151teljes b\u00f3k lehet, de csak akkor, ha \u00f3vatosan haszn\u00e1ljuk. A hangnem, a k\u00f6rnyezet \u00e9s a sz\u00e1nd\u00e9k mind sz\u00e1m\u00edt.<\/p>\n\n\n\n<p>\u00cdme n\u00e9h\u00e1ny praktikus teend\u0151 \u00e9s tilalom a kifejez\u00e9s haszn\u00e1lat\u00e1hoz besz\u00e9lget\u00e9sben \u00e9s \u00edr\u00e1sban.<\/p>\n\n\n\n<figure class=\"wp-block-table\"><table class=\"has-fixed-layout\"><tbody><tr><td class=\"has-text-align-center\" data-align=\"center\" colspan=\"2\"><strong>A Do's \u00e9s Don'ts a haszn\u00e1lat sor\u00e1n <\/strong><strong><em>Gy\u00e9m\u00e1nt a csiszolatlanban<\/em><\/strong><\/td><\/tr><tr><td class=\"has-text-align-center\" data-align=\"center\"><strong>Do's<\/strong><\/td><td class=\"has-text-align-center\" data-align=\"center\"><strong>Ne tegye<\/strong><\/td><\/tr><tr><td class=\"has-text-align-center\" data-align=\"center\"><strong>Kiemelni a potenci\u00e1lt, nem a hi\u00e1nyoss\u00e1gokat<\/strong>. Arra \u00f6sszpontos\u00edtson, hogy miv\u00e9 v\u00e1lhat valaki, ne arra, ami jelenleg hi\u00e1nyzik.<br><strong>Legyen tekintettel arra, hogy kit \u00edr le<\/strong>. Ez a mondat legink\u00e1bb azokn\u00e1l az emberekn\u00e9l m\u0171k\u00f6dik, akik m\u00e9g az \u00fatjuk elej\u00e9n vannak, vagy akt\u00edvan n\u00f6vekednek.<br><strong>P\u00e1ros\u00edtsa b\u00e1tor\u00edt\u00e1ssal<\/strong>, \u00fcgyelve arra, hogy megeml\u00edtse a m\u00e1r l\u00e1tott er\u0151ss\u00e9geket \u00e9s a fejl\u0151d\u00e9si lehet\u0151s\u00e9geket.<\/td><td class=\"has-text-align-center\" data-align=\"center\"><strong>Haszn\u00e1ld b\u00f3knak.<\/strong>. Ha nem vigy\u00e1zol, ez a kifejez\u00e9s \u00fagy hangozhat, mintha a tehets\u00e9g elismer\u00e9se helyett a hib\u00e1kra mutatn\u00e1l r\u00e1.<br><strong>Haszn\u00e1lja nyilv\u00e1nosan, amikor a priv\u00e1t visszajelz\u00e9s jobb<\/strong>, mivel m\u00e1sok el\u0151tt ezt kimondani k\u00e9nyelmetlen vagy k\u00ednos \u00e9rz\u00e9s lehet.<br><strong>Ne haszn\u00e1lja t\u00fal a kifejez\u00e9st<\/strong>. Mint minden idi\u00f3ma, ez is kezd elvesz\u00edteni a jelent\u00e9s\u00e9t, ha t\u00fal gyakran haszn\u00e1ljuk.<\/td><\/tr><\/tbody><\/table><\/figure>\n\n\n<div class=\"wp-block-image\">\n<figure class=\"aligncenter size-large\"><img loading=\"lazy\" decoding=\"async\" width=\"1024\" height=\"492\" src=\"https:\/\/undetectable.ai/blog\/wp-content\/uploads\/2025\/01\/ai-chat-1024x492.jpg\" alt=\"AI Chat\" class=\"wp-image-6097\" title=\"\" srcset=\"https:\/\/undetectable.ai/blog\/wp-content\/uploads\/2025\/01\/ai-chat-1024x492.jpg 1024w, https:\/\/undetectable.ai/blog\/wp-content\/uploads\/2025\/01\/ai-chat-300x144.jpg 300w, https:\/\/undetectable.ai/blog\/wp-content\/uploads\/2025\/01\/ai-chat-768x369.jpg 768w, https:\/\/undetectable.ai/blog\/wp-content\/uploads\/2025\/01\/ai-chat-1536x738.jpg 1536w, https:\/\/undetectable.ai/blog\/wp-content\/uploads\/2025\/01\/ai-chat-2048x984.jpg 2048w, https:\/\/undetectable.ai/blog\/wp-content\/uploads\/2025\/01\/ai-chat-18x9.jpg 18w\" sizes=\"auto, (max-width: 1024px) 100vw, 1024px\" \/><\/figure><\/div>\n\n\n<p><strong>Profi tipp:<\/strong> Ha nem vagy biztos benne, hogy egy olyan kifejez\u00e9s, mint a <em>csiszolatlan gy\u00e9m\u00e1nt<\/em> landolhat, az olyan eszk\u00f6z\u00f6k, mint az Undetectable AI <a href=\"https:\/\/undetectable.ai\/ai-chat\" target=\"_blank\" data-type=\"link\" data-id=\"https:\/\/undetectable.ai\/ai-chat\" rel=\"noreferrer noopener\">AI Chat<\/a> seg\u00edthet \u00e1tgondolni a dolgot. Megvizsg\u00e1lhat val\u00f3s \u00e9lethelyzeteket (p\u00e9ld\u00e1ul karrier, oktat\u00e1s vagy kapcsolatok), \u00e9s tesztelheti, hogy a megfogalmaz\u00e1st b\u00e1tor\u00edt\u00f3nak, \u00e9p\u00edt\u0151 jelleg\u0171nek vagy potenci\u00e1lisan s\u00e9rt\u0151nek fogj\u00e1k-e fel.<\/p>\n\n\n\n<h2 class=\"wp-block-heading\"><strong>\u00c9rdekes t\u00e9nyek a kifejez\u00e9sr\u0151l <\/strong><strong><em>Gy\u00e9m\u00e1nt a csiszolatlanban<\/em><\/strong><\/h2>\n\n\n\n<p>A kifejez\u00e9s <em>csiszolatlan gy\u00e9m\u00e1nt<\/em> gener\u00e1ci\u00f3k \u00f3ta haszn\u00e1lj\u00e1k a rejtett lehet\u0151s\u00e9gek le\u00edr\u00e1s\u00e1ra. Csak a m\u00f3ka kedv\u00e9\u00e9rt \u00edme n\u00e9h\u00e1ny \u00e9rdekes t\u00e9ny a kifejez\u00e9sr\u0151l, amit tal\u00e1n nem is tudt\u00e1l:<\/p>\n\n\n\n<ul class=\"wp-block-list\">\n<li>A term\u00e9szetes gy\u00e9m\u00e1ntok gyakran tomp\u00e1nak \u00e9s jellegtelennek t\u0171nnek, miel\u0151tt csiszoln\u00e1k \u00e9s csiszoln\u00e1k \u0151ket.<\/li>\n\n\n\n<li>A gy\u00e9m\u00e1nt csiszol\u00e1sa sor\u00e1n elt\u00e1vol\u00edtj\u00e1k a gy\u00e9m\u00e1nt t\u00f6k\u00e9letlens\u00e9geit.<\/li>\n\n\n\n<li>A kifejez\u00e9s <em>csiszolatlan gy\u00e9m\u00e1nt<\/em> m\u00e1r az 1700-as \u00e9vekben megjelenik az angol irodalomban, amikor a \u201cnyers\u201d kifejez\u00e9st \u00e1ltal\u00e1ban a csiszolatlan dr\u00e1gak\u00f6vek le\u00edr\u00e1s\u00e1ra haszn\u00e1lt\u00e1k.<\/li>\n\n\n\n<li>R\u00e9gebbi haszn\u00e1latban, <a href=\"https:\/\/www.oed.com\/dictionary\/rough-diamond_n\" target=\"_blank\" rel=\"noreferrer noopener\"><em>nyers gy\u00e9m\u00e1nt<\/em><\/a> az \u00e9kszer\u00e9szek \u00e1ltal haszn\u00e1lt sz\u00f3 szerinti kereskedelmi kifejez\u00e9s volt, miel\u0151tt az emberek metafor\u00e1j\u00e1v\u00e1 v\u00e1lt volna.<\/li>\n\n\n\n<li>William Shakespeare hasonl\u00f3 k\u00e9peket haszn\u00e1lt a csiszolatlan dr\u00e1gak\u00f6vekr\u0151l \u00e9s a rejtett \u00e9rt\u00e9kekr\u0151l, seg\u00edtve a gondolat n\u00e9pszer\u0171s\u00edt\u00e9s\u00e9t, m\u00e9g ha nem is haszn\u00e1lta pontosan ezt a kifejez\u00e9st.<\/li>\n\n\n\n<li>Ezt a kifejez\u00e9st gyakran haszn\u00e1lj\u00e1k a sportfel\u00fcgyel\u0151k a nyers tehets\u00e9ggel rendelkez\u0151, m\u00e9g nem teljesen k\u00e9pzett sportol\u00f3k le\u00edr\u00e1s\u00e1ra.<\/li>\n\n\n\n<li>\u00dczleti \u00e9s b\u00e9rbead\u00f3i tev\u00e9kenys\u00e9g, <em>csiszolatlan gy\u00e9m\u00e1nt<\/em> gyakran alkalmazz\u00e1k olyan jel\u00f6ltekre, akik nem szokv\u00e1nyos h\u00e1tt\u00e9rrel, de sok tehets\u00e9ggel rendelkeznek.<\/li>\n\n\n\n<li>\u00c9rdekes m\u00f3don, ha egy gy\u00e9m\u00e1ntot egyszer megcsiszoltak, soha t\u00f6bb\u00e9 nem t\u00e9rhet vissza eredeti \u00e1llapot\u00e1ba, ami azt t\u00fckr\u00f6zi, hogy a n\u00f6veked\u00e9s \u00e9s a tapasztalat az embereket is tart\u00f3san megv\u00e1ltoztatja.<\/li>\n<\/ul>\n\n\n\n<h2 class=\"wp-block-heading\"><strong>Hogyan kell haszn\u00e1lni <\/strong><strong><em>Gy\u00e9m\u00e1nt a csiszolatlanban<\/em><\/strong><strong> Hat\u00e9konyan<\/strong><\/h2>\n\n\n\n<p>M\u00e9g ha a kifejez\u00e9s <em>csiszolatlan gy\u00e9m\u00e1nt<\/em> \u00e1ltal\u00e1ban pozit\u00edv, m\u00e9g mindig nagy s\u00falya van.<\/p>\n\n\n\n<p>Nem csak azt \u00edrja le, hogy valaki hol tart most, hanem a lehet\u0151s\u00e9geir\u0151l, a fejl\u0151d\u00e9s\u00e9r\u0151l \u00e9s arr\u00f3l is nyilatkozik, hogy \u00d6n szerint hov\u00e1 fejl\u0151dhetne. Ez\u00e9rt nagyon fontos, hogy hogyan \u00e9s mikor haszn\u00e1lod ezt a kifejez\u00e9st.<\/p>\n\n\n\n<p>\u00cdme h\u00e1rom kulcsfontoss\u00e1g\u00fa tipp a kifejez\u00e9s \u00e1tgondolt \u00e9s hat\u00e9kony haszn\u00e1lat\u00e1hoz a mindennapi \u00e9letben.<\/p>\n\n\n\n<h3 class=\"wp-block-heading\"><strong>Tipp #1: \u00d3vatosan haszn\u00e1ld az emberek le\u00edr\u00e1s\u00e1ra<\/strong><\/h3>\n\n\n\n<p>Amikor ezt a kifejez\u00e9st alkalmazod egy szem\u00e9lyre, akkor \u00edt\u00e9letet alkotsz mind a jelenlegi \u00e1llapot\u00e1r\u00f3l. <em>\u00e9s <\/em>j\u00f6v\u0151beli lehet\u0151s\u00e9geik.<\/p>\n\n\n\n<p>\u00c1ltal\u00e1ban a mondat akkor m\u0171k\u00f6dik a legjobban, ha:<\/p>\n\n\n\n<ul class=\"wp-block-list\">\n<li>\u00d6n val\u00f3ban l\u00e1t tehets\u00e9get, jellemet vagy \u00edg\u00e9retet.<\/li>\n\n\n\n<li>Ink\u00e1bb a b\u00e1tor\u00edt\u00e1s, mint a kritika fel\u0151l besz\u00e9lsz.<\/li>\n\n\n\n<li>A szem\u00e9ly a fejl\u0151d\u00e9si vagy tanul\u00e1si folyamat elej\u00e9n van.<\/li>\n<\/ul>\n\n\n\n<p>Ker\u00fclje a v\u00e9letlenszer\u0171 vagy f\u00e9lv\u00e1llr\u00f3l vett haszn\u00e1lat\u00e1t, k\u00fcl\u00f6n\u00f6sen szakmai k\u00f6rnyezetben, ahol a szavai k\u00f6zvetlen\u00fcl befoly\u00e1solhatj\u00e1k, hogy valaki hogyan v\u00e9lekedik r\u00f3la.<\/p>\n\n\n\n<h3 class=\"wp-block-heading\"><strong>Tipp #2: Csak pozit\u00edv kontextusban haszn\u00e1ljuk<\/strong><\/h3>\n\n\n\n<p><em>Csiszolatlan gy\u00e9m\u00e1nt <\/em>akkor a legjobb, ha egy\u00e9rtelm\u0171en b\u00e1tor\u00edt\u00e1sk\u00e9nt van megfogalmazva.<\/p>\n\n\n\n<p>P\u00e9ld\u00e1ul, mondv\u00e1n:<\/p>\n\n\n\n<ul class=\"wp-block-list\">\n<li>\u201c\u0150 egy csiszolatlan gy\u00e9m\u00e1nt, kiv\u00e9teles lesz.\u201d<\/li>\n<\/ul>\n\n\n\n<p>Nagyon m\u00e1s \u00e9rz\u00e9s, mint:<\/p>\n\n\n\n<ul class=\"wp-block-list\">\n<li>\u201cAzt mondan\u00e1m, hogy \u0151 egy csiszolatlan gy\u00e9m\u00e1nt.\u201d<\/li>\n<\/ul>\n\n\n\n<p>Egy kis kontextus n\u00e9lk\u00fcl a kifejez\u00e9s hi\u00e1nyosnak t\u0171nhet. Vagy ami m\u00e9g rosszabb, elutas\u00edt\u00f3nak.<\/p>\n\n\n\n<h3 class=\"wp-block-heading\"><strong>Tipp #3: Mindig b\u00e1tor\u00edt\u00e1ssal p\u00e1ros\u00edtsd<\/strong><\/h3>\n\n\n\n<p>Az egyik leghat\u00e9konyabb m\u00f3dja a <em>csiszolatlan gy\u00e9m\u00e1nt<\/em> az, hogy ezt vil\u00e1gos meggy\u0151z\u0151d\u00e9ssel \u00e9s t\u00e1mogat\u00e1ssal p\u00e1ros\u00edtsuk.<\/p>\n\n\n\n<p>Ez \u00edgy n\u00e9zhet ki:<\/p>\n\n\n\n<ul class=\"wp-block-list\">\n<li><strong>Mentor\u00e1l\u00e1s vagy k\u00e9pz\u00e9s felaj\u00e1nl\u00e1sa: <\/strong><em>\u201c\u0150 egy csiszolatlan gy\u00e9m\u00e1nt, \u00e9s a megfelel\u0151 edz\u00e9ssel igaz\u00e1n j\u00f3l fog itt boldogulni.\u201d<\/em><\/li>\n\n\n\n<li><strong>Az er\u0151fesz\u00edt\u00e9sek \u00e9s a fejl\u0151d\u00e9s elismer\u00e9se: <\/strong><em>\u201c\u0150 egy csiszolatlan gy\u00e9m\u00e1nt. M\u00e1r most l\u00e1tszik, mennyit fejl\u0151d\u00f6tt n\u00e9h\u00e1ny h\u00f3nap alatt.\u201d<\/em><\/li>\n\n\n\n<li><strong>Bizalom kifejez\u00e9se valaki n\u00f6veked\u00e9se ir\u00e1nt: <\/strong><em>\u201cAz \u00faj alkalmazott egy kicsit csiszolatlan gy\u00e9m\u00e1nt, de b\u00edzom benne, hogy t\u00f6bb tapasztalattal kiv\u00e9teles lesz.\u201d<\/em><\/li>\n<\/ul>\n\n\n\n<p>Az ilyen jelleg\u0171 kieg\u00e9sz\u00edt\u00e9sek meger\u0151s\u00edtik azt a gondolatot, hogy a n\u00f6veked\u00e9s lehets\u00e9ges, \u00e9s hogy izgatottan v\u00e1rja, hogy ott lehessen az utaz\u00e1s sor\u00e1n.<\/p>\n\n\n\n<p>Kezdje el haszn\u00e1lni az AI Detector \u00e9s Humanizer programunkat az al\u00e1bbi widgetben!<\/p>\n\n\n\n<div id=\"uai-widget\" data-affiliate-link=\"https:\/\/undetectable.ai\/?_by=hi4km\"><script>var js = document.createElement(\"script\");js.async = true;js.src = \"https:\/\/widget.undetectable.ai\/js\/widget-loader.js?t=\"+Date.now();document.getElementsByTagName(\"head\")[0].appendChild(js);<\/script><\/div>\n\n\n\n<h2 class=\"wp-block-heading\"><strong>Gyakran ism\u00e9telt k\u00e9rd\u00e9sek a <\/strong><strong><em>Gy\u00e9m\u00e1nt a csiszolatlanban<\/em><\/strong><\/h2>\n\n\n<div id=\"rank-math-faq\" class=\"rank-math-block\">\n<div class=\"rank-math-list\">\n<div id=\"faq-question-1769804333784\" class=\"rank-math-list-item\">\n<h3 class=\"rank-math-question\"><strong>Mi az a nyers gy\u00e9m\u00e1nt?<\/strong><\/h3>\n<div class=\"rank-math-answer\">\n\n<p>A nyers gy\u00e9m\u00e1nt term\u00e9szetes, csiszolatlan \u00e1llapotban l\u00e9v\u0151 gy\u00e9m\u00e1nt. Csiszol\u00e1s el\u0151tt tomp\u00e1nak vagy egyenetlennek t\u0171nhet, ez\u00e9rt m\u0171k\u00f6dik olyan j\u00f3l metaforak\u00e9nt.<\/p>\n\n<\/div>\n<\/div>\n<div id=\"faq-question-1769804342040\" class=\"rank-math-list-item\">\n<h3 class=\"rank-math-question\"><strong>Mit jelent <em>csiszolatlan gy\u00e9m\u00e1nt<\/em> jelent?<\/strong><\/h3>\n<div class=\"rank-math-answer\">\n\n<p><em>Csiszolatlan gy\u00e9m\u00e1nt<\/em> egy olyan szem\u00e9lyre, helyre vagy dologra utal, amely egy\u00e9rtelm\u0171 potenci\u00e1llal rendelkezik, de m\u00e9g nem fejl\u0151d\u00f6tt ki teljesen vagy nem finomodott ki. A legfontosabb dolog, amit a kifejez\u00e9ssel kapcsolatban tudnunk kell, hogy azt hangs\u00falyozza, amit <em>lehetne<\/em> legyen, nem pedig az, ami jelenleg hi\u00e1nyzik.<\/p>\n\n<\/div>\n<\/div>\n<div id=\"faq-question-1769804349756\" class=\"rank-math-list-item\">\n<h3 class=\"rank-math-question\"><strong>Mit jelent a \u201cdurva\u201d f\u0151n\u00e9v a k\u00f6vetkez\u0151 mondatban <em>csiszolatlan gy\u00e9m\u00e1nt<\/em>?<\/strong><\/h3>\n<div class=\"rank-math-answer\">\n\n<p>Ebben az \u00f6sszef\u00fcgg\u00e9sben a nyers azt jelenti, hogy csiszolatlan vagy fejletlen. A sz\u00f3 szerinti \u201cnyers gy\u00e9m\u00e1nt\u201d kifejez\u00e9sb\u0151l sz\u00e1rmazik, amelyet a dr\u00e1gak\u00f6vek csiszol\u00e1s \u00e9s finom\u00edt\u00e1s el\u0151tti le\u00edr\u00e1s\u00e1ra haszn\u00e1lnak.<\/p>\n\n<\/div>\n<\/div>\n<div id=\"faq-question-1769804357706\" class=\"rank-math-list-item\">\n<h3 class=\"rank-math-question\"><strong>Az, hogy valakit <em>csiszolatlan gy\u00e9m\u00e1nt<\/em> Azt jelenti, hogy neh\u00e9z vel\u00fck dolgozni?<\/strong><\/h3>\n<div class=\"rank-math-answer\">\n\n<p>Nem felt\u00e9tlen\u00fcl. B\u00e1r ez a kifejez\u00e9s arra utalhat, hogy valaki m\u00e9g tanul vagy fejl\u0151dik, nem jelenti automatikusan azt, hogy neh\u00e9z vele b\u00e1nni. Leggyakrabban arra utal, hogy a szem\u00e9lyben nagy lehet\u0151s\u00e9gek rejlenek, de m\u00e9g csak tapasztalatokat gy\u0171jt.\u00a0\u00a0<\/p>\n\n<\/div>\n<\/div>\n<\/div>\n<\/div>\n\n\n<h2 class=\"wp-block-heading\"><strong>V\u00e9gs\u0151 gondolatok a kifejez\u00e9sr\u0151l <\/strong><strong><em>Gy\u00e9m\u00e1nt a csiszolatlanban<\/em><\/strong><\/h2>\n\n\n\n<p>A legjobban, <em>csiszolatlan gy\u00e9m\u00e1nt<\/em> egy rem\u00e9nyteli mondat, amelyet gyakran \u00e1rtatlanul mondanak, hogy kiemelj\u00e9k valakinek a lehet\u0151s\u00e9geit.<\/p>\n\n\n\n<p>Mivel azonban a kifejez\u00e9s <em>does<\/em> felh\u00edvni a figyelmet valami befejezetlen dologra, akkor <em>mindig <\/em>\u00f3vatosan kell kezelni. M\u00e9g ha j\u00f3t akarsz is, akkor is s\u00e9rt\u0151 lehet, ha az id\u0151z\u00edt\u00e9s vagy a sz\u00f6vegk\u00f6rnyezet nem megfelel\u0151.<\/p>\n\n\n\n<p>A kifejez\u00e9s haszn\u00e1lata el\u0151tt hasznos lehet meg\u00e1llni, \u00e9s feltenni magunknak n\u00e9h\u00e1ny egyszer\u0171 k\u00e9rd\u00e9st:<\/p>\n\n\n\n<ul class=\"wp-block-list\">\n<li>Ez b\u00e1tor\u00edt\u00f3 vagy elkeser\u00edt\u0151 \u00e9rz\u00e9s lesz a hallgat\u00f3 sz\u00e1m\u00e1ra?<\/li>\n\n\n\n<li>El\u00e9g kontextust adtam hozz\u00e1 ahhoz, hogy egy\u00e9rtelm\u0171v\u00e9 tegyem pozit\u00edv sz\u00e1nd\u00e9kaimat?<\/li>\n\n\n\n<li>\u00c9rt\u00e9keln\u00e9m, ha ezt mondan\u00e1k r\u00f3lam?<\/li>\n<\/ul>\n\n\n\n<p>A legegyszer\u0171bb m\u00f3dja annak, hogy biztosak legy\u00fcnk benne. <em>csiszolatlan gy\u00e9m\u00e1nt<\/em> b\u00e1tor\u00edt\u00f3 b\u00f3knak t\u0171nik, nem pedig finom lekicsinyl\u00e9snek.<\/p>\n\n\n\n<p>Biztos\u00edtsa, hogy szavai olyan tiszt\u00e1n ragyogjanak, mint egy gy\u00e9m\u00e1nt - haszn\u00e1lja a <a href=\"https:\/\/undetectable.ai\/\" data-type=\"link\" data-id=\"https:\/\/undetectable.ai\/\" target=\"_blank\" rel=\"noopener\">Undet<\/a><a href=\"https:\/\/undetectable.ai\/\" target=\"_blank\" data-type=\"link\" data-id=\"https:\/\/undetectable.ai\/\" rel=\"noreferrer noopener\">ectable AI<\/a> hogy embersz\u00e1mba vegye \u00e9s t\u00f6k\u00e9letes\u00edtse az \u00edr\u00e1s\u00e1t.<\/p>","protected":false},"excerpt":{"rendered":"","protected":false},"author":15,"featured_media":19673,"comment_status":"closed","ping_status":"closed","sticky":false,"template":"","format":"standard","meta":{"_themeisle_gutenberg_block_has_review":false,"footnotes":""},"categories":[31],"tags":[],"class_list":["post-19667","post","type-post","status-publish","format-standard","has-post-thumbnail","hentry","category-helpful-ai-content-tips"],"_links":{"self":[{"href":"https:\/\/undetectable.ai/blog\/hu\/wp-json\/wp\/v2\/posts\/19667","targetHints":{"allow":["GET"]}}],"collection":[{"href":"https:\/\/undetectable.ai/blog\/hu\/wp-json\/wp\/v2\/posts"}],"about":[{"href":"https:\/\/undetectable.ai/blog\/hu\/wp-json\/wp\/v2\/types\/post"}],"author":[{"embeddable":true,"href":"https:\/\/undetectable.ai/blog\/hu\/wp-json\/wp\/v2\/users\/15"}],"replies":[{"embeddable":true,"href":"https:\/\/undetectable.ai/blog\/hu\/wp-json\/wp\/v2\/comments?post=19667"}],"version-history":[{"count":4,"href":"https:\/\/undetectable.ai/blog\/hu\/wp-json\/wp\/v2\/posts\/19667\/revisions"}],"predecessor-version":[{"id":19676,"href":"https:\/\/undetectable.ai/blog\/hu\/wp-json\/wp\/v2\/posts\/19667\/revisions\/19676"}],"wp:featuredmedia":[{"embeddable":true,"href":"https:\/\/undetectable.ai/blog\/hu\/wp-json\/wp\/v2\/media\/19673"}],"wp:attachment":[{"href":"https:\/\/undetectable.ai/blog\/hu\/wp-json\/wp\/v2\/media?parent=19667"}],"wp:term":[{"taxonomy":"category","embeddable":true,"href":"https:\/\/undetectable.ai/blog\/hu\/wp-json\/wp\/v2\/categories?post=19667"},{"taxonomy":"post_tag","embeddable":true,"href":"https:\/\/undetectable.ai/blog\/hu\/wp-json\/wp\/v2\/tags?post=19667"}],"curies":[{"name":"wp","href":"https:\/\/api.w.org\/{rel}","templated":true}]}}