{"id":21071,"date":"2026-03-13T10:40:18","date_gmt":"2026-03-13T10:40:18","guid":{"rendered":"https:\/\/undetectable.ai/blog\/?p=21071"},"modified":"2026-03-13T17:30:31","modified_gmt":"2026-03-13T17:30:31","slug":"munkaero-vagy-munka","status":"publish","type":"post","link":"https:\/\/undetectable.ai/blog\/hu\/munkaero-vagy-munka\/","title":{"rendered":"Labor vagy Labour: Melyik a helyes az \u00d6n kontextus\u00e1ban?"},"content":{"rendered":"<p>\u00d6n is angolul tanul, aki \u00f6sszezavarodik, amikor k\u00e9t nagyon hasonl\u00f3 \u00edr\u00e1sm\u00f3d\u00fa \u00e9s jelent\u00e9s\u0171 sz\u00f3t l\u00e1t?&nbsp;<\/p>\n\n\n\n<p>K\u00fcl\u00f6nb\u00f6z\u0151 \u00edr\u00e1sokkal is tal\u00e1lkozhatsz, amelyek k\u00f6z\u00fcl egyesek munkaer\u0151t haszn\u00e1lnak, m\u00e1sok pedig munkaer\u0151t. Ez elgondolkodtathat, vajon munka vagy munkaer\u0151? Melyik sz\u00f3 a helyes, vagy haszn\u00e1latuk a kontextust\u00f3l f\u00fcgg?<\/p>\n\n\n\n<p>R\u00e1ad\u00e1sul, ha \u00d6n \u00edr\u00f3, akkor zavarban lehet, hogy melyiket haszn\u00e1lja az \u00edr\u00e1s\u00e1ban. Mivel a j\u00f3 \u00edr\u00e1s egys\u00e9gess\u00e9get \u00e9s k\u00f6vetkezetess\u00e9get ig\u00e9nyel, az embernek vagy a labor, vagy a labour sz\u00f3t kell haszn\u00e1lnia az eg\u00e9sz \u00edr\u00e1s sor\u00e1n.<\/p>\n\n\n\n<p>Ebben a cikkben azt fogjuk megvitatni, hogy melyiket mikor \u00e9s hol \u00e9rdemes haszn\u00e1lni. Mi\u00e9rt l\u00e9tezik a \u201clabour\u201d vagy \"labor\" k\u00e9tf\u00e9le \u00edr\u00e1sm\u00f3dja? \u00c9s hogyan illeszkedik mindk\u00e9t \u00edr\u00e1sm\u00f3d a munkahelyi \u00e9s politikai kontextusba.<\/p>\n\n\n\n<p>Mer\u00fclj\u00fcnk el benne.<\/p>\n\n\n\n<hr class=\"wp-block-separator has-alpha-channel-opacity\"\/>\n\n\n\n<p class=\"has-text-align-center\"><strong>A legfontosabb tudnival\u00f3k<\/strong><\/p>\n\n\n\n<ul class=\"wp-block-list\">\n<li>Az amerikai angolban a Labor a standard helyes\u00edr\u00e1s. A brit angolban \u00e9s az angol nyelv\u0171 vil\u00e1g t\u00f6bbi r\u00e9sz\u00e9n a Labour a standard \u00edr\u00e1sm\u00f3d.<\/li>\n<\/ul>\n\n\n\n<p><\/p>\n\n\n\n<ul class=\"wp-block-list\">\n<li>A megosztotts\u00e1g Noah Webster 1828-as sz\u00f3t\u00e1r\u00e1ra vezethet\u0151 vissza, amely elhagyta az \u201cu\u201d-t az olyan szavakb\u00f3l, mint a labour, colour \u00e9s honour.<\/li>\n<\/ul>\n\n\n\n<p><\/p>\n\n\n\n<ul class=\"wp-block-list\">\n<li>Az orvosi \u00edr\u00e1sokban a vaj\u00fad\u00e1s \u00e9s a vaj\u00fad\u00e1s is a sz\u00fcl\u00e9sre utal. A helyes\u00edr\u00e1s a c\u00e9lk\u00f6z\u00f6ns\u00e9gt\u0151l f\u00fcgg, nem pedig a jelent\u00e9st\u0151l.<\/li>\n<\/ul>\n\n\n\n<p><\/p>\n\n\n\n<ul class=\"wp-block-list\">\n<li>N\u00e9h\u00e1ny tulajdonn\u00e9v megszegi a region\u00e1lis szab\u00e1lyt. Az Ausztr\u00e1l Munk\u00e1sp\u00e1rt az amerikai helyes\u00edr\u00e1st haszn\u00e1lja, m\u00edg a brit Munk\u00e1sp\u00e1rt megtartja az \u201cu\u201d-t.\u201d<\/li>\n<\/ul>\n\n\n\n<p><\/p>\n\n\n\n<ul class=\"wp-block-list\">\n<li>V\u00e1lasszon ki egy helyes\u00edr\u00e1st, \u00e9s maradjon enn\u00e9l az eg\u00e9sz m\u0171v\u00e9ben. A kett\u0151 kever\u00e9se hanyagul n\u00e9z ki.<\/li>\n<\/ul>\n\n\n\n<p><\/p>\n\n\n\n<hr class=\"wp-block-separator has-alpha-channel-opacity\"\/>\n\n\n\n<h2 class=\"wp-block-heading\">Mi a k\u00fcl\u00f6nbs\u00e9g a Labor vagy a Labour k\u00f6z\u00f6tt?<\/h2>\n\n\n\n<p>Nincs alapvet\u0151 k\u00fcl\u00f6nbs\u00e9g a munkaer\u0151 \u00e9s a munka k\u00f6z\u00f6tt. A labor az amerikai angolban haszn\u00e1latos, m\u00edg a labour az angol nyelv\u0171 vil\u00e1g t\u00f6bbi r\u00e9sz\u00e9n.<\/p>\n\n\n\n<p>Van azonban egy kiv\u00e9tel. Ausztr\u00e1li\u00e1ban az amerikai helyes\u00edr\u00e1st haszn\u00e1lj\u00e1k a <a href=\"https:\/\/www.abc.net.au\/news\/2022-02-07\/why-the-australian-labor-party-is-not-spelled-labour\/100789310\" rel=\"nofollow noopener\" target=\"_blank\">Ausztr\u00e1l Munk\u00e1sp\u00e1rt<\/a>. Ennek oka az amerikai munk\u00e1smozgalomnak az Ausztr\u00e1l Munk\u00e1sp\u00e1rt alap\u00edt\u00f3ira gyakorolt hat\u00e1sa.<\/p>\n\n\n\n<p>Minden m\u00e1s \u00f6sszef\u00fcgg\u00e9sben az ausztr\u00e1lok a munkaer\u0151t haszn\u00e1lj\u00e1k.\u00a0<\/p>\n\n\n\n<p>A brit Munk\u00e1sp\u00e1rt az u. Az amerikai angol nyelv egyik f\u0151 megk\u00fcl\u00f6nb\u00f6ztet\u0151 t\u00e9nyez\u0151j\u00e9nek tartj\u00e1k a -our \u00edr\u00e1sm\u00f3dr\u00f3l a -or \u00edr\u00e1sm\u00f3dra val\u00f3 \u00e1tt\u00e9r\u00e9st. A Labor t\u00f6bb -or sz\u00f3val egy\u00fctt 1840 k\u00f6r\u00fcl v\u00e1lt uralkod\u00f3 helyes\u00edr\u00e1si form\u00e1v\u00e1 az Egyes\u00fclt \u00c1llamokban.&nbsp;<\/p>\n\n\n\n<h3 class=\"wp-block-heading\">K\u00f6zponti jelent\u00e9s<\/h3>\n\n\n\n<p>A labor sz\u00f3 a k\u00f6z\u00e9pangol nyelvb\u0151l sz\u00e1rmazik: az \u00f3angolb\u00f3l. <a href=\"https:\/\/www.oed.com\/dictionary\/labour_v?tl=true\" rel=\"nofollow noopener\" target=\"_blank\">Francia munka<\/a> (f\u0151n\u00e9v), munk\u00e1s (ige), mindkett\u0151 a latin labor sz\u00f3b\u00f3l sz\u00e1rmazik, ami \u2018f\u00e1rads\u00e1got, f\u00e1rads\u00e1got\u2019 jelent.<\/p>\n\n\n\n<p><strong>Munka mint f\u0151n\u00e9v:<\/strong><\/p>\n\n\n\n<p>Az angol nyelvben a labor f\u0151n\u00e9vk\u00e9nt a munk\u00e1t, k\u00fcl\u00f6n\u00f6sen a fizikai \u00e9s k\u00e9zi munk\u00e1t jelenti.<\/p>\n\n\n\n<p>N\u00e9h\u00e1ny p\u00e9lda a munkaer\u0151 mondatban val\u00f3 haszn\u00e1lat\u00e1ra:&nbsp;<\/p>\n\n\n\n<ul class=\"wp-block-list\">\n<li><em>Ez a fajta munka sok munkaer\u0151t ig\u00e9nyelne.\u00a0<\/em><\/li>\n<\/ul>\n\n\n\n<p>Ebben az \u00f6sszef\u00fcgg\u00e9sben a munkaer\u0151 a k\u00e9tkezi munk\u00e1sokra utal, akiket egy\u00fcttesen munkaer\u0151nek neveznek.&nbsp;<\/p>\n\n\n\n<ul class=\"wp-block-list\">\n<li><em>Hamarosan megindul a sz\u00fcl\u00e9s.\u00a0<\/em><\/li>\n<\/ul>\n\n\n\n<p>Ebben az \u00f6sszef\u00fcgg\u00e9sben a vaj\u00fad\u00e1s a sz\u00fcl\u00e9s folyamat\u00e1ra utal.&nbsp;<\/p>\n\n\n\n<h2 class=\"wp-block-heading\">Mi\u00e9rt l\u00e9tezik k\u00e9t helyes\u00edr\u00e1s<\/h2>\n\n\n\n<p>A k\u00e9t \u00edr\u00e1sm\u00f3d els\u0151sorban a region\u00e1lis k\u00fcl\u00f6nbs\u00e9gek miatt l\u00e9tezik. Labour vagy labor? Amint azt m\u00e1r kor\u00e1bban t\u00e1rgyaltuk, a labor az Egyes\u00fclt \u00c1llamokban haszn\u00e1latos, a labour pedig az angol nyelv\u0171 vil\u00e1g t\u00f6bbi r\u00e9sz\u00e9n elterjedtebb.<\/p>\n\n\n\n<p>Az ember elgondolkodhatna azon, hogy <strong>a munka napja vagy a munka napja<\/strong>. Mindk\u00e9t \u00edr\u00e1sm\u00f3d helyes, \u00e9s csak a region\u00e1lis k\u00fcl\u00f6nbs\u00e9gek miatt k\u00fcl\u00f6nb\u00f6zik, amelyeket a tov\u00e1bbiakban t\u00e1rgyalni fogunk.&nbsp;<\/p>\n\n\n\n<p>Az Egyes\u00fclt \u00c1llamokban p\u00e9ld\u00e1ul Noah Webster 1828-as sz\u00f3t\u00e1r\u00e1nak k\u00f6sz\u00f6nhetj\u00fck a labor \u00e1tv\u00e9tel\u00e9t, amelyben olyan szavakra haszn\u00e1lja a -or sz\u00f3t, mint a labor, color \u00e9s humor.<\/p>\n\n\n\n<p>Az Egyes\u00fclt Kir\u00e1lys\u00e1gban azonban a legt\u00f6bb ilyen sz\u00f3 a latinb\u00f3l sz\u00e1rmazik, ahol a v\u00e9gz\u0151d\u00e9s -or bet\u0171vel \u00edr\u00f3dott. El\u0151sz\u00f6r az \u00f3francia nyelvb\u0151l ker\u00fcltek \u00e1t az angolba.<\/p>\n\n\n\n<p>A normann h\u00f3d\u00edt\u00e1st k\u00f6vet\u0151en a v\u00e9gz\u0151d\u00e9s -our lett, hogy megfeleljen a k\u00e9s\u0151bbi \u00f3francia helyes\u00edr\u00e1snak.<\/p>\n\n\n\n<h2 class=\"wp-block-heading\">Mikor kell haszn\u00e1lni <em>Munkaer\u0151<\/em><\/h2>\n\n\n\n<p>Ha amerikai angolul \u00edr, vagy amerikai k\u00f6z\u00f6ns\u00e9gnek \u00edr, fontolja meg a labor haszn\u00e1lat\u00e1t, mivel ez a leggyakrabban haszn\u00e1lt sz\u00f3 az Egyes\u00fclt \u00c1llamokban.&nbsp;<\/p>\n\n\n\n<h2 class=\"wp-block-heading\"><em>Mikor kell haszn\u00e1lni a munkaer\u0151t<\/em><\/h2>\n\n\n\n<p>Amikor az Egyes\u00fclt Kir\u00e1lys\u00e1g angol nyelv\u00e9n (Commonwealth) \u00e9s az angol nyelv\u0171 vil\u00e1g t\u00f6bbi r\u00e9sz\u00e9n \u00edrunk, a munkaer\u0151 haszn\u00e1lata a megalapozottabb v\u00e1laszt\u00e1s.<\/p>\n\n\n\n<p>A fenti pontokat szem el\u0151tt tartva ker\u00fclje a vegyes \u00edr\u00e1sm\u00f3dok haszn\u00e1lat\u00e1t ugyanabban az \u00edr\u00e1sban. <a href=\"https:\/\/undetectable.ai\/blog\/what-is-mla-format\/\" target=\"_blank\" rel=\"noreferrer noopener\">\u00cdr\u00e1sst\u00edlusok, p\u00e9ld\u00e1ul MLA<\/a> elv\u00e1rja, hogy az \u00edr\u00f3k k\u00f6vess\u00e9k a region\u00e1lis angol nyelv\u00fck\u00f6n alapul\u00f3 szabv\u00e1nyos helyes\u00edr\u00e1si konvenci\u00f3kat.<\/p>\n\n\n\n<p>Tov\u00e1bb\u00e1, ha konkr\u00e9t szervezetekre, p\u00e9ld\u00e1ul munk\u00e1sp\u00e1rtokra hivatkozik, haszn\u00e1lja azok hivatalos nev\u00e9t. Ide tartozik a brit Labour<strong> <\/strong>P\u00e1rt \u00e9s az Ausztr\u00e1l Munk\u00e1sp\u00e1rt.<\/p>\n\n\n\n<p>Vigy\u00e1zzon a konkr\u00e9t kifejez\u00e9sekre. P\u00e9ld\u00e1ul a \u201claborious\u201d kifejez\u00e9st ugyan\u00fagy \u00edrj\u00e1k az amerikai \u00e9s a brit angolban.<\/p>\n\n\n\n<h2 class=\"wp-block-heading\">Munka kontra munka a munkahelyi \u00e9s politikai kontextusban<\/h2>\n\n\n\n<p><a href=\"https:\/\/www.researchgate.net\/publication\/327459744_Labor_Employment_and_Work\" rel=\"nofollow noopener\" target=\"_blank\">Munka vagy munkaer\u0151<\/a> egy munkahelyen a munkav\u00e1llal\u00f3kra vonatkozik. A munkahelyi kontextusban a munka az emberek \u00e1ltal az \u00e1ruk \u00e9s szolg\u00e1ltat\u00e1sok el\u0151\u00e1ll\u00edt\u00e1sa \u00e9rdek\u00e9ben kifejtett fizikai vagy szellemi er\u0151fesz\u00edt\u00e9sk\u00e9nt ismert. Cser\u00e9be pedig p\u00e9nzt keresnek \u00e9rte.\u00a0<\/p>\n\n\n\n<p>A munkahelyi k\u00f6rnyezetben a <strong>munkaer\u0151<\/strong> ha amerikai k\u00f6z\u00f6ns\u00e9gnek \u00edrunk. Haszn\u00e1lja a  c\u00edmet. <strong>munkaer\u0151<\/strong> amikor az Egyes\u00fclt Kir\u00e1lys\u00e1g \u00e9s a t\u00f6bbi angol nyelv\u0171 k\u00f6z\u00f6ns\u00e9g sz\u00e1m\u00e1ra \u00edrunk.<\/p>\n\n\n\n<p>Politikai kontextusban a Labour-t gyakran haszn\u00e1lj\u00e1k tulajdonn\u00e9vk\u00e9nt az Egyes\u00fclt Kir\u00e1lys\u00e1g Munk\u00e1sp\u00e1rtj\u00e1ra utalva. Err\u0151l kor\u00e1bban m\u00e1r besz\u00e9lt\u00fcnk ebben a cikkben.&nbsp;<\/p>\n\n\n\n<p>A munka mag\u00e1ban foglalja a g\u00e9pek, szersz\u00e1mok \u00e9s egy\u00e9b berendez\u00e9sek haszn\u00e1lat\u00e1t is, amelyeket a munkav\u00e1llal\u00f3k a munka elv\u00e9gz\u00e9s\u00e9hez haszn\u00e1lnak. A termel\u00e9s tervez\u00e9s\u00e9vel, szervez\u00e9s\u00e9vel \u00e9s fel\u00fcgyelet\u00e9vel t\u00f6lt\u00f6tt id\u0151 szint\u00e9n a munkaer\u0151h\u00f6z tartozik.<\/p>\n\n\n\n<p>Egy ide\u00e1lis gazdas\u00e1gi modell szerint a munkaer\u0151 vagy munka homog\u00e9n input, ami azt jelenti, hogy minden munkav\u00e1llal\u00f3 ugyanolyan er\u0151forr\u00e1ssal ugyanolyan munk\u00e1t v\u00e9gez.&nbsp;<\/p>\n\n\n\n<h3 class=\"wp-block-heading\">Munka kontra munka politikai kontextusban<\/h3>\n\n\n\n<p>A munka politikai kontextusban a korm\u00e1ny \u00e1ltal meghat\u00e1rozott politik\u00e1ra utalhat, amely a munkav\u00e1llal\u00f3 \u00e9s a munk\u00e1ltat\u00f3 k\u00f6z\u00f6tti kapcsolatot szab\u00e1lyozza.&nbsp;<\/p>\n\n\n\n<p>Ezekt\u0151l a kiv\u00e9telekt\u0151l eltekintve minden politikai kontextusban haszn\u00e1lja a labour kifejez\u00e9st, ha az amerikai k\u00f6z\u00f6ns\u00e9gnek \u00edr, \u00e9s a labour kifejez\u00e9st, ha az Egyes\u00fclt Kir\u00e1lys\u00e1gnak \u00e9s a t\u00f6bbi angol nyelv\u0171 k\u00f6z\u00f6ns\u00e9gnek \u00edr.<\/p>\n\n\n\n<p>Amikor ugyanazt az \u00edr\u00e1st az amerikai \u00e9s az angol k\u00f6z\u00f6ns\u00e9g sz\u00e1m\u00e1ra is \u00e1tdolgozza, nem csak a helyes\u00edr\u00e1sr\u00f3l van sz\u00f3. A megfogalmaz\u00e1s, a hangnem \u00e9s m\u00e9g a terminol\u00f3gia is elt\u00e9rhet.<\/p>\n\n\n<div class=\"wp-block-image\">\n<figure class=\"aligncenter size-large\"><img loading=\"lazy\" decoding=\"async\" width=\"1024\" height=\"412\" src=\"https:\/\/undetectable.ai/blog\/wp-content\/uploads\/2025\/09\/AI-Rewording-tool-002-1024x412.jpg\" alt=\"Undetctable AI rewording tool k\u00e9perny\u0151k\u00e9p\" class=\"wp-image-13434\" title=\"\" srcset=\"https:\/\/undetectable.ai/blog\/wp-content\/uploads\/2025\/09\/AI-Rewording-tool-002-1024x412.jpg 1024w, https:\/\/undetectable.ai/blog\/wp-content\/uploads\/2025\/09\/AI-Rewording-tool-002-300x121.jpg 300w, https:\/\/undetectable.ai/blog\/wp-content\/uploads\/2025\/09\/AI-Rewording-tool-002-768x309.jpg 768w, https:\/\/undetectable.ai/blog\/wp-content\/uploads\/2025\/09\/AI-Rewording-tool-002-1536x619.jpg 1536w, https:\/\/undetectable.ai/blog\/wp-content\/uploads\/2025\/09\/AI-Rewording-tool-002-2048x825.jpg 2048w, https:\/\/undetectable.ai/blog\/wp-content\/uploads\/2025\/09\/AI-Rewording-tool-002-18x7.jpg 18w\" sizes=\"auto, (max-width: 1024px) 100vw, 1024px\" \/><\/figure><\/div>\n\n\n<p>Kimutathatatlan mesters\u00e9ges intelligencia <a href=\"https:\/\/undetectable.ai\/rewording-tool\" target=\"_blank\" rel=\"noopener\">\u00c1tfogalmaz\u00e1si eszk\u00f6z<\/a> seg\u00edthet \u00e1tdolgozni a tartalmat egy m\u00e1sik region\u00e1lis c\u00e9lk\u00f6z\u00f6ns\u00e9g sz\u00e1m\u00e1ra, mik\u00f6zben az \u00fczenete nem v\u00e1ltozik.<\/p>\n\n\n\n<h2 class=\"wp-block-heading\">Labor vs. Munka az orvosi \u00edr\u00e1sban<\/h2>\n\n\n\n<p>Az orvosi \u00edr\u00e1sokban a labor vagy labour kifejez\u00e9s a sz\u00fcl\u00e9sr\u0151l sz\u00f3l. Mindk\u00e9t sz\u00f3 ugyanazt jelenti, \u00e9s a k\u00fcl\u00f6nbs\u00e9g puszt\u00e1n region\u00e1lis jelleg\u0171.<\/p>\n\n\n<div class=\"wp-block-image\">\n<figure class=\"aligncenter size-large\"><img loading=\"lazy\" decoding=\"async\" width=\"1024\" height=\"436\" src=\"https:\/\/undetectable.ai/blog\/wp-content\/uploads\/2025\/11\/Advanced-AI-Humanizer-1024x436.jpg\" alt=\"Az Undetectable AI fejlett AI Humanizer programj\u00e1nak k\u00e9perny\u0151k\u00e9pe\" class=\"wp-image-18108\" title=\"\" srcset=\"https:\/\/undetectable.ai/blog\/wp-content\/uploads\/2025\/11\/Advanced-AI-Humanizer-1024x436.jpg 1024w, https:\/\/undetectable.ai/blog\/wp-content\/uploads\/2025\/11\/Advanced-AI-Humanizer-300x128.jpg 300w, https:\/\/undetectable.ai/blog\/wp-content\/uploads\/2025\/11\/Advanced-AI-Humanizer-768x327.jpg 768w, https:\/\/undetectable.ai/blog\/wp-content\/uploads\/2025\/11\/Advanced-AI-Humanizer-18x8.jpg 18w, https:\/\/undetectable.ai/blog\/wp-content\/uploads\/2025\/11\/Advanced-AI-Humanizer.jpg 1265w\" sizes=\"auto, (max-width: 1024px) 100vw, 1024px\" \/><\/figure><\/div>\n\n\n<p>Amikor orvosi k\u00e9zik\u00f6nyveket \u00edrsz \u00e9s orvosi szakkifejez\u00e9sekkel zsongl\u0151rk\u00f6dsz, haszn\u00e1lhatod az Undetectable AI <a href=\"https:\/\/undetectable.ai\/\" target=\"_blank\" rel=\"noreferrer noopener\">AI Humanizer<\/a> az orvosi magyar\u00e1zatok olvashat\u00f3ak \u00e9s el\u00e9rhet\u0151ek legyenek a h\u00e9tk\u00f6znapi emberek sz\u00e1m\u00e1ra.\u00a0<\/p>\n\n\n\n<p>Ha orvosi kontextusban angolul \u00edrunk, vagy ha az Egyes\u00fclt \u00c1llamokon k\u00edv\u00fcli k\u00f6z\u00f6ns\u00e9gre hivatkozunk, haszn\u00e1ljuk a labour sz\u00f3t.<\/p>\n\n\n\n<p>Ha orvosi kontextusban amerikai angolul \u00edr, \u00e9s amerikai k\u00f6z\u00f6ns\u00e9gre hivatkozik, haszn\u00e1lja a labor sz\u00f3t.<\/p>\n\n\n\n<p>Ha seg\u00edts\u00e9gre van sz\u00fcks\u00e9ge az orvosi vizu\u00e1lis anyagok hiteless\u00e9g\u00e9nek ellen\u0151rz\u00e9s\u00e9ben, haszn\u00e1lja az Undetectable AI <a href=\"https:\/\/undetectable.ai\/ai-image-detector\" target=\"_blank\" rel=\"noreferrer noopener\">AI k\u00e9p\u00e9rz\u00e9kel\u0151<\/a> hogy a l\u00e1tv\u00e1ny hiteles legyen, \u00e9s ne mesters\u00e9ges intelligenci\u00e1val \u00e1ll\u00edts\u00e1k el\u0151.\u00a0<\/p>\n\n\n\n<h2 class=\"wp-block-heading\">Val\u00f3di mondat p\u00e9ld\u00e1k<\/h2>\n\n\n<div class=\"wp-block-image\">\n<figure class=\"aligncenter size-large\"><img loading=\"lazy\" decoding=\"async\" width=\"1024\" height=\"683\" src=\"https:\/\/undetectable.ai/blog\/wp-content\/uploads\/2026\/03\/ffffff-1-6-1024x683.jpg\" alt=\"F\u00e1jdalmas sz\u00fcl\u00e9sb\u0151l sz\u00e1rmaz\u00f3 n\u0151 k\u00e9zen fogva a f\u00e9rj\u00e9vel\" class=\"wp-image-21081\" title=\"\" srcset=\"https:\/\/undetectable.ai/blog\/wp-content\/uploads\/2026\/03\/ffffff-1-6-1024x683.jpg 1024w, https:\/\/undetectable.ai/blog\/wp-content\/uploads\/2026\/03\/ffffff-1-6-300x200.jpg 300w, https:\/\/undetectable.ai/blog\/wp-content\/uploads\/2026\/03\/ffffff-1-6-768x512.jpg 768w, https:\/\/undetectable.ai/blog\/wp-content\/uploads\/2026\/03\/ffffff-1-6-18x12.jpg 18w, https:\/\/undetectable.ai/blog\/wp-content\/uploads\/2026\/03\/ffffff-1-6.jpg 1200w\" sizes=\"auto, (max-width: 1024px) 100vw, 1024px\" \/><\/figure><\/div>\n\n\n<p>N\u00e9h\u00e1ny val\u00f3s mondatp\u00e9lda a munkaer\u0151re vagy munk\u00e1ra:<\/p>\n\n\n\n<ol class=\"wp-block-list\">\n<li>\u00c9n \u00e9s a b\u00e1ty\u00e1m <strong>f\u00e1radozott\/f\u00e1radozott<\/strong> hogy megjav\u00edtsuk az aut\u00f3nkat.<\/li>\n\n\n\n<li>Ez a munka sok <strong>munkaer\u0151\/foglalkoztat\u00e1s<\/strong>.\u00a0<\/li>\n\n\n\n<li>A legt\u00f6bb orsz\u00e1g \u00fcnnepli <strong>munkaer\u0151\/foglalkoztat\u00e1s <\/strong>m\u00e1jus 1-j\u00e9n.\u00a0<\/li>\n\n\n\n<li>K\u00e9zi <strong>munkaer\u0151\/foglalkoztat\u00e1s <\/strong>el\u00e9g dr\u00e1ga lett.<\/li>\n\n\n\n<li>\u00dagy volt, hogy bemegy <strong>munkaer\u0151\/foglalkoztat\u00e1s <\/strong>k\u00e9t \u00f3r\u00e1val ezel\u0151tt.<\/li>\n<\/ol>\n\n\n\n<h2 class=\"wp-block-heading\">A helyes helyes \u00edr\u00e1sm\u00f3d kiv\u00e1laszt\u00e1sa a k\u00f6z\u00f6ns\u00e9g sz\u00e1m\u00e1ra<\/h2>\n\n\n\n<p>Miel\u0151tt elkezden\u00e9 az \u00edr\u00e1st, ki kell tal\u00e1lnia, hogy ki fogja olvasni. Ha csak egy r\u00e9gi\u00f3 k\u00f6z\u00f6ns\u00e9g\u00e9r\u0151l van sz\u00f3, a v\u00e1laszt\u00e1s el\u00e9g egyszer\u0171.<\/p>\n\n\n\n<p>Ha azonban a tartalma amerikai \u00e9s nemzetk\u00f6zi olvas\u00f3khoz is eljut, p\u00e9ld\u00e1ul egy blog vagy egy term\u00e9koldal eset\u00e9ben, akkor v\u00e1lasztania kell egyet, \u00e9s elk\u00f6teleznie mag\u00e1t.<\/p>\n\n\n\n<p>J\u00f3 szab\u00e1ly, hogy a helyes\u00edr\u00e1s igazodjon ahhoz, ahol a legt\u00f6bb olvas\u00f3 tart\u00f3zkodik. Ha az analitikai adatok 70% amerikai forgalmat mutatnak, haszn\u00e1ld a labor-t. Ha a k\u00f6z\u00f6ns\u00e9ged brit vagy ausztr\u00e1l, akkor a labour-t haszn\u00e1ld.&nbsp;<\/p>\n\n\n\n<p>\u00c9s vigy\u00e1zzon az olyan szavakkal, mint a \u201cf\u00e1rads\u00e1gos\u201d, amelyek r\u00e9gi\u00f3t\u00f3l f\u00fcggetlen\u00fcl nem v\u00e1ltoznak.&nbsp;<\/p>\n\n\n\n<p><strong>\u00c9rdekes t\u00e9ny:<\/strong> Ezek megakadhatnak, ha a tervezetben keres\u00e9s-helyettes\u00edt\u00e9ssel pr\u00f3b\u00e1lkozol.<\/p>\n\n\n\n<p>Ahhoz, hogy \u00edr\u00e1sai professzion\u00e1lisak, vil\u00e1gosak \u00e9s \u00f6sszhangban legyenek a m\u00e1rka hangj\u00e1val, sz\u00e1m\u00edthat az Undetectable AI <a href=\"https:\/\/undetectable.ai\/writing-style-replicator\" target=\"_blank\" rel=\"noreferrer noopener\">\u00cdr\u00e1sst\u00edlus replik\u00e1tor<\/a> hogy seg\u00edtsen fenntartani a m\u00e1rkaidentit\u00e1st az \u00edr\u00e1s sor\u00e1n.<\/p>\n\n\n\n<p>Amikor a k\u00f6z\u00f6ns\u00e9g\u00e9nek megfelel\u0151 helyes\u00edr\u00e1st v\u00e1lasztja, ne feledje, hogy az eg\u00e9sz \u00edr\u00e1s sor\u00e1n ugyanazt a helyes\u00edr\u00e1st haszn\u00e1lja. Ha egyes helyeken a labor, m\u00e1shol pedig a labour \u00edr\u00e1sm\u00f3dot haszn\u00e1lja, az \u00e1rthat az \u00edr\u00f3i hiteless\u00e9g\u00e9nek.<\/p>\n\n\n\n<p>Ezenk\u00edv\u00fcl az \u00edr\u00e1s gondatlans\u00e1g\u00e1t is jelezheti. Az olvas\u00f3k azt gondolhatj\u00e1k, hogy nem vette a f\u00e1rads\u00e1got, hogy lektor\u00e1lja a tervezet\u00e9t, \u00e9s elhamarkodottan tette k\u00f6zz\u00e9.<\/p>\n\n\n\n<p>Pr\u00f3b\u00e1ld ki az AI Detector \u00e9s Humanizer-t r\u00f6gt\u00f6n al\u00e1bb!<\/p>\n\n\n\n<div id=\"uai-widget\" data-affiliate-link=\"https:\/\/undetectable.ai\/?_by=hi4km\"><script>var js = document.createElement(\"script\");js.async = true;js.src = \"https:\/\/widget.undetectable.ai\/js\/widget-loader.js?t=\"+Date.now();document.getElementsByTagName(\"head\")[0].appendChild(js);<\/script><\/div>\n\n\n\n<h2 class=\"wp-block-heading\">V\u00e9gs\u0151 gondolatok<\/h2>\n\n\n\n<p>Munka vagy munka? Nos, mindkett\u0151 helyes, \u00e9s a vil\u00e1g minden t\u00e1j\u00e1n \u00e1ltal\u00e1nosan haszn\u00e1lj\u00e1k az \u00edr\u00e1sokban. A f\u0151 k\u00fcl\u00f6nbs\u00e9g a c\u00e9lk\u00f6z\u00f6ns\u00e9gben rejlik, amelynek esetleg \u00edrunk.<\/p>\n\n\n\n<p>Az amerikai k\u00f6z\u00f6ns\u00e9g sz\u00e1m\u00e1ra a munkaer\u0151 a helyes v\u00e1laszt\u00e1s. De az Egyes\u00fclt Kir\u00e1lys\u00e1g k\u00f6z\u00f6ns\u00e9ge sz\u00e1m\u00e1ra a Labour a helyes v\u00e1laszt\u00e1s.\u00a0<\/p>\n\n\n\n<p>Ennek a k\u00fcl\u00f6nbs\u00e9gnek a meg\u00e9rt\u00e9se seg\u00edthet az \u00edr\u00f3knak abban, hogy munk\u00e1jukban meg\u0151rizz\u00e9k az egys\u00e9gess\u00e9get, az egy\u00e9rtelm\u0171s\u00e9get \u00e9s a hiteless\u00e9get.<\/p>\n\n\n\n<p>Ak\u00e1r munkahelyi ir\u00e1nyelvekr\u0151l, politikai mozgalmakr\u00f3l vagy orvosi \u00f6sszef\u00fcgg\u00e9sekr\u0151l \u00edr, a megfelel\u0151bb helyes\u00edr\u00e1s v\u00e1laszt\u00e1sa az eg\u00e9sz \u00edr\u00e1s sor\u00e1n seg\u00edt a k\u00f6z\u00f6ns\u00e9g bizalm\u00e1nak ki\u00e9p\u00edt\u00e9s\u00e9ben, \u00e9s biztos\u00edtja, hogy \u00fczenete vil\u00e1gos \u00e9s informat\u00edv legyen.&nbsp;<\/p>\n\n\n\n<p>Ha szem el\u0151tt tartja a c\u00e9lk\u00f6z\u00f6ns\u00e9g\u00e9t, valamint az ebben a cikkben t\u00e1rgyalt kulcsfontoss\u00e1g\u00fa pontokat, akkor k\u00e9pes lesz eld\u00f6nteni, hogy melyik helyes\u00edr\u00e1s a helyes az \u00d6n kontextus\u00e1ban, \u00e9s elker\u00fclheti a zavart.<\/p>\n\n\n\n<p>\u00c9s ha k\u00e9ts\u00e9gei vannak, haszn\u00e1lja a <a href=\"https:\/\/undetectable.ai\/\" target=\"_blank\" rel=\"noreferrer noopener\">Kimutathatatlan AI<\/a> eszk\u00f6z\u00f6k.<\/p>","protected":false},"excerpt":{"rendered":"","protected":false},"author":15,"featured_media":21080,"comment_status":"closed","ping_status":"closed","sticky":false,"template":"","format":"standard","meta":{"_themeisle_gutenberg_block_has_review":false,"footnotes":""},"categories":[31],"tags":[],"class_list":["post-21071","post","type-post","status-publish","format-standard","has-post-thumbnail","hentry","category-helpful-ai-content-tips"],"_links":{"self":[{"href":"https:\/\/undetectable.ai/blog\/hu\/wp-json\/wp\/v2\/posts\/21071","targetHints":{"allow":["GET"]}}],"collection":[{"href":"https:\/\/undetectable.ai/blog\/hu\/wp-json\/wp\/v2\/posts"}],"about":[{"href":"https:\/\/undetectable.ai/blog\/hu\/wp-json\/wp\/v2\/types\/post"}],"author":[{"embeddable":true,"href":"https:\/\/undetectable.ai/blog\/hu\/wp-json\/wp\/v2\/users\/15"}],"replies":[{"embeddable":true,"href":"https:\/\/undetectable.ai/blog\/hu\/wp-json\/wp\/v2\/comments?post=21071"}],"version-history":[{"count":7,"href":"https:\/\/undetectable.ai/blog\/hu\/wp-json\/wp\/v2\/posts\/21071\/revisions"}],"predecessor-version":[{"id":21082,"href":"https:\/\/undetectable.ai/blog\/hu\/wp-json\/wp\/v2\/posts\/21071\/revisions\/21082"}],"wp:featuredmedia":[{"embeddable":true,"href":"https:\/\/undetectable.ai/blog\/hu\/wp-json\/wp\/v2\/media\/21080"}],"wp:attachment":[{"href":"https:\/\/undetectable.ai/blog\/hu\/wp-json\/wp\/v2\/media?parent=21071"}],"wp:term":[{"taxonomy":"category","embeddable":true,"href":"https:\/\/undetectable.ai/blog\/hu\/wp-json\/wp\/v2\/categories?post=21071"},{"taxonomy":"post_tag","embeddable":true,"href":"https:\/\/undetectable.ai/blog\/hu\/wp-json\/wp\/v2\/tags?post=21071"}],"curies":[{"name":"wp","href":"https:\/\/api.w.org\/{rel}","templated":true}]}}