{"id":2367,"date":"2025-06-09T09:59:00","date_gmt":"2025-06-09T09:59:00","guid":{"rendered":"https:\/\/undetectable.ai/blog\/?p=2367"},"modified":"2025-11-05T14:30:46","modified_gmt":"2025-11-05T14:30:46","slug":"peldak-elsodleges-forrasokra","status":"publish","type":"post","link":"https:\/\/undetectable.ai/blog\/hu\/peldak-elsodleges-forrasokra","title":{"rendered":"Mi az els\u0151dleges forr\u00e1s? A megb\u00edzhat\u00f3 kutat\u00e1s kulcsa"},"content":{"rendered":"<p>A hiteles \u00e9s j\u00f3l v\u00e9gzett kutat\u00e1sok adatk\u00e9szleteinek megtal\u00e1l\u00e1sa az els\u0151dleges forr\u00e1sok m\u00e9ly meg\u00e9rt\u00e9s\u00e9t ig\u00e9nyli. <\/p>\n\n\n\n<p>Ebben a cikkben a primer forr\u00e1sok - \u00e9s - a primer forr\u00e1sok kritikus szerep\u00e9t k\u00edv\u00e1njuk felt\u00e1rni a k\u00fcl\u00f6nb\u00f6z\u0151 tudom\u00e1ny\u00e1gakban \u00e9s n\u00f6vekv\u0151 jelent\u0151s\u00e9g\u00fcket a digit\u00e1lis t\u00e9rben. <\/p>\n\n\n\n<p>Ak\u00e1r t\u00e9rdig vagy a f\u0151iskolai felv\u00e9teli tanulm\u00e1nyaidban, ak\u00e1r csak most kezded el a m\u00e1sodlagos forr\u00e1sokat, a m\u00e1sodlagos forr\u00e1sok az \u00edr\u00e1s fontos r\u00e9sz\u00e9t k\u00e9pezik, amelyek nagyban jav\u00edthatj\u00e1k az essz\u00e9id \u00e9rv\u00e9nyess\u00e9g\u00e9t \u00e9s \u00e9rv\u00e9nyess\u00e9g\u00e9t.<\/p>\n\n\n\n<p>Elm\u00e9lyed\u00fcnk a hat\u00e9kony strat\u00e9gi\u00e1kba, amelyekkel ezeket a forr\u00e1sokat megtal\u00e1lhatjuk, valamint gyakorlati technik\u00e1kba, amelyekkel leny\u0171g\u00f6z\u0151 munk\u00e1kat k\u00e9sz\u00edthet\u00fcnk ezek felhaszn\u00e1l\u00e1s\u00e1val. <\/p>\n\n\n\n<p>K\u00e9szen \u00e1llsz arra, hogy felfedezd a terepet akad\u00e9miai \u00fajdons\u00fclt mestereddel? <\/p>\n\n\n\n<p>K\u00f6r\u00fcl \u00d6n k\u00e9szen \u00e1ll arra, hogy felfedezze, hogyan a szer\u00e9ny eszk\u00f6z \u00e1ltal k\u00edn\u00e1lt Undetectable AI egy AI Humanizer teheti a szigor\u00fa tudom\u00e1nyos essz\u00e9ket \u00e9letre egy \u00e9rint\u00e9s emberi fokozza a fellebbez\u00e9st. <\/p>\n\n\n\n<p>Induljunk el egy\u00fctt egy koncepcion\u00e1lis utaz\u00e1sra.<\/p>\n\n\n\n<hr class=\"wp-block-separator has-alpha-channel-opacity\"\/>\n\n\n\n<p class=\"has-text-align-center\"><strong>A legfontosabb tudnival\u00f3k<\/strong><\/p>\n\n\n\n<ul class=\"wp-block-list\">\n<li>Az els\u0151dleges forr\u00e1sok olyan eredeti feljegyz\u00e9sek, amelyek els\u0151 k\u00e9zb\u0151l sz\u00e1rmaznak, \u00e9s k\u00f6zvetlen bizony\u00edt\u00e9kokat szolg\u00e1ltatnak, amelyek fontosak a megb\u00edzhat\u00f3 \u00e9s hiteles tudom\u00e1nyos kutat\u00e1shoz. <\/li>\n<\/ul>\n\n\n\n<p><\/p>\n\n\n\n<ul class=\"wp-block-list\">\n<li>Ezek k\u00e9pezik a megb\u00edzhat\u00f3 kutat\u00e1sok alapj\u00e1t, \u00e9s olyan k\u00f6zvetlen betekint\u00e9st ny\u00fajtanak, amely n\u00f6veli a k\u00fcl\u00f6nb\u00f6z\u0151 tudom\u00e1ny\u00e1gak hiteless\u00e9g\u00e9t \u00e9s m\u00e9lys\u00e9g\u00e9t. <\/li>\n<\/ul>\n\n\n\n<p><\/p>\n\n\n\n<ul class=\"wp-block-list\">\n<li>A t\u00edpusok k\u00f6z\u00e9 tartoznak a t\u00f6rt\u00e9nelmi dokumentumok, statisztikai adatok, jogi sz\u00f6vegek, irodalmi m\u0171vek \u00e9s m\u0171t\u00e1rgyak, amelyek mindegyike egyedi k\u00f6zvetlen inform\u00e1ci\u00f3t ny\u00fajt.<\/li>\n<\/ul>\n\n\n\n<p><\/p>\n\n\n\n<ul class=\"wp-block-list\">\n<li>A hat\u00e9kony felhaszn\u00e1l\u00e1s mag\u00e1ban foglalja a sz\u00f6vegk\u00f6rnyezet \u00e9s a lehets\u00e9ges elfogults\u00e1g kritikai elemz\u00e9s\u00e9t, a megfelel\u0151 id\u00e9z\u00e9st \u00e9s a m\u00e1sodlagos forr\u00e1sokkal val\u00f3 integr\u00e1ci\u00f3t egy \u00e1tfog\u00f3 essz\u00e9 elk\u00e9sz\u00edt\u00e9s\u00e9hez.<\/li>\n<\/ul>\n\n\n\n<p><\/p>\n\n\n\n<ul class=\"wp-block-list\">\n<li>Az online adatb\u00e1zisok \u00e9s arch\u00edvumok p\u00e9ld\u00e1tlan hozz\u00e1f\u00e9r\u00e9st biztos\u00edtanak az els\u0151dleges forr\u00e1sokhoz, m\u00edg az olyan AI-eszk\u00f6z\u00f6k, mint az Undetectable AI, humaniz\u00e1lhatj\u00e1k az \u00edrott tartalmat a jobb olvashat\u00f3s\u00e1g \u00e9rdek\u00e9ben.<\/li>\n<\/ul>\n\n\n\n<hr class=\"wp-block-separator has-alpha-channel-opacity\"\/>\n\n\n\n<h2 class=\"wp-block-heading\">Az els\u0151dleges forr\u00e1sok meg\u00e9rt\u00e9se<\/h2>\n\n\n\n<p>A tudom\u00e1nyos kutat\u00e1sban az els\u0151dleges forr\u00e1sok k\u00f6zponti helyet foglalnak el. <\/p>\n\n\n\n<p>Ezek a rekordok eredeti \u00e1ltal\u00e1ban l\u00e9tre az t\u00f6rt\u00e9nik, vagy valaki k\u00f6zvetlen szem\u00e9lyes ismeretekkel rendelkezik a k\u00e9rd\u00e9sr\u0151l. <\/p>\n\n\n\n<p>A tan\u00e1csad\u00f3k arra szolg\u00e1lnak, hogy els\u0151 k\u00e9zb\u0151l sz\u00e1rmaz\u00f3 tan\u00favallom\u00e1sokat vagy k\u00f6zvetlen bizony\u00edt\u00e9kokat szolg\u00e1ltassanak egy vagy t\u00f6bb esem\u00e9nyre vonatkoz\u00f3an. <\/p>\n\n\n\n<p>Ezek meg\u00e9rt\u00e9se \u00e9s felhaszn\u00e1l\u00e1sa megb\u00edzhat\u00f3, megd\u00f6nthetetlen kutat\u00e1sokat tesz lehet\u0151v\u00e9.<\/p>\n\n\n\n<h3 class=\"wp-block-heading\">Els\u0151dleges forr\u00e1sok dek\u00f3dol\u00e1sa<\/h3>\n\n\n\n<p>Az els\u0151dleges forr\u00e1sok szerkeszt\u00e9se lehet\u0151v\u00e9 teszi a tud\u00f3sok sz\u00e1m\u00e1ra, hogy felt\u00e1rj\u00e1k azokat az \u00f6sszef\u00fcgg\u00e9seket, amelyek az eredeti adatok, t\u00f6rt\u00e9nelmi feljegyz\u00e9sek vagy leletek k\u00f6zvetlen elemz\u00e9s\u00e9ben rejlenek. <\/p>\n\n\n\n<p>Ez nemcsak a kutat\u00e1s eg\u00e9sz\u00e9t er\u0151s\u00edti, hanem a k\u00e9rd\u00e9s meg\u00e9rt\u00e9s\u00e9t is gazdag\u00edtja, holisztikusabb k\u00e9pet ny\u00fajtva.<\/p>\n\n\n\n<p>Ez a tudom\u00e1nyos kutat\u00e1s alapvet\u0151 szempontja, amely mag\u00e1ban foglalja az olyan anyagok szigor\u00fa vizsg\u00e1lat\u00e1t, mint a t\u00f6rt\u00e9nelmi dokumentumok, szem\u00e9lyes napl\u00f3k vagy nyers tudom\u00e1nyos adatok. <\/p>\n\n\n\n<p>Az els\u0151dleges forr\u00e1sok m\u00f3dszeres megfejt\u00e9se r\u00e9v\u00e9n a t\u00f6rv\u00e9nysz\u00e9ki kutat\u00f3k a laz\u00e1n \u00f6sszefon\u00f3dott elbesz\u00e9l\u00e9seket kibogozhatj\u00e1k, megvizsg\u00e1lhatj\u00e1k a sz\u0171retlen elbesz\u00e9l\u00e9seket, \u00e9s els\u0151 k\u00e9zb\u0151l sz\u00e1rmaz\u00f3 bizony\u00edt\u00e9kokkal al\u00e1t\u00e1masztott, szil\u00e1rd tudom\u00e1nyos \u00e9rveket dolgozhatnak ki.<\/p>\n\n\n\n<h3 class=\"wp-block-heading\">Az els\u0151dleges forr\u00e1sok szerepe a megb\u00edzhat\u00f3 kutat\u00e1si alapok megteremt\u00e9s\u00e9ben<\/h3>\n\n\n\n<p>Az els\u0151dleges forr\u00e1sok a tudom\u00e1nyos kutat\u00e1s alapj\u00e1ul szolg\u00e1l\u00f3 r\u00e9szk\u00e9nt szolg\u00e1lnak. <\/p>\n\n\n\n<p>Az els\u0151dleges forr\u00e1sokon kereszt\u00fcl az orvosbiol\u00f3gusok bizony\u00edt\u00e9kokat tudnak bemutatni, \u00e9s jelent\u0151sen meger\u0151s\u00edthetik \u00e9rveiket, ez\u00e1ltal szil\u00e1rd kutat\u00e1si alapot teremthetnek. <\/p>\n\n\n\n<p>B\u00e1rmilyen \u00e1ll\u00edt\u00e1s ellen\u00e9re k\u00f6zvetlen betekint\u00e9st \u00e9s els\u0151 k\u00e9zb\u0151l sz\u00e1rmaz\u00f3 t\u00f6rt\u00e9nelmi besz\u00e1mol\u00f3kat ny\u00fajtanak, amelyek hiteless\u00e9 teszik a k\u00fcl\u00f6nb\u00f6z\u0151 tudom\u00e1ny\u00e1gak, p\u00e9ld\u00e1ul a t\u00f6rt\u00e9nelem, a tengeri kult\u00fara \u00e9s az el\u0151ad\u00f3m\u0171v\u00e9szet ter\u00fclet\u00e9n v\u00e9gzett kutat\u00f3munk\u00e1t. <\/p>\n\n\n\n<p>A t\u00f6rt\u00e9nelmi dokumentumokt\u00f3l \u00e9s jogi sz\u00f6vegekt\u0151l kezdve az \u00f6n\u00e9letrajzokon \u00e1t a k\u00f6zz\u00e9tett kutat\u00e1si esetjelent\u00e9sekig \u00e9s az eredeti kreat\u00edv munk\u00e1kig ezek az \u00fczemanyag-kritikai elemz\u00e9sek innovat\u00edv \u00f6tleteket serkentenek, \u00e9s hozz\u00e1j\u00e1rulnak a tudom\u00e1nyos kutat\u00e1s pontosabb \u00e9rtelmez\u00e9s\u00e9hez.<\/p>\n\n\n\n<h3 class=\"wp-block-heading\">Az els\u0151dleges forr\u00e1sok ereje a tudom\u00e1nyos kutat\u00e1sban<\/h3>\n\n\n\n<p>Az els\u0151dleges forr\u00e1sok \u00fagy d\u00f6nt\u00f6ttek, hogy dr\u00e1maian megemelik a tudom\u00e1nyos kutat\u00e1sokat az\u00e1ltal, hogy els\u0151 k\u00e9zb\u0151l sz\u00e1rmaz\u00f3 kvantitat\u00edv inform\u00e1ci\u00f3kat ny\u00fajtanak az \u00d6n tanulm\u00e1ny\u00e1hoz kapcsol\u00f3d\u00f3 t\u00e9m\u00e1r\u00f3l. <\/p>\n\n\n\n<p>Napl\u00f3k, rajong\u00f3i levelek, r\u00f6gz\u00edtett besz\u00e9dek, \u00edr\u00e1sos interj\u00fak, arch\u00edv f\u00e9nyk\u00e9pek vagy eredeti alkot\u00e1sok elemz\u00e9s\u00e9vel nyers inform\u00e1ci\u00f3kat kaphat egyenesen a sz\u00e1j\u00e1b\u00f3l.<\/p>\n\n\n\n<p>Az eredeti adatok gyakran sz\u0171retlenek, \u00edgy egyed\u00fcl\u00e1ll\u00f3 betekint\u00e9st nyerhet a vizsg\u00e1latba. <\/p>\n\n\n\n<p>Ez gazdagabb, \u00e1rnyaltabb meg\u00e9rt\u00e9st eredm\u00e9nyez, \u00e9s lehet\u0151v\u00e9 teszi, hogy a tudom\u00e1nyos integrit\u00e1s meg\u0151rz\u00e9se mellett rendk\u00edv\u00fcl pontos elbesz\u00e9l\u00e9sekkel nyomja meg a -gombot.<\/p>\n\n\n\n<h3 class=\"wp-block-heading\">Az els\u0151dleges forr\u00e1sok jelent\u0151s\u00e9ge a megb\u00edzhat\u00f3 kutat\u00e1sban<\/h3>\n\n\n\n<p>Az els\u0151dleges forr\u00e1sok a megb\u00edzhat\u00f3, megalapozott tudom\u00e1nyos kutat\u00e1sok gerinc\u00e9t k\u00e9pezik. <\/p>\n\n\n\n<p>Term\u00e9szet\u00fckn\u00e9l fogva els\u0151 k\u00e9zb\u0151l sz\u00e1rmaz\u00f3 besz\u00e1mol\u00f3kat \u00e9s eredeti feljegyz\u00e9seket k\u00edn\u00e1lnak a vizsg\u00e1lt esem\u00e9nyekr\u0151l, jelens\u00e9gekr\u0151l \u00e9s id\u0151szakokr\u00f3l. <\/p>\n\n\n\n<p>Az ilyen gazdag, v\u00e1ltozatlan inform\u00e1ci\u00f3k felbecs\u00fclhetetlen\u00fcl fontosak a tudom\u00e1nyos \u00e9rvek hiteless\u00e9g\u00e9nek n\u00f6vel\u00e9s\u00e9ben, mivel olyan betekint\u00e9st ny\u00fajtanak, amelyet nem befoly\u00e1solnak \u00e9rtelmez\u00e9sek vagy szubjekt\u00edv elemz\u00e9sek.<\/p>\n\n\n\n<p>Az els\u0151dleges forr\u00e1sok fontoss\u00e1ga nemcsak a t\u00e9zisek meg\u00e1llap\u00edt\u00e1s\u00e1ra \u00e9s meger\u0151s\u00edt\u00e9s\u00e9re terjed ki, hanem a tanulm\u00e1ny t\u00f6rt\u00e9nelmi kontextus\u00e1nak \u00e9s m\u00e9lys\u00e9g\u00e9nek megteremt\u00e9s\u00e9re is. <\/p>\n\n\n\n<p>Az els\u0151dleges dokumentumok hiteles forr\u00e1sa a k\u00f6vetkez\u0151 honlapon tal\u00e1lhat\u00f3 meg&nbsp;<a href=\"https:\/\/www.archives.gov\/education\/history-in-the-raw.html\" target=\"_blank\" rel=\"noreferrer noopener\">Nemzeti Lev\u00e9lt\u00e1r<\/a>, amely olyan eredeti feljegyz\u00e9sek kincsest\u00e1r\u00e1nak ad otthont, amelyek megb\u00edzhat\u00f3an lehorgonyozhatj\u00e1k a kutat\u00e1si tanulm\u00e1nyokat.<\/p>\n\n\n\n<p>Ezen er\u0151forr\u00e1sok kihaszn\u00e1l\u00e1sa lehet\u0151v\u00e9 teheti a kutat\u00f3k sz\u00e1m\u00e1ra az elfogulatlan felt\u00e1r\u00e1st, az adatok al\u00e1t\u00e1maszt\u00e1s\u00e1t \u00e9s hiteles, bizony\u00edt\u00e9kokkal al\u00e1t\u00e1masztott k\u00f6vetkeztet\u00e9sek levon\u00e1s\u00e1t. <\/p>\n\n\n\n<p>\u00cdgy az els\u0151dleges forr\u00e1sok szolg\u00e1lnak a kutat\u00e1s integrit\u00e1s\u00e1nak gerincek\u00e9nt, meger\u0151s\u00edtve a t\u00e9nyszer\u0171 pontoss\u00e1g \u00e9s a tudom\u00e1nyos szigor ir\u00e1nti elk\u00f6telezetts\u00e9get.<\/p>\n\n\n\n<h2 class=\"wp-block-heading\">Az els\u0151dleges dokumentumok t\u00edpusai<\/h2>\n\n\n<div class=\"wp-block-image\">\n<figure class=\"aligncenter size-large\"><img loading=\"lazy\" decoding=\"async\" width=\"1024\" height=\"683\" src=\"https:\/\/undetectable.ai/blog\/wp-content\/uploads\/2025\/06\/Primary-sources-001-1024x683.jpg\" alt=\"K\u00e9zzel rajzolt versillusztr\u00e1ci\u00f3\" class=\"wp-image-10080\" title=\"\" srcset=\"https:\/\/undetectable.ai/blog\/wp-content\/uploads\/2025\/06\/Primary-sources-001-1024x683.jpg 1024w, https:\/\/undetectable.ai/blog\/wp-content\/uploads\/2025\/06\/Primary-sources-001-300x200.jpg 300w, https:\/\/undetectable.ai/blog\/wp-content\/uploads\/2025\/06\/Primary-sources-001-768x512.jpg 768w, https:\/\/undetectable.ai/blog\/wp-content\/uploads\/2025\/06\/Primary-sources-001-18x12.jpg 18w, https:\/\/undetectable.ai/blog\/wp-content\/uploads\/2025\/06\/Primary-sources-001.jpg 1200w\" sizes=\"auto, (max-width: 1024px) 100vw, 1024px\" \/><\/figure><\/div>\n\n\n<p>A tudom\u00e1nyos munk\u00e1kban haszn\u00e1lt k\u00fcl\u00f6nb\u00f6z\u0151 t\u00edpus\u00fa els\u0151dleges forr\u00e1sok meg\u00e9rt\u00e9se kulcsfontoss\u00e1g\u00fa a hat\u00e9kony kutat\u00e1s \u00e9s a meggy\u0151z\u0151 \u00edr\u00e1s szempontj\u00e1b\u00f3l. <\/p>\n\n\n\n<p>Az els\u0151dleges forr\u00e1sok k\u00fcl\u00f6nb\u00f6znek a tudom\u00e1ny\u00e1gakt\u00f3l, de jellemz\u0151en t\u00f6rt\u00e9nelmi dokumentumokat, jogi dokumentumokat, statisztikai adatokat, k\u00e9zzelfoghat\u00f3 kreat\u00edv \u00edr\u00e1sokat \u00e9s m\u0171t\u00e1rgyakat tartalmaznak.<\/p>\n\n\n\n<p>Hitelesebb\u00e9 teszik a bizony\u00edt\u00e9kainkat, \u00e9s bizony\u00edt\u00e9kokkal t\u00e1masztj\u00e1k al\u00e1 \u00e1ll\u00edt\u00e1sainkat. <\/p>\n\n\n\n<p>Elm\u00e9lyed\u00fcnk az els\u0151dleges forr\u00e1sokban \u00e9s abban, hogyan er\u0151s\u00edtik meg a f\u0151iskolai tudom\u00e1nyos dolgozatokat.<\/p>\n\n\n\n<h3 class=\"wp-block-heading\">T\u00f6rt\u00e9nelmi dokumentumok felhaszn\u00e1l\u00e1sa a kutat\u00e1sban<\/h3>\n\n\n\n<p>A t\u00f6rt\u00e9nelmi dokumentumok felbecs\u00fclhetetlen \u00e9rt\u00e9k\u0171 eszk\u00f6zk\u00e9nt szolg\u00e1lnak a hiteles igazs\u00e1gok felt\u00e1r\u00e1s\u00e1hoz a tudom\u00e1nyos tudom\u00e1nyban. <\/p>\n\n\n\n<p>Az ilyen forr\u00e1sok hat\u00e9kony be\u00e9p\u00edt\u00e9s\u00e9vel a kort\u00e1rs kutat\u00f3k nagyobb fok\u00fa t\u00f6rt\u00e9nelmi hiteless\u00e9get tudnak munk\u00e1jukba vinni, ami lehet\u0151v\u00e9 teszi sz\u00e1mukra, hogy hitelesebb \u00e9rveket \u00e9p\u00edtsenek fel. <\/p>\n\n\n\n<p>Ezek, bele\u00e9rtve az \u0151si k\u00e9ziratokat, a fennmaradt napl\u00f3kat, a kiadatlan leveleket vagy a k\u00f6zhiteles feljegyz\u00e9seket, kritikus t\u00f6rt\u00e9nelmi besz\u00e1mol\u00f3kkal szolg\u00e1lhatnak a t\u00f6rt\u00e9nelmi esem\u00e9nyekre val\u00f3 k\u00f6vetkeztet\u00e9shez.<\/p>\n\n\n\n<p>A kritikus szem \u00e9s a kritikus perspekt\u00edva kulcsfontoss\u00e1g\u00fa ezeknek a felismer\u00e9seknek a kinyer\u00e9s\u00e9hez\u00e9rt\u00e9kes. <\/p>\n\n\n\n<p>\u00cdgy az ezekkel a dokumentumokkal val\u00f3 k\u00f6zvetlen foglalkoz\u00e1s els\u0151dlegesen n\u00e9lk\u00fcl\u00f6zhetetlen az ok-okozati \u00f6sszef\u00fcgg\u00e9sek meg\u00e9rt\u00e9s\u00e9hez \u00e9s meg\u00e1llap\u00edt\u00e1saink szil\u00e1rd empirikus bizony\u00edt\u00e9kokkal val\u00f3 al\u00e1t\u00e1maszt\u00e1s\u00e1hoz.<\/p>\n\n\n\n<h3 class=\"wp-block-heading\">Az adatok \u00e9s felm\u00e9r\u00e9sek els\u0151dleges forr\u00e1sk\u00e9nt val\u00f3 felhaszn\u00e1l\u00e1sa<\/h3>\n\n\n\n<p>A tudom\u00e1nyos adatok be\u00e9p\u00edt\u00e9se a tudom\u00e1nyos kutat\u00e1sba er\u0151s t\u00e9nyszer\u0171 bizony\u00edt\u00e9kot ny\u00fajthat \u00e1ll\u00edt\u00e1sai al\u00e1t\u00e1maszt\u00e1s\u00e1ra. <\/p>\n\n\n\n<p>A popul\u00e1ci\u00f3genetikai mint\u00e1kb\u00f3l sz\u00e1rmaz\u00f3 numerikus adatokon kereszt\u00fcl a prospekt\u00edv felm\u00e9r\u00e9sek statisztikai szignifikanci\u00e1val \u00e9rv\u00e9nyes\u00edtik a hipot\u00e9ziseket, m\u00edg az adatmodell-k\u00e9szletek betekint\u00e9st ny\u00fajtanak a kutat\u00e1s tendenci\u00e1iba, oks\u00e1gi \u00f6sszef\u00fcgg\u00e9seibe \u00e9s mint\u00e1zataiba.<\/p>\n\n\n\n<p>Ezek megb\u00edzhat\u00f3 els\u0151dleges forr\u00e1sokat k\u00e9pviselnek, amelyeket els\u0151sorban a tudom\u00e1nyos-t\u00e1rsadalmi, gazdas\u00e1gi tanulm\u00e1nyok \u00e9s az eg\u00e9szs\u00e9g\u00fcgyi menedzsment szakm\u00e1kban haszn\u00e1lnak. <\/p>\n\n\n\n<p>Az olyan forr\u00e1sok kezel\u00e9se, mint a nemzeti statisztikai adatb\u00e1zisok, a glob\u00e1lis eg\u00e9szs\u00e9gbiztos\u00edt\u00e1si adatok \u00e9s a korm\u00e1nyzati nyilv\u00e1nos felm\u00e9r\u00e9sek webarch\u00edvumai \u00e9rt\u00e9kes statisztikai inform\u00e1ci\u00f3k gazdags\u00e1g\u00e1t eredm\u00e9nyezhetik az \u00d6n tudom\u00e1nyos t\u00f6rekv\u00e9seihez. <\/p>\n\n\n\n<p>A kutat\u00f3k gyakran haszn\u00e1lj\u00e1k \u0151ket a jelens\u00e9gek oszt\u00e1lyoz\u00e1s\u00e1ra, hogy meg\u00e1llap\u00edt\u00e1saikat objekt\u00edvebb\u00e9 tegy\u00e9k.<\/p>\n\n\n\n<h3 class=\"wp-block-heading\">Az irodalom \u00e9s a m\u0171v\u00e9szetek els\u0151dleges forr\u00e1sk\u00e9nt val\u00f3 felhaszn\u00e1l\u00e1sa<\/h3>\n\n\n\n<p>A tudom\u00e1nyos kutat\u00e1s gyakran t\u00e1maszkodik els\u0151dleges forr\u00e1sokra az \u00edr\u00e1sban, hogy kreat\u00edv betekint\u00e9st ny\u00fajtson a t\u00e1rsadalmi, kultur\u00e1lis, politikai vagy szem\u00e9lyes perspekt\u00edv\u00e1k felt\u00e1r\u00e1s\u00e1ban. <\/p>\n\n\n\n<p>Ak\u00e1r egy Shakespeare-j\u00e1t\u00e9k, amely hozz\u00e1j\u00e1rul az Erzs\u00e9bet-kori kult\u00far\u00e1hoz, ak\u00e1r egy Picasso-festm\u00e9ny a kubizmusba val\u00f3 bel\u00e9p\u00e9shez, az irodalom gazdag, t\u00f6bbdimenzi\u00f3s forr\u00e1sk\u00e9nt szolg\u00e1l, amely fokozza a tudom\u00e1nyos betekint\u00e9st, el\u0151seg\u00edtve a komplex t\u00e9m\u00e1k m\u00e9lyebb meg\u00e9rt\u00e9s\u00e9t a tudom\u00e1nyos vizsg\u00e1latokban.<\/p>\n\n\n\n<p>Az eredeti sz\u00e9pirodalmi m\u0171vek olvas\u00e1sa, a versek, dalok, maty\u00f3 festm\u00e9nyek \u00e9s szobrok \u00edr\u00e1sa els\u0151 k\u00e9zb\u0151l adhat sz\u00e1mot az \u00e1ltaluk \u00e1br\u00e1zolt emberekr\u0151l.<\/p>\n\n\n\n<h3 class=\"wp-block-heading\">A jogi dokumentumok szerepe a tudom\u00e1nyos \u00edr\u00e1sban<\/h3>\n\n\n\n<p>A jogi dokumentumok jelent\u0151s jelent\u0151s\u00e9ggel b\u00edrnak a tudom\u00e1nyos \u00edr\u00e1sokban, k\u00fcl\u00f6n\u00f6sen akkor, ha a kutat\u00e1s a jog, a t\u00f6rt\u00e9nelem, a b\u00fcntet\u0151 igazs\u00e1gszolg\u00e1ltat\u00e1s vagy a t\u00e1rsadalomtudom\u00e1nyok ter\u00fclet\u00e9re vonatkozik. <\/p>\n\n\n\n<p>Ezek a felbecs\u00fclhetetlen \u00e9rt\u00e9k\u0171 els\u0151dleges forr\u00e1sok, mint p\u00e9ld\u00e1ul jogszab\u00e1lyok, b\u00edr\u00f3s\u00e1gi feljegyz\u00e9sek, szerz\u0151d\u00e9sek vagy alkotm\u00e1nyos rendelkez\u00e9sek, sz\u0171retlen betekint\u00e9st ny\u00fajtanak a t\u00f6rt\u00e9nelmi \u00f6sszef\u00fcgg\u00e9sekbe, a t\u00e1rsadalmi norm\u00e1kba \u00e9s a jogi keretek fejl\u0151d\u00e9s\u00e9be.<\/p>\n\n\n\n<p>Ha p\u00e9ld\u00e1ul az \u00f6r\u00f6kl\u00e9si t\u00f6rv\u00e9nyekr\u0151l vagy hagyat\u00e9ki elj\u00e1r\u00e1sokr\u00f3l tanul vagy \u00edr, az eredeti jogi sz\u00f6vegek, mint p\u00e9ld\u00e1ul a&nbsp;<a href=\"https:\/\/www.legis.state.pa.us\/WU01\/LI\/LI\/CT\/HTM\/20\/20.HTM\" target=\"_blank\" rel=\"noreferrer noopener\">Pennsylvania hagyat\u00e9ki, hagyat\u00e9ki \u00e9s vagyonkezel\u0151i t\u00f6rv\u00e9nyk\u00f6nyve<\/a>&nbsp;pontos, els\u0151 k\u00e9zb\u0151l sz\u00e1rmaz\u00f3 ismereteket ny\u00fajthat. <\/p>\n\n\n\n<p>Az ilyen hivatalos jogszab\u00e1lyok id\u00e9z\u00e9se nemcsak az \u00edr\u00e1s hiteless\u00e9g\u00e9t n\u00f6veli, hanem olyan t\u00e9nyszer\u0171 alapot is biztos\u00edt, amelyre meggy\u0151z\u0151, \u00e9rv\u00e9nyes \u00e9rveket lehet \u00e9p\u00edteni.<\/p>\n\n\n\n<p>Rendk\u00edv\u00fcl fontos, hogy a jogi dokumentumok helyes id\u00e9z\u00e9si form\u00e1tum\u00e1ra figyeljen a tudom\u00e1nyos dolgozatokban, \u00e9s tartsa be az int\u00e9zm\u00e9nye vagy tudom\u00e1ny\u00e1ga \u00e1ltal aj\u00e1nlott speci\u00e1lis st\u00edlusir\u00e1nyzatot. <\/p>\n\n\n\n<p>A joghat\u00f3s\u00e1gi bizony\u00edt\u00e9kok felhaszn\u00e1l\u00e1s\u00e1val gazdag\u00edthatja kutat\u00e1s\u00e1t, er\u0151s\u00edtheti \u00e9rveit, \u00e9s v\u00e9gs\u0151 soron fokozhatja tudom\u00e1nyos hozz\u00e1j\u00e1rul\u00e1s\u00e1t.<\/p>\n\n\n\n<h2 class=\"wp-block-heading\">Els\u0151dleges forr\u00e1sok felt\u00e1r\u00e1sa a t\u00f6rt\u00e9nelemben<\/h2>\n\n\n<div class=\"wp-block-image\">\n<figure class=\"aligncenter size-large\"><img loading=\"lazy\" decoding=\"async\" width=\"1024\" height=\"683\" src=\"https:\/\/undetectable.ai/blog\/wp-content\/uploads\/2025\/06\/primary-sources-002-1024x683.jpg\" alt=\"Vintage k\u00f6nyvek pap\u00edr tekercs toll \u00e9s tinta pot sz\u00ednes v\u00e1zlat dekorat\u00edv koncepci\u00f3val\" class=\"wp-image-10081\" title=\"\" srcset=\"https:\/\/undetectable.ai/blog\/wp-content\/uploads\/2025\/06\/primary-sources-002-1024x683.jpg 1024w, https:\/\/undetectable.ai/blog\/wp-content\/uploads\/2025\/06\/primary-sources-002-300x200.jpg 300w, https:\/\/undetectable.ai/blog\/wp-content\/uploads\/2025\/06\/primary-sources-002-768x512.jpg 768w, https:\/\/undetectable.ai/blog\/wp-content\/uploads\/2025\/06\/primary-sources-002-18x12.jpg 18w, https:\/\/undetectable.ai/blog\/wp-content\/uploads\/2025\/06\/primary-sources-002.jpg 1200w\" sizes=\"auto, (max-width: 1024px) 100vw, 1024px\" \/><\/figure><\/div>\n\n\n<p>Mer\u00fclj\u00f6n el a t\u00f6rt\u00e9nelmi bizony\u00edt\u00e9kok hatalmas t\u00e1rh\u00e1z\u00e1ban az els\u0151dleges forr\u00e1sok felhaszn\u00e1l\u00e1s\u00e1val a m\u00faltbeli esem\u00e9nyek t\u00e9nyszer\u0171 besz\u00e1mol\u00f3inak meg\u00e1llap\u00edt\u00e1sa \u00e9rdek\u00e9ben. <\/p>\n\n\n\n<p>Ezek a tudom\u00e1nyos kutat\u00e1st testes\u00edtik meg a val\u00f3s\u00e1gban, megalapozva az \u00e9rvel\u00e9st \u00e9s szil\u00e1rd alapokat biztos\u00edtva a hipot\u00e9zisek sz\u00e1m\u00e1ra.<\/p>\n\n\n\n<p>Az els\u0151dleges forr\u00e1sok a t\u00f6rt\u00e9nelemben felbecs\u00fclhetetlen \u00e9rt\u00e9k\u0171ek, mivel els\u0151 k\u00e9zb\u0151l sz\u00e1rmaz\u00f3, \u00f6sszef\u00fcgg\u0151 ismereteket ny\u00fajtanak a vizsg\u00e1lt esem\u00e9nyr\u0151l vagy esem\u00e9nyr\u0151l. <\/p>\n\n\n\n<p>Az els\u0151dleges forr\u00e1sok megfelel\u0151 azonos\u00edt\u00e1s\u00e1val a leend\u0151 tanul\u00f3k a tank\u00f6nyvekben foglaltakon t\u00falmen\u0151en gazdagabb meg\u00e9rt\u00e9st alak\u00edthatnak ki a t\u00f6rt\u00e9nelmi esem\u00e9nyekr\u0151l.<\/p>\n\n\n\n<h3 class=\"wp-block-heading\">Els\u0151dleges t\u00f6rt\u00e9nelmi forr\u00e1sok azonos\u00edt\u00e1sa<\/h3>\n\n\n\n<p>B\u00e1rmely t\u00f6rt\u00e9nelmi tanulm\u00e1ny sor\u00e1n az els\u0151dleges forr\u00e1sok azonos\u00edt\u00e1sa kit\u00f6r\u00f6lhetetlen\u00fcl fontos. <\/p>\n\n\n\n<p>Ak\u00e1r \u0151si k\u00e9ziratokat b\u00f6ng\u00e9sz\u00fcnk, ak\u00e1r k\u00e9zzel \u00edrott leveleket dek\u00f3dolunk, ak\u00e1r korai f\u00e9nyk\u00e9peket vizsg\u00e1lunk, ezek a besz\u00e1mol\u00f3k els\u0151 k\u00e9zb\u0151l sz\u00e1rmaz\u00f3, k\u00e9zzelfoghat\u00f3 kapcsolatot biztos\u00edtanak az emberis\u00e9ggel, gazdag\u00edtva a t\u00f6rt\u00e9nelmi esem\u00e9nyek meg\u00e9rt\u00e9s\u00e9t.<\/p>\n\n\n\n<p>Ezek a \"felvil\u00e1gosod\u00e1s pill\u00e9reinek\" nevezett eredeti dokumentumok k\u00f6zvetlen betekint\u00e9st ny\u00fajtanak a vizsg\u00e1lt id\u0151szakba, \u00edgy a hiteles tudom\u00e1nyos kutat\u00e1s n\u00e9lk\u00fcl\u00f6zhetetlen elemei. <\/p>\n\n\n\n<p>Az ilyen els\u0151dleges forr\u00e1sokb\u00f3l sz\u00e1rmaz\u00f3 relev\u00e1ns inform\u00e1ci\u00f3k megk\u00fcl\u00f6nb\u00f6ztet\u00e9s\u00e9ben val\u00f3 j\u00e1rtass\u00e1g seg\u00edt hitelesebben meg\u00e9rteni a t\u00f6rt\u00e9nelmet, \u00e9s lehet\u0151v\u00e9 teszi sz\u00e1munkra, hogy t\u00f6bb szempontb\u00f3l is megvizsg\u00e1ljuk azokat.<\/p>\n\n\n\n<h3 class=\"wp-block-heading\">Az els\u0151dleges forr\u00e1sok hiteless\u00e9g\u00e9nek \u00e9rt\u00e9kel\u00e9se<\/h3>\n\n\n\n<p>Az els\u0151dleges forr\u00e1sok dokument\u00e1ci\u00f3j\u00e1nak nyomon k\u00f6vet\u00e9se a t\u00f6rt\u00e9nelmi kutat\u00e1s egyik kritikus l\u00e9p\u00e9se. <\/p>\n\n\n\n<p>A hiteles forr\u00e1sok l\u00e9trehoz\u00e1sa alapvet\u0151 fontoss\u00e1g\u00fa a t\u00f6rt\u00e9nelmi esem\u00e9nyek pontos \u00e1br\u00e1zol\u00e1s\u00e1hoz, valamint a kultur\u00e1lis v\u00e1ltoz\u00e1sok \u00e9s kultur\u00e1lis \u00f6sszef\u00fcgg\u00e9sek meg\u00e9rt\u00e9s\u00e9hez. <\/p>\n\n\n\n<p>Ez mag\u00e1ban foglalja a dokumentumok, irodalmi m\u0171t\u00e1rgyak, t\u00f6rt\u00e9nelmi napl\u00f3k, tudom\u00e1nyos levelez\u00e9sek, arch\u00edv f\u00e9nyk\u00e9pek \u00e9s sz\u00f3beli t\u00f6rt\u00e9netek hiteless\u00e9g\u00e9nek tudom\u00e1nyos \u00e9rt\u00e9kel\u00e9s\u00e9t.<\/p>\n\n\n\n<p>V\u00e9gs\u0151 soron az els\u0151dleges forr\u00e1sok \u00e9rt\u00e9kel\u00e9se lehet\u0151v\u00e9 teszi sz\u00e1munkra, hogy a t\u00f6rt\u00e9nelmet megfelel\u0151en \u00fajra\u00e9lj\u00fck, el\u0151seg\u00edtve a szil\u00e1rd tudom\u00e1nyoss\u00e1got \u00e9s a m\u00faltbeli esem\u00e9nyekkel val\u00f3 m\u00e9lyebb kapcsolat kialak\u00edt\u00e1s\u00e1t. <\/p>\n\n\n\n<p>Ez meger\u0151s\u00edti az \u00f6sszes \u00e9rv\u00e9t, \u00e9s biztos\u00edtja, hogy az ezen anyagok elemz\u00e9s\u00e9b\u0151l sz\u00e1rmaz\u00f3 \u00e9rvek els\u0151dlegesen megb\u00edzhat\u00f3ak.<\/p>\n\n\n\n<p>Ott van, ahol <a href=\"https:\/\/truthscan.com\/industries\/education\" target=\"_blank\" data-type=\"link\" data-id=\"https:\/\/truthscan.com\/industries\/education\" rel=\"noreferrer noopener\">AI Detection for Educational Excellence powered by TruthScan (AI Detection for Educational Excellence)<\/a> j\u00f6n be. Ez egy hat\u00e9kony eszk\u00f6z, amely a digit\u00e1lis anyagokra t\u00e1maszkod\u00f3 di\u00e1kok \u00e9s kutat\u00f3k sz\u00e1m\u00e1ra k\u00e9sz\u00fclt.<\/p>\n\n\n\n<p>A TruthScan a manipul\u00e1lt \u00e1ll\u00edt\u00e1sok, az AI \u00e1ltal gener\u00e1lt tartalmak \u00e9s a f\u00e9lret\u00e1j\u00e9koztat\u00e1s felder\u00edt\u00e9s\u00e9vel seg\u00edt az online forr\u00e1sok hiteles\u00edt\u00e9s\u00e9ben. <\/p>\n\n\n\n<p>Ha cikkeket, k\u00e9panyagokat vagy adatokat keres az internetr\u0151l, akkor nyugodt lehet, hogy az id\u00e9zett adatok val\u00f3ban hitelesek \u00e9s pontosak.<\/p>\n\n\n<div class=\"wp-block-image\">\n<figure class=\"aligncenter size-large\"><img loading=\"lazy\" decoding=\"async\" width=\"1024\" height=\"666\" src=\"https:\/\/undetectable.ai/blog\/wp-content\/uploads\/2025\/10\/AI-image-Detector-TruthScan-1024x666.jpg\" alt=\"Pillanatk\u00e9p a TruthScan AI Image Detector-r\u00f3l\" class=\"wp-image-15738\" title=\"\" srcset=\"https:\/\/undetectable.ai/blog\/wp-content\/uploads\/2025\/10\/AI-image-Detector-TruthScan-1024x666.jpg 1024w, https:\/\/undetectable.ai/blog\/wp-content\/uploads\/2025\/10\/AI-image-Detector-TruthScan-300x195.jpg 300w, https:\/\/undetectable.ai/blog\/wp-content\/uploads\/2025\/10\/AI-image-Detector-TruthScan-768x500.jpg 768w, https:\/\/undetectable.ai/blog\/wp-content\/uploads\/2025\/10\/AI-image-Detector-TruthScan-1536x999.jpg 1536w, https:\/\/undetectable.ai/blog\/wp-content\/uploads\/2025\/10\/AI-image-Detector-TruthScan-18x12.jpg 18w, https:\/\/undetectable.ai/blog\/wp-content\/uploads\/2025\/10\/AI-image-Detector-TruthScan.jpg 1574w\" sizes=\"auto, (max-width: 1024px) 100vw, 1024px\" \/><\/figure><\/div>\n\n\n<p>Vizu\u00e1lis kutat\u00e1shoz, <a href=\"https:\/\/truthscan.com\/ai-image-detector\" target=\"_blank\" data-type=\"link\" data-id=\"https:\/\/truthscan.com\/ai-image-detector\" rel=\"noreferrer noopener\">A TruthScan AI k\u00e9pdetektora<\/a> a k\u00e9peket \u00e9s a beolvasott dokumentumokat a m\u00f3dos\u00edt\u00e1sra utal\u00f3 jelek keres\u00e9se c\u00e9lj\u00e1b\u00f3l elemezve tov\u00e1bbi v\u00e9delmi szintet biztos\u00edt.<\/p>\n\n\n\n<p>Felismeri a k\u00e9ppontok ellentmond\u00e1sait, a megvil\u00e1g\u00edt\u00e1si anom\u00e1li\u00e1kat \u00e9s a szerkeszt\u00e9si nyomokat, hogy meger\u0151s\u00edtse, hogy a kutat\u00e1s\u00e1ban szerepl\u0151 vizu\u00e1lis bizony\u00edt\u00e9kok hitelesek \u00e9s megb\u00edzhat\u00f3ak.<\/p>\n\n\n\n<h3 class=\"wp-block-heading\">Az els\u0151dleges forr\u00e1sok szerepe a t\u00f6rt\u00e9neti kutat\u00e1sban<\/h3>\n\n\n\n<p>Az els\u0151dleges arch\u00edvumok az emberis\u00e9g n\u00e9ma tan\u00faik\u00e9nt m\u0171k\u00f6dnek, lehet\u0151v\u00e9 t\u00e9ve a t\u00f6rt\u00e9neti kutat\u00f3k sz\u00e1m\u00e1ra, hogy elm\u00e9lyedjenek a let\u0171nt korszakokban \u00e9s azok mili\u0151j\u00e9ben. <\/p>\n\n\n\n<p>A levelek vizsg\u00e1lat\u00e1t\u00f3l kezdve, hogy a szem\u00e9lyes elbesz\u00e9l\u00e9sek \u00e9letre kelnek, \u00e9s a sz\u00f6vegek \u00e1tn\u00e9z\u00e9se, amelyek rejtett igazs\u00e1gokat t\u00e1rnak fel, az els\u0151dleges forr\u00e1sok fokozza a t\u00f6rt\u00e9nelmi kutat\u00e1s m\u00e9ly aspektus\u00e1t.<\/p>\n\n\n\n<p>A Smithsonian t\u00f6rt\u00e9n\u00e9szek az eredeti dokumentumok \u00e9s t\u00e1rgyak arch\u00edvumaib\u00f3l sz\u00e1rmaz\u00f3 inform\u00e1ci\u00f3k felt\u00e1r\u00e1s\u00e1val k\u00f6zvetlen betekint\u00e9st nyernek a m\u00falt esem\u00e9nyeibe, a t\u00e1rsadalmi norm\u00e1kba \u00e9s az emberi t\u00f6rt\u00e9nelem dr\u00e1mai v\u00e1ltoz\u00e1saiba. <\/p>\n\n\n\n<p>Ezek seg\u00edtenek a hiteles k\u00f6vetkeztet\u00e9sek levon\u00e1s\u00e1ban, \u00edgy a t\u00f6rt\u00e9nelmi kutat\u00e1s ink\u00e1bb egy utaz\u00e1s, amely lebilincseli a t\u00f6rt\u00e9nelmet, mint az esem\u00e9nyek puszta elbesz\u00e9l\u00e9se.<\/p>\n\n\n\n<h3 class=\"wp-block-heading\">A t\u00f6rt\u00e9nelmi els\u0151dleges forr\u00e1sok kontextus\u00e1nak dek\u00f3dol\u00e1sa<\/h3>\n\n\n\n<p>A t\u00f6rt\u00e9nelmi els\u0151dleges forr\u00e1sok kontextus\u00e1nak megfejt\u00e9se kulcsfontoss\u00e1g\u00fa r\u00e9sze annak, hogy a m\u00faltbeli esem\u00e9nyeket val\u00f3di f\u00e9ny\u00fckben \u00e9rts\u00fck meg. <\/p>\n\n\n\n<p>Ezek a gyakran \u00f6sszetett narrat\u00edv\u00e1kat tartalmaz\u00f3 dokumentumok gondos elemz\u00e9st \u00e9s \u00e9rt\u00e9kel\u00e9st ig\u00e9nyelnek. <\/p>\n\n\n\n<p>Erre kiv\u00e1l\u00f3 p\u00e9lda a Zimmerman-t\u00e1virat, a t\u00f6rt\u00e9nelem egy \u00e9rdekes darabja, amely kulcsfontoss\u00e1g\u00fa szerepet j\u00e1tszott az I. vil\u00e1gh\u00e1bor\u00fa menet\u00e9nek megv\u00e1ltoztat\u00e1s\u00e1ban.<\/p>\n\n\n\n<p>E k\u00f3dolt t\u00e1virat \u00e9s annak k\u00f6vetkezm\u00e9nyeinek felt\u00e1r\u00e1s\u00e1val a t\u00f6rt\u00e9n\u00e9szek \u00e9s a di\u00e1kok egyar\u00e1nt felbecs\u00fclhetetlen \u00e9rt\u00e9k\u0171 betekint\u00e9st nyerhetnek a kor geopolitikai dinamik\u00e1j\u00e1ba. <\/p>\n\n\n\n<p>Az ilyen els\u0151dleges forr\u00e1sok elemz\u00e9se nemcsak a kutat\u00e1si k\u00e9pess\u00e9geket n\u00f6veli, hanem a t\u00f6rt\u00e9nelem \u00e1rnyaltabb meg\u00e9rt\u00e9s\u00e9t is biztos\u00edtja a tank\u00f6nyvi ismereteken t\u00fal.<\/p>\n\n\n\n<p>Az ilyen t\u00f6rt\u00e9nelmi dokumentumok \u00e9rtelmez\u00e9sekor a tanul\u00f3k sz\u00e1m\u00e1ra alapvet\u0151 fontoss\u00e1g\u00fa az analitikus k\u00e9szs\u00e9gek \u00e9s a kritikai gondolkod\u00e1s alkalmaz\u00e1sa. <\/p>\n\n\n\n<p>L\u00e1togasson el a  oldalra.&nbsp;<a href=\"https:\/\/www.archives.gov\/education\/lessons\/zimmermann\" target=\"_blank\" rel=\"noreferrer noopener\">Nemzeti Lev\u00e9lt\u00e1r<\/a>&nbsp;hogy felfedezzen egy sor hasonl\u00f3 forr\u00e1st, \u00e9s m\u00e9lyrehat\u00f3 ismereteket szerezzen a t\u00f6rt\u00e9nelem lapjai m\u00f6g\u00f6tt rejt\u0151z\u0151 bonyolult r\u00e9tegekr\u0151l.<\/p>\n\n\n\n<h2 class=\"wp-block-heading\">A m\u0171v\u00e9szetek, tudom\u00e1nyok \u00e9s b\u00f6lcs\u00e9szettudom\u00e1nyok felfedez\u00e9se<\/h2>\n\n\n\n<p>Finansz\u00edroz\u00e1s monet\u00e1ris forr\u00e1sok nagym\u00e9rt\u00e9kben v\u00e1ltozik t\u00e1rgy alapj\u00e1n \u00fcgy t\u00fckr\u00f6zi a sokf\u00e9les\u00e9g hatalmas tudom\u00e1ny\u00e1gak a tudom\u00e1nyos \u00e9letben. <\/p>\n\n\n\n<p>Ezek m\u00e9lyebb\u00e9 teszik a tanul\u00e1st az\u00e1ltal, hogy els\u0151 k\u00e9zb\u0151l sz\u00e1rmaz\u00f3 besz\u00e1mol\u00f3kkal vagy eredeti adatokkal szolg\u00e1lnak, amelyek lehet\u0151v\u00e9 teszik a tanul\u00f3k sz\u00e1m\u00e1ra, hogy elemezz\u00e9k, \u00e9rtelmezz\u00e9k \u00e9s \u00faj felismer\u00e9seket vonjanak le bel\u0151l\u00fck. <\/p>\n\n\n\n<p>A megfelel\u0151 els\u0151dleges forr\u00e1sok felhaszn\u00e1l\u00e1sa a m\u0171v\u00e9szeti, a tudom\u00e1nyos \u00e9s \u00e1ltal\u00e1ban a b\u00f6lcs\u00e9szettudom\u00e1nyok ter\u00fclet\u00e9n is er\u0151s\u00edtheti a kutat\u00e1si eredm\u00e9nyeket, \u00e9s biztos\u00edthatja a n\u00e9z\u0151pontok k\u00f6zeled\u00e9s\u00e9t.<\/p>\n\n\n\n<h3 class=\"wp-block-heading\">Vizu\u00e1lis els\u0151dleges forr\u00e1sok felhaszn\u00e1l\u00e1sa a m\u0171v\u00e9szeti kutat\u00e1sban<\/h3>\n\n\n\n<p>A m\u0171t\u00e1rgyak mint els\u0151dleges anyagok szerep\u00e9t a m\u0171v\u00e9szeti m\u00fazeumi kutat\u00e1sban nem lehet al\u00e1becs\u00fclni. <\/p>\n\n\n\n<p>Az els\u0151dleges forr\u00e1sok apr\u00f3l\u00e9kos tanulm\u00e1nyoz\u00e1s\u00e1val a kutat\u00f3k rekonstru\u00e1lhatj\u00e1k a t\u00f6rt\u00e9nelmi, t\u00e1rsadalmi \u00e9s kultur\u00e1lis kontextust, amely t\u00falmutat a puszta eszt\u00e9tikai \u00e9rt\u00e9kel\u00e9sen. <\/p>\n\n\n\n<p>A m\u0171alkot\u00e1sok, legyenek azok vizu\u00e1lis, performansz vagy irodalmi alkot\u00e1sok, gyakran a \"s perspekt\u00edva\" kort\u00e1rs k\u00e9rd\u00e9seit, \u00edgy fontos inform\u00e1ci\u00f3forr\u00e1sk\u00e9nt szolg\u00e1lnak a kutat\u00f3k sz\u00e1m\u00e1ra. <\/p>\n\n\n\n<p>K\u00f6vetkez\u00e9sk\u00e9ppen a szimbolizmus, az illusztr\u00e1ci\u00f3s technika \u00e9s az illusztr\u00e1ci\u00f3 h\u00e1tter\u00e9nek meg\u00e9rt\u00e9se elengedhetetlen a m\u0171v\u00e9szett\u00f6rt\u00e9neti vagy k\u00e9pz\u0151m\u0171v\u00e9szeti tanulm\u00e1nyokat folytat\u00f3 hallgat\u00f3k sz\u00e1m\u00e1ra, akik ezen els\u0151dleges forr\u00e1sok gondolat\u00e9breszt\u0151 elemz\u00e9s\u00e9t \u00f6szt\u00f6nzik.<\/p>\n\n\n\n<h3 class=\"wp-block-heading\">Laborat\u00f3riumi jelent\u00e9sek \u00e9s k\u00eds\u00e9rleti adatok hasznos\u00edt\u00e1sa<\/h3>\n\n\n\n<p>A tudom\u00e1nyos kutat\u00e1s ter\u00fclet\u00e9n a laborat\u00f3riumi statisztikai jelent\u00e9sek \u00e9s a k\u00eds\u00e9rleti adatok tudom\u00e1nyos alapja a hiteless\u00e9g megteremt\u00e9s\u00e9re szolg\u00e1l. <\/p>\n\n\n\n<p>A laborat\u00f3riumi laborat\u00f3riumi k\u00eds\u00e9rletekb\u0151l vagy esem\u00e9nyekb\u0151l sz\u00e1rmaz\u00f3 megfigyel\u00e9si adatok nyers sz\u00e1madatok \u00e9s a jegyzetf\u00fczetekben r\u00f6gz\u00edtett laborat\u00f3riumi adatok be\u00e9p\u00edt\u00e9se feler\u0151s\u00edti a tudom\u00e1nyos kutat\u00e1sodat. <\/p>\n\n\n\n<p>Ezek a forr\u00e1sok els\u0151dlegesen els\u0151 k\u00e9zb\u0151l ny\u00fajtanak betekint\u00e9st a vizsg\u00e1lt tudom\u00e1nyos jelens\u00e9gekbe.<\/p>\n\n\n\n<p>A forr\u00e1sok l\u00e9trehoz\u00e1s\u00e1ban r\u00e9szt vev\u0151 bonyolult folyamatok meg\u00e9rt\u00e9s\u00e9vel \u00e9s bemutat\u00e1s\u00e1val a primer kutat\u00f3k holisztikusabb k\u00e9pet adhatnak tudom\u00e1nyos munk\u00e1jukr\u00f3l, ez\u00e1ltal er\u0151s\u00edtve a tudom\u00e1nyos ismeretek megismer\u00e9s\u00e9t.<\/p>\n\n\n\n<h3 class=\"wp-block-heading\">Napl\u00f3bejegyz\u00e9sek \u00e9s levelek mint els\u0151dleges forr\u00e1sok a hum\u00e1n tudom\u00e1nyokban<\/h3>\n\n\n\n<p>Az olyan els\u0151dleges forr\u00e1sokkal val\u00f3 foglalkoz\u00e1s, mint a napl\u00f3bejegyz\u00e9sek \u00e9s szem\u00e9lyes levelek, m\u00e9lyebb dimenzi\u00f3kat ad a kutat\u00e1snak. <\/p>\n\n\n\n<p>Ezek a forr\u00e1sok els\u0151dlegesen az egy\u00e9nek intim n\u00e9z\u0151pontjait tartalmazz\u00e1k, amelyek megvil\u00e1g\u00edthatj\u00e1k a t\u00e1rsadalmi norm\u00e1kat, a kultur\u00e1lis attit\u0171d\u00f6ket \u00e9s az egyes id\u0151szakokban szerzett szem\u00e9lyes tapasztalatokat.<\/p>\n\n\n\n<p>Ezek az irodalmi m\u0171t\u00e1rgyak sz\u0171retlen kapcsolatk\u00e9nt szolg\u00e1lnak a tud\u00f3sokhoz, akik els\u0151 szem\u00e9ly\u0171 n\u00e9z\u0151pontot k\u00edn\u00e1lnak a t\u00f6rt\u00e9nelmi jelens\u00e9gekr\u0151l. <\/p>\n\n\n\n<p>\u00cdgy a katolikus kutat\u00f3k a napl\u00f3kb\u00f3l sz\u00e1rmaz\u00f3 hangok bevon\u00e1s\u00e1val potenci\u00e1lisan \u00e1rnyaltabb betekint\u00e9st nyerhetnek, ami hozz\u00e1j\u00e1rulhat a t\u00f6rt\u00e9nelmi elbesz\u00e9l\u00e9sek \u00e1tfog\u00f3bb \u00e9rtelmez\u00e9s\u00e9hez.<\/p>\n\n\n\n<h3 class=\"wp-block-heading\">Az eredeti sz\u00f6vegek jelent\u0151s\u00e9ge az irodalomtudom\u00e1nyban<\/h3>\n\n\n\n<p>Az irodalomtudom\u00e1nyban az eredeti sz\u00f6vegek kiemelked\u0151 fontoss\u00e1g\u00faak a jelent\u00e9sek t\u00f6bbr\u00e9teg\u0171s\u00e9g\u00e9nek felt\u00e1r\u00e1s\u00e1ban, \u00e9s betekint\u00e9st ny\u00fajtanak a kultur\u00e1lis, t\u00f6rt\u00e9nelmi \u00e9s t\u00e1rsadalmi \u00f6sszef\u00fcgg\u00e9sekbe. <\/p>\n\n\n\n<p>Tudom\u00e1nyos nyomoz\u00f3k\u00e9nt az irodalomtanul\u00f3knak az eredeti m\u0171vek m\u00e9ly\u00e9re kell hatolniuk, bonyolult t\u00e9m\u00e1kat kibontva, \u00f6sszetett karaktereket boncolgatva \u00e9s a szerz\u0151 stilisztikai d\u00f6nt\u00e9seit vizsg\u00e1lva.<\/p>\n\n\n\n<p>P\u00e9ld\u00e1ul a k\u00f6vetkez\u0151 oldalakhoz val\u00f3 hozz\u00e1f\u00e9r\u00e9s&nbsp;<a href=\"https:\/\/arce.org\/resource\/rosetta-stone-unlocking-ancient-egyptian-language\/\" target=\"_blank\" rel=\"noreferrer noopener\">a Rosetta k\u0151<\/a>&nbsp;nem csup\u00e1n az \u00f3kori egyiptomi nyelvvel ismerteti meg a di\u00e1kokat, hanem m\u00e9lyrehat\u00f3 perspekt\u00edv\u00e1kat k\u00edn\u00e1l a kultur\u00e1lis m\u0171t\u00e1rgyakr\u00f3l \u00e9s a t\u00f6rt\u00e9nelmi ideol\u00f3gi\u00e1kr\u00f3l is. <\/p>\n\n\n\n<p>Ezek a m\u0171fajmeghat\u00e1roz\u00f3 sz\u00f6vegek nem puszt\u00e1n a sz\u00f3rakoztat\u00e1s hat\u00e1rain bel\u00fcl l\u00e9teznek; koruk \u00e9rt\u00e9keit \u00e9s norm\u00e1it t\u00fckr\u00f6zik, t\u00e1rsadalmi komment\u00e1rk\u00e9nt m\u0171k\u00f6dnek, \u00e9s az emberi tapasztalatok kritikus felt\u00e1r\u00e1s\u00e1t k\u00edn\u00e1lj\u00e1k. <\/p>\n\n\n\n<p>Ez\u00e9rt az irodalom eredeti sz\u00f6vegekb\u0151l t\u00f6rt\u00e9n\u0151 tanulm\u00e1nyoz\u00e1sa nemcsak az \u00e9rtelmez\u00e9si k\u00e9szs\u00e9geket fejleszti, hanem a kritikai gondolkod\u00e1st is finom\u00edtja, gazdag\u00edtja a kontextu\u00e1lis meg\u00e9rt\u00e9st \u00e9s hozz\u00e1j\u00e1rul az \u00e1tfog\u00f3 irodalmi elemz\u00e9shez.<\/p>\n\n\n\n<h2 class=\"wp-block-heading\">Els\u0151dleges forr\u00e1sok a digit\u00e1lis korban<\/h2>\n\n\n<div class=\"wp-block-image\">\n<figure class=\"aligncenter size-full\"><img loading=\"lazy\" decoding=\"async\" width=\"1024\" height=\"1024\" src=\"https:\/\/undetectable.ai/blog\/wp-content\/uploads\/2025\/06\/Primary-sources-003.jpg\" alt=\"Ai gener\u00e1lt k\u00e9p az els\u0151dleges forr\u00e1sokr\u00f3l a digit\u00e1lis korban\" class=\"wp-image-10082\" title=\"\" srcset=\"https:\/\/undetectable.ai/blog\/wp-content\/uploads\/2025\/06\/Primary-sources-003.jpg 1024w, https:\/\/undetectable.ai/blog\/wp-content\/uploads\/2025\/06\/Primary-sources-003-300x300.jpg 300w, https:\/\/undetectable.ai/blog\/wp-content\/uploads\/2025\/06\/Primary-sources-003-150x150.jpg 150w, https:\/\/undetectable.ai/blog\/wp-content\/uploads\/2025\/06\/Primary-sources-003-768x768.jpg 768w, https:\/\/undetectable.ai/blog\/wp-content\/uploads\/2025\/06\/Primary-sources-003-12x12.jpg 12w\" sizes=\"auto, (max-width: 1024px) 100vw, 1024px\" \/><\/figure><\/div>\n\n\n<p>A dolgok nemcsak az \u00e9let\u00fcnkben v\u00e1ltoztak meg, hanem a kutat\u00e1sban is. <\/p>\n\n\n\n<p>Az online forr\u00e1sok nagym\u00e9rt\u00e9kben kib\u0151v\u00edtett\u00e9k az els\u0151dleges forr\u00e1sok sz\u00e9les sk\u00e1l\u00e1j\u00e1hoz val\u00f3 hozz\u00e1f\u00e9r\u00e9s lehet\u0151s\u00e9g\u00e9t. <\/p>\n\n\n\n<p>Az online vil\u00e1g\u00e1ban val\u00f3 navig\u00e1l\u00e1s megterhel\u0151 folyamat lehet, k\u00fcl\u00f6n\u00f6sen, ha nem tudja, hol kezdje.<\/p>\n\n\n\n<p>Fedezz\u00fcnk fel n\u00e9h\u00e1nyat ezek k\u00f6z\u00fcl az online forr\u00e1sok k\u00f6z\u00fcl, \u00e9s n\u00e9zz\u00fck meg, hogyan haszn\u00e1lhatod fel \u0151ket a tudom\u00e1nyos karriered \u00e9rdek\u00e9ben. <\/p>\n\n\n\n<p>Ha tudja, hol keresse \u00e9s hogyan haszn\u00e1lja az eszk\u00f6z\u00f6ket, akkor jav\u00edthatja kutat\u00e1s\u00e1t, gazdagabb betekint\u00e9st ny\u00fajtva a f\u0151iskolai diplomamunka-kutat\u00e1shoz.<\/p>\n\n\n\n<h3 class=\"wp-block-heading\">Az els\u0151dleges forr\u00e1sanyagokhoz vezet\u0151 \u00faj \u00fat<\/h3>\n\n\n\n<p>A digitaliz\u00e1lt k\u00f6nyvt\u00e1rak \u00e1talak\u00edtott\u00e1k a tudom\u00e1nyos kutat\u00e1st, \u00e9s hozz\u00e1f\u00e9rhet\u0151 utat biztos\u00edtanak az els\u0151dleges forr\u00e1sanyaghoz. <\/p>\n\n\n\n<p>Ezek a szabadon hozz\u00e1f\u00e9rhet\u0151 forr\u00e1sok megford\u00edthatj\u00e1k a kutat\u00e1sodat, \u00e9s lehet\u0151v\u00e9 teszik, hogy \u00e9rveidet t\u00e9nyszer\u0171, els\u0151 k\u00e9zb\u0151l sz\u00e1rmaz\u00f3 besz\u00e1mol\u00f3kkal t\u00e1maszd al\u00e1.<\/p>\n\n\n\n<p>Ezek a kincses digit\u00e1lis h\u00e1zak hemzsegnek az egyedi tartalmakt\u00f3l, a t\u00f6rt\u00e9nelmi dokumentumokt\u00f3l kezdve a m\u0171t\u00e1rgyak nagy felbont\u00e1s\u00fa kompozit k\u00e9pein \u00e1t a tudom\u00e1nyos foly\u00f3iratokig, ritka k\u00f6nyvekig \u00e9s m\u00e9g sok m\u00e1sig. <\/p>\n\n\n\n<p>Ezenfel\u00fcl az olyan digit\u00e1lis k\u00f6nyvt\u00e1rak, mint a Kongresszusi K\u00f6nyvt\u00e1r, a Project Gutenberg \u00e9s a Google Books fejlett keres\u00e9si algoritmusokat alkalmazva k\u00f6nnyed\u00e9n \u00f6sszekapcsolhatj\u00e1k \u00d6nt a legrelev\u00e1nsabb els\u0151dleges forr\u00e1sokkal, nagym\u00e9rt\u00e9kben jav\u00edtva a kutat\u00e1si gy\u0171jt\u00e9si folyamat hat\u00e9konys\u00e1g\u00e1t.<\/p>\n\n\n\n<h3 class=\"wp-block-heading\">Online els\u0151dleges forr\u00e1sok gazdags\u00e1g\u00e1nak felt\u00e1r\u00e1sa<\/h3>\n\n\n\n<p>Az online tudom\u00e1nyos t\u00e1rh\u00e1zakban \u00e9s tudom\u00e1nyos cikkekben val\u00f3 elmer\u00fcl\u00e9s a tudom\u00e1nyos kutat\u00e1s els\u0151dleges forr\u00e1sainak t\u00e1rh\u00e1z\u00e1t t\u00e1rja fel. <\/p>\n\n\n\n<p>Forr\u00e1sok A JSTOR, a ScienceDirect vagy a Google Scholar seg\u00edts\u00e9g\u00e9vel olyan relev\u00e1ns inform\u00e1ci\u00f3kat fedezhet fel, amelyek nagym\u00e9rt\u00e9kben b\u0151v\u00edthetik a tud\u00e1st, el\u0151seg\u00edthetik a hiteless\u00e9get \u00e9s a tudom\u00e1nyos munka integrit\u00e1s\u00e1t.<\/p>\n\n\n\n<p>Ezek az online platformok sz\u00e1mtalan kutat\u00e1si elemz\u0151 dokumentumot, tudom\u00e1nyos tanulm\u00e1nyt \u00e9s els\u0151 k\u00e9zb\u0151l sz\u00e1rmaz\u00f3 besz\u00e1mol\u00f3t tartalmaznak k\u00fcl\u00f6nb\u00f6z\u0151 tudom\u00e1ny\u00e1gak szakembereit\u0151l, amelyek hiteles, megb\u00edzhat\u00f3 adatokat ny\u00fajtanak a hallgat\u00f3knak tanulm\u00e1nyaikhoz. <\/p>\n\n\n\n<p>Az online forradalom nem csak a hozz\u00e1f\u00e9r\u00e9st egyszer\u0171s\u00edtette, hanem az el\u00e9rhet\u0151 els\u0151dleges forr\u00e1sok meg\u00e9rt\u00e9s\u00e9t is kisz\u00e9les\u00edtette a digit\u00e1lis korban.<\/p>\n\n\n\n<h3 class=\"wp-block-heading\">Az online els\u0151dleges bizony\u00edt\u00e9kok aranyb\u00e1ny\u00e1ja<\/h3>\n\n\n\n<p>A webarch\u00edvumok archiv\u00e1l\u00e1sa \u00e9s a digit\u00e1lis gy\u0171jtem\u00e9nyek kincsk\u00e9nt jelentek meg, mint els\u0151dleges adatok t\u00e1rh\u00e1zai, amelyek a tudom\u00e1nyos kutat\u00e1s \u00e9s a t\u00f6rt\u00e9nelmi kutat\u00e1sok sz\u00e1m\u00e1ra hatalmas forr\u00e1sokat nyitnak meg. <\/p>\n\n\n\n<p>Az ellentmond\u00e1sok hat\u00e9kony megold\u00e1s\u00e1nak meg\u00e9rt\u00e9se kulcsfontoss\u00e1g\u00fa a kutat\u00e1si horizontok kisz\u00e9les\u00edt\u00e9s\u00e9hez \u00e9s a f\u0151iskolai egyetemi tanulm\u00e1nyok jav\u00edt\u00e1s\u00e1hoz, ami gy\u00fcm\u00f6lcs\u00f6z\u0151bb\u00e9 teszi az online kutat\u00e1sba val\u00f3 bet\u00f6r\u00e9seinket.<\/p>\n\n\n\n<p>Ak\u00e1r a t\u00e1rsadalmi trendeket elemzi az online arch\u00edvumokban, ak\u00e1r a digit\u00e1lis k\u00f6nyvt\u00e1rakat kutatja t\u00f6rt\u00e9nelmi k\u00e9ziratok ut\u00e1n, ak\u00e1r a tudom\u00e1nyos adatb\u00e1zisokat kutatja eredeti foly\u00f3iratlap-bejegyz\u00e9sek ut\u00e1n, ezek p\u00e1ratlan hozz\u00e1f\u00e9r\u00e9st k\u00edn\u00e1lnak a hiteles adatokhoz.<\/p>\n\n\n\n<h3 class=\"wp-block-heading\">Az online els\u0151dleges forr\u00e1sok felkutat\u00e1s\u00e1nak hat\u00e9konys\u00e1g\u00e1nak maximaliz\u00e1l\u00e1sa<\/h3>\n\n\n\n<p>Az online kutat\u00e1s k\u00e9szs\u00e9g\u00e9nek elsaj\u00e1t\u00edt\u00e1sa kulcsfontoss\u00e1g\u00fa a tudom\u00e1nyos els\u0151dleges forr\u00e1sokhoz val\u00f3 hozz\u00e1f\u00e9r\u00e9s szempontj\u00e1b\u00f3l. <\/p>\n\n\n\n<p>Mivel a digit\u00e1lis vil\u00e1g az inform\u00e1ci\u00f3k aranyb\u00e1ny\u00e1j\u00e1t k\u00edn\u00e1lja, a hat\u00e9kony keres\u00e9si strat\u00e9gi\u00e1k fokozhatj\u00e1k az els\u0151dleges forr\u00e1sok gyors \u00e9s pontos felkutat\u00e1s\u00e1nak \u00e9s felhaszn\u00e1l\u00e1s\u00e1nak k\u00e9pess\u00e9g\u00e9t. <\/p>\n\n\n\n<p>A keres\u0151motorok elsaj\u00e1t\u00edt\u00e1sa, a megb\u00edzhat\u00f3 adatb\u00e1zisok \u00e9s tudom\u00e1nyos foly\u00f3iratok ismerete, valamint a Boolean-oper\u00e1torok t\u00f6k\u00e9letes\u00edt\u00e9se mind-mind szerepet j\u00e1tszanak az online keres\u00e9s hat\u00e9konys\u00e1g\u00e1ban.<\/p>\n\n\n\n<p>A kulcsszavak fontoss\u00e1g\u00e1nak meg\u00e9rt\u00e9se \u00e9s \u00fcgyes alkalmaz\u00e1sa is n\u00f6velheti a keres\u00e9si er\u0151fesz\u00edt\u00e9seket, ami a forr\u00e1sok koncentr\u00e1ltabb \u00e9s eredm\u00e9nyesebb gy\u0171jt\u00e9s\u00e9hez vezet.<\/p>\n\n\n\n<p>A hallgat\u00f3k \u00e9s a tudom\u00e1nyos szakemberek sz\u00e1m\u00e1ra j\u00f3 gyakorlat az olyan adatb\u00e1zisok felfedez\u00e9se, mint a PubMed Central, ahol sz\u00e9les k\u00f6r\u0171 hozz\u00e1f\u00e9r\u00e9st kapnak a k\u00f6vetkez\u0151 t\u00e9m\u00e1khoz&nbsp;<a href=\"https:\/\/www.ncbi.nlm.nih.gov\/pmc\/articles\/PMC6148622\/\" target=\"_blank\" rel=\"noreferrer noopener\">ingyenes, elismert \u00e9s lektor\u00e1lt cikkek<\/a>.<\/p>\n\n\n\n<p>Ha megtanulsz hat\u00e9konyan navig\u00e1lni ezekben a forr\u00e1sokban, jelent\u0151sen jav\u00edthatod a tudom\u00e1nyos kutat\u00e1sodat, mivel gazdag, els\u0151dleges forr\u00e1sokat k\u00edn\u00e1lsz a f\u0151iskolai tanulm\u00e1nyaidhoz.<\/p>\n\n\n\n<h2 class=\"wp-block-heading\">Az els\u0151dleges forr\u00e1sok felkutat\u00e1s\u00e1nak legjobb strat\u00e9gi\u00e1i<\/h2>\n\n\n\n<p>A megb\u00edzhat\u00f3 inform\u00e1ci\u00f3k megtal\u00e1l\u00e1sa gyakran kih\u00edv\u00e1st jelenthet a nemzeteknek ott, ahol a megt\u00e9veszt\u00e9s gyakori. <\/p>\n\n\n\n<p>De hogyan juthatunk hozz\u00e1 ezekhez az els\u0151dleges forr\u00e1sokhoz? A tudom\u00e1nyos kutat\u00e1s sor\u00e1n a m\u00e1sodlagos forr\u00e1sok fontos eszk\u00f6zt jelentenek az eredeti, hiteles adatok megszerz\u00e9s\u00e9hez.<\/p>\n\n\n\n<p>Ez felt\u00e1r n\u00e9h\u00e1ny strat\u00e9gi\u00e1t a k\u00fcl\u00f6nb\u00f6z\u0151 ter\u00fcletek els\u0151dleges szerz\u0151inek felkutat\u00e1s\u00e1ra \u00e9s azonos\u00edt\u00e1s\u00e1ra, amelyek seg\u00edtenek nek\u00fcnk olyan kutat\u00e1sokat k\u00e9sz\u00edteni, amelyek nemcsak eredetiek, hanem megb\u00edzhat\u00f3ak is.<\/p>\n\n\n\n<h3 class=\"wp-block-heading\">Navig\u00e1l\u00e1s a k\u00f6nyvt\u00e1ri katal\u00f3gusokban az els\u0151dleges forr\u00e1sok\u00e9rt<\/h3>\n\n\n\n<p>A k\u00f6nyvt\u00e1ri tartalomkatal\u00f3gusokban val\u00f3 egy\u00e9rtelm\u0171 navig\u00e1l\u00e1s offline is rendk\u00edv\u00fcl hat\u00e9kony m\u00f3dszer a kutat\u00e1s\u00e1hoz sz\u00fcks\u00e9ges els\u0151dleges forr\u00e1sok felt\u00e1r\u00e1s\u00e1ban. <\/p>\n\n\n\n<p>Fontos, hogy j\u00e1rtas legyen a k\u00e1rtya katal\u00f3gus rendszerekben \u00e9s az online k\u00f6nyvt\u00e1ri adatb\u00e1zisok keres\u0151 eszk\u00f6zeiben, valamint hogy meg\u00e9rtse, hogyan kell az anyagokat megfelel\u0151en kategoriz\u00e1lni - legyen sz\u00f3 t\u00e9m\u00e1r\u00f3l, szerz\u0151r\u0151l, szerz\u0151i jogr\u00f3l vagy id\u0151szakr\u00f3l.<\/p>\n\n\n\n<p>Ezek a gy\u0171jtem\u00e9nyek felbecs\u00fclhetetlen \u00e9rt\u00e9k\u0171 t\u00f6rt\u00e9nelmi dokumentumok, kiadatlan interj\u00fak \u00e1tiratai \u00e9s m\u00e1s eredeti irodalmi m\u0171vek felbecs\u00fclhetetlen \u00e9rt\u00e9k\u0171 k\u00f6nyvt\u00e1rai, amelyek jelent\u0151sen jav\u00edthatj\u00e1k az \u00d6n tudom\u00e1nyos munk\u00e1j\u00e1t. <\/p>\n\n\n\n<p>Ez a k\u00f6nyvt\u00e1ri min\u0151s\u00e9g\u0171 kutat\u00e1sra vonatkoz\u00f3 szemcs\u00e9s megk\u00f6zel\u00edt\u00e9s biztos\u00edtja, hogy a k\u00f6nnyen el\u00e9rhet\u0151 forr\u00e1sok teljes spektrum\u00e1t haszn\u00e1lja az \u00e1tfog\u00f3bb \u00e9s t\u00e9nyeken alapul\u00f3 kutat\u00e1shoz.<\/p>\n\n\n\n<h3 class=\"wp-block-heading\">Felbecs\u00fclhetetlen forr\u00e1s az els\u0151dleges anyagokhoz<\/h3>\n\n\n\n<p>A modern technol\u00f3gia fejl\u0151d\u00e9s\u00e9vel a t\u00f6rv\u00e9nysz\u00e9ki kutat\u00f3knak egy hat\u00e9kony eszk\u00f6z \u00e1ll rendelkez\u00e9s\u00fckre: az online adatb\u00e1zisok. <\/p>\n\n\n\n<p>Az olyan eszk\u00f6z\u00f6k, mint a JSTOR, az EBSCO \u00e9s a ProQuest tudom\u00e1nyos cikkek, tank\u00f6nyvek \u00e9s egy\u00e9b els\u0151dleges forr\u00e1sok hatalmas portf\u00f3li\u00f3j\u00e1t k\u00edn\u00e1lj\u00e1k, amelyek gazdag forr\u00e1sokat biztos\u00edtanak a tudom\u00e1nyos kutat\u00e1shoz.<\/p>\n\n\n\n<p>Az els\u0151dleges anyagok t\u00e1rh\u00e1zak\u00e9nt szolg\u00e1l\u00f3 kincsek egyszer\u0171s\u00edtik a hozz\u00e1f\u00e9r\u00e9st a t\u00f6rt\u00e9nelmi arch\u00edvumokt\u00f3l a tudom\u00e1nyos foly\u00f3iratokig terjed\u0151 inform\u00e1ci\u00f3gy\u0171jtem\u00e9nyekhez. <\/p>\n\n\n\n<p>Ezen adatb\u00e1zisok online hasznos\u00edt\u00e1sa nemcsak a t\u00e9nyekre alapozott ellen\u0151rz\u00e9st k\u00f6nny\u00edti meg, hanem az \u00e1tfog\u00f3 kutat\u00e1st is el\u0151mozd\u00edtja, lehet\u0151s\u00e9get adva a tud\u00f3soknak arra, hogy m\u00e9lyebben elm\u00e9lyedjenek a t\u00e9m\u00e1jukban, \u00e9s hiteles, eredeti bizony\u00edt\u00e9kokkal t\u00e1massz\u00e1k al\u00e1 \u00e1ll\u00e1spontjukat.<\/p>\n\n\n\n<h3 class=\"wp-block-heading\">A h\u00e1l\u00f3zat\u00e9p\u00edt\u00e9s jelent\u0151s\u00e9ge az els\u0151dleges inform\u00e1ci\u00f3k tudom\u00e1nyos kutat\u00e1s\u00e1ban<\/h3>\n\n\n\n<p>A tudom\u00e1nyos kutat\u00e1s sz\u00e1m\u00e1ra az inform\u00e1lis h\u00e1l\u00f3zat\u00e9p\u00edt\u00e9s l\u00e9tfontoss\u00e1g\u00fa szerepet j\u00e1tszik az els\u0151dleges tud\u00e1s felt\u00e1r\u00e1s\u00e1ban. <\/p>\n\n\n\n<p>Ez gyakran vezethet kor\u00e1bban dokument\u00e1latlan els\u0151dleges forr\u00e1sokhoz val\u00f3 hozz\u00e1f\u00e9r\u00e9shez. <\/p>\n\n\n\n<p>A konferenci\u00e1kon, workshopokon \u00e9s szemin\u00e1riumokon val\u00f3 r\u00e9szv\u00e9tel nemcsak a kutat\u00e1si ter\u00fclet ismeret\u00e9t b\u0151v\u00edti, hanem lehet\u0151s\u00e9get ny\u00fajt a kutat\u00f3t\u00e1rsakkal val\u00f3 egy\u00fcttm\u0171k\u00f6d\u00e9sre is.<\/p>\n\n\n\n<p>Tov\u00e1bb\u00e1 a szakmai kapcsolatok \u00e1pol\u00e1sa \u00e9s a tudom\u00e1nyos k\u00f6z\u00f6ss\u00e9gen bel\u00fcli h\u00e1l\u00f3zat\u00e9p\u00edt\u00e9s jelent\u0151sen seg\u00edtheti a hiteles els\u0151dleges forr\u00e1sok felkutat\u00e1s\u00e1t, ami a hiteless\u00e9g magasabb szintj\u00e9re emeli a kutat\u00e1st. <\/p>\n\n\n\n<p>N\u00e9ha a szem\u00e9lyes technikai megbesz\u00e9l\u00e9sek olyan adatb\u00e1zisokat, fizikai adatb\u00e1zisokat, g\u00e9ngy\u0171jtem\u00e9nyeket vagy k\u00eds\u00e9rleti adatokat t\u00e1rhatnak fel, amelyek a r\u00e9sztvev\u0151k sz\u00e1m\u00e1ra el\u00e9rhetetlenek.<\/p>\n\n\n\n<h3 class=\"wp-block-heading\">Etnogr\u00e1fia \u00e9s interj\u00fak<\/h3>\n\n\n\n<p>Az els\u0151dleges forr\u00e1sokat a terepen val\u00f3 k\u00f6zvetlen r\u00e9szv\u00e9tel, p\u00e9ld\u00e1ul etnogr\u00e1fiai tanulm\u00e1nyok \u00e9s interj\u00fak r\u00e9v\u00e9n lehet \u00e9letre kelteni. <\/p>\n\n\n\n<p>Ebben a kutat\u00f3 k\u00f6zvetlen\u00fcl kapcsolatba l\u00e9p a r\u00e9sztvev\u0151kkel, lehet\u0151v\u00e9 t\u00e9ve sz\u00e1mukra, hogy nyers, sz\u0171retlen inform\u00e1ci\u00f3khoz jussanak azokt\u00f3l az emberekt\u0151l, akik els\u0151 k\u00e9zb\u0151l tapasztalt\u00e1k a jelens\u00e9get.<\/p>\n\n\n\n<p>Az etnogr\u00e1fia, mint kutat\u00e1si m\u00f3dszer, egy kult\u00fara vagy t\u00e1rsadalmi csoport m\u00e9lyrehat\u00f3 vizsg\u00e1lat\u00e1t jelenti egy bennfentes szemsz\u00f6g\u00e9b\u0151l, gazdag kontextus\u00fa \u00e9s intim szem\u00e9lyes els\u0151dleges adatok kinyer\u00e9s\u00e9vel. <\/p>\n\n\n\n<p>Az interj\u00fak viszont hat\u00e9kony m\u00f3dszer a vizsg\u00e1lt esem\u00e9nyben vagy t\u00e9m\u00e1ban k\u00f6zvetlen\u00fcl \u00e9rintett szem\u00e9lyek tapasztalatainak \u00e9s n\u00e9z\u0151pontjainak megragad\u00e1s\u00e1ra.<\/p>\n\n\n\n<p>A t\u00f6rt\u00e9nelmet vagy antropol\u00f3gi\u00e1t kutat\u00f3k sz\u00e1m\u00e1ra a n\u00e9prajzi m\u00f3dszerek \u00e9s a sz\u00f3beli t\u00f6rt\u00e9netek jelentik a kulcsot a hiteles els\u0151dleges bizony\u00edt\u00e9kok felt\u00e1r\u00e1s\u00e1hoz. <\/p>\n\n\n\n<p>Ha m\u00e9lyebb meg\u00e9rt\u00e9st szeretne szerezni e terepi m\u00f3dszerek k\u00fcl\u00f6nbs\u00e9geir\u0151l \u00e9s hasznoss\u00e1g\u00e1r\u00f3l, l\u00e1togasson el erre a weboldalra.&nbsp;<a href=\"https:\/\/sites.williams.edu\/sac3\/methods-exercises\/ethnography-vs-oral-history\/\" target=\"_blank\" rel=\"noreferrer noopener\">a n\u00e9prajz \u00e9s az oral history \u00f6sszehasonl\u00edt\u00f3 tanulm\u00e1nyoz\u00e1sa<\/a>. <\/p>\n\n\n\n<p>Fontos megjegyezni, hogy a v\u00e1lasztott terepmunka-strat\u00e9gi\u00e1nak optimaliz\u00e1lnia kell a tudom\u00e1nyos kutat\u00e1shoz gy\u0171jt\u00f6tt adatok pontoss\u00e1g\u00e1t, hiteless\u00e9g\u00e9t \u00e9s alaposs\u00e1g\u00e1t.<\/p>\n\n\n\n<h2 class=\"wp-block-heading\">A meggy\u0151z\u0151 tudom\u00e1nyos essz\u00e9k k\u00e9sz\u00edt\u00e9s\u00e9nek m\u0171v\u00e9szete<\/h2>\n\n\n\n<p>Az els\u0151dleges forr\u00e1sok felhaszn\u00e1l\u00e1s\u00e1val t\u00f6rt\u00e9n\u0151 \u00edr\u00e1s kritikus fontoss\u00e1g\u00fa a j\u00f3l megalapozott, meggy\u0151z\u0151 tudom\u00e1nyos essz\u00e9k l\u00e9trehoz\u00e1s\u00e1hoz. <\/p>\n\n\n\n<p>Ha hat\u00e9konyan haszn\u00e1lja \u0151ket, \u00e9rvei meggy\u0151z\u0151bbek lesznek, \u00e9s \u00e9rvel\u00e9se szil\u00e1rdabb\u00e1 v\u00e1lik. <\/p>\n\n\n\n<p>Ezek az els\u0151 k\u00e9zb\u0151l sz\u00e1rmaz\u00f3 besz\u00e1mol\u00f3k az esem\u00e9nyekr\u0151l lehet\u0151v\u00e9 teszik a kutat\u00e1si doktori projektem hitelesebb \u00e9s m\u00e9lyebb elemz\u0151 meg\u00e9rt\u00e9s\u00e9t. <\/p>\n\n\n\n<p>Gyakorlatot ig\u00e9nyel, de ha egyszer m\u00e1r kiforrott, nagym\u00e9rt\u00e9kben jav\u00edthatja a tudom\u00e1nyos \u00edr\u00e1s mesteri szint\u0171 elsaj\u00e1t\u00edt\u00e1s\u00e1t.<\/p>\n\n\n\n<h3 class=\"wp-block-heading\">Hogyan lehet hat\u00e9konyan be\u00e9p\u00edteni az els\u0151dleges forr\u00e1sokat az \u00edr\u00e1sodba?<\/h3>\n\n\n\n<p>Az els\u0151dleges forr\u00e1soknak a tudom\u00e1nyos dolgozatba val\u00f3 be\u00e9p\u00edt\u00e9se sokkal t\u00f6bbet jelent a puszta id\u00e9z\u00e9sn\u00e9l. <\/p>\n\n\n\n<p>Azaz, hogy ezeket a t\u00f6rt\u00e9nelmi dokumentumokat, hiteles szemtan\u00fak besz\u00e1mol\u00f3it vagy nyers tudom\u00e1nyos adatokat z\u00f6kken\u0151mentesen belesz\u00f6vi az elbesz\u00e9l\u00e9s\u00e9be.<\/p>\n\n\n\n<p>A k\u00f6zvetlen bizony\u00edt\u00e9kokon val\u00f3 tapintatos eligazod\u00e1s megk\u00f6veteli a kontextus \u00e9s a kutat\u00e1s szempontj\u00e1b\u00f3l val\u00f3 relevanci\u00e1j\u00e1nak megbecs\u00fcl\u00e9s\u00e9t. <\/p>\n\n\n\n<p>Ez el\u0151seg\u00edti \u00e9rveinek meg\u00e9rt\u00e9s\u00e9t, szil\u00e1rd alapot biztos\u00edtva \u00e9s gazdag\u00edtva a tudom\u00e1nyos essz\u00e9 elbesz\u00e9l\u0151 szerkezet\u00e9t. <\/p>\n\n\n\n<p>Az\u00e1ltal, hogy gondosan \u00e9rtelmezi ezeket az elemeket alapvet\u0151en akkor \u00e1talak\u00edtani az \u00edr\u00e1s egy p\u00e1rbesz\u00e9d vibr\u00e1l\u00f3 vil\u00e1gok k\u00f6z\u00f6tt.<\/p>\n\n\n\n<h3 class=\"wp-block-heading\">Els\u0151dleges forr\u00e1sok kritikus \u00e9rtelmez\u00e9se tudom\u00e1nyos essz\u00e9kben<\/h3>\n\n\n\n<p>A tudom\u00e1nyos \u00edr\u00e1s sor\u00e1n a m\u00f6g\u00f6ttes elemz\u00e9s meg\u00e9rt\u00e9se alapvet\u0151 fontoss\u00e1g\u00fa, k\u00fcl\u00f6n\u00f6sen az els\u0151dleges forr\u00e1sok \u00e9rtelmez\u00e9sekor. <\/p>\n\n\n\n<p>Ez mag\u00e1ban foglalja a k\u00e9zzel foghat\u00f3 t\u00f6rt\u00e9nelmi feljegyz\u00e9sek vagy nyers adatok kritikus vizsg\u00e1lat\u00e1t, a t\u00f6rt\u00e9nelmi dokumentumok vagy statisztikai adatok \u00e9rv\u00e9nyess\u00e9g\u00e9nek \u00e9s esetleges elfogults\u00e1g\u00e1nak meg\u00e1llap\u00edt\u00e1s\u00e1t, valamint a tudom\u00e1nyos vizsg\u00e1latot t\u00e1mogat\u00f3 \u00e9rt\u00e9kes felismer\u00e9sek kinyer\u00e9s\u00e9t.<\/p>\n\n\n\n<p>Az ig\u00e9nyes elemz\u00e9s nemcsak az \u00e1ll\u00edt\u00e1sodat er\u0151s\u00edti, hanem egy kutat\u00e1s vagy t\u00e9ma m\u00e9lyebb meg\u00e9rt\u00e9s\u00e9t is biztos\u00edtja. <\/p>\n\n\n\n<p>Hasonl\u00f3k\u00e9ppen az els\u0151dleges forr\u00e1sok kritikus \u00e9rtelmez\u00e9s\u00e9nek k\u00f6telezetts\u00e9ge alapvet\u0151 kompetencia a m\u00e9lyen \u00e1rnyalt vit\u00e1kat el\u0151seg\u00edt\u0151 tudom\u00e1nyos \u00edr\u00e1sokban. <\/p>\n\n\n\n<p>Az orvosbiol\u00f3gusok a kritikai elemz\u00e9s technik\u00e1inak felhaszn\u00e1l\u00e1s\u00e1val az eredeti forr\u00e1sokat meggy\u0151z\u0151 bizony\u00edt\u00e9kokk\u00e1 alak\u00edthatj\u00e1k \u00e1t, meger\u0151s\u00edtve a tudom\u00e1nyos publik\u00e1ci\u00f3kban szerepl\u0151 kutat\u00e1saik min\u0151s\u00e9g\u00e9t.<\/p>\n\n\n\n<h3 class=\"wp-block-heading\">A hiteless\u00e9g biztos\u00edt\u00e1sa az els\u0151dleges forr\u00e1sok felhaszn\u00e1l\u00e1sakor<\/h3>\n\n\n\n<p>Ha tudod, hogyan kell id\u00e9zni az els\u0151dleges forr\u00e1sokat, az sokat sz\u00e1m\u00edthat a tudom\u00e1nyos \u00e9letedben. <\/p>\n\n\n\n<p>Ak\u00e1r \u00f3kori k\u00e9ziratokat, t\u00f6rt\u00e9nelmi dokument\u00e1ci\u00f3kat, statisztikai adatokat, jogi dokumentumokat vagy m\u0171alkot\u00e1sokat id\u00e9z\u00fcnk, a szabv\u00e1nyok betart\u00e1sa elengedhetetlen.<\/p>\n\n\n\n<p>Az APA, MLA vagy Chicago st\u00edlus\u00fa id\u00e9z\u00e9si jelent\u00e9st\u00e9teli st\u00edlusok megfelel\u0151 haszn\u00e1lat\u00e1val biztos\u00edthatja, hogy az els\u0151dleges forr\u00e1sok haszn\u00e1lata \u00e1tl\u00e1that\u00f3 legyen, \u00e9s lehet\u0151v\u00e9 teszi az olvas\u00f3k sz\u00e1m\u00e1ra, hogy ellen\u0151rizz\u00e9k a forr\u00e1sok hiteless\u00e9g\u00e9t. <\/p>\n\n\n\n<p>Az arch\u00edvumok gondos kezel\u00e9se tov\u00e1bb\u00e1 megel\u0151zi a pl\u00e1giummal kapcsolatos v\u00e1dakat, \u00e9s ezzel meger\u0151s\u00edti tudom\u00e1nyos integrit\u00e1s\u00e1t, mik\u00f6zben elismeri a szerz\u0151k eredeti \u00e9s \u00e9rt\u00e9kes hozz\u00e1j\u00e1rul\u00e1s\u00e1t a t\u00e9m\u00e1hoz.<\/p>\n\n\n\n<p>A sok id\u00e9zettel, jegyzettel \u00e9s v\u00e1zlattal val\u00f3 munka gyorsan rendetlenn\u00e9 v\u00e1lhat.<\/p>\n\n\n\n<p>Kimutathatatlan mesters\u00e9ges intelligenci\u00e1nk <strong><a href=\"https:\/\/undetectable.ai\/bulk-scan\" target=\"_blank\" rel=\"noopener\">T\u00f6meges AI tartalom beolvas\u00e1sa<\/a><\/strong> seg\u00edt egyszerre t\u00f6bb sz\u00f6vegr\u00e9szlet \u00e1ttekint\u00e9s\u00e9ben, hogy kisz\u0171rje a t\u00fal szintetikusnak t\u0171n\u0151 \u00edr\u00e1sokat, \u00e9s hogy az elemz\u00e9s k\u00f6vetkezetes maradjon.<\/p>\n\n\n<div class=\"wp-block-image\">\n<figure class=\"aligncenter size-large\"><img decoding=\"async\" src=\"https:\/\/undetectable.ai/blog\/wp-content\/uploads\/2025\/09\/Bulk-Scan-Tool-Log-Account-1024x690.jpeg\" alt=\"Bulk Scan AI Content Detector fel\u00fclet k\u00e9perny\u0151k\u00e9p a bejelentkez\u00e9s a fi\u00f3kj\u00e1ba opci\u00f3val.\" class=\"wp-image-14442\" title=\"\"><\/figure><\/div>\n\n\n<p>Egyszerre t\u00f6lts\u00f6n fel t\u00f6bb kivonatot, szakirodalmi \u00e1ttekint\u00e9st vagy csoporttervezetet, \u00e9s kapjon egy\u00e9rtelm\u0171, sz\u00ednk\u00f3dolt eredm\u00e9nyeket, amelyek jelzik a lehets\u00e9ges AI-szer\u0171 mint\u00e1kat, \u00edgy a v\u00e9gleges \u00edr\u00e1s emberi, hiteles \u00e9s az id\u00e9zetekkel \u00f6sszhangban l\u00e9v\u0151 marad.<\/p>\n\n\n\n<h3 class=\"wp-block-heading\">Els\u0151dleges \u00e9s m\u00e1sodlagos forr\u00e1sok integr\u00e1l\u00e1sa egy \u00e1tfog\u00f3 essz\u00e9hez<\/h3>\n\n\n\n<p>A sikeres tudom\u00e1nyos \u00edr\u00e1s szerves r\u00e9sz\u00e9t k\u00e9pezi az els\u0151dleges \u00e9s m\u00e1sodlagos forr\u00e1sok strat\u00e9giai integr\u00e1l\u00e1sa. <\/p>\n\n\n\n<p>Ez a k\u00e9nyes egyens\u00faly az egyik legfontosabb tudom\u00e1nyos \u00edr\u00e1sk\u00e9szs\u00e9g, amelyet el kell saj\u00e1t\u00edtani egy \u00e1tfog\u00f3 \u00e9s meggy\u0151z\u0151 essz\u00e9 elk\u00e9sz\u00edt\u00e9s\u00e9hez. <\/p>\n\n\n\n<p>Az els\u0151dleges \u00e9s a m\u00e1sodlagos forr\u00e1sok egyedi m\u00f3don j\u00e1rulnak hozz\u00e1; az els\u0151dleges forr\u00e1sok k\u00f6zvetlen betekint\u00e9st ny\u00fajtanak az eredeti adatokba vagy az els\u0151 k\u00e9zb\u0151l sz\u00e1rmaz\u00f3 besz\u00e1mol\u00f3kba, m\u00edg a m\u00e1sodlagos forr\u00e1sok kontextust, elemz\u00e9st \u00e9s \u00e9rtelmez\u00e9st ny\u00fajtanak.<\/p>\n\n\n\n<p>A kulcs e k\u00e9t forr\u00e1st\u00edpus hat\u00e9kony \u00f6sszekapcsol\u00e1sa, hogy egy j\u00f3l kutatott \u00e9s hiteles elbesz\u00e9l\u00e9s j\u00f6jj\u00f6n l\u00e9tre. <\/p>\n\n\n\n<p>A forr\u00e1sok integr\u00e1l\u00e1s\u00e1r\u00f3l sz\u00f3l\u00f3 \u00e1tfog\u00f3 \u00fatmutat\u00f3 el\u00e9rhet\u0151 a k\u00f6vetkez\u0151kr\u0151l&nbsp;<a href=\"https:\/\/www.pvcc.edu\/files\/integratingsources.pdf\" target=\"_blank\" rel=\"noreferrer noopener\">itt<\/a>. <\/p>\n\n\n\n<p>Ezeknek a forr\u00e1soknak az okos szint\u00e9zise jelent\u0151sen gazdag\u00edthatja szakdolgozat\u00e1t, biztos\u00edtva, hogy az j\u00f3l al\u00e1t\u00e1masztott, l\u00e9nyeg\u00e9ben anal\u00f3g \u00e9s k\u00fcl\u00f6nb\u00f6z\u0151 n\u00e9z\u0151pontokkal gazdag\u00edtott legyen.<\/p>\n\n\n\n<p>Ne feledje, hogy a v\u00e9gs\u0151 c\u00e9l az els\u0151 k\u00e9zb\u0151l sz\u00e1rmaz\u00f3 besz\u00e1mol\u00f3k \u00e9s a tudom\u00e1nyos komment\u00e1rok harmonikus \u00f6tv\u00f6zete, amelyek kieg\u00e9sz\u00edtik egym\u00e1st, \u00e9s hozz\u00e1j\u00e1rulnak egy j\u00f3l lekerek\u00edtett, tudom\u00e1nyos szempontb\u00f3l szil\u00e1rd \u00e9rvel\u00e9shez.<\/p>\n\n\n\n<h2 class=\"wp-block-heading\">Tegye emberibb\u00e9 tudom\u00e1nyos essz\u00e9it az Undetectable AI AI Humanizer seg\u00edts\u00e9g\u00e9vel<\/h2>\n\n\n\n<p>Ha term\u00e9szetesebb hangz\u00e1s\u00fa st\u00edlust szeretne el\u00e9rni tudom\u00e1nyos dolgozataiban, a mesters\u00e9ges intelligencia alap\u00fa eszk\u00f6z\u00f6k seg\u00edthetnek. <\/p>\n\n\n\n<p>Az els\u0151dleges forr\u00e1sok kutat\u00e1s\u00e1val egy\u00fctt az \u00edr\u00e1s, amelyik rezon\u00e1l r\u00e1juk, kulcsfontoss\u00e1g\u00fa a hat\u00e9kony tudom\u00e1nyos m\u0171vek el\u0151\u00e1ll\u00edt\u00e1s\u00e1hoz. <\/p>\n\n\n\n<p>Ezek k\u00f6z\u00e9 tartozik az Undetectable AI AI Humanizer, amely emberi elemeket ad az \u00edr\u00e1shoz, \u00edgy jav\u00edtva az olvashat\u00f3s\u00e1got \u00e9s n\u00f6velve az olvas\u00f3k \u00e9rzelmi elk\u00f6telezetts\u00e9g\u00e9t.<\/p>\n\n\n\n<h3 class=\"wp-block-heading\">Az akad\u00e9miai \u00edr\u00e1sbeli teljes\u00edtm\u00e9ny fokoz\u00e1sa technikai eszk\u00f6z\u00f6kkel<\/h3>\n\n\n\n<p>Az \u00e1gazat n\u00f6vekv\u0151 digitaliz\u00e1ci\u00f3j\u00e1val egyre ink\u00e1bb terjednek az olyan technikai eszk\u00f6z\u00f6k, mint p\u00e9ld\u00e1ul a mesters\u00e9ges intelligencia, a tudom\u00e1nyos \u00edr\u00e1s tudom\u00e1nyos teljes\u00edtm\u00e9ny\u00e9nek fokoz\u00e1s\u00e1ra. <\/p>\n\n\n\n<p>A mesters\u00e9ges intelligencia-alap\u00fa \u00edr\u00e1sbeli nyelvi asszisztensek, p\u00e9ld\u00e1ul az Undetectable AI AI Humanizer AI Humanizer seg\u00edts\u00e9g\u00e9vel \u00e1talak\u00edthatja a tudom\u00e1nyos dolgozatokat, \u00edgy azok koherensebb\u00e9, csiszoltabb\u00e1 \u00e9s hat\u00e9konyabban rezon\u00e1l\u00f3v\u00e1 v\u00e1lnak.<\/p>\n\n\n\n<p>Ezek a fejlett technol\u00f3gi\u00e1k t\u00falmutatnak az alapvet\u0151 nyelvtani k\u00e9szs\u00e9gek ellen\u0151rz\u00e9s\u00e9n, \u00e9s olyan funkci\u00f3kat k\u00edn\u00e1lnak, amelyek seg\u00edtenek a struktur\u00e1l\u00e1sban, a komment\u00e1l\u00e1sban, a mondatfolyam jav\u00edt\u00e1s\u00e1ban \u00e9s az \u00e1ltal\u00e1nos olvashat\u00f3s\u00e1g n\u00f6vel\u00e9s\u00e9ben. <\/p>\n\n\n\n<p>Ezek a mesters\u00e9ges intelligencia eszk\u00f6z\u00f6k nem csak az \u00edr\u00f3i st\u00edlust gazdag\u00edtj\u00e1k, hanem seg\u00edtenek az id\u0151 hat\u00e9kony beoszt\u00e1s\u00e1ban is, cs\u00f6kkentve a korrekt\u00far\u00e1z\u00e1ssal t\u00f6lt\u00f6tt \u00f3r\u00e1k sz\u00e1m\u00e1t.<\/p>\n\n\n\n<h3 class=\"wp-block-heading\">A fogalmaz\u00e1sok olvashat\u00f3s\u00e1g\u00e1nak jav\u00edt\u00e1sa<\/h3>\n\n\n\n<p>A mesters\u00e9ges intelligencia (AI) kihaszn\u00e1l\u00e1sa forradalmas\u00edthatja az \u00f6sszes cikk\u00e9t, n\u00f6velve az \u00e1ttekinthet\u0151s\u00e9get, el\u0151seg\u00edtve a koherenci\u00e1t \u00e9s az elk\u00f6telezetts\u00e9get. <\/p>\n\n\n\n<p>Ezek olyan algoritmusokat tartalmaznak, amelyek k\u00e9pesek kisz\u00farni az \u00edr\u00e1si olvas\u00e1si szok\u00e1sokat, a nyelvtani hib\u00e1kat \u00e9s az \u00f6sszetett mondatokat, jav\u00edtva az olvashat\u00f3s\u00e1got \u00e9s kik\u00fcsz\u00f6b\u00f6lve a zavaros nyelvezetet.<\/p>\n\n\n\n<p>A fejlett technol\u00f3gi\u00e1val, p\u00e9ld\u00e1ul a mesters\u00e9ges intelligencia-alap\u00fa, algoritmusokat er\u0151s\u00edt\u0151 korrekt\u00faraeszk\u00f6z\u00f6kkel a v\u00e1zlatot egy j\u00f3l \u00e9rthet\u0151 m\u0171v\u00e9 finom\u00edthatja. <\/p>\n\n\n\n<p>\u00cdgy a mesters\u00e9ges intelligenci\u00e1ra t\u00e1maszkodva dr\u00e1maian jav\u00edtja essz\u00e9\u00edr\u00f3i k\u00e9szs\u00e9geit, \u00edgy munk\u00e1ja olvas\u00f3bar\u00e1tabb\u00e1 v\u00e1lik.<\/p>\n\n\n\n<p>Azt is tudja ir\u00e1ny\u00edtani, hogy haszn\u00e1lja a megfelel\u0151 kutat\u00e1s \u00e9s a nyelv megfelel\u0151 keret er\u0151teljes t\u00e9zis elk\u00e9sz\u00edtett nyilatkozatok \u00e9s gener\u00e1lni szil\u00e1rd tudom\u00e1nyos diskurzus.<\/p>\n\n\n\n<h3 class=\"wp-block-heading\">A mesters\u00e9ges intelligencia szerepe az emberi \u00e9rint\u00e9s hozz\u00e1ad\u00e1s\u00e1ban<\/h3>\n\n\n\n<p>A tudom\u00e1nyos \u00edr\u00e1s alapjainak elsaj\u00e1t\u00edt\u00e1sa a fejlett technol\u00f3gi\u00e1k, p\u00e9ld\u00e1ul a mesters\u00e9ges intelligencia (AI) alkalmaz\u00e1sa mellett jelent\u0151s el\u0151ny\u00f6kkel j\u00e1r - az egyik ilyen el\u0151ny a tartalom szem\u00e9lyes jellege. <\/p>\n\n\n\n<p>Ezek az intelligens eszk\u00f6z\u00f6k k\u00e9pesek \u00e9rtelmezni az els\u0151dleges forr\u00e1sokat, \u00e9s olyan tartalmat k\u00e9sz\u00edteni, amely jobban megfelel az emberi kommunik\u00e1ci\u00f3s st\u00edlusoknak, \u00edgy a tudom\u00e1nyos kiadv\u00e1nyok a szakmais\u00e1g \u00e9s az \u00e1t\u00e9lhet\u0151s\u00e9g egyed\u00fcl\u00e1ll\u00f3 kever\u00e9k\u00e9t ny\u00fajtj\u00e1k.<\/p>\n\n\n<div class=\"wp-block-image\">\n<figure class=\"aligncenter size-large\"><img loading=\"lazy\" decoding=\"async\" width=\"1024\" height=\"636\" src=\"https:\/\/undetectable.ai/blog\/wp-content\/uploads\/2025\/05\/AI-Detector-and-AI-Checker-1024x636.jpg\" alt=\"Az Undetectable AI fejlett AI detektora \u00e9s AI Checkerje\" class=\"wp-image-9386\" title=\"\" srcset=\"https:\/\/undetectable.ai/blog\/wp-content\/uploads\/2025\/05\/AI-Detector-and-AI-Checker-1024x636.jpg 1024w, https:\/\/undetectable.ai/blog\/wp-content\/uploads\/2025\/05\/AI-Detector-and-AI-Checker-300x186.jpg 300w, https:\/\/undetectable.ai/blog\/wp-content\/uploads\/2025\/05\/AI-Detector-and-AI-Checker-768x477.jpg 768w, https:\/\/undetectable.ai/blog\/wp-content\/uploads\/2025\/05\/AI-Detector-and-AI-Checker-18x12.jpg 18w, https:\/\/undetectable.ai/blog\/wp-content\/uploads\/2025\/05\/AI-Detector-and-AI-Checker.jpg 1035w\" sizes=\"auto, (max-width: 1024px) 100vw, 1024px\" \/><\/figure><\/div>\n\n\n<p>A mai mesters\u00e9ges intelligencia \u00edr\u00f3 \u00e9s tanul\u00f3 eszk\u00f6z\u00f6k, mint p\u00e9ld\u00e1ul a <strong>Kimutathatatlan mesters\u00e9ges intelligencia <a href=\"https:\/\/undetectable.ai\/detector-humanizer\" data-type=\"link\" data-id=\"https:\/\/undetectable.ai\/detector-humanizer\" target=\"_blank\" rel=\"noreferrer noopener\">AI Detector \u00e9s Humanizer<\/a><\/strong>, \u00fagy tervezt\u00e9k, hogy el\u0151sz\u00f6r felismerje a mesters\u00e9ges intelligencia \u00e1ltal gener\u00e1lt sz\u00f6veget, majd term\u00e9szetes, vonz\u00f3 tartalomm\u00e1 alak\u00edtsa \u00e1t, amely jobban kapcsol\u00f3dik az olvas\u00f3khoz.<\/p>\n\n\n\n<p>A mesters\u00e9ges intelligencia oktat\u00e1si c\u00e9l\u00fa \u00edr\u00e1sokban val\u00f3 felhaszn\u00e1l\u00e1s\u00e1val forradalmas\u00edtja a t\u00f6rt\u00e9netmes\u00e9l\u00e9si st\u00edlust, m\u00e9lyebb olvas\u00f3i elk\u00f6telezetts\u00e9get seg\u00edt el\u0151, \u00e9s hitelesebb, term\u00e9szetesebb \u00e9rzetet ad a tartalomnak.<\/p>\n\n\n\n<h3 class=\"wp-block-heading\">Az olvas\u00f3i elk\u00f6telezetts\u00e9g n\u00f6vel\u00e9se mesters\u00e9ges intelligencia eszk\u00f6z\u00f6kkel<\/h3>\n\n\n\n<p>A mesters\u00e9ges intelligencia (AI) eszk\u00f6zeinek szerepe a tudom\u00e1nyos \u00edr\u00e1s folyamataiban exponenci\u00e1lisan n\u00f6vekszik. <\/p>\n\n\n\n<p>Az \u00edr\u00e1sm\u00f3dunkat forradalmas\u00edt\u00f3 mesters\u00e9ges intelligencia-eszk\u00f6z\u00f6k seg\u00edthetnek a di\u00e1koknak \u00e9s a kutat\u00f3knak az \u00edr\u00e1sk\u00e9szs\u00e9g\u00fck fejleszt\u00e9s\u00e9ben \u00e9s az olvas\u00f3k elk\u00f6telezetts\u00e9g\u00e9nek fokoz\u00e1s\u00e1ban. <\/p>\n\n\n\n<p>A st\u00edlusra, hangnemre \u00e9s nyelvi vari\u00e1ci\u00f3kra vonatkoz\u00f3 javaslatok r\u00e9v\u00e9n ezek az eszk\u00f6z\u00f6k seg\u00edthetnek olyan tudom\u00e1nyos essz\u00e9t k\u00e9sz\u00edteni, amely nem csak tanuls\u00e1gos, de olvasm\u00e1nyos is.<\/p>\n\n\n\n<p>Az ilyen eszk\u00f6z\u00f6k kritikus szempontja, hogy k\u00e9pesek tanulni \u00e9s alkalmazkodni, folyamatosan jav\u00edtva javaslataikat, hogy igazodjanak az \u00edr\u00f3 egyedi st\u00edlus\u00e1hoz. <\/p>\n\n\n\n<p>A mesters\u00e9ges intelligencia tov\u00e1bb\u00e1 seg\u00edt kik\u00fcsz\u00f6b\u00f6lni az \u00edr\u00f3i blokkot, \u00f6tleteket \u00e9s javaslatokat k\u00edn\u00e1l, amelyek inspir\u00e1lhatj\u00e1k a kreativit\u00e1st \u00e9s jav\u00edthatj\u00e1k a termel\u00e9kenys\u00e9get.<\/p>\n\n\n<div class=\"wp-block-image\">\n<figure class=\"aligncenter size-full\"><img loading=\"lazy\" decoding=\"async\" width=\"640\" height=\"321\" src=\"https:\/\/undetectable.ai/blog\/wp-content\/uploads\/2025\/05\/AI-Humanizer.jpg\" alt=\"Pillanatk\u00e9p az Advanced AI Humanizer-r\u0151l a Undetectable AI eszk\u00f6z fel\u00fclet\u00e9r\u0151l\" class=\"wp-image-9653\" title=\"\" srcset=\"https:\/\/undetectable.ai/blog\/wp-content\/uploads\/2025\/05\/AI-Humanizer.jpg 640w, https:\/\/undetectable.ai/blog\/wp-content\/uploads\/2025\/05\/AI-Humanizer-300x150.jpg 300w, https:\/\/undetectable.ai/blog\/wp-content\/uploads\/2025\/05\/AI-Humanizer-18x9.jpg 18w\" sizes=\"auto, (max-width: 640px) 100vw, 640px\" \/><\/figure><\/div>\n\n\n<p>Az egyik ilyen felbecs\u00fclhetetlen \u00e9rt\u00e9k\u0171 eszk\u00f6z a&nbsp;<a href=\"https:\/\/aicontentfy.com\/en\/blog\/revolutionizing-writing-process-with-ai-tools\" target=\"_blank\" rel=\"noreferrer noopener\">AI Humanizer<\/a>&nbsp;az Undetectable AI-t\u00f3l, amely z\u00f6kken\u0151mentesen humaniz\u00e1lja a sz\u00f6veget, \u00edgy az olvas\u00f3k sz\u00e1m\u00e1ra m\u00e9g k\u00f6zelebbi kapcsolatba hozhat\u00f3v\u00e1 \u00e9s vonz\u00f3bb\u00e1 v\u00e1lik.<\/p>\n\n\n<div class=\"wp-block-image\">\n<figure class=\"aligncenter size-full\"><img loading=\"lazy\" decoding=\"async\" width=\"887\" height=\"401\" src=\"https:\/\/undetectable.ai/blog\/wp-content\/uploads\/2025\/05\/Paraphrasing-tool-01.jpg\" alt=\"K\u00e9perny\u0151k\u00e9p az Undetectable AI parafraz\u00e1l\u00f3 eszk\u00f6z\u00e9nek fel\u00fclet\u00e9r\u0151l\" class=\"wp-image-9021\" title=\"\" srcset=\"https:\/\/undetectable.ai/blog\/wp-content\/uploads\/2025\/05\/Paraphrasing-tool-01.jpg 887w, https:\/\/undetectable.ai/blog\/wp-content\/uploads\/2025\/05\/Paraphrasing-tool-01-300x136.jpg 300w, https:\/\/undetectable.ai/blog\/wp-content\/uploads\/2025\/05\/Paraphrasing-tool-01-768x347.jpg 768w, https:\/\/undetectable.ai/blog\/wp-content\/uploads\/2025\/05\/Paraphrasing-tool-01-18x8.jpg 18w\" sizes=\"auto, (max-width: 887px) 100vw, 887px\" \/><\/figure><\/div>\n\n\n<p>A platform emellett egy <a href=\"https:\/\/undetectable.ai\/paraphrasing-tool\" target=\"_blank\" data-type=\"link\" data-id=\"https:\/\/undetectable.ai\/paraphrasing-tool\" rel=\"noreferrer noopener\">AI Parafraz\u00e1l\u00f3 eszk\u00f6z<\/a>, amely seg\u00edt \u00e1t\u00edrni a tartalmat a jobb \u00e9rthet\u0151s\u00e9g \u00e9s eredetis\u00e9g \u00e9rdek\u00e9ben - ez elengedhetetlen a tudom\u00e1nyos essz\u00e9k finom\u00edt\u00e1s\u00e1hoz.<\/p>\n\n\n<div class=\"wp-block-image\">\n<figure class=\"aligncenter size-full\"><img loading=\"lazy\" decoding=\"async\" width=\"815\" height=\"432\" src=\"https:\/\/undetectable.ai/blog\/wp-content\/uploads\/2025\/04\/AI-Stealth-Writer.jpg\" alt=\"\u00c9szrevehetetlen AI-alap\u00fa lopakod\u00f3 \u00edr\u00f3g\u00e9p\" class=\"wp-image-7574\" title=\"\" srcset=\"https:\/\/undetectable.ai/blog\/wp-content\/uploads\/2025\/04\/AI-Stealth-Writer.jpg 815w, https:\/\/undetectable.ai/blog\/wp-content\/uploads\/2025\/04\/AI-Stealth-Writer-300x159.jpg 300w, https:\/\/undetectable.ai/blog\/wp-content\/uploads\/2025\/04\/AI-Stealth-Writer-768x407.jpg 768w, https:\/\/undetectable.ai/blog\/wp-content\/uploads\/2025\/04\/AI-Stealth-Writer-18x10.jpg 18w\" sizes=\"auto, (max-width: 815px) 100vw, 815px\" \/><\/figure><\/div>\n\n\n<p>Tov\u00e1bb\u00e1, a <a href=\"https:\/\/undetectable.ai\/ai-stealth-writer\" target=\"_blank\" data-type=\"link\" data-id=\"https:\/\/undetectable.ai\/ai-stealth-writer\" rel=\"noreferrer noopener\">AI Stealth Writer<\/a> lehet\u0151v\u00e9 teszi a felhaszn\u00e1l\u00f3k sz\u00e1m\u00e1ra, hogy a semmib\u0151l \u00faj, \u00e9szrevehetetlen tartalmakat hozzanak l\u00e9tre, \u00edgy hat\u00e9kony lehet\u0151s\u00e9g a hiteles munk\u00e1k elk\u00e9sz\u00edt\u00e9s\u00e9hez. <\/p>\n\n\n\n<p>A mesters\u00e9ges intelligencia erej\u00e9nek kihaszn\u00e1l\u00e1sa az \u00edr\u00e1s folyamat\u00e1nak jav\u00edt\u00e1s\u00e1ra \u00e9s felgyors\u00edt\u00e1s\u00e1ra k\u00e9ts\u00e9gtelen\u00fcl \u00faj magass\u00e1gokba emeli tudom\u00e1nyos essz\u00e9it.<\/p>\n\n\n\n<p>Haszn\u00e1ld ki az intelligens eszk\u00f6z\u00f6k erej\u00e9t - az AI Detector \u00e9s Humanizer az al\u00e1bbi widgetben v\u00e1r!<\/p>\n\n\n\n<div id=\"uai-widget\" data-affiliate-link=\"https:\/\/undetectable.ai\/?_by=hi4km\"><script>var js = document.createElement(\"script\");js.async = true;js.src = \"https:\/\/widget.undetectable.ai\/js\/widget-loader.js?t=\"+Date.now();document.getElementsByTagName(\"head\")[0].appendChild(js);<\/script><\/div>\n\n\n\n<h2 class=\"wp-block-heading\">GYIK<\/h2>\n\n\n<div id=\"rank-math-faq\" class=\"rank-math-block\">\n<div class=\"rank-math-list\">\n<div id=\"faq-question-1749484161817\" class=\"rank-math-list-item\">\n<h3 class=\"rank-math-question\">Mik is pontosan az els\u0151dleges forr\u00e1sok?<\/h3>\n<div class=\"rank-math-answer\">\n\n<p>Az els\u0151dleges forr\u00e1sok olyan emberek k\u00f6zvetlen, els\u0151 k\u00e9zb\u0151l sz\u00e1rmaz\u00f3 besz\u00e1mol\u00f3i, akiknek k\u00f6zvetlen kapcsolatuk volt vele.<\/p>\n<p>\u00dagy tekintik, hogy az anyagok nyers t\u00f6rt\u00e9nelem \u00e9s az eredeti feljegyz\u00e9sek l\u00e9tre, mint az esem\u00e9nyek t\u00f6rt\u00e9nelmi t\u00f6rt\u00e9nt, vagy j\u00f3val az esem\u00e9nyek ut\u00e1n az esem\u00e9nyek az el\u0151z\u0151 memo\u00e1rok sz\u00f3beli t\u00f6rt\u00e9netek \u00e9s \u00f6n\u00e9letrajzok.<\/p>\n\n<\/div>\n<\/div>\n<div id=\"faq-question-1749484174333\" class=\"rank-math-list-item\">\n<h3 class=\"rank-math-question\">Mi\u00e9rt fontosak az els\u0151dleges forr\u00e1sok?<\/h3>\n<div class=\"rank-math-answer\">\n\n<p>A k\u00fcls\u0151 forr\u00e1sok az\u00e9rt fontosak, mert k\u00f6zvetlen betekint\u00e9st ny\u00fajtanak a t\u00e9m\u00e1ba. <\/p>\n<p>A m\u00e1sodlagos forr\u00e1sok viszont fokozhatj\u00e1k az \u00e9lm\u00e9nyt, mivel lehet\u0151v\u00e9 teszik a r\u00e9sztvev\u0151k sz\u00e1m\u00e1ra, hogy m\u00e9lyebben foglalkozzanak azzal, amit tanulm\u00e1nyoznak.<\/p>\n<p>Ezek az \u00e9let k\u00fcl\u00f6nb\u00f6z\u0151 aspektusaiba engednek betekint\u00e9st, amelyeket a m\u00e1sodlagos forr\u00e1sok nem tartalmaznak.<\/p>\n\n<\/div>\n<\/div>\n<div id=\"faq-question-1749484231214\" class=\"rank-math-list-item\">\n<h3 class=\"rank-math-question\">Mik a p\u00e9ld\u00e1k az els\u0151dleges forr\u00e1sokra?<\/h3>\n<div class=\"rank-math-answer\">\n\n<p>Az els\u0151dleges forr\u00e1sok lehetnek szem\u00e9lyes levelek, csal\u00e1di napl\u00f3k, hivatalos dokumentumok, hivatalos besz\u00e9dek \u00e9s interj\u00fak, valamint m\u0171v\u00e9szeti alkot\u00e1sok, n\u00e9pzene, f\u00e9nyk\u00e9pek \u00e9s szobrok.<\/p>\n<p>A tudom\u00e1nyos foly\u00f3iratokban k\u00f6zz\u00e9tett kutat\u00e1si referenciadokumentumokat is tartalmaznak, amelyek az alapul szolg\u00e1l\u00f3 tudom\u00e1nyos kutat\u00e1s els\u0151dleges forr\u00e1sai.<\/p>\n\n<\/div>\n<\/div>\n<div id=\"faq-question-1749484295085\" class=\"rank-math-list-item\">\n<h3 class=\"rank-math-question\">Hogyan tal\u00e1lhatok els\u0151dleges forr\u00e1sokat a kutat\u00e1somhoz?<\/h3>\n<div class=\"rank-math-answer\">\n\n<p>Az els\u0151dleges forr\u00e1sok meg\u00edr\u00e1sa az \u00d6n t\u00e9m\u00e1j\u00e1t\u00f3l f\u00fcgg. Az orvosbiol\u00f3giai kutat\u00e1sban a tudom\u00e1nyos foly\u00f3irat ed adatb\u00e1zisok gyakran az els\u0151 meg\u00e1ll\u00f3.<\/p>\n<p>A t\u00f6rt\u00e9nelmi kutat\u00e1sok sor\u00e1n a tudom\u00e1nyos k\u00f6nyvt\u00e1rak, a t\u00f6rt\u00e9nelmi lev\u00e9lt\u00e1rak, a t\u00f6rt\u00e9nelmi m\u00fazeumok \u00e9s a t\u00f6rt\u00e9nelmi t\u00e1rsas\u00e1gok nagyszer\u0171 helyek lehetnek az els\u0151dleges anyagok megtal\u00e1l\u00e1s\u00e1ra.<\/p>\n<p>Tov\u00e1bb\u00e1 egyre t\u00f6bb els\u0151dleges forr\u00e1st digitaliz\u00e1lnak, \u00e9s ezek itt megtal\u00e1lhat\u00f3k.<\/p>\n\n<\/div>\n<\/div>\n<div id=\"faq-question-1749484340200\" class=\"rank-math-list-item\">\n<h3 class=\"rank-math-question\">Hogyan \u00e1llap\u00edthatom meg, hogy egy forr\u00e1s els\u0151dleges vagy m\u00e1sodlagos?<\/h3>\n<div class=\"rank-math-answer\">\n\n<p>T\u00f6rt\u00e9nelmi szempontb\u00f3l a forr\u00e1s els\u0151dlegesen egy eredeti m\u0171, nem pedig valaminek az \u00e9rtelmez\u00e9se.<\/p>\n<p>M\u00e1sr\u00e9szt a m\u00e1sodlagos forr\u00e1sok elemzik, szisztematikusan \u00e9rtelmezik, vizsg\u00e1lj\u00e1k vagy \u00f6sszefoglalj\u00e1k az els\u0151dleges forr\u00e1sok sz\u00f6vegeit.<\/p>\n<p>Ha valamir\u0151l k\u00f6zvetlen empirikus bizony\u00edt\u00e9kot szolg\u00e1ltat, az els\u0151dleges forr\u00e1snak sz\u00e1m\u00edt.<\/p>\n<p>\u00cdgy p\u00e9ld\u00e1ul egy \u00faj eredm\u00e9nyeket bemutat\u00f3 k\u00e9zirat els\u0151dleges forr\u00e1snak sz\u00e1m\u00edt, m\u00edg egy m\u00e1s kutat\u00f3k munk\u00e1j\u00e1t \u00e9rtelmez\u0151 tanulm\u00e1ny m\u00e1sodlagos forr\u00e1snak.<\/p>\n\n<\/div>\n<\/div>\n<div id=\"faq-question-1749484393844\" class=\"rank-math-list-item\">\n<h3 class=\"rank-math-question\">Hogyan teheti emberibb\u00e9 a tudom\u00e1nyos essz\u00e9imet az Undetectable AI AI Humanizer?<\/h3>\n<div class=\"rank-math-answer\">\n\n<p>Az Undetectable AI AI Humanizer az\u00e9rt k\u00e9sz\u00fclt, hogy szem\u00e9lyes jelleget k\u00f6lcs\u00f6n\u00f6zz\u00f6n az \u00edr\u00e1snak. Intuit\u00edv m\u00f3don meg\u00e9rti az eg\u00e9sz term\u00e9szetet, \u00edgy term\u00e9szetesebb hangot ad.<\/p>\n<p>Mesters\u00e9ges intelligenci\u00e1t haszn\u00e1l, hogy a sz\u00f6veget \u00fagy olvassa, mintha olvasn\u00e1, jav\u00edtva az olvashat\u00f3s\u00e1got.<\/p>\n<p>Ez\u00e1ltal az \u00edr\u00e1sod jobban kiemelkedik, jobban bevonja a k\u00f6z\u00f6ns\u00e9get, \u00e9s jobb olvas\u00e1si \u00e9lm\u00e9nyt ny\u00fajt.<\/p>\n\n<\/div>\n<\/div>\n<div id=\"faq-question-1749484442834\" class=\"rank-math-list-item\">\n<h3 class=\"rank-math-question\">Milyen t\u00edpus\u00fa \u00edr\u00e1sok jav\u00edthat\u00f3k az Undetectable AI Humanizerrel?<\/h3>\n<div class=\"rank-math-answer\">\n\n<p>Szinte b\u00e1rmilyen sz\u00f6veg jav\u00edthat\u00f3 az Undetectable AI AI Humanizer seg\u00edts\u00e9g\u00e9vel.<\/p>\n<p>Haszn\u00e1lhat\u00f3 arra, hogy a sz\u00f6veg emberibbnek t\u0171nj\u00f6n az\u00e1ltal, hogy hozz\u00e1ad n\u00e9h\u00e1ny nyelvi term\u00e9szetes \u00e1rnyalatot, amelyet egyszer\u0171en csak be\u00edrva nem tudna megragadni.<\/p>\n<p>Tartalmaz tudom\u00e1nyos kutat\u00e1sokat, tanulm\u00e1nyokat, el\u0151ad\u00e1sokat, kutat\u00e1si jelent\u00e9seket \u00e9s cikkeket.<\/p>\n<p>Ez seg\u00edthet abban, hogy tudom\u00e1nyos eredm\u00e9nyeit olyan form\u00e1tumban k\u00f6z\u00f6lje, amely az olvas\u00f3k sz\u00e1m\u00e1ra vonz\u00f3bbnak t\u0171nik.<\/p>\n\n<\/div>\n<\/div>\n<div id=\"faq-question-1749484499985\" class=\"rank-math-list-item\">\n<h3 class=\"rank-math-question\">Pl\u00e1giumnak sz\u00e1m\u00edt-e egy olyan AI eszk\u00f6z haszn\u00e1lata, mint az Undetectable AI AI's AI Humanizer?<\/h3>\n<div class=\"rank-math-answer\">\n\n<p>Nem haszn\u00e1l Az Undetectable AI AI Humanizer AI Humanizer nem gondolkodik pl\u00e1giumon.<\/p>\n<p>Egyszer\u0171en csak egy szem\u00e9lyes hangot ad a saj\u00e1t munk\u00e1j\u00e1hoz, ami az el\u0151re felvett tartalmak term\u00e9szetesebb hangz\u00e1s\u00e1t fokozza.<\/p>\n<p>A Reddit nem hoz l\u00e9tre saj\u00e1t tartalmakat, \u00e9s nem haszn\u00e1l fel m\u00e1r megl\u00e9v\u0151 tartalmakat.<\/p>\n<p>Mindig eml\u00e9kezzen arra, hogy az AI Humanizer munk\u00e1j\u00e1hoz haszn\u00e1lt adatoknak eredetieknek kell lenni\u00fck.<\/p>\n\n<\/div>\n<\/div>\n<\/div>\n<\/div>\n\n\n<h2 class=\"wp-block-heading\">K\u00f6vetkeztet\u00e9s<\/h2>\n\n\n\n<p>A m\u00e1sodlagos forr\u00e1sok n\u00e9lk\u00fcl\u00f6zhetetlenek a hiteles, j\u00f3l megalapozott kutat\u00e1shoz, de a j\u00f3l megv\u00e1lasztott els\u0151dleges forr\u00e1sokkal val\u00f3 p\u00e1ros\u00edt\u00e1suk a k\u00f6vetkez\u0151 szintre emeli a tudom\u00e1nyos \u00edr\u00e1st.<\/p>\n\n\n\n<p>\u00c9s ha a kutat\u00e1s m\u00e1r befejez\u0151d\u00f6tt, az is ugyanolyan fontos, hogy hogyan mutatja be azt.<\/p>\n\n\n\n<p>Haszn\u00e1lja az Undetectable AI Humanizer programj\u00e1t, hogy csiszolja a munk\u00e1j\u00e1t, \u00e9s term\u00e9szetes, vil\u00e1gos \u00e9s vonz\u00f3 hangz\u00e1st adjon - an\u00e9lk\u00fcl, hogy v\u00f6r\u00f6s z\u00e1szl\u00f3t vetne fel.<\/p>\n\n\n\n<p>Emelje az \u00edr\u00e1s\u00e1t. Ny\u0171g\u00f6zze le olvas\u00f3it. <strong>Pr\u00f3b\u00e1lja ki a  c\u00edmet. <a href=\"https:\/\/undetectable.ai\/\" target=\"_blank\" data-type=\"link\" data-id=\"https:\/\/undetectable.ai\/\" rel=\"noreferrer noopener\">Kimutathatatlan AI<\/a> ma.<\/strong><\/p>","protected":false},"excerpt":{"rendered":"","protected":false},"author":15,"featured_media":10099,"comment_status":"open","ping_status":"open","sticky":false,"template":"","format":"standard","meta":{"_themeisle_gutenberg_block_has_review":false,"footnotes":""},"categories":[31],"tags":[],"class_list":["post-2367","post","type-post","status-publish","format-standard","has-post-thumbnail","hentry","category-helpful-ai-content-tips"],"_links":{"self":[{"href":"https:\/\/undetectable.ai/blog\/hu\/wp-json\/wp\/v2\/posts\/2367","targetHints":{"allow":["GET"]}}],"collection":[{"href":"https:\/\/undetectable.ai/blog\/hu\/wp-json\/wp\/v2\/posts"}],"about":[{"href":"https:\/\/undetectable.ai/blog\/hu\/wp-json\/wp\/v2\/types\/post"}],"author":[{"embeddable":true,"href":"https:\/\/undetectable.ai/blog\/hu\/wp-json\/wp\/v2\/users\/15"}],"replies":[{"embeddable":true,"href":"https:\/\/undetectable.ai/blog\/hu\/wp-json\/wp\/v2\/comments?post=2367"}],"version-history":[{"count":23,"href":"https:\/\/undetectable.ai/blog\/hu\/wp-json\/wp\/v2\/posts\/2367\/revisions"}],"predecessor-version":[{"id":16299,"href":"https:\/\/undetectable.ai/blog\/hu\/wp-json\/wp\/v2\/posts\/2367\/revisions\/16299"}],"wp:featuredmedia":[{"embeddable":true,"href":"https:\/\/undetectable.ai/blog\/hu\/wp-json\/wp\/v2\/media\/10099"}],"wp:attachment":[{"href":"https:\/\/undetectable.ai/blog\/hu\/wp-json\/wp\/v2\/media?parent=2367"}],"wp:term":[{"taxonomy":"category","embeddable":true,"href":"https:\/\/undetectable.ai/blog\/hu\/wp-json\/wp\/v2\/categories?post=2367"},{"taxonomy":"post_tag","embeddable":true,"href":"https:\/\/undetectable.ai/blog\/hu\/wp-json\/wp\/v2\/tags?post=2367"}],"curies":[{"name":"wp","href":"https:\/\/api.w.org\/{rel}","templated":true}]}}