{"id":3658,"date":"2025-09-21T14:13:00","date_gmt":"2025-09-21T14:13:00","guid":{"rendered":"https:\/\/undetectable.ai/blog\/?p=3658"},"modified":"2025-09-29T14:00:07","modified_gmt":"2025-09-29T14:00:07","slug":"a-plagium-kovetkezmenyei","status":"publish","type":"post","link":"https:\/\/undetectable.ai/blog\/hu\/a-plagium-kovetkezmenyei\/","title":{"rendered":"Milyen k\u00f6vetkezm\u00e9nyei vannak a pl\u00e1giumnak? (\u00d3vakodj \u00e9s ker\u00fcld el)"},"content":{"rendered":"<p>Ha valaki m\u00e1s \u00f6tleteit, szavait vagy ak\u00e1r koncepci\u00f3it haszn\u00e1lja fel an\u00e9lk\u00fcl, hogy ezt megfelel\u0151en elismern\u00e9, akkor pl\u00e1giumot k\u00f6vet el.<\/p>\n\n\n\n<p>Ak\u00e1r n\u00e9h\u00e1ny mondatot m\u00e1sol le a Wikip\u00e9di\u00e1r\u00f3l, ak\u00e1r egy eg\u00e9sz foly\u00f3iratcikket pr\u00f3b\u00e1l saj\u00e1t munk\u00e1j\u00e1nak kiadni, a pl\u00e1gium k\u00f6vetkezm\u00e9nyei gyakran messzemen\u0151ek \u00e9s igen s\u00falyosak.<\/p>\n\n\n\n<p>A pl\u00e1gium, ak\u00e1r sz\u00e1nd\u00e9kos, ak\u00e1r nem, nem csak a h\u00edrnev\u00e9t \u00e9s karrierj\u00e9t ronthatja, hanem az akad\u00e9miai int\u00e9zm\u00e9nyeken bel\u00fcl is al\u00e1\u00e1shatja az egym\u00e1s k\u00f6z\u00f6tti bizalmat.<\/p>\n\n\n\n<p>Ez\u00e9rt fontos besz\u00e9lget\u00e9st kell folytatni a pl\u00e1gium k\u00f6vetkezm\u00e9nyeir\u0151l, k\u00fcl\u00f6n\u00f6sen a szakemberek eset\u00e9ben.<\/p>\n\n\n\n<hr class=\"wp-block-separator has-alpha-channel-opacity\"\/>\n\n\n\n<p class=\"has-text-align-center\"><strong>A legfontosabb tudnival\u00f3k:<\/strong><\/p>\n\n\n\n<ul class=\"wp-block-list\">\n<li>A pl\u00e1giumnak s\u00falyos tudom\u00e1nyos, szakmai \u00e9s szem\u00e9lyes k\u00f6vetkezm\u00e9nyei vannak.<\/li>\n<\/ul>\n\n\n\n<p><\/p>\n\n\n\n<ul class=\"wp-block-list\">\n<li>A di\u00e1kok a buk\u00e1st, a felf\u00fcggeszt\u00e9st vagy ak\u00e1r a kiz\u00e1r\u00e1st kock\u00e1ztatj\u00e1k.<\/li>\n<\/ul>\n\n\n\n<p><\/p>\n\n\n\n<ul class=\"wp-block-list\">\n<li>A munkahelyen a pl\u00e1gium munkahely elveszt\u00e9s\u00e9hez, peres elj\u00e1r\u00e1sokhoz vagy a j\u00f3 h\u00edrn\u00e9v roml\u00e1s\u00e1hoz vezethet.<\/li>\n<\/ul>\n\n\n\n<p><\/p>\n\n\n\n<ul class=\"wp-block-list\">\n<li>A jogi kock\u00e1zatok k\u00f6z\u00e9 tartozik a szerz\u0151i jogok megs\u00e9rt\u00e9se \u00e9s a lehets\u00e9ges b\u00edr\u00f3s\u00e1gi elj\u00e1r\u00e1sok.<\/li>\n<\/ul>\n\n\n\n<p><\/p>\n\n\n\n<ul class=\"wp-block-list\">\n<li>Az olyan eszk\u00f6z\u00f6k, mint a <strong>Kimutathatatlan AI<\/strong> seg\u00edt elker\u00fclni a pl\u00e1giumot id\u00e9z\u00e9si, felismer\u00e9si \u00e9s humaniz\u00e1l\u00e1si funkci\u00f3kkal.<\/li>\n<\/ul>\n\n\n\n<p><\/p>\n\n\n\n<hr class=\"wp-block-separator has-alpha-channel-opacity\"\/>\n\n\n\n<h2 class=\"wp-block-heading\"><a id=\"post-3658-_1vpem3mquu3x\"><\/a>Milyen k\u00f6vetkezm\u00e9nyei vannak a pl\u00e1giumnak?<\/h2>\n\n\n\n<p>T\u00f6bb mint egy <em>akad\u00e9miai bakl\u00f6v\u00e9s<\/em>, a plagiz\u00e1l\u00e1son val\u00f3 rajtakap\u00e1s s\u00falyos b\u00fcntet\u00e9sekkel j\u00e1r, amelyek messze t\u00falmutatnak a h\u00edrnev\u00e9n.<\/p>\n\n\n\n<p>Sajnos a pl\u00e1gium gyakran m\u00e1r kor\u00e1n elkezd\u0151dik, \u00e9s miel\u0151tt m\u00e9g nem l\u00e9teztek robusztus felismer\u0151 eszk\u00f6z\u00f6k, sok di\u00e1k teljesen elker\u00fclte a k\u00f6vetkezm\u00e9nyeket.<\/p>\n\n\n\n<p>Az Academic Integrity szervezet szerint az egyetemi hallgat\u00f3k mintegy 60%-je szabadon elismeri, hogy valamilyen form\u00e1ban csal.<\/p>\n\n\n\n<p>A legfrissebb adatok azt mutatj\u00e1k, hogy ezek a sz\u00e1mok stabilak, s\u0151t emelkednek. P\u00e9ld\u00e1ul n\u00e9h\u00e1ny 2025-\u00f6s jelent\u00e9s szerint k\u00f6zel <a href=\"https:\/\/www.meazurelearning.com\/resources\/by-the-numbers-academic-integrity-in-higher-education\" target=\"_blank\" data-type=\"link\" data-id=\"https:\/\/www.meazurelearning.com\/resources\/by-the-numbers-academic-integrity-in-higher-education\" rel=\"noreferrer noopener\">65% a hallgat\u00f3k k\u00f6z\u00fcl elismeri, hogy kor\u00e1bban v\u00e9tett a tanulm\u00e1nyi tisztess\u00e9gtelens\u00e9g ellen<\/a>.<\/p>\n\n\n\n<p>Ami a f\u0151iskol\u00e1n kezd\u0151dik, az t\u00fal gyakran a karrierbe is beleker\u00fcl. Mindenki sz\u00e1m\u00e1ra, aki valaha is r\u00e1kattintott a \"copy-paste\"-re, alapvet\u0151 fontoss\u00e1g\u00fa, hogy meg\u00e9rtse a pl\u00e1gium tudom\u00e1nyos, szakmai \u00e9s etikai k\u00f6vetkezm\u00e9nyeit.<\/p>\n\n\n\n<h3 class=\"wp-block-heading\"><a id=\"post-3658-_25lewqnlf4p\"><\/a>A f\u0151iskolai pl\u00e1gium k\u00f6vetkezm\u00e9nyei<\/h3>\n\n\n\n<p>A f\u0151iskolai pl\u00e1gium nemcsak a tudom\u00e1nyos integrit\u00e1s megs\u00e9rt\u00e9se, hanem l\u00e9nyeg\u00e9ben a saj\u00e1t tudom\u00e1nyos \u00e9s szellemi fejl\u0151d\u00e9sedb\u0151l is kicsalhatod magad.<\/p>\n\n\n\n<p>Az akad\u00e9miai int\u00e9zm\u00e9nyek szigor\u00fa ir\u00e1nyelvekkel rendelkeznek, \u00e9s \u00e1ltal\u00e1ban olyan \u00e9szlel\u0151 platformokat alkalmaznak, amelyek gyorsan \u00e9s pontosan k\u00e9pesek felismerni m\u00e9g a <a href=\"https:\/\/undetectable.ai\/blog\/types-of-plagiarism\/\" target=\"_blank\" rel=\"noreferrer noopener\">a pl\u00e1gium k\u00f6nny\u0171 form\u00e1i<\/a>.<\/p>\n\n\n\n<p>Ha b\u0171n\u00f6snek tal\u00e1lj\u00e1k, a di\u00e1kokat megbuktat\u00e1ssal, felf\u00fcggeszt\u00e9ssel, vagy - a legrosszabb esetben vagy ism\u00e9telt elk\u00f6vet\u00e9s eset\u00e9n - eltilt\u00e1ssal s\u00fajthatj\u00e1k.<\/p>\n\n\n\n<p>Kider\u00fclt, hogy a f\u0151iskolai pl\u00e1gium is lehet <a href=\"https:\/\/edintegrity.biomedcentral.com\/articles\/10.1007\/s40979-024-00178-z\" target=\"_blank\" data-type=\"link\" data-id=\"https:\/\/edintegrity.biomedcentral.com\/articles\/10.1007\/s40979-024-00178-z\" rel=\"noreferrer noopener\">visszaj\u00f6n k\u00eds\u00e9rteni t\u00e9ged<\/a>.<\/p>\n\n\n\n<p>Claudine Gay pl\u00e1giumv\u00e1djai, bele\u00e9rtve kor\u00e1bbi tudom\u00e1nyos munk\u00e1k felhaszn\u00e1l\u00e1s\u00e1t is, j\u00f3l p\u00e9ld\u00e1zz\u00e1k, hogy a tudom\u00e1nyos vissza\u00e9l\u00e9sek hogyan k\u00f6vethetik az embert a szakmai \u00e9letben.<\/p>\n\n\n\n<h3 class=\"wp-block-heading\"><a id=\"post-3658-_74bl921indpw\"><\/a>A munkahelyi pl\u00e1gium k\u00f6vetkezm\u00e9nyei<\/h3>\n\n\n\n<p>A munkahelyeken, k\u00fcl\u00f6n\u00f6sen a STEM ter\u00fcleteken, a pl\u00e1gium k\u00f6vetkezm\u00e9nyei nem csak egy pofon \u00e9s egy hossz\u00fa elmarasztal\u00e1s.<\/p>\n\n\n\n<p>Ezek olyan s\u00falyosak lehetnek, mint a j\u00f6vedelem \u00e9s a h\u00edrn\u00e9v elveszt\u00e9se.<\/p>\n\n\n\n<p>Amikor az alkalmazottak egym\u00e1st\u00f3l m\u00e1solnak munk\u00e1t, cikkeket vagy ak\u00e1r k\u00f3dot \u00e9s szkripteket, az al\u00e1\u00e1ssa a bizalmat mind a munkav\u00e1llal\u00f3, mind a v\u00e1llalat ir\u00e1nt, amelynek dolgozik.<\/p>\n\n\n\n<p>A munkahelyi pl\u00e1gium k\u00f6vetkezm\u00e9nyek\u00e9nt a munkahelyi plagiz\u00e1l\u00e1s gyakran b\u00edr\u00f3s\u00e1gi \u00fcgyeket, s\u0151t b\u00fcntet\u0151elj\u00e1r\u00e1st is eredm\u00e9nyezhet.<\/p>\n\n\n\n<p>\u00c9rdekes m\u00f3don nem csak a cikkek vagy a k\u00f3dok tekinthet\u0151k munkahelyi pl\u00e1giumnak.<\/p>\n\n\n\n<p>A v\u00e1llalati pl\u00e1gium h\u00edrhedt esete, hogy a Microsoftot azzal v\u00e1dolt\u00e1k, hogy <a href=\"https:\/\/www.plagiarismtoday.com\/2024\/04\/25\/is-arial-a-plagiarism-of-helvetica\/\" target=\"_blank\" rel=\"noreferrer noopener\">az Arial bet\u0171k\u00e9szlet plagiz\u00e1l\u00e1sa<\/a> a Helvetica bet\u0171t\u00edpusb\u00f3l.<\/p>\n\n\n\n<figure class=\"wp-block-image size-large\"><img loading=\"lazy\" decoding=\"async\" width=\"1024\" height=\"259\" src=\"https:\/\/undetectable.ai/blog\/wp-content\/uploads\/2024\/06\/Microsoft-has-been-accused-of-plagiarizing-the-Arial-typeset-from-the-Helvetica-font-e1719790394408-1024x259.jpg\" alt=\"Arial bet\u0171t\u00edpus \u00f6sszehasonl\u00edt\u00e1sa a Helvetica bet\u0171t\u00edpussal\" class=\"wp-image-3661\" title=\"\" srcset=\"https:\/\/undetectable.ai/blog\/wp-content\/uploads\/2024\/06\/Microsoft-has-been-accused-of-plagiarizing-the-Arial-typeset-from-the-Helvetica-font-e1719790394408-1024x259.jpg 1024w, https:\/\/undetectable.ai/blog\/wp-content\/uploads\/2024\/06\/Microsoft-has-been-accused-of-plagiarizing-the-Arial-typeset-from-the-Helvetica-font-e1719790394408-300x76.jpg 300w, https:\/\/undetectable.ai/blog\/wp-content\/uploads\/2024\/06\/Microsoft-has-been-accused-of-plagiarizing-the-Arial-typeset-from-the-Helvetica-font-e1719790394408-768x195.jpg 768w, https:\/\/undetectable.ai/blog\/wp-content\/uploads\/2024\/06\/Microsoft-has-been-accused-of-plagiarizing-the-Arial-typeset-from-the-Helvetica-font-e1719790394408-18x5.jpg 18w, https:\/\/undetectable.ai/blog\/wp-content\/uploads\/2024\/06\/Microsoft-has-been-accused-of-plagiarizing-the-Arial-typeset-from-the-Helvetica-font-e1719790394408.jpg 1200w\" sizes=\"auto, (max-width: 1024px) 100vw, 1024px\" \/><\/figure>\n\n\n\n<p>Ez m\u00e1r j\u00f3 ideje vita t\u00e1rgy\u00e1t k\u00e9pezi, \u00e9s \u00d6nre b\u00edzzuk annak eld\u00f6nt\u00e9s\u00e9t, hogy a Microsoft val\u00f3ban a Helvetica plagiz\u00e1lt-e vagy sem.<\/p>\n\n\n\n<h3 class=\"wp-block-heading\"><a id=\"post-3658-_v6ujmzypytb1\"><\/a>A <strong>A pl\u00e1gium szem\u00e9lyes k\u00f6vetkezm\u00e9nyei<\/strong><\/h3>\n\n\n\n<p>Ha plagiz\u00e1l\u00e1son kapnak, ak\u00e1r a munkahelyen, ak\u00e1r a f\u0151iskol\u00e1n, hogyan befoly\u00e1solhatja ez a j\u00f6v\u0151det?<\/p>\n\n\n\n<p>Sajnos a pl\u00e1giumot olyan komolyan veszik tudom\u00e1nyos \u00e9s szakmai k\u00f6r\u00f6kben, hogy a v\u00e1d val\u00f3sz\u00edn\u0171leg egy \u00e9leten \u00e1t k\u00f6vetni fogja \u00d6nt.<\/p>\n\n\n\n<p>\u00cdme n\u00e9h\u00e1ny m\u00f3dszer, amellyel a pl\u00e1gium szem\u00e9lyesen \u00e9rintheti \u00d6nt:<\/p>\n\n\n\n<ul class=\"wp-block-list\">\n<li><strong>Reput\u00e1ci\u00f3s k\u00e1r<\/strong>: Ha valakit plagiz\u00e1l\u00f3nak b\u00e9lyegeznek, az helyrehozhatatlanul ronthatja az \u00d6n im\u00e1zs\u00e1t, ami mind a szem\u00e9lyes, mind a szakmai kapcsolataira hat\u00e1ssal lehet.<\/li>\n\n\n\n<li><strong>Lehet\u0151s\u00e9gveszt\u00e9s<\/strong>: Ha a tanulm\u00e1nyi eredm\u00e9nyei nem tisztess\u00e9gesek, az \u00f6szt\u00f6nd\u00edjak, tanulm\u00e1nyi d\u00edjak \u00e9s v\u00e9g\u00fcl munkalehet\u0151s\u00e9gek megtagad\u00e1s\u00e1hoz vezethet.<\/li>\n\n\n\n<li><strong>Pszichol\u00f3giai hat\u00e1sok<\/strong>: A b\u0171ntudat \u00e9s a lebuk\u00e1s miatti stressz szorong\u00e1shoz \u00e9s imposztor-szindr\u00f3m\u00e1hoz vezethet a k\u00e9s\u0151bbi szakmai karrier sor\u00e1n.<\/li>\n\n\n\n<li><strong>Etikai dilemma<\/strong>: A pl\u00e1gium k\u00f6vetkezm\u00e9nyei t\u00falmutathatnak a szakmais\u00e1gon, a saj\u00e1t etikai integrit\u00e1s \u00e9s a tudom\u00e1nyos \u00e9s szakmai k\u00f6r\u00f6kben elfoglalt hely megk\u00e9rd\u0151jelez\u00e9s\u00e9hez vezethetnek.<\/li>\n<\/ul>\n\n\n\n<h3 class=\"wp-block-heading\"><a id=\"post-3658-_th7p0sjhw07y\"><\/a>Jogi \u00e9s etikai k\u00f6vetkezm\u00e9nyek<\/h3>\n\n\n\n<p>B\u00e1r a pl\u00e1gium egy\u00e9rtelm\u0171en etikai k\u00e9rd\u00e9s, gyorsan \u00e1tmehet jogi k\u00e9rd\u00e9ss\u00e9 is.<\/p>\n\n\n\n<p>Ha valaki m\u00e1s szerz\u0151i jogv\u00e9delem alatt \u00e1ll\u00f3 szellemi tulajdon\u00e1t plagiz\u00e1lod, \u00e9s nem tartod be a forr\u00e1smegjel\u00f6l\u00e9s szab\u00e1lyait, akkor forr\u00f3 v\u00edzbe ker\u00fclhetsz.<\/p>\n\n\n\n<p>A nagy tekint\u00e9lynek \u00f6rvend\u0151 v\u00e1llalatok \u00e9s akad\u00e9mikusok munk\u00e1jukat IP-k\u00e9nt, azaz \"szellemi tulajdonk\u00e9nt\" jegyeztethetik be.<\/p>\n\n\n\n<p>Ha az \u0151 tartalmukat m\u00e1solja \u00e9s saj\u00e1tjak\u00e9nt teszi k\u00f6zz\u00e9, az szerz\u0151i jogok megs\u00e9rt\u00e9s\u00e9nek min\u0151s\u00fcl, \u00e9s nemcsak szem\u00e9lyes \u00e9s szakmai sz\u00e9gyent hozhat mag\u00e1ra, hanem b\u00edr\u00f3s\u00e1gi elj\u00e1r\u00e1sra is sz\u00e1m\u00edthat.<\/p>\n\n\n\n<h2 class=\"wp-block-heading\"><a id=\"post-3658-_p1sxs3n09qwf\"><\/a>Hogyan ker\u00fclj\u00fck el a pl\u00e1giumot?<\/h2>\n\n\n\n<p>A cikkek, enciklop\u00e9di\u00e1k, foly\u00f3iratok \u00e9s k\u00f3dok digitaliz\u00e1lt m\u00e1solatainak sokas\u00e1ga miatt elker\u00fclhetetlen, hogy valamikor v\u00e9letlen\u00fcl l\u00e9trehozzunk valami hasonl\u00f3t egy m\u00e1sik szem\u00e9ly munk\u00e1j\u00e1hoz.<\/p>\n\n\n\n<p>Az ilyen k\u00ednos forgat\u00f3k\u00f6nyvek elker\u00fcl\u00e9s\u00e9nek meg\u00e9rt\u00e9se nemcsak az \u00d6n \u00e9rdeke, hanem az integrit\u00e1s \u00e9s az eredetis\u00e9g meg\u0151rz\u00e9se szempontj\u00e1b\u00f3l is kulcsfontoss\u00e1g\u00fa.<\/p>\n\n\n\n<p>\u00cdme n\u00e9h\u00e1ny strat\u00e9gia annak biztos\u00edt\u00e1s\u00e1ra, hogy munk\u00e1ja pl\u00e1giummentes maradjon, miel\u0151tt leadja.<\/p>\n\n\n\n<h3 class=\"wp-block-heading\"><a id=\"post-3658-_l6vqmsgjs560\"><\/a>Megfelel\u0151 id\u00e9z\u00e9si technik\u00e1k<\/h3>\n\n\n\n<p>Ha valaki m\u00e1s munk\u00e1j\u00e1t kell felhaszn\u00e1lnia, \u00e1ltal\u00e1ban elegend\u0151 egy egyszer\u0171 id\u00e9zet, amely jelzi, hogy ki\u00e9 a munka, hogy elker\u00fclje a pl\u00e1giummal val\u00f3 v\u00e1dat.<\/p>\n\n\n\n<p>Ez mag\u00e1ban foglalja az inform\u00e1ci\u00f3 forr\u00e1sainak \u00e9s szerz\u0151inek helyes azonos\u00edt\u00e1s\u00e1t.<\/p>\n\n\n\n<p>A legt\u00f6bb munkahelyen vagy fels\u0151oktat\u00e1si int\u00e9zm\u00e9nyben az id\u00e9zetek alkalmaz\u00e1s\u00e1ra a saj\u00e1t prefer\u00e1lt technik\u00e1ja van, ez\u00e9rt gy\u0151z\u0151dj\u00f6n meg r\u00f3la, hogy az adott helyzetnek megfelel\u0151t haszn\u00e1lja.<\/p>\n\n\n\n<p>Az al\u00e1bbi t\u00e1bl\u00e1zat a leggyakoribb id\u00e9z\u00e9si technik\u00e1k szintaxis\u00e1t v\u00e1zolja fel:<\/p>\n\n\n\n<figure class=\"wp-block-image size-large\"><img loading=\"lazy\" decoding=\"async\" width=\"1024\" height=\"683\" src=\"https:\/\/undetectable.ai/blog\/wp-content\/uploads\/2024\/06\/table-that-outlines-the-syntax-for-the-most-common-forms-of-citation-techniques-1024x683.jpg\" alt=\"Az id\u00e9z\u00e9si technik\u00e1k leggyakoribb form\u00e1inak szintaxis\u00e1t bemutat\u00f3 t\u00e1bl\u00e1zat\" class=\"wp-image-3662\" title=\"\" srcset=\"https:\/\/undetectable.ai/blog\/wp-content\/uploads\/2024\/06\/table-that-outlines-the-syntax-for-the-most-common-forms-of-citation-techniques-1024x683.jpg 1024w, https:\/\/undetectable.ai/blog\/wp-content\/uploads\/2024\/06\/table-that-outlines-the-syntax-for-the-most-common-forms-of-citation-techniques-300x200.jpg 300w, https:\/\/undetectable.ai/blog\/wp-content\/uploads\/2024\/06\/table-that-outlines-the-syntax-for-the-most-common-forms-of-citation-techniques-768x512.jpg 768w, https:\/\/undetectable.ai/blog\/wp-content\/uploads\/2024\/06\/table-that-outlines-the-syntax-for-the-most-common-forms-of-citation-techniques-18x12.jpg 18w, https:\/\/undetectable.ai/blog\/wp-content\/uploads\/2024\/06\/table-that-outlines-the-syntax-for-the-most-common-forms-of-citation-techniques.jpg 1200w\" sizes=\"auto, (max-width: 1024px) 100vw, 1024px\" \/><\/figure>\n\n\n\n<p>Miel\u0151tt minden egyes bejegyz\u00e9st manu\u00e1lisan form\u00e1zni kezden\u00e9l, pr\u00f3b\u00e1ld ki az Undetectable AI's <a href=\"https:\/\/undetectable.ai\/citation-generator?mega-menu-pe=variation_c\" data-type=\"link\" data-id=\"https:\/\/undetectable.ai\/citation-generator?mega-menu-pe=variation_c\" target=\"_blank\" rel=\"noreferrer noopener\">Id\u00e9zet gener\u00e1tor<\/a> sokkal k\u00f6nnyebb\u00e9 teheti a dolgokat.<\/p>\n\n\n\n<p>Seg\u00edts\u00e9g\u00e9vel gyorsan \u00e9s pontosan k\u00e9sz\u00edthet APA, MLA vagy Chicago st\u00edlus\u00fa id\u00e9zeteket. Csak adja meg a forr\u00e1s adatait, \u00e9s m\u00e1ris egy tiszta, megfelel\u0151en struktur\u00e1lt id\u00e9zetet kap, amelyet bem\u00e1solhat a munk\u00e1j\u00e1ba.<\/p>\n\n\n<div class=\"wp-block-image\">\n<figure class=\"aligncenter size-large\"><img loading=\"lazy\" decoding=\"async\" width=\"1024\" height=\"478\" src=\"https:\/\/undetectable.ai/blog\/wp-content\/uploads\/2025\/06\/Citation-Generator-1024x478.jpg\" alt=\"Undetectable AI&#039;s Citation Generator k\u00e9perny\u0151ment\u00e9s\" class=\"wp-image-13829\" title=\"\" srcset=\"https:\/\/undetectable.ai/blog\/wp-content\/uploads\/2025\/06\/Citation-Generator-1024x478.jpg 1024w, https:\/\/undetectable.ai/blog\/wp-content\/uploads\/2025\/06\/Citation-Generator-300x140.jpg 300w, https:\/\/undetectable.ai/blog\/wp-content\/uploads\/2025\/06\/Citation-Generator-768x359.jpg 768w, https:\/\/undetectable.ai/blog\/wp-content\/uploads\/2025\/06\/Citation-Generator-1536x718.jpg 1536w, https:\/\/undetectable.ai/blog\/wp-content\/uploads\/2025\/06\/Citation-Generator-2048x957.jpg 2048w, https:\/\/undetectable.ai/blog\/wp-content\/uploads\/2025\/06\/Citation-Generator-18x8.jpg 18w\" sizes=\"auto, (max-width: 1024px) 100vw, 1024px\" \/><\/figure><\/div>\n\n\n<p>K\u00fcl\u00f6n\u00f6sen akkor hasznos, ha k\u00fcl\u00f6nb\u00f6z\u0151 id\u00e9zetform\u00e1tumokkal zsongl\u0151rk\u00f6dik az iskol\u00e1ban, a munkahely\u00e9n vagy a kiad\u00f3kn\u00e1l.<\/p>\n\n\n\n<h3 class=\"wp-block-heading\"><a id=\"post-3658-_7ybr9s66znf6\"><\/a>Parafraz\u00e1l\u00e1s \u00e9s id\u00e9z\u00e9s<\/h3>\n\n\n\n<p>A parafraz\u00e1l\u00e1s azt jelenti, hogy valaki m\u00e1s szavait vagy gondolatait a saj\u00e1t szavaival adja vissza.<\/p>\n\n\n\n<p>Az eredeti sz\u00f6veg jelent\u00e9s\u00e9nek j\u00f3 ismerete sz\u00fcks\u00e9ges ahhoz, hogy az \u00d6n v\u00e1ltozata tov\u00e1bbra is az eredeti sz\u00e1nd\u00e9kot vagy koncepci\u00f3t k\u00e9pviselje.<\/p>\n\n\n\n<p>M\u00e1sr\u00e9szt az id\u00e9z\u00e9s sor\u00e1n k\u00f6zvetlen\u00fcl id\u00e9zz\u00fck a forr\u00e1s szerz\u0151j\u00e9nek sz\u00f6veg\u00e9t, \u00e9s id\u00e9z\u0151jeleket (\"\") haszn\u00e1lunk, hogy vil\u00e1gosan elhat\u00e1roljuk a sz\u00f6veg\u00fcnket a forr\u00e1st\u00f3l.<\/p>\n\n\n\n<p>Mindk\u00e9t technik\u00e1t sz\u00e9les k\u00f6rben haszn\u00e1lj\u00e1k a tudom\u00e1nyos \u00edr\u00e1sokban, \u00e9s az eredeti forr\u00e1s helyes megnevez\u00e9s\u00e9t k\u00f6vetelik meg, hogy elker\u00fclj\u00e9k a <a href=\"https:\/\/undetectable.ai\/blog\/paraphrasing-vs-plagiarism\/\" target=\"_blank\" rel=\"noreferrer noopener\">pl\u00e1giumk\u00e9nt jel\u00f6lt\u00e9k meg<\/a>.<\/p>\n\n\n\n<p>Az al\u00e1bbiakban p\u00e9ld\u00e1t mutatunk mind a parafraz\u00e1l\u00e1si, mind az id\u00e9z\u00e9si technik\u00e1ra, a helyes attrib\u00faci\u00f3 alkalmaz\u00e1s\u00e1val:<\/p>\n\n\n\n<figure class=\"wp-block-image size-large\"><img loading=\"lazy\" decoding=\"async\" width=\"1024\" height=\"474\" src=\"https:\/\/undetectable.ai/blog\/wp-content\/uploads\/2024\/06\/example-of-both-paraphrasing-and-quotation-techniques-with-the-correct-attribution-applied-e1719790523328-1024x474.jpg\" alt=\"P\u00e9lda mind a parafraz\u00e1l\u00e1si, mind az id\u00e9z\u00e9si technik\u00e1ra a helyes attrib\u00faci\u00f3 alkalmaz\u00e1s\u00e1val.\" class=\"wp-image-3663\" title=\"\" srcset=\"https:\/\/undetectable.ai/blog\/wp-content\/uploads\/2024\/06\/example-of-both-paraphrasing-and-quotation-techniques-with-the-correct-attribution-applied-e1719790523328-1024x474.jpg 1024w, https:\/\/undetectable.ai/blog\/wp-content\/uploads\/2024\/06\/example-of-both-paraphrasing-and-quotation-techniques-with-the-correct-attribution-applied-e1719790523328-300x139.jpg 300w, https:\/\/undetectable.ai/blog\/wp-content\/uploads\/2024\/06\/example-of-both-paraphrasing-and-quotation-techniques-with-the-correct-attribution-applied-e1719790523328-768x356.jpg 768w, https:\/\/undetectable.ai/blog\/wp-content\/uploads\/2024\/06\/example-of-both-paraphrasing-and-quotation-techniques-with-the-correct-attribution-applied-e1719790523328-18x8.jpg 18w, https:\/\/undetectable.ai/blog\/wp-content\/uploads\/2024\/06\/example-of-both-paraphrasing-and-quotation-techniques-with-the-correct-attribution-applied-e1719790523328.jpg 1200w\" sizes=\"auto, (max-width: 1024px) 100vw, 1024px\" \/><\/figure>\n\n\n\n<h3 class=\"wp-block-heading\"><a id=\"post-3658-_kuy572tapiff\"><\/a>Pl\u00e1giumkeres\u0151 eszk\u00f6z\u00f6k haszn\u00e1lata<\/h3>\n\n\n\n<p>A f\u0151n\u00f6ke vagy a professzorai val\u00f3sz\u00edn\u0171leg m\u00e1r haszn\u00e1lj\u00e1k a pl\u00e1giumok felder\u00edt\u00e9s\u00e9re szolg\u00e1l\u00f3 platformokat, ez\u00e9rt miel\u0151tt beadna egy feladatot vagy projektet, k\u00fczdj\u00f6n t\u0171zzel a t\u0171z ellen, \u00e9s futtassa \u00e1t a munk\u00e1j\u00e1t egy felder\u00edt\u0151 eszk\u00f6z\u00f6n is.<\/p>\n\n\n\n<p>Az \u00e9szlel\u0151eszk\u00f6z\u00f6k \u00f6sszehasonl\u00edtj\u00e1k munk\u00e1j\u00e1t a forr\u00e1sanyagok hatalmas adatb\u00e1zis\u00e1val, \u00e9s seg\u00edtenek kiemelni a nem sz\u00e1nd\u00e9kos hasonl\u00f3s\u00e1gokat.<\/p>\n\n\n\n<p>Ez seg\u00edt abban, hogy gyorsan felismerje \u00e9s kijav\u00edtsa a sz\u00f6vegez\u00e9seket, \u00e9s elker\u00fclje a pl\u00e1gium\u00e9rt j\u00e1r\u00f3 b\u00fcntet\u00e9st.<\/p>\n\n\n\n<p>\u00cdme n\u00e9h\u00e1ny n\u00e9pszer\u0171 p\u00e9lda a pl\u00e1giumkeres\u0151 eszk\u00f6z\u00f6kre:<\/p>\n\n\n\n<ul class=\"wp-block-list\">\n<li><strong>Kimutathatatlan AI<\/strong>: Ez az eszk\u00f6z t\u00falmutat a hagyom\u00e1nyos pl\u00e1giumfelismer\u00e9sen. Azonos\u00edtja a potenci\u00e1lis mesters\u00e9ges intelligencia \u00e1ltal gener\u00e1lt tartalmakat, kiemeli az egyez\u0151 sz\u00f6veget, \u00e9s rendelkezik egy felismerhetetlen mesters\u00e9ges intelligenci\u00e1val. <a href=\"https:\/\/undetectable.ai\/ai-plagiarism-checker\" data-type=\"link\" data-id=\"https:\/\/undetectable.ai\/ai-plagiarism-checker\" target=\"_blank\" rel=\"noreferrer noopener\">AI pl\u00e1giumellen\u0151rz\u0151<\/a> amely lehet\u0151v\u00e9 teszi a felhaszn\u00e1l\u00f3k sz\u00e1m\u00e1ra a tartalom d\u00edjmentes szkennel\u00e9s\u00e9t.<\/li>\n<\/ul>\n\n\n<div class=\"wp-block-image\">\n<figure class=\"aligncenter size-full\"><img loading=\"lazy\" decoding=\"async\" width=\"609\" height=\"318\" src=\"https:\/\/undetectable.ai/blog\/wp-content\/uploads\/2025\/05\/Plagiarism-Checker.jpg\" alt=\"\" class=\"wp-image-8782\" title=\"\" srcset=\"https:\/\/undetectable.ai/blog\/wp-content\/uploads\/2025\/05\/Plagiarism-Checker.jpg 609w, https:\/\/undetectable.ai/blog\/wp-content\/uploads\/2025\/05\/Plagiarism-Checker-300x157.jpg 300w, https:\/\/undetectable.ai/blog\/wp-content\/uploads\/2025\/05\/Plagiarism-Checker-18x9.jpg 18w\" sizes=\"auto, (max-width: 609px) 100vw, 609px\" \/><\/figure><\/div>\n\n\n<ul class=\"wp-block-list\">\n<li><strong>Turnitin<\/strong>: Sz\u00e9les k\u00f6rben haszn\u00e1lt platform az egyetemi int\u00e9zm\u00e9nyekben, bele\u00e9rtve a K12 \u00e9s a f\u0151iskolai szintet is. R\u00e9szletesen r\u00e9szletes jelent\u00e9seket ny\u00fajt a lehets\u00e9ges pl\u00e1giumokr\u00f3l.<\/li>\n\n\n\n<li><strong>Copyscape<\/strong>: Ezt az eszk\u00f6zt els\u0151sorban az online k\u00f6nnyen el\u00e9rhet\u0151 tartalmak ellen\u0151rz\u00e9s\u00e9re haszn\u00e1lj\u00e1k, az internet duplik\u00e1lt tartalmak keres\u00e9s\u00e9vel.<\/li>\n\n\n\n<li><strong>Plagscan<\/strong>: Pl\u00e1giumkeres\u0151 eszk\u00f6z, amely ide\u00e1lis azok sz\u00e1m\u00e1ra, akik megk\u00f6vetelik, hogy a beolvasott anyagokat ne tegy\u00e9k hozz\u00e1f\u00e9rhet\u0151v\u00e9 harmadik f\u00e9l sz\u00e1m\u00e1ra. Ez\u00e9rt sz\u00e9les k\u00f6rben haszn\u00e1lj\u00e1k olyan v\u00e1llalkoz\u00e1sok, amelyeknek \u00e9rz\u00e9keny tartalmakr\u00f3l kell jelent\u00e9seket k\u00e9sz\u00edteni\u00fck.<\/li>\n\n\n\n<li><strong>Grammarly<\/strong>: \u00d6sszehasonl\u00edtja a tartalm\u00e1t t\u00f6bb milli\u00e1rd m\u00e1s weboldallal, hogy biztos\u00edtsa az eredetis\u00e9get, \u00e9s r\u00e1ad\u00e1sul a nyelvtant is ellen\u0151rzi.<\/li>\n<\/ul>\n\n\n\n<h3 class=\"wp-block-heading\"><a id=\"post-3658-_d2jyn2ky6mqa\"><\/a>A tanulm\u00e1nyi integrit\u00e1si ir\u00e1nyelvek meg\u00e9rt\u00e9se \u00e9s betart\u00e1sa<\/h3>\n\n\n\n<p>A fels\u0151oktat\u00e1si int\u00e9zm\u00e9nyekben a tudom\u00e1nyos integrit\u00e1s fenntart\u00e1sa kiemelt fontoss\u00e1g\u00fa.<\/p>\n\n\n\n<p>A legt\u00f6bb int\u00e9zm\u00e9nyben a tudom\u00e1nyos munka sor\u00e1n tan\u00fas\u00edtott magatart\u00e1sra vonatkoz\u00f3an meglehet\u0151sen konkr\u00e9t \u00e9s j\u00f3l dokument\u00e1lt becs\u00fcletess\u00e9gi \u00e9s etikai norm\u00e1k vannak \u00e9rv\u00e9nyben.<\/p>\n\n\n\n<p>Ha beiratkozik egy adott int\u00e9zm\u00e9nybe, a legjobb, ha megismerkedik ezekkel a szabv\u00e1nyokkal, miel\u0151tt elkezdene dolgozni a projekteken.<\/p>\n\n\n\n<p>\u00cdme a leggyakrabban t\u00e1rgyalt egyetemi integrit\u00e1si ir\u00e1nyelvek:<\/p>\n\n\n\n<ul class=\"wp-block-list\">\n<li><strong>Pl\u00e1gium<\/strong>: Valaki m\u00e1s gondolatainak vagy kifejez\u00e9seinek felhaszn\u00e1l\u00e1sa megfelel\u0151 tulajdon\u00edt\u00e1s n\u00e9lk\u00fcl. Az ir\u00e1nyelvek \u00e1ltal\u00e1ban r\u00e9szletezik, hogy mi min\u0151s\u00fcl pl\u00e1giumnak, \u00e9s milyen hivatkoz\u00e1si m\u00f3dszereket r\u00e9szes\u00edtenek el\u0151nyben.<\/li>\n\n\n\n<li><strong>Csal\u00e1s<\/strong>: Egy szab\u00e1lyzat, amely meghat\u00e1rozza, hogy milyen t\u00edpus\u00fa viselked\u00e9s min\u0151s\u00fcl tisztess\u00e9gtelennek a vizsg\u00e1kon \u00e9s a feladatokban val\u00f3 tisztess\u00e9gtelen el\u0151nyszerz\u00e9s \u00e9rdek\u00e9ben.<\/li>\n\n\n\n<li><strong>Gy\u00e1rt\u00e1s<\/strong>: Az adatok, kutat\u00e1sok \u00e9s id\u00e9zetek kital\u00e1l\u00e1sa vagy meghamis\u00edt\u00e1sa.<\/li>\n\n\n\n<li><strong>Seg\u00edts\u00e9gny\u00fajt\u00e1s<\/strong>: A di\u00e1kt\u00e1rsak seg\u00edt\u00e9se a tanulm\u00e1nyi tisztess\u00e9gtelens\u00e9g b\u00e1rmely cselekm\u00e9ny\u00e9nek elk\u00f6vet\u00e9s\u00e9ben, bele\u00e9rtve az itt m\u00e1r eml\u00edtetteket is.<\/li>\n\n\n\n<li><strong>\u00d6sszej\u00e1tsz\u00e1s<\/strong>: Olyan ir\u00e1nyelvek, amelyek c\u00e9lja annak megk\u00fcl\u00f6nb\u00f6ztet\u00e9se, hogy mikor t\u00f6rt\u00e9nt egy\u00fcttm\u0171k\u00f6d\u00e9s a tudom\u00e1nyos munk\u00e1ban, amikor azt egy\u00e9nileg kellett volna elv\u00e9gezni.<\/li>\n<\/ul>\n\n\n\n<p>Az akad\u00e9miai int\u00e9zm\u00e9nyek \u00e1ltal\u00e1ban \u00fagynevezett \"fegyelmi bizotts\u00e1gokon\" kereszt\u00fcl \u00e9rv\u00e9nyes\u00edtik ezeket az ir\u00e1nyelveket.<\/p>\n\n\n\n<p>Ezek a bizotts\u00e1gok felel\u0151sek az ir\u00e1nyelvek \u00e9s a be nem tart\u00e1suk k\u00f6vetkezm\u00e9nyeinek kialak\u00edt\u00e1s\u00e1\u00e9rt.<\/p>\n\n\n\n<p>A legt\u00f6bb int\u00e9zm\u00e9ny workshopokat tart vagy online tud\u00e1sb\u00e1zisokat \u00fczemeltet, amelyek r\u00e9szletesen foglalkoznak az egyes ir\u00e1nyelvekkel.<\/p>\n\n\n\n<p>Az ilyen forr\u00e1sokkal val\u00f3 foglalkoz\u00e1s biztos\u00edtja, hogy m\u00e1r el\u0151re tiszt\u00e1ban legyen vel\u00fck, \u00e9s \u00edgy k\u00f6nnyebb\u00e9 teszi az etikus gyakorlatok betart\u00e1s\u00e1t a tanulm\u00e1nyai sor\u00e1n.<\/p>\n\n\n\n<p>Jav\u00edtsa az egy\u00e9rtelm\u0171s\u00e9get, a hiteless\u00e9get \u00e9s a hangnemet. Az al\u00e1bbi widgeten kereszt\u00fcl f\u00e9rhet hozz\u00e1 eszk\u00f6zeinkhez.<\/p>\n\n\n\n<div id=\"uai-widget\" data-affiliate-link=\"https:\/\/undetectable.ai\/?_by=hi4km\"><script>var js = document.createElement(\"script\");js.async = true;js.src = \"https:\/\/widget.undetectable.ai\/js\/widget-loader.js?t=\"+Date.now();document.getElementsByTagName(\"head\")[0].appendChild(js);<\/script><\/div>\n\n\n\n<h2 class=\"wp-block-heading\"><a id=\"post-3658-_zzf9its0nkc\"><\/a>K\u00f6vetkeztet\u00e9s<\/h2>\n\n\n\n<p>A pl\u00e1gium a legt\u00f6bb szakmai \u00e9s tudom\u00e1nyos ter\u00fcleten komoly etikai \u00e9s erk\u00f6lcsi k\u00e9rd\u00e9snek sz\u00e1m\u00edt.<\/p>\n\n\n\n<p>A mai, er\u0151sen digitaliz\u00e1lt vil\u00e1gban a plagiz\u00e1l\u00e1s szinte biztosan kider\u00fcl, ami hossz\u00fa t\u00e1v\u00fa tudom\u00e1nyos, szakmai \u00e9s szem\u00e9lyes k\u00f6vetkezm\u00e9nyekkel j\u00e1r.<\/p>\n\n\n\n<p>\u00c9rtse meg j\u00f3l ezeket a k\u00f6vetkezm\u00e9nyeket, \u00e9s gondolkodjon el rajtuk, amikor legk\u00f6zelebb k\u00eds\u00e9rt\u00e9sbe esik, hogy belecsemp\u00e9sszen n\u00e9h\u00e1ny sor m\u00e1solt forr\u00e1ssz\u00f6veget, vagy elfelejtse ellen\u0151rizni az id\u00e9zeteket.<\/p>\n\n\n\n<p>Az \u00c9szrevehetetlen AI-val nem kell a v\u00e9letlenre b\u00edznia a dolgokat.<\/p>\n\n\n\n<p>A pl\u00e1giumellen\u0151rz\u0151je ellen\u0151rzi munk\u00e1ja eredetis\u00e9g\u00e9t, m\u00edg a hivatkoz\u00e1si gener\u00e1tor seg\u00edts\u00e9g\u00e9vel k\u00f6nnyed\u00e9n hivatkozhat a forr\u00e1sokra, \u00edgy biztos\u00edtva, hogy az \u00edr\u00e1sa egyszerre \u0151szinte \u00e9s csiszolt maradjon.<\/p>\n\n\n\n<p>\u00c9s mivel a mesters\u00e9ges intelligencia detektorok gyakran ellentmond\u00e1sos eredm\u00e9nyeket adnak, az Undetectable AI tov\u00e1bb megy, hiszen t\u00f6bbf\u00e9le felismer\u00e9si pontsz\u00e1mot k\u00edn\u00e1l, s\u0151t m\u00e9g Humaniz\u00e1l\u00f3t is, hogy biztos\u00edtsa a tartalom hiteles olvashat\u00f3s\u00e1g\u00e1t.<\/p>\n\n\n\n<p>Maradjon v\u00e9dett, maradjon eredeti \u00e9s maradjon el\u0151r\u00e9bb.<\/p>\n\n\n\n<p>Pr\u00f3b\u00e1lja ki a  c\u00edmet. <a href=\"https:\/\/undetectable.ai\/\" target=\"_blank\" data-type=\"link\" data-id=\"https:\/\/undetectable.ai\/\" rel=\"noreferrer noopener\">Kimutathatatlan AI<\/a> ma, \u00e9s \u00edrjon magabiztosan.<\/p>","protected":false},"excerpt":{"rendered":"","protected":false},"author":15,"featured_media":3659,"comment_status":"closed","ping_status":"closed","sticky":false,"template":"","format":"standard","meta":{"_themeisle_gutenberg_block_has_review":false,"footnotes":""},"categories":[31],"tags":[],"class_list":["post-3658","post","type-post","status-publish","format-standard","has-post-thumbnail","hentry","category-helpful-ai-content-tips"],"_links":{"self":[{"href":"https:\/\/undetectable.ai/blog\/hu\/wp-json\/wp\/v2\/posts\/3658","targetHints":{"allow":["GET"]}}],"collection":[{"href":"https:\/\/undetectable.ai/blog\/hu\/wp-json\/wp\/v2\/posts"}],"about":[{"href":"https:\/\/undetectable.ai/blog\/hu\/wp-json\/wp\/v2\/types\/post"}],"author":[{"embeddable":true,"href":"https:\/\/undetectable.ai/blog\/hu\/wp-json\/wp\/v2\/users\/15"}],"replies":[{"embeddable":true,"href":"https:\/\/undetectable.ai/blog\/hu\/wp-json\/wp\/v2\/comments?post=3658"}],"version-history":[{"count":10,"href":"https:\/\/undetectable.ai/blog\/hu\/wp-json\/wp\/v2\/posts\/3658\/revisions"}],"predecessor-version":[{"id":14481,"href":"https:\/\/undetectable.ai/blog\/hu\/wp-json\/wp\/v2\/posts\/3658\/revisions\/14481"}],"wp:featuredmedia":[{"embeddable":true,"href":"https:\/\/undetectable.ai/blog\/hu\/wp-json\/wp\/v2\/media\/3659"}],"wp:attachment":[{"href":"https:\/\/undetectable.ai/blog\/hu\/wp-json\/wp\/v2\/media?parent=3658"}],"wp:term":[{"taxonomy":"category","embeddable":true,"href":"https:\/\/undetectable.ai/blog\/hu\/wp-json\/wp\/v2\/categories?post=3658"},{"taxonomy":"post_tag","embeddable":true,"href":"https:\/\/undetectable.ai/blog\/hu\/wp-json\/wp\/v2\/tags?post=3658"}],"curies":[{"name":"wp","href":"https:\/\/api.w.org\/{rel}","templated":true}]}}