{"id":4033,"date":"2025-10-24T23:12:00","date_gmt":"2025-10-24T23:12:00","guid":{"rendered":"https:\/\/undetectable.ai/blog\/?p=4033"},"modified":"2026-04-21T10:18:11","modified_gmt":"2026-04-21T10:18:11","slug":"ai-az-osztalytermekben","status":"publish","type":"post","link":"https:\/\/undetectable.ai/blog\/hu\/ai-az-osztalytermekben","title":{"rendered":"7 tipp, hogyan haszn\u00e1lhatj\u00e1k a tan\u00e1rok a mesters\u00e9ges intelligenci\u00e1t az oszt\u00e1lyteremben"},"content":{"rendered":"<p>A tan\u00edt\u00e1s az egyik <a href=\"https:\/\/www.rand.org\/pubs\/research_reports\/RRA1108-16.html?\" target=\"_blank\" data-type=\"link\" data-id=\"https:\/\/www.rand.org\/pubs\/research_reports\/RRA1108-16.html?\" rel=\"noreferrer noopener\">a legstresszesebb szakm\u00e1k<\/a>, mivel a k\u00f6zelm\u00faltbeli adatok szerint 2025-ben jelent\u0151sen n\u0151 a tan\u00e1rok ki\u00e9g\u00e9se \u00e9s a munkaterhel\u00e9s.<\/p>\n\n\n\n<p>\n  A tan\u00e1rok rengeteg felel\u0151ss\u00e9ggel zsongl\u0151rk\u00f6dnek, hogy di\u00e1kjaik min\u0151s\u00e9gi oktat\u00e1sban r\u00e9szes\u00fcljenek, ami hatalmas odaad\u00e1st \u00e9s er\u0151fesz\u00edt\u00e9st ig\u00e9nyel.\n<\/p>\n\n\n\n<p>\n  A technol\u00f3gia folyamatos fejl\u0151d\u00e9s\u00e9vel azonban a pedag\u00f3gusok rendelkez\u00e9s\u00e9re \u00e1ll\u00f3 eszk\u00f6z\u00f6k is fejl\u0151dnek.\n<\/p>\n\n\n\n<p>\n  A mesters\u00e9ges intelligencia (AI) k\u00fcl\u00f6n\u00f6sen nagy hat\u00e1st gyakorol.\n<\/p>\n\n\n\n<p>AI eszk\u00f6z\u00f6k, mint p\u00e9ld\u00e1ul <a href=\"https:\/\/undetectable.ai\/blog\/chatgpt-in-education\/\" target=\"_blank\" rel=\"noreferrer noopener\">ChatGPT<\/a> \u00e9rt\u00e9kes id\u0151t szabad\u00edthat fel a tan\u00e1rok sz\u00e1m\u00e1ra, hogy jav\u00edts\u00e1k a megk\u00f6zel\u00edt\u00e9seiket.<\/p>\n\n\n\n<p>K\u00f6r\u00fclbel\u00fcl <a href=\"https:\/\/humanizeai.com\/blog\/ai-in-school-statistics\/\" target=\"_blank\" data-type=\"link\" data-id=\"https:\/\/humanizeai.com\/blog\/ai-in-school-statistics\/\" rel=\"noreferrer noopener\">t\u00edzb\u0151l hat tan\u00e1r<\/a> m\u00e1r tervezik, hogy ebben a tan\u00e9vben be\u00e9p\u00edtik a mesters\u00e9ges intelligenci\u00e1t az oszt\u00e1lytermeikbe.<\/p>\n\n\n\n<p>\n  B\u00e1r n\u00e9pszer\u0171s\u00e9ge \u00e9s el\u0151nyei egy\u00e9rtelm\u0171ek, sok tan\u00e1r m\u00e9g mindig nem ismeri a mesters\u00e9ges intelligencia oktat\u00e1sra gyakorolt hat\u00e1s\u00e1t.\n<\/p>\n\n\n\n<p>\n  Ha m\u00e9g nem foglalkozott a mesters\u00e9ges intelligenci\u00e1ban rejl\u0151 lehet\u0151s\u00e9gekkel, akkor itt a t\u00f6k\u00e9letes alkalom, hogy elkezdje. \u00c9s mi itt vagyunk, hogy seg\u00edts\u00fcnk. \n<\/p>\n\n\n\n<p>\n  \u00d6ssze\u00e1ll\u00edtottunk egy list\u00e1t tippekkel arr\u00f3l, hogyan haszn\u00e1lhatj\u00e1k a tan\u00e1rok hat\u00e9konyan a mesters\u00e9ges intelligenci\u00e1t az oszt\u00e1lytermekben.\n<\/p>\n\n\n\n<p>Ezeknek lehet\u0151v\u00e9 kell tenni\u00fck, hogy a mesters\u00e9ges intelligencia seg\u00edts\u00e9g\u00e9vel m\u00e9g hat\u00e1sosabb\u00e1 tegye a tan\u00edt\u00e1st - mindezt \u00fagy, hogy k\u00f6zben id\u0151t takar\u00edt meg.<\/p>\n\n\n\n<hr class=\"wp-block-separator has-alpha-channel-opacity\"\/>\n\n\n\n<p class=\"has-text-align-center\"><strong>A legfontosabb tudnival\u00f3k<\/strong><\/p>\n\n\n\n<ul class=\"wp-block-list\">\n<li>A mesters\u00e9ges intelligencia seg\u00edt a tan\u00e1roknak id\u0151t megtakar\u00edtani az oszt\u00e1lyoz\u00e1si, jelenl\u00e9ti \u00e9s oszt\u00e1lyterem-kezel\u00e9si feladatok automatiz\u00e1l\u00e1s\u00e1val.<\/li>\n<\/ul>\n\n\n\n<p><\/p>\n\n\n\n<ul class=\"wp-block-list\">\n<li>A mesters\u00e9ges intelligencia \u00e1ltal t\u00e1mogatott szem\u00e9lyre szabott tanul\u00e1s az egyes tanul\u00f3k ig\u00e9nyeihez igaz\u00edtja a leck\u00e9ket, jav\u00edtva az elk\u00f6telezetts\u00e9get \u00e9s az eredm\u00e9nyeket.<\/li>\n<\/ul>\n\n\n\n<p><\/p>\n\n\n\n<ul class=\"wp-block-list\">\n<li>Az olyan eszk\u00f6z\u00f6k, mint az Undetectable AI a pl\u00e1gium \u00e9s az AI \u00e1ltal gener\u00e1lt sz\u00f6vegek felder\u00edt\u00e9s\u00e9vel biztos\u00edtj\u00e1k a tudom\u00e1nyos integrit\u00e1st.<\/li>\n<\/ul>\n\n\n\n<p><\/p>\n\n\n\n<ul class=\"wp-block-list\">\n<li>A mesters\u00e9ges intelligencia t\u00e1mogatja a tartalomk\u00e9sz\u00edt\u00e9st, a ford\u00edt\u00e1st \u00e9s a predikt\u00edv elemz\u00e9st a jobb oktat\u00e1si hat\u00e9konys\u00e1g \u00e9rdek\u00e9ben.<\/li>\n<\/ul>\n\n\n\n<p><\/p>\n\n\n\n<ul class=\"wp-block-list\">\n<li>Az oktat\u00e1sban a tisztess\u00e9gess\u00e9g \u00e9s a pontoss\u00e1g fenntart\u00e1sa \u00e9rdek\u00e9ben elengedhetetlen az egy\u00e9rtelm\u0171 ir\u00e1nyelvekkel \u00e9s a t\u00e9nyellen\u0151rz\u00e9ssel megval\u00f3sul\u00f3 felel\u0151s mesters\u00e9ges intelligenciahaszn\u00e1lat.<\/li>\n<\/ul>\n\n\n\n<p><\/p>\n\n\n\n<hr class=\"wp-block-separator has-alpha-channel-opacity\"\/>\n\n\n\n<h2 class=\"wp-block-heading\"><a id=\"post-4033-_x1yc4cf1uia\"><\/a><strong>Hogyan haszn\u00e1lhatj\u00e1k a tan\u00e1rok a mesters\u00e9ges intelligenci\u00e1t az oszt\u00e1lyteremben?<\/strong><\/h2>\n\n\n<div class=\"wp-block-image\">\n<figure class=\"aligncenter size-full\"><img loading=\"lazy\" decoding=\"async\" width=\"818\" height=\"685\" src=\"https:\/\/undetectable.ai/blog\/wp-content\/uploads\/2024\/08\/How-Can-Teachers-Use-AI-in-the-Classroom.jpeg\" alt=\"Egy infografikus poszter arr\u00f3l, hogyan haszn\u00e1lhatj\u00e1k a tan\u00e1rok a mesters\u00e9ges intelligenci\u00e1t az oszt\u00e1lyteremben\" class=\"wp-image-4034\" title=\"\" srcset=\"https:\/\/undetectable.ai/blog\/wp-content\/uploads\/2024\/08\/How-Can-Teachers-Use-AI-in-the-Classroom.jpeg 818w, https:\/\/undetectable.ai/blog\/wp-content\/uploads\/2024\/08\/How-Can-Teachers-Use-AI-in-the-Classroom-300x251.jpeg 300w, https:\/\/undetectable.ai/blog\/wp-content\/uploads\/2024\/08\/How-Can-Teachers-Use-AI-in-the-Classroom-768x643.jpeg 768w, https:\/\/undetectable.ai/blog\/wp-content\/uploads\/2024\/08\/How-Can-Teachers-Use-AI-in-the-Classroom-14x12.jpeg 14w\" sizes=\"auto, (max-width: 818px) 100vw, 818px\" \/><\/figure><\/div>\n\n\n<p><a href=\"https:\/\/undetectable.ai\/blog\/ai-for-school-work\/\" target=\"_blank\" rel=\"noreferrer noopener\">AI az oktat\u00e1sban<\/a> izgalmas lehet\u0151s\u00e9geket k\u00edn\u00e1l mind a tan\u00e1rok, mind a di\u00e1kok sz\u00e1m\u00e1ra. Hogyan hat a mesters\u00e9ges intelligencia az oktat\u00e1sra? Egyszerre lehet j\u00f3 \u00e9s rossz dolog.<\/p>\n\n\n\n<p>Pozit\u00edvum, hogy a mesters\u00e9ges intelligencia fokozhatja a tanul\u00e1st \u00e9s a termel\u00e9kenys\u00e9get. De a <a href=\"https:\/\/www.forbes.com\/sites\/sarahhernholm\/2025\/06\/27\/the-ai-education-gap-why-schools-need-policies-now\/\" target=\"_blank\" data-type=\"link\" data-id=\"https:\/\/www.forbes.com\/sites\/sarahhernholm\/2025\/06\/27\/the-ai-education-gap-why-schools-need-policies-now\/\" rel=\"noreferrer noopener\">minden \u00f6t\u00f6dik tan\u00e1r<\/a> azt mondj\u00e1k, hogy ker\u00fcleteikben m\u00e9g mindig nincs vil\u00e1gos AI-ir\u00e1nyelv.<\/p>\n\n\n\n<p>\n  Ha felel\u0151tlen\u00fcl haszn\u00e1lj\u00e1k, a mesters\u00e9ges intelligencia t\u00e9nylegesen vesz\u00e9lyeztetheti az oktat\u00e1s integrit\u00e1s\u00e1t.\n<\/p>\n\n\n\n<p>\n  Az iskol\u00e1knak egy\u00e9rtelm\u0171 ir\u00e1nymutat\u00e1sokat kell kidolgozniuk, \u00e9s megfelel\u0151 k\u00e9pz\u00e9st kell biztos\u00edtaniuk a pedag\u00f3gusok sz\u00e1m\u00e1ra, hogy teljes m\u00e9rt\u00e9kben kihaszn\u00e1lhass\u00e1k a mesters\u00e9ges intelligencia el\u0151nyeit.\n<\/p>\n\n\n\n<p>\n  Megfelel\u0151 alkalmaz\u00e1s eset\u00e9n a mesters\u00e9ges intelligencia forradalmas\u00edthatja az oszt\u00e1lytermet.\n<\/p>\n\n\n\n<p>\n  Hat\u00e9konyabb\u00e1, szem\u00e9lyre szabottabb\u00e1 \u00e9s minden di\u00e1k sz\u00e1m\u00e1ra el\u00e9rhet\u0151bb\u00e9 teheti a tanul\u00e1st.\n<\/p>\n\n\n\n<p>\n  \u00cdme, n\u00e9h\u00e1ny a legjobb m\u00f3dszerek k\u00f6z\u00fcl, amelyekkel a tan\u00e1rok a mesters\u00e9ges intelligenci\u00e1t az oszt\u00e1lytermekben haszn\u00e1lj\u00e1k a di\u00e1kok t\u00e1mogat\u00e1s\u00e1ra \u00e9s munk\u00e1juk egyszer\u0171s\u00edt\u00e9s\u00e9re.\n<\/p>\n\n\n\n<h3 class=\"wp-block-heading\"><a id=\"post-4033-_wbqk6oqwfqeg\"><\/a><strong>1. Oszt\u00e1lytermi menedzsment<\/strong><\/h3>\n\n\n\n<p>\n  Az oszt\u00e1lyterem ir\u00e1ny\u00edt\u00e1sa fontos az eg\u00e9sz tan\u00edt\u00e1si folyamat szempontj\u00e1b\u00f3l. Megszervezi \u00e9s fenntartja a produkt\u00edv tanul\u00e1si k\u00f6rnyezetet.\n<\/p>\n\n\n\n<p>\n  Ez mag\u00e1ban foglalhat olyan rutinfeladatokat, mint a di\u00e1kok viselked\u00e9s\u00e9nek figyelemmel k\u00eds\u00e9r\u00e9se, a jelenl\u00e9t nyomon k\u00f6vet\u00e9se \u00e9s a tan\u00f3r\u00e1k z\u00f6kken\u0151mentes lebonyol\u00edt\u00e1sa. \n<\/p>\n\n\n\n<p>\n  Mindezen feladatok manu\u00e1lis kezel\u00e9se kih\u00edv\u00e1st jelenthet - k\u00fcl\u00f6n\u00f6sen nagyobb oszt\u00e1lyokban, ahol mindent szemmel tartani nagyon neh\u00e9z feladat.\n<\/p>\n\n\n\n<p>\n  A mesters\u00e9ges intelligencia megk\u00f6nny\u00edtheti az oszt\u00e1lyterem-ir\u00e1ny\u00edt\u00e1s terheit az\u00e1ltal, hogy automatiz\u00e1lja e feladatok nagy r\u00e9sz\u00e9t.\n<\/p>\n\n\n\n<p>A mesters\u00e9ges intelligenci\u00e1val m\u0171k\u00f6d\u0151 oszt\u00e1lyterem-ir\u00e1ny\u00edt\u00e1si rendszerek p\u00e9ld\u00e1ul <a href=\"https:\/\/link.springer.com\/chapter\/10.1007\/978-3-031-84100-2_64\" target=\"_blank\" data-type=\"link\" data-id=\"https:\/\/link.springer.com\/chapter\/10.1007\/978-3-031-84100-2_64\" rel=\"noreferrer noopener\">automatiz\u00e1lja a jelenl\u00e9ti \u00edvek felv\u00e9tel\u00e9t<\/a> arcfelismer\u0151 \u00e9s g\u00e9pi tanul\u00e1si eszk\u00f6z\u00f6kkel, amelyek c\u00e9lja a hagyom\u00e1nyos n\u00e9vsorolvas\u00e1s egyszer\u0171s\u00edt\u00e9se \u00e9s az adminisztrat\u00edv munkaterhek cs\u00f6kkent\u00e9se.<\/p>\n\n\n\n<p>\n  Ez a rendszer \u00e9rt\u00e9kes tan\u00edt\u00e1si id\u0151t takar\u00edt meg, \u00e9s hasznos mint\u00e1kat t\u00e1rhat fel, amelyek seg\u00edtenek a di\u00e1kok teljes\u00edtm\u00e9ny\u00e9nek nyomon k\u00f6vet\u00e9s\u00e9ben \u00e9s a di\u00e1kok biztons\u00e1g\u00e1nak meg\u0151rz\u00e9s\u00e9ben.\n<\/p>\n\n\n\n<p>\n  \u00c9s ez csak az egyik m\u00f3dja a mesters\u00e9ges intelligencia tantermi alkalmaz\u00e1s\u00e1nak.\n<\/p>\n\n\n\n<p>\n  A mesters\u00e9ges intelligencia k\u00fcl\u00f6nb\u00f6z\u0151 oszt\u00e1lytermi tev\u00e9kenys\u00e9geket szervezhet, a leck\u00e9k \u00e9s feladatok \u00fctemez\u00e9s\u00e9t\u0151l kezdve a tesztek tervez\u00e9s\u00e9ig.\n<\/p>\n\n\n\n<p>\n  \u00cdgy biztosabb lehet abban, hogy minden az \u00fctemterv szerint halad, \u00e9s az oszt\u00e1ly a terv szerint halad.\n<\/p>\n\n\n\n<h3 class=\"wp-block-heading\"><a id=\"post-4033-_vy4p8qqua8a8\"><\/a><strong>2. Automatiz\u00e1lt oszt\u00e1lyoz\u00e1s<\/strong><\/h3>\n\n\n\n<p>\n  Az oszt\u00e1lyoz\u00e1s a tan\u00edt\u00e1s m\u00e1sik alapvet\u0151 r\u00e9sze. Visszajelz\u00e9st ad \u00e9s \u00e9rt\u00e9keli a di\u00e1kok meg\u00e9rt\u00e9s\u00e9t.\n<\/p>\n\n\n\n<p>\n  A di\u00e1kok oszt\u00e1lyoz\u00e1sa mindig is k\u00e9zzel t\u00f6rt\u00e9nt. A tan\u00e1roknak minden egyes munk\u00e1t \u00e1t kell n\u00e9zni\u00fck, \u00e9s meg kell adniuk a pontsz\u00e1mokat.\n<\/p>\n\n\n\n<p>\n  Ez hihetetlen\u00fcl id\u0151ig\u00e9nyes, \u00e9s n\u00e9ha k\u00f6vetkezetlens\u00e9gekhez vagy torz\u00edt\u00e1sokhoz vezethet.\n<\/p>\n\n\n\n<p>\n  A mesters\u00e9ges intelligencia megv\u00e1ltoztathatja az oszt\u00e1lyoz\u00e1si folyamatot, gyorsabb\u00e1 \u00e9s k\u00f6vetkezetesebb\u00e9 t\u00e9ve azt.\n<\/p>\n\n\n\n<p>\n  A mesters\u00e9ges intelligencia eszk\u00f6z\u00f6k p\u00e9ld\u00e1ul gyorsan \u00e9rt\u00e9kelhetik a feleletv\u00e1laszt\u00f3s vizsg\u00e1kat, \u00edgy a tan\u00e1roknak t\u00f6bb idej\u00fck marad az \u00f6sszetett tesztekre.\n<\/p>\n\n\n\n<p>\n  A tan\u00e1rok a mesters\u00e9ges intelligencia seg\u00edts\u00e9g\u00e9vel gyorsan ellen\u0151rizhetik az essz\u00e9k \u00e9s kutat\u00e1si dolgozatok nyelvtani jellemz\u0151it, \u00edgy csak a kontextust kell \u00e9rt\u00e9kelni\u00fck.\n<\/p>\n\n\n\n<p>\n  A tan\u00e1roknak el\u0151vigy\u00e1zatoss\u00e1gb\u00f3l mindig fel\u00fcl kell vizsg\u00e1lniuk a mesters\u00e9ges intelligencia \u00e9rt\u00e9kel\u00e9s\u00e9t, amikor szubjekt\u00edvebb feladatokn\u00e1l haszn\u00e1lj\u00e1k, hogy biztos\u00edts\u00e1k a m\u00e9lt\u00e1nyoss\u00e1got \u00e9s a pontoss\u00e1got.\n<\/p>\n\n\n\n<p>\n  A j\u00f3l \u00f6ssze\u00e1ll\u00edtott mesters\u00e9ges intelligencia \u00e9s emberi megk\u00f6zel\u00edt\u00e9s fenntartja az oszt\u00e1lyoz\u00e1s min\u0151s\u00e9g\u00e9t, mik\u00f6zben k\u00e9pes kihaszn\u00e1lni a technol\u00f3gia haszn\u00e1lat\u00e1nak el\u0151nyeit. \n<\/p>\n\n\n\n<h3 class=\"wp-block-heading\"><a id=\"post-4033-_l4v6wruuk2e1\"><\/a><strong>3. Szem\u00e9lyre szabott tanul\u00e1s<\/strong><\/h3>\n\n\n\n<p>\n  Egyes di\u00e1kok a szem\u00e9lyre szabott megk\u00f6zel\u00edt\u00e9st r\u00e9szes\u00edtik el\u0151nyben, amely a tanul\u00e1st az egyes di\u00e1kok egyedi ig\u00e9nyeihez, er\u0151ss\u00e9geihez \u00e9s \u00e9rdekl\u0151d\u00e9si k\u00f6r\u00e9hez igaz\u00edtja.\n<\/p>\n\n\n\n<p>\n  A hagyom\u00e1nyos m\u00f3dszerekkel ellent\u00e9tben, amelyek gyakran egyform\u00e1n egyform\u00e1n alkalmaznak, a szem\u00e9lyre szabott tanul\u00e1s szem\u00e9lyre szabott \u00e9lm\u00e9nyt ny\u00fajt a tanul\u00f3 sz\u00e1m\u00e1ra.\n<\/p>\n\n\n\n<p>Ez a m\u00f3dja a <strong><a href=\"https:\/\/www.frontiersin.org\/journals\/education\/articles\/10.3389\/feduc.2025.1527851\/full\" target=\"_blank\" data-type=\"link\" data-id=\"https:\/\/www.frontiersin.org\/journals\/education\/articles\/10.3389\/feduc.2025.1527851\/full\" rel=\"noreferrer noopener\">inkluz\u00edv tanul\u00e1s<\/a><\/strong> k\u00fcl\u00f6n\u00f6sen hasznos lehet azon di\u00e1kok sz\u00e1m\u00e1ra, akiknek a hagyom\u00e1nyos tan\u00edt\u00e1si m\u00f3dszerek nehezen mennek, vagy akiknek nagyobb kih\u00edv\u00e1st jelent\u0151 anyagokra van sz\u00fcks\u00e9g\u00fck.<\/p>\n\n\n\n<p>A mesters\u00e9ges intelligencia fontos szerepet j\u00e1tszik a szem\u00e9lyre szabott tanul\u00e1s el\u0151seg\u00edt\u00e9s\u00e9ben a tanul\u00f3k teljes\u00edtm\u00e9ny\u00e9nek, preferenci\u00e1inak \u00e9s tanul\u00e1si st\u00edlus\u00e1nak elemz\u00e9s\u00e9vel. Lehet\u0151v\u00e9 teszi a hat\u00e9kony, szem\u00e9lyre szabott tervek l\u00e9trehoz\u00e1s\u00e1t, p\u00e9ld\u00e1ul egy speci\u00e1lis <a href=\"https:\/\/brighterly.com\/math-program\/\" target=\"_blank\" rel=\"noopener\">matematikai program<\/a> hasonl\u00f3 adapt\u00edv technol\u00f3gi\u00e1t haszn\u00e1lhat, hogy egy\u00e9ni tanul\u00e1si \u00fatvonalakat hozzon l\u00e9tre, amelyek a gyermek fejl\u0151d\u00e9s\u00e9vel egy\u00fctt fejl\u0151dnek. <\/p>\n\n\n\n<p>\n  A mesters\u00e9ges intelligencia p\u00e9ld\u00e1ul olyan konkr\u00e9t er\u0151forr\u00e1sokat vagy tev\u00e9kenys\u00e9geket aj\u00e1nlhat, amelyek jobban illeszkednek a tanul\u00f3 er\u0151ss\u00e9geihez \u00e9s a fejlesztend\u0151 ter\u00fcletekhez, hogy az elk\u00f6telezetts\u00e9get magas szinten tartsa.\n<\/p>\n\n\n\n<p>\n  Ez a szem\u00e9lyre szabott megk\u00f6zel\u00edt\u00e9s viszont \u00e9lvezetesebb\u00e9 teszi a tanul\u00e1st.\n<\/p>\n\n\n\n<p>A szem\u00e9lyre szabott tanul\u00e1s jellemz\u0151i, mint p\u00e9ld\u00e1ul a tanul\u00f3knak az oktat\u00e1sukkal kapcsolatos v\u00e1laszt\u00e1si \u00e9s v\u00e9lem\u00e9nynyilv\u00e1n\u00edt\u00e1si lehet\u0151s\u00e9g biztos\u00edt\u00e1sa, pozit\u00edvan kapcsol\u00f3dnak a k\u00f6vetkez\u0151kh\u00f6z <a href=\"https:\/\/elearningindustry.com\/how-ai-is-transforming-personalized-learning-in-2025-and-beyond\" target=\"_blank\" data-type=\"link\" data-id=\"https:\/\/elearningindustry.com\/how-ai-is-transforming-personalized-learning-in-2025-and-beyond\" rel=\"noreferrer noopener\">di\u00e1kboldogs\u00e1g<\/a>.<\/p>\n\n\n\n<h3 class=\"wp-block-heading\"><a id=\"post-4033-_f7yujziv9vol\"><\/a><strong>4. Tartalom l\u00e9trehoz\u00e1sa<\/strong><\/h3>\n\n\n\n<p>\n  Sz\u00fcks\u00e9ged lesz n\u00e9h\u00e1ny vonz\u00f3 tantermi tartalomra, de ez sok munk\u00e1t jelenthet.\n<\/p>\n\n\n\n<p>\n  A tan\u00e1rok gyakran \u00f3r\u00e1kat t\u00f6ltenek \u00f3rav\u00e1zlatok k\u00e9sz\u00edt\u00e9s\u00e9vel, sz\u00f3rakoztat\u00f3 tev\u00e9kenys\u00e9gek kital\u00e1l\u00e1s\u00e1val \u00e9s anyagok el\u0151k\u00e9sz\u00edt\u00e9s\u00e9vel.\n<\/p>\n\n\n\n<p>\n  Mesters\u00e9ges intelligencia n\u00e9lk\u00fcl ez a feladat m\u00e9g nagyobb kih\u00edv\u00e1st jelentene, sok k\u00e9zi munk\u00e1t \u00e9s kreativit\u00e1st ig\u00e9nyelne.\n<\/p>\n\n\n\n<p>Az AI k\u00e9pes <a href=\"https:\/\/undetectable.ai\/blog\/ai-content-creation-tools\/\" target=\"_blank\" rel=\"noreferrer noopener\">tartalomk\u00e9sz\u00edt\u00e9s<\/a> sokkal k\u00f6nnyebb. Az AI-eszk\u00f6z\u00f6k k\u00e9pesek elemezni a tantervi ig\u00e9nyeket \u00e9s relev\u00e1ns tev\u00e9kenys\u00e9geket javasolni.<\/p>\n\n\n\n<p>\n  Ezek az eszk\u00f6z\u00f6k alapvet\u0151 kv\u00edzek, interakt\u00edv gyakorlatok \u00e9s egy\u00e9b hasznos multim\u00e9di\u00e1s forr\u00e1sok l\u00e9trehoz\u00e1s\u00e1ra is alkalmasak.\n<\/p>\n\n\n\n<p>\n  Mindezek egy\u00fcttesen id\u0151t takar\u00edtanak meg a tan\u00e1roknak. Mint eml\u00edtett\u00fck, a mesters\u00e9ges intelligencia a tanul\u00f3k elt\u00e9r\u0151 ig\u00e9nyeihez is igaz\u00edthatja a tartalmat.\n<\/p>\n\n\n\n<p>\n  Ezeknek a folyamatoknak az automatiz\u00e1l\u00e1s\u00e1val a mesters\u00e9ges intelligencia lehet\u0151v\u00e9 teheti a tan\u00e1rok sz\u00e1m\u00e1ra, hogy t\u00f6bbet foglalkozzanak a tan\u00edt\u00e1ssal, \u00e9s kevesebbet az anyagok el\u0151k\u00e9sz\u00edt\u00e9s\u00e9vel.\n<\/p>\n\n\n\n<p>\n  Ez gazdagabb\u00e1 teszi az oszt\u00e1lytermi \u00e9lm\u00e9nyt, \u00e9s rendk\u00edv\u00fcl vonz\u00f3v\u00e1 teszi a di\u00e1kok sz\u00e1m\u00e1ra.\n<\/p>\n\n\n\n<h3 class=\"wp-block-heading\"><a id=\"post-4033-_j0ve5kn29r21\"><\/a><strong>5. Nyelvi ford\u00edt\u00e1s \u00e9s nyelvtanul\u00e1s<\/strong><\/h3>\n\n\n<div class=\"wp-block-image\">\n<figure class=\"aligncenter size-large\"><img loading=\"lazy\" decoding=\"async\" width=\"1024\" height=\"683\" src=\"https:\/\/undetectable.ai/blog\/wp-content\/uploads\/2025\/10\/ffffff-9-1024x683.jpg\" alt=\"Digital language translation in business settings\" class=\"wp-image-22361\" title=\"\" srcset=\"https:\/\/undetectable.ai/blog\/wp-content\/uploads\/2025\/10\/ffffff-9-1024x683.jpg 1024w, https:\/\/undetectable.ai/blog\/wp-content\/uploads\/2025\/10\/ffffff-9-300x200.jpg 300w, https:\/\/undetectable.ai/blog\/wp-content\/uploads\/2025\/10\/ffffff-9-768x512.jpg 768w, https:\/\/undetectable.ai/blog\/wp-content\/uploads\/2025\/10\/ffffff-9-18x12.jpg 18w, https:\/\/undetectable.ai/blog\/wp-content\/uploads\/2025\/10\/ffffff-9.jpg 1200w\" sizes=\"auto, (max-width: 1024px) 100vw, 1024px\" \/><\/figure><\/div>\n\n\n<p>\n  A nyelv mindannyiunkat \u00f6sszek\u00f6t, de komoly akad\u00e1lyt jelenthet, ha a di\u00e1kok nem \u00e9rtik, amit tan\u00edtanak nekik.\n<\/p>\n\n\n\n<p>Majdnem <a href=\"https:\/\/www.unesco.org\/en\/articles\/new-unesco-report-calls-multilingual-education-unlock-learning-and-inclusion\" target=\"_blank\" data-type=\"link\" data-id=\"https:\/\/www.unesco.org\/en\/articles\/new-unesco-report-calls-multilingual-education-unlock-learning-and-inclusion\" rel=\"noreferrer noopener\">40% iskol\u00e1skor\u00fa gyermekek<\/a> vil\u00e1gszerte nem f\u00e9rnek hozz\u00e1 az \u00e1ltaluk teljesen \u00e9rtett nyelven t\u00f6rt\u00e9n\u0151 oktat\u00e1shoz<\/p>\n\n\n\n<p>\n  A mesters\u00e9ges intelligencia seg\u00edthet lebontani ezeket a nyelvi akad\u00e1lyokat. A mesters\u00e9ges intelligenci\u00e1val m\u0171k\u00f6d\u0151 ford\u00edt\u00f3eszk\u00f6z\u00f6k azonnal leford\u00edthatj\u00e1k az oktat\u00e1si anyagokat k\u00fcl\u00f6nb\u00f6z\u0151 nyelvekre.\n<\/p>\n\n\n\n<p>\n  Biztos\u00edtj\u00e1k, hogy minden di\u00e1k hozz\u00e1f\u00e9rjen a sz\u00fcks\u00e9ges tartalmakhoz, \u00e9s k\u00fcl\u00f6n\u00f6sen hasznosak olyan oszt\u00e1lytermekben, ahol a di\u00e1kok t\u00f6bb nyelven besz\u00e9lnek. \n<\/p>\n\n\n\n<p>\n  A mesters\u00e9ges intelligencia n\u00e9lk\u00fcl a tan\u00e1roknak k\u00e9zzel kellene leford\u00edtaniuk az anyagokat, \u00e9s minden egyes di\u00e1k nyelvi ig\u00e9nyeit k\u00fcl\u00f6n-k\u00fcl\u00f6n kellene kezelni\u00fck.\n<\/p>\n\n\n\n<p>\n  A mesters\u00e9ges intelligencia szem\u00e9lyre szabott j\u00e1t\u00e9kok \u00e9s tev\u00e9kenys\u00e9gek, p\u00e9ld\u00e1ul besz\u00e9dfelismer\u00e9s \u00e9s sz\u00f3kincsgyakorl\u00e1s r\u00e9v\u00e9n is t\u00e1mogathatja a nyelvtanul\u00e1st. \n<\/p>\n\n\n\n<h3 class=\"wp-block-heading\"><a id=\"post-4033-_fpkkt6e4xulo\"><\/a><strong>6. El\u0151rejelz\u0151 analitika<\/strong><\/h3>\n\n\n\n<p>\n  A predikt\u00edv analitika adatokat haszn\u00e1l arra, hogy megalapozott becsl\u00e9seket tegyen a lehets\u00e9ges j\u00f6v\u0151beli eredm\u00e9nyekr\u0151l.\n<\/p>\n\n\n\n<p>\n  Az oktat\u00e1sban ez azt jelenti, hogy a tanul\u00f3k adatainak elemz\u00e9s\u00e9vel azonos\u00edtani lehet a m\u0171k\u00f6d\u0151 (\u00e9s nem m\u0171k\u00f6d\u0151) trendeket, \u00e9s megalapozott d\u00f6nt\u00e9seket lehet hozni a tanul\u00f3k t\u00e1mogat\u00e1sa \u00e9rdek\u00e9ben.\n<\/p>\n\n\n\n<p>\n  A mesters\u00e9ges intelligencia kiv\u00e1l\u00f3an alkalmas a predikt\u00edv elemz\u00e9sre.\n<\/p>\n\n\n\n<p>\n  Ahelyett, hogy az \u00f6sszes munk\u00e1t k\u00e9zzel v\u00e9gezn\u00e9, a mesters\u00e9ges intelligencia k\u00e9pes nagy mennyis\u00e9g\u0171 adatot nagyon r\u00f6vid id\u0151 alatt feldolgozni, hogy olyan mint\u00e1kat fedezzen fel, mint az oszt\u00e1lyzatok, a jelenl\u00e9t \u00e9s az elk\u00f6telezetts\u00e9g.\n<\/p>\n\n\n\n<p>\n  Ez lehet\u0151v\u00e9 teszi a pedag\u00f3gusok sz\u00e1m\u00e1ra, hogy el\u0151re l\u00e1ss\u00e1k a lehets\u00e9ges probl\u00e9m\u00e1kat, p\u00e9ld\u00e1ul azokat a di\u00e1kokat, akik nehezen tanulnak, vagy akikn\u00e9l nagyobb a lemorzsol\u00f3d\u00e1s kock\u00e1zata.\n<\/p>\n\n\n\n<p>\n  A tan\u00e1rok \u00e9s az adminisztr\u00e1torok ezekkel a felismer\u00e9sekkel id\u0151ben l\u00e9p\u00e9seket tehetnek a tanul\u00f3k megseg\u00edt\u00e9s\u00e9re. \n<\/p>\n\n\n\n<p>\n  A predikt\u00edv analitika a val\u00f3s adatokon alapul\u00f3 \u00f3ratervek \u00e9s er\u0151forr\u00e1sok tervez\u00e9s\u00e9t \u00e9s finomhangol\u00e1s\u00e1t is seg\u00edti, ami jav\u00edthatja a di\u00e1kok \u00e1ltal\u00e1nos teljes\u00edtm\u00e9ny\u00e9t.\n<\/p>\n\n\n\n<h3 class=\"wp-block-heading\"><a id=\"post-4033-_4dpn46a6gnq\"><\/a><strong>7. T\u00e9nyellen\u0151rz\u00e9s \u00e9s pl\u00e1giumfelismer\u00e9s<\/strong><\/h3>\n\n\n\n<p>\n  A pl\u00e1gium komoly \u00e9s el\u00e9g gyakori probl\u00e9ma az iskol\u00e1ban.\n<\/p>\n\n\n\n<p>A mesters\u00e9ges intelligencia eszk\u00f6z\u00f6k egyre n\u00e9pszer\u0171bb\u00e9 v\u00e1l\u00e1s\u00e1val megn\u0151 a kock\u00e1zata annak is, hogy a <a href=\"https:\/\/undetectable.ai\/blog\/ai-plagiarism\/\" target=\"_blank\" rel=\"noreferrer noopener\">AI pl\u00e1gium<\/a>.<\/p>\n\n\n\n<figure class=\"wp-block-image size-large\"><img loading=\"lazy\" decoding=\"async\" width=\"1024\" height=\"445\" src=\"https:\/\/undetectable.ai/blog\/wp-content\/uploads\/2024\/05\/AI-plagiarism-detector-for-students-2754297-1024x445.jpeg\" alt=\"A felder\u00edthetetlen AI AI pl\u00e1giumellen\u0151rz\u0151je\" class=\"wp-image-3218\" title=\"\" srcset=\"https:\/\/undetectable.ai/blog\/wp-content\/uploads\/2024\/05\/AI-plagiarism-detector-for-students-2754297-1024x445.jpeg 1024w, https:\/\/undetectable.ai/blog\/wp-content\/uploads\/2024\/05\/AI-plagiarism-detector-for-students-2754297-300x130.jpeg 300w, https:\/\/undetectable.ai/blog\/wp-content\/uploads\/2024\/05\/AI-plagiarism-detector-for-students-2754297-768x334.jpeg 768w, https:\/\/undetectable.ai/blog\/wp-content\/uploads\/2024\/05\/AI-plagiarism-detector-for-students-2754297-1536x667.jpeg 1536w, https:\/\/undetectable.ai/blog\/wp-content\/uploads\/2024\/05\/AI-plagiarism-detector-for-students-2754297-18x8.jpeg 18w, https:\/\/undetectable.ai/blog\/wp-content\/uploads\/2024\/05\/AI-plagiarism-detector-for-students-2754297.jpeg 1600w\" sizes=\"auto, (max-width: 1024px) 100vw, 1024px\" \/><\/figure>\n\n\n\n<p>\n  Ez az\u00e9rt t\u00f6rt\u00e9nik, mert a mesters\u00e9ges intelligencia k\u00e9pes olyan sz\u00f6veget gener\u00e1lni, amely t\u00fals\u00e1gosan hasonl\u00edt a megl\u00e9v\u0151 forr\u00e1sokhoz, n\u00e9ha megfelel\u0151 hivatkoz\u00e1sok n\u00e9lk\u00fcl, \u00e9s ez vezet ahhoz, hogy valaki m\u00e1s munk\u00e1j\u00e1t akaratlanul plagiz\u00e1lj\u00e1k. \n<\/p>\n\n\n\n<p><a href=\"https:\/\/undetectable.ai\/ai-plagiarism-checker\" target=\"_blank\" rel=\"noreferrer noopener\">Pl\u00e1giumfelismer\u0151 eszk\u00f6z\u00f6k<\/a> mint p\u00e9ld\u00e1ul az Undetectable AI k\u00f6nnyed\u00e9n kezelheti ezt a probl\u00e9m\u00e1t.<\/p>\n\n\n\n<p>\n  Nagy mennyis\u00e9g\u0171 sz\u00f6veget k\u00e9pes \u00e1tvizsg\u00e1lni \u00e9s \u00f6sszehasonl\u00edtani a k\u00f6zz\u00e9tett forr\u00e1sok hatalmas adatb\u00e1zis\u00e1val, hogy pillanatok alatt megtal\u00e1lja a hasonl\u00f3s\u00e1gokat.\n<\/p>\n\n\n\n<p>\n  A Forbes \u00e1ltal az egyik legjobb mesters\u00e9ges intelligencia detektornak min\u0151s\u00edtett \u00e9s m\u00e1r milli\u00f3k \u00e1ltal haszn\u00e1lt Undetectable seg\u00edt biztos\u00edtani, hogy a tudom\u00e1nyos munka tisztess\u00e9ges \u00e9s hiteles maradjon.\n<\/p>\n\n\n\n<p>\n  A mesters\u00e9ges intelligencia sem teljesen t\u00f6k\u00e9letes, \u00e9s ak\u00e1r pontatlan vagy hamis inform\u00e1ci\u00f3kat is l\u00e9trehozhat.\n<\/p>\n\n\n\n<p>\n  A v\u00e1laszokat felsz\u00f3l\u00edt\u00e1sok alapj\u00e1n gener\u00e1lja, \u00e9s n\u00e9ha a felsz\u00f3l\u00edt\u00e1st a pontoss\u00e1ggal szemben el\u0151nyben r\u00e9szes\u00edti. \n<\/p>\n\n\n\n<p>Ez\u00e9rt kell felt\u00e9tlen\u00fcl <a href=\"https:\/\/undetectable.ai\/blog\/ai-fact-checking\/\" target=\"_blank\" rel=\"noreferrer noopener\">a mesters\u00e9ges intelligencia \u00e1ltal gener\u00e1lt tartalmak t\u00e9nyellen\u0151rz\u00e9se<\/a> hogy megbizonyosodjon arr\u00f3l, hogy az helyes \u00e9s megb\u00edzhat\u00f3.<\/p>\n\n\n\n<p>Tedd az Undetectable-t a megl\u00e9v\u0151 pl\u00e1gium- \u00e9s t\u00e9nyellen\u0151rz\u0151 eszk\u00f6zeid mellett az AI detektorodd\u00e1 \u00e9s pl\u00e1giumellen\u0151rz\u0151ddd\u00e9, hogy mindenre kiterjedjen a v\u00e9delem.<\/p>\n\n\n\n<p><strong>Fejlett AI detektor<\/strong><\/p>\n\n\n\n<p>Undetectable AI&#8217;s Advanced <a href=\"https:\/\/undetectable.ai\/\" target=\"_blank\" data-type=\"link\" data-id=\"https:\/\/undetectable.ai\/?showAIDetector=true&amp;mega-menu-pe=variation_c\" rel=\"noreferrer noopener\">AI Detector<\/a> t\u00falmutat a szok\u00e1sos pl\u00e1giumellen\u0151rz\u00e9sen. M\u00e9lytanul\u00f3 algoritmusokat haszn\u00e1l, hogy figyelemre m\u00e9lt\u00f3 pontoss\u00e1ggal azonos\u00edtsa a finom mesters\u00e9ges intelligencia \u00edr\u00e1smint\u00e1it, m\u00e9g az er\u0151sen szerkesztett vagy parafraz\u00e1lt sz\u00f6vegekben is.<\/p>\n\n\n<div class=\"wp-block-image\">\n<figure class=\"aligncenter size-large\"><img loading=\"lazy\" decoding=\"async\" width=\"1024\" height=\"252\" src=\"https:\/\/undetectable.ai/blog\/wp-content\/uploads\/2025\/09\/Undetectable-AI-Detector-\u2013-Human-Written-Result-1024x252.jpg\" alt=\"Undetectable AI Detector - Human Written Result k\u00e9perny\u0151k\u00e9p\" class=\"wp-image-13876\" title=\"\" srcset=\"https:\/\/undetectable.ai/blog\/wp-content\/uploads\/2025\/09\/Undetectable-AI-Detector-\u2013-Human-Written-Result-1024x252.jpg 1024w, https:\/\/undetectable.ai/blog\/wp-content\/uploads\/2025\/09\/Undetectable-AI-Detector-\u2013-Human-Written-Result-300x74.jpg 300w, https:\/\/undetectable.ai/blog\/wp-content\/uploads\/2025\/09\/Undetectable-AI-Detector-\u2013-Human-Written-Result-768x189.jpg 768w, https:\/\/undetectable.ai/blog\/wp-content\/uploads\/2025\/09\/Undetectable-AI-Detector-\u2013-Human-Written-Result-1536x377.jpg 1536w, https:\/\/undetectable.ai/blog\/wp-content\/uploads\/2025\/09\/Undetectable-AI-Detector-\u2013-Human-Written-Result-18x4.jpg 18w, https:\/\/undetectable.ai/blog\/wp-content\/uploads\/2025\/09\/Undetectable-AI-Detector-\u2013-Human-Written-Result.jpg 1600w\" sizes=\"auto, (max-width: 1024px) 100vw, 1024px\" \/><\/figure><\/div>\n\n\n<p>Ak\u00e1r essz\u00e9ket, jelent\u00e9seket vagy online tartalmakat vizsg\u00e1l, a fejlett mesters\u00e9ges intelligencia detektor seg\u00edt \u00d6nnek:<\/p>\n\n\n\n<ul class=\"wp-block-list\">\n<li>Rejtett, mesters\u00e9ges intelligencia \u00e1ltal gener\u00e1lt sz\u00f6veg m\u00e1sodpercek alatt felismer\u00e9se<\/li>\n\n\n\n<li>A tartalom hiteless\u00e9g\u00e9nek megb\u00edzhat\u00f3 ellen\u0151rz\u00e9se<\/li>\n\n\n\n<li>Az eredetis\u00e9g fenntart\u00e1sa minden beadv\u00e1nyban<\/li>\n<\/ul>\n\n\n\n<p>Val\u00f3s idej\u0171 elemz\u00e9s\u00e9vel \u00e9s megb\u00edzhat\u00f3 pontoss\u00e1g\u00e1val az Undetectable Advanced AI Detector a v\u00e9gs\u0151 megold\u00e1s az oktat\u00f3k, \u00edr\u00f3k \u00e9s olyan szakemberek sz\u00e1m\u00e1ra, akiknek fontos a munk\u00e1juk integrit\u00e1sa.<\/p>\n\n\n\n<p>Haszn\u00e1ld az AI Detector \u00e9s Humanizer programunkat k\u00f6zvetlen\u00fcl az al\u00e1bbi widgetben!<\/p>\n\n\n\n<div id=\"uai-widget\" data-affiliate-link=\"https:\/\/undetectable.ai\/?_by=hi4km\"><script>var js = document.createElement(\"script\");js.async = true;js.src = \"https:\/\/widget.undetectable.ai\/js\/widget-loader.js?t=\"+Date.now();document.getElementsByTagName(\"head\")[0].appendChild(js);<\/script><\/div>\n\n\n\n<h2 class=\"wp-block-heading\"><a id=\"post-4033-_jann6kx9rohe\"><\/a><strong>GYIK a mesters\u00e9ges intelligenci\u00e1r\u00f3l az oszt\u00e1lytermekben<\/strong><\/h2>\n\n\n<div id=\"rank-math-faq\" class=\"rank-math-block\">\n<div class=\"rank-math-list\">\n<div id=\"faq-question-1723503329236\" class=\"rank-math-list-item\">\n<h3 class=\"rank-math-question\"><strong>Hogyan hat majd a mesters\u00e9ges intelligencia az oktat\u00e1sra?<\/strong><\/h3>\n<div class=\"rank-math-answer\">\n\n<p>A mesters\u00e9ges intelligencia a rutinfeladatok megk\u00f6nny\u00edt\u00e9s\u00e9vel \u00e1talak\u00edtja az oktat\u00e1st. <\/p>\n<p>A rendszer egyszer\u0171s\u00edtheti az \u00e9rt\u00e9kel\u00e9sek k\u00e9sz\u00edt\u00e9s\u00e9t, seg\u00edthet a tartalomk\u00e9sz\u00edt\u00e9sben, \u00e9s t\u00e1mogathatja az oszt\u00e1lytermi ir\u00e1ny\u00edt\u00e1st, \u00edgy hat\u00e9konyabb\u00e1 t\u00e9ve az oktat\u00e1st. <\/p>\n<p>A legfontosabb, hogy a mesters\u00e9ges intelligenci\u00e1t felel\u0151ss\u00e9gteljesen haszn\u00e1ljuk, \u00e9s emberi fel\u00fcgyelettel egyens\u00falyban tartsuk, hogy elker\u00fclj\u00fck a f\u00e9lret\u00e1j\u00e9koztat\u00e1st \u00e9s a di\u00e1kok kritikus gondolkod\u00e1s\u00e1nak cs\u00f6kkent\u00e9s\u00e9t. <\/p>\n\n<\/div>\n<\/div>\n<div id=\"faq-question-1723503332526\" class=\"rank-math-list-item\">\n<h3 class=\"rank-math-question\"><strong>Mik a mesters\u00e9ges intelligencia el\u0151nyei \u00e9s h\u00e1tr\u00e1nyai az oktat\u00e1sban?<\/strong><\/h3>\n<div class=\"rank-math-answer\">\n\n<p>A mesters\u00e9ges intelligencia el\u0151nyei az oktat\u00e1sban t\u00f6bbek k\u00f6z\u00f6tt a hat\u00e9konys\u00e1g n\u00f6vel\u00e9se, a szem\u00e9lyre szabott tanul\u00e1si lehet\u0151s\u00e9gek \u00e9s a jobb d\u00f6nt\u00e9shozatalt lehet\u0151v\u00e9 tev\u0151 fokozott adatelemz\u00e9s. <\/p>\n<p>A h\u00e1tr\u00e1nyok k\u00f6z\u00e9 tartoznak azonban a lehets\u00e9ges pontatlans\u00e1gok, a technol\u00f3gi\u00e1t\u00f3l val\u00f3 t\u00falzott f\u00fcgg\u00e9s kock\u00e1zata, valamint a tudom\u00e1nyos integrit\u00e1s fenntart\u00e1s\u00e1val kapcsolatos kih\u00edv\u00e1sok. <\/p>\n\n<\/div>\n<\/div>\n<div id=\"faq-question-1723503338711\" class=\"rank-math-list-item\">\n<h3 class=\"rank-math-question\"><strong>Hogyan tudnak a pedag\u00f3gusok \u00e9s az int\u00e9zm\u00e9nyek megbirk\u00f3zni a mesters\u00e9ges intelligenci\u00e1val kapcsolatos kih\u00edv\u00e1sokkal az oktat\u00e1sban?<\/strong><\/h3>\n<div class=\"rank-math-answer\">\n\n<p>Az oktat\u00f3k \u00e9s az int\u00e9zm\u00e9nyek egy\u00e9rtelm\u0171 ir\u00e1nyelvek bevezet\u00e9s\u00e9vel kezelhetik a mesters\u00e9ges intelligenci\u00e1val kapcsolatos kih\u00edv\u00e1sokat. <\/p>\n<p>K\u00e9pz\u00e9st kell ny\u00fajtaniuk a felel\u0151s AI-haszn\u00e1latr\u00f3l, \u00e9s biztos\u00edtaniuk kell, hogy az AI-eszk\u00f6z\u00f6k ink\u00e1bb kieg\u00e9sz\u00edts\u00e9k, mintsem teljesen helyettes\u00edts\u00e9k az emberi \u00edt\u00e9l\u0151k\u00e9pess\u00e9get. <\/p>\n<p>A hat\u00e9kony integr\u00e1ci\u00f3 \u00e9rdek\u00e9ben rendszeresen ellen\u0151rizni\u00fck kell a t\u00e9nyeket, \u00e9s egyens\u00falyt kell fenntartaniuk a mesters\u00e9ges intelligencia \u00e9s a hagyom\u00e1nyos oktat\u00e1si m\u00f3dszerek k\u00f6z\u00f6tt. <\/p>\n\n<\/div>\n<\/div>\n<\/div>\n<\/div>\n\n\n<h2 class=\"wp-block-heading\"><a id=\"post-4033-_6wz6bm31rt53\"><\/a><strong>K\u00f6vetkeztet\u00e9s<\/strong><\/h2>\n\n\n\n<p>\n  A mesters\u00e9ges intelligencia haszn\u00e1lata az oszt\u00e1lytermekben val\u00f3ban hat\u00e1ssal lehet a tanul\u00e1sra.\n<\/p>\n\n\n\n<p>\n  A k\u00fcl\u00f6nb\u00f6z\u0151 mesters\u00e9ges intelligencia-eszk\u00f6z\u00f6k alkalmaz\u00e1s\u00e1val a tan\u00e1rok racionaliz\u00e1lhatj\u00e1k rutinfeladataikat, a tan\u00f3r\u00e1kat az egy\u00e9ni ig\u00e9nyekhez igaz\u00edthatj\u00e1k, \u00e9s sokkal \u00e9rdekesebb\u00e9 tehetik az oszt\u00e1lytermet - mik\u00f6zben rengeteg id\u0151t takar\u00edthatnak meg. \n<\/p>\n\n\n\n<p>\n  Ez a pedag\u00f3gusok sz\u00e1m\u00e1ra n\u00e9mi sz\u00fcks\u00e9ges szabads\u00e1got biztos\u00edt, hogy az \u00e1ltal\u00e1nos oktat\u00e1si \u00e9lm\u00e9ny jav\u00edt\u00e1s\u00e1ra \u00f6sszpontos\u00edthassanak.\n<\/p>\n\n\n\n<p>\n  Csak ne feledje, hogy ezeket az AI-eszk\u00f6z\u00f6ket megfelel\u0151en haszn\u00e1lja. Egyens\u00falyozza el\u0151nyeiket a saj\u00e1t megl\u00e1t\u00e1saival, hogy a tanul\u00e1s hat\u00e9kony \u00e9s hiteles maradjon.\n<\/p>\n\n\n\n<p>A pontoss\u00e1g biztos\u00edt\u00e1sa \u00e9s a tudom\u00e1nyos integrit\u00e1s fenntart\u00e1sa \u00e9rdek\u00e9ben t\u00e1maszkodjon az Undetectable AI-ra a cs\u00facsmin\u0151s\u00e9g\u0171 <a href=\"https:\/\/undetectable.ai\/\" target=\"_blank\" rel=\"noreferrer noopener\">AI felismer\u00e9s \u00e9s pl\u00e1giumellen\u0151rz\u00e9s<\/a>.<\/p>\n\n\n\n<p>A megfelel\u0151 megk\u00f6zel\u00edt\u00e9ssel \u00e9s eszk\u00f6z\u00f6kkel a mesters\u00e9ges intelligencia er\u0151teljes sz\u00f6vets\u00e9ges lehet egy dinamikusabb \u00e9s t\u00e1mogat\u00f3bb oktat\u00e1si k\u00f6rnyezet kialak\u00edt\u00e1s\u00e1ban.<\/p>\n\n\n\n<p>Okosabb, biztons\u00e1gosabb AI-haszn\u00e1lat az oszt\u00e1lyteremben - pr\u00f3b\u00e1ld ki! <a href=\"https:\/\/undetectable.ai\/\" target=\"_blank\" data-type=\"link\" data-id=\"https:\/\/undetectable.ai\/\" rel=\"noreferrer noopener\">Kimutathatatlan AI<\/a> ma.<\/p>","protected":false},"excerpt":{"rendered":"","protected":false},"author":15,"featured_media":22357,"comment_status":"closed","ping_status":"closed","sticky":false,"template":"","format":"standard","meta":{"_themeisle_gutenberg_block_has_review":false,"footnotes":""},"categories":[31],"tags":[],"class_list":["post-4033","post","type-post","status-publish","format-standard","has-post-thumbnail","hentry","category-helpful-ai-content-tips"],"_links":{"self":[{"href":"https:\/\/undetectable.ai/blog\/hu\/wp-json\/wp\/v2\/posts\/4033","targetHints":{"allow":["GET"]}}],"collection":[{"href":"https:\/\/undetectable.ai/blog\/hu\/wp-json\/wp\/v2\/posts"}],"about":[{"href":"https:\/\/undetectable.ai/blog\/hu\/wp-json\/wp\/v2\/types\/post"}],"author":[{"embeddable":true,"href":"https:\/\/undetectable.ai/blog\/hu\/wp-json\/wp\/v2\/users\/15"}],"replies":[{"embeddable":true,"href":"https:\/\/undetectable.ai/blog\/hu\/wp-json\/wp\/v2\/comments?post=4033"}],"version-history":[{"count":10,"href":"https:\/\/undetectable.ai/blog\/hu\/wp-json\/wp\/v2\/posts\/4033\/revisions"}],"predecessor-version":[{"id":22683,"href":"https:\/\/undetectable.ai/blog\/hu\/wp-json\/wp\/v2\/posts\/4033\/revisions\/22683"}],"wp:featuredmedia":[{"embeddable":true,"href":"https:\/\/undetectable.ai/blog\/hu\/wp-json\/wp\/v2\/media\/22357"}],"wp:attachment":[{"href":"https:\/\/undetectable.ai/blog\/hu\/wp-json\/wp\/v2\/media?parent=4033"}],"wp:term":[{"taxonomy":"category","embeddable":true,"href":"https:\/\/undetectable.ai/blog\/hu\/wp-json\/wp\/v2\/categories?post=4033"},{"taxonomy":"post_tag","embeddable":true,"href":"https:\/\/undetectable.ai/blog\/hu\/wp-json\/wp\/v2\/tags?post=4033"}],"curies":[{"name":"wp","href":"https:\/\/api.w.org\/{rel}","templated":true}]}}