{"id":4867,"date":"2025-12-21T19:56:10","date_gmt":"2025-12-21T19:56:10","guid":{"rendered":"https:\/\/undetectable.ai/blog\/?p=4867"},"modified":"2026-01-12T17:48:43","modified_gmt":"2026-01-12T17:48:43","slug":"hogyan-kell-irni-egy-konyvkritikat","status":"publish","type":"post","link":"https:\/\/undetectable.ai/blog\/hu\/hogyan-kell-irni-egy-konyvkritikat","title":{"rendered":"Hogyan \u00edrjunk k\u00f6nyvkritik\u00e1t: Gyakorlati \u00fatmutat\u00f3 p\u00e9ld\u00e1kkal"},"content":{"rendered":"<p>El\u0151fordult m\u00e1r, hogy egy recenzi\u00f3 alapj\u00e1n vett\u00e9l k\u00e9zbe egy k\u00f6nyvet, de azt\u00e1n elgondolkodt\u00e1l azon, hogy vajon a recenzens ugyanazt a t\u00f6rt\u00e9netet olvasta-e, mint te?<\/p>\n\n\n\n<p>K\u00f6nyvkritik\u00e1t \u00edrni olyan, mint egy elm\u00e9ly\u00fclt besz\u00e9lget\u00e9st folytatni m\u00e1s olvas\u00f3kkal, de ezt j\u00f3l csin\u00e1lni nehezebb, mint amilyennek l\u00e1tszik.<\/p>\n\n\n\n<p>Ak\u00e1r blogodra, a Goodreadsre vagy egy irodalmi foly\u00f3iratba \u00edrsz recenzi\u00f3t, ez az \u00fatmutat\u00f3 seg\u00edt abban, hogy olyan recenzi\u00f3kat \u00edrj, amelyek egyszerre \u00e9lesl\u00e1t\u00f3ak \u00e9s \u00e9rdekesek.<\/p>\n\n\n\n<p>A v\u00e9g\u00e9n minden sz\u00fcks\u00e9ges eszk\u00f6zzel rendelkezni fogsz ahhoz, hogy olyan kritik\u00e1kat \u00edrj, amelyeket az olvas\u00f3k val\u00f3ban el akarnak olvasni.<\/p>\n\n\n\n<hr class=\"wp-block-separator has-alpha-channel-opacity\"\/>\n\n\n\n<p class=\"has-text-align-center\"><strong>A legfontosabb tudnival\u00f3k<\/strong><\/p>\n\n\n\n<ul class=\"wp-block-list\">\n<li>Az \u00e1t\u00edr\u00e1s legkritikusabb l\u00e9p\u00e9se az eredeti \u00fczenet \u00e9s \u00e9rzelmi hangnem meg\u0151rz\u00e9se, azaz a bonyolult nyelvb\u0151l a vil\u00e1gos nyelvbe val\u00f3 ford\u00edt\u00e1s.<\/li>\n<\/ul>\n\n\n\n<p><\/p>\n\n\n\n<ul class=\"wp-block-list\">\n<li>A 7 alapvet\u0151 technik\u00e1t kell alkalmaznia, olyan strat\u00e9gi\u00e1kkal, mint a parafraz\u00e1l\u00e1s, a hossz\u00fa mondatok felbont\u00e1sa \u00e9s az akt\u00edv hangnem el\u0151t\u00e9rbe helyez\u00e9se, hogy szisztematikusan n\u00f6velje a vil\u00e1goss\u00e1got \u00e9s a foly\u00e9konys\u00e1got.<\/li>\n<\/ul>\n\n\n\n<p><\/p>\n\n\n\n<ul class=\"wp-block-list\">\n<li>A c\u00e9l az objektivit\u00e1s, nem a v\u00e9lem\u00e9ny. Mindig ker\u00fclje a szem\u00e9lyes \u00e9rz\u00e9sek, \u00e9rtelmez\u00e9sek vagy r\u00e9szletes kritik\u00e1k hozz\u00e1ad\u00e1s\u00e1t; szigor\u00faan tartsa be a k\u00f6nyv t\u00e9nybeli tartalm\u00e1t \u00e9s szerkezet\u00e9t.<\/li>\n<\/ul>\n\n\n\n<p><\/p>\n\n\n\n<ul class=\"wp-block-list\">\n<li>Soha ne \u00edrj \u00e1t egy mondatot \u00f6nmag\u00e1ban; mindig vedd figyelembe a k\u00f6rnyez\u0151 bekezd\u00e9st, hogy az \u00faj mondat hozz\u00e1j\u00e1ruljon az \u00e1ltal\u00e1nos ritmushoz \u00e9s a narrat\u00edv el\u0151rehalad\u00e1shoz.<\/li>\n<\/ul>\n\n\n\n<p><\/p>\n\n\n\n<hr class=\"wp-block-separator has-alpha-channel-opacity\"\/>\n\n\n\n<h2 class=\"wp-block-heading\"><strong>Mi az a k\u00f6nyvkritika?<\/strong><\/h2>\n\n\n\n<p>Tiszt\u00e1zzunk egy dolgot: egy k\u00f6nyvkritika nem csak arr\u00f3l sz\u00f3l, hogy elmondod az embereknek, tetszik-e neked egy k\u00f6nyv vagy sem.<\/p>\n\n\n\n<p>Gondoljon r\u00e1 \u00fagy, mint egy \u00e1tgondolt vit\u00e1ra, amely seg\u00edt m\u00e1soknak eld\u00f6nteni, hogy \u00e9rdemes-e id\u0151t sz\u00e1nniuk az olvas\u00e1sra.<\/p>\n\n\n\n<p>Egy j\u00f3 \u00e1ttekint\u00e9s <a href=\"https:\/\/writingcenter.unc.edu\/tips-and-tools\/book-reviews\/\" data-type=\"link\" data-id=\"https:\/\/writingcenter.unc.edu\/tips-and-tools\/book-reviews\/\" target=\"_blank\" rel=\"noreferrer noopener\">egyens\u00falyt teremt a szem\u00e9lyes reakci\u00f3 \u00e9s a kritikai elemz\u00e9s k\u00f6z\u00f6tt<\/a>\u2014mintha egyszerre lenn\u00e9l szenved\u00e9lyes olvas\u00f3 \u00e9s figyelmes megfigyel\u0151.<\/p>\n\n\n\n<p>Egy professzion\u00e1lis k\u00f6nyvkritika \u00e1ltal\u00e1ban a k\u00f6vetkez\u0151ket tartalmazza:<\/p>\n\n\n\n<ul class=\"wp-block-list\">\n<li>Egy mag\u00e1val ragad\u00f3 horog, amely bevonzza az olvas\u00f3kat<\/li>\n\n\n\n<li>Alapinform\u00e1ci\u00f3k a k\u00f6nyvr\u0151l (c\u00edm, szerz\u0151, m\u0171faj, megjelen\u00e9si d\u00e1tum)<\/li>\n\n\n\n<li>R\u00f6vid cselekm\u00e9ny \u00e1ttekint\u00e9s nagyobb spoilerek n\u00e9lk\u00fcl<\/li>\n\n\n\n<li>Az \u00edr\u00e1sm\u00f3d, a t\u00e9m\u00e1k \u00e9s a karakterfejl\u0151d\u00e9s elemz\u00e9se<\/li>\n\n\n\n<li>A k\u00f6nyv er\u0151ss\u00e9geinek \u00e9s gyenges\u00e9geinek megvitat\u00e1sa<\/li>\n\n\n\n<li>Konkr\u00e9t p\u00e9ld\u00e1k a v\u00e9lem\u00e9nyek al\u00e1t\u00e1maszt\u00e1s\u00e1ra<\/li>\n\n\n\n<li>Egy\u00e9rtelm\u0171 aj\u00e1nl\u00e1s a potenci\u00e1lis olvas\u00f3k sz\u00e1m\u00e1ra<\/li>\n<\/ul>\n\n\n\n<h2 class=\"wp-block-heading\">K\u00fcl\u00f6nb\u00f6z\u0151 \u00e9rt\u00e9kel\u00e9s t\u00edpusok p\u00e9ld\u00e1i<\/h2>\n\n\n\n<p>N\u00e9zz\u00fcnk meg n\u00e9h\u00e1ny p\u00e9ld\u00e1t, amelyeket az\u00e9rt \u00edrtunk, hogy meg\u00e9rts\u00fck a k\u00fcl\u00f6nb\u00f6z\u0151 t\u00edpus\u00fa k\u00f6nyvkritik\u00e1kat:<\/p>\n\n\n\n<figure class=\"wp-block-table\"><table class=\"has-fixed-layout\"><thead><tr><td class=\"has-text-align-center\" data-align=\"center\"><strong>V\u00e9lem\u00e9ny t\u00edpus<\/strong><\/td><td class=\"has-text-align-center\" data-align=\"center\"><strong>F\u00f3kusz \u00e9s hangsz\u00edn<\/strong><\/td><td class=\"has-text-align-center\" data-align=\"center\"><strong>P\u00e9lda id\u00e9zet<\/strong><\/td><\/tr><\/thead><tbody><tr><td class=\"has-text-align-center\" data-align=\"center\"><strong>Akad\u00e9miai fel\u00fclvizsg\u00e1lat<\/strong><\/td><td class=\"has-text-align-center\" data-align=\"center\">Filoz\u00f3fiai m\u00e9lys\u00e9g, irodalmi \u00e9rt\u00e9k kritikai elemz\u00e9se.<\/td><td class=\"has-text-align-center\" data-align=\"center\">\u201cHaig metafizikai elbesz\u00e9l\u00e9se a m\u00e1gikus realizmus szemsz\u00f6g\u00e9b\u0151l vizsg\u00e1lja a megb\u00e1n\u00e1s kvantummechanik\u00e1j\u00e1t, filoz\u00f3fiai m\u00e9lys\u00e9get \u00e9s \u00e9rzelmi visszhangot k\u00edn\u00e1lva egyar\u00e1nt. B\u00e1r az alapfeltev\u00e9s nem teljesen \u00fajszer\u0171, a kivitelez\u00e9s leny\u0171g\u00f6z\u0151 elm\u00e9lked\u00e9st eredm\u00e9nyez a v\u00e1laszt\u00e1s \u00e9s az el\u00e9gedetts\u00e9g t\u00e9m\u00e1j\u00e1r\u00f3l.\u201d<\/td><\/tr><tr><td class=\"has-text-align-center\" data-align=\"center\"><strong>Fogyaszt\u00f3i \u00e9rt\u00e9kel\u00e9s<\/strong><\/td><td class=\"has-text-align-center\" data-align=\"center\">Szem\u00e9lyes reakci\u00f3, \u00e9rzelmi hat\u00e1sok, gyakorlati aj\u00e1nl\u00e1sok.<\/td><td class=\"has-text-align-center\" data-align=\"center\">\u201cEz a k\u00f6nyv hajnali 3-ig \u00e9bren tartott! A szerepl\u0151k olyanok voltak, mintha r\u00e9gi bar\u00e1tok lenn\u00e9nek, \u00e9s alig v\u00e1rtam, hogy megtudjam, mi fog t\u00f6rt\u00e9nni. Figyelmeztet\u00e9s: a k\u00f6z\u00e9ps\u0151 r\u00e9sz kiss\u00e9 elh\u00faz\u00f3dik, de a v\u00e9ge k\u00e1rp\u00f3tol \u00e9rte.\u201d<\/td><\/tr><tr><td class=\"has-text-align-center\" data-align=\"center\"><strong>Szakmai \u00e9rt\u00e9kel\u00e9s<\/strong><\/td><td class=\"has-text-align-center\" data-align=\"center\">\u00d6tv\u00f6zi az irodalmi kritik\u00e1t a t\u00e1rsadalmi komment\u00e1rral, a szerkezetre \u00e9s a t\u00e9m\u00e1ra \u00f6sszpontos\u00edt.<\/td><td class=\"has-text-align-center\" data-align=\"center\">\"Smith olyan elbesz\u00e9l\u00e9st alkot, amely ellen\u00e1ll a k\u00f6nny\u0171 kategoriz\u00e1l\u00e1snak, az irodalmi fikci\u00f3 elemeit \u00e9les t\u00e1rsadalmi komment\u00e1rokkal vegy\u00edtve. Az eredm\u00e9ny egyszerre id\u0151szer\u0171 \u00e9s id\u0151t\u00e1ll\u00f3, b\u00e1r a harmadik felvon\u00e1s id\u0151nk\u00e9nti temp\u00f3probl\u00e9m\u00e1i kiss\u00e9 cs\u00f6kkentik az \u00e1ltal\u00e1nos hat\u00e1st.\"<\/td><\/tr><\/tbody><\/table><\/figure>\n\n\n\n<h2 class=\"wp-block-heading\"><strong>A k\u00f6nyvkritika legfontosabb elemei<\/strong><\/h2>\n\n\n\n<figure class=\"wp-block-image size-large\"><img loading=\"lazy\" decoding=\"async\" width=\"1024\" height=\"683\" src=\"https:\/\/undetectable.ai/blog\/wp-content\/uploads\/2024\/11\/book-review-1024x683.jpg\" alt=\"\" class=\"wp-image-4869\" title=\"\" srcset=\"https:\/\/undetectable.ai/blog\/wp-content\/uploads\/2024\/11\/book-review-1024x683.jpg 1024w, https:\/\/undetectable.ai/blog\/wp-content\/uploads\/2024\/11\/book-review-300x200.jpg 300w, https:\/\/undetectable.ai/blog\/wp-content\/uploads\/2024\/11\/book-review-768x512.jpg 768w, https:\/\/undetectable.ai/blog\/wp-content\/uploads\/2024\/11\/book-review-18x12.jpg 18w, https:\/\/undetectable.ai/blog\/wp-content\/uploads\/2024\/11\/book-review.jpg 1125w\" sizes=\"auto, (max-width: 1024px) 100vw, 1024px\" \/><\/figure>\n\n\n\n<p>Egy er\u0151s k\u00f6nyvkritika t\u00falmutat az egyszer\u0171 dics\u00e9reten vagy kritik\u00e1n - a k\u00f6nyv sz\u00edv\u00e9be hatol.<\/p>\n\n\n\n<p>Ahhoz, hogy egy visszhangot kiv\u00e1lt\u00f3 recenzi\u00f3t \u00edrj, egyens\u00falyt kell teremtened a szem\u00e9lyes reakci\u00f3id \u00e9s a t\u00e9m\u00e1k, karakterek, \u00edr\u00e1sst\u00edlus \u00e9s cselekm\u00e9ny kritikai elemz\u00e9se k\u00f6z\u00f6tt.<\/p>\n\n\n\n<h3 class=\"wp-block-heading\"><strong>\u00d6sszefoglal\u00f3 vs. m\u00e9lyrehat\u00f3 elemz\u00e9s<\/strong><\/h3>\n\n\n\n<p>Sok kritikus itt bukd\u00e1csol - t\u00fal sok id\u0151t t\u00f6lt a t\u00f6rt\u00e9net \u00fajb\u00f3li elmes\u00e9l\u00e9s\u00e9vel, \u00e9s nem el\u00e9g id\u0151t az elemz\u00e9s\u00e9vel. <\/p>\n\n\n\n<p><a href=\"https:\/\/books.byui.edu\/writing\/literature_review_2\" target=\"_blank\" rel=\"noreferrer noopener\">A cselekm\u00e9ny \u00f6sszefoglal\u00f3j\u00e1nak olyannak kell lennie, mint egy filmel\u0151zetesnek<\/a>, \u00e9ppen eleget adva az olvas\u00f3knak ahhoz, hogy meg\u00e9rts\u00e9k a kontextust an\u00e9lk\u00fcl, hogy elrontan\u00e1k az \u00e9lm\u00e9nyt.<\/p>\n\n\n\n<figure class=\"wp-block-table\"><table class=\"has-fixed-layout\"><thead><tr><td class=\"has-text-align-center\" data-align=\"center\"><strong>K\u00f6nyv c\u00edme<\/strong><\/td><td class=\"has-text-align-center\" data-align=\"center\"><strong>Gyenge \u00f6sszefoglal\u00e1s (t\u00fal sok cselekm\u00e9ny)<\/strong><\/td><td class=\"has-text-align-center\" data-align=\"center\"><strong>Jobb \u00f6sszefoglal\u00e1s (a konfliktusra \u00f6sszpontos\u00edt)<\/strong><\/td><\/tr><\/thead><tbody><tr><td class=\"has-text-align-center\" data-align=\"center\"><strong>B\u00fcszkes\u00e9g \u00e9s bal\u00edt\u00e9let<\/strong><\/td><td class=\"has-text-align-center\" data-align=\"center\">Elizabeth Bennet megismerkedik Mr. Darcyval. Eleinte nem kedvelik egym\u00e1st. Azt\u00e1n j\u00f6nnek a n\u0151v\u00e9reivel kapcsolatos esem\u00e9nyek. Lydia elsz\u00f6kik. V\u00e9g\u00fcl Elizabeth \u00e9s Darcy egym\u00e1sba szeretnek \u00e9s \u00f6sszeh\u00e1zasodnak.<\/td><td class=\"has-text-align-center\" data-align=\"center\">A georgiai korszak Angli\u00e1j\u00e1ban az \u00e9les esz\u0171 Elizabeth Bennet a t\u00e1rsadalmi elv\u00e1r\u00e1sok \u00e9s saj\u00e1t el\u0151\u00edt\u00e9letei k\u00f6z\u00f6tt lav\u00edrozik, mik\u00f6zben megismerkedik a b\u00fcszke Mr. Darcyval. Kezdeti k\u00f6lcs\u00f6n\u00f6s megvet\u00e9s\u00fck meg\u00e9rt\u00e9ss\u00e9 alakul, amikor mindk\u00e9t szerepl\u0151 szembes\u00fcl saj\u00e1t hib\u00e1ival a t\u00e1rsadalmi oszt\u00e1ly, a h\u00edrn\u00e9v \u00e9s a csal\u00e1di k\u00f6telezetts\u00e9gek h\u00e1tter\u00e9ben.<\/td><\/tr><tr><td class=\"has-text-align-center\" data-align=\"center\"><strong>Evelyn Hugo h\u00e9t f\u00e9rje<\/strong><\/td><td class=\"has-text-align-center\" data-align=\"center\">Egy id\u0151s filmszt\u00e1r elmes\u00e9li \u00e9let\u00e9t egy \u00fajs\u00e1g\u00edr\u00f3nak. Besz\u00e9l minden f\u00e9rj\u00e9r\u0151l \u00e9s titkokat is el\u00e1rul. A v\u00e9g\u00e9n egy meglep\u0151 fordulat k\u00f6vetkezik.<\/td><td class=\"has-text-align-center\" data-align=\"center\">Az id\u0151s hollywoodi ikon, Evelyn Hugo t\u00f6bb \u00e9vtizedes hallgat\u00e1s ut\u00e1n egy ismeretlen \u00fajs\u00e1g\u00edr\u00f3t v\u00e1laszt ki v\u00e9gleges \u00e9letrajz\u00e1nak meg\u00edr\u00e1s\u00e1ra. Ahogy elmes\u00e9li h\u00e9t h\u00e1zass\u00e1g\u00e1nak t\u00f6rt\u00e9net\u00e9t, egy sokkal \u00f6sszetettebb t\u00f6rt\u00e9net bontakozik ki \u2013 az amb\u00edci\u00f3, a szexualit\u00e1s \u00e9s a 20. sz\u00e1zadi Amerik\u00e1ban a h\u00edrn\u00e9v\u00e9rt fizetett \u00e1r t\u00f6rt\u00e9nete.<\/td><\/tr><\/tbody><\/table><\/figure>\n\n\n\n<h3 class=\"wp-block-heading\"><strong>Karakterek, t\u00e9m\u00e1k \u00e9s st\u00edlus \u00e9rt\u00e9kel\u00e9se<\/strong><\/h3>\n\n\n\n<ul class=\"wp-block-list\">\n<li><strong>Szerepl\u0151k:<\/strong> Vedd figyelembe a fejl\u0151d\u00e9s\u00fcket, motiv\u00e1ci\u00f3ikat (hitelesek a cselekedeteik?), kapcsolataikat \u00e9s \u00e1ltal\u00e1nos \u00f6sszetetts\u00e9g\u00fcket.<\/li>\n\n\n\n<li><strong>T\u00e9m\u00e1k:<\/strong> K\u00e9rdezze meg, hogy a k\u00f6nyv milyen nagyobb k\u00e9rd\u00e9seket vizsg\u00e1l (pl. igazs\u00e1goss\u00e1g, \u00e1ldozat), \u00e9s hogy ezek a t\u00e9m\u00e1k hogyan alakulnak a t\u00f6rt\u00e9net sor\u00e1n.<\/li>\n\n\n\n<li><strong>\u00cdr\u00e1sm\u00f3d:<\/strong> Vizsg\u00e1lja meg a pr\u00f3za min\u0151s\u00e9g\u00e9t (vir\u00e1gos, sz\u0171kszav\u00fa, technikai?), a temp\u00f3t (a t\u00f6rt\u00e9net megfelel\u0151 sebess\u00e9ggel halad-e?) \u00e9s a v\u00e1lasztott n\u00e9z\u0151pont hat\u00e9konys\u00e1g\u00e1t.<\/li>\n<\/ul>\n\n\n\n<h2 class=\"wp-block-heading\"><strong>Hogyan kell fel\u00e9p\u00edteni egy k\u00f6nyvkritik\u00e1t<\/strong><\/h2>\n\n\n\n<p>A gondolatok rendszerez\u00e9se elengedhetetlen ahhoz, hogy vil\u00e1gos \u00e9s \u00e9rdekes \u00e9rt\u00e9kel\u00e9st tudjunk \u00edrni.<\/p>\n\n\n\n<p>A bevezet\u0151 mondatt\u00f3l a v\u00e9gs\u0151 aj\u00e1nl\u00e1sig minden szakasznak megvan a maga szerepe.<\/p>\n\n\n\n<h3 class=\"wp-block-heading\">1. <strong>Bevezet\u00e9s: Hook \u00e9s kontextus<\/strong><\/h3>\n\n\n\n<p>A bevezet\u0151 bekezd\u00e9snek t\u00f6bb feladatot is el kell l\u00e1tnia: \u00e9rdekes megfigyel\u00e9ssel kell felkeltenie az olvas\u00f3 figyelm\u00e9t, alapvet\u0151 inform\u00e1ci\u00f3kat kell ny\u00fajtania a k\u00f6nyvr\u0151l, meg kell hat\u00e1roznia a recenzi\u00f3 hangv\u00e9tel\u00e9t, \u00e9s \u00e1t kell adnia az \u00e1ltal\u00e1nos benyom\u00e1sait.<\/p>\n\n\n\n<blockquote class=\"wp-block-quote is-layout-flow wp-block-quote-is-layout-flow\">\n<p><strong>P\u00e9lda:<\/strong> \u201cVannak k\u00f6nyvek, amelyek az utols\u00f3 oldalig magukkal ragadnak. M\u00e1sok lassan sz\u0151nek var\u00e1zslatot, mint egy meleg cs\u00e9sze tea egy es\u0151s d\u00e9lut\u00e1non. Sarah Waters \u2018A kis idegen\u2019 c\u00edm\u0171 reg\u00e9nye a m\u00e1sodik kateg\u00f3ri\u00e1ba tartozik \u2013 egy mesteri p\u00e9ld\u00e1ja a lassan \u00e9p\u00edtkez\u0151 g\u00f3tikus fesz\u00fclts\u00e9gnek, amely bizony\u00edtja, hogy egyes k\u00eds\u00e9rteth\u00e1zas t\u00f6rt\u00e9netek ink\u00e1bb az emberekr\u0151l sz\u00f3lnak, mint a szellemekr\u0151l.\u201d<\/p>\n<\/blockquote>\n\n\n\n<h3 class=\"wp-block-heading\"><strong>2. A k\u00f6nyv \u00f6sszefoglal\u00e1sa: Konfliktus, nem megold\u00e1s<\/strong><\/h3>\n\n\n\n<p>Az \u00f6sszefoglal\u00f3 egy m\u0171 r\u00f6vid\u00edtett v\u00e1ltozata.<\/p>\n\n\n\n<p>Amikor <a href=\"https:\/\/undetectable.ai\/blog\/what-is-a-summary\/\" target=\"_blank\" data-type=\"link\" data-id=\"https:\/\/undetectable.ai\/blog\/what-is-a-summary\/\" rel=\"noreferrer noopener\">\u00f6sszefoglal\u00f3j\u00e1nak meg\u00edr\u00e1sa<\/a>, \u00f6sszpontos\u00edtson a f\u0151bb cselekm\u00e9nypontokra, \u00e9s ker\u00fclje a spoilereket (ha valamit el kell \u00e1rulnia, mindenk\u00e9ppen figyelmeztesse el\u0151bb az olvas\u00f3kat!).<\/p>\n\n\n\n<p>T\u00f6rekedjen arra, hogy az \u00f6sszefoglal\u00f3 r\u00f6vid legyen, ide\u00e1lis esetben egy-k\u00e9t bekezd\u00e9s hossz\u00fas\u00e1g\u00fa.<\/p>\n\n\n\n<p>Egy j\u00f3 formula:<\/p>\n\n\n\n<ul class=\"wp-block-list\">\n<li>Mutassa be a f\u0151szerepl\u0151t \u00e9s a kiindul\u00e1si helyzet\u00e9t.<\/li>\n\n\n\n<li>\u00cdrja le a k\u00f6zponti konfliktust vagy probl\u00e9m\u00e1t.<\/li>\n\n\n\n<li>Utaljon a t\u00e9tre.<\/li>\n\n\n\n<li>Hagyja a felbont\u00e1st teljesen tiszt\u00e1zatlanul.<\/li>\n<\/ul>\n\n\n\n<h3 class=\"wp-block-heading\"><strong>3. Elemz\u00e9s \u00e9s szem\u00e9lyes \u00e9rt\u00e9kel\u00e9s (a mag)<\/strong><\/h3>\n\n\n\n<p>Ez a szakasz a fel\u00fclvizsg\u00e1latod k\u00f6r\u00fclbel\u00fcl 60%-j\u00e9t kell, hogy kiteszi.<\/p>\n\n\n\n<p>A legfontosabb szempontok k\u00f6r\u00e9 \u00e9p\u00edtse fel:<\/p>\n\n\n\n<ul class=\"wp-block-list\">\n<li><strong>\u00cdr\u00e1sm\u00f3d:<\/strong> Hogyan szolg\u00e1lja a szerz\u0151 pr\u00f3z\u00e1ja a t\u00f6rt\u00e9netet? Mi teszi hangj\u00e1t egyediv\u00e9? Adjon meg r\u00f6vid, konkr\u00e9t p\u00e9ld\u00e1kat.<\/li>\n\n\n\n<li><strong>Karakterfejl\u0151d\u00e9s:<\/strong> Melyik karakterek t\u0171nnek a leghitelesebbnek? Hogyan fejl\u0151dnek vagy v\u00e1ltoznak?<\/li>\n\n\n\n<li><strong>A cselekm\u00e9ny \u00e9s a temp\u00f3:<\/strong> A t\u00f6rt\u00e9net term\u00e9szetesen folyik? Mennyire j\u00f3l kezelik a meglepet\u00e9seket \u00e9s a fordulatokat?<\/li>\n\n\n\n<li><strong>T\u00e9m\u00e1k:<\/strong> Milyen m\u00e9lyebb \u00fczenetek jelennek meg? Mennyire hat\u00e9konyan vizsg\u00e1lj\u00e1k \u0151ket?<\/li>\n<\/ul>\n\n\n\n<h3 class=\"wp-block-heading\"><strong>4. K\u00f6vetkeztet\u00e9s \u00e9s aj\u00e1nl\u00e1s<\/strong><\/h3>\n\n\n\n<p>Z\u00e1rja le a recenzi\u00f3t azzal, hogy \u00f6sszefoglalja f\u0151 benyom\u00e1sait, meghat\u00e1rozza, kiknek tetszene legink\u00e1bb ez a k\u00f6nyv, \u00e9s ha hasznosnak tartja, hasonl\u00edtsa \u00f6ssze hasonl\u00f3 m\u0171vekkel.<\/p>\n\n\n\n<p>Ha a platformod megk\u00f6veteli, adj hozz\u00e1 \u00e9rt\u00e9kel\u00e9st.<\/p>\n\n\n\n<blockquote class=\"wp-block-quote is-layout-flow wp-block-quote-is-layout-flow\">\n<p><strong>P\u00e9lda:<\/strong> \u201c\u00d6sszess\u00e9g\u00e9ben ez a reg\u00e9ny egy izgalmas rejt\u00e9ly, j\u00f3l megalkotott fesz\u00fclts\u00e9ggel \u00e9s vonz\u00f3 karakterekkel. A thriller \u00e9s a krimi rajong\u00f3i \u00e9lvezni fogj\u00e1k a kisz\u00e1m\u00edthatatlan fordulatokat, amelyek a v\u00e9g\u00e9ig izgalomban tartj\u00e1k az olvas\u00f3t. Remek v\u00e1laszt\u00e1s azok sz\u00e1m\u00e1ra, akik \u00e9lvezt\u00e9k <em>Elt\u0171nt l\u00e1ny<\/em> vagy <em>A l\u00e1ny a vonaton<\/em>. Az er\u0151s cselekm\u00e9ny \u00e9s a eml\u00e9kezetes karakterek miatt 4,5 pontot adn\u00e9k neki az 5-b\u0151l.\u201d<\/p>\n\n\n<div class=\"wp-block-image\">\n<figure class=\"aligncenter size-large\"><img loading=\"lazy\" decoding=\"async\" width=\"1024\" height=\"504\" src=\"https:\/\/undetectable.ai/blog\/wp-content\/uploads\/2024\/12\/AI-Conclusion-Generator-1024x504.jpg\" alt=\"Pillanatk\u00e9p a felder\u00edthetetlen AI eszk\u00f6zr\u0151l AI Conclusion Generator\" class=\"wp-image-11164\" title=\"\" srcset=\"https:\/\/undetectable.ai/blog\/wp-content\/uploads\/2024\/12\/AI-Conclusion-Generator-1024x504.jpg 1024w, https:\/\/undetectable.ai/blog\/wp-content\/uploads\/2024\/12\/AI-Conclusion-Generator-300x148.jpg 300w, https:\/\/undetectable.ai/blog\/wp-content\/uploads\/2024\/12\/AI-Conclusion-Generator-768x378.jpg 768w, https:\/\/undetectable.ai/blog\/wp-content\/uploads\/2024\/12\/AI-Conclusion-Generator-1536x756.jpg 1536w, https:\/\/undetectable.ai/blog\/wp-content\/uploads\/2024\/12\/AI-Conclusion-Generator-2048x1008.jpg 2048w, https:\/\/undetectable.ai/blog\/wp-content\/uploads\/2024\/12\/AI-Conclusion-Generator-18x9.jpg 18w\" sizes=\"auto, (max-width: 1024px) 100vw, 1024px\" \/><\/figure><\/div>\n\n\n<p>Annak \u00e9rdek\u00e9ben, hogy az \u00e9rt\u00e9kel\u00e9sed ne csak \u00fagy elhalv\u00e1nyuljon a v\u00e9g\u00e9n, haszn\u00e1lhatod az \u00c9szrevehetetlen mesters\u00e9ges intelligenci\u00e1nkat. <a href=\"https:\/\/undetectable.ai\/conclusion-generator\" target=\"_blank\" rel=\"noreferrer noopener\">K\u00f6vetkeztet\u00e9s gener\u00e1tor<\/a> hogy a k\u00f6nyvismertet\u00e9st egy er\u0151s, hat\u00e1rozott z\u00e1r\u00f3 \u00edt\u00e9lettel z\u00e1rja le, amely \u00f6sszek\u00f6ti a p\u00e9ld\u00e1kat.<\/p>\n\n\n\n<p>Ez seg\u00edt abban, hogy a bonyolult karakter\u00edveket \u00e9s cselekm\u00e9nypontokat egy koherens z\u00e1r\u00f3mondatt\u00e1 szintetiz\u00e1lja, amely az olvas\u00f3k sz\u00e1m\u00e1ra vil\u00e1gosan \u00e9rthet\u0151v\u00e9 teszi a k\u00f6nyv v\u00e9gs\u0151 \u00e9rt\u00e9k\u00e9t.<\/p>\n<\/blockquote>\n\n\n\n<h3 class=\"wp-block-heading\"><strong>Milyen hossz\u00fa legyen egy k\u00f6nyvkritika?<\/strong><\/h3>\n\n\n\n<p><a href=\"https:\/\/libguides.usc.edu\/writingguide\/assignments\/bookreview\" target=\"_blank\" rel=\"noreferrer noopener\">A v\u00e9lem\u00e9nyek \u00e1ltal\u00e1ban 500-2000 sz\u00f3 terjedelm\u0171ek<\/a> de lehet hosszabb vagy r\u00f6videbb is, t\u00f6bb t\u00e9nyez\u0151t\u0151l f\u00fcgg\u0151en, bele\u00e9rtve az \u00e1ttekint\u00e9s c\u00e9lj\u00e1t, c\u00e9lk\u00f6z\u00f6ns\u00e9g\u00e9t \u00e9s a publik\u00e1ci\u00f3s platformot.<\/p>\n\n\n\n<figure class=\"wp-block-table\"><table class=\"has-fixed-layout\"><thead><tr><td class=\"has-text-align-center\" data-align=\"center\"><strong>Platform<\/strong><\/td><td class=\"has-text-align-center\" data-align=\"center\"><strong>Ide\u00e1lis hossz\u00fas\u00e1g<\/strong><\/td><td class=\"has-text-align-center\" data-align=\"center\"><strong>F\u00f3kusz \u00e9s k\u00f6vetelm\u00e9nyek<\/strong><\/td><\/tr><\/thead><tbody><tr><td class=\"has-text-align-center\" data-align=\"center\"><strong>Goodreads\/Amazon<\/strong><\/td><td class=\"has-text-align-center\" data-align=\"center\">200\u2013300 sz\u00f3<\/td><td class=\"has-text-align-center\" data-align=\"center\">\u00d6sszpontos\u00edtson a szem\u00e9lyes reakci\u00f3ra \u00e9s egy\u00e9rtelm\u0171 aj\u00e1nl\u00e1sra.<\/td><\/tr><tr><td class=\"has-text-align-center\" data-align=\"center\"><strong>Szem\u00e9lyes blog\/Medium<\/strong><\/td><td class=\"has-text-align-center\" data-align=\"center\">500\u20131000 sz\u00f3<\/td><td class=\"has-text-align-center\" data-align=\"center\">T\u00f6bb hely az elemz\u00e9seknek, id\u00e9zeteknek \u00e9s szem\u00e9lyes anekdot\u00e1knak.<\/td><\/tr><tr><td class=\"has-text-align-center\" data-align=\"center\"><strong>Irodalmi foly\u00f3iratok<\/strong><\/td><td class=\"has-text-align-center\" data-align=\"center\">1000\u20131500 sz\u00f3<\/td><td class=\"has-text-align-center\" data-align=\"center\">M\u00e9lyrehat\u00f3 elemz\u00e9s sz\u00fcks\u00e9ges, az irodalmi \u00e9rt\u00e9k \u00e9s a t\u00e1gabb kontextus megvitat\u00e1sa.<\/td><\/tr><tr><td class=\"has-text-align-center\" data-align=\"center\"><strong>\u00dajs\u00e1gok\/magazinok<\/strong><\/td><td class=\"has-text-align-center\" data-align=\"center\">500-800 sz\u00f3<\/td><td class=\"has-text-align-center\" data-align=\"center\">Hangs\u00faly a h\u00edr\u00e9rt\u00e9kre, a kultur\u00e1lis relevanci\u00e1ra \u00e9s a vil\u00e1gos, t\u00f6m\u00f6r \u00edr\u00e1sm\u00f3dra.<\/td><\/tr><\/tbody><\/table><\/figure>\n\n\n\n<p>Seg\u00edts\u00e9gre van sz\u00fcks\u00e9ge a sz\u00f3sz\u00e1mkorl\u00e1t betart\u00e1s\u00e1ban? Haszn\u00e1lja \u00e9szrevehetetlen mesters\u00e9ges intelligenci\u00e1nkat! <a href=\"https:\/\/undetectable.ai\/word-counter\" target=\"_blank\" rel=\"noreferrer noopener\">Sz\u00f3sz\u00e1ml\u00e1l\u00f3<\/a> hogy nyomon k\u00f6vethesse a szavak sz\u00e1m\u00e1t \u00e9s hat\u00e9konyan optimaliz\u00e1lhassa az \u00edr\u00e1s\u00e1t.<\/p>\n\n\n<div class=\"wp-block-image\">\n<figure class=\"aligncenter size-full\"><img loading=\"lazy\" decoding=\"async\" width=\"869\" height=\"466\" src=\"https:\/\/undetectable.ai/blog\/wp-content\/uploads\/2025\/06\/Google-Gemini-002.jpg\" alt=\"Pillanatk\u00e9p az Undetectable AI fel\u00fclet\u00e9r\u0151l, amely egy ingyenes sz\u00f3sz\u00e1ml\u00e1l\u00f3 eszk\u00f6zt jelen\u00edt meg\" class=\"wp-image-10593\" title=\"\" srcset=\"https:\/\/undetectable.ai/blog\/wp-content\/uploads\/2025\/06\/Google-Gemini-002.jpg 869w, https:\/\/undetectable.ai/blog\/wp-content\/uploads\/2025\/06\/Google-Gemini-002-300x161.jpg 300w, https:\/\/undetectable.ai/blog\/wp-content\/uploads\/2025\/06\/Google-Gemini-002-768x412.jpg 768w, https:\/\/undetectable.ai/blog\/wp-content\/uploads\/2025\/06\/Google-Gemini-002-18x10.jpg 18w\" sizes=\"auto, (max-width: 869px) 100vw, 869px\" \/><\/figure><\/div>\n\n\n<h2 class=\"wp-block-heading\"><strong>Hogyan seg\u00edthetnek a mesters\u00e9ges intelligencia eszk\u00f6z\u00f6k az elemz\u00e9sben \u00e9s a strukt\u00far\u00e1ban?<\/strong><\/h2>\n\n\n\n<p>Az AI-eszk\u00f6z\u00f6k felbecs\u00fclhetetlen \u00e9rt\u00e9k\u0171v\u00e9 v\u00e1ltak abban, hogy a b\u00edr\u00e1l\u00f3k hat\u00e9konyabban elemezhess\u00e9k, struktur\u00e1lhass\u00e1k \u00e9s rendszerezhess\u00e9k gondolataikat, jav\u00edtva kritik\u00e1ik egy\u00e9rtelm\u0171s\u00e9g\u00e9t \u00e9s m\u00e9lys\u00e9g\u00e9t.<\/p>\n\n\n\n<h3 class=\"wp-block-heading\"><strong>1. A f\u0151 t\u00e9m\u00e1k \u00e9s mint\u00e1k elemz\u00e9se<\/strong><\/h3>\n\n\n\n<p>Az AI gyorsan \u00e1t tudja vizsg\u00e1lni a sz\u00f6veget, hogy azonos\u00edtsa az ism\u00e9tl\u0151d\u0151 t\u00e9m\u00e1kat, a karakterek fejl\u0151d\u00e9s\u00e9t, vagy ak\u00e1r a finom cselekm\u00e9nymot\u00edvumokat is, amelyek egy\u00e9bk\u00e9nt \u00fajb\u00f3li elolvas\u00e1st ig\u00e9nyeln\u00e9nek.<\/p>\n\n\n\n<p>P\u00e9ld\u00e1ul egy AI eszk\u00f6z haszn\u00e1lata seg\u00edthet \u00d6nnek <a href=\"https:\/\/undetectable.ai\/paraphrasing-tool\" target=\"_blank\" rel=\"noreferrer noopener\">hossz\u00fa fejezeteket \u00f6sszefoglalni<\/a>, \u00edgy az elemz\u00e9s meg\u00edr\u00e1sa el\u0151tt tiszt\u00e1bb k\u00e9pet kaphat a k\u00f6nyv f\u0151 t\u00e9m\u00e1ir\u00f3l.<\/p>\n\n\n\n<h3 class=\"wp-block-heading\"><strong>2. A fel\u00fclvizsg\u00e1lat struktur\u00e1l\u00e1sa egy keretrendszerrel<\/strong><\/h3>\n\n\n\n<p>Miut\u00e1n \u00f6sszegy\u0171jt\u00f6tte az inform\u00e1ci\u00f3kat, az AI seg\u00edts\u00e9g\u00e9vel vil\u00e1gos, szervezett strukt\u00far\u00e1t hozhat l\u00e9tre az \u00e1ttekint\u00e9shez.<\/p>\n\n\n\n<p>A ChatGPT \u00e9s hasonl\u00f3 eszk\u00f6z\u00f6k a standard \u00e9rt\u00e9kel\u00e9si elemek \u2013 a t\u00f6m\u00f6r cselekm\u00e9ny\u00f6sszefoglal\u00e1st\u00f3l a t\u00e9maelemz\u00e9sig \u00e9s a v\u00e9gs\u0151 aj\u00e1nl\u00e1sig \u2013 v\u00e9gigvezet\u00e9s\u00e9vel egyszer\u0171s\u00edtik a folyamatot, biztos\u00edtva, hogy az \u00e9rt\u00e9kel\u00e9s term\u00e9szetesen folyjon \u00e9s koherens maradjon.<\/p>\n\n\n\n<h3 class=\"wp-block-heading\"><strong>3. A nyelv \u00e9s a hangnem jav\u00edt\u00e1sa<\/strong><\/h3>\n\n\n\n<p>AI eszk\u00f6z\u00f6k, mint p\u00e9ld\u00e1ul <a href=\"https:\/\/undetectable.ai\/\" target=\"_blank\" rel=\"noreferrer noopener\">Humanizer AI<\/a> Az Undetectable AI finom\u00edthatja a v\u00e9lem\u00e9ny hangv\u00e9tel\u00e9t, hogy az hitelesebbnek \u00e9s vonz\u00f3bbnak t\u0171nj\u00f6n.<\/p>\n\n\n<div class=\"wp-block-image\">\n<figure class=\"aligncenter size-large\"><img loading=\"lazy\" decoding=\"async\" width=\"1024\" height=\"456\" src=\"https:\/\/undetectable.ai/blog\/wp-content\/uploads\/2025\/09\/AI-Humanizer-1024x456.jpg\" alt=\"Pillanatk\u00e9p az Undetectable AI AI Humanizer eszk\u00f6z fel\u00fclet\u00e9r\u0151l.\" class=\"wp-image-14326\" title=\"\" srcset=\"https:\/\/undetectable.ai/blog\/wp-content\/uploads\/2025\/09\/AI-Humanizer-1024x456.jpg 1024w, https:\/\/undetectable.ai/blog\/wp-content\/uploads\/2025\/09\/AI-Humanizer-300x133.jpg 300w, https:\/\/undetectable.ai/blog\/wp-content\/uploads\/2025\/09\/AI-Humanizer-768x342.jpg 768w, https:\/\/undetectable.ai/blog\/wp-content\/uploads\/2025\/09\/AI-Humanizer-18x8.jpg 18w, https:\/\/undetectable.ai/blog\/wp-content\/uploads\/2025\/09\/AI-Humanizer.jpg 1254w\" sizes=\"auto, (max-width: 1024px) 100vw, 1024px\" \/><\/figure><\/div>\n\n\n<p>M\u00edg egyes AI-eszk\u00f6z\u00f6k n\u00e9ha kiss\u00e9 t\u00falzottan robotikusnak t\u0171n\u0151 v\u00e1laszokat adnak, az AI Humanizer nyelvi \u00e1rnyalatokat \u00e1ll\u00edt be, hogy azok term\u00e9szetesebbnek t\u0171njenek. <a href=\"https:\/\/undetectable.ai\/blog\/make-ai-write-like-you-changing-ai-text-to-human\/\" target=\"_blank\" data-type=\"link\" data-id=\"https:\/\/undetectable.ai\/blog\/make-ai-write-like-you-changing-ai-text-to-human\/\" rel=\"noreferrer noopener\">szem\u00e9lyes \u00e9s term\u00e9szetes<\/a>.<\/p>\n\n\n\n<h2 class=\"wp-block-heading\"><strong>Tippek a kiegyens\u00falyozott k\u00f6nyvkritika \u00edr\u00e1s\u00e1hoz<\/strong><\/h2>\n\n\n\n<figure class=\"wp-block-image size-large\"><img loading=\"lazy\" decoding=\"async\" width=\"1024\" height=\"683\" src=\"https:\/\/undetectable.ai/blog\/wp-content\/uploads\/2024\/11\/tips-book-review-1024x683.jpg\" alt=\"\" class=\"wp-image-4870\" title=\"\" srcset=\"https:\/\/undetectable.ai/blog\/wp-content\/uploads\/2024\/11\/tips-book-review-1024x683.jpg 1024w, https:\/\/undetectable.ai/blog\/wp-content\/uploads\/2024\/11\/tips-book-review-300x200.jpg 300w, https:\/\/undetectable.ai/blog\/wp-content\/uploads\/2024\/11\/tips-book-review-768x512.jpg 768w, https:\/\/undetectable.ai/blog\/wp-content\/uploads\/2024\/11\/tips-book-review-18x12.jpg 18w, https:\/\/undetectable.ai/blog\/wp-content\/uploads\/2024\/11\/tips-book-review.jpg 1125w\" sizes=\"auto, (max-width: 1024px) 100vw, 1024px\" \/><\/figure>\n\n\n\n<p>\u00cdme n\u00e9h\u00e1ny tipp, amelyet k\u00f6vetve a lehet\u0151 legkiegyens\u00falyozottabb k\u00f6nyvkritik\u00e1t k\u00e9sz\u00edtheted el:<\/p>\n\n\n\n<h3 class=\"wp-block-heading\"><strong>1. Jegyzeteljen olvas\u00e1s k\u00f6zben<\/strong><\/h3>\n\n\n\n<p>\u00c9lvezze az olvas\u00e1ssal t\u00f6lt\u00f6tt id\u0151t, de ha \u00fatk\u00f6zben jegyzeteket k\u00e9sz\u00edt, az nagyban jav\u00edthatja az \u00e1ttekint\u00e9st.<\/p>\n\n\n\n<p>Jel\u00f6lje meg a kiemelked\u0151 r\u00e9szeket, jegyezze fel az \u00e9rzelmi reakci\u00f3kat, \u00e9s jegyezze fel a felmer\u00fcl\u0151 k\u00e9rd\u00e9seket. <\/p>\n\n\n\n<p>Keresd meg <a href=\"https:\/\/literary-guides.org\/review-techniques-2025\" target=\"_blank\" rel=\"noreferrer noopener\">ism\u00e9tl\u0151d\u0151 mint\u00e1k vagy t\u00e9m\u00e1k<\/a>, mivel ezek a r\u00e9szletek gazdag\u00edtj\u00e1k a perspekt\u00edv\u00e1dat \u00e9s hasznos betekint\u00e9st ny\u00fajtanak a fel\u00fclvizsg\u00e1latodhoz.<\/p>\n\n\n\n<h3 class=\"wp-block-heading\"><strong>2. Vegye figyelembe a t\u00f6bbf\u00e9le n\u00e9z\u0151pontot<\/strong><\/h3>\n\n\n\n<p>Olvas\u00e1s k\u00f6zben gondolkodj el azon, hogy a k\u00fcl\u00f6nb\u00f6z\u0151 t\u00edpus\u00fa olvas\u00f3k hogyan \u00e9rtelmezhetik a k\u00f6nyvet.<\/p>\n\n\n\n<p>Ismerje el a m\u0171faj konvenci\u00f3it, \u00e9s vegye figyelembe a szerz\u0151 konkr\u00e9t d\u00f6nt\u00e9sei m\u00f6g\u00f6tt megh\u00faz\u00f3d\u00f3 sz\u00e1nd\u00e9kokat.<\/p>\n\n\n\n<p>Fontos tov\u00e1bb\u00e1 felismerni saj\u00e1t elfogults\u00e1gait \u00e9s azt, hogy azok hogyan befoly\u00e1solhatj\u00e1k a v\u00e9lem\u00e9ny\u00e9t. Ez a megk\u00f6zel\u00edt\u00e9s m\u00e9lyebb\u00e9 teszi az \u00e9rt\u00e9kel\u00e9s\u00e9t, \u00e9s seg\u00edt a k\u00f6nyvr\u0151l kiegyens\u00falyozott k\u00e9pet alkotni.<\/p>\n\n\n\n<h3 class=\"wp-block-heading\"><strong>3. Er\u0151ss\u00e9gek \u00e9s gyenges\u00e9gek kiemel\u00e9se<\/strong><\/h3>\n\n\n\n<p>Ahhoz, hogy az olvas\u00f3knak \u00e1tfog\u00f3 k\u00e9pet ny\u00fajtson, vizsg\u00e1lja meg mindazt, ami j\u00f3l m\u0171k\u00f6d\u00f6tt a k\u00f6nyvben, \u00e9s azt is, ami nem. <\/p>\n\n\n\n<p>Hat\u00e1rozza meg a sikeres elemeket \u00e9s a fejlesztend\u0151 ter\u00fcleteket, \u00e9s magyar\u00e1zza el, hogy \u00d6n szerint mi\u00e9rt siker\u00fclt vagy mi\u00e9rt nem siker\u00fclt.<\/p>\n\n\n\n<p>Az er\u0151ss\u00e9gekre \u00e9s gyenges\u00e9gekre val\u00f3 reflekt\u00e1l\u00e1s teljes k\u00e9pet ny\u00fajt az olvas\u00f3knak az olvas\u00e1s \u00e9lm\u00e9ny\u00e9r\u0151l.<\/p>\n\n\n\n<p>A hiteles kritika \u00e9rdek\u00e9ben <a href=\"https:\/\/writing-advice.edu\/balanced-critique-2025\" target=\"_blank\" rel=\"noreferrer noopener\">kiegyens\u00falyozott figyelem az er\u0151ss\u00e9gekre \u00e9s gyenges\u00e9gekre<\/a> nagy hangs\u00falyt kap.<\/p>\n\n\n\n<h3 class=\"wp-block-heading\"><strong>4. A v\u00e9lem\u00e9nyek al\u00e1t\u00e1maszt\u00e1sa p\u00e9ld\u00e1kkal<\/strong><\/h3>\n\n\n\n<p>Ker\u00fclje az \u00e1ltal\u00e1nos kijelent\u00e9seket, \u00e9s ehelyett konkr\u00e9t p\u00e9ld\u00e1kkal t\u00e1massza al\u00e1 v\u00e9lem\u00e9ny\u00e9t.<\/p>\n\n\n\n<p>P\u00e9ld\u00e1ul, ahelyett, hogy azt mondan\u00e1d: \u201cA p\u00e1rbesz\u00e9d rossz volt\u201d, magyar\u00e1zd el, mi\u00e9rt:<\/p>\n\n\n\n<p>\u201cA szerepl\u0151k p\u00e1rbesz\u00e9dei mereveknek t\u0171ntek, k\u00fcl\u00f6n\u00f6sen az \u00e9rzelmes jelenetekben.<\/p>\n\n\n\n<p>Amikor p\u00e9ld\u00e1ul Sarah szembes\u00edti Johnt az \u00e1rul\u00e1ssal, a p\u00e1rbesz\u00e9d\u00fck ink\u00e1bb hasonl\u00edt egy \u00fczleti megbesz\u00e9l\u00e9sre, mint egy heves vit\u00e1ra.\"<\/p>\n\n\n\n<p>Az ilyen konkr\u00e9t p\u00e9ld\u00e1k meger\u0151s\u00edtik a pontokat, \u00e9s hitelesebb\u00e9 teszik a kritik\u00e1t.<\/p>\n\n\n\n<h3 class=\"wp-block-heading\"><strong>5. Konkr\u00e9t p\u00e9ld\u00e1k haszn\u00e1lata<\/strong><\/h3>\n\n\n\n<p>Helyezzen be r\u00f6vid id\u00e9zeteket vagy le\u00edr\u00e1sokat bizonyos jelenetekr\u0151l, hogy illusztr\u00e1lja \u00e1ll\u00edt\u00e1sait.<\/p>\n\n\n\n<p>Hivatkozzon a figyelemre m\u00e9lt\u00f3 karaktercselekv\u00e9sekre vagy kulcsfontoss\u00e1g\u00fa fejlem\u00e9nyekre, \u00e9s mutasson r\u00e1 a kiemelked\u0151 stilisztikai megold\u00e1sokra.<\/p>\n\n\n\n<p>A konkr\u00e9t p\u00e9ld\u00e1k haszn\u00e1lata a fel\u00fclvizsg\u00e1lat sor\u00e1n seg\u00edt az olvas\u00f3knak meg\u00e9rteni az \u00d6n n\u00e9z\u0151pontj\u00e1t, \u00e9s olyan r\u00e9szleteket ad hozz\u00e1, amelyek a fel\u00fclvizsg\u00e1latot mag\u00e1val ragad\u00f3v\u00e1 \u00e9s \u00e9lesl\u00e1t\u00f3v\u00e1 teszik.<\/p>\n\n\n\n<p>Az al\u00e1bbi widgetben kipr\u00f3b\u00e1lhatod az AI Humanizer-t, \u00e9s k\u00f6nnyed\u00e9n hitelesebb\u00e9 \u00e9s vonz\u00f3bb\u00e1 teheted a k\u00f6nyvkritik\u00e1idat!<\/p>\n\n\n\n<div id=\"uai-widget\" data-affiliate-link=\"https:\/\/undetectable.ai\/?_by=hi4km\"><script>var js = document.createElement(\"script\");js.async = true;js.src = \"https:\/\/widget.undetectable.ai\/js\/widget-loader.js?t=\"+Date.now();document.getElementsByTagName(\"head\")[0].appendChild(js);<\/script><\/div>\n\n\n\n<h2 class=\"wp-block-heading\"><strong>K\u00f6vetkeztet\u00e9s<\/strong><\/h2>\n\n\n\n<p>A hat\u00e9kony k\u00f6nyvkritik\u00e1k \u00edr\u00e1sa olyan k\u00e9szs\u00e9g, amely gyakorl\u00e1ssal fejl\u0151dik.<\/p>\n\n\n\n<p>Kezdje ezekkel az ir\u00e1nyelvekkel, de ne f\u00e9ljen megtal\u00e1lni a saj\u00e1t hangj\u00e1t.<\/p>\n\n\n\n<p>Ne feledje, hogy a c\u00e9lja az, hogy seg\u00edtse az olvas\u00f3kat abban, hogy megalapozott d\u00f6nt\u00e9st hozzanak a k\u00f6vetkez\u0151 k\u00f6nyv\u00fckr\u0151l, mik\u00f6zben \u00e9rdemben hozz\u00e1j\u00e1rul az irodalmi diskurzushoz.<\/p>\n\n\n\n<p>Ak\u00e1r sz\u00f3rakoz\u00e1sb\u00f3l, ak\u00e1r szakmailag \u00edrsz recenzi\u00f3t, \u00e1tgondolt elemz\u00e9sed seg\u00edthet az olvas\u00f3knak megtal\u00e1lni a k\u00f6vetkez\u0151 remek olvasm\u00e1nyt.<\/p>\n\n\n\n<p>Gyakorolj tov\u00e1bb, olvass tov\u00e1bb, \u00e9s ami a legfontosabb, ossz meg tov\u00e1bbra is egyedi v\u00e9lem\u00e9nyedet az olvas\u00f3k\u00f6z\u00f6ss\u00e9ggel. A legjobb recenzi\u00f3k azokb\u00f3l a sz\u00f6vegekb\u0151l sz\u00fcletnek, amelyekkel val\u00f3ban m\u00e9lyen foglalkozunk.<\/p>\n\n\n\n<p>Ha pedig extra csiszol\u00e1st szeretne adni az \u00edr\u00e1s\u00e1nak, vegye fontol\u00f3ra, hogy a <a href=\"https:\/\/undetectable.ai\" target=\"_blank\" data-type=\"link\" data-id=\"https:\/\/undetectable.ai\" rel=\"noreferrer noopener\">Kimutathatatlan AI<\/a>, egy eszk\u00f6z, amely biztos\u00edtja, hogy \u00edr\u00e1sod term\u00e9szetes, hiteles \u00e9s olvas\u00f3bar\u00e1t legyen.<\/p>","protected":false},"excerpt":{"rendered":"","protected":false},"author":15,"featured_media":4868,"comment_status":"closed","ping_status":"closed","sticky":false,"template":"","format":"standard","meta":{"_themeisle_gutenberg_block_has_review":false,"footnotes":""},"categories":[31],"tags":[],"class_list":["post-4867","post","type-post","status-publish","format-standard","has-post-thumbnail","hentry","category-helpful-ai-content-tips"],"_links":{"self":[{"href":"https:\/\/undetectable.ai/blog\/hu\/wp-json\/wp\/v2\/posts\/4867","targetHints":{"allow":["GET"]}}],"collection":[{"href":"https:\/\/undetectable.ai/blog\/hu\/wp-json\/wp\/v2\/posts"}],"about":[{"href":"https:\/\/undetectable.ai/blog\/hu\/wp-json\/wp\/v2\/types\/post"}],"author":[{"embeddable":true,"href":"https:\/\/undetectable.ai/blog\/hu\/wp-json\/wp\/v2\/users\/15"}],"replies":[{"embeddable":true,"href":"https:\/\/undetectable.ai/blog\/hu\/wp-json\/wp\/v2\/comments?post=4867"}],"version-history":[{"count":9,"href":"https:\/\/undetectable.ai/blog\/hu\/wp-json\/wp\/v2\/posts\/4867\/revisions"}],"predecessor-version":[{"id":18925,"href":"https:\/\/undetectable.ai/blog\/hu\/wp-json\/wp\/v2\/posts\/4867\/revisions\/18925"}],"wp:featuredmedia":[{"embeddable":true,"href":"https:\/\/undetectable.ai/blog\/hu\/wp-json\/wp\/v2\/media\/4868"}],"wp:attachment":[{"href":"https:\/\/undetectable.ai/blog\/hu\/wp-json\/wp\/v2\/media?parent=4867"}],"wp:term":[{"taxonomy":"category","embeddable":true,"href":"https:\/\/undetectable.ai/blog\/hu\/wp-json\/wp\/v2\/categories?post=4867"},{"taxonomy":"post_tag","embeddable":true,"href":"https:\/\/undetectable.ai/blog\/hu\/wp-json\/wp\/v2\/tags?post=4867"}],"curies":[{"name":"wp","href":"https:\/\/api.w.org\/{rel}","templated":true}]}}