{"id":4998,"date":"2025-12-24T12:14:00","date_gmt":"2025-12-24T12:14:00","guid":{"rendered":"https:\/\/undetectable.ai/blog\/?p=4998"},"modified":"2026-01-19T18:40:41","modified_gmt":"2026-01-19T18:40:41","slug":"hogyan-kell-atirni-egy-mondatot","status":"publish","type":"post","link":"https:\/\/undetectable.ai/blog\/hu\/hogyan-kell-atirni-egy-mondatot\/","title":{"rendered":"Hogyan \u00edrjunk \u00e1t egy mondatot: Az olvashat\u00f3s\u00e1g jav\u00edt\u00e1sa 7 egyszer\u0171 m\u00f3don"},"content":{"rendered":"<p>A villog\u00f3 kurzor g\u00fanyol\u00f3dik veled, mik\u00f6zben azt az egy makacs mondatot b\u00e1mulod. Mindannyian voltunk m\u00e1r \u00edgy - birk\u00f3zunk a szavakkal, amelyek nem hajland\u00f3k folyni. <\/p>\n\n\n\n<p>Miut\u00e1n tizen\u00f6t \u00e9ve seg\u00edtek \u00edr\u00f3knak megtal\u00e1lni a hangjukat, elmondhatom, hogy a mondatok \u00e1t\u00edr\u00e1sa ink\u00e1bb m\u0171v\u00e9szet, mint tudom\u00e1ny. <\/p>\n\n\n\n<p>De ne agg\u00f3dj - van n\u00e9h\u00e1ny praktikus var\u00e1zslat a tarsolyomban.<\/p>\n\n\n\n<p>Akarod tudni a titkot? Nem a szab\u00e1lyokr\u00f3l van sz\u00f3 - hanem a ritmusr\u00f3l. <\/p>\n\n\n\n<p>Vizsg\u00e1ljuk meg, hogyan alak\u00edthatod \u00e1t a mondataidat k\u00ednosb\u00f3l eleg\u00e1nss\u00e1, an\u00e9lk\u00fcl, hogy k\u00f6zben elvesz\u00edten\u00e9d a lelkedet.<\/p>\n\n\n\n<hr class=\"wp-block-separator has-alpha-channel-opacity\"\/>\n\n\n\n<p class=\"has-text-align-center\"><strong>A legfontosabb tudnival\u00f3k<\/strong><\/p>\n\n\n\n<ul class=\"wp-block-list\">\n<li>Az \u00e1t\u00edr\u00e1s legkritikusabb l\u00e9p\u00e9se az eredeti \u00fczenet \u00e9s \u00e9rzelmi hangnem meg\u0151rz\u00e9se, azaz a bonyolult nyelvb\u0151l a vil\u00e1gos nyelvbe val\u00f3 ford\u00edt\u00e1s.<\/li>\n<\/ul>\n\n\n\n<p><\/p>\n\n\n\n<ul class=\"wp-block-list\">\n<li>A 7 alapvet\u0151 technik\u00e1t kell alkalmaznia, olyan strat\u00e9gi\u00e1kkal, mint a parafraz\u00e1l\u00e1s, a hossz\u00fa mondatok felbont\u00e1sa \u00e9s az akt\u00edv hangnem el\u0151t\u00e9rbe helyez\u00e9se, hogy szisztematikusan n\u00f6velje a vil\u00e1goss\u00e1got \u00e9s a foly\u00e9konys\u00e1got.<\/li>\n<\/ul>\n\n\n\n<p><\/p>\n\n\n\n<ul class=\"wp-block-list\">\n<li>A felismerhetetlen AI-ellen\u0151rz\u0151 \u00e9s a munk\u00e1d hangos felolvas\u00e1s\u00e1nak manu\u00e1lis technik\u00e1ja hat\u00e9kony m\u00f3dszerek a k\u00ednos megfogalmaz\u00e1sok kisz\u0171r\u00e9s\u00e9re \u00e9s a term\u00e9szetes, emberi hangz\u00e1s biztos\u00edt\u00e1s\u00e1ra.<\/li>\n<\/ul>\n\n\n\n<p><\/p>\n\n\n\n<ul class=\"wp-block-list\">\n<li>Soha ne \u00edrj \u00e1t egy mondatot \u00f6nmag\u00e1ban; mindig vedd figyelembe a k\u00f6rnyez\u0151 bekezd\u00e9st, hogy az \u00faj mondat hozz\u00e1j\u00e1ruljon az \u00e1ltal\u00e1nos ritmushoz \u00e9s a narrat\u00edv el\u0151rehalad\u00e1shoz.<\/li>\n<\/ul>\n\n\n\n<p><\/p>\n\n\n\n<hr class=\"wp-block-separator has-alpha-channel-opacity\"\/>\n\n\n\n<h2 class=\"wp-block-heading\"><strong>Hogyan \u00edrjunk \u00e1t egy mondatot an\u00e9lk\u00fcl, hogy megv\u00e1ltoztatn\u00e1nk a jelent\u00e9s\u00e9t?<\/strong><\/h2>\n\n\n\n<p>K\u00e9pzelje mag\u00e1t ford\u00edt\u00f3nak, de ahelyett, hogy nyelvek k\u00f6z\u00f6tt v\u00e1ltogatna, ink\u00e1bb bonyolultr\u00f3l vil\u00e1gosra ford\u00edt. <\/p>\n\n\n\n<p>A c\u00e9l? Meg\u0151rizni a l\u00e9nyeget, mik\u00f6zben jav\u00edtjuk a sz\u00e1ll\u00edt\u00e1st.<\/p>\n\n\n\n<h3 class=\"wp-block-heading\"><strong>Tippek az eredeti jelent\u00e9s meg\u0151rz\u00e9s\u00e9hez<\/strong><\/h3>\n\n\n\n<p>Egy mondat \u00e1t\u00edr\u00e1sakor az els\u0151 feladatod az, hogy azonos\u00edtsd a mondat k\u00f6zponti \u00fczenet\u00e9t.<\/p>\n\n\n\n<p>Kezdd azzal, hogy megragadod a mondat sz\u00edv\u00e9t - mit akarsz val\u00f3j\u00e1ban kifejezni?<\/p>\n\n\n\n<p>Itt egy hasznos tr\u00fckk egy veter\u00e1n szerkeszt\u0151t\u0151l: ha egy t\u00edz\u00e9vesnek sem tudod elmagyar\u00e1zni a mondatodat, akkor lehet, hogy el\u0151sz\u00f6r magadnak kell tiszt\u00e1znod.<\/p>\n\n\n\n<p>Az \u00fczenet korai egyszer\u0171s\u00edt\u00e9se g\u00f6rd\u00fcl\u00e9kenyebb\u00e9 teszi az \u00e1t\u00edr\u00e1si folyamatot, \u00e9s seg\u00edt megel\u0151zni a k\u00e9s\u0151bbi f\u00e9lre\u00e9rtelmez\u00e9seket.<\/p>\n\n\n\n<p>A k\u00f6vetkez\u0151 l\u00e9p\u00e9s az al\u00e1bbiak m\u00e9rlegel\u00e9se: <a href=\"https:\/\/translate.hicom-asia.com\/area\/tone-preservation-accuracy\/resource\/1\/\" data-type=\"link\" data-id=\"https:\/\/translate.hicom-asia.com\/area\/tone-preservation-accuracy\/resource\/1\/\" target=\"_blank\" rel=\"noopener\">t\u00f3nus meg\u0151rz\u00e9se<\/a>. A hangnem meghat\u00e1rozza a hangulatot \u00e9s megmondja az olvas\u00f3nak, hogyan \u00e9rtelmezze \u00e9rzelmileg az inform\u00e1ci\u00f3t.<\/p>\n\n\n\n<p>Egy hivatalos \u00fczleti aj\u00e1nlat p\u00e9ld\u00e1ul professzion\u00e1lis, prec\u00edz hangnemet ig\u00e9nyel, m\u00edg egy blogbejegyz\u00e9s melegebb, t\u00e1rsalg\u00e1si st\u00edlusra lehet sz\u00fcks\u00e9g.<\/p>\n\n\n\n<p>Az \u00e1tdolgoz\u00e1s sor\u00e1n a hangnemhez val\u00f3 igazod\u00e1s biztos\u00edtja, hogy ne csak inform\u00e1ci\u00f3t k\u00f6zvet\u00edtsen, hanem az eredeti hangulatot vagy \u00e9rzelmi hat\u00e1st is megism\u00e9telje.<\/p>\n\n\n\n<h3 class=\"wp-block-heading\"><strong>Tartsa meg a kontextust \u00e9s ker\u00fclje az \u00faj inform\u00e1ci\u00f3k hozz\u00e1ad\u00e1s\u00e1t<\/strong><\/h3>\n\n\n\n<p>A kontextus ugyanolyan fontos a mondatok \u00e1tdolgoz\u00e1sakor.<\/p>\n\n\n\n<p>Egy mondat nem \u00f6nmag\u00e1ban \u00e1ll; egy nagyobb elbesz\u00e9l\u00e9s vagy \u00e9rvel\u00e9s r\u00e9sze, amely mondatr\u00f3l mondatra \u00e9s bekezd\u00e9sr\u0151l bekezd\u00e9sre \u00e9p\u00fcl.<\/p>\n\n\n\n<p>Az \u00e1t\u00edr\u00e1s sor\u00e1n vegye figyelembe, hogy az \u00faj v\u00e1ltozat hogyan l\u00e9p k\u00f6lcs\u00f6nhat\u00e1sba a k\u00f6rnyez\u0151 sz\u00f6veggel. G\u00f6rd\u00fcl\u00e9keny az \u00e1tmenet?<\/p>\n\n\n\n<p>Olvassa el a mondatot a teljes bekezd\u00e9s kontextus\u00e1ban, hogy megbizonyosodjon arr\u00f3l, hogy hozz\u00e1j\u00e1rul a sz\u00e1nd\u00e9kolt ritmushoz, temp\u00f3hoz \u00e9s a gondolatok el\u0151rehalad\u00e1s\u00e1hoz.<\/p>\n\n\n\n<p>Ne feledje, hogy a c\u00e9l az \u00fczenet v\u00e1ltozatlans\u00e1ga mellett annak egy\u00e9rtelm\u0171s\u00e9g\u00e9nek jav\u00edt\u00e1sa. Ker\u00fclje az \u00faj inform\u00e1ci\u00f3k beilleszt\u00e9s\u00e9t vagy a fontos r\u00e9szletek kihagy\u00e1s\u00e1t.<\/p>\n\n\n\n<p>Ellenkez\u0151 esetben a jelent\u00e9s finoman eltol\u00f3dhat, ami hat\u00e1ssal lehet arra, hogy az olvas\u00f3 hogyan \u00e9rtelmezi a sz\u00f6veget.<\/p>\n\n\n\n<h3 class=\"wp-block-heading\"><strong>Haszn\u00e1lja a szinonim\u00e1kat pontosan<\/strong><\/h3>\n\n\n\n<p>A szinonim\u00e1k hasznosak lehetnek, de nem mindig felcser\u00e9lhet\u0151k.<\/p>\n\n\n\n<p>V\u00e1lasszon olyan szavakat, amelyek megfelelnek az eredeti sz\u00f6veg \u00e1rnyalatainak.<\/p>\n\n\n\n<p>Az olyan szavak, mint a \"boldog\" \u00e9s az \"el\u00e9gedett\" hasonl\u00f3nak t\u0171nhetnek, de k\u00fcl\u00f6nb\u00f6z\u0151 jelent\u00e9s\u00e1rnyalatokat hordoznak.<\/p>\n\n\n\n<p>Legyen \u00f3vatos a sz\u00f3cser\u00e9kkel, hogy az \u00e1t\u00edr\u00e1s pontosan a sz\u00e1nd\u00e9kot t\u00fckr\u00f6zze.<\/p>\n\n\n\n<h3 class=\"wp-block-heading\"><strong>P\u00e9ld\u00e1k mondatok \u00e1t\u00edr\u00e1s\u00e1ra k\u00fcl\u00f6nb\u00f6z\u0151 ipar\u00e1gakban<\/strong><\/h3>\n\n\n\n<p>N\u00e9zz\u00fcnk meg n\u00e9h\u00e1ny val\u00f3s p\u00e9ld\u00e1t, amelyekkel k\u00fcl\u00f6nb\u00f6z\u0151 \u00edr\u00e1sbeli kontextusokban tal\u00e1lkoztam, \u00e9s amelyek bemutatj\u00e1k, hogyan lehet meg\u0151rizni a jelent\u00e9st, mik\u00f6zben jav\u00edtjuk a vil\u00e1goss\u00e1got:<\/p>\n\n\n\n<figure class=\"wp-block-table\"><table class=\"has-fixed-layout\"><thead><tr><td class=\"has-text-align-center\" data-align=\"center\"><strong>\u00cdr\u00e1si kontextus<\/strong><\/td><td class=\"has-text-align-center\" data-align=\"center\"><strong>Eredeti mondat (t\u00fal bonyolult)<\/strong><\/td><td class=\"has-text-align-center\" data-align=\"center\"><strong>Jobb \u00e1t\u00edr\u00e1s (vil\u00e1gos \u00e9s t\u00f6m\u00f6r)<\/strong><\/td><\/tr><\/thead><tbody><tr><td class=\"has-text-align-center\" data-align=\"center\"><strong>Akad\u00e9miai<\/strong><\/td><td class=\"has-text-align-center\" data-align=\"center\">Az \u00faj m\u00f3dszertani megk\u00f6zel\u00edt\u00e9sek pedag\u00f3giai k\u00f6rnyezetben val\u00f3 alkalmaz\u00e1sa jelent\u0151s potenci\u00e1llal rendelkezik a di\u00e1kok elk\u00f6telezetts\u00e9g\u00e9nek \u00e9s tanul\u00e1si eredm\u00e9nyeinek jav\u00edt\u00e1sa ter\u00e9n.<\/td><td class=\"has-text-align-center\" data-align=\"center\">Az \u00faj tan\u00edt\u00e1si m\u00f3dszerek jav\u00edthatj\u00e1k a di\u00e1kok tanul\u00e1si m\u00f3dszereit \u00e9s a term\u00e9szettudom\u00e1nyok \u00e9s a matematika ir\u00e1nti \u00e9rdekl\u0151d\u00e9s\u00fcket.<\/td><\/tr><tr><td class=\"has-text-align-center\" data-align=\"center\"><strong>\u00dczleti<\/strong><\/td><td class=\"has-text-align-center\" data-align=\"center\">A bels\u0151 kommunik\u00e1ci\u00f3s m\u00f3dszerekre vonatkoz\u00f3an kor\u00e1bban meg\u00e1llap\u00edtott protokolljainknak megfelel\u0151en a munkat\u00e1rsaknak a kijel\u00f6lt csatorn\u00e1kat kell haszn\u00e1lniuk.<\/td><td class=\"has-text-align-center\" data-align=\"center\">Minden munk\u00e1val kapcsolatos \u00fczenetet k\u00e9rj\u00fck, hivatalos kommunik\u00e1ci\u00f3s csatorn\u00e1inkon kereszt\u00fcl k\u00fcldj\u00f6n.<\/td><\/tr><tr><td class=\"has-text-align-center\" data-align=\"center\"><strong>M\u0171szaki<\/strong><\/td><td class=\"has-text-align-center\" data-align=\"center\">A rendszer fejlett funkci\u00f3inak haszn\u00e1lata megk\u00f6veteli a megfelel\u0151 hiteles\u00edt\u00e9si protokollok bevezet\u00e9s\u00e9t, miel\u0151tt a f\u0151bb funkci\u00f3khoz hozz\u00e1f\u00e9rhet\u00fcnk.<\/td><td class=\"has-text-align-center\" data-align=\"center\">Jelentkezzen be, miel\u0151tt a rendszer fejlett funkci\u00f3it haszn\u00e1ln\u00e1.<\/td><\/tr><\/tbody><\/table><\/figure>\n\n\n\n<h2 class=\"wp-block-heading\"><strong>A 7 legjobb m\u00f3dszer egy mondat hat\u00e9kony \u00e1t\u00edr\u00e1s\u00e1ra<\/strong><\/h2>\n\n\n\n<figure class=\"wp-block-image size-large\"><img loading=\"lazy\" decoding=\"async\" width=\"1024\" height=\"683\" src=\"https:\/\/undetectable.ai/blog\/wp-content\/uploads\/2024\/11\/Rewrite-a-Sentence-1024x683.jpg\" alt=\"\" class=\"wp-image-5000\" title=\"\" srcset=\"https:\/\/undetectable.ai/blog\/wp-content\/uploads\/2024\/11\/Rewrite-a-Sentence-1024x683.jpg 1024w, https:\/\/undetectable.ai/blog\/wp-content\/uploads\/2024\/11\/Rewrite-a-Sentence-300x200.jpg 300w, https:\/\/undetectable.ai/blog\/wp-content\/uploads\/2024\/11\/Rewrite-a-Sentence-768x512.jpg 768w, https:\/\/undetectable.ai/blog\/wp-content\/uploads\/2024\/11\/Rewrite-a-Sentence-18x12.jpg 18w, https:\/\/undetectable.ai/blog\/wp-content\/uploads\/2024\/11\/Rewrite-a-Sentence.jpg 1125w\" sizes=\"auto, (max-width: 1024px) 100vw, 1024px\" \/><\/figure>\n\n\n\n<p>Ezek a m\u00f3dszerek seg\u00edtenek meg\u0151rizni az eredeti jelent\u00e9st, mik\u00f6zben fokozz\u00e1k az \u00e9rthet\u0151s\u00e9get, a sz\u00f6veg \u00e1raml\u00e1s\u00e1t \u00e9s az elk\u00f6telezetts\u00e9get.<\/p>\n\n\n\n<h3 class=\"wp-block-heading\"><strong>1. Parafr\u00e1zisok az eredeti jelent\u00e9s meg\u0151rz\u00e9se \u00e9rdek\u00e9ben<\/strong><\/h3>\n\n\n\n<p>Itt van egy \u00fajs\u00e1g\u00edr\u00f3i tr\u00fckk, ami sz\u00e1mtalan alkalommal megmentett m\u00e1r: olvassa el a mondat\u00e1t, csukja be a szem\u00e9t, \u00e9s magyar\u00e1zza el egy k\u00e9pzeletbeli bar\u00e1tj\u00e1nak.<\/p>\n\n\n\n<p>Ami a sz\u00e1db\u00f3l kij\u00f6n, az gyakran vil\u00e1gosabb, mint ami a billenty\u0171zetedb\u0151l j\u00f6n.<\/p>\n\n\n\n<ul class=\"wp-block-list\">\n<li><strong>Eredeti:<\/strong> \u201cA javasolt \u00fctemterv-m\u00f3dos\u00edt\u00e1sokkal kapcsolatos megbesz\u00e9l\u00e9s eredm\u00e9nyek\u00e9nt konszenzusos meg\u00e1llapod\u00e1s sz\u00fcletett a projekt hat\u00e1ridej\u00e9nek meghosszabb\u00edt\u00e1s\u00e1r\u00f3l.\u201d<\/li>\n\n\n\n<li><strong>Term\u00e9szetes \u00e1t\u00edr\u00e1s:<\/strong> \u201cMindenki egyet\u00e9rtett abban, hogy a projekt hat\u00e1ridej\u00e9t elhalasztj\u00e1k.\u201d<\/li>\n<\/ul>\n\n\n\n<h3 class=\"wp-block-heading\"><strong>2. Szinonim\u00e1k haszn\u00e1lata a v\u00e1ltozatoss\u00e1g \u00e9rdek\u00e9ben<\/strong><\/h3>\n\n\n\n<p>A sz\u00f3v\u00e1laszt\u00e1s d\u00f6nti el a mondat siker\u00e9t vagy kudarc\u00e1t. De itt van a b\u00f6kken\u0151: ne ragadja meg az els\u0151 szinonim\u00e1t, amit tal\u00e1l.<\/p>\n\n\n\n<p>A kontextus fontosabb, mint gondoln\u00e1d.<\/p>\n\n\n\n<p>Vegy\u00fck figyelembe ezeket a finom k\u00fcl\u00f6nbs\u00e9geket: \u201ckicsi\u201d vs. \u201capr\u00f3\u201d vs. \u201ckis\u201d (hiba). \u201cIzgatott\u201d vs. \u201cizgatott\u201d vs. \u201clelkes\u201d (reakci\u00f3).<\/p>\n\n\n\n<p>V\u00e1lasszon olyan szavakat, amelyek megfelelnek a k\u00f6z\u00f6ns\u00e9g sz\u00f3kincs\u00e9nek szintj\u00e9nek, az ipar\u00e1gi szabv\u00e1nyoknak \u00e9s a dokumentum formalit\u00e1s\u00e1nak.<\/p>\n\n\n\n<h3 class=\"wp-block-heading\"><strong>3. Hossz\u00fa mondatok felbont\u00e1sa az egy\u00e9rtelm\u0171s\u00e9g \u00e9rdek\u00e9ben<\/strong><\/h3>\n\n\n\n<p>N\u00e9ha egy mondat olyan, mint egy telezs\u00fafolt b\u0151r\u00f6nd \u2013 ki kell pakolni.<\/p>\n\n\n\n<p>\u00cdme egy technika, amelyet \u201cl\u00e9legzetpr\u00f3b\u00e1nak\u201d nevezek: ha nem tudod egy l\u00e9legzetv\u00e9tel alatt hangosan felolvasni, fontold meg, hogy felbontod-e.<\/p>\n\n\n\n<p><strong>P\u00e9lda:<\/strong><\/p>\n\n\n\n<ul class=\"wp-block-list\">\n<li><strong>Eredeti:<\/strong> \u201cEz a leny\u0171g\u00f6z\u0151, nemr\u00e9g fel\u00faj\u00edtott, h\u00e1rom h\u00e1l\u00f3szob\u00e1s viktori\u00e1nus h\u00e1z, amelyben eredeti kem\u00e9nyfa padl\u00f3zat, rozsdamentes ac\u00e9lb\u00f3l k\u00e9sz\u00fclt berendez\u00e9sekkel \u00e9s gr\u00e1nit munkalapokkal ell\u00e1tott konyha, valamint egy t\u00e1gas h\u00e1l\u00f3szoba saj\u00e1t f\u00fcrd\u0151szob\u00e1val \u00e9s gardr\u00f3bszob\u00e1val tal\u00e1lhat\u00f3, egy csendes, f\u00e1kkal szeg\u00e9lyezett utc\u00e1ban helyezkedik el, csup\u00e1n p\u00e1r percre a belv\u00e1rost\u00f3l.\u201d<\/li>\n\n\n\n<li><strong>Jobb:<\/strong> \u201cEz a leny\u0171g\u00f6z\u0151 viktori\u00e1nus h\u00e1z egy csendes, f\u00e1kkal szeg\u00e9lyezett utc\u00e1ban tal\u00e1lhat\u00f3, p\u00e1r percre a belv\u00e1rost\u00f3l. A h\u00e1rom h\u00e1l\u00f3szob\u00e1s h\u00e1z nemr\u00e9giben teljes fel\u00faj\u00edt\u00e1son esett \u00e1t. Az eredeti kem\u00e9nyfa padl\u00f3, a rozsdamentes ac\u00e9lb\u00f3l k\u00e9sz\u00fclt berendez\u00e9sekkel felszerelt konyha \u00e9s a gr\u00e1nit munkalapok a h\u00e1z jellemz\u0151i. A t\u00e1gas h\u00e1l\u00f3szob\u00e1hoz saj\u00e1t f\u00fcrd\u0151szoba \u00e9s gardr\u00f3b tartozik.\u201d<\/li>\n<\/ul>\n\n\n<div class=\"wp-block-image\">\n<figure class=\"aligncenter size-large\"><img loading=\"lazy\" decoding=\"async\" width=\"1024\" height=\"446\" src=\"https:\/\/undetectable.ai/blog\/wp-content\/uploads\/2025\/12\/AI-Sentence-Rewriter-1024x446.jpg\" alt=\"AI Sentence Rewriter k\u00e9perny\u0151k\u00e9p\" class=\"wp-image-19129\" title=\"\" srcset=\"https:\/\/undetectable.ai/blog\/wp-content\/uploads\/2025\/12\/AI-Sentence-Rewriter-1024x446.jpg 1024w, https:\/\/undetectable.ai/blog\/wp-content\/uploads\/2025\/12\/AI-Sentence-Rewriter-300x131.jpg 300w, https:\/\/undetectable.ai/blog\/wp-content\/uploads\/2025\/12\/AI-Sentence-Rewriter-768x335.jpg 768w, https:\/\/undetectable.ai/blog\/wp-content\/uploads\/2025\/12\/AI-Sentence-Rewriter-18x8.jpg 18w, https:\/\/undetectable.ai/blog\/wp-content\/uploads\/2025\/12\/AI-Sentence-Rewriter.jpg 1202w\" sizes=\"auto, (max-width: 1024px) 100vw, 1024px\" \/><\/figure><\/div>\n\n\n<p>Amikor egy mondat egy \u00f6tletekkel teli \u201crobban\u00f3 b\u0151r\u00f6ndddd\u00e9\u201d v\u00e1lik, haszn\u00e1lhatja az \u00c9szrevehetetlen mesters\u00e9ges intelligenci\u00e1nkat. <a href=\"https:\/\/undetectable.ai\/sentence-rewriter\" target=\"_blank\" rel=\"noreferrer noopener\">Mondat \u00e1t\u00edr\u00f3<\/a> az \u00f6sszetett megfogalmaz\u00e1sok \u00e1talak\u00edt\u00e1sa vil\u00e1gos, emberk\u00f6zeli sz\u00f6vegg\u00e9, ami jelent\u0151sen jav\u00edtja az olvashat\u00f3s\u00e1got. <\/p>\n\n\n\n<p>Eszk\u00f6z\u00fcnk prec\u00edzi\u00f3s szerkeszt\u0151k\u00e9nt m\u0171k\u00f6dik, \u00e9s seg\u00edt az egym\u00e1sba \u00e1gyazott z\u00e1rad\u00e9kokat \u00e9s a szakzsargont olyan egyszer\u0171s\u00edtett elbesz\u00e9l\u00e9ss\u00e9 alak\u00edtani, amely meg\u0151rzi az eredeti sz\u00e1nd\u00e9kot, mik\u00f6zben az inform\u00e1ci\u00f3t sokkal sz\u00e9lesebb k\u00f6z\u00f6ns\u00e9g sz\u00e1m\u00e1ra is el\u00e9rhet\u0151v\u00e9 teszi.<\/p>\n\n\n\n<h3 class=\"wp-block-heading\"><strong>4. A mondatszerkezet megv\u00e1ltoztat\u00e1sa az olvashat\u00f3s\u00e1g \u00e9rdek\u00e9ben<\/strong><\/h3>\n\n\n\n<p>V\u00e1ltoztassa meg mondatainak szerkezet\u00e9t, hogy fenntartsa az olvas\u00f3 \u00e9rdekl\u0151d\u00e9s\u00e9t.<\/p>\n\n\n\n<p>Kezdje a mondatokat k\u00fcl\u00f6nb\u00f6z\u0151 elemekkel:<\/p>\n\n\n\n<ul class=\"wp-block-list\">\n<li><strong>Int\u00e9zked\u00e9s:<\/strong> \u201cA csapat sikeresen piacra dobta a term\u00e9ket.\u201d<\/li>\n\n\n\n<li><strong>Id\u0151:<\/strong> \u201cA m\u00falt h\u00e9ten m\u00e9r\u0151sz\u00e1maink jelent\u0151s javul\u00e1st mutattak.\u201d<\/li>\n\n\n\n<li><strong>Felt\u00e9tel:<\/strong> \u201cNyom\u00e1s alatt gy\u00e9m\u00e1ntok keletkeznek.\u201d<\/li>\n<\/ul>\n\n\n\n<h3 class=\"wp-block-heading\"><strong>5. R\u00f6vid mondatok kombin\u00e1l\u00e1sa a flow \u00e9rdek\u00e9ben<\/strong><\/h3>\n\n\n\n<p>B\u00e1r a r\u00f6vid mondatok j\u00f3l m\u0171k\u00f6dnek a hangs\u00falyoz\u00e1shoz, t\u00fal sok k\u00f6z\u00fcl\u00fck zavaros ritmust eredm\u00e9nyez.<\/p>\n\n\n\n<p>\u00cdgy lehet sim\u00e1ra sim\u00edtani a dolgokat:<\/p>\n\n\n\n<ul class=\"wp-block-list\">\n<li><strong>El\u0151tte:<\/strong> Az \u00fcl\u00e9s k\u00e9s\u0151n kezd\u0151d\u00f6tt. A kivet\u00edt\u0151 nem m\u0171k\u00f6d\u00f6tt. Az el\u0151ad\u00f3 idegesnek t\u0171nt. Az \u00fcgyf\u00e9l kezdett ideges lenni. Azt\u00e1n minden megv\u00e1ltozott. A prezent\u00e1ci\u00f3 fel\u00fclm\u00falta a v\u00e1rakoz\u00e1sokat. Az \u00fcgyf\u00e9l azonnal al\u00e1\u00edrta a szerz\u0151d\u00e9st.<\/li>\n\n\n\n<li><strong>Ut\u00e1na:<\/strong> B\u00e1r a tal\u00e1lkoz\u00f3 technikai neh\u00e9zs\u00e9gekkel \u00e9s egy ideges el\u0151ad\u00f3val kezd\u0151d\u00f6tt, minden megv\u00e1ltozott, amint elkezdt\u00fck. A prezent\u00e1ci\u00f3 fel\u00fclm\u00falta a v\u00e1rakoz\u00e1sokat, \u00e9s az \u00fcgyf\u00e9l azonnal al\u00e1\u00edrta a szerz\u0151d\u00e9st.<\/li>\n<\/ul>\n\n\n\n<h3 class=\"wp-block-heading\"><strong>6. \u00d6sszetett mondatok egyszer\u0171s\u00edt\u00e9se<\/strong><\/h3>\n\n\n\n<p>A bonyolult mondatok egyszer\u0171s\u00edt\u00e9se megk\u00f6veteli a f\u0151 alany \u00e9s a cselekv\u00e9s elk\u00fcl\u00f6n\u00edt\u00e9s\u00e9t, mik\u00f6zben <a href=\"https:\/\/theintactone.com\/2025\/09\/17\/redundancies-meaning-examples-types-impact-techniques-and-redundancy-in-professional-writing\/\" target=\"_blank\" data-type=\"link\" data-id=\"https:\/\/theintactone.com\/2025\/09\/17\/redundancies-meaning-examples-types-impact-techniques-and-redundancy-in-professional-writing\/\" rel=\"noreferrer noopener\">a redundancia cs\u00f6kkent\u00e9se<\/a>. <\/p>\n\n\n\n<p>Koncentr\u00e1ljon a k\u00f6zvetlen ig\u00e9kre \u00e9s a vil\u00e1gos alany-cselekv\u00e9s-t\u00e1rgy szerkezetekre, amelyek a pontoss\u00e1g fel\u00e1ldoz\u00e1sa n\u00e9lk\u00fcl jav\u00edtj\u00e1k az olvashat\u00f3s\u00e1got \u00e9s a meg\u00e9rt\u00e9st.<\/p>\n\n\n\n<p>P\u00e9ld\u00e1ul a m\u0171szaki dokumentumokban a komplexit\u00e1s gyakran a be\u00e1gyazott kifejez\u00e9sekb\u0151l vagy a szakzsargonb\u00f3l fakad.<\/p>\n\n\n\n<ul class=\"wp-block-list\">\n<li><strong>T\u00fal bonyolult:<\/strong> \"A javasolt rendszerarchitekt\u00fara megval\u00f3s\u00edt\u00e1sa t\u00f6bb, egym\u00e1ssal \u00f6sszekapcsolt, szinkroniz\u00e1lt harm\u00f3ni\u00e1ban m\u0171k\u00f6d\u0151 komponens integr\u00e1ci\u00f3j\u00e1t teszi sz\u00fcks\u00e9gess\u00e9 az optim\u00e1lis teljes\u00edtm\u00e9nym\u00e9r\u0151k el\u00e9r\u00e9se \u00e9rdek\u00e9ben.\"<\/li>\n\n\n\n<li><strong>Egyszer\u0171s\u00edtve:<\/strong> \"A rendszer akkor m\u0171k\u00f6dik a legjobban, ha a r\u00e9szei z\u00f6kken\u0151mentesen m\u0171k\u00f6dnek egy\u00fctt.\"<\/li>\n<\/ul>\n\n\n\n<h3 class=\"wp-block-heading\"><strong>7. \u00c1t\u00edr\u00e1s a passz\u00edv hang elker\u00fcl\u00e9se \u00e9rdek\u00e9ben<\/strong><\/h3>\n\n\n\n<p>Az akt\u00edv hangnem \u00e9l\u00e9nkebb\u00e9 teszi az \u00edr\u00e1st, mivel egy\u00e9rtelm\u0171en meghat\u00e1rozza a cselekv\u0151 szem\u00e9ly\u00e9t. Ne t\u00e1vol\u00edtson el azonban vakon minden passz\u00edv szerkezetet.<\/p>\n\n\n\n<p>N\u00e9ha a passz\u00edv hangnemnek van \u00e9rtelme, k\u00fcl\u00f6n\u00f6sen akkor, ha a cselekv\u00e9s v\u00e9grehajt\u00f3ja ismeretlen vagy irrelev\u00e1ns.<\/p>\n\n\n\n<figure class=\"wp-block-table\"><table class=\"has-fixed-layout\"><thead><tr><td class=\"has-text-align-center\" data-align=\"center\"><strong>Hangt\u00edpus<\/strong><\/td><td class=\"has-text-align-center\" data-align=\"center\"><strong>P\u00e9lda<\/strong><\/td><td class=\"has-text-align-center\" data-align=\"center\"><strong>C\u00e9l<\/strong><\/td><\/tr><\/thead><tbody><tr><td class=\"has-text-align-center\" data-align=\"center\"><strong>Passz\u00edv (megfelel\u0151)<\/strong><\/td><td class=\"has-text-align-center\" data-align=\"center\">\u201cA kezdeti tervez\u00e9si szakaszban hib\u00e1k t\u00f6rt\u00e9ntek.\u201d<\/td><td class=\"has-text-align-center\" data-align=\"center\">Diplom\u00e1ciai hangnem; a cselekv\u00e9s\/eredm\u00e9ny hangs\u00falyoz\u00e1sa.<\/td><\/tr><tr><td class=\"has-text-align-center\" data-align=\"center\"><strong>Akt\u00edv (jobb)<\/strong><\/td><td class=\"has-text-align-center\" data-align=\"center\">\u201cA csapat t\u00f6bb fontos r\u00e9szletet figyelmen k\u00edv\u00fcl hagyott.\u201d<\/td><td class=\"has-text-align-center\" data-align=\"center\">K\u00f6zvetlen felel\u0151ss\u00e9g; egy\u00e9rtelm\u0171bb cselekv\u00e9s.<\/td><\/tr><\/tbody><\/table><\/figure>\n\n\n\n<h2 class=\"wp-block-heading\"><strong>Gyakori hib\u00e1k a mondatok \u00fajra\u00edr\u00e1sakor<\/strong><\/h2>\n\n\n\n<p>Az \u00e1t\u00edr\u00e1s egyszer\u0171nek t\u0171nhet, de vannak gyakori buktat\u00f3k, amelyekre \u00e9rdemes odafigyelni. <\/p>\n\n\n\n<p>Az egyik gyakori hiba <a href=\"https:\/\/slc.berkeley.edu\/writing-worksheets-and-other-writing-resources\/editing-vs-revision\" target=\"_blank\" rel=\"noreferrer noopener\">t\u00falszerkeszt\u00e9s<\/a>. <\/p>\n\n\n\n<p>Ilyenkor az egyszer\u0171s\u00edt\u00e9sre tett k\u00eds\u00e9rlet sor\u00e1n a mondat eredeti jelent\u00e9se vagy \u00e1rnyalata elv\u00e9sz. Ker\u00fcld el, hogy olyan sokat v\u00e1ltoztass, hogy a v\u00e9g\u00e9n teljesen m\u00e1s \u00fczenetet kapj.<\/p>\n\n\n\n<p>Egy m\u00e1sik csapda a hangnem k\u00f6vetkezetlens\u00e9ge - ha az eredeti mondat hivatalos, ne tegye hirtelen laz\u00e1v\u00e1, vagy ford\u00edtva. <\/p>\n\n\n\n<p>A hangnem r\u00e9sze a jelent\u00e9snek, k\u00fcl\u00f6n\u00f6sen a kreat\u00edv vagy meggy\u0151z\u0151 \u00edr\u00e1sokban, ez\u00e9rt pr\u00f3b\u00e1ljon meg szorosan illeszkedni hozz\u00e1.<\/p>\n\n\n\n<p>Az \u00edr\u00f3k is gyakran \u00faj \u00f6tleteket vezetnek be an\u00e9lk\u00fcl, hogy tudat\u00e1ban lenn\u00e9nek ennek.<\/p>\n\n\n\n<p>Az inform\u00e1ci\u00f3k hozz\u00e1ad\u00e1sa term\u00e9szetesnek t\u0171nhet a tiszt\u00e1z\u00e1s sor\u00e1n, de megv\u00e1ltoztathatja a jelent\u00e9st. Maradjon az eredeti pontn\u00e1l, \u00e9s \u00f6sszpontos\u00edtson az \u00e1tdolgoz\u00e1sra.&nbsp;<\/p>\n\n\n\n<p><strong>A kontextus elfelejt\u00e9se<\/strong> szint\u00e9n probl\u00e9m\u00e1s lehet. <\/p>\n\n\n\n<p>Egy elszigetelten \u00e1t\u00edrt mondat elvesz\u00edtheti a hely\u00e9t a nagyobb narrat\u00edv\u00e1ban, ami zavar\u00f3 \u00e1tmeneteket hozhat l\u00e9tre. <\/p>\n\n\n\n<p>Olvassa \u00e1t a k\u00f6rnyez\u0151 bekezd\u00e9seket, hogy az \u00e1t\u00edr\u00e1s term\u00e9szetesen illeszkedjen.<\/p>\n\n\n\n<h2 class=\"wp-block-heading\"><strong>AI \u00e9s eszk\u00f6z\u00f6k haszn\u00e1lata az \u00e1t\u00edr\u00e1si folyamat jav\u00edt\u00e1s\u00e1hoz<\/strong><\/h2>\n\n\n\n<p>A hat\u00e9kony \u00e1t\u00edr\u00e1s t\u00f6bb, mint a szavak cser\u00e9je; olyan tudatos d\u00f6nt\u00e9sek meghozatal\u00e1r\u00f3l van sz\u00f3, amelyek feldobj\u00e1k a mondatot.<\/p>\n\n\n\n<p>Az eszk\u00f6z\u00f6k hat\u00e9kony m\u00e1sodik szemk\u00e9nt m\u0171k\u00f6dhetnek.<\/p>\n\n\n\n<h3 class=\"wp-block-heading\"><strong>Az AI-ellen\u0151rz\u0151 ereje<\/strong><\/h3>\n\n\n\n<p>Ha digit\u00e1lis asszisztenst keresel, akkor a <a href=\"https:\/\/undetectable.ai\/\" target=\"_blank\" rel=\"noreferrer noopener\">Humanizer AI<\/a> Az Undetectable AI \u00e1ltal kifejlesztett eszk\u00f6z egyed\u00fcl\u00e1ll\u00f3 m\u00f3dszert k\u00edn\u00e1l a mondatok jav\u00edt\u00e1s\u00e1ra.<\/p>\n\n\n\n<p>A Humanizer AI nem csak a nyelvtanr\u00f3l sz\u00f3l, hanem <a href=\"https:\/\/undetectable.ai\/blog\/paragraph-rewriter-guide\/\" target=\"_blank\" data-type=\"link\" data-id=\"https:\/\/undetectable.ai\/blog\/how-to-rewrite-a-sentence\/\" rel=\"noreferrer noopener\">\u00e1t\u00edrja a mondatokat<\/a> term\u00e9szetesen, meg\u0151rizve az eredeti hangnemet \u00e9s sz\u00e1nd\u00e9kot.<\/p>\n\n\n\n<p>K\u00fcl\u00f6n\u00f6sen hasznos a megfogalmaz\u00e1s finom\u00edt\u00e1s\u00e1hoz an\u00e9lk\u00fcl, hogy a sz\u00f6veg mesterk\u00e9ltnek vagy t\u00fals\u00e1gosan szerkesztettnek t\u0171nne.<\/p>\n\n\n<div class=\"wp-block-image\">\n<figure class=\"aligncenter size-large\"><img loading=\"lazy\" decoding=\"async\" width=\"1024\" height=\"456\" src=\"https:\/\/undetectable.ai/blog\/wp-content\/uploads\/2025\/09\/AI-Humanizer-1024x456.jpg\" alt=\"Pillanatk\u00e9p az Undetectable AI AI Humanizer eszk\u00f6z fel\u00fclet\u00e9r\u0151l.\" class=\"wp-image-14326\" title=\"\" srcset=\"https:\/\/undetectable.ai/blog\/wp-content\/uploads\/2025\/09\/AI-Humanizer-1024x456.jpg 1024w, https:\/\/undetectable.ai/blog\/wp-content\/uploads\/2025\/09\/AI-Humanizer-300x133.jpg 300w, https:\/\/undetectable.ai/blog\/wp-content\/uploads\/2025\/09\/AI-Humanizer-768x342.jpg 768w, https:\/\/undetectable.ai/blog\/wp-content\/uploads\/2025\/09\/AI-Humanizer-18x8.jpg 18w, https:\/\/undetectable.ai/blog\/wp-content\/uploads\/2025\/09\/AI-Humanizer.jpg 1254w\" sizes=\"auto, (max-width: 1024px) 100vw, 1024px\" \/><\/figure><\/div>\n\n\n<p>Gyors szerkezeti v\u00e1ltoz\u00e1sokhoz az \u00e9szrevehetetlen mesters\u00e9ges intelligenci\u00e1nk <a href=\"https:\/\/undetectable.ai\/paraphrasing-tool\" target=\"_blank\" rel=\"noreferrer noopener\">Parafr\u00e1zis eszk\u00f6z<\/a> kifejezetten arra lett kifejlesztve, hogy gyorsan \u00e9s hat\u00e9konyan \u00e1t\u00edrja a sz\u00f6veget, term\u00e9szetes, emberhez hasonl\u00f3 eredm\u00e9nyeket biztos\u00edtva, mik\u00f6zben az eredeti jelent\u00e9s v\u00e1ltozatlan marad.<\/p>\n\n\n<div class=\"wp-block-image\">\n<figure class=\"aligncenter size-full\"><img loading=\"lazy\" decoding=\"async\" width=\"887\" height=\"401\" src=\"https:\/\/undetectable.ai/blog\/wp-content\/uploads\/2025\/05\/Paraphrasing-tool-01.jpg\" alt=\"K\u00e9perny\u0151k\u00e9p az Undetectable AI parafraz\u00e1l\u00f3 eszk\u00f6z\u00e9nek fel\u00fclet\u00e9r\u0151l\" class=\"wp-image-9021\" title=\"\" srcset=\"https:\/\/undetectable.ai/blog\/wp-content\/uploads\/2025\/05\/Paraphrasing-tool-01.jpg 887w, https:\/\/undetectable.ai/blog\/wp-content\/uploads\/2025\/05\/Paraphrasing-tool-01-300x136.jpg 300w, https:\/\/undetectable.ai/blog\/wp-content\/uploads\/2025\/05\/Paraphrasing-tool-01-768x347.jpg 768w, https:\/\/undetectable.ai/blog\/wp-content\/uploads\/2025\/05\/Paraphrasing-tool-01-18x8.jpg 18w\" sizes=\"auto, (max-width: 887px) 100vw, 887px\" \/><\/figure><\/div>\n\n\n<p>A magas sz\u00ednvonal\u00fa akad\u00e9miai kiigaz\u00edt\u00e1sokhoz az Undetectable AI <a href=\"https:\/\/undetectable.ai\/ai-essay-rewriter\" target=\"_blank\" rel=\"noreferrer noopener\">Essz\u00e9 \u00e1t\u00edr\u00f3<\/a> kifejezetten a sz\u00f6veg gyors \u00e9s hat\u00e9kony \u00e1t\u00edr\u00e1s\u00e1ra lett kifejlesztve.<\/p>\n\n\n\n<p>Ez az eszk\u00f6z term\u00e9szetes, emberhez hasonl\u00f3 eredm\u00e9nyeket ny\u00fajt, amelyek egyszer\u0171s\u00edtik a bonyolult kifejez\u00e9seket, mik\u00f6zben a kutat\u00e1s eredeti jelent\u00e9s\u00e9t v\u00e1ltozatlanul meg\u0151rzik.<\/p>\n\n\n<div class=\"wp-block-image\">\n<figure class=\"aligncenter size-large\"><img loading=\"lazy\" decoding=\"async\" width=\"1024\" height=\"468\" src=\"https:\/\/undetectable.ai/blog\/wp-content\/uploads\/2025\/01\/AI-Essay-Rewriter-homepage-undetectable-ai-e1754661703921-1024x468.jpg\" alt=\"AI Essay Rewriter honlap undetectable ai\" class=\"wp-image-5544\" title=\"\" srcset=\"https:\/\/undetectable.ai/blog\/wp-content\/uploads\/2025\/01\/AI-Essay-Rewriter-homepage-undetectable-ai-e1754661703921-1024x468.jpg 1024w, https:\/\/undetectable.ai/blog\/wp-content\/uploads\/2025\/01\/AI-Essay-Rewriter-homepage-undetectable-ai-e1754661703921-300x137.jpg 300w, https:\/\/undetectable.ai/blog\/wp-content\/uploads\/2025\/01\/AI-Essay-Rewriter-homepage-undetectable-ai-e1754661703921-768x351.jpg 768w, https:\/\/undetectable.ai/blog\/wp-content\/uploads\/2025\/01\/AI-Essay-Rewriter-homepage-undetectable-ai-e1754661703921-18x8.jpg 18w, https:\/\/undetectable.ai/blog\/wp-content\/uploads\/2025\/01\/AI-Essay-Rewriter-homepage-undetectable-ai-e1754661703921.jpg 1076w\" sizes=\"auto, (max-width: 1024px) 100vw, 1024px\" \/><\/figure><\/div>\n\n\n<h3 class=\"wp-block-heading\"><strong>K\u00e9zi strat\u00e9gi\u00e1k a hat\u00e9kony \u00e1t\u00edr\u00e1sokhoz<\/strong><\/h3>\n\n\n\n<p>N\u00e9ha a legjobb strat\u00e9gi\u00e1k a legegyszer\u0171bbek. Kezdje azzal, hogy saj\u00e1t szavaival \u00e1tfogalmazza a sz\u00f6veget, an\u00e9lk\u00fcl, hogy az eredetire n\u00e9zne.<\/p>\n\n\n\n<p>Ez a technika arra k\u00e9nyszer\u00edt, hogy k\u00f6zvetlen\u00fcl a f\u0151 gondolathoz kapcsol\u00f3djon, \u00edgy biztos\u00edtva, hogy az eredeti megfogalmaz\u00e1s ne befoly\u00e1solja t\u00falzottan az \u00e1t\u00edr\u00e1st.<\/p>\n\n\n\n<p>Egy m\u00e1sik hasznos megk\u00f6zel\u00edt\u00e9s az \u201celmagyar\u00e1zom egy bar\u00e1tomnak\u201d technika.<\/p>\n\n\n\n<p>Amikor valamit laz\u00e1n magyar\u00e1zunk, \u00e1ltal\u00e1ban vil\u00e1gos, term\u00e9szetes nyelvet haszn\u00e1lunk, ami gyakran pontosan az, amire sz\u00fcks\u00e9g van egy \u00e9rthet\u0151 \u00e1t\u00edr\u00e1shoz.<\/p>\n\n\n\n<h2 class=\"wp-block-heading\"><strong>Gyakori hib\u00e1k a mondatok \u00fajra\u00edr\u00e1sakor<\/strong><\/h2>\n\n\n\n<p>Az \u00e1t\u00edr\u00e1s egyszer\u0171nek t\u0171nhet, de vannak gyakori buktat\u00f3k, amelyekre \u00e9rdemes odafigyelni.<\/p>\n\n\n\n<p>T\u00falzott szerkeszt\u00e9s \u00e9s a \u00e1rnyalatok elveszt\u00e9se: Ker\u00fclje el, hogy a mondat eredeti jelent\u00e9se vagy kritikus \u00e1rnyalatai elvesznek a egyszer\u0171s\u00edt\u00e9s sor\u00e1n.<\/p>\n\n\n\n<p>T\u00f3nus k\u00f6vetkezetlens\u00e9g: Ha az eredeti mondat form\u00e1lis, ne v\u00e1ltoztassa hirtelen inform\u00e1liss\u00e1, vagy ford\u00edtva. A t\u00f3nus a jelent\u00e9s r\u00e9sze.<\/p>\n\n\n\n<p>\u00daj \u00f6tletek bemutat\u00e1sa: Maradjon az eredeti gondolatn\u00e1l. Az inform\u00e1ci\u00f3k hozz\u00e1ad\u00e1sa term\u00e9szetesnek t\u0171nhet, mik\u00f6zben pontos\u00edt, de ez finoman eltolhatja a jelent\u00e9st.<\/p>\n\n\n\n<p>A kontextus figyelmen k\u00edv\u00fcl hagy\u00e1sa: Egy \u00f6nmag\u00e1ban \u00e1t\u00edrt mondat elvesz\u00edtheti hely\u00e9t a nagyobb narrat\u00edv\u00e1ban, ami zavar\u00f3 \u00e1tmenetekhez vezethet. Olvassa \u00e1t a k\u00f6rnyez\u0151 bekezd\u00e9seket, hogy megbizonyosodjon arr\u00f3l, hogy az \u00e1t\u00edr\u00e1sa term\u00e9szetesen illeszkedik a sz\u00f6vegbe.<\/p>\n\n\n\n<p>Haszn\u00e1lja azonnal AI Detector \u00e9s Humanizer widget\u00fcnket.<\/p>\n\n\n\n<div id=\"uai-widget\" data-affiliate-link=\"https:\/\/undetectable.ai\/?_by=hi4km\"><script>var js = document.createElement(\"script\");js.async = true;js.src = \"https:\/\/widget.undetectable.ai\/js\/widget-loader.js?t=\"+Date.now();document.getElementsByTagName(\"head\")[0].appendChild(js);<\/script><\/div>\n\n\n\n<h2 class=\"wp-block-heading\"><strong>Gyakran ism\u00e9telt k\u00e9rd\u00e9sek a mondatok \u00e1t\u00edr\u00e1s\u00e1r\u00f3l<\/strong><\/h2>\n\n\n<div id=\"rank-math-faq\" class=\"rank-math-block\">\n<div class=\"rank-math-list\">\n<div id=\"faq-question-1765479990629\" class=\"rank-math-list-item\">\n<h3 class=\"rank-math-question\">Mi a mondat \u00e1t\u00edr\u00e1s\u00e1nak els\u0151dleges c\u00e9lja?<\/h3>\n<div class=\"rank-math-answer\">\n\n<p>Az els\u0151dleges c\u00e9l az olvashat\u00f3s\u00e1g, az \u00e9rthet\u0151s\u00e9g \u00e9s a sz\u00f6vegfoly\u00e1soss\u00e1g jav\u00edt\u00e1sa, mik\u00f6zben meg\u0151rizz\u00fck az eredeti jelent\u00e9st \u00e9s hangnemet. Arr\u00f3l van sz\u00f3, hogy a \u00fczenetet hozz\u00e1f\u00e9rhet\u0151bb\u00e9 tegy\u00fck az olvas\u00f3 sz\u00e1m\u00e1ra.<\/p>\n\n<\/div>\n<\/div>\n<div id=\"faq-question-1765479997882\" class=\"rank-math-list-item\">\n<h3 class=\"rank-math-question\">Honnan tudom, hogy egy mondat t\u00fal hossz\u00fa?<\/h3>\n<div class=\"rank-math-answer\">\n\n<p>Egy j\u00f3 szab\u00e1ly a \u201cl\u00e9legzetpr\u00f3ba\u201d. Ha nem tudod egy term\u00e9szetes l\u00e9legzetv\u00e9tel alatt hangosan felolvasni a mondatot, akkor val\u00f3sz\u00edn\u0171leg t\u00fal hossz\u00fa, \u00e9s k\u00e9t vagy t\u00f6bb egyszer\u0171bb mondatra kell bontani.<\/p>\n\n<\/div>\n<\/div>\n<div id=\"faq-question-1765480004316\" class=\"rank-math-list-item\">\n<h3 class=\"rank-math-question\">Mindig ker\u00fcln\u00f6m kell a passz\u00edv hangnemet?<\/h3>\n<div class=\"rank-math-answer\">\n\n<p>Nem. B\u00e1r az akt\u00edv hangnem \u00e1ltal\u00e1ban er\u0151teljesebb, a passz\u00edv hangnem akkor megfelel\u0151, ha a cselekv\u00e9s v\u00e9grehajt\u00f3ja ismeretlen vagy irrelev\u00e1ns, vagy ha diplom\u00e1ciai vagy form\u00e1lis hangnemet kell fenntartani.<\/p>\n\n<\/div>\n<\/div>\n<div id=\"faq-question-1765480011063\" class=\"rank-math-list-item\">\n<h3 class=\"rank-math-question\">Melyek a j\u00f3 k\u00fcls\u0151 forr\u00e1sok az \u00edr\u00e1sk\u00e9szs\u00e9g fejleszt\u00e9s\u00e9hez?<\/h3>\n<div class=\"rank-math-answer\">\n\n<p>A  oldalon. <a href=\"https:\/\/www.coursera.org\/articles\/writing-skills\" target=\"_blank\" data-type=\"link\" data-id=\"https:\/\/www.coursera.org\/articles\/writing-skills\" rel=\"noreferrer noopener\">tanul\u00e1s<\/a> A vil\u00e1gos \u00edr\u00e1s alapjainak elsaj\u00e1t\u00edt\u00e1s\u00e1hoz keressen megb\u00edzhat\u00f3, hiteles forr\u00e1sokat. <\/p>\n\n<\/div>\n<\/div>\n<\/div>\n<\/div>\n\n\n<h2 class=\"wp-block-heading\"><strong>K\u00f6vetkeztet\u00e9s<\/strong><\/h2>\n\n\n\n<p>A mondatok \u00e1t\u00edr\u00e1sa az egyens\u00faly megteremt\u00e9s\u00e9r\u0151l sz\u00f3l: az eredeti \u00fczenet \u00e9s hangnem meg\u0151rz\u00e9se mellett jav\u00edtani akarja az \u00e9rthet\u0151s\u00e9get \u00e9s a sz\u00f6veg \u00e1raml\u00e1s\u00e1t.<\/p>\n\n\n\n<p>Ak\u00e1r a Humanizer AI-ra t\u00e1maszkodsz, ak\u00e1r olyan technik\u00e1kat alkalmazol, mint a hangos olvas\u00e1s, ak\u00e1r a manu\u00e1lis m\u00f3dszerekn\u00e9l maradsz, a c\u00e9l az olvashat\u00f3s\u00e1g jav\u00edt\u00e1sa \u00e9s az eredetis\u00e9g meg\u0151rz\u00e9se.<\/p>\n\n\n\n<p><a href=\"https:\/\/undetectable.ai\/\" target=\"_blank\" data-type=\"link\" data-id=\"https:\/\/undetectable.ai\/\" rel=\"noreferrer noopener\">Kimutathatatlan AI<\/a> biztos\u00edtja, hogy a finom\u00edtott sz\u00f6veg term\u00e9szetes, emberi min\u0151s\u00e9g\u00e9t meg\u0151rizze, elker\u00fclve a g\u00e9ppel gener\u00e1lt tartalom robotikus jelleg\u00e9t.<\/p>\n\n\n\n<p>Gyakorl\u00e1ssal ezek a strat\u00e9gi\u00e1k nem csak az egyes mondatokat jav\u00edtj\u00e1k, hanem az \u00edr\u00e1sst\u00edlusodat is, \u00edgy hat\u00e9konyabban \u00e9s magabiztosabban tudsz majd kommunik\u00e1lni.<\/p>","protected":false},"excerpt":{"rendered":"","protected":false},"author":15,"featured_media":4999,"comment_status":"closed","ping_status":"closed","sticky":false,"template":"","format":"standard","meta":{"_themeisle_gutenberg_block_has_review":false,"footnotes":""},"categories":[31],"tags":[],"class_list":["post-4998","post","type-post","status-publish","format-standard","has-post-thumbnail","hentry","category-helpful-ai-content-tips"],"_links":{"self":[{"href":"https:\/\/undetectable.ai/blog\/hu\/wp-json\/wp\/v2\/posts\/4998","targetHints":{"allow":["GET"]}}],"collection":[{"href":"https:\/\/undetectable.ai/blog\/hu\/wp-json\/wp\/v2\/posts"}],"about":[{"href":"https:\/\/undetectable.ai/blog\/hu\/wp-json\/wp\/v2\/types\/post"}],"author":[{"embeddable":true,"href":"https:\/\/undetectable.ai/blog\/hu\/wp-json\/wp\/v2\/users\/15"}],"replies":[{"embeddable":true,"href":"https:\/\/undetectable.ai/blog\/hu\/wp-json\/wp\/v2\/comments?post=4998"}],"version-history":[{"count":14,"href":"https:\/\/undetectable.ai/blog\/hu\/wp-json\/wp\/v2\/posts\/4998\/revisions"}],"predecessor-version":[{"id":19130,"href":"https:\/\/undetectable.ai/blog\/hu\/wp-json\/wp\/v2\/posts\/4998\/revisions\/19130"}],"wp:featuredmedia":[{"embeddable":true,"href":"https:\/\/undetectable.ai/blog\/hu\/wp-json\/wp\/v2\/media\/4999"}],"wp:attachment":[{"href":"https:\/\/undetectable.ai/blog\/hu\/wp-json\/wp\/v2\/media?parent=4998"}],"wp:term":[{"taxonomy":"category","embeddable":true,"href":"https:\/\/undetectable.ai/blog\/hu\/wp-json\/wp\/v2\/categories?post=4998"},{"taxonomy":"post_tag","embeddable":true,"href":"https:\/\/undetectable.ai/blog\/hu\/wp-json\/wp\/v2\/tags?post=4998"}],"curies":[{"name":"wp","href":"https:\/\/api.w.org\/{rel}","templated":true}]}}