{"id":5002,"date":"2026-01-06T09:37:07","date_gmt":"2026-01-06T09:37:07","guid":{"rendered":"https:\/\/undetectable.ai/blog\/?p=5002"},"modified":"2026-01-09T12:37:11","modified_gmt":"2026-01-09T12:37:11","slug":"pontosvesszo-peldak","status":"publish","type":"post","link":"https:\/\/undetectable.ai/blog\/hu\/pontosvesszo-peldak","title":{"rendered":"Hogyan kell haszn\u00e1lni a pontosvessz\u0151t: Szab\u00e1lyok, tippek \u00e9s p\u00e9ld\u00e1k"},"content":{"rendered":"<p>Tervezi, hogy <a href=\"https:\/\/undetectable.ai\/blog\/how-to-write-a-persuasive-essay\/\" target=\"_blank\" rel=\"noreferrer noopener\">essz\u00e9t \u00edrni<\/a> vagy tal\u00e1n egy igaz\u00e1n megnyer\u0151 <a href=\"https:\/\/undetectable.ai\/blog\/how-to-write-a-short-story\/\" target=\"_blank\" rel=\"noreferrer noopener\">novella<\/a>? Az \u00edr\u00e1s egyszerre lehet sz\u00f3rakoztat\u00f3 \u00e9s kifizet\u0151d\u0151, k\u00fcl\u00f6n\u00f6sen, ha tudod, hogyan kell j\u00f3l csin\u00e1lni.&nbsp;<\/p>\n\n\n\n<p>A szavak az \u00d6n v\u00e1szna, de az \u00edr\u00e1s technikai aspektusainak - p\u00e9ld\u00e1ul a nyelvtan \u00e9s az \u00edr\u00e1sjelek - ismerete \u00e9letre kelti gondolatait. <\/p>\n\n\n\n<p>K\u00fcl\u00f6n\u00f6sen a pontosvessz\u0151 egy kicsi, de hatalmas \u00edr\u00e1sm\u00f3d n\u00e9lk\u00fcl\u00f6zhetetlen eleme. De mi is ez pontosan, \u00e9s hogyan haszn\u00e1ljuk?<\/p>\n\n\n\n<p>A pontosvessz\u0151 ereje abban rejlik, hogy k\u00e9pes \u00f6sszek\u00f6tni a gondolatokat, ritmust adni a gondolatoknak, \u00e9s sokkal csiszoltabb\u00e1 teszi az \u00edr\u00e1st. <\/p>\n\n\n\n<p>Teh\u00e1t ak\u00e1r egy list\u00e1t bontasz meg, ak\u00e1r k\u00e9t szorosan \u00f6sszef\u00fcgg\u0151 pontot kapcsolsz \u00f6ssze, a pontosvessz\u0151 helyes haszn\u00e1lat\u00e1nak ismerete feldobhatja az \u00edr\u00e1sodat.<\/p>\n\n\n\n<p>Ebben az \u00fatmutat\u00f3ban megismerheti ennek az \u0151si \u00edr\u00e1sjelnek az alapjait. N\u00e9h\u00e1ny pontosvessz\u0151 p\u00e9ld\u00e1t \u00e9s tippet is adunk, hogy k\u00f6nnyebben elsaj\u00e1t\u00edthasd a haszn\u00e1lat\u00e1t. <\/p>\n\n\n\n<p>Haszn\u00e1lja ki a pontosvessz\u0151 erej\u00e9t; alak\u00edtsa a j\u00f3 mondatokat nagyszer\u0171v\u00e9.&nbsp;<\/p>\n\n\n\n<h2 class=\"wp-block-heading\"><strong>Mi az a pontosvessz\u0151?<\/strong><\/h2>\n\n\n\n<p>A <a href=\"https:\/\/www.theparisreview.org\/blog\/2019\/08\/01\/the-birth-of-the-semicolon\/\" target=\"_blank\" rel=\"noreferrer noopener\">a pontosvessz\u0151 eredete<\/a> eg\u00e9szen 1494-ig ny\u00falik vissza. Velenc\u00e9ben sz\u00fcletett, a tudom\u00e1ny \u00e9s a m\u0171v\u00e9szetek, k\u00f6zt\u00fck az irodalom felfedez\u00e9s\u00e9nek idej\u00e9n. <\/p>\n\n\n\n<p>Az \u00edr\u00e1sjeleket folyamatosan tal\u00e1lt\u00e1k ki, haszn\u00e1lt\u00e1k \u00e9s vetett\u00e9k el.<\/p>\n\n\n\n<p>A renesz\u00e1nsz humanist\u00e1i k\u00f6z\u00f6tt volt Aldus Manutius. Egy velencei nyomd\u00e1sz volt, aki megalkotta a pontosvessz\u0151t. <\/p>\n\n\n\n<p>A sz\u00e1nd\u00e9ka? A vessz\u0151t \u00e9s a kett\u0151spontot kombin\u00e1lni, \u00fagy gondolta, mint egy sz\u00fcnetet, amely hosszabb, mint a vessz\u0151, de r\u00f6videbb, mint a kett\u0151spont.<\/p>\n\n\n\n<p>Manutius eredetileg a pontosvessz\u0151t a hossz\u00fa list\u00e1k elemeinek elv\u00e1laszt\u00e1s\u00e1ra haszn\u00e1lta. Seg\u00edtett az olvas\u00f3knak az inform\u00e1ci\u00f3k gyorsabb feldolgoz\u00e1s\u00e1ban, \u00edgy n\u00f6velte a keresletet az anyagai ir\u00e1nt. <\/p>\n\n\n\n<p>Id\u0151vel a pontosvessz\u0151 egyre n\u00e9pszer\u0171bb\u00e9 v\u00e1lt az olasz tud\u00f3sok k\u00f6r\u00e9ben. \u00c9s v\u00e9g\u00fcl ez eljutott P\u00e1rizsba \u00e9s Londonba is.<\/p>\n\n\n\n<p>Ma a pontosvessz\u0151 az \u00edr\u00e1sjelek sz\u00fcks\u00e9ges (de gyakran f\u00e9lre\u00e9rtett) r\u00e9sze, \u00e9s szab\u00e1lyai vannak a helyes haszn\u00e1lat\u00e1ra. <\/p>\n\n\n\n<p>B\u00e1r eredete a t\u00f6rt\u00e9nelemben gy\u00f6kerezik, a c\u00e9lja tov\u00e1bbra is id\u0151tlen: az \u00edr\u00e1s tisztas\u00e1g\u00e1nak \u00e9s \u00e1raml\u00e1s\u00e1nak megteremt\u00e9se.<\/p>\n\n\n\n<h2 class=\"wp-block-heading\"><strong>Mi\u00e9rt haszn\u00e1ljunk pontosvessz\u0151t?<\/strong><\/h2>\n\n\n\n<p>A pontosvessz\u0151 f\u0151 c\u00e9lja, hogy h\u00eddk\u00e9nt szolg\u00e1ljon k\u00e9t, egym\u00e1ssal szorosan \u00f6sszef\u00fcgg\u0151 gondolat k\u00f6z\u00f6tt. <\/p>\n\n\n\n<p>Ahelyett, hogy vessz\u0151t haszn\u00e1lna egy k\u00f6t\u0151sz\u00f3val (p\u00e9ld\u00e1ul \"\u00e9s\" vagy \"de\"), a pontosvessz\u0151vel k\u00f6zvetlenebb m\u00f3don kapcsolhat \u00f6ssze k\u00e9t teljes mondatot.&nbsp;<\/p>\n\n\n\n<p>Ez az \u00edr\u00e1sjel azt hangs\u00falyozza, hogy a gondolatok k\u00f6z\u00f6tt kapcsolat van, \u00e9s biztos\u00edtja, hogy ezek z\u00f6kken\u0151mentesebben illeszkedjenek egym\u00e1shoz.<\/p>\n\n\n\n<p>Mondjuk p\u00e9ld\u00e1ul:<\/p>\n\n\n\n<ul class=\"wp-block-list\">\n<li><strong>pontosvessz\u0151 n\u00e9lk\u00fcl: <\/strong><em>Az es\u0151 el\u00e1llt. Kis\u00fct\u00f6tt a nap.<\/em><\/li>\n\n\n\n<li><strong>Egy pontosvessz\u0151vel:<\/strong> <em>Az es\u0151 el\u00e1llt; kis\u00fct\u00f6tt a nap.<\/em><\/li>\n<\/ul>\n\n\n\n<p>A pontosvessz\u0151 hozz\u00e1ad\u00e1sa egy mondatban meg\u0151rzi annak egy\u00e9rtelm\u0171s\u00e9g\u00e9t, mik\u00f6zben elker\u00fcli a pont hirtelen hirtelens\u00e9g\u00e9t. <\/p>\n\n\n\n<p>Azzal is elker\u00fclheti, hogy a kijelent\u00e9seket sz\u00fcks\u00e9gtelen\u00fcl bonyolultt\u00e1 tegye, ha koordin\u00e1l\u00f3 k\u00f6t\u0151sz\u00f3t kell hozz\u00e1tennie. <\/p>\n\n\n\n<p>Ez egy olyan eszk\u00f6z, amely egyens\u00falyt \u00e9s egyfajta eleganci\u00e1t k\u00f6lcs\u00f6n\u00f6z az \u00edr\u00e1sodnak, ritmust \u00e9s koh\u00e9zi\u00f3t ad a mondataidnak.<\/p>\n\n\n\n<h2 class=\"wp-block-heading\"><strong>Mikor haszn\u00e1ljunk pontosvessz\u0151t<\/strong><\/h2>\n\n\n\n<p>A pontosvessz\u0151 val\u00f3j\u00e1ban sokoldal\u00fabb, mint gondoln\u00e1d. \u00cdme a leggyakoribb alkalmaz\u00e1sok, ahol hat\u00e9konyan haszn\u00e1lhat\u00f3, \u00e9s a pontosvessz\u0151t haszn\u00e1l\u00f3 mondatp\u00e9ld\u00e1k:<\/p>\n\n\n\n<p><strong>\u00d6n\u00e1ll\u00f3 mondatok \u00f6sszekapcsol\u00e1sa k\u00f6t\u0151jelek n\u00e9lk\u00fcl<\/strong><\/p>\n\n\n\n<p>Ha k\u00e9t teljes mondat szorosan kapcsol\u00f3dik egym\u00e1shoz, az \u00fagynevezett f\u00fcggetlen mondatokhoz, a pontosvessz\u0151 \u00f6sszekapcsolhatja \u0151ket k\u00f6t\u0151sz\u00f3 n\u00e9lk\u00fcl.<\/p>\n\n\n\n<ul class=\"wp-block-list\">\n<li><em>P\u00e9lda: A n\u0151 szeret t\u00far\u00e1zni, a f\u00e9rfi ink\u00e1bb ker\u00e9kp\u00e1rozik.<\/em><\/li>\n<\/ul>\n\n\n\n<p>Hangs\u00falyozza a k\u00e9t mondat k\u00f6z\u00f6tti kapcsolatot, an\u00e9lk\u00fcl, hogy sz\u00fcks\u00e9g lenne az \"\u00e9s\" vagy a \"de\" sz\u00f3ra.<\/p>\n\n\n\n<p><strong>\u00d6sszetett list\u00e1k elemeinek sz\u00e9tv\u00e1laszt\u00e1sa<\/strong><\/p>\n\n\n\n<p>Azokban a list\u00e1kban, ahol a t\u00e9telek m\u00e1r vessz\u0151t tartalmaznak, a pontosvessz\u0151k jobban elv\u00e1laszthatj\u00e1k egym\u00e1st\u00f3l az egyes bejegyz\u00e9seket.<\/p>\n\n\n\n<p><em>P\u00e9lda: R\u00f3m\u00e1ban, Olaszorsz\u00e1gban, P\u00e1rizsban, Franciaorsz\u00e1gban \u00e9s Toki\u00f3ban, Jap\u00e1nban j\u00e1rtunk.<\/em><\/p>\n\n\n\n<p>A pontosvessz\u0151 haszn\u00e1lata n\u00e9lk\u00fcl a mondat k\u00f6nnyen f\u00e9lre\u00e9rthet\u0151 lenne.&nbsp;<\/p>\n\n\n\n<p><strong>Kapcsol\u00f3d\u00f3 \u00f6tletek \u00f6sszekapcsol\u00e1sa<\/strong><\/p>\n\n\n\n<p>A pontosvessz\u0151 k\u00f6nnyen \u00f6sszek\u00f6ti a kapcsol\u00f3d\u00f3 gondolatokat, hangs\u00falyozva azok szoros kapcsolat\u00e1t an\u00e9lk\u00fcl, hogy bonyol\u00edtan\u00e1 a mondatot.<\/p>\n\n\n\n<p><em>P\u00e9lda:<\/em> Kem\u00e9nyen tanult a vizsg\u00e1ra, \u00e9s a szorgalma kit\u0171n\u0151 eredm\u00e9nnyel fizet\u0151d\u00f6tt ki.<\/p>\n\n\n\n<p>Amint l\u00e1thatod, a kapcsolatuk finom, de hat\u00e1sos m\u00f3don jelenik meg.&nbsp;<\/p>\n\n\n\n<p>A pontosvessz\u0151k kreat\u00edv \u00edr\u00e1sokban is megjelenhetnek, mint p\u00e9ld\u00e1ul a <a href=\"https:\/\/undetectable.ai\/blog\/best-ai-poem-generator\/\" target=\"_blank\" rel=\"noopener\">versek<\/a>, hogy \u00f6sszekapcsoljon k\u00e9t verset. Rugalmass\u00e1guk miatt igen n\u00e9pszer\u0171ek, ha m\u00e9lys\u00e9get akarsz adni b\u00e1rminek, amit \u00edrni akarsz.&nbsp;<\/p>\n\n\n\n<h2 class=\"wp-block-heading\"><strong>Hogyan haszn\u00e1ljunk pontosvessz\u0151t k\u00f6t\u0151szavakkal?<\/strong><\/h2>\n\n\n\n<p>B\u00e1r megmutattuk, hogy a pontosvessz\u0151k helyettes\u00edthetik a k\u00f6t\u0151szavakat, de mellett\u00fck is m\u0171k\u00f6dhetnek, hogy bizonyos kontextusokban hangs\u00falyt adjanak. Ne feledje, hogy a pontosvessz\u0151 maga a k\u00f6t\u0151sz\u00f3, \u00edgy a k\u00f6t\u0151sz\u00f3 hozz\u00e1ad\u00e1sa felesleges lenne.<\/p>\n\n\n\n<ul class=\"wp-block-list\">\n<li><em>Helytelen: <\/em>S\u00e9t\u00e1lni akartam; \u00e9s gy\u00f6ny\u00f6r\u0171 nap volt.<\/li>\n\n\n\n<li><em>Helyes: <\/em>S\u00e9t\u00e1lni akartam; gy\u00f6ny\u00f6r\u0171 nap volt.<\/li>\n<\/ul>\n\n\n\n<p>A pontosvessz\u0151 haszn\u00e1lata a k\u00f6t\u0151szavakkal ell\u00e1tott mondatokban nagyon j\u00f3l m\u0171k\u00f6dik a hosszabb \u00e9s bonyolultabb mondatok eset\u00e9ben. \u00cdme tov\u00e1bbi p\u00e9ld\u00e1k pontosvessz\u0151vel \u00e9s a k\u00f6t\u0151sz\u00f3k megfelel\u0151 haszn\u00e1lat\u00e1val:<\/p>\n\n\n\n<p><strong>\u00d6sszef\u00fcgg\u0151 hat\u00e1roz\u00f3sz\u00f3k el\u0151tt<\/strong><\/p>\n\n\n\n<p>Amikor egy olyan sz\u00f3, mint <em>azonban, ez\u00e9rt,<\/em> vagy <em>Mindazon\u00e1ltal<\/em> k\u00e9t f\u00fcggetlen mondatot k\u00f6t \u00f6ssze, tegyen el\u00e9 pontosvessz\u0151t.<\/p>\n\n\n\n<ul class=\"wp-block-list\">\n<li><em>P\u00e9lda: A hat\u00e1rid\u0151 szoros volt, a csapat m\u00e9gis befejezte a projektet.<\/em><\/li>\n<\/ul>\n\n\n\n<p>Ez a megk\u00f6zel\u00edt\u00e9s kiemeli az \u00e1tmenetet \u00e9s megtartja a megfelel\u0151 nyelvtant.<\/p>\n\n\n\n<p><strong>\u00d6sszetett mondatokban koordin\u00e1l\u00f3 k\u00f6t\u0151szavakkal<\/strong><\/p>\n\n\n\n<p>Ha a mondat t\u00f6bb vessz\u0151t \u00e9s k\u00f6t\u0151sz\u00f3t tartalmaz (p\u00e9ld\u00e1ul <em>\u00e9s<\/em> vagy <em>de<\/em>), a pontosvessz\u0151 seg\u00edthet a kapcsolatok egy\u00e9rtelm\u0171bb kifejez\u00e9s\u00e9ben.<\/p>\n\n\n\n<ul class=\"wp-block-list\">\n<li><em>P\u00e9lda: A csapatban Alice, a tervez\u0151, Bob, az \u00edr\u00f3 \u00e9s Sarah, a fejleszt\u0151 dolgozott.<\/em><\/li>\n<\/ul>\n\n\n\n<p>Itt a pontosvessz\u0151 k\u00f6zvetlenebb \u00e9s hat\u00e9konyabb m\u00f3don v\u00e1lasztja el a csapattagok list\u00e1j\u00e1t, mik\u00f6zben a f\u00e9lre\u00e9rt\u00e9sek elker\u00fcl\u00e9se mellett.<\/p>\n\n\n\n<h2 class=\"wp-block-heading\"><strong>Szemikolonok vs. vessz\u0151k: F\u0151bb k\u00fcl\u00f6nbs\u00e9gek<\/strong><\/h2>\n\n\n\n<p>Els\u0151 pillant\u00e1sra k\u00f6nny\u0171 \u00f6sszet\u00e9veszteni a pontosvessz\u0151t a vessz\u0151vel, de teljesen m\u00e1s c\u00e9lt szolg\u00e1lnak. A k\u00f6vetkez\u0151 m\u00f3don k\u00fcl\u00f6nb\u00f6znek egym\u00e1st\u00f3l:<\/p>\n\n\n\n<p><strong>F\u00fcggetlen z\u00e1rad\u00e9kok<\/strong><\/p>\n\n\n\n<p>A pontosvessz\u0151 f\u00fcggetlen mondatokat k\u00f6t\u0151sz\u00f3 n\u00e9lk\u00fcl k\u00f6t \u00f6ssze. Ez egy er\u0151s kapcsolatot mutat a gondolatok k\u00f6z\u00f6tt, mik\u00f6zben a mondat t\u00f6m\u00f6r marad.<\/p>\n\n\n\n<ul class=\"wp-block-list\">\n<li><em>P\u00e9lda:<\/em> Im\u00e1dom a k\u00e1v\u00e9t; koncentr\u00e1lok t\u0151le.<\/li>\n<\/ul>\n\n\n\n<p>Ebben az esetben a pontosvessz\u0151 h\u00eddk\u00e9nt m\u0171k\u00f6dik, mivel a k\u00e9t k\u00fcl\u00f6n\u00e1ll\u00f3, de \u00f6sszef\u00fcgg\u0151 gondolatot egyetlen \u00f6sszef\u00fcgg\u0151 mondatt\u00e1 kapcsolja \u00f6ssze.<\/p>\n\n\n\n<p>Ek\u00f6zben a vessz\u0151nek sz\u00fcks\u00e9ge van egy koordin\u00e1l\u00f3 k\u00f6t\u0151sz\u00f3 t\u00e1mogat\u00e1s\u00e1ra (mint pl. <em>\u00e9s, de, vagy, vagy, m\u00e9gis<\/em>) a f\u00fcggetlen mondatok \u00f6sszekapcsol\u00e1s\u00e1ra.<\/p>\n\n\n\n<ul class=\"wp-block-list\">\n<li><em>P\u00e9lda:<\/em> Im\u00e1dom a k\u00e1v\u00e9t, \u00e9s koncentr\u00e1lok t\u0151le.<\/li>\n<\/ul>\n\n\n\n<p>A k\u00f6t\u0151sz\u00f3 n\u00e9lk\u00fcl a vessz\u0151 egy nyelvtani hib\u00e1t, az \u00fagynevezett vessz\u0151k\u00f6t\u00e9st eredm\u00e9nyezne.<\/p>\n\n\n\n<p><strong>List\u00e1k<\/strong><\/p>\n\n\n\n<p>Az elemek felsorol\u00e1sakor a vessz\u0151k egyszer\u0171 esetekben j\u00f3l m\u0171k\u00f6dnek:<\/p>\n\n\n\n<ul class=\"wp-block-list\">\n<li><em>P\u00e9lda:<\/em> J\u00e1rtunk New Yorkban, Los Angelesben \u00e9s Miamiban.<\/li>\n<\/ul>\n\n\n\n<p>Ha azonban a lista elemei m\u00e1r tartalmaznak vessz\u0151t - p\u00e9ld\u00e1ul amikor v\u00e1rosokat \u00e9s azok \u00e1llamait tartalmazza -, a f\u00e9lk\u00f6vek a f\u00e9lre\u00e9rt\u00e9sek elker\u00fcl\u00e9se \u00e9rdek\u00e9ben l\u00e9pnek be.<\/p>\n\n\n\n<ul class=\"wp-block-list\">\n<li><em>P\u00e9lda:<\/em> Ell\u00e1togattunk New Yorkba, New Yorkba, Los Angelesbe, Kaliforni\u00e1ba \u00e9s Miamiba, Florid\u00e1ba.<\/li>\n<\/ul>\n\n\n\n<p>Ebben az esetben a pontosvessz\u0151k seg\u00edts\u00e9g\u00e9vel k\u00f6nnyen l\u00e1that\u00f3v\u00e1 v\u00e1lik, hogy hol v\u00e9gz\u0151dik az egyik elem, \u00e9s hol kezd\u0151dik a m\u00e1sik.<\/p>\n\n\n\n<p>M\u00edg a vessz\u0151k gyakoribbak, a pontosvessz\u0151k d\u00f6nt\u0151 fontoss\u00e1g\u00faak azokban a helyzetekben, amikor pontosabban kell kifejeznie, hogy mit akar k\u00f6z\u00f6lni.&nbsp;<\/p>\n\n\n\n<h2 class=\"wp-block-heading\"><strong>Szemikolonok vs. kett\u0151spontok: Mikor haszn\u00e1ljuk \u0151ket<\/strong><\/h2>\n\n\n\n<p>A pontosvessz\u0151ket \u00e9s a kett\u0151spontokat gyakran \u00f6sszekeverik, mivel mindkett\u0151 \u00f6sszek\u00f6theti a gondolatokat. <\/p>\n\n\n\n<p>Azt is gondolhatn\u00e1nk, hogy egyidej\u0171leg j\u00f6ttek l\u00e9tre, de a pontosvessz\u0151 val\u00f3j\u00e1ban <a href=\"https:\/\/www.merriam-webster.com\/dictionary\/semicolon#:~:text=a%20compound%20sentence)-,Did%20you%20know%3F,also%20replace%20the%20comma%20to%20separate%20items%20in%20a%20complicated%20list.,-Check%20out%20our\" target=\"_blank\" rel=\"noreferrer noopener\">id\u0151sebb, mint a vastagb\u00e9l<\/a>. <\/p>\n\n\n\n<p>Ezzel egy\u00fctt a szerep\u00fck meglehet\u0151sen k\u00fcl\u00f6nb\u00f6zik. A pontosvessz\u0151t tekintse \u00f6sszek\u00f6t\u0151nek, a kett\u0151spontot pedig bevezet\u0151nek.<\/p>\n\n\n\n<p>Amint azt a kor\u00e1bbi pontosvessz\u0151s p\u00e9ld\u00e1kban m\u00e1r megmutattuk, a pontosvessz\u0151 azt mutatja, hogy k\u00e9t \u00f6sszef\u00fcgg\u0151 f\u00fcggetlen mondat mennyire kapcsol\u00f3dik egym\u00e1shoz. <\/p>\n\n\n\n<p>A k\u00e9t gondolat annyira \u00f6sszefon\u00f3dik, hogy a kett\u0151 elv\u00e1laszt\u00e1sa egy ponttal hirtelennek t\u0171nne.<\/p>\n\n\n\n<p>Azt\u00e1n ott van a kett\u0151spont. A kett\u0151spont olyan inform\u00e1ci\u00f3t vezet be, amely az el\u0151z\u0151 mondatot r\u00e9szletezi vagy magyar\u00e1zza. C\u00e9lja, hogy felh\u00edvja a figyelmet arra, ami ut\u00e1na k\u00f6vetkezik.<\/p>\n\n\n\n<ul class=\"wp-block-list\">\n<li><em>P\u00e9lda:<\/em> A recept h\u00e1rom hozz\u00e1val\u00f3t ig\u00e9nyel: toj\u00e1st, tejet \u00e9s lisztet.<\/li>\n<\/ul>\n\n\n\n<p>Ebben a p\u00e9ld\u00e1ban a kett\u0151spont meghat\u00e1rozza, hogy milyen \u00f6sszetev\u0151kre lesz sz\u00fcks\u00e9ged.<\/p>\n\n\n\n<p>Egy m\u00e1sik fontos k\u00fcl\u00f6nbs\u00e9g, hogy a pontosvessz\u0151 a felsorol\u00e1s, id\u00e9zet vagy magyar\u00e1zat el\u0151tt \u00e1ll.<\/p>\n\n\n\n<ul class=\"wp-block-list\">\n<li><em>P\u00e9lda pontosvessz\u0151re:<\/em> T\u00e9pel\u0151dtem; neh\u00e9z volt a d\u00f6nt\u00e9s.<\/li>\n\n\n\n<li><em>Colon p\u00e9lda:<\/em> Csak egy v\u00e1laszt\u00e1sunk volt: gyorsan cselekedni.<\/li>\n<\/ul>\n\n\n\n<p>Ha id\u0151t sz\u00e1nsz arra, hogy meg\u00e9rtsd ezeket az \u00edr\u00e1sjeleket, az olyan lehet, mint a f\u00e9ny \u00e9s a nap, amikor az \u00edr\u00e1s min\u0151s\u00e9g\u00e9r\u0151l van sz\u00f3.<\/p>\n\n\n\n<h2 class=\"wp-block-heading\"><strong>Gyakori hib\u00e1k a pontosvessz\u0151kkel<\/strong><\/h2>\n\n\n\n<p>A pontosvessz\u0151k er\u0151s eszk\u00f6z\u00f6k, de gyakran vissza\u00e9lnek vel\u00fck. Ker\u00fclje el ezeket a gyakori hib\u00e1kat, hogy az \u00edr\u00e1sa \u00e9lesnek t\u0171nj\u00f6n:<\/p>\n\n\n\n<p><strong>Pontok helyett pontosvessz\u0151k haszn\u00e1lata<\/strong><\/p>\n\n\n\n<p>K\u00f6nny\u0171 elragadtatni magunkat a pontosvessz\u0151kkel, de nem szabad, hogy a pont helyettes\u00edthesse az egym\u00e1st\u00f3l f\u00fcggetlen gondolatok sz\u00e9tv\u00e1laszt\u00e1s\u00e1t. Ha a mondatok nem \u00e1llnak szoros kapcsolatban egym\u00e1ssal, a pont a jobb v\u00e1laszt\u00e1s.<\/p>\n\n\n\n<ul class=\"wp-block-list\">\n<li><em>A pontosvessz\u0151 helytelen haszn\u00e1lata egy mondatban: <\/em>Szeret s\u00fctem\u00e9nyeket s\u00fctni; emellett t\u00far\u00e1zni is szeret.<\/li>\n\n\n\n<li><em>Helyes: <\/em>Im\u00e1d s\u00fctem\u00e9nyeket s\u00fctni. Szeret t\u00far\u00e1zni is.<\/li>\n<\/ul>\n\n\n\n<p>Ebben az esetben a pont haszn\u00e1lata megfelel\u0151bb, mivel a gondolatok k\u00fcl\u00f6n\u00e1ll\u00f3ak.<\/p>\n\n\n\n<p><strong>Szemikolont haszn\u00e1lva elker\u00fclheti az egym\u00e1s ut\u00e1n fut\u00f3 mondatokat<\/strong><\/p>\n\n\n\n<p>Gyakori hiba, hogy k\u00e9t f\u00fcggetlen mondatot megfelel\u0151 \u00edr\u00e1sjelek n\u00e9lk\u00fcl kapcsolunk \u00f6ssze.<\/p>\n\n\n\n<ul class=\"wp-block-list\">\n<li><em>Helytelen:<\/em> <em>Im\u00e1dja a teniszt, de soha nem gyakorol.<\/em><\/li>\n\n\n\n<li><em>Helyes:<\/em> <em>Im\u00e1dja a teniszt; soha nem gyakorol.<\/em><\/li>\n\n\n\n<li><em>Szint\u00e9n helyes:<\/em> <em>Im\u00e1dja a teniszt, de soha nem gyakorol.<\/em><\/li>\n<\/ul>\n\n\n\n<p>A \"de\" k\u00f6t\u0151sz\u00f3 el\u00e9 nem szabad pontosvessz\u0151t tenni; ehelyett vessz\u0151re van sz\u00fcks\u00e9g, vagy a pontosvessz\u0151t el kell t\u00e1vol\u00edtani.<\/p>\n\n\n\n<p><strong>pontosvessz\u0151 haszn\u00e1lata t\u00f6red\u00e9kkel<\/strong><\/p>\n\n\n\n<p>A pontosvessz\u0151 csak k\u00e9t teljes mondatot k\u00f6thet \u00f6ssze. Ha a pontosvessz\u0151 egyik oldala nem \u00f6n\u00e1ll\u00f3 mondat, a mondat hib\u00e1s.<\/p>\n\n\n\n<ul class=\"wp-block-list\">\n<li><em>A pontosvessz\u0151 helytelen haszn\u00e1lata egy mondatban:<\/em> Elmentem a boltba; \u00e9s vettem tejet.<\/li>\n\n\n\n<li><em>Helyes:<\/em> Elmentem a boltba; vettem tejet.<\/li>\n<\/ul>\n\n\n\n<p>A helytelen p\u00e9ld\u00e1ban az \"\u00e9s tejet vett\" nem teljes mondat, \u00edgy a pontosvessz\u0151 nem tartozik oda.<\/p>\n\n\n\n<p><strong>A vessz\u0151k helyettes\u00edt\u00e9se egyszer\u0171 list\u00e1kban<\/strong><\/p>\n\n\n\n<p>A pontosvessz\u0151kre nincs sz\u00fcks\u00e9g olyan felsorol\u00e1sokban, amelyek k\u00f6zvetlen\u00fcl a l\u00e9nyegre t\u00e9rnek, \u00e9s nincsenek bels\u0151 \u00edr\u00e1sjelek.<\/p>\n\n\n\n<ul class=\"wp-block-list\">\n<li><em>A pontosvessz\u0151 helytelen haszn\u00e1lata egy mondatban:<\/em> A sz\u00ednek a piros, a k\u00e9k \u00e9s a z\u00f6ld voltak.<\/li>\n\n\n\n<li><em>Helyes:<\/em> A sz\u00ednek piros, k\u00e9k \u00e9s z\u00f6ld voltak.<\/li>\n<\/ul>\n\n\n\n<p><strong>A pontosvessz\u0151k t\u00falzott haszn\u00e1lata<\/strong><\/p>\n\n\n\n<p>B\u00e1r a pontosvessz\u0151k hasznosak, a bekezd\u00e9sek t\u00falterhel\u00e9se t\u00falzs\u00fafoltt\u00e1 teheti az \u00edr\u00e1st.<\/p>\n\n\n\n<ul class=\"wp-block-list\">\n<li><em>A pontosvessz\u0151 helytelen haszn\u00e1lata egy mondatban:<\/em> A torta finom volt; volt rajta m\u00e1z; \u00e9s csokol\u00e1d\u00e9 volt.<\/li>\n\n\n\n<li><em>Helyes:<\/em> A torta nagyon finom volt; csokol\u00e1d\u00e9 volt \u00e9s m\u00e1zzal volt bevonva.<\/li>\n<\/ul>\n\n\n\n<p>A pontosvessz\u0151ket csak olyan helyzetekben haszn\u00e1lja, amikor val\u00f3ban jav\u00edtj\u00e1k az \u00edr\u00e1st.<\/p>\n\n\n\n<h2 class=\"wp-block-heading\"><strong>P\u00e9ld\u00e1k a pontosvessz\u0151 helyes haszn\u00e1lat\u00e1ra<\/strong><\/h2>\n\n\n\n<figure class=\"wp-block-image size-large\"><img loading=\"lazy\" decoding=\"async\" width=\"1024\" height=\"684\" src=\"https:\/\/undetectable.ai/blog\/wp-content\/uploads\/2024\/11\/semicolon-examples-1024x684.jpg\" alt=\"\" class=\"wp-image-5005\" title=\"\" srcset=\"https:\/\/undetectable.ai/blog\/wp-content\/uploads\/2024\/11\/semicolon-examples-1024x684.jpg 1024w, https:\/\/undetectable.ai/blog\/wp-content\/uploads\/2024\/11\/semicolon-examples-300x200.jpg 300w, https:\/\/undetectable.ai/blog\/wp-content\/uploads\/2024\/11\/semicolon-examples-768x513.jpg 768w, https:\/\/undetectable.ai/blog\/wp-content\/uploads\/2024\/11\/semicolon-examples.jpg 1533w, https:\/\/undetectable.ai/blog\/wp-content\/uploads\/2024\/11\/semicolon-examples-18x12.jpg 18w\" sizes=\"auto, (max-width: 1024px) 100vw, 1024px\" \/><\/figure>\n\n\n\n<p>Itt vannak m\u00e9g <em>mikor kell pontosvessz\u0151t haszn\u00e1lni<\/em> p\u00e9ld\u00e1k, amelyek hangs\u00falyozz\u00e1k, hogyan kell helyesen haszn\u00e1lni ezt az \u00edr\u00e1sjelet k\u00fcl\u00f6nb\u00f6z\u0151 kontextusokban:<\/p>\n\n\n\n<ul class=\"wp-block-list\">\n<li>A pontosvessz\u0151 k\u00f6t\u0151sz\u00f3 n\u00e9lk\u00fcl is alkothat \u00f6sszetett mondatot.<\/li>\n<\/ul>\n\n\n\n<p><em>P\u00e9lda:<\/em> Az id\u0151j\u00e1r\u00e1s t\u00f6k\u00e9letes volt; \u00fagy d\u00f6nt\u00f6tt\u00fcnk, hogy t\u00far\u00e1zni megy\u00fcnk.<\/p>\n\n\n\n<ul class=\"wp-block-list\">\n<li>A vessz\u0151ket is tartalmaz\u00f3 list\u00e1k eset\u00e9ben a pontosvessz\u0151kkel egy\u00e9rtelm\u0171bben el lehet v\u00e1lasztani az egyes bejegyz\u00e9seket.<\/li>\n<\/ul>\n\n\n\n<p><em>P\u00e9lda:<\/em> Az \u00e9tlapon volt spagetti h\u00fasgomb\u00f3ccal, egy klasszikus olasz \u00e9tel; sushi tekercs friss tonhallal \u00e9s avok\u00e1d\u00f3val; \u00e9s csokol\u00e1d\u00e9 mousse, egy dekadens desszert.<\/p>\n\n\n\n<ul class=\"wp-block-list\">\n<li>Ha k\u00e9t hosszabb mondat kapcsol\u00f3dik egym\u00e1shoz, a pontosvessz\u0151k lehet\u0151v\u00e9 teszik a z\u00f6kken\u0151mentes foly\u00e1st.<\/li>\n<\/ul>\n\n\n\n<p><em>P\u00e9lda:<\/em> A nap lenyugodott a hegyek m\u00f6g\u00f6tt, aranyl\u00f3 f\u00e9nyt vetve a t\u00e1jra; a csillagok kezdtek el\u0151bukkanni, megvil\u00e1g\u00edtva az \u00e9jszakai \u00e9gboltot.<\/p>\n\n\n\n<ul class=\"wp-block-list\">\n<li>A pontosvessz\u0151t \u00e1tmeneti mondatok (p\u00e9ld\u00e1ul \"azonban\", \"ez\u00e9rt\", \"p\u00e9ld\u00e1ul\" stb.) el\u0151tt is haszn\u00e1lhatjuk, amikor k\u00e9t f\u00fcggetlen mondat \u00f6sszekapcsol\u00e1s\u00e1ra szolg\u00e1l.<\/li>\n<\/ul>\n\n\n\n<p>P\u00e9lda: A legut\u00f3bbi cikke p\u00e9ld\u00e1ul d\u00edjat nyert.<\/p>\n\n\n\n<ul class=\"wp-block-list\">\n<li>Haszn\u00e1ljon pontosvessz\u0151t k\u00e9t olyan mondat \u00f6sszekapcsol\u00e1s\u00e1ra, amelyek kapcsolatban \u00e1llnak egym\u00e1ssal, de ellent\u00e9tes gondolatokat mutatnak be.<\/li>\n<\/ul>\n\n\n\n<p><em>P\u00e9lda:<\/em> A n\u0151 szeret a hegyekben t\u00far\u00e1zni, a f\u00e9rfi pedig ink\u00e1bb a tengerparton pihen.<\/p>\n\n\n\n<ul class=\"wp-block-list\">\n<li>A pontosvessz\u0151k fokozz\u00e1k a p\u00e1rhuzamos szerkezeteket, kiemelve a kapcsol\u00f3d\u00f3 gondolatokat.<\/li>\n<\/ul>\n\n\n\n<p><em>P\u00e9lda:<\/em> A sportol\u00f3 naponta edzett, feszegetve a hat\u00e1rait; minden h\u00e9tv\u00e9g\u00e9n pihent, felt\u00f6lt\u0151dve az el\u0151tt\u00fcnk \u00e1ll\u00f3 h\u00e9tre.<\/p>\n\n\n\n<ul class=\"wp-block-list\">\n<li>A pontosvessz\u0151k ritmust \u00e9s m\u00e9lys\u00e9get adhatnak a kreat\u00edv \u00edr\u00e1snak az\u00e1ltal, hogy \u00f6sszek\u00f6tik a gondolkod\u00f3 mondatokat.<\/li>\n<\/ul>\n\n\n\n<p><em>P\u00e9lda:<\/em> A foly\u00f3 v\u00e9gtelen\u00fcl folyik; dala suttog\u00e1s az \u0151si f\u00e1knak.<\/p>\n\n\n\n<p>Ez csak n\u00e9h\u00e1ny p\u00e9lda arra, hogy a pontosvessz\u0151k helyes haszn\u00e1lat eset\u00e9n hogyan jav\u00edtj\u00e1k az olvashat\u00f3s\u00e1got, az \u00e1ttekinthet\u0151s\u00e9get \u00e9s a st\u00edlust. N\u00e9mi gyakorl\u00e1ssal az \u00edr\u00e1s eszk\u00f6zt\u00e1r\u00e1nak z\u00f6kken\u0151mentes r\u00e9sz\u00e9v\u00e9 v\u00e1lnak.<\/p>\n\n\n\n<h2 class=\"wp-block-heading\"><strong>Tippek a pontosvessz\u0151 haszn\u00e1lat\u00e1nak elsaj\u00e1t\u00edt\u00e1s\u00e1hoz<\/strong><\/h2>\n\n\n\n<p>A pontosvessz\u0151 egy apr\u00f3 \u00edr\u00e1sjel, de ha helyesen haszn\u00e1lod, csod\u00e1kra k\u00e9pes az \u00edr\u00e1soddal. \u00cdme n\u00e9h\u00e1ny fontos tipp a pontosvessz\u0151 mondatban val\u00f3 haszn\u00e1lat\u00e1hoz.<\/p>\n\n\n\n<ul class=\"wp-block-list\">\n<li><strong>Haszn\u00e1lja \u00f6sszef\u00fcgg\u0151 f\u00fcggetlen mondatok \u00f6sszekapcsol\u00e1s\u00e1ra<\/strong>: Csak akkor haszn\u00e1ljon pontosvessz\u0151t, ha mindk\u00e9t r\u00e9sz \u00f6nmag\u00e1ban is meg\u00e1llja a hely\u00e9t.<\/li>\n\n\n\n<li><strong>Ker\u00fclje a pontosvessz\u0151k t\u00falzott haszn\u00e1lat\u00e1t<\/strong>: T\u00f6rekedj\u00fcnk az egyens\u00falyra - egy vagy kett\u0151 egy darabban \u00e1ltal\u00e1ban el\u00e9g.<\/li>\n\n\n\n<li><strong>Hossz\u00fa list\u00e1kban haszn\u00e1lja<\/strong>: Ha egy list\u00e1ban m\u00e1r vessz\u0151ket tartalmaz\u00f3 elemek vannak, a pontosvessz\u0151 seg\u00edt tiszt\u00e1n \u00e9s k\u00f6nnyen olvashat\u00f3an tartani a dolgokat.<\/li>\n\n\n\n<li><strong>Tudja, hogy mikor ne haszn\u00e1ljon pontosvessz\u0151t<\/strong>: Ha a mondatok nem kapcsol\u00f3dnak szorosan egym\u00e1shoz, vagy nincs \u00e9rtelm\u00fck egy\u00fctt, ne haszn\u00e1ljon pontosvessz\u0151t.<\/li>\n<\/ul>\n\n\n\n<p>A pontosvessz\u0151 egy egyszer\u0171 eszk\u00f6z, de ha megfelel\u0151en haszn\u00e1lod, a mondataidat egy\u00e9rtelm\u0171bb\u00e9 \u00e9s mag\u00e1val ragad\u00f3bb\u00e1 teszi. Gyakorold tov\u00e1bb, \u00e9s pillanatok alatt elsaj\u00e1t\u00edthatod a pontosvessz\u0151t.<\/p>\n\n\n\n<h3 class=\"wp-block-heading\"><strong>A mesters\u00e9ges intelligencia haszn\u00e1lata a mondatszerkezet jav\u00edt\u00e1s\u00e1ra<\/strong><\/h3>\n\n\n\n<figure class=\"wp-block-image size-large\"><img loading=\"lazy\" decoding=\"async\" width=\"1024\" height=\"489\" src=\"https:\/\/undetectable.ai/blog\/wp-content\/uploads\/2024\/09\/Undetectable-AI-The-Best-AI-Huma-1024x489.jpg\" alt=\"Kimutathatatlan AI\" class=\"wp-image-4508\" title=\"\" srcset=\"https:\/\/undetectable.ai/blog\/wp-content\/uploads\/2024\/09\/Undetectable-AI-The-Best-AI-Huma-1024x489.jpg 1024w, https:\/\/undetectable.ai/blog\/wp-content\/uploads\/2024\/09\/Undetectable-AI-The-Best-AI-Huma-300x143.jpg 300w, https:\/\/undetectable.ai/blog\/wp-content\/uploads\/2024\/09\/Undetectable-AI-The-Best-AI-Huma-768x367.jpg 768w, https:\/\/undetectable.ai/blog\/wp-content\/uploads\/2024\/09\/Undetectable-AI-The-Best-AI-Huma-1536x733.jpg 1536w, https:\/\/undetectable.ai/blog\/wp-content\/uploads\/2024\/09\/Undetectable-AI-The-Best-AI-Huma-18x9.jpg 18w, https:\/\/undetectable.ai/blog\/wp-content\/uploads\/2024\/09\/Undetectable-AI-The-Best-AI-Huma.jpg 1600w\" sizes=\"auto, (max-width: 1024px) 100vw, 1024px\" \/><\/figure>\n\n\n\n<p>A mesters\u00e9ges intelligencia \u00f3ri\u00e1si el\u0151nyt jelent a <a href=\"https:\/\/undetectable.ai\/blog\/ai-content-creation-tools\/\" target=\"_blank\" rel=\"noreferrer noopener\">tartalomk\u00e9sz\u00edt\u00e9s<\/a> manaps\u00e1g. <\/p>\n\n\n\n<p>Az olyan eszk\u00f6z\u00f6k, mint a <a href=\"https:\/\/undetectable.ai\/blog\/use-chatgpt-to-make-money\/\" target=\"_blank\" rel=\"noreferrer noopener\">ChatGPT<\/a> seg\u00edthet az \u00f6tletel\u00e9sben, az \u00f6tletek rendszerez\u00e9s\u00e9ben \u00e9s ak\u00e1r a tartalom gyors meg\u00edr\u00e1s\u00e1ban is.<\/p>\n\n\n\n<p>Ha elakadt, vagy egy kis kreat\u00edv l\u00f6k\u00e9sre van sz\u00fcks\u00e9ge, az AI seg\u00edthet az elindul\u00e1sban. <\/p>\n\n\n\n<p>B\u00e1r ezek az eszk\u00f6z\u00f6k nagyszer\u0171ek az \u00f6tletek gener\u00e1l\u00e1s\u00e1hoz, n\u00e9ha azonban olyan sz\u00f6veget is l\u00e9trehozhatnak, amely nem t\u0171nik teljesen term\u00e9szetesnek. <\/p>\n\n\n\n<p>Ez az a hely, ahol a <a href=\"https:\/\/undetectable.ai\/\" target=\"_blank\" rel=\"noreferrer noopener\">\u00c9szrevehetetlen AI Humanizer<\/a> j\u00f6n be.<\/p>\n\n\n\n<p>Kimutathatatlan lehet <a href=\"https:\/\/undetectable.ai\/blog\/what-is-ai-generated-content\/\" target=\"_blank\" rel=\"noreferrer noopener\">Mesters\u00e9ges intelligencia \u00e1ltal gener\u00e1lt tartalom<\/a> \u00e9s finom\u00edtsuk, hogy hiteles legyen. <\/p>\n\n\n\n<p>Kiegyenl\u00edti a k\u00ednos megfogalmaz\u00e1sokat, \u00e9s kijav\u00edtja az \u00edr\u00e1sjelek vagy a sz\u00f6vegvezet\u00e9s furcsa mint\u00e1it. <\/p>\n\n\n\n<p>Seg\u00edt abban is, hogy az \u00edr\u00e1sod besz\u00e9lget\u0151sebbnek t\u0171nj\u00f6n, mik\u00f6zben a dolgok csiszoltak maradnak.<\/p>\n\n\n<div class=\"wp-block-image\">\n<figure class=\"aligncenter size-large\"><img loading=\"lazy\" decoding=\"async\" width=\"1024\" height=\"520\" src=\"https:\/\/undetectable.ai/blog\/wp-content\/uploads\/2025\/02\/Undetectable-AIs-essay-writer-can-assist-you-in-completing-all-your-writing-tasks-1024x520.png\" alt=\"A kimutathatatlan AI essz\u00e9\u00edr\u00f3ja seg\u00edthet \u00d6nnek az \u00f6sszes \u00edr\u00e1sbeli feladat elv\u00e9gz\u00e9s\u00e9ben.\" class=\"wp-image-6154\" title=\"\" srcset=\"https:\/\/undetectable.ai/blog\/wp-content\/uploads\/2025\/02\/Undetectable-AIs-essay-writer-can-assist-you-in-completing-all-your-writing-tasks-1024x520.png 1024w, https:\/\/undetectable.ai/blog\/wp-content\/uploads\/2025\/02\/Undetectable-AIs-essay-writer-can-assist-you-in-completing-all-your-writing-tasks-300x152.png 300w, https:\/\/undetectable.ai/blog\/wp-content\/uploads\/2025\/02\/Undetectable-AIs-essay-writer-can-assist-you-in-completing-all-your-writing-tasks-768x390.png 768w, https:\/\/undetectable.ai/blog\/wp-content\/uploads\/2025\/02\/Undetectable-AIs-essay-writer-can-assist-you-in-completing-all-your-writing-tasks-18x9.png 18w, https:\/\/undetectable.ai/blog\/wp-content\/uploads\/2025\/02\/Undetectable-AIs-essay-writer-can-assist-you-in-completing-all-your-writing-tasks.png 1044w\" sizes=\"auto, (max-width: 1024px) 100vw, 1024px\" \/><\/figure><\/div>\n\n\n<p>Annak \u00e9rdek\u00e9ben, hogy \u00edr\u00e1sjelv\u00e1laszt\u00e1sa mindig megfeleljen a szakmai szabv\u00e1nyoknak, haszn\u00e1lhatja a <a href=\"https:\/\/undetectable.ai\/ai-essay-writer\" target=\"_blank\" rel=\"noreferrer noopener\">AI essz\u00e9\u00edr\u00f3<\/a> olyan szakaszok szerkeszt\u00e9s\u00e9hez, amelyek term\u00e9szetesen tartalmaznak \u00f6sszetett jeleket, p\u00e9ld\u00e1ul pontosvessz\u0151ket.<\/p>\n\n\n\n<p>Ez az eszk\u00f6z digit\u00e1lis szerkeszt\u0151k\u00e9nt m\u0171k\u00f6dik, \u00e9s seg\u00edt a kutat\u00e1sodat olyan \u00f6sszef\u00fcgg\u0151 elbesz\u00e9l\u00e9ss\u00e9 szervezni, amelyben minden sz\u00fcnet \u00e9s kapcsolat nyelvtanilag t\u00f6k\u00e9letes.<\/p>\n\n\n\n<p>Ha mesters\u00e9ges intelligenci\u00e1t haszn\u00e1l az \u00edr\u00e1s folyamat\u00e1nak egyszer\u0171s\u00edt\u00e9s\u00e9re, egy hum\u00e1nus sz\u00f6vegszerkeszt\u0151 seg\u00edts\u00e9g\u00e9vel biztos\u00edthatja, hogy a tartalmat tov\u00e1bbra is \u00d6nre jellemz\u0151nek \u00e9rezze. Pr\u00f3b\u00e1lja ki most egyetlen kattint\u00e1ssal!<\/p>\n\n\n\n<div id=\"uai-widget\" data-affiliate-link=\"https:\/\/undetectable.ai\/?_by=hi4km\"> <script>var js = document.createElement(\"script\");js.async = true;js.src = \"https:\/\/widget.undetectable.ai\/js\/widget-loader.js?t=\"+Date.now();js.type = \"text\/javascript\";document.getElementsByTagName(\"head\")[0].prepend(js);<\/script><\/div><a class=\"container mt-3 d-flex justify-content-center fw-medium fs-20 text-black text-decoration-none cursor-pointer mx-auto\" href=\"https:\/\/undetectable.ai\/?_by=hi4km\" target=\"_blank\" rel=\"noopener\">\u00c9rt\u00e9kelt #1 AI detektor by Forbes<\/a>\n\n\n\n<h2 class=\"wp-block-heading\"><strong>Gyakran ism\u00e9telt k\u00e9rd\u00e9sek a pontosvessz\u0151kr\u0151l<\/strong><\/h2>\n\n\n<div id=\"rank-math-faq\" class=\"rank-math-block\">\n<div class=\"rank-math-list\">\n<div id=\"faq-question-1732292453334\" class=\"rank-math-list-item\">\n<h3 class=\"rank-math-question\"><strong>Haszn\u00e1lhatsz pontosvessz\u0151t az \"\u00e9s\" el\u0151tt?<\/strong><\/h3>\n<div class=\"rank-math-answer\">\n\n<p>Igen, az \"\u00e9s\" k\u00f6t\u0151sz\u00f3 egy \u00f6sszetett list\u00e1ban a pontosvessz\u0151 mellett is szerepelhet. <\/p>\n<p>Ha a lista elemei maguk is vessz\u0151t tartalmaznak, a pontosvessz\u0151 az egy\u00e9rtelm\u0171s\u00e9g \u00e9rdek\u00e9ben elv\u00e1lasztja az elemeket, majd az utols\u00f3 elem el\u0151tt haszn\u00e1lhatja az \"\u00e9s\" sz\u00f3t. <\/p>\n<p>A pontosvessz\u0151 haszn\u00e1lata az \"\u00e9s\" el\u0151tt a f\u00fcggetlen mondatok \u00f6sszekapcsol\u00e1s\u00e1ra azonban elavultnak sz\u00e1m\u00edt (de haszn\u00e1ljon pontosvessz\u0151t, ha ez jav\u00edtja a mondatszerkezetet).\u00a0<\/p>\n\n<\/div>\n<\/div>\n<div id=\"faq-question-1732292478388\" class=\"rank-math-list-item\">\n<h3 class=\"rank-math-question\"><strong>Mikor ker\u00fclje a pontosvessz\u0151 haszn\u00e1lat\u00e1t?<\/strong><\/h3>\n<div class=\"rank-math-answer\">\n\n<p>Ha a k\u00e9t f\u00fcggetlen mondat, amelyet \u00f6ssze akar kapcsolni, nem kapcsol\u00f3dik szorosan egym\u00e1shoz, jobb, ha vessz\u0151t vagy pontot haszn\u00e1l.<\/p>\n\n<\/div>\n<\/div>\n<div id=\"faq-question-1732292494287\" class=\"rank-math-list-item\">\n<h3 class=\"rank-math-question\"><strong>Hogyan befoly\u00e1solj\u00e1k a pontosvessz\u0151k az \u00edr\u00e1s hangnem\u00e9t?<\/strong><\/h3>\n<div class=\"rank-math-answer\">\n\n<p>A pontosvessz\u0151kkel kifinomultnak t\u0171nhet az \u00edr\u00e1sod. Seg\u00edtenek \u00f6sszekapcsolni a kapcsol\u00f3d\u00f3 gondolatokat an\u00e9lk\u00fcl, hogy t\u00fal hivatalosnak t\u0171nn\u00e9nek. <\/p>\n<p>Arra is nagyszer\u0171ek, hogy az \u00edr\u00e1sodat g\u00f6rd\u00fcl\u00e9kenny\u00e9, ugyanakkor \u00e9rthet\u0151v\u00e9 tegy\u00e9k.\u00a0<\/p>\n\n<\/div>\n<\/div>\n<\/div>\n<\/div>\n\n\n<h2 class=\"wp-block-heading\"><strong>K\u00f6vetkeztet\u00e9s<\/strong><\/h2>\n\n\n\n<p>K\u00fcl\u00f6nb\u00f6z\u0151 pontosvessz\u0151 p\u00e9ld\u00e1ink seg\u00edts\u00e9g\u00e9vel egy\u00e9rtelm\u0171, hogy ennek a fontos \u00edr\u00e1sjelnek a haszn\u00e1lata az egyik m\u00f3dja az \u00edr\u00e1s finom\u00edt\u00e1s\u00e1nak. <\/p>\n\n\n\n<p>Megfelel\u0151 haszn\u00e1lat eset\u00e9n jav\u00edthatja az \u00e1ttekinthet\u0151s\u00e9get, a folyamatoss\u00e1got \u00e9s a min\u0151s\u00e9get.<\/p>\n\n\n\n<p>De a mesters\u00e9ges intelligencia \u00edr\u00f3eszk\u00f6z\u00f6k erej\u00e9vel \u00e9s az Undetectable AI-vel az \u00d6n oldal\u00e1n az \u00edr\u00e1s folyamat\u00e1t \u00e9sszer\u0171bb\u00e9 teheti. <\/p>\n\n\n\n<p>A mesters\u00e9ges intelligencia seg\u00edthet az \u00f6tleteidben, de az olyan eszk\u00f6z\u00f6k haszn\u00e1lat\u00e1val, mint egy <a href=\"https:\/\/undetectable.ai\/\" target=\"_blank\" rel=\"noreferrer noopener\">AI humaniz\u00e1l\u00f3<\/a> biztos\u00edtja, hogy a v\u00e9gs\u0151 darab hiteles \u00e9s professzion\u00e1lis maradjon.<\/p>\n\n\n\n<p>A mesters\u00e9ges intelligencia eszk\u00f6zei karny\u00fajt\u00e1snyira vannak, ez\u00e9rt ne f\u00e9ljen elfogadni a technol\u00f3gi\u00e1t, hogy egy l\u00e9p\u00e9ssel el\u0151r\u00e9bb vigye az \u00edr\u00e1s\u00e1t!<\/p>","protected":false},"excerpt":{"rendered":"","protected":false},"author":15,"featured_media":5004,"comment_status":"closed","ping_status":"closed","sticky":false,"template":"","format":"standard","meta":{"_themeisle_gutenberg_block_has_review":false,"footnotes":""},"categories":[31],"tags":[],"class_list":["post-5002","post","type-post","status-publish","format-standard","has-post-thumbnail","hentry","category-helpful-ai-content-tips"],"_links":{"self":[{"href":"https:\/\/undetectable.ai/blog\/hu\/wp-json\/wp\/v2\/posts\/5002","targetHints":{"allow":["GET"]}}],"collection":[{"href":"https:\/\/undetectable.ai/blog\/hu\/wp-json\/wp\/v2\/posts"}],"about":[{"href":"https:\/\/undetectable.ai/blog\/hu\/wp-json\/wp\/v2\/types\/post"}],"author":[{"embeddable":true,"href":"https:\/\/undetectable.ai/blog\/hu\/wp-json\/wp\/v2\/users\/15"}],"replies":[{"embeddable":true,"href":"https:\/\/undetectable.ai/blog\/hu\/wp-json\/wp\/v2\/comments?post=5002"}],"version-history":[{"count":2,"href":"https:\/\/undetectable.ai/blog\/hu\/wp-json\/wp\/v2\/posts\/5002\/revisions"}],"predecessor-version":[{"id":18821,"href":"https:\/\/undetectable.ai/blog\/hu\/wp-json\/wp\/v2\/posts\/5002\/revisions\/18821"}],"wp:featuredmedia":[{"embeddable":true,"href":"https:\/\/undetectable.ai/blog\/hu\/wp-json\/wp\/v2\/media\/5004"}],"wp:attachment":[{"href":"https:\/\/undetectable.ai/blog\/hu\/wp-json\/wp\/v2\/media?parent=5002"}],"wp:term":[{"taxonomy":"category","embeddable":true,"href":"https:\/\/undetectable.ai/blog\/hu\/wp-json\/wp\/v2\/categories?post=5002"},{"taxonomy":"post_tag","embeddable":true,"href":"https:\/\/undetectable.ai/blog\/hu\/wp-json\/wp\/v2\/tags?post=5002"}],"curies":[{"name":"wp","href":"https:\/\/api.w.org\/{rel}","templated":true}]}}