{"id":5362,"date":"2026-02-06T12:54:00","date_gmt":"2026-02-06T12:54:00","guid":{"rendered":"https:\/\/undetectable.ai/blog\/?p=5362"},"modified":"2026-04-06T11:58:41","modified_gmt":"2026-04-06T11:58:41","slug":"allaspalyazati-tippek","status":"publish","type":"post","link":"https:\/\/undetectable.ai/blog\/hu\/allaspalyazati-tippek","title":{"rendered":"10 \u00e1ll\u00e1sp\u00e1ly\u00e1zat tippek, amelyekkel felvesznek t\u00e9ged"},"content":{"rendered":"<p>A mai munkaer\u0151piac <a href=\"https:\/\/www.cnbc.com\/2024\/12\/09\/low-hire-low-fire-the-us-job-market-is-stagnant-right-now.html\" target=\"_blank\" rel=\"noreferrer noopener\">versenyk\u00e9pesebb, mint valaha<\/a>, ahol t\u00f6bb sz\u00e1z (ha nem t\u00f6bb ezer) ember p\u00e1ly\u00e1zik ugyanarra a poz\u00edci\u00f3ra. <\/p>\n\n\n\n<p>M\u00edg az els\u0151 interj\u00fan val\u00f3 megfelel\u00e9s versenyel\u0151nyh\u00f6z juttatja \u00d6nt a t\u00f6bbi jelentkez\u0151vel szemben, az els\u0151 interj\u00fa elnyer\u00e9s\u00e9hez er\u0151s jelentkez\u00e9sre van sz\u00fcks\u00e9g.&nbsp;<\/p>\n\n\n\n<p>Ak\u00e1r frissen v\u00e9gzett az egyetemen, \u00e9s az els\u0151 \u00e1ll\u00e1s\u00e1t keresi, ak\u00e1r egy jobban fizet\u0151 \u00e1ll\u00e1sra p\u00e1ly\u00e1zik, hogy el\u0151r\u00e9bb l\u00e9pjen a karrierj\u00e9ben, a p\u00e1ly\u00e1zat\u00e1nak minden szakasz\u00e1ban ki kell t\u0171nnie a t\u00f6bbi k\u00f6z\u00fcl, \u00e9s professzionalizmusr\u00f3l kell tan\u00fabizonys\u00e1got tennie.&nbsp;<\/p>\n\n\n\n<p>Ez az \u00fatmutat\u00f3 mindent tartalmaz, amit tudnia kell a kiemelked\u0151 p\u00e1ly\u00e1zat elk\u00e9sz\u00edt\u00e9s\u00e9r\u0151l \u00e9s beny\u00fajt\u00e1s\u00e1r\u00f3l, hogy a felv\u00e9teli menedzserek \u00e9s a toborz\u00f3k felfigyeljenek \u00d6nre.&nbsp;<\/p>\n\n\n\n<p>Mer\u00fclj\u00fcnk el kipr\u00f3b\u00e1lt \u00e9s bev\u00e1lt alkalmaz\u00e1si tippjeinkben!<\/p>\n\n\n\n<h2 class=\"wp-block-heading\">Hogyan k\u00e9sz\u00fcljek fel a p\u00e1ly\u00e1zat beny\u00fajt\u00e1s\u00e1ra?<\/h2>\n\n\n\n<p>Minden megb\u00edzhat\u00f3 p\u00e1ly\u00e1zat \u00e1tfog\u00f3 el\u0151k\u00e9sz\u00edt\u00e9si folyamattal kezd\u0151dik. <\/p>\n\n\n\n<p>Miel\u0151tt elk\u00fcldi a dokumentumait, vagy finomhangolja az \u00f6n\u00e9letrajz\u00e1t, meg kell ismernie a v\u00e1llalatot, a munkak\u00f6ri le\u00edr\u00e1st \u00e9s azt, hogy mit v\u00e1rnak el \u00d6nt\u0151l.<\/p>\n\n\n\n<h3 class=\"wp-block-heading\">Kutassa fel a v\u00e1llalatot<\/h3>\n\n\n\n<p>A leend\u0151 munk\u00e1ltat\u00f3j\u00e1nak kutat\u00e1sa nem csak el\u0151ny\u00f6s, hanem felt\u00e9tlen\u00fcl sz\u00fcks\u00e9ges is. <\/p>\n\n\n\n<p>Nem titok, hogy a toborz\u00f3k azokat a jel\u00f6lteket r\u00e9szes\u00edtik el\u0151nyben, akik alaposan ut\u00e1nan\u00e9ztek \u00e9s megismerkedtek a szervezettel, miel\u0151tt megnyomt\u00e1k a \"k\u00fcld\u00e9s\" gombot.<\/p>\n\n\n\n<p>Kezdje a v\u00e1llalat weboldal\u00e1nak, k\u00f6z\u00f6ss\u00e9gi m\u00e9dia profiljainak \u00e9s a legut\u00f3bbi h\u00edreknek a felt\u00e1r\u00e1s\u00e1val. <\/p>\n\n\n\n<p>\u00d6n is <a href=\"https:\/\/scrapfly.io\/blog\/posts\/how-to-scrape-google\" data-type=\"link\" data-id=\"https:\/\/scrapfly.io\/blog\/posts\/how-to-scrape-google\" target=\"_blank\" rel=\"noopener\">scrape Google results<\/a> to quickly gather insights from multiple sources, such as reviews, press mentions, and competitor comparisons.<\/p>\n\n\n\n<p>Ismerje meg a v\u00e1llalat k\u00fcldet\u00e9s\u00e9t, j\u00f6v\u0151k\u00e9p\u00e9t \u00e9s leg\u00fajabb eredm\u00e9nyeit, \u00e9s jegyezze meg, hogy van-e hasonl\u00f3s\u00e1g a v\u00e1llalat \u00e9rt\u00e9kei \u00e9s az \u00d6n \u00e1ltal k\u00edn\u00e1lt lehet\u0151s\u00e9gek k\u00f6z\u00f6tt.<\/p>\n\n\n\n<h3 class=\"wp-block-heading\">A munkak\u00f6ri le\u00edr\u00e1s elemz\u00e9se<\/h3>\n\n\n\n<p>Miut\u00e1n megismerkedett leend\u0151 munk\u00e1ltat\u00f3j\u00e1val, t\u00e9rjen vissza a munkak\u00f6ri le\u00edr\u00e1shoz, \u00e9s elemezze azt alaposan. <\/p>\n\n\n\n<p>Ahelyett, hogy egyszer\u0171en \u00fajraolvasn\u00e1 az \u00e1ltal\u00e1nos k\u00f6vetelm\u00e9nyeket, <a href=\"https:\/\/www.indeed.com\/career-advice\/resumes-cover-letters\/finding-keywords-in-job-descriptions\" target=\"_blank\" rel=\"noreferrer noopener\">azonos\u00edtani a kulcsszavakat<\/a> az \u00d6n k\u00e9szs\u00e9geivel, tapasztalat\u00e1val \u00e9s k\u00e9pzetts\u00e9g\u00e9vel kapcsolatban.&nbsp;<\/p>\n\n\n\n<p>Ha p\u00e9ld\u00e1ul a toborz\u00f3k \"csapatj\u00e1t\u00e9kosokat\" vagy \"tapasztalt vezet\u0151ket\" keresnek, akkor a p\u00e1ly\u00e1zat meg\u00edr\u00e1sakor vagy finomhangol\u00e1sakor hangs\u00falyozhatja ezeket a k\u00e9szs\u00e9geket.&nbsp;<\/p>\n\n\n\n<p>Hasonl\u00f3k\u00e9ppen, ha elv\u00e9gezt\u00e9l valamilyen k\u00e9pz\u00e9si programot, vagy a munkak\u00f6ri k\u00f6vetelm\u00e9nyekhez kapcsol\u00f3d\u00f3 speci\u00e1lis tan\u00fas\u00edtv\u00e1nyokat szerezt\u00e9l, jegyezd fel ezeket. <\/p>\n\n\n\n<p>\u00cdgy kiemelheti azokat a kulcsfontoss\u00e1g\u00fa k\u00e9pes\u00edt\u00e9seket, amelyek \u00d6nt k\u00edv\u00e1natos jel\u00f6ltt\u00e9 teszik.&nbsp;<\/p>\n\n\n\n<h3 class=\"wp-block-heading\">Sz\u00fcks\u00e9ges dokumentumok \u00f6sszegy\u0171jt\u00e9se<\/h3>\n\n\n\n<p>A k\u00f6vetelm\u00e9nyekt\u0151l f\u00fcgg\u0151en, <a href=\"https:\/\/picsart.com\/resume-maker\/\" data-type=\"link\" data-id=\"https:\/\/picsart.com\/resume-maker\/\" target=\"_blank\" rel=\"noopener\">k\u00e9sz\u00edtse el \u00f6n\u00e9letrajz\u00e1t<\/a>, k\u00eds\u00e9r\u0151lev\u00e9l, igazol\u00e1sok \u00e9s referenci\u00e1k.<\/p>\n\n\n\n<p>Ellen\u0151rizze le \u00e9s k\u00e9tszer is ellen\u0151rizze a dokumentumokat a g\u00e9pel\u00e9si hib\u00e1k \u00e9s el\u00edr\u00e1sok tekintet\u00e9ben, \u00e9s a technikai hib\u00e1k elker\u00fcl\u00e9se \u00e9rdek\u00e9ben mentse el \u0151ket a megfelel\u0151 f\u00e1jlform\u00e1tumokban.&nbsp;<\/p>\n\n\n\n<h2 class=\"wp-block-heading\">Milyen inform\u00e1ci\u00f3kat kell felt\u00fcntetnem a jelentkez\u00e9si lapon?<\/h2>\n\n\n\n<p>Miut\u00e1n \u00f6sszegy\u0171jt\u00f6tte a sz\u00fcks\u00e9ges inform\u00e1ci\u00f3kat \u00e9s el\u0151k\u00e9sz\u00edtette a dokumentumokat, elkezdheti kit\u00f6lteni az \u00e1ll\u00e1sp\u00e1ly\u00e1zatot. <\/p>\n\n\n\n<p>Keressen egy csendes, zavar\u00f3 t\u00e9nyez\u0151k n\u00e9lk\u00fcli helyet, hogy teljes figyelm\u00e9t a sz\u00fcks\u00e9ges mez\u0151k kit\u00f6lt\u00e9s\u00e9re ford\u00edthassa.&nbsp;<\/p>\n\n\n\n<h3 class=\"wp-block-heading\">Szem\u00e9lyes inform\u00e1ci\u00f3k<\/h3>\n\n\n\n<p>Kezdje a jelentkez\u00e9si folyamatot az el\u00e9rhet\u0151s\u00e9gei, p\u00e9ld\u00e1ul a teljes neve, telefonsz\u00e1ma, e-mail c\u00edme \u00e9s c\u00edme megad\u00e1s\u00e1val. <\/p>\n\n\n\n<p>Ha a jelenlegi e-mail c\u00edme elavult, vagy humoros utal\u00e1sokat tartalmaz, fontolja meg egy \u00faj e-mail fi\u00f3k l\u00e9trehoz\u00e1s\u00e1t a leend\u0151 munk\u00e1ltat\u00f3k sz\u00e1m\u00e1ra. Legyen r\u00f6vid \u00e9s professzion\u00e1lis, mint p\u00e9ld\u00e1ul a full.name@gmail.com.&nbsp;<\/p>\n\n\n\n<p>Ne feledje, hogy a legt\u00f6bb munk\u00e1ltat\u00f3 nem fogja megk\u00f6vetelni, hogy bizonyos inform\u00e1ci\u00f3kat megadjon, mivel a <a href=\"https:\/\/www.americanprogress.org\/article\/need-know-equality-act\/\" target=\"_blank\" rel=\"noreferrer noopener\">Az egyenl\u0151s\u00e9gi t\u00f6rv\u00e9ny v\u00e9delmet ny\u00fajt<\/a> a munkahelyi diszkrimin\u00e1ci\u00f3val szembeni k\u00fcl\u00f6nleges jellemz\u0151k. <\/p>\n\n\n\n<p>A t\u00f6rv\u00e9ny v\u00e9di az \u00e9letkorra, fogyat\u00e9koss\u00e1gra, nemi \u00e1talakul\u00e1sra, h\u00e1zass\u00e1gra \u00e9s \u00e9lett\u00e1rsi kapcsolatra, terhess\u00e9gre \u00e9s anyas\u00e1gra, fajra, vall\u00e1sra, nemre (nemi hovatartoz\u00e1sra) \u00e9s szexu\u00e1lis ir\u00e1nyults\u00e1gra vonatkoz\u00f3 inform\u00e1ci\u00f3kat.&nbsp;<\/p>\n\n\n\n<h3 class=\"wp-block-heading\">Foglalkoztat\u00e1si el\u0151zm\u00e9nyek<\/h3>\n\n\n\n<p>Munkahelyi el\u0151\u00e9lete bemutatja a szakter\u00fclet\u00e9n szerzett tud\u00e1s\u00e1t \u00e9s tapasztalat\u00e1t. <\/p>\n\n\n\n<p>Sorolja fel a kor\u00e1bbi munkak\u00f6r\u00f6ket, \u00e9s t\u00fcntesse fel a munkak\u00f6r\u00f6k c\u00edm\u00e9t, az el\u0151l\u00e9ptet\u00e9seket, a c\u00e9gek nev\u00e9t \u00e9s a munkaviszony d\u00e1tum\u00e1t.&nbsp;<\/p>\n\n\n\n<p>Emelje ki a szakmai h\u00e1tter\u00e9t bizony\u00edt\u00f3 konkr\u00e9t eredm\u00e9nyeket, p\u00e9ld\u00e1ul sikeres projekteket, konferenci\u00e1kon val\u00f3 r\u00e9szv\u00e9telt \u00e9s v\u00e1llalati k\u00e9pz\u00e9seket.&nbsp;<\/p>\n\n\n\n<h3 class=\"wp-block-heading\">Oktat\u00e1s \u00e9s k\u00e9pes\u00edt\u00e9sek<\/h3>\n\n\n\n<p>Sorolja fel a relev\u00e1ns diplom\u00e1kat, okleveleket \u00e9s szakmai tan\u00fas\u00edtv\u00e1nyokat. <\/p>\n\n\n\n<p>Ha tov\u00e1bbi k\u00e9pz\u00e9si programokat v\u00e9gzett, mindenk\u00e9ppen t\u00fcntesse fel ezt az inform\u00e1ci\u00f3t, mivel ez mutatja, hogy elk\u00f6telezett a folyamatos tanul\u00e1s \u00e9s az \u00f6nfejleszt\u00e9s ir\u00e1nt.&nbsp;<\/p>\n\n\n\n<h3 class=\"wp-block-heading\">K\u00e9szs\u00e9gek \u00e9s k\u00e9pes\u00edt\u00e9sek<\/h3>\n\n\n\n<p>Mutassa be a szerepk\u00f6rh\u00f6z illeszked\u0151 alapvet\u0151 k\u00e9szs\u00e9geket, kiemelve mind a technikai, mind az \u00e1tadhat\u00f3 k\u00e9szs\u00e9geket. <\/p>\n\n\n\n<p>A technikai k\u00e9szs\u00e9gek a munkak\u00f6r-specifikus, speci\u00e1lis k\u00e9pess\u00e9gekre utalnak, m\u00edg az \u00e1tvihet\u0151 k\u00e9szs\u00e9gek olyan puha k\u00e9szs\u00e9gek, amelyek k\u00fcl\u00f6nb\u00f6z\u0151 ipar\u00e1gakban \u00e9s szerepk\u00f6r\u00f6kben alkalmazhat\u00f3k.&nbsp;<\/p>\n\n\n\n<p>A technikai k\u00e9szs\u00e9gek k\u00f6z\u00e9 tartozik p\u00e9ld\u00e1ul az adatelemz\u00e9s \u00e9s -vizualiz\u00e1ci\u00f3, a piackutat\u00e1s \u00e9s a projektmenedzsment eszk\u00f6z\u00f6kben val\u00f3 j\u00e1rtass\u00e1g. <\/p>\n\n\n\n<p>Hasonl\u00f3k\u00e9ppen, az \u00e1tadhat\u00f3 k\u00e9szs\u00e9gek utalhatnak a nyilv\u00e1nos besz\u00e9dre \u00e9s prezent\u00e1ci\u00f3ra, a konfliktuskezel\u00e9sre \u00e9s a t\u00f6bbfeladat\u00fa munkav\u00e9gz\u00e9sre.&nbsp;&nbsp;<\/p>\n\n\n\n<h3 class=\"wp-block-heading\">Hivatkoz\u00e1sok<\/h3>\n\n\n\n<p>Ha a p\u00e1ly\u00e1zat arra \u00f6szt\u00f6nzi \u00d6nt, hogy referenci\u00e1kat adjon meg, ne hagyja ki ezt a lehet\u0151s\u00e9get, hogy megb\u00edzhat\u00f3, k\u00e9pzett jel\u00f6ltk\u00e9nt mutatkozzon be. <\/p>\n\n\n\n<p>V\u00e1lasszon olyan szakmai referenci\u00e1kat, akik kezeskednek az \u00d6n szak\u00e9rtelm\u00e9\u00e9rt \u00e9s jellem\u00e9\u00e9rt. <\/p>\n\n\n\n<p>Adja meg a nev\u00fcket, munkak\u00f6r\u00fcket, el\u00e9rhet\u0151s\u00e9g\u00fcket \u00e9s egy r\u00f6vid megjegyz\u00e9st a kapcsolatukr\u00f3l.<\/p>\n\n\n\n<h2 class=\"wp-block-heading\">Top 10 tipp a sikeres p\u00e1ly\u00e1zatokhoz<\/h2>\n\n\n<div class=\"wp-block-image\">\n<figure class=\"aligncenter size-full is-resized\"><img loading=\"lazy\" decoding=\"async\" width=\"626\" height=\"547\" src=\"https:\/\/undetectable.ai/blog\/wp-content\/uploads\/2024\/12\/people-choose-resumes.jpg\" alt=\"\" class=\"wp-image-5374\" style=\"width:467px;height:auto\" title=\"\" srcset=\"https:\/\/undetectable.ai/blog\/wp-content\/uploads\/2024\/12\/people-choose-resumes.jpg 626w, https:\/\/undetectable.ai/blog\/wp-content\/uploads\/2024\/12\/people-choose-resumes-300x262.jpg 300w, https:\/\/undetectable.ai/blog\/wp-content\/uploads\/2024\/12\/people-choose-resumes-14x12.jpg 14w\" sizes=\"auto, (max-width: 626px) 100vw, 626px\" \/><\/figure><\/div>\n\n\n<p>Jelentkez\u00e9s\u00e9nek min\u0151s\u00e9ge \u00e9s t\u00f6m\u00f6rs\u00e9ge d\u00f6nthet az els\u0151 interj\u00fa elnyer\u00e9s\u00e9nek es\u00e9lyeir\u0151l. <\/p>\n\n\n\n<p>B\u00e1r \u00e1lmai \u00e1ll\u00e1s\u00e1\u00e9rt t\u00f6bb sz\u00e1zan versengenek, a legt\u00f6bben val\u00f3sz\u00edn\u0171leg nem ny\u00fajtanak be olyan er\u0151s p\u00e1ly\u00e1zatokat, amelyek t\u00f6k\u00e9letesen megfelelnek az adott \u00e1ll\u00e1shelynek.&nbsp;<\/p>\n\n\n\n<p>Itt a lehet\u0151s\u00e9g, hogy kit\u0171nj.&nbsp;<\/p>\n\n\n\n<p>Ha szeretn\u00e9 megtudni, hogyan t\u00f6lts\u00f6n ki egy olyan \u00e1ll\u00e1sp\u00e1ly\u00e1zatot, amelyet \u00e9szrevesznek, k\u00f6vesse az al\u00e1bbi r\u00e9szletes keretrendszert:&nbsp;<\/p>\n\n\n\n<h3 class=\"wp-block-heading\">Alapos kutat\u00e1s<\/h3>\n\n\n\n<p>Annak \u00e9rdek\u00e9ben, hogy p\u00e1ly\u00e1zata kiemelkedjen \u00e9s k\u00f6zvetlen\u00fcl sz\u00f3ljon a munk\u00e1ltat\u00f3khoz, kutassa fel a <a href=\"https:\/\/undetectable.ai\/blog\/easy-remote-jobs\/\" target=\"_blank\" rel=\"noreferrer noopener\">munkalehet\u0151s\u00e9g<\/a> \u00e9s a c\u00e9lv\u00e1llalatot alaposan meg kell ismernie, hogy meg\u00e9rtse annak k\u00fcldet\u00e9s\u00e9t \u00e9s \u00e9rt\u00e9keit.&nbsp;<\/p>\n\n\n\n<p>N\u00e9zze \u00e1t a v\u00e1llalat weboldal\u00e1t, sajt\u00f3k\u00f6zlem\u00e9nyeit \u00e9s k\u00f6z\u00f6ss\u00e9gi m\u00e9dia csatorn\u00e1it, \u00e9s fontolja meg a munk\u00e1ltat\u00f3k \u00e9s az \u00fcgyfelek v\u00e9lem\u00e9nyeinek vagy besz\u00e1mol\u00f3inak megismer\u00e9s\u00e9t.&nbsp;<\/p>\n\n\n\n<h3 class=\"wp-block-heading\">Legyen konkr\u00e9t<\/h3>\n\n\n\n<p>Ker\u00fclje az olyan hom\u00e1lyos kijelent\u00e9seket, mint \"hozz\u00e1j\u00e1rultam a csapat siker\u00e9hez\", mivel a legt\u00f6bb toborz\u00f3 konkr\u00e9t bizony\u00edt\u00e9kot keres az \u00d6n teljes\u00edtm\u00e9ny\u00e9re. <\/p>\n\n\n\n<p>A legjobb m\u00f3dja annak, hogy kiemelje az eredm\u00e9nyeit <a href=\"https:\/\/study.com\/academy\/lesson\/application-of-statistics-in-daily-life.html\" target=\"_blank\" rel=\"noreferrer noopener\">sz\u00e1mokon \u00e9s statisztik\u00e1kon kereszt\u00fcl<\/a>, mivel ezek k\u00e9zzelfoghat\u00f3 bizony\u00edt\u00e9kot ny\u00fajtanak arra, hogy mit teszel le az asztalra.&nbsp;<\/p>\n\n\n\n<p>Az \u00d6n eredm\u00e9nyeit hat\u00e9konyan bemutat\u00f3 nyilatkozatok a k\u00f6vetkez\u0151k lehetnek:&nbsp;<\/p>\n\n\n\n<ul class=\"wp-block-list\">\n<li>\"K\u00e9t \u00e9v alatt 50%-tal n\u00f6velte az elad\u00e1sokat c\u00e9lzott marketingkamp\u00e1nyok kidolgoz\u00e1s\u00e1val.\"<\/li>\n\n\n\n<li>\"Vezetett egy projektet, amely 30%-tal n\u00f6velte a csapat hat\u00e9konys\u00e1g\u00e1t, jav\u00edtva a projekt teljes\u00edt\u00e9si idej\u00e9t \u00e9s az \u00fcgyf\u00e9l el\u00e9gedetts\u00e9g\u00e9t.\"<\/li>\n<\/ul>\n\n\n\n<h3 class=\"wp-block-heading\">Kulcsszavak haszn\u00e1lata<\/h3>\n\n\n<div class=\"wp-block-image\">\n<figure class=\"aligncenter size-full is-resized\"><img loading=\"lazy\" decoding=\"async\" width=\"626\" height=\"626\" src=\"https:\/\/undetectable.ai/blog\/wp-content\/uploads\/2024\/12\/resume-keyword-scanner.jpg\" alt=\"\" class=\"wp-image-5367\" style=\"width:256px;height:auto\" title=\"\" srcset=\"https:\/\/undetectable.ai/blog\/wp-content\/uploads\/2024\/12\/resume-keyword-scanner.jpg 626w, https:\/\/undetectable.ai/blog\/wp-content\/uploads\/2024\/12\/resume-keyword-scanner-300x300.jpg 300w, https:\/\/undetectable.ai/blog\/wp-content\/uploads\/2024\/12\/resume-keyword-scanner-150x150.jpg 150w, https:\/\/undetectable.ai/blog\/wp-content\/uploads\/2024\/12\/resume-keyword-scanner-12x12.jpg 12w\" sizes=\"auto, (max-width: 626px) 100vw, 626px\" \/><\/figure><\/div>\n\n\n<p>M\u00edg egyes toborz\u00f3k manu\u00e1lisan ellen\u0151rzik a jelentkez\u00e9seket, m\u00e1sok a jelentkez\u00e9sek nyomon k\u00f6vet\u00e9s\u00e9re szolg\u00e1l\u00f3 rendszerekre (ATS) t\u00e1maszkodnak, hogy automatiz\u00e1lj\u00e1k a felv\u00e9teli folyamatot, \u00e9s elk\u00fcl\u00f6n\u00edts\u00e9k a relev\u00e1ns jelentkez\u0151ket azokt\u00f3l, akik nem illenek az \u00e1ll\u00e1shelyre. <\/p>\n\n\n\n<p>Ezek a rendszerek a munkak\u00f6ri le\u00edr\u00e1sban szerepl\u0151 kulcsszavakra keresik a p\u00e1ly\u00e1zatokat, \u00e9s azokat a p\u00e1ly\u00e1zatokat, amelyek nem tartalmazz\u00e1k ezeket a kulcsszavakat, elvetik.&nbsp;<\/p>\n\n\n\n<p>A legjobb m\u00f3dja annak, hogy a jelentkez\u00e9sed t\u00fal\u00e9lje az ATS-t, ha be\u00e9p\u00edted az \u00e1ll\u00e1shirdet\u00e9shez kapcsol\u00f3d\u00f3 kulcsszavakat, p\u00e9ld\u00e1ul \"projektmenedzsment\", \"adatelemz\u00e9s\" vagy \"\u00fcgyf\u00e9lkapcsolat-kezel\u00e9s\". <\/p>\n\n\n\n<p>Figyeljen a munkak\u00f6ri le\u00edr\u00e1s sz\u00f6veg\u00e9re, \u00e9s ezeket a kulcsszavakat term\u00e9szetesen haszn\u00e1lja a p\u00e1ly\u00e1zat\u00e1ban.<\/p>\n\n\n\n<h3 class=\"wp-block-heading\">Legyen t\u00f6m\u00f6r<\/h3>\n\n\n\n<p>A kevesebb t\u00f6bb.&nbsp;<\/p>\n\n\n\n<p>A toborz\u00f3k gyakran naponta t\u00f6bb sz\u00e1z \u00e1ll\u00e1sp\u00e1ly\u00e1zatot n\u00e9znek \u00e1t, \u00edgy csak n\u00e9h\u00e1ny m\u00e1sodpercet tudnak sz\u00e1nni minden egyes \u00f6n\u00e9letrajz \u00e1tolvas\u00e1s\u00e1ra. <\/p>\n\n\n\n<p>\u00d6k\u00f6lszab\u00e1lyk\u00e9nt elmondhat\u00f3, hogy \u00f6n\u00e9letrajz\u00e1nak k\u00f6r\u00fclbel\u00fcl egy-k\u00e9t oldal hossz\u00fanak kell lennie, a tapasztalat szintj\u00e9t\u0151l f\u00fcgg\u0151en.&nbsp;<\/p>\n\n\n\n<p>Tartsa t\u00f6m\u00f6ren az \u00f6n\u00e9letrajz\u00e1t, \u00e9s ker\u00fclje a hossz\u00fa \"R\u00f3lam\" r\u00e9szeket, amelyek r\u00e9szletezik a neveltet\u00e9s\u00e9t vagy a hobbij\u00e1t. <\/p>\n\n\n\n<p>B\u00e1r ezeket a szempontokat az interj\u00fa sor\u00e1n jobban ki lehet vizsg\u00e1lni, a kezdeti jelentkez\u00e9si folyamat szempontj\u00e1b\u00f3l l\u00e9nyegtelenek.<\/p>\n\n\n\n<h3 class=\"wp-block-heading\">F\u00f3kuszban a bemutat\u00e1s<\/h3>\n\n\n\n<p>B\u00e1r a relev\u00e1ns inform\u00e1ci\u00f3k beilleszt\u00e9se alapvet\u0151 fontoss\u00e1g\u00fa a jelentkez\u00e9si folyamat sor\u00e1n, a prezent\u00e1ci\u00f3 is az. <\/p>\n\n\n\n<p>\u00dcgyeljen arra, hogy vil\u00e1gos c\u00edmsorokat, egys\u00e9ges bet\u0171t\u00edpusokat \u00e9s megfelel\u0151 sz\u00f3k\u00f6z\u00f6ket haszn\u00e1ljon, \u00edgy a toborz\u00f3k k\u00f6nnyebben \u00e1t tudj\u00e1k olvasni a jelentkez\u00e9s\u00e9t.&nbsp;<\/p>\n\n\n\n<p>B\u00e1rmilyen nagy is a k\u00eds\u00e9rt\u00e9s, ker\u00fclje a diz\u00e1jnos sablonok haszn\u00e1lat\u00e1t, mivel ezek elvonj\u00e1k a toborz\u00f3k figyelm\u00e9t az \u00f6n\u00e9letrajz t\u00e9nyleges elolvas\u00e1s\u00e1t\u00f3l. <\/p>\n\n\n\n<p>Hacsak nem egy nagyon kreat\u00edv vagy speci\u00e1lis poz\u00edci\u00f3ra p\u00e1ly\u00e1zik, maradjon a minimalista, vil\u00e1gos, egyszer\u0171 form\u00e1z\u00e1s\u00fa sablonokn\u00e1l.&nbsp;<\/p>\n\n\n\n<h3 class=\"wp-block-heading\">Kreat\u00edvan mutassa be a puha k\u00e9szs\u00e9geket<\/h3>\n\n\n\n<p>A technikai k\u00e9szs\u00e9gek azt mutatj\u00e1k, hogy k\u00e9pes vagy elv\u00e9gezni a munk\u00e1t, m\u00edg a puha k\u00e9szs\u00e9gek a munkast\u00edlusodat \u00e9s azt, hogy hogyan kommunik\u00e1lsz a csapattal. <\/p>\n\n\n\n<p>Ahelyett, hogy csak felsoroln\u00e1 ezeket a k\u00e9szs\u00e9geket, integr\u00e1lja \u0151ket a munkatapasztalat\u00e1ba \u00e9s a szakmai eredm\u00e9nyeibe.&nbsp;<\/p>\n\n\n\n<p>P\u00e9ld\u00e1ul ahelyett, hogy azt eml\u00edten\u00e9, hogy csapatj\u00e1t\u00e9kos \u00e9s probl\u00e9mamegold\u00f3, ink\u00e1bb \u00e9p\u00edtse be ezeket a k\u00e9szs\u00e9geket az eredm\u00e9nyei k\u00f6z\u00e9 kreat\u00edv m\u00f3don, p\u00e9ld\u00e1ul:&nbsp;<\/p>\n\n\n\n<p>\"Egy\u00fcttm\u0171k\u00f6d\u00f6tt a t\u00f6bbfunkci\u00f3s csapatokkal a technikai kih\u00edv\u00e1sok lek\u00fczd\u00e9se \u00e9rdek\u00e9ben, \u00e9s a tervezettn\u00e9l hamarabb teljes\u00edtett egy nagyszab\u00e1s\u00fa projektet.\"<\/p>\n\n\n\n<p>Ez a p\u00e9lda nem csak kiemeli a puha k\u00e9szs\u00e9geket, hanem megmutatja, hogyan alkalmazza azokat a gyakorlatban.<\/p>\n\n\n\n<h3 class=\"wp-block-heading\">Haszn\u00e1lja ki az AI-alap\u00fa eszk\u00f6z\u00f6ket az \u00f6n\u00e9letrajz\u00e1hoz<\/h3>\n\n\n\n<p>A toborz\u00f3knak \u00e9s az ATS-nek egyar\u00e1nt tetsz\u0151 professzion\u00e1lis \u00f6n\u00e9letrajz k\u00e9sz\u00edt\u00e9se kih\u00edv\u00e1st jelenthet \u00e9s id\u0151ig\u00e9nyes lehet, k\u00fcl\u00f6n\u00f6sen, ha az \u00edr\u00e1s nem a leger\u0151sebb k\u00e9pess\u00e9ge.&nbsp;<\/p>\n\n\n\n<p>Ha a folyamat sor\u00e1n neh\u00e9zs\u00e9gekbe \u00fctk\u00f6zik, fontolja meg, hogy haszn\u00e1lja a <a href=\"https:\/\/undetectable.ai\/resume-builder\" target=\"_blank\" rel=\"noreferrer noopener\">\u00c9szrevehetetlen AI \u00f6n\u00e9letrajz-\u00e9p\u00edt\u0151<\/a> hogy seg\u00edtsen \u00d6nnek egy ATS-optimaliz\u00e1lt p\u00e1ly\u00e1zatot k\u00e9sz\u00edteni, amely kiemeli k\u00e9szs\u00e9geit \u00e9s tapasztalatait.&nbsp;<\/p>\n\n\n\n<p>Ezt az eszk\u00f6zt \u00fagy tervezt\u00e9k, hogy automatikusan form\u00e1zza \u00f6n\u00e9letrajz\u00e1t, relev\u00e1ns kulcsszavakat javasol, \u00e9s csiszolja a designt, hogy n\u00f6velje az es\u00e9lyeit a toborz\u00f3k \u00e9s az ATS sz\u00e1m\u00e1ra.&nbsp;<\/p>\n\n\n\n<p>Dobja be \u00f6n\u00e9letrajz\u00e1t al\u00e1bb, hogy l\u00e1ssa, hogyan teljes\u00edt az AI felismer\u00e9ssel szemben. Tegye felder\u00edthetetlenn\u00e9 \u00e9s toborz\u00f3k\u00e9pess\u00e9 m\u00e1sodpercek alatt!<\/p>\n\n\n\n<div id=\"uai-widget\" data-affiliate-link=\"https:\/\/undetectable.ai\/?_by=hi4km\"><script>var js = document.createElement(\"script\");js.async = true;js.src = \"https:\/\/widget.undetectable.ai\/js\/widget-loader.js?t=\"+Date.now();document.getElementsByTagName(\"head\")[0].appendChild(js);<\/script><\/div>\n\n\n\n<h3 class=\"wp-block-heading\">Hib\u00e1k ellen\u0151rz\u00e9se<\/h3>\n\n\n\n<p>Olvassa \u00e1t t\u00f6bbsz\u00f6r a jelentkez\u00e9s\u00e9t, vagy haszn\u00e1ljon olyan eszk\u00f6z\u00f6ket, mint a Grammarly, hogy kisz\u0171rje a g\u00e9pel\u00e9si hib\u00e1kat \u00e9s a nyelvtani probl\u00e9m\u00e1kat. <\/p>\n\n\n\n<p>A helyes helyes\u00edr\u00e1s \u00e9s a nyelvtan a r\u00e9szletekre val\u00f3 odafigyel\u00e9sr\u0151l \u00e9s a professzionalizmusr\u00f3l tan\u00faskodik, m\u00edg egy g\u00e9pel\u00e9si hib\u00e1kkal teli p\u00e1ly\u00e1zat azt sugallja, hogy \u00d6n nem rendelkezik kommunik\u00e1ci\u00f3s k\u00e9szs\u00e9gekkel \u00e9s nem el\u00e9g prec\u00edz.&nbsp;<\/p>\n\n\n\n<p>K\u00e9rjen meg egy bar\u00e1tot vagy csal\u00e1dtagot, hogy n\u00e9zze \u00e1t a jelentkez\u00e9s\u00e9t, mert \u00edgy \u00e9szreveheti a hib\u00e1kat, amelyeket esetleg nem vett \u00e9szre.&nbsp;<\/p>\n\n\n\n<h3 class=\"wp-block-heading\">K\u00f6vesse az utas\u00edt\u00e1sokat<\/h3>\n\n\n\n<p>A p\u00e1ly\u00e1zati elj\u00e1r\u00e1sb\u00f3l val\u00f3 kiz\u00e1r\u00e1s elker\u00fcl\u00e9se \u00e9rdek\u00e9ben gondosan k\u00f6vesse a beny\u00fajt\u00e1si utas\u00edt\u00e1sokat.&nbsp;<\/p>\n\n\n\n<p>B\u00e1r ez nyilv\u00e1nval\u00f3nak t\u0171nhet, egy egyszer\u0171 hiba, p\u00e9ld\u00e1ul ha \u00f6n\u00e9letrajz\u00e1t PDF helyett Word dokumentumk\u00e9nt k\u00fcldi el, vagy ha nem v\u00e1laszol egy adott k\u00e9rd\u00e9sre a jelentkez\u00e9si lapon, azt eredm\u00e9nyezheti, hogy \u00f6n\u00e9letrajz\u00e1t elvetik, miel\u0151tt az eljutna a toborz\u00f3hoz.&nbsp;<\/p>\n\n\n\n<h3 class=\"wp-block-heading\">Korai bek\u00fcld\u00e9s<\/h3>\n\n\n\n<p>V\u00e9g\u00fcl, de nem utols\u00f3sorban, ne v\u00e1rjon az utols\u00f3 pillanatig a p\u00e1ly\u00e1zat beny\u00fajt\u00e1s\u00e1val.&nbsp;<\/p>\n\n\n\n<p>Ha kor\u00e1n leadja jelentkez\u00e9s\u00e9t, bizony\u00edtja lelkesed\u00e9s\u00e9t \u00e9s id\u0151gazd\u00e1lkod\u00e1si k\u00e9pess\u00e9geit, mik\u00f6zben cs\u00f6kkenti a technikai hib\u00e1k vagy az utols\u00f3 pillanatban elk\u00f6vetett elg\u00e9pel\u00e9sek es\u00e9ly\u00e9t.&nbsp;<\/p>\n\n\n\n<h2 class=\"wp-block-heading\">Hogyan finomhangolhatom a p\u00e1ly\u00e1zatomat?<\/h2>\n\n\n<div class=\"wp-block-image\">\n<figure class=\"aligncenter size-full is-resized\"><img loading=\"lazy\" decoding=\"async\" width=\"626\" height=\"313\" src=\"https:\/\/undetectable.ai/blog\/wp-content\/uploads\/2024\/12\/resume-cv-job-composition.jpg\" alt=\"\" class=\"wp-image-5369\" style=\"width:578px;height:auto\" title=\"\" srcset=\"https:\/\/undetectable.ai/blog\/wp-content\/uploads\/2024\/12\/resume-cv-job-composition.jpg 626w, https:\/\/undetectable.ai/blog\/wp-content\/uploads\/2024\/12\/resume-cv-job-composition-300x150.jpg 300w, https:\/\/undetectable.ai/blog\/wp-content\/uploads\/2024\/12\/resume-cv-job-composition-18x9.jpg 18w\" sizes=\"auto, (max-width: 626px) 100vw, 626px\" \/><\/figure><\/div>\n\n\n<p>Az \u00e1ll\u00e1sp\u00e1ly\u00e1zat kit\u00f6lt\u00e9s\u00e9nek megtanul\u00e1sa csak az els\u0151 l\u00e9p\u00e9s \u00e1lmai \u00e1ll\u00e1s\u00e1hoz. <\/p>\n\n\n\n<p>Sz\u00e1njon egy kis id\u0151t arra, hogy finom\u00edtsa az \u00edr\u00e1si st\u00edlus\u00e1t, hogy a jelentkez\u00e9se megfelel\u0151 legyen, \u00e9s ugyanolyan professzion\u00e1lisnak hangozzon, mint amilyennek l\u00e1tszik.&nbsp;<\/p>\n\n\n\n<p>Figyeljen a megfogalmaz\u00e1sra, \u00e9s cser\u00e9lje fel a passz\u00edv sz\u00f3haszn\u00e1latot olyan meggy\u0151z\u0151 ig\u00e9kre, mint a sz\u00e1ll\u00edtott, el\u00e9rt \u00e9s \u00e1talakult. <\/p>\n\n\n\n<p>Finom\u00edtsa meg a hom\u00e1lyosnak t\u0171n\u0151 r\u00e9szeket, \u00e9s gy\u0151z\u0151dj\u00f6n meg r\u00f3la, hogy r\u00e9szletesen ismertette az \u00f6sszes k\u00e9szs\u00e9g\u00e9t, eredm\u00e9ny\u00e9t \u00e9s k\u00e9pes\u00edt\u00e9s\u00e9t.&nbsp;<\/p>\n\n\n\n<p>B\u00e1r a mesters\u00e9ges intelligencia haszn\u00e1lata a p\u00e1ly\u00e1zat meg\u00edr\u00e1s\u00e1hoz nem illeg\u00e1lis, a mesters\u00e9ges megfogalmaz\u00e1sok \u00e9s mondatszerkezetek gyenge kommunik\u00e1ci\u00f3s k\u00e9szs\u00e9gekre utalnak. <\/p>\n\n\n\n<p>Ha \u00f6n\u00e9letrajz\u00e1t, szem\u00e9lyes nyilatkozat\u00e1t vagy k\u00eds\u00e9r\u0151level\u00e9t AI k\u00e9sz\u00edti, futtassa \u00e1t ezeket a dokumentumokat egy <a href=\"https:\/\/undetectable.ai\/\" target=\"_blank\" rel=\"noreferrer noopener\">AI Humanizer<\/a> hogy az \u00edr\u00e1s\u00e1t hiteles, \u00e1t\u00e9lhet\u0151 \u00e9s term\u00e9szetes hangz\u00e1s\u00fa tartalomm\u00e1 alak\u00edtsa \u00e1t.&nbsp;<\/p>\n\n\n\n<h2 class=\"wp-block-heading\">GYIK<\/h2>\n\n\n<div id=\"rank-math-faq\" class=\"rank-math-block\">\n<div class=\"rank-math-list\">\n<div id=\"faq-question-1734959662018\" class=\"rank-math-list-item\">\n<h3 class=\"rank-math-question\">Hogyan biztos\u00edthatja, hogy a jelentkez\u00e9se pontos \u00e9s teljes legyen?<\/h3>\n<div class=\"rank-math-answer\">\n\n<p>Az alkalmaz\u00e1s pontoss\u00e1g\u00e1nak biztos\u00edt\u00e1sa koncentr\u00e1ci\u00f3t \u00e9s odafigyel\u00e9st ig\u00e9nyel.<\/p>\n<p>Ellen\u0151rizze k\u00e9tszer is szem\u00e9lyes adatait, \u00f6n\u00e9letrajz\u00e1t, k\u00eds\u00e9r\u0151level\u00e9t \u00e9s referenci\u00e1it, hogy minden inform\u00e1ci\u00f3 helyes\u00edr\u00e1si hib\u00e1tlan legyen, \u00e9s megfeleljen az \u00e1ll\u00e1sle\u00edr\u00e1snak.\u00a0<\/p>\n\n<\/div>\n<\/div>\n<div id=\"faq-question-1734959668209\" class=\"rank-math-list-item\">\n<h3 class=\"rank-math-question\">Mit tehetek a jelentkez\u00e9si folyamat sor\u00e1n, hogy n\u00f6veljem az interj\u00fa es\u00e9ly\u00e9t?<\/h3>\n<div class=\"rank-math-answer\">\n\n<p>Az interj\u00fan val\u00f3 r\u00e9szv\u00e9telhez az sz\u00fcks\u00e9ges, hogy a jelentkez\u00e9se kiemelked\u0151 legyen, \u00e9s megfeleljen az \u00e1ll\u00e1shirdet\u00e9s k\u00f6vetelm\u00e9nyeinek.<\/p>\n<p>N\u00f6velheti es\u00e9lyeit, ha \u00f6n\u00e9letrajz\u00e1t \u00e9s k\u00eds\u00e9r\u0151level\u00e9t az \u00e1ll\u00e1shoz igaz\u00edtja, kiemeli a relev\u00e1ns eredm\u00e9nyeket, \u00e9s a p\u00e1ly\u00e1zat\u00e1t a k\u00f6vetkez\u0151kkel pontos\u00edtja. <a href=\"https:\/\/undetectable.ai\/resume-builder\" target=\"_blank\" rel=\"noreferrer noopener\">A kimutathatatlan AI \u00f6n\u00e9letrajz-\u00e9p\u00edt\u0151je<\/a>.\u00a0<\/p>\n\n<\/div>\n<\/div>\n<div id=\"faq-question-1734959678302\" class=\"rank-math-list-item\">\n<h3 class=\"rank-math-question\">Mit tehetek annak \u00e9rdek\u00e9ben, hogy n\u00f6veljem az es\u00e9ly\u00e9t annak, hogy \u00e9szreveszik a p\u00e1ly\u00e1zatomat?<\/h3>\n<div class=\"rank-math-answer\">\n\n<p>A relev\u00e1ns kulcsszavak be\u00e9p\u00edt\u00e9se a jelentkez\u00e9sbe, valamint a vil\u00e1gos, egyszer\u0171 \u00e9s olvashat\u00f3 form\u00e1z\u00e1s a legjobb m\u00f3dja annak, hogy n\u00f6velje az es\u00e9ly\u00e9t annak, hogy \u00e9szreveszik.\u00a0<\/p>\n\n<\/div>\n<\/div>\n<\/div>\n<\/div>\n\n\n<h2 class=\"wp-block-heading\">K\u00f6vetkeztet\u00e9s<\/h2>\n\n\n\n<p>Egy er\u0151s p\u00e1ly\u00e1zat beny\u00fajt\u00e1sa id\u0151t \u00e9s er\u0151fesz\u00edt\u00e9st ig\u00e9nyel, de a megfelel\u0151 keretek k\u00f6z\u00f6tt ez teljes m\u00e9rt\u00e9kben megval\u00f3s\u00edthat\u00f3. <\/p>\n\n\n\n<p>A jelentkez\u00e9sednek vil\u00e1gosnak, t\u00f6m\u00f6rnek \u00e9s eml\u00e9kezetesnek kell lennie, hogy a tel\u00edtett munkaer\u0151piacon versenyezhess, \u00e9s megkapd az interj\u00fat (majd \u00e1lmaid \u00e1ll\u00e1s\u00e1t!).&nbsp;<\/p>\n\n\n\n<p>Ha k\u00f6veti a fent felsorolt jelentkez\u00e9si tippeket, \u00e9s szorgalmas marad az \u00edr\u00e1s \u00e9s a csiszol\u00e1s sor\u00e1n, biztos\u00edthatja, hogy jelentkez\u00e9s\u00e9t a toborz\u00f3k el\u0151nyben r\u00e9szes\u00edtik, \u00e9s az ATS-rendszerek elfogadj\u00e1k.&nbsp;<\/p>\n\n\n\n<p>Sok szerencs\u00e9t!<\/p>","protected":false},"excerpt":{"rendered":"","protected":false},"author":15,"featured_media":5364,"comment_status":"closed","ping_status":"closed","sticky":false,"template":"","format":"standard","meta":{"_themeisle_gutenberg_block_has_review":false,"footnotes":""},"categories":[31],"tags":[],"class_list":["post-5362","post","type-post","status-publish","format-standard","has-post-thumbnail","hentry","category-helpful-ai-content-tips"],"_links":{"self":[{"href":"https:\/\/undetectable.ai/blog\/hu\/wp-json\/wp\/v2\/posts\/5362","targetHints":{"allow":["GET"]}}],"collection":[{"href":"https:\/\/undetectable.ai/blog\/hu\/wp-json\/wp\/v2\/posts"}],"about":[{"href":"https:\/\/undetectable.ai/blog\/hu\/wp-json\/wp\/v2\/types\/post"}],"author":[{"embeddable":true,"href":"https:\/\/undetectable.ai/blog\/hu\/wp-json\/wp\/v2\/users\/15"}],"replies":[{"embeddable":true,"href":"https:\/\/undetectable.ai/blog\/hu\/wp-json\/wp\/v2\/comments?post=5362"}],"version-history":[{"count":10,"href":"https:\/\/undetectable.ai/blog\/hu\/wp-json\/wp\/v2\/posts\/5362\/revisions"}],"predecessor-version":[{"id":22046,"href":"https:\/\/undetectable.ai/blog\/hu\/wp-json\/wp\/v2\/posts\/5362\/revisions\/22046"}],"wp:featuredmedia":[{"embeddable":true,"href":"https:\/\/undetectable.ai/blog\/hu\/wp-json\/wp\/v2\/media\/5364"}],"wp:attachment":[{"href":"https:\/\/undetectable.ai/blog\/hu\/wp-json\/wp\/v2\/media?parent=5362"}],"wp:term":[{"taxonomy":"category","embeddable":true,"href":"https:\/\/undetectable.ai/blog\/hu\/wp-json\/wp\/v2\/categories?post=5362"},{"taxonomy":"post_tag","embeddable":true,"href":"https:\/\/undetectable.ai/blog\/hu\/wp-json\/wp\/v2\/tags?post=5362"}],"curies":[{"name":"wp","href":"https:\/\/api.w.org\/{rel}","templated":true}]}}