{"id":5810,"date":"2025-01-16T16:30:15","date_gmt":"2025-01-16T16:30:15","guid":{"rendered":"https:\/\/undetectable.ai/blog\/?p=5810"},"modified":"2026-01-19T18:54:32","modified_gmt":"2026-01-19T18:54:32","slug":"hogyan-lehet-novelni-a-szavak-szamat","status":"publish","type":"post","link":"https:\/\/undetectable.ai/blog\/hu\/hogyan-lehet-novelni-a-szavak-szamat\/","title":{"rendered":"Hogyan lehet n\u00f6velni a sz\u00f3sz\u00e1mot: 8 egyszer\u0171 tipp"},"content":{"rendered":"<p>A hossz\u00fa essz\u00e9k \u00edr\u00e1sa a legt\u00f6bb f\u0151iskolai hallgat\u00f3 sz\u00e1m\u00e1ra gyakran neh\u00e9zs\u00e9get jelent.&nbsp;<\/p>\n\n\n\n<p>Mindannyian voltunk m\u00e1r olyan helyzetben, amikor kifogytunk a mondanival\u00f3b\u00f3l, \u00fcresen b\u00e1multuk a k\u00e9perny\u0151t, k\u00fczd\u00f6tt\u00fcnk, hogy el\u00e9rj\u00fck a megadott sz\u00f3sz\u00e1mot, \u00e9s azon t\u0171n\u0151dt\u00fcnk, hogyan fogjuk valaha is megt\u00f6lteni az oldalt an\u00e9lk\u00fcl, hogy felesleges puffogtat\u00e1shoz folyamodn\u00e1nk.&nbsp;<\/p>\n\n\n\n<p>Az alacsony sz\u00f3sz\u00e1m gyakran akkor fordul el\u0151, ha t\u00fal t\u00f6m\u00f6r pr\u00f3b\u00e1lunk lenni, vagy nem bontjuk le el\u00e9gg\u00e9 az \u00f6tleteinket. <\/p>\n\n\n\n<p>N\u00e9ha, ez <a href=\"https:\/\/gdx.in\/blog\/falling-short-impact-of-not-meeting-word-count\" target=\"_blank\" rel=\"noreferrer noopener\">csak arr\u00f3l van sz\u00f3, hogy nem fejti ki teljesen a t\u00e9m\u00e1t.<\/a> vagy r\u00f6vid, szaggatott mondatokba ragad.<\/p>\n\n\n\n<p>Ma megmutatom, hogyan n\u00f6velheted az essz\u00e9d sz\u00f3sz\u00e1m\u00e1t egyszer\u0171, praktikus tippekkel, amelyek egyben a k\u00f6vetkez\u0151k is <a href=\"https:\/\/undetectable.ai\/blog\/best-ai-essay-writer\/\" target=\"_blank\" rel=\"noreferrer noopener\">az \u00edr\u00e1s min\u0151s\u00e9g\u00e9nek jav\u00edt\u00e1sa<\/a>.<\/p>\n\n\n\n<h2 class=\"wp-block-heading\">Mi az a Word Count?<\/h2>\n\n\n\n<p>Legegyszer\u0171bben a sz\u00f3sz\u00e1m a dokumentumban, essz\u00e9ben, cikkben vagy b\u00e1rmilyen \u00edrott m\u0171ben tal\u00e1lhat\u00f3 szavak sz\u00e1ma. <\/p>\n\n\n\n<p>Ez az \u00edr\u00e1sod m\u00e9rc\u00e9je, amely seg\u00edt neked \u00e9s az olvas\u00f3idnak felm\u00e9rni a munk\u00e1d terjedelm\u00e9t.<\/p>\n\n\n\n<p>A sz\u00f3cikkek sz\u00e1mol\u00e1s\u00e1nak l\u00e9nyege, hogy meghat\u00e1rozzuk, mennyire r\u00e9szletes vagy \u00f6sszetett legyen a c\u00e9l.&nbsp;<\/p>\n\n\n\n<p>B\u00e1rmely t\u00e9m\u00e1r\u00f3l \u00edrhat egy gyors \u00f6sszefoglal\u00f3t n\u00e9h\u00e1ny sz\u00e1z sz\u00f3val, vagy t\u00f6bb ezer sz\u00f3val minden egyes szempontot \u00e9s \u00e1rnyalatot megvizsg\u00e1lhat. <\/p>\n\n\n\n<p>A sz\u00f3sz\u00e1mok meghat\u00e1rozz\u00e1k az \u00edr\u00e1sod m\u00e9lys\u00e9g\u00e9re vonatkoz\u00f3 elv\u00e1r\u00e1sokat.<\/p>\n\n\n\n<p>P\u00e9ld\u00e1ul, ha a feladat az, hogy \u00edrjon egy 500 sz\u00f3 hossz\u00fa dolgozatot a szimbolizmusr\u00f3l a <em>To Kill a Mockingbird<\/em>, csak egy szimb\u00f3lumra fogsz \u00f6sszpontos\u00edtani, mint p\u00e9ld\u00e1ul maga a g\u00fanyol\u00f3d\u00f3 mad\u00e1r, \u00e9s elemzed, hogyan haszn\u00e1lj\u00e1k.&nbsp;<\/p>\n\n\n\n<p>De ha egy 20 000 szavas dolgozatot kell \u00edrnia, az m\u00e1r egy teljesen m\u00e1s t\u00e9szta. <\/p>\n\n\n\n<p>Val\u00f3sz\u00edn\u0171leg t\u00f6bb szimb\u00f3lumot is felfedezn\u00e9l a reg\u00e9nyben, \u00e9s r\u00e9szletesen elmagyar\u00e1zn\u00e1d a jelent\u00e9s\u00fcket.<\/p>\n\n\n\n<p>Sz\u00f3sz\u00e1m vagy oldalsz\u00e1m n\u00e9lk\u00fcl mindk\u00e9t feladat pontosan ugyan\u00fagy hangzik: \"\u00cdrj a szimbolizmusr\u00f3l a k\u00f6vetkez\u0151 sz\u00f6vegben <em>Meg\u00f6lni egy feketerig\u00f3t.<\/em>\" <\/p>\n\n\n\n<p>De mindkett\u0151 k\u00e9szterm\u00e9kei a sz\u00f3sz\u00e1mbeli k\u00fcl\u00f6nbs\u00e9gek alapj\u00e1n nagyon elt\u00e9r\u0151ek.<\/p>\n\n\n\n<h2 class=\"wp-block-heading\">Az alacsony sz\u00f3sz\u00e1m gyakori okai<\/h2>\n\n\n\n<p>Az alacsony sz\u00f3sz\u00e1m gyakran t\u00f6bb, mint \"kevesebbet \u00edrni\". <\/p>\n\n\n\n<p>\u00cdme n\u00e9h\u00e1ny gyakori ok, ami cs\u00f6kkenti a sz\u00f3cikkek sz\u00e1m\u00e1t.&nbsp;<\/p>\n\n\n\n<p>\u00c9rtse meg \u00e9s azonos\u00edtsa, hogy mivel k\u00fczd, miel\u0151tt megtanuln\u00e1, hogyan n\u00f6velheti a sz\u00f3sz\u00e1mot:&nbsp;<\/p>\n\n\n\n<ul class=\"wp-block-list\">\n<li><strong>T\u00f6bb mes\u00e9l\u00e9s, kevesebb megmutat\u00e1s:<\/strong> Az \u00edr\u00f3k \u00e1ltal\u00e1ban a cselekv\u00e9sek \u00e9s \u00e9rzelmek \u00f6sszefoglal\u00e1s\u00e1t v\u00e1lasztj\u00e1k ahelyett, hogy az olvas\u00f3t bel\u00e9j\u00fck vonn\u00e1k. P\u00e9ld\u00e1ul azt mondj\u00e1k, hogy <em>\"D\u00fch\u00f6s volt,\"<\/em> jobban le\u00edrhat\u00f3 \u00f6k\u00f6lbe szor\u00edtott kez\u00e9vel, \u00f6sszesz\u0171k\u00fclt szem\u00e9vel, vagy azzal, ahogyan a hangja recsegett a fesz\u00fclts\u00e9gt\u0151l.&nbsp;<\/li>\n<\/ul>\n\n\n\n<p><\/p>\n\n\n\n<ul class=\"wp-block-list\">\n<li><strong>Gyenge jelenet\u00e9p\u00edt\u00e9s \u00e9s gy\u00e9r le\u00edr\u00e1sok:<\/strong> A k\u00f6rnyezet \u00e9s a helysz\u00ednek le\u00edr\u00e1s\u00e1t az \u00edr\u00f3k k\u00f6nnyen elfelejtik. A k\u00f6rnyezet, amelyben k\u00e9t ember besz\u00e9lget, legal\u00e1bb olyan fontos, mint a besz\u00e9lget\u00e9s\u00fck.&nbsp;<\/li>\n<\/ul>\n\n\n\n<p><\/p>\n\n\n\n<ul class=\"wp-block-list\">\n<li><strong>Nem el\u00e9g \u00e9rz\u00e9kszervi r\u00e9szlet:<\/strong> Ha a jelenetek nem tartalmaznak l\u00e1tv\u00e1nyt, hangokat, illatokat vagy text\u00far\u00e1kat, akkor t\u00fal r\u00f6videk \u00e9s unalmasak lesznek. \u00cdr\u00e1s, mint p\u00e9ld\u00e1ul, <em>\"Az erd\u0151 csendes volt,\"<\/em> elmulasztja a lehet\u0151s\u00e9get, hogy kiterjessze a zizeg\u0151 levelek \u00e9s nyikorg\u00f3 \u00e1gak vagy a moha nyirkos illat\u00e1t.&nbsp;<\/li>\n<\/ul>\n\n\n\n<p><\/p>\n\n\n\n<ul class=\"wp-block-list\">\n<li><strong>A bels\u0151s\u00e9gess\u00e9g hi\u00e1nya:<\/strong> A bens\u0151s\u00e9gess\u00e9g hi\u00e1nya, amikor a karakter gondolatai \u00e9s \u00e9rzelmei felt\u00e1ratlanok maradnak, a m\u00e1sik f\u0151 oka az alacsony sz\u00f3mennyis\u00e9gnek. Ahelyett, hogy az olvas\u00f3knak hozz\u00e1f\u00e9r\u00e9st biztos\u00edtan\u00e1nak ahhoz, hogy mit \u00e9rez vagy gondol egy karakter, az \u00edr\u00f3k gyakran megmaradnak a k\u00fcls\u0151 cselekedetekn\u00e9l.&nbsp;<\/li>\n<\/ul>\n\n\n\n<h2 class=\"wp-block-heading\">8 hat\u00e9kony m\u00f3dszer a sz\u00f3sz\u00e1m n\u00f6vel\u00e9s\u00e9re<\/h2>\n\n\n<div class=\"wp-block-image\">\n<figure class=\"aligncenter size-full\"><img loading=\"lazy\" decoding=\"async\" width=\"626\" height=\"440\" src=\"https:\/\/undetectable.ai/blog\/wp-content\/uploads\/2025\/01\/word-count-writing.jpg\" alt=\"\" class=\"wp-image-5814\" title=\"\" srcset=\"https:\/\/undetectable.ai/blog\/wp-content\/uploads\/2025\/01\/word-count-writing.jpg 626w, https:\/\/undetectable.ai/blog\/wp-content\/uploads\/2025\/01\/word-count-writing-300x211.jpg 300w, https:\/\/undetectable.ai/blog\/wp-content\/uploads\/2025\/01\/word-count-writing-18x12.jpg 18w\" sizes=\"auto, (max-width: 626px) 100vw, 626px\" \/><\/figure><\/div>\n\n\n<p>Most, hogy ismerj\u00fck a leggyakoribb hib\u00e1kat, amelyek alacsony sz\u00f3cikksz\u00e1mhoz vezetnek, \u00edme n\u00e9h\u00e1ny gyakorlati tipp, amelyek elmagyar\u00e1zz\u00e1k, hogyan n\u00f6velheti a sz\u00f3cikksz\u00e1mot, \u00e9s hogyan teheti hosszabb\u00e1 essz\u00e9j\u00e9t.&nbsp;<\/p>\n\n\n\n<h3 class=\"wp-block-heading\">1. Tov\u00e1bbi p\u00e9ld\u00e1k \u00e9s al\u00e1t\u00e1maszt\u00f3 bizony\u00edt\u00e9kok hozz\u00e1ad\u00e1sa<\/h3>\n\n\n\n<p>Ha egy pillanatot sz\u00e1nsz a m\u00e1sik oldal bemutat\u00e1s\u00e1ra, majd er\u0151s \u00e9rvel\u00e9ssel lebontod azt, nem csak a sz\u00f3cikkek sz\u00e1m\u00e1t n\u00f6veled, hanem az \u00edr\u00e1sodat is meggy\u0151z\u0151bb\u00e9 teszed.<\/p>\n\n\n\n<p>P\u00e9ld\u00e1ul, ha azzal \u00e9rvelsz, hogy egy adott politika mi\u00e9rt el\u0151ny\u00f6s, <a href=\"https:\/\/undetectable.ai\/blog\/how-many-paragraphs-500-words\/\" target=\"_blank\" rel=\"noopener\">tartalmaz egy <\/a><a href=\"https:\/\/undetectable.ai\/blog\/how-many-paragraphs-500-words\/\" target=\"_blank\" rel=\"noreferrer noopener\">bekezd\u00e9s<\/a> arr\u00f3l, hogy a kritikusok mi\u00e9rt nem \u00e9rtenek egyet, \u00e9s magyar\u00e1zza meg, hogy az \u00e9rvel\u00e9s\u00fck mi\u00e9rt nem a legjobb az \u00d6n v\u00e9lem\u00e9nye szerint. <\/p>\n\n\n\n<p>Az ilyen megk\u00f6zel\u00edt\u00e9s elm\u00e9ly\u00edti az \u00e9rvel\u00e9s\u00e9t.&nbsp;<\/p>\n\n\n\n<p>Az \u00edr\u00e1sodon bel\u00fcl minden egyes r\u00e9sz\u00e9rvet er\u0151s\u00edts meg konkr\u00e9t bizony\u00edt\u00e9kokkal. <\/p>\n\n\n\n<p>Ha az essz\u00e9je t\u00f6bb pontb\u00f3l \u00e1ll, gy\u0151z\u0151dj\u00f6n meg r\u00f3la, hogy minden egyes pontot kutat\u00e1ssal, statisztik\u00e1kkal, val\u00f3s esettanulm\u00e1nyokkal vagy r\u00e9szletes p\u00e9ld\u00e1kkal t\u00e1maszt al\u00e1.&nbsp;<\/p>\n\n\n\n<p>Inspir\u00e1ci\u00f3k\u00e9nt haszn\u00e1lhat egy <a href=\"https:\/\/undetectable.ai\/ai-essay-writer\" target=\"_blank\" rel=\"noreferrer noopener\">AI essz\u00e9\u00edr\u00f3<\/a> hogy tov\u00e1bbi p\u00e9ld\u00e1kat vagy \u00f6tleteket gy\u0171jts\u00f6n, amelyekre m\u00e9g nem gondolt. <\/p>\n\n\n\n<p>T\u00f6bb p\u00e9lda \u00e9s t\u00f6bb bizony\u00edt\u00e9k gazdagabb \u00e9rvel\u00e9st eredm\u00e9nyez (\u00e9s t\u00f6bb sz\u00f3t az oldalon).<\/p>\n\n\n\n<h3 class=\"wp-block-heading\">2. Komplex \u00f6tletek lebont\u00e1sa<\/h3>\n\n\n\n<p>Bontja az \u00f6sszetett gondolatokat kisebb, k\u00f6nnyebben kezelhet\u0151 r\u00e9szekre, hogy n\u00f6velje a sz\u00f3cikkek sz\u00e1m\u00e1t.&nbsp;<\/p>\n\n\n\n<p>Ez lehet\u0151v\u00e9 teszi, hogy r\u00e9szletesebben elmagyar\u00e1zza a fogalmakat, \u00e9s elker\u00fclje az anyag t\u00falzott leegyszer\u0171s\u00edt\u00e9s\u00e9t. <\/p>\n\n\n\n<p>Ahelyett, hogy csak egy nagy vonalakban megfogalmazott \u00e1ll\u00edt\u00e1st adna el\u0151, ink\u00e1bb sz\u00e1njon id\u0151t a t\u00e9ma boncolgat\u00e1s\u00e1ra.<\/p>\n\n\n\n<p>Fejtse ki az essz\u00e9j\u00e9ben le\u00edrt folyamatokat vagy rendszereket.&nbsp;<\/p>\n\n\n\n<p>Ha a dolgozat\u00e1ban azt \u00edrja, hogy \"A felh\u0151alap\u00fa sz\u00e1m\u00edt\u00e1stechnika t\u00e1volr\u00f3l t\u00e1rolja az adatokat\", n\u00e9h\u00e1ny mondatban magyar\u00e1zza el, hogyan is m\u0171k\u00f6dik ez val\u00f3j\u00e1ban.&nbsp;<\/p>\n\n\n\n<p>Sz\u00e1njon n\u00e9h\u00e1ny bekezd\u00e9st a kulissz\u00e1k m\u00f6g\u00f6tti dolgok ismertet\u00e9s\u00e9re, mint p\u00e9ld\u00e1ul:<\/p>\n\n\n\n<ul class=\"wp-block-list\">\n<li>Az adat\u00e1tvitel m\u00f3dja<\/li>\n\n\n\n<li>Hogyan v\u00e9dik a biztons\u00e1gi protokollok<\/li>\n\n\n\n<li>Hogyan f\u00e9rnek hozz\u00e1 a felhaszn\u00e1l\u00f3k a k\u00fcl\u00f6nb\u00f6z\u0151 eszk\u00f6z\u00f6k\u00f6n kereszt\u00fcl, \u00e9s \u00edgy tov\u00e1bb.<\/li>\n<\/ul>\n\n\n\n<p>Ism\u00e9t gondolja \u00e1t, hogyan tudna t\u00f6bbf\u00e9le n\u00e9z\u0151pontot bemutatni egy t\u00e9m\u00e1ban.&nbsp;<\/p>\n\n\n\n<p>P\u00e9ld\u00e1ul egy m\u0171szaki t\u00e1rgyal\u00e1s sor\u00e1n \u00edrja le, hogyan haszn\u00e1lnak egy adott technol\u00f3gi\u00e1t egy ipar\u00e1gban, majd \u00e1ll\u00edtsa szembe ezt egy m\u00e1sik ipar\u00e1gban val\u00f3 alkalmaz\u00e1s\u00e1val.<\/p>\n\n\n<div class=\"wp-block-image\">\n<figure class=\"aligncenter size-large\"><img loading=\"lazy\" decoding=\"async\" width=\"1024\" height=\"446\" src=\"https:\/\/undetectable.ai/blog\/wp-content\/uploads\/2025\/12\/AI-Sentence-Rewriter-1024x446.jpg\" alt=\"AI Sentence Rewriter k\u00e9perny\u0151k\u00e9p\" class=\"wp-image-19129\" title=\"\" srcset=\"https:\/\/undetectable.ai/blog\/wp-content\/uploads\/2025\/12\/AI-Sentence-Rewriter-1024x446.jpg 1024w, https:\/\/undetectable.ai/blog\/wp-content\/uploads\/2025\/12\/AI-Sentence-Rewriter-300x131.jpg 300w, https:\/\/undetectable.ai/blog\/wp-content\/uploads\/2025\/12\/AI-Sentence-Rewriter-768x335.jpg 768w, https:\/\/undetectable.ai/blog\/wp-content\/uploads\/2025\/12\/AI-Sentence-Rewriter-18x8.jpg 18w, https:\/\/undetectable.ai/blog\/wp-content\/uploads\/2025\/12\/AI-Sentence-Rewriter.jpg 1202w\" sizes=\"auto, (max-width: 1024px) 100vw, 1024px\" \/><\/figure><\/div>\n\n\n<p>Amikor az \u00e9rvei sov\u00e1nynak \u00e9rzik magukat, a mi kimutathatatlan AI-nk <a href=\"https:\/\/undetectable.ai\/sentence-rewriter\" target=\"_blank\" rel=\"noreferrer noopener\">Mondat \u00e1t\u00edr\u00f3<\/a> h\u00eddk\u00e9nt szolg\u00e1l az egyszer\u0171 \u00e1ll\u00edt\u00e1s \u00e9s a m\u00e9lyrehat\u00f3 elemz\u00e9s k\u00f6z\u00f6tt.<\/p>\n\n\n\n<p>Ha forr\u00e1sainkat felhaszn\u00e1lja az egyes pontok kifejt\u00e9s\u00e9re, akkor az alapgondolatokat sokkal \u00e1tfog\u00f3bb elbesz\u00e9l\u00e9ss\u00e9 fonhatja \u00f6ssze, ami hat\u00e9konyan n\u00f6veli a sz\u00f3cikkek sz\u00e1m\u00e1t, mik\u00f6zben meg\u0151rzi azt az alapvet\u0151, emberk\u00f6zeli \u00e1raml\u00e1st, amelyet az akad\u00e9miai olvas\u00f3k keresnek.<\/p>\n\n\n\n<h3 class=\"wp-block-heading\">3. Defin\u00edci\u00f3k vagy magyar\u00e1zatok hozz\u00e1ad\u00e1sa<\/h3>\n\n\n\n<p>Egy egyszer\u0171 <a href=\"https:\/\/undetectable.ai\/blog\/how-to-make-an-essay-longer\/\" target=\"_blank\" rel=\"noreferrer noopener\">hogyan lehet az essz\u00e9 hosszabb<\/a> az, hogy vil\u00e1gos defin\u00edci\u00f3kkal \u00e9s magyar\u00e1zatokkal b\u0151v\u00edti a tartalm\u00e1t. <\/p>\n\n\n\n<p>A magyar\u00e1zatnak kett\u0151s el\u0151nye van:&nbsp;<\/p>\n\n\n\n<ul class=\"wp-block-list\">\n<li>Ez m\u00e9lyebb\u00e9 teszi az \u00edr\u00e1st<\/li>\n\n\n\n<li>Seg\u00edt az olvas\u00f3knak jobban meg\u00e9rteni a t\u00e9m\u00e1t<\/li>\n<\/ul>\n\n\n\n<p>Tegy\u00fck fel, hogy p\u00e9ld\u00e1ul a meg\u00fajul\u00f3 energi\u00e1r\u00f3l \u00edrsz. <\/p>\n\n\n\n<p>Ahelyett, hogy egyszer\u0171en kijelenten\u00e9nk:<\/p>\n\n\n\n<p><em>\"A napelemek a napf\u00e9nyt elektromos \u00e1ramm\u00e1 alak\u00edtj\u00e1k.\"<\/em><\/p>\n\n\n\n<p>Kifejthetn\u00e9 a magyar\u00e1zatot:<\/p>\n\n\n\n<p><em>\"A napelemek, m\u00e1s n\u00e9ven fotovoltaikus (PV) cell\u00e1k a napf\u00e9nyt f\u00e9lvezet\u0151 anyagok seg\u00edts\u00e9g\u00e9vel alak\u00edtj\u00e1k \u00e1t elektromos \u00e1ramm\u00e1. Amikor a napf\u00e9ny el\u00e9ri ezeket a cell\u00e1kat, elektromos mez\u0151t hoz l\u00e9tre, amely energia\u00e1raml\u00e1st gener\u00e1l.\"<\/em><\/p>\n\n\n\n<p>Figyelj\u00fck meg, hogy ez a v\u00e1ltozat t\u00f6bb r\u00e9szletet tartalmaz. <\/p>\n\n\n\n<p>Bevezet egy szakkifejez\u00e9st, r\u00f6viden elmagyar\u00e1zza, \u00e9s term\u00e9szetesen n\u00f6veli a sz\u00f3cikkek sz\u00e1m\u00e1t.<\/p>\n\n\n\n<h3 class=\"wp-block-heading\">4. Id\u00e9zetek vagy szak\u00e9rt\u0151i v\u00e9lem\u00e9nyek csatol\u00e1sa<\/h3>\n\n\n\n<p>Keressen n\u00e9h\u00e1ny id\u00e9zetet, amely relev\u00e1ns a mondanival\u00f3j\u00e1hoz.&nbsp;<\/p>\n\n\n\n<p>P\u00e9ld\u00e1ul, ha a t\u00e9ma a vezet\u00e9s, Simon Sinek id\u00e9zet\u00e9t haszn\u00e1lva,&nbsp;<\/p>\n\n\n\n<p><em>\"A vezet\u00e9s nem arr\u00f3l sz\u00f3l, hogy valaki a f\u0151n\u00f6k. Hanem arr\u00f3l, hogy gondoskodsz azokr\u00f3l, akiket ir\u00e1ny\u00edtasz.\"<\/em>&nbsp;<\/p>\n\n\n\n<p>s\u00falyt ad az \u00e9rvel\u00e9sednek.&nbsp;<\/p>\n\n\n\n<p>Egy m\u00e1sik praktikus tipp, hogy az id\u00e9zetnek adjon kontextust. <\/p>\n\n\n\n<p>Ahelyett, hogy elszigetelten hagyja ki, vegye be az el\u0151tte vagy ut\u00e1na l\u00e9v\u0151 mondatot a forr\u00e1sb\u00f3l, ha az hasznos h\u00e1tt\u00e9rrel szolg\u00e1l.&nbsp;<\/p>\n\n\n\n<p>Ha p\u00e9ld\u00e1ul egy besz\u00e9dre vagy tanulm\u00e1nyra hivatkozik, akkor annak c\u00e9lj\u00e1nak vagy jelent\u0151s\u00e9g\u00e9nek le\u00edr\u00e1sa teljesebb k\u00e9pet ad az olvas\u00f3knak.<\/p>\n\n\n\n<p>Ugyanezt megteheti a szak\u00e9rt\u0151i v\u00e9lem\u00e9nyek eset\u00e9ben is. <\/p>\n\n\n\n<p>Keressen meg n\u00e9h\u00e1ny ipar\u00e1gi vezet\u0151t, \u00e9s n\u00e9zze meg, mi a v\u00e9lem\u00e9ny\u00fck a t\u00e9m\u00e1val kapcsolatban.<\/p>\n\n\n\n<p>Magyar\u00e1zza meg az \u00e9rvel\u00e9s\u00fcket, \u00e9s k\u00f6nnyen hozz\u00e1adhatott volna m\u00e9g p\u00e1r sz\u00e1z sz\u00f3t.<\/p>\n\n\n\n<h3 class=\"wp-block-heading\">5. Fejtse ki a \"hogyan\" \u00e9s \"mi\u00e9rt\" k\u00e9rd\u00e9seket<\/h3>\n\n\n\n<p>Szinte minden \u00e1ll\u00edt\u00e1s vagy t\u00e9ny, amit le\u00edrsz, lehet\u0151s\u00e9get ad az ok-okozati \u00f6sszef\u00fcgg\u00e9sek felt\u00e1r\u00e1s\u00e1ra. A \"Hogyan\" \u00e9s \"Mi\u00e9rt\" k\u00e9rd\u00e9sek arra k\u00e9sztetnek, hogy t\u00fall\u00e9pj a felsz\u00edni \u00e1ll\u00edt\u00e1sokon.&nbsp;<\/p>\n\n\n\n<p>P\u00e9ld\u00e1ul, ha azt \u00edrja, <em>\"A j\u00f3 kommunik\u00e1ci\u00f3 jav\u00edtja a csapat termel\u00e9kenys\u00e9g\u00e9t\"<\/em> gondolkodjon el azon, hogy a kommunik\u00e1ci\u00f3 hogyan n\u00f6veli a termel\u00e9kenys\u00e9get, \u00e9s mi\u00e9rt van r\u00e1 sz\u00fcks\u00e9g a csapatk\u00f6rnyezetben.&nbsp;<\/p>\n\n\n\n<p>Besz\u00e9ljen arr\u00f3l, hogy az egy\u00e9rtelm\u0171 utas\u00edt\u00e1sok hogyan cs\u00f6kkentik a hib\u00e1k sz\u00e1m\u00e1t, vagy hogy a ny\u00edlt kommunik\u00e1ci\u00f3 mi\u00e9rt akad\u00e1lyozza meg a f\u00e9lre\u00e9rt\u00e9seket, val\u00f3s bizony\u00edt\u00e9kokat felhaszn\u00e1lva.&nbsp;<\/p>\n\n\n\n<p>Ez a technika arra k\u00e9nyszer\u00edti \u00d6nt, hogy tiszt\u00e1zza \u00e9rvel\u00e9s\u00e9t, \u00e9s kit\u00f6ltse a magyar\u00e1zat\u00e1ban l\u00e9v\u0151 hi\u00e1nyoss\u00e1gokat. <\/p>\n\n\n\n<p>Minden <em>mi\u00e9rt<\/em> a kijelent\u00e9sed m\u00f6g\u00f6tti ind\u00edt\u00e9kokat vagy okokat kutatja, m\u00edg minden <em>hogyan<\/em> b\u0151vebben kifejti a folyamatot vagy a m\u00f3dszereket.<\/p>\n\n\n\n<h3 class=\"wp-block-heading\">6. \u00c1tmeneti mondatok hozz\u00e1ad\u00e1sa<\/h3>\n\n\n\n<p>Az \u00e1tmeneti mondatok \u00f6sszetartj\u00e1k az \u00edr\u00e1st, \u00e9s z\u00f6kken\u0151mentesen vezetnek \u00e1t egyik gondolatt\u00f3l a m\u00e1sikig.&nbsp;<\/p>\n\n\n\n<p>Gy\u0151z\u0151dj\u00f6n meg r\u00f3la, hogy minden bekezd\u00e9s egy olyan t\u00e9mamondattal kezd\u0151dik, amely egy\u00e9rtelm\u0171en bemutatja a f\u0151 gondolatot.&nbsp;<\/p>\n\n\n\n<p>Ha ezt meg\u00e1llap\u00edtotta, fejezze be a bekezd\u00e9st egy \u00e1tmeneti mondattal, amely visszavezeti az \u00e9rvel\u00e9s\u00e9hez, \u00e9s el\u0151k\u00e9sz\u00edti a k\u00f6vetkez\u0151 gondolatot.&nbsp;<\/p>\n\n\n\n<p>Ha nehezen tud \u00f6sszef\u00fcgg\u0151 \u00e1tmeneteket \u00edrni, haszn\u00e1lja az AI Stealth Writer programot, hogy term\u00e9szetes megfogalmaz\u00e1sokat hozzon l\u00e9tre gondolatai \u00f6sszekapcsol\u00e1s\u00e1ra.<\/p>\n\n\n\n<h3 class=\"wp-block-heading\">7. B\u0151v\u00edtse a bevezet\u00e9st \u00e9s a k\u00f6vetkeztet\u00e9st<\/h3>\n\n\n\n<p>Mind a bevezet\u0151, mind a k\u00f6vetkeztet\u00e9s szakaszok teret adnak arra, hogy elbesz\u00e9l\u0151 vagy elm\u00e9lked\u0151 jelleg\u0171ek legyenek, an\u00e9lk\u00fcl, hogy neh\u00e9z technikai bizony\u00edt\u00e9kokat k\u00f6veteln\u00e9nek meg.<\/p>\n\n\n\n<p>Haszn\u00e1lja ki ezt a rugalmass\u00e1got az olvas\u00f3k bevon\u00e1s\u00e1ra, \u00e9s adjon hozz\u00e1 \u00e9rt\u00e9kes szavakat, amelyek ink\u00e1bb jav\u00edtj\u00e1k, mintsem felduzzasztj\u00e1k az essz\u00e9t.<\/p>\n\n\n\n<p>A bevezet\u00e9snek vil\u00e1gosan be kell mutatnia a t\u00e9zist, amely a dolgozat f\u0151 pontja. <\/p>\n\n\n\n<p>B\u0151v\u00edtse ezt a r\u00e9szt kontextus vagy h\u00e1tt\u00e9rinform\u00e1ci\u00f3k hozz\u00e1ad\u00e1s\u00e1val, hogy megteremtse az \u00e9rvel\u00e9s sz\u00ednter\u00e9t.&nbsp;<\/p>\n\n\n\n<p>Az olvas\u00f3 figyelm\u00e9nek felkelt\u00e9se \u00e9rdek\u00e9ben egy szem\u00e9lyes anekdot\u00e1t, egy meglep\u0151 t\u00e9nyt, n\u00e9h\u00e1ny statisztikai adatot vagy egy id\u00e9zetet is beilleszthet.&nbsp;<\/p>\n\n\n\n<p>A konkl\u00fazi\u00f3ban ne csak a t\u00e9zist fogalmazza \u00fajra. Eml\u00e9keztesse az olvas\u00f3t arra, hogy mi\u00e9rt fontos az essz\u00e9 t\u00e9m\u00e1ja, \u00e9s kapcsolja azt \u00f6ssze a t\u00e1gabb \u00f6sszef\u00fcgg\u00e9sekkel.&nbsp;<\/p>\n\n\n\n<p>Ism\u00e9telje meg a legfontosabb pontokat, \u00e9s a vita lez\u00e1r\u00e1sak\u00e9nt tegyen egy \u00e1tgondolt gondolatot vagy el\u0151remutat\u00f3 kijelent\u00e9st.&nbsp;<\/p>\n\n\n\n<h3 class=\"wp-block-heading\">8. Haszn\u00e1ljon le\u00edr\u00f3 nyelvet<\/h3>\n\n\n\n<p>A nyelvezeted hangv\u00e9tele d\u00f6nt\u0151 szerepet j\u00e1tszik abban, hogy mennyire lesz r\u00e9szletes az \u00edr\u00e1sod.&nbsp;<\/p>\n\n\n\n<p>A munka fel\u00fclvizsg\u00e1lata sor\u00e1n igaz\u00edtsa a hangnemet, hogy kib\u0151v\u00edtse az \u00f6tleteket. <\/p>\n\n\n\n<p>A sz\u00e1raz vagy monoton \u00edr\u00e1s, amellett, hogy unalmas olvasni, gyakran vezet t\u00fal r\u00f6vid tartalomhoz.<\/p>\n\n\n\n<p>P\u00e9ld\u00e1ul ahelyett, hogy azt \u00edrn\u00e1nk:<\/p>\n\n\n\n<p><br><em>\"A madarak v\u00e1ndorolnak. A v\u00e1ndorl\u00e1s t\u00e9len t\u00f6rt\u00e9nik.\"<\/em><\/p>\n\n\n\n<p>Mondhatn\u00e1nk:<\/p>\n\n\n\n<p><br><em>\"Sok mad\u00e1rfaj, p\u00e9ld\u00e1ul a ludak \u00e9s a hatty\u00fak t\u00f6bb ezer kilom\u00e9tert v\u00e1ndorolnak t\u00e9len, hogy melegebb \u00e9ghajlatot \u00e9s b\u0151s\u00e9ges t\u00e1pl\u00e1l\u00e9kforr\u00e1sokat tal\u00e1ljanak.\"<\/em><\/p>\n\n\n\n<p>N\u00e9zze meg, hogy a m\u00e1sodik v\u00e1ltozat hogyan eg\u00e9sz\u00edti ki a le\u00edr\u00f3 nyelvezetet, \u00e9s hogyan vezet be t\u00f6bb r\u00e9szletet. <\/p>\n\n\n\n<p>T\u00f6bb sz\u00f3t is haszn\u00e1l an\u00e9lk\u00fcl, hogy feleslegesnek vagy t\u00f6ltel\u00e9knek \u00e9rezn\u00e9.<\/p>\n\n\n\n<p>Kiv\u00e1l\u00f3 m\u00f3dszer a le\u00edr\u00e1sok hozz\u00e1ad\u00e1s\u00e1ra, ha az 5 \u00e9rz\u00e9kszervre gondolunk.&nbsp;<\/p>\n\n\n\n<p>Ahelyett, hogy azt mondan\u00e1d, <em>\"A kert gy\u00f6ny\u00f6r\u0171 volt,\"<\/em> le tudja \u00edrni a k\u00f6rnyezet sz\u00edneit, illatait \u00e9s hangjait.&nbsp;<\/p>\n\n\n\n<p>P\u00e9ld\u00e1ul, <em>\"A kertben a piros \u00e9s s\u00e1rga \u00e1rnyalat\u00fa, \u00e9l\u00e9nk tulip\u00e1nok pomp\u00e1ztak, amelyek a j\u00e1zmin \u00e9des illat\u00e1val \u00e9s a levelek l\u00e1gy zizeg\u00e9s\u00e9vel t\u00f6lt\u00f6tt\u00e9k meg a leveg\u0151t.\"<\/em><\/p>\n\n\n\n<p>A Parafraz\u00e1l\u00f3 eszk\u00f6z seg\u00edthet finom\u00edtani \u00e9s b\u0151v\u00edteni a mondatait \u00e9rz\u00e9kletes r\u00e9szletekkel an\u00e9lk\u00fcl, hogy pelyhes\u00edten\u00e9 azokat.&nbsp;<\/p>\n\n\n\n<h2 class=\"wp-block-heading\">Eszk\u00f6z\u00f6k a sz\u00f3sz\u00e1m n\u00f6vel\u00e9s\u00e9hez<\/h2>\n\n\n\n<p>B\u00e1r a fenti tippek el\u00e9g j\u00f3l megv\u00e1laszolj\u00e1k a k\u00e9rd\u00e9st, hogyan n\u00f6velhetj\u00fck a sz\u00f3cikkek sz\u00e1m\u00e1t, a mesters\u00e9ges intelligencia eszk\u00f6zei sokkal k\u00f6nnyebb\u00e9 teszik a munk\u00e1t. \u00cdme n\u00e9h\u00e1ny eszk\u00f6z, amit mindenk\u00e9ppen ki kell pr\u00f3b\u00e1lnod:&nbsp;<\/p>\n\n\n\n<ol class=\"wp-block-list\">\n<li><a href=\"https:\/\/undetectable.ai\/ai-essay-writer\" target=\"_blank\" rel=\"noreferrer noopener\"><strong>AI essz\u00e9\u00edr\u00f3<\/strong><\/a>: Ha azon t\u00f6prengsz, hogyan lehetne hosszabb\u00e1 tenni az essz\u00e9det, haszn\u00e1ld ezt az eszk\u00f6zt, hogy kib\u0151v\u00edtsd a m\u00e1r meg\u00edrtakat a hangnem \u00e9s st\u00edlus szerint. Az essz\u00e9t\u00edpus (le\u00edr\u00f3, elbesz\u00e9l\u0151, meggy\u0151z\u0151 stb.), a tanulm\u00e1nyi szint (k\u00f6z\u00e9piskola, egyetem, doktori c\u00edm) \u00e9s az essz\u00e9 hossza meghat\u00e1roz\u00e1s\u00e1val testre szabhatod a k\u00e9r\u00e9sedet.&nbsp;<\/li>\n<\/ol>\n\n\n\n<figure class=\"wp-block-image size-large\"><img loading=\"lazy\" decoding=\"async\" width=\"1024\" height=\"577\" src=\"https:\/\/undetectable.ai/blog\/wp-content\/uploads\/2025\/01\/How-to-Write-an-Introduction-for-an-Essay-1024x577.jpg\" alt=\"Hogyan \u00edrjunk bevezet\u00e9st egy essz\u00e9hez\" class=\"wp-image-5605\" title=\"\" srcset=\"https:\/\/undetectable.ai/blog\/wp-content\/uploads\/2025\/01\/How-to-Write-an-Introduction-for-an-Essay-1024x577.jpg 1024w, https:\/\/undetectable.ai/blog\/wp-content\/uploads\/2025\/01\/How-to-Write-an-Introduction-for-an-Essay-300x169.jpg 300w, https:\/\/undetectable.ai/blog\/wp-content\/uploads\/2025\/01\/How-to-Write-an-Introduction-for-an-Essay-768x433.jpg 768w, https:\/\/undetectable.ai/blog\/wp-content\/uploads\/2025\/01\/How-to-Write-an-Introduction-for-an-Essay-1536x865.jpg 1536w, https:\/\/undetectable.ai/blog\/wp-content\/uploads\/2025\/01\/How-to-Write-an-Introduction-for-an-Essay-18x10.jpg 18w, https:\/\/undetectable.ai/blog\/wp-content\/uploads\/2025\/01\/How-to-Write-an-Introduction-for-an-Essay.jpg 1640w\" sizes=\"auto, (max-width: 1024px) 100vw, 1024px\" \/><\/figure>\n\n\n\n<ol start=\"2\" class=\"wp-block-list\">\n<li><strong><a href=\"https:\/\/undetectable.ai\/paraphrasing-tool\" target=\"_blank\" data-type=\"link\" data-id=\"https:\/\/undetectable.ai\/paraphrasing-tool\" rel=\"noreferrer noopener\">Parafraz\u00e1l\u00f3 eszk\u00f6z<\/a><\/strong>: Ez az eszk\u00f6z a megl\u00e9v\u0151 tartalm\u00e1t egy \u00e1tfog\u00f3bb verzi\u00f3v\u00e1 alak\u00edtja \u00e1t. Tov\u00e1bbi p\u00e9ld\u00e1kkal, ellen\u00e9rvekkel, \u00faj n\u00e9z\u0151pontokkal \u00e9s egyebekkel m\u00e9ly\u00edti el az essz\u00e9j\u00e9t. Az olvashat\u00f3s\u00e1g, a c\u00e9l \u00e9s a hangnem is az \u00d6n ig\u00e9nyei szerint alak\u00edthat\u00f3.&nbsp;<\/li>\n<\/ol>\n\n\n\n<figure class=\"wp-block-image size-large\"><img loading=\"lazy\" decoding=\"async\" width=\"1024\" height=\"369\" src=\"https:\/\/undetectable.ai/blog\/wp-content\/uploads\/2025\/04\/AI-paraphrasing-tool-1-1024x369.jpg\" alt=\"Pillanatk\u00e9p az Undetectable AI parafraz\u00e1l\u00f3 eszk\u00f6z\u00e9r\u0151l\" class=\"wp-image-8125\" title=\"\" srcset=\"https:\/\/undetectable.ai/blog\/wp-content\/uploads\/2025\/04\/AI-paraphrasing-tool-1-1024x369.jpg 1024w, https:\/\/undetectable.ai/blog\/wp-content\/uploads\/2025\/04\/AI-paraphrasing-tool-1-300x108.jpg 300w, https:\/\/undetectable.ai/blog\/wp-content\/uploads\/2025\/04\/AI-paraphrasing-tool-1-768x277.jpg 768w, https:\/\/undetectable.ai/blog\/wp-content\/uploads\/2025\/04\/AI-paraphrasing-tool-1-1536x554.jpg 1536w, https:\/\/undetectable.ai/blog\/wp-content\/uploads\/2025\/04\/AI-paraphrasing-tool-1-18x6.jpg 18w, https:\/\/undetectable.ai/blog\/wp-content\/uploads\/2025\/04\/AI-paraphrasing-tool-1.jpg 1600w\" sizes=\"auto, (max-width: 1024px) 100vw, 1024px\" \/><\/figure>\n\n\n\n<ol start=\"3\" class=\"wp-block-list\">\n<li><a href=\"https:\/\/undetectable.ai\/word-counter\" target=\"_blank\" rel=\"noreferrer noopener\"><strong>Sz\u00f3- \u00e9s karaktersz\u00e1ml\u00e1l\u00f3<\/strong><\/a>: Ezzel a praktikus eszk\u00f6zzel gyorsan ellen\u0151rizheti az essz\u00e9je teljes szavak sz\u00e1m\u00e1t, a karakterek \u00e9s a mondatok sz\u00e1m\u00e1t, \u00e9s m\u00e9g sok m\u00e1st is. Ellen\u0151rizze az essz\u00e9 k\u00fcl\u00f6nb\u00f6z\u0151 szakaszainak egyedi sz\u00f3sz\u00e1m\u00e1t, \u00e9s kisz\u00farhatja azokat a ter\u00fcleteket, amelyek t\u00f6bb kifejt\u00e9st ig\u00e9nyelnek.&nbsp;<\/li>\n<\/ol>\n\n\n\n<figure class=\"wp-block-image size-large\"><img loading=\"lazy\" decoding=\"async\" width=\"1024\" height=\"512\" src=\"https:\/\/undetectable.ai/blog\/wp-content\/uploads\/2025\/01\/word-counter-homepage.peg_-1024x512.jpeg\" alt=\"sz\u00f3 sz\u00e1ml\u00e1l\u00f3 honlap\" class=\"wp-image-5575\" title=\"\" srcset=\"https:\/\/undetectable.ai/blog\/wp-content\/uploads\/2025\/01\/word-counter-homepage.peg_-1024x512.jpeg 1024w, https:\/\/undetectable.ai/blog\/wp-content\/uploads\/2025\/01\/word-counter-homepage.peg_-300x150.jpeg 300w, https:\/\/undetectable.ai/blog\/wp-content\/uploads\/2025\/01\/word-counter-homepage.peg_-768x384.jpeg 768w, https:\/\/undetectable.ai/blog\/wp-content\/uploads\/2025\/01\/word-counter-homepage.peg_-1536x768.jpeg 1536w, https:\/\/undetectable.ai/blog\/wp-content\/uploads\/2025\/01\/word-counter-homepage.peg_-18x9.jpeg 18w, https:\/\/undetectable.ai/blog\/wp-content\/uploads\/2025\/01\/word-counter-homepage.peg_.jpeg 1600w\" sizes=\"auto, (max-width: 1024px) 100vw, 1024px\" \/><\/figure>\n\n\n\n<p>\u00d6n is kipr\u00f3b\u00e1lhatja a <a href=\"https:\/\/undetectable.ai\/ai-humanizer\" target=\"_blank\" rel=\"noopener\">AI Humanizer<\/a> \u00e9s a Detector akci\u00f3ban az al\u00e1bbi widget seg\u00edts\u00e9g\u00e9vel!<\/p>\n\n\n\n<div id=\"uai-widget\" data-affiliate-link=\"https:\/\/undetectable.ai\/?_by=hi4km\"><script>var js = document.createElement(\"script\");js.async = true;js.src = \"https:\/\/widget.undetectable.ai\/js\/widget-loader.js?t=\"+Date.now();document.getElementsByTagName(\"head\")[0].appendChild(js);<\/script><\/div>\n\n\n\n<h2 class=\"wp-block-heading\">K\u00f6vetkeztet\u00e9s<\/h2>\n\n\n\n<p>Az interneten sz\u00e1mtalan tippet tal\u00e1lsz arra vonatkoz\u00f3an, hogyan n\u00f6velheted a szavak sz\u00e1m\u00e1t. <\/p>\n\n\n\n<p>Fontos azonban, hogy ne feledj\u00fck, hogy a pelyhek vagy t\u00f6ltel\u00e9kanyagok egyszer\u0171 hozz\u00e1ad\u00e1sa nem tesz j\u00f3t \u00d6nnek.&nbsp;<\/p>\n\n\n\n<p>Ezzel el\u00e9rheti a sz\u00f3cikksz\u00e1mot, de nem jav\u00edtja az essz\u00e9 min\u0151s\u00e9g\u00e9t.<\/p>\n\n\n\n<p>Az itt t\u00e1rgyalt strat\u00e9gi\u00e1k \u00e9rtelmes tartalmat adnak munk\u00e1j\u00e1nak, \u00e9s biztos\u00edtj\u00e1k, hogy szavai c\u00e9lt szolg\u00e1ljanak. <\/p>\n\n\n\n<p>\u00c9s igen, az AI-eszk\u00f6z\u00f6k ezt a folyamatot g\u00f6rd\u00fcl\u00e9kenyebb\u00e9 \u00e9s gyorsabb\u00e1 teszik.&nbsp;<\/p>\n\n\n\n<p>Sz\u00f3val, itt az utols\u00f3 tan\u00e1csunk: ha az \u00f6sszes eszk\u00f6zt keresed, amir\u0151l besz\u00e9lt\u00fcnk (\u00e9s m\u00e9g egy csom\u00f3 m\u00e1st is), n\u00e9zd meg a k\u00f6vetkez\u0151 honlapot <a href=\"https:\/\/undetectable.ai\/\" target=\"_blank\" rel=\"noreferrer noopener\">Kimutathatatlan AI.<\/a>&nbsp;<\/p>\n\n\n\n<p>Mindent tartalmaz, amire sz\u00fcks\u00e9ge van ahhoz, hogy jav\u00edtsa az \u00edr\u00e1s\u00e1t an\u00e9lk\u00fcl, hogy a min\u0151s\u00e9get fel\u00e1ldozn\u00e1 a sz\u00f3sz\u00e1m kedv\u00e9\u00e9rt.<\/p>","protected":false},"excerpt":{"rendered":"","protected":false},"author":15,"featured_media":5811,"comment_status":"closed","ping_status":"closed","sticky":false,"template":"","format":"standard","meta":{"_themeisle_gutenberg_block_has_review":false,"footnotes":""},"categories":[31],"tags":[],"class_list":["post-5810","post","type-post","status-publish","format-standard","has-post-thumbnail","hentry","category-helpful-ai-content-tips"],"_links":{"self":[{"href":"https:\/\/undetectable.ai/blog\/hu\/wp-json\/wp\/v2\/posts\/5810","targetHints":{"allow":["GET"]}}],"collection":[{"href":"https:\/\/undetectable.ai/blog\/hu\/wp-json\/wp\/v2\/posts"}],"about":[{"href":"https:\/\/undetectable.ai/blog\/hu\/wp-json\/wp\/v2\/types\/post"}],"author":[{"embeddable":true,"href":"https:\/\/undetectable.ai/blog\/hu\/wp-json\/wp\/v2\/users\/15"}],"replies":[{"embeddable":true,"href":"https:\/\/undetectable.ai/blog\/hu\/wp-json\/wp\/v2\/comments?post=5810"}],"version-history":[{"count":6,"href":"https:\/\/undetectable.ai/blog\/hu\/wp-json\/wp\/v2\/posts\/5810\/revisions"}],"predecessor-version":[{"id":19137,"href":"https:\/\/undetectable.ai/blog\/hu\/wp-json\/wp\/v2\/posts\/5810\/revisions\/19137"}],"wp:featuredmedia":[{"embeddable":true,"href":"https:\/\/undetectable.ai/blog\/hu\/wp-json\/wp\/v2\/media\/5811"}],"wp:attachment":[{"href":"https:\/\/undetectable.ai/blog\/hu\/wp-json\/wp\/v2\/media?parent=5810"}],"wp:term":[{"taxonomy":"category","embeddable":true,"href":"https:\/\/undetectable.ai/blog\/hu\/wp-json\/wp\/v2\/categories?post=5810"},{"taxonomy":"post_tag","embeddable":true,"href":"https:\/\/undetectable.ai/blog\/hu\/wp-json\/wp\/v2\/tags?post=5810"}],"curies":[{"name":"wp","href":"https:\/\/api.w.org\/{rel}","templated":true}]}}