{"id":5857,"date":"2025-01-17T15:00:47","date_gmt":"2025-01-17T15:00:47","guid":{"rendered":"https:\/\/undetectable.ai/blog\/?p=5857"},"modified":"2026-01-12T19:37:09","modified_gmt":"2026-01-12T19:37:09","slug":"hany-szo-egy-bekezdesben","status":"publish","type":"post","link":"https:\/\/undetectable.ai/blog\/hu\/hany-szo-egy-bekezdesben\/","title":{"rendered":"H\u00e1ny sz\u00f3 egy bekezd\u00e9sben? Tippek, eszk\u00f6z\u00f6k \u00e9s legjobb gyakorlatok"},"content":{"rendered":"<p>Lehet, hogy az\u00e9rt botlott\u00e1l bele ebbe a cikkbe, mert:<\/p>\n\n\n\n<p>a. Egy dolgozatot \u00edrsz az iskol\u00e1ba.<br>b. Megpr\u00f3b\u00e1lsz megnyerni egy vit\u00e1t a nyelvtan megsz\u00e1llott bar\u00e1toddal.<br>c. Csak nagyon k\u00edv\u00e1ncsi vagy a bekezd\u00e9sek hossz\u00e1ra (h\u00e9, nem \u00edt\u00e9lkezem).<\/p>\n\n\n\n<p>B\u00e1rmi is hozta ide, \u00fcdv\u00f6zl\u00f6m! <\/p>\n\n\n\n<p>Az \u00edr\u00f3 istenek \u00e9rt\u00e9kelik az \u00e9rdekl\u0151d\u00e9s\u00e9t ebben a nagyon hi\u00e1nyp\u00f3tl\u00f3 t\u00e9m\u00e1ban. <\/p>\n\n\n\n<p>Cikkek ezrei sz\u00f3lnak arr\u00f3l, hogy \"milyen hossz\u00fa legyen egy k\u00f6nyv\", vagy ak\u00e1r arr\u00f3l, hogy \"milyen hossz\u00faak legyenek a blogbejegyz\u00e9sek\".&nbsp;<\/p>\n\n\n\n<p>De a bekezd\u00e9sekhez? Nem t\u00fal sok.&nbsp;<\/p>\n\n\n\n<p>Mi\u00e9rt, k\u00e9rdezhetn\u00e9d? <\/p>\n\n\n\n<p>Mert a bekezd\u00e9sszerkezet szinte soha nem kapja meg a meg\u00e9rdemelt figyelmet. <\/p>\n\n\n\n<p>Mindig ott van, csendben teszi a dolg\u00e1t, de ritk\u00e1n ker\u00fcl reflektorf\u00e9nybe.&nbsp;<\/p>\n\n\n\n<p>De ne t\u00e9vedj: a bekezd\u00e9sek hossza sz\u00e1m\u00edt.&nbsp;<\/p>\n\n\n\n<p>T\u00fal r\u00f6vid, \u00e9s az \u00edr\u00e1sod szaggatottnak t\u0171nik. <\/p>\n\n\n\n<p>Ha t\u00fal hossz\u00fa, az olvas\u00f3k elkezdik \u00e1tfutni.<\/p>\n\n\n\n<p>Ebben a cikkben a bekezd\u00e9s m\u0171v\u00e9szet\u00e9nek m\u00e9ly\u00e9re hatolunk: h\u00e1ny sz\u00f3 a megfelel\u0151, mikor \u00e9rdemes megszegni a szab\u00e1lyokat, \u00e9s hogyan tartsuk az olvas\u00f3inkat a horgon.&nbsp;<\/p>\n\n\n\n<p>Ak\u00e1r a tudom\u00e1nyos t\u00f6k\u00e9letess\u00e9gre, ak\u00e1r a blog olvashat\u00f3s\u00e1g\u00e1ra t\u00f6rekszik, olvasson tov\u00e1bb.<\/p>\n\n\n\n<h2 class=\"wp-block-heading\">Mi is pontosan egy bekezd\u00e9s?<\/h2>\n\n\n\n<p>Gondoljon \u00fagy egy bekezd\u00e9sre, mint egyetlen gondolat t\u00e1rol\u00f3j\u00e1ra. Ez a <a href=\"https:\/\/owl.purdue.edu\/owl\/general_writing\/academic_writing\/paragraphs_and_paragraphing\/index.html\" target=\"_blank\" rel=\"noreferrer noopener\">az \u00edr\u00e1sod \u00e9p\u00edt\u0151k\u00f6ve<\/a>, seg\u00edtve az olvas\u00f3kat, hogy az inform\u00e1ci\u00f3kat kezelhet\u0151 darabokban em\u00e9ssz\u00e9k meg. <\/p>\n\n\n\n<p>De a helyzet a k\u00f6vetkez\u0151: a bekezd\u00e9sek nem csak v\u00e9letlenszer\u0171en csoportos\u00edtott mondatok - ezek gondosan kidolgozott egys\u00e9gek, amelyek egy adott gondolatot vagy koncepci\u00f3t fejlesztenek ki.<\/p>\n\n\n\n<p>Egy j\u00f3l meg\u00edrt bekezd\u00e9s olyan, mint egy mini t\u00f6rt\u00e9net. <\/p>\n\n\n\n<p>Van egy eleje, amely bemutatja a f\u0151 gondolatot, egy k\u00f6zepe, amely tov\u00e1bbfejleszti azt, \u00e9s egy v\u00e9ge, amely sim\u00e1n \u00e1tvezet a k\u00f6vetkez\u0151 gondolathoz. <\/p>\n\n\n\n<p>Ez a szerkezet k\u00f6vetkezetes marad, ak\u00e1r blogbejegyz\u00e9st, ak\u00e1r tudom\u00e1nyos dolgozatot, ak\u00e1r reg\u00e9nyt \u00edrsz.<\/p>\n\n\n\n<h2 class=\"wp-block-heading\"><strong>Mi\u00e9rt fontos a bekezd\u00e9s hossza?<\/strong><\/h2>\n\n\n\n<p>A hossz az\u00e9rt sz\u00e1m\u00edt, mert <a href=\"https:\/\/www.academia.edu\/83424003\/Impact_of_Sentence_Length_on_the_Readability_of_Web_for_Screen_Reader_Users\" target=\"_blank\" rel=\"noopener\">k\u00f6zvetlen\u00fcl befoly\u00e1solja az olvashat\u00f3s\u00e1got<\/a>. <\/p>\n\n\n\n<p>Tal\u00e1lkozott m\u00e1r valaha egy hatalmas sz\u00f6vegfallal, \u00e9s \u00fagy \u00e9rezte, hogy t\u00falterhelt?<\/p>\n\n\n\n<p>Ez t\u00f6rt\u00e9nik, ha a bekezd\u00e9sek t\u00fal hossz\u00fara ny\u00falnak. <\/p>\n\n\n\n<p>A t\u00fal sok r\u00f6vid bekezd\u00e9s viszont azt eredm\u00e9nyezheti, hogy az \u00edr\u00e1sod szaggatottnak \u00e9s fejletlennek t\u0171nik.<\/p>\n\n\n\n<h3 class=\"wp-block-heading\"><strong>K\u00f6z\u00f6s sz\u00f3sz\u00e1mtartom\u00e1nyok<\/strong><\/h3>\n\n\n\n<p>A k\u00fcl\u00f6nb\u00f6z\u0151 t\u00edpus\u00fa \u00edr\u00e1sok k\u00fcl\u00f6nb\u00f6z\u0151 hossz\u00fas\u00e1g\u00fa bekezd\u00e9seket ig\u00e9nyelnek:<\/p>\n\n\n\n<ul class=\"wp-block-list\">\n<li>Blogbejegyz\u00e9sek: szavak: 40-100 szavak<\/li>\n\n\n\n<li>Tudom\u00e1nyos \u00edr\u00e1s: 100-200 sz\u00f3<\/li>\n\n\n\n<li>H\u00edrcikkek: 30-80 sz\u00f3<\/li>\n\n\n\n<li>Fikci\u00f3: Sz\u00e9les sk\u00e1l\u00e1n mozog, egyetlen sz\u00f3t\u00f3l t\u00f6bb sz\u00e1zig.<\/li>\n<\/ul>\n\n\n\n<h2 class=\"wp-block-heading\">H\u00e1ny sz\u00f3nak kell lennie egy bekezd\u00e9sben?<\/h2>\n\n\n\n<p>A r\u00f6vid v\u00e1lasz? <\/p>\n\n\n\n<p>Att\u00f3l f\u00fcgg. <\/p>\n\n\n\n<p>A hossz\u00fa v\u00e1lasz? <\/p>\n\n\n\n<p>Bontsuk le \u00e9s fedezz\u00fck fel az \u00e1rnyalatokat. <\/p>\n\n\n\n<p>B\u00e1r nincs szigor\u00fa szab\u00e1ly, a bekezd\u00e9sek hossz\u00fas\u00e1g\u00e1nak ismerete fontos az olvashat\u00f3s\u00e1g, a meg\u00e9rt\u00e9s \u00e9s a stilisztikai hat\u00e1s szempontj\u00e1b\u00f3l.<\/p>\n\n\n\n<h3 class=\"wp-block-heading\"><strong>\u00c1ltal\u00e1nos aj\u00e1nl\u00e1sok<\/strong><\/h3>\n\n\n\n<p>Az online tartalmak eset\u00e9ben a bekezd\u00e9seknek \u00e1ltal\u00e1ban 2-4 mondat vagy 40-100 sz\u00f3 k\u00f6z\u00f6tt kell lenni\u00fck. <\/p>\n\n\n\n<p>Ez a tartom\u00e1ny nem tetsz\u0151leges - ezt t\u00e1masztja al\u00e1 a <a href=\"https:\/\/research.ewu.edu\/c.php?g=53524&amp;p=345204\" target=\"_blank\" rel=\"noreferrer noopener\">olvashat\u00f3s\u00e1gi tanulm\u00e1nyok<\/a> \u00e9s a felhaszn\u00e1l\u00f3i \u00e9lm\u00e9nytervez\u00e9s alapelvei. <\/p>\n\n\n\n<p>Ez\u00e9rt m\u0171k\u00f6dik olyan j\u00f3l:<\/p>\n\n\n\n<ul class=\"wp-block-list\">\n<li><strong>Fenntartja az olvas\u00f3k elk\u00f6telezetts\u00e9g\u00e9t<\/strong>: A r\u00f6videbb bekezd\u00e9sek k\u00f6nnyebben em\u00e9szthet\u0151ek, cs\u00f6kkentve a k\u00f6z\u00f6ns\u00e9g elveszt\u00e9s\u00e9nek val\u00f3sz\u00edn\u0171s\u00e9g\u00e9t.<\/li>\n\n\n\n<li><strong>Mobil eszk\u00f6z\u00f6k\u00f6n is vonz\u00f3an n\u00e9z ki<\/strong>: Mivel az olvas\u00f3k t\u00f6bb mint fele telefonon kereszt\u00fcl f\u00e9r hozz\u00e1 a tartalomhoz, a t\u00f6m\u00f6r bekezd\u00e9sek megakad\u00e1lyozz\u00e1k a megf\u00e9leml\u00edt\u0151 sz\u00f6vegfalakat.<\/li>\n\n\n\n<li><strong>Folyamatos inform\u00e1ci\u00f3\u00e1raml\u00e1s fenntart\u00e1sa<\/strong>: A kiegyens\u00falyozott hossz\u00fas\u00e1g biztos\u00edtja, hogy minden bekezd\u00e9s \u00e9rt\u00e9ket ny\u00fajtson an\u00e9lk\u00fcl, hogy t\u00falterheln\u00e9 az olvas\u00f3t.<\/li>\n\n\n\n<li><strong>Megakad\u00e1lyozza a kognit\u00edv t\u00falterhel\u00e9st<\/strong>: Az inform\u00e1ci\u00f3k kezelhet\u0151 r\u00e9szekre bont\u00e1sa seg\u00edt az olvas\u00f3knak hat\u00e9konyabban feldolgozni a gondolatokat.<\/li>\n<\/ul>\n\n\n\n<h3 class=\"wp-block-heading\"><strong>A bekezd\u00e9s hossz\u00e1t befoly\u00e1sol\u00f3 t\u00e9nyez\u0151k<\/strong><\/h3>\n\n\n\n<p>A bekezd\u00e9s hossza nem csak a szavak sz\u00e1m\u00e1r\u00f3l sz\u00f3l, hanem a sz\u00f6vegk\u00f6rnyezetr\u0151l is. <\/p>\n\n\n\n<p>Az al\u00e1bbiakban a legfontosabb t\u00e9nyez\u0151k hat\u00e1rozz\u00e1k meg, hogy milyen hossz\u00faak legyenek a bekezd\u00e9sek:<\/p>\n\n\n\n<p><strong>Az \u00d6n k\u00f6z\u00f6ns\u00e9ge<\/strong><\/p>\n\n\n\n<ul class=\"wp-block-list\">\n<li><strong>\u00c1ltal\u00e1nos olvas\u00f3k<\/strong>: A r\u00f6videbb, gyorsabb bekezd\u00e9seket r\u00e9szes\u00edts\u00e9k el\u0151nyben, amelyek gyorsan \u00e1tfuthat\u00f3k \u00e9s megem\u00e9szthet\u0151k.<\/li>\n\n\n\n<li><strong>Tudom\u00e1nyos c\u00e9lk\u00f6z\u00f6ns\u00e9g<\/strong>: R\u00e9szletes bekezd\u00e9seket v\u00e1runk, amelyek m\u00e9lys\u00e9g\u00e9ben \u00e9s pontoss\u00e1g\u00e1ban komplex gondolatokat fejt ki.<\/li>\n\n\n\n<li><strong>Mobil olvas\u00f3k<\/strong>: Extra r\u00f6vid bekezd\u00e9sekre van sz\u00fcks\u00e9g a kisebb k\u00e9perny\u0151k \u00e9s a gyors g\u00f6rget\u00e9si szok\u00e1sok miatt.<\/li>\n<\/ul>\n\n\n\n<p><strong>Az \u00d6n platformja<\/strong><\/p>\n\n\n\n<ul class=\"wp-block-list\">\n<li><strong>K\u00f6z\u00f6ss\u00e9gi m\u00e9dia<\/strong>: A r\u00f6vids\u00e9g a kir\u00e1ly. A bekezd\u00e9sek legyenek t\u00f6m\u00f6rek \u00e9s hat\u00e1sosak.<\/li>\n\n\n\n<li><strong>Blogok<\/strong>: A r\u00f6vid \u00e9s k\u00f6zepes hossz\u00fas\u00e1g\u00fa bekezd\u00e9sek kever\u00e9ke v\u00e1ltozatoss\u00e1got teremt \u00e9s jav\u00edtja az olvashat\u00f3s\u00e1got.<\/li>\n\n\n\n<li><strong>Tudom\u00e1nyos dolgozatok<\/strong>: A hosszabb bekezd\u00e9sek a norm\u00e1lisak, lehet\u0151v\u00e9 t\u00e9ve a m\u00e9lyrehat\u00f3 elemz\u00e9st \u00e9s \u00e9rvel\u00e9st.<\/li>\n<\/ul>\n\n\n\n<p><strong>Az \u00d6n c\u00e9lja<\/strong><\/p>\n\n\n\n<ul class=\"wp-block-list\">\n<li><strong>\u00d6sszetett gondolatok magyar\u00e1zata<\/strong>: Hosszabb bekezd\u00e9seket ig\u00e9nyel, hogy teljes m\u00e9rt\u00e9kben kifejtse \u00e9s al\u00e1t\u00e1massza pontjait.<\/li>\n\n\n\n<li><strong>Gyors pontok k\u00e9sz\u00edt\u00e9se<\/strong>: A r\u00f6vid bekezd\u00e9sek a legjobbak a frapp\u00e1ns kijelent\u00e9sekhez vagy \u00f6sszefoglal\u00f3khoz.<\/li>\n\n\n\n<li><strong>A fesz\u00fclts\u00e9g \u00e9p\u00edt\u00e9se a fikci\u00f3ban<\/strong>: A v\u00e1ltoz\u00f3 bekezd\u00e9shossz\u00fas\u00e1gok lek\u00f6tik az olvas\u00f3t, \u00e9s dr\u00e1mai temp\u00f3t teremtenek.<\/li>\n<\/ul>\n\n\n<div class=\"wp-block-image\">\n<figure class=\"aligncenter size-large\"><img loading=\"lazy\" decoding=\"async\" width=\"1024\" height=\"559\" src=\"https:\/\/undetectable.ai/blog\/wp-content\/uploads\/2025\/04\/AI-SEO-Content-Writer-1-1024x559.jpg\" alt=\"\u00c9szrevehetetlen AI SEO tartalom\u00edr\u00f3\" class=\"wp-image-7565\" title=\"\" srcset=\"https:\/\/undetectable.ai/blog\/wp-content\/uploads\/2025\/04\/AI-SEO-Content-Writer-1-1024x559.jpg 1024w, https:\/\/undetectable.ai/blog\/wp-content\/uploads\/2025\/04\/AI-SEO-Content-Writer-1-300x164.jpg 300w, https:\/\/undetectable.ai/blog\/wp-content\/uploads\/2025\/04\/AI-SEO-Content-Writer-1-768x420.jpg 768w, https:\/\/undetectable.ai/blog\/wp-content\/uploads\/2025\/04\/AI-SEO-Content-Writer-1-18x10.jpg 18w, https:\/\/undetectable.ai/blog\/wp-content\/uploads\/2025\/04\/AI-SEO-Content-Writer-1.jpg 1349w\" sizes=\"auto, (max-width: 1024px) 100vw, 1024px\" \/><\/figure><\/div>\n\n\n<p>Kimutathatatlan mesters\u00e9ges intelligenci\u00e1nk <a href=\"https:\/\/undetectable.ai\/ai-seo-writer\" target=\"_blank\" rel=\"noreferrer noopener\">AI SEO \u00edr\u00f3<\/a> egyszer\u0171s\u00edtett m\u00f3dot biztos\u00edt a t\u00f6k\u00e9letesen struktur\u00e1lt bekezd\u00e9sek automatikus gener\u00e1l\u00e1s\u00e1ra, amelyek megfelelnek az ide\u00e1lis sz\u00f3sz\u00e1mnak \u00e9s a SEO-szabv\u00e1nyoknak.<\/p>\n\n\n\n<p>A tartalom ritmus\u00e1nak az aktu\u00e1lis olvashat\u00f3s\u00e1gi trendekhez val\u00f3 igaz\u00edt\u00e1s\u00e1val biztos\u00edtja, hogy a leg\u00f6sszetettebb gondolatok olyan \u201cminit\u00f6rt\u00e9netekre\u201d bomoljanak, amelyek a digit\u00e1lis olvas\u00f3kat tet\u0151t\u0151l talpig lek\u00f6tik.<\/p>\n\n\n\n<h3 class=\"wp-block-heading\"><strong>P\u00e9ld\u00e1k a bekezd\u00e9sek hossz\u00e1ra<\/strong><\/h3>\n\n\n\n<p>Alkalmazzuk ezeket az elveket a gyakorlatban, val\u00f3s p\u00e9ld\u00e1kon kereszt\u00fcl:<\/p>\n\n\n\n<ul class=\"wp-block-list\">\n<li><strong>R\u00f6vid (25-40 sz\u00f3):<\/strong> A digit\u00e1lis olvas\u00f3k gyakran sietnek. Nagyra \u00e9rt\u00e9kelik a t\u00f6m\u00f6r, hat\u00e1sos bekezd\u00e9seket, amelyek a f\u0151 mondanival\u00f3t adj\u00e1k \u00e1t, sallangok n\u00e9lk\u00fcl. Ez a form\u00e1tum a h\u00edrekben, term\u00e9kle\u00edr\u00e1sokban \u00e9s az elfoglalt k\u00f6z\u00f6ns\u00e9gre szabott blogbejegyz\u00e9sekben is j\u00f3l haszn\u00e1lhat\u00f3.<\/li>\n<\/ul>\n\n\n\n<p><\/p>\n\n\n\n<ul class=\"wp-block-list\">\n<li><strong>K\u00f6zepes (50-100 sz\u00f3):<\/strong> A r\u00e9szletesebb magyar\u00e1zatok eset\u00e9ben a k\u00f6zepes hossz\u00fas\u00e1g\u00fa bekezd\u00e9sek egyens\u00falyt teremtenek a m\u00e9lys\u00e9g \u00e9s az olvashat\u00f3s\u00e1g k\u00f6z\u00f6tt. Lehet\u0151v\u00e9 teszik a t\u00e9mamondat, az al\u00e1t\u00e1maszt\u00f3 bizony\u00edt\u00e9kok \u00e9s a k\u00f6vetkez\u0151 gondolatra val\u00f3 z\u00f6kken\u0151mentes \u00e1tmenet beilleszt\u00e9s\u00e9t. Ide\u00e1lis fogalmakat felt\u00e1r\u00f3 blogbejegyz\u00e9sekhez, \u00fatmutat\u00f3khoz vagy list\u00e1z\u00e1sokhoz.<\/li>\n<\/ul>\n\n\n\n<p><\/p>\n\n\n\n<ul class=\"wp-block-list\">\n<li><strong>Hossz\u00fa (100-200 sz\u00f3):<\/strong> Az akad\u00e9miai \u00edr\u00e1s hosszabb bekezd\u00e9sekb\u0151l \u00e9l, amelyekben \u00f6sszetett elm\u00e9leteket boncolgatnak vagy szigor\u00fa bizony\u00edt\u00e9kokat mutatnak be. Ezek a bekezd\u00e9sek m\u00e9lyen belemer\u00fclnek az elemz\u00e9sbe, \u00e9s gyakran nagyobb t\u00e9m\u00e1khoz kapcsolj\u00e1k az \u00f6tleteket. B\u00e1r a tudom\u00e1nyos munk\u00e1ban hat\u00e9konyak, az \u00e1ttekinthet\u0151s\u00e9g \u00e9s a f\u00f3kusz\u00e1l\u00e1s m\u00e9g mindig els\u0151dleges fontoss\u00e1g\u00fa, hogy az olvas\u00f3 ne vesz\u00edtse el a figyelm\u00e9t a t\u00fals\u00e1gosan s\u0171r\u0171 sz\u00f6vegben.<\/li>\n<\/ul>\n\n\n\n<h2 class=\"wp-block-heading\">Hogyan sz\u00e1moljuk a szavakat egy bekezd\u00e9sben<\/h2>\n\n\n\n<figure class=\"wp-block-image size-large\"><img loading=\"lazy\" decoding=\"async\" width=\"1024\" height=\"512\" src=\"https:\/\/undetectable.ai/blog\/wp-content\/uploads\/2025\/01\/word-counter-homepage.peg_-1024x512.jpeg\" alt=\"sz\u00f3 sz\u00e1ml\u00e1l\u00f3 honlap\" class=\"wp-image-5575\" title=\"\" srcset=\"https:\/\/undetectable.ai/blog\/wp-content\/uploads\/2025\/01\/word-counter-homepage.peg_-1024x512.jpeg 1024w, https:\/\/undetectable.ai/blog\/wp-content\/uploads\/2025\/01\/word-counter-homepage.peg_-300x150.jpeg 300w, https:\/\/undetectable.ai/blog\/wp-content\/uploads\/2025\/01\/word-counter-homepage.peg_-768x384.jpeg 768w, https:\/\/undetectable.ai/blog\/wp-content\/uploads\/2025\/01\/word-counter-homepage.peg_-1536x768.jpeg 1536w, https:\/\/undetectable.ai/blog\/wp-content\/uploads\/2025\/01\/word-counter-homepage.peg_-18x9.jpeg 18w, https:\/\/undetectable.ai/blog\/wp-content\/uploads\/2025\/01\/word-counter-homepage.peg_.jpeg 1600w\" sizes=\"auto, (max-width: 1024px) 100vw, 1024px\" \/><\/figure>\n\n\n\n<p>A szavak sz\u00e1mol\u00e1s\u00e1nak nem kell k\u00e9zzel v\u00e9gzett feladatnak lennie. <\/p>\n\n\n\n<p>Kimutathatatlan mesters\u00e9ges intelligencia <a href=\"https:\/\/undetectable.ai\/word-counter\" target=\"_blank\" rel=\"noreferrer noopener\">Sz\u00f3sz\u00e1ml\u00e1l\u00f3<\/a> egyszer\u0171 megold\u00e1st k\u00edn\u00e1l:<\/p>\n\n\n\n<ol class=\"wp-block-list\">\n<li>M\u00e1solja a bekezd\u00e9st.<\/li>\n\n\n\n<li>Illessze be a sz\u00e1ml\u00e1l\u00f3ba.<\/li>\n\n\n\n<li>Azonnali, pontos eredm\u00e9nyek.<\/li>\n<\/ol>\n\n\n\n<h2 class=\"wp-block-heading\">Hogyan \u00edrjunk j\u00f3l struktur\u00e1lt bekezd\u00e9seket?<\/h2>\n\n\n\n<p>A j\u00f3l struktur\u00e1lt bekezd\u00e9sek \u00edr\u00e1sa hatalmas r\u00e9sze a <a href=\"https:\/\/www.stevenson.edu\/online\/about-us\/news\/importance-effective-communication\/\" target=\"_blank\" rel=\"noopener\">hat\u00e9kony <\/a><a href=\"https:\/\/www.stevenson.edu\/online\/about-us\/news\/importance-effective-communication\/\" target=\"_blank\" rel=\"noreferrer noopener\">kommunik\u00e1ci\u00f3<\/a>. <\/p>\n\n\n\n<p>Egy er\u0151s bekezd\u00e9s \u00fagy szervezi meg, hogy mag\u00e1val ragad, tiszt\u00e1zza \u00e9s \u00f6sszekapcsolja. <\/p>\n\n\n\n<p>Vegy\u00fck sorra a legfontosabbakat.<\/p>\n\n\n\n<h3 class=\"wp-block-heading\"><strong>Az er\u0151s bekezd\u00e9s f\u0151 \u00f6sszetev\u0151i<\/strong><\/h3>\n\n\n\n<p>Minden hat\u00e9kony bekezd\u00e9s h\u00e1rom alapvet\u0151 \u00f6sszetev\u0151re t\u00e1maszkodik: a t\u00e9mamondatra, az al\u00e1t\u00e1maszt\u00f3 bizony\u00edt\u00e9kokra \u00e9s a k\u00f6vetkeztet\u00e9sre vagy \u00e1tmenetre. <\/p>\n\n\n\n<p>Gondoljon erre \u00fagy, mint egy h\u00e1z\u00e9p\u00edt\u00e9sre:<\/p>\n\n\n\n<ul class=\"wp-block-list\">\n<li><strong>A t\u00e9mamondat<\/strong>: Ez a te alapod. Meghat\u00e1rozza a sz\u00ednpadot, \u00e9s elmondja az olvas\u00f3nak, hogy mire sz\u00e1m\u00edthat.<\/li>\n\n\n\n<li><strong>T\u00e1mogat\u00f3 r\u00e9szletek<\/strong>: Ezek a te falaid. Tartalmat \u00e9s szerkezetet adnak hozz\u00e1, t\u00e9nyekkel, p\u00e9ld\u00e1kkal vagy elemz\u00e9sekkel er\u0151s\u00edtik meg a f\u0151 gondolatot.<\/li>\n\n\n\n<li><strong>A k\u00f6vetkeztet\u00e9s vagy \u00e1tmenet<\/strong>: Ez a tet\u0151, amely mindent \u00f6sszek\u00f6t, \u00e9s felk\u00e9sz\u00edti az olvas\u00f3t a k\u00f6vetkez\u0151 bekezd\u00e9sre.<\/li>\n<\/ul>\n\n\n\n<p>P\u00e9ld\u00e1ul egy meg\u00fajul\u00f3 energi\u00e1r\u00f3l sz\u00f3l\u00f3 bekezd\u00e9sben a t\u00e9mamondat bemutathatja a napenergi\u00e1t.&nbsp;<\/p>\n\n\n\n<p>Az al\u00e1t\u00e1maszt\u00f3 r\u00e9szletek kiemelhetn\u00e9k az el\u0151ny\u00f6ket, p\u00e9ld\u00e1ul a k\u00f6lts\u00e9ghat\u00e9konys\u00e1got \u00e9s a k\u00f6rnyezeti hat\u00e1st, m\u00edg a k\u00f6vetkeztet\u00e9s a sz\u00e9lenergi\u00e1ra, mint m\u00e1sik meg\u00fajul\u00f3 lehet\u0151s\u00e9gre t\u00e9r \u00e1t.<\/p>\n\n\n<div class=\"wp-block-image\">\n<figure class=\"aligncenter size-large\"><img loading=\"lazy\" decoding=\"async\" width=\"1024\" height=\"504\" src=\"https:\/\/undetectable.ai/blog\/wp-content\/uploads\/2024\/12\/AI-Conclusion-Generator-1024x504.jpg\" alt=\"Pillanatk\u00e9p a felder\u00edthetetlen AI eszk\u00f6zr\u0151l AI Conclusion Generator\" class=\"wp-image-11164\" title=\"\" srcset=\"https:\/\/undetectable.ai/blog\/wp-content\/uploads\/2024\/12\/AI-Conclusion-Generator-1024x504.jpg 1024w, https:\/\/undetectable.ai/blog\/wp-content\/uploads\/2024\/12\/AI-Conclusion-Generator-300x148.jpg 300w, https:\/\/undetectable.ai/blog\/wp-content\/uploads\/2024\/12\/AI-Conclusion-Generator-768x378.jpg 768w, https:\/\/undetectable.ai/blog\/wp-content\/uploads\/2024\/12\/AI-Conclusion-Generator-1536x756.jpg 1536w, https:\/\/undetectable.ai/blog\/wp-content\/uploads\/2024\/12\/AI-Conclusion-Generator-2048x1008.jpg 2048w, https:\/\/undetectable.ai/blog\/wp-content\/uploads\/2024\/12\/AI-Conclusion-Generator-18x9.jpg 18w\" sizes=\"auto, (max-width: 1024px) 100vw, 1024px\" \/><\/figure><\/div>\n\n\n<p>Hogy garant\u00e1lja, hogy cikke maradand\u00f3 benyom\u00e1st hagy, haszn\u00e1lhatja a mi <a href=\"https:\/\/undetectable.ai\/conclusion-generator\" target=\"_blank\" rel=\"noreferrer noopener\">K\u00f6vetkeztet\u00e9s gener\u00e1tor<\/a> hogy a z\u00e1r\u00f3 bekezd\u00e9s megtartja a cikk ide\u00e1lis sz\u00f3sz\u00e1m\u00e1t \u00e9s szerkezeti egyens\u00faly\u00e1t.<\/p>\n\n\n\n<p>Ez az eszk\u00f6z seg\u00edt \u00f6sszefoglalni a f\u0151 pontokat egy \u00f6sszef\u00fcgg\u0151 \u00f6sszefoglal\u00f3ba, amely elker\u00fcli a t\u00fals\u00e1gosan sz\u00f3kimond\u00f3 vagy t\u00fal hirtelen megfogalmaz\u00e1s gyakori buktat\u00f3it, \u00e9s olyan emberk\u00f6zeli befejez\u00e9st biztos\u00edt, amely a k\u00f6z\u00f6ns\u00e9ggel egy\u00fctt rezon\u00e1l.<\/p>\n\n\n\n<h3 class=\"wp-block-heading\"><strong>\u00c1tmenetek haszn\u00e1lata<\/strong><\/h3>\n\n\n\n<p>Az \u00e1tmenetek a ragaszt\u00f3anyag, amely a bekezd\u00e9seket \u00f6sszef\u00fcgg\u0151 elbesz\u00e9l\u00e9ss\u00e9 f\u0171zi \u00f6ssze. <\/p>\n\n\n\n<p>N\u00e9lk\u00fcl\u00fck az \u00edr\u00e1sod \u00f6sszef\u00fcgg\u00e9stelennek t\u0171nhet. <\/p>\n\n\n\n<p>\u00cdgy saj\u00e1t\u00edtsd el az \u00e1tmenetek m\u0171v\u00e9szet\u00e9t:<\/p>\n\n\n\n<ul class=\"wp-block-list\">\n<li><strong>Kapcsol\u00f3d\u00f3 szavak<\/strong>: Az olyan szavak, mint a \"azonban\", \"ez\u00e9rt\" \u00e9s \"k\u00f6zben\" \u00e1tvezetik az olvas\u00f3t az egyik gondolatt\u00f3l a m\u00e1sikig.<\/li>\n\n\n\n<li><strong>Visszautal\u00e1s<\/strong>: Kezdje a bekezd\u00e9st \u00fagy, hogy \u00f6sszekapcsolja azt egy el\u0151z\u0151 gondolattal, biztos\u00edtva a folytonoss\u00e1got.<\/li>\n\n\n\n<li><strong>Vezet\u0151 k\u00e9rd\u00e9sek<\/strong>: Tegy\u00e9l fel egy k\u00e9rd\u00e9st, amelyre a k\u00f6vetkez\u0151 bekezd\u00e9sed v\u00e1laszol, term\u00e9szetes \u00e1raml\u00e1st teremtve.<\/li>\n<\/ul>\n\n\n\n<p>P\u00e9ld\u00e1ul, ha az egyik bekezd\u00e9s a t\u00e1vmunka el\u0151nyeinek megvitat\u00e1s\u00e1val z\u00e1rul, a k\u00f6vetkez\u0151 kezd\u0151dhetne \u00edgy: \"De milyen kih\u00edv\u00e1sokkal j\u00e1r a t\u00e1vmunka?\".<\/p>\n\n\n\n<h3 class=\"wp-block-heading\"><strong>A hossz \u00e9s a c\u00e9l \u00f6sszehangol\u00e1sa<\/strong><\/h3>\n\n\n\n<p>A bekezd\u00e9s hossz\u00e1nak mindig a c\u00e9lj\u00e1t kell szolg\u00e1lnia:<\/p>\n\n\n\n<ul class=\"wp-block-list\">\n<li><strong>R\u00f6vid bekezd\u00e9sek<\/strong>: Ezek hangs\u00falyt adnak, kiemelve a kulcspontokat. Ide\u00e1lis bevezet\u00e9sekhez, k\u00f6vetkeztet\u00e9sekhez vagy hat\u00e1sos kijelent\u00e9sekhez.<\/li>\n\n\n\n<li><strong>Hosszabb bekezd\u00e9sek<\/strong>: Ezek t\u00f6k\u00e9letesen alkalmasak \u00f6sszetett gondolatok kidolgoz\u00e1s\u00e1ra, p\u00e9ld\u00e1ul egy folyamat magyar\u00e1zat\u00e1ra vagy bizony\u00edt\u00e9kok elemz\u00e9s\u00e9re.<\/li>\n<\/ul>\n\n\n\n<p>A r\u00f6vid \u00e9s hossz\u00fa bekezd\u00e9sek kevered\u00e9se lek\u00f6ti az olvas\u00f3t, egyens\u00falyt teremtve a r\u00f6vids\u00e9g \u00e9s a m\u00e9lys\u00e9g k\u00f6z\u00f6tt. <\/p>\n\n\n\n<p>P\u00e9ld\u00e1ul egy r\u00f6vid bekezd\u00e9s bevezethet egy probl\u00e9m\u00e1t, amelyet egy hosszabb, az okokat felt\u00e1r\u00f3 bekezd\u00e9s k\u00f6vet.<\/p>\n\n\n\n<h2 class=\"wp-block-heading\">Eszk\u00f6z\u00f6k a bekezd\u00e9sek hossz\u00e1nak optimaliz\u00e1l\u00e1s\u00e1hoz<\/h2>\n\n\n\n<p>A bekezd\u00e9sek hossz\u00e1nak optimaliz\u00e1l\u00e1sa kulcsfontoss\u00e1g\u00fa az olvashat\u00f3s\u00e1g \u00e9s az \u00edr\u00e1s ir\u00e1nti elk\u00f6telezetts\u00e9g fokoz\u00e1s\u00e1hoz. <\/p>\n\n\n\n<p>A kimutathatatlan AI egy <a href=\"https:\/\/undetectable.ai\/blog\/best-free-ai-writing-tools\/\" target=\"_blank\" rel=\"noreferrer noopener\">eszk\u00f6zcsomag<\/a> amelynek c\u00e9lja, hogy seg\u00edtse \u00d6nt a t\u00f6k\u00e9letes egyens\u00faly el\u00e9r\u00e9s\u00e9ben. Fedezz\u00fck fel, hogyan seg\u00edthetnek ezek az eszk\u00f6z\u00f6k.<\/p>\n\n\n\n<h3 class=\"wp-block-heading\"><strong>Sz\u00f3sz\u00e1ml\u00e1l\u00f3<\/strong><\/h3>\n\n\n\n<p>Kimutathatatlan mesters\u00e9ges intelligencia <a href=\"https:\/\/undetectable.ai\/word-counter\" target=\"_blank\" rel=\"noreferrer noopener\">Sz\u00f3sz\u00e1ml\u00e1l\u00f3<\/a> t\u00falmutat az egyszer\u0171 szavak sz\u00e1mol\u00e1s\u00e1n. <\/p>\n\n\n\n<p>Elemzi az egyes bekezd\u00e9sek hossz\u00e1t, \u00e9s megl\u00e1tja, hogy a sz\u00f6veg t\u00fal hossz\u00fara ny\u00falt vagy t\u00fal r\u00f6vid.<\/p>\n\n\n\n<p>Azonos\u00edtja az optim\u00e1lis hossz\u00fas\u00e1got meghalad\u00f3 bekezd\u00e9seket, \u00e9s javaslatot tesz arra, hogy a jobb \u00e1ttekinthet\u0151s\u00e9g \u00e9rdek\u00e9ben hol kell a tartalmat felosztani vagy t\u00f6m\u00f6r\u00edteni.&nbsp;<\/p>\n\n\n\n<h3 class=\"wp-block-heading\"><strong>AI essz\u00e9\u00edr\u00f3<\/strong><\/h3>\n\n\n\n<p>A j\u00f3l struktur\u00e1lt bekezd\u00e9sek megalkot\u00e1sa kih\u00edv\u00e1st jelenthet. <\/p>\n\n\n\n<p>A <a href=\"https:\/\/undetectable.ai\/ai-essay-writer\" target=\"_blank\" rel=\"noopener\">Essz\u00e9\u00edr\u00f3<\/a> az \u00d6n konkr\u00e9t t\u00e9m\u00e1j\u00e1ra szabott, \u00f6sszef\u00fcgg\u0151 \u00e9s logikusan szervezett bekezd\u00e9sek l\u00e9trehoz\u00e1s\u00e1val seg\u00edti. <\/p>\n\n\n\n<figure class=\"wp-block-image size-large\"><img loading=\"lazy\" decoding=\"async\" width=\"1024\" height=\"577\" src=\"https:\/\/undetectable.ai/blog\/wp-content\/uploads\/2025\/01\/How-to-Write-an-Introduction-for-an-Essay-1024x577.jpg\" alt=\"Hogyan \u00edrjunk bevezet\u00e9st egy essz\u00e9hez\" class=\"wp-image-5605\" title=\"\" srcset=\"https:\/\/undetectable.ai/blog\/wp-content\/uploads\/2025\/01\/How-to-Write-an-Introduction-for-an-Essay-1024x577.jpg 1024w, https:\/\/undetectable.ai/blog\/wp-content\/uploads\/2025\/01\/How-to-Write-an-Introduction-for-an-Essay-300x169.jpg 300w, https:\/\/undetectable.ai/blog\/wp-content\/uploads\/2025\/01\/How-to-Write-an-Introduction-for-an-Essay-768x433.jpg 768w, https:\/\/undetectable.ai/blog\/wp-content\/uploads\/2025\/01\/How-to-Write-an-Introduction-for-an-Essay-1536x865.jpg 1536w, https:\/\/undetectable.ai/blog\/wp-content\/uploads\/2025\/01\/How-to-Write-an-Introduction-for-an-Essay-18x10.jpg 18w, https:\/\/undetectable.ai/blog\/wp-content\/uploads\/2025\/01\/How-to-Write-an-Introduction-for-an-Essay.jpg 1640w\" sizes=\"auto, (max-width: 1024px) 100vw, 1024px\" \/><\/figure>\n\n\n\n<p>Seg\u00edt fenntartani a gondolatok k\u00f6vetkezetes \u00e1raml\u00e1s\u00e1t, \u00e9s biztos\u00edtja, hogy minden bekezd\u00e9s z\u00f6kken\u0151mentesen l\u00e9pjen \u00e1t a k\u00f6vetkez\u0151be.&nbsp;<\/p>\n\n\n\n<h3 class=\"wp-block-heading\"><strong>AI Paraphras<\/strong>szersz\u00e1m<\/h3>\n\n\n\n<p>El\u0151fordul, hogy egy bekezd\u00e9s a megfelel\u0151 \u00fczenetet k\u00f6zvet\u00edti, de nem el\u00e9g vil\u00e1gos vagy vil\u00e1gos. <\/p>\n\n\n\n<p>A <a href=\"https:\/\/undetectable.ai\/paraphrasing-tool\" target=\"_blank\" data-type=\"link\" data-id=\"https:\/\/undetectable.ai\/paraphrasing-tool\" rel=\"noreferrer noopener\">AI Parafraz\u00e1l\u00f3 eszk\u00f6z<\/a> \u00e1tfogalmazza a mondatokat, jav\u00edtva az olvashat\u00f3s\u00e1got, mik\u00f6zben meg\u0151rzi az eredeti jelent\u00e9st.<\/p>\n\n\n\n<figure class=\"wp-block-image size-large\"><img loading=\"lazy\" decoding=\"async\" width=\"1024\" height=\"369\" src=\"https:\/\/undetectable.ai/blog\/wp-content\/uploads\/2025\/04\/AI-paraphrasing-tool-1-1024x369.jpg\" alt=\"Pillanatk\u00e9p az Undetectable AI parafraz\u00e1l\u00f3 eszk\u00f6z\u00e9r\u0151l\" class=\"wp-image-8125\" title=\"\" srcset=\"https:\/\/undetectable.ai/blog\/wp-content\/uploads\/2025\/04\/AI-paraphrasing-tool-1-1024x369.jpg 1024w, https:\/\/undetectable.ai/blog\/wp-content\/uploads\/2025\/04\/AI-paraphrasing-tool-1-300x108.jpg 300w, https:\/\/undetectable.ai/blog\/wp-content\/uploads\/2025\/04\/AI-paraphrasing-tool-1-768x277.jpg 768w, https:\/\/undetectable.ai/blog\/wp-content\/uploads\/2025\/04\/AI-paraphrasing-tool-1-1536x554.jpg 1536w, https:\/\/undetectable.ai/blog\/wp-content\/uploads\/2025\/04\/AI-paraphrasing-tool-1-18x6.jpg 18w, https:\/\/undetectable.ai/blog\/wp-content\/uploads\/2025\/04\/AI-paraphrasing-tool-1.jpg 1600w\" sizes=\"auto, (max-width: 1024px) 100vw, 1024px\" \/><\/figure>\n\n\n\n<p>Kiv\u00e1l\u00f3 eszk\u00f6z az \u00f6sszetett mondatok finom\u00edt\u00e1s\u00e1ra \u00e9s annak biztos\u00edt\u00e1s\u00e1ra, hogy az \u00edr\u00e1sod elnyerje a c\u00e9lk\u00f6z\u00f6ns\u00e9g tetsz\u00e9s\u00e9t.<\/p>\n\n\n\n<h3 class=\"wp-block-heading\">AI bekezd\u00e9s gener\u00e1tor \u00e9s \u00edr\u00f3<\/h3>\n\n\n\n<p>Ha k\u00eds\u00e9rletezni szeretne a bekezd\u00e9sek hossz\u00e1val \u00e9s a sz\u00f6vegfolyam\u00e1val, pr\u00f3b\u00e1lja ki a <strong>Kimutathatatlan mesters\u00e9ges intelligencia <a href=\"https:\/\/undetectable.ai\/ai-paragraph-generator\" target=\"_blank\" rel=\"noreferrer noopener\">AI bekezd\u00e9s gener\u00e1tor \u00e9s \u00edr\u00f3<\/a><\/strong>.<\/p>\n\n\n<div class=\"wp-block-image\">\n<figure class=\"aligncenter size-large\"><img loading=\"lazy\" decoding=\"async\" width=\"1024\" height=\"482\" src=\"https:\/\/undetectable.ai/blog\/wp-content\/uploads\/2025\/09\/AI-Paragraph-Generator-1024x482.jpg\" alt=\"Pillanatk\u00e9p a felder\u00edthetetlen AI Paragraph Generator \u00e9s Writer eszk\u00f6z fel\u00fclet\u00e9r\u0151l\" class=\"wp-image-13897\" title=\"\" srcset=\"https:\/\/undetectable.ai/blog\/wp-content\/uploads\/2025\/09\/AI-Paragraph-Generator-1024x482.jpg 1024w, https:\/\/undetectable.ai/blog\/wp-content\/uploads\/2025\/09\/AI-Paragraph-Generator-300x141.jpg 300w, https:\/\/undetectable.ai/blog\/wp-content\/uploads\/2025\/09\/AI-Paragraph-Generator-768x362.jpg 768w, https:\/\/undetectable.ai/blog\/wp-content\/uploads\/2025\/09\/AI-Paragraph-Generator-1536x723.jpg 1536w, https:\/\/undetectable.ai/blog\/wp-content\/uploads\/2025\/09\/AI-Paragraph-Generator-2048x964.jpg 2048w, https:\/\/undetectable.ai/blog\/wp-content\/uploads\/2025\/09\/AI-Paragraph-Generator-18x8.jpg 18w\" sizes=\"auto, (max-width: 1024px) 100vw, 1024px\" \/><\/figure><\/div>\n\n\n<p>Lehet\u0151v\u00e9 teszi, hogy bekezd\u00e9seket hozzon l\u00e9tre vagy alak\u00edtson \u00e1t, hogy tesztelje, hogyan befoly\u00e1solj\u00e1k a k\u00fcl\u00f6nb\u00f6z\u0151 sz\u00f3sz\u00e1mok a ritmust, az olvashat\u00f3s\u00e1got \u00e9s a hangnemet.<\/p>\n\n\n\n<p>Gyorsan l\u00e1thatja, hogy a r\u00f6vid, k\u00f6zepes vagy hossz\u00fa bekezd\u00e9sek hogyan v\u00e1ltoztatj\u00e1k meg a tartalom temp\u00f3j\u00e1t \u00e9s egy\u00e9rtelm\u0171s\u00e9g\u00e9t, \u00edgy seg\u00edt megtal\u00e1lni a t\u00f6k\u00e9letes egyens\u00falyt az olvas\u00f3k sz\u00e1m\u00e1ra.<\/p>\n\n\n\n<h2 class=\"wp-block-heading\">Gyakori hib\u00e1k a bekezd\u00e9sek hossz\u00e1val kapcsolatban<\/h2>\n\n\n\n<p>M\u00e9g a legjobb \u00edr\u00f3k is beleesnek ezekbe a gyakori csapd\u00e1kba:<\/p>\n\n\n\n<ul class=\"wp-block-list\">\n<li><strong>T\u00falt\u00f6m\u00f6tt bekezd\u00e9sek: <\/strong>A t\u00fal sok gondolat egy bekezd\u00e9sbe t\u00f6m\u00f6r\u00edt\u00e9se t\u00falterheli az olvas\u00f3t. Maradjon bekezd\u00e9senk\u00e9nt egy f\u0151 gondolatn\u00e1l, \u00e9s bontsa fel, ha t\u00f6bb ponton zsongl\u0151rk\u00f6dik.<\/li>\n\n\n\n<li><strong>Fejletlen bekezd\u00e9sek: <\/strong>A r\u00f6vid nem jelenti azt, hogy sek\u00e9lyes. M\u00e9g egy k\u00e9tmondatos bekezd\u00e9snek is teljes gondolatot kell ny\u00fajtania. Ha t\u00fal r\u00f6vidnek \u00e9rzi, b\u0151v\u00edtse ki p\u00e9ld\u00e1kkal vagy magyar\u00e1zatokkal.<\/li>\n\n\n\n<li><strong>K\u00f6vetkezetlen hossz\u00fas\u00e1g: <\/strong>A bekezd\u00e9sek hossz\u00e1nak v\u00e1ltozatoss\u00e1ga dinamikusan tartja az \u00edr\u00e1st, de a sz\u00e9ls\u0151s\u00e9gek \u00f6sszezavarhatj\u00e1k az olvas\u00f3t. Ker\u00fclje az egymondatos bekezd\u00e9sek p\u00e1ros\u00edt\u00e1s\u00e1t egy 300 szavas bekezd\u00e9ssel, hacsak nem szolg\u00e1l egy\u00e9rtelm\u0171 c\u00e9lt.<\/li>\n<\/ul>\n\n\n\n<h2 class=\"wp-block-heading\">Gyakran ism\u00e9telt k\u00e9rd\u00e9sek<\/h2>\n\n\n<div id=\"rank-math-faq\" class=\"rank-math-block\">\n<div class=\"rank-math-list\">\n<div id=\"faq-question-1737644718373\" class=\"rank-math-list-item\">\n<h3 class=\"rank-math-question\"><strong>H\u00e1ny sz\u00f3t kell tartalmaznia egy bekezd\u00e9snek a SEO \u00e9rdek\u00e9ben?\u00a0<\/strong><\/h3>\n<div class=\"rank-math-answer\">\n\n<p>A SEO-bar\u00e1t tartalom \u00e9rdek\u00e9ben t\u00f6rekedjen a 40-100 szavas bekezd\u00e9sekre. Ez a hossz\u00fas\u00e1g el\u0151seg\u00edti az olvashat\u00f3s\u00e1got, mik\u00f6zben lehet\u0151v\u00e9 teszi a kulcsszavak megfelel\u0151 elhelyez\u00e9s\u00e9t.<\/p>\n\n<\/div>\n<\/div>\n<div id=\"faq-question-1737644721141\" class=\"rank-math-list-item\">\n<h3 class=\"rank-math-question\"><strong>Mi az ide\u00e1lis bekezd\u00e9shossz a blogokban?\u00a0<\/strong><\/h3>\n<div class=\"rank-math-answer\">\n\n<p>A blog bekezd\u00e9sek a legjobban 40-80 sz\u00f3 k\u00f6z\u00f6tt m\u0171k\u00f6dnek. Ez a hossz\u00fas\u00e1g lek\u00f6ti a mobil olvas\u00f3kat, mik\u00f6zben elegend\u0151 helyet biztos\u00edt a gondolatok kifejt\u00e9s\u00e9hez.<\/p>\n\n<\/div>\n<\/div>\n<div id=\"faq-question-1737644728390\" class=\"rank-math-list-item\">\n<h3 class=\"rank-math-question\"><strong>Van-e sz\u00f3hat\u00e1r a tudom\u00e1nyos \u00edr\u00e1sbeli bekezd\u00e9sekn\u00e9l?\u00a0<\/strong><\/h3>\n<div class=\"rank-math-answer\">\n\n<p>A tudom\u00e1nyos bekezd\u00e9sek jellemz\u0151en 100-200 sz\u00f3b\u00f3l \u00e1llnak, b\u00e1r ez tudom\u00e1ny\u00e1gt\u00f3l \u00e9s c\u00e9lt\u00f3l f\u00fcgg\u0151en v\u00e1ltozik.<\/p>\n\n<\/div>\n<\/div>\n<div id=\"faq-question-1737644737781\" class=\"rank-math-list-item\">\n<h3 class=\"rank-math-question\"><strong>Seg\u00edthetnek-e a mesters\u00e9ges intelligencia eszk\u00f6z\u00f6k a bekezd\u00e9sek hossz\u00e1nak kezel\u00e9s\u00e9ben?\u00a0<\/strong><\/h3>\n<div class=\"rank-math-answer\">\n\n<p>Igen! Az Undetectable AI eszk\u00f6zk\u00e9szlete k\u00e9pes elemezni \u00e9s optimaliz\u00e1lni a bekezd\u00e9sek hossz\u00e1t, mik\u00f6zben meg\u0151rzi a term\u00e9szetes sz\u00f6veg\u00e1raml\u00e1st \u00e9s olvashat\u00f3s\u00e1got.<\/p>\n\n<\/div>\n<\/div>\n<\/div>\n<\/div>\n\n\n<h2 class=\"wp-block-heading\">A l\u00e9nyeg<\/h2>\n\n\n\n<p>A t\u00f6k\u00e9letes bekezd\u00e9shossz nem arr\u00f3l sz\u00f3l, hogy el\u00e9rje a meghat\u00e1rozott sz\u00f3sz\u00e1mot - hanem arr\u00f3l, hogy szolg\u00e1lja az \u00fczenet\u00e9t \u00e9s az olvas\u00f3it. <\/p>\n\n\n\n<p>Kezdje ezekkel az ir\u00e1nymutat\u00e1sokkal, majd igaz\u00edtsa a saj\u00e1t ig\u00e9nyeihez. <\/p>\n\n\n\n<p>A legjobb bekezd\u00e9sek azok, amelyek hat\u00e9konyan k\u00f6zvet\u00edtik gondolataidat, mik\u00f6zben lek\u00f6tik az olvas\u00f3t.Szeretn\u00e9l jav\u00edtani a bekezd\u00e9sszerkezeteden? <\/p>\n\n\n\n<p>Pr\u00f3b\u00e1lja ki a  c\u00edmet. <a href=\"https:\/\/undetectable.ai\" target=\"_blank\" rel=\"noreferrer noopener\">\u00c9szrevehetetlen mesters\u00e9ges intelligencia eszk\u00f6zei<\/a> hogy elemezze \u00e9s optimaliz\u00e1lja az \u00edr\u00e1s\u00e1t. <\/p>\n\n\n\n<p>Seg\u00edtenek olyan bekezd\u00e9seket k\u00e9sz\u00edteni, amelyek a szakmai sz\u00ednvonal megtart\u00e1sa mellett lek\u00f6tik az olvas\u00f3kat.<\/p>","protected":false},"excerpt":{"rendered":"","protected":false},"author":15,"featured_media":5858,"comment_status":"closed","ping_status":"closed","sticky":false,"template":"","format":"standard","meta":{"_themeisle_gutenberg_block_has_review":false,"footnotes":""},"categories":[31],"tags":[],"class_list":["post-5857","post","type-post","status-publish","format-standard","has-post-thumbnail","hentry","category-helpful-ai-content-tips"],"_links":{"self":[{"href":"https:\/\/undetectable.ai/blog\/hu\/wp-json\/wp\/v2\/posts\/5857","targetHints":{"allow":["GET"]}}],"collection":[{"href":"https:\/\/undetectable.ai/blog\/hu\/wp-json\/wp\/v2\/posts"}],"about":[{"href":"https:\/\/undetectable.ai/blog\/hu\/wp-json\/wp\/v2\/types\/post"}],"author":[{"embeddable":true,"href":"https:\/\/undetectable.ai/blog\/hu\/wp-json\/wp\/v2\/users\/15"}],"replies":[{"embeddable":true,"href":"https:\/\/undetectable.ai/blog\/hu\/wp-json\/wp\/v2\/comments?post=5857"}],"version-history":[{"count":5,"href":"https:\/\/undetectable.ai/blog\/hu\/wp-json\/wp\/v2\/posts\/5857\/revisions"}],"predecessor-version":[{"id":18961,"href":"https:\/\/undetectable.ai/blog\/hu\/wp-json\/wp\/v2\/posts\/5857\/revisions\/18961"}],"wp:featuredmedia":[{"embeddable":true,"href":"https:\/\/undetectable.ai/blog\/hu\/wp-json\/wp\/v2\/media\/5858"}],"wp:attachment":[{"href":"https:\/\/undetectable.ai/blog\/hu\/wp-json\/wp\/v2\/media?parent=5857"}],"wp:term":[{"taxonomy":"category","embeddable":true,"href":"https:\/\/undetectable.ai/blog\/hu\/wp-json\/wp\/v2\/categories?post=5857"},{"taxonomy":"post_tag","embeddable":true,"href":"https:\/\/undetectable.ai/blog\/hu\/wp-json\/wp\/v2\/tags?post=5857"}],"curies":[{"name":"wp","href":"https:\/\/api.w.org\/{rel}","templated":true}]}}