{"id":6078,"date":"2025-01-29T16:08:00","date_gmt":"2025-01-29T16:08:00","guid":{"rendered":"https:\/\/undetectable.ai/blog\/?p=6078"},"modified":"2026-04-20T19:51:28","modified_gmt":"2026-04-20T19:51:28","slug":"5-ps-marketing","status":"publish","type":"post","link":"https:\/\/undetectable.ai/blog\/hu\/5-ps-marketing\/","title":{"rendered":"A marketing 5 P-je: A Comprehensive Guide: A Comprehensive Guide"},"content":{"rendered":"<p>A marketingnek sokf\u00e9le m\u00f3dja van, de egy dolog k\u00f6z\u00f6s minden strat\u00e9gi\u00e1ban: a marketing 5 P-je.&nbsp;<\/p>\n\n\n\n<p>Minden strat\u00e9gia, amelyet kiv\u00e1laszt, ezt a marketingmixet veszi figyelembe, azaz a term\u00e9ket, az \u00e1rat, a prom\u00f3ci\u00f3t, a helyet \u00e9s az embereket.<\/p>\n\n\n\n<p>Ez az \u00e1tfog\u00f3 \u00fatmutat\u00f3 r\u00e9szletesen elmagyar\u00e1zza az egyes P-ket, \u00e9s megval\u00f3s\u00edthat\u00f3 tippeket ad a haszn\u00e1latukhoz. Maradjon itt \u00e9s tanuljon.<\/p>\n\n\n\n<h2 class=\"wp-block-heading\">Mi a marketing 5 P-je?<\/h2>\n\n\n\n<figure class=\"wp-block-image size-large\"><img loading=\"lazy\" decoding=\"async\" width=\"1024\" height=\"1024\" src=\"https:\/\/undetectable.ai/blog\/wp-content\/uploads\/2025\/01\/Ps-of-Mkt-1024x1024.jpg\" alt=\"A marketing 5 P-je\" class=\"wp-image-6080\" title=\"\" srcset=\"https:\/\/undetectable.ai/blog\/wp-content\/uploads\/2025\/01\/Ps-of-Mkt.jpg 1024w, https:\/\/undetectable.ai/blog\/wp-content\/uploads\/2025\/01\/Ps-of-Mkt-300x300.jpg 300w, https:\/\/undetectable.ai/blog\/wp-content\/uploads\/2025\/01\/Ps-of-Mkt-150x150.jpg 150w, https:\/\/undetectable.ai/blog\/wp-content\/uploads\/2025\/01\/Ps-of-Mkt-768x768.jpg 768w, https:\/\/undetectable.ai/blog\/wp-content\/uploads\/2025\/01\/Ps-of-Mkt-12x12.jpg 12w\" sizes=\"auto, (max-width: 1024px) 100vw, 1024px\" \/><\/figure>\n\n\n\n<p>A marketingszakemberek \u00fagy v\u00e9lik, hogy a marketing 5 P-je minden sikeres marketingstrat\u00e9gia \u00e9p\u00edt\u0151k\u00f6ve.<\/p>\n\n\n\n<p>Az 5 P - term\u00e9k, \u00e1r, prom\u00f3ci\u00f3, hely \u00e9s emberek - alkotja azt, amit gyakran \"marketingmixnek\" neveznek.<\/p>\n\n\n\n<p>Ezek olyan v\u00e1ltoz\u00f3k, amelyeket a marketingesek a kamp\u00e1nyaik k\u00edv\u00e1nt eredm\u00e9ny\u00e9nek el\u00e9r\u00e9se \u00e9rdek\u00e9ben m\u00f3dos\u00edthatnak.&nbsp;<\/p>\n\n\n\n<p>De hogyan hat\u00e1rozta meg ez az 5 P a marketinget, ahogyan ma ismerj\u00fck? <\/p>\n\n\n\n<p>A koncepci\u00f3 <a href=\"https:\/\/en.wikipedia.org\/wiki\/Marketing_mix\" target=\"_blank\" rel=\"noreferrer noopener\">eredete a 20. sz\u00e1zad k\u00f6zep\u00e9re ny\u00falik vissza<\/a> sz\u00e1zadban, amikor James Culliton professzor a marketingeseket \"\u00f6sszetev\u0151k kever\u0151inek\" nevezte.<\/p>\n\n\n\n<p>Akkoriban a koncepci\u00f3nak mind\u00f6ssze n\u00e9gy P-je volt: Product, Price, Promotion \u00e9s Place. <\/p>\n\n\n\n<p>K\u00e9s\u0151bb, 1960-ban azonban E. Jerome McCarthy leegyszer\u0171s\u00edtette ezt a mixet a 4 P-re, hogy a marketingesek sz\u00e1m\u00e1ra praktikuss\u00e1 tegye.&nbsp;<\/p>\n\n\n\n<p>Id\u0151vel, ahogy a marketing fejl\u0151d\u00f6tt, egy \u00f6t\u00f6dik P - az emberek - is beker\u00fclt a mixbe, hogy t\u00fckr\u00f6zze az emberi elemet a modern strat\u00e9gi\u00e1kban.<\/p>\n\n\n\n<h2 class=\"wp-block-heading\">Az 5 P meghat\u00e1roz\u00e1sa \u00e9s \u00e1ttekint\u00e9se<\/h2>\n\n\n\n<p>N\u00e9zz\u00fck meg k\u00f6zelebbr\u0151l a marketingmix 5 P-j\u00e9nek mindegyik\u00e9t.<\/p>\n\n\n\n<h3 class=\"wp-block-heading\">1. Term\u00e9k<\/h3>\n\n\n\n<p>A Product P azt jel\u00f6li, hogy mit \u00e1rulsz, \u00e9s az mennyire felel meg a c\u00e9lk\u00f6z\u00f6ns\u00e9ged ig\u00e9nyeinek.<\/p>\n\n\n\n<p>A term\u00e9k lehet k\u00e9zzelfoghat\u00f3 t\u00e1rgy, p\u00e9ld\u00e1ul egy okos\u00f3ra, de lehet megfoghatatlan dolog is, p\u00e9ld\u00e1ul egy Spotify-el\u0151fizet\u00e9s, vagy digit\u00e1lis term\u00e9k, p\u00e9ld\u00e1ul egy <a href=\"https:\/\/devdiggers.com\/product\/woocommerce-points-and-rewards\/\" data-type=\"link\" data-id=\"https:\/\/devdiggers.com\/product\/woocommerce-points-and-rewards\/\" target=\"_blank\" rel=\"noopener\">WooCommerce pontok \u00e9s jutalmak plugin<\/a>, ami seg\u00edt az online \u00e1ruh\u00e1zaknak az ism\u00e9telt v\u00e1s\u00e1rl\u00e1sok \u00e9s a v\u00e1s\u00e1rl\u00f3i h\u0171s\u00e9g n\u00f6vel\u00e9s\u00e9ben.<\/p>\n\n\n\n<p>B\u00e1rmely term\u00e9k t\u00f6bb t\u00e9nyez\u0151 alapj\u00e1n v\u00e1lik naggy\u00e1, bele\u00e9rtve a diz\u00e1jnt, a funkci\u00f3kat, a funkcionalit\u00e1st, a min\u0151s\u00e9get \u00e9s m\u00e9g sok m\u00e1st. <\/p>\n\n\n\n<p>E t\u00e9nyez\u0151k mindegyike egyedi m\u00f3don j\u00e1rul hozz\u00e1 egy term\u00e9k siker\u00e9hez.&nbsp;<\/p>\n\n\n\n<p>P\u00e9ld\u00e1ul egy Rolex \u00f3ra \u00e9s egy k\u00f6z\u00f6ns\u00e9ges \u00f3ra ugyan\u00fagy m\u0171k\u00f6dik.&nbsp;<\/p>\n\n\n\n<p>De mi\u00e9rt vonzza jobban a Rolex \u00f3ra a v\u00e1s\u00e1rl\u00f3kat? <\/p>\n\n\n\n<p>Ez azzal f\u00fcgg \u00f6ssze, hogy hogyan \u00e9rzik magukat az emberek. <\/p>\n\n\n\n<p>Az egyszer\u0171 funkcionalit\u00e1s mellett a luxus diz\u00e1jn \u00e9s a st\u00e1tusz \u00edg\u00e9rete is megjelenik.<\/p>\n\n\n\n<p>Ez azonban nem jelenti azt, hogy a funkcionalit\u00e1snak nincs szerepe a term\u00e9k siker\u00e9ben. <\/p>\n\n\n\n<p>A Rolex \u00f3r\u00e1k a min\u0151s\u00e9gi anyagok haszn\u00e1lat\u00e1nak k\u00f6sz\u00f6nhet\u0151en hosszabb \u00e9lettartam\u00faak, mint az olcs\u00f3bb \u00f3r\u00e1k.<\/p>\n\n\n\n<p>Nem sz\u00e1m\u00edt, hogy egy term\u00e9k milyen sz\u00e9pen megtervezett, egy val\u00f3s probl\u00e9m\u00e1t kell megoldania.<\/p>\n\n\n\n<p>Vegy\u00fck p\u00e9ld\u00e1ul a <a href=\"https:\/\/www.spiceworks.com\/marketing\/marketing-strategy\/articles\/zooms-rise-to-fame-and-challenges-during-covid-19-lessons-for-marketers\/\" target=\"_blank\" rel=\"noreferrer noopener\">a Zoom felemelked\u00e9se<\/a> a COVID-19 vil\u00e1gj\u00e1rv\u00e1ny sor\u00e1n. <\/p>\n\n\n\n<p>A t\u00e1voli kommunik\u00e1ci\u00f3 ir\u00e1nti ig\u00e9ny m\u00e1r l\u00e9tezett; a Zoom egyszer\u0171en csak felhaszn\u00e1l\u00f3bar\u00e1t m\u00f3don kiel\u00e9g\u00edtette ezt az ig\u00e9nyt.&nbsp;<\/p>\n\n\n\n<h3 class=\"wp-block-heading\">2. \u00c1r<\/h3>\n\n\n\n<p>A marketing 5 P-j\u00e9nek \u00e1ra befoly\u00e1solja, hogy a v\u00e1s\u00e1rl\u00f3k hogyan \u00e9rz\u00e9kelik a term\u00e9ket, \u00e9s hogy azt v\u00e1lasztj\u00e1k-e m\u00e1sok helyett.<\/p>\n\n\n\n<p>Ez a marketingmix kritikus r\u00e9sze, mivel k\u00f6zvetlen\u00fcl befoly\u00e1solja a bev\u00e9telt. <\/p>\n\n\n\n<p>\u00c9s b\u00e1r egyszer\u0171nek t\u0171nhet az \u00e1rmeghat\u00e1roz\u00e1s, a val\u00f3s\u00e1g enn\u00e9l sokkal \u00f6sszetettebb.<\/p>\n\n\n\n<p>Ha t\u00fal magasra \u00e1ll\u00edtja be, azt kock\u00e1ztatja, hogy potenci\u00e1lis v\u00e1s\u00e1rl\u00f3it elvesz\u00edti az olcs\u00f3bb alternat\u00edv\u00e1k miatt. <\/p>\n\n\n\n<p>Ha t\u00fal alacsonyra \u00e1ll\u00edtod, az emberek megk\u00e9rd\u0151jelezhetik a min\u0151s\u00e9get.<\/p>\n\n\n\n<p>Az \u00e1r meghat\u00e1roz\u00e1s\u00e1n\u00e1l t\u00f6bb t\u00e9nyez\u0151 is szerepet j\u00e1tszik:<\/p>\n\n\n\n<ul class=\"wp-block-list\">\n<li>A termel\u00e9s k\u00f6lts\u00e9gei<\/li>\n\n\n\n<li>Forgalmaz\u00e1s<\/li>\n\n\n\n<li>Marketing<\/li>\n\n\n\n<li>Nyeres\u00e9gk\u00fcl\u00f6nb\u00f6zetek<\/li>\n\n\n\n<li>Munkaer\u0151<\/li>\n\n\n\n<li>tov\u00e1bb...<\/li>\n<\/ul>\n\n\n\n<p>De ezek csak bels\u0151 t\u00e9nyez\u0151k voltak, a k\u00fcls\u0151 t\u00e9nyez\u0151k ugyanolyan fontosak. <\/p>\n\n\n\n<p>Ezek k\u00f6z\u00e9 tartozhatnak:<\/p>\n\n\n\n<ul class=\"wp-block-list\">\n<li>A versenyt\u00e1rsak \u00e1raz\u00e1sa<\/li>\n\n\n\n<li>\u00dcgyfelek v\u00e1s\u00e1rl\u00f3ereje<\/li>\n\n\n\n<li>\u00c1ltal\u00e1nos piaci felt\u00e9telek&nbsp;<\/li>\n<\/ul>\n\n\n\n<p>P\u00e9ld\u00e1ul egy tel\u00edtett piacra bel\u00e9p\u0151 \u00faj m\u00e1rka a figyelem felkelt\u00e9se \u00e9rdek\u00e9ben versenyk\u00e9pes \u00e1rk\u00e9pz\u00e9st v\u00e1laszthat.&nbsp;<\/p>\n\n\n\n<p>Egy j\u00f3l bej\u00e1ratott v\u00e1llalat azonban felhaszn\u00e1lhatja h\u00edrnev\u00e9t a pr\u00e9mium \u00e1rk\u00e9pz\u00e9shez. <\/p>\n\n\n\n<p>\u00c9rted, hogy az Apple elad\u00e1sai mi\u00e9rt nem tapasztalnak szinte soha visszaes\u00e9st annak ellen\u00e9re, hogy a legdr\u00e1g\u00e1bb m\u00e1rka a maga nem\u00e9ben?<\/p>\n\n\n\n<p>Az \u00e1rk\u00e9pz\u00e9snek pszichol\u00f3giai eleme is van. <\/p>\n\n\n\n<p>Vegy\u00fck p\u00e9ld\u00e1ul az okostelefon-ipart \u00e9s azt a viszonylag modern trendet, hogy minden z\u00e1szl\u00f3shaj\u00f3-sorozathoz t\u00f6bb modellt k\u00edn\u00e1lnak.<\/p>\n\n\n\n<ul class=\"wp-block-list\">\n<li>Galaxy S24, S24+, S24 Ultra<\/li>\n\n\n\n<li>iPhone 16, 16 Plus, 16 Pro, 16 Pro Max, 16 Pro Max<\/li>\n<\/ul>\n\n\n\n<p>Persze, a k\u00fcl\u00f6nb\u00f6z\u0151 szintek k\u00fcl\u00f6nb\u00f6z\u0151 ig\u00e9nyeknek \u00e9s k\u00f6lts\u00e9gvet\u00e9seknek felelnek meg. <\/p>\n\n\n\n<p>De finoman a k\u00f6z\u00e9ps\u0151 szint fel\u00e9 terelik az \u00fcgyfeleket azzal, hogy azt a legjobb \u00e1r-\u00e9rt\u00e9k ar\u00e1ny\u00fanak t\u00fcntetik fel.<\/p>\n\n\n\n<p>Ezenk\u00edv\u00fcl a kedvezm\u00e9nyek, a csomagok \u00e9s a t\u00f6bbi mind a pszichol\u00f3giai taktika p\u00e9ld\u00e1i.<\/p>\n\n\n\n<h3 class=\"wp-block-heading\">3. Helysz\u00edn<\/h3>\n\n\n\n<p>Amikor a marketingmix 5 Ps-\u00e9ben elfoglalt hely\u00e9r\u0151l besz\u00e9l\u00fcnk, akkor arr\u00f3l besz\u00e9l\u00fcnk, hogyan jut el a term\u00e9k a v\u00e1s\u00e1rl\u00f3khoz.&nbsp;<\/p>\n\n\n\n<p>Ez mag\u00e1ban foglalja a forgalmaz\u00e1si csatorn\u00e1kat \u00e9s azt, hogy hol \u00e9rt\u00e9kes\u00edtik a term\u00e9ket.<\/p>\n\n\n\n<p>Lehet, hogy d\u00f6ntenie kell a kiskereskedelmi \u00fczletek k\u00f6z\u00f6tt, <a href=\"https:\/\/www.bigcommerce.com\/articles\/ecommerce\/ecommerce-platforms\/\" target=\"_blank\" rel=\"noopener\">e-kereskedelmi platformok<\/a>, vagy a kett\u0151 kombin\u00e1ci\u00f3ja.&nbsp;<\/p>\n\n\n\n<p>Ez a P egyesek sz\u00e1m\u00e1ra a marketing \u00e9rtelemben vett elhelyez\u00e9st is jelenti. <\/p>\n\n\n\n<p>Az elhelyez\u00e9s itt azt jelenti, hogy a hirdet\u00e9sek hol jelennek meg, \u00e9s hogyan h\u00edvj\u00e1k fel magukra a figyelmet.&nbsp;<\/p>\n\n\n\n<p>A f\u00f6ldrajz figyelembev\u00e9tele itt is fontos. <\/p>\n\n\n\n<p>Az \u00fcgyfelek v\u00e1s\u00e1rl\u00f3ereje, preferenci\u00e1i \u00e9s szok\u00e1sai nagym\u00e9rt\u00e9kben elt\u00e9rhetnek az egyes r\u00e9gi\u00f3kban.<\/p>\n\n\n\n<p>Egy term\u00e9k, amely a v\u00e1rosi k\u00f6zpontokban nagy sikert arat, vid\u00e9ken m\u00e1s megk\u00f6zel\u00edt\u00e9st vagy \u00e1rk\u00e9pz\u00e9st ig\u00e9nyelhet.<\/p>\n\n\n\n<p>Vegy\u00fck a Spotify p\u00e9ld\u00e1j\u00e1t.&nbsp;<\/p>\n\n\n\n<p>Az Egyes\u00fclt \u00c1llamokban, ahol a v\u00e1s\u00e1rl\u00f3er\u0151 jobb, mint a vil\u00e1g t\u00f6bbi r\u00e9sz\u00e9n, a pr\u00e9mium $11,99-n\u00e9l kezd\u0151dik. <\/p>\n\n\n\n<p>De a <a href=\"https:\/\/www.androidauthority.com\/how-much-does-spotify-cost-around-the-world-3360533\/\" target=\"_blank\" rel=\"noreferrer noopener\">ugyanez a terv csak 349 PKR (~$1.24) Pakiszt\u00e1nban<\/a> az alacsonyabb \u00e1ltal\u00e1nos v\u00e1s\u00e1rl\u00f3er\u0151 miatt.<\/p>\n\n\n\n<h3 class=\"wp-block-heading\">4. Prom\u00f3ci\u00f3<\/h3>\n\n\n\n<p>A prom\u00f3ci\u00f3 az, ami a marketingstrat\u00e9gi\u00e1t m\u0171k\u00f6d\u00e9sbe hozza.&nbsp;<\/p>\n\n\n\n<p>Ez mag\u00e1ban foglalja a term\u00e9k bemutat\u00e1s\u00e1t a vil\u00e1gnak, mik\u00f6zben gondoskodik arr\u00f3l, hogy a fejeket megforgassa \u00e9s eladhat\u00f3 legyen.<\/p>\n\n\n\n<p>Technikailag t\u00f6bbek k\u00f6z\u00f6tt a k\u00f6vetkez\u0151ket foglalja mag\u00e1ban:<\/p>\n\n\n\n<ul class=\"wp-block-list\">\n<li>Fut\u00f3 hirdet\u00e9sek&nbsp;<\/li>\n\n\n\n<li>E-mailek k\u00fcld\u00e9se<\/li>\n\n\n\n<li>Meggy\u0151z\u0151 \u00fczenetek megfogalmaz\u00e1sa<\/li>\n\n\n\n<li>A megfelel\u0151 platformok kiv\u00e1laszt\u00e1sa<\/li>\n<\/ul>\n\n\n\n<p>A rekl\u00e1mok eset\u00e9ben vannak hagyom\u00e1nyos m\u00f3dszerek, mint a TV-rekl\u00e1mok \u00e9s \u00f3ri\u00e1splak\u00e1tok, valamint modern csatorn\u00e1k, mint a k\u00f6z\u00f6ss\u00e9gi m\u00e9dia. <\/p>\n\n\n\n<p>Az influencer marketing \u00faj kelet\u0171 kieg\u00e9sz\u00edt\u0151je ezeknek a csatorn\u00e1knak, \u00e9s sz\u00e1mos m\u00e1rka t\u00e1maszkodik egy-egy <a href=\"https:\/\/influencity.com\/\" data-type=\"link\" data-id=\"https:\/\/influencity.com\/\" target=\"_blank\" rel=\"noopener\">influencer el\u00e9r\u00e9si platform<\/a> a megfelel\u0151 hangokkal val\u00f3 kapcsolattart\u00e1s \u00e9s az el\u00e9r\u00e9s\u00fck n\u00f6vel\u00e9se.<\/p>\n\n\n\n<p>Teh\u00e1t csak rekl\u00e1mokat sug\u00e1roznak minden csatorn\u00e1n? Nem. <\/p>\n\n\n\n<p>A prom\u00f3ci\u00f3 k\u00f6lts\u00e9ges, \u00e9s a leghangosabban kiab\u00e1lni sem a leghat\u00e9konyabb v\u00e1laszt\u00e1s. <\/p>\n\n\n\n<p>Ki kell tal\u00e1lnia, hol van jelen legink\u00e1bb a c\u00e9lk\u00f6z\u00f6ns\u00e9ge.&nbsp;<\/p>\n\n\n\n<p>P\u00e9ld\u00e1ul egy tech-\u00e9rz\u00e9keny ezer\u00e9veseket megc\u00e9lz\u00f3 startup a digit\u00e1lis platformokra \u00f6sszpontos\u00edthat. <\/p>\n\n\n\n<p>Egy helyi p\u00e9ks\u00e9g azonban t\u00e1maszkodhatna a k\u00f6z\u00f6ss\u00e9gi rendezv\u00e9nyekre \u00e9s a sz\u00e1jr\u00f3l-sz\u00e1jra terjed\u0151 aj\u00e1nl\u00e1sokra.<\/p>\n\n\n\n<h3 class=\"wp-block-heading\">5. Emberek<\/h3>\n\n\n\n<p>Mi a marketing 5 P-je emberek n\u00e9lk\u00fcl? Semmi. Ahogyan nincs v\u00e1llalkoz\u00e1s emberek n\u00e9lk\u00fcl.&nbsp;<\/p>\n\n\n\n<p>Ezek azok a tengelyek, amelyek k\u00f6r\u00e9 a v\u00e1llalkoz\u00e1sok term\u00e9keiket, strat\u00e9gi\u00e1ikat, \u00e1raikat \u00e9s egyebeket igaz\u00edtanak.<\/p>\n\n\n\n<p>\u00cdgy el\u0151bb-ut\u00f3bb ennek a P-nek is csatlakoznia kellett a marketing 5 P-j\u00e9hez.&nbsp;<\/p>\n\n\n\n<p>De az emberek ebben az esetben a folyamatban r\u00e9szt vev\u0151 \u00f6sszes emberi l\u00e9nyt jelentik. <\/p>\n\n\n\n<p>Ide tartoznak az alkalmazottak, a m\u00e1rkanagyk\u00f6vetek, az \u00e9rt\u00e9kes\u00edt\u00e9si szem\u00e9lyzet, a partnerek \u00e9s az \u00f6kosziszt\u00e9ma egy\u00e9b tagjai.<\/p>\n\n\n\n<p>Mindegyik\u00fck hozz\u00e1j\u00e1rul \u00e9s \u00e9letre kelti a m\u00e1rk\u00e1t.<\/p>\n\n\n\n<p>M\u00edg az \u00fcgyf\u00e9l fontoss\u00e1ga egy\u00e9rtelm\u0171, a szem\u00e9lyzet szerepe ebben a P-ben egyesek sz\u00e1m\u00e1ra zavaros lehet. <\/p>\n\n\n\n<p>Vegy\u00fcnk teh\u00e1t egy p\u00e9ld\u00e1t, ami azonnal vil\u00e1goss\u00e1 teszi a dolgokat, \u00e9ttermek!<\/p>\n\n\n\n<p>Az, ahogyan egy \u00e9tterem szem\u00e9lyzete fogadja \u00e9s kezeli a vend\u00e9geket, maradand\u00f3 benyom\u00e1st kelt az \u00e9tteremr\u0151l, nem pedig a szem\u00e9lyzet szem\u00e9ly\u00e9r\u0151l.<\/p>\n\n\n\n<p>Hasonl\u00f3k\u00e9ppen, a sz\u00ednfalak m\u00f6g\u00f6tt dolgoz\u00f3, a m\u0171k\u00f6d\u00e9st z\u00f6kken\u0151mentesen ir\u00e1ny\u00edt\u00f3 alkalmazottak is hozz\u00e1j\u00e1rulnak a m\u00e1rka siker\u00e9hez.<\/p>\n\n\n\n<p>Az \u00fcgyfelek term\u00e9szetesen az \u00e9rem m\u00e1sik oldala. <\/p>\n\n\n\n<p>Ig\u00e9nyeik, f\u00e9lelmeik \u00e9s v\u00e1gyaik meg\u00e9rt\u00e9se minden v\u00e1llalkoz\u00e1s sz\u00e1m\u00e1ra els\u0151dleges fontoss\u00e1g\u00fa.<\/p>\n\n\n\n<p>De ne feledje, hogy nem egy monolit. <\/p>\n\n\n\n<p>Egy\u00e9nek, egyedi preferenci\u00e1kkal \u00e9s viselked\u00e9ssel. <\/p>\n\n\n\n<p>Ez\u00e9rt a szegment\u00e1l\u00e1suk \u00e9s az egyedi m\u00f3don t\u00f6rt\u00e9n\u0151 kiszolg\u00e1l\u00e1suk a helyes \u00fat.<\/p>\n\n\n\n<h2 class=\"wp-block-heading\">Hogyan m\u0171k\u00f6dik egy\u00fctt az 5 Ps?<\/h2>\n\n\n\n<p>A v\u00e1llalkoz\u00e1soknak a siker \u00e9rdek\u00e9ben a marketing 5 P-j\u00e9t harmonikusan kell alkalmazniuk.<\/p>\n\n\n\n<p>Mindegyik P kieg\u00e9sz\u00edti a m\u00e1sikat, \u00e9s nagyszer\u0171 marketingstrat\u00e9gi\u00e1kat tesz lehet\u0151v\u00e9.<\/p>\n\n\n\n<p>Az els\u0151 a <strong>Term\u00e9k<\/strong>, amit az \u00fcgyfelek ig\u00e9nyeinek kiel\u00e9g\u00edt\u00e9s\u00e9re k\u00edn\u00e1l. <\/p>\n\n\n\n<p>Minden olyan tulajdons\u00e1ggal rendelkeznie kell, amit az \u00fcgyfelek elv\u00e1rnak.&nbsp;<\/p>\n\n\n\n<p>\u00c9s ezek fontos jellemz\u0151je a <strong>\u00c1r<\/strong>. <\/p>\n\n\n\n<p>Az \u00e1rk\u00e9pz\u00e9snek t\u00fckr\u00f6znie kell a term\u00e9k \u00e9rt\u00e9k\u00e9t, mik\u00f6zben versenyk\u00e9pesnek \u00e9s vonz\u00f3nak kell maradnia a v\u00e1s\u00e1rl\u00f3k sz\u00e1m\u00e1ra.<\/p>\n\n\n\n<p>K\u00f6vetkezik <strong>Helysz\u00edn<\/strong>, \u00e9s az el\u0151z\u0151 r\u00e9szben olvasta, hogy a f\u00f6ldrajzi elhelyezked\u00e9s hogyan hat\u00e1rozza meg az \u00e1rk\u00e9pz\u00e9st. <\/p>\n\n\n\n<p>A vev\u0151k helyi piac\u00e1t tiszteletben kell tartani a term\u00e9k \u00e1r\u00e1val bizonyos term\u00e9kek eset\u00e9ben.<\/p>\n\n\n\n<p>Hogyan \u00e9s hol <strong>Promote<\/strong> a term\u00e9k v\u00e9gs\u0151 soron azt dikt\u00e1lja, hogy a term\u00e9k sl\u00e1ger lesz-e vagy sem.&nbsp;<\/p>\n\n\n\n<p>V\u00e9g\u00fcl, <strong>Emberek<\/strong> mindent \u00f6ssze kell hozni. <\/p>\n\n\n\n<p>Az \u00d6n alkalmazottai sz\u00e1ll\u00edtj\u00e1k a term\u00e9ket, biztos\u00edtj\u00e1k az \u00fcgyf\u00e9lszolg\u00e1latot, \u00e9s k\u00e9pviselik az \u00d6n m\u00e1rk\u00e1j\u00e1t. De az emberek akkor is az els\u0151 helyen \u00e1llnak, amikor az \u00fcgyfelekr\u0151l van sz\u00f3.&nbsp;<\/p>\n\n\n\n<h2 class=\"wp-block-heading\">P\u00e9ld\u00e1k az 5 P-ben kiemelked\u0151 v\u00e1llalatokra<\/h2>\n\n\n\n<p>Ha jobban megn\u00e9zz\u00fck, azok a m\u00e1rk\u00e1k, amelyek a jelek szerint minden hangot eltal\u00e1lnak, az 5 Ps megfelel\u0151 alkalmaz\u00e1s\u00e1val teszik ezt.<\/p>\n\n\n\n<p>A marketing 5 P-j\u00e9t olyannyira elsaj\u00e1t\u00edtott\u00e1k, hogy uralj\u00e1k a piacukat, nem csak j\u00f3t tesznek.<\/p>\n\n\n\n<p>Besz\u00e9lj\u00fcnk 5 ps marketing p\u00e9ld\u00e1r\u00f3l k\u00e9t ilyen glob\u00e1lis \u00f3ri\u00e1s, a Nike \u00e9s az Apple elemz\u00e9s\u00e9vel.<\/p>\n\n\n\n<h3 class=\"wp-block-heading\">1. Nike<\/h3>\n\n\n<div class=\"wp-block-image\">\n<figure class=\"aligncenter size-full\"><img loading=\"lazy\" decoding=\"async\" width=\"825\" height=\"460\" src=\"https:\/\/undetectable.ai/blog\/wp-content\/uploads\/2025\/01\/nike.jpg\" alt=\"\" class=\"wp-image-6081\" title=\"\" srcset=\"https:\/\/undetectable.ai/blog\/wp-content\/uploads\/2025\/01\/nike.jpg 825w, https:\/\/undetectable.ai/blog\/wp-content\/uploads\/2025\/01\/nike-300x167.jpg 300w, https:\/\/undetectable.ai/blog\/wp-content\/uploads\/2025\/01\/nike-768x428.jpg 768w, https:\/\/undetectable.ai/blog\/wp-content\/uploads\/2025\/01\/nike-18x10.jpg 18w\" sizes=\"auto, (max-width: 825px) 100vw, 825px\" \/><\/figure><\/div>\n\n\n<p>A Nike szil\u00e1rd l\u00e1bakon \u00e1ll a l\u00e1bbelik, ruh\u00e1zati cikkek \u00e9s sportfelszerel\u00e9sek piac\u00e1n. <\/p>\n\n\n\n<p>Ezt a poz\u00edci\u00f3t az olyan m\u00e1rk\u00e1k agressz\u00edv versenye ellen\u00e9re is meg\u0151rizte, mint az Adidas, a Puma \u00e9s m\u00e1sok.<\/p>\n\n\n\n<p>Vess\u00fcnk egy r\u00f6vid pillant\u00e1st az 5 Ps-re, hogy meg\u00e9rts\u00fck, hogyan:<\/p>\n\n\n\n<ul class=\"wp-block-list\">\n<li><strong>Term\u00e9k:<\/strong> A Nike kiv\u00e1l\u00f3 min\u0151s\u00e9g\u0171 term\u00e9kek v\u00e1ltozatos v\u00e1laszt\u00e9k\u00e1t k\u00edn\u00e1lja. Ezek a term\u00e9kek kiv\u00e1l\u00f3 min\u0151s\u00e9g\u0171ek, \u00e9s a sportol\u00f3knak \u00e9s az alkalmi fogyaszt\u00f3knak egyar\u00e1nt megfelelnek. Egyszerre ergonomikus kialak\u00edt\u00e1s\u00faak, eszt\u00e9tikusak \u00e9s tart\u00f3sak. A term\u00e9kcsal\u00e1djukban a folyamatos trendteremt\u0151 \u00faj\u00edt\u00e1sok tartj\u00e1k \u0151ket relev\u00e1nsnak.&nbsp;<\/li>\n<\/ul>\n\n\n\n<p><\/p>\n\n\n\n<ul class=\"wp-block-list\">\n<li><strong>\u00c1r:<\/strong> A Nike pr\u00e9mium \u00e1rstrat\u00e9gi\u00e1t alkalmaz, k\u00f6sz\u00f6nhet\u0151en a term\u00e9k\u00e9nek elismert st\u00e1tusz\u00e1nak, min\u0151s\u00e9g\u00e9nek \u00e9s \u00e9rz\u00e9kelt \u00e9rt\u00e9k\u00e9nek. A v\u00e1s\u00e1rl\u00f3k a m\u00e1rk\u00e1hoz exkluzivit\u00e1st \u00e9s st\u00e1tuszt t\u00e1rs\u00edtanak, \u00e9s ez hajland\u00f3v\u00e1 teszi \u0151ket arra, hogy t\u00f6bbet fizessenek.<\/li>\n<\/ul>\n\n\n\n<p><\/p>\n\n\n\n<ul class=\"wp-block-list\">\n<li><strong>Hely:<\/strong> A Nike term\u00e9kek t\u00f6bb csatorn\u00e1n kereszt\u00fcl is el\u00e9rhet\u0151k, bele\u00e9rtve a kiskereskedelmi \u00fczleteket, az online platformokat \u00e9s az exkluz\u00edv Niketown \u00fczleteket. Ennek eredm\u00e9nyek\u00e9ppen j\u00f3l l\u00e1that\u00f3ak \u00e9s el\u00e9rhet\u0151ek a v\u00e1s\u00e1rl\u00f3k sz\u00e1m\u00e1ra.&nbsp;<\/li>\n<\/ul>\n\n\n\n<p><\/p>\n\n\n\n<ul class=\"wp-block-list\">\n<li><strong>El\u0151l\u00e9ptet\u00e9s: <\/strong>A Nike a prom\u00f3ci\u00f3k ter\u00e9n kem\u00e9ny versenyt\u00e1rsakat \u00e1ll\u00edt versenyt\u00e1rsainak. A Nike olyan sportol\u00f3k kiemelt t\u00e1mogat\u00e1s\u00e1t haszn\u00e1lja, mint Serena Williams \u00e9s LeBron James. Az a t\u00e9ny, hogy a Nike v\u00e9djegye, a \"Just Do It\" azonnal a Nike-ra eml\u00e9keztet, el\u00e9g bizony\u00edt\u00e9k arra, hogy a Nike kiv\u00e1l\u00f3an \u00e9rt a prom\u00f3ci\u00f3hoz.<\/li>\n<\/ul>\n\n\n\n<p><\/p>\n\n\n\n<ul class=\"wp-block-list\">\n<li><strong>Emberek:<\/strong> A Nike az embereket helyezi strat\u00e9gi\u00e1ja k\u00f6z\u00e9ppontj\u00e1ba. Grafik\u00e1ik minden sz\u00edn\u0171, kor\u00fa \u00e9s nem\u0171 embert k\u00e9pviselnek.&nbsp;<\/li>\n<\/ul>\n\n\n\n<p><\/p>\n\n\n\n<h3 class=\"wp-block-heading\">2. Alma<\/h3>\n\n\n<div class=\"wp-block-image\">\n<figure class=\"aligncenter size-full\"><img loading=\"lazy\" decoding=\"async\" width=\"750\" height=\"500\" src=\"https:\/\/undetectable.ai/blog\/wp-content\/uploads\/2025\/01\/Apple-Image.jpg\" alt=\"\" class=\"wp-image-6082\" title=\"\" srcset=\"https:\/\/undetectable.ai/blog\/wp-content\/uploads\/2025\/01\/Apple-Image.jpg 750w, https:\/\/undetectable.ai/blog\/wp-content\/uploads\/2025\/01\/Apple-Image-300x200.jpg 300w, https:\/\/undetectable.ai/blog\/wp-content\/uploads\/2025\/01\/Apple-Image-18x12.jpg 18w\" sizes=\"auto, (max-width: 750px) 100vw, 750px\" \/><\/figure><\/div>\n\n\n<p>Az Apple egy olyan glob\u00e1lis \u00f3ri\u00e1s, amelyet nem kell bemutatni.&nbsp;<\/p>\n\n\n\n<p>Marketingstrat\u00e9gi\u00e1juk azonban iskolap\u00e9ld\u00e1ja annak, hogyan kell elsaj\u00e1t\u00edtani a marketing 5 P-j\u00e9t.<\/p>\n\n\n\n<p>\u00cdme, hogyan csin\u00e1lja az Apple j\u00f3l, \u00e9s hogyan tartja \u00e9letben a pezsg\u00e9st:<\/p>\n\n\n\n<ul class=\"wp-block-list\">\n<li><strong>Term\u00e9k:<\/strong> Az Apple olyan term\u00e9keket k\u00edn\u00e1l, amelyek teljes \u00f6kosziszt\u00e9m\u00e1t alkotnak, \u00e9s a felhaszn\u00e1l\u00f3 minden ig\u00e9ny\u00e9t kiel\u00e9g\u00edtik. Az Apple term\u00e9kek min\u0151s\u00e9ge p\u00e1ratlan a piacon. Emellett trendteremt\u0151 er\u0151vel is rendelkeznek (a fejhallgat\u00f3-csatlakoz\u00f3 elt\u00e1vol\u00edt\u00e1sa az egyik p\u00e9lda).<\/li>\n<\/ul>\n\n\n\n<p><\/p>\n\n\n\n<ul class=\"wp-block-list\">\n<li><strong>\u00c1r:<\/strong> Az Apple \u00e1rk\u00e9pz\u00e9si strat\u00e9gi\u00e1ja az exkluzivit\u00e1sr\u00f3l \u00e1rulkodik. A magas \u00e1rakat azzal indokolja, hogy a term\u00e9keket ig\u00e9nyesnek \u00e9s kiv\u00e1l\u00f3 min\u0151s\u00e9g\u0171nek poz\u00edcion\u00e1lja.<\/li>\n<\/ul>\n\n\n\n<p><\/p>\n\n\n\n<ul class=\"wp-block-list\">\n<li><strong>Hely:<\/strong> Az Apple biztos\u00edtja, hogy term\u00e9kei el\u00e9rhet\u0151ek, m\u00e9gis exkluz\u00edvak legyenek. Kiskereskedelmi \u00fczleteik az Apple pr\u00e9mium hangulat\u00e1t t\u00fckr\u00f6zik, az elrendez\u00e9st\u0151l a vil\u00e1g\u00edt\u00e1sig. Ezut\u00e1n vannak hivatalos viszontelad\u00f3ik, ahol szigor\u00faan ellen\u0151rzik a m\u00e1rka k\u00e9pviselet\u00e9t. K\u00f6zvetlen, digit\u00e1lis kirakatot is biztos\u00edtanak a k\u00f6nny\u0171 v\u00e1s\u00e1rl\u00e1shoz.<\/li>\n<\/ul>\n\n\n\n<p><\/p>\n\n\n\n<ul class=\"wp-block-list\">\n<li><strong>El\u0151l\u00e9ptet\u00e9s:<\/strong> Az Apple kamp\u00e1nyai egyszer\u0171ek, m\u00e9gis figyelemfelkelt\u0151ek. A hirdet\u00e9sek a term\u00e9k el\u0151nyeire \u00f6sszpontos\u00edtanak, nem pedig a t\u00falz\u00f3 technikai r\u00e9szletekre. Az olyan kezdem\u00e9nyez\u00e9sek, mint az oktat\u00e1si programok vagy a k\u00f6rnyezetv\u00e9delmi er\u0151fesz\u00edt\u00e9sek (<a href=\"https:\/\/www.apple.com\/environment\/\" target=\"_blank\" rel=\"noreferrer noopener\">Apple 2030<\/a>) j\u00f3 h\u00edrnevet \u00e9p\u00edtenek, mik\u00f6zben az Apple-t a reflektorf\u00e9nyben tartj\u00e1k.<\/li>\n<\/ul>\n\n\n\n<p><\/p>\n\n\n\n<ul class=\"wp-block-list\">\n<li><strong>Emberek:<\/strong> Az Apple Store munkat\u00e1rsai a v\u00e1s\u00e1rl\u00f3k oktat\u00e1s\u00e1ra \u00f6sszpontos\u00edtanak, nem pedig arra, hogy csak eladjanak nekik. K\u00f6z\u00f6ss\u00e9gi kezdem\u00e9nyez\u00e9seik (p\u00e9ld\u00e1ul <a href=\"https:\/\/www.apple.com\/education\/k12\/learn-to-code\/\" target=\"_blank\" rel=\"noreferrer noopener\">k\u00f3dol\u00f3 programok<\/a>) h\u0171s\u00e9get \u00e9p\u00edtenek, \u00e9s a term\u00e9khaszn\u00e1laton t\u00fal is bevonj\u00e1k a k\u00f6z\u00f6ns\u00e9get.<\/li>\n<\/ul>\n\n\n\n<p><\/p>\n\n\n\n<h2 class=\"wp-block-heading\">3 tipp a marketing 5 P-j\u00e9nek megval\u00f3s\u00edt\u00e1s\u00e1hoz<\/h2>\n\n\n<div class=\"wp-block-image\">\n<figure class=\"aligncenter size-full\"><img loading=\"lazy\" decoding=\"async\" width=\"626\" height=\"626\" src=\"https:\/\/undetectable.ai/blog\/wp-content\/uploads\/2025\/01\/marketing.jpg\" alt=\"\" class=\"wp-image-6083\" title=\"\" srcset=\"https:\/\/undetectable.ai/blog\/wp-content\/uploads\/2025\/01\/marketing.jpg 626w, https:\/\/undetectable.ai/blog\/wp-content\/uploads\/2025\/01\/marketing-300x300.jpg 300w, https:\/\/undetectable.ai/blog\/wp-content\/uploads\/2025\/01\/marketing-150x150.jpg 150w, https:\/\/undetectable.ai/blog\/wp-content\/uploads\/2025\/01\/marketing-12x12.jpg 12w\" sizes=\"auto, (max-width: 626px) 100vw, 626px\" \/><\/figure><\/div>\n\n\n<p>A marketing 5 P-j\u00e9nek meg\u00e9rt\u00e9se egy dolog, de a megval\u00f3s\u00edt\u00e1sukhoz szak\u00e9rtelemre van sz\u00fcks\u00e9g.&nbsp;<\/p>\n\n\n\n<p>A k\u00f6vetkez\u0151 tippek seg\u00edthetnek a folyamat k\u00fcl\u00f6nb\u00f6z\u0151 szakaszaiban.<\/p>\n\n\n\n<h3 class=\"wp-block-heading\">1. A prom\u00f3ci\u00f3s er\u0151fesz\u00edt\u00e9sek racionaliz\u00e1l\u00e1sa<\/h3>\n\n\n\n<p>A j\u00f3 prom\u00f3ci\u00f3 az, amikor a megfelel\u0151 emberek a megfelel\u0151 id\u0151ben, a megfelel\u0151 m\u00f3don hallj\u00e1k meg \u00d6nt. <\/p>\n\n\n\n<p>Ehhez el\u0151sz\u00f6r is azonos\u00edtania kell a megfelel\u0151 embereket.&nbsp;<\/p>\n\n\n\n<p>Azt\u00e1n tal\u00e1ld ki, hol l\u00f3gnak a legt\u00f6bbet. <\/p>\n\n\n\n<p>Ha p\u00e9ld\u00e1ul a c\u00e9lk\u00f6z\u00f6ns\u00e9ged a fiatal feln\u0151ttekb\u0151l \u00e1ll, \u00f6sszpontos\u00edts olyan platformokra, mint az Instagram vagy a TikTok, ahol \u0151k t\u00f6ltik az idej\u00fcket.&nbsp;<\/p>\n\n\n\n<p>Ezut\u00e1n j\u00f6n a megfelel\u0151 \u00fczenet elk\u00fcld\u00e9se. <\/p>\n\n\n\n<p>Tartsa az \u00fczenetet vil\u00e1gosan, \u00e9s ker\u00fclje el, hogy a potenci\u00e1lis v\u00e1s\u00e1rl\u00f3kat t\u00fal sok r\u00e9szlettel terhelje meg el\u0151re. <\/p>\n\n\n\n<p>Mutassa meg, hogy a term\u00e9k hogyan old meg egy probl\u00e9m\u00e1t vagy hogyan jav\u00edtja az \u00e9letet.<\/p>\n\n\n\n<p>Hogy megk\u00f6nny\u00edtse ezt a folyamatot, fontolja meg az Undetectable AI <a href=\"https:\/\/undetectable.ai\/ai-essay-writer\" target=\"_blank\" rel=\"noreferrer noopener\">AI essz\u00e9\u00edr\u00f3<\/a>.<\/p>\n\n\n\n<p>Megnyer\u0151 \u00e9s meggy\u0151z\u0151 prom\u00f3ci\u00f3s tartalmat gener\u00e1l az \u00d6n \u00e1ltal v\u00e1lasztott hangnemben.&nbsp;<\/p>\n\n\n\n<p>Professzion\u00e1lis munkafolyamat a k\u00f6nnyebb publik\u00e1l\u00e1s\u00e9rt: a mi \u00e9szrevehetetlen mesters\u00e9ges intelligenci\u00e1nk,<strong> <a href=\"https:\/\/undetectable.ai\/human-auto-typer-for-docs\" data-type=\"link\" data-id=\"https:\/\/undetectable.ai\/human-auto-typer-for-docs\" target=\"_blank\" rel=\"noreferrer noopener\">Emberi automatikus g\u00e9p\u00edr\u00f3<\/a><\/strong> seg\u00edt beilleszteni a kamp\u00e1ny sz\u00f6veg\u00e9t a hirdet\u00e9skezel\u0151kbe, k\u00f6z\u00f6ss\u00e9gi \u00fctemez\u0151kbe, CRM-ekbe (<a href=\"https:\/\/www.folk.app\/fr\/linkedin-crm\" target=\"_blank\" rel=\"noreferrer noopener\">LinkedIn CRM<\/a>, speci\u00e1lis CRM-ek stb.), \u00e9s c\u00e9loldalk\u00e9sz\u00edt\u0151k - a szok\u00e1sos copy-paste fejf\u00e1j\u00e1s n\u00e9lk\u00fcl.<\/p>\n\n\n<div class=\"wp-block-image\">\n<figure class=\"aligncenter size-large\"><img loading=\"lazy\" decoding=\"async\" width=\"1024\" height=\"385\" src=\"https:\/\/undetectable.ai/blog\/wp-content\/uploads\/2025\/09\/Undetectable-AI-Human-Auto-Typer-1024x385.jpg\" alt=\"\u00c9szrevehetetlen AI Human Auto Typer eszk\u00f6z, amelyet a Google Docs-ban haszn\u00e1lnak.\" class=\"wp-image-14596\" title=\"\" srcset=\"https:\/\/undetectable.ai/blog\/wp-content\/uploads\/2025\/09\/Undetectable-AI-Human-Auto-Typer-1024x385.jpg 1024w, https:\/\/undetectable.ai/blog\/wp-content\/uploads\/2025\/09\/Undetectable-AI-Human-Auto-Typer-300x113.jpg 300w, https:\/\/undetectable.ai/blog\/wp-content\/uploads\/2025\/09\/Undetectable-AI-Human-Auto-Typer-768x289.jpg 768w, https:\/\/undetectable.ai/blog\/wp-content\/uploads\/2025\/09\/Undetectable-AI-Human-Auto-Typer-18x7.jpg 18w, https:\/\/undetectable.ai/blog\/wp-content\/uploads\/2025\/09\/Undetectable-AI-Human-Auto-Typer.jpg 1371w\" sizes=\"auto, (max-width: 1024px) 100vw, 1024px\" \/><\/figure><\/div>\n\n\n<p>Val\u00f3s id\u0151ben g\u00e9peli be a sz\u00f6veget, mint egy ember, ami konzisztens form\u00e1z\u00e1st biztos\u00edt, meg\u0151rzi a sort\u00f6r\u00e9seket, \u00e9s elker\u00fcli a furcsa leleteket, amelyek az eszk\u00f6z\u00f6k k\u00f6z\u00f6tti beilleszt\u00e9skor jelentkezhetnek.<\/p>\n\n\n\n<p>Ez k\u00fcl\u00f6n\u00f6sen akkor hasznos, ha A\/B-tesztek vari\u00e1ci\u00f3it teszi k\u00f6zz\u00e9, ha prom\u00f3ci\u00f3s sz\u00f6vegeket t\u00f6lt be t\u00f6bb platformra, vagy ha szoros id\u0151z\u00edt\u00e9s mellett \u00e9l\u0151 aj\u00e1nlatokat ind\u00edt a k\u00fcl\u00f6nb\u00f6z\u0151 csatorn\u00e1kon.<\/p>\n\n\n\n<h3 class=\"wp-block-heading\">2. Szem\u00e9lyre szabja marketing\u00fczeneteit&nbsp;<\/h3>\n\n\n\n<p><a href=\"https:\/\/www.mckinsey.com\/capabilities\/growth-marketing-and-sales\/our-insights\/the-value-of-getting-personalization-right-or-wrong-is-multiplying\" target=\"_blank\" rel=\"noreferrer noopener\">Az \u00fcgyfelek azt akarj\u00e1k \u00e9rezni, hogy k\u00f6zvetlen\u00fcl hozz\u00e1juk besz\u00e9lsz.<\/a> azaz szem\u00e9lyre szabottan ig\u00e9nylik. <\/p>\n\n\n\n<p>Haszn\u00e1lja fel az adatokb\u00f3l nyert inform\u00e1ci\u00f3kat, hogy \u00fczenetei a c\u00e9lk\u00f6z\u00f6ns\u00e9g meghat\u00e1rozott szegmenseire szabja.<\/p>\n\n\n\n<p>A k\u00f6z\u00f6ns\u00e9g meg\u00e9rt\u00e9se a <a href=\"https:\/\/designcloud.app\/blog\/market-segmentation\" target=\"_blank\" rel=\"noopener\">piaci szegment\u00e1ci\u00f3<\/a> jav\u00edtja a marketing eredm\u00e9nyeket.<\/p>\n\n\n\n<p>Mutassa meg, hogy meg\u00e9rti a kih\u00edv\u00e1saikat, \u00e9s poz\u00edcion\u00e1lja term\u00e9k\u00e9t vagy szolg\u00e1ltat\u00e1s\u00e1t megold\u00e1sk\u00e9nt.<\/p>\n\n\n\n<p>A <a href=\"https:\/\/undetectable.ai\/human-auto-typer-for-docs\" target=\"_blank\" rel=\"noreferrer noopener\">Emberi g\u00e9p\u00edr\u00f3<\/a> seg\u00edthet ebben az\u00e1ltal, hogy \u00fczenete emberi hangv\u00e9tel\u0171v\u00e9 \u00e9s \u00e1t\u00e9lhet\u0151v\u00e9 v\u00e1lik.<em>&nbsp;<\/em><\/p>\n\n\n\n<h3 class=\"wp-block-heading\">3. A tartalom min\u0151s\u00e9g\u00e9nek jav\u00edt\u00e1sa&nbsp;<\/h3>\n\n\n\n<p>A rosszul meg\u00edrt vagy t\u00fal bonyolult anyagok elford\u00edthatj\u00e1k a potenci\u00e1lis \u00fcgyfeleket.&nbsp;<\/p>\n\n\n\n<p>Ehelyett a hat\u00e1sos tartalom az, amelyik t\u00f6m\u00f6rs\u00e9g\u00e9vel egyenesen a l\u00e9nyegre t\u00e9r.&nbsp;<\/p>\n\n\n\n<p>Ker\u00fclje a szakzsargont, kiv\u00e9ve, ha a c\u00e9lk\u00f6z\u00f6ns\u00e9g nagyon m\u0171szaki be\u00e1ll\u00edtotts\u00e1g\u00fa, \u00e9s k\u00e9ts\u00e9g eset\u00e9n mindig az egy\u00e9rtelm\u0171s\u00e9get r\u00e9szes\u00edtse el\u0151nyben a kreativit\u00e1ssal szemben.<\/p>\n\n\n\n<p>A <a href=\"https:\/\/undetectable.ai\/word-counter\" target=\"_blank\" rel=\"noreferrer noopener\">Sz\u00f3sz\u00e1ml\u00e1l\u00f3<\/a> seg\u00edthet a prom\u00f3ci\u00f3s anyagok t\u00f6m\u00f6rs\u00e9g\u00e9nek meg\u0151rz\u00e9s\u00e9ben.&nbsp;<\/p>\n\n\n\n<p>Haszn\u00e1lhatja a <a href=\"https:\/\/undetectable.ai\/\" target=\"_blank\" rel=\"noreferrer noopener\">AI Detector \u00e9s Humanizer<\/a> hogy szolg\u00e1ltat\u00e1si oldal\u00e1nak sz\u00f6vege, hirdet\u00e9sei \u00e9s k\u00f6z\u00f6ss\u00e9gi m\u00e9diafeliratai ne hangozzanak robotikusan, mint a versenyt\u00e1rsak\u00e9.<\/p>\n\n\n\n<p>Pr\u00f3b\u00e1lja ki az al\u00e1bbi widgetben!<\/p>\n\n\n\n<div id=\"uai-widget\" data-affiliate-link=\"https:\/\/undetectable.ai\/?_by=hi4km\"><script>var js = document.createElement(\"script\");js.async = true;js.src = \"https:\/\/widget.undetectable.ai\/js\/widget-loader.js?t=\"+Date.now();document.getElementsByTagName(\"head\")[0].appendChild(js);<\/script><\/div>\n\n\n\n<p>A robotikus \u00edr\u00e1s term\u00e9szetesen visszatasz\u00edt\u00f3, \u00e9s a prom\u00f3ci\u00f3s anyagok az utols\u00f3 hely, ahol ezt haszn\u00e1lhatn\u00e1nk.<\/p>\n\n\n\n<h2 class=\"wp-block-heading\">GYIK a marketing 5 Ps-\u00e9r\u0151l<\/h2>\n\n\n<div id=\"rank-math-faq\" class=\"rank-math-block\">\n<div class=\"rank-math-list\">\n<div id=\"faq-question-1738252443858\" class=\"rank-math-list-item\">\n<h3 class=\"rank-math-question\">T\u00f6bb mint 5 P van a marketingben?<\/h3>\n<div class=\"rank-math-answer\">\n\n<p>Igen, n\u00e9h\u00e1ny keretrendszer t\u00falmutat a hagyom\u00e1nyos 5 P-n, mint p\u00e9ld\u00e1ul a <a href=\"https:\/\/en.wikipedia.org\/wiki\/Marketing_mix#Modified_and_expanded_marketing_mix:_%22Seven_P&#039;s%22\" target=\"_blank\" rel=\"noreferrer noopener\">7 Ps marketing mix<\/a> (a kieg\u00e9sz\u00edt\u00e9sek k\u00f6z\u00f6tt szerepelnek a folyamat \u00e9s a fizikai bizony\u00edt\u00e9kok).\u00a0<\/p>\n<p>Ezeket gyakran haszn\u00e1lj\u00e1k bizonyos ipar\u00e1gakban a marketingstrat\u00e9gi\u00e1k egyedi szempontjainak kezel\u00e9s\u00e9re.<\/p>\n\n<\/div>\n<\/div>\n<div id=\"faq-question-1738252461427\" class=\"rank-math-list-item\">\n<h3 class=\"rank-math-question\">Hogyan alkalmazz\u00e1k a kisv\u00e1llalkoz\u00e1sok az 5 Ps-t?<\/h3>\n<div class=\"rank-math-answer\">\n\n<p>A kisv\u00e1llalkoz\u00e1sok az 5 P-t felhaszn\u00e1lhatj\u00e1k a c\u00e9lzott marketingstrat\u00e9gi\u00e1k kialak\u00edt\u00e1s\u00e1hoz. P\u00e9ld\u00e1ul:<\/p>\n<p>Hangs\u00falyozza a hi\u00e1nyp\u00f3tl\u00f3 term\u00e9keket<br \/>Versenyk\u00e9pes \u00e1rk\u00e9pz\u00e9s<br \/>V\u00e1lasszanak olyan helysz\u00edneket vagy platformokat, ahol a k\u00f6z\u00f6ns\u00e9g\u00fck akt\u00edv<br \/>Haszn\u00e1ljon k\u00f6lts\u00e9ghat\u00e9kony prom\u00f3ci\u00f3s m\u00f3dszereket, p\u00e9ld\u00e1ul a k\u00f6z\u00f6ss\u00e9gi m\u00e9di\u00e1t.<br \/>Kiv\u00e1l\u00f3 \u00fcgyf\u00e9lkiszolg\u00e1l\u00e1s a h\u0171s\u00e9g er\u0151s\u00edt\u00e9se \u00e9rdek\u00e9ben.\u00a0<\/p>\n<p>Az 5 Ps olyan \u00fatitervet ad nekik, amelyen a kialakul\u00f3ban l\u00e9v\u0151 \u00e9s viszonylag tapasztalatlanabb szakaszban dolgozhatnak.<\/p>\n\n<\/div>\n<\/div>\n<div id=\"faq-question-1738252475310\" class=\"rank-math-list-item\">\n<h3 class=\"rank-math-question\">Mi a k\u00fcl\u00f6nbs\u00e9g a 4 P \u00e9s az 5 P k\u00f6z\u00f6tt?<\/h3>\n<div class=\"rank-math-answer\">\n\n<p>A 4 P (Product, Price, Place, Promotion) alkotja az eredeti marketing mixet. <\/p>\n<p>Az 5 P hozz\u00e1adja az Embereket, amely a marketing emberi aspektus\u00e1ra \u00f6sszpontos\u00edt - p\u00e9ld\u00e1ul az alkalmazottakra, az \u00fcgyf\u00e9lkapcsolatokra \u00e9s a kapcsolat\u00e9p\u00edt\u00e9sre.<\/p>\n<p>Ez a kieg\u00e9sz\u00edt\u00e9s a keretrendszert a modern marketingstrat\u00e9gi\u00e1khoz jobban alkalmazkod\u00f3v\u00e1 teszi.<\/p>\n\n<\/div>\n<\/div>\n<\/div>\n<\/div>\n\n\n<h2 class=\"wp-block-heading\">Ez egy csomag<\/h2>\n\n\n\n<p>Egy v\u00e1llalkoz\u00e1s siker\u00e9hez a marketing 5 P-j\u00e9nek megfelel\u0151 alkalmaz\u00e1sa is hozz\u00e1tartozik a folyamathoz. <\/p>\n\n\n\n<p>Nincsenek r\u00f6vid\u00edt\u00e9sek.&nbsp;<\/p>\n\n\n\n<p>A cikk v\u00e9gigvezetett p\u00e9ld\u00e1kon, hogy a nagy m\u00e1rk\u00e1k hogyan tartj\u00e1k magukat hozz\u00e1juk, hogy ne csak n\u00f6vekedjenek, hanem uralj\u00e1k is a piacukat.<\/p>\n\n\n\n<p>\u00c9s ne feledje, hogy a marketing egy dinamikus folyamat. <\/p>\n\n\n\n<p>Az \u00e9len j\u00e1r\u00e1s itt azt jelenti, hogy nyitottnak kell lenni az innov\u00e1ci\u00f3ra \u00e9s a megfelel\u0151 er\u0151forr\u00e1sok felhaszn\u00e1l\u00e1s\u00e1ra.&nbsp;<\/p>\n\n\n\n<p>Regisztr\u00e1ljon a <a href=\"https:\/\/undetectable.ai\/\" target=\"_blank\" rel=\"noreferrer noopener\">Kimutathatatlan AI<\/a> \u00e9s hozz\u00e1f\u00e9rhet olyan eszk\u00f6z\u00f6kh\u00f6z, amelyek seg\u00edts\u00e9g\u00e9vel az id\u0151 t\u00f6red\u00e9ke alatt emberhez hasonl\u00f3 marketing\u00fczeneteket hozhat l\u00e9tre.<\/p>","protected":false},"excerpt":{"rendered":"","protected":false},"author":15,"featured_media":6079,"comment_status":"closed","ping_status":"closed","sticky":false,"template":"","format":"standard","meta":{"_themeisle_gutenberg_block_has_review":false,"footnotes":""},"categories":[31],"tags":[],"class_list":["post-6078","post","type-post","status-publish","format-standard","has-post-thumbnail","hentry","category-helpful-ai-content-tips"],"_links":{"self":[{"href":"https:\/\/undetectable.ai/blog\/hu\/wp-json\/wp\/v2\/posts\/6078","targetHints":{"allow":["GET"]}}],"collection":[{"href":"https:\/\/undetectable.ai/blog\/hu\/wp-json\/wp\/v2\/posts"}],"about":[{"href":"https:\/\/undetectable.ai/blog\/hu\/wp-json\/wp\/v2\/types\/post"}],"author":[{"embeddable":true,"href":"https:\/\/undetectable.ai/blog\/hu\/wp-json\/wp\/v2\/users\/15"}],"replies":[{"embeddable":true,"href":"https:\/\/undetectable.ai/blog\/hu\/wp-json\/wp\/v2\/comments?post=6078"}],"version-history":[{"count":11,"href":"https:\/\/undetectable.ai/blog\/hu\/wp-json\/wp\/v2\/posts\/6078\/revisions"}],"predecessor-version":[{"id":22674,"href":"https:\/\/undetectable.ai/blog\/hu\/wp-json\/wp\/v2\/posts\/6078\/revisions\/22674"}],"wp:featuredmedia":[{"embeddable":true,"href":"https:\/\/undetectable.ai/blog\/hu\/wp-json\/wp\/v2\/media\/6079"}],"wp:attachment":[{"href":"https:\/\/undetectable.ai/blog\/hu\/wp-json\/wp\/v2\/media?parent=6078"}],"wp:term":[{"taxonomy":"category","embeddable":true,"href":"https:\/\/undetectable.ai/blog\/hu\/wp-json\/wp\/v2\/categories?post=6078"},{"taxonomy":"post_tag","embeddable":true,"href":"https:\/\/undetectable.ai/blog\/hu\/wp-json\/wp\/v2\/tags?post=6078"}],"curies":[{"name":"wp","href":"https:\/\/api.w.org\/{rel}","templated":true}]}}