{"id":6368,"date":"2025-02-19T16:50:54","date_gmt":"2025-02-19T16:50:54","guid":{"rendered":"https:\/\/undetectable.ai/blog\/?p=6368"},"modified":"2026-01-19T19:27:52","modified_gmt":"2026-01-19T19:27:52","slug":"hogyan-kell-irni-egy-muveszi-nyilatkozatot","status":"publish","type":"post","link":"https:\/\/undetectable.ai/blog\/hu\/hogyan-kell-irni-egy-muveszi-nyilatkozatot\/","title":{"rendered":"Hogyan \u00edrjunk egy er\u0151teljes m\u0171v\u00e9szi nyilatkozatot (p\u00e9ld\u00e1kkal)"},"content":{"rendered":"<p>Egy <a href=\"https:\/\/www.artsyshark.com\/2022\/02\/16\/your-artist-statement-why-you-need-one-and-where-you-can-use-it\/\" target=\"_blank\" rel=\"noopener\">m\u0171v\u00e9szi nyilatkozat<\/a> h\u00edd a m\u0171v\u00e9sz \u00e9s a k\u00f6z\u00f6ns\u00e9g k\u00f6z\u00f6tt.<\/p>\n\n\n\n<p>En\u00e9lk\u00fcl az emberek tal\u00e1lgatnak, \u00e9s megpr\u00f3b\u00e1lj\u00e1k maguk \u00f6sszerakni a jelent\u00e9st.<\/p>\n\n\n\n<p>De a megfelel\u0151 szavakkal ez a kapcsolat vil\u00e1gosabb\u00e1 \u00e9s sz\u00e1nd\u00e9kosabb\u00e1 v\u00e1lik.<\/p>\n\n\n\n<p>De egyet \u00edrni? Az egy m\u00e1sik t\u00f6rt\u00e9net. <\/p>\n\n\n\n<p>M\u00e9g azok a m\u0171v\u00e9szek is, akik az \u00e9rzelmeiket bele\u00f6ntik a munk\u00e1jukba, nehezen tudj\u00e1k mindezt szavakba \u00f6nteni.&nbsp;<\/p>\n\n\n\n<p>Ez az \u00fatmutat\u00f3 pontosan err\u0151l sz\u00f3l. Megmutatja a m\u0171v\u00e9szi nyilatkozat meg\u00edr\u00e1s\u00e1nak l\u00e9p\u00e9seit, \u00e9s n\u00e9h\u00e1ny m\u0171v\u00e9szi nyilatkozatra vonatkoz\u00f3 p\u00e9ld\u00e1t ad, amelyek ezeket a l\u00e9p\u00e9seket alkalmazz\u00e1k.<\/p>\n\n\n\n<p>El\u0151sz\u00f6r is tiszt\u00e1zzuk, mi is az a m\u0171v\u00e9szi nyilatkozat.<\/p>\n\n\n\n<h2 class=\"wp-block-heading\">Mi az a m\u0171v\u00e9szi nyilatkozat?<\/h2>\n\n\n\n<p>A m\u0171v\u00e9szi nyilatkozat egy r\u00f6vid, de \u00e1tgondolt \u00edr\u00e1s, amely elmagyar\u00e1zza, hogy mit \u00e9s mi\u00e9rt alkotsz.<\/p>\n\n\n\n<p>N\u00e9h\u00e1ny mondatot tartalmaz, amely szavakba \u00f6nti a munk\u00e1ja m\u00f6g\u00f6tt \u00e1ll\u00f3 elk\u00e9pzel\u00e9seit, t\u00e9m\u00e1it \u00e9s motiv\u00e1ci\u00f3it. <\/p>\n\n\n\n<p>Ez\u00e1ltal seg\u00edt \u00e1thidalni a m\u0171alkot\u00e1s \u00f6tlete \u00e9s a n\u00e9z\u0151 \u00e9lm\u00e9nye k\u00f6z\u00f6tti szakad\u00e9kot.<\/p>\n\n\n\n<p>Ez\u00e9rt a m\u0171v\u00e9szi nyilatkozatot \u00fagy lehet magyar\u00e1zni, mint egy kis kontextust, an\u00e9lk\u00fcl, hogy pontosan megmondan\u00e1, hogyan kell \u00e9rtelmezni a m\u0171v\u00e9szet\u00e9t.<\/p>\n\n\n\n<p>A nyilatkozatnak \u00f6nmag\u00e1ban kell meg\u00e1llnia a hely\u00e9t. <\/p>\n\n\n\n<p>Vil\u00e1gosnak \u00e9s informat\u00edvnak kell lennie, mik\u00f6zben h\u0171 marad a m\u0171v\u00e9szi gyakorlat\u00e1hoz. <\/p>\n\n\n\n<p>Teh\u00e1t nem szabad arra gondolni, hogy bonyolult nyelvezettel vagy nagy elm\u00e9letekkel kell leny\u0171g\u00f6zni az embereket.<\/p>\n\n\n\n<p>Ha valaha is j\u00e1rt\u00e1l m\u00e1r gal\u00e9ri\u00e1ban, \u00e9s l\u00e1tt\u00e1l bekezd\u00e9seket a m\u0171alkot\u00e1sok mellett, azok m\u0171v\u00e9szi nyilatkozatokat jelentettek.&nbsp;<\/p>\n\n\n\n<p>De ez csak az egyik fajt\u00e1ja. <\/p>\n\n\n\n<p>A m\u0171v\u00e9szi nyilatkozat sz\u00f3lhat egy m\u0171r\u0151l \u00e9s a p\u00e1lyafut\u00e1s eg\u00e9sz\u00e9r\u0151l is.&nbsp;<\/p>\n\n\n\n<p>A m\u0171v\u00e9szek nyilatkozatai \u00e1ltal\u00e1ban ki\u00e1ll\u00edt\u00e1si katal\u00f3gusokban, weboldalakon, \u00f6szt\u00f6nd\u00edjp\u00e1ly\u00e1zatokban \u00e9s minden\u00fctt megjelennek, ahol a m\u0171v\u00e9szeknek be kell mutatniuk munk\u00e1jukat a k\u00f6z\u00f6ns\u00e9gnek.<\/p>\n\n\n\n<h3 class=\"wp-block-heading\">Mi\u00e9rt van sz\u00fcks\u00e9ge minden m\u0171v\u00e9sznek er\u0151s nyilatkozatra?<\/h3>\n\n\n\n<p>Minden m\u0171v\u00e9sz, f\u00fcggetlen\u00fcl att\u00f3l, hogy mennyire befutott, profit\u00e1lhat egy szil\u00e1rd m\u0171v\u00e9szi nyilatkozatb\u00f3l.<\/p>\n\n\n\n<p>El\u0151sz\u00f6r is, tiszt\u00e1zza magukat a m\u0171v\u00e9szeket.&nbsp;<\/p>\n\n\n\n<p>A m\u0171v\u00e9szet gyakran intuit\u00edv, nonverb\u00e1lis folyamat, \u00e9s az \u00f6tleteid szavakba \u00f6nt\u00e9se arra k\u00e9nyszer\u00edt, hogy visszal\u00e9pj \u00e9s kritikusan gondolkodj arr\u00f3l, amit csin\u00e1lsz.<\/p>\n\n\n\n<p>Ez a folyamat \u00faj felismer\u00e9sekhez vezethet, \u00e9s befoly\u00e1solhatja a j\u00f6v\u0151beli munk\u00e1t.<\/p>\n\n\n\n<p>Ezen t\u00falmen\u0151en egy nyilatkozat \u00fatmutat\u00f3k\u00e9nt szolg\u00e1l. <\/p>\n\n\n\n<p>B\u00e1r a munk\u00e1dnak \u00f6nmag\u00e1\u00e9rt kell besz\u00e9lnie, nem minden n\u00e9z\u0151 rendelkezik a h\u00e1tt\u00e9rrel vagy a kontextussal ahhoz, hogy teljes m\u00e9rt\u00e9kben meg\u00e9rtse azt.<\/p>\n\n\n\n<p>Ekkor hivatkoznak erre a kijelent\u00e9sre, hogy ir\u00e1ny\u00edts\u00e1k \u00e9rzelmi reakci\u00f3jukat, \u00e9s kapcsol\u00f3djanak az \u00d6n m\u0171v\u00e9szet\u00e9hez.<\/p>\n\n\n\n<p>Megsp\u00f3rolja azt is, hogy \u00fajra \u00e9s \u00fajra el kelljen magyar\u00e1znia a munk\u00e1j\u00e1t.<\/p>\n\n\n\n<h3 class=\"wp-block-heading\">Miben k\u00fcl\u00f6nb\u00f6zik egy m\u0171v\u00e9szi nyilatkozat az \u00e9letrajzokt\u00f3l vagy az \u00f6n\u00e9letrajzokt\u00f3l?<\/h3>\n\n\n\n<p>K\u00f6nny\u0171 \u00f6sszekeverni a m\u0171v\u00e9szi nyilatkozatot a m\u0171v\u00e9sz \u00e9letrajz\u00e1val vagy \u00f6n\u00e9letrajz\u00e1val, de ezek teljesen k\u00fcl\u00f6nb\u00f6z\u0151 dolgok.<\/p>\n\n\n\n<p>Az \u00e9letrajz \u00e9s az \u00f6n\u00e9letrajz a m\u0171v\u00e9szi p\u00e1lyafut\u00e1sod \"ki\" \u00e9s \"mi\" k\u00e9rd\u00e9s\u00e9re ad v\u00e1laszt. <\/p>\n\n\n\n<p>Az \u00f6n\u00e9letrajzb\u00f3l megtudhatj\u00e1k az emberek, hogy ki vagy, honnan j\u00f6tt\u00e9l, mi a h\u00e1ttered, \u00e9s a karriered legfontosabb \u00e1llom\u00e1sai. Olyan, mint egy szakmai bemutatkoz\u00e1s. <a href=\"https:\/\/undetectable.ai\/blog\/how-to-write-in-third-person\/\" target=\"_blank\" rel=\"noreferrer noopener\">harmadik szem\u00e9lyben \u00edrva<\/a>.&nbsp;<\/p>\n\n\n\n<p>Az \u00f6n\u00e9letrajz m\u00e9g struktur\u00e1ltabb, \u00e9s az \u00d6n bizony\u00edtv\u00e1nyaira \u00e9s eredm\u00e9nyeire \u00f6sszpontos\u00edt. <\/p>\n\n\n\n<p>Legt\u00f6bbsz\u00f6r bullet point form\u00e1tumban.<\/p>\n\n\n\n<p>A m\u0171v\u00e9szi nyilatkozat viszont a m\u0171v\u00e9szet \"mi\u00e9rtj\u00e9re\" \u00e9s \"hogyanj\u00e1ra\" \u00f6sszpontos\u00edt.&nbsp;<\/p>\n\n\n\n<p>Sokkal szem\u00e9lyesebb, mert a k\u00f6z\u00f6ns\u00e9get is bevonja a m\u0171v\u00e9szeti alkot\u00e1s folyamat\u00e1ba. <\/p>\n\n\n\n<p>Ezen kereszt\u00fcl szavakkal fejezed ki kreat\u00edv filoz\u00f3fi\u00e1dat, hat\u00e1saidat \u00e9s az \u00e1ltalad vizsg\u00e1lt \u00f6tleteket.<\/p>\n\n\n\n<p>Ez\u00e9rt kell egyes sz\u00e1m els\u0151 szem\u00e9lyben \u00edrnod, hogy megfelel\u0151en megragadja a hangodat.&nbsp;<\/p>\n\n\n\n<h2 class=\"wp-block-heading\">Hogyan \u00edrjunk m\u0171v\u00e9szi nyilatkozatot&nbsp;<\/h2>\n\n\n<div class=\"wp-block-image\">\n<figure class=\"aligncenter size-large is-resized\"><img loading=\"lazy\" decoding=\"async\" width=\"1024\" height=\"683\" src=\"https:\/\/undetectable.ai/blog\/wp-content\/uploads\/2024\/11\/Untitled-design-3-1024x683.jpg\" alt=\"Egy vektoros m\u0171v\u00e9szet egy f\u00e9rfi fejhallgat\u00f3t visel, mik\u00f6zben egy k\u00f6nyvet \u00edr\" class=\"wp-image-4936\" style=\"width:606px;height:auto\" title=\"\" srcset=\"https:\/\/undetectable.ai/blog\/wp-content\/uploads\/2024\/11\/Untitled-design-3-1024x683.jpg 1024w, https:\/\/undetectable.ai/blog\/wp-content\/uploads\/2024\/11\/Untitled-design-3-300x200.jpg 300w, https:\/\/undetectable.ai/blog\/wp-content\/uploads\/2024\/11\/Untitled-design-3-768x512.jpg 768w, https:\/\/undetectable.ai/blog\/wp-content\/uploads\/2024\/11\/Untitled-design-3-18x12.jpg 18w, https:\/\/undetectable.ai/blog\/wp-content\/uploads\/2024\/11\/Untitled-design-3.jpg 1200w\" sizes=\"auto, (max-width: 1024px) 100vw, 1024px\" \/><\/figure><\/div>\n\n\n<p>Nem k\u00f6nny\u0171 egy \u00fcres lapot b\u00e1mulni, \u00e9s megpr\u00f3b\u00e1lni n\u00e9h\u00e1ny mondatban \u00f6sszefoglalni az eg\u00e9sz m\u0171v\u00e9szi gyakorlatodat.<\/p>\n\n\n\n<p>Hogyan lehet valami ennyire vizu\u00e1lis, \u00f6szt\u00f6n\u00f6s dolgot szavakba \u00f6nteni? <\/p>\n\n\n\n<p>Nos, ne \u00fagy gondolj r\u00e1, mint valami nagy, v\u00e9gleges nyilatkozatra.&nbsp;<\/p>\n\n\n\n<p>Egy j\u00f3 m\u0171v\u00e9szi nyilatkozat nem magyar\u00e1z meg mindent. <\/p>\n\n\n\n<p>Csak annyit kell ny\u00fajtania, hogy elm\u00e9ly\u00edtse a n\u00e9z\u0151 meg\u00e9rt\u00e9s\u00e9t an\u00e9lk\u00fcl, hogy dikt\u00e1ln\u00e1 az \u00e9lm\u00e9ny\u00e9t.<\/p>\n\n\n\n<p>De hogyan lehet ezt a gyakorlatban megval\u00f3s\u00edtani? <\/p>\n\n\n\n<p>Az al\u00e1bbiakban megtudhatod, hogyan kell m\u0171v\u00e9szi nyilatkozatot \u00edrni, miel\u0151tt bemutatn\u00e9k n\u00e9h\u00e1ny m\u0171v\u00e9szi nyilatkozat p\u00e9ld\u00e1t.<\/p>\n\n\n\n<h3 class=\"wp-block-heading\">1. l\u00e9p\u00e9s: Hat\u00e1rozza meg m\u0171v\u00e9szi elk\u00e9pzel\u00e9seit \u00e9s \u00fczenet\u00e9t<\/h3>\n\n\n\n<p>Miel\u0151tt teljes mondatokat \u00edrna le, l\u00e9pjen egyet h\u00e1tra, \u00e9s gondolja \u00e1t a nagyobb k\u00e9pet.<\/p>\n\n\n\n<p>Mi mozgatja a munk\u00e1dat? Mit vizsg\u00e1lsz, k\u00e9rdezel vagy fejezel ki?<\/p>\n\n\n\n<p>Ha nehezen fogalmazza meg ezt a k\u00e9rd\u00e9st, ami meg fog t\u00f6rt\u00e9nni, kezdje egy \u00f6tletb\u00f6rz\u00e9vel. Val\u00f3j\u00e1ban az \u00f6tletel\u00e9snek mindig a kiindul\u00f3pontnak kell lennie.&nbsp;<\/p>\n\n\n\n<p>Ebben a munkamenetben egy helyre kell \u00f6sszegy\u0171jtenie a munk\u00e1j\u00e1r\u00f3l k\u00e9sz\u00fclt k\u00e9peket. <\/p>\n\n\n\n<p>Keresse a k\u00f6z\u00f6s t\u00e9m\u00e1kat, vizu\u00e1lis elemeket \u00e9s \u00e9rzelmi alaphangokat, amelyek \u00f6sszek\u00f6tik \u0151ket.<\/p>\n\n\n\n<p>Most \u00edrja le azokat a szavakat \u00e9s jelz\u0151ket, amelyekr\u0151l \u00fagy \u00e9rzi, hogy jellemzik a munk\u00e1j\u00e1t. M\u00e9g nem pr\u00f3b\u00e1lsz nyilatkozatot \u00edrni, csak \u00f6sszegy\u0171jt\u00f6d az alapvet\u0151 \u00f6sszetev\u0151ket.<\/p>\n\n\n\n<h3 class=\"wp-block-heading\">2. l\u00e9p\u00e9s: \u00cdrja le m\u0171v\u00e9szeti folyamat\u00e1t<\/h3>\n\n\n\n<p>Ha megvan a m\u0171v\u00e9szi v\u00edzi\u00f3ja, \u00f6sszpontos\u00edtson a \"hogyan\"-ra.&nbsp;<\/p>\n\n\n\n<p>A folyamat \u00e9pp\u00fagy r\u00e9sze a t\u00f6rt\u00e9netednek, mint a k\u00e9sz m\u0171. <\/p>\n\n\n\n<p>A folyamatle\u00edr\u00e1s els\u0151sorban a k\u00f6vetkez\u0151kkel foglalkozik:<br><\/p>\n\n\n\n<ul class=\"wp-block-list\">\n<li>Milyen anyagokkal dolgozik?&nbsp;<\/li>\n\n\n\n<li>Van olyan k\u00fcl\u00f6nleges technik\u00e1ja vagy megk\u00f6zel\u00edt\u00e9se, amely megk\u00fcl\u00f6nb\u00f6zteti a munk\u00e1j\u00e1t?&nbsp;<\/li>\n<\/ul>\n\n\n\n<p>Ha m\u00e1r itt tartunk, egy dologra figyelj\u00fcnk oda. Ahelyett, hogy minden l\u00e9p\u00e9st elmagyar\u00e1zol, koncentr\u00e1lj a l\u00e9nyegre. <\/p>\n\n\n\n<p>Egy hosszadalmas technikai bont\u00e1s elvesz\u00edtheti az olvas\u00f3 \u00e9rdekl\u0151d\u00e9s\u00e9t.<\/p>\n\n\n\n<h3 class=\"wp-block-heading\">3. l\u00e9p\u00e9s: K\u00f6z\u00f6lje a munk\u00e1ja m\u00f6g\u00f6tt rejl\u0151 jelent\u00e9startalmat<\/h3>\n\n\n\n<p>Ez az a pont, ahol sok m\u0171v\u00e9sz t\u00e9tov\u00e1zik. <\/p>\n\n\n\n<p>A tr\u00fckk az, hogy egyszer\u0171en csak hangs\u00falyozd ki azokat az \u00f6tleteket, \u00e9rzelmeket vagy besz\u00e9lget\u00e9seket, amelyeket a munk\u00e1ddal szeretn\u00e9l kiv\u00e1ltani.<\/p>\n\n\n\n<p>Ism\u00e9tlem, nem kell t\u00falmagyar\u00e1zni. Egyszer\u0171en csak legy\u00e9l k\u00f6zvetlen.&nbsp;<\/p>\n\n\n\n<p>\u00c9s ami a legfontosabb, legyen magabiztos a nyelvezet\u00e9ben. A munk\u00e1d nem \"pr\u00f3b\u00e1l\" valamit csin\u00e1lni, hanem megteszi.<\/p>\n\n\n\n<p>Teh\u00e1t, ker\u00fclje el <a href=\"https:\/\/www.grammarly.com\/blog\/grammar\/how-we-use-filler-words\/\" target=\"_blank\" rel=\"noreferrer noopener\">t\u00f6ltel\u00e9kszavak<\/a> mint p\u00e9ld\u00e1ul \"rem\u00e9lhet\u0151leg\" vagy \"megpr\u00f3b\u00e1lja\".&nbsp;<\/p>\n\n\n\n<p>Ha a munk\u00e1ja megk\u00e9rd\u0151jelezi a hagyom\u00e1nyos narrat\u00edv\u00e1kat, mondja el. Ha szem\u00e9lyes eml\u00e9kezetb\u0151l, kult\u00fart\u00f6rt\u00e9netb\u0151l vagy politikai kritik\u00e1b\u00f3l t\u00e1pl\u00e1lkozik, mondja ki egy\u00e9rtelm\u0171en.<\/p>\n\n\n\n<p>L\u00e1sd a cikk k\u00e9s\u0151bbi r\u00e9sz\u00e9ben a h\u00edres m\u0171v\u00e9szek t\u00f6bb m\u0171v\u00e9szi nyilatkozat\u00e1nak p\u00e9ld\u00e1j\u00e1t.<\/p>\n\n\n<div class=\"wp-block-image\">\n<figure class=\"aligncenter size-large\"><img loading=\"lazy\" decoding=\"async\" width=\"1024\" height=\"446\" src=\"https:\/\/undetectable.ai/blog\/wp-content\/uploads\/2025\/12\/AI-Sentence-Rewriter-1024x446.jpg\" alt=\"AI Sentence Rewriter k\u00e9perny\u0151k\u00e9p\" class=\"wp-image-19129\" title=\"\" srcset=\"https:\/\/undetectable.ai/blog\/wp-content\/uploads\/2025\/12\/AI-Sentence-Rewriter-1024x446.jpg 1024w, https:\/\/undetectable.ai/blog\/wp-content\/uploads\/2025\/12\/AI-Sentence-Rewriter-300x131.jpg 300w, https:\/\/undetectable.ai/blog\/wp-content\/uploads\/2025\/12\/AI-Sentence-Rewriter-768x335.jpg 768w, https:\/\/undetectable.ai/blog\/wp-content\/uploads\/2025\/12\/AI-Sentence-Rewriter-18x8.jpg 18w, https:\/\/undetectable.ai/blog\/wp-content\/uploads\/2025\/12\/AI-Sentence-Rewriter.jpg 1202w\" sizes=\"auto, (max-width: 1024px) 100vw, 1024px\" \/><\/figure><\/div>\n\n\n<p>Ha nehezen tudsz szavakba \u00f6nteni egy \u00f6szt\u00f6n\u00f6s folyamatot, a mi \u00c9szrevehetetlen mesters\u00e9ges intelligencia <a href=\"https:\/\/undetectable.ai\/sentence-rewriter\" target=\"_blank\" rel=\"noreferrer noopener\">Mondat \u00e1t\u00edr\u00f3<\/a> h\u00eddk\u00e9nt szolg\u00e1l a vizu\u00e1lis \u00f6tletei \u00e9s a professzion\u00e1lis \u00edr\u00e1sbeli tervezet k\u00f6z\u00f6tt.<\/p>\n\n\n\n<p>Ahelyett, hogy megel\u00e9gedne hom\u00e1lyos le\u00edr\u00e1sokkal, haszn\u00e1lhatja ezt a speci\u00e1lis er\u0151forr\u00e1st, hogy pontos, hat\u00e1sos mondatokkal fogalmazza meg kreat\u00edv elk\u00e9pzel\u00e9seit, amelyek a felesleges szakzsargon n\u00e9lk\u00fcl ragadj\u00e1k meg munk\u00e1ja \u201clelk\u00e9t\u201d.<\/p>\n\n\n\n<h3 class=\"wp-block-heading\">4. l\u00e9p\u00e9s: Legyen vil\u00e1gos, t\u00f6m\u00f6r \u00e9s hiteles<\/h3>\n\n\n\n<p>Milyen hossz\u00fa legyen egy m\u0171v\u00e9szi nyilatkozat? R\u00f6videbb, mint gondoln\u00e1d. <\/p>\n\n\n\n<p>Valahol 100 \u00e9s 300 sz\u00f3 k\u00f6z\u00f6tt ide\u00e1lis. Az oldalsz\u00e1mot tekintve legfeljebb egy teljes oldal. Ha enn\u00e9l hosszabb, m\u00e1ris let\u00e9rsz a helyes \u00fatr\u00f3l.<\/p>\n\n\n\n<p>Itt haszn\u00e1lhatja a <a href=\"https:\/\/undetectable.ai\/word-counter\" target=\"_blank\" rel=\"noreferrer noopener\">\u00c9szrevehetetlen AI szavak sz\u00e1ml\u00e1l\u00f3ja<\/a> hogy megtudja a nyilatkozat\u00e1nak sz\u00f3-, mondat- \u00e9s bekezd\u00e9ssz\u00e1m\u00e1t, valamint azt, hogy h\u00e1ny oldalra terjed ki.<\/p>\n\n\n\n<figure class=\"wp-block-image size-large\"><img loading=\"lazy\" decoding=\"async\" width=\"1024\" height=\"381\" src=\"https:\/\/undetectable.ai/blog\/wp-content\/uploads\/2025\/01\/word-counter-tool-at-AI-1024x381.jpg\" alt=\"Sz\u00f3sz\u00e1ml\u00e1l\u00f3\" class=\"wp-image-6147\" title=\"\" srcset=\"https:\/\/undetectable.ai/blog\/wp-content\/uploads\/2025\/01\/word-counter-tool-at-AI-1024x381.jpg 1024w, https:\/\/undetectable.ai/blog\/wp-content\/uploads\/2025\/01\/word-counter-tool-at-AI-300x112.jpg 300w, https:\/\/undetectable.ai/blog\/wp-content\/uploads\/2025\/01\/word-counter-tool-at-AI-768x286.jpg 768w, https:\/\/undetectable.ai/blog\/wp-content\/uploads\/2025\/01\/word-counter-tool-at-AI-18x7.jpg 18w, https:\/\/undetectable.ai/blog\/wp-content\/uploads\/2025\/01\/word-counter-tool-at-AI.jpg 1280w\" sizes=\"auto, (max-width: 1024px) 100vw, 1024px\" \/><\/figure>\n\n\n\n<p>Ha meghaladja az aj\u00e1nlott hossz\u00fas\u00e1got, tegye egy\u00e9rtelm\u0171bb\u00e9 \u00e9s t\u00f6m\u00f6rebb\u00e9. Egy <a href=\"https:\/\/undetectable.ai\/ai-essay-writer\" target=\"_blank\" data-type=\"link\" data-id=\"https:\/\/undetectable.ai\/ai-essay-writer\" rel=\"noreferrer noopener\">AI essz\u00e9\u00edr\u00f3<\/a> seg\u00edthet finom\u00edtani a nyilatkozat\u00e1t az\u00e1ltal, hogy egyszer\u0171s\u00edti az \u00f6sszetett gondolatokat, mik\u00f6zben fenntartja az egy\u00e9rtelm\u0171s\u00e9get.<\/p>\n\n\n\n<p>Ker\u00fclje tov\u00e1bb\u00e1 a m\u0171v\u00e9szeti zsargont vagy a t\u00fal k\u00f6lt\u0151i nyelvezetet, amely ink\u00e1bb hom\u00e1lyos\u00edt, mint tiszt\u00e1z. <\/p>\n\n\n\n<p>A <a href=\"https:\/\/undetectable.ai\/blog\/how-to-shorten-an-essay\/\" target=\"_blank\" rel=\"noreferrer noopener\">hogyan kell ler\u00f6vid\u00edteni egy essz\u00e9t<\/a> \u00fatmutat\u00f3 hasznos lehet itt.&nbsp;<\/p>\n\n\n\n<p>V\u00e9g\u00fcl, a nyilatkozat teljes sz\u00f3mennyis\u00e9ge mellett \u00fcgyeljen arra is, hogy a mondatai is megfelel\u0151 hossz\u00fas\u00e1g\u00faak legyenek. <\/p>\n\n\n\n<p>Pr\u00f3b\u00e1lja meg elker\u00fclni <a href=\"https:\/\/www.niu.edu\/writing-tutorial\/punctuation\/sentence-fragments.shtml\" target=\"_blank\" rel=\"noreferrer noopener\">t\u00f6red\u00e9kes mondatok<\/a>.&nbsp;<\/p>\n\n\n\n<h3 class=\"wp-block-heading\">5. l\u00e9p\u00e9s: Szerkeszt\u00e9s, finom\u00edt\u00e1s \u00e9s visszajelz\u00e9s k\u00e9r\u00e9se<\/h3>\n\n\n\n<p>Nem sz\u00e1m\u00edt, mennyire magabiztos vagy az \u00edr\u00e1sodban, az els\u0151 v\u00e1zlatod ritk\u00e1n a v\u00e9gleges v\u00e1zlatod.<\/p>\n\n\n\n<p>A v\u00e9gleges\u00edt\u00e9shez t\u00f6bbsz\u00f6ri lektor\u00e1l\u00e1sra \u00e9s szerkeszt\u00e9sre van sz\u00fcks\u00e9g. <\/p>\n\n\n\n<p>Olvassa fel hangosan, \u00e9s figyelje meg, hogy term\u00e9szetesen folyik-e, vagy megbotlik bizonyos mondatokban.<\/p>\n\n\n\n<p>V\u00e1gjon ki mindent, ami feleslegesnek vagy t\u00fal bonyolultnak t\u0171nik. <\/p>\n\n\n\n<p>Olvassa el a <a href=\"https:\/\/undetectable.ai\/blog\/what-is-copy-editing\/\" target=\"_blank\" rel=\"noreferrer noopener\">\u00fatmutat\u00f3 a sz\u00f6vegszerkeszt\u00e9shez<\/a> hogy helyesen hajtsa v\u00e9gre ezt a l\u00e9p\u00e9st.<\/p>\n\n\n\n<p>L\u00e9pjen el egy-k\u00e9t napra, majd n\u00e9zze meg \u00fajra friss szemmel. M\u00e9g jobb, ha m\u00e1sokkal is elolvastatja. <\/p>\n\n\n\n<p>A m\u0171v\u00e9sz \u00e9s nem m\u0171v\u00e9sz bar\u00e1tok kever\u00e9ke kiegyens\u00falyozott perspekt\u00edv\u00e1t adhat.<\/p>\n\n\n\n<p>Legyen nyitott a visszajelz\u00e9sekre, de b\u00edzzon az \u00f6szt\u00f6neiben. <\/p>\n\n\n\n<p>A nap v\u00e9g\u00e9n ennek a kijelent\u00e9snek igaznak kell lennie, mert senki sem tudja jobban elmes\u00e9lni a t\u00f6rt\u00e9netedet, mint te.<\/p>\n\n\n\n<p>Az AI Detector \u00e9s Humanizer programunkat is kipr\u00f3b\u00e1lhatod az al\u00e1bbi widgetben!<\/p>\n\n\n\n<div id=\"uai-widget\" data-affiliate-link=\"https:\/\/undetectable.ai\/?_by=hi4km\"><script>var js = document.createElement(\"script\");js.async = true;js.src = \"https:\/\/widget.undetectable.ai\/js\/widget-loader.js?t=\"+Date.now();document.getElementsByTagName(\"head\")[0].appendChild(js);<\/script><\/div>\n\n\n\n<h2 class=\"wp-block-heading\">M\u0171v\u00e9szi nyilatkozat p\u00e9ld\u00e1k \u00e9s sablonok<\/h2>\n\n\n\n<p>A legjobb m\u00f3dja a m\u0171v\u00e9szi nyilatkozat vagy szinte b\u00e1rmilyen koncepci\u00f3 magyar\u00e1zat\u00e1nak az, ha val\u00f3s p\u00e9ld\u00e1kat mutatunk be.<\/p>\n\n\n\n<p>\u00cdme teh\u00e1t n\u00e9h\u00e1ny val\u00f3di m\u0171v\u00e9szi nyilatkozat p\u00e9lda, m\u00e9ghozz\u00e1 h\u00edres m\u0171v\u00e9szekt\u0151l.<\/p>\n\n\n\n<h3 class=\"wp-block-heading\">1. L\u00e1zad\u00f3 rabszolga - Michelangelo Buonarroti<\/h3>\n\n\n\n<p><em>\"A pre-homoerotiz\u00e1lt test egyszerre k\u00e9pezi a m\u0171k\u00f6d\u00e9si ter\u00fcletemet \u00e9s a fogalmi rendszertanom alapj\u00e1t. Szobraim egyszerre vizsg\u00e1lj\u00e1k a transzfix\u00e1lhat\u00f3 jelz\u0151k \u00e1raml\u00e1s\u00e1t \u00e9s az \u0151ket kieg\u00e9sz\u00edt\u0151 anekdotikus k\u00e9pz\u0151dm\u00e9nyeket. A carrarai m\u00e1rv\u00e1nyt mint m\u00e9diumot v\u00e1lasztva dialektik\u00e1t hozok l\u00e9tre az idealiz\u00e1lt forma proto-klasszikus elk\u00e9pzel\u00e9sei \u00e9s a k\u00e9s\u0151bbi humanista naturalizmus k\u00f6z\u00f6tt. Az egyes alakok fizikai k\u00fczdelme egyszerre m\u0171k\u00f6d\u00e9sk\u00e9ptelen \u00e9s jelz\u0151s.\" <\/em>(<a href=\"https:\/\/johnseed.medium.com\/artists-statements-of-the-old-masters-823478b49d32\" target=\"_blank\" rel=\"noreferrer noopener\">forr\u00e1s<\/a>)<\/p>\n\n\n<div class=\"wp-block-image\">\n<figure class=\"aligncenter size-full\"><img loading=\"lazy\" decoding=\"async\" width=\"480\" height=\"720\" src=\"https:\/\/undetectable.ai/blog\/wp-content\/uploads\/2025\/02\/Rebellious.jpg\" alt=\"\" class=\"wp-image-6370\" title=\"\" srcset=\"https:\/\/undetectable.ai/blog\/wp-content\/uploads\/2025\/02\/Rebellious.jpg 480w, https:\/\/undetectable.ai/blog\/wp-content\/uploads\/2025\/02\/Rebellious-200x300.jpg 200w, https:\/\/undetectable.ai/blog\/wp-content\/uploads\/2025\/02\/Rebellious-8x12.jpg 8w\" sizes=\"auto, (max-width: 480px) 100vw, 480px\" \/><\/figure><\/div>\n\n\n<h3 class=\"wp-block-heading\">2. Tresor - Eva Breitfu\u00df<\/h3>\n\n\n\n<p><em>\"A Tr\u00e9sor 2022-t a bizonytalans\u00e1g \u00e9s a \"nem tud\u00e1s\" id\u0151szak\u00e1t k\u00f6vet\u0151en hoztam l\u00e9tre. Ez egy m\u00e9lyebb h\u00edv\u00e1s volt a hitelesebb L\u00e9tez\u00e9shez. A Tr\u00e9sor a francia \"kincs\" sz\u00f3b\u00f3l sz\u00e1rmaz\u00f3 Tr\u00e9sor az \u00f6nmagunkba vetett felt\u00e9tlen bizalom kincse, a k\u00e9ts\u00e9g ellent\u00e9te. Hiszem, hogy mindannyian korl\u00e1tlan potenci\u00e1llal rendelkez\u00fcnk. Tudatoss\u00e1g vagyunk, azzal a k\u00e9pess\u00e9ggel, hogy megny\u00edljunk \u00e9s teremts\u00fcnk a tudatoss\u00e1g hatalmas ter\u00e9b\u0151l. Err\u0151l neh\u00e9z besz\u00e9lni, mert a szavak \u00e9s a nyelv \u00f6nmagukban korl\u00e1toz\u00f3ak. A dolgok akkor kezdtek megv\u00e1ltozni, amikor megengedtem magamnak, hogy igaz\u00e1n sebezhet\u0151 legyek, hogy egy\u00fctt \u00fcljek a k\u00e9nyelmetlens\u00e9ggel \u00e9s megengedjem mindezt. Ez egy nagyon gyeng\u00e9d helye az ismeretlennel val\u00f3 egy\u00fcttl\u00e9tnek.\"<\/em><\/p>\n\n\n<div class=\"wp-block-image\">\n<figure class=\"aligncenter size-full\"><img loading=\"lazy\" decoding=\"async\" width=\"800\" height=\"802\" src=\"https:\/\/undetectable.ai/blog\/wp-content\/uploads\/2025\/02\/art.jpg\" alt=\"\" class=\"wp-image-6371\" title=\"\" srcset=\"https:\/\/undetectable.ai/blog\/wp-content\/uploads\/2025\/02\/art.jpg 800w, https:\/\/undetectable.ai/blog\/wp-content\/uploads\/2025\/02\/art-300x300.jpg 300w, https:\/\/undetectable.ai/blog\/wp-content\/uploads\/2025\/02\/art-150x150.jpg 150w, https:\/\/undetectable.ai/blog\/wp-content\/uploads\/2025\/02\/art-768x770.jpg 768w, https:\/\/undetectable.ai/blog\/wp-content\/uploads\/2025\/02\/art-12x12.jpg 12w\" sizes=\"auto, (max-width: 800px) 100vw, 800px\" \/><\/figure><\/div>\n\n\n<p class=\"has-text-align-center\"><em>[Forr\u00e1s: <a href=\"https:\/\/manhattanarts.com\/artist-members-explain-what-inspired-their-works-of-art\/\" target=\"_blank\" rel=\"noopener\">Tresor - Eva Breitfu\u00df<\/a>]<\/em><\/p>\n\n\n\n<p>Most pedig l\u00e1ssunk n\u00e9h\u00e1ny m\u0171v\u00e9szi nyilatkozat-sablont.<\/p>\n\n\n\n<h3 class=\"wp-block-heading\">M\u0171v\u00e9szi nyilatkozat - Absztrakt fest\u0151<\/h3>\n\n\n\n<p>Munk\u00e1im a strukt\u00fara \u00e9s a spontaneit\u00e1s k\u00f6z\u00f6tti fesz\u00fclts\u00e9get vizsg\u00e1lj\u00e1k. A r\u00e9tegzett ecsetvon\u00e1sok, a v\u00e1ratlan sz\u00ednkapcsolatok \u00e9s a gesztusszer\u0171 jelz\u00e9sk\u00e9sz\u00edt\u00e9s r\u00e9v\u00e9n a m\u00fal\u00f3 \u00e9rzelmek \u00e9s a pillanat energi\u00e1j\u00e1nak megragad\u00e1s\u00e1ra t\u00f6rekszem. Els\u0151sorban akrillal \u00e9s vegyes technik\u00e1val dolgozom nagym\u00e9ret\u0171 v\u00e1sznakon, ami lehet\u0151v\u00e9 teszi sz\u00e1momra, hogy a text\u00far\u00e1n kereszt\u00fcl m\u00e9lys\u00e9get \u00e9s mozg\u00e1st teremtsek.<\/p>\n\n\n\n<p>Ahelyett, hogy konkr\u00e9t jeleneteket \u00e1br\u00e1zoln\u00e9k, ink\u00e1bb olyan kompoz\u00edci\u00f3kat hozok l\u00e9tre, amelyek \u00e9rtelmez\u00e9sre k\u00e9sztetnek. Egyes n\u00e9z\u0151k t\u00e1jk\u00e9peket l\u00e1tnak, m\u00e1sok alakok vagy v\u00e1ltoz\u00f3 f\u00e9ny jelenl\u00e9t\u00e9t \u00e9rzik. Ez a k\u00e9t\u00e9rtelm\u0171s\u00e9g sz\u00e1nd\u00e9kos - azt akarom, hogy a festm\u00e9nyeim t\u00fck\u00f6rk\u00e9nt szolg\u00e1ljanak, \u00e9s t\u00fckr\u00f6zz\u00e9k az \u00e9rzelmeket \u00e9s eml\u00e9keket, amelyeket minden egyes ember mag\u00e1val hoz. Hat\u00e1saim az absztrakt expresszionizmus intuit\u00edv m\u00f3dszereit\u0151l a term\u00e9szeti mint\u00e1kban fellelhet\u0151 szab\u00e1lyozott k\u00e1oszig terjednek. Munk\u00e1im v\u00e9gs\u0151 soron az egyens\u00faly megtal\u00e1l\u00e1s\u00e1r\u00f3l sz\u00f3lnak - az ir\u00e1ny\u00edt\u00e1s \u00e9s az \u00f6nfelad\u00e1s, a forma \u00e9s a foly\u00e9konys\u00e1g, a csend \u00e9s az intenzit\u00e1s k\u00f6z\u00f6tt.<\/p>\n\n\n\n<h3 class=\"wp-block-heading\">M\u0171v\u00e9szi nyilatkozat - Conceptual Photographer<\/h3>\n\n\n\n<p>A fotogr\u00e1fi\u00e1t arra haszn\u00e1lom, hogy az identit\u00e1s, az eml\u00e9kezet \u00e9s a k\u00f6rnyezet metsz\u00e9spontj\u00e1t vizsg\u00e1ljam. K\u00e9peim gyakran elmosj\u00e1k a val\u00f3s\u00e1g \u00e9s a fikci\u00f3 k\u00f6z\u00f6tti hat\u00e1rt, \u00e9s \u00e1lomszer\u0171 kompoz\u00edci\u00f3kat hoznak l\u00e9tre megrendezett elemek, hossz\u00fa expoz\u00edci\u00f3k \u00e9s digit\u00e1lis manipul\u00e1ci\u00f3 seg\u00edts\u00e9g\u00e9vel. Vonz\u00f3dom a hat\u00e1rter\u00fcletekhez - elhagyatott \u00e9p\u00fcletek, k\u00f6dbe burkol\u00f3z\u00f3 t\u00e1jak vagy f\u00e9lhom\u00e1lyos bels\u0151 terek -, mert ezek az \u00e1tmenet \u00e9s az ismeretlen \u00e9rz\u00e9s\u00e9t id\u00e9zik fel.<\/p>\n\n\n\n<p>Minden sorozat, amit k\u00e9sz\u00edtek, egy adott k\u00e9rd\u00e9sben gy\u00f6kerezik. Hogyan alak\u00edtja a k\u00f6rnyezet\u00fcnk az \u00e9nk\u00e9p\u00fcnket? Mit jelent egy helyhez tartozni, vagy k\u00edv\u00fcl\u00e1ll\u00f3nak \u00e9rezni magunkat? Hat\u00e1ssal van r\u00e1m a filmes t\u00f6rt\u00e9netmes\u00e9l\u00e9s, a sz\u00fcrrealizmus \u00e9s a szem\u00e9lyes elbesz\u00e9l\u00e9sek, \u00e9s a kamer\u00e1mat eszk\u00f6zk\u00e9nt haszn\u00e1lom a jelenetek megkonstru\u00e1l\u00e1s\u00e1ra, nem pedig puszt\u00e1n dokument\u00e1l\u00e1s\u00e1ra. C\u00e9lom nem az, hogy v\u00e1laszokat adjak, hanem az, hogy elm\u00e9lked\u00e9sre \u00f6szt\u00f6n\u00f6zzek, arra invit\u00e1lva a n\u00e9z\u0151ket, hogy tal\u00e1lj\u00e1k meg saj\u00e1t jelent\u00e9s\u00fcket a k\u00e9peken.<\/p>\n\n\n\n<p>Egy olyan korban, amikor a mesters\u00e9ges intelligencia \u00e1ltal gener\u00e1lt k\u00e9pek k\u00e9pesek ut\u00e1nozni a m\u0171v\u00e9szi fotogr\u00e1fi\u00e1t, az emberi kreativit\u00e1s megk\u00fcl\u00f6nb\u00f6ztet\u00e9se a g\u00e9p \u00e1ltal k\u00e9sz\u00edtett vizu\u00e1lis alkot\u00e1sokt\u00f3l fontosabb, mint valaha. <a href=\"https:\/\/undetectable.ai\/ai-image-detector\" target=\"_blank\" data-type=\"link\" data-id=\"https:\/\/undetectable.ai\/ai-image-detector\" rel=\"noreferrer noopener\">AI k\u00e9p\u00e9rz\u00e9kel\u0151<\/a> a hiteless\u00e9g ellen\u0151rz\u00e9s\u00e9nek m\u00f3dj\u00e1t, biztos\u00edtva, hogy a fotogr\u00e1fia tov\u00e1bbra is a szem\u00e9lyes kifejez\u00e9s m\u00e9diuma maradjon, ne pedig algoritmikus m\u00e1sol\u00e1s.<\/p>\n\n\n\n<h3 class=\"wp-block-heading\">M\u0171v\u00e9szi nyilatkozat - Digit\u00e1lis\/AI m\u0171v\u00e9sz<\/h3>\n\n\n\n<p>Munk\u00e1im a m\u0171v\u00e9szet \u00e9s a technol\u00f3gia metsz\u00e9spontj\u00e1n helyezkednek el, ahol az emberi kreativit\u00e1s tal\u00e1lkozik a g\u00e9pi intelligenci\u00e1val. Generat\u00edv algoritmusok, neur\u00e1lis h\u00e1l\u00f3zatok \u00e9s digit\u00e1lis fest\u00e9szeti technik\u00e1k seg\u00edts\u00e9g\u00e9vel olyan m\u0171veket hozok l\u00e9tre, amelyek megk\u00e9rd\u0151jelezik a szerz\u0151s\u00e9g \u00e9s a folyamat hagyom\u00e1nyos elk\u00e9pzel\u00e9seit. A mesters\u00e9ges intelligenci\u00e1t ink\u00e1bb munkat\u00e1rsnak, mint eszk\u00f6znek tekintem - egy kisz\u00e1m\u00edthatatlan partnernek, aki v\u00e1ratlan elemeket hoz a kompoz\u00edci\u00f3imba.<\/p>\n\n\n\n<p>Az \u00e1talakul\u00e1s, a glitch eszt\u00e9tika, valamint az organikus \u00e9s mesters\u00e9ges form\u00e1k k\u00f6z\u00f6tti kapcsolat t\u00e9m\u00e1i \u00e1thatj\u00e1k munk\u00e1imat. Leny\u0171g\u00f6z, hogy a technol\u00f3gia hogyan v\u00e1ltoztatja meg az \u00e9rz\u00e9kel\u00e9st, az eml\u00e9kezetet \u00e9s mag\u00e1t az alkot\u00e1si folyamatot. B\u00e1r a kimenetek digit\u00e1lisak, a megk\u00f6zel\u00edt\u00e9sem m\u00e9lyen gyakorlatias, folyamatos iter\u00e1ci\u00f3val \u00e9s beavatkoz\u00e1ssal alak\u00edtom az egyes darabokat. Szeretn\u00e9m, ha munk\u00e1im k\u00e9rd\u00e9seket vetn\u00e9nek fel a m\u0171v\u00e9szek v\u00e1ltoz\u00f3 szerep\u00e9r\u0151l az automatiz\u00e1l\u00e1s kor\u00e1ban - mit jelent alkotni, amikor a g\u00e9pek is k\u00e9pesek gener\u00e1lni?<\/p>\n\n\n\n<h2 class=\"wp-block-heading\">Gyakori hib\u00e1k, amelyeket el kell ker\u00fclni a m\u0171v\u00e9szi nyilatkozatban<\/h2>\n\n\n\n<p>Ha a m\u0171v\u00e9szi nyilatkozat t\u00fal hom\u00e1lyos, akkor semmit sem mond. Ha t\u00fal sz\u00f3kimond\u00f3, elveszti a hat\u00e1s\u00e1t. <\/p>\n\n\n\n<p>De sok m\u0171v\u00e9sz beleesik ugyanabba a csapd\u00e1ba, amely gyeng\u00edti a kijelent\u00e9seiket.&nbsp;<\/p>\n\n\n\n<p>\u00cdme n\u00e9h\u00e1ny gyakori hiba, amire \u00e9rdemes odafigyelni:<\/p>\n\n\n\n<ul class=\"wp-block-list\">\n<li><strong>T\u00falterhel\u00e9s zsargonnal<\/strong> - A d\u00edszes szavak nem teszik hat\u00e1sosabb\u00e1 a kijelent\u00e9st. Csak nehezebben \u00e9rthet\u0151v\u00e9 teszik. Ker\u00fclje az akad\u00e9mikus vagy elm\u00e9leti nyelvezetet, kiv\u00e9ve, ha az val\u00f3ban a m\u0171v\u00e9szi folyamat r\u00e9sze.<\/li>\n<\/ul>\n\n\n\n<ul class=\"wp-block-list\">\n<li><strong>T\u00fals\u00e1gosan hom\u00e1lyosnak lenni<\/strong> - Ha azt mondod, hogy a munk\u00e1d \"az emberi tapasztalatokr\u00f3l sz\u00f3l\" vagy \"az \u00e9rzelmeket vizsg\u00e1lja\", az nem mond semmi konkr\u00e9tumot az olvas\u00f3nak. Mutassa meg, mi teszi egyediv\u00e9 a munk\u00e1j\u00e1t.<\/li>\n<\/ul>\n\n\n\n<ul class=\"wp-block-list\">\n<li><strong>T\u00fal hossz\u00fara ny\u00fajtva<\/strong> - A m\u0171v\u00e9szi nyilatkozatnak t\u00f6m\u00f6rnek kell lennie, ide\u00e1lis esetben 100 \u00e9s 300 sz\u00f3 k\u00f6z\u00f6tt, ak\u00e1rcsak a m\u0171v\u00e9szi nyilatkozat p\u00e9ld\u00e1inkban. B\u00e1rmilyen hosszabb sz\u00f6vegn\u00e9l fenn\u00e1ll a vesz\u00e9lye, hogy az olvas\u00f3 figyelm\u00e9t elvesz\u00edti.<\/li>\n<\/ul>\n\n\n\n<ul class=\"wp-block-list\">\n<li><strong>Magyar\u00e1zat helyett le\u00edr\u00e1s<\/strong> - Ne csak felsorolja a felhaszn\u00e1lt anyagokat - magyar\u00e1zza meg, mi\u00e9rt haszn\u00e1lja \u0151ket, \u00e9s hogyan kapcsol\u00f3dnak a m\u0171v\u00e9szi elk\u00e9pzel\u00e9seihez.<\/li>\n<\/ul>\n\n\n\n<ul class=\"wp-block-list\">\n<li><strong>Pr\u00f3b\u00e1lok \u00fagy hangzani, mint valaki m\u00e1s<\/strong> - A nyilatkozatodnak a saj\u00e1t hangodat kell t\u00fckr\u00f6znie, nem pedig azt, amit szerinted a gal\u00e9ri\u00e1k vagy a kur\u00e1torok hallani szeretn\u00e9nek. A hiteless\u00e9g a kulcs.<\/li>\n<\/ul>\n\n\n\n<ul class=\"wp-block-list\">\n<li><strong>A tiszt\u00e1nl\u00e1t\u00e1s elker\u00fcl\u00e9se<\/strong> - Ha az olvas\u00f3nak meg kell fejtenie, hogy mire gondol, nem fog kapcsol\u00f3dni a munk\u00e1j\u00e1hoz. Legyen egyszer\u0171 \u00e9s k\u00f6zvetlen a nyelvezeted.<\/li>\n<\/ul>\n\n\n\n<ul class=\"wp-block-list\">\n<li><strong>Elfelejtette a korrekt\u00far\u00e1z\u00e1st<\/strong> - A helyes\u00edr\u00e1si hib\u00e1k, a nyelvtani hib\u00e1k \u00e9s a k\u00ednos megfogalmaz\u00e1s gondatlannak t\u0171ntetheti a nyilatkozat\u00e1t. Olvassa el hangosan, szerkessze meg, \u00e9s a v\u00e9gleges\u00edt\u00e9s el\u0151tt ellen\u0151riztesse valakivel.<\/li>\n<\/ul>\n\n\n\n<h2 class=\"wp-block-heading\">V\u00e9gs\u0151 gondolatok<\/h2>\n\n\n\n<p>Egy t\u00f6k\u00e9letesnek t\u0171n\u0151 m\u0171v\u00e9szi nyilatkozat meg\u00edr\u00e1sa kih\u00edv\u00e1st jelent. De mint a gyakorlat b\u00e1rmely r\u00e9sze, id\u0151vel ez is k\u00f6nnyebb\u00e9 v\u00e1lik.<\/p>\n\n\n\n<p>Mind\u00f6ssze arra van sz\u00fcks\u00e9g, hogy m\u0171v\u00e9szi elk\u00e9pzel\u00e9seit szavakba \u00f6ntse \u00fagy, hogy az term\u00e9szetesnek \u00e9s igaznak t\u0171nj\u00f6n az \u00d6n sz\u00e1m\u00e1ra.<\/p>\n\n\n\n<p>Ha valaha is seg\u00edts\u00e9gre van sz\u00fcks\u00e9ge nyilatkozat\u00e1nak finom\u00edt\u00e1s\u00e1ban vagy annak egy\u00e9rtelm\u0171s\u00e9g\u00e9nek ellen\u0151rz\u00e9s\u00e9ben, az Undetectable AI eszk\u00f6zei seg\u00edtenek.&nbsp;<br><a href=\"https:\/\/undetectable.ai\/\" target=\"_blank\" rel=\"noreferrer noopener\">Regisztr\u00e1ljon \u00e9s kezdje el m\u00e9g ma<\/a>.<\/p>","protected":false},"excerpt":{"rendered":"","protected":false},"author":15,"featured_media":6372,"comment_status":"closed","ping_status":"closed","sticky":false,"template":"","format":"standard","meta":{"_themeisle_gutenberg_block_has_review":false,"footnotes":""},"categories":[31],"tags":[],"class_list":["post-6368","post","type-post","status-publish","format-standard","has-post-thumbnail","hentry","category-helpful-ai-content-tips"],"_links":{"self":[{"href":"https:\/\/undetectable.ai/blog\/hu\/wp-json\/wp\/v2\/posts\/6368","targetHints":{"allow":["GET"]}}],"collection":[{"href":"https:\/\/undetectable.ai/blog\/hu\/wp-json\/wp\/v2\/posts"}],"about":[{"href":"https:\/\/undetectable.ai/blog\/hu\/wp-json\/wp\/v2\/types\/post"}],"author":[{"embeddable":true,"href":"https:\/\/undetectable.ai/blog\/hu\/wp-json\/wp\/v2\/users\/15"}],"replies":[{"embeddable":true,"href":"https:\/\/undetectable.ai/blog\/hu\/wp-json\/wp\/v2\/comments?post=6368"}],"version-history":[{"count":6,"href":"https:\/\/undetectable.ai/blog\/hu\/wp-json\/wp\/v2\/posts\/6368\/revisions"}],"predecessor-version":[{"id":19152,"href":"https:\/\/undetectable.ai/blog\/hu\/wp-json\/wp\/v2\/posts\/6368\/revisions\/19152"}],"wp:featuredmedia":[{"embeddable":true,"href":"https:\/\/undetectable.ai/blog\/hu\/wp-json\/wp\/v2\/media\/6372"}],"wp:attachment":[{"href":"https:\/\/undetectable.ai/blog\/hu\/wp-json\/wp\/v2\/media?parent=6368"}],"wp:term":[{"taxonomy":"category","embeddable":true,"href":"https:\/\/undetectable.ai/blog\/hu\/wp-json\/wp\/v2\/categories?post=6368"},{"taxonomy":"post_tag","embeddable":true,"href":"https:\/\/undetectable.ai/blog\/hu\/wp-json\/wp\/v2\/tags?post=6368"}],"curies":[{"name":"wp","href":"https:\/\/api.w.org\/{rel}","templated":true}]}}