{"id":6573,"date":"2025-03-08T13:43:35","date_gmt":"2025-03-08T13:43:35","guid":{"rendered":"https:\/\/undetectable.ai/blog\/?p=6573"},"modified":"2026-04-10T18:58:43","modified_gmt":"2026-04-10T18:58:43","slug":"melleknevek","status":"publish","type":"post","link":"https:\/\/undetectable.ai/blog\/hu\/melleknevek","title":{"rendered":"Mik a mell\u00e9knevek? P\u00e9ld\u00e1k list\u00e1ja \u00e9s haszn\u00e1latuk m\u00f3dja"},"content":{"rendered":"<p>\u00c9szrevetted m\u00e1r, hogy egyes reg\u00e9nyek elvisznek minket egy utaz\u00e1sra?&nbsp;<\/p>\n\n\n\n<p>Szinte l\u00e1tjuk a szerepl\u0151ket, a k\u00f6rnyezetet, s\u0151t m\u00e9g a szem\u00e9lyis\u00e9g\u00fcket is.&nbsp;<\/p>\n\n\n\n<p>Olyan \u00e9rz\u00e9s, mintha egy film j\u00e1tsz\u00f3dna le a fej\u00fcnkben.&nbsp;<\/p>\n\n\n\n<p>De hogyan lehet, hogy minden olyan val\u00f3s\u00e1gosnak \u00e9s tiszt\u00e1nak t\u0171nik?<\/p>\n\n\n\n<p>Hogyan k\u00e9pzelj\u00fck el a magas k\u0151falakat \u00e9s a var\u00e1zslatot a leveg\u0151ben, amikor <strong>J.K. Rowling<\/strong> \u00fagy \u00edrja le Roxfortot, mint egy<em> \"\u0151si,\" \"toronymagas,\" \u00e9s \"csod\u00e1latos\" <\/em>kast\u00e9ly <strong>Harry Potter<\/strong>.&nbsp;<\/p>\n\n\n\n<p>Hogy l\u00e1tjuk a zs\u00fafolt utc\u00e1kat \u00e9s \u00e9rezz\u00fck az akkori fesz\u00fclts\u00e9get, amikor <strong>Charles Dickens<\/strong> le\u00edrja London <strong>K\u00e9t v\u00e1ros t\u00f6rt\u00e9nete<\/strong> mint <em>\"zavaros\", \"kaotikus\" \u00e9s \"komor\".<\/em><\/p>\n\n\n\n<p>Ezeket a szavakat, amelyek seg\u00edtenek nek\u00fcnk l\u00e1tni, \u00e9rezni \u00e9s elk\u00e9pzelni, \u00fagy h\u00edvj\u00e1k. <strong>mell\u00e9knevek.&nbsp;<\/strong><\/p>\n\n\n\n<p>A mell\u00e9knevek az egyszer\u0171 mondatokat sz\u00ednes, izgalmas mondatokk\u00e1 teszik.<\/p>\n\n\n\n<p>Fedezz\u00fck fel, hogy ezek a kis szavak milyen nagy k\u00fcl\u00f6nbs\u00e9get jelentenek besz\u00e9d\u00fcnkben \u00e9s \u00edr\u00e1sunkban!<\/p>\n\n\n\n<h2 class=\"wp-block-heading\">Mi a mell\u00e9kn\u00e9v?<\/h2>\n\n\n\n<p>A mell\u00e9knevek olyan szavak, amelyek le\u00edrj\u00e1k vagy m\u00f3dos\u00edtj\u00e1k a f\u0151neveket vagy n\u00e9vm\u00e1sokat.&nbsp;<\/p>\n\n\n\n<p>Seg\u00edts\u00e9g\u00fckkel t\u00f6bb inform\u00e1ci\u00f3t adhatunk a dolgokr\u00f3l \u00e9s az emberekr\u0151l.&nbsp;<\/p>\n\n\n\n<p><strong>P\u00e9ld\u00e1ul,<\/strong><\/p>\n\n\n\n<p>Ahelyett, hogy azt mondan\u00e1d, hogy \"van egy macsk\u00e1m\", mondhatod azt is, hogy \"van egy bolyhos macsk\u00e1m\".&nbsp;<\/p>\n\n\n\n<p>A \"bolyhos\" sz\u00f3 egy mell\u00e9kn\u00e9v, amely megmondja, hogy milyen macsk\u00e1r\u00f3l van sz\u00f3.&nbsp;<\/p>\n\n\n\n<p>A \"mell\u00e9kn\u00e9v\" sz\u00f3 a latin \"<a href=\"https:\/\/www.etymonline.com\/word\/adjective\" target=\"_blank\" rel=\"noreferrer noopener\">adjectivum,<\/a>\", ami azt jelenti, hogy \"valami hozz\u00e1adott\" vagy \"hozz\u00e1adva\".<\/p>\n\n\n\n<p>Ez az oka annak, hogy a mell\u00e9knevek olyan szavak, amelyek plusz inform\u00e1ci\u00f3t adnak a mondatainkhoz.&nbsp;<\/p>\n\n\n\n<p>A mell\u00e9knevek f\u0151 feladata, hogy r\u00e9szleteket adjanak hozz\u00e1:<\/p>\n\n\n\n<ul class=\"wp-block-list\">\n<li>Tulajdons\u00e1gok (puha, f\u00e9nyes, boldog)<\/li>\n\n\n\n<li>Mennyis\u00e9gek (sok, kev\u00e9s, t\u00f6bb)<\/li>\n\n\n\n<li>Melyik konkr\u00e9t (ez, az, az, azok)<\/li>\n<\/ul>\n\n\n\n<p>Ez lesz\u0171k\u00edti a jelent\u00e9st. Mell\u00e9knevek n\u00e9lk\u00fcl a szavak nagyon \u00e1ltal\u00e1nosak lehetnek.&nbsp;<\/p>\n\n\n\n<p><strong>P\u00e9ld\u00e1ul,<\/strong>&nbsp;<\/p>\n\n\n\n<p>Ha csak azt mondom, hogy \"aut\u00f3\", akkor b\u00e1rmilyen aut\u00f3ra gondolhat.&nbsp;<\/p>\n\n\n\n<p>De ha azt mondom, hogy \"elektromos veter\u00e1n aut\u00f3\", akkor a jelent\u00e9s sokkal sz\u0171kebb.&nbsp;<\/p>\n\n\n\n<p>A \"vintage\" \u00e9s az \"elektromos\" jelz\u0151k seg\u00edtenek elk\u00e9pzelni egy adott aut\u00f3t\u00edpust.&nbsp;<\/p>\n\n\n\n<p>A mell\u00e9knevek sokkal vil\u00e1gosabb\u00e1 \u00e9s \u00e9rdekesebb\u00e9 teszik \u00edr\u00e1sunkat \u00e9s besz\u00e9d\u00fcnket.&nbsp;<\/p>\n\n\n\n<h3 class=\"wp-block-heading\">F\u0151neveket \u00e9s n\u00e9vm\u00e1sokat m\u00f3dos\u00edt\u00f3 szavak<\/h3>\n\n\n\n<p><strong>M\u00f3dos\u00edt\u00e1s<\/strong> a nyelvtanban azt jelenti, hogy megv\u00e1ltoztatj\u00e1k vagy kieg\u00e9sz\u00edtik egy sz\u00f3 jelent\u00e9s\u00e9t.&nbsp;<\/p>\n\n\n\n<p>Ez olyan, mintha egy alap\u00f6tletet k\u00fcl\u00f6nleges r\u00e9szletekkel eg\u00e9sz\u00edten\u00e9nk ki.&nbsp;<\/p>\n\n\n\n<p>Amikor m\u00f3dos\u00edtasz valamit, akkor konkr\u00e9tabb\u00e1 teszed, vagy inform\u00e1ci\u00f3t adsz r\u00f3la.&nbsp;<\/p>\n\n\n\n<p>Egy <a href=\"https:\/\/www.grammarly.com\/blog\/parts-of-speech\/adjectives-modify-nouns\/\" target=\"_blank\" rel=\"noopener\">mell\u00e9kn\u00e9v m\u00f3dos\u00edtja <\/a>a szavakat k\u00e9tf\u00e9lek\u00e9ppen.&nbsp;<\/p>\n\n\n\n<ol class=\"wp-block-list\">\n<li><strong>Attribut\u00edv haszn\u00e1lat<\/strong><\/li>\n<\/ol>\n\n\n\n<p>El\u0151sz\u00f6r is, f\u0151nevek vagy n\u00e9vm\u00e1sok el\u00e9 tehetj\u00fck \u0151ket. Ezt nevezz\u00fck \"attribut\u00edv\" haszn\u00e1latnak.&nbsp;<\/p>\n\n\n\n<p><strong>P\u00e9ld\u00e1ul,&nbsp;<\/strong><\/p>\n\n\n\n<p>Naps\u00fct\u00e9ses nap volt. <em>(A \"napos\" sz\u00f3 k\u00f6zvetlen\u00fcl a \"nap\" f\u0151n\u00e9v el\u0151tt \u00e1ll, amelyet le\u00edr.)<\/em><\/p>\n\n\n\n<p>Tegnap valami furcsa dolog t\u00f6rt\u00e9nt. <em>(A \"furcsa\" mell\u00e9kn\u00e9v a \"valami\" n\u00e9vm\u00e1st m\u00f3dos\u00edtja.)<\/em><\/p>\n\n\n\n<ol start=\"2\" class=\"wp-block-list\">\n<li><strong>El\u0151rejelz\u0151 haszn\u00e1lat<\/strong><\/li>\n<\/ol>\n\n\n\n<p>Ez akkor t\u00f6rt\u00e9nik, amikor mell\u00e9kneveket tesz\u00fcnk olyan \u00f6sszek\u00f6t\u0151 ig\u00e9k ut\u00e1n, mint a \"van\", \"\u00fagy t\u0171nik\" vagy \"\u00fagy \u00e9rzi\".<\/p>\n\n\n\n<p><strong>P\u00e9ld\u00e1ul,<\/strong><\/p>\n\n\n\n<p>Az \u00e9g k\u00e9k. <em>(\"k\u00e9k\" a \"van\" k\u00f6t\u0151sz\u00f3 ut\u00e1n \u00e1ll, \u00e9s az \"\u00e9gboltot\" \u00edrja le.)<\/em><\/p>\n\n\n\n<h2 class=\"wp-block-heading\">Hogyan kell azonos\u00edtani egy mell\u00e9knevet egy mondatban?<\/h2>\n\n\n\n<p>Egy kezd\u0151nek neh\u00e9z meg\u00e9rteni egy mell\u00e9knevet, ezek a tesztek megk\u00f6nny\u00edtik ezt az \u00d6n sz\u00e1m\u00e1ra.&nbsp;<\/p>\n\n\n\n<ol class=\"wp-block-list\">\n<li><strong>Haszn\u00e1lja a poz\u00edci\u00f3tesztet<\/strong><\/li>\n<\/ol>\n\n\n\n<p>Eml\u00e9kszel, hogy besz\u00e9lt\u00fcnk arr\u00f3l, hogy a mell\u00e9knevek k\u00e9t f\u0151 poz\u00edci\u00f3ban jelennek meg?&nbsp;<\/p>\n\n\n\n<p>Gyakran k\u00f6zvetlen\u00fcl az \u00e1ltaluk le\u00edrt f\u0151nevek el\u0151tt \u00e1llnak. <em>(mint \"gy\u00f6ny\u00f6r\u0171 vir\u00e1g\") <\/em>&nbsp;vagy \u00f6sszek\u00f6t\u0151 ig\u00e9k ut\u00e1n <em>(mint \"a vir\u00e1g gy\u00f6ny\u00f6r\u0171\")<\/em>.&nbsp;<\/p>\n\n\n\n<p>Ha egy sz\u00f3t e poz\u00edci\u00f3k valamelyik\u00e9ben l\u00e1t, akkor az egy mell\u00e9kn\u00e9v lehet.&nbsp;<\/p>\n\n\n\n<ol start=\"2\" class=\"wp-block-list\">\n<li><strong>Helyettes\u00edt\u00e9si teszt<\/strong><\/li>\n<\/ol>\n\n\n\n<p>Ha \u00fagy gondolod, hogy egy sz\u00f3 mell\u00e9kn\u00e9v lehet, pr\u00f3b\u00e1ld meg helyettes\u00edteni egy olyan sz\u00f3val, amelyr\u0151l biztosan tudod, hogy mell\u00e9kn\u00e9v, p\u00e9ld\u00e1ul \"nagy\" vagy \"kicsi\".&nbsp;<\/p>\n\n\n\n<p>Ha a mondatnak m\u00e9g mindig van \u00e9rtelme, akkor val\u00f3sz\u00edn\u0171leg tal\u00e1lt\u00e1l egy mell\u00e9knevet.&nbsp;<\/p>\n\n\n\n<p><strong>P\u00e9ld\u00e1ul,&nbsp;<\/strong><\/p>\n\n\n\n<p>A \"She wore a fancy dress\" kifejez\u00e9sben a \"fancy\" helyettes\u00edthet\u0151 a \"pretty\" sz\u00f3val, \u00e9s m\u00e9g mindig m\u0171k\u00f6dik, teh\u00e1t a \"fancy\" egy mell\u00e9kn\u00e9v.&nbsp;<\/p>\n\n\n\n<ol start=\"3\" class=\"wp-block-list\">\n<li><strong>\u00d6sszehasonl\u00edt\u00f3\/szuperlat\u00edvusz teszt<\/strong><\/li>\n<\/ol>\n\n\n\n<p>A legt\u00f6bb mell\u00e9kn\u00e9v megv\u00e1ltoztathat\u00f3, hogy k\u00fcl\u00f6nb\u00f6z\u0151 fokokat mutasson, ha a v\u00e9g\u00fckh\u00f6z -er vagy -est toldal\u00e9kot adunk, vagy ha a \"t\u00f6bb\" vagy \"legt\u00f6bb\" sz\u00f3t haszn\u00e1ljuk el\u0151tt\u00fck.&nbsp;<\/p>\n\n\n\n<p><strong>P\u00e9ld\u00e1ul,&nbsp;<\/strong><\/p>\n\n\n\n<ul class=\"wp-block-list\">\n<li>Boldog \u2192 Boldogabb \u2192 Legboldogabb<\/li>\n\n\n\n<li>Sz\u00e9p \u2192 Szebb \u2192 Legszebb \u2192 Legszebb<\/li>\n<\/ul>\n\n\n\n<p>Ha egy sz\u00f3 ily m\u00f3don megv\u00e1ltoztathat\u00f3, akkor val\u00f3sz\u00edn\u0171leg mell\u00e9kn\u00e9vr\u0151l van sz\u00f3.&nbsp;<\/p>\n\n\n\n<ol start=\"4\" class=\"wp-block-list\">\n<li><strong>Mintafelismer\u00e9s<\/strong><\/li>\n<\/ol>\n\n\n\n<p>Megkeresheti a gyakori mell\u00e9kn\u00e9vv\u00e9gz\u0151d\u00e9seket is. Sok mell\u00e9kn\u00e9v v\u00e9gz\u0151dik ezekkel a mint\u00e1kkal:&nbsp;<\/p>\n\n\n\n<ul class=\"wp-block-list\">\n<li>- able (k\u00e9nyelmes, \u00e9sszer\u0171)<\/li>\n\n\n\n<li>- ful (sz\u00e9p, seg\u00edt\u0151k\u00e9sz)<\/li>\n\n\n\n<li>-ish (v\u00f6r\u00f6ses, gyermeki)<\/li>\n\n\n\n<li>-ous (vesz\u00e9lyes, h\u00edres)<\/li>\n\n\n\n<li>-y (vicces, es\u0151s)<\/li>\n\n\n\n<li>-ive (kreat\u00edv, akt\u00edv)&nbsp;<\/li>\n<\/ul>\n\n\n\n<p>Ez volt a n\u00e9gy gyakori m\u00f3dja a mell\u00e9knevek azonos\u00edt\u00e1s\u00e1nak. Itt van egy buktat\u00f3, amire vigy\u00e1zni kell.&nbsp;<\/p>\n\n\n\n<p>A mell\u00e9knevek szorosan kapcsol\u00f3dnak egy m\u00e1sik besz\u00e9dr\u00e9szhez, a \"hat\u00e1roz\u00f3sz\u00f3khoz\".&nbsp;<\/p>\n\n\n\n<p>A mell\u00e9knevek f\u0151neveket \u00e9s n\u00e9vm\u00e1sokat \u00edrnak le, m\u00edg a hat\u00e1roz\u00f3sz\u00f3k gyakran ig\u00e9ket, mell\u00e9kneveket vagy m\u00e1s hat\u00e1roz\u00f3sz\u00f3kat \u00edrnak le.&nbsp;<\/p>\n\n\n\n<p><strong>P\u00e9ld\u00e1ul,<\/strong><\/p>\n\n\n\n<p>Rosszul \u00e9rzi mag\u00e1t, miut\u00e1n megbukott a vizsg\u00e1n. <em>(Itt a \"rossz\" egy mell\u00e9kn\u00e9v, ami azt \u00edrja le, hogy hogyan \u00e9rzi mag\u00e1t.)<\/em><\/p>\n\n\n\n<p>Rosszul \u00e9nekel a zuhany alatt. <em>(Itt a \"rosszul\" egy hat\u00e1roz\u00f3sz\u00f3, ami azt \u00edrja le, hogy hogyan \u00e9nekel.)<\/em><\/p>\n\n\n\n<p>\u00c9szrevetted, hogy h\u00e1ny hat\u00e1roz\u00f3sz\u00f3 v\u00e9gz\u0151dik -ly-ra? Ez egy hasznos t\u00e1mpont, de nem t\u00f6k\u00e9letes szab\u00e1ly.<\/p>\n\n\n\n<p>Amikor mell\u00e9kneveket haszn\u00e1lunk, val\u00f3j\u00e1ban az \u00e1ltaluk le\u00edrt f\u0151n\u00e9vvel kapcsolatos konkr\u00e9t k\u00e9rd\u00e9sekre v\u00e1laszolunk.&nbsp;<\/p>\n\n\n\n<h2 class=\"wp-block-heading\">Hogyan v\u00e1laszolnak a mell\u00e9knevek a k\u00e9rd\u00e9sekre<\/h2>\n\n\n\n<p>A mell\u00e9kn\u00e9v konkr\u00e9t k\u00e9rd\u00e9sekre v\u00e1laszol, amelyek az olvas\u00f3 vagy a hallgat\u00f3 fej\u00e9ben vannak. Ezek a k\u00e9rd\u00e9sek a k\u00f6vetkez\u0151k....<\/p>\n\n\n\n<p><strong>1. k\u00e9rd\u00e9s - Melyik?&nbsp;<\/strong><\/p>\n\n\n\n<p>A szeml\u00e9ltet\u0151 mell\u00e9knevek v\u00e1laszolnak erre a k\u00e9rd\u00e9sre.&nbsp;<\/p>\n\n\n\n<p>Az olyan szavak, mint az \"ez\", \"az\", \"ezek\" \u00e9s \"azok\" konkr\u00e9t f\u0151nevekre mutatnak, \u00e9s seg\u00edtenek azonos\u00edtani, hogy pontosan melyik dologr\u00f3l besz\u00e9l\u00fcnk.&nbsp;<\/p>\n\n\n\n<p><strong>P\u00e9ld\u00e1ul,<\/strong><\/p>\n\n\n\n<ul class=\"wp-block-list\">\n<li>Ez a k\u00f6nyv a polcon van. (Melyik k\u00f6nyv? Ez itt.)<\/li>\n\n\n\n<li>Azok a felh\u0151k \u00fagy n\u00e9znek ki, mintha es\u0151 j\u00f6nne. (Melyik felh\u0151k? Az ottaniak.)<\/li>\n<\/ul>\n\n\n\n<p><strong>2. k\u00e9rd\u00e9s - Milyen fajta?&nbsp;<\/strong><\/p>\n\n\n\n<p>A le\u00edr\u00f3 mell\u00e9knevek egy f\u0151n\u00e9v tulajdons\u00e1gair\u00f3l vagy jellemz\u0151ir\u0151l sz\u00f3lnak.&nbsp;<\/p>\n\n\n\n<p>Val\u00f3sz\u00edn\u0171leg ezek a mell\u00e9knevek jutnak el\u0151sz\u00f6r eszedbe - olyan szavak, amelyek a sz\u00ednt, a m\u00e9retet vagy m\u00e1s jellemz\u0151ket \u00edrj\u00e1k le.&nbsp;<\/p>\n\n\n\n<p><strong>P\u00e9ld\u00e1ul,<\/strong><\/p>\n\n\n\n<ul class=\"wp-block-list\">\n<li>A piros l\u00e9gg\u00f6mb ellebegett. <em>(Milyen lufi? Egy piros.)<\/em><\/li>\n\n\n\n<li>G\u00f6nd\u00f6r haja \u00e9s ragyog\u00f3 szeme van. <em>(Milyen haja van? G\u00f6nd\u00f6r. Milyen szeme van? Vil\u00e1gos.)<\/em><\/li>\n<\/ul>\n\n\n\n<p><strong>3. k\u00e9rd\u00e9s - H\u00e1nyan?&nbsp;<\/strong><\/p>\n\n\n\n<p>A sz\u00e1mn\u00e9vi mell\u00e9knevek a mennyis\u00e9gre vagy mennyis\u00e9gre vonatkoz\u00f3 k\u00e9rd\u00e9sekre v\u00e1laszolnak.&nbsp;<\/p>\n\n\n\n<p>Ezek k\u00f6z\u00e9 tartoznak a konkr\u00e9t sz\u00e1mok \u00e9s az \u00e1ltal\u00e1nos mennyis\u00e9geket jel\u00f6l\u0151 szavak.&nbsp;<\/p>\n\n\n\n<p><strong>P\u00e9ld\u00e1ul,<\/strong><\/p>\n\n\n\n<ul class=\"wp-block-list\">\n<li>H\u00e1rom kutya szaladt \u00e1t az udvaron. <em>(H\u00e1ny kutya? H\u00e1rom.)<\/em><\/li>\n\n\n\n<li>T\u00f6bb di\u00e1k lek\u00e9ste a buszt. <em>(H\u00e1ny di\u00e1k? T\u00f6bb.)<\/em><\/li>\n\n\n\n<li>Megettem a pizza fel\u00e9t. <em>(Mennyi pizza? Fele.)&nbsp;<\/em><\/li>\n<\/ul>\n\n\n\n<p><strong>4. k\u00e9rd\u00e9s - Ki\u00e9?<\/strong><\/p>\n\n\n\n<p>A birtokos mell\u00e9knevek tulajdonjogot vagy kapcsolatot mutatnak.&nbsp;<\/p>\n\n\n\n<p>Megmondj\u00e1k, hogy valami kihez tartozik.&nbsp;<\/p>\n\n\n\n<p><strong>P\u00e9ld\u00e1ul,&nbsp;<\/strong><\/p>\n\n\n\n<ul class=\"wp-block-list\">\n<li>A h\u00e1tizs\u00e1kom t\u00fal neh\u00e9z. <em>(Kinek a h\u00e1tizs\u00e1kja? Az eny\u00e9m.)<\/em><\/li>\n\n\n\n<li>A h\u00e1zuk a sarkon van. <em>(Kinek a h\u00e1za? Az \u00f6v\u00e9k.)<\/em><\/li>\n\n\n\n<li>Mosolya felder\u00edtette a szob\u00e1t. <em>(Kinek a mosolya? Az \u00f6v\u00e9.)<\/em><\/li>\n<\/ul>\n\n\n\n<p>Ez volt az a n\u00e9gy k\u00e9rd\u00e9s, amelyre a mell\u00e9knevek v\u00e1laszoltak.&nbsp;<\/p>\n\n\n\n<p>Most pedig gyakoroljuk a mell\u00e9knevek azonos\u00edt\u00e1s\u00e1t egy <a href=\"https:\/\/www.grammarbook.com\/grammar_quiz\/identifying_adjectives.asp\" target=\"_blank\" rel=\"noreferrer noopener\">kv\u00edz:<\/a><\/p>\n\n\n\n<ul class=\"wp-block-list\">\n<li>A magas f\u00e9rfi integetett nek\u00fcnk. <em>(Milyen f\u00e9rfi? Magas.)<\/em><\/li>\n\n\n\n<li>Ezeknek a s\u00fctiknek nagyon finom illata van. <em>(Melyik s\u00fctik? Azok.)<\/em><\/li>\n\n\n\n<li>A m\u00e9rk\u0151z\u00e9sen hat j\u00e1t\u00e9kos szerzett g\u00f3lt. <em>(H\u00e1ny j\u00e1t\u00e9kos? Hat.)<\/em><\/li>\n\n\n\n<li>A v\u00e1laszod helyes volt. <em>(Kinek a v\u00e1lasza? A ti\u00e9d.)<\/em><\/li>\n\n\n\n<li>A v\u00e1rat \u0151si k\u0151fal vette k\u00f6r\u00fcl. <em>(Milyen fal? \u0150si k\u0151.)<\/em><\/li>\n<\/ul>\n\n\n\n<p>Legk\u00f6zelebb, amikor egy mell\u00e9kneveket tartalmaz\u00f3 mondatot olvas vagy \u00edr, pr\u00f3b\u00e1lja meg azonos\u00edtani, hogy a mell\u00e9kn\u00e9v melyik k\u00e9rd\u00e9sre ad v\u00e1laszt.&nbsp;<\/p>\n\n\n\n<h2 class=\"wp-block-heading\">A mell\u00e9knevek t\u00edpusai (p\u00e9ld\u00e1kkal)<\/h2>\n\n\n\n<p>A mell\u00e9knevek nem egyf\u00e9le t\u00edpus\u00faak. Mer\u00fclj\u00fcnk el a <a href=\"https:\/\/www.basic-english-grammar.com\/8-types-of-adjectives-in-english-grammar-with-examples.html\/\" target=\"_blank\" rel=\"noreferrer noopener\">a mell\u00e9knevek f\u0151bb t\u00edpusai<\/a> egyenk\u00e9nt.<\/p>\n\n\n\n<ol class=\"wp-block-list\">\n<li><strong>Le\u00edr\u00f3 mell\u00e9knevek <\/strong>egy f\u0151n\u00e9v tulajdons\u00e1gair\u00f3l, jellemz\u0151ir\u0151l vagy von\u00e1sair\u00f3l sz\u00f3lnak.\n<ol class=\"wp-block-list\">\n<li><strong>P\u00e9ld\u00e1ul,&nbsp;<\/strong><\/li>\n<\/ol>\n<\/li>\n<\/ol>\n\n\n\n<ul class=\"wp-block-list\">\n<li><strong>Sz\u00ednek:<\/strong> A k\u00e9k \u00e9g felh\u0151tlen volt.&nbsp;<\/li>\n\n\n\n<li><strong>M\u00e9retek:<\/strong> Az apr\u00f3 hangya hatalmas morzs\u00e1t vitt mag\u00e1val.<\/li>\n\n\n\n<li><strong>Form\u00e1k:<\/strong> K\u00f6r alak\u00fa mint\u00e1t rajzolt.<\/li>\n\n\n\n<li><strong>Text\u00far\u00e1k:<\/strong>&nbsp; Szeretem a sima kavicsokat.&nbsp;<\/li>\n\n\n\n<li><strong>Koroszt\u00e1ly: <\/strong>Egy \u0151si fa \u00e1llt az udvaron.<\/li>\n<\/ul>\n\n\n\n<ol start=\"2\" class=\"wp-block-list\">\n<li><strong>Mennyis\u00e9gi mell\u00e9knevek <\/strong>valaminek a sz\u00e1m\u00e1t vagy mennyis\u00e9g\u00e9t k\u00f6zli, an\u00e9lk\u00fcl, hogy pontos sz\u00e1mot adna meg.\n<ol class=\"wp-block-list\">\n<li><strong>P\u00e9ld\u00e1ul,&nbsp;<\/strong><\/li>\n<\/ol>\n<\/li>\n<\/ol>\n\n\n\n<ul class=\"wp-block-list\">\n<li>Kev\u00e9s di\u00e1k bukott meg a vizsg\u00e1n.<\/li>\n\n\n\n<li>A koncerten sokan vettek r\u00e9szt.<\/li>\n<\/ul>\n\n\n\n<ol start=\"3\" class=\"wp-block-list\">\n<li><strong>Demonstrat\u00edv mell\u00e9knevek <\/strong>mutasson r\u00e1 bizonyos f\u0151nevekre, \u00e9s mutassa meg, hogy hol vannak id\u0151ben \u00e9s t\u00e9rben.\n<ol class=\"wp-block-list\">\n<li><strong>P\u00e9ld\u00e1ul,&nbsp;<\/strong><\/li>\n<\/ol>\n<\/li>\n<\/ol>\n\n\n\n<ul class=\"wp-block-list\">\n<li>Ez a torta \u00edzletes <em>(ez azt mutatja, hogy k\u00f6zel van).<\/em><\/li>\n\n\n\n<li>Az a h\u00e1z gy\u00f6ny\u00f6r\u0171en n\u00e9z ki. <em>(ami azt mutatja, hogy messzebb van).&nbsp;<\/em><\/li>\n<\/ul>\n\n\n\n<ol start=\"4\" class=\"wp-block-list\">\n<li><strong>Tulajdonosi mell\u00e9knevek <\/strong>egy szem\u00e9lyhez vagy dologhoz val\u00f3 tulajdonjogot vagy kapcsolatot mutat.\n<ol class=\"wp-block-list\">\n<li><strong>P\u00e9ld\u00e1ul,<\/strong><\/li>\n<\/ol>\n<\/li>\n<\/ol>\n\n\n\n<ul class=\"wp-block-list\">\n<li>A kis\u00f6cs\u00e9m im\u00e1dja az esti mes\u00e9ket.&nbsp;<\/li>\n\n\n\n<li>A kiskuty\u00e1d olyan j\u00e1t\u00e9kos.<\/li>\n<\/ul>\n\n\n\n<ol start=\"5\" class=\"wp-block-list\">\n<li><strong>K\u00e9rd\u0151 mell\u00e9knevek <\/strong>k\u00e9rd\u00e9seket tesz fel a f\u0151n\u00e9vvel kapcsolatban.\n<ol class=\"wp-block-list\">\n<li><strong>P\u00e9ld\u00e1ul,&nbsp;<\/strong><\/li>\n<\/ol>\n<\/li>\n<\/ol>\n\n\n\n<ul class=\"wp-block-list\">\n<li>Melyik a kedvenc k\u00f6nyved?<\/li>\n\n\n\n<li>Milyen harapnival\u00f3t szeretn\u00e9l?<\/li>\n<\/ul>\n\n\n\n<ol start=\"6\" class=\"wp-block-list\">\n<li><strong>\u00d6sszetett mell\u00e9knevek <\/strong>a kombin\u00e1ci\u00f3<strong> <\/strong>k\u00e9t vagy t\u00f6bb sz\u00f3b\u00f3l \u00e1ll\u00f3, \u00e1ltal\u00e1ban k\u00f6t\u0151jellel \u00f6sszekapcsolt sz\u00f3.\n<ol class=\"wp-block-list\">\n<li><strong>P\u00e9ld\u00e1ul,<\/strong><\/li>\n<\/ol>\n<\/li>\n<\/ol>\n\n\n\n<ul class=\"wp-block-list\">\n<li>Van egy j\u00f3sz\u00edv\u0171 nagymam\u00e1ja.<\/li>\n\n\n\n<li>Egy \u00f6tcsillagos sz\u00e1llod\u00e1ban sz\u00e1lltunk meg.&nbsp;<\/li>\n<\/ul>\n\n\n\n<ol start=\"7\" class=\"wp-block-list\">\n<li><strong>Partizipus mell\u00e9knevek <\/strong>ig\u00e9kb\u0151l k\u00e9pz\u0151dnek, de mell\u00e9kn\u00e9vk\u00e9nt is funkcion\u00e1lnak.\n<ol class=\"wp-block-list\">\n<li><strong>P\u00e9ld\u00e1ul,<\/strong><\/li>\n<\/ol>\n<\/li>\n<\/ol>\n\n\n\n<ul class=\"wp-block-list\">\n<li>A foly\u00f3v\u00edz h\u0171v\u00f6snek t\u0171nt. <em>(Jelen idej\u0171 r\u00e9szv\u00e9teli forma)<\/em><\/li>\n\n\n\n<li>A t\u00f6r\u00f6tt ablakot meg kellett jav\u00edtani. (M\u00faltbeli r\u00e9szesed\u00e9s)<\/li>\n<\/ul>\n\n\n\n<p>Nyelv\u00fcnk minden egyes mell\u00e9kn\u00e9vt\u00edpus r\u00e9v\u00e9n vil\u00e1gosabb\u00e1 \u00e9s le\u00edr\u00f3bb\u00e1 v\u00e1lik.<\/p>\n\n\n\n<h2 class=\"wp-block-heading\">50+ p\u00e9ld\u00e1k a mell\u00e9knevek mondatban val\u00f3 haszn\u00e1lat\u00e1ra<\/h2>\n\n\n\n<p>Fizikai tulajdons\u00e1gok - mell\u00e9kn\u00e9v p\u00e9ld\u00e1k mondatokban<\/p>\n\n\n<div class=\"wp-block-image\">\n<figure class=\"aligncenter size-large\"><img loading=\"lazy\" decoding=\"async\" width=\"724\" height=\"1024\" src=\"https:\/\/undetectable.ai/blog\/wp-content\/uploads\/2025\/03\/Physical-Qualities-724x1024.jpg\" alt=\"\" class=\"wp-image-6574\" title=\"\" srcset=\"https:\/\/undetectable.ai/blog\/wp-content\/uploads\/2025\/03\/Physical-Qualities-724x1024.jpg 724w, https:\/\/undetectable.ai/blog\/wp-content\/uploads\/2025\/03\/Physical-Qualities-212x300.jpg 212w, https:\/\/undetectable.ai/blog\/wp-content\/uploads\/2025\/03\/Physical-Qualities-768x1086.jpg 768w, https:\/\/undetectable.ai/blog\/wp-content\/uploads\/2025\/03\/Physical-Qualities.jpg 1024w, https:\/\/undetectable.ai/blog\/wp-content\/uploads\/2025\/03\/Physical-Qualities-8x12.jpg 8w\" sizes=\"auto, (max-width: 724px) 100vw, 724px\" \/><\/figure><\/div>\n\n\n<p>\u00c9rzelmek - mell\u00e9kn\u00e9v p\u00e9ld\u00e1k mondatokban<\/p>\n\n\n<div class=\"wp-block-image\">\n<figure class=\"aligncenter size-large\"><img loading=\"lazy\" decoding=\"async\" width=\"724\" height=\"1024\" src=\"https:\/\/undetectable.ai/blog\/wp-content\/uploads\/2025\/03\/Emotions-724x1024.jpg\" alt=\"\" class=\"wp-image-6575\" title=\"\" srcset=\"https:\/\/undetectable.ai/blog\/wp-content\/uploads\/2025\/03\/Emotions-724x1024.jpg 724w, https:\/\/undetectable.ai/blog\/wp-content\/uploads\/2025\/03\/Emotions-212x300.jpg 212w, https:\/\/undetectable.ai/blog\/wp-content\/uploads\/2025\/03\/Emotions-768x1086.jpg 768w, https:\/\/undetectable.ai/blog\/wp-content\/uploads\/2025\/03\/Emotions.jpg 1024w, https:\/\/undetectable.ai/blog\/wp-content\/uploads\/2025\/03\/Emotions-8x12.jpg 8w\" sizes=\"auto, (max-width: 724px) 100vw, 724px\" \/><\/figure><\/div>\n\n\n<p>M\u00e9r\u00e9sek - mell\u00e9kn\u00e9vi p\u00e9ld\u00e1k mondatokban<\/p>\n\n\n<div class=\"wp-block-image\">\n<figure class=\"aligncenter size-large\"><img loading=\"lazy\" decoding=\"async\" width=\"724\" height=\"1024\" src=\"https:\/\/undetectable.ai/blog\/wp-content\/uploads\/2025\/03\/Measurements-1-724x1024.jpg\" alt=\"\" class=\"wp-image-6577\" title=\"\" srcset=\"https:\/\/undetectable.ai/blog\/wp-content\/uploads\/2025\/03\/Measurements-1-724x1024.jpg 724w, https:\/\/undetectable.ai/blog\/wp-content\/uploads\/2025\/03\/Measurements-1-212x300.jpg 212w, https:\/\/undetectable.ai/blog\/wp-content\/uploads\/2025\/03\/Measurements-1-768x1086.jpg 768w, https:\/\/undetectable.ai/blog\/wp-content\/uploads\/2025\/03\/Measurements-1.jpg 1024w, https:\/\/undetectable.ai/blog\/wp-content\/uploads\/2025\/03\/Measurements-1-8x12.jpg 8w\" sizes=\"auto, (max-width: 724px) 100vw, 724px\" \/><\/figure><\/div>\n\n\n<p>Sz\u00ednek - mell\u00e9kn\u00e9vi p\u00e9ld\u00e1k mondatokban<\/p>\n\n\n<div class=\"wp-block-image\">\n<figure class=\"aligncenter size-large\"><img loading=\"lazy\" decoding=\"async\" width=\"724\" height=\"1024\" src=\"https:\/\/undetectable.ai/blog\/wp-content\/uploads\/2025\/03\/Colors-1-724x1024.jpg\" alt=\"\" class=\"wp-image-6579\" title=\"\" srcset=\"https:\/\/undetectable.ai/blog\/wp-content\/uploads\/2025\/03\/Colors-1-724x1024.jpg 724w, https:\/\/undetectable.ai/blog\/wp-content\/uploads\/2025\/03\/Colors-1-212x300.jpg 212w, https:\/\/undetectable.ai/blog\/wp-content\/uploads\/2025\/03\/Colors-1-768x1086.jpg 768w, https:\/\/undetectable.ai/blog\/wp-content\/uploads\/2025\/03\/Colors-1.jpg 1024w, https:\/\/undetectable.ai/blog\/wp-content\/uploads\/2025\/03\/Colors-1-8x12.jpg 8w\" sizes=\"auto, (max-width: 724px) 100vw, 724px\" \/><\/figure><\/div>\n\n\n<p>Shapes - mell\u00e9kn\u00e9v p\u00e9ld\u00e1k mondatokban<\/p>\n\n\n<div class=\"wp-block-image\">\n<figure class=\"aligncenter size-large\"><img loading=\"lazy\" decoding=\"async\" width=\"724\" height=\"1024\" src=\"https:\/\/undetectable.ai/blog\/wp-content\/uploads\/2025\/03\/shapes-724x1024.jpg\" alt=\"\" class=\"wp-image-6580\" title=\"\" srcset=\"https:\/\/undetectable.ai/blog\/wp-content\/uploads\/2025\/03\/shapes-724x1024.jpg 724w, https:\/\/undetectable.ai/blog\/wp-content\/uploads\/2025\/03\/shapes-212x300.jpg 212w, https:\/\/undetectable.ai/blog\/wp-content\/uploads\/2025\/03\/shapes-768x1086.jpg 768w, https:\/\/undetectable.ai/blog\/wp-content\/uploads\/2025\/03\/shapes.jpg 1024w, https:\/\/undetectable.ai/blog\/wp-content\/uploads\/2025\/03\/shapes-8x12.jpg 8w\" sizes=\"auto, (max-width: 724px) 100vw, 724px\" \/><\/figure><\/div>\n\n\n<p>Sebess\u00e9g \u00e9s id\u0151 - mell\u00e9kn\u00e9v p\u00e9ld\u00e1k mondatokban<\/p>\n\n\n<div class=\"wp-block-image\">\n<figure class=\"aligncenter\"><img decoding=\"async\" src=\"https:\/\/undetectable.ai/blog\/wp-content\/uploads\/2025\/03\/AD_4nXdGIEmEqNDrzDGbm4EStgJd97-0t53DdhYZVj6yGSROHKpB5kCxfV9zywi4hLg3cExJI9Kp3Q17zhZDkH1B8vtyfe5x-dm0ONdp2vp3o6OEEnTcDRn4Yj36z-Xy_uIpBy-HdkW9ZAkeyMj0cOuBwrGHaaBaD2I803Fr5.png\" alt=\"\" title=\"\"><\/figure><\/div>\n\n\n<h2 class=\"wp-block-heading\">Hogyan haszn\u00e1ljuk hat\u00e9konyan a mell\u00e9kneveket \u00edr\u00e1sban?<\/h2>\n\n\n\n<p>A j\u00f3 \u00edr\u00f3k tudj\u00e1k, hogy a jelz\u0151knek nagy erej\u00fck van. (de csak akkor, ha b\u00f6lcsen haszn\u00e1lj\u00e1k)&nbsp;<\/p>\n\n\n\n<p>Az aranyszab\u00e1ly az, hogy ink\u00e1bb egy er\u0151s jelz\u0151t adjunk hozz\u00e1, mint t\u00f6bb j\u00f3t.&nbsp;<\/p>\n\n\n\n<p><strong>P\u00e9ld\u00e1ul,<\/strong><\/p>\n\n\n\n<p><strong>Gyenge:<\/strong> A nagy, magas, hatalmas, hatalmas, \u00f3ri\u00e1si, gigantikus elef\u00e1nt \u00e1llt a parkban.<\/p>\n\n\n\n<p><strong>Jobb: <\/strong>A hatalmas elef\u00e1nt a parkban \u00e1llt.<\/p>\n\n\n\n<p>Minden sz\u00f3nak ki kell \u00e9rdemelnie a hely\u00e9t a mondatban.  \u00cdme n\u00e9h\u00e1ny fontos szempont, amit \u00e9rdemes figyelembe venni:<\/p>\n\n\n\n<p><strong>A \"H\u00e1rmas szab\u00e1ly\" a mell\u00e9kn\u00e9vlist\u00e1kn\u00e1l<\/strong><\/p>\n\n\n\n<p>Egy mondatban legfeljebb h\u00e1rom mell\u00e9knevet adj hozz\u00e1. Ha h\u00e1romn\u00e1l t\u00f6bb mell\u00e9knevet haszn\u00e1lsz egym\u00e1s ut\u00e1n, akkor az \u00edr\u00e1sodat zs\u00fafoltnak \u00e9s t\u00falterheltnek \u00e9rzed.&nbsp;<\/p>\n\n\n\n<p><strong>P\u00e9ld\u00e1ul,&nbsp;<\/strong><\/p>\n\n\n\n<ul class=\"wp-block-list\">\n<li>A nagy, \u00fcres \u00e9s poros padl\u00e1son r\u00e9gi b\u00fatorok voltak.<\/li>\n\n\n\n<li>Okos, hat\u00e1rozott, tal\u00e1l\u00e9kony probl\u00e9mamegold\u00f3 volt.&nbsp;<\/li>\n<\/ul>\n\n\n\n<p><strong>Haszn\u00e1ljon \u00e9rz\u00e9kszervi jelz\u0151ket az \u00e9l\u00e9nk le\u00edr\u00e1sokhoz<\/strong><\/p>\n\n\n\n<p>Az \u00e9rz\u00e9kszervi jelz\u0151k az \u00f6t \u00e9rz\u00e9kszerv\u00fcnkkel j\u00e1tszanak, \u00e9s seg\u00edtenek az olvas\u00f3knak k\u00e9pet festeni a szavakr\u00f3l.&nbsp;<\/p>\n\n\n\n<p><strong>P\u00e9ld\u00e1ul,&nbsp;<\/strong><\/p>\n\n\n\n<p><strong>L\u00e1tv\u00e1ny: <\/strong>A ragyog\u00f3 nap bevil\u00e1g\u00edtotta az eget.<\/p>\n\n\n\n<p><strong>Hang: <\/strong>A hangos cseng\u0151 megsz\u00f3lalt a folyos\u00f3n.<\/p>\n\n\n\n<p><strong>\u00c9rintsd meg: <\/strong>A puha takar\u00f3 melegen tartott.<\/p>\n\n\n\n<p><strong>\u00cdzl\u00e9s: <\/strong>Az \u00e9des alma \u00edzletes volt.<\/p>\n\n\n\n<p><strong>Szag:<\/strong> A cs\u00edp\u0151s fokhagyma megt\u00f6lt\u00f6tte a csirk\u00e9t.&nbsp;<\/p>\n\n\n\n<p><strong>Le\u00edr\u00f3 \u00e9s funkcion\u00e1lis mell\u00e9knevek egyens\u00falya<\/strong><\/p>\n\n\n\n<p>A le\u00edr\u00f3 jelz\u0151k (piros, sz\u00e9p, hangos) sz\u00ednt \u00e9s \u00e9rz\u00e9st adnak az \u00edr\u00e1shoz.&nbsp;<\/p>\n\n\n\n<p>A funkcion\u00e1lis mell\u00e9knevek (ez, n\u00e9h\u00e1ny, mindegyik) seg\u00edtenek az inform\u00e1ci\u00f3k rendszerez\u00e9s\u00e9ben. A j\u00f3 \u00edr\u00e1s mindk\u00e9t t\u00edpust egyens\u00falyban haszn\u00e1lja:<\/p>\n\n\n\n<p><strong>P\u00e9ld\u00e1ul,&nbsp;<\/strong><\/p>\n\n\n\n<ul class=\"wp-block-list\">\n<li>Ez a h\u00e1rom \u00e9rett eper k\u00e9szen \u00e1ll az ev\u00e9sre. <em>(funkcion\u00e1lis + funkcion\u00e1lis + le\u00edr\u00f3)<\/em><\/li>\n\n\n\n<li>Az \u00faj sz\u00e1m\u00edt\u00f3g\u00e9pem gyorsabban m\u0171k\u00f6dik, mint a r\u00e9gi. <em>(funkcion\u00e1lis + le\u00edr\u00f3)<\/em><\/li>\n<\/ul>\n\n\n\n<p>A c\u00e9l nem az, hogy t\u00f6bb jelz\u0151t haszn\u00e1ljunk - a c\u00e9l az, hogy a megfelel\u0151 jelz\u0151ket a megfelel\u0151 helyeken haszn\u00e1ljuk, hogy az \u00edr\u00e1sunk vil\u00e1gos, \u00e9l\u00e9nk \u00e9s er\u0151teljes legyen.&nbsp;<\/p>\n\n\n<div class=\"wp-block-image\">\n<figure class=\"aligncenter size-large\"><img loading=\"lazy\" decoding=\"async\" width=\"1024\" height=\"446\" src=\"https:\/\/undetectable.ai/blog\/wp-content\/uploads\/2025\/12\/AI-Sentence-Rewriter-1024x446.jpg\" alt=\"AI Sentence Rewriter k\u00e9perny\u0151k\u00e9p\" class=\"wp-image-19129\" title=\"\" srcset=\"https:\/\/undetectable.ai/blog\/wp-content\/uploads\/2025\/12\/AI-Sentence-Rewriter-1024x446.jpg 1024w, https:\/\/undetectable.ai/blog\/wp-content\/uploads\/2025\/12\/AI-Sentence-Rewriter-300x131.jpg 300w, https:\/\/undetectable.ai/blog\/wp-content\/uploads\/2025\/12\/AI-Sentence-Rewriter-768x335.jpg 768w, https:\/\/undetectable.ai/blog\/wp-content\/uploads\/2025\/12\/AI-Sentence-Rewriter-18x8.jpg 18w, https:\/\/undetectable.ai/blog\/wp-content\/uploads\/2025\/12\/AI-Sentence-Rewriter.jpg 1202w\" sizes=\"auto, (max-width: 1024px) 100vw, 1024px\" \/><\/figure><\/div>\n\n\n<blockquote class=\"wp-block-quote is-layout-flow wp-block-quote-is-layout-flow\">\n<p>Ha a le\u00edr\u00e1sok laposnak vagy ism\u00e9tl\u0151d\u0151nek t\u0171nnek, a mi Undetectable AI-ink <a href=\"https:\/\/undetectable.ai\/sentence-rewriter\" target=\"_blank\" rel=\"noreferrer noopener\">Mondat \u00e1t\u00edr\u00f3<\/a> fantasztikus m\u00f3dja annak, hogy szeml\u00e9ltess\u00fck, hogyan v\u00e1ltoztathatja meg egyetlen jelz\u0151csere a jelenet eg\u00e9sz hangulat\u00e1t.<\/p>\n\n\n\n<p>Ahelyett, hogy \u201cf\u00e1radt\u201d m\u00f3dos\u00edt\u00f3kra hagyatkozna, ezzel a speci\u00e1lis eszk\u00f6zzel pontosabb, nagy hat\u00e1s\u00fa alternat\u00edv\u00e1kat tal\u00e1lhat, amelyek seg\u00edtenek a tervezet\u00e9nek foly\u00e9kony narrat\u00edv\u00e1v\u00e1 alakulni - \u00edgy a v\u00e9geredm\u00e9nyt nem er\u0151ltetettnek, hanem term\u00e9szetesnek \u00e9rzi.<\/p>\n<\/blockquote>\n\n\n\n<h2 class=\"wp-block-heading\">Hogyan seg\u00edthet a mesters\u00e9ges intelligencia a mell\u00e9knevek haszn\u00e1lat\u00e1nak jav\u00edt\u00e1s\u00e1ban?<\/h2>\n\n\n\n<p>K\u00f6nnyebb mindent mesters\u00e9ges intelligenci\u00e1val csin\u00e1lni. Megtanulhat egy eg\u00e9sz nyelvet, vagy elsaj\u00e1t\u00edthat egy olyan apr\u00f3s\u00e1got, mint egy besz\u00e9dr\u00e9szlet. Fedezz\u00fck fel, hogyan <a href=\"https:\/\/undetectable.ai\/ai-chat\" target=\"_blank\" rel=\"noopener\">A<\/a><a href=\"https:\/\/undetectable.ai\/ai-chat\" target=\"_blank\" rel=\"noreferrer noopener\">I<\/a><a href=\"https:\/\/undetectable.ai\/ai-chat\" target=\"_blank\" rel=\"noopener\"> Chat<\/a> \u00e9s <a href=\"https:\/\/undetectable.ai\/ask-ai\" target=\"_blank\" rel=\"noreferrer noopener\">K\u00e9rdezd meg az AI-t<\/a> seg\u00edt a mell\u00e9knevek elsaj\u00e1t\u00edt\u00e1s\u00e1ban.&nbsp;<\/p>\n\n\n<div class=\"wp-block-image\">\n<figure class=\"aligncenter size-large\"><img loading=\"lazy\" decoding=\"async\" width=\"1024\" height=\"492\" src=\"https:\/\/undetectable.ai/blog\/wp-content\/uploads\/2025\/01\/ai-chat-1024x492.jpg\" alt=\"AI Chat\" class=\"wp-image-6097\" title=\"\" srcset=\"https:\/\/undetectable.ai/blog\/wp-content\/uploads\/2025\/01\/ai-chat-1024x492.jpg 1024w, https:\/\/undetectable.ai/blog\/wp-content\/uploads\/2025\/01\/ai-chat-300x144.jpg 300w, https:\/\/undetectable.ai/blog\/wp-content\/uploads\/2025\/01\/ai-chat-768x369.jpg 768w, https:\/\/undetectable.ai/blog\/wp-content\/uploads\/2025\/01\/ai-chat-1536x738.jpg 1536w, https:\/\/undetectable.ai/blog\/wp-content\/uploads\/2025\/01\/ai-chat-2048x984.jpg 2048w, https:\/\/undetectable.ai/blog\/wp-content\/uploads\/2025\/01\/ai-chat-18x9.jpg 18w\" sizes=\"auto, (max-width: 1024px) 100vw, 1024px\" \/><\/figure><\/div>\n\n\n<p><strong>Haszn\u00e1lja az AI Chatet a mell\u00e9knevek jav\u00edt\u00e1s\u00e1ra<\/strong><\/p>\n\n\n\n<p><a href=\"https:\/\/undetectable.ai\/ai-chat\" target=\"_blank\" rel=\"noreferrer noopener\">AI Chat<\/a> t\u00f6bbf\u00e9lek\u00e9ppen is haszn\u00e1lhat\u00f3:&nbsp;<\/p>\n\n\n\n<ol class=\"wp-block-list\">\n<li><strong>Pontosabb vagy szuggeszt\u00edvebb alternat\u00edv\u00e1k keres\u00e9se.&nbsp;<\/strong>\n<ol class=\"wp-block-list\">\n<li><strong>P\u00e9ld\u00e1ul,<\/strong> mondhatod: <em>\"Szeretn\u00e9m az erd\u0151t \"sz\u00e9pnek\" nevezni, de ez t\u00fals\u00e1gosan alapvet\u0151en hangzik.\" <\/em>Ez seg\u00edt megtal\u00e1lni azokat a konkr\u00e9t szavakat, amelyek vil\u00e1gosabb k\u00e9peket keltenek az elm\u00e9dben.&nbsp;<\/li>\n<\/ol>\n<\/li>\n<\/ol>\n\n\n\n<ol start=\"2\" class=\"wp-block-list\">\n<li><strong>Annak ellen\u0151rz\u00e9se, hogy a mell\u00e9kn\u00e9v elhelyez\u00e9se term\u00e9szetes-e.<\/strong>\n<ol class=\"wp-block-list\">\n<li>Az angol nyelvnek saj\u00e1tos szab\u00e1lyai vannak a mell\u00e9knevek sorrendj\u00e9re, \u00e9s az anyanyelvi besz\u00e9l\u0151k gondolkod\u00e1s n\u00e9lk\u00fcl k\u00f6vetik ezeket. <strong>P\u00e9ld\u00e1ul, <\/strong>mondhatod: <em>\"J\u00f3l hangzik a 'kerek kis \u00f6reg faasztal'?\"<\/em><\/li>\n<\/ol>\n<\/li>\n<\/ol>\n\n\n\n<ol start=\"3\" class=\"wp-block-list\">\n<li><strong>Javaslatokat kapni az \u00e9rz\u00e9kszervi le\u00edr\u00e1sokra.<\/strong>\n<ol class=\"wp-block-list\">\n<li>Az AI Chat c\u00e9lzott javaslatokkal seg\u00edti az olvas\u00f3k \u00e9rz\u00e9kszerveinek lek\u00f6t\u00e9s\u00e9t. <strong>P\u00e9ld\u00e1ul,<\/strong> mondhatod: <em>\"Egy tengerparti jelenetet \u00edrok le, \u00e9s jelz\u0151kre van sz\u00fcks\u00e9gem ahhoz, hogy milyen az \u00f3ce\u00e1n hangja.\"&nbsp;<\/em><\/li>\n<\/ol>\n<\/li>\n<\/ol>\n\n\n\n<p><strong>Usie Ask AI eszk\u00f6z mell\u00e9kn\u00e9v elemz\u00e9shez<\/strong><\/p>\n\n\n\n<p><a href=\"https:\/\/undetectable.ai\/ask-ai\" target=\"_blank\" rel=\"noreferrer noopener\">K\u00e9rdezd meg az AI-t<\/a> eszk\u00f6z el tudja olvasni az \u00edr\u00e1sodat, \u00e9s meg tudja mondani, hogy helyesen haszn\u00e1ltad-e a mell\u00e9kneveket. Haszn\u00e1lhatod:&nbsp;<\/p>\n\n\n\n<ol class=\"wp-block-list\">\n<li><strong>Bizonyos mell\u00e9knevek t\u00falzott haszn\u00e1lat\u00e1nak ellen\u0151rz\u00e9se<\/strong>\n<ol class=\"wp-block-list\">\n<li>T\u00f6ltse fel sz\u00f6veg\u00e9t, \u00e9s az Ask AI azonos\u00edtja a t\u00falhaszn\u00e1lt mell\u00e9kneveket. <strong>P\u00e9ld\u00e1ul,<\/strong> A mesters\u00e9ges intelligencia elemzi, hogy <em>\"Az essz\u00e9dben 8-szor haszn\u00e1ltad az \"\u00e9rdekes\", 6-szor a \"fontos\" \u00e9s 5-sz\u00f6r a \"jelent\u0151s\" kifejez\u00e9st. Fontolja meg ezek k\u00f6z\u00fcl n\u00e9h\u00e1ny helyettes\u00edt\u00e9s\u00e9t konkr\u00e9tabb alternat\u00edv\u00e1kkal, mint p\u00e9ld\u00e1ul 'leny\u0171g\u00f6z\u0151', 'crucia' vagy '\u00fatt\u00f6r\u0151'.\"<\/em><\/li>\n<\/ol>\n<\/li>\n<\/ol>\n\n\n\n<ol start=\"2\" class=\"wp-block-list\">\n<li><strong>A sz\u00f6veg elemz\u00e9se a mell\u00e9kn\u00e9vv\u00e1ltozat szempontj\u00e1b\u00f3l.&nbsp;<\/strong>\n<ol class=\"wp-block-list\">\n<li>Ask AI \u00e9rt\u00e9kelni fogja a mell\u00e9knevek sokf\u00e9les\u00e9g\u00e9t. <strong>P\u00e9ld\u00e1ul,<\/strong> valami ilyesmit fog elemezni: \"<em>A novell\u00e1d els\u0151sorban vizu\u00e1lis jelz\u0151ket haszn\u00e1l (74%), kev\u00e9s tapint\u00e1si (15%), hall\u00e1si (8%) vagy szagl\u00e1si (3%) le\u00edr\u00e1st. Fontolja meg az \u00e9rz\u00e9kszervi r\u00e9szletek kiegyens\u00falyoz\u00e1s\u00e1t azzal, hogy hozz\u00e1adja, hogyan \u00e9rzik, hangzanak \u00e9s szagolj\u00e1k a dolgokat.\"<\/em><\/li>\n<\/ol>\n<\/li>\n<\/ol>\n\n\n\n<ol start=\"3\" class=\"wp-block-list\">\n<li><strong>Javasoljon alternat\u00edv\u00e1kat a kontextus alapj\u00e1n.<\/strong>\n<ol class=\"wp-block-list\">\n<li>A k\u00e9rdezze meg az AI-t. A k\u00e9rdezze meg az AI meg\u00e9rti az \u00edr\u00e1s sz\u00f6vegk\u00f6rnyezet\u00e9t, \u00e9s tud olyan jelz\u0151ket javasolni, amelyek illeszkednek az \u00d6n konkr\u00e9t helyzet\u00e9hez.<\/li>\n<\/ol>\n<\/li>\n<\/ol>\n\n\n<div class=\"wp-block-image\">\n<figure class=\"aligncenter size-large\"><img loading=\"lazy\" decoding=\"async\" width=\"1024\" height=\"444\" src=\"https:\/\/undetectable.ai/blog\/wp-content\/uploads\/2025\/06\/Advanced-AI-Humanizer-1024x444.jpg\" alt=\"Pillanatk\u00e9p az Undetectable AI fel\u00fclet\u00e9r\u0151l, amely az Advanced AI Humanizer eszk\u00f6zt mutatja m\u0171k\u00f6d\u00e9s k\u00f6zben\" class=\"wp-image-10609\" title=\"\" srcset=\"https:\/\/undetectable.ai/blog\/wp-content\/uploads\/2025\/06\/Advanced-AI-Humanizer-1024x444.jpg 1024w, https:\/\/undetectable.ai/blog\/wp-content\/uploads\/2025\/06\/Advanced-AI-Humanizer-300x130.jpg 300w, https:\/\/undetectable.ai/blog\/wp-content\/uploads\/2025\/06\/Advanced-AI-Humanizer-768x333.jpg 768w, https:\/\/undetectable.ai/blog\/wp-content\/uploads\/2025\/06\/Advanced-AI-Humanizer-1536x666.jpg 1536w, https:\/\/undetectable.ai/blog\/wp-content\/uploads\/2025\/06\/Advanced-AI-Humanizer-18x8.jpg 18w, https:\/\/undetectable.ai/blog\/wp-content\/uploads\/2025\/06\/Advanced-AI-Humanizer.jpg 1600w\" sizes=\"auto, (max-width: 1024px) 100vw, 1024px\" \/><\/figure><\/div>\n\n\n<blockquote class=\"wp-block-quote is-layout-flow wp-block-quote-is-layout-flow\">\n<p>Ha m\u00e1r optimaliz\u00e1lta a mell\u00e9kneveit a pontoss\u00e1g \u00e9s a v\u00e1ltozatoss\u00e1g \u00e9rdek\u00e9ben, tegyen egy l\u00e9p\u00e9st tov\u00e1bb, \u00e9s futtassa le a tartalm\u00e1t a mi <a href=\"https:\/\/undetectable.ai\/ai-humanizer\" target=\"_blank\" rel=\"noreferrer noopener\">Humaniz\u00e1lja az AI-t<\/a> eszk\u00f6z. <\/p>\n\n\n\n<p>Ez jav\u00edtja a mondatfolyamot, kik\u00fcsz\u00f6b\u00f6li a robotszer\u0171 megfogalmaz\u00e1st, \u00e9s biztos\u00edtja, hogy az \u00edr\u00e1sod val\u00f3ban emberien hangozzon - ez k\u00fcl\u00f6n\u00f6sen akkor hasznos, ha az els\u0151 v\u00e1zlatod elk\u00e9sz\u00edt\u00e9s\u00e9hez mesters\u00e9ges intelligenci\u00e1ra t\u00e1maszkodt\u00e1l. <\/p>\n\n\n\n<p>Egyetlen kattint\u00e1ssal \u00e1talak\u00edthatja a mesters\u00e9ges intelligenci\u00e1val t\u00e1mogatott tartalmat term\u00e9szetes, olvas\u00f3bar\u00e1t nyelvezet\u0171v\u00e9, amely visszhangot kelt.<\/p>\n<\/blockquote>\n\n\n\n<p>Az al\u00e1bbi widgetben felfedezheti az AI Detector \u00e9s Humanizer programunkat is!<\/p>\n\n\n\n<div id=\"uai-widget\" data-affiliate-link=\"https:\/\/undetectable.ai\/?_by=hi4km\"><script>var js = document.createElement(\"script\");js.async = true;js.src = \"https:\/\/widget.undetectable.ai\/js\/widget-loader.js?t=\"+Date.now();document.getElementsByTagName(\"head\")[0].appendChild(js);<\/script><\/div>\n\n\n\n<h2 class=\"wp-block-heading\">GYIK a mell\u00e9knevekr\u0151l<\/h2>\n\n\n<div id=\"rank-math-faq\" class=\"rank-math-block\">\n<div class=\"rank-math-list\">\n<div id=\"faq-question-1741357472352\" class=\"rank-math-list-item\">\n<h3 class=\"rank-math-question\">Mi a k\u00fcl\u00f6nbs\u00e9g a mell\u00e9kn\u00e9v \u00e9s a hat\u00e1roz\u00f3sz\u00f3 k\u00f6z\u00f6tt?<\/h3>\n<div class=\"rank-math-answer\">\n\n<p>A mell\u00e9kn\u00e9v le\u00edrja a f\u0151nevet, megmondja, hogy milyen valami. A hat\u00e1roz\u00f3sz\u00f3 egy ig\u00e9t \u00edr le, megmagyar\u00e1zza, hogyan t\u00f6rt\u00e9nik valami. <\/p>\n<p>P\u00e9ld\u00e1ul a \"She is a fast runner\" kifejez\u00e9sben a fast mell\u00e9kn\u00e9v, mert a fut\u00f3t (f\u0151n\u00e9v) \u00edrja le. De a \"Gyorsan fut\" kifejez\u00e9sben a \"gyorsan fut\" hat\u00e1roz\u00f3sz\u00f3, mert a fut (ige) le\u00edr\u00e1sa.\u00a0<\/p>\n\n<\/div>\n<\/div>\n<div id=\"faq-question-1741357475089\" class=\"rank-math-list-item\">\n<h3 class=\"rank-math-question\">Lehet egy mell\u00e9kn\u00e9v t\u00f6bb mint egy sz\u00f3?<\/h3>\n<div class=\"rank-math-answer\">\n\n<p>Igen, egy mell\u00e9kn\u00e9v lehet egyn\u00e9l t\u00f6bb sz\u00f3. <\/p>\n<p><strong>\u00d6sszetett mell\u00e9knevek <\/strong>k\u00e9t vagy t\u00f6bb sz\u00f3t k\u00f6t\u0151jellel \u00f6sszek\u00f6tve, mint p\u00e9ld\u00e1ul \"nagysebess\u00e9g\u0171 vonat\" vagy \"ismert szerz\u0151\". <strong>Fr\u00e1zisos mell\u00e9knevek<\/strong> olyan meghat\u00e1rozott kifejez\u00e9sek, amelyek mell\u00e9kn\u00e9vk\u00e9nt m\u0171k\u00f6dnek, mint p\u00e9ld\u00e1ul a \"k\u00e9szruh\u00e1zat\" vagy a \"t\u00e1rgyilagos hangnem\". <strong>Ragoz\u00e1si mondatok<\/strong> mell\u00e9kn\u00e9vk\u00e9nt is funkcion\u00e1lnak. <\/p>\n<p>P\u00e9ld\u00e1ul a \"A piros ruh\u00e1s l\u00e1ny mosolygott\" kifejez\u00e9sben a piros ruh\u00e1s l\u00e1ny egy l\u00e1nyt \u00edr le.\u00a0<\/p>\n\n<\/div>\n<\/div>\n<div id=\"faq-question-1741357489712\" class=\"rank-math-list-item\">\n<h3 class=\"rank-math-question\">Hogyan azonos\u00edtja a mell\u00e9knevet egy mondatban?<\/h3>\n<div class=\"rank-math-answer\">\n\n<p>Keress\u00fcnk egy f\u0151nevet, \u00e9s k\u00e9rdezz\u00fck meg: \"Milyen?\" A tulajdons\u00e1gokat, m\u00e9retet, sz\u00ednt vagy tulajdons\u00e1gokat le\u00edr\u00f3 szavak mell\u00e9knevek. <\/p>\n<p>\u00c1ltal\u00e1ban egy f\u0151n\u00e9v el\u0151tt (gy\u00f6ny\u00f6r\u0171 naplemente) vagy egy k\u00f6t\u0151sz\u00f3 ut\u00e1n (A naplemente gy\u00f6ny\u00f6r\u0171) jelennek meg. N\u00e9h\u00e1ny tr\u00fckk\u00f6s eset k\u00f6z\u00e9 tartoznak a mell\u00e9knevekhez hasonl\u00f3, de m\u00e1sk\u00e9pp funkcion\u00e1l\u00f3 szavak, mint p\u00e9ld\u00e1ul a \"She runs fast\", ahol a fast egy hat\u00e1roz\u00f3sz\u00f3, nem pedig mell\u00e9kn\u00e9v. <\/p>\n<p><strong>Tulajdonosi szavak<\/strong> mint az \u00e9n, a te \u00e9s az \u0151, valamint az olyan sz\u00e1mok, mint a h\u00e1rom alma, szint\u00e9n mell\u00e9kn\u00e9vk\u00e9nt szolg\u00e1lnak. <strong>R\u00e9sztvev\u0151k<\/strong> mint p\u00e9ld\u00e1ul az unatkoz\u00f3 di\u00e1k vagy a foly\u00f3 v\u00edz ig\u00e9kb\u0151l sz\u00e1rmaznak, de f\u0151neveket \u00edrnak le. Egy egyszer\u0171 teszt: Ha a sz\u00f3 elt\u00e1vol\u00edt\u00e1s\u00e1val a mondat elvesz\u00edti a le\u00edr\u00e1s\u00e1t, akkor val\u00f3sz\u00edn\u0171leg mell\u00e9kn\u00e9vr\u0151l van sz\u00f3.\u00a0<\/p>\n\n<\/div>\n<\/div>\n<\/div>\n<\/div>\n\n\n<h2 class=\"wp-block-heading\">K\u00f6vetkeztet\u00e9s<\/h2>\n\n\n\n<p>Besz\u00e9lget\u00e9s\u00fcnk sor\u00e1n r\u00e1j\u00f6tt\u00fcnk, hogy ezek a le\u00edr\u00f3 szavak mennyire fontosak a hat\u00e9kony kommunik\u00e1ci\u00f3hoz.&nbsp;<\/p>\n\n\n\n<p>Most rajtad a sor, hogy az alapelveket a gyakorlatba \u00fcltesd.&nbsp;<\/p>\n\n\n\n<p>\u00c1ll\u00edtsd kih\u00edv\u00e1s el\u00e9 magad, \u00e9s n\u00e9zd \u00e1t egy \u00edr\u00e1sod egy r\u00e9sz\u00e9t a mell\u00e9kn\u00e9vhaszn\u00e1lat szempontj\u00e1b\u00f3l.&nbsp;<\/p>\n\n\n\n<p>Vannak olyan \u00e1ltal\u00e1nos jelz\u0151k, amelyeket konkr\u00e9tabbakkal tudn\u00e1l helyettes\u00edteni?&nbsp;<\/p>\n\n\n\n<p>Mind az \u00f6t \u00e9rz\u00e9kszerv\u00e9t ig\u00e9nybe vette a le\u00edr\u00e1s\u00e1val?&nbsp;<\/p>\n\n\n\n<p>Haszn\u00e1t venn\u00e9d a \"h\u00e1rmas szab\u00e1ly\" alkalmaz\u00e1s\u00e1nak a jelz\u0151s list\u00e1idban?<\/p>\n\n\n\n<p>A mell\u00e9knevek nem csak megsz\u00e9p\u00edtik az \u00edr\u00e1st, hanem alapvet\u0151 vil\u00e1goss\u00e1got is adnak, mivel seg\u00edtenek a hallgat\u00f3nak \u00e1t\u00e9lni az \u00edr\u00e1st.&nbsp;<\/p>\n\n\n\n<p>A k\u00fcl\u00f6nbs\u00e9g a <em>\"Egy h\u00e1zban \u00e9l\"<\/em> \u00e9s<em> \"Egy b\u00e1jos, napf\u00e9nyes viktori\u00e1nus h\u00e1zban \u00e9l\"<\/em> az olvas\u00f3 fej\u00e9ben azonnal megjelen\u0151 \u00e9l\u00e9nk ment\u00e1lis k\u00e9pr\u0151l sz\u00f3l.&nbsp;<\/p>","protected":false},"excerpt":{"rendered":"","protected":false},"author":15,"featured_media":22208,"comment_status":"closed","ping_status":"closed","sticky":false,"template":"","format":"standard","meta":{"_themeisle_gutenberg_block_has_review":false,"footnotes":""},"categories":[31],"tags":[],"class_list":["post-6573","post","type-post","status-publish","format-standard","has-post-thumbnail","hentry","category-helpful-ai-content-tips"],"_links":{"self":[{"href":"https:\/\/undetectable.ai/blog\/hu\/wp-json\/wp\/v2\/posts\/6573","targetHints":{"allow":["GET"]}}],"collection":[{"href":"https:\/\/undetectable.ai/blog\/hu\/wp-json\/wp\/v2\/posts"}],"about":[{"href":"https:\/\/undetectable.ai/blog\/hu\/wp-json\/wp\/v2\/types\/post"}],"author":[{"embeddable":true,"href":"https:\/\/undetectable.ai/blog\/hu\/wp-json\/wp\/v2\/users\/15"}],"replies":[{"embeddable":true,"href":"https:\/\/undetectable.ai/blog\/hu\/wp-json\/wp\/v2\/comments?post=6573"}],"version-history":[{"count":3,"href":"https:\/\/undetectable.ai/blog\/hu\/wp-json\/wp\/v2\/posts\/6573\/revisions"}],"predecessor-version":[{"id":19151,"href":"https:\/\/undetectable.ai/blog\/hu\/wp-json\/wp\/v2\/posts\/6573\/revisions\/19151"}],"wp:featuredmedia":[{"embeddable":true,"href":"https:\/\/undetectable.ai/blog\/hu\/wp-json\/wp\/v2\/media\/22208"}],"wp:attachment":[{"href":"https:\/\/undetectable.ai/blog\/hu\/wp-json\/wp\/v2\/media?parent=6573"}],"wp:term":[{"taxonomy":"category","embeddable":true,"href":"https:\/\/undetectable.ai/blog\/hu\/wp-json\/wp\/v2\/categories?post=6573"},{"taxonomy":"post_tag","embeddable":true,"href":"https:\/\/undetectable.ai/blog\/hu\/wp-json\/wp\/v2\/tags?post=6573"}],"curies":[{"name":"wp","href":"https:\/\/api.w.org\/{rel}","templated":true}]}}