{"id":6731,"date":"2025-03-16T16:07:00","date_gmt":"2025-03-16T16:07:00","guid":{"rendered":"https:\/\/undetectable.ai/blog\/?p=6731"},"modified":"2026-04-09T04:55:52","modified_gmt":"2026-04-09T04:55:52","slug":"2-eves-diplomat-igenylo-allasok","status":"publish","type":"post","link":"https:\/\/undetectable.ai/blog\/hu\/2-eves-diplomat-igenylo-allasok","title":{"rendered":"Milyen t\u00edpus\u00fa \u00e1ll\u00e1sokhoz lenne sz\u00fcks\u00e9g 2 \u00e9ves diplom\u00e1ra?"},"content":{"rendered":"<p>Az egyetemi oktat\u00e1s k\u00f6lts\u00e9gei n\u0151ttek, \u00edgy a fiatalok k\u00e9nytelenek olyan k\u00e9rd\u00e9seket feltenni, mint p\u00e9ld\u00e1ul: \"milyen t\u00edpus\u00fa munkak\u00f6r\u00f6kh\u00f6z lenne sz\u00fcks\u00e9g 2 \u00e9ves diplom\u00e1ra?\". Sok zavart okoz az is, hogy sz\u00e1mos program k\u00f6z\u00fcl lehet v\u00e1lasztani.&nbsp;<\/p>\n\n\n\n<p>Most m\u00e1r nem kell tov\u00e1bb agg\u00f3dnia, mert ez a cikk r\u00e9szletesen bemutatja azokat a keresett karriereket, amelyekhez k\u00e9t\u00e9ves diplom\u00e1val juthat hozz\u00e1. <\/p>\n\n\n\n<p>R\u00e9szletes t\u00e1j\u00e9koztat\u00e1st ny\u00fajt ezekr\u0151l a poz\u00edci\u00f3kr\u00f3l, feladataikr\u00f3l \u00e9s a sz\u00fcks\u00e9ges k\u00e9pes\u00edt\u00e9sekr\u0151l is.<\/p>\n\n\n\n<h2 class=\"wp-block-heading\">Mi az a 2 \u00e9ves diploma?<\/h2>\n\n\n\n<p>M\u00e1s programokkal ellent\u00e9tben a t\u00e1rsult diploma teljes munkaid\u0151ben, k\u00e9t tan\u00e9v alatt szerezhet\u0151 meg. <\/p>\n\n\n\n<p>A speci\u00e1lis programok olyan speci\u00e1lis k\u00e9pz\u00e9sen kereszt\u00fcl ny\u00fajtanak c\u00e9lzott karrier-el\u0151k\u00e9sz\u00edt\u00e9st, amely t\u00falmutat az alapszint\u0171 alapk\u00e9pz\u00e9si tanterveken, \u00e9s felk\u00e9sz\u00edti a hallgat\u00f3kat a speci\u00e1lis szakmai \u00e1ll\u00e1sokra.<\/p>\n\n\n\n<h3 class=\"wp-block-heading\">A t\u00e1rsult fokozat meghat\u00e1roz\u00e1sa<\/h3>\n\n\n\n<p>A hallgat\u00f3k egyetemi v\u00e9gzetts\u00e9get szereznek a t\u00e1rsult diplom\u00e1k r\u00e9v\u00e9n, amelyeket a f\u0151iskol\u00e1k, a k\u00f6z\u00f6ss\u00e9gi f\u0151iskol\u00e1k, a m\u0171szaki f\u0151iskol\u00e1k \u00e9s n\u00e9h\u00e1ny n\u00e9gy\u00e9ves int\u00e9zm\u00e9ny ad ki.<\/p>\n\n\n\n<p>Az oktat\u00e1si programok a hallgat\u00f3kat konkr\u00e9t gyakorlati k\u00e9pz\u00e9sre c\u00e9lozz\u00e1k meg bizonyos t\u00e9mak\u00f6r\u00f6kben. <\/p>\n\n\n\n<p>A hallgat\u00f3k a diploma megszerz\u00e9se ut\u00e1n gyorsan bel\u00e9phetnek a munkaer\u0151piacra, vagy \u00e1tmenetet biztos\u00edtanak az alapfokozat megszerz\u00e9s\u00e9hez egy n\u00e9gy\u00e9ves int\u00e9zm\u00e9nyben.<\/p>\n\n\n\n<h2 class=\"wp-block-heading\">A 2 \u00e9ves diplom\u00e1k t\u00edpusai<\/h2>\n\n\n\n<p>Az ilyen t\u00edpus\u00fa diplom\u00e1k k\u00fcl\u00f6nb\u00f6z\u0151 form\u00e1kban l\u00e9teznek, mivel mindegyik k\u00fcl\u00f6nb\u00f6z\u0151 karrierc\u00e9lokhoz \u00e9s tudom\u00e1nyos \u00e9rdekl\u0151d\u00e9shez igazodik. <\/p>\n\n\n\n<p>Ezek k\u00f6z\u00e9 tartoznak:&nbsp;<\/p>\n\n\n\n<ul class=\"wp-block-list\">\n<li><strong>Associate of Arts (AA):<\/strong> Az Associate of Arts (AA) a b\u00f6lcs\u00e9szettudom\u00e1nyok \u00e9s a hum\u00e1n t\u00e1rgyak kett\u0151s tudom\u00e1ny\u00e1g\u00e1ra \u00f6sszpontos\u00edt.&nbsp;<\/li>\n\n\n\n<li><strong>Tudom\u00e1nyegyetem (AS)<\/strong>)<strong>:<\/strong> Ez a program a m\u0171v\u00e9szeti programokt\u00f3l elk\u00fcl\u00f6n\u00fclten alak\u00edtja ki oktat\u00e1si strukt\u00far\u00e1j\u00e1t az\u00e1ltal, hogy oktat\u00e1si tartalm\u00e1t a term\u00e9szettudom\u00e1nyos \u00e9s matematikai tudom\u00e1nyter\u00fcletekre \u00f6sszpontos\u00edtja.<\/li>\n\n\n\n<li><strong>Alkalmazott tudom\u00e1nyok asszoci\u00e1ltja (AAS):<\/strong> Ez a diploma m\u0171szaki szakk\u00e9pz\u00e9st ny\u00fajt a hallgat\u00f3k \u00e1ltal k\u00f6zvetlen\u00fcl a munkalehet\u0151s\u00e9gek el\u00e9r\u00e9s\u00e9hez haszn\u00e1lt k\u00e9szs\u00e9gekr\u0151l.<\/li>\n\n\n\n<li><strong>Associate of Applied Business (AAB):<\/strong> Az Associate of Applied Business (AAB) k\u00e9pz\u00e9st folytat\u00f3 hallgat\u00f3k olyan k\u00e9pz\u00e9sben r\u00e9szes\u00fclnek, amely felk\u00e9sz\u00edti \u0151ket bizonyos \u00fczleti p\u00e1ly\u00e1kra.&nbsp;<\/li>\n<\/ul>\n\n\n\n<h3 class=\"wp-block-heading\">A 2 \u00e9ves diploma megszerz\u00e9s\u00e9nek el\u0151nyei a 4 \u00e9ves diplom\u00e1val szemben<\/h3>\n\n\n\n<p>Itt t\u00f6bb t\u00e9nyez\u0151 is bizony\u00edtja, hogy a t\u00e1rsult diploma megszerz\u00e9se nagyobb el\u0151ny\u00f6kkel j\u00e1r, mint a hagyom\u00e1nyos alapdiploma megszerz\u00e9se:<\/p>\n\n\n\n<ul class=\"wp-block-list\">\n<li><strong>Alacsonyabb oktat\u00e1si k\u00f6lts\u00e9gek: <\/strong>A hallgat\u00f3k kevesebbet k\u00f6ltenek a teljes oktat\u00e1si k\u00f6lts\u00e9gekre, ha k\u00e9t\u00e9ves diplom\u00e1t szereznek, mintha n\u00e9gy\u00e9ves diplom\u00e1ba fektetn\u00e9nek. A t\u00e1rsult diploma megszerz\u00e9se alacsonyabb tand\u00edjk\u00f6lts\u00e9geket \u00e9s gyorsabb bel\u00e9p\u00e9st biztos\u00edt a munkaer\u0151piacra. A di\u00e1kok <a href=\"https:\/\/www.achieve.com\/debt-consolidation\" data-type=\"link\" data-id=\"https:\/\/www.achieve.com\/debt-consolidation\" target=\"_blank\" rel=\"noopener\">minimaliz\u00e1lj\u00e1k ad\u00f3ss\u00e1gterheiket<\/a> mik\u00f6zben b\u0151v\u00edtik f\u0151iskolai oktat\u00e1si lehet\u0151s\u00e9geiket.<\/li>\n<\/ul>\n\n\n\n<ul class=\"wp-block-list\">\n<li><strong>Id\u0151beli elk\u00f6telezetts\u00e9g:<\/strong> A t\u00e1rsult diplom\u00e1hoz sz\u00fcks\u00e9ges teljes id\u0151tartam r\u00f6videbbnek bizonyul, mint az alapfokozat megszerz\u00e9s\u00e9hez sz\u00fcks\u00e9ges id\u0151tartam. A program id\u0151hat\u00e9kony jellege k\u00edv\u00e1natos v\u00e1laszt\u00e1ss\u00e1 teszi a szak\u00e9rtelem megszerz\u00e9s\u00e9re \u00f6sszpontos\u00edt\u00f3 szem\u00e9lyek sz\u00e1m\u00e1ra.<\/li>\n<\/ul>\n\n\n\n<ul class=\"wp-block-list\">\n<li><strong>Rugalmas tanul\u00e1si lehet\u0151s\u00e9gek:<\/strong> A k\u00f6z\u00f6ss\u00e9gi f\u0151iskol\u00e1k \u00e9s szakiskol\u00e1k oktat\u00e1si programjaik r\u00e9v\u00e9n alkalmazkod\u00f3 tanul\u00e1si lehet\u0151s\u00e9geket k\u00edn\u00e1lnak a di\u00e1koknak. A di\u00e1kok k\u00fcl\u00f6nb\u00f6z\u0151 \u00f3rarend-v\u00e1laszt\u00e1si lehet\u0151s\u00e9geket kapnak, bele\u00e9rtve az esti \u00e9s h\u00e9tv\u00e9gi \u00f3r\u00e1kat, az online kurzusokat \u00e9s a r\u00e9szmunkaid\u0151s beiratkoz\u00e1si lehet\u0151s\u00e9geket.&nbsp;<\/li>\n<\/ul>\n\n\n\n<p>A diplomaprogramok rugalmas id\u0151beoszt\u00e1si lehet\u0151s\u00e9gekkel v\u00e1lnak el\u00e9rhet\u0151v\u00e9, amelyek a dolgoz\u00f3 \u00e9s a csal\u00e1di k\u00f6telezetts\u00e9gekkel rendelkez\u0151k ig\u00e9nyeit is figyelembe veszik.<\/p>\n\n\n\n<ul class=\"wp-block-list\">\n<li><strong>C\u00e9lzott k\u00e9szs\u00e9gfejleszt\u0151 k\u00e9pz\u00e9s:<\/strong> A k\u00e9t\u00e9ves szakok bizonyos ipar\u00e1gakra \u00f6sszpontos\u00edt\u00f3 speci\u00e1lis k\u00e9pz\u00e9st ny\u00fajtanak, ami elt\u00e9r az alapdiplom\u00e1s oktat\u00e1st\u00f3l. Az oktat\u00e1si program olyan pontos k\u00e9pz\u00e9st tartalmaz, amely az egyes foglalkoz\u00e1si ter\u00fcletekhez sz\u00fcks\u00e9ges k\u00e9pess\u00e9geket \u00e9s inform\u00e1ci\u00f3kat c\u00e9lozza meg.<\/li>\n<\/ul>\n\n\n\n<ul class=\"wp-block-list\">\n<li><strong>\u00dat a tov\u00e1bbtanul\u00e1shoz:<\/strong> A t\u00e1rsult diplom\u00e1k nem felt\u00e9tlen\u00fcl jelentenek zs\u00e1kutc\u00e1t, s\u0151t, ak\u00e1r strat\u00e9giai kezdetet is jelenthetnek. Az e programokon bel\u00fcli karok egyszer\u0171s\u00edtett kredit\u00e1tviteli lehet\u0151s\u00e9geket biztos\u00edtanak, hogy a hallgat\u00f3k n\u00e9gy\u00e9ves int\u00e9zm\u00e9nyekben folytathass\u00e1k tov\u00e1bbtanul\u00e1sukat.<\/li>\n<\/ul>\n\n\n\n<h2 class=\"wp-block-heading\">Mi\u00e9rt v\u00e1lasszon olyan munk\u00e1t, amelyhez 2 \u00e9ves diploma sz\u00fcks\u00e9ges?<\/h2>\n\n\n\n<p>\u00cdme n\u00e9h\u00e1ny ok, ami\u00e9rt \u00e9rdemes olyan munk\u00e1t v\u00e1lasztania, amelyhez 2 \u00e9ves diplom\u00e1ra van sz\u00fcks\u00e9g:<\/p>\n\n\n\n<ul class=\"wp-block-list\">\n<li><strong>Gyors munkaer\u0151-integr\u00e1ci\u00f3:<\/strong> A k\u00e9t\u00e9ves k\u00e9pz\u00e9sek a leggyorsabb utat jelentik a szakmai elhelyezked\u00e9shez. A v\u00e9gzettek l\u00e9nyegesen gyorsabban l\u00e9phetnek be a munkaer\u0151piacra, mint a n\u00e9gy\u00e9ves diplom\u00e1t szerz\u0151k, azonnal megkezdhetik karrierj\u00fcket \u00e9s j\u00f6vedelemre tehetnek szert.<\/li>\n<\/ul>\n\n\n\n<ul class=\"wp-block-list\">\n<li><strong>Versenyk\u00e9pes fizet\u00e9si lehet\u0151s\u00e9g:<\/strong> A k\u00e9t\u00e9ves tudom\u00e1nyos programok jelent\u0151s kompenz\u00e1ci\u00f3s csomaggal rendelkez\u0151 \u00e1ll\u00e1shelyeket biztos\u00edtanak. A bel\u00e9p\u0151 szint\u0171 fizet\u00e9sek a m\u0171szaki, valamint az eg\u00e9szs\u00e9g\u00fcgyi szerepek \u00e9s a szakkereskedelmi poz\u00edci\u00f3k eset\u00e9ben jellemz\u0151en $40,000 \u00e9s $70,000 k\u00f6z\u00f6tt mozognak, b\u00e1r l\u00e9teznek figyelemre m\u00e9lt\u00f3 karrier\u00e9p\u00edt\u00e9si lehet\u0151s\u00e9gek.&nbsp;<\/li>\n<\/ul>\n\n\n\n<p>Az ezekb\u0151l a munkak\u00f6r\u00f6kb\u0151l kapott fizet\u00e9s j\u00f3l versenyez az alapfok\u00fa v\u00e9gzetts\u00e9get ig\u00e9nyl\u0151 szakm\u00e1k kezd\u0151b\u00e9r\u00e9vel.<\/p>\n\n\n\n<ul class=\"wp-block-list\">\n<li><strong>Cs\u00f6kkentett p\u00e9nz\u00fcgyi kock\u00e1zat:<\/strong> Az alacsonyabb oktat\u00e1si befektet\u00e9s \u00e9s a munkaer\u0151piacra val\u00f3 gyorsabb visszat\u00e9r\u00e9s miatt a k\u00e9t\u00e9ves diplom\u00e1k kisebb p\u00e9nz\u00fcgyi kock\u00e1zatot jelentenek. Azok a hallgat\u00f3k, akik lemondanak a n\u00e9gy\u00e9ves k\u00e9pz\u00e9sr\u0151l, gyorsabb p\u00e9nz\u00fcgyi stabilit\u00e1st \u00e9rhetnek el, mivel nem kell hatalmas di\u00e1khitel-ad\u00f3ss\u00e1ggal szemben\u00e9zni\u00fck.<\/li>\n<\/ul>\n\n\n\n<ul class=\"wp-block-list\">\n<li><strong>Gyakorlati fejleszt\u00e9s:<\/strong> A k\u00e9pz\u00e9si programok a gyakorlatias \u00e9s val\u00f3s oktat\u00e1si m\u00f3dszerekre \u00f6sszpontos\u00edtanak. A f\u0151iskolai programok speci\u00e1lis k\u00e9pz\u00e9st ny\u00fajtanak a szakmai gyakorlatok \u00e9s a gyakorlati oktat\u00e1s mellett, ami n\u00f6veli a hallgat\u00f3k vonzerej\u00e9t az \u00fczleti szervezetek sz\u00e1m\u00e1ra.<\/li>\n<\/ul>\n\n\n\n<ul class=\"wp-block-list\">\n<li><strong>Karrier rugalmass\u00e1g \u00e9s n\u00f6veked\u00e9s: <\/strong>A k\u00e9t\u00e9ves diploma a szakmai tov\u00e1bbk\u00e9pz\u00e9s alapj\u00e1t k\u00e9pezi. A legt\u00f6bb k\u00e9t\u00e9ves diploma konkr\u00e9t karrier\u00e9p\u00edt\u00e9st \u00e9s tov\u00e1bbi tan\u00fas\u00edtv\u00e1nyokat, valamint a munkaviszony alatti tov\u00e1bbk\u00e9pz\u00e9si lehet\u0151s\u00e9geket biztos\u00edt.<\/li>\n<\/ul>\n\n\n\n<h2 class=\"wp-block-heading\">A 2 \u00e9ves diplom\u00e1val rendelkez\u0151 munkav\u00e1llal\u00f3kat alkalmaz\u00f3 ipar\u00e1gak toplist\u00e1ja<\/h2>\n\n\n\n<p>\u00cdme n\u00e9h\u00e1ny olyan ipar\u00e1g, amely k\u00e9t\u00e9ves diplom\u00e1val rendelkez\u0151 munkav\u00e1llal\u00f3kat alkalmaz:<\/p>\n\n\n\n<ul class=\"wp-block-list\">\n<li><strong>Eg\u00e9szs\u00e9g\u00fcgy:<\/strong> Az eg\u00e9szs\u00e9g\u00fcgyi ter\u00fcleten olyan \u00e1ll\u00e1sokra van sz\u00fcks\u00e9g, amelyek t\u00falmutatnak az \u00e1pol\u00e1son. Az orvosi laborat\u00f3riumi technikusok, a radiol\u00f3giai technol\u00f3gusok, a fog\u00e1szati higi\u00e9nikusok \u00e9s az orvosi k\u00f3dol\u00e1si szakemberek olyan munkak\u00f6r\u00f6k, amelyek ir\u00e1nt nagy a piaci kereslet. Az ir\u00e1ny\u00edtott ell\u00e1t\u00f3 szervezetek olyan \u00e1ll\u00e1sokat k\u00edn\u00e1lnak, amelyek megb\u00edzhat\u00f3 munkalehet\u0151s\u00e9geket \u00e9s k\u00edv\u00e1natos fizet\u00e9si sk\u00e1l\u00e1kat biztos\u00edtanak, valamint a szak\u00e9rt\u0151i fejl\u0151d\u00e9s \u00e9s a karrier\u00e9p\u00edt\u00e9s \u00fatjait.<\/li>\n<\/ul>\n\n\n\n<ul class=\"wp-block-list\">\n<li><strong>Informatika:<\/strong> A technol\u00f3giai iparban a t\u00e1rsult diplom\u00e1val rendelkez\u0151 diplom\u00e1sok sz\u00e1m\u00e1ra is el\u00e9rhet\u0151v\u00e9 v\u00e1lnak poz\u00edci\u00f3k. A szervezeti digit\u00e1lis infrastrukt\u00fara sikere a biztons\u00e1g fenntart\u00e1sa \u00e9rdek\u00e9ben olyan szerepk\u00f6r\u00f6kt\u0151l f\u00fcgg, mint a h\u00e1l\u00f3zati t\u00e1mogat\u00f3 szakemberek, a kiberbiztons\u00e1gi technikusok \u00e9s a sz\u00e1m\u00edt\u00f3g\u00e9pes t\u00e1mogat\u00f3 szakemberek.&nbsp;<\/li>\n<\/ul>\n\n\n\n<p>Ezek a szerepek az\u00e9rt v\u00e1ltak alapvet\u0151 fontoss\u00e1g\u00fav\u00e1, mert a szervezetek egyre ink\u00e1bb f\u00fcggnek a technol\u00f3giai rendszerekt\u0151l minden \u00fczleti \u00e1gazatban. <\/p>\n\n\n\n<p>A munkaad\u00f3k gyakorlati szaktud\u00e1st \u00e9s j\u00f3v\u00e1hagyott tan\u00fas\u00edtv\u00e1nyokat keresnek, \u00edgy a k\u00e9t\u00e9ves diplom\u00e1val rendelkez\u0151k kiv\u00e1l\u00f3 karrierlehet\u0151s\u00e9geket tal\u00e1lnak ezen a ter\u00fcleten.<\/p>\n\n\n\n<ul class=\"wp-block-list\">\n<li><strong>B\u00fcntet\u0151 igazs\u00e1gszolg\u00e1ltat\u00e1s \u00e9s k\u00f6zbiztons\u00e1g:<\/strong> A b\u0171n\u00fcld\u00f6z\u00e9si \u00e1gazat, valamint a b\u00fcntet\u00e9s-v\u00e9grehajt\u00e1s \u00e9s a s\u00fcrg\u0151ss\u00e9gi szolg\u00e1latok tov\u00e1bbra is k\u00e9t\u00e9ves diplom\u00e1val rendelkez\u0151ket vesznek fel. A k\u00f6zbiztons\u00e1g, a k\u00f6z\u00f6ss\u00e9gi szolg\u00e1lati szerepek \u00e9s a b\u00fcntet\u0151jogi szak\u00e9rtelem speci\u00e1lis k\u00e9pz\u00e9st ig\u00e9nyel, amely mag\u00e1ban foglalja a b\u00fcntet\u0151jogi, k\u00f6zbiztons\u00e1gi \u00e9s k\u00f6z\u00f6ss\u00e9gi szolg\u00e1lati tananyagot.&nbsp;<\/li>\n<\/ul>\n\n\n\n<p>A rend\u0151r\u00f6kt\u0151l a b\u00edr\u00f3s\u00e1gi \u00fcgyint\u00e9z\u0151kig a t\u00e1rsult diplom\u00e1k biztos\u00edtj\u00e1k a sz\u00fcks\u00e9ges alapokat ezekhez a kritikus k\u00f6zszolg\u00e1lati karrierekhez.<\/p>\n\n\n\n<ul class=\"wp-block-list\">\n<li><strong>\u00dczleti \u00e9s igazgat\u00e1si szolg\u00e1ltat\u00e1sok:<\/strong> Az \u00fczleti t\u00e1rsult diplom\u00e1t ad\u00f3 programok bel\u00e9p\u00e9si pontk\u00e9nt szolg\u00e1lnak a k\u00fcl\u00f6nb\u00f6z\u0151 szakmai poz\u00edci\u00f3k fel\u00e9. Az \u00fczleti t\u00e1rsult diplom\u00e1hoz kapcsol\u00f3d\u00f3 karrierek lehet\u0151v\u00e9 teszik a szakemberek sz\u00e1m\u00e1ra, hogy t\u00f6bb poz\u00edci\u00f3ban haladjanak el\u0151re, amelyek gyakran magasabb vezet\u0151i poz\u00edci\u00f3khoz vezetnek.&nbsp;<\/li>\n<\/ul>\n\n\n\n<h2 class=\"wp-block-heading\">Hogyan v\u00e1lasszuk ki a megfelel\u0151 2 \u00e9ves diplom\u00e1t a karrierc\u00e9ljainkhoz?<\/h2>\n\n\n\n<p>Az al\u00e1bbiakban tippeket adunk arra vonatkoz\u00f3an, hogyan v\u00e1laszd ki a sz\u00e1modra megfelel\u0151 2 \u00e9ves diplom\u00e1t:<\/p>\n\n\n\n<ul class=\"wp-block-list\">\n<li><strong>M\u00e9rje fel az \u00e9rdekeit:<\/strong> Sz\u00e1njon id\u0151t arra, hogy felfedezze szenved\u00e9lyeit \u00e9s tehets\u00e9g\u00e9t. Vegye figyelembe a velesz\u00fcletett tehets\u00e9geit, valamint az \u00d6nt lelkesed\u00e9sre k\u00e9sztet\u0151 t\u00e9m\u00e1kat \u00e9s az \u00d6nh\u00f6z legjobban ill\u0151 munkahelyt\u00edpust. El\u0151ny\u00f6s lesz a p\u00e1lyafelm\u00e9r\u0151 eszk\u00f6z\u00f6k haszn\u00e1lata \u00e9s a p\u00e1lyaorient\u00e1ci\u00f3s tan\u00e1csad\u00f3kkal val\u00f3 tal\u00e1lkoz\u00e1s, mik\u00f6zben k\u00fcl\u00f6nb\u00f6z\u0151 ipar\u00e1gi forr\u00e1sokat vizsg\u00e1l meg, hogy jobban meg\u00e9rtse \u00f6nmag\u00e1t.<\/li>\n<\/ul>\n\n\n\n<ul class=\"wp-block-list\">\n<li><strong>K\u00e9szs\u00e9geid \u00e9s szem\u00e9lyes n\u00f6veked\u00e9sed \u00f6sszehangol\u00e1sa:<\/strong> K\u00e9t szempont alapj\u00e1n v\u00e1lasszon egyetemi k\u00e9pz\u00e9st: a k\u00e9pz\u00e9s illeszkedik a foglalkoztat\u00e1si ig\u00e9nyekhez, \u00e9s alkalmas a szem\u00e9lyes fejl\u0151d\u00e9s \u00e9s a karrier\u00fat el\u0151mozd\u00edt\u00e1s\u00e1ra. A kiv\u00e1lasztott programnak olyan \u00e1tadhat\u00f3 k\u00e9pess\u00e9geket kell biztos\u00edtania a hallgat\u00f3k sz\u00e1m\u00e1ra, amelyek a kommunik\u00e1ci\u00f3 \u00e9s a kritikai gondolkod\u00e1s mellett technol\u00f3giai kompetenci\u00e1kat is magukban foglalnak.<\/li>\n<\/ul>\n\n\n\n<p>A v\u00e9gzettek a tanult k\u00e9szs\u00e9geiket b\u00e1rhol felhaszn\u00e1lhatj\u00e1k a munkaer\u0151piacon, mivel azok k\u00fcl\u00f6nb\u00f6z\u0151 \u00e1gazatokban \u00e9rt\u00e9kesek, \u00e9s seg\u00edtenek a tart\u00f3s szakmai rugalmass\u00e1g kialak\u00edt\u00e1s\u00e1ban.<\/p>\n\n\n\n<ul class=\"wp-block-list\">\n<li><strong>Karrier-tan\u00e1csad\u00e1s \u00e9s mentor\u00e1l\u00e1s: <\/strong>&nbsp;A szem\u00e9lyes \u00e9rt\u00e9kel\u00e9sek nem elegend\u0151ek; szakmai karrier-tan\u00e1csad\u00f3 \u00e9s ipari mentor \u00fatmutat\u00e1s\u00e1ra van sz\u00fcks\u00e9g. A karrierszak\u00e9rt\u0151k k\u00f6zvetlen ipari ismereteket adhatnak \u00d6nnek, \u00e9s olyan szem\u00e9lyre szabott terveket k\u00e9sz\u00edthetnek, amelyek \u00f6sszhangban vannak az \u00d6n tehets\u00e9geivel \u00e9s c\u00e9lkit\u0171z\u00e9seivel.&nbsp;<\/li>\n<\/ul>\n\n\n\n<h2 class=\"wp-block-heading\">Mekkora a 2 \u00e9ves diplom\u00e1val rendelkez\u0151 \u00e1ll\u00e1sok fizet\u00e9si lehet\u0151s\u00e9ge?<\/h2>\n\n\n\n<p>Az al\u00e1bbiakban n\u00e9h\u00e1ny 2 \u00e9ves diplom\u00e1val rendelkez\u0151 \u00e1ll\u00e1st \u00e9s azok fizet\u00e9si lehet\u0151s\u00e9geit mutatjuk be:<\/p>\n\n\n\n<h3 class=\"wp-block-heading\">\u00c1llatorvosi technikusok<\/h3>\n\n\n\n<p>Az \u00e1llatorvosi technikusok az \u00e1llatorvosi rendel\u0151kben bet\u00f6lt\u00f6tt szerep\u00fck alapj\u00e1n hasonl\u00edtanak az \u00e1pol\u00f3kra. <\/p>\n\n\n\n<p>Az \u00e1llatorvosi technikusok alapvet\u0151 \u00e1llat-eg\u00e9szs\u00e9g\u00fcgyi szolg\u00e1ltat\u00e1sokat ny\u00fajtanak, valamint seg\u00edtik az \u00e1llatorvosokat az orvosi elj\u00e1r\u00e1sokban. <\/p>\n\n\n\n<p>Gyakran dolgoznak mag\u00e1nklinik\u00e1kon, \u00e9s gyakorlati tapasztalatokat szereznek sz\u00e1mos \u00e1llatfajjal kapcsolatban.&nbsp;<\/p>\n\n\n\n<p>Az \u00e1llatorvosi technikus szakm\u00e1t v\u00e1laszt\u00f3knak k\u00e9t\u00e9ves t\u00e1rsult diplom\u00e1ra van sz\u00fcks\u00e9g\u00fck, valamint az \u00e1llatorvosi technikus nemzeti vizsga (VTNE) sikeres let\u00e9tel\u00e9re. <\/p>\n\n\n\n<p>Az erre a poz\u00edci\u00f3ra vonatkoz\u00f3 fizet\u00e9si el\u0151rejelz\u00e9sek meghaladj\u00e1k <a href=\"https:\/\/www.bls.gov\/oes\/current\/oes292056.htm\" target=\"_blank\" rel=\"noreferrer noopener\">$35,000<\/a>.&nbsp;<\/p>\n\n\n\n<h3 class=\"wp-block-heading\">Adatelemz\u0151&nbsp;<\/h3>\n\n\n\n<p>Ha elgondolkodik a <strong>milyen t\u00edpus\u00fa munkak\u00f6r\u00f6kh\u00f6z lenne sz\u00fcks\u00e9g 2 \u00e9ves diplom\u00e1ra?<\/strong> \u00e9s j\u00f3l fizet, akkor fontolja meg az adatelemz\u00e9st. <\/p>\n\n\n\n<p>Ez a munka j\u00f3l fizet\u0151, \u00e9s a legt\u00f6bbsz\u00f6r egy\u00e1ltal\u00e1n nem ig\u00e9nyel f\u0151iskol\u00e1t, amennyiben rendelkezik a munk\u00e1hoz sz\u00fcks\u00e9ges technikai k\u00e9szs\u00e9gekkel.&nbsp;<\/p>\n\n\n\n<p>A korai munkalehet\u0151s\u00e9gek el\u00e9rhet\u0151ek lehetnek az adatelemz\u00e9ssel foglalkoz\u00f3 hallgat\u00f3k sz\u00e1m\u00e1ra alapk\u00e9pz\u00e9si k\u00f6telezetts\u00e9g n\u00e9lk\u00fcl, mivel gyakorlati k\u00e9pz\u00e9st ny\u00fajt az adatok \u00e9rtelmez\u00e9s\u00e9hez. <\/p>\n\n\n\n<p>Az ebben a munkak\u00f6rben dolgoz\u00f3 szakembernek lehet\u0151s\u00e9ge van arra, hogy megkeresse a k\u00f6vetkez\u0151ket <a href=\"https:\/\/www.bls.gov\/oes\/current\/oes152051.htm#ind\" target=\"_blank\" rel=\"noreferrer noopener\">$100,000<\/a> \u00e9vente.<\/p>\n\n\n\n<p>Az adatelemz\u0151k minden ter\u00fcleten tal\u00e1lnak \u00e1ll\u00e1st, mik\u00f6zben sz\u00fcks\u00e9g\u00fck van a technol\u00f3giai programok, k\u00f6zt\u00fck az SQL \u00e9s a Python programoz\u00e1s kezel\u00e9s\u00e9nek k\u00e9pess\u00e9g\u00e9re. <\/p>\n\n\n\n<p>B\u00e1r nem programoz\u00f3k, az alapvet\u0151 k\u00f3dok ismerete j\u00f3l j\u00f6het az adatok elemz\u00e9se \u00e9s vizualiz\u00e1l\u00e1sa sor\u00e1n.<\/p>\n\n\n\n<h3 class=\"wp-block-heading\">Diagnosztikai orvosi szonogr\u00e1fusok<\/h3>\n\n\n\n<p>Ezek a szakemberek speci\u00e1lis k\u00e9palkot\u00f3 berendez\u00e9seket haszn\u00e1lnak olyan k\u00e9pek k\u00e9sz\u00edt\u00e9s\u00e9hez vagy vizsg\u00e1latok elv\u00e9gz\u00e9s\u00e9hez, amelyek seg\u00edtenek az orvosoknak az eg\u00e9szs\u00e9g\u00fcgyi \u00e1llapotok \u00e9rt\u00e9kel\u00e9s\u00e9ben \u00e9s diagnosztiz\u00e1l\u00e1s\u00e1ban. <\/p>\n\n\n\n<p>Felk\u00e9sz\u00edtik a betegeket a m\u0171t\u00e9tekre, \u00e9s r\u00f6gz\u00edtik a leleteiket. <\/p>\n\n\n\n<p>Ahhoz, hogy b\u00e1rki bet\u00f6rhessen erre a ter\u00fcletre, t\u00e1rsult szonogr\u00e1fusi diplom\u00e1ra van sz\u00fcks\u00e9g. <\/p>\n\n\n\n<p>Tov\u00e1bb\u00e1, a becsl\u00e9sek szerint a munk\u00e1\u00e9rt j\u00e1r\u00f3 fizet\u00e9s lehet\u0151s\u00e9ge k\u00f6r\u00fclbel\u00fcl <a href=\"https:\/\/www.bls.gov\/oes\/current\/oes292032.htm\" target=\"_blank\" rel=\"noreferrer noopener\">$83,980<\/a>.<\/p>\n\n\n\n<h3 class=\"wp-block-heading\">Akvakult\u00fara-technikus&nbsp;<\/h3>\n\n\n\n<p>Sokak sz\u00e1m\u00e1ra ez a munkater\u00fclet ismeretlen \u00e9s nem vonz\u00f3, de a F\u00f6ld t\u00fal\u00e9l\u00e9se szempontj\u00e1b\u00f3l t\u00f6bb szempontb\u00f3l is alapvet\u0151 fontoss\u00e1g\u00fa. <\/p>\n\n\n\n<p>Az akvakult\u00fara a v\u00edzi szervezetekre \u00f6sszpontos\u00edt\u00f3 tudom\u00e1nyos kutat\u00e1ssal foglalkozik, amely mag\u00e1ban foglalja a halakat, az alg\u00e1kat \u00e9s a v\u00edz alatti n\u00f6v\u00e9nyeket. <\/p>\n\n\n\n<p>A mez\u0151gazdas\u00e1gi m\u00f3dszerekhez hasonl\u00f3an az akvakult\u00fara is a t\u00e1rsadalom sz\u00e1m\u00e1ra hasznos alapvet\u0151 er\u0151forr\u00e1sokat biztos\u00edt.<\/p>\n\n\n\n<p>Ez\u00e9rt ez a munka az egyik legkeresettebb k\u00e9t\u00e9ves diplom\u00e1val rendelkez\u0151 szakma. <\/p>\n\n\n\n<p>A v\u00edzi\u00e1llatok teny\u00e9szt\u00e9se az akvakult\u00fara-szakemberek \u00e1ltal ir\u00e1ny\u00edtott l\u00e9tes\u00edtm\u00e9nyekben seg\u00edt meg\u0151rizni a v\u00edzi\u00e1llatok biol\u00f3giai sokf\u00e9les\u00e9g\u00e9t. <\/p>\n\n\n\n<p>A jobb biol\u00f3giai sokf\u00e9les\u00e9g nagyobb bolyg\u00f3t jelent, ez\u00e9rt a technikusok nagyszer\u0171 munk\u00e1t v\u00e9geznek.&nbsp;<\/p>\n\n\n\n<p>Ez a munka megk\u00f6veteli, hogy ismerje a v\u00edzi \u00e9l\u0151vil\u00e1got, valamint a v\u00edzi gazd\u00e1lkod\u00e1sra vonatkoz\u00f3 t\u00f6rv\u00e9nyeket \u00e9s rendeleteket. Az aj\u00e1nlott v\u00e9gzetts\u00e9g az akvakult\u00fara, a fizet\u00e9si lehet\u0151s\u00e9g pedig kb. <a href=\"https:\/\/www.bls.gov\/ooh\/management\/farmers-ranchers-and-other-agricultural-managers.htm\" target=\"_blank\" rel=\"noreferrer noopener\">$73,060<\/a>.<\/p>\n\n\n\n<h3 class=\"wp-block-heading\">L\u00e9giforgalmi ir\u00e1ny\u00edt\u00f3k<\/h3>\n\n\n\n<p>Ezek az emberek biztos\u00edtj\u00e1k a l\u00e9gi j\u00e1rm\u0171vek biztons\u00e1g\u00e1t \u00e9s szab\u00e1lyos mozg\u00e1s\u00e1t a glob\u00e1lis l\u00e9giforgalmi ir\u00e1ny\u00edt\u00e1si rendszeren bel\u00fcl. <\/p>\n\n\n\n<p>\u0150k ir\u00e1ny\u00edtj\u00e1k a rep\u00fcl\u0151g\u00e9peket felsz\u00e1ll\u00e1s \u00e9s lesz\u00e1ll\u00e1s k\u00f6zben, ir\u00e1ny\u00edtj\u00e1k a rep\u00fcl\u0151g\u00e9pek \u00e1raml\u00e1s\u00e1t az \u00e9gen, \u00e9s rep\u00fcl\u00e9s k\u00f6zben fel\u00fcgyelik a rep\u00fcl\u0151g\u00e9peket.<\/p>\n\n\n\n<p>A l\u00e9giforgalmi ir\u00e1ny\u00edt\u00e1sban val\u00f3 kit\u0171n\u00e9shez alapdiplom\u00e1ra van sz\u00fcks\u00e9g, de a Sz\u00f6vets\u00e9gi L\u00e9g\u00fcgyi Hivatal olyan t\u00e1rsult diplom\u00e1t ad\u00f3 programokat is t\u00e1mogat, amelyekkel elind\u00edthat\u00f3 egy ilyen karrier. <\/p>\n\n\n\n<p>Egy <a href=\"https:\/\/www.bls.gov\/oes\/current\/oes532021.htm\" target=\"_blank\" rel=\"noreferrer noopener\">$142,050<\/a> \u00e9ves j\u00f6vedelemre lehet sz\u00e1m\u00edtani l\u00e9giforgalmi ir\u00e1ny\u00edt\u00f3k\u00e9nt.<\/p>\n\n\n\n<h2 class=\"wp-block-heading\">Hogyan p\u00e1ly\u00e1zzunk \u00e1ll\u00e1sra 2 \u00e9ves diplom\u00e1val?<\/h2>\n\n\n<div class=\"wp-block-image\">\n<figure class=\"aligncenter size-large\"><img loading=\"lazy\" decoding=\"async\" width=\"1024\" height=\"683\" src=\"https:\/\/undetectable.ai/blog\/wp-content\/uploads\/2025\/03\/what-is-a-resume-1024x683.jpg\" alt=\"Mi az \u00f6n\u00e9letrajz? Defin\u00edci\u00f3, p\u00e9ld\u00e1k \u00e9s hogyan kell \u00edrni egyet\" class=\"wp-image-6609\" title=\"\" srcset=\"https:\/\/undetectable.ai/blog\/wp-content\/uploads\/2025\/03\/what-is-a-resume-1024x683.jpg 1024w, https:\/\/undetectable.ai/blog\/wp-content\/uploads\/2025\/03\/what-is-a-resume-300x200.jpg 300w, https:\/\/undetectable.ai/blog\/wp-content\/uploads\/2025\/03\/what-is-a-resume-768x512.jpg 768w, https:\/\/undetectable.ai/blog\/wp-content\/uploads\/2025\/03\/what-is-a-resume-18x12.jpg 18w, https:\/\/undetectable.ai/blog\/wp-content\/uploads\/2025\/03\/what-is-a-resume.jpg 1200w\" sizes=\"auto, (max-width: 1024px) 100vw, 1024px\" \/><\/figure><\/div>\n\n\n<p>Az \u00e1ll\u00e1skeres\u00e9st azzal kell kezdenie, hogy r\u00e9szt vesz a h\u00e1l\u00f3zati tev\u00e9kenys\u00e9gekben, r\u00e9szt vesz a szakmai ipar\u00e1gi rendezv\u00e9nyeken, \u00e9s szakmai kapcsolatokat \u00e9p\u00edt ki a szakter\u00fclet\u00e9n bel\u00fcl.&nbsp;<\/p>\n\n\n\n<p>Form\u00e1zza meg \u00f6n\u00e9letrajz\u00e1t \u00fagy, hogy bemutassa az \u00d6n k\u00fcl\u00f6nleges k\u00e9pess\u00e9geit \u00e9s munkat\u00f6rt\u00e9net\u00e9t. <\/p>\n\n\n\n<p>Haszn\u00e1lja ki az olyan online \u00e1ll\u00e1sb\u00f6rz\u00e9ket, mint a LinkedIn, az Indeed \u00e9s az ipar\u00e1gspecifikus \u00e1ll\u00e1sb\u00f6rz\u00e9k. <\/p>\n\n\n\n<p>Az \u00e1ll\u00e1skeres\u0151knek kutat\u00e1st kell v\u00e9gezni\u00fck a leend\u0151 munk\u00e1ltat\u00f3kr\u00f3l, \u00e9s az interj\u00faalkalmak el\u0151tt el kell pr\u00f3b\u00e1lniuk a standard interj\u00fak\u00e9rd\u00e9seket.&nbsp;<\/p>\n\n\n\n<p>A bel\u00e9p\u0151 szint\u0171 \u00e1ll\u00e1sok \u00e9s a szakmai gyakorlatok kiv\u00e1l\u00f3 lehet\u0151s\u00e9get ny\u00fajtanak a hasznos munkatapasztalat megszerz\u00e9s\u00e9re. <\/p>\n\n\n\n<p>Nem szabad visszariadnia att\u00f3l, hogy felvegye a kapcsolatot az oktat\u00e1si int\u00e9zm\u00e9ny\u00e9n kereszt\u00fcl az \u00f6regdi\u00e1k-h\u00e1l\u00f3zatokkal vagy a karrierszolg\u00e1latokkal, mivel ezek kieg\u00e9sz\u00edt\u0151 \u00fatmutat\u00e1st \u00e9s seg\u00edts\u00e9get ny\u00fajtanak.<\/p>\n\n\n\n<h3 class=\"wp-block-heading\">Haszn\u00e1lja az AI Resume Buildert egy professzion\u00e1lis \u00f6n\u00e9letrajz l\u00e9trehoz\u00e1s\u00e1hoz<\/h3>\n\n\n\n<p>A <a href=\"https:\/\/undetectable.ai\/blog\/ai-to-write-your-resume\/\" target=\"_blank\" rel=\"noreferrer noopener\">\u00d6n\u00e9letrajz-\u00e9p\u00edt\u0151<\/a> forradalmas\u00edtja a felhaszn\u00e1l\u00f3k \u00f6n\u00e9letrajz\u00e1nak elk\u00e9sz\u00edt\u00e9s\u00e9t. <\/p>\n\n\n\n<p>Az innovat\u00edv technol\u00f3gia h\u00e1rom kulcsfontoss\u00e1g\u00fa elemet haszn\u00e1l, hogy az \u00d6n h\u00e1tter\u00e9nek \u00e9s karrierterveinek, valamint k\u00e9pess\u00e9geinek felm\u00e9r\u00e9s\u00e9vel er\u0151s szakmai dokumentumot hozzon l\u00e9tre.&nbsp;<\/p>\n\n\n\n<p>Az eszk\u00f6z fejlett programoz\u00e1sra t\u00e1maszkodik, hogy a jelentkez\u00e9si folyamat sor\u00e1n bemutassa az \u00d6n legjelent\u0151sebb k\u00e9pess\u00e9geit \u00e9s \u00f6n\u00e9letrajz\u00e1nak eredm\u00e9nyeit. <\/p>\n\n\n\n<p>A mesters\u00e9ges intelligencia rendszer a gyakorlati k\u00e9szs\u00e9gekre \u00e9s az oktat\u00e1si tan\u00fas\u00edtv\u00e1nyokra helyezett strat\u00e9giai hangs\u00faly r\u00e9v\u00e9n azonos\u00edtja a k\u00e9t\u00e9ves diplom\u00e1val rendelkez\u0151k k\u00fcl\u00f6nleges tulajdons\u00e1gait.<\/p>\n\n\n\n<p>Ez is seg\u00edthet \u00e1tjutni a p\u00e1ly\u00e1z\u00f3k nyomon k\u00f6vet\u00e9si rendszerein, mik\u00f6zben fenntartja a term\u00e9szetes, <a href=\"https:\/\/undetectable.ai\/blog\/change-ai-writing-to-human\/\" target=\"_blank\" rel=\"noreferrer noopener\">emberhez hasonl\u00f3 min\u0151s\u00e9g<\/a> amely megragadja az \u00d6n szakmai potenci\u00e1lj\u00e1nak l\u00e9nyeg\u00e9t.<\/p>\n\n\n<div class=\"wp-block-image\">\n<figure class=\"aligncenter size-full\"><img loading=\"lazy\" decoding=\"async\" width=\"869\" height=\"459\" src=\"https:\/\/undetectable.ai/blog\/wp-content\/uploads\/2025\/02\/resume-builder.jpg\" alt=\"\u00d6n\u00e9letrajz-\u00e9p\u00edt\u0151\" class=\"wp-image-6388\" title=\"\" srcset=\"https:\/\/undetectable.ai/blog\/wp-content\/uploads\/2025\/02\/resume-builder.jpg 869w, https:\/\/undetectable.ai/blog\/wp-content\/uploads\/2025\/02\/resume-builder-300x158.jpg 300w, https:\/\/undetectable.ai/blog\/wp-content\/uploads\/2025\/02\/resume-builder-768x406.jpg 768w, https:\/\/undetectable.ai/blog\/wp-content\/uploads\/2025\/02\/resume-builder-18x10.jpg 18w\" sizes=\"auto, (max-width: 869px) 100vw, 869px\" \/><\/figure><\/div>\n\n\n<h3 class=\"wp-block-heading\">Az automatikus alkalmaz\u00e1ssal pillanatok alatt t\u00f6bb \u00e1ll\u00e1sra is jelentkezhetsz<\/h3>\n\n\n\n<p>Az \u00e9szrevehetetlen AI Job Application Bot forradalmas\u00edtja az \u00e1ll\u00e1sp\u00e1ly\u00e1zati folyamatot.<\/p>\n\n\n\n<p>Ez a nagy teljes\u00edtm\u00e9ny\u0171 eszk\u00f6z lehet\u0151v\u00e9 teszi, hogy egyszerre t\u00f6bb \u00e1ll\u00e1sp\u00e1ly\u00e1zatot is beny\u00fajtson, p\u00e9ld\u00e1tlan hat\u00e9konys\u00e1ggal. <\/p>\n\n\n\n<p>A rendszer adapt\u00e1lja \u00f6n\u00e9letrajz\u00e1t \u00e9s k\u00eds\u00e9r\u0151level\u00e9t, \u00edgy biztos\u00edtva, hogy minden egyes beadv\u00e1ny szem\u00e9lyre szabott \u00e9s meggy\u0151z\u0151 legyen.&nbsp;<\/p>\n\n\n\n<p>A <a href=\"https:\/\/undetectable.ai\/smart-applier\" target=\"_blank\" data-type=\"link\" data-id=\"https:\/\/undetectable.ai\/smart-applier\" rel=\"noreferrer noopener\">Smart Applier<\/a> eszk\u00f6z kik\u00fcsz\u00f6b\u00f6li a hosszadalmas k\u00e9zi jelentkez\u00e9seket, \u00e9s felszabad\u00edtja az idej\u00e9t a sikeresebb interj\u00fakra.<\/p>\n\n\n\n<p>Ezzel a funkci\u00f3val folyamatos szakmai el\u0151menetelre tehet szert a nap 24 \u00f3r\u00e1j\u00e1ban m\u0171k\u00f6d\u0151 automatikus \u00e1ll\u00e1sp\u00e1ly\u00e1zati rendszeren kereszt\u00fcl.<\/p>\n\n\n<div class=\"wp-block-image\">\n<figure class=\"aligncenter size-large\"><img loading=\"lazy\" decoding=\"async\" width=\"1024\" height=\"455\" src=\"https:\/\/undetectable.ai/blog\/wp-content\/uploads\/2025\/01\/Auto-Job-Applier-1024x455.jpg\" alt=\"Automatikus munkak\u00f6zvet\u00edt\u0151\" class=\"wp-image-5828\" title=\"\" srcset=\"https:\/\/undetectable.ai/blog\/wp-content\/uploads\/2025\/01\/Auto-Job-Applier-1024x455.jpg 1024w, https:\/\/undetectable.ai/blog\/wp-content\/uploads\/2025\/01\/Auto-Job-Applier-300x133.jpg 300w, https:\/\/undetectable.ai/blog\/wp-content\/uploads\/2025\/01\/Auto-Job-Applier-768x341.jpg 768w, https:\/\/undetectable.ai/blog\/wp-content\/uploads\/2025\/01\/Auto-Job-Applier-18x8.jpg 18w, https:\/\/undetectable.ai/blog\/wp-content\/uploads\/2025\/01\/Auto-Job-Applier.jpg 1390w\" sizes=\"auto, (max-width: 1024px) 100vw, 1024px\" \/><\/figure><\/div>\n\n\n<p>Az AI Detector \u00e9s az AI Humanizer az al\u00e1bbi widgetben is felfedezheti az AI Detector-t \u00e9s az AI Humanizer-t!<\/p>\n\n\n\n<div id=\"uai-widget\" data-affiliate-link=\"https:\/\/undetectable.ai\/?_by=hi4km\"><script>var js = document.createElement(\"script\");js.async = true;js.src = \"https:\/\/widget.undetectable.ai\/js\/widget-loader.js?t=\"+Date.now();document.getElementsByTagName(\"head\")[0].appendChild(js);<\/script><\/div>\n\n\n\n<h2 class=\"wp-block-heading\">GYIK a 2 \u00e9ves diplom\u00e1val kapcsolatos karrierekr\u0151l<\/h2>\n\n\n<div id=\"rank-math-faq\" class=\"rank-math-block\">\n<div class=\"rank-math-list\">\n<div id=\"faq-question-1741968817697\" class=\"rank-math-list-item\">\n<h3 class=\"rank-math-question\">Milyen \u00e1ll\u00e1sokat kaphatsz 2 \u00e9ves diplom\u00e1val?<\/h3>\n<div class=\"rank-math-answer\">\n\n<p>Sz\u00e1mos p\u00e1lya v\u00e1rja a k\u00e9t\u00e9ves diplom\u00e1val rendelkez\u0151ket, k\u00f6zt\u00fck a fog\u00e1szati higi\u00e9nikus, a radiol\u00f3giai technol\u00f3gus, a sz\u00e1m\u00edt\u00f3g\u00e9pes t\u00e1mogat\u00f3 szakember, a jogi asszisztens, a kereskedelmi teherg\u00e9pkocsi-vezet\u0151 \u00e9s m\u00e9g az elektrotechnikus is.<\/p>\n\n<\/div>\n<\/div>\n<div id=\"faq-question-1741968819340\" class=\"rank-math-list-item\">\n<h3 class=\"rank-math-question\">Sz\u00fcks\u00e9ged van k\u00e9pes\u00edt\u00e9sekre egy 2 \u00e9ves diplom\u00e1val rendelkez\u0151 \u00e1ll\u00e1shoz?<\/h3>\n<div class=\"rank-math-answer\">\n\n<p>Egyes poz\u00edci\u00f3khoz tov\u00e1bbi k\u00e9pes\u00edt\u00e9sek sz\u00fcks\u00e9gesek. Vizsg\u00e1lja meg a konkr\u00e9t ipar\u00e1gi k\u00f6vetelm\u00e9nyeket, \u00e9s fontolja meg a kieg\u00e9sz\u00edt\u0151 bizony\u00edtv\u00e1nyok megszerz\u00e9s\u00e9t a foglalkoztathat\u00f3s\u00e1g jav\u00edt\u00e1sa \u00e9rdek\u00e9ben.<\/p>\n\n<\/div>\n<\/div>\n<div id=\"faq-question-1741968819974\" class=\"rank-math-list-item\">\n<h3 class=\"rank-math-question\">Nagy a kereslet a 2 \u00e9ves diplom\u00e1val rendelkez\u0151 \u00e1ll\u00e1sok ir\u00e1nt?<\/h3>\n<div class=\"rank-math-answer\">\n\n<p>Sz\u00e1mos, jelent\u0151s n\u00f6veked\u00e9st felmutat\u00f3 ipar\u00e1g akt\u00edvan toboroz k\u00e9t\u00e9ves diplom\u00e1val rendelkez\u0151ket, k\u00fcl\u00f6n\u00f6sen az eg\u00e9szs\u00e9g\u00fcgy, a technol\u00f3gia \u00e9s a szakm\u00e1k ter\u00fclet\u00e9n.<\/p>\n\n<\/div>\n<\/div>\n<div id=\"faq-question-1741968820724\" class=\"rank-math-list-item\">\n<h3 class=\"rank-math-question\">Lehet magas fizet\u00e9st keresni t\u00e1rsult diplom\u00e1val?<\/h3>\n<div class=\"rank-math-answer\">\n\n<p>Abszol\u00fat. Sz\u00e1mos m\u0171szaki \u00e9s speci\u00e1lis munkak\u00f6rben versenyk\u00e9pes fizet\u00e9st k\u00edn\u00e1lnak, amely \u00f6sszehasonl\u00edthat\u00f3 vagy meghaladja a n\u00e9gy\u00e9ves diplom\u00e1val rendelkez\u0151 \u00e1ll\u00e1sok fizet\u00e9s\u00e9t.<\/p>\n\n<\/div>\n<\/div>\n<\/div>\n<\/div>\n\n\n<h2 class=\"wp-block-heading\">K\u00f6vetkeztet\u00e9s&nbsp;&nbsp;<\/h2>\n\n\n\n<p>A k\u00e9t\u00e9ves diplom\u00e1t ig\u00e9nyl\u0151 szakm\u00e1k ir\u00e1nt nagy a kereslet, \u00e9s nem kell id\u0151t \u00e9s p\u00e9nzt pazarolnia egy n\u00e9gy\u00e9ves k\u00e9pz\u00e9sre, ha nem musz\u00e1j. <\/p>\n\n\n\n<p>Eszk\u00f6z\u00fcnk \u00e1thidalja a szakad\u00e9kot az \u00d6n k\u00e9pz\u00e9se \u00e9s szakmai sikere k\u00f6z\u00f6tt, \u00e9s olyan intelligens megold\u00e1sokat k\u00edn\u00e1l, amelyek kiemelik az \u00d6n egyedi k\u00e9pess\u00e9geit. <\/p>\n\n\n\n<p>L\u00e1togasson el a  oldalra. <a href=\"https:\/\/undetectable.ai\/\" target=\"_blank\" rel=\"noreferrer noopener\">Kimutathatatlan AI<\/a> m\u00e9g ma, \u00e9s nyissa meg a karrierlehet\u0151s\u00e9gek vil\u00e1g\u00e1t.<\/p>\n\n\n\n<p><\/p>","protected":false},"excerpt":{"rendered":"","protected":false},"author":15,"featured_media":6732,"comment_status":"closed","ping_status":"closed","sticky":false,"template":"","format":"standard","meta":{"_themeisle_gutenberg_block_has_review":false,"footnotes":""},"categories":[31],"tags":[],"class_list":["post-6731","post","type-post","status-publish","format-standard","has-post-thumbnail","hentry","category-helpful-ai-content-tips"],"_links":{"self":[{"href":"https:\/\/undetectable.ai/blog\/hu\/wp-json\/wp\/v2\/posts\/6731","targetHints":{"allow":["GET"]}}],"collection":[{"href":"https:\/\/undetectable.ai/blog\/hu\/wp-json\/wp\/v2\/posts"}],"about":[{"href":"https:\/\/undetectable.ai/blog\/hu\/wp-json\/wp\/v2\/types\/post"}],"author":[{"embeddable":true,"href":"https:\/\/undetectable.ai/blog\/hu\/wp-json\/wp\/v2\/users\/15"}],"replies":[{"embeddable":true,"href":"https:\/\/undetectable.ai/blog\/hu\/wp-json\/wp\/v2\/comments?post=6731"}],"version-history":[{"count":4,"href":"https:\/\/undetectable.ai/blog\/hu\/wp-json\/wp\/v2\/posts\/6731\/revisions"}],"predecessor-version":[{"id":19793,"href":"https:\/\/undetectable.ai/blog\/hu\/wp-json\/wp\/v2\/posts\/6731\/revisions\/19793"}],"wp:featuredmedia":[{"embeddable":true,"href":"https:\/\/undetectable.ai/blog\/hu\/wp-json\/wp\/v2\/media\/6732"}],"wp:attachment":[{"href":"https:\/\/undetectable.ai/blog\/hu\/wp-json\/wp\/v2\/media?parent=6731"}],"wp:term":[{"taxonomy":"category","embeddable":true,"href":"https:\/\/undetectable.ai/blog\/hu\/wp-json\/wp\/v2\/categories?post=6731"},{"taxonomy":"post_tag","embeddable":true,"href":"https:\/\/undetectable.ai/blog\/hu\/wp-json\/wp\/v2\/tags?post=6731"}],"curies":[{"name":"wp","href":"https:\/\/api.w.org\/{rel}","templated":true}]}}