{"id":6912,"date":"2025-03-20T12:37:45","date_gmt":"2025-03-20T12:37:45","guid":{"rendered":"https:\/\/undetectable.ai/blog\/?p=6912"},"modified":"2026-02-06T19:49:23","modified_gmt":"2026-02-06T19:49:23","slug":"felszolito-mondat","status":"publish","type":"post","link":"https:\/\/undetectable.ai/blog\/hu\/felszolito-mondat\/","title":{"rendered":"Imperat\u00edv mondatok: Az imperat\u00edvuszok meghat\u00e1roz\u00e1sa, t\u00edpusai \u00e9s p\u00e9ld\u00e1k"},"content":{"rendered":"<p>\"Haszn\u00e1ld az Er\u0151t, Luke.\"&nbsp;<\/p>\n\n\n\n<p>\"Csak \u00fasszon tov\u00e1bb.\"&nbsp;<\/p>\n\n\n\n<p>\"K\u00f6sz\u00f6nj sz\u00e9pen az \u00e9n kis bar\u00e1tomnak!&nbsp;<\/p>\n\n\n\n<p>\"Az es\u00e9lyek mindig a te oldaladon \u00e1lljanak.\"<\/p>\n\n\n\n<p>Ez csak n\u00e9h\u00e1ny a legjobb \u00e9s legeml\u00e9kezetesebb id\u00e9zetek k\u00f6z\u00fcl az elm\u00falt \u00e9vtizedek filmm\u0171v\u00e9szet\u00e9b\u0151l. <\/p>\n\n\n\n<p>De az ilyen sorok nem csak az\u00e9rt ikonikusak a popkult\u00far\u00e1ban, mert egyediek.<\/p>\n\n\n\n<p>Az ilyen kijelent\u00e9sek k\u00f6nnyen beiv\u00f3dnak az agyunkba, mert egyenesen a l\u00e9nyegre t\u00f6rnek.<\/p>\n\n\n\n<p>Ez az, amit a felsz\u00f3l\u00edt\u00f3 mondatok jelentenek. R\u00f6videk, szeml\u00e9letesek \u00e9s \u00e9rzelmileg t\u00f6lt\u00f6ttek. A r\u00f6vid \u00e9s \u00fct\u0151s sorokat k\u00f6nny\u0171 feldolgozni \u00e9s megjegyezni. <\/p>\n\n\n\n<p>Yoda b\u00f6lcsess\u00e9g\u00e9t\u0151l kezdve Dory kitart\u00e1s\u00e1ig, a k\u00f6telez\u0151 mondatok n\u00e9h\u00e1ny sz\u00f3val is nagyot \u00fctnek.<\/p>\n\n\n\n<p>Naponta sz\u00e1mtalanszor tal\u00e1lkozunk ezekkel a cselekv\u00e9sre \u00f6szt\u00f6nz\u0151 mondatokkal. \"Kattints ide.\" \"Add a kos\u00e1rba.\" \"Iratkozz fel most.\" <\/p>\n\n\n\n<p>A digit\u00e1lis vil\u00e1g imperat\u00edvuszok alapj\u00e1n m\u0171k\u00f6dik. Ezek az utas\u00edt\u00e1sok gerince, a receptek kerete \u00e9s a hat\u00e9kony kommunik\u00e1ci\u00f3 titkos fegyvere.<\/p>\n\n\n\n<p>De mit\u0151l olyan er\u0151sek ezek a mondatok? Miben k\u00fcl\u00f6nb\u00f6znek m\u00e1s mondatt\u00edpusokt\u00f3l? <\/p>\n\n\n\n<p>\u00c9s hogyan saj\u00e1t\u00edthatod el \u0151ket, hogy meger\u0151s\u00edtsd a saj\u00e1t \u00edr\u00e1sodat?<\/p>\n\n\n\n<p>Mer\u00fclj\u00fcnk el a felsz\u00f3l\u00edt\u00f3 mondatok vil\u00e1g\u00e1ban, a vil\u00e1gos, k\u00f6zvetlen kommunik\u00e1ci\u00f3 ir\u00e1ny\u00edt\u00f3 erej\u00e9ben.<\/p>\n\n\n\n<h2 class=\"wp-block-heading\">Mi az a felsz\u00f3l\u00edt\u00f3 mondat?<\/h2>\n\n\n\n<p>A felsz\u00f3l\u00edt\u00f3 mondat parancsot ad, k\u00e9r\u00e9st fogalmaz meg, vagy tan\u00e1csot ad. Azt mondja valakinek, hogy tegyen meg valamit. <\/p>\n\n\n\n<p>Ellent\u00e9tben a <a href=\"https:\/\/undetectable.ai\/blog\/declarative-sentence\/\" target=\"_blank\" rel=\"noreferrer noopener\">kijelent\u0151 mondatfajt\u00e1k<\/a> amelyek t\u00e9nyeket k\u00f6z\u00f6lnek vagy k\u00e9rd\u00e9seket tesznek fel, a felsz\u00f3l\u00edt\u00f3 mondatok cselekv\u00e9sre \u00f6szt\u00f6n\u00f6znek.<\/p>\n\n\n\n<p>A meghat\u00e1roz\u00f3 jellemz\u0151? Az imperat\u00edvuszos mondatokban a mondat elej\u00e9n egy ige \u00e1ll, amelynek alanya egy implicit alany (te). <\/p>\n\n\n\n<p>A \"te\" sz\u00f3 ritk\u00e1n jelenik meg mag\u00e1ban a mondatban.<\/p>\n\n\n\n<p>Vegy\u00fck ezeket a p\u00e9ld\u00e1kat:<\/p>\n\n\n\n<ul class=\"wp-block-list\">\n<li>\"Csukd be az ajt\u00f3t.\" (Nem \"Csukd be az ajt\u00f3t.\")<\/li>\n\n\n\n<li>\"K\u00e9rem, adja ide a s\u00f3t.\" (Nem \"Te add ide a s\u00f3t, k\u00e9rlek.\")<\/li>\n\n\n\n<li>\"Fordulj jobbra a l\u00e1mp\u00e1n\u00e1l.\" (Nem pedig \"Fordulj jobbra a l\u00e1mp\u00e1n\u00e1l.\")<\/li>\n<\/ul>\n\n\n\n<p>Minden felsz\u00f3l\u00edt\u00f3 mondat egy\u00e9rtelm\u0171 c\u00e9lt szolg\u00e1l: r\u00e1venni valakit, hogy tegyen valamit. A felsz\u00f3l\u00edt\u00f3 mondatok az oktat\u00f3 jelleg\u0171 \u00edr\u00e1sok munkag\u00e9pei, a f\u0151z\u00e9si receptekt\u0151l az \u00f6sszeszerel\u00e9si k\u00e9zik\u00f6nyvekig. <\/p>\n\n\n\n<p>Minim\u00e1lis szavakkal megteremtik a keretet az egy\u00e9rtelm\u0171 utas\u00edt\u00e1sokhoz.<\/p>\n\n\n\n<p>Az imperat\u00edv mondatok az\u00e9rt ragadnak meg, mert nem csak parancsok, hanem \u00e9rzelmi, eml\u00e9kezetes \u00e9s szoci\u00e1lisan meger\u0151s\u00edt\u0151 mondatok. <a href=\"https:\/\/www.psychologytoday.com\/us\/blog\/brick-brick\/201404\/the-secret-language-movie-quotes\" target=\"_blank\" rel=\"noreferrer noopener\">az agyunkkal szinkroniz\u00e1lt mondatok.<\/a><\/p>\n\n\n\n<p>Sz\u00f3beli r\u00f6vid\u00edt\u00e9sekk\u00e9nt m\u0171k\u00f6dnek. <\/p>\n\n\n\n<p>Mi\u00e9rt mondja azt, hogy \"Szeretn\u00e9m, ha p\u00e9ntekre elk\u00fclden\u00e9 nekem ezt a jelent\u00e9st\", amikor a \"K\u00fcldje el nekem ezt a jelent\u00e9st p\u00e9ntekre\" fele annyi sz\u00f3val el\u00e9ri ugyanazt a c\u00e9lt?<\/p>\n\n\n\n<h2 class=\"wp-block-heading\">Hogyan k\u00fcl\u00f6nb\u00f6znek a felsz\u00f3l\u00edt\u00f3 mondatok m\u00e1s mondatt\u00edpusokt\u00f3l?<\/h2>\n\n\n\n<p>Az angol nyelvnek n\u00e9gy f\u0151 mondatt\u00edpusa van, mindegyiknek k\u00fcl\u00f6n\u00e1ll\u00f3 funkci\u00f3ja van:<\/p>\n\n\n\n<ol class=\"wp-block-list\">\n<li><strong>Deklarat\u00edv mondatok<\/strong> \u00e1ll\u00edt\u00e1sokat tesz vagy t\u00e9nyeket k\u00f6z\u00f6l.\n<ul class=\"wp-block-list\">\n<li><em>A tal\u00e1lkoz\u00f3 d\u00e9lben kezd\u0151dik.<\/em> (Meg\u00e1llap\u00edt egy t\u00e9nyt)<\/li>\n<\/ul>\n<\/li>\n\n\n\n<li><strong>K\u00e9rd\u0151 mondatok<\/strong> k\u00e9rdezzen.\n<ul class=\"wp-block-list\">\n<li><em>Mikor kezd\u0151dik a tal\u00e1lkoz\u00f3?<\/em> (Inform\u00e1ci\u00f3t keres)<\/li>\n<\/ul>\n<\/li>\n\n\n\n<li><strong>Felki\u00e1lt\u00f3 mondatok<\/strong> er\u0151s \u00e9rzelmek kifejez\u00e9se.\n<ul class=\"wp-block-list\">\n<li><em>Milyen csod\u00e1latos el\u0151ad\u00e1s volt ez!<\/em> (Lelkesed\u00e9s\u00e9t fejezi ki)<\/li>\n<\/ul>\n<\/li>\n\n\n\n<li><strong>Imperat\u00edv mondatok<\/strong> parancsokat vagy k\u00e9r\u00e9seket ad.\n<ul class=\"wp-block-list\">\n<li><em>Id\u0151ben \u00e9rkezzen a tal\u00e1lkoz\u00f3ra.<\/em> (Akci\u00f3t ir\u00e1ny\u00edt)<\/li>\n<\/ul>\n<\/li>\n<\/ol>\n\n\n\n<p>A legfontosabb k\u00fcl\u00f6nbs\u00e9g? A felsz\u00f3l\u00edt\u00f3 mondatok olyan cselekv\u00e9sekre \u00f6sszpontos\u00edtanak, amelyeknek meg kell t\u00f6rt\u00e9nni\u00fck, m\u00edg m\u00e1s mondatt\u00edpusok le\u00edrj\u00e1k, megk\u00e9rd\u0151jelezik vagy felki\u00e1ltanak.<\/p>\n\n\n\n<p>Figyelj\u00fck meg, hogy a felsz\u00f3l\u00edt\u00f3 mondatok jellemz\u0151en:<\/p>\n\n\n\n<ul class=\"wp-block-list\">\n<li>Ig\u00e9vel kezd\u0151dik (a \"te\" kifejez\u00e9s \u00e9rthet\u0151).<\/li>\n\n\n\n<li>Vagy ponttal vagy felki\u00e1lt\u00f3jellel fejezze be.<\/li>\n\n\n\n<li>Lehet ak\u00e1r egyetlen sz\u00f3 is (\"Gyer\u00fcnk!\")<\/li>\n\n\n\n<li>hi\u00e1nyzik a l\u00e1that\u00f3 alany a mondatszerkezetb\u0151l<\/li>\n<\/ul>\n\n\n\n<p>Ez az egyszer\u0171s\u00edtett szerkezet teszi a felsz\u00f3l\u00edt\u00f3 mondatokat t\u00f6k\u00e9letesen alkalmass\u00e1 olyan helyzetekre, amelyek vil\u00e1gos, t\u00f6m\u00f6r utas\u00edt\u00e1sokat ig\u00e9nyelnek.<\/p>\n\n\n\n<h2 class=\"wp-block-heading\">A felsz\u00f3l\u00edt\u00f3 mondatok t\u00edpusai (p\u00e9ld\u00e1kkal)<\/h2>\n\n\n\n<p>A felsz\u00f3l\u00edt\u00f3 mondatoknak k\u00fcl\u00f6nb\u00f6z\u0151 form\u00e1i vannak, amelyek mindegyike egy adott kommunik\u00e1ci\u00f3s ig\u00e9nyt szolg\u00e1l. Vizsg\u00e1ljuk meg az \u00f6t f\u0151 t\u00edpust.<\/p>\n\n\n\n<h3 class=\"wp-block-heading\"><strong>1. Parancsmondatok (k\u00f6zvetlen parancsok)<\/strong><\/h3>\n\n\n\n<p>A parancssorok egyenes utas\u00edt\u00e1sokat adnak, amelyek azonnali cselekv\u00e9st v\u00e1rnak el. <\/p>\n\n\n\n<p>\u00c1ltal\u00e1ban ponttal v\u00e9gz\u0151dnek, de a s\u00fcrg\u0151ss\u00e9g vagy a hangs\u00faly \u00e9rdek\u00e9ben felki\u00e1lt\u00f3jelet is haszn\u00e1lhatnak.<\/p>\n\n\n\n<p>P\u00e9ld\u00e1k:<\/p>\n\n\n\n<ul class=\"wp-block-list\">\n<li><em>\"\u00c1llj egyenesen.\"<\/em><\/li>\n\n\n\n<li><em>\"Kapcsold le a villanyt, amikor elm\u00e9sz.\"<\/em><\/li>\n\n\n\n<li><em>\"P\u00e9ntekig k\u00fcldje be a jelent\u00e9s\u00e9t.\"<\/em><\/li>\n\n\n\n<li><em>\"H\u00edvj azonnal!\"<\/em><\/li>\n\n\n\n<li><em>\"Ne besz\u00e9lj.\"<\/em><\/li>\n<\/ul>\n\n\n\n<p>A parancsmondatok gyakran el\u0151fordulnak szakmai k\u00f6rnyezetben, katonai kontextusban, v\u00e9szhelyzetekben \u00e9s sz\u00fcl\u0151i \u00fatmutat\u00e1sban. <\/p>\n\n\n\n<p>Az udvariass\u00e1ggal szemben az egy\u00e9rtelm\u0171s\u00e9get helyezik el\u0151t\u00e9rbe, amikor a k\u00f6zvetlen cselekv\u00e9s a legfontosabb.<\/p>\n\n\n\n<h3 class=\"wp-block-heading\"><strong>2. K\u00e9r\u0151 mondatok (udvarias felsz\u00f3l\u00edt\u00e1sok)<\/strong><\/h3>\n\n\n\n<p>A k\u00e9r\u0151 imperat\u00edvuszok udvarias m\u00f3dos\u00edt\u00f3kkal, mint p\u00e9ld\u00e1ul \"k\u00e9rem\" vagy \"kedvesen\", l\u00e1gy\u00edtj\u00e1k a parancsokat. Meg\u0151rzik a felsz\u00f3l\u00edt\u00f3 szerkezetet, mik\u00f6zben udvariass\u00e1got is hozz\u00e1adnak.<\/p>\n\n\n\n<p>P\u00e9ld\u00e1k:<\/p>\n\n\n\n<ul class=\"wp-block-list\">\n<li><em>\"K\u00e9rem, foglaljon helyet.\"<\/em><\/li>\n\n\n\n<li><em>\"K\u00e9rj\u00fck, hogy a lehet\u0151 leghamarabb v\u00e1laszoljon az e-mailre.\"<\/em><\/li>\n\n\n\n<li><em>\"Becsukn\u00e1d az ablakot?\"<\/em><\/li>\n\n\n\n<li><em>\"Ha al\u00e1\u00edrn\u00e1 itt, k\u00e9rem.\"<\/em><\/li>\n\n\n\n<li><em>\"Fontolja meg, hogy n\u00e9h\u00e1ny perccel kor\u00e1bban \u00e9rkezik.\"<\/em><\/li>\n<\/ul>\n\n\n\n<p>Ezek a mondatok az ir\u00e1ny\u00edt\u00e1s \u00e9s az udvariass\u00e1g hat\u00e1r\u00e1n mozognak. <\/p>\n\n\n\n<p>Elismerik az olvas\u00f3 auton\u00f3mi\u00e1j\u00e1t, mik\u00f6zben egy konkr\u00e9t cselekv\u00e9s fel\u00e9 ir\u00e1ny\u00edtj\u00e1k.<\/p>\n\n\n\n<h3 class=\"wp-block-heading\"><strong>3. Oktat\u00f3 mondatok (utas\u00edt\u00e1sok \u00e9s ir\u00e1nyelvek)<\/strong><\/h3>\n\n\n\n<p>Az utas\u00edt\u00e1si utas\u00edt\u00e1sok l\u00e9p\u00e9sr\u0151l l\u00e9p\u00e9sre \u00fatmutat\u00e1st ny\u00fajtanak. <\/p>\n\n\n\n<p>Kiv\u00e1l\u00f3an alkalmazhat\u00f3ak oktat\u00f3programokban, receptekben, k\u00e9zik\u00f6nyvekben \u00e9s minden olyan helyzetben, amely szekvenci\u00e1lis m\u0171veleteket ig\u00e9nyel.<\/p>\n\n\n\n<p>P\u00e9ld\u00e1k:<\/p>\n\n\n\n<ul class=\"wp-block-list\">\n<li><em>\"Meleg\u00edtse el\u0151 a s\u00fct\u0151t 350 fokra.\"<\/em><\/li>\n\n\n\n<li><em>\"Helyezze be az A lapot a B ny\u00edl\u00e1sba.\"<\/em><\/li>\n\n\n\n<li><em>\"T\u00f6ltse le a mell\u00e9kletet, \u00e9s nyissa meg az Excelben.\"<\/em><\/li>\n\n\n\n<li><em>\"Keverje sim\u00e1ra a hozz\u00e1val\u00f3kat.\"<\/em><\/li>\n\n\n\n<li><em>\"K\u00f6vesse a k\u00e9k jelz\u00e9seket, hogy el\u00e9rje a cs\u00facsot.\"<\/em><\/li>\n<\/ul>\n\n\n\n<p>Ezek a mondatok alkotj\u00e1k a how-to tartalom gerinc\u00e9t. <\/p>\n\n\n\n<p>Az \u00f6sszetett folyamatokat kezelhet\u0151 l\u00e9p\u00e9sekre bontj\u00e1k, \u00e9s magabiztosan vezetik az olvas\u00f3t az ismeretlen ter\u00fcleten.<\/p>\n\n\n\n<h3 class=\"wp-block-heading\"><strong>4. Figyelmeztet\u0151 \u00e9s tan\u00e1csad\u00f3 mondatok<\/strong><\/h3>\n\n\n\n<p>A figyelmeztet\u0151 imperat\u00edvuszok figyelmeztetik az olvas\u00f3t a lehets\u00e9ges vesz\u00e9lyekre vagy k\u00f6vetkezm\u00e9nyekre. C\u00e9ljuk a v\u00e9delem \u00e9s az \u00fatmutat\u00e1s, nem pedig az egyszer\u0171 ir\u00e1ny\u00edt\u00e1s.<\/p>\n\n\n\n<p>P\u00e9ld\u00e1k:<\/p>\n\n\n\n<ul class=\"wp-block-list\">\n<li><em>\"Ne ny\u00falj a forr\u00f3 fel\u00fclethez.\"<\/em><\/li>\n\n\n\n<li><em>\"Soha ne keverje ezeket a vegyszereket.\"<\/em><\/li>\n\n\n\n<li><em>\"Az adatveszt\u00e9s elker\u00fcl\u00e9se \u00e9rdek\u00e9ben mentsd el gyakran a munk\u00e1dat.\"<\/em><\/li>\n\n\n\n<li><em>\"Vigy\u00e1zz a cs\u00fasz\u00f3s padl\u00f3ra.\"<\/em><\/li>\n\n\n\n<li><em>\"Ne feledje, hogy biztons\u00e1gi m\u00e1solatot k\u00e9sz\u00edtsen a fontos f\u00e1jlokr\u00f3l.\"<\/em><\/li>\n<\/ul>\n\n\n\n<p>Ezek a mondatok gyakran megel\u0151zik a probl\u00e9m\u00e1kat, miel\u0151tt azok bek\u00f6vetkezn\u00e9nek. <\/p>\n\n\n\n<p>R\u00e1vil\u00e1g\u00edtanak a kock\u00e1zatokra, \u00e9s v\u00e9d\u0151 \u00fatmutat\u00e1st ny\u00fajtanak, amely seg\u00edt az olvas\u00f3knak eligazodni a potenci\u00e1lisan kih\u00edv\u00e1st jelent\u0151 helyzetekben.<\/p>\n\n\n\n<h3 class=\"wp-block-heading\"><strong>5. Megh\u00edv\u00f3 mondatok (b\u00e1tor\u00edt\u00e1s \u00e9s aj\u00e1nlatok)<\/strong><\/h3>\n\n\n\n<p>A megh\u00edv\u00e1s imperat\u00edvuszok r\u00e9szv\u00e9telre vagy elfogad\u00e1sra \u00f6szt\u00f6n\u00f6znek. <\/p>\n\n\n\n<p>Fenntartj\u00e1k a parancsol\u00f3 strukt\u00far\u00e1t, mik\u00f6zben bar\u00e1ts\u00e1gos hangnemet teremtenek.<\/p>\n\n\n\n<p>P\u00e9ld\u00e1k:<\/p>\n\n\n\n<ul class=\"wp-block-list\">\n<li><em>\"Vacsor\u00e1zz vel\u00fcnk ma este.\"<\/em><\/li>\n\n\n\n<li><em>\"Nyugodtan k\u00e9rdezzenek.\"<\/em><\/li>\n\n\n\n<li><em>\"Sz\u00e1nj r\u00e1 annyi id\u0151t, amennyire csak sz\u00fcks\u00e9ged van.\"<\/em><\/li>\n\n\n\n<li><em>\"Szolg\u00e1lja ki mag\u00e1t friss\u00edt\u0151kkel.\"<\/em><\/li>\n\n\n\n<li><em>\"J\u00f6jj\u00f6n be, \u00e9s helyezze mag\u00e1t k\u00e9nyelembe.\"<\/em><\/li>\n<\/ul>\n\n\n\n<p>Ezek a mondatok ink\u00e1bb a lehet\u0151s\u00e9geket b\u0151v\u00edtik, mint a k\u00f6vetelm\u00e9nyeket. <\/p>\n\n\n\n<p>A felsz\u00f3l\u00edt\u00f3 m\u00f3ddal melegs\u00e9get \u00e9s nyitotts\u00e1got teremtenek, \u00e9s az olvas\u00f3knak ink\u00e1bb azt az \u00e9rz\u00e9st adj\u00e1k, hogy sz\u00edvesen l\u00e1tj\u00e1k \u0151ket, mintsem azt, hogy ir\u00e1ny\u00edtj\u00e1k \u0151ket.<\/p>\n\n\n\n<h2 class=\"wp-block-heading\">Imperat\u00edv mondatok vs. m\u00e1s mondatt\u00edpusok<\/h2>\n\n\n\n<p>A felsz\u00f3l\u00edt\u00f3 mondatok \u00e9s m\u00e1s mondatt\u00edpusok k\u00f6z\u00f6tti k\u00fcl\u00f6nbs\u00e9gt\u00e9tel akkor v\u00e1lik egy\u00e9rtelm\u0171bb\u00e9, amikor ugyanazt az alapgondolatot k\u00fcl\u00f6nb\u00f6z\u0151 mondatform\u00e1kba transzform\u00e1ljuk.<\/p>\n\n\n\n<p>N\u00e9zze meg, hogyan v\u00e1ltozik ez a fogalom a k\u00fcl\u00f6nb\u00f6z\u0151 mondatt\u00edpusok k\u00f6z\u00f6tt:<\/p>\n\n\n\n<p><strong>Deklarat\u00edv:<\/strong> \"Az ajt\u00f3 z\u00e1rva van.\" (Egyszer\u0171en meg\u00e1llap\u00edt egy t\u00e9nyt az ajt\u00f3 \u00e1llapot\u00e1r\u00f3l.)<\/p>\n\n\n\n<p><strong>K\u00e9rd\u0151sz\u00f3:<\/strong> \"Be van z\u00e1rva az ajt\u00f3?\" (Az ajt\u00f3 \u00e1llapot\u00e1r\u00f3l k\u00e9rdez)<\/p>\n\n\n\n<p><strong>Felki\u00e1lt\u00f3jel:<\/strong> \"Milyen er\u0151sen z\u00e1rva van az az ajt\u00f3!\" (Meglepet\u00e9st vagy hangs\u00falyt fejez ki az ajt\u00f3 \u00e1llapot\u00e1val kapcsolatban.)<\/p>\n\n\n\n<p><strong>Imperat\u00edv:<\/strong> \"Csukd be az ajt\u00f3t.\" (Utas\u00edt valakit, hogy v\u00e1ltoztassa meg az ajt\u00f3 \u00e1llapot\u00e1t)<\/p>\n\n\n\n<p>Az imperat\u00edv v\u00e1ltozat az egyetlen, amely k\u00f6zvetlen\u00fcl cselekv\u00e9st v\u00e1lt ki. Nem \u00edrja le vagy k\u00e9rd\u0151jelezi meg a val\u00f3s\u00e1got - megpr\u00f3b\u00e1lja megv\u00e1ltoztatni azt.<\/p>\n\n\n\n<p>Egy m\u00e1sik kulcsfontoss\u00e1g\u00fa k\u00fcl\u00f6nbs\u00e9g <a href=\"https:\/\/blog.talk.edu\/grammar\/imperative-sentence\/\" target=\"_blank\" rel=\"noreferrer noopener\">a tant\u00e1rgyi elhelyez\u00e9sben rejlik<\/a>. M\u00edg m\u00e1s mondatt\u00edpusok jellemz\u0151en alanyokkal kezd\u0151dnek (az ajt\u00f3 z\u00e1rva van), a felsz\u00f3l\u00edt\u00f3 mondatok ig\u00e9kkel kezd\u0151dnek (csukd be az ajt\u00f3t), ami azonnali lend\u00fcletet ad a cselekv\u00e9s fel\u00e9.<\/p>\n\n\n\n<h2 class=\"wp-block-heading\">Hogyan alak\u00edtsuk helyesen az imperat\u00edvusz mondatokat?<\/h2>\n\n\n<div class=\"wp-block-image\">\n<figure class=\"aligncenter size-large\"><img loading=\"lazy\" decoding=\"async\" width=\"1024\" height=\"684\" src=\"https:\/\/undetectable.ai/blog\/wp-content\/uploads\/2024\/11\/semicolon-examples-1024x684.jpg\" alt=\"Egy n\u0151 \u00edr a notebookj\u00e1ba\" class=\"wp-image-5005\" title=\"\" srcset=\"https:\/\/undetectable.ai/blog\/wp-content\/uploads\/2024\/11\/semicolon-examples-1024x684.jpg 1024w, https:\/\/undetectable.ai/blog\/wp-content\/uploads\/2024\/11\/semicolon-examples-300x200.jpg 300w, https:\/\/undetectable.ai/blog\/wp-content\/uploads\/2024\/11\/semicolon-examples-768x513.jpg 768w, https:\/\/undetectable.ai/blog\/wp-content\/uploads\/2024\/11\/semicolon-examples.jpg 1533w, https:\/\/undetectable.ai/blog\/wp-content\/uploads\/2024\/11\/semicolon-examples-18x12.jpg 18w\" sizes=\"auto, (max-width: 1024px) 100vw, 1024px\" \/><\/figure><\/div>\n\n\n<p>A hat\u00e9kony imperat\u00edv mondatok megalkot\u00e1s\u00e1hoz meg kell \u00e9rten\u00fcnk egyedi szerkezet\u00fcket, \u00e9s tudnunk kell, hogy mikor kell az \u00edr\u00e1sjeleket a k\u00fcl\u00f6nb\u00f6z\u0151 hat\u00e1sok el\u00e9r\u00e9s\u00e9hez igaz\u00edtani. <\/p>\n\n\n\n<p>Ez ellent\u00e9tben \u00e1ll <a href=\"https:\/\/undetectable.ai\/blog\/adverb-examples\/\" target=\"_blank\" rel=\"noreferrer noopener\">hat\u00e1roz\u00f3sz\u00f3k<\/a>, amelyek m\u00f3dos\u00edtj\u00e1k az ig\u00e9ket, de nem \u00edrnak el\u0151 k\u00f6zvetlen cselekv\u00e9st.<\/p>\n\n\n\n<h3 class=\"wp-block-heading\"><strong>A felsz\u00f3l\u00edt\u00f3 mondat szerkezete<\/strong><\/h3>\n\n\n\n<p>A felsz\u00f3l\u00edt\u00f3 mondat alapformul\u00e1ja ezt a mint\u00e1t k\u00f6veti:<\/p>\n\n\n\n<p><strong>Ige + T\u00e1rgy + Tov\u00e1bbi r\u00e9szletek (ha sz\u00fcks\u00e9ges)<\/strong><\/p>\n\n\n\n<p>P\u00e9ld\u00e1ul:<\/p>\n\n\n\n<ul class=\"wp-block-list\">\n<li>\"K\u00fcld\" (ige) + \"az e-mail\" (t\u00e1rgy) + \"d\u00e9l el\u0151tt\" (tov\u00e1bbi r\u00e9szlet)<\/li>\n\n\n\n<li>\"Clean\" (ige) + \"a szob\u00e1d\" (t\u00e1rgy)<\/li>\n\n\n\n<li>\"Walk\" (ige) + \"lassan\" (tov\u00e1bbi r\u00e9szlet)<\/li>\n<\/ul>\n\n\n\n<p>\u00c9szrevetted, hogy mi hi\u00e1nyzik? A t\u00e9ma. A felsz\u00f3l\u00edt\u00f3 mondatokban a \"te\" kifejez\u00e9s szinte mindig ink\u00e1bb burkoltan szerepel, mint kimondva. <\/p>\n\n\n\n<p>Ez teremti meg a mondat k\u00f6zvetlen, cselekv\u00e9sorient\u00e1lt hangnem\u00e9t.<\/p>\n\n\n\n<p>Ezt az alapstrukt\u00far\u00e1t a k\u00f6vetkez\u0151kkel m\u00f3dos\u00edthatja:<\/p>\n\n\n\n<ul class=\"wp-block-list\">\n<li>\"k\u00e9rem\" vagy m\u00e1s udvariass\u00e1gi jelz\u0151k hozz\u00e1ad\u00e1sa\n<ul class=\"wp-block-list\">\n<li>\"K\u00e9rj\u00fck, p\u00e9ntekig adja le a feladatot.\"<\/li>\n<\/ul>\n<\/li>\n\n\n\n<li>Bele\u00e9rtve a \"do\" sz\u00f3t a hangs\u00faly kedv\u00e9\u00e9rt\n<ul class=\"wp-block-list\">\n<li>\"Ne felejtsd el bez\u00e1rni az ajt\u00f3t.\"<\/li>\n<\/ul>\n<\/li>\n\n\n\n<li>A \"nem\" vagy \"soha\" negat\u00edv form\u00e1k haszn\u00e1lata\n<ul class=\"wp-block-list\">\n<li>\"Ne felejtse el az \u00fatlevel\u00e9t.\"<\/li>\n\n\n\n<li>\"Soha ne hagyja fel\u00fcgyelet n\u00e9lk\u00fcl az \u00e9telt f\u0151z\u00e9s k\u00f6zben.\"<\/li>\n<\/ul>\n<\/li>\n\n\n\n<li>A \"let's\" hozz\u00e1ad\u00e1sa az inkluz\u00edv parancsok l\u00e9trehoz\u00e1s\u00e1hoz\n<ul class=\"wp-block-list\">\n<li>\"N\u00e9zz\u00fck \u00e1t egy\u00fctt a javaslatot.\"<\/li>\n<\/ul>\n<\/li>\n<\/ul>\n\n\n\n<p>Az imperat\u00edv szerkezetek rugalmass\u00e1ga lehet\u0151v\u00e9 teszi a hirtelen (\"\u00c1llj!\") \u00e9s a bonyolult (\"K\u00e9rem, fontolja meg, hogy a csatolt dokumentumot a lehet\u0151 leghamarabb \u00e1tn\u00e9zze.\") k\u00f6z\u00f6tti parancsokat.<\/p>\n\n\n\n<h3 class=\"wp-block-heading\"><strong>Mikor haszn\u00e1ljunk pontot \u00e9s mikor felki\u00e1lt\u00f3jelet?<\/strong><\/h3>\n\n\n\n<p>A <a href=\"https:\/\/www.colorado.edu\/asmagazine\/2020\/02\/06\/your-texts-using-or-nixing-period-conveys-your-mood\" target=\"_blank\" rel=\"noopener\">v\u00e1lasztott \u00edr\u00e1sjelek<\/a> jelent\u0151sen befoly\u00e1solja, hogy az olvas\u00f3k hogyan \u00e9rz\u00e9kelik a felsz\u00f3l\u00edt\u00f3 mondatodat:<\/p>\n\n\n\n<p><strong>Id\u0151szak (.)<\/strong><\/p>\n\n\n\n<ul class=\"wp-block-list\">\n<li>Semleges, t\u00e9nyszer\u0171 hangnemet teremt<\/li>\n\n\n\n<li>A legjobb a mindennapi utas\u00edt\u00e1sokhoz \u00e9s k\u00e9r\u00e9sekhez<\/li>\n\n\n\n<li>Megfelel\u0151 szakmai vagy hivatalos k\u00f6rnyezetbe<\/li>\n<\/ul>\n\n\n\n<p><strong>P\u00e9ld\u00e1k:<\/strong> \"Menj a k\u00f6vetkez\u0151 kij\u00e1ratn\u00e1l.\" \"K\u00e9rem, adja le a munkaid\u0151-nyilv\u00e1ntart\u00e1s\u00e1t.\"<\/p>\n\n\n\n<p><strong>Felki\u00e1lt\u00f3jel (!)<\/strong><\/p>\n\n\n\n<ul class=\"wp-block-list\">\n<li>S\u00fcrg\u0151ss\u00e9get, lelkesed\u00e9st vagy \u00e9rzelmi intenzit\u00e1st ad hozz\u00e1.<\/li>\n\n\n\n<li>Hat\u00e9kony figyelmeztet\u00e9sek vagy az eredm\u00e9nyek meg\u00fcnnepl\u00e9se eset\u00e9n<\/li>\n\n\n\n<li>Szakmai kontextusban ig\u00e9nyesnek t\u0171nhet<\/li>\n<\/ul>\n\n\n\n<p><strong>P\u00e9ld\u00e1k: <\/strong>\"Vigy\u00e1zz!\" \"Sz\u00e9p munka, csak \u00edgy tov\u00e1bb!\"<\/p>\n\n\n\n<p>A legt\u00f6bb felsz\u00f3l\u00edt\u00f3 mondat t\u00f6k\u00e9letesen m\u0171k\u00f6dik pontokkal. <\/p>\n\n\n\n<p>A felki\u00e1lt\u00f3jeleket csak olyan helyzetekben alkalmazza, amelyek val\u00f3ban hangs\u00falyt vagy \u00e9rzelmet ig\u00e9nyelnek.<\/p>\n\n\n\n<h2 class=\"wp-block-heading\">Gyakori hib\u00e1k a felsz\u00f3l\u00edt\u00f3 mondatokkal \u00e9s hogyan jav\u00edtsuk ki \u0151ket<\/h2>\n\n\n\n<p>M\u00e9g a tapasztalt \u00edr\u00f3k is k\u00fcszk\u00f6dnek n\u00e9ha a felsz\u00f3l\u00edt\u00f3 mondatokkal, k\u00fcl\u00f6n\u00f6sen a kijelent\u0151 \u00e9s a felsz\u00f3l\u00edt\u00f3 szerkezetek k\u00f6z\u00f6tti k\u00fcl\u00f6nbs\u00e9g meg\u00e9rt\u00e9s\u00e9vel. <\/p>\n\n\n\n<p>\u00cdme a leggyakoribb buktat\u00f3k, \u00e9s hogyan ker\u00fclhetj\u00fck el \u0151ket:<\/p>\n\n\n\n<h3 class=\"wp-block-heading\"><strong>1. Sz\u00fcks\u00e9gtelen \"te\" haszn\u00e1lata<\/strong><\/h3>\n\n\n\n<ul class=\"wp-block-list\">\n<li>Helytelen: \"Becsukod az ablakot.\"<\/li>\n\n\n\n<li>Helyes: \"Z\u00e1rd be az ablakot.\"<\/li>\n<\/ul>\n\n\n\n<p>A \"te\" m\u00e1r implik\u00e1ltan szerepel a felsz\u00f3l\u00edt\u00f3 mondatokban. Ha kifejezetten hozz\u00e1adjuk, az imperat\u00edvuszunk kijelent\u0151 mondatt\u00e1 v\u00e1lik.<\/p>\n\n\n\n<h3 class=\"wp-block-heading\"><strong>2. Az imperat\u00edvuszok \u00e9s a j\u00f6v\u0151 id\u0151 \u00f6sszekever\u00e9se<\/strong><\/h3>\n\n\n\n<ul class=\"wp-block-list\">\n<li>Helytelen: \"Holnap beny\u00fajtja a jelent\u00e9st.\"<\/li>\n\n\n\n<li>Helyes: \"Holnap ny\u00fajtsd be a jelent\u00e9st.\"<\/li>\n<\/ul>\n\n\n\n<p>Az els\u0151 p\u00e9lda ink\u00e1bb egy j\u00f6v\u0151beli cselekv\u00e9st j\u00f3sol meg, mintsem hogy megparancsolja azt.<\/p>\n\n\n\n<h3 class=\"wp-block-heading\"><strong>3. K\u00e9rd\u0151jelek hozz\u00e1ad\u00e1sa az udvarias k\u00e9r\u00e9sekhez<\/strong><\/h3>\n\n\n\n<ul class=\"wp-block-list\">\n<li>Helytelen: \"K\u00e9rem, foglaljon helyet?\"<\/li>\n\n\n\n<li>Helyes: \"K\u00e9rem, foglaljon helyet.\"<\/li>\n<\/ul>\n\n\n\n<p>M\u00e9g az udvarias felsz\u00f3l\u00edt\u00e1sok is parancsok, nem k\u00e9rd\u00e9sek. <\/p>\n\n\n\n<p>Ezek pontokat vagy felki\u00e1lt\u00f3jeleket ig\u00e9nyelnek.<\/p>\n\n\n\n<h3 class=\"wp-block-heading\"><strong>4. vessz\u0151kapcsol\u00e1sok l\u00e9trehoz\u00e1sa imperat\u00edvuszokkal<\/strong><\/h3>\n\n\n\n<ul class=\"wp-block-list\">\n<li>Helytelen: \"Tekintse \u00e1t a dokumentumot, \u00e9s mondja el a v\u00e9lem\u00e9ny\u00e9t.\"<\/li>\n\n\n\n<li>Helyes: \"Tekintse \u00e1t a dokumentumot, \u00e9s ossza meg velem gondolatait.\"<\/li>\n\n\n\n<li>Szint\u00e9n helyes: \"Tekintse \u00e1t a dokumentumot. Tudassa velem a gondolatait.\"<\/li>\n<\/ul>\n\n\n\n<p>Minden egyes imperat\u00edvusz megfelel\u0151 elv\u00e1laszt\u00e1st \u00e9rdemel k\u00f6t\u0151szavakkal vagy pontokkal.<\/p>\n\n\n\n<h3 class=\"wp-block-heading\"><strong>5. Felki\u00e1lt\u00f3jelek t\u00falzott haszn\u00e1lata<\/strong><\/h3>\n\n\n\n<ul class=\"wp-block-list\">\n<li>Probl\u00e9m\u00e1s: \"K\u00fcldje el a f\u00e1jlt! Minden mell\u00e9kletet csatoljon! Er\u0151s\u00edtse meg az \u00e1tv\u00e9telt!\"<\/li>\n\n\n\n<li>Jobb: \"K\u00fcldje el a f\u00e1jlt az \u00f6sszes mell\u00e9klettel egy\u00fctt. Er\u0151s\u00edtse meg a k\u00e9zhezv\u00e9telt.\"<\/li>\n<\/ul>\n\n\n\n<p>A t\u00fal sok felki\u00e1lt\u00f3jel agressz\u00edv hangnemet teremt \u00e9s cs\u00f6kkenti a hat\u00e1st.<\/p>\n\n\n\n<h3 class=\"wp-block-heading\"><strong>6. Az imperat\u00edv intenzit\u00e1s v\u00e1ltozatlans\u00e1g\u00e1nak elmulaszt\u00e1sa<\/strong><\/h3>\n\n\n\n<ul class=\"wp-block-list\">\n<li>Probl\u00e9m\u00e1s: \"T\u00f6ltse ki a felm\u00e9r\u00e9st. K\u00fcldje be a sz\u00e1ml\u00e1kat. Friss\u00edtse profilj\u00e1t.\"<\/li>\n\n\n\n<li>Jobb: \"K\u00e9rj\u00fck, t\u00f6ltse ki a k\u00e9rd\u0151\u00edvet, amikor \u00d6nnek megfelel. P\u00e9ntekig k\u00fcldje el a bizonylatokat. Ha lesz egy perce, friss\u00edtse profiladatait.\"<\/li>\n<\/ul>\n\n\n\n<p>A m\u00f3dos\u00edt\u00f3k \u00e9s id\u0151keretek hozz\u00e1ad\u00e1sa \u00e1rnyaltabb, tiszteletteljesebb hangnemet eredm\u00e9nyez.<\/p>\n\n\n\n<h2 class=\"wp-block-heading\">Hogyan seg\u00edthet az AI jav\u00edtani a parancsok \u00e9s k\u00e9r\u00e9sek \u00edr\u00e1s\u00e1t?<\/h2>\n\n\n\n<p>A t\u00f6k\u00e9letes felsz\u00f3l\u00edt\u00f3 mondat megalkot\u00e1sa nem mindig k\u00f6nny\u0171. <\/p>\n\n\n\n<p>A tekint\u00e9lyelv\u0171s\u00e9g \u00e9s a tekint\u00e9lyelv\u0171s\u00e9g k\u00f6z\u00f6tti hat\u00e1rvonal meglep\u0151en v\u00e9kony lehet. <\/p>\n\n\n\n<p>Ez az a hely, ahol <a href=\"https:\/\/undetectable.ai\/blog\/ai-content-creation-tools\/\" target=\"_blank\" rel=\"noreferrer noopener\">AI \u00edr\u00f3eszk\u00f6z\u00f6k<\/a> \u00e9rt\u00e9kes seg\u00edts\u00e9get ny\u00fajthat.<\/p>\n\n\n\n<figure class=\"wp-block-image size-full\"><img loading=\"lazy\" decoding=\"async\" width=\"869\" height=\"459\" src=\"https:\/\/undetectable.ai/blog\/wp-content\/uploads\/2025\/03\/ask-ai.jpg\" alt=\"Kimutathatatlan AI k\u00e9rdezzen AI-t\" class=\"wp-image-6716\" title=\"\" srcset=\"https:\/\/undetectable.ai/blog\/wp-content\/uploads\/2025\/03\/ask-ai.jpg 869w, https:\/\/undetectable.ai/blog\/wp-content\/uploads\/2025\/03\/ask-ai-300x158.jpg 300w, https:\/\/undetectable.ai/blog\/wp-content\/uploads\/2025\/03\/ask-ai-768x406.jpg 768w, https:\/\/undetectable.ai/blog\/wp-content\/uploads\/2025\/03\/ask-ai-18x10.jpg 18w\" sizes=\"auto, (max-width: 869px) 100vw, 869px\" \/><\/figure>\n\n\n\n<p>A <a href=\"https:\/\/undetectable.ai\/ask-ai\" target=\"_blank\" rel=\"noreferrer noopener\">K\u00e9rdezd meg az AI-t<\/a> eszk\u00f6z kiv\u00e1l\u00f3 forr\u00e1st ny\u00fajt a tanul\u00f3k sz\u00e1m\u00e1ra, akik a mondatt\u00edpusokkal kapcsolatos nyelvi feladatokon dolgoznak.<\/p>\n\n\n\n<p>Ha a di\u00e1kok nem tudj\u00e1k, hogyan fogalmazzanak meg egy adott parancsot vagy k\u00e9r\u00e9st, feltehetnek konkr\u00e9t k\u00e9rd\u00e9seket, p\u00e9ld\u00e1ul:<\/p>\n\n\n\n<ul class=\"wp-block-list\">\n<li>\"Hogyan tudn\u00e1m ezt a parancsot udvariasabb\u00e1 tenni?\"<\/li>\n\n\n\n<li>\"Helyesen van fel\u00e9p\u00edtve ez a felsz\u00f3l\u00edt\u00f3 mondat?\"<\/li>\n\n\n\n<li>\"Milyen er\u0151sebb ig\u00e9t haszn\u00e1ljunk ebben az utas\u00edt\u00e1sban?\"<\/li>\n<\/ul>\n\n\n\n<p>Az eszk\u00f6z azonnali visszajelz\u00e9st ny\u00fajt, mik\u00f6zben seg\u00edt a tanul\u00f3knak meg\u00e9rteni a hat\u00e9kony imperat\u00edvusz-konstrukci\u00f3 alapelveit.<\/p>\n\n\n\n<figure class=\"wp-block-image size-large\"><img loading=\"lazy\" decoding=\"async\" width=\"1024\" height=\"583\" src=\"https:\/\/undetectable.ai/blog\/wp-content\/uploads\/2025\/02\/ai-chat-notice-1024x583.jpg\" alt=\"\" class=\"wp-image-6294\" title=\"\" srcset=\"https:\/\/undetectable.ai/blog\/wp-content\/uploads\/2025\/02\/ai-chat-notice-1024x583.jpg 1024w, https:\/\/undetectable.ai/blog\/wp-content\/uploads\/2025\/02\/ai-chat-notice-300x171.jpg 300w, https:\/\/undetectable.ai/blog\/wp-content\/uploads\/2025\/02\/ai-chat-notice-768x437.jpg 768w, https:\/\/undetectable.ai/blog\/wp-content\/uploads\/2025\/02\/ai-chat-notice-18x10.jpg 18w, https:\/\/undetectable.ai/blog\/wp-content\/uploads\/2025\/02\/ai-chat-notice.jpg 1358w\" sizes=\"auto, (max-width: 1024px) 100vw, 1024px\" \/><\/figure>\n\n\n\n<p>A parancsol\u00f3 mondatokkal kapcsolatos sz\u00e9lesebb k\u00f6r\u0171 k\u00e9rd\u00e9sek eset\u00e9n a Mi <a href=\"https:\/\/undetectable.ai\/ai-chat\" target=\"_blank\" rel=\"noreferrer noopener\">AI Chat<\/a> hasznos nyelvtani k\u00eds\u00e9r\u0151k\u00e9nt szolg\u00e1l.<\/p>\n\n\n\n<p>Megk\u00e9rdezheted:<\/p>\n\n\n\n<ul class=\"wp-block-list\">\n<li>\"Mi a k\u00fcl\u00f6nbs\u00e9g a parancs \u00e9s a k\u00e9r\u00e9s imperat\u00edvusz k\u00f6z\u00f6tt?\"<\/li>\n\n\n\n<li>\"Mikor haszn\u00e1ljak felki\u00e1lt\u00f3jelet a felsz\u00f3l\u00edt\u00e1sokkal?\"<\/li>\n\n\n\n<li>\"Hogyan m\u0171k\u00f6dnek a felsz\u00f3l\u00edt\u00f3 mondatok a hivatalos \u00fczleti \u00edr\u00e1sban?\"<\/li>\n<\/ul>\n\n\n\n<p>Ezek az AI-eszk\u00f6z\u00f6k seg\u00edtenek az \u00edr\u00f3knak eligazodni a parancsol\u00f3 mondatok \u00e1rnyalataiban, biztos\u00edtva, hogy a parancsok a k\u00edv\u00e1nt hangnemben \u00e9s hat\u00e1sfokkal \u00e9rkezzenek.<\/p>\n\n\n<div class=\"wp-block-image\">\n<figure class=\"aligncenter size-full\"><img loading=\"lazy\" decoding=\"async\" width=\"869\" height=\"466\" src=\"https:\/\/undetectable.ai/blog\/wp-content\/uploads\/2025\/06\/Google-Gemini-002.jpg\" alt=\"Pillanatk\u00e9p az Undetectable AI fel\u00fclet\u00e9r\u0151l, amely egy ingyenes sz\u00f3sz\u00e1ml\u00e1l\u00f3 eszk\u00f6zt jelen\u00edt meg\" class=\"wp-image-10593\" title=\"\" srcset=\"https:\/\/undetectable.ai/blog\/wp-content\/uploads\/2025\/06\/Google-Gemini-002.jpg 869w, https:\/\/undetectable.ai/blog\/wp-content\/uploads\/2025\/06\/Google-Gemini-002-300x161.jpg 300w, https:\/\/undetectable.ai/blog\/wp-content\/uploads\/2025\/06\/Google-Gemini-002-768x412.jpg 768w, https:\/\/undetectable.ai/blog\/wp-content\/uploads\/2025\/06\/Google-Gemini-002-18x10.jpg 18w\" sizes=\"auto, (max-width: 869px) 100vw, 869px\" \/><\/figure><\/div>\n\n\n<p>A szakmai k\u00e9r\u00e9sekn\u00e9l gyakori hiba, hogy t\u00fal sok sz\u00f3val \u201cpuh\u00edtjuk\u201d a csap\u00e1st, ami gyakran hom\u00e1lyos utas\u00edt\u00e1st eredm\u00e9nyez.<\/p>\n\n\n\n<p>Az udvariass\u00e1g \u00e9s a precizit\u00e1s k\u00f6z\u00f6tti t\u00f6k\u00e9letes egyens\u00faly megtal\u00e1l\u00e1s\u00e1hoz futtassa \u00e1t a tervezet\u00e9t a kimutathatatlan mesters\u00e9ges intelligenciaprogramunkon. <a href=\"https:\/\/undetectable.ai\/word-counter\" target=\"_blank\" rel=\"noreferrer noopener\">Sz\u00f3sz\u00e1ml\u00e1l\u00f3<\/a>.<\/p>\n\n\n\n<p>Ez lehet\u0151v\u00e9 teszi, hogy ellen\u0151rizze a k\u00e9r\u00e9sek s\u0171r\u0171s\u00e9g\u00e9t, \u00e9s seg\u00edt a \u201csz\u00f3t\u00f6megek\u201d elt\u00e1vol\u00edt\u00e1s\u00e1ban, hogy a csapata pontosan tudja, mit kell tenni, an\u00e9lk\u00fcl, hogy \u00fajra el kellene olvasnia egy 40 szavas mondatot, csak hogy megtal\u00e1lja az ig\u00e9t.<\/p>\n\n\n\n<h2 class=\"wp-block-heading\">Mondd el, ne k\u00e9rdezd<\/h2>\n\n\n\n<p>A felsz\u00f3l\u00edt\u00f3 mondatok alkotj\u00e1k a vil\u00e1gos kommunik\u00e1ci\u00f3 l\u00e9nyeg\u00e9t. <\/p>\n\n\n\n<p>Ezek \u00f6szt\u00f6nzik a cselekv\u00e9st, \u00fatmutat\u00e1st ny\u00fajtanak, \u00e9s lehet\u0151s\u00e9get teremtenek az elk\u00f6telez\u0151d\u00e9sre. <\/p>\n\n\n\n<p>A \"K\u00e9rem, fontolja meg a javaslatunkat\" szel\u00edd l\u00f6k\u00e9s\u00e9t\u0151l a \"H\u00edvja a 911-et!\" s\u00fcrg\u0151s parancs\u00e1ig, a parancsok sz\u00e1mtalan m\u00f3don alak\u00edtj\u00e1k mindennapi interakci\u00f3inkat.<\/p>\n\n\n\n<p>A legjobb felsz\u00f3l\u00edt\u00f3 mondatokban az egy\u00e9rtelm\u0171s\u00e9g \u00e9s a megfelel\u0151 hangnem p\u00e1rosul. <\/p>\n\n\n\n<p>Tiszteletben tartj\u00e1k az olvas\u00f3t, mik\u00f6zben vil\u00e1gosan k\u00f6zlik az elv\u00e1r\u00e1sokat. <\/p>\n\n\n\n<p>Ak\u00e1r utas\u00edt\u00e1sokat \u00edr, ak\u00e1r marketingfelh\u00edv\u00e1sokat k\u00e9sz\u00edt, vagy egyszer\u0171en csak arra k\u00e9r valakit, hogy adja \u00e1t a s\u00f3t, a felsz\u00f3l\u00edt\u00f3 mondatok szerkezet\u00e9nek \u00e9s hat\u00e1s\u00e1nak meg\u00e9rt\u00e9se n\u00f6veli a kommunik\u00e1ci\u00f3 hat\u00e9konys\u00e1g\u00e1t.<\/p>\n\n\n\n<p>A <a href=\"https:\/\/undetectable.ai\/\" target=\"_blank\" rel=\"noreferrer noopener\">\u00c9szrevehetetlen AI \u00edr\u00f3szersz\u00e1mai<\/a> hogy finom\u00edtsa a felsz\u00f3l\u00edt\u00f3 mondatokat, biztos\u00edtva, hogy meggy\u0151z\u0151ek, nyelvtanilag helyesek \u00e9s a k\u00f6z\u00f6ns\u00e9gre szabottak legyenek. <\/p>\n\n\n\n<p>Pr\u00f3b\u00e1ld ki \u0151ket m\u00e9g ma, \u00e9s emeld fel az \u00edr\u00e1sodat!<\/p>","protected":false},"excerpt":{"rendered":"","protected":false},"author":15,"featured_media":6925,"comment_status":"closed","ping_status":"closed","sticky":false,"template":"","format":"standard","meta":{"_themeisle_gutenberg_block_has_review":false,"footnotes":""},"categories":[31],"tags":[],"class_list":["post-6912","post","type-post","status-publish","format-standard","has-post-thumbnail","hentry","category-helpful-ai-content-tips"],"_links":{"self":[{"href":"https:\/\/undetectable.ai/blog\/hu\/wp-json\/wp\/v2\/posts\/6912","targetHints":{"allow":["GET"]}}],"collection":[{"href":"https:\/\/undetectable.ai/blog\/hu\/wp-json\/wp\/v2\/posts"}],"about":[{"href":"https:\/\/undetectable.ai/blog\/hu\/wp-json\/wp\/v2\/types\/post"}],"author":[{"embeddable":true,"href":"https:\/\/undetectable.ai/blog\/hu\/wp-json\/wp\/v2\/users\/15"}],"replies":[{"embeddable":true,"href":"https:\/\/undetectable.ai/blog\/hu\/wp-json\/wp\/v2\/comments?post=6912"}],"version-history":[{"count":13,"href":"https:\/\/undetectable.ai/blog\/hu\/wp-json\/wp\/v2\/posts\/6912\/revisions"}],"predecessor-version":[{"id":19819,"href":"https:\/\/undetectable.ai/blog\/hu\/wp-json\/wp\/v2\/posts\/6912\/revisions\/19819"}],"wp:featuredmedia":[{"embeddable":true,"href":"https:\/\/undetectable.ai/blog\/hu\/wp-json\/wp\/v2\/media\/6925"}],"wp:attachment":[{"href":"https:\/\/undetectable.ai/blog\/hu\/wp-json\/wp\/v2\/media?parent=6912"}],"wp:term":[{"taxonomy":"category","embeddable":true,"href":"https:\/\/undetectable.ai/blog\/hu\/wp-json\/wp\/v2\/categories?post=6912"},{"taxonomy":"post_tag","embeddable":true,"href":"https:\/\/undetectable.ai/blog\/hu\/wp-json\/wp\/v2\/tags?post=6912"}],"curies":[{"name":"wp","href":"https:\/\/api.w.org\/{rel}","templated":true}]}}