{"id":7162,"date":"2025-03-25T14:53:00","date_gmt":"2025-03-25T14:53:00","guid":{"rendered":"https:\/\/undetectable.ai/blog\/?p=7162"},"modified":"2025-07-21T03:01:35","modified_gmt":"2025-07-21T03:01:35","slug":"hany-munkahely-all-rendelkezesre-a-technologia-teruleten","status":"publish","type":"post","link":"https:\/\/undetectable.ai/blog\/hu\/hany-munkahely-all-rendelkezesre-a-technologia-teruleten\/","title":{"rendered":"H\u00e1ny munkahely \u00e1ll rendelkez\u00e9sre a technol\u00f3gia ter\u00fclet\u00e9n? Kereslet \u00e9s trendek"},"content":{"rendered":"<p><strong>\"\u00dajabb technikai elbocs\u00e1t\u00e1s?!\"<\/strong><\/p>\n\n\n\n<p>K\u00f6nny\u0171 fels\u00f3hajtani \u00e9s f\u00e9lredobni a telefont, miut\u00e1n a h\u00e9ten az \u00f6t\u00f6dik szalagc\u00edmet l\u00e1tjuk arr\u00f3l, hogy valamelyik nagy technol\u00f3giai v\u00e1llalat munkahelyeket sz\u00fcntet meg.<\/p>\n\n\n\n<p>A frissen v\u00e9gzett informatikusok sz\u00fclei agg\u00f3dva k\u00e9rdezik: <strong><em>\"A gyermekemnek m\u00e1s ipar\u00e1gakat is meg kellene n\u00e9znie? A technol\u00f3gia m\u00e9g mindig biztons\u00e1gos?\"<\/em><\/strong><\/p>\n\n\n\n<p>Lehet, hogy mostan\u00e1ban \u00f6nnek is voltak hasonl\u00f3 gondolatai. Tal\u00e1n te is:<\/p>\n\n\n\n<ul class=\"wp-block-list\">\n<li>Egy friss diplom\u00e1s, aki megk\u00e9rd\u0151jelezi, hogy \u00e9rdemes-e m\u00e9g folytatni a m\u0171szaki \u00e1lmokat.<\/li>\n<\/ul>\n\n\n\n<ul class=\"wp-block-list\">\n<li>A kiskereskedelemben vagy a vend\u00e9gl\u00e1t\u00e1sban dolgozol, \u00e9s a technol\u00f3gia magasabb fizet\u00e9seire v\u00e1gysz, de azon gondolkodsz, hogy elszalasztottad-e a lehet\u0151s\u00e9get.<\/li>\n<\/ul>\n\n\n\n<ul class=\"wp-block-list\">\n<li>M\u00e1r dolgozik a m\u0171szaki ter\u00fcleten, de agg\u00f3dik, hogy a mesters\u00e9ges intelligencia id\u0151vel elavultt\u00e1 teheti a munk\u00e1j\u00e1t.<\/li>\n<\/ul>\n\n\n\n<p>Minden k\u00e9rd\u00e9sre t\u00e9nyeken alapul\u00f3 v\u00e1laszokat kell adni.&nbsp;<\/p>\n\n\n\n<p>Ez a blog tartalmaz mindent, amire sz\u00fcks\u00e9ged lehet a jelenlegi technol\u00f3giai munkalehet\u0151s\u00e9gek meg\u00e9rt\u00e9s\u00e9hez.&nbsp;<\/p>\n\n\n\n<p>Megbesz\u00e9lj\u00fck a t\u00e9nyleges foglalkoztat\u00e1si sz\u00e1mokat, a k\u00fcl\u00f6nb\u00f6z\u0151 szakter\u00fcletek b\u00e9radatait, a 2033-ig tart\u00f3 n\u00f6veked\u00e9si el\u0151rejelz\u00e9seket \u00e9s a ter\u00fcletre val\u00f3 bel\u00e9p\u00e9s gyakorlati m\u00f3djait. Ak\u00e1r a k\u00f3dol\u00f3t\u00e1borokat, a technol\u00f3giai tan\u00fas\u00edtv\u00e1nyokat vagy a szabad\u00fasz\u00f3 karrier elind\u00edt\u00e1s\u00e1t vizsg\u00e1lja, a kereslet az olyan k\u00e9szs\u00e9gek ir\u00e1nt, mint a <a href=\"https:\/\/clockwise.software\/web-development\/\" data-type=\"link\" data-id=\"https:\/\/clockwise.software\/web-development\/\" target=\"_blank\" rel=\"noopener\">professzion\u00e1lis webfejleszt\u00e9si szolg\u00e1ltat\u00e1sok<\/a> tov\u00e1bbra is n\u00f6vekszik, mivel a v\u00e1llalkoz\u00e1sok az er\u0151s online jelenl\u00e9tet \u00e9s a felhaszn\u00e1l\u00f3i \u00e9lm\u00e9nyt helyezik el\u0151t\u00e9rbe.<\/p>\n\n\n\n<p>Az igazs\u00e1g a 2025-\u00f6s technol\u00f3giai munkahelyekr\u0151l sokkal \u00e1rnyaltabb - \u00e9s sokkal \u00edg\u00e9retesebb -, mint amit ezek a riaszt\u00f3 szalagc\u00edmek sugallnak.<\/p>\n\n\n\n<h2 class=\"wp-block-heading\">A technol\u00f3giai munkaer\u0151piac helyzete<\/h2>\n\n\n\n<p>A <a href=\"https:\/\/www.comptia.org\/blog\/plan-your-next-career-move-data-from-the-latest-tech-hiring-trends\" target=\"_blank\" rel=\"noreferrer noopener\">A technol\u00f3giai ipar m\u00e9g mindig az egyik legbiztons\u00e1gosabb fogad\u00e1s.<\/a><\/p>\n\n\n\n<p>M\u00edg az orsz\u00e1gos munkan\u00e9lk\u00fclis\u00e9gi r\u00e1ta 4,1%, addig a tech? csak 2,6%.&nbsp;<\/p>\n\n\n\n<p>M\u00e1s sz\u00f3val, a technol\u00f3giai dolgoz\u00f3k nemcsak gyorsabban kapnak \u00e1ll\u00e1st, hanem tov\u00e1bb is tartj\u00e1k azt, mint a legt\u00f6bb m\u00e1s ipar\u00e1gban dolgoz\u00f3 ember.<\/p>\n\n\n\n<p>Igen, elbocs\u00e1t\u00e1sok t\u00f6rt\u00e9ntek. Rengeteg.&nbsp;<\/p>\n\n\n\n<p>Csak 2024-ben 451 v\u00e1llalat t\u00f6bb mint 139 000 munkahelyet sz\u00fcntet meg. A felsz\u00ednen ez rosszul hangzik.&nbsp;<\/p>\n\n\n\n<p>De itt van, amit a legt\u00f6bben kihagynak...&nbsp;<\/p>\n\n\n\n<p>A technol\u00f3giai munkaer\u0151-felv\u00e9tel nem lassult le.<\/p>\n\n\n\n<p>T\u00f6bb mint 211 000 nyitott technol\u00f3giai poz\u00edci\u00f3 van. <\/p>\n\n\n\n<p>Ez egy hatalmas, 29,5%-es ugr\u00e1s a 2023 m\u00e1rcius\u00e1ban l\u00e1tott m\u00e9lyponthoz k\u00e9pest.<\/p>\n\n\n\n<p>Janu\u00e1r \u00f3ta a startupok, az egyszarv\u00faak \u00e9s az \u00e1llami v\u00e1llalatok 18%-tel t\u00f6bb munkahelyet nyitottak.<\/p>\n\n\n\n<p>\u00c9s nem csak a nagy nevekr\u0151l van sz\u00f3. <\/p>\n\n\n\n<p>Mik\u00f6zben a Meta, az Amazon \u00e9s a Google az elbocs\u00e1t\u00e1sok miatt ker\u00fclt a c\u00edmlapokra, kisebb technol\u00f3giai c\u00e9gek ezrei olyan sok embert vettek fel, mint m\u00e9g soha.<\/p>\n\n\n\n<p>Gondoljunk csak bele - bankok, k\u00f3rh\u00e1zak, s\u0151t gy\u00e1rak - ha friss\u00edteni\u00fck kell a rendszereiket, kit h\u00edvnak? A m\u0171szaki dolgoz\u00f3kat.&nbsp;<\/p>\n\n\n\n<p>Ez\u00e9rt pattannak vissza gyorsan a technol\u00f3giai munkahelyek. Egy ajt\u00f3 bez\u00e1rul, \u00e9s egy tucat m\u00e1sik kiny\u00edlik.<\/p>\n\n\n\n<h3 class=\"wp-block-heading\">A technol\u00f3giai ipar n\u00f6veked\u00e9se \u00e9s a munkahelyek ir\u00e1nti kereslet<\/h3>\n\n\n\n<p>Az amerikai technol\u00f3giai \u00e1gazatban a munkahelyek sz\u00e1ma k\u00e9tszer olyan gyorsan n\u00f6vekszik, mint m\u00e1s \u00e1gazatokban.<\/p>\n\n\n\n<p>A n\u00f6veked\u00e9s nem a technol\u00f3giai v\u00e1llalatoknak k\u00f6sz\u00f6nhet\u0151.<\/p>\n\n\n\n<p>A technol\u00f3giai dolgoz\u00f3k kevesebb mint fele (45%) dolgozik hagyom\u00e1nyos technol\u00f3giai v\u00e1llalatokn\u00e1l.<\/p>\n\n\n\n<p>A t\u00f6bbi (55%) a szok\u00e1sos \u00fczletekben - bankokban, k\u00f3rh\u00e1zakban, gy\u00e1rakban, \u00fczletekben \u00e9s korm\u00e1nyhivatalokban - dolgozik,<\/p>\n\n\n\n<p>Ez h\u00e1rom nagy okb\u00f3l t\u00f6rt\u00e9nik:<\/p>\n\n\n\n<ul class=\"wp-block-list\">\n<li><strong>Minden v\u00e1llalat ma m\u00e1r egy \u00faj v\u00e1llalat.<\/strong> A \"digit\u00e1lis \u00e1talakul\u00e1s\" teljes lend\u00fcletben van. M\u00e9g a helyi \u00e9lelmiszer\u00fczletl\u00e1ncnak is sz\u00fcks\u00e9ge van szoftverfejleszt\u0151kre \u00e9s informatikai szakemberekre, \u00e9s <a href=\"https:\/\/spd.tech\/custom-software-development-services\/\" data-type=\"link\" data-id=\"https:\/\/spd.tech\/custom-software-development-services\/\" target=\"_blank\" rel=\"noopener\">egyedi szoftverfejleszt\u00e9si szolg\u00e1ltat\u00e1sok<\/a> a v\u00e1ltoz\u00f3 fogyaszt\u00f3i \u00e9s m\u0171k\u00f6d\u00e9si ig\u00e9nyek kiel\u00e9g\u00edt\u00e9s\u00e9re.\"<\/li>\n<\/ul>\n\n\n\n<ul class=\"wp-block-list\">\n<li><strong>A hackerek nap mint nap t\u00e1madj\u00e1k a v\u00e1llalkoz\u00e1sokat. <\/strong>Ez\u00e9rt a kiberbiztons\u00e1gi szak\u00e9rt\u0151kre mindenhol \u00f3ri\u00e1si a kereslet.<\/li>\n<\/ul>\n\n\n\n<ul class=\"wp-block-list\">\n<li><strong>Az adat az \u00faj arany. <\/strong>A v\u00e1llalkoz\u00e1sok belefulladnak az inform\u00e1ci\u00f3kba, \u00e9s adatelemz\u0151kre \u00e9s tud\u00f3sokra van sz\u00fcks\u00e9g\u00fck, hogy ezeket valami \u00e9rtelmes dologg\u00e1 alak\u00edts\u00e1k.&nbsp;<\/li>\n<\/ul>\n\n\n\n<p>\u00c9rdekes, hogy a technol\u00f3giai munkahelyek hogyan terjednek az eg\u00e9sz orsz\u00e1gban.<\/p>\n\n\n\n<p>A Szil\u00edcium-v\u00f6lgy nem az egyetlen hely, ahol munkaer\u0151-felv\u00e9telre ker\u00fcl sor.<\/p>\n\n\n\n<p>P\u00e9ld\u00e1ul 2024 okt\u00f3ber\u00e9ben:<\/p>\n\n\n\n<ul class=\"wp-block-list\">\n<li><strong>Washington D.C.<\/strong> t\u00f6bb mint 16 150 technol\u00f3giai \u00e1ll\u00e1shirdet\u00e9s volt.<\/li>\n\n\n\n<li><strong>New York<\/strong> 13 386 megnyit\u00e1s m\u00f6g\u00f6tt z\u00e1rt\u00e1k le.<\/li>\n\n\n\n<li><strong>Dallas<\/strong> k\u00f6r\u00fclbel\u00fcl 10 011 volt.<\/li>\n\n\n\n<li>Az olyan v\u00e1rosok, mint <strong>Austin, Denver, Atlanta \u00e9s Raleigh<\/strong> szint\u00e9n jelent\u0151s technol\u00f3giai k\u00f6zpontokk\u00e1 v\u00e1lnak, gyakran alacsonyabb meg\u00e9lhet\u00e9si k\u00f6lts\u00e9gekkel, mint Kalifornia.<\/li>\n<\/ul>\n\n\n\n<h3 class=\"wp-block-heading\">Hogyan befoly\u00e1solja az AI \u00e9s az automatiz\u00e1l\u00e1s a technol\u00f3giai \u00e1ll\u00e1sok el\u00e9rhet\u0151s\u00e9g\u00e9t<\/h3>\n\n\n\n<p>Ezen a ponton, <a href=\"https:\/\/www.investopedia.com\/is-ai-going-to-be-a-killer-or-creator-of-tech-jobs-11682821\" target=\"_blank\" rel=\"noreferrer noopener\">mindenki f\u00e9l a mesters\u00e9ges intelligenci\u00e1t\u00f3l.<\/a>&nbsp;<\/p>\n\n\n\n<p>Az igazs\u00e1g azonban sokkal \u00f6sszetettebb - \u00e9s sokkal optimist\u00e1bb.&nbsp;<\/p>\n\n\n\n<p>Munkak\u00f6r\u00f6k, mint p\u00e9ld\u00e1ul<strong> \"prompt m\u00e9rn\u00f6k\", \"AI etikai szak\u00e9rt\u0151\",\"<\/strong> \u00e9s <strong>\"g\u00e9pi tanul\u00e1s m\u0171veleti menedzser\" <\/strong>csak az elm\u00falt \u00f6t \u00e9vben jelentek meg.<\/p>\n\n\n\n<p>Ma m\u00e1r ezek a leggyorsabban n\u00f6vekv\u0151 poz\u00edci\u00f3k k\u00f6z\u00e9 tartoznak a technol\u00f3giai vil\u00e1gban.<\/p>\n\n\n\n<p>Elle Farrell-Kingsley, az Arizona College of Technology technol\u00f3giai el\u0151ad\u00f3ja \u00e9s tan\u00e1csad\u00f3ja kijelentette,&nbsp;<\/p>\n\n\n\n<p><strong><em>\"Az elm\u00falt hat h\u00f3napban fokozatos fellend\u00fcl\u00e9s volt tapasztalhat\u00f3, k\u00fcl\u00f6n\u00f6sen az olyan ter\u00fcleteken, mint a mesters\u00e9ges intelligencia, a kiberbiztons\u00e1g \u00e9s a felh\u0151alap\u00fa sz\u00e1m\u00edt\u00e1stechnika, ahol megugrott a kereslet.\"<\/em><\/strong><\/p>\n\n\n\n<p>A mesters\u00e9ges intelligencia \u00e9s az automatiz\u00e1l\u00e1s megv\u00e1ltoztatja a m\u0171k\u00f6d\u00e9s\u00fcnket.&nbsp;<\/p>\n\n\n\n<p>Bizonyos munk\u00e1k annyira leegyszer\u0171s\u00f6dtek, hogy egy gombnyom\u00e1ssal elv\u00e9gezhet\u0151k, ahelyett, hogy hosszabb ideig tartana.&nbsp;<\/p>\n\n\n\n<p>Az el\u0151z\u0151 \u00e9vhez k\u00e9pest az Egyes\u00fclt \u00c1llamokban 2024-ben v\u00e1rhat\u00f3an 32%-tel t\u00f6bb mesters\u00e9ges intelligenci\u00e1val kapcsolatos \u00e1ll\u00e1shely lesz.&nbsp;<\/p>\n\n\n\n<p>Ez t\u00f6bb mint 10 000 \u00faj \u00e1ll\u00e1shelyet jelent az orsz\u00e1gban.&nbsp;<\/p>\n\n\n\n<p>\u00c9s ezek a poz\u00edci\u00f3k nem kiz\u00e1r\u00f3lag a nagy technol\u00f3giai c\u00e9gekn\u00e9l koncentr\u00e1l\u00f3dnak.&nbsp;<\/p>\n\n\n\n<ul class=\"wp-block-list\">\n<li>AI-szak\u00e9rt\u0151kre van sz\u00fcks\u00e9g a k\u00f6vetkez\u0151kben <strong>bankok<\/strong> a csal\u00e1s felder\u00edt\u00e9se \u00e9rdek\u00e9ben.&nbsp;<\/li>\n\n\n\n<li>Sz\u00fcks\u00e9g van az orvosi adatok elemz\u00e9s\u00e9re a k\u00f6vetkez\u0151kben <strong>k\u00f3rh\u00e1zak.&nbsp;<\/strong><\/li>\n\n\n\n<li>M\u00e9g a  is. <strong>farmok<\/strong> mesters\u00e9ges intelligenci\u00e1t alkalmaznak a term\u00e9s megfigyel\u00e9s\u00e9re \u00e9s a betakar\u00edt\u00e1s el\u0151rejelz\u00e9s\u00e9re.<\/li>\n<\/ul>\n\n\n\n<p>A legt\u00f6bb technol\u00f3giai szakembert nem bocs\u00e1tj\u00e1k el a munkahely\u00e9r\u0151l.&nbsp;<\/p>\n\n\n\n<p>Ehelyett a mesters\u00e9ges intelligencia integr\u00e1l\u00e1s\u00e1val megk\u00f6nny\u00edtik a helyzet\u00fcket.<\/p>\n\n\n\n<p>A munk\u00e1jukon bel\u00fcl a robotiz\u00e1lt feladatok m\u00e1r automatiz\u00e1ltak.<\/p>\n\n\n\n<p>Vegy\u00fck ezt figyelembe: <strong>helyes\u00edr\u00e1s-ellen\u0151rz\u00e9s<\/strong> nem t\u00e1vol\u00edtotta el az \u00edr\u00f3kat a munkaer\u0151piacr\u00f3l - ink\u00e1bb n\u00f6velte az \u00edr\u00f3k termel\u00e9kenys\u00e9g\u00e9t.<\/p>\n\n\n\n<p>Csak\u00fagy, mint a mesters\u00e9ges intelligencia-k\u00e9pess\u00e9ggel rendelkez\u0151 eszk\u00f6z\u00f6k eset\u00e9ben, a programoz\u00f3kat \u00e9s az elemz\u0151ket nem lehet helyettes\u00edteni.&nbsp;<\/p>\n\n\n\n<p>Most m\u00e1r gyorsabban tudnak dolgozni, mert nagyobb probl\u00e9m\u00e1kat kapnak megold\u00e1sra.<\/p>\n\n\n\n<p>Van m\u00e9g egy fontos szempont, amit figyelembe kell venni: AI rendszerek <strong>emberi fel\u00fcgyeletre t\u00e1maszkodnak. <\/strong><\/p>\n\n\n\n<p>Hajlamosak a hib\u00e1z\u00e1sra. Elfogultak. Az emberekkel ellent\u00e9tben nem k\u00e9pesek felfogni a kontextust.<\/p>\n\n\n\n<p>Ez teljesen \u00faj szerepk\u00f6r\u00f6ket nyit meg a mesters\u00e9ges intelligenci\u00e1val m\u0171k\u00f6d\u0151 rendszerek nyomon k\u00f6vet\u00e9s\u00e9re, fejleszt\u00e9s\u00e9re \u00e9s fel\u00fcgyelet\u00e9re. Glob\u00e1lisan n\u00e9zve az AI t\u00e9rnyer\u00e9se a lehet\u0151s\u00e9gek meghat\u00e1roz\u00e1s\u00e1nak m\u00f3dj\u00e1t is megv\u00e1ltoztatja. A <a href=\"https:\/\/www.thepaystubs.com\/employment-data\/ai-global-jobs-risk\/\" data-type=\"link\" data-id=\"https:\/\/www.thepaystubs.com\/employment-data\/ai-global-jobs-risk\/\" target=\"_blank\" rel=\"noopener\">a ThePayStubs friss jelent\u00e9se<\/a> azt mutatja, hogy mik\u00f6zben az automatiz\u00e1l\u00e1s \u00e1talak\u00edthat bizonyos ism\u00e9tl\u0151d\u0151 feladatokat, az automatiz\u00e1l\u00e1s felgyors\u00edtja a keresletet az \u00faj, technol\u00f3gia-alap\u00fa karrierek ir\u00e1nt az ipar\u00e1gakban. A mez\u0151gazdas\u00e1gt\u00f3l a p\u00e9nz\u00fcgyekig, azok a szakemberek, akik elfogadj\u00e1k az AI-eszk\u00f6z\u00f6ket \u00e9s ennek megfelel\u0151en k\u00e9pzik magukat, minden eddigin\u00e9l jobb helyzetben vannak ahhoz, hogy boldoguljanak a fejl\u0151d\u0151 munkaer\u0151piacon.<\/p>\n\n\n\n<h2 class=\"wp-block-heading\">A technol\u00f3giai \u00e1ll\u00e1sok v\u00e1rhat\u00f3 n\u00f6veked\u00e9se 2025-ben \u00e9s azon t\u00fal<\/h2>\n\n\n\n<p>A <strong>Munka\u00fcgyi Statisztikai Hivatal (BLS)<\/strong> azt mutatja, hogy a technol\u00f3giai \u00e1gazat tov\u00e1bbra is er\u0151s n\u00f6veked\u00e9si p\u00e1ly\u00e1n van.&nbsp;<\/p>\n\n\n\n<p>A szakmai, tudom\u00e1nyos \u00e9s m\u0171szaki szolg\u00e1ltat\u00e1sok ter\u00fclet\u00e9n a foglalkoztatotts\u00e1g v\u00e1rhat\u00f3an <strong>2023 \u00e9s 2033 k\u00f6z\u00f6tt t\u00f6bb mint 10%-tal n\u0151.&nbsp;<\/strong><\/p>\n\n\n\n<p>Ez l\u00e9nyegesen gyorsabb, mint az \u00f6sszes t\u00f6bbi ipar\u00e1g \u00e1tlaga egy\u00fcttv\u00e9ve.<\/p>\n\n\n\n<p>De nem minden technol\u00f3giai munkahely fog ugyanolyan \u00fctemben n\u00f6vekedni.&nbsp;<\/p>\n\n\n\n<p>Ha azt fontolgatja, hogy melyik technol\u00f3giai p\u00e1ly\u00e1t v\u00e1lassza, figyeljen oda ezekre a gyorsan n\u00f6vekv\u0151 ter\u00fcletekre:<\/p>\n\n\n\n<ul class=\"wp-block-list\">\n<li><strong>Adattud\u00f3sok<\/strong> vezetik a mez\u0151nyt 42% el\u0151rejelzett n\u00f6veked\u00e9si r\u00e1t\u00e1val.&nbsp;<\/li>\n<\/ul>\n\n\n\n<ul class=\"wp-block-list\">\n<li>Szorosan m\u00f6g\u00f6tte vannak <strong>inform\u00e1ci\u00f3biztons\u00e1gi elemz\u0151k<\/strong>, v\u00e1rhat\u00f3an 41%-tel n\u00f6vekszik.&nbsp;<\/li>\n<\/ul>\n\n\n\n<ul class=\"wp-block-list\">\n<li><strong>Sz\u00e1m\u00edt\u00e1stechnikai \u00e9s informatikai kutat\u00f3k<\/strong> nem sokkal maradnak le a tervezett 32% n\u00f6veked\u00e9si r\u00e1t\u00e1val.&nbsp;<\/li>\n<\/ul>\n\n\n\n<p>Ezeken a bevett ter\u00fcleteken t\u00fal az \u00fajonnan megjelen\u0151 technol\u00f3gi\u00e1k teljesen \u00faj munkakateg\u00f3ri\u00e1kat hoznak l\u00e9tre.&nbsp;<\/p>\n\n\n\n<p><strong>Kvantumsz\u00e1m\u00edt\u00e1stechnika<\/strong> A szakemberek egyre keresettebbek, mivel olyan v\u00e1llalatok, mint az IBM, a Google \u00e9s a Microsoft versenyeznek a gyakorlati kvantumsz\u00e1m\u00edt\u00f3g\u00e9pek kifejleszt\u00e9s\u00e9\u00e9rt.&nbsp;<\/p>\n\n\n\n<p><strong>Blockchain fejleszt\u0151k <\/strong>tov\u00e1bbra is tal\u00e1lnak lehet\u0151s\u00e9geket a kriptovalut\u00e1n t\u00fal, mivel az eg\u00e9szs\u00e9g\u00fcgyt\u0151l az ell\u00e1t\u00e1si l\u00e1nc menedzsmentig minden ipar\u00e1g felfedezi a technol\u00f3gi\u00e1ban rejl\u0151 lehet\u0151s\u00e9geket.<\/p>\n\n\n\n<h2 class=\"wp-block-heading\">H\u00e1ny munkahely \u00e1ll rendelkez\u00e9sre a technol\u00f3gia ter\u00fclet\u00e9n?<\/h2>\n\n\n\n<p>Ha a k\u00e9rd\u00e9sed az, hogy h\u00e1ny technol\u00f3giai \u00e1ll\u00e1s van most, akkor a k\u00e9t szavas v\u00e1lasz a k\u00f6vetkez\u0151: SOK.&nbsp;<\/p>\n\n\n\n<p>2024 okt\u00f3ber\u00e9ben <strong>528 402 akt\u00edv \u00e1ll\u00e1shirdet\u00e9s<\/strong> technol\u00f3giai poz\u00edci\u00f3kat keresnek olyan nagy f\u00f3rumokon, mint a LinkedIn, az Indeed \u00e9s a Dice.<\/p>\n\n\n\n<p>Ez t\u00f6bb mint f\u00e9lmilli\u00f3 es\u00e9lyt jelent a karrier megkezd\u00e9s\u00e9re vagy el\u0151rehalad\u00e1s\u00e1ra.<\/p>\n\n\n\n<p>\u00c9s ellent\u00e9tben a n\u00e9h\u00e1ny \u00e9vvel ezel\u0151tti id\u0151kkel, amikor a legt\u00f6bb technol\u00f3giai \u00e1ll\u00e1s az irod\u00e1ban volt, ma m\u00e1r a t\u00e1vmunk\u00e1k, a hibrid \u00e9s az irodai lehet\u0151s\u00e9gek eg\u00e9szs\u00e9ges kever\u00e9ke \u00e1ll rendelkez\u00e9sre, hogy megfeleljen a prefer\u00e1lt munkast\u00edlusnak.<\/p>\n\n\n\n<h3 class=\"wp-block-heading\">Aktu\u00e1lis foglalkoztat\u00e1si statisztik\u00e1k a technol\u00f3giai iparban<\/h3>\n\n\n\n<p>A <a href=\"https:\/\/www.theforage.com\/blog\/news\/whats-the-state-of-the-tech-job-market-in-current_year\" target=\"_blank\" rel=\"noreferrer noopener\">a technol\u00f3giai munkaer\u0151 m\u00e1r most is hatalmas, \u00e9s napr\u00f3l napra nagyobb lesz.<\/a>.&nbsp;<\/p>\n\n\n\n<p>A  oldalr\u00f3l <strong>6 milli\u00f3 ember<\/strong> akik technol\u00f3giai munkak\u00f6r\u00f6kben dolgoznak szerte Amerik\u00e1ban.&nbsp;<\/p>\n\n\n\n<p>Ez a sz\u00e1m v\u00e1rhat\u00f3an el\u00e9ri <strong>7,1 milli\u00f3<\/strong> 2034-re.&nbsp;<\/p>\n\n\n\n<p>A technol\u00f3giai ipar val\u00f3ban n\u00f6vekszik, de a soksz\u00edn\u0171s\u00e9ggel is k\u00fczd.&nbsp;<\/p>\n\n\n\n<p>A n\u0151k alkotj\u00e1k <strong>a technol\u00f3giai munkaer\u0151 egy kis r\u00e9sze<\/strong>. A fekete \u00e9s spanyolajk\u00fa munkav\u00e1llal\u00f3k tov\u00e1bbra is alulreprezent\u00e1ltak a teljes munkaer\u0151ben val\u00f3 jelenl\u00e9t\u00fckh\u00f6z k\u00e9pest.&nbsp;<\/p>\n\n\n\n<h3 class=\"wp-block-heading\">A munkahelyek n\u00f6veked\u00e9s\u00e9re vonatkoz\u00f3 el\u0151rejelz\u00e9sek a k\u00f6vetkez\u0151 5-10 \u00e9vre vonatkoz\u00f3an<\/h3>\n\n\n\n<p>A technol\u00f3gia gyorsan n\u00f6vekszik.<\/p>\n\n\n\n<p>Ezt a n\u00f6veked\u00e9st t\u00f6bb t\u00e9nyez\u0151 is tov\u00e1bb gyors\u00edthatja, t\u00f6bbek k\u00f6z\u00f6tt a technol\u00f3giai infrastrukt\u00far\u00e1ba t\u00f6rt\u00e9n\u0151 korm\u00e1nyzati beruh\u00e1z\u00e1sok, a mesters\u00e9ges intelligencia gyorsul\u00f3 elfogad\u00e1sa \u00e9s a megn\u00f6vekedett kiberbiztons\u00e1gi ig\u00e9nyek.&nbsp;<\/p>\n\n\n\n<p>A m\u00e1sik oldalr\u00f3l viszont az elh\u00faz\u00f3d\u00f3 gazdas\u00e1gi visszaes\u00e9s vagy a bev\u00e1ndorl\u00e1si politik\u00e1ban bek\u00f6vetkez\u0151 jelent\u0151s v\u00e1ltoz\u00e1sok, amelyek a k\u00e9pzett technol\u00f3giai dolgoz\u00f3kat \u00e9rintik, \u00e1tmenetileg lass\u00edthatj\u00e1k a n\u00f6veked\u00e9st.<\/p>\n\n\n\n<p>Ha nemzetk\u00f6zi szinten n\u00e9zz\u00fck, az olyan orsz\u00e1gok, mint <strong>India, Kanada \u00e9s sz\u00e1mos eur\u00f3pai orsz\u00e1g <\/strong>hasonl\u00f3 vagy m\u00e9g gyorsabb technol\u00f3giai munkahely-n\u00f6veked\u00e9st tapasztalnak.&nbsp;<\/p>\n\n\n\n<p>Az Egyes\u00fclt \u00c1llamok azonban tov\u00e1bbra is vil\u00e1gels\u0151 az \u00faj, innovat\u00edv technol\u00f3giai poz\u00edci\u00f3k l\u00e9trehoz\u00e1s\u00e1ban.&nbsp;<\/p>\n\n\n\n<h3 class=\"wp-block-heading\">Mi\u00e9rt a technol\u00f3giai karrierek a legkeresettebbek k\u00f6z\u00e9 tartoznak?<\/h3>\n\n\n\n<p>A technol\u00f3giai \u00e1ll\u00e1sok is figyelemre m\u00e9lt\u00f3an stabilak.&nbsp;<\/p>\n\n\n\n<p><strong>Indokl\u00e1s # 1 -<\/strong> A k\u00f6zelm\u00faltbeli gazdas\u00e1gi bizonytalans\u00e1g idej\u00e9n, amikor sz\u00e1mos ipar\u00e1gban elbocs\u00e1t\u00e1sok \u00e9s a munkaer\u0151-felv\u00e9tel befagyaszt\u00e1sa t\u00f6rt\u00e9nt, a technol\u00f3giai munkan\u00e9lk\u00fclis\u00e9gi r\u00e1ta mind\u00f6ssze 2,6% maradt, ami j\u00f3val az orsz\u00e1gos \u00e1tlag alatt van. <\/p>\n\n\n\n<p>Az emberek a technol\u00f3giai ter\u00fcleten l\u00e1tt\u00e1k a hossz\u00fa t\u00e1v\u00fa biztons\u00e1got.<\/p>\n\n\n\n<p><strong>Indokl\u00e1s # 2 - <\/strong>Egy m\u00e1sik nagy el\u0151nye, hogy <strong>mindenhol sz\u00fcks\u00e9g van a technikai k\u00e9szs\u00e9gekre. <\/strong>K\u00f3rh\u00e1zak, bankok, korm\u00e1nyzati szervek - minden modern szervezetnek sz\u00fcks\u00e9ge van technol\u00f3giai szakemberekre. <\/p>\n\n\n\n<p>Ez azt jelenti, hogy az \u00e1ll\u00e1slehet\u0151s\u00e9gek soha nem korl\u00e1toz\u00f3dnak egyetlen \u00e1gazatra.<\/p>\n\n\n\n<p><strong>Indokl\u00e1s # 3 - <\/strong>Tal\u00e1n a legvonz\u00f3bb sok ember sz\u00e1m\u00e1ra a <strong>b\u00e9rpr\u00e9mium<\/strong> ami a technol\u00f3giai \u00e1ll\u00e1sokkal j\u00e1r. <\/p>\n\n\n\n<p>A technol\u00f3giai foglalkoz\u00e1sok medi\u00e1nb\u00e9re a becsl\u00e9sek szerint <strong>$104,556 2024-ben<\/strong> - t\u00f6bb mint k\u00e9tszerese a medi\u00e1nb\u00e9rnek minden foglalkoz\u00e1sban.<\/p>\n\n\n\n<p>M\u00e9g a bel\u00e9p\u0151 szint\u0171 m\u0171szaki \u00e1ll\u00e1sok is jellemz\u0151en versenyk\u00e9pes fizet\u00e9st k\u00edn\u00e1lnak m\u00e1s ter\u00fcletekhez k\u00e9pest.<\/p>\n\n\n\n<p><strong>Indokl\u00e1s # 4 -<\/strong> V\u00e9g\u00fcl pedig a technol\u00f3giai \u00e1ll\u00e1sok tov\u00e1bbra is az \u00e9len j\u00e1rnak a <strong>munkahelyi rugalmass\u00e1g. <\/strong><\/p>\n\n\n\n<p>A t\u00e1vmunka \u00e9s a hibrid lehet\u0151s\u00e9gek tov\u00e1bbra is elterjedtebbek a technol\u00f3gia ter\u00fclet\u00e9n, mint a legt\u00f6bb m\u00e1s karrierter\u00fcleten, ami a technol\u00f3giai dolgoz\u00f3k sz\u00e1m\u00e1ra nagyobb kontrollt biztos\u00edt a munkak\u00f6rnyezet\u00fck felett, \u00e9s jobb egyens\u00falyt biztos\u00edt a munka \u00e9s a mag\u00e1n\u00e9let k\u00f6z\u00f6tt.<\/p>\n\n\n\n<h2 class=\"wp-block-heading\">Legkeresettebb technol\u00f3giai \u00e1ll\u00e1sok (fizet\u00e9sekkel \u00e9s n\u00f6veked\u00e9si r\u00e1t\u00e1val)<\/h2>\n\n\n\n<p>K\u00edv\u00e1ncsi vagy, mely technol\u00f3giai \u00e1ll\u00e1sok k\u00edn\u00e1lj\u00e1k most a legjobb lehet\u0151s\u00e9geket? <\/p>\n\n\n\n<p>\u00cdme a h\u00e9t legmen\u0151bb technol\u00f3giai p\u00e1lya a n\u00f6veked\u00e9si \u00fctem, a fizet\u00e9si lehet\u0151s\u00e9gek \u00e9s a felv\u00e9teli kereslet alapj\u00e1n:<\/p>\n\n\n\n<figure class=\"wp-block-image size-large\"><img loading=\"lazy\" decoding=\"async\" width=\"1024\" height=\"576\" src=\"https:\/\/undetectable.ai/blog\/wp-content\/uploads\/2025\/03\/most-In-Demand-Technology-Jobs-in-2025-1-1024x576.jpg\" alt=\"\" class=\"wp-image-7170\" title=\"\" srcset=\"https:\/\/undetectable.ai/blog\/wp-content\/uploads\/2025\/03\/most-In-Demand-Technology-Jobs-in-2025-1-1024x576.jpg 1024w, https:\/\/undetectable.ai/blog\/wp-content\/uploads\/2025\/03\/most-In-Demand-Technology-Jobs-in-2025-1-300x169.jpg 300w, https:\/\/undetectable.ai/blog\/wp-content\/uploads\/2025\/03\/most-In-Demand-Technology-Jobs-in-2025-1-768x432.jpg 768w, https:\/\/undetectable.ai/blog\/wp-content\/uploads\/2025\/03\/most-In-Demand-Technology-Jobs-in-2025-1-1536x864.jpg 1536w, https:\/\/undetectable.ai/blog\/wp-content\/uploads\/2025\/03\/most-In-Demand-Technology-Jobs-in-2025-1-18x10.jpg 18w, https:\/\/undetectable.ai/blog\/wp-content\/uploads\/2025\/03\/most-In-Demand-Technology-Jobs-in-2025-1.jpg 1600w\" sizes=\"auto, (max-width: 1024px) 100vw, 1024px\" \/><\/figure>\n\n\n\n<p>Ha olyan bel\u00e9p\u0151 szint\u0171 poz\u00edci\u00f3t keres, amely a leger\u0151sebb n\u00f6veked\u00e9si p\u00e1ly\u00e1t k\u00edn\u00e1lja, v\u00e1lassza a k\u00f6vetkez\u0151ket <strong>junior adatelemz\u0151k, felh\u0151-t\u00e1mogat\u00f3 szakemberek,<\/strong> \u00e9s <strong>M\u0171veleti intelligencia-m\u0171veleti technikusok.&nbsp;<\/strong><\/p>\n\n\n\n<p>Ezek a poz\u00edci\u00f3k gyakran kevesebb tapasztalatot ig\u00e9nyelnek, de \u00e9rt\u00e9kes ugr\u00f3deszk\u00e1t jelentenek a fent felsorolt, jobban fizet\u0151 poz\u00edci\u00f3khoz.<\/p>\n\n\n\n<h2 class=\"wp-block-heading\">Mely \u00e1gazatokban van a legt\u00f6bb technol\u00f3giai munkahely?<\/h2>\n\n\n\n<p>A technol\u00f3giai munkahelyek m\u00e1r nem csak a Szil\u00edcium-v\u00f6lgyben vannak. Val\u00f3j\u00e1ban a technol\u00f3giai szakemberek k\u00f6zel 55%-je ma m\u00e1r a hagyom\u00e1nyos technol\u00f3giai v\u00e1llalatokon k\u00edv\u00fcl dolgozik.<\/p>\n\n\n\n<p>Hol rejt\u0151znek ezek a munkahelyek? Bontsuk le:<\/p>\n\n\n\n<p><strong>1. P\u00e9nz\u00fcgyi szolg\u00e1ltat\u00e1sok<\/strong><\/p>\n\n\n\n<p>A bankok csendben a vil\u00e1g egyik legnagyobb technol\u00f3giai munkaad\u00f3j\u00e1v\u00e1 v\u00e1ltak. Ha valaha is haszn\u00e1lt\u00e1l egy <a href=\"https:\/\/www.scnsoft.com\/banking\/mobile-app-development\" data-type=\"link\" data-id=\"https:\/\/www.scnsoft.com\/banking\/mobile-app-development\" target=\"_blank\" rel=\"noopener\">mobil banki alkalmaz\u00e1s<\/a>, l\u00e1ttad ezt a v\u00e1ltoz\u00e1st a gyakorlatban.<\/p>\n\n\n\n<ul class=\"wp-block-list\">\n<li>A JPMorgan Chase t\u00f6bb szoftverfejleszt\u0151t foglalkoztat, mint sok nagy technol\u00f3giai c\u00e9g.<\/li>\n\n\n\n<li>A biztos\u00edt\u00f3t\u00e1rsas\u00e1gok, a fintech startupok \u00e9s a befektet\u00e9si c\u00e9gek agressz\u00edvan keresnek munkat\u00e1rsakat mesters\u00e9ges intelligencia, kock\u00e1zati modellez\u00e9s \u00e9s kiberbiztons\u00e1g ter\u00fclet\u00e9n.<\/li>\n<\/ul>\n\n\n\n<ul class=\"wp-block-list\">\n<li>Fizet\u00e9si platformok, csal\u00e1sfelismer\u0151 rendszerek \u00e9s automatiz\u00e1lt keresked\u00e9s? Mindet a technol\u00f3giai dolgoz\u00f3k \u00e9p\u00edtik.<\/li>\n<\/ul>\n\n\n\n<p><strong>2. Eg\u00e9szs\u00e9g\u00fcgy&nbsp;<\/strong><\/p>\n\n\n\n<p>A technol\u00f3gia teljesen \u00e1talak\u00edtja az eg\u00e9szs\u00e9g\u00fcgyet, \u00e9s a szakk\u00e9pzett munkaer\u0151 ir\u00e1nti kereslet az egekbe sz\u00f6kik.<\/p>\n\n\n\n<ul class=\"wp-block-list\">\n<li>Az elektronikus eg\u00e9szs\u00e9g\u00fcgyi nyilv\u00e1ntart\u00e1s, a mesters\u00e9ges intelligencia \u00e1ltal vez\u00e9relt diagnosztika \u00e9s a telemedicin\u00e1lis platformok csak a kezdet.<\/li>\n<\/ul>\n\n\n\n<ul class=\"wp-block-list\">\n<li>A vil\u00e1gj\u00e1rv\u00e1ny felgyors\u00edtotta a digit\u00e1lis eg\u00e9szs\u00e9g\u00fcgyi innov\u00e1ci\u00f3t, \u00e9s ez a lend\u00fclet nem lassult.<\/li>\n<\/ul>\n\n\n\n<ul class=\"wp-block-list\">\n<li>Az eg\u00e9szs\u00e9g\u00fcgyi v\u00e1llalatoknak olyan fejleszt\u0151kre, adattud\u00f3sokra \u00e9s kiberbiztons\u00e1gi szak\u00e9rt\u0151kre van sz\u00fcks\u00e9g\u00fck, akik meg\u00e9rtik az ipar\u00e1g egyedi kih\u00edv\u00e1sait.<\/li>\n<\/ul>\n\n\n\n<p><strong>3. Gy\u00e1rt\u00e1s<\/strong><\/p>\n\n\n\n<p>A modern gy\u00e1rt\u00e1s az automatiz\u00e1l\u00e1sr\u00f3l, a robotik\u00e1r\u00f3l \u00e9s az intelligens rendszerekr\u0151l sz\u00f3l.<\/p>\n\n\n\n<ul class=\"wp-block-list\">\n<li>Olyan v\u00e1llalatok, mint a GE, a Ford \u00e9s a 3M szoftverm\u00e9rn\u00f6k\u00f6ket \u00e9s adattud\u00f3sokat alkalmaznak az \"intelligens gy\u00e1rak\" m\u0171k\u00f6dtet\u00e9s\u00e9re.<\/li>\n<\/ul>\n\n\n\n<ul class=\"wp-block-list\">\n<li>Az IoT-\u00e9rz\u00e9kel\u0151k, az AI-vez\u00e9relt logisztika \u00e9s a digit\u00e1lis ikrek (a fizikai rendszerek virtu\u00e1lis m\u00e1solatai) forradalmas\u00edtj\u00e1k a termel\u00e9st.<\/li>\n<\/ul>\n\n\n\n<p><strong>4. Korm\u00e1nyzati \u00e9s k\u00f6zszf\u00e9ra<\/strong><\/p>\n\n\n\n<p>A korm\u00e1nyzati informatika kor\u00e1bban lass\u00fa \u00e9s elavult volt. Most m\u00e1r nem az.<\/p>\n\n\n\n<ul class=\"wp-block-list\">\n<li>Az olyan szervezetek, mint a U.S. Digital Service \u00e9s a 18F, kiv\u00e1l\u00f3 technol\u00f3giai tehets\u00e9geket alkalmaznak, hogy meghib\u00e1sodott rendszereket jav\u00edtsanak.<\/li>\n\n\n\n<li>A korm\u00e1nyzatban bet\u00f6lt\u00f6tt kiberbiztons\u00e1gi szerepek ir\u00e1nt \u00f3ri\u00e1si a kereslet, k\u00fcl\u00f6n\u00f6sen a n\u00f6vekv\u0151 digit\u00e1lis fenyeget\u00e9sek miatt.<\/li>\n<\/ul>\n\n\n\n<p>A k\u00e9rd\u00e9s teh\u00e1t az, hogy egy startup c\u00e9gn\u00e9l vagy egy nagyv\u00e1llalatn\u00e1l dolgozzon? Att\u00f3l f\u00fcgg, hogy mit akarsz:<\/p>\n\n\n\n<ul class=\"wp-block-list\">\n<li><strong>Startupok =<\/strong> Gyors temp\u00f3, nagyobb kock\u00e1zat, nagy t\u0151kejuttat\u00e1s lehet\u0151s\u00e9ge.<\/li>\n\n\n\n<li><strong>Nagyv\u00e1llalatok =<\/strong> Stabilit\u00e1s, juttat\u00e1sok \u00e9s struktur\u00e1lt karrier\u00e9p\u00edt\u00e9s.<\/li>\n<\/ul>\n\n\n\n<p>Sok technol\u00f3giai szakember v\u00e1ltogatja a k\u00e9t szakter\u00fcletet karrierje sor\u00e1n - mindkett\u0151 m\u00e1s-m\u00e1s tanul\u00e1si tapasztalatokat k\u00edn\u00e1l.<\/p>\n\n\n\n<p>Mindez az \u00d6n sz\u00e1m\u00e1ra egyszer\u0171: technikai k\u00e9pess\u00e9gei szinte b\u00e1rhov\u00e1 elvihetik.&nbsp;<\/p>\n\n\n\n<p>R\u00e9gen elm\u00faltak m\u00e1r azok az id\u0151k, amikor a technol\u00f3giai dolgoz\u00f3k csak a technol\u00f3giai c\u00e9gekn\u00e9l dolgoztak. <\/p>\n\n\n\n<p>A k\u00f3dol\u00e1si, adat- vagy kiberbiztons\u00e1gi ismereteid mostant\u00f3l gyakorlatilag b\u00e1rmelyik ipar\u00e1gba bel\u00e9p\u0151jegyet jelentenek, amelyik \u00e9rdekel.<\/p>\n\n\n\n<h2 class=\"wp-block-heading\">Hogyan szerezz\u00fcnk \u00e1ll\u00e1st a technol\u00f3gia ter\u00fclet\u00e9n<\/h2>\n\n\n\n<p>Felejtsd el azt az elk\u00e9pzel\u00e9st, hogy diplom\u00e1ra van sz\u00fcks\u00e9ged ahhoz, hogy bet\u00f6rj a technol\u00f3giai szakm\u00e1ba. <\/p>\n\n\n\n<p>Ak\u00e1r autodidakta, ak\u00e1r boot t\u00e1borban v\u00e9gzett, ak\u00e1r a hagyom\u00e1nyos \u00fatvonalat v\u00e1lasztja, van egy \u00fat az \u00d6n sz\u00e1m\u00e1ra.&nbsp;<\/p>\n\n\n\n<p>\u00cdgy szerezhetsz \u00e1ll\u00e1st a technol\u00f3gia ter\u00fclet\u00e9n.<\/p>\n\n\n\n<p><strong>1. V\u00e1lassza ki az utat<\/strong><\/p>\n\n\n\n<ul class=\"wp-block-list\">\n<li><strong>Diplom\u00e1val rendelkez\u0151k <\/strong>- Koncentr\u00e1ljon a szakmai gyakorlatokra, a kapcsolat\u00e9p\u00edt\u00e9sre \u00e9s a val\u00f3s tapasztalatok megszerz\u00e9s\u00e9re.<\/li>\n<\/ul>\n\n\n\n<ul class=\"wp-block-list\">\n<li><strong>Autodidakta <\/strong>- \u00c9p\u00edts projekteket, j\u00e1rulj hozz\u00e1 a ny\u00edlt forr\u00e1sk\u00f3d\u00fa programokhoz, \u00e9s vegy\u00e9l r\u00e9szt a gyakorlati munk\u00e1ban.<\/li>\n<\/ul>\n\n\n\n<ul class=\"wp-block-list\">\n<li><strong>Bootcamp v\u00e9gz\u0151s\u00f6k<\/strong> - Kiemelheti a gyakorlati k\u00e9szs\u00e9geket, egy\u00fcttm\u0171k\u00f6dhet a projektekben, \u00e9s bemutathatja probl\u00e9mamegold\u00f3 k\u00e9pess\u00e9g\u00e9t.<\/li>\n<\/ul>\n\n\n\n<p><strong>2. Er\u0151s \u00f6n\u00e9letrajz k\u00e9sz\u00edt\u00e9se<\/strong><\/p>\n\n\n\n<p>A felv\u00e9teli menedzserek m\u00e1sodpercek alatt \u00e1tn\u00e9zik az \u00f6n\u00e9letrajzokat, \u00edgy a mag\u00e1\u00e9 is kiugr\u00f3 kell, hogy legyen.&nbsp;<\/p>\n\n\n\n<p>A <a href=\"https:\/\/undetectable.ai\/resume-builder\" target=\"_blank\" rel=\"noreferrer noopener\">AI \u00f6n\u00e9letrajz-\u00e9p\u00edt\u0151<\/a> seg\u00edts\u00e9g\u00e9vel percek alatt elk\u00e9sz\u00edthet egy kiemelked\u0151 \u00f6n\u00e9letrajzot, \u00e9s biztos\u00edthatja, hogy a megfelel\u0151 k\u00e9szs\u00e9geket \u00e9s tapasztalatokat emelje ki.<\/p>\n\n\n\n<p>Ha mesters\u00e9ges intelligencia eszk\u00f6z\u00f6ket haszn\u00e1l \u00f6n\u00e9letrajz\u00e1nak vagy k\u00eds\u00e9r\u0151level\u00e9nek elk\u00e9sz\u00edt\u00e9s\u00e9hez, fontolja meg a hangnem finom\u00edt\u00e1s\u00e1t a k\u00f6vetkez\u0151 eszk\u00f6z\u00f6kkel <a href=\"https:\/\/undetectable.ai\/ai-humanizer\" target=\"_blank\" rel=\"noreferrer noopener\">Humaniz\u00e1lja az AI-t<\/a>. <\/p>\n\n\n\n<p>A robotikus vagy t\u00fals\u00e1gosan \u00e1ltal\u00e1nos nyelvezetet vil\u00e1gos, term\u00e9szetes megfogalmaz\u00e1ss\u00e1 alak\u00edtja, amely ink\u00e1bb \u00d6nre vall - jav\u00edtja az elk\u00f6telezetts\u00e9get, mik\u00f6zben meg\u0151rzi a professzionalizmust.<\/p>\n\n\n\n<p>Egy csiszolt, emberi hangz\u00e1s\u00fa p\u00e1ly\u00e1zat er\u0151sebb benyom\u00e1st kelthet a felv\u00e9teli menedzserekn\u00e9l.<\/p>\n\n\n\n<figure class=\"wp-block-image size-full\"><img loading=\"lazy\" decoding=\"async\" width=\"869\" height=\"459\" src=\"https:\/\/undetectable.ai/blog\/wp-content\/uploads\/2025\/02\/resume-builder.jpg\" alt=\"\u00d6n\u00e9letrajz-\u00e9p\u00edt\u0151\" class=\"wp-image-6388\" title=\"\" srcset=\"https:\/\/undetectable.ai/blog\/wp-content\/uploads\/2025\/02\/resume-builder.jpg 869w, https:\/\/undetectable.ai/blog\/wp-content\/uploads\/2025\/02\/resume-builder-300x158.jpg 300w, https:\/\/undetectable.ai/blog\/wp-content\/uploads\/2025\/02\/resume-builder-768x406.jpg 768w, https:\/\/undetectable.ai/blog\/wp-content\/uploads\/2025\/02\/resume-builder-18x10.jpg 18w\" sizes=\"auto, (max-width: 869px) 100vw, 869px\" \/><\/figure>\n\n\n\n<p><strong>3. Portf\u00f3li\u00f3 \u00e9p\u00edt\u00e9se<\/strong><\/p>\n\n\n\n<p>A portf\u00f3li\u00f3 olyan, mintha bizony\u00edtan\u00e1d a k\u00e9pess\u00e9geidet. Tartalmazza:<br>\u2714\ufe0f Szem\u00e9lyes projektek<br>\u2714\ufe0f Ny\u00edlt forr\u00e1sk\u00f3d\u00fa hozz\u00e1j\u00e1rul\u00e1sok<br>\u2714\ufe0f Esettanulm\u00e1nyok az \u00d6n \u00e1ltal megoldott probl\u00e9m\u00e1kr\u00f3l<\/p>\n\n\n\n<p><strong>4. Alkalmazz okosabban, ne kem\u00e9nyebben<\/strong><\/p>\n\n\n\n<p>Ahelyett, hogy \u00f3r\u00e1kat t\u00f6ltene k\u00e9zzel, haszn\u00e1lja a mi <a href=\"https:\/\/undetectable.ai\/smart-applier\" target=\"_blank\" data-type=\"link\" data-id=\"https:\/\/undetectable.ai\/smart-applier\" rel=\"noreferrer noopener\">Smart Applier<\/a> a folyamat felgyors\u00edt\u00e1sa \u00e9rdek\u00e9ben.&nbsp;<\/p>\n\n\n\n<p>Megkeresi az \u00d6n k\u00e9pess\u00e9geinek legmegfelel\u0151bb \u00e1ll\u00e1sokat, \u00e9s beny\u00fajtja a jelentkez\u00e9seket az \u00d6n helyett.<\/p>\n\n\n\n<p>T\u00f6bb jelentkez\u00e9s = t\u00f6bb es\u00e9ly az interj\u00fakra.<\/p>\n\n\n\n<p><strong>5. Teszteld a k\u00e9pess\u00e9geidet<\/strong>Miel\u0151tt jelentkezik, v\u00e9gezzen el egy k\u00e9szs\u00e9gfelm\u00e9r\u00e9st, hogy tudja, hol tart. Az olyan oldalak, mint <a href=\"https:\/\/leetcode.com\/\" target=\"_blank\" rel=\"noreferrer noopener\">LeetCode<\/a>, <a href=\"https:\/\/www.hackerrank.com\/\" target=\"_blank\" rel=\"noreferrer noopener\">HackerRank<\/a>, \u00e9s <a href=\"https:\/\/www.coursera.org\/\" target=\"_blank\" rel=\"noreferrer noopener\">Coursera<\/a> nagyszer\u0171 gyakorlatot k\u00edn\u00e1lnak.<\/p>\n\n\n\n<p>Ne felejtsd el felfedezni az AI Detector \u00e9s Humanizer programunkat az al\u00e1bbi widgetben!<\/p>\n\n\n\n<div id=\"uai-widget\" data-affiliate-link=\"https:\/\/undetectable.ai\/?_by=hi4km\"><script>var js = document.createElement(\"script\");js.async = true;js.src = \"https:\/\/widget.undetectable.ai\/js\/widget-loader.js?t=\"+Date.now();document.getElementsByTagName(\"head\")[0].appendChild(js);<\/script><\/div>\n\n\n\n<h2 class=\"wp-block-heading\">GYIK a Tech Job el\u00e9rhet\u0151s\u00e9g\u00e9r\u0151l<\/h2>\n\n\n<div id=\"rank-math-faq\" class=\"rank-math-block\">\n<div class=\"rank-math-list\">\n<div id=\"faq-question-1742914727963\" class=\"rank-math-list-item\">\n<h3 class=\"rank-math-question\">H\u00e1ny munkahely \u00e1ll rendelkez\u00e9sre a technol\u00f3gia ter\u00fclet\u00e9n?<\/h3>\n<div class=\"rank-math-answer\">\n\n<p>2025 elej\u00e9t\u0151l az amerikai munkaer\u0151piac nagyj\u00e1b\u00f3l <strong>211,000 nyitott poz\u00edci\u00f3<\/strong> a technol\u00f3gia ter\u00fclet\u00e9n, a <strong>667 000 \u00faj technol\u00f3giai munkahely<\/strong> 2030-ra v\u00e1rhat\u00f3.<\/p>\n\n<\/div>\n<\/div>\n<div id=\"faq-question-1742914744157\" class=\"rank-math-list-item\">\n<h3 class=\"rank-math-question\">Melyek a leggyorsabban n\u00f6vekv\u0151 technol\u00f3giai \u00e1ll\u00e1sok?<\/h3>\n<div class=\"rank-math-answer\">\n\n<p>AI Specialists\/ML Engineers(35%) \u00e9vente, Cybersecurity Analysts(33%), Cloud Infrastructure Engineers (25%), Data Scientists (22%) \u00e9s DevOps Engineers (21%).<\/p>\n\n<\/div>\n<\/div>\n<div id=\"faq-question-1742914754131\" class=\"rank-math-list-item\">\n<h3 class=\"rank-math-question\">Sz\u00fcks\u00e9ged van diplom\u00e1ra egy j\u00f3l fizet\u0151 m\u0171szaki \u00e1ll\u00e1shoz?<\/h3>\n<div class=\"rank-math-answer\">\n\n<p>Nem igaz\u00e1n. A vezet\u0151 v\u00e1llalatok a k\u00e9szs\u00e9geket helyezik el\u0151t\u00e9rbe a diplom\u00e1val szemben. A fejlett mesters\u00e9ges intelligencia, a biztons\u00e1g \u00e9s a kutat\u00e1s ter\u00fclet\u00e9n azonban gyakran van sz\u00fcks\u00e9g diplom\u00e1ra.<\/p>\n\n<\/div>\n<\/div>\n<div id=\"faq-question-1742914764118\" class=\"rank-math-list-item\">\n<h3 class=\"rank-math-question\">Milyen technol\u00f3giai \u00e1ll\u00e1sok fizetnek a legt\u00f6bbet?<\/h3>\n<div class=\"rank-math-answer\">\n\n<p>CTO-k ($185K-$300K+), AI\/ML kutat\u00f3k ($150K-$250K), Cloud Architects ($140K-$200K), Cybersecurity Directors ($135K-$190K) \u00e9s Data Science Managers ($130K-$180K).<\/p>\n\n<\/div>\n<\/div>\n<\/div>\n<\/div>\n\n\n<h2 class=\"wp-block-heading\">K\u00f6vetkeztet\u00e9s<\/h2>\n\n\n\n<p>Sz\u00f3val, m\u00e9g mindig agg\u00f3dsz az elbocs\u00e1t\u00e1si szalagc\u00edmek miatt?<\/p>\n\n\n\n<p>L\u00e9pj\u00fcnk egy l\u00e9p\u00e9st h\u00e1tra. 211.000 nyitott \u00e1ll\u00e1shely. A technol\u00f3giai munkan\u00e9lk\u00fclis\u00e9g mind\u00f6ssze 2,6%. <\/p>\n\n\n\n<p>Ez t\u00e9nyleg \u00fagy hangzik, mint egy hanyatl\u00f3ban l\u00e9v\u0151 ipar\u00e1g?<\/p>\n\n\n\n<p>Mi van, ha ahelyett, hogy zsugorodna, a technol\u00f3gia val\u00f3j\u00e1ban a k\u00f6vetkez\u0151 nagy hull\u00e1mra k\u00e9sz\u00fcl?<\/p>\n\n\n\n<p>Mi van akkor, ha most - mik\u00f6zben a c\u00edmlapok elbocs\u00e1t\u00e1sokr\u00f3l sz\u00f3lnak - lemaradsz egy olyan ter\u00fcletr\u0151l, amely a k\u00f6vetkez\u0151 \u00e9vtizedben egymilli\u00f3 \u00faj munkahelyet fog teremteni?<\/p>\n\n\n\n<p>A legjobb lehet\u0151s\u00e9gek n\u00e9melyik\u00e9hez m\u00e9g csak nem is kell d\u00edszes diploma.<\/p>\n\n\n\n<p>Gondolj vissza. Valaha az emberek \u00fagy gondolt\u00e1k, hogy a sz\u00e1m\u00edt\u00f3g\u00e9pek sz\u00e9p hobbi. Hogy az okostelefonokra sz\u00fcks\u00e9g van. <\/p>\n\n\n\n<p>Hogy a k\u00f6z\u00f6ss\u00e9gi m\u00e9dia csak egy h\u00f3bort. A technol\u00f3gia nem \u00e1ll meg. Fejl\u0151dik. Terjeszkedik. \u00daj utakat tal\u00e1l, hogy meglepjen minket.<\/p>\n\n\n\n<p>Teh\u00e1t tal\u00e1n nem is az az igazi k\u00e9rd\u00e9s, hogy \"Van-e el\u00e9g technol\u00f3giai munkahely\", hanem ink\u00e1bb az, hogy \"<a href=\"https:\/\/your.yale.edu\/work-yale\/learn-and-grow\/career-development\/career-assessment-tools\" target=\"_blank\" rel=\"noreferrer noopener\">Melyik technol\u00f3giai \u00fat a megfelel\u0151 sz\u00e1momra?<\/a>\"&nbsp;<\/p>\n\n\n\n<p>Egy dolog vil\u00e1gos: a Tech nem megy sehov\u00e1.&nbsp;<\/p>\n\n\n\n<p>Emberekre van sz\u00fcks\u00e9ge. Sz\u00fcks\u00e9ge van \u00d6n\u00f6kre.<\/p>","protected":false},"excerpt":{"rendered":"","protected":false},"author":15,"featured_media":7172,"comment_status":"closed","ping_status":"closed","sticky":false,"template":"","format":"standard","meta":{"_themeisle_gutenberg_block_has_review":false,"footnotes":""},"categories":[31],"tags":[],"class_list":["post-7162","post","type-post","status-publish","format-standard","has-post-thumbnail","hentry","category-helpful-ai-content-tips"],"_links":{"self":[{"href":"https:\/\/undetectable.ai/blog\/hu\/wp-json\/wp\/v2\/posts\/7162","targetHints":{"allow":["GET"]}}],"collection":[{"href":"https:\/\/undetectable.ai/blog\/hu\/wp-json\/wp\/v2\/posts"}],"about":[{"href":"https:\/\/undetectable.ai/blog\/hu\/wp-json\/wp\/v2\/types\/post"}],"author":[{"embeddable":true,"href":"https:\/\/undetectable.ai/blog\/hu\/wp-json\/wp\/v2\/users\/15"}],"replies":[{"embeddable":true,"href":"https:\/\/undetectable.ai/blog\/hu\/wp-json\/wp\/v2\/comments?post=7162"}],"version-history":[{"count":15,"href":"https:\/\/undetectable.ai/blog\/hu\/wp-json\/wp\/v2\/posts\/7162\/revisions"}],"predecessor-version":[{"id":11560,"href":"https:\/\/undetectable.ai/blog\/hu\/wp-json\/wp\/v2\/posts\/7162\/revisions\/11560"}],"wp:featuredmedia":[{"embeddable":true,"href":"https:\/\/undetectable.ai/blog\/hu\/wp-json\/wp\/v2\/media\/7172"}],"wp:attachment":[{"href":"https:\/\/undetectable.ai/blog\/hu\/wp-json\/wp\/v2\/media?parent=7162"}],"wp:term":[{"taxonomy":"category","embeddable":true,"href":"https:\/\/undetectable.ai/blog\/hu\/wp-json\/wp\/v2\/categories?post=7162"},{"taxonomy":"post_tag","embeddable":true,"href":"https:\/\/undetectable.ai/blog\/hu\/wp-json\/wp\/v2\/tags?post=7162"}],"curies":[{"name":"wp","href":"https:\/\/api.w.org\/{rel}","templated":true}]}}