{"id":7175,"date":"2025-03-25T15:16:00","date_gmt":"2025-03-25T15:16:00","guid":{"rendered":"https:\/\/undetectable.ai/blog\/?p=7175"},"modified":"2025-03-28T16:34:00","modified_gmt":"2025-03-28T16:34:00","slug":"kerdo-mondat","status":"publish","type":"post","link":"https:\/\/undetectable.ai/blog\/hu\/kerdo-mondat","title":{"rendered":"K\u00e9rd\u0151 mondatok: K\u00e9rd\u0151mondatok: Meghat\u00e1roz\u00e1s, t\u00edpusok \u00e9s p\u00e9ld\u00e1k"},"content":{"rendered":"<p>A k\u00e9rd\u0151 mondatoknak seg\u00edteni\u00fck kell abban, hogy v\u00e1laszokat kapjunk. <\/p>\n\n\n\n<p>De ha azt k\u00e9rdezed, hogy \"Mit jelent ez?\", ahelyett, hogy \"Mit jelent ez?\", akkor egyszer\u0171en csak \u00e9rtetlenked\u0151 tekinteteket kapsz helyette!&nbsp;<\/p>\n\n\n\n<p>Sokan, bele\u00e9rtve az angol anyanyelv\u0171eket \u00e9s \u00edr\u00f3kat is, n\u00e9ha nem tudnak helyes k\u00e9rd\u00e9seket megfogalmazni. Az angol nyelv v\u00e9g\u00fcl is tr\u00fckk\u00f6s tud lenni.&nbsp;<\/p>\n\n\n\n<p>\u00dagy \u00e9rtem, hogy \"Hov\u00e1 m\u00e9sz?\" vagy \"Hov\u00e1 m\u00e9sz?\".&nbsp;<\/p>\n\n\n\n<p>Mindig sz\u00fcks\u00e9g van seg\u00edt\u0151 ig\u00e9re?<\/p>\n\n\n\n<p>\u00c9s mi\u00e9rt hangzanak egyes k\u00e9rd\u00e9sek k\u00ednosan, m\u00e9g akkor is, ha helyesnek t\u0171nnek?<\/p>\n\n\n\n<p>A j\u00f3 h\u00edr? A k\u00e9rd\u0151 mondatok m\u0171k\u00f6d\u00e9s\u00e9nek meg\u00e9rt\u00e9se seg\u00edthet b\u00facs\u00fat inteni ezeknek a zavaroknak. <\/p>\n\n\n\n<p>Ebben a blogban r\u00e9szletezz\u00fck, hogy mi a k\u00e9rd\u0151 mondat (vagy mi a k\u00e9rd\u0151 mondat), milyen t\u00edpusai vannak, \u00e9s n\u00e9h\u00e1ny tippet adunk a gyakori buktat\u00f3k elker\u00fcl\u00e9s\u00e9re!<\/p>\n\n\n\n<h2 class=\"wp-block-heading\">Mi az a k\u00e9rd\u0151 mondat?<\/h2>\n\n\n\n<p>A k\u00e9rd\u0151 mondat alapvet\u0151en csak a \"k\u00e9rd\u00e9s\" kifejez\u00e9s d\u00edszes megfogalmaz\u00e1sa. <\/p>\n\n\n\n<p>Ezek a mondatok seg\u00edtenek inform\u00e1ci\u00f3t gy\u0171jteni, tiszt\u00e1zni a zavart, vagy n\u00e9ha csak k\u00ednos cseveg\u00e9st folytatni.&nbsp;<\/p>\n\n\n\n<p>N\u00e9ha ezek a mondatok a k\u00edv\u00e1ncsis\u00e1g szok\u00e1sos gyan\u00fas\u00edtottjaival kezd\u0151dnek, azaz olyan szavakkal, mint a ki, mi, hol, mikor, mi\u00e9rt vagy hogyan.&nbsp;<\/p>\n\n\n\n<p>M\u00e1skor olyan seg\u00edt\u0151 ig\u00e9kre t\u00e1maszkodnak, mint a do, does, vagy is, hogy megalkoss\u00e1k a <a href=\"https:\/\/www.formaloo.com\/blog\/everything-you-need-to-know-about-yes-or-no-questions-in-surveys\" target=\"_blank\" rel=\"noreferrer noopener\">igen\/nem k\u00e9rd\u00e9sek<\/a>. <\/p>\n\n\n\n<p>De nem sz\u00e1m\u00edt, hogyan kezd\u0151dnek, mindegyik ugyan\u00fagy v\u00e9gz\u0151dik - egy k\u00e9rd\u0151jellel!<\/p>\n\n\n\n<h3 class=\"wp-block-heading\">Hogyan k\u00fcl\u00f6nb\u00f6znek a k\u00e9rd\u0151 mondatok m\u00e1s mondatt\u00edpusokt\u00f3l?<\/h3>\n\n\n\n<p>Az \u00f6sszes t\u00f6bbi mondatt\u00edpus k\u00f6z\u00fcl a k\u00e9rd\u0151 mondatot a legk\u00f6nnyebb azonos\u00edtani. <\/p>\n\n\n\n<p>Mi\u00e9rt? Mert mindig k\u00e9rd\u0151jellel v\u00e9gz\u0151dik.&nbsp;<\/p>\n\n\n\n<p>Ezek a mondatt\u00edpusok inform\u00e1ci\u00f3szerz\u00e9sre, r\u00e9szletek meger\u0151s\u00edt\u00e9s\u00e9re vagy d\u00f6nt\u00e9sek meghozatal\u00e1ra is szolg\u00e1lnak. <\/p>\n\n\n\n<p>A kijelent\u0151 mondatok p\u00e9ld\u00e1ul kijelent\u00e9seket tesznek, a felsz\u00f3l\u00edt\u00f3 mondatok parancsokat adnak, a felki\u00e1lt\u00f3 mondatok pedig er\u0151s \u00e9rzelmeket fejeznek ki.<\/p>\n\n\n\n<p>De egy k\u00e9rd\u0151 mondattal? <\/p>\n\n\n\n<p>Mindig sz\u00e1m\u00edthatsz v\u00e1laszra (hacsak nem egy <a href=\"https:\/\/en.wikipedia.org\/wiki\/Rhetorical_question\" target=\"_blank\" rel=\"noreferrer noopener\">k\u00f6lt\u0151i k\u00e9rd\u00e9s<\/a>)!<\/p>\n\n\n\n<h2 class=\"wp-block-heading\">A k\u00e9rd\u0151 mondatok t\u00edpusai (p\u00e9ld\u00e1kkal)<\/h2>\n\n\n\n<p>A k\u00e9rd\u0151 mondatokat egyedi szerkezet\u00fck miatt k\u00f6nnyen fel lehet ismerni.&nbsp;<\/p>\n\n\n\n<p>Legt\u00f6bbsz\u00f6r egy k\u00e9rd\u0151sz\u00f3val (p\u00e9ld\u00e1ul ki, mit, hol, mikor, mi\u00e9rt vagy hogyan) vagy egy seg\u00e9dig\u00e9vel (do, does, is stb.) kezd\u0151dnek. <\/p>\n\n\n\n<p>Ezut\u00e1n k\u00f6vetkezik az alany, majd a f\u0151ige.<\/p>\n\n\n\n<p>Vegy\u00fck ezt a k\u00e9rd\u00e9st k\u00e9rd\u0151 mondat p\u00e9ld\u00e1jak\u00e9nt: \"Hol lakik?\"<\/p>\n\n\n\n<ul class=\"wp-block-list\">\n<li><strong>Hol<\/strong> a k\u00e9rd\u00e9ses sz\u00f3<\/li>\n\n\n\n<li><strong>does<\/strong> a seg\u00edt\u0151 ige<\/li>\n\n\n\n<li><strong>\u0151<\/strong> az alany&nbsp;<\/li>\n\n\n\n<li><strong>\u00e9l\u0151<\/strong> a f\u0151 ige<\/li>\n<\/ul>\n\n\n\n<p>Ez a sorrend egy\u00e9rtelm\u0171v\u00e9 teszi, hogy ez egy k\u00e9rd\u00e9s.<\/p>\n\n\n\n<p>Azonban nem minden k\u00e9rd\u00e9s tartja mag\u00e1t ehhez a form\u00e1tumhoz.&nbsp;<\/p>\n\n\n\n<p>Az alkalmi besz\u00e9lget\u00e9sekben n\u00e9ha a t\u00e9ma az els\u0151. <\/p>\n\n\n\n<p>P\u00e9ld\u00e1ul: \"Mikor m\u00e9sz el?\" Tess\u00e9k, <strong>Te<\/strong> a t\u00e9ma, <strong>a<\/strong> a t\u00e1voz\u00e1s az ige, \u00e9s <strong>amikor<\/strong> a k\u00e9rd\u00e9ses sz\u00f3 a v\u00e9g\u00e9n.<\/p>\n\n\n\n<p>A szerkezetek k\u00f6z\u00f6tti k\u00fcl\u00f6nbs\u00e9gek ismerete seg\u00edt abban, hogy helyes k\u00e9rd\u0151 mondatokat alkosson. \u00cdme n\u00e9h\u00e1ny gyakori t\u00edpus:<\/p>\n\n\n\n<h3 class=\"wp-block-heading\">Igen\/Nem k\u00e9rd\u00e9sek<\/h3>\n\n\n\n<p>V\u00e1laszolj ezekre a k\u00e9rd\u00e9sekre a fejedben:&nbsp;<\/p>\n\n\n\n<ul class=\"wp-block-list\">\n<li>Szeretsz a h\u00f3ban j\u00e1tszani?<\/li>\n\n\n\n<li>A piros a kedvenc sz\u00edne?<\/li>\n<\/ul>\n\n\n\n<p>Mindk\u00e9t k\u00e9rd\u00e9sre egyszavas v\u00e1laszt kellett adni.&nbsp;<\/p>\n\n\n\n<p>Vagy igent vagy nemet mondt\u00e1l az egyikre, vagy mindkett\u0151re. \u00cdgy m\u0171k\u00f6dnek az igen\/nem k\u00e9rd\u00e9sek. <\/p>\n\n\n\n<p>El\u00e9g egyszer\u0171, igaz? Val\u00f3j\u00e1ban az igen\/nem k\u00e9rd\u00e9sek a legegyszer\u0171bb k\u00e9rd\u0151 mondatok.<\/p>\n\n\n\n<h3 class=\"wp-block-heading\">Wh- k\u00e9rd\u00e9sek (inform\u00e1ci\u00f3s k\u00e9rd\u00e9sek)<\/h3>\n\n\n\n<p>Az igen\/nem k\u00e9rd\u00e9sekkel ellent\u00e9tben a wh- k\u00e9rd\u00e9sek konkr\u00e9tabb v\u00e1laszokat k\u00f6vetelnek meg. C\u00e9ljuk az inform\u00e1ci\u00f3gy\u0171jt\u00e9s.&nbsp;<\/p>\n\n\n\n<p>A \"hogyan\", \"mi\", \"mikor\", \"hol\", \"mi\u00e9rt\" \u00e9s \"ki\" k\u00e9rd\u00e9sekkel kezd\u0151dnek.<\/p>\n\n\n\n<p>A szeml\u00e9ltet\u00e9s \u00e9rdek\u00e9ben m\u00f3dos\u00edtsuk az igen\/nem k\u00e9rd\u00e9sek magyar\u00e1zat\u00e1hoz haszn\u00e1lt p\u00e9ldak\u00e9rd\u00e9seket:<\/p>\n\n\n\n<p>A \"Szeretsz a h\u00f3ban j\u00e1tszani?\" k\u00e9rd\u00e9sre a \"Mi\u00e9rt szeretsz a h\u00f3ban j\u00e1tszani?\" k\u00e9rd\u00e9s lehetne a \"Mi\u00e9rt szeretsz a h\u00f3ban j\u00e1tszani?\".<\/p>\n\n\n\n<p>Hasonl\u00f3k\u00e9ppen, a \"A piros a kedvenc sz\u00edne?\" k\u00e9rd\u00e9st \"Mi a kedvenc sz\u00edne?\" k\u00e9rd\u00e9ss\u00e9 alak\u00edthatjuk \u00e1t, hogy wh-k\u00e9rd\u00e9ss\u00e9 v\u00e1ljon.<\/p>\n\n\n\n<h3 class=\"wp-block-heading\">V\u00e1laszt\u00e1si k\u00e9rd\u00e9sek<\/h3>\n\n\n\n<p>Az ilyen t\u00edpus\u00fa k\u00e9rd\u00e9sek v\u00e1laszt\u00e1si lehet\u0151s\u00e9get adnak a hallgat\u00f3nak. Ahelyett, hogy \u00e1ltal\u00e1nos inform\u00e1ci\u00f3kat k\u00e9rdezn\u00e9nek, arra \u00f6sszpontos\u00edtanak, hogy k\u00e9t vagy t\u00f6bb lehet\u0151s\u00e9g k\u00f6z\u00fcl v\u00e1lasszon ki egyet.&nbsp;<\/p>\n\n\n\n<p>Ezek gyakran tartalmaznak olyan szavakat, mint \"melyik\", \"melyik lehet\u0151s\u00e9g\" vagy \"melyik opci\u00f3t v\u00e1lasztan\u00e1\".<\/p>\n\n\n\n<p>P\u00e9ld\u00e1ul:<\/p>\n\n\n\n<ul class=\"wp-block-list\">\n<li>Melyik k\u00f6nyvet szeretn\u00e9d elolvasni - sz\u00e9pirodalmat vagy nem sz\u00e9pirodalmat?&nbsp;<\/li>\n\n\n\n<li>Ink\u00e1bb elmenn\u00e9l vacsor\u00e1zni, vagy ink\u00e1bb rendeln\u00e9l valamit?&nbsp;<\/li>\n\n\n\n<li>Melyik sz\u00edn tetszik jobban - a k\u00e9k vagy a z\u00f6ld?<\/li>\n<\/ul>\n\n\n\n<h3 class=\"wp-block-heading\">C\u00edmkek\u00e9rd\u00e9sek<\/h3>\n\n\n\n<p>Most, hogy m\u00e1r tudod, mi az a k\u00e9rd\u0151 mondat, m\u00e1r nem is t\u0171nik olyan bonyolultnak a megalkot\u00e1sa, ugye?<\/p>\n\n\n\n<p>L\u00e1tod, mit csin\u00e1ltam? Ez egy c\u00edmke k\u00e9rd\u00e9s. Az ilyen t\u00edpus\u00fa k\u00e9rd\u0151 mondat nem k\u00f6vetel magyar\u00e1zatot vagy v\u00e1laszt. <\/p>\n\n\n\n<p>Ehelyett meger\u0151s\u00edt\u00e9sre, \u00e9rv\u00e9nyes\u00edt\u00e9sre vagy egyet\u00e9rt\u00e9sre t\u00f6rekszik.&nbsp;<\/p>\n\n\n\n<p>A c\u00edmke a v\u00e9g\u00e9n lehet pozit\u00edv \u00e9s negat\u00edv is. P\u00e9ld\u00e1ul:<\/p>\n\n\n\n<ul class=\"wp-block-list\">\n<li>Nem szeretsz \u00faszni, ugye?<\/li>\n\n\n\n<li>J\u00f3l \u00e9rezted magad, ugye?<\/li>\n\n\n\n<li>Meleg van ma, ugye?<\/li>\n\n\n\n<li>Menj\u00fcnk, rendben?<\/li>\n<\/ul>\n\n\n\n<h3 class=\"wp-block-heading\">Retorikai k\u00e9rd\u00e9sek<\/h3>\n\n\n\n<p>A retorikai k\u00e9rd\u0151 mondat, vagy egyszer\u0171en csak retorikai k\u00e9rd\u00e9s nem arra szolg\u00e1l, hogy t\u00e9nyleges v\u00e1laszt kapjon. <\/p>\n\n\n\n<p>Ehelyett ink\u00e1bb arra haszn\u00e1lj\u00e1k, hogy kifejezzenek valamit, vagy hangs\u00falyozzanak egy gondolatot. Ink\u00e1bb olyan, mint egy k\u00e9rd\u00e9s, amely \u00f6nmag\u00e1ra v\u00e1laszol.<\/p>\n\n\n\n<p>Az ilyen k\u00e9rd\u00e9sek er\u0151teljes besz\u00e9dm\u00f3dok, amelyeket \u00edr\u00e1sban, besz\u00e9dekben \u00e9s mindennapi besz\u00e9lget\u00e9sekben meggy\u0151z\u0151 hat\u00e1sra haszn\u00e1lnak. <\/p>\n\n\n\n<p>A v\u00e1lasz \u00e1ltal\u00e1ban annyira nyilv\u00e1nval\u00f3, hogy nincs sz\u00fcks\u00e9g v\u00e1laszra.<\/p>\n\n\n\n<p>P\u00e9ld\u00e1ul:<\/p>\n\n\n\n<ul class=\"wp-block-list\">\n<li>Viccelsz velem?<\/li>\n\n\n\n<li>Ki ne szeretn\u00e9 a j\u00f3 t\u00f6rt\u00e9neteket?<\/li>\n\n\n\n<li>H\u00e1t nem tele van az \u00e9let meglepet\u00e9sekkel?<\/li>\n<\/ul>\n\n\n\n<h2 class=\"wp-block-heading\">K\u00e9rd\u0151 mondatok vs. m\u00e1s mondatt\u00edpusok<\/h2>\n\n\n\n<p>B\u00e1r term\u00e9szetesen az angolban - vagy b\u00e1rmely m\u00e1s nyelven - v\u00e9gtelen sz\u00e1m\u00fa mondatot lehet alkotni, minden mondat n\u00e9gy f\u0151 kateg\u00f3ri\u00e1ba sorolhat\u00f3. <\/p>\n\n\n\n<p>A k\u00e9rd\u0151sz\u00f3 mellett van:<\/p>\n\n\n\n<h3 class=\"wp-block-heading\">Deklarat\u00edv<\/h3>\n\n\n\n<p>A kijelent\u0151 mondat a k\u00e9rd\u0151 mondat ellent\u00e9te.&nbsp;<\/p>\n\n\n\n<p>Magyar\u00e1zatot ad, v\u00e9lem\u00e9nyt nyilv\u00e1n\u00edt, vagy t\u00e9nyt k\u00f6z\u00f6l. A k\u00e9rd\u0151 mondatokkal ellent\u00e9tben ezek a mondatok ponttal v\u00e9gz\u0151dnek.<\/p>\n\n\n\n<h3 class=\"wp-block-heading\">Imperat\u00edv<\/h3>\n\n\n\n<p>A felsz\u00f3l\u00edt\u00f3 mondatok parancsok vagy utas\u00edt\u00e1sok. Akkor haszn\u00e1ljuk \u0151ket, amikor megmondjuk valakinek, hogy mit tegyen.&nbsp;<\/p>\n\n\n\n<p>\u00c1ltal\u00e1ban ezek a mondatok is ponttal v\u00e9gz\u0151dnek, de bizonyos esetekben felki\u00e1lt\u00f3jellel is v\u00e9gz\u0151dhetnek.<\/p>\n\n\n\n<h3 class=\"wp-block-heading\">Felki\u00e1lt\u00f3jel<\/h3>\n\n\n\n<p>Ahogy a k\u00e9rd\u0151 mondat mindig k\u00e9rd\u0151jellel z\u00e1rul, \u00fagy a felki\u00e1lt\u00f3 mondat is felki\u00e1lt\u00f3jellel v\u00e9gz\u0151dik.<\/p>\n\n\n\n<p>Ezek a mondatok er\u0151s \u00e9rzelmeket k\u00f6zvet\u00edtenek, bele\u00e9rtve az izgalmat, a meglepet\u00e9st \u00e9s a s\u00fcrg\u0151ss\u00e9get. Ezek a mondatok gyakoriak az \u00fcdv\u00f6zl\u00e9sekben \u00e9s a figyelmeztet\u00e9sekben.<\/p>\n\n\n\n<p>Az al\u00e1bbi t\u00e1bl\u00e1zat ezeket a k\u00fcl\u00f6nbs\u00e9geket foglalja \u00f6ssze az \u00d6n sz\u00e1m\u00e1ra:<\/p>\n\n\n\n<figure class=\"wp-block-table\"><table class=\"has-fixed-layout\"><tbody><tr><td><strong>A mondat t\u00edpusa<\/strong><\/td><td><strong>C\u00e9l<\/strong><\/td><td><strong>V\u00e9get \u00e9r a<\/strong><\/td><\/tr><tr><td>K\u00e9rd\u0151sz\u00f3<\/td><td>Megk\u00e9rdezni<\/td><td><strong>?<\/strong><\/td><\/tr><tr><td>Deklarat\u00edv<\/td><td>Megmagyar\u00e1zni<\/td><td><strong>.<\/strong><\/td><\/tr><tr><td>Imperat\u00edv<\/td><td>Parancsolni<\/td><td>Vagy '<strong>.<\/strong>' vagy '<strong>?<\/strong>'<\/td><\/tr><tr><td>Felki\u00e1lt\u00f3jel<\/td><td>Kifejezni<\/td><td><strong>!<\/strong><\/td><\/tr><\/tbody><\/table><\/figure>\n\n\n\n<h2 class=\"wp-block-heading\">Hogyan alak\u00edtsuk helyesen a k\u00e9rd\u0151 mondatokat?<\/h2>\n\n\n\n<p>Miut\u00e1n elolvasta a fenti k\u00fcl\u00f6nb\u00f6z\u0151 k\u00e9rd\u0151 mondatp\u00e9ld\u00e1kat, tal\u00e1n elgondolkodott azon, hogyan kell helyesen megform\u00e1lni \u0151ket.&nbsp;<\/p>\n\n\n\n<p>Nos, ez nem rak\u00e9tatudom\u00e1ny. Csak n\u00e9h\u00e1ny alapvet\u0151 szab\u00e1lyt kell betartania, t\u00f6bbek k\u00f6z\u00f6tt a k\u00f6vetkez\u0151ket.<\/p>\n\n\n\n<h3 class=\"wp-block-heading\">#1 szab\u00e1ly: Ige-els\u0151<\/h3>\n\n\n\n<p>A k\u00e9rd\u0151 mondatok alkot\u00e1s\u00e1nak egyik aranyszab\u00e1lya a szok\u00e1sos sz\u00f3rend felcser\u00e9l\u00e9se. Hagyjuk, hogy az ige \u00e1tvegye a vezet\u00e9st, m\u00edg az alany k\u00f6veti.&nbsp;<\/p>\n\n\n\n<p>Vegy\u00fck ezt a k\u00e9rd\u00e9st: \"Tud \u00faszni?\" Itt a \"tud\" (az ige) a \"tud\" (az alany) el\u00e9 ugrik, \u00edgy egy\u00e9rtelm\u0171, hogy ez egy k\u00e9rd\u00e9s, nem pedig egy alkalmi kijelent\u00e9s.<\/p>\n\n\n\n<p>Ez a kisebb v\u00e1ltoztat\u00e1s a k\u00e9rd\u0151 mondatokat k\u00e9rd\u0151 hangnemmel jutalmazza. <\/p>\n\n\n\n<p>E n\u00e9lk\u00fcl a \"Tud \u00faszni?\" csak \u00fagy hangzik, mintha megd\u00f6bbenn\u00e9l, hogy nem s\u00fcllyed el, mint egy szikla!<\/p>\n\n\n\n<h3 class=\"wp-block-heading\">#2 szab\u00e1ly: Seg\u00edt\u0151 ig\u00e9k helyes haszn\u00e1lata<\/h3>\n\n\n\n<p>A seg\u00e9dig\u00e9k vagy seg\u00e9dig\u00e9k elengedhetetlenek a k\u00fcl\u00f6nb\u00f6z\u0151 id\u0151m\u00e9rt\u00e9kekben t\u00f6rt\u00e9n\u0151 k\u00e9rd\u00e9salkot\u00e1shoz. <\/p>\n\n\n\n<p>Ezek n\u00e9lk\u00fcl lehetetlen egy \u00e1ll\u00edt\u00e1st k\u00e9rd\u00e9ss\u00e9 alak\u00edtani.<\/p>\n\n\n\n<p>P\u00e9ld\u00e1ul:<\/p>\n\n\n\n<ul class=\"wp-block-list\">\n<li>Szeret-e olvasni? (egyszer\u0171 jelen)<\/li>\n\n\n\n<li>Befejezt\u00e9k a projektet? (m\u00faltbeli egyszer\u0171)<\/li>\n\n\n\n<li>Utazott m\u00e1r k\u00fclf\u00f6ldre? (jelen idej\u0171 t\u00f6k\u00e9letes)<\/li>\n<\/ul>\n\n\n\n<p>Minden esetben a seg\u00e9dig\u00e9k <strong><em>does<\/em><\/strong>, <strong><em>tette<\/em><\/strong>, \u00e9s <strong><em>van<\/em><\/strong><em> <\/em>seg\u00edt a k\u00e9rd\u00e9s helyes fel\u00e9p\u00edt\u00e9s\u00e9ben. <\/p>\n\n\n\n<p>N\u00e9lk\u00fcl\u00fck olyan mondatokat kapn\u00e1nk, mint \"Szeret olvasni?\", ami ink\u00e1bb hangzik zavart megfigyel\u00e9snek, mint rendes k\u00e9rd\u00e9snek!<\/p>\n\n\n\n<h3 class=\"wp-block-heading\">#3 szab\u00e1ly: A megfelel\u0151 hang \u00e9s jelz\u00e9s<\/h3>\n\n\n\n<p>V\u00e9g\u00fcl pedig az \u00edr\u00e1sjelek \u00e9s az inton\u00e1ci\u00f3 teszi a k\u00e9rd\u00e9seket... nos, k\u00e9rd\u00e9ss\u00e9. Minden k\u00e9rd\u00e9st k\u00e9rd\u0151jellel kell ell\u00e1tni. <\/p>\n\n\n\n<p>Ellenkez\u0151 esetben egyszer\u0171en csak egy kijelent\u00e9snek fog hangzani.&nbsp;<\/p>\n\n\n\n<p>Hasonl\u00f3k\u00e9ppen, amikor besz\u00e9l\u00fcnk, a hangunk \u00e1ltal\u00e1ban a k\u00e9rd\u00e9s v\u00e9g\u00e9n felemelkedik. Ez jelzi a hallgat\u00f3nak, hogy v\u00e1laszt v\u00e1runk.&nbsp;<\/p>\n\n\n\n<p>Mondja p\u00e9ld\u00e1ul lapos hangon: \"Elj\u00f6ssz a partira.\". \u00dagy fog hangzani, mintha t\u00e9ny lenne. <\/p>\n\n\n\n<p>De ha a v\u00e9g\u00e9n felemeli a hangj\u00e1t: \"Elj\u00f6ssz a buliba?\" hirtelen k\u00e9rd\u00e9ss\u00e9 v\u00e1lik. L\u00e1tod a k\u00fcl\u00f6nbs\u00e9get?&nbsp;<\/p>\n\n\n\n<h2 class=\"wp-block-heading\">Gyakori hib\u00e1k a k\u00e9rd\u0151 mondatokkal \u00e9s hogyan lehet \u0151ket kijav\u00edtani<\/h2>\n\n\n\n<p>Rossz k\u00e9rd\u0151 mondatok csak akkor keletkeznek, ha nem k\u00f6veted megfelel\u0151en a szab\u00e1lyokat. <\/p>\n\n\n\n<p>\u00cdme n\u00e9h\u00e1ny hiba, amelyhez vezethet.<\/p>\n\n\n\n<h3 class=\"wp-block-heading\">Az alany \u00e9s az ige megford\u00edt\u00e1s\u00e1nak mell\u0151z\u00e9se<\/h3>\n\n\n\n<p>A f\u0151 k\u00fcl\u00f6nbs\u00e9g a kijelent\u0151 \u00e9s a k\u00e9rd\u0151 mondat k\u00f6z\u00f6tt a sz\u00f3rend. Az ut\u00f3bbiban az ige az alany el\u0151tt \u00e1ll.&nbsp;&nbsp;<\/p>\n\n\n\n<p>Ha p\u00e9ld\u00e1ul azt mondjuk, hogy \"Meg tudom csin\u00e1lni.\", az egy kijelent\u00e9s. De ford\u00edtsd \u00e1t a \"Meg tudom csin\u00e1lni?\" -ra, \u00e9s voil\u00e1! Ez egy k\u00e9rd\u00e9s.&nbsp;<\/p>\n\n\n\n<h3 class=\"wp-block-heading\">A rossz seg\u00e9dige haszn\u00e1lata<\/h3>\n\n\n\n<p>A seg\u00e9dig\u00e9k helytelen haszn\u00e1lata egy m\u00e1sik gyakori hiba a k\u00e9rd\u0151 mondatok kialak\u00edt\u00e1sakor.&nbsp;<\/p>\n\n\n\n<p>Ezekkel az ig\u00e9kkel helyesen tudod fel\u00e9p\u00edteni a k\u00e9rd\u00e9seidet, \u00edgy azok term\u00e9szetesebben \u00e9s nyelvtanilag helyesebben hangzanak.&nbsp;<\/p>\n\n\n\n<h3 class=\"wp-block-heading\">Hib\u00e1s k\u00e9rd\u00e9s sz\u00f3<\/h3>\n\n\n\n<p>A rossz k\u00e9rd\u0151sz\u00f3 megv\u00e1laszt\u00e1sa szint\u00e9n k\u00ednos vagy helytelen mondatokhoz vezethet. <\/p>\n\n\n\n<p>P\u00e9ld\u00e1ul: \"<em>Mi<\/em>\" \u00e9s \"<em>Melyik<\/em>\" nem mindig felcser\u00e9lhet\u0151k.<\/p>\n\n\n\n<p>Sokan \u00f6sszekeverik a \"<em>aki<\/em>\" \u00e9s \"<em>akit<\/em>\". <\/p>\n\n\n\n<p>Ne feledje, a h\u00e9tk\u00f6znapi angolban a \"<em>aki<\/em>\" a legt\u00f6bb esetben, m\u00e9g akkor is, ha \"<em>akit<\/em>\" lehet a technikailag helyes v\u00e1laszt\u00e1s.<\/p>\n\n\n\n<h2 class=\"wp-block-heading\">Hogyan seg\u00edthet a mesters\u00e9ges intelligencia az \u00edr\u00e1sbeli k\u00e9rd\u00e9sfeltev\u00e9s jav\u00edt\u00e1s\u00e1ban?<\/h2>\n\n\n\n<p>A k\u00e9rd\u0151 mondatok minden fajt\u00e1jukat tekintve kiss\u00e9 bonyolultak lehetnek - k\u00fcl\u00f6n\u00f6sen a kezd\u0151k sz\u00e1m\u00e1ra. <\/p>\n\n\n\n<p>A j\u00f3 h\u00edr azonban az, hogy a mesters\u00e9ges intelligencia seg\u00edthet a k\u00e9rd\u00e9sek kialak\u00edt\u00e1s\u00e1ban.<\/p>\n\n\n\n<p>Az Undetectable AI e k\u00e9t eszk\u00f6ze val\u00f3ban isten aj\u00e1nd\u00e9ka:<\/p>\n\n\n\n<h3 class=\"wp-block-heading\">K\u00e9rdezd meg az AI-t<\/h3>\n\n\n\n<p><a href=\"https:\/\/undetectable.ai\/ask-ai\" target=\"_blank\" rel=\"noreferrer noopener\">K\u00e9rdezd meg az AI-t<\/a> nagy seg\u00edts\u00e9get jelenthet az iskolai projektekhez. Mindannyiunknak voltak m\u00e1r olyan h\u00e1zi feladataink, amelyek nem \u00fagy siker\u00fcltek, ahogy szerett\u00fck volna. <\/p>\n\n\n\n<p>Tal\u00e1n egy mondat furcs\u00e1n hangzott, vagy nem volt\u00e1l biztos benne, hogy a nyelvtan helyes.\u00a0<\/p>\n\n\n\n<p>Ez az AI-eszk\u00f6z k\u00e9pes ellen\u0151rizni a mondataidat, meggy\u0151z\u0151dni arr\u00f3l, hogy a nyelvtanod helyes-e, \u00e9s m\u00e9g a tr\u00fckk\u00f6s matematikai feladatokban is seg\u00edt. <\/p>\n\n\n\n<p>Gyors \u00e9s pontos v\u00e1laszokat ad, amikor \u00d6n \u00f3r\u00e1kat t\u00f6lt\u00f6tt volna a hib\u00e1k kijav\u00edt\u00e1s\u00e1val.<\/p>\n\n\n\n<h3 class=\"wp-block-heading\">AI Chat<\/h3>\n\n\n\n<p>Nincs ann\u00e1l rosszabb, mint amikor egy mondat t\u00f6k\u00e9letesen hangzik a fejedben, de teljesen rosszul n\u00e9z ki, amikor beg\u00e9peled. Minden \u00edr\u00f3t\u00e1rsunk ismeri ezt a k\u00fczdelmet!&nbsp;<\/p>\n\n\n\n<p>Ez a <a href=\"https:\/\/undetectable.ai\/ai-chat\" target=\"_blank\" rel=\"noreferrer noopener\">AI Chatbot<\/a> a Undetectable AI olyan, mint egy szuperh\u0151s azokra a napokra, amikor az agyunk v\u00e9letlenszer\u0171en \u00fagy d\u00f6nt, hogy elhagy minket.&nbsp;<\/p>\n\n\n\n<p>Seg\u00edt struktur\u00e1lni \u00e9s form\u00e1zni a mondatokat, \u00e9s teszi \u0151ket vil\u00e1goss\u00e1 \u00e9s term\u00e9szetess\u00e9 - pontosan \u00fagy, ahogy \u00d6n elk\u00e9pzelte!<\/p>\n\n\n\n<h2 class=\"wp-block-heading\">GYIK a k\u00e9rd\u0151 mondatokr\u00f3l<\/h2>\n\n\n<div id=\"rank-math-faq\" class=\"rank-math-block\">\n<div class=\"rank-math-list\">\n<div id=\"faq-question-1742915904326\" class=\"rank-math-list-item\">\n<h3 class=\"rank-math-question\">Hogyan \u00edrjunk helyes k\u00e9rd\u0151 mondatot?<\/h3>\n<div class=\"rank-math-answer\">\n\n<p>A megfelel\u0151 k\u00e9rd\u0151 mondatot egy wh- sz\u00f3val vagy egy <a href=\"https:\/\/byjus.com\/english\/auxiliary-verbs\/\" target=\"_blank\" rel=\"noreferrer noopener\">seg\u00e9dige<\/a>. <\/p>\n<p>Ezut\u00e1n az alany, majd az ige k\u00f6vetkezik.<\/p>\n\n<\/div>\n<\/div>\n<div id=\"faq-question-1742915913171\" class=\"rank-math-list-item\">\n<h3 class=\"rank-math-question\">Mi a k\u00fcl\u00f6nbs\u00e9g a c\u00edmk\u00e9s k\u00e9rd\u00e9s \u00e9s az igen\/nem k\u00e9rd\u00e9s k\u00f6z\u00f6tt?<\/h3>\n<div class=\"rank-math-answer\">\n\n<p>A c\u00edmk\u00e9s k\u00e9rd\u00e9sre nincs egy\u00e9rtelm\u0171 v\u00e1lasz. Ehelyett csak az\u00e9rt k\u00e9rdezz\u00fck, hogy \u00e9rv\u00e9nyes\u00edt\u00e9st keress\u00fcnk. <\/p>\n<p>M\u00e1sr\u00e9szt egy igen\/nem k\u00e9rd\u00e9sre egyszer\u0171 igennel vagy nemmel lehet v\u00e1laszolni.<\/p>\n\n<\/div>\n<\/div>\n<div id=\"faq-question-1742915929004\" class=\"rank-math-list-item\">\n<h3 class=\"rank-math-question\">Haszn\u00e1lhat\u00f3-e egy k\u00e9rd\u0151 mondat retorikai k\u00e9rd\u00e9sk\u00e9nt?<\/h3>\n<div class=\"rank-math-answer\">\n\n<p>Term\u00e9szetesen egy k\u00e9rd\u0151 mondat k\u00f6nnyen haszn\u00e1lhat\u00f3 retorikai k\u00e9rd\u00e9sk\u00e9nt is, ha nem inform\u00e1ci\u00f3szerz\u00e9s c\u00e9lj\u00e1b\u00f3l k\u00e9rdezz\u00fck. <\/p>\n<p>Ha egy k\u00e9rd\u0151 mondatot arra haszn\u00e1lunk, hogy valamit kifejts\u00fcnk vagy hangs\u00falyozzunk, akkor retorikai k\u00e9rd\u00e9sk\u00e9nt viselkedik.\u00a0<\/p>\n\n<\/div>\n<\/div>\n<\/div>\n<\/div>\n\n\n<h2 class=\"wp-block-heading\">K\u00f6vetkeztet\u00e9s<\/h2>\n\n\n\n<p>Ki gondolta volna, hogy a k\u00e9rd\u00e9sek ilyen er\u0151sek lehetnek? Nos... most m\u00e1r tudod.<\/p>\n\n\n\n<p>Ha a fenti k\u00e9rd\u0151 mondatot retorikai k\u00e9rd\u00e9snek tudtad felismerni, gratul\u00e1lok, most \u00e9rtetted meg a koncepci\u00f3t!<\/p>\n\n\n\n<p>De ha nem tudtad, csak r\u00e1zd le magadr\u00f3l. Mindannyiunknak vannak rossz napjai, nem igaz? (Az utols\u00f3, \u00edg\u00e9rem!)&nbsp;<\/p>\n\n\n\n<p>Emellett, ha nehezen tudsz k\u00e9rd\u0151 mondatokat alkotni, akkor ott van az \u00c9szrevehetetlen AI, amire sz\u00e1m\u00edthatsz.<\/p>\n\n\n\n<p>Ragyog\u00f3an veszi a f\u00e9lk\u00e9sz, hib\u00e1s mondatokat, \u00e9s t\u00f6k\u00e9letes, nyelvtanilag pontos mondatokat alkot.<\/p>\n\n\n\n<p>Regisztr\u00e1ljon a <a href=\"https:\/\/undetectable.ai\/\" target=\"_blank\" rel=\"noreferrer noopener\">Kimutathatatlan AI<\/a> m\u00e9g ma, hogy felfedezze az ingyenes mesters\u00e9ges intelligencia eszk\u00f6z\u00f6k sz\u00e9les v\u00e1laszt\u00e9k\u00e1t! <\/p>\n\n\n\n<p>Plusz, pr\u00f3b\u00e1ld ki az AI Detector \u00e9s Humanizer programunkat az al\u00e1bbi widgetben!<\/p>\n\n\n\n<div id=\"uai-widget\" data-affiliate-link=\"https:\/\/undetectable.ai\/?_by=hi4km\"><script>var js = document.createElement(\"script\");js.async = true;js.src = \"https:\/\/widget.undetectable.ai\/js\/widget-loader.js?t=\"+Date.now();document.getElementsByTagName(\"head\")[0].appendChild(js);<\/script><\/div>","protected":false},"excerpt":{"rendered":"","protected":false},"author":15,"featured_media":7181,"comment_status":"closed","ping_status":"closed","sticky":false,"template":"","format":"standard","meta":{"_themeisle_gutenberg_block_has_review":false,"footnotes":""},"categories":[31],"tags":[],"class_list":["post-7175","post","type-post","status-publish","format-standard","has-post-thumbnail","hentry","category-helpful-ai-content-tips"],"_links":{"self":[{"href":"https:\/\/undetectable.ai/blog\/hu\/wp-json\/wp\/v2\/posts\/7175","targetHints":{"allow":["GET"]}}],"collection":[{"href":"https:\/\/undetectable.ai/blog\/hu\/wp-json\/wp\/v2\/posts"}],"about":[{"href":"https:\/\/undetectable.ai/blog\/hu\/wp-json\/wp\/v2\/types\/post"}],"author":[{"embeddable":true,"href":"https:\/\/undetectable.ai/blog\/hu\/wp-json\/wp\/v2\/users\/15"}],"replies":[{"embeddable":true,"href":"https:\/\/undetectable.ai/blog\/hu\/wp-json\/wp\/v2\/comments?post=7175"}],"version-history":[{"count":4,"href":"https:\/\/undetectable.ai/blog\/hu\/wp-json\/wp\/v2\/posts\/7175\/revisions"}],"predecessor-version":[{"id":7440,"href":"https:\/\/undetectable.ai/blog\/hu\/wp-json\/wp\/v2\/posts\/7175\/revisions\/7440"}],"wp:featuredmedia":[{"embeddable":true,"href":"https:\/\/undetectable.ai/blog\/hu\/wp-json\/wp\/v2\/media\/7181"}],"wp:attachment":[{"href":"https:\/\/undetectable.ai/blog\/hu\/wp-json\/wp\/v2\/media?parent=7175"}],"wp:term":[{"taxonomy":"category","embeddable":true,"href":"https:\/\/undetectable.ai/blog\/hu\/wp-json\/wp\/v2\/categories?post=7175"},{"taxonomy":"post_tag","embeddable":true,"href":"https:\/\/undetectable.ai/blog\/hu\/wp-json\/wp\/v2\/tags?post=7175"}],"curies":[{"name":"wp","href":"https:\/\/api.w.org\/{rel}","templated":true}]}}