{"id":7288,"date":"2025-03-26T18:32:00","date_gmt":"2025-03-26T18:32:00","guid":{"rendered":"https:\/\/undetectable.ai/blog\/?p=7288"},"modified":"2026-02-11T02:20:58","modified_gmt":"2026-02-11T02:20:58","slug":"lehet-e-eladni-az-ai-generalt-muveszetet","status":"publish","type":"post","link":"https:\/\/undetectable.ai/blog\/hu\/lehet-e-eladni-az-ai-generalt-muveszetet\/","title":{"rendered":"Eladhat\u00f3 a mesters\u00e9ges intelligencia \u00e1ltal gener\u00e1lt m\u0171v\u00e9szet? Amit tudnod kell"},"content":{"rendered":"<p>Pablo Picasso, a 20. sz\u00e1zad egyik legnagyobb hat\u00e1s\u00fa m\u0171v\u00e9sze egyszer azt mondta, <strong><em>\"A sz\u00e1m\u00edt\u00f3g\u00e9pek haszn\u00e1lhatatlanok, csak v\u00e1laszokat tudnak adni.\"<\/em><\/strong><\/p>\n\n\n\n<p>Mit gondolna ma, ha l\u00e1tn\u00e1, hogy ugyanazok a sz\u00e1m\u00edt\u00f3g\u00e9pek hozz\u00e1k l\u00e9tre azt a m\u0171v\u00e9szetet, amely egykor m\u00e9ly \u00e9rt\u00e9ket \u00e9s jelent\u00e9st hordozott?<\/p>\n\n\n\n<p>A mesters\u00e9ges intelligencia m\u0171v\u00e9szeti piac \u00e9rt\u00e9ke 2024-ben $3,2 milli\u00e1rd volt. A szak\u00e9rt\u0151k el\u0151rejelz\u00e9se szerint 2033-ra $40,4 milli\u00e1rdra fog n\u0151ni. Ez azt jelenti, hogy \u00e9vente 28,9%-tal n\u0151.&nbsp;<\/p>\n\n\n\n<p>\u00c9s tudod mi az \u0151r\u00fcltebb?<\/p>\n\n\n\n<p>Egy AI festm\u00e9nyt eladtak <a href=\"https:\/\/www.cbsnews.com\/news\/ai-generated-portrait-sells-for-stunning-432500-portrait-of-edmond-de-belamy\/\" target=\"_blank\" rel=\"noreferrer noopener\">$432,500 a Christie's aukci\u00f3sh\u00e1zn\u00e1l<\/a>, ami azt mutatja, hogy az emberek hajland\u00f3ak nagy p\u00e9nzeket fizetni a sz\u00e1m\u00edt\u00f3g\u00e9pes m\u0171v\u00e9szet\u00e9rt.<\/p>\n\n\n\n<figure class=\"wp-block-image size-full\"><img loading=\"lazy\" decoding=\"async\" width=\"813\" height=\"813\" src=\"https:\/\/undetectable.ai/blog\/wp-content\/uploads\/2025\/03\/portrait-of-Edmond-Belamy.jpg\" alt=\"\" class=\"wp-image-7293\" title=\"\" srcset=\"https:\/\/undetectable.ai/blog\/wp-content\/uploads\/2025\/03\/portrait-of-Edmond-Belamy.jpg 813w, https:\/\/undetectable.ai/blog\/wp-content\/uploads\/2025\/03\/portrait-of-Edmond-Belamy-300x300.jpg 300w, https:\/\/undetectable.ai/blog\/wp-content\/uploads\/2025\/03\/portrait-of-Edmond-Belamy-150x150.jpg 150w, https:\/\/undetectable.ai/blog\/wp-content\/uploads\/2025\/03\/portrait-of-Edmond-Belamy-768x768.jpg 768w, https:\/\/undetectable.ai/blog\/wp-content\/uploads\/2025\/03\/portrait-of-Edmond-Belamy-12x12.jpg 12w\" sizes=\"auto, (max-width: 813px) 100vw, 813px\" \/><\/figure>\n\n\n\n<p class=\"has-text-align-center\"><a href=\"https:\/\/www.cbsnews.com\/news\/ai-generated-portrait-sells-for-stunning-432500-portrait-of-edmond-de-belamy\/\" target=\"_blank\" rel=\"noreferrer noopener\">Edmond Belamy portr\u00e9ja<\/a><\/p>\n\n\n\n<p>Ez azonban k\u00e9rd\u00e9seket vet fel. Ki\u00e9 a m\u0171v\u00e9szet val\u00f3j\u00e1ban, ha egy sz\u00e1m\u00edt\u00f3g\u00e9pes program k\u00e9sz\u00edti?&nbsp;<\/p>\n\n\n\n<p>Hogyan tudunk k\u00fcl\u00f6nbs\u00e9get tenni az ember alkotta \u00e9s az AI \u00e1ltal l\u00e9trehozott m\u0171v\u00e9szet k\u00f6z\u00f6tt?&nbsp;<\/p>\n\n\n\n<p>Mi t\u00f6rt\u00e9nik, ha az olyan eszk\u00f6z\u00f6k, mint a Midjourney a szerz\u0151i jogi t\u00f6rv\u00e9nyekbe \u00fctk\u00f6znek?&nbsp;<\/p>\n\n\n\n<p>Ebben a blogban azt vizsg\u00e1ljuk meg, hogyan adhatsz el mesters\u00e9ges intelligenci\u00e1val l\u00e9trehozott m\u0171alkot\u00e1sokat, milyen jogi k\u00e9rd\u00e9sekkel kell tiszt\u00e1ban lenned, \u00e9s melyek a legjobb piacterek a mesters\u00e9ges intelligenci\u00e1val l\u00e9trehozott m\u0171alkot\u00e1sok \u00e9rt\u00e9kes\u00edt\u00e9s\u00e9re.<\/p>\n\n\n\n<h2 class=\"wp-block-heading\">Lehet-e leg\u00e1lisan eladni a mesters\u00e9ges intelligencia \u00e1ltal gener\u00e1lt m\u0171v\u00e9szetet?<\/h2>\n\n\n\n<p>Igen, a mesters\u00e9ges intelligencia \u00e1ltal gener\u00e1lt m\u0171alkot\u00e1sokat el lehet adni, de van n\u00e9h\u00e1ny nagy \"ha\", amit figyelembe kell venni:&nbsp;<\/p>\n\n\n\n<p><strong># 1 &#8211;<\/strong> <strong>Ellen\u0151rizze az AI eszk\u00f6z felt\u00e9teleit<\/strong> - Egyes platformok, mint p\u00e9ld\u00e1ul a DALL-E, enged\u00e9lyezik a kereskedelmi felhaszn\u00e1l\u00e1st, m\u00edg m\u00e1sok nem. Az \u00e9rt\u00e9kes\u00edt\u00e9s el\u0151tt mindig olvassa el a felt\u00e9teleket.<\/p>\n\n\n\n<p><strong># 2 - Keresse a szerz\u0151i jogi probl\u00e9m\u00e1kat<\/strong> - Ha egy mesters\u00e9ges intelligencia valaki m\u00e1s munk\u00e1j\u00e1n k\u00e9pezte mag\u00e1t, ne adja el. Gondolj erre - ha lem\u00e1solod valaki h\u00e1zi feladat\u00e1t, de megv\u00e1ltoztatsz n\u00e9h\u00e1ny sz\u00f3t, az m\u00e9g mindig m\u00e1sol\u00e1s, igaz?&nbsp;<\/p>\n\n\n\n<p>A mesters\u00e9ges intelligencia m\u0171v\u00e9szete folyamatosan fejl\u0151dik, \u00edgy ami ma m\u00e9g megengedett, holnap m\u00e1r nem biztos, hogy az lesz.&nbsp;<\/p>\n\n\n\n<p>Ez az, ahol a mi <a href=\"https:\/\/undetectable.ai\/ai-image-detector\" target=\"_blank\" rel=\"noreferrer noopener\">AI k\u00e9p\u00e9rz\u00e9kel\u0151<\/a> seg\u00edthet. Megtudhatja, hogy valamit mesters\u00e9ges intelligencia gener\u00e1lt-e vagy sem.<\/p>\n\n\n\n<p>A legbiztons\u00e1gosabb az lenne, ha \u00e1tl\u00e1that\u00f3 lenne a munkafolyamat. Az egyetlen m\u00f3dja annak, hogy elker\u00fclje a jogi fejf\u00e1j\u00e1st, az \u00e1tl\u00e1that\u00f3s\u00e1g.<\/p>\n\n\n\n<h3 class=\"wp-block-heading\">AI Art &amp; tulajdonjogi t\u00f6rv\u00e9nyek<\/h3>\n\n\n\n<p>Ezek a t\u00f6rv\u00e9nyek att\u00f3l f\u00fcgg\u0151en v\u00e1ltoznak, hogy hol \u00e9lsz. Itt tal\u00e1lja a k\u00fcl\u00f6nb\u00f6z\u0151 r\u00e9gi\u00f3kban a mesters\u00e9ges intelligencia m\u0171t\u00e1rgyak tulajdonjog\u00e1val kapcsolatos t\u00f6rv\u00e9nyeket.&nbsp;<\/p>\n\n\n\n<p><strong>1 - Egyes\u00fclt \u00c1llamok<\/strong><\/p>\n\n\n\n<p>A szerz\u0151i jogi t\u00f6rv\u00e9nyek az Egyes\u00fclt \u00c1llamokban \"emberi szerz\u0151s\u00e9get\" \u00edrnak el\u0151. Az Egyes\u00fclt \u00c1llamok Szerz\u0151i Jogi Hivatala nem biztos\u00edt szerz\u0151i jogi v\u00e9delmet a teljes eg\u00e9sz\u00e9ben mesters\u00e9ges intelligencia \u00e1ltal l\u00e9trehozott m\u0171veknek.&nbsp;<\/p>\n\n\n\n<p><strong>P\u00e9ld\u00e1ul,<\/strong><\/p>\n\n\n\n<p>Az Egyes\u00fclt \u00c1llamok Fellebbviteli B\u00edr\u00f3s\u00e1ga helybenhagyta a Szerz\u0151i Jogi Hivatal d\u00f6nt\u00e9s\u00e9t, amely megtagadta a szerz\u0151i jogokat egy olyan k\u00e9pre, amelyet a <a href=\"https:\/\/www.straitstimes.com\/world\/united-states\/us-appeals-court-rejects-copyrights-for-ai-generated-art-lacking-human-creator\" target=\"_blank\" rel=\"noreferrer noopener\">Stephen Thaler mesters\u00e9ges intelligencia rendszere <strong>\"DABUS.\"<\/strong><\/a><strong> <\/strong><\/p>\n\n\n\n<p>Ez azt jelenti, hogy csak az emberi szerz\u0151k \u00e1ltal l\u00e9trehozott m\u0171vek lehetnek szerz\u0151i jogv\u00e9dettek.&nbsp;<\/p>\n\n\n\n<p><strong>2 - Eur\u00f3p\u00e1ban<\/strong><\/p>\n\n\n\n<p>Eur\u00f3p\u00e1ban az AI Art &amp; Ownership t\u00f6rv\u00e9ny ugyanaz, mint az Egyes\u00fclt \u00c1llamokban. Csak az emberi alkot\u00f3k kaphatnak szerz\u0151i jogi v\u00e9delmet.<\/p>\n\n\n\n<p>Akt\u00edvan t\u00e1rgyalnak azonban arr\u00f3l, hogyan lehetne ezeket a t\u00f6rv\u00e9nyeket friss\u00edteni, hogy jobban kezelj\u00e9k az AI \u00e1ltal gener\u00e1lt tartalmakat.&nbsp;<\/p>\n\n\n\n<p><strong>3 - Az Egyes\u00fclt Kir\u00e1lys\u00e1gban<\/strong><\/p>\n\n\n\n<p>Az Egyes\u00fclt Kir\u00e1lys\u00e1g n\u00e9mileg elt\u00e9r\u0151 megk\u00f6zel\u00edt\u00e9st k\u00f6vet. <\/p>\n\n\n\n<p>A szerz\u0151i jogr\u00f3l, formatervez\u00e9si mint\u00e1kr\u00f3l \u00e9s szabadalmakr\u00f3l sz\u00f3l\u00f3 t\u00f6rv\u00e9ny \u00e9rtelm\u00e9ben a szerz\u0151 a k\u00f6vetkez\u0151k\u00e9ppen defini\u00e1lhat\u00f3<strong><em> \"az a szem\u00e9ly, aki a m\u0171 l\u00e9trehoz\u00e1s\u00e1hoz sz\u00fcks\u00e9ges int\u00e9zked\u00e9seket megteszi.<\/em><\/strong>\"&nbsp;<\/p>\n\n\n\n<p>Ez azt jelenti, hogy ha \u00d6n \u00fagy konfigur\u00e1lja a mesters\u00e9ges intelligenci\u00e1t, hogy l\u00e9trehozzon egy m\u0171vet, akkor \u00d6nt ismerhetik el szerz\u0151k\u00e9nt \u00e9s tulajdonosk\u00e9nt.<\/p>\n\n\n\n<p><strong>4 - K\u00edn\u00e1ban<\/strong><\/p>\n\n\n\n<p>A k\u00ednai szerz\u0151i jogi t\u00f6rv\u00e9ny az eredetis\u00e9gre helyezi a hangs\u00falyt. A leg\u00fajabb ir\u00e1nymutat\u00e1sok szerint a mesters\u00e9ges intelligencia \u00e1ltal gener\u00e1lt tartalom akkor \u00e9lvezhet v\u00e9delmet, ha eredetis\u00e9get mutat, \u00e9s az alkot\u00e1sban emberi r\u00e9szv\u00e9tel is r\u00e9szt vesz.<\/p>\n\n\n\n<h2 class=\"wp-block-heading\">Ki\u00e9 a mesters\u00e9ges intelligencia: A felhaszn\u00e1l\u00f3, az AI eszk\u00f6z, vagy senki?<\/h2>\n\n\n\n<p>Pr\u00f3b\u00e1ljuk meg megv\u00e1laszolni ezt a k\u00e9rd\u00e9st. H\u00e1rom f\u0151 n\u00e9z\u0151pontot ismer\u00fcnk, \u00e9s mindh\u00e1rom \u00e9rdekes szempontot fogalmaz meg.<\/p>\n\n\n\n<p><strong>1 - A felhaszn\u00e1l\u00f3nak van saj\u00e1t m\u0171alkot\u00e1sa?<\/strong><\/p>\n\n\n\n<p>Eszerint az a szem\u00e9ly, aki meg\u00edrta a felk\u00e9r\u00e9st, kiv\u00e1lasztotta a param\u00e9tereket \u00e9s ir\u00e1ny\u00edtotta a mesters\u00e9ges intelligenci\u00e1t, meg\u00e9rdemli a felel\u0151ss\u00e9get.&nbsp;<\/p>\n\n\n\n<p>V\u00e9g\u00fcl is, az \u0151 kreat\u00edv ir\u00e1ny\u00edt\u00e1suk \u00e9s konkr\u00e9t utas\u00edt\u00e1saik n\u00e9lk\u00fcl ez a pontos k\u00e9p soha nem l\u00e9tezne.&nbsp;<\/p>\n\n\n\n<p>Az \u00d6n hozz\u00e1j\u00e1rul\u00e1sa kreat\u00edv szikr\u00e1t vetett, \u00e9s a szerz\u0151i jogi t\u00f6rv\u00e9nyek pontosan ezt hivatottak v\u00e9deni.&nbsp;<\/p>\n\n\n\n<p><strong>2 - A platform rendelkezik saj\u00e1t m\u0171alkot\u00e1sokkal?<\/strong><\/p>\n\n\n\n<p>Egyes platformok fenntartanak bizonyos jogokat az eszk\u00f6zeikkel k\u00e9sz\u00edtett k\u00e9pekhez, k\u00fcl\u00f6n\u00f6sen a j\u00f6v\u0151beli mesters\u00e9ges intelligenciamodellek k\u00e9pz\u00e9se vagy marketingc\u00e9lokra.&nbsp;<\/p>\n\n\n\n<p>Ez a megosztott tulajdonosi modell korl\u00e1tozhatja, hogy mit tehet az \u00d6n \u00e1ltal k\u00e9sz\u00edtett k\u00e9pekkel.<\/p>\n\n\n\n<p>Az olyan c\u00e9geknek, mint a Midjourney \u00e9s a DALL-E, speci\u00e1lis szab\u00e1lyaik vannak a kereskedelmi felhaszn\u00e1l\u00e1sra vonatkoz\u00f3an - ez\u00e9rt gondosan ellen\u0151rizze a felhaszn\u00e1l\u00e1si felt\u00e9teleket.&nbsp;<\/p>\n\n\n\n<p><strong>3 - Senkinek sincs saj\u00e1t m\u0171alkot\u00e1sa?<\/strong><\/p>\n\n\n\n<p>V\u00e9g\u00fcl ott van a k\u00f6zkincs \u00e9rv.&nbsp;<\/p>\n\n\n\n<p>Egyes jogi szak\u00e9rt\u0151k szerint a mesters\u00e9ges intelligenci\u00e1val l\u00e9trehozott m\u0171v\u00e9szet nem rendelkezik a szerz\u0151i jog \u00e1ltal megk\u00f6vetelt emberi szerz\u0151s\u00e9ggel, ez\u00e9rt nem lehet senki tulajdon\u00e1ban.&nbsp;<\/p>\n\n\n\n<p>E n\u00e9zet szerint a mesters\u00e9ges intelligencia \u00e1ltal gener\u00e1lt k\u00e9pek mindenki\u00e9 lenn\u00e9nek - hasonl\u00f3an a lej\u00e1rt szerz\u0151i jogokhoz vagy a term\u00e9szetben el\u0151fordul\u00f3 jelens\u00e9gekhez, amelyeket nem lehet birtokolni.<\/p>\n\n\n\n<p><strong>A tulajdonjog bizonytalans\u00e1ga miatt az ellen\u0151rz\u00e9s d\u00f6nt\u0151 fontoss\u00e1g\u00fa.&nbsp;<\/strong><\/p>\n\n\n\n<p>Ez az a hely, ahol <a href=\"https:\/\/undetectable.ai\/ai-image-detector\" target=\"_blank\" rel=\"noreferrer noopener\">AI k\u00e9p\u00e9rz\u00e9kel\u0151<\/a> a technol\u00f3gia felbecs\u00fclhetetlen \u00e9rt\u00e9k\u0171v\u00e9 v\u00e1lik. <\/p>\n\n\n\n<figure class=\"wp-block-image size-large\"><img loading=\"lazy\" decoding=\"async\" width=\"1024\" height=\"440\" src=\"https:\/\/undetectable.ai/blog\/wp-content\/uploads\/2025\/03\/AI-image-detector-1024x440.jpg\" alt=\"AI k\u00e9p\u00e9rz\u00e9kel\u0151\" class=\"wp-image-7259\" title=\"\" srcset=\"https:\/\/undetectable.ai/blog\/wp-content\/uploads\/2025\/03\/AI-image-detector-1024x440.jpg 1024w, https:\/\/undetectable.ai/blog\/wp-content\/uploads\/2025\/03\/AI-image-detector-300x129.jpg 300w, https:\/\/undetectable.ai/blog\/wp-content\/uploads\/2025\/03\/AI-image-detector-768x330.jpg 768w, https:\/\/undetectable.ai/blog\/wp-content\/uploads\/2025\/03\/AI-image-detector-18x8.jpg 18w, https:\/\/undetectable.ai/blog\/wp-content\/uploads\/2025\/03\/AI-image-detector.jpg 1349w\" sizes=\"auto, (max-width: 1024px) 100vw, 1024px\" \/><\/figure>\n\n\n\n<p>Az eszk\u00f6z mintafelismer\u00e9st haszn\u00e1l a pixelmint\u00e1k, metaadatok \u00e9s olyan finom jelek elemz\u00e9s\u00e9re, amelyeket az emberi szem esetleg nem vesz \u00e9szre.&nbsp;<\/p>\n\n\n\n<p>M\u00e9g azt is k\u00e9pesek azonos\u00edtani, hogy melyik mesters\u00e9ges intelligenciamodell hozta l\u00e9tre a k\u00e9pet (legyen az MidJourney, DALL-E vagy Stable Diffusion), \u00e9s felismerik a l\u00e1thatatlan v\u00edzjeleket, amelyeket egyes gener\u00e1torok be\u00e1gyaznak.<\/p>\n\n\n\n<p>Egy <a href=\"https:\/\/undetectable.ai\/ai-image-detector\" target=\"_blank\" rel=\"noreferrer noopener\">AI k\u00e9p\u00e9rz\u00e9kel\u0151<\/a> miel\u0151tt eladn\u00e1 munk\u00e1j\u00e1t, \u00e1tl\u00e1that\u00f3s\u00e1got biztos\u00edt az alkot\u00e1si folyamatr\u00f3l.<\/p>\n\n\n\n<figure class=\"wp-block-image size-large\"><img loading=\"lazy\" decoding=\"async\" width=\"1024\" height=\"430\" src=\"https:\/\/undetectable.ai/blog\/wp-content\/uploads\/2025\/03\/AI-image-detector-2-1024x430.jpg\" alt=\"AI k\u00e9pdetektor 2. l\u00e9p\u00e9s\" class=\"wp-image-7260\" title=\"\" srcset=\"https:\/\/undetectable.ai/blog\/wp-content\/uploads\/2025\/03\/AI-image-detector-2-1024x430.jpg 1024w, https:\/\/undetectable.ai/blog\/wp-content\/uploads\/2025\/03\/AI-image-detector-2-300x126.jpg 300w, https:\/\/undetectable.ai/blog\/wp-content\/uploads\/2025\/03\/AI-image-detector-2-768x323.jpg 768w, https:\/\/undetectable.ai/blog\/wp-content\/uploads\/2025\/03\/AI-image-detector-2-18x8.jpg 18w, https:\/\/undetectable.ai/blog\/wp-content\/uploads\/2025\/03\/AI-image-detector-2.jpg 1352w\" sizes=\"auto, (max-width: 1024px) 100vw, 1024px\" \/><\/figure>\n\n\n\n<p>Ez v\u00e9di \u00d6nt, mint <strong>elad\u00f3<\/strong> (dokument\u00e1lva, hogy pontosan mit k\u00edn\u00e1l) \u00e9s az \u00d6n <strong>v\u00e1s\u00e1rl\u00f3k<\/strong> (az\u00e1ltal, hogy egy\u00e9rtelm\u0171 t\u00e1j\u00e9koztat\u00e1st adunk nekik arr\u00f3l, hogy mit v\u00e1s\u00e1rolnak).&nbsp;<\/p>\n\n\n\n<p>Ahogy a mesters\u00e9ges intelligencia m\u0171v\u00e9szete n\u00f6vekszik, az ellen\u0151rz\u00e9s val\u00f3sz\u00edn\u0171leg bevett gyakorlatt\u00e1 v\u00e1lik.<\/p>\n\n\n\n<h2 class=\"wp-block-heading\">Hogyan lehet leg\u00e1lisan \u00e9rt\u00e9kes\u00edteni az AI-gener\u00e1lt m\u0171v\u00e9szetet?<\/h2>\n\n\n\n<p>Az AI art leg\u00e1lis elad\u00e1s\u00e1hoz n\u00e9h\u00e1ny fontos l\u00e9p\u00e9st kell k\u00f6vetnie. Egyszer\u0171s\u00edts\u00fck le p\u00e9ld\u00e1kkal.<\/p>\n\n\n\n<ol class=\"wp-block-list\">\n<li><strong>Ismerje az AI eszk\u00f6z\u00e9nek szab\u00e1lyait<\/strong><\/li>\n<\/ol>\n\n\n\n<p>A k\u00fcl\u00f6nb\u00f6z\u0151 eszk\u00f6z\u00f6knek k\u00fcl\u00f6nb\u00f6z\u0151 szab\u00e1lyai vannak. <\/p>\n\n\n\n<p>P\u00e9ld\u00e1ul a Midjourney szab\u00e1lyai szerint eladhatod az \u00e1ltalad k\u00e9sz\u00edtett m\u0171veket, ha fizetsz az el\u0151fizet\u00e9s\u00e9rt. De a DALL-E-nek m\u00e1s szab\u00e1lyai lehetnek. <\/p>\n\n\n\n<p>Mindig ellen\u0151rizze, miel\u0151tt b\u00e1rmit elad.&nbsp;<\/p>\n\n\n\n<ol start=\"2\" class=\"wp-block-list\">\n<li><strong>Szerezze be a megfelel\u0151 enged\u00e9lyeket<\/strong><\/li>\n<\/ol>\n\n\n\n<p>Ezut\u00e1n szerezze be a megfelel\u0151 enged\u00e9lyeket, ha sz\u00fcks\u00e9ge van r\u00e1juk. N\u00e9h\u00e1ny mesters\u00e9ges intelligencia eszk\u00f6zzel speci\u00e1lis licenceket kell v\u00e1s\u00e1rolnod ahhoz, hogy eladhasd, amit l\u00e9trehozt\u00e1l. <\/p>\n\n\n\n<p>Ha p\u00e9ld\u00e1ul az Adobe Firefly-t \u00fczleti c\u00e9lokra haszn\u00e1lja, akkor sz\u00fcks\u00e9ge van a kereskedelmi licencre, ami plusz p\u00e9nzbe ker\u00fcl.<\/p>\n\n\n\n<ol start=\"3\" class=\"wp-block-list\">\n<li><strong>Mondja meg a v\u00e1s\u00e1rl\u00f3knak, hogy AI gener\u00e1lt<\/strong><\/li>\n<\/ol>\n\n\n\n<p>Mindig mondja el a v\u00e1s\u00e1rl\u00f3knak, hogy a mesters\u00e9ges intelligencia seg\u00edtett a m\u0171alkot\u00e1s elk\u00e9sz\u00edt\u00e9s\u00e9ben. \u00cdrhatn\u00e1l valami ilyesmit: \"Ez a m\u0171alkot\u00e1s a Stable Diffusion AI seg\u00edts\u00e9g\u00e9vel k\u00e9sz\u00fclt\" vagy \"AI-assziszt\u00e1lt digit\u00e1lis m\u0171v\u00e9szet\".<\/p>\n\n\n\n<p>Az \u0151szintes\u00e9g seg\u00edt a bizalom ki\u00e9p\u00edt\u00e9s\u00e9ben az \u00fcgyfelekkel.<\/p>\n\n\n\n<ol start=\"4\" class=\"wp-block-list\">\n<li><strong>Mutasd meg, hogyan hoztad l\u00e9tre<\/strong><\/li>\n<\/ol>\n\n\n\n<p>Ossza meg, hogyan k\u00e9sz\u00edtette a m\u0171alkot\u00e1st. <\/p>\n\n\n\n<p>Mondhatn\u00e1d: \"Ezt a naplement\u00e9s t\u00e1jk\u00e9pet \u00fagy hoztam l\u00e9tre, hogy konkr\u00e9t utas\u00edt\u00e1sokat adtam a mesters\u00e9ges intelligenci\u00e1nak a sz\u00ednekkel \u00e9s a hangulattal kapcsolatban, majd a v\u00e9gs\u0151 k\u00e9pet \u00fagy \u00e1ll\u00edtottam be, hogy jav\u00edtsam a megvil\u00e1g\u00edt\u00e1st.\". <\/p>\n\n\n\n<p>Ez seg\u00edt az embereknek meg\u00e9rteni az \u00d6n kreat\u00edv szerep\u00e9t.<\/p>\n\n\n\n<ol start=\"5\" class=\"wp-block-list\">\n<li><strong>Tartsa nyilv\u00e1n a munk\u00e1j\u00e1t<\/strong><\/li>\n<\/ol>\n\n\n\n<p>Tarts feljegyz\u00e9seket arr\u00f3l, hogyan k\u00e9sz\u00edtetted el a m\u0171alkot\u00e1saidat. <\/p>\n\n\n\n<p>Mentsd el a sz\u00f6veges felsz\u00f3l\u00edt\u00e1sokat egy dokumentumba. <\/p>\n\n\n\n<p>P\u00e9ld\u00e1ul, ha a felk\u00e9r\u00e9sed a k\u00f6vetkez\u0151 volt: \"Egy erd\u0151 hajnalban, a feny\u0151f\u00e1k k\u00f6z\u00f6tt felsz\u00e1ll\u00f3 k\u00f6d, l\u00e1gy, aranyl\u00f3 f\u00e9ny\", \u00edrd le. K\u00e9sz\u00edtsen k\u00e9perny\u0151fot\u00f3kat a be\u00e1ll\u00edt\u00e1sokr\u00f3l is. <\/p>\n\n\n\n<p>Ez azt bizony\u00edtja, hogy a m\u0171v\u00e9szet r\u00e9szben a te alkot\u00e1sod.<\/p>\n\n\n\n<h3 class=\"wp-block-heading\">Amikor a mesters\u00e9ges intelligenciam\u0171v\u00e9szet kereskedelmi felhaszn\u00e1l\u00e1sra jogosult<\/h3>\n\n\n\n<p>Mit jelent egy\u00e1ltal\u00e1n a \"kereskedelmi felhaszn\u00e1l\u00e1s\"?<\/p>\n\n\n\n<p>Egyszer\u0171bben fogalmazva, a kereskedelmi felhaszn\u00e1l\u00e1s azt jelenti, hogy eladod a m\u0171vedet, rekl\u00e1mokban haszn\u00e1lod, vagy b\u00e1rmilyen m\u00f3don p\u00e9nzt keresel vele.&nbsp;<\/p>\n\n\n\n<p>Ha csak sz\u00f3rakoz\u00e1sb\u00f3l k\u00e9sz\u00edtesz, nem kell sokat agg\u00f3dnod. <\/p>\n\n\n\n<p>De amint megpr\u00f3b\u00e1lsz eladni egy mesters\u00e9ges intelligencia \u00e1ltal gener\u00e1lt m\u0171vet - legyen az nyomat, NFT vagy term\u00e9kterv -, ellen\u0151rizned kell a haszn\u00e1lt mesters\u00e9ges intelligencia eszk\u00f6z szab\u00e1lyait.<\/p>\n\n\n\n<p>Itt van a <a href=\"https:\/\/evedesigns.org\/maximize-earnings-with-ai-art-licensing-guide-2\/\" target=\"_blank\" rel=\"noreferrer noopener\">a szab\u00e1lyok l\u00e9p\u00e9sr\u0151l l\u00e9p\u00e9sre t\u00f6rt\u00e9n\u0151 ellen\u0151rz\u00e9se<\/a>:&nbsp;<\/p>\n\n\n\n<p><strong>L\u00e9p\u00e9s # 1 - L\u00e1togasson el a hivatalos weboldalra<\/strong><\/p>\n\n\n\n<p>Keresse az olyan r\u00e9szeket, mint \"Szolg\u00e1ltat\u00e1si felt\u00e9telek\", \"Licencel\u00e9s\", \"Felhaszn\u00e1l\u00e1si jogok\" vagy \"Kereskedelmi felhaszn\u00e1l\u00e1si ir\u00e1nyelvek\".<br><\/p>\n\n\n\n<p><strong># 2. l\u00e9p\u00e9s - A licenct\u00edpus azonos\u00edt\u00e1sa<\/strong><\/p>\n\n\n\n<ul class=\"wp-block-list\">\n<li>Ingyenes licenc: Egyes eszk\u00f6z\u00f6k ingyenes kereskedelmi felhaszn\u00e1l\u00e1st tesznek lehet\u0151v\u00e9, de gyakran felt\u00e9telekhez k\u00f6tve (pl.: attrib\u00faci\u00f3).<\/li>\n<\/ul>\n\n\n\n<ul class=\"wp-block-list\">\n<li>Fizetett licenc: Egyesek el\u0151fizet\u00e9st vagy egyszeri fizet\u00e9st ig\u00e9nyelnek a kereskedelmi jogok felold\u00e1s\u00e1hoz.<\/li>\n<\/ul>\n\n\n\n<ul class=\"wp-block-list\">\n<li>Korl\u00e1tozott licenc: Egyesek csak nem kereskedelmi c\u00e9l\u00fa felhaszn\u00e1l\u00e1st enged\u00e9lyeznek (pl. kutat\u00e1s, szem\u00e9lyes projektek).<br><\/li>\n<\/ul>\n\n\n\n<p><strong># 3. l\u00e9p\u00e9s - Ellen\u0151rizze, hogy a modell szerz\u0151i jogv\u00e9delem alatt \u00e1ll\u00f3 k\u00e9pz\u00e9si adatokat haszn\u00e1l-e<\/strong><\/p>\n\n\n\n<ul class=\"wp-block-list\">\n<li>Ha a mesters\u00e9ges intelligenci\u00e1t szerz\u0151i jogi v\u00e9delem alatt \u00e1ll\u00f3 tartalmakon k\u00e9pezt\u00e9k ki, akkor is jogi kock\u00e1zatokkal j\u00e1rhat, m\u00e9g akkor is, ha az eszk\u00f6z lehet\u0151v\u00e9 teszi a kereskedelmi felhaszn\u00e1l\u00e1st.<br><\/li>\n\n\n\n<li>Keresse az AI \u00e1ltal gener\u00e1lt m\u0171alkot\u00e1sok tulajdonjog\u00e1ra vonatkoz\u00f3 nyilatkozatokat a ToS-ban.<br><\/li>\n<\/ul>\n\n\n\n<p><strong># 4. l\u00e9p\u00e9s - Kapcsolatfelv\u00e9tel az \u00fcgyf\u00e9lszolg\u00e1lattal (ha nem egy\u00e9rtelm\u0171)<\/strong><\/p>\n\n\n\n<ul class=\"wp-block-list\">\n<li>Ha a felt\u00e9telek nem egy\u00e9rtelm\u0171ek, forduljon az eszk\u00f6z \u00fcgyf\u00e9lszolg\u00e1lat\u00e1hoz meger\u0151s\u00edt\u00e9s\u00e9rt.<\/li>\n<\/ul>\n\n\n\n<ul class=\"wp-block-list\">\n<li>K\u00e9rdezd meg: \"Eladhatom, felhaszn\u00e1lhatom vagy m\u00f3dos\u00edthatom a mesters\u00e9ges intelligencia \u00e1ltal gener\u00e1lt k\u00e9peket \u00fczleti c\u00e9lokra?\"<br><\/li>\n<\/ul>\n\n\n\n<p><strong># 5. l\u00e9p\u00e9s - Kimeneti jogok \u00e9s m\u00f3dos\u00edt\u00e1sok ellen\u0151rz\u00e9se<\/strong><\/p>\n\n\n\n<ul class=\"wp-block-list\">\n<li>Egyes eszk\u00f6z\u00f6k teljes k\u00f6r\u0171 kereskedelmi jogokat biztos\u00edtanak, de korl\u00e1tozhatj\u00e1k a m\u00f3dos\u00edt\u00e1sokat.<br><\/li>\n\n\n\n<li>Gy\u0151z\u0151dj\u00f6n meg arr\u00f3l, hogy sz\u00fcks\u00e9g eset\u00e9n szerkesztheti, tov\u00e1bbterjesztheti vagy v\u00e9djegyezheti a k\u00e9pet.<br><\/li>\n<\/ul>\n\n\n\n<p><strong>L\u00e9p\u00e9s # 6 - V\u00edzjelek vagy szerz\u0151i jogi korl\u00e1toz\u00e1sok ellen\u0151rz\u00e9se<\/strong><\/p>\n\n\n\n<ul class=\"wp-block-list\">\n<li>N\u00e9h\u00e1ny ingyenes eszk\u00f6z v\u00edzjelet ad hozz\u00e1, vagy korl\u00e1tozza a felbont\u00e1st a kereskedelmi felhaszn\u00e1l\u00e1s \u00e9rdek\u00e9ben.<br><\/li>\n\n\n\n<li>A fizet\u0151s verzi\u00f3k \u00e1ltal\u00e1ban megsz\u00fcntetik ezeket a korl\u00e1toz\u00e1sokat.<\/li>\n<\/ul>\n\n\n\n<h3 class=\"wp-block-heading\">A mesters\u00e9ges intelligencia m\u0171v\u00e9szet elad\u00e1s\u00e1t lehet\u0151v\u00e9 tev\u0151 platformok vs. azok, amelyek nem teszik ezt lehet\u0151v\u00e9<\/h3>\n\n\n\n<figure class=\"wp-block-image size-large\"><img loading=\"lazy\" decoding=\"async\" width=\"1024\" height=\"576\" src=\"https:\/\/undetectable.ai/blog\/wp-content\/uploads\/2025\/03\/Platforms-That-Allow-Selling-AI-Art-vs-Those-That-Dont-1-1024x576.jpg\" alt=\"\" class=\"wp-image-7294\" title=\"\" srcset=\"https:\/\/undetectable.ai/blog\/wp-content\/uploads\/2025\/03\/Platforms-That-Allow-Selling-AI-Art-vs-Those-That-Dont-1-1024x576.jpg 1024w, https:\/\/undetectable.ai/blog\/wp-content\/uploads\/2025\/03\/Platforms-That-Allow-Selling-AI-Art-vs-Those-That-Dont-1-300x169.jpg 300w, https:\/\/undetectable.ai/blog\/wp-content\/uploads\/2025\/03\/Platforms-That-Allow-Selling-AI-Art-vs-Those-That-Dont-1-768x432.jpg 768w, https:\/\/undetectable.ai/blog\/wp-content\/uploads\/2025\/03\/Platforms-That-Allow-Selling-AI-Art-vs-Those-That-Dont-1-1536x864.jpg 1536w, https:\/\/undetectable.ai/blog\/wp-content\/uploads\/2025\/03\/Platforms-That-Allow-Selling-AI-Art-vs-Those-That-Dont-1-18x10.jpg 18w, https:\/\/undetectable.ai/blog\/wp-content\/uploads\/2025\/03\/Platforms-That-Allow-Selling-AI-Art-vs-Those-That-Dont-1.jpg 1600w\" sizes=\"auto, (max-width: 1024px) 100vw, 1024px\" \/><\/figure>\n\n\n\n<h2 class=\"wp-block-heading\">Hol lehet eladni az AI-gener\u00e1lt m\u0171v\u00e9szetet (Legjobb piacterek)<\/h2>\n\n\n\n<figure class=\"wp-block-image size-large\"><img loading=\"lazy\" decoding=\"async\" width=\"1024\" height=\"576\" src=\"https:\/\/undetectable.ai/blog\/wp-content\/uploads\/2025\/03\/Where-to-Sell-AI-Generated-Art-Best-Marketplaces-1-1024x576.jpg\" alt=\"\" class=\"wp-image-7296\" title=\"\" srcset=\"https:\/\/undetectable.ai/blog\/wp-content\/uploads\/2025\/03\/Where-to-Sell-AI-Generated-Art-Best-Marketplaces-1-1024x576.jpg 1024w, https:\/\/undetectable.ai/blog\/wp-content\/uploads\/2025\/03\/Where-to-Sell-AI-Generated-Art-Best-Marketplaces-1-300x169.jpg 300w, https:\/\/undetectable.ai/blog\/wp-content\/uploads\/2025\/03\/Where-to-Sell-AI-Generated-Art-Best-Marketplaces-1-768x432.jpg 768w, https:\/\/undetectable.ai/blog\/wp-content\/uploads\/2025\/03\/Where-to-Sell-AI-Generated-Art-Best-Marketplaces-1-1536x864.jpg 1536w, https:\/\/undetectable.ai/blog\/wp-content\/uploads\/2025\/03\/Where-to-Sell-AI-Generated-Art-Best-Marketplaces-1-18x10.jpg 18w, https:\/\/undetectable.ai/blog\/wp-content\/uploads\/2025\/03\/Where-to-Sell-AI-Generated-Art-Best-Marketplaces-1.jpg 1600w\" sizes=\"auto, (max-width: 1024px) 100vw, 1024px\" \/><\/figure>\n\n\n\n<h3 class=\"wp-block-heading\">Lehet-e szerz\u0151i jogot szerezni a mesters\u00e9ges intelligencia m\u0171v\u00e9szetre? (Jogi sz\u00fcrke z\u00f3n\u00e1k)<\/h3>\n\n\n\n<p>A szerz\u0151i jogi szab\u00e1lyoz\u00e1s a mesters\u00e9ges intelligencia \u00e1ltal gener\u00e1lt tartalmakkal kapcsolatban m\u00e9g mindig egy kicsit sz\u00fcrke z\u00f3na, \u00e9s \u0151szint\u00e9n sz\u00f3lva, ez frusztr\u00e1l\u00f3nak t\u0171nik.&nbsp;<\/p>\n\n\n\n<p>Lehet, hogy \u00f3r\u00e1kig \u00edrja a t\u00f6k\u00e9letes mesters\u00e9ges intelligencia-felk\u00e9r\u00e9st, finom\u00edtja, finom\u00edtja \u00e9s kur\u00e1torkodik a kimeneten - csak hogy r\u00e1j\u00f6jj\u00f6n, hogy jogilag nem biztos, hogy \u00f6nnek vannak jogai hozz\u00e1.&nbsp;<\/p>\n\n\n\n<p>Mi\u00e9rt?<\/p>\n\n\n\n<p>Mert a szerz\u0151i jogi t\u00f6rv\u00e9nyt az \"emberi\" kreativit\u00e1s v\u00e9delm\u00e9re tervezt\u00e9k.&nbsp;<\/p>\n\n\n\n<p>Az Egyes\u00fclt \u00c1llamok Szerz\u0151i Jogi Hivatala a mesters\u00e9ges intelligenci\u00e1t eszk\u00f6znek tekinti, nem pedig m\u0171v\u00e9sznek. <\/p>\n\n\n\n<p>Ha teh\u00e1t egy mesters\u00e9ges intelligenciamodell \"hozza l\u00e9tre\" a v\u00e9gs\u0151 m\u0171vet, az nem tekinthet\u0151 eredeti emberi alkot\u00e1snak - \u00e9s ez\u00e9rt nem \u00e9lvez szerz\u0151i jogi v\u00e9delmet.&nbsp;<\/p>\n\n\n\n<p>Az emberi r\u00e9szv\u00e9tel szintje azonban nem mindegy.&nbsp;<\/p>\n\n\n\n<p>Ha \u00d6n jelent\u0151s m\u00e9rt\u00e9kben ir\u00e1ny\u00edtja az alkot\u00f3i folyamatot - r\u00e9szletes felk\u00e9r\u00e9seket \u00edr, komoly szerkeszt\u00e9si munk\u00e1kat v\u00e9gez, kiv\u00e1lasztja \u00e9s finom\u00edtja a v\u00e9gs\u0151 v\u00e1ltozatot -, akkor a szerz\u0151i jognak nagyobb jelent\u0151s\u00e9ge van.<\/p>\n\n\n\n<p>Annak \u00e9rdek\u00e9ben, hogy az AI-alap\u00fa m\u0171v\u00e9szet ne tartalmazzon rejtett generat\u00edv al\u00e1\u00edr\u00e1sokat vagy az alkot\u00f3eszk\u00f6z\u00f6k \u00e1ltal h\u00e1trahagyott metaadatokat, haszn\u00e1lhatja az Undetectable AI's <a href=\"https:\/\/undetectable.ai\/ai-text-watermark-remover?mega-menu-pe=variation_c\" target=\"_blank\" rel=\"noopener\"><strong>AI sz\u00f6veges v\u00edzjel elt\u00e1vol\u00edt\u00f3<\/strong><\/a>.<\/p>\n\n\n\n<p>T\u00f6rli a be\u00e1gyazott AI azonos\u00edt\u00f3kat a k\u00e9pal\u00e1\u00edr\u00e1sokb\u00f3l, le\u00edr\u00e1sokb\u00f3l vagy a m\u0171alkot\u00e1shoz kapcsol\u00f3d\u00f3 prom\u00f3ci\u00f3s sz\u00f6vegekb\u0151l, \u00edgy a hirdet\u00e9sek tiszt\u00e1n, eredetinek \u00e9s automatiz\u00e1lt v\u00edzjelekt\u0151l mentesnek t\u0171nnek.<\/p>\n\n\n<div class=\"wp-block-image\">\n<figure class=\"aligncenter size-large\"><img loading=\"lazy\" decoding=\"async\" width=\"1024\" height=\"481\" src=\"https:\/\/undetectable.ai/blog\/wp-content\/uploads\/2025\/08\/AI-Watermark-Removal-Tool-Undetectable-AI-1024x481.jpg\" alt=\"Undetectable AI&#039;s AI&#039;s AI Text Watermark Remover eszk\u00f6z k\u00e9perny\u0151ment\u00e9se\" class=\"wp-image-13312\" title=\"\" srcset=\"https:\/\/undetectable.ai/blog\/wp-content\/uploads\/2025\/08\/AI-Watermark-Removal-Tool-Undetectable-AI-1024x481.jpg 1024w, https:\/\/undetectable.ai/blog\/wp-content\/uploads\/2025\/08\/AI-Watermark-Removal-Tool-Undetectable-AI-300x141.jpg 300w, https:\/\/undetectable.ai/blog\/wp-content\/uploads\/2025\/08\/AI-Watermark-Removal-Tool-Undetectable-AI-768x360.jpg 768w, https:\/\/undetectable.ai/blog\/wp-content\/uploads\/2025\/08\/AI-Watermark-Removal-Tool-Undetectable-AI-18x8.jpg 18w, https:\/\/undetectable.ai/blog\/wp-content\/uploads\/2025\/08\/AI-Watermark-Removal-Tool-Undetectable-AI.jpg 1366w\" sizes=\"auto, (max-width: 1024px) 100vw, 1024px\" \/><\/figure><\/div>\n\n\n<p>Ha azonban az \u00d6n beavatkoz\u00e1sa minim\u00e1lis, mint p\u00e9ld\u00e1ul egy egyszer\u0171 k\u00e9r\u00e9s be\u00edr\u00e1sa, \u00e9s elfogadja, amit a mesters\u00e9ges intelligencia kik\u00f6p, a szerz\u0151i jogi v\u00e9delemre sokkal nehezebb lesz hivatkozni.&nbsp;<\/p>\n\n\n\n<p>Mit tehetsz teh\u00e1t, ha mesters\u00e9ges intelligenci\u00e1val t\u00e1mogatott m\u0171v\u00e9szetet hozol l\u00e9tre?<\/p>\n\n\n\n<ul class=\"wp-block-list\">\n<li>Tartsa nyilv\u00e1n a kreat\u00edv munk\u00e1j\u00e1t (a felk\u00e9r\u00e9seket, a szerkeszt\u00e9seket \u00e9s az \u00e1tdolgoz\u00e1sokat).<\/li>\n\n\n\n<li>\u00c9rtse meg, hogy a mesters\u00e9ges intelligencia \u00e1ltal gener\u00e1lt m\u0171vek nem felt\u00e9tlen\u00fcl rendelkeznek teljes szerz\u0151i jogi v\u00e9delemmel.<\/li>\n\n\n\n<li>Vegye figyelembe a v\u00e9djegyeket, szerz\u0151d\u00e9seket vagy licencszerz\u0151d\u00e9seket.<\/li>\n<\/ul>\n\n\n\n<p>Van m\u00e9g egy dolog, amit nem szabad elfelejteni, hogy a t\u00f6rv\u00e9nyek nem mindig maradnak ugyanazok. <\/p>\n\n\n\n<p>A b\u00edr\u00f3s\u00e1gok \u00e9s a jogalkot\u00f3k akt\u00edvan vitatkoznak ezekr\u0151l a k\u00e9rd\u00e9sekr\u0151l, \u00e9s id\u0151vel val\u00f3sz\u00edn\u0171leg \u00faj ir\u00e1nymutat\u00e1sok sz\u00fcletnek.&nbsp;<\/p>\n\n\n\n<p>Addig is, a mesters\u00e9ges intelligencia \u00e1ltal gener\u00e1lt m\u0171v\u00e9szet jogi szempontb\u00f3l sz\u00fcrke z\u00f3n\u00e1ban marad - ha teh\u00e1t a szerz\u0151i jog fontos az \u00d6n sz\u00e1m\u00e1ra, k\u00e9sz\u00fclj\u00f6n fel n\u00e9mi bizonytalans\u00e1gra.<\/p>\n\n\n\n<h2 class=\"wp-block-heading\">Legjobb gyakorlatok a mesters\u00e9ges intelligencia m\u0171v\u00e9szet sikeres \u00e9rt\u00e9kes\u00edt\u00e9s\u00e9hez<\/h2>\n\n\n\n<p>A mesters\u00e9ges intelligencia \u00e1ltal gener\u00e1lt m\u0171alkot\u00e1sok \u00e9rt\u00e9kes\u00edt\u00e9se nem olyan egyszer\u0171, mint egy k\u00e9p felt\u00f6lt\u00e9se \u00e9s egy \u00e1rc\u00e9dula hozz\u00e1ad\u00e1sa. <\/p>\n\n\n\n<p>Egyesek im\u00e1dni fogj\u00e1k, m\u00e1sok szkeptikusak lesznek, \u00e9s sokan nem fogj\u00e1k \u00e9rteni, hogyan m\u0171k\u00f6dik.&nbsp;<\/p>\n\n\n\n<p>A kereskedelmi haszon \u00e9rdek\u00e9ben nem csup\u00e1n figyelemfelkelt\u0151 l\u00e1tv\u00e1nyra van sz\u00fcks\u00e9g, hanem bizalomra, \u00e1tl\u00e1that\u00f3s\u00e1gra \u00e9s szem\u00e9lyes \u00e9rint\u00e9sre is.&nbsp;<\/p>\n\n\n\n<p><strong>1 - A mesters\u00e9ges intelligencia haszn\u00e1lat\u00e1nak k\u00f6zz\u00e9t\u00e9tele<\/strong><\/p>\n\n\n\n<p>Az \u0151szintes\u00e9g eladhat\u00f3. Ha a mesters\u00e9ges intelligencia szerepet j\u00e1tszott a m\u0171vedben, ne rejtsd el. Nem mindenkit fog zavarni, de azok, akiket zavar, \u00e9rt\u00e9kelni fogj\u00e1k a nyilv\u00e1noss\u00e1gra hozatalt. <\/p>\n\n\n\n<p>Egy egyszer\u0171 megjegyz\u00e9ssel, mint p\u00e9ld\u00e1ul \"K\u00e9sz\u00fclt mesters\u00e9ges intelligencia seg\u00edts\u00e9g\u00e9vel, k\u00e9zzel szerkesztett finom\u00edt\u00e1sokkal\", elker\u00fclhet\u0151k a k\u00e9s\u0151bbi probl\u00e9m\u00e1k.<\/p>\n\n\n\n<p><strong>2 - Mutasd meg kreat\u00edv folyamatodat<\/strong><\/p>\n\n\n\n<p>A munka dokument\u00e1l\u00e1sa hitelesebb\u00e9 \u00e9s \u00e9rt\u00e9kesebb\u00e9 teszi a munk\u00e1t. Tartsa sz\u00e1mon:<\/p>\n\n\n\n<ul class=\"wp-block-list\">\n<li>Az eredeti k\u00e9r\u00e9sek<\/li>\n\n\n\n<li>Pillanatk\u00e9p a k\u00fcl\u00f6nb\u00f6z\u0151 m\u0171v\u00e9szeti v\u00e1ltozatokr\u00f3l<\/li>\n\n\n\n<li>B\u00e1rmilyen k\u00e9zi szerkeszt\u00e9s vagy jav\u00edt\u00e1s<\/li>\n\n\n\n<li>Az egyes darabok szerkeszt\u00e9s\u00e9re ford\u00edtott id\u0151.&nbsp;<\/li>\n<\/ul>\n\n\n\n<p>Ez nem csak a kreat\u00edv tulajdonjogot er\u0151s\u00edti, hanem a marketing \u00e9s a t\u00f6rt\u00e9netmes\u00e9l\u00e9s sz\u00e1m\u00e1ra is nagyszer\u0171, a kulissz\u00e1k m\u00f6g\u00f6tti tartalmakat biztos\u00edt.&nbsp;<\/p>\n\n\n\n<p><strong>3 - Ellen\u0151rz\u0151 eszk\u00f6z\u00f6k haszn\u00e1lata az \u00e1tl\u00e1that\u00f3s\u00e1g \u00e9rdek\u00e9ben<\/strong><\/p>\n\n\n\n<p>A mesters\u00e9ges intelligencia \u00e1ltal gener\u00e1lt m\u0171v\u00e9szet eset\u00e9ben a folyamat bizony\u00edt\u00e1sa sz\u00e1m\u00edt. Haszn\u00e1lja a <a href=\"https:\/\/undetectable.ai\/ai-image-detector\" target=\"_blank\" rel=\"noreferrer noopener\">AI k\u00e9p\u00e9rz\u00e9kel\u0151<\/a> a m\u0171alkot\u00e1s ellen\u0151rz\u00e9s\u00e9re. <\/p>\n\n\n\n<p>Ezen extra l\u00e9p\u00e9sek megt\u00e9tel\u00e9vel \u00d6n profik\u00e9nt l\u00e9p fel, \u00e9s elker\u00fclheti a j\u00f6v\u0151beni vit\u00e1kat.&nbsp;<\/p>\n\n\n\n<p><strong>4 - Fejlesszen ki egy felismerhet\u0151 st\u00edlust<\/strong><\/p>\n\n\n\n<p>M\u00e9g a legkeresettebb m\u0171v\u00e9szek is haszn\u00e1lnak mesters\u00e9ges intelligenci\u00e1t. De a k\u00fcl\u00f6nbs\u00e9g csak annyi, hogy \u0151k az eszk\u00f6znek a saj\u00e1t jellegzetes kin\u00e9zet\u00fcket adt\u00e1k. <\/p>\n\n\n\n<p>Tal\u00e1lhatsz n\u00e9h\u00e1ny m\u00f3dot arra is, hogy a munk\u00e1dat m\u00e1ss\u00e1 tedd:<\/p>\n\n\n\n<ul class=\"wp-block-list\">\n<li>K\u00eds\u00e9rletezzen egyedi \u00f6szt\u00f6nz\u00e9si technik\u00e1kkal<\/li>\n\n\n\n<li>K\u00f6vetkezetes ut\u00f3feldolgoz\u00e1si m\u00f3dszerek haszn\u00e1lata<\/li>\n\n\n\n<li>Konkr\u00e9t t\u00e9m\u00e1kra \u00f6sszpontos\u00edtanak<\/li>\n\n\n\n<li>Ink\u00e1bb \u00f6sszef\u00fcgg\u0151 m\u0171vek sorozat\u00e1t hozza l\u00e9tre, mint egyedi alkot\u00e1sokat.&nbsp;<\/li>\n<\/ul>\n\n\n\n<p><strong>5 - A megfelel\u0151 k\u00f6z\u00f6ns\u00e9g megnyer\u00e9se<\/strong><\/p>\n\n\n\n<p>A mesters\u00e9ges intelligencia kereskedelmi c\u00e9l\u00fa felhaszn\u00e1l\u00e1s\u00e1nak kulcsa nem a szkeptikusok meggy\u0151z\u00e9se, hanem az, hogy megtal\u00e1ljuk azokat a v\u00e1s\u00e1rl\u00f3kat, akik m\u00e1r \u00e9rt\u00e9kelik a mesters\u00e9ges intelligenci\u00e1val t\u00e1mogatott kreativit\u00e1st. <\/p>\n\n\n\n<p>Ehhez:<\/p>\n\n\n\n<ul class=\"wp-block-list\">\n<li>Csatlakozz m\u0171v\u00e9szeti k\u00f6z\u00f6ss\u00e9gekhez \u00e9s f\u00f3rumokhoz<\/li>\n\n\n\n<li>T\u00e1j\u00e9koztassa k\u00f6z\u00f6ns\u00e9g\u00e9t arr\u00f3l, hogyan hozza l\u00e9tre munk\u00e1it<\/li>\n\n\n\n<li>Emelje ki, hogy mi teszi egyediv\u00e9 a megk\u00f6zel\u00edt\u00e9s\u00e9t<\/li>\n<\/ul>\n\n\n\n<h2 class=\"wp-block-heading\">GYIK az AI-gener\u00e1lt m\u0171v\u00e9szet elad\u00e1s\u00e1r\u00f3l<\/h2>\n\n\n<div id=\"rank-math-faq\" class=\"rank-math-block\">\n<div class=\"rank-math-list\">\n<div id=\"faq-question-1743014165794\" class=\"rank-math-list-item\">\n<h3 class=\"rank-math-question\">Hol tudom eladni a mesters\u00e9ges intelligenci\u00e1t?<\/h3>\n<div class=\"rank-math-answer\">\n\n<p>\u00cdme n\u00e9h\u00e1ny platform. <br \/>Etsy (a legjobb digit\u00e1lis let\u00f6lt\u00e9sek \u00e9s nyomatok elad\u00e1s\u00e1ra alkalmi v\u00e1s\u00e1rl\u00f3knak). <br \/>OpenSea (ide\u00e1lis az NFT-\u00e9rt\u00e9kes\u00edt\u00e9shez, de a piac ingadoz\u00f3). ArtStation (j\u00f3 az AI m\u0171v\u00e9szet bemutat\u00e1s\u00e1ra komoly gy\u0171jt\u0151k sz\u00e1m\u00e1ra). Redbubble\/Society6 (print-on-demand passz\u00edv j\u00f6vedelemhez. B\u00e1r a nyeres\u00e9g alacsonyabb). A nyomatokon t\u00fali fizikai term\u00e9kek eset\u00e9ben a mesters\u00e9ges intelligencia m\u0171v\u00e9szet\u00e9t alkalmazhatja a k\u00f6vetkez\u0151kre is <a href=\"https:\/\/www.podbase.com\/\" target=\"_blank\" rel=\"noopener\">print-on-demand egyedi technikai kieg\u00e9sz\u00edt\u0151k<\/a> a Podbase-en kereszt\u00fcl.<\/p>\n\n<\/div>\n<\/div>\n<div id=\"faq-question-1743014188678\" class=\"rank-math-list-item\">\n<h3 class=\"rank-math-question\">Kell-e nyilv\u00e1noss\u00e1gra hozni a mesters\u00e9ges intelligenci\u00e1t?<\/h3>\n<div class=\"rank-math-answer\">\n\n<p>Igen, etikai \u00e9s jogi okokb\u00f3l. Egyes platformok (p\u00e9ld\u00e1ul az Adobe Stock \u00e9s a Fiverr) megk\u00f6vetelik a mesters\u00e9ges intelligencia k\u00f6zz\u00e9t\u00e9tel\u00e9t, \u00e9s ha nem eml\u00edti meg, kitilthatj\u00e1k. <\/p>\n<p>R\u00e1ad\u00e1sul a vev\u0151k \u00e9rt\u00e9kelik az \u0151szintes\u00e9get. A mesters\u00e9ges intelligenci\u00e1val kapcsolatos \u0151szintes\u00e9g seg\u00edt a bizalom \u00e9s a hiteless\u00e9g ki\u00e9p\u00edt\u00e9s\u00e9ben. A mesters\u00e9ges intelligenci\u00e1val kapcsolatos szerz\u0151i jogi t\u00f6rv\u00e9nyek m\u00e9g mindig fejl\u0151dnek, ez\u00e9rt jobb, ha \u00e1tl\u00e1that\u00f3ak vagyunk, hogy elker\u00fclj\u00fck a jogi bonyodalmakat.<\/p>\n\n<\/div>\n<\/div>\n<div id=\"faq-question-1743014217138\" class=\"rank-math-list-item\">\n<h3 class=\"rank-math-question\">Mennyit lehet keresni az AI Art elad\u00e1s\u00e1val?<\/h3>\n<div class=\"rank-math-answer\">\n\n<p>A kezd\u0151k $50-$150\/h\u00f3, a k\u00f6z\u00e9pszint\u0171 elad\u00f3k $300-$700\/h\u00f3, a legjobb AI m\u0171v\u00e9szek pedig $6k+ kereshetnek er\u0151s m\u00e1rka\u00e9p\u00edt\u00e9ssel \u00e9s jutal\u00e9kokkal. <\/p>\n<p>Passz\u00edv j\u00f6vedelem fro, Etsy nyomatok vagy nagy \u00e9rt\u00e9k\u0171 NFT \u00e9rt\u00e9kes\u00edt\u00e9s is j\u00f6vedelmez\u0151 lehet egy szil\u00e1rd strat\u00e9gi\u00e1val.<\/p>\n\n<\/div>\n<\/div>\n<\/div>\n<\/div>\n\n\n<h2 class=\"wp-block-heading\">K\u00f6vetkeztet\u00e9s<\/h2>\n\n\n\n<p>Az igazi k\u00e9rd\u00e9s nem az, hogy a mesters\u00e9ges intelligencia k\u00e9pes-e m\u0171v\u00e9szetet l\u00e9trehozni, hanem az, hogy mi, m\u0171v\u00e9szek \u00e9s alkot\u00f3k mit kezd\u00fcnk vele.<\/p>\n\n\n\n<p>Vajon arra fogjuk-e haszn\u00e1lni, hogy \u00e1tt\u00f6rj\u00fck a kreat\u00edv korl\u00e1tokat, \u00faj bev\u00e9teli forr\u00e1sokat nyissunk, \u00e9s \u00fajra\u00e9rtelmezz\u00fck az eredetis\u00e9get?<\/p>\n\n\n\n<p>Vagy ellen\u00e1llunk, \u00e9s ragaszkodunk a szerz\u0151s\u00e9g r\u00e9gi elk\u00e9pzel\u00e9seihez, mik\u00f6zben a vil\u00e1g halad el\u0151re?<\/p>\n\n\n\n<p>Pablo Picasso mondta egyszer, <strong><em>\"Tanuld meg a szab\u00e1lyokat, mint egy profi, hogy \u00fagy szegd meg \u0151ket, mint egy m\u0171v\u00e9sz.\"<\/em><\/strong> A mesters\u00e9ges intelligencia csak egy \u00fajabb szab\u00e1ly, amit meg kell tanulni - egy eszk\u00f6z, nem pedig helyettes\u00edt\u0151.<\/p>\n\n\n\n<p>A mesters\u00e9ges intelligencia m\u0171v\u00e9szet a t\u00f6rt\u00e9netmes\u00e9l\u00e9sr\u0151l, az etik\u00e1r\u00f3l \u00e9s a jelent\u00e9sr\u0151l is sz\u00f3lhat.&nbsp;<\/p>\n\n\n\n<p>Azok a m\u0171v\u00e9szek, akik k\u00edv\u00e1ncsis\u00e1ggal \u00e9s c\u00e9ltudatoss\u00e1ggal hajolnak bele, alak\u00edtj\u00e1k majd a j\u00f6v\u0151t, m\u00edg azok, akik ellene k\u00fczdenek, tal\u00e1n csak a felh\u0151kbe kiab\u00e1lnak.<\/p>\n\n\n\n<p>Mert v\u00e9gs\u0151 soron a m\u0171v\u00e9szet nem arr\u00f3l sz\u00f3l, hogy ki (vagy mi) k\u00e9sz\u00edtette, hanem arr\u00f3l, hogy mit \u00e9rz\u00fcnk \u00e1ltala. \u00c9s ez? Ez az, amit egy g\u00e9p sem tud elvenni.<\/p>\n\n\n\n<p>\u00c9rdemes megn\u00e9zni az AI Detector \u00e9s Humanizer programunkat is az al\u00e1bbi widgetben!<\/p>\n\n\n\n<div id=\"uai-widget\" data-affiliate-link=\"https:\/\/undetectable.ai\/?_by=hi4km\"><script>var js = document.createElement(\"script\");js.async = true;js.src = \"https:\/\/widget.undetectable.ai\/js\/widget-loader.js?t=\"+Date.now();document.getElementsByTagName(\"head\")[0].appendChild(js);<\/script><\/div>","protected":false},"excerpt":{"rendered":"","protected":false},"author":15,"featured_media":7300,"comment_status":"closed","ping_status":"closed","sticky":false,"template":"","format":"standard","meta":{"_themeisle_gutenberg_block_has_review":false,"footnotes":""},"categories":[31],"tags":[],"class_list":["post-7288","post","type-post","status-publish","format-standard","has-post-thumbnail","hentry","category-helpful-ai-content-tips"],"_links":{"self":[{"href":"https:\/\/undetectable.ai/blog\/hu\/wp-json\/wp\/v2\/posts\/7288","targetHints":{"allow":["GET"]}}],"collection":[{"href":"https:\/\/undetectable.ai/blog\/hu\/wp-json\/wp\/v2\/posts"}],"about":[{"href":"https:\/\/undetectable.ai/blog\/hu\/wp-json\/wp\/v2\/types\/post"}],"author":[{"embeddable":true,"href":"https:\/\/undetectable.ai/blog\/hu\/wp-json\/wp\/v2\/users\/15"}],"replies":[{"embeddable":true,"href":"https:\/\/undetectable.ai/blog\/hu\/wp-json\/wp\/v2\/comments?post=7288"}],"version-history":[{"count":11,"href":"https:\/\/undetectable.ai/blog\/hu\/wp-json\/wp\/v2\/posts\/7288\/revisions"}],"predecessor-version":[{"id":19917,"href":"https:\/\/undetectable.ai/blog\/hu\/wp-json\/wp\/v2\/posts\/7288\/revisions\/19917"}],"wp:featuredmedia":[{"embeddable":true,"href":"https:\/\/undetectable.ai/blog\/hu\/wp-json\/wp\/v2\/media\/7300"}],"wp:attachment":[{"href":"https:\/\/undetectable.ai/blog\/hu\/wp-json\/wp\/v2\/media?parent=7288"}],"wp:term":[{"taxonomy":"category","embeddable":true,"href":"https:\/\/undetectable.ai/blog\/hu\/wp-json\/wp\/v2\/categories?post=7288"},{"taxonomy":"post_tag","embeddable":true,"href":"https:\/\/undetectable.ai/blog\/hu\/wp-json\/wp\/v2\/tags?post=7288"}],"curies":[{"name":"wp","href":"https:\/\/api.w.org\/{rel}","templated":true}]}}