{"id":7371,"date":"2025-03-28T13:23:00","date_gmt":"2025-03-28T13:23:00","guid":{"rendered":"https:\/\/undetectable.ai/blog\/?p=7371"},"modified":"2026-03-03T11:50:32","modified_gmt":"2026-03-03T11:50:32","slug":"panelbeszelgetes","status":"publish","type":"post","link":"https:\/\/undetectable.ai/blog\/hu\/panelbeszelgetes","title":{"rendered":"Mi az a panelinterj\u00fa? K\u00e9rd\u00e9sek \u00e9s nyertes v\u00e1laszok"},"content":{"rendered":"<p>Sok jel\u00f6lt, amikor \u00e1tn\u00e9zi a k\u00f6zelg\u0151 interj\u00fa r\u00e9szleteit, hirtelen r\u00e1j\u00f6n, hogy ez egy panelinterj\u00fa. <\/p>\n\n\n\n<p>A szok\u00e1sos egy az egy elleni fel\u00e1ll\u00e1s helyett most egy csoportnyi interj\u00faztat\u00f3val kell egyszerre szemben\u00e9zni\u00fck.&nbsp;<\/p>\n\n\n\n<p>Idegess\u00e9g!<\/p>\n\n\n\n<p>Miel\u0151tt egy intenz\u00edv kihallgat\u00e1st k\u00e9pzelne el, vegyen egy nagy leveg\u0151t.&nbsp;<\/p>\n\n\n\n<p>A panelinterj\u00fak nem olyan ijeszt\u0151ek, mint amilyennek hangzanak. <\/p>\n\n\n\n<p>A v\u00e1llalatok ezeket haszn\u00e1lj\u00e1k a felv\u00e9teli folyamat felgyors\u00edt\u00e1s\u00e1ra, \u00e9s arra, hogy t\u00f6bb d\u00f6nt\u00e9shoz\u00f3t\u00f3l egy menetben kapjanak visszajelz\u00e9st.&nbsp;<\/p>\n\n\n\n<p>Ez a cikk elmagyar\u00e1zza, hogy mi az a panelinterj\u00fa, mi\u00e9rt tartj\u00e1k, kikb\u0151l \u00e1ll a panel, \u00e9s hogyan lehet a megfelel\u0151 strat\u00e9gi\u00e1val legy\u0151zni.&nbsp;<\/p>\n\n\n\n<h2 class=\"wp-block-heading\">Mi az a panelinterj\u00fa?<\/h2>\n\n\n\n<p>A panelinterj\u00fan egyn\u00e9l t\u00f6bb interj\u00faztat\u00f3 (a szervezet k\u00fcl\u00f6nb\u00f6z\u0151 r\u00e9szlegeir\u0151l vagy szintjeir\u0151l) egyszerre \u00e9rt\u00e9keli \u00d6nt. <\/p>\n\n\n\n<p>Az OPM.gov szerint a k\u00f6vetkez\u0151k vannak <a href=\"https:\/\/www.opm.gov\/frequently-asked-questions\/assessment-policy-faq\/structured-interviews\/when-conducting-structured-interviews-how-many-or-what-number-of-interviewers-should-there-be\/\" target=\"_blank\" rel=\"noreferrer noopener\">k\u00f6r\u00fclbel\u00fcl 2-4 paneltag egy panelbesz\u00e9lget\u00e9s sor\u00e1n<\/a> \u00e1ltal\u00e1ban. <\/p>\n\n\n\n<p>Ez egy kicsit olyan, mint egy csoportos besz\u00e9lget\u00e9s, ahol te vagy a reflektorf\u00e9nyben.<\/p>\n\n\n\n<p>Az interj\u00fak\u00e9rd\u00e9sek k\u00fcl\u00f6nb\u00f6z\u0151 sz\u00f6gekb\u0151l \u00e9rkeznek majd \u00d6nh\u00f6z, \u00e9s gyors temp\u00f3j\u00faak lesznek. <\/p>\n\n\n\n<p>A k\u00e9rd\u00e9sek k\u00f6z\u00f6tt nincs annyi l\u00e9legzetv\u00e9telnyi id\u0151d.<\/p>\n\n\n\n<p>El\u0151fordulhat, hogy az egyik interj\u00faztat\u00f3nak csak az\u00e9rt v\u00e1laszol, hogy egy m\u00e1sik interj\u00faztat\u00f3 m\u00e9g azel\u0151tt k\u00f6zbesz\u00f3ljon, hogy a v\u00e1lasz\u00e1t teljesen feldolgozta volna.<\/p>\n\n\n\n<p>Az \u00e9rt\u00e9kel\u00e9s nagy r\u00e9sz\u00e9t k\u00e9pezi, hogy hogyan kezeli a nyom\u00e1st \u00e9s hogyan \u0151rzi meg a nyugalm\u00e1t.<\/p>\n\n\n\n<p>N\u00e9ha hallani fogja a \"csoportos interj\u00fa\" sz\u00f3t is. <\/p>\n\n\n\n<p>Ez\u00e9rt \u00fagy gondoltam, hogy a legjobb, ha foglalkozom azzal, hogy mi a k\u00fcl\u00f6nbs\u00e9g a panelinterj\u00fa \u00e9s a csoportos interj\u00fa k\u00f6z\u00f6tt.&nbsp;<\/p>\n\n\n\n<p>A panelinterj\u00fan \u00d6n az egyetlen jel\u00f6lt, akivel interj\u00fat k\u00e9sz\u00edtenek, de t\u00f6bb interj\u00faztat\u00f3 is jelen van k\u00fcl\u00f6nb\u00f6z\u0151 szerepk\u00f6r\u00f6kb\u0151l. <\/p>\n\n\n\n<p>A csoportos interj\u00fan azonban t\u00f6bb jel\u00f6ltet egyszerre hallgatnak meg, hogy l\u00e1ss\u00e1k, mennyire tudsz csoportos k\u00f6rnyezetben egy\u00fcttm\u0171k\u00f6dni.<\/p>\n\n\n\n<h3 class=\"wp-block-heading\">Miben k\u00fcl\u00f6nb\u00f6zik a szem\u00e9lyes interj\u00fakt\u00f3l?<\/h3>\n\n\n\n<figure class=\"wp-block-image size-large\"><img loading=\"lazy\" decoding=\"async\" width=\"1024\" height=\"683\" src=\"https:\/\/undetectable.ai/blog\/wp-content\/uploads\/2025\/03\/one-on-one-interview-1024x683.jpg\" alt=\"\" class=\"wp-image-7380\" title=\"\" srcset=\"https:\/\/undetectable.ai/blog\/wp-content\/uploads\/2025\/03\/one-on-one-interview-1024x683.jpg 1024w, https:\/\/undetectable.ai/blog\/wp-content\/uploads\/2025\/03\/one-on-one-interview-300x200.jpg 300w, https:\/\/undetectable.ai/blog\/wp-content\/uploads\/2025\/03\/one-on-one-interview-768x512.jpg 768w, https:\/\/undetectable.ai/blog\/wp-content\/uploads\/2025\/03\/one-on-one-interview-18x12.jpg 18w, https:\/\/undetectable.ai/blog\/wp-content\/uploads\/2025\/03\/one-on-one-interview.jpg 1125w\" sizes=\"auto, (max-width: 1024px) 100vw, 1024px\" \/><\/figure>\n\n\n\n<p>A n\u00e9gyszemk\u00f6zti interj\u00fa ink\u00e1bb t\u00e1rsalg\u00e1si jelleg\u0171, \u00e9s arra \u00f6sszpontos\u00edt, hogy kapcsolatot \u00e9p\u00edtsen ki egyetlen szem\u00e9llyel. A panelinterj\u00fa azonban teljesen m\u00e1s t\u00e9szta.<br><br>A k\u00f6vetkez\u0151kben k\u00fcl\u00f6nb\u00f6zik:&nbsp;<\/p>\n\n\n\n<ul class=\"wp-block-list\">\n<li>Ahelyett, hogy v\u00e1laszait az interj\u00faztat\u00f3 preferenci\u00e1ihoz igaz\u00edtan\u00e1, k\u00fcl\u00f6nb\u00f6z\u0151 n\u00e9z\u0151pontokkal kell zsongl\u0151rk\u00f6dnie, n\u00e9melyik bar\u00e1ts\u00e1gos, n\u00e9melyik szkeptikusabb.<\/li>\n<\/ul>\n\n\n\n<ul class=\"wp-block-list\">\n<li>A panelbesz\u00e9lget\u00e9seken kev\u00e9s id\u0151 \u00e1ll rendelkez\u00e9sre a beilleszked\u00e9sre. Az egyik panelista feltesz \u00d6nnek egy \u00e1tfog\u00f3 k\u00e9rd\u00e9st, m\u00edg a m\u00e1sik egy technikai k\u00e9rd\u00e9ssel ugrik be.<\/li>\n<\/ul>\n\n\n\n<ul class=\"wp-block-list\">\n<li>Ha csak arra a szem\u00e9lyre koncentr\u00e1lsz, aki a k\u00e9rd\u00e9st feltette, \u00e9s a t\u00f6bbieket figyelmen k\u00edv\u00fcl hagyod, \u00fagy fog t\u0171nni, mintha nem tudn\u00e1d, hogyan kell kapcsolatot teremteni egy csoporttal.<\/li>\n<\/ul>\n\n\n\n<ul class=\"wp-block-list\">\n<li>N\u00e9h\u00e1ny panelista sz\u00e1nd\u00e9kosan kih\u00edv\u00e1s el\u00e9 \u00e1ll\u00edtja \u00d6nt (nem az\u00e9rt, hogy gonoszkodjon, hanem hogy l\u00e1ssa, hogyan kezeli a neh\u00e9z helyzeteket). Gondoljon r\u00e1 \u00fagy, mint egy stressztesztre: hogyan reag\u00e1l, amikor nagy a t\u00e9t?<\/li>\n<\/ul>\n\n\n\n<h2 class=\"wp-block-heading\">Mi\u00e9rt haszn\u00e1lnak a munk\u00e1ltat\u00f3k panelinterj\u00fakat<\/h2>\n\n\n\n<p>Tudod, mi az a panel st\u00edlus\u00fa interj\u00fa, de most val\u00f3sz\u00edn\u0171leg elgondolkodt\u00e1l, <em>Mi a fen\u00e9\u00e9rt k\u00fcldene engem egy munk\u00e1ltat\u00f3 egy panelinterj\u00fara?<\/em>&nbsp;<\/p>\n\n\n\n<p>N\u00e9h\u00e1ny ok, ami\u00e9rt panelinterj\u00fakat tartanak, a k\u00f6vetkez\u0151:<\/p>\n\n\n\n<ol class=\"wp-block-list\">\n<li><strong>Hat\u00e9konys\u00e1g<\/strong>: Ahelyett, hogy napokon vagy heteken kereszt\u00fcl t\u00f6bbsz\u00f6ri egy\u00e9ni interj\u00fakkal r\u00e1ngatn\u00e1k v\u00e9gig \u00d6nt, mindenkit egy szob\u00e1ba h\u00edvnak, \u00e9s mindent elint\u00e9znek.<\/li>\n<\/ol>\n\n\n\n<ol start=\"2\" class=\"wp-block-list\">\n<li><strong>Val\u00f3s vil\u00e1gbeli \u00e9rt\u00e9kel\u00e9s<\/strong>: A munk\u00e1ltat\u00f3k l\u00e1tni akarj\u00e1k, hogyan l\u00e9psz kapcsolatba a k\u00fcl\u00f6nb\u00f6z\u0151 szem\u00e9lyis\u00e9gekkel - ak\u00e1rcsak a t\u00e9nyleges munk\u00e1d sor\u00e1n. Ez egy teszt az \u00d6n <a href=\"https:\/\/undetectable.ai\/blog\/best-skills-to-put-on-a-resume\/\" target=\"_blank\" rel=\"noreferrer noopener\">interperszon\u00e1lis k\u00e9szs\u00e9gek<\/a> ahol val\u00f3s id\u0151ben figyelik, hogyan kezeled a k\u00fcl\u00f6nb\u00f6z\u0151 k\u00e9rd\u00e9seket \u00e9s a lehets\u00e9ges konfliktusokat.&nbsp;<\/li>\n<\/ol>\n\n\n\n<ol start=\"3\" class=\"wp-block-list\">\n<li><strong>Csoportos d\u00f6nt\u00e9shozatal<\/strong>: A nagyv\u00e1llalatokn\u00e1l egy \u00faj csapattag felv\u00e9tele nem csak egy ember d\u00f6nt\u00e9se. A d\u00f6nt\u00e9s meghozatala el\u0151tt a HR, a csapattagok \u00e9s a vezet\u0151s\u00e9g k\u00fcl\u00f6nb\u00f6z\u0151 szempontjait is figyelembe veszik.<\/li>\n<\/ol>\n\n\n\n<ol start=\"4\" class=\"wp-block-list\">\n<li><strong>A kultur\u00e1lis illeszked\u00e9s tesztel\u00e9se k\u00fcl\u00f6nb\u00f6z\u0151 n\u00e9z\u0151pontokb\u00f3l: <\/strong>Az egy dolog, hogy valaki alkalmas-e egy feladatra, de az m\u00e1r egy m\u00e1sik dolog, hogy j\u00f3l illeszkedik-e a csapatba. A panelbesz\u00e9lget\u00e9seken pontosan meg lehet \u00edt\u00e9lni, hogy \u00d6n j\u00f3l illeszkedik-e a k\u00fcl\u00f6nb\u00f6z\u0151 szem\u00e9lyis\u00e9gekhez \u00e9s munkast\u00edlusokhoz.&nbsp;<\/li>\n<\/ol>\n\n\n\n<h2 class=\"wp-block-heading\">Ki vesz r\u00e9szt a panelinterj\u00fan?<\/h2>\n\n\n\n<p>Nos, pontosan kire is sz\u00e1m\u00edthatsz, aki az interj\u00faasztal m\u00e1sik oldal\u00e1n \u00fcl, \u00e9s k\u00e9rd\u00e9sekkel bomb\u00e1z? <\/p>\n\n\n\n<p>N\u00e9zz\u00fck meg a k\u00f6z\u00f6s paneltagokat \u00e9s azt, hogy val\u00f3sz\u00edn\u0171leg mit keresnek, amikor \u00e9rt\u00e9kelik \u00d6nt.<\/p>\n\n\n\n<figure class=\"wp-block-image size-large\"><img loading=\"lazy\" decoding=\"async\" width=\"1024\" height=\"683\" src=\"https:\/\/undetectable.ai/blog\/wp-content\/uploads\/2025\/03\/candidate-interview-1-1024x683.jpg\" alt=\"\" class=\"wp-image-7383\" title=\"\" srcset=\"https:\/\/undetectable.ai/blog\/wp-content\/uploads\/2025\/03\/candidate-interview-1-1024x683.jpg 1024w, https:\/\/undetectable.ai/blog\/wp-content\/uploads\/2025\/03\/candidate-interview-1-300x200.jpg 300w, https:\/\/undetectable.ai/blog\/wp-content\/uploads\/2025\/03\/candidate-interview-1-768x512.jpg 768w, https:\/\/undetectable.ai/blog\/wp-content\/uploads\/2025\/03\/candidate-interview-1-18x12.jpg 18w, https:\/\/undetectable.ai/blog\/wp-content\/uploads\/2025\/03\/candidate-interview-1.jpg 1125w\" sizes=\"auto, (max-width: 1024px) 100vw, 1024px\" \/><\/figure>\n\n\n\n<h3 class=\"wp-block-heading\">K\u00f6z\u00f6s paneltagok (HR, felv\u00e9teli menedzser, csoportvezet\u0151k)<\/h3>\n\n\n\n<p>Egy panelinterj\u00fan olyan egy\u00e9nekb\u0151l \u00e1ll, akik mindannyian egyedi n\u00e9z\u0151pontot k\u00e9pviselnek.<\/p>\n\n\n\n<p>Els\u0151k\u00e9nt egy HR-k\u00e9pvisel\u0151 lesz ott. <\/p>\n\n\n\n<p>Nem felt\u00e9tlen\u00fcl a technikai r\u00e9szleteket \u00e9rt\u00e9kelik, hanem sokkal ink\u00e1bb azt, hogy hogyan mutatkozol be, \u00e9s hogy milyen puha k\u00e9szs\u00e9geid vannak.<\/p>\n\n\n\n<p>Lesz egy felv\u00e9teli menedzser is, aki a legk\u00f6zvetlenebb kapcsolatban \u00e1ll a megp\u00e1ly\u00e1zott poz\u00edci\u00f3val. <\/p>\n\n\n\n<p>R\u00e9szletes k\u00e9rd\u00e9seket fognak feltenni a k\u00e9szs\u00e9geidr\u0151l \u00e9s probl\u00e9mamegold\u00f3 k\u00e9pess\u00e9geidr\u0151l, \u00e9s konkr\u00e9t p\u00e9ld\u00e1kat keresnek, amelyek bizony\u00edtj\u00e1k, hogyan tudsz hozz\u00e1j\u00e1rulni a csapat siker\u00e9hez.&nbsp;<\/p>\n\n\n\n<p>A csoportvezet\u0151k gyakran kieg\u00e9sz\u00edtik a test\u00fcletet, \u00e9s \u0151k \u00e9rt\u00e9kelik, hogy mennyire fogsz j\u00f3l beilleszkedni a megl\u00e9v\u0151 csapatba.<\/p>\n\n\n\n<p>Egyes esetekben az interj\u00fan r\u00e9szt vesz egy \u00fcgyvezet\u0151 vagy fels\u0151vezet\u0151i tag is. <\/p>\n\n\n\n<p>B\u00e1r ez nem mindig van \u00edgy, de amikor ez megt\u00f6rt\u00e9nik, akkor a v\u00e1llalat hossz\u00fa t\u00e1v\u00fa c\u00e9ljaival \u00e9s j\u00f6v\u0151k\u00e9p\u00e9vel val\u00f3 \u00f6sszhangot keresik.<\/p>\n\n\n\n<h3 class=\"wp-block-heading\">Hogyan \u00e9rt\u00e9keli az egyes interj\u00faztat\u00f3k a jel\u00f6lteket?<\/h3>\n\n\n\n<p>A zs\u0171ri minden tagja m\u00e1s-m\u00e1s szem\u00fcvegen kereszt\u00fcl \u00e9rt\u00e9keli \u00d6nt.&nbsp;<\/p>\n\n\n\n<p>A HR a kultur\u00e1lis \u00f6sszehangol\u00e1sra fog \u00f6sszpontos\u00edtani. <\/p>\n\n\n\n<p>Keresni fogj\u00e1k annak jeleit, hogy \u00d6n meg\u00e9rti \u00e9s tiszteletben tartja a v\u00e1llalati kult\u00far\u00e1t, \u00e9s olyan k\u00e9rd\u00e9seket tesz fel, amelyekb\u0151l kider\u00fcl, hogy \u00d6n professzion\u00e1lis magatart\u00e1st tan\u00fas\u00edt. <\/p>\n\n\n\n<p>A HR-esek arra is nagy figyelmet ford\u00edtanak, hogy mennyire lelkesedik a szerep\u00e9rt.&nbsp;<\/p>\n\n\n\n<p>A felv\u00e9teli menedzser ellen\u0151rzi a k\u00e9pes\u00edt\u00e9seit, \u00e9s viselked\u00e9si \u00e9s szitu\u00e1ci\u00f3s k\u00e9rd\u00e9seket tesz fel, hogy felm\u00e9rje, hogyan kezelte a kih\u00edv\u00e1sokat a m\u00faltban. <\/p>\n\n\n\n<p>Azt m\u00e9rik fel, hogy k\u00e9pes vagy-e azonnal belev\u00e1gni a munk\u00e1ba \u00e9s azonnali hat\u00e1st gyakorolni.&nbsp;<\/p>\n\n\n\n<p>A csapatvezet\u0151k legink\u00e1bb azt figyelik, hogyan l\u00e9psz kapcsolatba a csapattal. \u00c9rdekli \u0151ket, hogyan viszonyulsz az egy\u00fcttm\u0171k\u00f6d\u00e9shez, \u00e9s hogyan kezeled a csoportdinamik\u00e1t. <\/p>\n\n\n\n<p>K\u00e9rd\u00e9seket tesznek fel a konfliktuskezel\u00e9si k\u00e9szs\u00e9g\u00e9r\u0151l \u00e9s a nyom\u00e1s alatti munkav\u00e9gz\u00e9si k\u00e9pess\u00e9g\u00e9r\u0151l.&nbsp;<\/p>\n\n\n\n<h2 class=\"wp-block-heading\">Hogyan k\u00e9sz\u00fclj\u00fcnk fel egy panelinterj\u00fara&nbsp;<\/h2>\n\n\n\n<p>A panelinterj\u00fara val\u00f3 felk\u00e9sz\u00fcl\u00e9s nem sokban k\u00fcl\u00f6nb\u00f6zik b\u00e1rmely m\u00e1s interj\u00fat\u00f3l. <\/p>\n\n\n\n<p>K\u00f6vesse ezeket a tippeket, hogy j\u00f3l felk\u00e9sz\u00fclj\u00f6n r\u00e1:&nbsp;<\/p>\n\n\n\n<ul class=\"wp-block-list\">\n<li><strong>Tudd, hogy kivel fogsz szemben\u00e9zni<\/strong>: Ha a v\u00e1llalat el\u0151zetesen megosztja a panelist\u00e1kat (van, amelyik igen, van, amelyik nem), haszn\u00e1lja ki ezt az inform\u00e1ci\u00f3t.&nbsp;<\/li>\n<\/ul>\n\n\n\n<ul class=\"wp-block-list\">\n<li><strong>K\u00e9sz\u00fclj\u00f6n fel, hogy minden oldalr\u00f3l meg fogj\u00e1k grillezni.<\/strong>: Seg\u00edts\u00e9get kaphat a <a href=\"https:\/\/undetectable.ai\/ai-chat\" target=\"_blank\" rel=\"noreferrer noopener\">AI chat<\/a> hogy ut\u00e1nan\u00e9zzen a szerepk\u00f6r-specifikus k\u00e9rd\u00e9seknek, \u00e9s hat\u00e1sos v\u00e1laszokat k\u00e9sz\u00edtsen. K\u00e9sz\u00fclj\u00f6n fel a viselked\u00e9si k\u00e9rd\u00e9sekre, a szitu\u00e1ci\u00f3s forgat\u00f3k\u00f6nyvekre \u00e9s a kult\u00far\u00e1hoz illeszked\u0151 k\u00e9rd\u00e9sekre is.<\/li>\n<\/ul>\n\n\n\n<ul class=\"wp-block-list\">\n<li><strong>Gyakorl\u00e1s egy pr\u00f3babizotts\u00e1ggal<\/strong>: Gy\u0171jts\u00f6n \u00f6ssze n\u00e9h\u00e1ny embert, akiben megb\u00edzik (bar\u00e1tok\/csal\u00e1dtagok), \u00e9s k\u00e9rje meg \u0151ket, hogy legyenek a panelist\u00e1k. K\u00e9rdezze meg \u0151ket, hogy ugyan\u00fagy tegyenek fel k\u00e9rd\u00e9seket, mint az interj\u00fan. Gyakorolja, hogy nyugodt maradjon, \u00e9s ne z\u00f6kkenjen ki, amikor egyszerre k\u00e9t ember k\u00e9rdez egyszerre. A ChatGPT val\u00f3s idej\u0171 hangalap\u00fa asszisztens funkci\u00f3j\u00e1t is haszn\u00e1lhatja az interj\u00fak\u00e9rd\u00e9sek gyakorl\u00e1s\u00e1ra.<\/li>\n<\/ul>\n\n\n\n<ul class=\"wp-block-list\">\n<li><strong>Kezelje az idegeit<\/strong>: Miel\u0151tt bel\u00e9pne az interj\u00faszob\u00e1ba, sz\u00e1njon egy pillanatot arra, hogy a l\u00e9gz\u00e9s\u00e9re koncentr\u00e1ljon. Lassan \u00e9s egyenletesen. Gyakorolja a ment\u00e1lis ellen\u0151rz\u00e9st \u00f6nmag\u00e1val: \"Tudom a dolgaimat. Magabiztos vagyok. Megbirk\u00f3zom ezzel.\"<\/li>\n<\/ul>\n\n\n\n<ul class=\"wp-block-list\">\n<li><strong>Gyakorlati elk\u00f6telezetts\u00e9g<\/strong>: A panelinterj\u00fak legal\u00e1bb annyira sz\u00f3lnak arr\u00f3l, hogy mik\u00e9nt vesz r\u00e9szt a teremben, mint a v\u00e1laszokr\u00f3l, amelyeket ad. Vegye fel a szemkontaktust mindenkivel. \u00c9s persze ne feledkezzen meg az \u0151szinte mosoly erej\u00e9r\u0151l sem.&nbsp;<\/li>\n<\/ul>\n\n\n\n<ul class=\"wp-block-list\">\n<li><strong>K\u00e9sz\u00edtsd el\u0151 a k\u00e9rd\u00e9seidet<\/strong>: Az interj\u00fa v\u00e9g\u00e9n val\u00f3sz\u00edn\u0171leg megk\u00e9rdezik \u00d6nt\u0151l, hogy van-e k\u00e9rd\u00e9se a test\u00fclethez. Ne csak \u00e1ltal\u00e1nos k\u00e9rd\u00e9seket tegyen fel, mint p\u00e9ld\u00e1ul: \"Milyen a v\u00e1llalati kult\u00fara?\" vagy \"Mik a legnagyobb kih\u00edv\u00e1sok a csapat sz\u00e1m\u00e1ra?\". Ehelyett tegyen fel c\u00e9lzott k\u00e9rd\u00e9seket a panel minden egyes tagj\u00e1nak. A k\u00e9rd\u00e9sek min\u0151s\u00e9ge is hat\u00e1ssal lehet az interj\u00faztat\u00f3kra.<\/li>\n<\/ul>\n\n\n\n<h2 class=\"wp-block-heading\">Gyakori panelinterj\u00fa k\u00e9rd\u00e9sek \u00e9s a legjobb v\u00e1laszok<\/h2>\n\n\n\n<p>\u00cdme egy lista n\u00e9h\u00e1ny gyakori k\u00e9rd\u00e9sr\u0151l, amelyekkel val\u00f3sz\u00edn\u0171leg tal\u00e1lkozni fog a panelinterj\u00fan, valamint a legjobb v\u00e1laszad\u00e1si strat\u00e9gi\u00e1kr\u00f3l.&nbsp;<\/p>\n\n\n\n<h3 class=\"wp-block-heading\">Q1. Mes\u00e9ljen mag\u00e1r\u00f3l.<\/h3>\n\n\n\n<p>\"Jelenleg marketingstrat\u00e9gak\u00e9nt dolgozom az [ABC] v\u00e1llalatn\u00e1l, ahol egy digit\u00e1lis kamp\u00e1nyokkal foglalkoz\u00f3 csapatot vezetek. Az [XYZ] Egyetemen szereztem mesterdiplom\u00e1t digit\u00e1lis marketingb\u0151l. <\/p>\n\n\n\n<p>Az elm\u00falt \u00e9vek sor\u00e1n tapasztalatot szereztem az adatelemz\u00e9s \u00e9s a tartalomstrat\u00e9gia ter\u00fclet\u00e9n, mik\u00f6zben t\u00f6bbfunkci\u00f3s csapatokkal dolgoztam.\"&nbsp;<\/p>\n\n\n\n<h3 class=\"wp-block-heading\">Q2. <a href=\"https:\/\/undetectable.ai\/blog\/why-are-you-interested-in-this-position\/\" target=\"_blank\" rel=\"noreferrer noopener\">Mi\u00e9rt akarsz itt dolgozni?<\/a><\/h3>\n\n\n\n<p>\"Mindig is csod\u00e1ltam az [XYZ] v\u00e1llalat innov\u00e1ci\u00f3 ir\u00e1nti elk\u00f6telezetts\u00e9g\u00e9t, k\u00fcl\u00f6n\u00f6sen a fenntarthat\u00f3 energiamegold\u00e1sokkal kapcsolatos munk\u00e1jukban. <\/p>\n\n\n\n<p>Szenved\u00e9lyesen szeretem a technol\u00f3gi\u00e1t a glob\u00e1lis kih\u00edv\u00e1sok megold\u00e1s\u00e1ra haszn\u00e1lni, \u00e9s \u00fagy gondolom, hogy a technol\u00f3giai v\u00e1llalatok digit\u00e1lis marketingstrat\u00e9gi\u00e1inak kidolgoz\u00e1s\u00e1ban szerzett tapasztalataim m\u00e9g jobban felh\u00edvhatj\u00e1k a figyelmet az \u00f6n\u00f6k \u00fatt\u00f6r\u0151 munk\u00e1j\u00e1ra.\"<\/p>\n\n\n\n<h3 class=\"wp-block-heading\">Q3. Mes\u00e9ljen nek\u00fcnk egy olyan esetr\u0151l, amikor kih\u00edv\u00e1st jelent\u0151 helyzettel szembes\u00fclt a munkahely\u00e9n. Hogyan kezelte azt?<\/h3>\n\n\n\n<p>\"Az el\u0151z\u0151 munkahelyemen egy hirtelen rendszer\u00f6sszeoml\u00e1ssal szembes\u00fclt\u00fcnk, k\u00f6zvetlen\u00fcl egy nagyszab\u00e1s\u00fa term\u00e9kbevezet\u00e9s el\u0151tt. A feladat az volt, hogy mindent vissza\u00e1ll\u00edtsunk az online \u00e1llapotba, mik\u00f6zben a lehet\u0151 legkisebbre cs\u00f6kkentett\u00fck a k\u00e9sedelmeket. <\/p>\n\n\n\n<p>Az IT-csapat \u00e9s a term\u00e9kmenedzserek k\u00f6z\u00f6tti koordin\u00e1ci\u00f3val \u00e9s a csapattal val\u00f3 egy\u00fcttm\u0171k\u00f6d\u00e9ssel vettem \u00e1t a felel\u0151ss\u00e9get a legs\u00fcrget\u0151bb probl\u00e9m\u00e1k gyors megold\u00e1sa \u00e9rdek\u00e9ben. Ennek eredm\u00e9nyek\u00e9nt csak egy nap k\u00e9s\u00e9ssel indultunk el, \u00e9s az \u00fcgyfelek visszajelz\u00e9sei els\u00f6pr\u0151en pozit\u00edvak voltak.\"&nbsp;<\/p>\n\n\n\n<h3 class=\"wp-block-heading\">Q4. Hogyan kezeli a csapatmunk\u00e1t?<\/h3>\n\n\n\n<p>\"Csapatmunk\u00e1ban boldogulok, mert hiszek abban, hogy az egy\u00fcttm\u0171k\u00f6d\u00e9s hozza ki a legjobb \u00f6tleteket. A legut\u00f3bbi projektemben p\u00e9ld\u00e1ul tervez\u0151k, marketingesek \u00e9s fejleszt\u0151k soksz\u00edn\u0171 csoportj\u00e1val dolgoztam egy\u00fctt. <\/p>\n\n\n\n<p>K\u00fcl\u00f6nb\u00f6z\u0151 munkast\u00edlusaink voltak, de a ny\u00edlt kommunik\u00e1ci\u00f3val \u00e9s az egy\u00e9rtelm\u0171 elv\u00e1r\u00e1sok megfogalmaz\u00e1s\u00e1val siker\u00fclt a projektet a tervezett hat\u00e1rid\u0151 el\u0151tt megval\u00f3s\u00edtani.\"<\/p>\n\n\n\n<h3 class=\"wp-block-heading\">Q5. Hogyan rangsorolja a feladatokat, amikor t\u00f6bb hat\u00e1rid\u0151t kell kezelni?<\/h3>\n\n\n\n<p>\"A feladatmenedzsment eszk\u00f6z\u00f6k, p\u00e9ld\u00e1ul a Trello \u00e9s az id\u0151z\u00e1rol\u00e1si technik\u00e1k kombin\u00e1ci\u00f3j\u00e1t haszn\u00e1lom, hogy a hat\u00e1rid\u0151k\u00f6n bel\u00fcl maradjak. Mindig felm\u00e9rem az egyes feladatok s\u00fcrg\u0151ss\u00e9g\u00e9t, \u00e9s a nagy hat\u00e1s\u00fa feladatokat rangsorolom el\u0151sz\u00f6r. <\/p>\n\n\n\n<p>Ha \u00fagy \u00e9rzem, hogy t\u00falterhelt vagyok, mindenk\u00e9ppen kommunik\u00e1lok a csapattal, ha valamit \u00fajra kell rangsorolni.\"<\/p>\n\n\n\n<h3 class=\"wp-block-heading\">Q6. Mit tud c\u00e9g\u00fcnk term\u00e9keir\u0151l vagy szolg\u00e1ltat\u00e1sair\u00f3l?<\/h3>\n\n\n\n<p>\"Figyelemmel k\u00eds\u00e9rtem a v\u00e1llalatuk [XYZ] term\u00e9k\u00e9nek fejleszt\u00e9s\u00e9t, \u00e9s nagyon leny\u0171g\u00f6z\u00f6tt, ahogyan az forradalmas\u00edtja a meg\u00fajul\u00f3 energiaszektort. <\/p>\n\n\n\n<p>Csod\u00e1lom a k\u00e9pess\u00e9g\u00fcket, hogy egyens\u00falyt tudnak teremteni a fenntarthat\u00f3s\u00e1g \u00e9s a hat\u00e9konys\u00e1g k\u00f6z\u00f6tt, \u00e9s sz\u00edvesen lenn\u00e9k egy olyan csapat tagja, amely egy ilyen fontos ipar\u00e1gban a hat\u00e1rokat feszegeti.\"<\/p>\n\n\n\n<h3 class=\"wp-block-heading\">Q7. Hol l\u00e1tja mag\u00e1t \u00f6t \u00e9v m\u00falva?<\/h3>\n\n\n\n<p>\"\u00d6t \u00e9v m\u00falva vezet\u0151i poz\u00edci\u00f3ban l\u00e1tom magam, ide\u00e1lis esetben egy csapat vezet\u00e9s\u00e9vel a marketingoszt\u00e1lyon bel\u00fcl. Izgatott vagyok az itteni lehet\u0151s\u00e9gek miatt, k\u00fcl\u00f6n\u00f6sen, hogy nagy hangs\u00falyt fektetnek az innov\u00e1ci\u00f3ra, \u00e9s sz\u00edvesen lenn\u00e9k r\u00e9szese ennek a n\u00f6veked\u00e9snek.\"<\/p>\n\n\n\n<p>Ezek a v\u00e1laszok csak arra szolg\u00e1lnak, hogy k\u00e9pet kapjon arr\u00f3l, hogyan kell v\u00e1laszolnia az ilyen k\u00e9rd\u00e9sekre. <\/p>\n\n\n\n<p>Haszn\u00e1lhatja \u0151ket \u00fatmutat\u00f3k\u00e9nt, \u00e9s v\u00e1laszait szem\u00e9lyes anekdot\u00e1kkal \u00fagy alak\u00edthatja ki, hogy a v\u00e1laszok c\u00e9lba tal\u00e1ljanak.&nbsp;<\/p>\n\n\n\n<p>Az egyik <a href=\"https:\/\/undetectable.ai\/blog\/signs-you-will-get-the-job-after-interview\/\" target=\"_blank\" rel=\"noreferrer noopener\">jelek, hogy az interj\u00fa ut\u00e1n megkapod az \u00e1ll\u00e1st<\/a> az, hogy minden k\u00e9rd\u00e9sre szem\u00e9lyre szabottan v\u00e1laszolsz, nem csak a tank\u00f6nyvi v\u00e1laszokat.<\/p>\n\n\n\n<h2 class=\"wp-block-heading\">Hogyan seg\u00edthetnek a mesters\u00e9ges intelligencia eszk\u00f6z\u00f6k a panelbesz\u00e9lget\u00e9sen<\/h2>\n\n\n\n<p>Miel\u0151tt b\u00e1rkit is leny\u0171g\u00f6zhetne egy interj\u00fan, el\u0151sz\u00f6r meg kell kapnia egy megh\u00edv\u00e1st, ami egy olyan \u00f6n\u00e9letrajzzal kezd\u0151dik, amely azonnal megragadja a figyelmet.&nbsp;<\/p>\n\n\n\n<p>A j\u00f3 h\u00edr az, hogy a <a href=\"https:\/\/undetectable.ai\/resume-builder\" target=\"_blank\" rel=\"noreferrer noopener\">\u00c9szrevehetetlen AI \u00f6n\u00e9letrajz-\u00e9p\u00edt\u0151<\/a> hogy az \u00f6n\u00e9letrajzodat a megfelel\u0151 kulcsszavakkal t\u00f6ltsd meg. <\/p>\n\n\n\n<p>Mind\u00f6ssze annyit kell tennie:&nbsp;<\/p>\n\n\n\n<ol class=\"wp-block-list\">\n<li>V\u00e1lasszon egy sablont<\/li>\n\n\n\n<li>Hagyja, hogy a mesters\u00e9ges intelligencia optimaliz\u00e1lja azt az \u00d6n k\u00e9pess\u00e9geinek kiemel\u00e9s\u00e9vel \u00e9s ipar\u00e1g-specifikus kulcsszavak hozz\u00e1ad\u00e1s\u00e1val.<\/li>\n\n\n\n<li>Ha elk\u00e9sz\u00fclt, mentse el az \u00d6n \u00e1ltal v\u00e1lasztott form\u00e1tumban, \u00e9s alkalmazza b\u00e1tran.<\/li>\n<\/ol>\n\n\n<div class=\"wp-block-image\">\n<figure class=\"aligncenter size-large\"><img loading=\"lazy\" decoding=\"async\" width=\"1024\" height=\"360\" src=\"https:\/\/undetectable.ai/blog\/wp-content\/uploads\/2025\/02\/AI-Job-Applier-1024x360.jpg\" alt=\"\" class=\"wp-image-20663\" title=\"\" srcset=\"https:\/\/undetectable.ai/blog\/wp-content\/uploads\/2025\/02\/AI-Job-Applier-1024x360.jpg 1024w, https:\/\/undetectable.ai/blog\/wp-content\/uploads\/2025\/02\/AI-Job-Applier-300x105.jpg 300w, https:\/\/undetectable.ai/blog\/wp-content\/uploads\/2025\/02\/AI-Job-Applier-768x270.jpg 768w, https:\/\/undetectable.ai/blog\/wp-content\/uploads\/2025\/02\/AI-Job-Applier-18x6.jpg 18w, https:\/\/undetectable.ai/blog\/wp-content\/uploads\/2025\/02\/AI-Job-Applier.jpg 1404w\" sizes=\"auto, (max-width: 1024px) 100vw, 1024px\" \/><\/figure><\/div>\n\n\n<p>Az \u00f6n\u00e9letrajz \u00e9p\u00edt\u00e9s\u00e9n t\u00fal, kihaszn\u00e1lhatja az Undetectable AI <a href=\"https:\/\/undetectable.ai\/smart-applier\" target=\"_blank\" rel=\"noreferrer noopener\">AI Job Applier<\/a> hogy seg\u00edtsen \u00d6nnek t\u00f6bb panelinterj\u00fat biztos\u00edtani az\u00e1ltal, hogy n\u00f6veli a kik\u00fcld\u00f6tt, magas sz\u00ednvonal\u00fa p\u00e1ly\u00e1zatok sz\u00e1m\u00e1t.<\/p>\n\n\n\n<p>Az\u00e1ltal, hogy az eszk\u00f6z t\u00f6bb platformon kereszt\u00fcl automatiz\u00e1lja a beny\u00fajt\u00e1si folyamatot, biztos\u00edtja, hogy az \u00d6n optimaliz\u00e1lt profilja t\u00f6bb felv\u00e9teli vezet\u0151h\u00f6z jusson el, \u00edgy statisztikailag megn\u00f6veli az es\u00e9ly\u00e9t annak, hogy megh\u00edvj\u00e1k a \u201cforr\u00f3 sz\u00e9kbe\u201d a panel \u00e9rt\u00e9kel\u00e9s\u00e9re.<\/p>\n\n\n\n<p>A legt\u00f6bb \u00e1ll\u00e1sp\u00e1ly\u00e1zathoz az \u00f6n\u00e9letrajzot kieg\u00e9sz\u00edt\u0151 k\u00eds\u00e9r\u0151lev\u00e9lre is sz\u00fcks\u00e9g van.&nbsp;<\/p>\n\n\n\n<p>Pr\u00f3b\u00e1ld ki az Undetectable AI haszn\u00e1lat\u00e1t <a href=\"https:\/\/undetectable.ai\/cover-letter-generator\" target=\"_blank\" rel=\"noreferrer noopener\">Bor\u00edt\u00f3lap gener\u00e1tor<\/a> a LinkedIn-profilj\u00e1b\u00f3l sz\u00e1rmaz\u00f3 adatok lek\u00e9rdez\u00e9s\u00e9hez, \u00e9s az adott \u00e1ll\u00e1sra szabott, egy\u00e9ni k\u00eds\u00e9r\u0151levelet kaphat. <\/p>\n\n\n\n<p>Ha sz\u00fcks\u00e9ges, v\u00e9gezzen el n\u00e9h\u00e1ny gyors szerkeszt\u00e9st, majd t\u00f6ltse le \u00e9s k\u00fcldje el.<\/p>\n\n\n\n<p>Az Undetectable AI-t automatiz\u00e1lt \u00e1ll\u00e1skeres\u00e9sre is haszn\u00e1lhatja. <\/p>\n\n\n\n<p>Mind\u00f6ssze annyit kell tennie, hogy felt\u00f6lti \u00f6n\u00e9letrajz\u00e1t, sz\u0171r\u0151k seg\u00edts\u00e9g\u00e9vel testre szabja \u00e1ll\u00e1skeres\u00e9s\u00e9t, \u00e9s egyetlen kattint\u00e1ssal automatikusan t\u00f6bb \u00e1ll\u00e1sra is jelentkezhet.&nbsp;<\/p>\n\n\n\n<p>Gy\u0151z\u0151dj\u00f6n meg r\u00f3la, hogy az AI Detector \u00e9s a Humanizer k\u00e9nyelmesen az al\u00e1bbi widgetben!<\/p>\n\n\n\n<div id=\"uai-widget\" data-affiliate-link=\"https:\/\/undetectable.ai\/?_by=hi4km\"><script>var js = document.createElement(\"script\");js.async = true;js.src = \"https:\/\/widget.undetectable.ai\/js\/widget-loader.js?t=\"+Date.now();document.getElementsByTagName(\"head\")[0].appendChild(js);<\/script><\/div>\n\n\n\n<h2 class=\"wp-block-heading\">GYIK a panelinterj\u00fakr\u00f3l<\/h2>\n\n\n<div id=\"rank-math-faq\" class=\"rank-math-block\">\n<div class=\"rank-math-list\">\n<div id=\"faq-question-1743168367545\" class=\"rank-math-list-item\">\n<h3 class=\"rank-math-question\">Mennyi ideig tartanak a panelinterj\u00fak?<\/h3>\n<div class=\"rank-math-answer\">\n\n<p>A panelinterj\u00fak id\u0151tartama a szerept\u0151l \u00e9s a paneltagok sz\u00e1m\u00e1t\u00f3l f\u00fcgg\u0151en 30 perc \u00e9s 1 \u00f3ra k\u00f6z\u00f6tt van.<\/p>\n\n<\/div>\n<\/div>\n<div id=\"faq-question-1743168380398\" class=\"rank-math-list-item\">\n<h3 class=\"rank-math-question\">Nehezebb egy panelinterj\u00fa, mint egy hagyom\u00e1nyos interj\u00fa?<\/h3>\n<div class=\"rank-math-answer\">\n\n<p>Igen, a panelinterj\u00fak \u00e1ltal\u00e1ban nehezebbek a t\u00f6bb interj\u00faztat\u00f3 \u00e9s a gyors k\u00e9rd\u00e9sek miatt.\u00a0<\/p>\n\n<\/div>\n<\/div>\n<div id=\"faq-question-1743168392834\" class=\"rank-math-list-item\">\n<h3 class=\"rank-math-question\">Mit vegyek fel egy panelinterj\u00fara?<\/h3>\n<div class=\"rank-math-answer\">\n\n<p>Viseljen professzion\u00e1lis \u00fczleti \u00f6lt\u00f6z\u00e9ket, p\u00e9ld\u00e1ul \u00f6lt\u00f6nyt vagy form\u00e1lis ruh\u00e1t, hogy magabiztoss\u00e1got \u00e9s professzionalizmust sug\u00e1rozzon a test\u00fclet fel\u00e9.<\/p>\n\n<\/div>\n<\/div>\n<div id=\"faq-question-1743168412265\" class=\"rank-math-list-item\">\n<h3 class=\"rank-math-question\">Hogyan gyakorolhatok a panelinterj\u00fara?<\/h3>\n<div class=\"rank-math-answer\">\n\n<p>A panelinterj\u00fara val\u00f3 gyakorl\u00e1shoz gy\u0171jtse \u00f6ssze a leggyakoribb k\u00e9rd\u00e9seket a k\u00f6vetkez\u0151k seg\u00edts\u00e9g\u00e9vel <a href=\"https:\/\/undetectable.ai\/ai-chat\" target=\"_blank\" rel=\"noopener\">AI chat<\/a>, majd k\u00e9rje meg bar\u00e1tait vagy csal\u00e1dtagjait, hogy a panel szerep\u00e9t bet\u00f6ltve pr\u00f3b\u00e1lj\u00e1k ki.\u00a0<\/p>\n\n<\/div>\n<\/div>\n<\/div>\n<\/div>\n\n\n<h2 class=\"wp-block-heading\">K\u00f6vetkeztet\u00e9s<\/h2>\n\n\n\n<p>M\u00e1r a \"panelinterj\u00fa\" sz\u00f3 hallat\u00e1n is elhatalmasodhat rajtad, \u00e9s k\u00fcl\u00f6nb\u00f6z\u0151 \u00e9rzelmeket v\u00e1lt ki bel\u0151led, ami teljesen term\u00e9szetes. \u00d6n azonban m\u00e1r rendelkezik a k\u00e9szs\u00e9gekkel \u00e9s azzal, ami ahhoz kell, hogy a legjobb legyen.&nbsp;<\/p>\n\n\n\n<p>Csak a megfelel\u0151 \u00fatmutat\u00e1sra van sz\u00fcks\u00e9ged, hogy hogyan lesz, \u00e9s ezt az \u00fatmutat\u00f3t (rem\u00e9lhet\u0151leg) megkaptad.<\/p>\n\n\n\n<p>De a hab a tort\u00e1n, mi\u00e9rt ne haszn\u00e1lhatn\u00e1d az AI-t sz\u00e1rnyseg\u00e9dk\u00e9nt (vagy sz\u00e1rnyseg\u00e9dk\u00e9nt)? <\/p>\n\n\n\n<p>Nem, nem arra gondolok, hogy a mesters\u00e9ges intelligencia v\u00e1laszoljon helyetted az interj\u00fak\u00e9rd\u00e9sekre (ez sz\u00f6rny\u0171 \u00f6tlet lenne).&nbsp;<\/p>\n\n\n\n<p>\u00dagy \u00e9rtem, hogy el\u0151zetesen ig\u00e9nybe kell venned az AI seg\u00edts\u00e9g\u00e9t, hogy j\u00f3l felk\u00e9sz\u00fclj. Haszn\u00e1lhatja a mi <a href=\"https:\/\/undetectable.ai\/ai-chat\" target=\"_blank\" rel=\"noreferrer noopener\">AI Chat<\/a> hogy k\u00e9rd\u00e9seket tegyen fel, \u00e9s visszajelz\u00e9st kapjon a v\u00e1laszair\u00f3l is.<\/p>\n\n\n\n<p>Teh\u00e1t <a href=\"https:\/\/undetectable.ai\/login\" target=\"_blank\" rel=\"noreferrer noopener\">feliratkozni az Undetectable AI-ra<\/a> ma, \u00e9s kezdj\u00fck el a felk\u00e9sz\u00fcl\u00e9st.<\/p>","protected":false},"excerpt":{"rendered":"","protected":false},"author":15,"featured_media":7378,"comment_status":"closed","ping_status":"closed","sticky":false,"template":"","format":"standard","meta":{"_themeisle_gutenberg_block_has_review":false,"footnotes":""},"categories":[31],"tags":[],"class_list":["post-7371","post","type-post","status-publish","format-standard","has-post-thumbnail","hentry","category-helpful-ai-content-tips"],"_links":{"self":[{"href":"https:\/\/undetectable.ai/blog\/hu\/wp-json\/wp\/v2\/posts\/7371","targetHints":{"allow":["GET"]}}],"collection":[{"href":"https:\/\/undetectable.ai/blog\/hu\/wp-json\/wp\/v2\/posts"}],"about":[{"href":"https:\/\/undetectable.ai/blog\/hu\/wp-json\/wp\/v2\/types\/post"}],"author":[{"embeddable":true,"href":"https:\/\/undetectable.ai/blog\/hu\/wp-json\/wp\/v2\/users\/15"}],"replies":[{"embeddable":true,"href":"https:\/\/undetectable.ai/blog\/hu\/wp-json\/wp\/v2\/comments?post=7371"}],"version-history":[{"count":9,"href":"https:\/\/undetectable.ai/blog\/hu\/wp-json\/wp\/v2\/posts\/7371\/revisions"}],"predecessor-version":[{"id":20675,"href":"https:\/\/undetectable.ai/blog\/hu\/wp-json\/wp\/v2\/posts\/7371\/revisions\/20675"}],"wp:featuredmedia":[{"embeddable":true,"href":"https:\/\/undetectable.ai/blog\/hu\/wp-json\/wp\/v2\/media\/7378"}],"wp:attachment":[{"href":"https:\/\/undetectable.ai/blog\/hu\/wp-json\/wp\/v2\/media?parent=7371"}],"wp:term":[{"taxonomy":"category","embeddable":true,"href":"https:\/\/undetectable.ai/blog\/hu\/wp-json\/wp\/v2\/categories?post=7371"},{"taxonomy":"post_tag","embeddable":true,"href":"https:\/\/undetectable.ai/blog\/hu\/wp-json\/wp\/v2\/tags?post=7371"}],"curies":[{"name":"wp","href":"https:\/\/api.w.org\/{rel}","templated":true}]}}