{"id":7657,"date":"2025-04-07T15:23:00","date_gmt":"2025-04-07T15:23:00","guid":{"rendered":"https:\/\/undetectable.ai/blog\/?p=7657"},"modified":"2025-05-07T14:48:18","modified_gmt":"2025-05-07T14:48:18","slug":"kozvetett-targy","status":"publish","type":"post","link":"https:\/\/undetectable.ai/blog\/hu\/kozvetett-targy","title":{"rendered":"K\u00f6zvetett t\u00e1rgy a nyelvtanban: haszn\u00e1lat, tippek \u00e9s p\u00e9ld\u00e1k"},"content":{"rendered":"<p>Sz\u00e1mos olyan cikket \u00e9s \u00fatmutat\u00f3t tett\u00fcnk k\u00f6zz\u00e9, amelyek a nyelvtan \"meg nem \u00e9nekelt h\u0151seit\" emelik ki. <\/p>\n\n\n\n<p>A  c\u00edmr\u0151l <a href=\"https:\/\/undetectable.ai\/blog\/what-are-irregular-verbs\/\" target=\"_blank\" rel=\"noreferrer noopener\">szab\u00e1lytalan ig\u00e9k<\/a> a  c\u00edmre. <a href=\"https:\/\/undetectable.ai\/blog\/parentheses-vs-brackets\/\" target=\"_blank\" rel=\"noreferrer noopener\">z\u00e1r\u00f3jelek \u00e9s z\u00e1r\u00f3jelek<\/a>, ezek a nyelvi h\u0151s\u00f6k nem kapnak el\u00e9g figyelmet.&nbsp;<\/p>\n\n\n\n<p>De van egy t\u00e1rgy, amely egyszer\u0171en t\u00falsz\u00e1rnyalja ezeket az alulmaradottakat, \u00e9s ezt k\u00f6zvetett t\u00e1rgynak h\u00edvj\u00e1k. <\/p>\n\n\n\n<p>L\u00e1tod, amikor megn\u00e9z\u00fcnk egy filmet, a legt\u00f6bben a f\u0151szerepl\u0151nek tapsolnak, igaz? <\/p>\n\n\n\n<p>De mi van azokkal, akik seg\u00edtettek nek\u00fcnk eljutni a t\u00f6rt\u00e9net v\u00e9g\u00e9re?&nbsp;<\/p>\n\n\n\n<p>A Jod\u00e1k, a Hermionok, a Samwise Gamge-ok. <\/p>\n\n\n\n<p>Mindegyik\u00fck l\u00e9tfontoss\u00e1g\u00fa a t\u00f6rt\u00e9net szempontj\u00e1b\u00f3l. <\/p>\n\n\n\n<p>Ugyanez vonatkozik a k\u00f6zvetett t\u00e1rgyakra is. Ha elt\u00e1vol\u00edtjuk \u0151ket egy mondatb\u00f3l, a mondat \u00e9rtelm\u00e9t veszti.&nbsp;<\/p>\n\n\n\n<p>L\u00e9nyeg\u00e9ben \u0151k a mell\u00e9kszerepl\u0151k.&nbsp;<\/p>\n\n\n\n<p>Egy nyelvtani elem, amely a m\u00f3k\u00e1t hozza, m\u00edg a megfelel\u0151je (az alany) a cselekv\u00e9st.&nbsp;<\/p>\n\n\n\n<p>Ha megtanulod felismerni \u00e9s haszn\u00e1lni a k\u00f6zvetett t\u00e1rgyakat, az seg\u00edteni fog abban, hogy pontosan \u00e9s vil\u00e1gosan \u00edrj. <\/p>\n\n\n\n<p>L\u00e1ssuk a k\u00f6zvetett objektumok vil\u00e1g\u00e1t - mik ezek, hogyan ismerj\u00fck fel \u0151ket, \u00e9s hogyan haszn\u00e1ljuk \u0151ket profi m\u00f3don.<\/p>\n\n\n\n<h2 class=\"wp-block-heading\">Mi az a k\u00f6zvetett t\u00e1rgy?<\/h2>\n\n\n\n<p>A k\u00f6zvetett t\u00e1rgy a k\u00f6zvetlen t\u00e1rgy c\u00edmzettje a mondatban. A \"kinek?\" vagy \"kinek?\" k\u00e9rd\u00e9sre v\u00e1laszol a cselekv\u00e9sre. <\/p>\n\n\n\n<p>A k\u00f6zvetlen t\u00e1rgyakkal ellent\u00e9tben, amelyek a cselekv\u00e9st k\u00f6zvetlen\u00fcl az ig\u00e9t\u0151l kapj\u00e1k, a k\u00f6zvetett t\u00e1rgyak a k\u00f6zvetlen t\u00e1rgy c\u00edmzettjei.<\/p>\n\n\n\n<p>Gondoljon erre \u00edgy: A \"k\u00f6nyv\" az, amit adok (k\u00f6zvetlen t\u00e1rgy), a \"bar\u00e1t\" pedig az, aki kapja (k\u00f6zvetett t\u00e1rgy).<\/p>\n\n\n\n<p>A k\u00f6zvetett t\u00e1rgyak mindig a k\u00f6zvetlen t\u00e1rgyak mellett m\u0171k\u00f6dnek, \u00e9s nem l\u00e9tezhetnek \u00f6n\u00e1ll\u00f3an. <\/p>\n\n\n\n<p>Ha nincs k\u00f6zvetlen t\u00e1rgy a mondatban, akkor k\u00f6zvetett t\u00e1rgy sem lehet.<\/p>\n\n\n\n<p>Itt egy egyszer\u0171 k\u00e9plet, amit \u00e9rdemes megjegyezni:<\/p>\n\n\n\n<ul class=\"wp-block-list\">\n<li>Alany + ige + k\u00f6zvetett t\u00e1rgy + k\u00f6zvetlen t\u00e1rgy<\/li>\n<\/ul>\n\n\n\n<p>P\u00e9ld\u00e1ul:<\/p>\n\n\n\n<ul class=\"wp-block-list\">\n<li><em>\u0150 (alany) adott (ige) neki (k\u00f6zvetett t\u00e1rgy) egy aj\u00e1nd\u00e9kot (k\u00f6zvetlen t\u00e1rgy).<\/em><\/li>\n\n\n\n<li><em>Anya (alany) s\u00fct\u00f6tt (ige) nekem (k\u00f6zvetett t\u00e1rgy) egy tort\u00e1t (k\u00f6zvetlen t\u00e1rgy).<\/em><\/li>\n\n\n\n<li><em>A tan\u00e1r (alany) adott (ige) nek\u00fcnk (k\u00f6zvetett t\u00e1rgy) h\u00e1zi feladatot (k\u00f6zvetlen t\u00e1rgy).<\/em><\/li>\n<\/ul>\n\n\n\n<p>Figyelj\u00fck meg, hogy a k\u00f6zvetett t\u00e1rgy ezekben a mondatokban megel\u0151zi a k\u00f6zvetlen t\u00e1rgyat. <\/p>\n\n\n\n<p>Ez a kanonikus szintaktikai sorrend az angolban, b\u00e1r mint k\u00e9s\u0151bb l\u00e1tni fogjuk, alternat\u00edv szerkezetek, mint p\u00e9ld\u00e1ul a <a href=\"https:\/\/stlcc.edu\/student-support\/academic-success-and-tutoring\/writing-center\/writing-resources\/prepositional-phrases.aspx\" target=\"_blank\" rel=\"noreferrer noopener\">prepozicion\u00e1lis kifejez\u00e9sek<\/a>, is k\u00f3dolhatja ezeket a nyelvtani kapcsolatokat.<\/p>\n\n\n\n<h2 class=\"wp-block-heading\">Hogyan lehet azonos\u00edtani a k\u00f6zvetett t\u00e1rgyat egy mondatban?<\/h2>\n\n\n\n<p>A k\u00f6zvetett t\u00e1rgyak megtal\u00e1l\u00e1sa eleinte neh\u00e9zkes lehet, de gyakorl\u00e1ssal elkezdenek kit\u0171nni. <\/p>\n\n\n\n<p>K\u00fcl\u00f6n\u00f6sen akkor, ha m\u00e1r ismered a mondatban bet\u00f6lt\u00f6tt szerep\u00fcket. <a href=\"https:\/\/gcwritingcenter.commons.gc.cuny.edu\/rs_hierarchy_hierarchy-introduction\/\" target=\"_blank\" rel=\"noreferrer noopener\">\u00e9rvszerkezeti hierarchia<\/a>. <\/p>\n\n\n\n<p>\u00cdme egy l\u00e9p\u00e9sr\u0151l-l\u00e9p\u00e9sre k\u00f6vethet\u0151 m\u00f3dszer a kisz\u0171r\u00e9s\u00fckh\u00f6z:<\/p>\n\n\n\n<ol class=\"wp-block-list\">\n<li>Keresse meg az ig\u00e9t a mondatban.<\/li>\n\n\n\n<li>Az ige ut\u00e1n k\u00e9rdezd meg, hogy \"mit?\" vagy \"kit?\", hogy megtal\u00e1ld a k\u00f6zvetlen t\u00e1rgyat.<\/li>\n\n\n\n<li>A k\u00f6zvetett t\u00e1rgy azonos\u00edt\u00e1s\u00e1hoz k\u00e9rdezd meg, hogy \"kinek?\" vagy \"kinek?\".<\/li>\n<\/ol>\n\n\n\n<p>Pr\u00f3b\u00e1ljuk ki ezt n\u00e9h\u00e1ny p\u00e9ld\u00e1val:<\/p>\n\n\n\n<p><em>\"Mark k\u00fcld\u00f6tt Sarah-nak egy levelet.\"<\/em><\/p>\n\n\n\n<ul class=\"wp-block-list\">\n<li>Ige: k\u00fcld\u00f6tt<\/li>\n\n\n\n<li>Mit k\u00fcld\u00f6tt M\u00e1rk? Egy levelet (k\u00f6zvetlen t\u00e1rgy)<\/li>\n\n\n\n<li>Kinek k\u00fcldte M\u00e1rk a levelet? Sarah-nak (k\u00f6zvetett t\u00e1rgy)<\/li>\n<\/ul>\n\n\n\n<p><em>\"A s\u00e9f fantasztikus \u00e9telt f\u0151z\u00f6tt a vend\u00e9geknek.\"<\/em><\/p>\n\n\n\n<ul class=\"wp-block-list\">\n<li>ige: f\u0151z\u00f6tt<\/li>\n\n\n\n<li>Mit f\u0151z\u00f6tt a szak\u00e1cs? Egy fantasztikus \u00e9telt (k\u00f6zvetlen t\u00e1rgy)<\/li>\n\n\n\n<li>Kinek f\u0151z\u00f6tt a szak\u00e1cs? A vend\u00e9geknek (k\u00f6zvetett t\u00e1rgy)<\/li>\n<\/ul>\n\n\n\n<p>N\u00e9h\u00e1ny fontos tudnival\u00f3:<\/p>\n\n\n\n<ul class=\"wp-block-list\">\n<li>A k\u00f6zvetett t\u00e1rgyak jellemz\u0151en f\u0151nevek vagy n\u00e9vm\u00e1sok.<\/li>\n\n\n\n<li>\u00c1ltal\u00e1ban az ige \u00e9s a k\u00f6zvetlen t\u00e1rgy k\u00f6z\u00f6tt jelennek meg<\/li>\n\n\n\n<li>Nem k\u00f6vetnek prepoz\u00edci\u00f3kat (ha \"to\" vagy \"for\" kifejez\u00e9st l\u00e1t, az egy prepoz\u00edci\u00f3s kifejez\u00e9s, nem pedig egy k\u00f6zvetett t\u00e1rgy).<\/li>\n\n\n\n<li>Nem minden mondatban van k\u00f6zvetett t\u00e1rgy<\/li>\n<\/ul>\n\n\n\n<p>Hasznos megjegyezni, hogy a k\u00f6zvetett t\u00e1rgyak jellemz\u0151en emberek vagy \u00e1llatok, amelyek olyan entit\u00e1sok, amelyek k\u00e9pesek valamit befogadni. <\/p>\n\n\n\n<p>B\u00e1r ez nem szigor\u00fa szab\u00e1ly, de hasznos kiindul\u00f3pont.<\/p>\n\n\n\n<h2 class=\"wp-block-heading\">K\u00f6zvetett t\u00e1rgy vs. K\u00f6zvetlen t\u00e1rgy<\/h2>\n\n\n\n<p>Vegy\u00fck sorra a k\u00f6zvetlen \u00e9s k\u00f6zvetett t\u00e1rgyak k\u00f6z\u00f6tti k\u00fcl\u00f6nbs\u00e9geket.<\/p>\n\n\n\n<h3 class=\"wp-block-heading\"><strong>Fogalommeghat\u00e1roz\u00e1sok egym\u00e1s mellett<\/strong><\/h3>\n\n\n\n<figure class=\"wp-block-table\"><table class=\"has-fixed-layout\"><tbody><tr><td><strong>K\u00f6zvetlen t\u00e1rgy<\/strong><\/td><td><strong>K\u00f6zvetett t\u00e1rgy<\/strong><\/td><\/tr><tr><td>Az ige hat\u00e1s\u00e1t k\u00f6zvetlen\u00fcl kapja<\/td><td>Megkapja a k\u00f6zvetlen t\u00e1rgyat<\/td><\/tr><tr><td>V\u00e1laszok \"mi?\" vagy \"ki?\"<\/td><td>V\u00e1laszok \"kinek?\" vagy \"kinek?\"<\/td><\/tr><tr><td>L\u00e9tezhet k\u00f6zvetett t\u00e1rgy n\u00e9lk\u00fcl is<\/td><td>Nem l\u00e9tezhet k\u00f6zvetlen t\u00e1rgy n\u00e9lk\u00fcl<\/td><\/tr><tr><td>Lehet szem\u00e9ly, hely, dolog vagy eszme.<\/td><td>\u00c1ltal\u00e1ban egy szem\u00e9ly vagy \u00e1llat<\/td><\/tr><\/tbody><\/table><\/figure>\n\n\n\n<h3 class=\"wp-block-heading\"><strong>\u00d6sszehasonl\u00edt\u00f3 t\u00e1bl\u00e1zat<\/strong><\/h3>\n\n\n\n<figure class=\"wp-block-table\"><table class=\"has-fixed-layout\"><tbody><tr><td><strong>Jellemz\u0151<\/strong><\/td><td><strong>K\u00f6zvetlen t\u00e1rgy<\/strong><\/td><td><strong>K\u00f6zvetett t\u00e1rgy<\/strong><\/td><\/tr><tr><td>Poz\u00edci\u00f3<\/td><td>\u00c1ltal\u00e1ban az ig\u00e9t k\u00f6veti<\/td><td>\u00c1ltal\u00e1ban az ige \u00e9s a k\u00f6zvetlen t\u00e1rgy k\u00f6z\u00f6tt<\/td><\/tr><tr><td>Sz\u00fcks\u00e9gess\u00e9g<\/td><td>Tranzit\u00edv ig\u00e9kkel sz\u00fcks\u00e9ges<\/td><td>Opcion\u00e1lis<\/td><\/tr><tr><td>Prepoz\u00edci\u00f3k<\/td><td>Nem k\u00f6veti a prepoz\u00edci\u00f3kat<\/td><td>\u00c1talak\u00edthat\u00f3 prepozicion\u00e1lis kifejez\u00e9ss\u00e9<\/td><\/tr><tr><td>K\u00e9rd\u00e9sek<\/td><td>Mi az? Kinek?<\/td><td>Kinek? Kinek?<\/td><\/tr><tr><td>Passzivit\u00e1s<\/td><td>Passz\u00edv hangban alanyk\u00e9nt szerepelhet<\/td><td>Nem lehet alany a passz\u00edv hangban<\/td><\/tr><\/tbody><\/table><\/figure>\n\n\n\n<h3 class=\"wp-block-heading\"><strong>P\u00e9ldamondatok a Both haszn\u00e1lat\u00e1val<\/strong><\/h3>\n\n\n\n<p>L\u00e1ssuk a k\u00f6zvetlen \u00e9s k\u00f6zvetett t\u00e1rgyak egy\u00fcttes m\u0171k\u00f6d\u00e9s\u00e9t:<\/p>\n\n\n\n<ol class=\"wp-block-list\">\n<li><em>\"Apa vett nekem egy biciklit.\"<\/em>\n<ul class=\"wp-block-list\">\n<li><strong>K\u00f6zvetlen t\u00e1rgy: <\/strong>ker\u00e9kp\u00e1r (Mit vett apa?)<\/li>\n\n\n\n<li><strong>K\u00f6zvetett t\u00e1rgy: <\/strong>\u00e9n (Kinek vette apa a biciklit?)<\/li>\n<\/ul>\n<\/li>\n\n\n\n<li><em>\"A k\u00f6nyvt\u00e1ros aj\u00e1nlott neki egy j\u00f3 k\u00f6nyvet.\"<\/em>\n<ul class=\"wp-block-list\">\n<li><strong>K\u00f6zvetlen t\u00e1rgy: <\/strong>k\u00f6nyv (Mit aj\u00e1nlott a k\u00f6nyvt\u00e1ros?)<\/li>\n\n\n\n<li><strong>K\u00f6zvetett t\u00e1rgy: <\/strong>\u0151 (Kinek aj\u00e1nlotta a k\u00f6nyvt\u00e1ros a k\u00f6nyvet?)<\/li>\n<\/ul>\n<\/li>\n\n\n\n<li><em>\"A s\u00e9f finom t\u00e9szt\u00e1t szolg\u00e1lt fel a vend\u00e9geknek.\"<\/em>\n<ul class=\"wp-block-list\">\n<li><strong>K\u00f6zvetlen t\u00e1rgy: <\/strong>t\u00e9szta (Mit t\u00e1lalt a s\u00e9f?)<\/li>\n\n\n\n<li><strong>K\u00f6zvetett t\u00e1rgy:<\/strong> v\u00e1s\u00e1rl\u00f3k (Kinek szolg\u00e1lta fel a s\u00e9f a t\u00e9szt\u00e1t?)<\/li>\n<\/ul>\n<\/li>\n\n\n\n<li><em>\"\u00c9rdekes t\u00f6rt\u00e9netet mes\u00e9lt nek\u00fcnk.\"<\/em>\n<ul class=\"wp-block-list\">\n<li><strong>K\u00f6zvetlen t\u00e1rgy: <\/strong>t\u00f6rt\u00e9net (Mit mes\u00e9lt?)<\/li>\n\n\n\n<li><strong>K\u00f6zvetett t\u00e1rgy: <\/strong>nek\u00fcnk (Kinek mes\u00e9lte el a t\u00f6rt\u00e9netet?)<\/li>\n<\/ul>\n<\/li>\n<\/ol>\n\n\n\n<p>A t\u00e1rgyak k\u00f6z\u00f6tti kapcsolat olyan, mint egy csomagk\u00fcld\u00e9s: a k\u00f6zvetlen t\u00e1rgy a csomag, a k\u00f6zvetett t\u00e1rgy pedig a c\u00edmzett.<\/p>\n\n\n\n<h2 class=\"wp-block-heading\">K\u00f6z\u00f6s ig\u00e9k, amelyek k\u00f6zvetett t\u00e1rgyakat vesznek fel<\/h2>\n\n\n\n<p>Egyes ig\u00e9k term\u00e9szetesen k\u00f6zvetett t\u00e1rgyakat h\u00edvnak meg. Ezek jellemz\u0151en <a href=\"https:\/\/digitalcommons.csp.edu\/cgi\/viewcontent.cgi?article=1015&amp;context=lawfaculty\" target=\"_blank\" rel=\"noreferrer noopener\">ditranzit\u00edv ig\u00e9k<\/a>, amelyek sor\u00e1n valamit adnak, k\u00f6z\u00f6lnek vagy ny\u00fajtanak valakinek. <\/p>\n\n\n\n<p>\u00cdme egy lista a gyakori ig\u00e9kr\u0151l, amelyek gyakran vesznek k\u00f6zvetett t\u00e1rgyat:<\/p>\n\n\n\n<ul class=\"wp-block-list\">\n<li><strong>Adja meg a<\/strong>: Aj\u00e1nd\u00e9kot adott nekem.<\/li>\n\n\n\n<li><strong>Mondja meg a<\/strong>: Mondott nekik egy viccet.<\/li>\n\n\n\n<li><strong>K\u00fcldje el a<\/strong>: K\u00fcldt\u00fcnk neki egy levelet.<\/li>\n\n\n\n<li><strong>Mutasd meg a<\/strong>: Megmutatt\u00e1k nek\u00fcnk az utat.<\/li>\n\n\n\n<li><strong>Aj\u00e1nlat<\/strong>: A c\u00e9g munk\u00e1t aj\u00e1nlott neki.<\/li>\n\n\n\n<li><strong>V\u00e1s\u00e1roljon<\/strong>: Vettem a n\u0151v\u00e9remnek egy nyakl\u00e1ncot.<\/li>\n\n\n\n<li><strong>Hozd a<\/strong>: K\u00e1v\u00e9t hozott nek\u00fcnk.<\/li>\n\n\n\n<li><strong>K\u00e9z<\/strong>: \u00c1tadta nekik a dokumentumokat.<\/li>\n\n\n\n<li><strong>Tan\u00edtson<\/strong>: A professzor nyelvtant tan\u00edtott nek\u00fcnk.<\/li>\n\n\n\n<li><strong>\u00cdrja<\/strong>: \u00cdrtam neki egy verset.<\/li>\n\n\n\n<li><strong>K\u00e9sz\u00edtsd el a<\/strong>: Anya csin\u00e1lt nekem egy szendvicset.<\/li>\n\n\n\n<li><strong>Fizet\u00e9s<\/strong>: B\u00f3koltunk nekik.<\/li>\n\n\n\n<li><strong>\u00cdg\u00e9ret<\/strong>: Jutalmat \u00edg\u00e9rt nekem.<\/li>\n\n\n\n<li><strong>Olvassa el<\/strong>: Apa mes\u00e9t olvasott a gyerekeknek.<\/li>\n\n\n\n<li><strong>Elad\u00f3<\/strong>: A keresked\u0151 eladott neki egy aut\u00f3t.<\/li>\n\n\n\n<li><strong>Szerv\u00edroz\u00e1s<\/strong>: A pinc\u00e9r felszolg\u00e1lta a vacsor\u00e1t.<\/li>\n\n\n\n<li><strong>Lend<\/strong>: K\u00f6lcs\u00f6nadn\u00e1 a toll\u00e1t?<\/li>\n\n\n\n<li><strong>Pass<\/strong>: K\u00e9rem, adja ide a s\u00f3t.<\/li>\n\n\n\n<li><strong>K\u00e9rdezd meg a<\/strong>: Feltett nekem egy k\u00e9rd\u00e9st.<\/li>\n\n\n\n<li><strong>Sing<\/strong>: Az el\u0151ad\u00f3 egy ballad\u00e1t \u00e9nekelt nek\u00fcnk.<\/li>\n<\/ul>\n\n\n\n<p>Ezeket az ig\u00e9ket nem kiz\u00e1r\u00f3lag k\u00f6zvetett t\u00e1rgyakkal haszn\u00e1lj\u00e1k, de gyakran olyan helyzeteket teremtenek, amikor valaki kap valamit.<\/p>\n\n\n\n<h2 class=\"wp-block-heading\">P\u00e9ld\u00e1k k\u00f6zvetett t\u00e1rgyakra mondatokban<\/h2>\n\n\n\n<p>N\u00e9zz\u00fck meg a k\u00f6zvetett t\u00e1rgyakat k\u00fcl\u00f6nb\u00f6z\u0151 kontextusokban, hogy val\u00f3ban meg\u00e9rts\u00fck a m\u0171k\u00f6d\u00e9s\u00fcket:<\/p>\n\n\n\n<p><strong>Irodalom:<\/strong><\/p>\n\n\n\n<ul class=\"wp-block-list\">\n<li>\"A herceg adott Hamupip\u0151k\u00e9nek egy \u00fcvegcip\u0151t.\"<\/li>\n\n\n\n<li>\"Gatsby extravag\u00e1ns partikat rendezett a vend\u00e9geinek.\"<\/li>\n<\/ul>\n\n\n\n<p><strong>\u00dczlet:<\/strong><\/p>\n\n\n\n<ul class=\"wp-block-list\">\n<li>\"Csapatunk r\u00e9szletes javaslatot k\u00fcld\u00f6tt az \u00fcgyf\u00e9lnek.\"<\/li>\n\n\n\n<li>\"Az igazgat\u00f3 b\u00f3nuszt aj\u00e1nlott az alkalmazottainak.\"<\/li>\n<\/ul>\n\n\n\n<p><strong>Mindennapi besz\u00e9lget\u00e9s:<\/strong><\/p>\n\n\n\n<ul class=\"wp-block-list\">\n<li>\"Ideadn\u00e1d a t\u00e1vir\u00e1ny\u00edt\u00f3t?\"<\/li>\n\n\n\n<li>\"Ma este vacsor\u00e1t k\u00e9sz\u00edtek neked.\"<\/li>\n<\/ul>\n\n\n\n<p><strong>Tudom\u00e1nyos \u00edr\u00e1s:<\/strong><\/p>\n\n\n\n<ul class=\"wp-block-list\">\n<li>\"A professzor extra olvasm\u00e1nyokat rendelt a di\u00e1koknak.\"<\/li>\n\n\n\n<li>\"A kutat\u00e1s a tud\u00f3sok sz\u00e1m\u00e1ra \u00faj felismer\u00e9seket ny\u00fajtott.\"<\/li>\n<\/ul>\n\n\n\n<p>Figyelj\u00fck meg, hogy a k\u00f6zvetett t\u00e1rgy (al\u00e1h\u00fazva) minden esetben megkapja a k\u00f6zvetlen t\u00e1rgyat az alanyt\u00f3l.<\/p>\n\n\n\n<h3 class=\"wp-block-heading\"><strong>Gyakorlat: A k\u00f6zvetett t\u00e1rgy azonos\u00edt\u00e1sa<\/strong><\/h3>\n\n\n\n<p>Tesztelje a meg\u00e9rt\u00e9s\u00e9t ezekkel a p\u00e9ld\u00e1kkal. Felismered a k\u00f6zvetett t\u00e1rgyakat?<\/p>\n\n\n\n<ol class=\"wp-block-list\">\n<li>A s\u00e9f k\u00fcl\u00f6nleges tort\u00e1t s\u00fct\u00f6tt a sz\u00fclet\u00e9snapos l\u00e1nynak.<\/li>\n\n\n\n<li>A bar\u00e1tom k\u00f6lcs\u00f6nadta nekem a kedvenc k\u00f6nyv\u00e9t.<\/li>\n\n\n\n<li>A politikus alacsonyabb ad\u00f3kat \u00edg\u00e9rt a v\u00e1laszt\u00f3knak.<\/li>\n\n\n\n<li>A szomsz\u00e9dunk h\u00e1zi s\u00fctem\u00e9nyt hozott nek\u00fcnk.<\/li>\n\n\n\n<li>A v\u00e1llalat felm\u00e9r\u00e9st k\u00fcld\u00f6tt \u00fcgyfeleinek.<\/li>\n<\/ol>\n\n\n\n<p>V\u00e1laszok:<\/p>\n\n\n\n<ol class=\"wp-block-list\">\n<li>sz\u00fclet\u00e9snapos l\u00e1ny<\/li>\n\n\n\n<li>\u00e9n<\/li>\n\n\n\n<li>szavaz\u00f3k<\/li>\n\n\n\n<li>us<\/li>\n\n\n\n<li>\u00fcgyfelek<\/li>\n<\/ol>\n\n\n\n<p>Hogy siker\u00fclt? Ne feledje, a k\u00f6zvetett t\u00e1rgyak a \"kinek?\" vagy \"kinek?\" k\u00e9rd\u00e9sre adj\u00e1k meg a v\u00e1laszt, hogy \"kinek\" vagy \"kinek\" a cselekv\u00e9st v\u00e9gezt\u00e9k.<\/p>\n\n\n\n<h2 class=\"wp-block-heading\">Hogyan kell \u00e1t\u00edrni a k\u00f6zvetett t\u00e1rgy\u00fa mondatokat?<\/h2>\n\n\n\n<p>Az angol nyelvtan egyik sz\u00e9ps\u00e9ge a rugalmass\u00e1ga. A k\u00f6zvetett t\u00e1rgyat tartalmaz\u00f3 mondatokat gyakran \u00e1t lehet \u00edrni k\u00fcl\u00f6nb\u00f6z\u0151 m\u00f3don an\u00e9lk\u00fcl, hogy a jelent\u00e9s megv\u00e1ltozna. <\/p>\n\n\n\n<p>Mondjuk, hogy <a href=\"https:\/\/undetectable.ai\/blog\/how-to-paraphrase-in-an-essay\/\" target=\"_blank\" rel=\"noreferrer noopener\">az essz\u00e9 \u00e1tfogalmaz\u00e1sa<\/a>, akkor lehet, hogy a:<\/p>\n\n\n\n<p>Eredeti: \"Aj\u00e1nd\u00e9kot adott neki.\"&nbsp;<\/p>\n\n\n\n<p>\u00c1t\u00edrva: \"Aj\u00e1nd\u00e9kot adott neki.\"<\/p>\n\n\n\n<p>Az els\u0151 mondat a szok\u00e1sos k\u00f6zvetett t\u00e1rgy elhelyez\u00e9s\u00e9t haszn\u00e1lja (az ige \u00e9s a k\u00f6zvetlen t\u00e1rgy k\u00f6z\u00f6tt). <\/p>\n\n\n\n<p>A m\u00e1sodik a k\u00f6zvetett t\u00e1rgyat \"to\" vagy \"for\" kezdet\u0171 prepozicion\u00e1lis kifejez\u00e9ss\u00e9 alak\u00edtja \u00e1t.<\/p>\n\n\n\n<p>Tov\u00e1bbi p\u00e9ld\u00e1k:<\/p>\n\n\n\n<ol class=\"wp-block-list\">\n<li>Eredeti: \"A tan\u00e1r \u00far h\u00e1zi feladatot adott nek\u00fcnk.\"&nbsp;<\/li>\n<\/ol>\n\n\n\n<p>\u00c1t\u00edrva: \"A tan\u00e1r h\u00e1zi feladatot adott nek\u00fcnk.\"<\/p>\n\n\n\n<ol start=\"2\" class=\"wp-block-list\">\n<li>Eredeti: \"Anya s\u00fct\u00f6tt nekem egy tort\u00e1t.\"&nbsp;<\/li>\n<\/ol>\n\n\n\n<p>\u00c1t\u00edrva: \"Anya s\u00fct\u00f6tt nekem egy tort\u00e1t.\"<\/p>\n\n\n\n<ol start=\"3\" class=\"wp-block-list\">\n<li>Eredeti: \"A v\u00e1llalat \u00e1ll\u00e1st aj\u00e1nlott Johnnak.\"&nbsp;<\/li>\n<\/ol>\n\n\n\n<p>\u00c1t\u00edrva: \"A v\u00e1llalat \u00e1ll\u00e1st aj\u00e1nlott Johnnak.\"<\/p>\n\n\n\n<p>Mikor kell haszn\u00e1lni az egyes form\u00e1kat? A k\u00f6zvetett t\u00e1rgyat a k\u00f6zvetlen t\u00e1rgy el\u0151tt tartalmaz\u00f3 v\u00e1ltozat gyakran megfelel a mindennapi besz\u00e9dnek. <\/p>\n\n\n\n<p>A prepozicion\u00e1lis kifejez\u00e9s v\u00e1ltozata viszont hasznos lehet a c\u00edmzett hangs\u00falyoz\u00e1s\u00e1ra, vagy amikor a k\u00f6zvetlen t\u00e1rgy r\u00f6videbb, mint a k\u00f6zvetett t\u00e1rgy.<\/p>\n\n\n\n<p>P\u00e9ld\u00e1ul:<\/p>\n\n\n\n<ul class=\"wp-block-list\">\n<li>\"Minden di\u00e1knak, aki \u00e1tment a z\u00e1r\u00f3vizsg\u00e1n, k\u00fcl\u00f6n bizony\u00edtv\u00e1nyt adott.\" (K\u00ednos)<\/li>\n\n\n\n<li>\"K\u00fcl\u00f6n bizony\u00edtv\u00e1nyt adott minden di\u00e1knak, aki \u00e1tment a z\u00e1r\u00f3vizsg\u00e1n.\" (Jobb)<\/li>\n<\/ul>\n\n\n\n<h2 class=\"wp-block-heading\">K\u00f6zvetett t\u00e1rgyakkal kapcsolatos gyakori hib\u00e1k<\/h2>\n\n\n\n<p>\u00cdme a leggyakoribb buktat\u00f3k, \u00e9s hogyan ker\u00fclhetj\u00fck el \u0151ket:<\/p>\n\n\n\n<ol class=\"wp-block-list\">\n<li><strong>A k\u00f6zvetett t\u00e1rgyak \u00e9s a prepoz\u00edci\u00f3k t\u00e1rgyainak \u00f6sszekever\u00e9se<\/strong>\n<ul class=\"wp-block-list\">\n<li><strong>Helytelen azonos\u00edt\u00e1s: <\/strong>\"K\u00fcldtem egy levelet Johnnak.\" (Ebben a mondatban a \"John\" val\u00f3j\u00e1ban a \"to\" prepoz\u00edci\u00f3 t\u00e1rgya, nem pedig k\u00f6zvetett t\u00e1rgy.)<\/li>\n\n\n\n<li><strong>Helyes k\u00f6zvetett t\u00e1rgy: <\/strong>\"K\u00fcldtem Johnnak egy levelet.\" (Most \"John\" a k\u00f6zvetett t\u00e1rgy.)<\/li>\n<\/ul>\n<\/li>\n\n\n\n<li><strong>Felt\u00e9telezve, hogy minden mondatban sz\u00fcks\u00e9g van k\u00f6zvetett t\u00e1rgyra<\/strong>\n<ul class=\"wp-block-list\">\n<li>Nem minden mondatban van sz\u00fcks\u00e9g vagy lehet k\u00f6zvetett t\u00e1rgyra<\/li>\n\n\n\n<li>\"Megette a vacsor\u00e1t\" k\u00f6zvetlen t\u00e1rgya van, de nincs k\u00f6zvetett t\u00e1rgya.<\/li>\n<\/ul>\n<\/li>\n\n\n\n<li><strong>Helytelen n\u00e9vm\u00e1sok<\/strong>\n<ul class=\"wp-block-list\">\n<li>Helytelen: \"\u0150 adta nekem.\"<\/li>\n\n\n\n<li>Helyes: \"\u0150 adta nekem.\" vagy jobb: \"\u0150 adta nekem.\"<\/li>\n<\/ul>\n<\/li>\n\n\n\n<li><strong>Helytelen n\u00e9vm\u00e1si esetek haszn\u00e1lata<\/strong>\n<ul class=\"wp-block-list\">\n<li>Helytelen: \"A tan\u00e1r \u00far h\u00e1zi feladatot adott nekem \u00e9s a t\u00e1rsamnak.\"<\/li>\n\n\n\n<li>Helyes: \"A tan\u00e1r \u00far h\u00e1zi feladatot adott nekem \u00e9s a t\u00e1rsamnak.\"<\/li>\n<\/ul>\n<\/li>\n\n\n\n<li><strong>Kett\u0151s jel\u00f6l\u00e9s prepoz\u00edci\u00f3kkal<\/strong>\n<ul class=\"wp-block-list\">\n<li>Helytelen: \"Adott neki egy k\u00f6nyvet.\"<\/li>\n\n\n\n<li>Helyes: Vagy \"Adott neki egy k\u00f6nyvet.\" vagy \"Adott neki egy k\u00f6nyvet.\".<\/li>\n<\/ul>\n<\/li>\n<\/ol>\n\n\n\n<p>Ne feledje: Ha a szok\u00e1sos k\u00f6zvetett t\u00e1rgy elhelyez\u00e9st haszn\u00e1lod (az ige \u00e9s a k\u00f6zvetlen t\u00e1rgy k\u00f6z\u00f6tt), ne haszn\u00e1ld a \"to\" vagy \"for\" prepoz\u00edci\u00f3t.<\/p>\n\n\n\n<h2 class=\"wp-block-heading\">Hogyan ne t\u00e9vedj soha t\u00f6bb\u00e9 a k\u00f6zvetett t\u00e1rgyakkal kapcsolatban<\/h2>\n\n\n\n<p>A k\u00f6zvetett t\u00e1rgyak elsaj\u00e1t\u00edt\u00e1sa nem kell, hogy k\u00fczdelmes legyen. <\/p>\n\n\n\n<p>Az Undetectable AI olyan eszk\u00f6z\u00f6ket k\u00edn\u00e1l, amelyek seg\u00edthetnek a nyelvtan t\u00f6k\u00e9letes\u00edt\u00e9s\u00e9ben, mik\u00f6zben megtan\u00edtj\u00e1k a nyelvtan alapelveit.<\/p>\n\n\n\n<h3 class=\"wp-block-heading\"><strong>Parafraz\u00e1l\u00f3 eszk\u00f6z<\/strong><\/h3>\n\n\n\n<figure class=\"wp-block-image size-full\"><img loading=\"lazy\" decoding=\"async\" width=\"1600\" height=\"577\" src=\"https:\/\/undetectable.ai/blog\/wp-content\/uploads\/2025\/04\/AI-paraphrasing-tool-1.jpg\" alt=\"Pillanatk\u00e9p az Undetectable AI parafraz\u00e1l\u00f3 eszk\u00f6z\u00e9r\u0151l\" class=\"wp-image-8125\" title=\"\" srcset=\"https:\/\/undetectable.ai/blog\/wp-content\/uploads\/2025\/04\/AI-paraphrasing-tool-1.jpg 1600w, https:\/\/undetectable.ai/blog\/wp-content\/uploads\/2025\/04\/AI-paraphrasing-tool-1-300x108.jpg 300w, https:\/\/undetectable.ai/blog\/wp-content\/uploads\/2025\/04\/AI-paraphrasing-tool-1-1024x369.jpg 1024w, https:\/\/undetectable.ai/blog\/wp-content\/uploads\/2025\/04\/AI-paraphrasing-tool-1-768x277.jpg 768w, https:\/\/undetectable.ai/blog\/wp-content\/uploads\/2025\/04\/AI-paraphrasing-tool-1-1536x554.jpg 1536w, https:\/\/undetectable.ai/blog\/wp-content\/uploads\/2025\/04\/AI-paraphrasing-tool-1-18x6.jpg 18w\" sizes=\"auto, (max-width: 1600px) 100vw, 1600px\" \/><\/figure>\n\n\n\n<p>Elakadt egy neh\u00e9zkes mondatban? A <strong>Kimutathatatlan AI <a href=\"https:\/\/undetectable.ai\/paraphrasing-tool\" target=\"_blank\" data-type=\"link\" data-id=\"https:\/\/undetectable.ai\/paraphrasing-tool\" rel=\"noreferrer noopener\">Parafr\u00e1zis eszk\u00f6z<\/a><\/strong> azonnal \u00e1tstruktur\u00e1lja az \u00edr\u00e1sodat, hogy r\u00f6gz\u00edtse a t\u00e1rgyak elhelyez\u00e9s\u00e9t an\u00e9lk\u00fcl, hogy robotikusan hangzana.<\/p>\n\n\n\n<p>A legmodernebb g\u00e9pi tanul\u00e1si algoritmusokkal \u00e9p\u00edtett program \u00fagy alak\u00edtja \u00e1t a mondatokat, hogy azok \u00fagy olvassanak, mintha egy foly\u00e9konyan besz\u00e9l\u0151 ember \u00edrta volna \u0151ket, t\u00f6k\u00e9letes a nyelvtani csiszol\u00f3k \u00e9s a tisztas\u00e1gra v\u00e1gy\u00f3k sz\u00e1m\u00e1ra egyar\u00e1nt.<\/p>\n\n\n\n<p>Mondjuk azt \u00edrtad:<\/p>\n\n\n\n<p><em>\"A v\u00e1llalat versenyk\u00e9pes b\u00e9rcsomagot aj\u00e1nlott az \u00faj alkalmazottnak.\"<\/em><\/p>\n\n\n\n<p>Az eszk\u00f6z sim\u00e1bb alternat\u00edv\u00e1kat ad, mint p\u00e9ld\u00e1ul:<\/p>\n\n\n\n<p><em>\"A v\u00e1llalat versenyk\u00e9pes b\u00e9rcsomagot k\u00edn\u00e1lt az \u00faj alkalmazottnak.\"<\/em><em><br><\/em> vagy<br><em>\"A v\u00e1llalat versenyk\u00e9pes b\u00e9rcsomagot aj\u00e1nlott az \u00faj alkalmazottnak.\"<\/em><\/p>\n\n\n\n<p>B\u00f3nusz? Seg\u00edt abban is, hogy az \u00edr\u00e1sod st\u00edlusosan \u00e1tcs\u00fasszon az AI-\u00e9rz\u00e9kel\u0151k\u00f6n.<\/p>\n\n\n\n<h3 class=\"wp-block-heading\"><strong>AI essz\u00e9\u00edr\u00f3<\/strong><\/h3>\n\n\n\n<figure class=\"wp-block-image size-large\"><img loading=\"lazy\" decoding=\"async\" width=\"1024\" height=\"520\" src=\"https:\/\/undetectable.ai/blog\/wp-content\/uploads\/2025\/02\/Undetectable-AIs-essay-writer-can-assist-you-in-completing-all-your-writing-tasks-1024x520.png\" alt=\"A kimutathatatlan AI essz\u00e9\u00edr\u00f3ja seg\u00edthet \u00d6nnek az \u00f6sszes \u00edr\u00e1sbeli feladat elv\u00e9gz\u00e9s\u00e9ben.\" class=\"wp-image-6154\" title=\"\" srcset=\"https:\/\/undetectable.ai/blog\/wp-content\/uploads\/2025\/02\/Undetectable-AIs-essay-writer-can-assist-you-in-completing-all-your-writing-tasks-1024x520.png 1024w, https:\/\/undetectable.ai/blog\/wp-content\/uploads\/2025\/02\/Undetectable-AIs-essay-writer-can-assist-you-in-completing-all-your-writing-tasks-300x152.png 300w, https:\/\/undetectable.ai/blog\/wp-content\/uploads\/2025\/02\/Undetectable-AIs-essay-writer-can-assist-you-in-completing-all-your-writing-tasks-768x390.png 768w, https:\/\/undetectable.ai/blog\/wp-content\/uploads\/2025\/02\/Undetectable-AIs-essay-writer-can-assist-you-in-completing-all-your-writing-tasks-18x9.png 18w, https:\/\/undetectable.ai/blog\/wp-content\/uploads\/2025\/02\/Undetectable-AIs-essay-writer-can-assist-you-in-completing-all-your-writing-tasks.png 1044w\" sizes=\"auto, (max-width: 1024px) 100vw, 1024px\" \/><\/figure>\n\n\n\n<p>Hossz\u00fa sz\u00f6vegek? A <a href=\"https:\/\/undetectable.ai\/ai-essay-writer\" target=\"_blank\" rel=\"noreferrer noopener\"><strong>AI essz\u00e9\u00edr\u00f3<\/strong><\/a><strong> az \u00c9szrevehetetlen AI \u00e1ltal<\/strong> lehet a titkos fegyvered. <\/p>\n\n\n\n<p>Csak adja meg a t\u00e9m\u00e1t, \u00e9s az eszk\u00f6z m\u00e1sodpercek alatt nyelvtanilag kifog\u00e1stalan, emberhez hasonl\u00f3 essz\u00e9ket k\u00e9sz\u00edt. Nem csak a gyors \u00edr\u00e1sr\u00f3l van sz\u00f3 - hanem az \u00edr\u00e1sr\u00f3l is. <em>jobbra<\/em>.<\/p>\n\n\n\n<p>Ak\u00e1r analitikus essz\u00e9ket \u00edrsz, ak\u00e1r k\u00fcl\u00f6nb\u00f6z\u0151 m\u00f3dokat keresel arra, hogy \"adott neki egy k\u00f6nyvet\", ez az eszk\u00f6z v\u00e1ltozatos mondatokat, szerkezetet \u00e9s st\u00edlust k\u00edn\u00e1l... an\u00e9lk\u00fcl, hogy \u00fagy hangzana, mintha egy keny\u00e9rpir\u00edt\u00f3 \u00edrta volna.<\/p>\n\n\n\n<p>A legjobb r\u00e9sz? Minden, amit l\u00e9trehoz, \u00fagy van kialak\u00edtva, hogy \u00e1tmenjen az AI-\u00e9rz\u00e9kel\u0151k\u00f6n, \u00edgy az \u00f6tletei a saj\u00e1tjai maradnak, \u00e9s term\u00e9szetesnek hangzanak.<\/p>\n\n\n\n<h3 class=\"wp-block-heading\"><strong>AI Chat<\/strong><\/h3>\n\n\n<div class=\"wp-block-image\">\n<figure class=\"aligncenter size-large\"><img loading=\"lazy\" decoding=\"async\" width=\"1024\" height=\"492\" src=\"https:\/\/undetectable.ai/blog\/wp-content\/uploads\/2025\/01\/ai-chat-1024x492.jpg\" alt=\"AI Chat\" class=\"wp-image-6097\" title=\"\" srcset=\"https:\/\/undetectable.ai/blog\/wp-content\/uploads\/2025\/01\/ai-chat-1024x492.jpg 1024w, https:\/\/undetectable.ai/blog\/wp-content\/uploads\/2025\/01\/ai-chat-300x144.jpg 300w, https:\/\/undetectable.ai/blog\/wp-content\/uploads\/2025\/01\/ai-chat-768x369.jpg 768w, https:\/\/undetectable.ai/blog\/wp-content\/uploads\/2025\/01\/ai-chat-1536x738.jpg 1536w, https:\/\/undetectable.ai/blog\/wp-content\/uploads\/2025\/01\/ai-chat-2048x984.jpg 2048w, https:\/\/undetectable.ai/blog\/wp-content\/uploads\/2025\/01\/ai-chat-18x9.jpg 18w\" sizes=\"auto, (max-width: 1024px) 100vw, 1024px\" \/><\/figure><\/div>\n\n\n<p>K\u00e9tszer is ellen\u0151rizni kell, hogy a \"di\u00e1kok\" a k\u00f6zvetett t\u00e1rgy-e egy mondatban? Seg\u00edts\u00e9get szeretne k\u00e9rni valaminek az \u00e1tfogalmaz\u00e1s\u00e1hoz, hogy a c\u00edmzettet hangs\u00falyozza? A  bemutat\u00e1sa <a href=\"https:\/\/undetectable.ai\/ai-chat\" target=\"_blank\" rel=\"noreferrer noopener\"><strong>\u00c9szrevehetetlen AI AI cseveg\u00e9se<\/strong><\/a>.<\/p>\n\n\n\n<p>Ez az eszk\u00f6z val\u00f3s idej\u0171, humaniz\u00e1lt v\u00e1laszokat ad, amelyek lekezel\u0151 hangnemben, leereszked\u00e9s n\u00e9lk\u00fcl hangzanak. <\/p>\n\n\n\n<p>Ez az \u00d6n k\u00e9szenl\u00e9ti nyelvtani edz\u0151je, \u00edr\u00f3i asszisztense \u00e9s minden mondathoz kapcsol\u00f3d\u00f3 dolog magyar\u00e1z\u00f3ja.<\/p>\n\n\n\n<p>Pr\u00f3b\u00e1ljon ki olyan felk\u00e9r\u00e9seket, mint:<\/p>\n\n\n\n<ul class=\"wp-block-list\">\n<li>\"Honnan tudom, hogy van-e ebben a mondatban k\u00f6zvetett t\u00e1rgy?\"<\/li>\n\n\n\n<li>\"\u00c1t tudn\u00e1 ezt \u00edrni, hogy jobban kiemelje a c\u00edmzettet?\"<\/li>\n\n\n\n<li>\"Melyik a jobb: \"odaadta neki a k\u00f6nyvet\" vagy \"odaadta neki a k\u00f6nyvet\"?\"<\/li>\n<\/ul>\n\n\n\n<h3 class=\"wp-block-heading\"><strong>K\u00e9rdezd meg az AI-t<\/strong><\/h3>\n\n\n\n<figure class=\"wp-block-image size-full\"><img loading=\"lazy\" decoding=\"async\" width=\"869\" height=\"459\" src=\"https:\/\/undetectable.ai/blog\/wp-content\/uploads\/2025\/03\/ask-ai.jpg\" alt=\"Kimutathatatlan AI k\u00e9rdezzen AI-t\" class=\"wp-image-6716\" title=\"\" srcset=\"https:\/\/undetectable.ai/blog\/wp-content\/uploads\/2025\/03\/ask-ai.jpg 869w, https:\/\/undetectable.ai/blog\/wp-content\/uploads\/2025\/03\/ask-ai-300x158.jpg 300w, https:\/\/undetectable.ai/blog\/wp-content\/uploads\/2025\/03\/ask-ai-768x406.jpg 768w, https:\/\/undetectable.ai/blog\/wp-content\/uploads\/2025\/03\/ask-ai-18x10.jpg 18w\" sizes=\"auto, (max-width: 869px) 100vw, 869px\" \/><\/figure>\n\n\n\n<p>Nyelvtani feladaton dolgozik? P\u00e9ld\u00e1kat k\u00e9sz\u00edt egy feladatlaphoz? A  c\u00edmen <a href=\"https:\/\/undetectable.ai\/ask-ai\" target=\"_blank\" rel=\"noreferrer noopener\"><strong>K\u00e9rdezd meg az AI-t<\/strong><\/a>, akkor:<\/p>\n\n\n\n<ul class=\"wp-block-list\">\n<li>Egy\u00e9ni mondatok gener\u00e1l\u00e1sa k\u00f6zvetett t\u00e1rgyak haszn\u00e1lat\u00e1val<\/li>\n\n\n\n<li>Ellen\u0151rizze a h\u00e1zi feladat\u00e1t a t\u00e1rgyak elhelyez\u00e9s\u00e9vel kapcsolatos probl\u00e9m\u00e1kra<\/li>\n\n\n\n<li>Magyar\u00e1zatot kaphat a <em>mi\u00e9rt<\/em> bizonyos szavak k\u00f6zvetett t\u00e1rgyk\u00e9nt funkcion\u00e1lnak<\/li>\n\n\n\n<li>K\u00e9rjen p\u00e9ld\u00e1kat a k\u00f6vetkez\u0151kh\u00f6z kapcsol\u00f3d\u00f3an <em>a<\/em> aktu\u00e1lis t\u00e9ma<\/li>\n<\/ul>\n\n\n\n<p>Ezeknek az eszk\u00f6z\u00f6knek a felel\u0151ss\u00e9gteljes haszn\u00e1lata nem csak az \u00edr\u00e1sodat jav\u00edtja, hanem seg\u00edt abban is, hogy <em>meg\u00e9rteni<\/em> a jav\u00edt\u00e1s. \u00cdgy lehet gyorsan szintet l\u00e9pni.<\/p>\n\n\n\n<p>Tapasztald meg az AI Detector \u00e9s Humanizer erej\u00e9t az al\u00e1bbi widgetben!<\/p>\n\n\n\n<div id=\"uai-widget\" data-affiliate-link=\"https:\/\/undetectable.ai\/?_by=hi4km\"><script>var js = document.createElement(\"script\");js.async = true;js.src = \"https:\/\/widget.undetectable.ai\/js\/widget-loader.js?t=\"+Date.now();document.getElementsByTagName(\"head\")[0].appendChild(js);<\/script><\/div>\n\n\n\n<h2 class=\"wp-block-heading\">K\u00f6zvetett, de hat\u00e1sos<\/h2>\n\n\n\n<p>A k\u00f6zvetett t\u00e1rgyak a nyelvtani kirak\u00f3s j\u00e1t\u00e9k kis darabk\u00e1j\u00e1nak t\u0171nhetnek, de fontosak a vil\u00e1gos, pontos mondatok l\u00e9trehoz\u00e1s\u00e1hoz. <\/p>\n\n\n\n<p>Seg\u00edts\u00e9g\u00fckkel pontosan meghat\u00e1rozhatjuk, hogy ki r\u00e9szes\u00fcl a mondatainkban szerepl\u0151 cselekv\u00e9sb\u0151l, illetve ki kapja azt.<\/p>\n\n\n\n<p>Min\u00e9l t\u00f6bbet gyakorolod a k\u00f6zvetett t\u00e1rgyak azonos\u00edt\u00e1s\u00e1t \u00e9s haszn\u00e1lat\u00e1t, ann\u00e1l term\u00e9szetesebben fogod haszn\u00e1lni \u0151ket az \u00edr\u00e1sodban. <\/p>\n\n\n\n<p>Figyeljen r\u00e1juk abban, amit olvas, \u00e9s hamarosan kialakul egy meg\u00e9rz\u00e9s a megfelel\u0151 haszn\u00e1latukra.<\/p>\n\n\n\n<p>Ne feledje, hogy a nyelvtan nem csak a szab\u00e1lyok betart\u00e1s\u00e1r\u00f3l sz\u00f3l, hanem a vil\u00e1gos kommunik\u00e1ci\u00f3r\u00f3l is. <\/p>\n\n\n\n<p>A k\u00f6zvetett t\u00e1rgyak elsaj\u00e1t\u00edt\u00e1sa m\u00e9g egy eszk\u00f6zt ad ahhoz, hogy pontosan kifejezd, amit gondolsz, \u00e9s ezzel kik\u00fcsz\u00f6b\u00f6ld a k\u00e9t\u00e9rtelm\u0171s\u00e9get \u00e9s a zavart.<\/p>\n\n\n\n<p>Ak\u00e1r egy fontos e-mailt \u00edr, ak\u00e1r egy iskolai feladaton dolgozik, vagy kreat\u00edv tartalmat k\u00e9sz\u00edt, a k\u00f6zvetett t\u00e1rgyak jobb meg\u00e9rt\u00e9se j\u00f3 szolg\u00e1latot fog tenni. <\/p>\n\n\n\n<p>Lehet, hogy az olvas\u00f3k nem veszik \u00e9szre tudatosan a nyelvtani pontoss\u00e1got, de \u00e9rt\u00e9kelni fogj\u00e1k az \u00edr\u00e1sod tisztas\u00e1g\u00e1t \u00e9s g\u00f6rd\u00fcl\u00e9kenys\u00e9g\u00e9t.<\/p>\n\n\n\n<p>Milyen nyelvtani t\u00e9m\u00e1t szeretn\u00e9l legk\u00f6zelebb elsaj\u00e1t\u00edtani?<\/p>\n\n\n\n<p>B\u00e1rmi legyen is az, ne menj egyed\u00fcl...<a href=\"https:\/\/undetectable.ai\" target=\"_blank\" rel=\"noreferrer noopener\">Kimutathatatlan AI<\/a> az \u00d6n \u00e1lland\u00f3 \u00edr\u00f3asszisztense.<\/p>\n\n\n\n<p>Haszn\u00e1lja a Parafraz\u00e1l\u00f3t pr\u00f3z\u00e1ja csiszol\u00e1s\u00e1hoz, az Essz\u00e9\u00edr\u00f3t a hosszabb m\u0171vek struktur\u00e1l\u00e1s\u00e1hoz, az AI Chatet pedig a nyelvtani k\u00e9rd\u00e9sekre val\u00f3 val\u00f3s idej\u0171 v\u00e1laszok\u00e9rt. A nyelvtan most kapott egy technikai friss\u00edt\u00e9st.<\/p>","protected":false},"excerpt":{"rendered":"","protected":false},"author":15,"featured_media":7666,"comment_status":"closed","ping_status":"closed","sticky":false,"template":"","format":"standard","meta":{"_themeisle_gutenberg_block_has_review":false,"footnotes":""},"categories":[31],"tags":[],"class_list":["post-7657","post","type-post","status-publish","format-standard","has-post-thumbnail","hentry","category-helpful-ai-content-tips"],"_links":{"self":[{"href":"https:\/\/undetectable.ai/blog\/hu\/wp-json\/wp\/v2\/posts\/7657","targetHints":{"allow":["GET"]}}],"collection":[{"href":"https:\/\/undetectable.ai/blog\/hu\/wp-json\/wp\/v2\/posts"}],"about":[{"href":"https:\/\/undetectable.ai/blog\/hu\/wp-json\/wp\/v2\/types\/post"}],"author":[{"embeddable":true,"href":"https:\/\/undetectable.ai/blog\/hu\/wp-json\/wp\/v2\/users\/15"}],"replies":[{"embeddable":true,"href":"https:\/\/undetectable.ai/blog\/hu\/wp-json\/wp\/v2\/comments?post=7657"}],"version-history":[{"count":11,"href":"https:\/\/undetectable.ai/blog\/hu\/wp-json\/wp\/v2\/posts\/7657\/revisions"}],"predecessor-version":[{"id":8857,"href":"https:\/\/undetectable.ai/blog\/hu\/wp-json\/wp\/v2\/posts\/7657\/revisions\/8857"}],"wp:featuredmedia":[{"embeddable":true,"href":"https:\/\/undetectable.ai/blog\/hu\/wp-json\/wp\/v2\/media\/7666"}],"wp:attachment":[{"href":"https:\/\/undetectable.ai/blog\/hu\/wp-json\/wp\/v2\/media?parent=7657"}],"wp:term":[{"taxonomy":"category","embeddable":true,"href":"https:\/\/undetectable.ai/blog\/hu\/wp-json\/wp\/v2\/categories?post=7657"},{"taxonomy":"post_tag","embeddable":true,"href":"https:\/\/undetectable.ai/blog\/hu\/wp-json\/wp\/v2\/tags?post=7657"}],"curies":[{"name":"wp","href":"https:\/\/api.w.org\/{rel}","templated":true}]}}